{"id":19477,"date":"2024-02-18T22:02:15","date_gmt":"2024-02-19T01:02:15","guid":{"rendered":"https:\/\/renatodias.online\/movimento\/?p=19477"},"modified":"2025-08-08T09:03:33","modified_gmt":"2025-08-08T12:03:33","slug":"face-perversa-de-uma-narrativa-do-mercado","status":"publish","type":"post","link":"https:\/\/renatodias.online\/movimento\/2024\/02\/18\/face-perversa-de-uma-narrativa-do-mercado\/","title":{"rendered":"Face perversa de uma narrativa do Mercado"},"content":{"rendered":"\n<p class=\"has-text-align-left\"><\/p>\n\n\n\n<figure class=\"wp-block-image aligncenter size-full\"><img loading=\"lazy\" decoding=\"async\" width=\"300\" height=\"176\" src=\"https:\/\/renatodias.online\/movimento\/wp-content\/uploads\/2022\/06\/Economia-logo-e1686954929468.png\" alt=\"\" class=\"wp-image-12788\" srcset=\"https:\/\/renatodias.online\/movimento\/wp-content\/uploads\/2022\/06\/Economia-logo-e1686954929468.png 300w, https:\/\/renatodias.online\/movimento\/wp-content\/uploads\/2022\/06\/Economia-logo-e1686954929468-150x88.png 150w\" sizes=\"auto, (max-width: 300px) 100vw, 300px\" \/><\/figure>\n\n\n\n<p class=\"has-text-align-center\"><strong><mark style=\"background-color:rgba(0, 0, 0, 0)\" class=\"has-inline-color has-vivid-red-color\">Renato Dias\u00a0<\/mark><\/strong><\/p>\n\n\n\n<p>O capitalismo \u00e9 incompat\u00edvel sim com a democracia e <strong>a austeridade o sustent\u00e1culo da ordem mundial moderna<\/strong>, sentencia a autora de &#8216;A Ordem do Capital&#8217;, Clara Mattei.<\/p>\n\n\n\n<p>Com gradua\u00e7\u00e3o e mestrado em Filosofia, assim como doutorado em Economia, ela \u00e9 italiana e <strong>professora universit\u00e1ria em Nova York<\/strong>, Estados Unidos das Am\u00e9ricas [EUA].<\/p>\n\n\n\n<p>A austeridade n\u00e3o significa menos Estado, diz Clara Mattei. <strong>\u00c9 o Estado que gasta a favor das elites em detrimento da ampla maioria da popula\u00e7\u00e3o<\/strong>, ela explica \u00e0 Folha.<\/p>\n\n\n\n<figure class=\"wp-block-image aligncenter size-full\"><img loading=\"lazy\" decoding=\"async\" width=\"300\" height=\"159\" src=\"https:\/\/renatodias.online\/movimento\/wp-content\/uploads\/2021\/11\/Dolares-1-e1708304402884.jpg\" alt=\"\" class=\"wp-image-9901\" srcset=\"https:\/\/renatodias.online\/movimento\/wp-content\/uploads\/2021\/11\/Dolares-1-e1708304402884.jpg 300w, https:\/\/renatodias.online\/movimento\/wp-content\/uploads\/2021\/11\/Dolares-1-e1708304402884-150x80.jpg 150w\" sizes=\"auto, (max-width: 300px) 100vw, 300px\" \/><figcaption class=\"wp-element-caption\"><strong>D\u00f3lares<\/strong><\/figcaption><\/figure>\n\n\n\n<p>A austeridade n\u00e3o \u00e9 uma exce\u00e7\u00e3o no modo de produ\u00e7\u00e3o capitalista, pontua. Trata-se, sim, de um <strong>mecanismo estrutural<\/strong>, analisa. Ela \u00e9 <strong>funcional ao sistema neoliberal<\/strong>, atira.<\/p>\n\n\n\n<figure class=\"wp-block-image aligncenter size-full\"><img loading=\"lazy\" decoding=\"async\" width=\"200\" height=\"200\" src=\"https:\/\/renatodias.online\/movimento\/wp-content\/uploads\/2021\/04\/Especial.jpg\" alt=\"\" class=\"wp-image-5929\" srcset=\"https:\/\/renatodias.online\/movimento\/wp-content\/uploads\/2021\/04\/Especial.jpg 200w, https:\/\/renatodias.online\/movimento\/wp-content\/uploads\/2021\/04\/Especial-150x150.jpg 150w\" sizes=\"auto, (max-width: 200px) 100vw, 200px\" \/><\/figure>\n\n\n\n<p>A pesquisadora observa que o <strong>Estado ainda gasta valores estratosf\u00e9ricos no complexo industrial militar, socorre bancos e financia desonera\u00e7\u00f5es<\/strong> e subs\u00eddios ao mercado.<\/p>\n\n\n\n<figure class=\"wp-block-image aligncenter size-full\"><img decoding=\"async\" src=\"https:\/\/renatodias.online\/movimento\/wp-content\/uploads\/2023\/04\/Veja-e1680475225663.jpg\" alt=\"\" class=\"wp-image-16291\"\/><\/figure>\n\n\n\n<p>Mais: a Trindade das pol\u00edticas p\u00fablicas de austeridade, fiscal, monet\u00e1ria e industrial, <strong>opera para enfraquecer os sindicatos e manter os trabalhadores sob controle<\/strong>, fuzila.<\/p>\n\n\n\n<figure class=\"wp-block-image aligncenter size-full\"><img decoding=\"async\" src=\"https:\/\/renatodias.online\/movimento\/wp-content\/uploads\/2022\/08\/Raio-X-especial-e1680139645191.png\" alt=\"\" class=\"wp-image-13781\"\/><\/figure>\n\n\n\n<p>\u00c9 \u00fatil no momento em que uma fra\u00e7\u00e3o expressiva da sociedade quer um modelo econ\u00f4mico alternativo e ampliar os direitos sociais, cr\u00ea. <strong>&#8220;Para preservar o status quo.&#8221;<\/strong><\/p>\n\n\n\n<figure class=\"wp-block-image aligncenter size-full\"><img loading=\"lazy\" decoding=\"async\" width=\"150\" height=\"150\" src=\"https:\/\/renatodias.online\/movimento\/wp-content\/uploads\/2023\/01\/Para-entender-e1706569858999.png\" alt=\"\" class=\"wp-image-15239\" srcset=\"https:\/\/renatodias.online\/movimento\/wp-content\/uploads\/2023\/01\/Para-entender-e1706569858999.png 150w, https:\/\/renatodias.online\/movimento\/wp-content\/uploads\/2023\/01\/Para-entender-e1706569858999-96x96.png 96w\" sizes=\"auto, (max-width: 150px) 100vw, 150px\" \/><\/figure>\n\n\n\n<p>A docente revela que um s\u00e9culo de pol\u00edticas de austeridade <strong>desempoderou os eleitores<\/strong>, sublinha. Eles optaram pela extrema-direita que ao aplica-la agrada ao mercado, diz.<\/p>\n\n\n\n<figure class=\"wp-block-image aligncenter size-full\"><img loading=\"lazy\" decoding=\"async\" width=\"300\" height=\"103\" src=\"https:\/\/renatodias.online\/movimento\/wp-content\/uploads\/2022\/08\/Saiba-mais-e1680139445250.png\" alt=\"\" class=\"wp-image-13698\" srcset=\"https:\/\/renatodias.online\/movimento\/wp-content\/uploads\/2022\/08\/Saiba-mais-e1680139445250.png 300w, https:\/\/renatodias.online\/movimento\/wp-content\/uploads\/2022\/08\/Saiba-mais-e1680139445250-150x52.png 150w\" sizes=\"auto, (max-width: 300px) 100vw, 300px\" \/><\/figure>\n\n\n\n<p>*O \u00eaxito da austeridade \u00e9 tamb\u00e9m produzir <strong>a individualiza\u00e7\u00e3o, o trabalho prec\u00e1rio, que fragiliza e deixa inseguro o ser humano<\/strong> e o impede de se identificar como trabalhador.&#8221;<\/p>\n\n\n\n<p><\/p>\n","protected":false},"excerpt":{"rendered":"<p>Renato Dias\u00a0 O capitalismo \u00e9 incompat\u00edvel sim com a democracia e a austeridade o sustent\u00e1culo da ordem mundial moderna, sentencia a autora de &#8216;A Ordem do Capital&#8217;, Clara Mattei. Com gradua\u00e7\u00e3o e mestrado em Filosofia, assim como doutorado em Economia, ela \u00e9 italiana e professora universit\u00e1ria em Nova York, Estados Unidos das Am\u00e9ricas [EUA]. A<\/p>\n","protected":false},"author":2,"featured_media":19479,"comment_status":"open","ping_status":"open","sticky":false,"template":"","format":"standard","meta":{"_acf_changed":false,"_monsterinsights_skip_tracking":false,"_monsterinsights_sitenote_active":false,"_monsterinsights_sitenote_note":"","_monsterinsights_sitenote_category":0,"footnotes":""},"categories":[4],"tags":[],"class_list":["post-19477","post","type-post","status-publish","format-standard","has-post-thumbnail","hentry","category-politica"],"acf":[],"yoast_head":"<!-- This site is optimized with the Yoast SEO plugin v27.4 - https:\/\/yoast.com\/product\/yoast-seo-wordpress\/ -->\n<title>Face perversa de uma narrativa do Mercado -<\/title>\n<meta name=\"robots\" content=\"index, follow, max-snippet:-1, max-image-preview:large, max-video-preview:-1\" \/>\n<link rel=\"canonical\" href=\"https:\/\/renatodias.online\/movimento\/2024\/02\/18\/face-perversa-de-uma-narrativa-do-mercado\/\" \/>\n<meta property=\"og:locale\" content=\"pt_BR\" \/>\n<meta property=\"og:type\" content=\"article\" \/>\n<meta property=\"og:title\" content=\"Face perversa de uma narrativa do Mercado -\" \/>\n<meta property=\"og:description\" content=\"Renato Dias\u00a0 O capitalismo \u00e9 incompat\u00edvel sim com a democracia e a austeridade o sustent\u00e1culo da ordem mundial moderna, sentencia a autora de &#8216;A Ordem do Capital&#8217;, Clara Mattei. Com gradua\u00e7\u00e3o e mestrado em Filosofia, assim como doutorado em Economia, ela \u00e9 italiana e professora universit\u00e1ria em Nova York, Estados Unidos das Am\u00e9ricas [EUA]. A\" \/>\n<meta property=\"og:url\" content=\"https:\/\/renatodias.online\/movimento\/2024\/02\/18\/face-perversa-de-uma-narrativa-do-mercado\/\" \/>\n<meta property=\"article:publisher\" content=\"https:\/\/www.facebook.com\/renato.dias.37\" \/>\n<meta property=\"article:author\" content=\"https:\/\/www.facebook.com\/renato.dias.37\" \/>\n<meta property=\"article:published_time\" content=\"2024-02-19T01:02:15+00:00\" \/>\n<meta property=\"article:modified_time\" content=\"2025-08-08T12:03:33+00:00\" \/>\n<meta property=\"og:image\" content=\"https:\/\/renatodias.online\/movimento\/wp-content\/uploads\/2024\/02\/Clara-Mattei-e1708304529339.jpg\" \/>\n\t<meta property=\"og:image:width\" content=\"800\" \/>\n\t<meta property=\"og:image:height\" content=\"533\" \/>\n\t<meta property=\"og:image:type\" content=\"image\/jpeg\" \/>\n<meta name=\"author\" content=\"Renato Dias\" \/>\n<meta name=\"twitter:card\" content=\"summary_large_image\" \/>\n<meta name=\"twitter:creator\" content=\"@RenatoDiasBat\" \/>\n<meta name=\"twitter:site\" content=\"@RenatoDiasBat\" \/>\n<meta name=\"twitter:label1\" content=\"Escrito por\" \/>\n\t<meta name=\"twitter:data1\" content=\"Renato Dias\" \/>\n\t<meta name=\"twitter:label2\" content=\"Est. tempo de leitura\" \/>\n\t<meta name=\"twitter:data2\" content=\"3 minutos\" \/>\n<script type=\"application\/ld+json\" class=\"yoast-schema-graph\">{\"@context\":\"https:\\\/\\\/schema.org\",\"@graph\":[{\"@type\":\"Article\",\"@id\":\"https:\\\/\\\/renatodias.online\\\/movimento\\\/2024\\\/02\\\/18\\\/face-perversa-de-uma-narrativa-do-mercado\\\/#article\",\"isPartOf\":{\"@id\":\"https:\\\/\\\/renatodias.online\\\/movimento\\\/2024\\\/02\\\/18\\\/face-perversa-de-uma-narrativa-do-mercado\\\/\"},\"author\":{\"name\":\"Renato Dias\",\"@id\":\"https:\\\/\\\/renatodias.online\\\/movimento\\\/#\\\/schema\\\/person\\\/bbab28833b1725a20f4083f49f1fb2a9\"},\"headline\":\"Face perversa de uma narrativa do Mercado\",\"datePublished\":\"2024-02-19T01:02:15+00:00\",\"dateModified\":\"2025-08-08T12:03:33+00:00\",\"mainEntityOfPage\":{\"@id\":\"https:\\\/\\\/renatodias.online\\\/movimento\\\/2024\\\/02\\\/18\\\/face-perversa-de-uma-narrativa-do-mercado\\\/\"},\"wordCount\":260,\"commentCount\":0,\"publisher\":{\"@id\":\"https:\\\/\\\/renatodias.online\\\/movimento\\\/#\\\/schema\\\/person\\\/bbab28833b1725a20f4083f49f1fb2a9\"},\"image\":{\"@id\":\"https:\\\/\\\/renatodias.online\\\/movimento\\\/2024\\\/02\\\/18\\\/face-perversa-de-uma-narrativa-do-mercado\\\/#primaryimage\"},\"thumbnailUrl\":\"https:\\\/\\\/renatodias.online\\\/movimento\\\/wp-content\\\/uploads\\\/2024\\\/02\\\/Clara-Mattei-e1708304529339.jpg\",\"articleSection\":[\"Pol\u00edtica\"],\"inLanguage\":\"pt-BR\",\"potentialAction\":[{\"@type\":\"CommentAction\",\"name\":\"Comment\",\"target\":[\"https:\\\/\\\/renatodias.online\\\/movimento\\\/2024\\\/02\\\/18\\\/face-perversa-de-uma-narrativa-do-mercado\\\/#respond\"]}]},{\"@type\":\"WebPage\",\"@id\":\"https:\\\/\\\/renatodias.online\\\/movimento\\\/2024\\\/02\\\/18\\\/face-perversa-de-uma-narrativa-do-mercado\\\/\",\"url\":\"https:\\\/\\\/renatodias.online\\\/movimento\\\/2024\\\/02\\\/18\\\/face-perversa-de-uma-narrativa-do-mercado\\\/\",\"name\":\"Face perversa de uma narrativa do Mercado -\",\"isPartOf\":{\"@id\":\"https:\\\/\\\/renatodias.online\\\/movimento\\\/#website\"},\"primaryImageOfPage\":{\"@id\":\"https:\\\/\\\/renatodias.online\\\/movimento\\\/2024\\\/02\\\/18\\\/face-perversa-de-uma-narrativa-do-mercado\\\/#primaryimage\"},\"image\":{\"@id\":\"https:\\\/\\\/renatodias.online\\\/movimento\\\/2024\\\/02\\\/18\\\/face-perversa-de-uma-narrativa-do-mercado\\\/#primaryimage\"},\"thumbnailUrl\":\"https:\\\/\\\/renatodias.online\\\/movimento\\\/wp-content\\\/uploads\\\/2024\\\/02\\\/Clara-Mattei-e1708304529339.jpg\",\"datePublished\":\"2024-02-19T01:02:15+00:00\",\"dateModified\":\"2025-08-08T12:03:33+00:00\",\"breadcrumb\":{\"@id\":\"https:\\\/\\\/renatodias.online\\\/movimento\\\/2024\\\/02\\\/18\\\/face-perversa-de-uma-narrativa-do-mercado\\\/#breadcrumb\"},\"inLanguage\":\"pt-BR\",\"potentialAction\":[{\"@type\":\"ReadAction\",\"target\":[\"https:\\\/\\\/renatodias.online\\\/movimento\\\/2024\\\/02\\\/18\\\/face-perversa-de-uma-narrativa-do-mercado\\\/\"]}]},{\"@type\":\"ImageObject\",\"inLanguage\":\"pt-BR\",\"@id\":\"https:\\\/\\\/renatodias.online\\\/movimento\\\/2024\\\/02\\\/18\\\/face-perversa-de-uma-narrativa-do-mercado\\\/#primaryimage\",\"url\":\"https:\\\/\\\/renatodias.online\\\/movimento\\\/wp-content\\\/uploads\\\/2024\\\/02\\\/Clara-Mattei-e1708304529339.jpg\",\"contentUrl\":\"https:\\\/\\\/renatodias.online\\\/movimento\\\/wp-content\\\/uploads\\\/2024\\\/02\\\/Clara-Mattei-e1708304529339.jpg\",\"width\":800,\"height\":533},{\"@type\":\"BreadcrumbList\",\"@id\":\"https:\\\/\\\/renatodias.online\\\/movimento\\\/2024\\\/02\\\/18\\\/face-perversa-de-uma-narrativa-do-mercado\\\/#breadcrumb\",\"itemListElement\":[{\"@type\":\"ListItem\",\"position\":1,\"name\":\"In\u00edcio\",\"item\":\"https:\\\/\\\/renatodias.online\\\/movimento\\\/\"},{\"@type\":\"ListItem\",\"position\":2,\"name\":\"Face perversa de uma narrativa do Mercado\"}]},{\"@type\":\"WebSite\",\"@id\":\"https:\\\/\\\/renatodias.online\\\/movimento\\\/#website\",\"url\":\"https:\\\/\\\/renatodias.online\\\/movimento\\\/\",\"name\":\"\",\"description\":\"\",\"publisher\":{\"@id\":\"https:\\\/\\\/renatodias.online\\\/movimento\\\/#\\\/schema\\\/person\\\/bbab28833b1725a20f4083f49f1fb2a9\"},\"potentialAction\":[{\"@type\":\"SearchAction\",\"target\":{\"@type\":\"EntryPoint\",\"urlTemplate\":\"https:\\\/\\\/renatodias.online\\\/movimento\\\/?s={search_term_string}\"},\"query-input\":{\"@type\":\"PropertyValueSpecification\",\"valueRequired\":true,\"valueName\":\"search_term_string\"}}],\"inLanguage\":\"pt-BR\"},{\"@type\":[\"Person\",\"Organization\"],\"@id\":\"https:\\\/\\\/renatodias.online\\\/movimento\\\/#\\\/schema\\\/person\\\/bbab28833b1725a20f4083f49f1fb2a9\",\"name\":\"Renato Dias\",\"image\":{\"@type\":\"ImageObject\",\"inLanguage\":\"pt-BR\",\"@id\":\"https:\\\/\\\/renatodias.online\\\/movimento\\\/wp-content\\\/uploads\\\/2023\\\/03\\\/cropped-cropped-cropped-logofinal.jpeg\",\"url\":\"https:\\\/\\\/renatodias.online\\\/movimento\\\/wp-content\\\/uploads\\\/2023\\\/03\\\/cropped-cropped-cropped-logofinal.jpeg\",\"contentUrl\":\"https:\\\/\\\/renatodias.online\\\/movimento\\\/wp-content\\\/uploads\\\/2023\\\/03\\\/cropped-cropped-cropped-logofinal.jpeg\",\"width\":1280,\"height\":219,\"caption\":\"Renato Dias\"},\"logo\":{\"@id\":\"https:\\\/\\\/renatodias.online\\\/movimento\\\/wp-content\\\/uploads\\\/2023\\\/03\\\/cropped-cropped-cropped-logofinal.jpeg\"},\"description\":\"Renato Dias, 58 anos, \u00e9 graduado em Jornalismo, formado em Ci\u00eancias Sociais, com p\u00f3s-gradua\u00e7\u00e3o em Pol\u00edticas P\u00fablicas, mestre em Direito e Rela\u00e7\u00f5es Internacionais, ex-aluno extraordin\u00e1rio do Doutorado em Psicologia Social, ex-estudante do Curso de Psican\u00e1lise do Centro de Estudos Psicanal\u00edticos do Estado de Goi\u00e1s, ministrado pelo m\u00e9dico psiquiatra e psicanalista Daniel Em\u00eddio de Souza. \u00c9 autor de 30 livros-reportagem, oito document\u00e1rios, ganhou 30 pr\u00eamios e \u00e9 torcedor apaixonado do maior do Centro-Oeste, o Vila Nova Futebol Clube. Casado com Meirilane Dias, \u00e9 pai de Juliana Dias, jornalista; Daniel Dias, economista; e Maria Rosa Dias, estudante antifascista, socialista e trotskista.\u00a0Com tr\u00eas pets: Porquinho [Bull Dog Franc\u00eas], Dalila [Basset Hound] e Geleia [Basset Hound]. Al\u00e9m do eterno gato Tutuquinho, que virou estrela.\",\"sameAs\":[\"https:\\\/\\\/www.facebook.com\\\/renato.dias.37\",\"#breve\",\"https:\\\/\\\/renatodias.tumblr.com\\\/\"],\"url\":\"https:\\\/\\\/renatodias.online\\\/movimento\\\/author\\\/renatodias\\\/\"}]}<\/script>\n<!-- \/ Yoast SEO plugin. -->","yoast_head_json":{"title":"Face perversa de uma narrativa do Mercado -","robots":{"index":"index","follow":"follow","max-snippet":"max-snippet:-1","max-image-preview":"max-image-preview:large","max-video-preview":"max-video-preview:-1"},"canonical":"https:\/\/renatodias.online\/movimento\/2024\/02\/18\/face-perversa-de-uma-narrativa-do-mercado\/","og_locale":"pt_BR","og_type":"article","og_title":"Face perversa de uma narrativa do Mercado -","og_description":"Renato Dias\u00a0 O capitalismo \u00e9 incompat\u00edvel sim com a democracia e a austeridade o sustent\u00e1culo da ordem mundial moderna, sentencia a autora de &#8216;A Ordem do Capital&#8217;, Clara Mattei. Com gradua\u00e7\u00e3o e mestrado em Filosofia, assim como doutorado em Economia, ela \u00e9 italiana e professora universit\u00e1ria em Nova York, Estados Unidos das Am\u00e9ricas [EUA]. A","og_url":"https:\/\/renatodias.online\/movimento\/2024\/02\/18\/face-perversa-de-uma-narrativa-do-mercado\/","article_publisher":"https:\/\/www.facebook.com\/renato.dias.37","article_author":"https:\/\/www.facebook.com\/renato.dias.37","article_published_time":"2024-02-19T01:02:15+00:00","article_modified_time":"2025-08-08T12:03:33+00:00","og_image":[{"width":800,"height":533,"url":"https:\/\/renatodias.online\/movimento\/wp-content\/uploads\/2024\/02\/Clara-Mattei-e1708304529339.jpg","type":"image\/jpeg"}],"author":"Renato Dias","twitter_card":"summary_large_image","twitter_creator":"@RenatoDiasBat","twitter_site":"@RenatoDiasBat","twitter_misc":{"Escrito por":"Renato Dias","Est. tempo de leitura":"3 minutos"},"schema":{"@context":"https:\/\/schema.org","@graph":[{"@type":"Article","@id":"https:\/\/renatodias.online\/movimento\/2024\/02\/18\/face-perversa-de-uma-narrativa-do-mercado\/#article","isPartOf":{"@id":"https:\/\/renatodias.online\/movimento\/2024\/02\/18\/face-perversa-de-uma-narrativa-do-mercado\/"},"author":{"name":"Renato Dias","@id":"https:\/\/renatodias.online\/movimento\/#\/schema\/person\/bbab28833b1725a20f4083f49f1fb2a9"},"headline":"Face perversa de uma narrativa do Mercado","datePublished":"2024-02-19T01:02:15+00:00","dateModified":"2025-08-08T12:03:33+00:00","mainEntityOfPage":{"@id":"https:\/\/renatodias.online\/movimento\/2024\/02\/18\/face-perversa-de-uma-narrativa-do-mercado\/"},"wordCount":260,"commentCount":0,"publisher":{"@id":"https:\/\/renatodias.online\/movimento\/#\/schema\/person\/bbab28833b1725a20f4083f49f1fb2a9"},"image":{"@id":"https:\/\/renatodias.online\/movimento\/2024\/02\/18\/face-perversa-de-uma-narrativa-do-mercado\/#primaryimage"},"thumbnailUrl":"https:\/\/renatodias.online\/movimento\/wp-content\/uploads\/2024\/02\/Clara-Mattei-e1708304529339.jpg","articleSection":["Pol\u00edtica"],"inLanguage":"pt-BR","potentialAction":[{"@type":"CommentAction","name":"Comment","target":["https:\/\/renatodias.online\/movimento\/2024\/02\/18\/face-perversa-de-uma-narrativa-do-mercado\/#respond"]}]},{"@type":"WebPage","@id":"https:\/\/renatodias.online\/movimento\/2024\/02\/18\/face-perversa-de-uma-narrativa-do-mercado\/","url":"https:\/\/renatodias.online\/movimento\/2024\/02\/18\/face-perversa-de-uma-narrativa-do-mercado\/","name":"Face perversa de uma narrativa do Mercado -","isPartOf":{"@id":"https:\/\/renatodias.online\/movimento\/#website"},"primaryImageOfPage":{"@id":"https:\/\/renatodias.online\/movimento\/2024\/02\/18\/face-perversa-de-uma-narrativa-do-mercado\/#primaryimage"},"image":{"@id":"https:\/\/renatodias.online\/movimento\/2024\/02\/18\/face-perversa-de-uma-narrativa-do-mercado\/#primaryimage"},"thumbnailUrl":"https:\/\/renatodias.online\/movimento\/wp-content\/uploads\/2024\/02\/Clara-Mattei-e1708304529339.jpg","datePublished":"2024-02-19T01:02:15+00:00","dateModified":"2025-08-08T12:03:33+00:00","breadcrumb":{"@id":"https:\/\/renatodias.online\/movimento\/2024\/02\/18\/face-perversa-de-uma-narrativa-do-mercado\/#breadcrumb"},"inLanguage":"pt-BR","potentialAction":[{"@type":"ReadAction","target":["https:\/\/renatodias.online\/movimento\/2024\/02\/18\/face-perversa-de-uma-narrativa-do-mercado\/"]}]},{"@type":"ImageObject","inLanguage":"pt-BR","@id":"https:\/\/renatodias.online\/movimento\/2024\/02\/18\/face-perversa-de-uma-narrativa-do-mercado\/#primaryimage","url":"https:\/\/renatodias.online\/movimento\/wp-content\/uploads\/2024\/02\/Clara-Mattei-e1708304529339.jpg","contentUrl":"https:\/\/renatodias.online\/movimento\/wp-content\/uploads\/2024\/02\/Clara-Mattei-e1708304529339.jpg","width":800,"height":533},{"@type":"BreadcrumbList","@id":"https:\/\/renatodias.online\/movimento\/2024\/02\/18\/face-perversa-de-uma-narrativa-do-mercado\/#breadcrumb","itemListElement":[{"@type":"ListItem","position":1,"name":"In\u00edcio","item":"https:\/\/renatodias.online\/movimento\/"},{"@type":"ListItem","position":2,"name":"Face perversa de uma narrativa do Mercado"}]},{"@type":"WebSite","@id":"https:\/\/renatodias.online\/movimento\/#website","url":"https:\/\/renatodias.online\/movimento\/","name":"","description":"","publisher":{"@id":"https:\/\/renatodias.online\/movimento\/#\/schema\/person\/bbab28833b1725a20f4083f49f1fb2a9"},"potentialAction":[{"@type":"SearchAction","target":{"@type":"EntryPoint","urlTemplate":"https:\/\/renatodias.online\/movimento\/?s={search_term_string}"},"query-input":{"@type":"PropertyValueSpecification","valueRequired":true,"valueName":"search_term_string"}}],"inLanguage":"pt-BR"},{"@type":["Person","Organization"],"@id":"https:\/\/renatodias.online\/movimento\/#\/schema\/person\/bbab28833b1725a20f4083f49f1fb2a9","name":"Renato Dias","image":{"@type":"ImageObject","inLanguage":"pt-BR","@id":"https:\/\/renatodias.online\/movimento\/wp-content\/uploads\/2023\/03\/cropped-cropped-cropped-logofinal.jpeg","url":"https:\/\/renatodias.online\/movimento\/wp-content\/uploads\/2023\/03\/cropped-cropped-cropped-logofinal.jpeg","contentUrl":"https:\/\/renatodias.online\/movimento\/wp-content\/uploads\/2023\/03\/cropped-cropped-cropped-logofinal.jpeg","width":1280,"height":219,"caption":"Renato Dias"},"logo":{"@id":"https:\/\/renatodias.online\/movimento\/wp-content\/uploads\/2023\/03\/cropped-cropped-cropped-logofinal.jpeg"},"description":"Renato Dias, 58 anos, \u00e9 graduado em Jornalismo, formado em Ci\u00eancias Sociais, com p\u00f3s-gradua\u00e7\u00e3o em Pol\u00edticas P\u00fablicas, mestre em Direito e Rela\u00e7\u00f5es Internacionais, ex-aluno extraordin\u00e1rio do Doutorado em Psicologia Social, ex-estudante do Curso de Psican\u00e1lise do Centro de Estudos Psicanal\u00edticos do Estado de Goi\u00e1s, ministrado pelo m\u00e9dico psiquiatra e psicanalista Daniel Em\u00eddio de Souza. \u00c9 autor de 30 livros-reportagem, oito document\u00e1rios, ganhou 30 pr\u00eamios e \u00e9 torcedor apaixonado do maior do Centro-Oeste, o Vila Nova Futebol Clube. Casado com Meirilane Dias, \u00e9 pai de Juliana Dias, jornalista; Daniel Dias, economista; e Maria Rosa Dias, estudante antifascista, socialista e trotskista.\u00a0Com tr\u00eas pets: Porquinho [Bull Dog Franc\u00eas], Dalila [Basset Hound] e Geleia [Basset Hound]. Al\u00e9m do eterno gato Tutuquinho, que virou estrela.","sameAs":["https:\/\/www.facebook.com\/renato.dias.37","#breve","https:\/\/renatodias.tumblr.com\/"],"url":"https:\/\/renatodias.online\/movimento\/author\/renatodias\/"}]}},"_links":{"self":[{"href":"https:\/\/renatodias.online\/movimento\/wp-json\/wp\/v2\/posts\/19477","targetHints":{"allow":["GET"]}}],"collection":[{"href":"https:\/\/renatodias.online\/movimento\/wp-json\/wp\/v2\/posts"}],"about":[{"href":"https:\/\/renatodias.online\/movimento\/wp-json\/wp\/v2\/types\/post"}],"author":[{"embeddable":true,"href":"https:\/\/renatodias.online\/movimento\/wp-json\/wp\/v2\/users\/2"}],"replies":[{"embeddable":true,"href":"https:\/\/renatodias.online\/movimento\/wp-json\/wp\/v2\/comments?post=19477"}],"version-history":[{"count":2,"href":"https:\/\/renatodias.online\/movimento\/wp-json\/wp\/v2\/posts\/19477\/revisions"}],"predecessor-version":[{"id":21233,"href":"https:\/\/renatodias.online\/movimento\/wp-json\/wp\/v2\/posts\/19477\/revisions\/21233"}],"wp:featuredmedia":[{"embeddable":true,"href":"https:\/\/renatodias.online\/movimento\/wp-json\/wp\/v2\/media\/19479"}],"wp:attachment":[{"href":"https:\/\/renatodias.online\/movimento\/wp-json\/wp\/v2\/media?parent=19477"}],"wp:term":[{"taxonomy":"category","embeddable":true,"href":"https:\/\/renatodias.online\/movimento\/wp-json\/wp\/v2\/categories?post=19477"},{"taxonomy":"post_tag","embeddable":true,"href":"https:\/\/renatodias.online\/movimento\/wp-json\/wp\/v2\/tags?post=19477"}],"curies":[{"name":"wp","href":"https:\/\/api.w.org\/{rel}","templated":true}]}}