{"id":19423,"date":"2024-02-09T16:35:50","date_gmt":"2024-02-09T19:35:50","guid":{"rendered":"https:\/\/renatodias.online\/movimento\/?p=19423"},"modified":"2025-08-08T09:04:18","modified_gmt":"2025-08-08T12:04:18","slug":"raio-x-da-bancada-da-bala-bbb","status":"publish","type":"post","link":"https:\/\/renatodias.online\/movimento\/2024\/02\/09\/raio-x-da-bancada-da-bala-bbb\/","title":{"rendered":"Raio X da Bancada da Bala BBB"},"content":{"rendered":"\n<figure class=\"wp-block-image aligncenter size-full\"><img loading=\"lazy\" decoding=\"async\" width=\"200\" height=\"105\" src=\"https:\/\/renatodias.online\/movimento\/wp-content\/uploads\/2022\/04\/Artigo-de-Opiniao-e1704732335502.jpg\" alt=\"\" class=\"wp-image-11649\" srcset=\"https:\/\/renatodias.online\/movimento\/wp-content\/uploads\/2022\/04\/Artigo-de-Opiniao-e1704732335502.jpg 200w, https:\/\/renatodias.online\/movimento\/wp-content\/uploads\/2022\/04\/Artigo-de-Opiniao-e1704732335502-150x79.jpg 150w\" sizes=\"auto, (max-width: 200px) 100vw, 200px\" \/><\/figure>\n\n\n\n<p class=\"has-text-align-center\"><strong><mark style=\"background-color:rgba(0, 0, 0, 0)\" class=\"has-inline-color has-vivid-cyan-blue-color\">M\u00e1rcio Santilli<\/mark><\/strong><\/p>\n\n\n\n<p>A Frente Parlamentar da Seguran\u00e7a P\u00fablica, mais conhecida como \u201cBancada da Bala\u201d, cresceu na atual legislatura, chegando a uma centena de integrantes, surfando na onda armamentista promovida pelo governo passado. A maioria \u00e9 de deputados egressos de carreiras policiais e militares, filiados a partidos de direita e extrema-direita, como o PL.<\/p>\n\n\n\n<figure class=\"wp-block-image size-full\"><img decoding=\"async\" src=\"https:\/\/renatodias.online\/movimento\/wp-content\/uploads\/2023\/07\/Tiros-e1690991915913.jpg\" alt=\"\" class=\"wp-image-17716\"\/><\/figure>\n\n\n\n<p>As principais linhas de atua\u00e7\u00e3o da bancada s\u00e3o: facilitar a posse, o porte e o com\u00e9rcio de armas, defender vantagens corporativas para policiais e militares, fragilizar a defesa dos direitos humanos e criminalizar usu\u00e1rios de drogas. Ela n\u00e3o aprofunda investiga\u00e7\u00f5es e debates sobre o crime organizado, por exemplo. Parte dos seus eleitores \u00e9 arregimentada por mil\u00edcias e grupos radicais.<\/p>\n\n\n\n<figure class=\"wp-block-image aligncenter size-full\"><img loading=\"lazy\" decoding=\"async\" width=\"150\" height=\"98\" src=\"https:\/\/renatodias.online\/movimento\/wp-content\/uploads\/2023\/07\/Direitos-humanos-especial-e1688772453717.png\" alt=\"\" class=\"wp-image-17426\"\/><\/figure>\n\n\n\n<p>Em dezembro, \u00e0s v\u00e9speras do recesso legislativo, a bancada conseguiu derrubar, na \u00faltima rodada de vota\u00e7\u00f5es da reforma tribut\u00e1ria, um dispositivo que faria incidir o imposto seletivo sobre armas e muni\u00e7\u00f5es. Para conseguir votos suficientes e beneficiar a ind\u00fastria b\u00e9lica, o grupo adotou demandas de outras frentes parlamentares, como o \u201cmarco temporal\u201d, para limitar a demarca\u00e7\u00e3o de terras ind\u00edgenas, e a isen\u00e7\u00e3o de imposto sobre rendas recebidas por pastores evang\u00e9licos.<\/p>\n\n\n\n<figure class=\"wp-block-image aligncenter size-full\"><img decoding=\"async\" src=\"https:\/\/renatodias.online\/movimento\/wp-content\/uploads\/2023\/08\/Sangue-1-e1690990335629.jpg\" alt=\"\" class=\"wp-image-17742\"\/><\/figure>\n\n\n\n<p>A frente parlamentar finge que ignora que a facilita\u00e7\u00e3o da venda de armas fortalece os arsenais do crime organizado. Institui\u00e7\u00f5es policiais e militares existem para impor as leis e prover a seguran\u00e7a, sem que os cidad\u00e3os sejam levados a fazer justi\u00e7a com as pr\u00f3prias m\u00e3os. \u00c9 contradit\u00f3rio defender vantagens para policiais e militares expondo-os a criminosos melhor armados.<\/p>\n\n\n\n<p class=\"has-text-align-center\"><strong><mark style=\"background-color:rgba(0, 0, 0, 0)\" class=\"has-inline-color has-vivid-purple-color\">Candidatos e investigados<\/mark><\/strong><\/p>\n\n\n\n<p>Apesar da ret\u00f3rica b\u00e9lica contra a criminalidade comum, alguns dos membros da bancada est\u00e3o atolados nela. O deputado federal Delegado da Cunha (PP-SP), por exemplo, est\u00e1 sendo investigado, em Santos (SP), por viol\u00eancia dom\u00e9stica contra a pr\u00f3pria esposa. Ele tamb\u00e9m responde a inqu\u00e9rito pelo uso pol\u00edtico ilegal, por meio das suas redes sociais, de imagens produzidas pela Pol\u00edcia Civil em opera\u00e7\u00f5es oficiais.<\/p>\n\n\n\n<figure class=\"wp-block-image aligncenter size-full\"><img loading=\"lazy\" decoding=\"async\" width=\"300\" height=\"160\" src=\"https:\/\/renatodias.online\/movimento\/wp-content\/uploads\/2024\/01\/Alexandre-Ramagem-e-Jair-Bolsonaro-e1706294318456.webp\" alt=\"\" class=\"wp-image-19283\" srcset=\"https:\/\/renatodias.online\/movimento\/wp-content\/uploads\/2024\/01\/Alexandre-Ramagem-e-Jair-Bolsonaro-e1706294318456.webp 300w, https:\/\/renatodias.online\/movimento\/wp-content\/uploads\/2024\/01\/Alexandre-Ramagem-e-Jair-Bolsonaro-e1706294318456-150x80.webp 150w\" sizes=\"auto, (max-width: 300px) 100vw, 300px\" \/><figcaption class=\"wp-element-caption\"><strong>Alexandre Ramagem e Jair Bolsonaro<\/strong><\/figcaption><\/figure>\n\n\n\n<p>Nem s\u00f3 de crimes comuns vive a bancada. O deputado federal Alexandre Ramagem (PL-RJ), que \u00e9 delegado da Pol\u00edcia Federal e foi diretor da Abin (Ag\u00eancia Brasileira de Informa\u00e7\u00f5es) no governo passado, foi alvo de uma opera\u00e7\u00e3o de busca e apreens\u00e3o realizada pela PF, sob a suspeita de ter sido um dos principais respons\u00e1veis pela atua\u00e7\u00e3o da \u201cAbin paralela\u201d, constitu\u00edda no governo passado para investigar, nos moldes dos regimes ditatoriais, advers\u00e1rios e desafetos do ex-presidente Jair Bolsonaro e dos seus familiares.<\/p>\n\n\n\n<figure class=\"wp-block-image aligncenter size-full\"><img loading=\"lazy\" decoding=\"async\" width=\"400\" height=\"236\" src=\"https:\/\/renatodias.online\/movimento\/wp-content\/uploads\/2023\/06\/Julgamento-de-Jair-Bolsonaro-no-TSE-e1706569068467.png\" alt=\"\" class=\"wp-image-17202\" srcset=\"https:\/\/renatodias.online\/movimento\/wp-content\/uploads\/2023\/06\/Julgamento-de-Jair-Bolsonaro-no-TSE-e1706569068467.png 400w, https:\/\/renatodias.online\/movimento\/wp-content\/uploads\/2023\/06\/Julgamento-de-Jair-Bolsonaro-no-TSE-e1706569068467-300x177.png 300w, https:\/\/renatodias.online\/movimento\/wp-content\/uploads\/2023\/06\/Julgamento-de-Jair-Bolsonaro-no-TSE-e1706569068467-150x89.png 150w\" sizes=\"auto, (max-width: 400px) 100vw, 400px\" \/><figcaption class=\"wp-element-caption\"><strong>Jair Bolsonaro<\/strong><\/figcaption><\/figure>\n\n\n\n<p>Com a condena\u00e7\u00e3o do general Braga Neto \u00e0 inelegibilidade, pelo TSE, Ramagem passou a ser a aposta do PL e de Bolsonaro para a disputa pela prefeitura do Rio de Janeiro nas elei\u00e7\u00f5es de outubro. Ele tem o apoio do governador Cl\u00e1udio Castro para impedir a reelei\u00e7\u00e3o de Eduardo Paes (PSD), que tem o apoio do presidente Lula. \u00c9 improv\u00e1vel que Ramagem seja impedido de se candidatar em decorr\u00eancia das investiga\u00e7\u00f5es, mas ele teme a divulga\u00e7\u00e3o dos nomes das pessoas ilegalmente monitoradas pelo esquema, e a inclus\u00e3o, entre eles, de alguns dos seus principais apoiadores. Estamos falando de crime pol\u00edtico.<\/p>\n\n\n\n<figure class=\"wp-block-image aligncenter size-full\"><img loading=\"lazy\" decoding=\"async\" width=\"156\" height=\"75\" src=\"https:\/\/renatodias.online\/movimento\/wp-content\/uploads\/2024\/02\/PF-e1707503001960.png\" alt=\"\" class=\"wp-image-19406\" srcset=\"https:\/\/renatodias.online\/movimento\/wp-content\/uploads\/2024\/02\/PF-e1707503001960.png 156w, https:\/\/renatodias.online\/movimento\/wp-content\/uploads\/2024\/02\/PF-e1707503001960-150x72.png 150w\" sizes=\"auto, (max-width: 156px) 100vw, 156px\" \/><figcaption class=\"wp-element-caption\"><strong>PF<\/strong><\/figcaption><\/figure>\n\n\n\n<p>Ramagem formar\u00e1 dupla com o deputado federal Carlos Jordy (PL-RJ), que integra a bancada sem ser ex-policial ou ex-militar, \u00e9 o atual l\u00edder da oposi\u00e7\u00e3o na C\u00e2mara e ser\u00e1 o candidato do PL \u00e0 prefeitura de Niter\u00f3i, tamb\u00e9m no Rio. Jordy tamb\u00e9m foi alvo de uma opera\u00e7\u00e3o da PF, de busca e apreens\u00e3o, sob a suspeita de ter sido um dos l\u00edderes ocultos da tentativa de golpe de Estado ocorrida em 8\/1\/23. Crime pol\u00edtico.<\/p>\n\n\n\n<figure class=\"wp-block-image aligncenter size-full\"><img loading=\"lazy\" decoding=\"async\" width=\"300\" height=\"145\" src=\"https:\/\/renatodias.online\/movimento\/wp-content\/uploads\/2020\/04\/Urnas-eletr\u00f4nicas-no-Brasil-TSE-e1681694558956.jpeg\" alt=\"\" class=\"wp-image-3350\" srcset=\"https:\/\/renatodias.online\/movimento\/wp-content\/uploads\/2020\/04\/Urnas-eletr\u00f4nicas-no-Brasil-TSE-e1681694558956.jpeg 300w, https:\/\/renatodias.online\/movimento\/wp-content\/uploads\/2020\/04\/Urnas-eletr\u00f4nicas-no-Brasil-TSE-e1681694558956-150x73.jpeg 150w\" sizes=\"auto, (max-width: 300px) 100vw, 300px\" \/><figcaption class=\"wp-element-caption\"><strong>Urnas eletr\u00f4nicas<\/strong><\/figcaption><\/figure>\n\n\n\n<p>Integrantes da frente parlamentar tamb\u00e9m pretendem disputar prefeituras em outras regi\u00f5es. O deputado federal Capit\u00e3o Alberto Neto (PL-AM) quer ser candidato a prefeito de Manaus (AM) e disputa a indica\u00e7\u00e3o pelo PL e a prefer\u00eancia de Bolsonaro com o Coronel Menezes, que s\u00f3 n\u00e3o integra a bancada porque n\u00e3o conseguiu se eleger senador nas \u00faltimas elei\u00e7\u00f5es. E a bancada tem outros pr\u00e9-candidatos Brasil afora.<\/p>\n\n\n\n<p class=\"has-text-align-center\"><strong><mark style=\"background-color:rgba(0, 0, 0, 0)\" class=\"has-inline-color has-vivid-green-cyan-color\">Inseguran\u00e7a<\/mark><\/strong><\/p>\n\n\n\n<p>O coordenador do grupo, deputado Capit\u00e3o Augusto (PL-SP), foi eleito vice-presidente nacional do PL e pretende ser candidato \u00e0 presid\u00eancia da C\u00e2mara na sucess\u00e3o de Arthur Lira (PP-AL). Em campanha, ele tem distribu\u00eddo an\u00e9is de prata para os colegas que apoiam a cria\u00e7\u00e3o de uma nova frente parlamentar, em defesa dos colecionadores de armas. Augusto n\u00e3o quer saber dos inqu\u00e9ritos que envolvem integrantes da bancada e n\u00e3o vai tomar provid\u00eancias para evitar abalos nas respectivas reputa\u00e7\u00f5es. Ele alega que, mesmo havendo inqu\u00e9ritos diferentes, trata-se, apenas, de persegui\u00e7\u00e3o pol\u00edtica.<\/p>\n\n\n\n<figure class=\"wp-block-image aligncenter size-full\"><img loading=\"lazy\" decoding=\"async\" width=\"300\" height=\"200\" src=\"https:\/\/renatodias.online\/movimento\/wp-content\/uploads\/2021\/08\/Arthur-Lira-e1707507182781.jpg\" alt=\"\" class=\"wp-image-8298\" srcset=\"https:\/\/renatodias.online\/movimento\/wp-content\/uploads\/2021\/08\/Arthur-Lira-e1707507182781.jpg 300w, https:\/\/renatodias.online\/movimento\/wp-content\/uploads\/2021\/08\/Arthur-Lira-e1707507182781-150x100.jpg 150w\" sizes=\"auto, (max-width: 300px) 100vw, 300px\" \/><figcaption class=\"wp-element-caption\"><strong>Arthur Lira<\/strong><\/figcaption><\/figure>\n\n\n\n<p>Os integrantes da bancada t\u00eam o privil\u00e9gio de andarem armados pelo Congresso, sem serem obrigados a se submeter aos detectores de metais, como ocorre com as demais pessoas. Fl\u00e1vio Dino, ex-ministro da Justi\u00e7a e atual ministro do STF, recusou-se a atender uma convoca\u00e7\u00e3o da Comiss\u00e3o de Seguran\u00e7a P\u00fablica da C\u00e2mara, alegando risco de vida. \u00c9 uma galera da pesada!<\/p>\n\n\n\n<figure class=\"wp-block-image aligncenter size-full\"><img decoding=\"async\" src=\"https:\/\/renatodias.online\/movimento\/wp-content\/uploads\/2022\/08\/Raio-X-especial-e1680139645191.png\" alt=\"\" class=\"wp-image-13781\"\/><\/figure>\n\n\n\n<p>N\u00e3o cabe fazer, aqui, uma an\u00e1lise exaustiva das implica\u00e7\u00f5es criminais dos que integram a bancada. Assim como n\u00e3o cabe generalizar: deve haver parlamentares s\u00e9rios, honestos, comprometidos com a seguran\u00e7a p\u00fablica. Mas a sua postura coletiva diante dos envolvimentos criminais dos seus pares evidencia o seu desvio de fun\u00e7\u00e3o. A bancada tem muito de bala, e nada de Seguran\u00e7a P\u00fablica. O seu nome poderia ser: Frente Parlamentar da Bala e da Inseguran\u00e7a P\u00fablica.  Aflige aos cidad\u00e3os ver parcelas crescentes do territ\u00f3rio \u2012 da Amaz\u00f4nia \u00e0s metr\u00f3poles brasileiras \u2012 sob o dom\u00ednio de narcotraficantes, piratas e milicianos, enquanto a bancada, que deveria estar mobilizada para enfrent\u00e1-los, acovarda-se diante do que rola abaixo do seu nariz.<\/p>\n\n\n\n<figure class=\"wp-block-image aligncenter size-full\"><img loading=\"lazy\" decoding=\"async\" width=\"150\" height=\"150\" src=\"https:\/\/renatodias.online\/movimento\/wp-content\/uploads\/2023\/01\/Para-entender-e1706569858999.png\" alt=\"\" class=\"wp-image-15239\" srcset=\"https:\/\/renatodias.online\/movimento\/wp-content\/uploads\/2023\/01\/Para-entender-e1706569858999.png 150w, https:\/\/renatodias.online\/movimento\/wp-content\/uploads\/2023\/01\/Para-entender-e1706569858999-96x96.png 96w\" sizes=\"auto, (max-width: 150px) 100vw, 150px\" \/><\/figure>\n\n\n\n<p class=\"has-text-align-center\"><strong><mark style=\"background-color:rgba(0, 0, 0, 0)\" class=\"has-inline-color has-luminous-vivid-orange-color\">BBB<\/mark><\/strong><\/p>\n\n\n\n<p>(Esse texto \u00e9 o terceiro seguido sobre as principais frentes parlamentares coordenadas pela extrema direita. Eles ajudam a refletir sobre as distor\u00e7\u00f5es da representa\u00e7\u00e3o pol\u00edtica, no momento em que o Congresso encerra o recesso e d\u00e1 in\u00edcio a mais um ano legislativo.)<\/p>\n","protected":false},"excerpt":{"rendered":"<p>M\u00e1rcio Santilli A Frente Parlamentar da Seguran\u00e7a P\u00fablica, mais conhecida como \u201cBancada da Bala\u201d, cresceu na atual legislatura, chegando a uma centena de integrantes, surfando na onda armamentista promovida pelo governo passado. A maioria \u00e9 de deputados egressos de carreiras policiais e militares, filiados a partidos de direita e extrema-direita, como o PL. As principais<\/p>\n","protected":false},"author":2,"featured_media":17777,"comment_status":"open","ping_status":"open","sticky":false,"template":"","format":"standard","meta":{"_acf_changed":false,"_monsterinsights_skip_tracking":false,"_monsterinsights_sitenote_active":false,"_monsterinsights_sitenote_note":"","_monsterinsights_sitenote_category":0,"footnotes":""},"categories":[10,159,160,83,4],"tags":[],"class_list":["post-19423","post","type-post","status-publish","format-standard","has-post-thumbnail","hentry","category-economia","category-eleicoes","category-historia","category-opiniao","category-politica"],"acf":[],"yoast_head":"<!-- This site is optimized with the Yoast SEO plugin v27.4 - https:\/\/yoast.com\/product\/yoast-seo-wordpress\/ -->\n<title>Raio X da Bancada da Bala BBB -<\/title>\n<meta name=\"robots\" content=\"index, follow, max-snippet:-1, max-image-preview:large, max-video-preview:-1\" \/>\n<link rel=\"canonical\" href=\"https:\/\/renatodias.online\/movimento\/2024\/02\/09\/raio-x-da-bancada-da-bala-bbb\/\" \/>\n<meta property=\"og:locale\" content=\"pt_BR\" \/>\n<meta property=\"og:type\" content=\"article\" \/>\n<meta property=\"og:title\" content=\"Raio X da Bancada da Bala BBB -\" \/>\n<meta property=\"og:description\" content=\"M\u00e1rcio Santilli A Frente Parlamentar da Seguran\u00e7a P\u00fablica, mais conhecida como \u201cBancada da Bala\u201d, cresceu na atual legislatura, chegando a uma centena de integrantes, surfando na onda armamentista promovida pelo governo passado. A maioria \u00e9 de deputados egressos de carreiras policiais e militares, filiados a partidos de direita e extrema-direita, como o PL. As principais\" \/>\n<meta property=\"og:url\" content=\"https:\/\/renatodias.online\/movimento\/2024\/02\/09\/raio-x-da-bancada-da-bala-bbb\/\" \/>\n<meta property=\"article:publisher\" content=\"https:\/\/www.facebook.com\/renato.dias.37\" \/>\n<meta property=\"article:author\" content=\"https:\/\/www.facebook.com\/renato.dias.37\" \/>\n<meta property=\"article:published_time\" content=\"2024-02-09T19:35:50+00:00\" \/>\n<meta property=\"article:modified_time\" content=\"2025-08-08T12:04:18+00:00\" \/>\n<meta property=\"og:image\" content=\"https:\/\/renatodias.online\/movimento\/wp-content\/uploads\/2023\/08\/Marcio-Santilli-e1712454005436.jpg\" \/>\n\t<meta property=\"og:image:width\" content=\"700\" \/>\n\t<meta property=\"og:image:height\" content=\"499\" \/>\n\t<meta property=\"og:image:type\" content=\"image\/jpeg\" \/>\n<meta name=\"author\" content=\"Renato Dias\" \/>\n<meta name=\"twitter:card\" content=\"summary_large_image\" \/>\n<meta name=\"twitter:creator\" content=\"@RenatoDiasBat\" \/>\n<meta name=\"twitter:site\" content=\"@RenatoDiasBat\" \/>\n<meta name=\"twitter:label1\" content=\"Escrito por\" \/>\n\t<meta name=\"twitter:data1\" content=\"Renato Dias\" \/>\n\t<meta name=\"twitter:label2\" content=\"Est. tempo de leitura\" \/>\n\t<meta name=\"twitter:data2\" content=\"8 minutos\" \/>\n<script type=\"application\/ld+json\" class=\"yoast-schema-graph\">{\"@context\":\"https:\\\/\\\/schema.org\",\"@graph\":[{\"@type\":\"Article\",\"@id\":\"https:\\\/\\\/renatodias.online\\\/movimento\\\/2024\\\/02\\\/09\\\/raio-x-da-bancada-da-bala-bbb\\\/#article\",\"isPartOf\":{\"@id\":\"https:\\\/\\\/renatodias.online\\\/movimento\\\/2024\\\/02\\\/09\\\/raio-x-da-bancada-da-bala-bbb\\\/\"},\"author\":{\"name\":\"Renato Dias\",\"@id\":\"https:\\\/\\\/renatodias.online\\\/movimento\\\/#\\\/schema\\\/person\\\/bbab28833b1725a20f4083f49f1fb2a9\"},\"headline\":\"Raio X da Bancada da Bala BBB\",\"datePublished\":\"2024-02-09T19:35:50+00:00\",\"dateModified\":\"2025-08-08T12:04:18+00:00\",\"mainEntityOfPage\":{\"@id\":\"https:\\\/\\\/renatodias.online\\\/movimento\\\/2024\\\/02\\\/09\\\/raio-x-da-bancada-da-bala-bbb\\\/\"},\"wordCount\":1058,\"commentCount\":0,\"publisher\":{\"@id\":\"https:\\\/\\\/renatodias.online\\\/movimento\\\/#\\\/schema\\\/person\\\/bbab28833b1725a20f4083f49f1fb2a9\"},\"image\":{\"@id\":\"https:\\\/\\\/renatodias.online\\\/movimento\\\/2024\\\/02\\\/09\\\/raio-x-da-bancada-da-bala-bbb\\\/#primaryimage\"},\"thumbnailUrl\":\"https:\\\/\\\/renatodias.online\\\/movimento\\\/wp-content\\\/uploads\\\/2023\\\/08\\\/Marcio-Santilli-e1763940913167.jpg\",\"articleSection\":[\"Economia\",\"Elei\u00e7\u00f5es\",\"Hist\u00f3ria\",\"Opini\u00e3o\",\"Pol\u00edtica\"],\"inLanguage\":\"pt-BR\",\"potentialAction\":[{\"@type\":\"CommentAction\",\"name\":\"Comment\",\"target\":[\"https:\\\/\\\/renatodias.online\\\/movimento\\\/2024\\\/02\\\/09\\\/raio-x-da-bancada-da-bala-bbb\\\/#respond\"]}]},{\"@type\":\"WebPage\",\"@id\":\"https:\\\/\\\/renatodias.online\\\/movimento\\\/2024\\\/02\\\/09\\\/raio-x-da-bancada-da-bala-bbb\\\/\",\"url\":\"https:\\\/\\\/renatodias.online\\\/movimento\\\/2024\\\/02\\\/09\\\/raio-x-da-bancada-da-bala-bbb\\\/\",\"name\":\"Raio X da Bancada da Bala BBB -\",\"isPartOf\":{\"@id\":\"https:\\\/\\\/renatodias.online\\\/movimento\\\/#website\"},\"primaryImageOfPage\":{\"@id\":\"https:\\\/\\\/renatodias.online\\\/movimento\\\/2024\\\/02\\\/09\\\/raio-x-da-bancada-da-bala-bbb\\\/#primaryimage\"},\"image\":{\"@id\":\"https:\\\/\\\/renatodias.online\\\/movimento\\\/2024\\\/02\\\/09\\\/raio-x-da-bancada-da-bala-bbb\\\/#primaryimage\"},\"thumbnailUrl\":\"https:\\\/\\\/renatodias.online\\\/movimento\\\/wp-content\\\/uploads\\\/2023\\\/08\\\/Marcio-Santilli-e1763940913167.jpg\",\"datePublished\":\"2024-02-09T19:35:50+00:00\",\"dateModified\":\"2025-08-08T12:04:18+00:00\",\"breadcrumb\":{\"@id\":\"https:\\\/\\\/renatodias.online\\\/movimento\\\/2024\\\/02\\\/09\\\/raio-x-da-bancada-da-bala-bbb\\\/#breadcrumb\"},\"inLanguage\":\"pt-BR\",\"potentialAction\":[{\"@type\":\"ReadAction\",\"target\":[\"https:\\\/\\\/renatodias.online\\\/movimento\\\/2024\\\/02\\\/09\\\/raio-x-da-bancada-da-bala-bbb\\\/\"]}]},{\"@type\":\"ImageObject\",\"inLanguage\":\"pt-BR\",\"@id\":\"https:\\\/\\\/renatodias.online\\\/movimento\\\/2024\\\/02\\\/09\\\/raio-x-da-bancada-da-bala-bbb\\\/#primaryimage\",\"url\":\"https:\\\/\\\/renatodias.online\\\/movimento\\\/wp-content\\\/uploads\\\/2023\\\/08\\\/Marcio-Santilli-e1763940913167.jpg\",\"contentUrl\":\"https:\\\/\\\/renatodias.online\\\/movimento\\\/wp-content\\\/uploads\\\/2023\\\/08\\\/Marcio-Santilli-e1763940913167.jpg\",\"width\":400,\"height\":286},{\"@type\":\"BreadcrumbList\",\"@id\":\"https:\\\/\\\/renatodias.online\\\/movimento\\\/2024\\\/02\\\/09\\\/raio-x-da-bancada-da-bala-bbb\\\/#breadcrumb\",\"itemListElement\":[{\"@type\":\"ListItem\",\"position\":1,\"name\":\"In\u00edcio\",\"item\":\"https:\\\/\\\/renatodias.online\\\/movimento\\\/\"},{\"@type\":\"ListItem\",\"position\":2,\"name\":\"Raio X da Bancada da Bala BBB\"}]},{\"@type\":\"WebSite\",\"@id\":\"https:\\\/\\\/renatodias.online\\\/movimento\\\/#website\",\"url\":\"https:\\\/\\\/renatodias.online\\\/movimento\\\/\",\"name\":\"\",\"description\":\"\",\"publisher\":{\"@id\":\"https:\\\/\\\/renatodias.online\\\/movimento\\\/#\\\/schema\\\/person\\\/bbab28833b1725a20f4083f49f1fb2a9\"},\"potentialAction\":[{\"@type\":\"SearchAction\",\"target\":{\"@type\":\"EntryPoint\",\"urlTemplate\":\"https:\\\/\\\/renatodias.online\\\/movimento\\\/?s={search_term_string}\"},\"query-input\":{\"@type\":\"PropertyValueSpecification\",\"valueRequired\":true,\"valueName\":\"search_term_string\"}}],\"inLanguage\":\"pt-BR\"},{\"@type\":[\"Person\",\"Organization\"],\"@id\":\"https:\\\/\\\/renatodias.online\\\/movimento\\\/#\\\/schema\\\/person\\\/bbab28833b1725a20f4083f49f1fb2a9\",\"name\":\"Renato Dias\",\"image\":{\"@type\":\"ImageObject\",\"inLanguage\":\"pt-BR\",\"@id\":\"https:\\\/\\\/renatodias.online\\\/movimento\\\/wp-content\\\/uploads\\\/2023\\\/03\\\/cropped-cropped-cropped-logofinal.jpeg\",\"url\":\"https:\\\/\\\/renatodias.online\\\/movimento\\\/wp-content\\\/uploads\\\/2023\\\/03\\\/cropped-cropped-cropped-logofinal.jpeg\",\"contentUrl\":\"https:\\\/\\\/renatodias.online\\\/movimento\\\/wp-content\\\/uploads\\\/2023\\\/03\\\/cropped-cropped-cropped-logofinal.jpeg\",\"width\":1280,\"height\":219,\"caption\":\"Renato Dias\"},\"logo\":{\"@id\":\"https:\\\/\\\/renatodias.online\\\/movimento\\\/wp-content\\\/uploads\\\/2023\\\/03\\\/cropped-cropped-cropped-logofinal.jpeg\"},\"description\":\"Renato Dias, 58 anos, \u00e9 graduado em Jornalismo, formado em Ci\u00eancias Sociais, com p\u00f3s-gradua\u00e7\u00e3o em Pol\u00edticas P\u00fablicas, mestre em Direito e Rela\u00e7\u00f5es Internacionais, ex-aluno extraordin\u00e1rio do Doutorado em Psicologia Social, ex-estudante do Curso de Psican\u00e1lise do Centro de Estudos Psicanal\u00edticos do Estado de Goi\u00e1s, ministrado pelo m\u00e9dico psiquiatra e psicanalista Daniel Em\u00eddio de Souza. \u00c9 autor de 30 livros-reportagem, oito document\u00e1rios, ganhou 30 pr\u00eamios e \u00e9 torcedor apaixonado do maior do Centro-Oeste, o Vila Nova Futebol Clube. Casado com Meirilane Dias, \u00e9 pai de Juliana Dias, jornalista; Daniel Dias, economista; e Maria Rosa Dias, estudante antifascista, socialista e trotskista.\u00a0Com tr\u00eas pets: Porquinho [Bull Dog Franc\u00eas], Dalila [Basset Hound] e Geleia [Basset Hound]. Al\u00e9m do eterno gato Tutuquinho, que virou estrela.\",\"sameAs\":[\"https:\\\/\\\/www.facebook.com\\\/renato.dias.37\",\"#breve\",\"https:\\\/\\\/renatodias.tumblr.com\\\/\"],\"url\":\"https:\\\/\\\/renatodias.online\\\/movimento\\\/author\\\/renatodias\\\/\"}]}<\/script>\n<!-- \/ Yoast SEO plugin. -->","yoast_head_json":{"title":"Raio X da Bancada da Bala BBB -","robots":{"index":"index","follow":"follow","max-snippet":"max-snippet:-1","max-image-preview":"max-image-preview:large","max-video-preview":"max-video-preview:-1"},"canonical":"https:\/\/renatodias.online\/movimento\/2024\/02\/09\/raio-x-da-bancada-da-bala-bbb\/","og_locale":"pt_BR","og_type":"article","og_title":"Raio X da Bancada da Bala BBB -","og_description":"M\u00e1rcio Santilli A Frente Parlamentar da Seguran\u00e7a P\u00fablica, mais conhecida como \u201cBancada da Bala\u201d, cresceu na atual legislatura, chegando a uma centena de integrantes, surfando na onda armamentista promovida pelo governo passado. A maioria \u00e9 de deputados egressos de carreiras policiais e militares, filiados a partidos de direita e extrema-direita, como o PL. As principais","og_url":"https:\/\/renatodias.online\/movimento\/2024\/02\/09\/raio-x-da-bancada-da-bala-bbb\/","article_publisher":"https:\/\/www.facebook.com\/renato.dias.37","article_author":"https:\/\/www.facebook.com\/renato.dias.37","article_published_time":"2024-02-09T19:35:50+00:00","article_modified_time":"2025-08-08T12:04:18+00:00","og_image":[{"width":700,"height":499,"url":"https:\/\/renatodias.online\/movimento\/wp-content\/uploads\/2023\/08\/Marcio-Santilli-e1712454005436.jpg","type":"image\/jpeg"}],"author":"Renato Dias","twitter_card":"summary_large_image","twitter_creator":"@RenatoDiasBat","twitter_site":"@RenatoDiasBat","twitter_misc":{"Escrito por":"Renato Dias","Est. tempo de leitura":"8 minutos"},"schema":{"@context":"https:\/\/schema.org","@graph":[{"@type":"Article","@id":"https:\/\/renatodias.online\/movimento\/2024\/02\/09\/raio-x-da-bancada-da-bala-bbb\/#article","isPartOf":{"@id":"https:\/\/renatodias.online\/movimento\/2024\/02\/09\/raio-x-da-bancada-da-bala-bbb\/"},"author":{"name":"Renato Dias","@id":"https:\/\/renatodias.online\/movimento\/#\/schema\/person\/bbab28833b1725a20f4083f49f1fb2a9"},"headline":"Raio X da Bancada da Bala BBB","datePublished":"2024-02-09T19:35:50+00:00","dateModified":"2025-08-08T12:04:18+00:00","mainEntityOfPage":{"@id":"https:\/\/renatodias.online\/movimento\/2024\/02\/09\/raio-x-da-bancada-da-bala-bbb\/"},"wordCount":1058,"commentCount":0,"publisher":{"@id":"https:\/\/renatodias.online\/movimento\/#\/schema\/person\/bbab28833b1725a20f4083f49f1fb2a9"},"image":{"@id":"https:\/\/renatodias.online\/movimento\/2024\/02\/09\/raio-x-da-bancada-da-bala-bbb\/#primaryimage"},"thumbnailUrl":"https:\/\/renatodias.online\/movimento\/wp-content\/uploads\/2023\/08\/Marcio-Santilli-e1763940913167.jpg","articleSection":["Economia","Elei\u00e7\u00f5es","Hist\u00f3ria","Opini\u00e3o","Pol\u00edtica"],"inLanguage":"pt-BR","potentialAction":[{"@type":"CommentAction","name":"Comment","target":["https:\/\/renatodias.online\/movimento\/2024\/02\/09\/raio-x-da-bancada-da-bala-bbb\/#respond"]}]},{"@type":"WebPage","@id":"https:\/\/renatodias.online\/movimento\/2024\/02\/09\/raio-x-da-bancada-da-bala-bbb\/","url":"https:\/\/renatodias.online\/movimento\/2024\/02\/09\/raio-x-da-bancada-da-bala-bbb\/","name":"Raio X da Bancada da Bala BBB -","isPartOf":{"@id":"https:\/\/renatodias.online\/movimento\/#website"},"primaryImageOfPage":{"@id":"https:\/\/renatodias.online\/movimento\/2024\/02\/09\/raio-x-da-bancada-da-bala-bbb\/#primaryimage"},"image":{"@id":"https:\/\/renatodias.online\/movimento\/2024\/02\/09\/raio-x-da-bancada-da-bala-bbb\/#primaryimage"},"thumbnailUrl":"https:\/\/renatodias.online\/movimento\/wp-content\/uploads\/2023\/08\/Marcio-Santilli-e1763940913167.jpg","datePublished":"2024-02-09T19:35:50+00:00","dateModified":"2025-08-08T12:04:18+00:00","breadcrumb":{"@id":"https:\/\/renatodias.online\/movimento\/2024\/02\/09\/raio-x-da-bancada-da-bala-bbb\/#breadcrumb"},"inLanguage":"pt-BR","potentialAction":[{"@type":"ReadAction","target":["https:\/\/renatodias.online\/movimento\/2024\/02\/09\/raio-x-da-bancada-da-bala-bbb\/"]}]},{"@type":"ImageObject","inLanguage":"pt-BR","@id":"https:\/\/renatodias.online\/movimento\/2024\/02\/09\/raio-x-da-bancada-da-bala-bbb\/#primaryimage","url":"https:\/\/renatodias.online\/movimento\/wp-content\/uploads\/2023\/08\/Marcio-Santilli-e1763940913167.jpg","contentUrl":"https:\/\/renatodias.online\/movimento\/wp-content\/uploads\/2023\/08\/Marcio-Santilli-e1763940913167.jpg","width":400,"height":286},{"@type":"BreadcrumbList","@id":"https:\/\/renatodias.online\/movimento\/2024\/02\/09\/raio-x-da-bancada-da-bala-bbb\/#breadcrumb","itemListElement":[{"@type":"ListItem","position":1,"name":"In\u00edcio","item":"https:\/\/renatodias.online\/movimento\/"},{"@type":"ListItem","position":2,"name":"Raio X da Bancada da Bala BBB"}]},{"@type":"WebSite","@id":"https:\/\/renatodias.online\/movimento\/#website","url":"https:\/\/renatodias.online\/movimento\/","name":"","description":"","publisher":{"@id":"https:\/\/renatodias.online\/movimento\/#\/schema\/person\/bbab28833b1725a20f4083f49f1fb2a9"},"potentialAction":[{"@type":"SearchAction","target":{"@type":"EntryPoint","urlTemplate":"https:\/\/renatodias.online\/movimento\/?s={search_term_string}"},"query-input":{"@type":"PropertyValueSpecification","valueRequired":true,"valueName":"search_term_string"}}],"inLanguage":"pt-BR"},{"@type":["Person","Organization"],"@id":"https:\/\/renatodias.online\/movimento\/#\/schema\/person\/bbab28833b1725a20f4083f49f1fb2a9","name":"Renato Dias","image":{"@type":"ImageObject","inLanguage":"pt-BR","@id":"https:\/\/renatodias.online\/movimento\/wp-content\/uploads\/2023\/03\/cropped-cropped-cropped-logofinal.jpeg","url":"https:\/\/renatodias.online\/movimento\/wp-content\/uploads\/2023\/03\/cropped-cropped-cropped-logofinal.jpeg","contentUrl":"https:\/\/renatodias.online\/movimento\/wp-content\/uploads\/2023\/03\/cropped-cropped-cropped-logofinal.jpeg","width":1280,"height":219,"caption":"Renato Dias"},"logo":{"@id":"https:\/\/renatodias.online\/movimento\/wp-content\/uploads\/2023\/03\/cropped-cropped-cropped-logofinal.jpeg"},"description":"Renato Dias, 58 anos, \u00e9 graduado em Jornalismo, formado em Ci\u00eancias Sociais, com p\u00f3s-gradua\u00e7\u00e3o em Pol\u00edticas P\u00fablicas, mestre em Direito e Rela\u00e7\u00f5es Internacionais, ex-aluno extraordin\u00e1rio do Doutorado em Psicologia Social, ex-estudante do Curso de Psican\u00e1lise do Centro de Estudos Psicanal\u00edticos do Estado de Goi\u00e1s, ministrado pelo m\u00e9dico psiquiatra e psicanalista Daniel Em\u00eddio de Souza. \u00c9 autor de 30 livros-reportagem, oito document\u00e1rios, ganhou 30 pr\u00eamios e \u00e9 torcedor apaixonado do maior do Centro-Oeste, o Vila Nova Futebol Clube. Casado com Meirilane Dias, \u00e9 pai de Juliana Dias, jornalista; Daniel Dias, economista; e Maria Rosa Dias, estudante antifascista, socialista e trotskista.\u00a0Com tr\u00eas pets: Porquinho [Bull Dog Franc\u00eas], Dalila [Basset Hound] e Geleia [Basset Hound]. Al\u00e9m do eterno gato Tutuquinho, que virou estrela.","sameAs":["https:\/\/www.facebook.com\/renato.dias.37","#breve","https:\/\/renatodias.tumblr.com\/"],"url":"https:\/\/renatodias.online\/movimento\/author\/renatodias\/"}]}},"_links":{"self":[{"href":"https:\/\/renatodias.online\/movimento\/wp-json\/wp\/v2\/posts\/19423","targetHints":{"allow":["GET"]}}],"collection":[{"href":"https:\/\/renatodias.online\/movimento\/wp-json\/wp\/v2\/posts"}],"about":[{"href":"https:\/\/renatodias.online\/movimento\/wp-json\/wp\/v2\/types\/post"}],"author":[{"embeddable":true,"href":"https:\/\/renatodias.online\/movimento\/wp-json\/wp\/v2\/users\/2"}],"replies":[{"embeddable":true,"href":"https:\/\/renatodias.online\/movimento\/wp-json\/wp\/v2\/comments?post=19423"}],"version-history":[{"count":2,"href":"https:\/\/renatodias.online\/movimento\/wp-json\/wp\/v2\/posts\/19423\/revisions"}],"predecessor-version":[{"id":21237,"href":"https:\/\/renatodias.online\/movimento\/wp-json\/wp\/v2\/posts\/19423\/revisions\/21237"}],"wp:featuredmedia":[{"embeddable":true,"href":"https:\/\/renatodias.online\/movimento\/wp-json\/wp\/v2\/media\/17777"}],"wp:attachment":[{"href":"https:\/\/renatodias.online\/movimento\/wp-json\/wp\/v2\/media?parent=19423"}],"wp:term":[{"taxonomy":"category","embeddable":true,"href":"https:\/\/renatodias.online\/movimento\/wp-json\/wp\/v2\/categories?post=19423"},{"taxonomy":"post_tag","embeddable":true,"href":"https:\/\/renatodias.online\/movimento\/wp-json\/wp\/v2\/tags?post=19423"}],"curies":[{"name":"wp","href":"https:\/\/api.w.org\/{rel}","templated":true}]}}