{"id":19393,"date":"2024-02-06T13:45:12","date_gmt":"2024-02-06T16:45:12","guid":{"rendered":"https:\/\/renatodias.online\/movimento\/?p=19393"},"modified":"2024-02-06T13:45:13","modified_gmt":"2024-02-06T16:45:13","slug":"escandalo-abala-republica","status":"publish","type":"post","link":"https:\/\/renatodias.online\/movimento\/2024\/02\/06\/escandalo-abala-republica\/","title":{"rendered":"<strong>Esc\u00e2ndalo abala Rep\u00fablica<\/strong>"},"content":{"rendered":"\n<figure class=\"wp-block-image aligncenter size-full\"><img decoding=\"async\" src=\"https:\/\/renatodias.online\/movimento\/wp-content\/uploads\/2022\/01\/Escandalos-e1706293876379.jpg\" alt=\"\" class=\"wp-image-10621\"\/><\/figure>\n\n\n\n<p class=\"has-text-align-center\"><strong><mark style=\"background-color:rgba(0, 0, 0, 0)\" class=\"has-inline-color has-vivid-red-color\">Renato Dias<\/mark><\/strong><\/p>\n\n\n\n<p>Nem <strong>ministros de Estado<\/strong> que despachavam com frequ\u00eancia na sala de Jair Messias Bolsonaro escaparam da espionagem ilegal da Abin paralela. Nos anos de 2019 a 2022.<\/p>\n\n\n\n<figure class=\"wp-block-image aligncenter size-full\"><img decoding=\"async\" src=\"https:\/\/renatodias.online\/movimento\/wp-content\/uploads\/2023\/07\/Jair-Messias-Bolsonaro-crise-e1706899549510.jpg\" alt=\"\" class=\"wp-image-17580\"\/><\/figure>\n\n\n\n<p>\u00c9 o que mostra lista preliminar de aparelhos de celular feita pela <strong>Pol\u00edcia Federal<\/strong> e vazada para a Band Tv. Os nomes correspondem aos respectivos n\u00fameros divulgados.<\/p>\n\n\n\n<figure class=\"wp-block-image aligncenter size-full\"><img loading=\"lazy\" decoding=\"async\" width=\"374\" height=\"249\" src=\"https:\/\/renatodias.online\/movimento\/wp-content\/uploads\/2024\/02\/Abraham-Weintraub-Abin-paralela-e1707237145267.webp\" alt=\"\" class=\"wp-image-19395\" srcset=\"https:\/\/renatodias.online\/movimento\/wp-content\/uploads\/2024\/02\/Abraham-Weintraub-Abin-paralela-e1707237145267.webp 374w, https:\/\/renatodias.online\/movimento\/wp-content\/uploads\/2024\/02\/Abraham-Weintraub-Abin-paralela-e1707237145267-300x200.webp 300w, https:\/\/renatodias.online\/movimento\/wp-content\/uploads\/2024\/02\/Abraham-Weintraub-Abin-paralela-e1707237145267-150x100.webp 150w\" sizes=\"auto, (max-width: 374px) 100vw, 374px\" \/><figcaption class=\"wp-element-caption\"><strong>Abraham Weintraub<\/strong><\/figcaption><\/figure>\n\n\n\n<p>Abraham Weintraub teria sido monitorado. Al\u00e9m de Anderson Torres. Assim como o general do Ex\u00e9rcito Brasileiro <strong>Carlos Alberto Santos Cruz<\/strong>. Fl\u00e1via Arruda foi bisbilhotada.<\/p>\n\n\n\n<figure class=\"wp-block-image aligncenter size-full\"><img loading=\"lazy\" decoding=\"async\" width=\"386\" height=\"232\" src=\"https:\/\/renatodias.online\/movimento\/wp-content\/uploads\/2024\/02\/Rodrigo-Maia-e-Jair-Bolsonaro-Abin-paralela-e1707237224234.jpg\" alt=\"\" class=\"wp-image-19396\" srcset=\"https:\/\/renatodias.online\/movimento\/wp-content\/uploads\/2024\/02\/Rodrigo-Maia-e-Jair-Bolsonaro-Abin-paralela-e1707237224234.jpg 386w, https:\/\/renatodias.online\/movimento\/wp-content\/uploads\/2024\/02\/Rodrigo-Maia-e-Jair-Bolsonaro-Abin-paralela-e1707237224234-300x180.jpg 300w, https:\/\/renatodias.online\/movimento\/wp-content\/uploads\/2024\/02\/Rodrigo-Maia-e-Jair-Bolsonaro-Abin-paralela-e1707237224234-150x90.jpg 150w\" sizes=\"auto, (max-width: 386px) 100vw, 386px\" \/><figcaption class=\"wp-element-caption\"><strong>Rodrigo Maia e Jair Bolsonaro: Abin paralela<\/strong><\/figcaption><\/figure>\n\n\n\n<p>At\u00e9 o presidente da C\u00e2mara dos Deputados, <strong>Rodrigo Maia<\/strong>, teve os seus passos seguidos. A ent\u00e3o l\u00edder do Governo Federal, Joyce Hasselmann, caiu na &#8220;malha fina.&#8221;<\/p>\n\n\n\n<figure class=\"wp-block-image aligncenter size-full\"><img loading=\"lazy\" decoding=\"async\" width=\"183\" height=\"275\" src=\"https:\/\/renatodias.online\/movimento\/wp-content\/uploads\/2024\/02\/Alexandre-Frota-Abin-paralela.jpg\" alt=\"\" class=\"wp-image-19397\" srcset=\"https:\/\/renatodias.online\/movimento\/wp-content\/uploads\/2024\/02\/Alexandre-Frota-Abin-paralela.jpg 183w, https:\/\/renatodias.online\/movimento\/wp-content\/uploads\/2024\/02\/Alexandre-Frota-Abin-paralela-150x225.jpg 150w\" sizes=\"auto, (max-width: 183px) 100vw, 183px\" \/><figcaption class=\"wp-element-caption\"><strong>Alexandre Frota: Abin paralela<\/strong><\/figcaption><\/figure>\n\n\n\n<p>Ator porn\u00f4, ex da atriz global Cl\u00e1udia Raia, o deputado federal \u00e0 \u00e9poca <strong>Alexandre Frota<\/strong> constituiu-se em alvo da pol\u00edcia pol\u00edtica clandestina do Governo Federal passado.<\/p>\n\n\n\n<figure class=\"wp-block-image aligncenter size-full\"><img loading=\"lazy\" decoding=\"async\" width=\"324\" height=\"139\" src=\"https:\/\/renatodias.online\/movimento\/wp-content\/uploads\/2021\/09\/Kim-Kataguiri-_-Link-e1707237405759.jpg\" alt=\"\" class=\"wp-image-8916\" srcset=\"https:\/\/renatodias.online\/movimento\/wp-content\/uploads\/2021\/09\/Kim-Kataguiri-_-Link-e1707237405759.jpg 324w, https:\/\/renatodias.online\/movimento\/wp-content\/uploads\/2021\/09\/Kim-Kataguiri-_-Link-e1707237405759-300x129.jpg 300w, https:\/\/renatodias.online\/movimento\/wp-content\/uploads\/2021\/09\/Kim-Kataguiri-_-Link-e1707237405759-150x64.jpg 150w\" sizes=\"auto, (max-width: 324px) 100vw, 324px\" \/><figcaption class=\"wp-element-caption\"><strong>Kim Kataguiri<\/strong> <\/figcaption><\/figure>\n\n\n\n<p>Impulsionador de atos pol\u00edticos pelo golpe de Estado p\u00f3s-moderno que destituiu Dilma Rousseff, em 2016, <strong>Kim Kataguiri<\/strong>, l\u00edder do s\u00f3rdido MBL, aparece na extensa rela\u00e7\u00e3o.<\/p>\n\n\n\n<p class=\"has-text-align-center\"><\/p>\n\n\n\n<figure class=\"wp-block-image aligncenter size-full\"><img loading=\"lazy\" decoding=\"async\" width=\"200\" height=\"200\" src=\"https:\/\/renatodias.online\/movimento\/wp-content\/uploads\/2022\/07\/Podcast.jpg\" alt=\"\" class=\"wp-image-13381\" srcset=\"https:\/\/renatodias.online\/movimento\/wp-content\/uploads\/2022\/07\/Podcast.jpg 200w, https:\/\/renatodias.online\/movimento\/wp-content\/uploads\/2022\/07\/Podcast-150x150.jpg 150w\" sizes=\"auto, (max-width: 200px) 100vw, 200px\" \/><\/figure>\n\n\n\n<p class=\"has-text-align-center\"><\/p>\n\n\n\n<figure class=\"wp-block-audio\"><audio controls src=\"https:\/\/renatodias.online\/movimento\/wp-content\/uploads\/2024\/02\/PTT-20240130-WA0052-online-audio-converter.com_.mp3\"><\/audio><figcaption class=\"wp-element-caption\"><mark style=\"background-color:rgba(0, 0, 0, 0)\" class=\"has-inline-color has-vivid-red-color\"><strong>Jair Krishke<\/strong> <strong>[RS], presidente do Movimento de Justi\u00e7a e Direitos Humanos<\/strong><\/mark><\/figcaption><\/figure>\n\n\n\n<figure class=\"wp-block-audio\"><audio controls src=\"https:\/\/renatodias.online\/movimento\/wp-content\/uploads\/2024\/02\/PTT-20240130-WA0046-online-audio-converter.com_.mp3\"><\/audio><figcaption class=\"wp-element-caption\"><strong><mark style=\"background-color:rgba(0, 0, 0, 0)\" class=\"has-inline-color has-vivid-green-cyan-color\">M\u00e1rcio Santilli [DF], fil\u00f3sofo <\/mark><\/strong><\/figcaption><\/figure>\n\n\n\n<figure class=\"wp-block-audio\"><audio controls src=\"https:\/\/renatodias.online\/movimento\/wp-content\/uploads\/2024\/02\/PTT-20240130-WA0048-online-audio-converter.com_.mp3\"><\/audio><figcaption class=\"wp-element-caption\"><strong><mark style=\"background-color:rgba(0, 0, 0, 0)\" class=\"has-inline-color has-vivid-purple-color\">aulo Win\u00edcius[GO], historiador<\/mark><\/strong><\/figcaption><\/figure>\n\n\n\n<p class=\"has-text-align-center\"><\/p>\n\n\n\n<p class=\"has-text-align-center\">A promotora de Justi\u00e7a do MP [RJ], Simone Sibilio do Nascimento, que investigava as execu\u00e7\u00f5es da vereadora <strong>Marielle Franco<\/strong> e do motorista Anderson Gomes era vigiada.<\/p>\n\n\n\n<figure class=\"wp-block-image aligncenter size-full\"><img decoding=\"async\" src=\"https:\/\/renatodias.online\/movimento\/wp-content\/uploads\/2023\/08\/Sangue-1-e1690990335629.jpg\" alt=\"\" class=\"wp-image-17742\"\/><\/figure>\n\n\n\n<p>A Abin paralela acompanhava ainda os movimentos de <strong>Alexandre de Moraes<\/strong>, Lu\u00eds Roberto Barroso e <strong>Gilmar Mendes<\/strong>, ministros do Supremo Tribunal Federal [STF], diz a PF.<\/p>\n\n\n\n<figure class=\"wp-block-image aligncenter size-full\"><img decoding=\"async\" src=\"https:\/\/renatodias.online\/movimento\/wp-content\/uploads\/2023\/01\/Alexandre-de-Moraes-caricatura.jpg\" alt=\"\" class=\"wp-image-15442\"\/><figcaption class=\"wp-element-caption\"><strong>Alexandre de Moraes<\/strong><\/figcaption><\/figure>\n\n\n\n<p>Ele elegeu-se, em 2018, na dobradinha Bolso &#8211; D\u00f3ria, e acabou sob a mira do aliado. \u00c9 <strong>Jo\u00e3o D\u00f3ria<\/strong> [PSDB], governador de S\u00e3o Paulo. Eles grampearam Camilo Santana [PT].<\/p>\n\n\n\n<p class=\"has-text-align-center\"><\/p>\n\n\n\n<figure class=\"wp-block-image aligncenter size-large\"><img loading=\"lazy\" decoding=\"async\" width=\"1024\" height=\"711\" src=\"https:\/\/renatodias.online\/movimento\/wp-content\/uploads\/2021\/03\/Joao-Doria-1024x711.jpg\" alt=\"Jo\u00e3o D\u00f3ria\" class=\"wp-image-5498\"\/><figcaption class=\"wp-element-caption\"><strong>Jo\u00e3o D\u00f3ria<\/strong><\/figcaption><\/figure>\n\n\n\n<figure class=\"wp-block-image aligncenter size-full\"><img loading=\"lazy\" decoding=\"async\" width=\"300\" height=\"103\" src=\"https:\/\/renatodias.online\/movimento\/wp-content\/uploads\/2022\/08\/Saiba-mais-e1680139445250.png\" alt=\"\" class=\"wp-image-13698\" srcset=\"https:\/\/renatodias.online\/movimento\/wp-content\/uploads\/2022\/08\/Saiba-mais-e1680139445250.png 300w, https:\/\/renatodias.online\/movimento\/wp-content\/uploads\/2022\/08\/Saiba-mais-e1680139445250-150x52.png 150w\" sizes=\"auto, (max-width: 300px) 100vw, 300px\" \/><\/figure>\n\n\n\n<p class=\"has-text-align-center\"><strong><mark style=\"background-color:rgba(0, 0, 0, 0)\" class=\"has-inline-color has-vivid-green-cyan-color\">Monitorados pela Abin paralela<\/mark><\/strong><\/p>\n\n\n\n<p class=\"has-text-align-center\"><strong><mark style=\"background-color:rgba(0, 0, 0, 0)\" class=\"has-inline-color has-vivid-cyan-blue-color\">\u2713 Ministros de Estado<\/mark><\/strong><\/p>\n\n\n\n<p class=\"has-text-align-center\"><strong>_ Anderson Torres [Justi\u00e7a]\u00a0<\/strong><\/p>\n\n\n\n<p class=\"has-text-align-center\"><strong>_ Abraham Weintraub [Educa\u00e7\u00e3o]<\/strong><\/p>\n\n\n\n<p class=\"has-text-align-center\"><strong>_ Carlos Alberto Santos Cruz [Governo]<\/strong><\/p>\n\n\n\n<p class=\"has-text-align-center\"><strong>_ Fl\u00e1via Arruda [Casa Civil]<\/strong><\/p>\n\n\n\n<p><\/p>\n\n\n\n<p class=\"has-text-align-center\"><strong><mark style=\"background-color:rgba(0, 0, 0, 0)\" class=\"has-inline-color has-vivid-purple-color\">\u2713 Deputados federais<\/mark><\/strong><\/p>\n\n\n\n<p class=\"has-text-align-center\"><strong>_ Kim Kataguiri [DEM-PODE-UB-SP]<\/strong><\/p>\n\n\n\n<p class=\"has-text-align-center\"><strong>_ Alexandre Frota [Patriota-PSL-PSDB-SP]<\/strong><\/p>\n\n\n\n<p class=\"has-text-align-center\"><strong>_ Joyce Hasselmann [PSL-PSDB-SP], l\u00edder do Governo Federal\u00a0<\/strong><\/p>\n\n\n\n<p class=\"has-text-align-center\"><strong>_ Rodrigo Maia [UB-RJ], presidente da C\u00e2mara dos Deputados<\/strong>\u00a0<\/p>\n\n\n\n<p><\/p>\n\n\n\n<p class=\"has-text-align-center\"><strong><mark style=\"background-color:rgba(0, 0, 0, 0)\" class=\"has-inline-color has-luminous-vivid-orange-color\">\u2713 Governadores de Estado<\/mark><\/strong><\/p>\n\n\n\n<p class=\"has-text-align-center\"><strong>_ Camilo Santana [PT-CE]<\/strong><\/p>\n\n\n\n<p class=\"has-text-align-center\"><strong>_ Jo\u00e3o D\u00f3ria [PSDB-SP]<\/strong><\/p>\n\n\n\n<p><\/p>\n\n\n\n<p class=\"has-text-align-center\"><strong>\u2713 Supremo Tribunal Federal<\/strong><\/p>\n\n\n\n<p class=\"has-text-align-center\"><strong>_ Alexandre de Moraes<\/strong><\/p>\n\n\n\n<p class=\"has-text-align-center\"><strong>_ Gilmar Mendes<\/strong><\/p>\n\n\n\n<p class=\"has-text-align-center\"><strong>_ Lu\u00eds Roberto Barroso<\/strong><\/p>\n\n\n\n<p><\/p>\n\n\n\n<p class=\"has-text-align-center\"><strong><mark style=\"background-color:rgba(0, 0, 0, 0)\" class=\"has-inline-color has-pale-pink-color\">\u2713 Senadores da Rep\u00fablica<\/mark><\/strong><\/p>\n\n\n\n<p class=\"has-text-align-center\"><strong>_ Otto Alencar [PSD-BA]<\/strong><\/p>\n\n\n\n<p class=\"has-text-align-center\"><strong>_ Randolfe Rodrigues [Rede-AP]<\/strong><\/p>\n\n\n\n<p class=\"has-text-align-center\"><strong>_ Rog\u00e9rio Carvalho [PT-SE]<\/strong><\/p>\n\n\n\n<p class=\"has-text-align-center\"><strong>_ Omar Aziz [PSD-AM]<\/strong><\/p>\n\n\n\n<p class=\"has-text-align-center\"><strong>_ Humberto Costa [PT-PE]<\/strong><\/p>\n\n\n\n<p class=\"has-text-align-center\">_<strong> Renan Calheiros [MDB-AL]<\/strong><\/p>\n\n\n\n<p class=\"has-text-align-center\"><strong>_ Simone Tebet [MDB-MS]<\/strong><\/p>\n\n\n\n<p class=\"has-text-align-center\"><strong>_ Soraya Trhonicke [Podemos-MS]<\/strong><\/p>\n\n\n\n<p class=\"has-text-align-center\"><strong>_ Alessandro Vieira [MDB-SE]<\/strong><\/p>\n\n\n\n<p><\/p>\n\n\n\n<p class=\"has-text-align-center\"><strong><mark style=\"background-color:rgba(0, 0, 0, 0)\" class=\"has-inline-color has-pale-cyan-blue-color\">\u2713 Promotora de Justi\u00e7a<\/mark><\/strong><\/p>\n\n\n\n<p class=\"has-text-align-center\"><strong>_ Simone Sibilio do Nascimento [RJ]<\/strong><\/p>\n\n\n\n<p class=\"has-text-align-center\"><strong>*Caso Marielle Franco e Anderson Gomes*<\/strong><\/p>\n\n\n\n<p><\/p>\n\n\n\n<p class=\"has-text-align-center\"><strong><mark style=\"background-color:rgba(0, 0, 0, 0)\" class=\"has-inline-color has-vivid-green-cyan-color\">Para entender a engrenagem<\/mark><\/strong><\/p>\n\n\n\n<p class=\"has-text-align-center\"><strong>Infogr\u00e1fico _ O Globo<\/strong><\/p>\n\n\n\n<p class=\"has-text-align-center\"><\/p>\n\n\n\n<figure class=\"wp-block-image aligncenter size-full\"><img loading=\"lazy\" decoding=\"async\" width=\"704\" height=\"657\" src=\"https:\/\/renatodias.online\/movimento\/wp-content\/uploads\/2024\/02\/Infografico-O-Globo.png\" alt=\"\" class=\"wp-image-19394\" srcset=\"https:\/\/renatodias.online\/movimento\/wp-content\/uploads\/2024\/02\/Infografico-O-Globo.png 704w, https:\/\/renatodias.online\/movimento\/wp-content\/uploads\/2024\/02\/Infografico-O-Globo-300x280.png 300w, https:\/\/renatodias.online\/movimento\/wp-content\/uploads\/2024\/02\/Infografico-O-Globo-150x140.png 150w\" sizes=\"auto, (max-width: 704px) 100vw, 704px\" \/><\/figure>\n","protected":false},"excerpt":{"rendered":"<p>Renato Dias Nem ministros de Estado que despachavam com frequ\u00eancia na sala de Jair Messias Bolsonaro escaparam da espionagem ilegal da Abin paralela. Nos anos de 2019 a 2022. \u00c9 o que mostra lista preliminar de aparelhos de celular feita pela Pol\u00edcia Federal e vazada para a Band Tv. Os nomes correspondem aos respectivos n\u00fameros<\/p>\n","protected":false},"author":2,"featured_media":19402,"comment_status":"open","ping_status":"open","sticky":false,"template":"","format":"standard","meta":{"_acf_changed":false,"_monsterinsights_skip_tracking":false,"_monsterinsights_sitenote_active":false,"_monsterinsights_sitenote_note":"","_monsterinsights_sitenote_category":0,"footnotes":""},"categories":[57,160,35,82,4],"tags":[],"class_list":["post-19393","post","type-post","status-publish","format-standard","has-post-thumbnail","hentry","category-entrevista","category-historia","category-nacional","category-podcast","category-politica"],"acf":[],"yoast_head":"<!-- This site is optimized with the Yoast SEO plugin v27.4 - https:\/\/yoast.com\/product\/yoast-seo-wordpress\/ -->\n<title>Esc\u00e2ndalo abala Rep\u00fablica -<\/title>\n<meta name=\"robots\" content=\"index, follow, max-snippet:-1, max-image-preview:large, max-video-preview:-1\" \/>\n<link rel=\"canonical\" href=\"https:\/\/renatodias.online\/movimento\/2024\/02\/06\/escandalo-abala-republica\/\" \/>\n<meta property=\"og:locale\" content=\"pt_BR\" \/>\n<meta property=\"og:type\" content=\"article\" \/>\n<meta property=\"og:title\" content=\"Esc\u00e2ndalo abala Rep\u00fablica -\" \/>\n<meta property=\"og:description\" content=\"Renato Dias Nem ministros de Estado que despachavam com frequ\u00eancia na sala de Jair Messias Bolsonaro escaparam da espionagem ilegal da Abin paralela. Nos anos de 2019 a 2022. \u00c9 o que mostra lista preliminar de aparelhos de celular feita pela Pol\u00edcia Federal e vazada para a Band Tv. Os nomes correspondem aos respectivos n\u00fameros\" \/>\n<meta property=\"og:url\" content=\"https:\/\/renatodias.online\/movimento\/2024\/02\/06\/escandalo-abala-republica\/\" \/>\n<meta property=\"article:publisher\" content=\"https:\/\/www.facebook.com\/renato.dias.37\" \/>\n<meta property=\"article:author\" content=\"https:\/\/www.facebook.com\/renato.dias.37\" \/>\n<meta property=\"article:published_time\" content=\"2024-02-06T16:45:12+00:00\" \/>\n<meta property=\"article:modified_time\" content=\"2024-02-06T16:45:13+00:00\" \/>\n<meta property=\"og:image\" content=\"https:\/\/renatodias.online\/movimento\/wp-content\/uploads\/2024\/02\/Abin.jpg\" \/>\n\t<meta property=\"og:image:width\" content=\"800\" \/>\n\t<meta property=\"og:image:height\" content=\"533\" \/>\n\t<meta property=\"og:image:type\" content=\"image\/jpeg\" \/>\n<meta name=\"author\" content=\"Renato Dias\" \/>\n<meta name=\"twitter:card\" content=\"summary_large_image\" \/>\n<meta name=\"twitter:creator\" content=\"@RenatoDiasBat\" \/>\n<meta name=\"twitter:site\" content=\"@RenatoDiasBat\" \/>\n<meta name=\"twitter:label1\" content=\"Escrito por\" \/>\n\t<meta name=\"twitter:data1\" content=\"Renato Dias\" \/>\n\t<meta name=\"twitter:label2\" content=\"Est. tempo de leitura\" \/>\n\t<meta name=\"twitter:data2\" content=\"5 minutos\" \/>\n<script type=\"application\/ld+json\" class=\"yoast-schema-graph\">{\"@context\":\"https:\\\/\\\/schema.org\",\"@graph\":[{\"@type\":\"Article\",\"@id\":\"https:\\\/\\\/renatodias.online\\\/movimento\\\/2024\\\/02\\\/06\\\/escandalo-abala-republica\\\/#article\",\"isPartOf\":{\"@id\":\"https:\\\/\\\/renatodias.online\\\/movimento\\\/2024\\\/02\\\/06\\\/escandalo-abala-republica\\\/\"},\"author\":{\"name\":\"Renato Dias\",\"@id\":\"https:\\\/\\\/renatodias.online\\\/movimento\\\/#\\\/schema\\\/person\\\/bbab28833b1725a20f4083f49f1fb2a9\"},\"headline\":\"Esc\u00e2ndalo abala Rep\u00fablica\",\"datePublished\":\"2024-02-06T16:45:12+00:00\",\"dateModified\":\"2024-02-06T16:45:13+00:00\",\"mainEntityOfPage\":{\"@id\":\"https:\\\/\\\/renatodias.online\\\/movimento\\\/2024\\\/02\\\/06\\\/escandalo-abala-republica\\\/\"},\"wordCount\":433,\"commentCount\":0,\"publisher\":{\"@id\":\"https:\\\/\\\/renatodias.online\\\/movimento\\\/#\\\/schema\\\/person\\\/bbab28833b1725a20f4083f49f1fb2a9\"},\"image\":{\"@id\":\"https:\\\/\\\/renatodias.online\\\/movimento\\\/2024\\\/02\\\/06\\\/escandalo-abala-republica\\\/#primaryimage\"},\"thumbnailUrl\":\"https:\\\/\\\/renatodias.online\\\/movimento\\\/wp-content\\\/uploads\\\/2024\\\/02\\\/Abin.jpg\",\"articleSection\":[\"Entrevista\",\"Hist\u00f3ria\",\"Nacional\",\"PodCast\",\"Pol\u00edtica\"],\"inLanguage\":\"pt-BR\",\"potentialAction\":[{\"@type\":\"CommentAction\",\"name\":\"Comment\",\"target\":[\"https:\\\/\\\/renatodias.online\\\/movimento\\\/2024\\\/02\\\/06\\\/escandalo-abala-republica\\\/#respond\"]}]},{\"@type\":\"WebPage\",\"@id\":\"https:\\\/\\\/renatodias.online\\\/movimento\\\/2024\\\/02\\\/06\\\/escandalo-abala-republica\\\/\",\"url\":\"https:\\\/\\\/renatodias.online\\\/movimento\\\/2024\\\/02\\\/06\\\/escandalo-abala-republica\\\/\",\"name\":\"Esc\u00e2ndalo abala Rep\u00fablica -\",\"isPartOf\":{\"@id\":\"https:\\\/\\\/renatodias.online\\\/movimento\\\/#website\"},\"primaryImageOfPage\":{\"@id\":\"https:\\\/\\\/renatodias.online\\\/movimento\\\/2024\\\/02\\\/06\\\/escandalo-abala-republica\\\/#primaryimage\"},\"image\":{\"@id\":\"https:\\\/\\\/renatodias.online\\\/movimento\\\/2024\\\/02\\\/06\\\/escandalo-abala-republica\\\/#primaryimage\"},\"thumbnailUrl\":\"https:\\\/\\\/renatodias.online\\\/movimento\\\/wp-content\\\/uploads\\\/2024\\\/02\\\/Abin.jpg\",\"datePublished\":\"2024-02-06T16:45:12+00:00\",\"dateModified\":\"2024-02-06T16:45:13+00:00\",\"breadcrumb\":{\"@id\":\"https:\\\/\\\/renatodias.online\\\/movimento\\\/2024\\\/02\\\/06\\\/escandalo-abala-republica\\\/#breadcrumb\"},\"inLanguage\":\"pt-BR\",\"potentialAction\":[{\"@type\":\"ReadAction\",\"target\":[\"https:\\\/\\\/renatodias.online\\\/movimento\\\/2024\\\/02\\\/06\\\/escandalo-abala-republica\\\/\"]}]},{\"@type\":\"ImageObject\",\"inLanguage\":\"pt-BR\",\"@id\":\"https:\\\/\\\/renatodias.online\\\/movimento\\\/2024\\\/02\\\/06\\\/escandalo-abala-republica\\\/#primaryimage\",\"url\":\"https:\\\/\\\/renatodias.online\\\/movimento\\\/wp-content\\\/uploads\\\/2024\\\/02\\\/Abin.jpg\",\"contentUrl\":\"https:\\\/\\\/renatodias.online\\\/movimento\\\/wp-content\\\/uploads\\\/2024\\\/02\\\/Abin.jpg\",\"width\":800,\"height\":533},{\"@type\":\"BreadcrumbList\",\"@id\":\"https:\\\/\\\/renatodias.online\\\/movimento\\\/2024\\\/02\\\/06\\\/escandalo-abala-republica\\\/#breadcrumb\",\"itemListElement\":[{\"@type\":\"ListItem\",\"position\":1,\"name\":\"In\u00edcio\",\"item\":\"https:\\\/\\\/renatodias.online\\\/movimento\\\/\"},{\"@type\":\"ListItem\",\"position\":2,\"name\":\"Esc\u00e2ndalo abala Rep\u00fablica\"}]},{\"@type\":\"WebSite\",\"@id\":\"https:\\\/\\\/renatodias.online\\\/movimento\\\/#website\",\"url\":\"https:\\\/\\\/renatodias.online\\\/movimento\\\/\",\"name\":\"\",\"description\":\"\",\"publisher\":{\"@id\":\"https:\\\/\\\/renatodias.online\\\/movimento\\\/#\\\/schema\\\/person\\\/bbab28833b1725a20f4083f49f1fb2a9\"},\"potentialAction\":[{\"@type\":\"SearchAction\",\"target\":{\"@type\":\"EntryPoint\",\"urlTemplate\":\"https:\\\/\\\/renatodias.online\\\/movimento\\\/?s={search_term_string}\"},\"query-input\":{\"@type\":\"PropertyValueSpecification\",\"valueRequired\":true,\"valueName\":\"search_term_string\"}}],\"inLanguage\":\"pt-BR\"},{\"@type\":[\"Person\",\"Organization\"],\"@id\":\"https:\\\/\\\/renatodias.online\\\/movimento\\\/#\\\/schema\\\/person\\\/bbab28833b1725a20f4083f49f1fb2a9\",\"name\":\"Renato Dias\",\"image\":{\"@type\":\"ImageObject\",\"inLanguage\":\"pt-BR\",\"@id\":\"https:\\\/\\\/renatodias.online\\\/movimento\\\/wp-content\\\/uploads\\\/2023\\\/03\\\/cropped-cropped-cropped-logofinal.jpeg\",\"url\":\"https:\\\/\\\/renatodias.online\\\/movimento\\\/wp-content\\\/uploads\\\/2023\\\/03\\\/cropped-cropped-cropped-logofinal.jpeg\",\"contentUrl\":\"https:\\\/\\\/renatodias.online\\\/movimento\\\/wp-content\\\/uploads\\\/2023\\\/03\\\/cropped-cropped-cropped-logofinal.jpeg\",\"width\":1280,\"height\":219,\"caption\":\"Renato Dias\"},\"logo\":{\"@id\":\"https:\\\/\\\/renatodias.online\\\/movimento\\\/wp-content\\\/uploads\\\/2023\\\/03\\\/cropped-cropped-cropped-logofinal.jpeg\"},\"description\":\"Renato Dias, 58 anos, \u00e9 graduado em Jornalismo, formado em Ci\u00eancias Sociais, com p\u00f3s-gradua\u00e7\u00e3o em Pol\u00edticas P\u00fablicas, mestre em Direito e Rela\u00e7\u00f5es Internacionais, ex-aluno extraordin\u00e1rio do Doutorado em Psicologia Social, ex-estudante do Curso de Psican\u00e1lise do Centro de Estudos Psicanal\u00edticos do Estado de Goi\u00e1s, ministrado pelo m\u00e9dico psiquiatra e psicanalista Daniel Em\u00eddio de Souza. \u00c9 autor de 30 livros-reportagem, oito document\u00e1rios, ganhou 30 pr\u00eamios e \u00e9 torcedor apaixonado do maior do Centro-Oeste, o Vila Nova Futebol Clube. Casado com Meirilane Dias, \u00e9 pai de Juliana Dias, jornalista; Daniel Dias, economista; e Maria Rosa Dias, estudante antifascista, socialista e trotskista.\u00a0Com tr\u00eas pets: Porquinho [Bull Dog Franc\u00eas], Dalila [Basset Hound] e Geleia [Basset Hound]. Al\u00e9m do eterno gato Tutuquinho, que virou estrela.\",\"sameAs\":[\"https:\\\/\\\/www.facebook.com\\\/renato.dias.37\",\"#breve\",\"https:\\\/\\\/renatodias.tumblr.com\\\/\"],\"url\":\"https:\\\/\\\/renatodias.online\\\/movimento\\\/author\\\/renatodias\\\/\"}]}<\/script>\n<!-- \/ Yoast SEO plugin. -->","yoast_head_json":{"title":"Esc\u00e2ndalo abala Rep\u00fablica -","robots":{"index":"index","follow":"follow","max-snippet":"max-snippet:-1","max-image-preview":"max-image-preview:large","max-video-preview":"max-video-preview:-1"},"canonical":"https:\/\/renatodias.online\/movimento\/2024\/02\/06\/escandalo-abala-republica\/","og_locale":"pt_BR","og_type":"article","og_title":"Esc\u00e2ndalo abala Rep\u00fablica -","og_description":"Renato Dias Nem ministros de Estado que despachavam com frequ\u00eancia na sala de Jair Messias Bolsonaro escaparam da espionagem ilegal da Abin paralela. Nos anos de 2019 a 2022. \u00c9 o que mostra lista preliminar de aparelhos de celular feita pela Pol\u00edcia Federal e vazada para a Band Tv. Os nomes correspondem aos respectivos n\u00fameros","og_url":"https:\/\/renatodias.online\/movimento\/2024\/02\/06\/escandalo-abala-republica\/","article_publisher":"https:\/\/www.facebook.com\/renato.dias.37","article_author":"https:\/\/www.facebook.com\/renato.dias.37","article_published_time":"2024-02-06T16:45:12+00:00","article_modified_time":"2024-02-06T16:45:13+00:00","og_image":[{"width":800,"height":533,"url":"https:\/\/renatodias.online\/movimento\/wp-content\/uploads\/2024\/02\/Abin.jpg","type":"image\/jpeg"}],"author":"Renato Dias","twitter_card":"summary_large_image","twitter_creator":"@RenatoDiasBat","twitter_site":"@RenatoDiasBat","twitter_misc":{"Escrito por":"Renato Dias","Est. tempo de leitura":"5 minutos"},"schema":{"@context":"https:\/\/schema.org","@graph":[{"@type":"Article","@id":"https:\/\/renatodias.online\/movimento\/2024\/02\/06\/escandalo-abala-republica\/#article","isPartOf":{"@id":"https:\/\/renatodias.online\/movimento\/2024\/02\/06\/escandalo-abala-republica\/"},"author":{"name":"Renato Dias","@id":"https:\/\/renatodias.online\/movimento\/#\/schema\/person\/bbab28833b1725a20f4083f49f1fb2a9"},"headline":"Esc\u00e2ndalo abala Rep\u00fablica","datePublished":"2024-02-06T16:45:12+00:00","dateModified":"2024-02-06T16:45:13+00:00","mainEntityOfPage":{"@id":"https:\/\/renatodias.online\/movimento\/2024\/02\/06\/escandalo-abala-republica\/"},"wordCount":433,"commentCount":0,"publisher":{"@id":"https:\/\/renatodias.online\/movimento\/#\/schema\/person\/bbab28833b1725a20f4083f49f1fb2a9"},"image":{"@id":"https:\/\/renatodias.online\/movimento\/2024\/02\/06\/escandalo-abala-republica\/#primaryimage"},"thumbnailUrl":"https:\/\/renatodias.online\/movimento\/wp-content\/uploads\/2024\/02\/Abin.jpg","articleSection":["Entrevista","Hist\u00f3ria","Nacional","PodCast","Pol\u00edtica"],"inLanguage":"pt-BR","potentialAction":[{"@type":"CommentAction","name":"Comment","target":["https:\/\/renatodias.online\/movimento\/2024\/02\/06\/escandalo-abala-republica\/#respond"]}]},{"@type":"WebPage","@id":"https:\/\/renatodias.online\/movimento\/2024\/02\/06\/escandalo-abala-republica\/","url":"https:\/\/renatodias.online\/movimento\/2024\/02\/06\/escandalo-abala-republica\/","name":"Esc\u00e2ndalo abala Rep\u00fablica -","isPartOf":{"@id":"https:\/\/renatodias.online\/movimento\/#website"},"primaryImageOfPage":{"@id":"https:\/\/renatodias.online\/movimento\/2024\/02\/06\/escandalo-abala-republica\/#primaryimage"},"image":{"@id":"https:\/\/renatodias.online\/movimento\/2024\/02\/06\/escandalo-abala-republica\/#primaryimage"},"thumbnailUrl":"https:\/\/renatodias.online\/movimento\/wp-content\/uploads\/2024\/02\/Abin.jpg","datePublished":"2024-02-06T16:45:12+00:00","dateModified":"2024-02-06T16:45:13+00:00","breadcrumb":{"@id":"https:\/\/renatodias.online\/movimento\/2024\/02\/06\/escandalo-abala-republica\/#breadcrumb"},"inLanguage":"pt-BR","potentialAction":[{"@type":"ReadAction","target":["https:\/\/renatodias.online\/movimento\/2024\/02\/06\/escandalo-abala-republica\/"]}]},{"@type":"ImageObject","inLanguage":"pt-BR","@id":"https:\/\/renatodias.online\/movimento\/2024\/02\/06\/escandalo-abala-republica\/#primaryimage","url":"https:\/\/renatodias.online\/movimento\/wp-content\/uploads\/2024\/02\/Abin.jpg","contentUrl":"https:\/\/renatodias.online\/movimento\/wp-content\/uploads\/2024\/02\/Abin.jpg","width":800,"height":533},{"@type":"BreadcrumbList","@id":"https:\/\/renatodias.online\/movimento\/2024\/02\/06\/escandalo-abala-republica\/#breadcrumb","itemListElement":[{"@type":"ListItem","position":1,"name":"In\u00edcio","item":"https:\/\/renatodias.online\/movimento\/"},{"@type":"ListItem","position":2,"name":"Esc\u00e2ndalo abala Rep\u00fablica"}]},{"@type":"WebSite","@id":"https:\/\/renatodias.online\/movimento\/#website","url":"https:\/\/renatodias.online\/movimento\/","name":"","description":"","publisher":{"@id":"https:\/\/renatodias.online\/movimento\/#\/schema\/person\/bbab28833b1725a20f4083f49f1fb2a9"},"potentialAction":[{"@type":"SearchAction","target":{"@type":"EntryPoint","urlTemplate":"https:\/\/renatodias.online\/movimento\/?s={search_term_string}"},"query-input":{"@type":"PropertyValueSpecification","valueRequired":true,"valueName":"search_term_string"}}],"inLanguage":"pt-BR"},{"@type":["Person","Organization"],"@id":"https:\/\/renatodias.online\/movimento\/#\/schema\/person\/bbab28833b1725a20f4083f49f1fb2a9","name":"Renato Dias","image":{"@type":"ImageObject","inLanguage":"pt-BR","@id":"https:\/\/renatodias.online\/movimento\/wp-content\/uploads\/2023\/03\/cropped-cropped-cropped-logofinal.jpeg","url":"https:\/\/renatodias.online\/movimento\/wp-content\/uploads\/2023\/03\/cropped-cropped-cropped-logofinal.jpeg","contentUrl":"https:\/\/renatodias.online\/movimento\/wp-content\/uploads\/2023\/03\/cropped-cropped-cropped-logofinal.jpeg","width":1280,"height":219,"caption":"Renato Dias"},"logo":{"@id":"https:\/\/renatodias.online\/movimento\/wp-content\/uploads\/2023\/03\/cropped-cropped-cropped-logofinal.jpeg"},"description":"Renato Dias, 58 anos, \u00e9 graduado em Jornalismo, formado em Ci\u00eancias Sociais, com p\u00f3s-gradua\u00e7\u00e3o em Pol\u00edticas P\u00fablicas, mestre em Direito e Rela\u00e7\u00f5es Internacionais, ex-aluno extraordin\u00e1rio do Doutorado em Psicologia Social, ex-estudante do Curso de Psican\u00e1lise do Centro de Estudos Psicanal\u00edticos do Estado de Goi\u00e1s, ministrado pelo m\u00e9dico psiquiatra e psicanalista Daniel Em\u00eddio de Souza. \u00c9 autor de 30 livros-reportagem, oito document\u00e1rios, ganhou 30 pr\u00eamios e \u00e9 torcedor apaixonado do maior do Centro-Oeste, o Vila Nova Futebol Clube. Casado com Meirilane Dias, \u00e9 pai de Juliana Dias, jornalista; Daniel Dias, economista; e Maria Rosa Dias, estudante antifascista, socialista e trotskista.\u00a0Com tr\u00eas pets: Porquinho [Bull Dog Franc\u00eas], Dalila [Basset Hound] e Geleia [Basset Hound]. Al\u00e9m do eterno gato Tutuquinho, que virou estrela.","sameAs":["https:\/\/www.facebook.com\/renato.dias.37","#breve","https:\/\/renatodias.tumblr.com\/"],"url":"https:\/\/renatodias.online\/movimento\/author\/renatodias\/"}]}},"_links":{"self":[{"href":"https:\/\/renatodias.online\/movimento\/wp-json\/wp\/v2\/posts\/19393","targetHints":{"allow":["GET"]}}],"collection":[{"href":"https:\/\/renatodias.online\/movimento\/wp-json\/wp\/v2\/posts"}],"about":[{"href":"https:\/\/renatodias.online\/movimento\/wp-json\/wp\/v2\/types\/post"}],"author":[{"embeddable":true,"href":"https:\/\/renatodias.online\/movimento\/wp-json\/wp\/v2\/users\/2"}],"replies":[{"embeddable":true,"href":"https:\/\/renatodias.online\/movimento\/wp-json\/wp\/v2\/comments?post=19393"}],"version-history":[{"count":1,"href":"https:\/\/renatodias.online\/movimento\/wp-json\/wp\/v2\/posts\/19393\/revisions"}],"predecessor-version":[{"id":19403,"href":"https:\/\/renatodias.online\/movimento\/wp-json\/wp\/v2\/posts\/19393\/revisions\/19403"}],"wp:featuredmedia":[{"embeddable":true,"href":"https:\/\/renatodias.online\/movimento\/wp-json\/wp\/v2\/media\/19402"}],"wp:attachment":[{"href":"https:\/\/renatodias.online\/movimento\/wp-json\/wp\/v2\/media?parent=19393"}],"wp:term":[{"taxonomy":"category","embeddable":true,"href":"https:\/\/renatodias.online\/movimento\/wp-json\/wp\/v2\/categories?post=19393"},{"taxonomy":"post_tag","embeddable":true,"href":"https:\/\/renatodias.online\/movimento\/wp-json\/wp\/v2\/tags?post=19393"}],"curies":[{"name":"wp","href":"https:\/\/api.w.org\/{rel}","templated":true}]}}