{"id":19187,"date":"2024-01-08T16:27:03","date_gmt":"2024-01-08T19:27:03","guid":{"rendered":"https:\/\/renatodias.online\/movimento\/?p=19187"},"modified":"2024-01-08T16:30:29","modified_gmt":"2024-01-08T19:30:29","slug":"o-dia-que-nao-terminou","status":"publish","type":"post","link":"https:\/\/renatodias.online\/movimento\/2024\/01\/08\/o-dia-que-nao-terminou\/","title":{"rendered":"O dia que n\u00e3o terminou"},"content":{"rendered":"\n<figure class=\"wp-block-image aligncenter size-full\"><img loading=\"lazy\" decoding=\"async\" width=\"150\" height=\"93\" src=\"https:\/\/renatodias.online\/movimento\/wp-content\/uploads\/2020\/11\/Logo-Exclusivo-e1704564162266.jpg\" alt=\"\" class=\"wp-image-4887\"\/><\/figure>\n\n\n\n<p class=\"has-text-align-center\"><strong><mark style=\"background-color:rgba(0, 0, 0, 0)\" class=\"has-inline-color has-luminous-vivid-orange-color\">8 de janeiro de 2023<\/mark><\/strong><\/p>\n\n\n\n<figure class=\"wp-block-image aligncenter size-full\"><img loading=\"lazy\" decoding=\"async\" width=\"150\" height=\"149\" src=\"https:\/\/renatodias.online\/movimento\/wp-content\/uploads\/2023\/02\/A-crise-no-Peru-Mira-e1704731651532.png\" alt=\"\" class=\"wp-image-15687\" srcset=\"https:\/\/renatodias.online\/movimento\/wp-content\/uploads\/2023\/02\/A-crise-no-Peru-Mira-e1704731651532.png 150w, https:\/\/renatodias.online\/movimento\/wp-content\/uploads\/2023\/02\/A-crise-no-Peru-Mira-e1704731651532-96x96.png 96w\" sizes=\"auto, (max-width: 150px) 100vw, 150px\" \/><\/figure>\n\n\n\n<p class=\"has-text-align-center\"><strong><mark style=\"background-color:rgba(0, 0, 0, 0)\" class=\"has-inline-color has-vivid-green-cyan-color\">A derrota do golpe de Estado civil e militar<\/mark><\/strong><\/p>\n\n\n\n<p class=\"has-text-align-center\"><strong><mark style=\"background-color:rgba(0, 0, 0, 0)\" class=\"has-inline-color has-vivid-red-color\">Renato Dias<\/mark><\/strong><\/p>\n\n\n\n<p>Civis e fardados conspiraram. Antes, durante e depois das elei\u00e7\u00f5es de 2022. At\u00e9 as portas, janelas, corredores e escadas de Bras\u00edlia sabiam. J\u00e1 estava escrito desde 7 de setembro de 2021. Os ataques \u00e0s urnas eletr\u00f4nicas, \u00e0s institui\u00e7\u00f5es tiveram como desdobramentos acampamentos \u00e0 frente dos quart\u00e9is, os ataques de 12 de dezembro, a tentativa de explos\u00e3o no aeroporto internacional e 8 de janeiro de 2023. Um dia que ainda n\u00e3o terminou.<\/p>\n\n\n\n<p>A estrat\u00e9gia da Festa da Selma era repetir o 6 de janeiro de 2021 executado no Capit\u00f3lio, em Washington, nos EUA. Com pato Donald Trump. A orquestra contou com a anu\u00eancia ou omiss\u00e3o da PM do DF, GSI, ABIN, Guarda Presidencial, Pol\u00edcia Legislativa e de fra\u00e7\u00f5es do Ex\u00e9rcito Bra\u00adsi\u00adlei\u00adro. De verde e amarelo, os manifestantes queriam a anula\u00e7\u00e3o das elei\u00e7\u00f5es, a volta da ditadura civil e militar, a interven\u00e7\u00e3o das For\u00e7as Armadas e o fechamento do STF e Congresso Nacional<\/p>\n\n\n\n<p>O Congresso Nacional acabou invadido. O STF foi ocupado e destru\u00eddo. O Pal\u00e1cio do Planalto virou de cabe\u00e7a para baixo. Mais: imagens mostram agentes do Estado da \u00e1rea de seguran\u00e7a faziam selfies com os terroristas e bandidos. Eles planejaram a aboli\u00e7\u00e3o violenta do Estado, a execu\u00e7\u00e3o de Alexandre de Moraes, com a consuma\u00e7\u00e3o de um golpe. Uma minuta de golpe havia sido redigida. Veja: documento encontrado sob a guarda do vil Anderson Torres.<\/p>\n\n\n\n<p>O presidente da Rep\u00fablica, Luiz In\u00e1cio Lula da Silva, encontrava-se em Araraquara [SP]. O chefe do Executivo determina a cria\u00e7\u00e3o de um Gabinete de Crise, aprova a interven\u00e7\u00e3o na Seguran\u00e7a do DF, nomeia Ricardo Capelli, recusa a ado\u00e7\u00e3o da GLO, voa para Bras\u00edlia, faz articula\u00e7\u00f5es com Legislativo e Judici\u00e1rio. O l\u00edder petista vistoria in loco, \u00e0 Pra\u00e7a dos Tr\u00eas Poderes, a ex\u00ad\u00adtens\u00e3o da balb\u00fardia. O dia seguinte \u00e9 marcado pelo ato com os governadores dos Estados e GDF.<\/p>\n\n\n\n<p>Ex-ministro da Justi\u00e7a, Anderson Torres \u00e9 preso. Ajudante de ordens no Pal\u00e1cio do Planalto, Mauro Cid cai e, abandonado, delata. Suposto Messias, Jair Bolsonaro fica ineleg\u00edvel. General, Braga Neto idem. N\u00fameros: o STF revela que 243 presos no interior dos pr\u00e9dios p\u00fablicos em 8 de janeiro. J\u00e1 1.927, em 9 de janeiro. A\u00e7\u00f5es instauradas, 1.354. A primeira condena\u00e7\u00e3o saiu em 14 de setembro: 17 anos. Trinta condena\u00e7\u00f5es foram anunciadas.<\/p>\n\n\n\n<p>A corte suprema do Brasil julgou que os crimes cometidos pelos homens e mulheres de verde e amarelo em 8 de janeiro de 2023 em Bras\u00edlia, capital da Rep\u00fablica, s\u00e3o de forma\u00e7\u00e3o de associa\u00e7\u00e3o criminosa, tentativa de aboli\u00e7\u00e3o violenta do Estado Democr\u00e1tico de Direito, golpe de Estado, deteriora\u00e7\u00e3o e destrui\u00e7\u00e3o do patrim\u00f4nio p\u00fablico nacional tombado. O STF diz que a democracia no Pa\u00eds esteve sob grave amea\u00e7a de uma ruptura institucional.<\/p>\n\n\n\n<figure class=\"wp-block-video\"><video controls src=\"https:\/\/renatodias.online\/movimento\/wp-content\/uploads\/2024\/01\/VID-20240104-WA0016.mp4\"><\/video><\/figure>\n\n\n\n<figure class=\"wp-block-image aligncenter size-full\"><img loading=\"lazy\" decoding=\"async\" width=\"300\" height=\"103\" src=\"https:\/\/renatodias.online\/movimento\/wp-content\/uploads\/2022\/08\/Saiba-mais-e1680139445250.png\" alt=\"\" class=\"wp-image-13698\" srcset=\"https:\/\/renatodias.online\/movimento\/wp-content\/uploads\/2022\/08\/Saiba-mais-e1680139445250.png 300w, https:\/\/renatodias.online\/movimento\/wp-content\/uploads\/2022\/08\/Saiba-mais-e1680139445250-150x52.png 150w\" sizes=\"auto, (max-width: 300px) 100vw, 300px\" \/><\/figure>\n\n\n\n<p class=\"has-text-align-center\"><strong><mark style=\"background-color:rgba(0, 0, 0, 0)\" class=\"has-inline-color has-vivid-purple-color\">N\u00fameros&nbsp;<\/mark><\/strong><\/p>\n\n\n\n<p class=\"has-text-align-center\"><strong><mark style=\"background-color:rgba(0, 0, 0, 0)\" class=\"has-inline-color has-vivid-cyan-blue-color\">8 de janeiro de 2023<\/mark><\/strong><\/p>\n\n\n\n<p class=\"has-text-align-center\"><strong>243<\/strong> presos no interior dos tr\u00eas poderes<\/p>\n\n\n\n<p class=\"has-text-align-center\"><strong>1.927<\/strong> detidos&nbsp;nos acampamentos<\/p>\n\n\n\n<p class=\"has-text-align-center\"><strong>1.354<\/strong> a\u00e7\u00f5es instauradas:<\/p>\n\n\n\n<p class=\"has-text-align-center\"><strong>17 anos de pris\u00e3o:<\/strong>&nbsp; primeiro condenado:<\/p>\n\n\n\n<p class=\"has-text-align-center\"><strong>30<\/strong>: j\u00e1 foram condenados<\/p>\n\n\n\n<p class=\"has-text-align-center\"><strong><mark style=\"background-color:rgba(0, 0, 0, 0)\" class=\"has-inline-color has-luminous-vivid-orange-color\">Os crimes cometidos<\/mark><\/strong><\/p>\n\n\n\n<p class=\"has-text-align-center\"><strong>_ Forma\u00e7\u00e3o de associa\u00e7\u00e3o criminosa<\/strong><\/p>\n\n\n\n<p class=\"has-text-align-center\"><strong>_ Tentativa de aboli\u00e7\u00e3o violenta do Estado Democr\u00e1tico de Direito<\/strong><\/p>\n\n\n\n<p class=\"has-text-align-center\"><strong>_ Golpe de Estado<\/strong><\/p>\n\n\n\n<p class=\"has-text-align-center\"><strong>_ Deteriora\u00e7\u00e3o e destrui\u00e7\u00e3o do patrim\u00f4nio p\u00fablico nacional tombado<\/strong><\/p>\n\n\n\n<figure class=\"wp-block-image aligncenter size-full\"><img loading=\"lazy\" decoding=\"async\" width=\"320\" height=\"392\" src=\"https:\/\/renatodias.online\/movimento\/wp-content\/uploads\/2024\/01\/8-de-janeiro-de-2023-2-e1704734842119.png\" alt=\"\" class=\"wp-image-19192\" srcset=\"https:\/\/renatodias.online\/movimento\/wp-content\/uploads\/2024\/01\/8-de-janeiro-de-2023-2-e1704734842119.png 320w, https:\/\/renatodias.online\/movimento\/wp-content\/uploads\/2024\/01\/8-de-janeiro-de-2023-2-e1704734842119-245x300.png 245w, https:\/\/renatodias.online\/movimento\/wp-content\/uploads\/2024\/01\/8-de-janeiro-de-2023-2-e1704734842119-150x184.png 150w\" sizes=\"auto, (max-width: 320px) 100vw, 320px\" \/><\/figure>\n\n\n\n<figure class=\"wp-block-image aligncenter size-full\"><img loading=\"lazy\" decoding=\"async\" width=\"320\" height=\"228\" src=\"https:\/\/renatodias.online\/movimento\/wp-content\/uploads\/2024\/01\/8-de-janeiro-de-2023-3-e1704734892211.png\" alt=\"\" class=\"wp-image-19193\" srcset=\"https:\/\/renatodias.online\/movimento\/wp-content\/uploads\/2024\/01\/8-de-janeiro-de-2023-3-e1704734892211.png 320w, https:\/\/renatodias.online\/movimento\/wp-content\/uploads\/2024\/01\/8-de-janeiro-de-2023-3-e1704734892211-300x214.png 300w, https:\/\/renatodias.online\/movimento\/wp-content\/uploads\/2024\/01\/8-de-janeiro-de-2023-3-e1704734892211-150x107.png 150w\" sizes=\"auto, (max-width: 320px) 100vw, 320px\" \/><\/figure>\n\n\n\n<figure class=\"wp-block-embed is-type-video is-provider-youtube wp-block-embed-youtube wp-embed-aspect-16-9 wp-has-aspect-ratio\"><div class=\"wp-block-embed__wrapper\">\n<iframe loading=\"lazy\" title=\"8 DE JANEIRO: Anatomia de um Ataque Golpista\" width=\"960\" height=\"540\" src=\"https:\/\/www.youtube.com\/embed\/L8jxfjCcKtk?feature=oembed\" frameborder=\"0\" allow=\"accelerometer; autoplay; clipboard-write; encrypted-media; gyroscope; picture-in-picture; web-share\" referrerpolicy=\"strict-origin-when-cross-origin\" allowfullscreen><\/iframe>\n<\/div><\/figure>\n\n\n\n<figure class=\"wp-block-image aligncenter size-full\"><img loading=\"lazy\" decoding=\"async\" width=\"200\" height=\"200\" src=\"https:\/\/renatodias.online\/movimento\/wp-content\/uploads\/2022\/07\/Podcast.jpg\" alt=\"\" class=\"wp-image-13381\" srcset=\"https:\/\/renatodias.online\/movimento\/wp-content\/uploads\/2022\/07\/Podcast.jpg 200w, https:\/\/renatodias.online\/movimento\/wp-content\/uploads\/2022\/07\/Podcast-150x150.jpg 150w\" sizes=\"auto, (max-width: 200px) 100vw, 200px\" \/><\/figure>\n\n\n\n<figure class=\"wp-block-audio\"><audio controls src=\"https:\/\/renatodias.online\/movimento\/wp-content\/uploads\/2024\/01\/PTT-20240106-WA0025-online-audio-converter.com6_.mp3\"><\/audio><figcaption class=\"wp-element-caption\"><strong>Frederico Vitor de Oliveira, historiador<\/strong><\/figcaption><\/figure>\n\n\n\n<figure class=\"wp-block-audio\"><audio controls src=\"https:\/\/renatodias.online\/movimento\/wp-content\/uploads\/2024\/01\/PTT-20240107-WA0019-online-audio-converter.com1_.mp3\"><\/audio><figcaption class=\"wp-element-caption\"><strong>Euler Ivo Vieira, pensador marxista<\/strong><\/figcaption><\/figure>\n\n\n\n<figure class=\"wp-block-audio\"><audio controls src=\"https:\/\/renatodias.online\/movimento\/wp-content\/uploads\/2024\/01\/PTT-20240106-WA0024-online-audio-converter.com_.mp3\"><\/audio><figcaption class=\"wp-element-caption\"><strong>M\u00e1rcio Santilli, fil\u00f3sofo<\/strong><\/figcaption><\/figure>\n\n\n\n<figure class=\"wp-block-audio\"><audio controls src=\"https:\/\/renatodias.online\/movimento\/wp-content\/uploads\/2024\/01\/PTT-20240107-WA0021-online-audio-converter.com5_.mp3\"><\/audio><figcaption class=\"wp-element-caption\"><strong>Daniel Aar\u00e3o Reis Filho, historiador<\/strong><\/figcaption><\/figure>\n\n\n\n<figure class=\"wp-block-audio\"><audio controls src=\"https:\/\/renatodias.online\/movimento\/wp-content\/uploads\/2024\/01\/PTT-20240106-WA0010-online-audio-converter.com4_.mp3\"><\/audio><figcaption class=\"wp-element-caption\"><strong>Gilvane Felipe, historiador<\/strong><\/figcaption><\/figure>\n\n\n\n<figure class=\"wp-block-audio\"><audio controls src=\"https:\/\/renatodias.online\/movimento\/wp-content\/uploads\/2024\/01\/PTT-20240105-WA0050-online-audio-converter.com-Copia.mp3\"><\/audio><figcaption class=\"wp-element-caption\"><strong>Paulo Win\u00edcius, historiador<\/strong><\/figcaption><\/figure>\n\n\n\n<figure class=\"wp-block-audio\"><audio controls src=\"https:\/\/renatodias.online\/movimento\/wp-content\/uploads\/2024\/01\/PTT-20240105-WA0055-online-audio-converter.com1-Copia.mp3\"><\/audio><figcaption class=\"wp-element-caption\"><strong>N\u00e1dia Pires, escritora<\/strong><\/figcaption><\/figure>\n\n\n\n<figure class=\"wp-block-audio\"><audio controls src=\"https:\/\/renatodias.online\/movimento\/wp-content\/uploads\/2024\/01\/PTT-20240106-WA0016-online-audio-converter.com-Copia.mp3\"><\/audio><figcaption class=\"wp-element-caption\"><strong>J\u00falio Turra, soci\u00f3logo trotskista<\/strong><\/figcaption><\/figure>\n\n\n\n<figure class=\"wp-block-audio\"><audio controls src=\"https:\/\/renatodias.online\/movimento\/wp-content\/uploads\/2024\/01\/PTT-20240108-WA0005-online-audio-converter.com4_.mp3\"><\/audio><figcaption class=\"wp-element-caption\"><strong>N\u00e9ia Vieira, sindicalista<\/strong><\/figcaption><\/figure>\n\n\n\n<figure class=\"wp-block-image aligncenter size-full\"><img loading=\"lazy\" decoding=\"async\" width=\"200\" height=\"180\" src=\"https:\/\/renatodias.online\/movimento\/wp-content\/uploads\/2023\/07\/Jair-Bolsonaro-condenado-sem-anistia-e1704741913958.png\" alt=\"\" class=\"wp-image-17308\" srcset=\"https:\/\/renatodias.online\/movimento\/wp-content\/uploads\/2023\/07\/Jair-Bolsonaro-condenado-sem-anistia-e1704741913958.png 200w, https:\/\/renatodias.online\/movimento\/wp-content\/uploads\/2023\/07\/Jair-Bolsonaro-condenado-sem-anistia-e1704741913958-150x135.png 150w\" sizes=\"auto, (max-width: 200px) 100vw, 200px\" \/><\/figure>\n\n\n\n<p class=\"has-text-align-center\"><strong>Puni\u00e7\u00e3o aos envolvidos na pauta<\/strong><\/p>\n\n\n\n<p>Nenhum peixe gordo foi punido nas altas esferas militares, pol\u00edticas, empresariais, jur\u00eddicas e diplom\u00e1ticas, avisa o economista polon\u00eas radicado no Brasil, <strong>Markus Sokol<\/strong>. &#8220;Se n\u00e3o houve anistia, um ano depois \u00e9&nbsp;preciso perguntar por que, ent\u00e3o, ningu\u00e9m &#8220;grande&#8217; chegou a ser punido?&nbsp; Quando os poderes punir\u00e3o os peixes gordos?&#8221;.<\/p>\n\n\n\n<figure class=\"wp-block-image aligncenter size-full\"><img loading=\"lazy\" decoding=\"async\" width=\"156\" height=\"159\" src=\"https:\/\/renatodias.online\/movimento\/wp-content\/uploads\/2020\/06\/Marcus-Sokol-2-e1704731786584.jpg\" alt=\"\" class=\"wp-image-4007\" srcset=\"https:\/\/renatodias.online\/movimento\/wp-content\/uploads\/2020\/06\/Marcus-Sokol-2-e1704731786584.jpg 156w, https:\/\/renatodias.online\/movimento\/wp-content\/uploads\/2020\/06\/Marcus-Sokol-2-e1704731786584-150x153.jpg 150w\" sizes=\"auto, (max-width: 156px) 100vw, 156px\" \/><figcaption class=\"wp-element-caption\"><strong>Markus Sokol<\/strong><\/figcaption><\/figure>\n\n\n\n<p>O fortalecimento da democracia deve ser uma tarefa permanente, afirma o deputado federal <strong>Rubens Otoni<\/strong>. N\u00e3o espor\u00e1dica ou emergencial, explica. O Brasil superou a tentativa de golpe de 8 de janeiro com a\u00e7\u00e3o firme e conjunta dos poderes constitu\u00eddos, frisa. O golpe deve ser sempre lembrado e denunciado para que n\u00e3o mais aconte\u00e7a, diz.<\/p>\n\n\n\n<figure class=\"wp-block-image aligncenter size-full\"><img loading=\"lazy\" decoding=\"async\" width=\"150\" height=\"113\" src=\"https:\/\/renatodias.online\/movimento\/wp-content\/uploads\/2021\/03\/Rubens-Otoni-Gomide-2-e1704731835245.jpg\" alt=\"Rubens Otoni Gomide\" class=\"wp-image-5656\"\/><figcaption class=\"wp-element-caption\"><strong>Rubens Otoni Gomide<\/strong><\/figcaption><\/figure>\n\n\n\n<p>O ataque de 8 de janeiro de 2023 aos Tr\u00eas Poderes aponta que a tradi\u00e7\u00e3o golpista das For\u00e7as Armadas est\u00e1 sempre no cio, como a cadela do fascismo, atira o advogado constitucionalista <strong>Gustavo Alves de Oliveira<\/strong>. Ditadura nunca mais, dispara o Operador do Direito. \u00c9 urgente fortalecer a democracia, com esquerdas, liberais e democratas, fuzila.<\/p>\n\n\n\n<figure class=\"wp-block-image aligncenter size-full\"><img decoding=\"async\" src=\"https:\/\/renatodias.online\/movimento\/wp-content\/uploads\/2022\/08\/Gustavo-Alves-de-Oliveira-Lola-e1704731904954.jpg\" alt=\"\" class=\"wp-image-13938\"\/><figcaption class=\"wp-element-caption\"><strong>Gustavo Alves de Oliveira [Lola]<\/strong><\/figcaption><\/figure>\n\n\n\n<p>Mais do que a indigna\u00e7\u00e3o com as cenas sombrias de selvageria, deve prevalecer o alerta e a exig\u00eancia de puni\u00e7\u00e3o aos civis e militares envolvidos, com o planejamento, financiamento, execu\u00e7\u00e3o, assim como ao Alto Comando do Ex\u00e9rcito que permitiu mais de dois meses de acampamentos, observa historiador marxista e trotskista <strong>Fred Fraz\u00e3o<\/strong>.<\/p>\n\n\n\n<figure class=\"wp-block-image aligncenter size-full\"><img loading=\"lazy\" decoding=\"async\" width=\"150\" height=\"267\" src=\"https:\/\/renatodias.online\/movimento\/wp-content\/uploads\/2022\/05\/Fred-Frazao-especial-e1704731955256.jpg\" alt=\"\" class=\"wp-image-12485\"\/><figcaption class=\"wp-element-caption\"><strong>Fred Fraz\u00e3o<\/strong><\/figcaption><\/figure>\n\n\n\n<p>N\u00e3o conciliar como \u00e0 \u00e9poca do general Jo\u00e3o Baptista de Oliveira Figueiredo e muito menos anistiar os participantes da tentativa de Golpe de Estado civil e militar de 8 de janeiro de 2023. \u00c9 o que prop\u00f5e o professor de Hist\u00f3ria <strong>Reinaldo Pantale\u00e3o<\/strong>. A receita \u00e9 refor\u00e7ar a democracia com ampla participa\u00e7\u00e3o popular, ele afirma, hoje.<\/p>\n\n\n\n<figure class=\"wp-block-image aligncenter size-full\"><img loading=\"lazy\" decoding=\"async\" width=\"150\" height=\"98\" src=\"https:\/\/renatodias.online\/movimento\/wp-content\/uploads\/2021\/01\/Reinaldo-de-Assis-Pantale\u00e3o-e1704731997882.jpg\" alt=\"einaldo-de-Assis-Pantale\u00e3o\" class=\"wp-image-5118\"\/><figcaption class=\"wp-element-caption\"><strong>Reinaldo Pantale\u00e3o<\/strong><\/figcaption><\/figure>\n\n\n\n<p>O golpe de Estado de&nbsp;8 de janeiro de 2023 n\u00e3o teve sucesso porque n\u00e3o houve apoio externo dos EUA, avalia <strong>Itamar Borges<\/strong>, graduado em Letras e analista pol\u00edtico. N\u00e3o havia nem h\u00e1 mobiliza\u00e7\u00e3o nem disposi\u00e7\u00e3o popular para conter tentativa semelhante. O Pa\u00eds salvou-se por conting\u00eancias externas favor\u00e1veis, cr\u00ea. &#8220;Crime precisa de puni\u00e7\u00e3o&#8221;.<\/p>\n\n\n\n<figure class=\"wp-block-image aligncenter size-full\"><img decoding=\"async\" src=\"https:\/\/renatodias.online\/movimento\/wp-content\/uploads\/2023\/07\/Itamar-Borges-PR-GO-e1704732090369.jpg\" alt=\"\" class=\"wp-image-17592\"\/><figcaption class=\"wp-element-caption\">Itamar Borges<\/figcaption><\/figure>\n\n\n\n<p>O fascismo n\u00e3o est\u00e1 morto, ele apenas adormece, sublinha o advogado e exilado pol\u00edtico nos anos de ouro e de chumbo, <strong>Leopoldo Paulino<\/strong>. Os fascistas foram incentivados para o 8 de janeiro de 2023 pelo ex-presidente da Rep\u00fablica Jair Bolsonaro, insiste. O Brasil deve relembrar a data para n\u00e3o esquece-la nem repeti-la, diz.<\/p>\n\n\n\n<figure class=\"wp-block-image aligncenter size-full\"><img loading=\"lazy\" decoding=\"async\" width=\"150\" height=\"150\" src=\"https:\/\/renatodias.online\/movimento\/wp-content\/uploads\/2021\/09\/Chile-Leopoldo-Paulino-1-e1704732183638.jpg\" alt=\"\" class=\"wp-image-8952\" srcset=\"https:\/\/renatodias.online\/movimento\/wp-content\/uploads\/2021\/09\/Chile-Leopoldo-Paulino-1-e1704732183638.jpg 150w, https:\/\/renatodias.online\/movimento\/wp-content\/uploads\/2021\/09\/Chile-Leopoldo-Paulino-1-e1704732183638-96x96.jpg 96w\" sizes=\"auto, (max-width: 150px) 100vw, 150px\" \/><figcaption class=\"wp-element-caption\"><strong>Chile &#8211; Leopoldo Paulino<\/strong><\/figcaption><\/figure>\n\n\n\n<figure class=\"wp-block-image aligncenter size-full\"><img loading=\"lazy\" decoding=\"async\" width=\"150\" height=\"150\" src=\"https:\/\/renatodias.online\/movimento\/wp-content\/uploads\/2022\/11\/Frases-e1676837442578.jpg\" alt=\"\" class=\"wp-image-14714\"\/><\/figure>\n\n\n\n<p class=\"has-text-align-center\"><strong>\u2018<mark style=\"background-color:rgba(0, 0, 0, 0)\" class=\"has-inline-color has-vivid-green-cyan-color\">Nenhum extremo \u00e9 saud\u00e1vel. Existem coisas boas na direita e na esquerda, mas sem radicalismo&#8217;<\/mark><\/strong><\/p>\n\n\n\n<p class=\"has-text-align-center\"><strong><mark style=\"background-color:rgba(0, 0, 0, 0)\" class=\"has-inline-color has-vivid-cyan-blue-color\">Jardel Sebba<\/mark><\/strong><\/p>\n\n\n\n<figure class=\"wp-block-image aligncenter size-full\"><img loading=\"lazy\" decoding=\"async\" width=\"150\" height=\"120\" src=\"https:\/\/renatodias.online\/movimento\/wp-content\/uploads\/2021\/04\/Jardel-Sebba-Coronavirus-e1704732293297.jpg\" alt=\"\" class=\"wp-image-5961\"\/><figcaption class=\"wp-element-caption\"><strong><mark style=\"background-color:rgba(0, 0, 0, 0)\" class=\"has-inline-color has-vivid-purple-color\">Jardel Sebba<\/mark><\/strong><br><br><br> <\/figcaption><\/figure>\n\n\n\n<figure class=\"wp-block-image aligncenter size-full\"><img loading=\"lazy\" decoding=\"async\" width=\"200\" height=\"105\" src=\"https:\/\/renatodias.online\/movimento\/wp-content\/uploads\/2022\/04\/Artigo-de-Opiniao-e1704732335502.jpg\" alt=\"\" class=\"wp-image-11649\" srcset=\"https:\/\/renatodias.online\/movimento\/wp-content\/uploads\/2022\/04\/Artigo-de-Opiniao-e1704732335502.jpg 200w, https:\/\/renatodias.online\/movimento\/wp-content\/uploads\/2022\/04\/Artigo-de-Opiniao-e1704732335502-150x79.jpg 150w\" sizes=\"auto, (max-width: 200px) 100vw, 200px\" \/><\/figure>\n\n\n\n<p class=\"has-text-align-center\"><strong><mark style=\"background-color:rgba(0, 0, 0, 0)\" class=\"has-inline-color has-vivid-green-cyan-color\">O Golpe de 8 de janeiro<\/mark><\/strong><\/p>\n\n\n\n<p class=\"has-text-align-center\"><strong><mark style=\"background-color:rgba(0, 0, 0, 0)\" class=\"has-inline-color has-vivid-cyan-blue-color\">Jos\u00e9 Dirceu<\/mark><\/strong><\/p>\n\n\n\n<p>O caminho para a constru\u00e7\u00e3o do golpe de 8 de janeiro come\u00e7ou com o suporte das For\u00e7as Armadas ao golpe jur\u00eddico-parlamentar contra a presidente Dilma Rousseff e foi pavimentado pelo apoio dos militares \u00e0 elei\u00e7\u00e3o de Jair Bolsonaro em 2018, pela forte presen\u00e7a em seu governo autorit\u00e1rio e negacionista, e pela coniv\u00eancia dos chefes militares com os acampamentos em frente aos quart\u00e9is p\u00f3s-elei\u00e7\u00e3o de Lula. Podemos afirmar, sem nenhuma d\u00favida, que o golpe de 8 de janeiro foi uma consequ\u00eancia natural do ciclo que se abriu com a volta dos militares \u00e0 pol\u00edtica, uma voca\u00e7\u00e3o hist\u00f3rica n\u00e3o resolvida na transi\u00e7\u00e3o democr\u00e1tica e na Constituinte de 1988. O ovo da serpente manteve-se preservado dentro da institui\u00e7\u00e3o militar uma vez que os militares n\u00e3o foram julgados e responsabilizados nem pelo golpe de 1964, nem pelos crimes e viola\u00e7\u00f5es dos direitos humanos cometidos em nome do Estado durante a ditadura por eles comandada.<\/p>\n\n\n\n<figure class=\"wp-block-image aligncenter size-full\"><img loading=\"lazy\" decoding=\"async\" width=\"300\" height=\"225\" src=\"https:\/\/renatodias.online\/movimento\/wp-content\/uploads\/2021\/05\/Alvorada-Dilma-Rousseff-e1630712039695.jpg\" alt=\"\" class=\"wp-image-6864\"\/><figcaption class=\"wp-element-caption\"><strong>Dilma Rousseff<\/strong><\/figcaption><\/figure>\n\n\n\n<p>Trinta anos ap\u00f3s o restabelecimento da democracia no Brasil, a m\u00e3o invis\u00edvel dos militares esteve presente no golpe parlamentar-judicial que dep\u00f4s a presidente constitucional Dilma Rousseff. Ela foi personificada na figura do general Sergio Etchegoyen, fiador da posse do vice-presidente Michel Temer e delegado das For\u00e7as Armadas junto \u00e0 presid\u00eancia. Ele iniciou o processo de reorganiza\u00e7\u00e3o e controle da Intelig\u00eancia do Estado, depois consumado pelo seu colega de armas, general Augusto Heleno.<\/p>\n\n\n\n<figure class=\"wp-block-image aligncenter size-full\"><img loading=\"lazy\" decoding=\"async\" width=\"171\" height=\"295\" src=\"https:\/\/renatodias.online\/movimento\/wp-content\/uploads\/2023\/09\/Augusto-Heleno.jpg\" alt=\"\" class=\"wp-image-18229\" srcset=\"https:\/\/renatodias.online\/movimento\/wp-content\/uploads\/2023\/09\/Augusto-Heleno.jpg 171w, https:\/\/renatodias.online\/movimento\/wp-content\/uploads\/2023\/09\/Augusto-Heleno-150x259.jpg 150w\" sizes=\"auto, (max-width: 171px) 100vw, 171px\" \/><figcaption class=\"wp-element-caption\"><strong>Augusto Heleno<\/strong><\/figcaption><\/figure>\n\n\n\n<p>Em entrevista, Etchegoyen listou as tr\u00eas raz\u00f5es para a deposi\u00e7\u00e3o da presidente Dilma: instala\u00e7\u00e3o da Comiss\u00e3o da Verdade, promo\u00e7\u00e3o nas For\u00e7as Armadas e educa\u00e7\u00e3o nas escolas militares. Ou seja, disse textualmente que as For\u00e7as Armadas n\u00e3o aceitavam as iniciativas de submeter o poder militar ao poder civil como manda a Constitui\u00e7\u00e3o, j\u00e1 que a presidente ou o presidente da Rep\u00fablica \u00e9 o comandante supremo das For\u00e7as Armadas. Em seguida, mais uma interven\u00e7\u00e3o militar na vida pol\u00edtica do pa\u00eds: o tu\u00edte do ent\u00e3o comandante do Ex\u00e9rcito, general Villas Boas, sugerindo (mais que sugest\u00e3o, uma voz de comando) ao STF para n\u00e3o conceder um habeas corpus ao presidente Lula, preso injustamente num processo pol\u00edtico, sum\u00e1rio e de exce\u00e7\u00e3o promovido pela Lava Jato. Do ponto de vista jur\u00eddico, \u00e9 bom lembrar, o HC era um direito l\u00edquido e certo de Lula.<\/p>\n\n\n\n<figure class=\"wp-block-image aligncenter size-full\"><img loading=\"lazy\" decoding=\"async\" width=\"150\" height=\"106\" src=\"https:\/\/renatodias.online\/movimento\/wp-content\/uploads\/2021\/06\/Forcas-Armadas-e1704732636656.jpg\" alt=\"\" class=\"wp-image-7395\"\/><figcaption class=\"wp-element-caption\"><strong>For\u00e7as Armadas no Brasil<\/strong><\/figcaption><\/figure>\n\n\n\n<p>Na esteira desses acontecimentos, as For\u00e7as Armadas retomaram sua ilegal e inconstitucional atua\u00e7\u00e3o, com o objetivo de voltar a dirigir os destinos do Brasil. Apoiaram e sustentaram a candidatura de Jair Bolsonaro, apesar de ele ter sido processado e julgado por violar o juramento militar, na pr\u00e1tica uma expuls\u00e3o branca. Depois de sua elei\u00e7\u00e3o para a Presid\u00eancia da Rep\u00fablica, grande parte do generalato de quatro estrelas foi para o governo e milhares de oficiais da reserva e da ativa ganharam cargos p\u00fablicos, numa demonstra\u00e7\u00e3o do car\u00e1ter militar do governo.<\/p>\n\n\n\n<figure class=\"wp-block-image aligncenter size-full\"><img decoding=\"async\" src=\"https:\/\/renatodias.online\/movimento\/wp-content\/uploads\/2023\/01\/Jair-Messias-Bolsonaro-caricatura-Estadao-e1686955652426.jpg\" alt=\"\" class=\"wp-image-15440\"\/><figcaption class=\"wp-element-caption\"><strong>Jair Messias Bolsonaro<\/strong><\/figcaption><\/figure>\n\n\n\n<p>Durante os quatro anos de mandato, Jair Bolsonaro montou sua estrat\u00e9gia golpista e autorit\u00e1ria ou com apoio expl\u00edcito das For\u00e7as Armadas ou, pelo menos, com sua complac\u00eancia. N\u00e3o foi diferente durante a epidemia da Covid 19, quando os militares apoiaram ou fizeram vista grossa \u00e0 atua\u00e7\u00e3o criminosa de Bolsonaro, ao seu negacionismo e obscurantismo. Tamb\u00e9m n\u00e3o foi diferente quando Bolsonaro empreendeu campanha com o objetivo de descredenciar e desmoralizar as urnas eletr\u00f4nicas e o processo democr\u00e1tico. Apesar da resist\u00eancia dos partidos de oposi\u00e7\u00e3o aos atentados \u00e0 democracia, das reiteradas den\u00fancias sobre a politiza\u00e7\u00e3o das for\u00e7as militares \u2013 Pol\u00edcia Militar, Pol\u00edcia Federal, Pol\u00edcia Rodovi\u00e1ria Federal, Abin e das For\u00e7as Armadas \u2013 e do aumento de seu poder, o Congresso Nacional e o STF foram t\u00edmidos em suas respostas. T\u00edmidos e t\u00edbios. A \u00fanica exce\u00e7\u00e3o foi a a\u00e7\u00e3o imediata do STF na pandemia.<\/p>\n\n\n\n<figure class=\"wp-block-image aligncenter size-full\"><img loading=\"lazy\" decoding=\"async\" width=\"157\" height=\"84\" src=\"https:\/\/renatodias.online\/movimento\/wp-content\/uploads\/2020\/09\/Coronav\u00edrus-Covid-19-2-e1704732761786.jpg\" alt=\"Coronav\u00edrus Covid 19\" class=\"wp-image-4654\" srcset=\"https:\/\/renatodias.online\/movimento\/wp-content\/uploads\/2020\/09\/Coronav\u00edrus-Covid-19-2-e1704732761786.jpg 157w, https:\/\/renatodias.online\/movimento\/wp-content\/uploads\/2020\/09\/Coronav\u00edrus-Covid-19-2-e1704732761786-150x80.jpg 150w\" sizes=\"auto, (max-width: 157px) 100vw, 157px\" \/><figcaption class=\"wp-element-caption\"><strong>Coronav\u00edrus Covid 19<\/strong><\/figcaption><\/figure>\n\n\n\n<p class=\"has-text-align-center\"><strong>Caminho pavimentado<\/strong><\/p>\n\n\n\n<p>Esse roteiro abriu caminho para Bolsonaro construir o golpe de 8 de janeiro, com apoio de empres\u00e1rios, principalmente do agroneg\u00f3cio; de setores beneficiados pelo seu governo; de deputados e senadores, partidos e governadores. A prepara\u00e7\u00e3o para o golpe explica a escalada de atos e mobiliza\u00e7\u00f5es em todo pa\u00eds durante o ano eleitoral e, ap\u00f3s a derrota de Bolsonaro e vit\u00f3ria de Lula, os acampamentos em frente ao quart\u00e9is do Ex\u00e9rcito, fator decisivo para o sucesso do dia 8 de janeiro com a ocupa\u00e7\u00e3o e destrui\u00e7\u00e3o das sedes dos Tr\u00eas Poderes da Rep\u00fablica. Cap\u00edtulo \u00e0 parte foi a atua\u00e7\u00e3o, nas redes sociais, dos financiadores e controladores de v\u00e1rias contas e perfis e de dezenas de meios de comunica\u00e7\u00e3o que sustentaram Bolsonaro desde a campanha de 2018.<\/p>\n\n\n\n<figure class=\"wp-block-image aligncenter size-full\"><img loading=\"lazy\" decoding=\"async\" width=\"460\" height=\"297\" src=\"https:\/\/renatodias.online\/movimento\/wp-content\/uploads\/2023\/01\/Terrorismo-9-A-ideia-era-impedir-a-subida-da-rampa-por-Lula-e1704732884202.png\" alt=\"\" class=\"wp-image-15397\" srcset=\"https:\/\/renatodias.online\/movimento\/wp-content\/uploads\/2023\/01\/Terrorismo-9-A-ideia-era-impedir-a-subida-da-rampa-por-Lula-e1704732884202.png 460w, https:\/\/renatodias.online\/movimento\/wp-content\/uploads\/2023\/01\/Terrorismo-9-A-ideia-era-impedir-a-subida-da-rampa-por-Lula-e1704732884202-300x194.png 300w, https:\/\/renatodias.online\/movimento\/wp-content\/uploads\/2023\/01\/Terrorismo-9-A-ideia-era-impedir-a-subida-da-rampa-por-Lula-e1704732884202-150x97.png 150w\" sizes=\"auto, (max-width: 460px) 100vw, 460px\" \/><figcaption class=\"wp-element-caption\"><strong>A ideia era impedir a subida da rampa por Luiz In\u00e1cio Lula da Silva<\/strong><\/figcaption><\/figure>\n\n\n\n<p>Embora acampamentos em \u00e1reas militares, quart\u00e9is ou qualquer outra instala\u00e7\u00e3o militar seja crime, os chefes militares n\u00e3o fizeram nenhum movimento para impedir a sua instala\u00e7\u00e3o ou desmobiliz\u00e1-los. Ao contr\u00e1rio, viram os acampamentos com toler\u00e2ncia e benevol\u00eancia, o que estimulou sua perman\u00eancia. Assim, a responsabilidade civil e penal dos chefes militares \u00e9 mais do que evidente e sua atitude omissa em rela\u00e7\u00e3o aos acampamentos, para n\u00e3o dizer c\u00famplice, foi decisiva para a mobiliza\u00e7\u00e3o de 8 de janeiro e para fortalecer a confian\u00e7a dos manifestantes de que teriam apoio militar para um golpe de Estado.<\/p>\n\n\n\n<figure class=\"wp-block-image aligncenter size-full\"><img loading=\"lazy\" decoding=\"async\" width=\"400\" height=\"250\" src=\"https:\/\/renatodias.online\/movimento\/wp-content\/uploads\/2023\/05\/Jair-Bolsonaro-Ele-sabia-de-tudo-2-e1704732985214.jpg\" alt=\"\" class=\"wp-image-16658\" srcset=\"https:\/\/renatodias.online\/movimento\/wp-content\/uploads\/2023\/05\/Jair-Bolsonaro-Ele-sabia-de-tudo-2-e1704732985214.jpg 400w, https:\/\/renatodias.online\/movimento\/wp-content\/uploads\/2023\/05\/Jair-Bolsonaro-Ele-sabia-de-tudo-2-e1704732985214-300x188.jpg 300w, https:\/\/renatodias.online\/movimento\/wp-content\/uploads\/2023\/05\/Jair-Bolsonaro-Ele-sabia-de-tudo-2-e1704732985214-150x94.jpg 150w\" sizes=\"auto, (max-width: 400px) 100vw, 400px\" \/><\/figure>\n\n\n\n<p>N\u00e3o se pode registrar a hist\u00f3ria do dia 8 de janeiro \u2013 o dia da Inf\u00e2mia \u2013 sem cobrar a responsabilidade das For\u00e7as Armadas e de seus chefes e cadeia de comando. Ou seja, daqueles que no governo e na PM de Bras\u00edlia, na Pol\u00edcia Federal e na Pol\u00edcia Rodovi\u00e1ria Federal apoiaram abertamente o golpe. Golpe que foi derrotado gra\u00e7as \u00e0 falta de suporte aos golpistas em outras partes do pa\u00eds fora de Bras\u00edlia, \u00e0 pronta resposta do STF e do TSE, \u00e0 a\u00e7\u00e3o imediata do presidente Lula e de seu governo, Minist\u00e9rio da Justi\u00e7a \u00e0 frente, dos presidentes da C\u00e2mara dos Deputados e do Senado, que encontraram forte respaldo na sociedade civil, na maioria dos partidos pol\u00edticos e governadores, em parte das For\u00e7as Armadas, nos meios de comunica\u00e7\u00e3o e na comunidade internacional.<\/p>\n\n\n\n<figure class=\"wp-block-image aligncenter size-full\"><img loading=\"lazy\" decoding=\"async\" width=\"300\" height=\"200\" src=\"https:\/\/renatodias.online\/movimento\/wp-content\/uploads\/2021\/08\/Alexandre-de-Moraes-STF-e1704732823514.jpg\" alt=\"\" class=\"wp-image-8701\" srcset=\"https:\/\/renatodias.online\/movimento\/wp-content\/uploads\/2021\/08\/Alexandre-de-Moraes-STF-e1704732823514.jpg 300w, https:\/\/renatodias.online\/movimento\/wp-content\/uploads\/2021\/08\/Alexandre-de-Moraes-STF-e1704732823514-150x100.jpg 150w\" sizes=\"auto, (max-width: 300px) 100vw, 300px\" \/><figcaption class=\"wp-element-caption\"><strong>Ministro do STF, Alexandre de Moraes <\/strong><\/figcaption><\/figure>\n\n\n\n<p>O que a sociedade quer saber \u00e9 se todos os implicados nesse crime de trai\u00e7\u00e3o \u00e0 Constitui\u00e7\u00e3o e \u00e0 democracia em nosso pa\u00eds, sejam eles civis ou militares, populares ou empres\u00e1rios, respons\u00e1veis pelas redes sociais, pol\u00edticos ou n\u00e3o, v\u00e3o ter as penas que merecem. S\u00f3 teremos as respostas com a conclus\u00e3o dos inqu\u00e9ritos e processos conduzidos legitimamente pelo ministro Alexandre de Moraes. A verdade hist\u00f3rica \u00e9 que se pregou e se tentou um golpe de Estado sob a inspira\u00e7\u00e3o e dire\u00e7\u00e3o de Jair Bolsonaro. Todos os respons\u00e1veis, independentemente de sua origem e status, devem ser processados. E, os que forem condenados, devem ser impedidos de participar da vida pol\u00edtica do pa\u00eds.<\/p>\n\n\n\n<figure class=\"wp-block-embed is-type-video is-provider-youtube wp-block-embed-youtube wp-embed-aspect-16-9 wp-has-aspect-ratio\"><div class=\"wp-block-embed__wrapper\">\n<iframe loading=\"lazy\" title=\"Sakamoto: Lula acertou ao desconfiar de militares no golpismo de 8 de janeiro\" width=\"960\" height=\"540\" src=\"https:\/\/www.youtube.com\/embed\/bf3xLTE8wrM?feature=oembed\" frameborder=\"0\" allow=\"accelerometer; autoplay; clipboard-write; encrypted-media; gyroscope; picture-in-picture; web-share\" referrerpolicy=\"strict-origin-when-cross-origin\" allowfullscreen><\/iframe>\n<\/div><\/figure>\n","protected":false},"excerpt":{"rendered":"<p>8 de janeiro de 2023 A derrota do golpe de Estado civil e militar Renato Dias Civis e fardados conspiraram. Antes, durante e depois das elei\u00e7\u00f5es de 2022. At\u00e9 as portas, janelas, corredores e escadas de Bras\u00edlia sabiam. J\u00e1 estava escrito desde 7 de setembro de 2021. Os ataques \u00e0s urnas eletr\u00f4nicas, \u00e0s institui\u00e7\u00f5es tiveram<\/p>\n","protected":false},"author":2,"featured_media":17509,"comment_status":"open","ping_status":"open","sticky":false,"template":"","format":"standard","meta":{"_acf_changed":false,"_monsterinsights_skip_tracking":false,"_monsterinsights_sitenote_active":false,"_monsterinsights_sitenote_note":"","_monsterinsights_sitenote_category":0,"footnotes":""},"categories":[57,160,35,83,4],"tags":[],"class_list":["post-19187","post","type-post","status-publish","format-standard","has-post-thumbnail","hentry","category-entrevista","category-historia","category-nacional","category-opiniao","category-politica"],"acf":[],"yoast_head":"<!-- This site is optimized with the Yoast SEO plugin v27.4 - https:\/\/yoast.com\/product\/yoast-seo-wordpress\/ -->\n<title>O dia que n\u00e3o terminou -<\/title>\n<meta name=\"robots\" content=\"index, follow, max-snippet:-1, max-image-preview:large, max-video-preview:-1\" \/>\n<link rel=\"canonical\" href=\"https:\/\/renatodias.online\/movimento\/2024\/01\/08\/o-dia-que-nao-terminou\/\" \/>\n<meta property=\"og:locale\" content=\"pt_BR\" \/>\n<meta property=\"og:type\" content=\"article\" \/>\n<meta property=\"og:title\" content=\"O dia que n\u00e3o terminou -\" \/>\n<meta property=\"og:description\" content=\"8 de janeiro de 2023 A derrota do golpe de Estado civil e militar Renato Dias Civis e fardados conspiraram. Antes, durante e depois das elei\u00e7\u00f5es de 2022. At\u00e9 as portas, janelas, corredores e escadas de Bras\u00edlia sabiam. J\u00e1 estava escrito desde 7 de setembro de 2021. Os ataques \u00e0s urnas eletr\u00f4nicas, \u00e0s institui\u00e7\u00f5es tiveram\" \/>\n<meta property=\"og:url\" content=\"https:\/\/renatodias.online\/movimento\/2024\/01\/08\/o-dia-que-nao-terminou\/\" \/>\n<meta property=\"article:publisher\" content=\"https:\/\/www.facebook.com\/renato.dias.37\" \/>\n<meta property=\"article:author\" content=\"https:\/\/www.facebook.com\/renato.dias.37\" \/>\n<meta property=\"article:published_time\" content=\"2024-01-08T19:27:03+00:00\" \/>\n<meta property=\"article:modified_time\" content=\"2024-01-08T19:30:29+00:00\" \/>\n<meta property=\"og:image\" content=\"https:\/\/renatodias.online\/movimento\/wp-content\/uploads\/2023\/07\/Ataques-aos-Tres-Poderes-em-8-de-janeiro-de-2023.webp\" \/>\n\t<meta property=\"og:image:width\" content=\"715\" \/>\n\t<meta property=\"og:image:height\" content=\"401\" \/>\n\t<meta property=\"og:image:type\" content=\"image\/webp\" \/>\n<meta name=\"author\" content=\"Renato Dias\" \/>\n<meta name=\"twitter:card\" content=\"summary_large_image\" \/>\n<meta name=\"twitter:creator\" content=\"@RenatoDiasBat\" \/>\n<meta name=\"twitter:site\" content=\"@RenatoDiasBat\" \/>\n<meta name=\"twitter:label1\" content=\"Escrito por\" \/>\n\t<meta name=\"twitter:data1\" content=\"Renato Dias\" \/>\n\t<meta name=\"twitter:label2\" content=\"Est. tempo de leitura\" \/>\n\t<meta name=\"twitter:data2\" content=\"17 minutos\" \/>\n<script type=\"application\/ld+json\" class=\"yoast-schema-graph\">{\"@context\":\"https:\\\/\\\/schema.org\",\"@graph\":[{\"@type\":\"Article\",\"@id\":\"https:\\\/\\\/renatodias.online\\\/movimento\\\/2024\\\/01\\\/08\\\/o-dia-que-nao-terminou\\\/#article\",\"isPartOf\":{\"@id\":\"https:\\\/\\\/renatodias.online\\\/movimento\\\/2024\\\/01\\\/08\\\/o-dia-que-nao-terminou\\\/\"},\"author\":{\"name\":\"Renato Dias\",\"@id\":\"https:\\\/\\\/renatodias.online\\\/movimento\\\/#\\\/schema\\\/person\\\/bbab28833b1725a20f4083f49f1fb2a9\"},\"headline\":\"O dia que n\u00e3o terminou\",\"datePublished\":\"2024-01-08T19:27:03+00:00\",\"dateModified\":\"2024-01-08T19:30:29+00:00\",\"mainEntityOfPage\":{\"@id\":\"https:\\\/\\\/renatodias.online\\\/movimento\\\/2024\\\/01\\\/08\\\/o-dia-que-nao-terminou\\\/\"},\"wordCount\":2304,\"commentCount\":3,\"publisher\":{\"@id\":\"https:\\\/\\\/renatodias.online\\\/movimento\\\/#\\\/schema\\\/person\\\/bbab28833b1725a20f4083f49f1fb2a9\"},\"image\":{\"@id\":\"https:\\\/\\\/renatodias.online\\\/movimento\\\/2024\\\/01\\\/08\\\/o-dia-que-nao-terminou\\\/#primaryimage\"},\"thumbnailUrl\":\"https:\\\/\\\/renatodias.online\\\/movimento\\\/wp-content\\\/uploads\\\/2023\\\/07\\\/Ataques-aos-Tres-Poderes-em-8-de-janeiro-de-2023.webp\",\"articleSection\":[\"Entrevista\",\"Hist\u00f3ria\",\"Nacional\",\"Opini\u00e3o\",\"Pol\u00edtica\"],\"inLanguage\":\"pt-BR\",\"potentialAction\":[{\"@type\":\"CommentAction\",\"name\":\"Comment\",\"target\":[\"https:\\\/\\\/renatodias.online\\\/movimento\\\/2024\\\/01\\\/08\\\/o-dia-que-nao-terminou\\\/#respond\"]}]},{\"@type\":\"WebPage\",\"@id\":\"https:\\\/\\\/renatodias.online\\\/movimento\\\/2024\\\/01\\\/08\\\/o-dia-que-nao-terminou\\\/\",\"url\":\"https:\\\/\\\/renatodias.online\\\/movimento\\\/2024\\\/01\\\/08\\\/o-dia-que-nao-terminou\\\/\",\"name\":\"O dia que n\u00e3o terminou -\",\"isPartOf\":{\"@id\":\"https:\\\/\\\/renatodias.online\\\/movimento\\\/#website\"},\"primaryImageOfPage\":{\"@id\":\"https:\\\/\\\/renatodias.online\\\/movimento\\\/2024\\\/01\\\/08\\\/o-dia-que-nao-terminou\\\/#primaryimage\"},\"image\":{\"@id\":\"https:\\\/\\\/renatodias.online\\\/movimento\\\/2024\\\/01\\\/08\\\/o-dia-que-nao-terminou\\\/#primaryimage\"},\"thumbnailUrl\":\"https:\\\/\\\/renatodias.online\\\/movimento\\\/wp-content\\\/uploads\\\/2023\\\/07\\\/Ataques-aos-Tres-Poderes-em-8-de-janeiro-de-2023.webp\",\"datePublished\":\"2024-01-08T19:27:03+00:00\",\"dateModified\":\"2024-01-08T19:30:29+00:00\",\"breadcrumb\":{\"@id\":\"https:\\\/\\\/renatodias.online\\\/movimento\\\/2024\\\/01\\\/08\\\/o-dia-que-nao-terminou\\\/#breadcrumb\"},\"inLanguage\":\"pt-BR\",\"potentialAction\":[{\"@type\":\"ReadAction\",\"target\":[\"https:\\\/\\\/renatodias.online\\\/movimento\\\/2024\\\/01\\\/08\\\/o-dia-que-nao-terminou\\\/\"]}]},{\"@type\":\"ImageObject\",\"inLanguage\":\"pt-BR\",\"@id\":\"https:\\\/\\\/renatodias.online\\\/movimento\\\/2024\\\/01\\\/08\\\/o-dia-que-nao-terminou\\\/#primaryimage\",\"url\":\"https:\\\/\\\/renatodias.online\\\/movimento\\\/wp-content\\\/uploads\\\/2023\\\/07\\\/Ataques-aos-Tres-Poderes-em-8-de-janeiro-de-2023.webp\",\"contentUrl\":\"https:\\\/\\\/renatodias.online\\\/movimento\\\/wp-content\\\/uploads\\\/2023\\\/07\\\/Ataques-aos-Tres-Poderes-em-8-de-janeiro-de-2023.webp\",\"width\":715,\"height\":401,\"caption\":\"Ataques aos Tr\u00eas Poderes em 8 de janeiro de 2023\"},{\"@type\":\"BreadcrumbList\",\"@id\":\"https:\\\/\\\/renatodias.online\\\/movimento\\\/2024\\\/01\\\/08\\\/o-dia-que-nao-terminou\\\/#breadcrumb\",\"itemListElement\":[{\"@type\":\"ListItem\",\"position\":1,\"name\":\"In\u00edcio\",\"item\":\"https:\\\/\\\/renatodias.online\\\/movimento\\\/\"},{\"@type\":\"ListItem\",\"position\":2,\"name\":\"O dia que n\u00e3o terminou\"}]},{\"@type\":\"WebSite\",\"@id\":\"https:\\\/\\\/renatodias.online\\\/movimento\\\/#website\",\"url\":\"https:\\\/\\\/renatodias.online\\\/movimento\\\/\",\"name\":\"\",\"description\":\"\",\"publisher\":{\"@id\":\"https:\\\/\\\/renatodias.online\\\/movimento\\\/#\\\/schema\\\/person\\\/bbab28833b1725a20f4083f49f1fb2a9\"},\"potentialAction\":[{\"@type\":\"SearchAction\",\"target\":{\"@type\":\"EntryPoint\",\"urlTemplate\":\"https:\\\/\\\/renatodias.online\\\/movimento\\\/?s={search_term_string}\"},\"query-input\":{\"@type\":\"PropertyValueSpecification\",\"valueRequired\":true,\"valueName\":\"search_term_string\"}}],\"inLanguage\":\"pt-BR\"},{\"@type\":[\"Person\",\"Organization\"],\"@id\":\"https:\\\/\\\/renatodias.online\\\/movimento\\\/#\\\/schema\\\/person\\\/bbab28833b1725a20f4083f49f1fb2a9\",\"name\":\"Renato Dias\",\"image\":{\"@type\":\"ImageObject\",\"inLanguage\":\"pt-BR\",\"@id\":\"https:\\\/\\\/renatodias.online\\\/movimento\\\/wp-content\\\/uploads\\\/2023\\\/03\\\/cropped-cropped-cropped-logofinal.jpeg\",\"url\":\"https:\\\/\\\/renatodias.online\\\/movimento\\\/wp-content\\\/uploads\\\/2023\\\/03\\\/cropped-cropped-cropped-logofinal.jpeg\",\"contentUrl\":\"https:\\\/\\\/renatodias.online\\\/movimento\\\/wp-content\\\/uploads\\\/2023\\\/03\\\/cropped-cropped-cropped-logofinal.jpeg\",\"width\":1280,\"height\":219,\"caption\":\"Renato Dias\"},\"logo\":{\"@id\":\"https:\\\/\\\/renatodias.online\\\/movimento\\\/wp-content\\\/uploads\\\/2023\\\/03\\\/cropped-cropped-cropped-logofinal.jpeg\"},\"description\":\"Renato Dias, 58 anos, \u00e9 graduado em Jornalismo, formado em Ci\u00eancias Sociais, com p\u00f3s-gradua\u00e7\u00e3o em Pol\u00edticas P\u00fablicas, mestre em Direito e Rela\u00e7\u00f5es Internacionais, ex-aluno extraordin\u00e1rio do Doutorado em Psicologia Social, ex-estudante do Curso de Psican\u00e1lise do Centro de Estudos Psicanal\u00edticos do Estado de Goi\u00e1s, ministrado pelo m\u00e9dico psiquiatra e psicanalista Daniel Em\u00eddio de Souza. \u00c9 autor de 30 livros-reportagem, oito document\u00e1rios, ganhou 30 pr\u00eamios e \u00e9 torcedor apaixonado do maior do Centro-Oeste, o Vila Nova Futebol Clube. Casado com Meirilane Dias, \u00e9 pai de Juliana Dias, jornalista; Daniel Dias, economista; e Maria Rosa Dias, estudante antifascista, socialista e trotskista.\u00a0Com tr\u00eas pets: Porquinho [Bull Dog Franc\u00eas], Dalila [Basset Hound] e Geleia [Basset Hound]. Al\u00e9m do eterno gato Tutuquinho, que virou estrela.\",\"sameAs\":[\"https:\\\/\\\/www.facebook.com\\\/renato.dias.37\",\"#breve\",\"https:\\\/\\\/renatodias.tumblr.com\\\/\"],\"url\":\"https:\\\/\\\/renatodias.online\\\/movimento\\\/author\\\/renatodias\\\/\"}]}<\/script>\n<!-- \/ Yoast SEO plugin. -->","yoast_head_json":{"title":"O dia que n\u00e3o terminou -","robots":{"index":"index","follow":"follow","max-snippet":"max-snippet:-1","max-image-preview":"max-image-preview:large","max-video-preview":"max-video-preview:-1"},"canonical":"https:\/\/renatodias.online\/movimento\/2024\/01\/08\/o-dia-que-nao-terminou\/","og_locale":"pt_BR","og_type":"article","og_title":"O dia que n\u00e3o terminou -","og_description":"8 de janeiro de 2023 A derrota do golpe de Estado civil e militar Renato Dias Civis e fardados conspiraram. Antes, durante e depois das elei\u00e7\u00f5es de 2022. At\u00e9 as portas, janelas, corredores e escadas de Bras\u00edlia sabiam. J\u00e1 estava escrito desde 7 de setembro de 2021. Os ataques \u00e0s urnas eletr\u00f4nicas, \u00e0s institui\u00e7\u00f5es tiveram","og_url":"https:\/\/renatodias.online\/movimento\/2024\/01\/08\/o-dia-que-nao-terminou\/","article_publisher":"https:\/\/www.facebook.com\/renato.dias.37","article_author":"https:\/\/www.facebook.com\/renato.dias.37","article_published_time":"2024-01-08T19:27:03+00:00","article_modified_time":"2024-01-08T19:30:29+00:00","og_image":[{"width":715,"height":401,"url":"https:\/\/renatodias.online\/movimento\/wp-content\/uploads\/2023\/07\/Ataques-aos-Tres-Poderes-em-8-de-janeiro-de-2023.webp","type":"image\/webp"}],"author":"Renato Dias","twitter_card":"summary_large_image","twitter_creator":"@RenatoDiasBat","twitter_site":"@RenatoDiasBat","twitter_misc":{"Escrito por":"Renato Dias","Est. tempo de leitura":"17 minutos"},"schema":{"@context":"https:\/\/schema.org","@graph":[{"@type":"Article","@id":"https:\/\/renatodias.online\/movimento\/2024\/01\/08\/o-dia-que-nao-terminou\/#article","isPartOf":{"@id":"https:\/\/renatodias.online\/movimento\/2024\/01\/08\/o-dia-que-nao-terminou\/"},"author":{"name":"Renato Dias","@id":"https:\/\/renatodias.online\/movimento\/#\/schema\/person\/bbab28833b1725a20f4083f49f1fb2a9"},"headline":"O dia que n\u00e3o terminou","datePublished":"2024-01-08T19:27:03+00:00","dateModified":"2024-01-08T19:30:29+00:00","mainEntityOfPage":{"@id":"https:\/\/renatodias.online\/movimento\/2024\/01\/08\/o-dia-que-nao-terminou\/"},"wordCount":2304,"commentCount":3,"publisher":{"@id":"https:\/\/renatodias.online\/movimento\/#\/schema\/person\/bbab28833b1725a20f4083f49f1fb2a9"},"image":{"@id":"https:\/\/renatodias.online\/movimento\/2024\/01\/08\/o-dia-que-nao-terminou\/#primaryimage"},"thumbnailUrl":"https:\/\/renatodias.online\/movimento\/wp-content\/uploads\/2023\/07\/Ataques-aos-Tres-Poderes-em-8-de-janeiro-de-2023.webp","articleSection":["Entrevista","Hist\u00f3ria","Nacional","Opini\u00e3o","Pol\u00edtica"],"inLanguage":"pt-BR","potentialAction":[{"@type":"CommentAction","name":"Comment","target":["https:\/\/renatodias.online\/movimento\/2024\/01\/08\/o-dia-que-nao-terminou\/#respond"]}]},{"@type":"WebPage","@id":"https:\/\/renatodias.online\/movimento\/2024\/01\/08\/o-dia-que-nao-terminou\/","url":"https:\/\/renatodias.online\/movimento\/2024\/01\/08\/o-dia-que-nao-terminou\/","name":"O dia que n\u00e3o terminou -","isPartOf":{"@id":"https:\/\/renatodias.online\/movimento\/#website"},"primaryImageOfPage":{"@id":"https:\/\/renatodias.online\/movimento\/2024\/01\/08\/o-dia-que-nao-terminou\/#primaryimage"},"image":{"@id":"https:\/\/renatodias.online\/movimento\/2024\/01\/08\/o-dia-que-nao-terminou\/#primaryimage"},"thumbnailUrl":"https:\/\/renatodias.online\/movimento\/wp-content\/uploads\/2023\/07\/Ataques-aos-Tres-Poderes-em-8-de-janeiro-de-2023.webp","datePublished":"2024-01-08T19:27:03+00:00","dateModified":"2024-01-08T19:30:29+00:00","breadcrumb":{"@id":"https:\/\/renatodias.online\/movimento\/2024\/01\/08\/o-dia-que-nao-terminou\/#breadcrumb"},"inLanguage":"pt-BR","potentialAction":[{"@type":"ReadAction","target":["https:\/\/renatodias.online\/movimento\/2024\/01\/08\/o-dia-que-nao-terminou\/"]}]},{"@type":"ImageObject","inLanguage":"pt-BR","@id":"https:\/\/renatodias.online\/movimento\/2024\/01\/08\/o-dia-que-nao-terminou\/#primaryimage","url":"https:\/\/renatodias.online\/movimento\/wp-content\/uploads\/2023\/07\/Ataques-aos-Tres-Poderes-em-8-de-janeiro-de-2023.webp","contentUrl":"https:\/\/renatodias.online\/movimento\/wp-content\/uploads\/2023\/07\/Ataques-aos-Tres-Poderes-em-8-de-janeiro-de-2023.webp","width":715,"height":401,"caption":"Ataques aos Tr\u00eas Poderes em 8 de janeiro de 2023"},{"@type":"BreadcrumbList","@id":"https:\/\/renatodias.online\/movimento\/2024\/01\/08\/o-dia-que-nao-terminou\/#breadcrumb","itemListElement":[{"@type":"ListItem","position":1,"name":"In\u00edcio","item":"https:\/\/renatodias.online\/movimento\/"},{"@type":"ListItem","position":2,"name":"O dia que n\u00e3o terminou"}]},{"@type":"WebSite","@id":"https:\/\/renatodias.online\/movimento\/#website","url":"https:\/\/renatodias.online\/movimento\/","name":"","description":"","publisher":{"@id":"https:\/\/renatodias.online\/movimento\/#\/schema\/person\/bbab28833b1725a20f4083f49f1fb2a9"},"potentialAction":[{"@type":"SearchAction","target":{"@type":"EntryPoint","urlTemplate":"https:\/\/renatodias.online\/movimento\/?s={search_term_string}"},"query-input":{"@type":"PropertyValueSpecification","valueRequired":true,"valueName":"search_term_string"}}],"inLanguage":"pt-BR"},{"@type":["Person","Organization"],"@id":"https:\/\/renatodias.online\/movimento\/#\/schema\/person\/bbab28833b1725a20f4083f49f1fb2a9","name":"Renato Dias","image":{"@type":"ImageObject","inLanguage":"pt-BR","@id":"https:\/\/renatodias.online\/movimento\/wp-content\/uploads\/2023\/03\/cropped-cropped-cropped-logofinal.jpeg","url":"https:\/\/renatodias.online\/movimento\/wp-content\/uploads\/2023\/03\/cropped-cropped-cropped-logofinal.jpeg","contentUrl":"https:\/\/renatodias.online\/movimento\/wp-content\/uploads\/2023\/03\/cropped-cropped-cropped-logofinal.jpeg","width":1280,"height":219,"caption":"Renato Dias"},"logo":{"@id":"https:\/\/renatodias.online\/movimento\/wp-content\/uploads\/2023\/03\/cropped-cropped-cropped-logofinal.jpeg"},"description":"Renato Dias, 58 anos, \u00e9 graduado em Jornalismo, formado em Ci\u00eancias Sociais, com p\u00f3s-gradua\u00e7\u00e3o em Pol\u00edticas P\u00fablicas, mestre em Direito e Rela\u00e7\u00f5es Internacionais, ex-aluno extraordin\u00e1rio do Doutorado em Psicologia Social, ex-estudante do Curso de Psican\u00e1lise do Centro de Estudos Psicanal\u00edticos do Estado de Goi\u00e1s, ministrado pelo m\u00e9dico psiquiatra e psicanalista Daniel Em\u00eddio de Souza. \u00c9 autor de 30 livros-reportagem, oito document\u00e1rios, ganhou 30 pr\u00eamios e \u00e9 torcedor apaixonado do maior do Centro-Oeste, o Vila Nova Futebol Clube. Casado com Meirilane Dias, \u00e9 pai de Juliana Dias, jornalista; Daniel Dias, economista; e Maria Rosa Dias, estudante antifascista, socialista e trotskista.\u00a0Com tr\u00eas pets: Porquinho [Bull Dog Franc\u00eas], Dalila [Basset Hound] e Geleia [Basset Hound]. Al\u00e9m do eterno gato Tutuquinho, que virou estrela.","sameAs":["https:\/\/www.facebook.com\/renato.dias.37","#breve","https:\/\/renatodias.tumblr.com\/"],"url":"https:\/\/renatodias.online\/movimento\/author\/renatodias\/"}]}},"_links":{"self":[{"href":"https:\/\/renatodias.online\/movimento\/wp-json\/wp\/v2\/posts\/19187","targetHints":{"allow":["GET"]}}],"collection":[{"href":"https:\/\/renatodias.online\/movimento\/wp-json\/wp\/v2\/posts"}],"about":[{"href":"https:\/\/renatodias.online\/movimento\/wp-json\/wp\/v2\/types\/post"}],"author":[{"embeddable":true,"href":"https:\/\/renatodias.online\/movimento\/wp-json\/wp\/v2\/users\/2"}],"replies":[{"embeddable":true,"href":"https:\/\/renatodias.online\/movimento\/wp-json\/wp\/v2\/comments?post=19187"}],"version-history":[{"count":1,"href":"https:\/\/renatodias.online\/movimento\/wp-json\/wp\/v2\/posts\/19187\/revisions"}],"predecessor-version":[{"id":19205,"href":"https:\/\/renatodias.online\/movimento\/wp-json\/wp\/v2\/posts\/19187\/revisions\/19205"}],"wp:featuredmedia":[{"embeddable":true,"href":"https:\/\/renatodias.online\/movimento\/wp-json\/wp\/v2\/media\/17509"}],"wp:attachment":[{"href":"https:\/\/renatodias.online\/movimento\/wp-json\/wp\/v2\/media?parent=19187"}],"wp:term":[{"taxonomy":"category","embeddable":true,"href":"https:\/\/renatodias.online\/movimento\/wp-json\/wp\/v2\/categories?post=19187"},{"taxonomy":"post_tag","embeddable":true,"href":"https:\/\/renatodias.online\/movimento\/wp-json\/wp\/v2\/tags?post=19187"}],"curies":[{"name":"wp","href":"https:\/\/api.w.org\/{rel}","templated":true}]}}