{"id":19178,"date":"2024-01-04T23:32:46","date_gmt":"2024-01-05T02:32:46","guid":{"rendered":"https:\/\/renatodias.online\/movimento\/?p=19178"},"modified":"2025-08-08T09:06:38","modified_gmt":"2025-08-08T12:06:38","slug":"qual-e-a-da-cpi-das-ongs","status":"publish","type":"post","link":"https:\/\/renatodias.online\/movimento\/2024\/01\/04\/qual-e-a-da-cpi-das-ongs\/","title":{"rendered":"Qual \u00e9 a da CPI das ONGs?"},"content":{"rendered":"\n<figure class=\"wp-block-image aligncenter size-full\"><img decoding=\"async\" src=\"https:\/\/renatodias.online\/movimento\/wp-content\/uploads\/2022\/04\/Artigo-de-Opiniao-e1680477038959.jpg\" alt=\"\" class=\"wp-image-11649\"\/><\/figure>\n\n\n\n<p class=\"has-text-align-center\"><strong><mark style=\"background-color:rgba(0, 0, 0, 0)\" class=\"has-inline-color has-vivid-green-cyan-color\">M\u00e1rcio Santilli<\/mark><\/strong><\/p>\n\n\n\n<p>Uma chamada \u201cCPI das ONGs\u201d operou no Senado nos \u00faltimos seis meses. Ela foi institu\u00edda para investigar a atua\u00e7\u00e3o de organiza\u00e7\u00f5es da sociedade civil em defesa da Amaz\u00f4nia e dos povos tradicionais sob a alega\u00e7\u00e3o de que estariam prejudicando o desenvolvimento econ\u00f4mico da regi\u00e3o e a soberania pol\u00edtica do Brasil sobre ela. A origem externa dos recursos que constituem o Fundo Amaz\u00f4nia, gerido pelo BNDES, e de outras fontes de financiamento ao terceiro setor foi tratada como uma evid\u00eancia de que essa atua\u00e7\u00e3o atenderia a interesses contr\u00e1rios aos do pa\u00eds.<\/p>\n\n\n\n<figure class=\"wp-block-image aligncenter size-full\"><img loading=\"lazy\" decoding=\"async\" width=\"300\" height=\"103\" src=\"https:\/\/renatodias.online\/movimento\/wp-content\/uploads\/2022\/08\/Saiba-mais-e1680139445250.png\" alt=\"\" class=\"wp-image-13698\" srcset=\"https:\/\/renatodias.online\/movimento\/wp-content\/uploads\/2022\/08\/Saiba-mais-e1680139445250.png 300w, https:\/\/renatodias.online\/movimento\/wp-content\/uploads\/2022\/08\/Saiba-mais-e1680139445250-150x52.png 150w\" sizes=\"auto, (max-width: 300px) 100vw, 300px\" \/><\/figure>\n\n\n\n<p>O relat\u00f3rio final da CPI, elaborado pelo senador M\u00e1rcio Bittar (Uni\u00e3o-AC), foi aprovado por 5 votos contra 3. Embora reitere essa narrativa, refor\u00e7ada por contabilidades \u201ccriativas\u201d sobre receitas e despesas com pessoal de seis organiza\u00e7\u00f5es investigadas, o relat\u00f3rio reconhece a inexist\u00eancia de provas de quaisquer irregularidades e pede, apenas, o indiciamento do presidente do Instituto Chico Mendes da Biodiversidade (ICMBio), Mauro Pires. Ele \u00e9 funcion\u00e1rio p\u00fablico de carreira e a institui\u00e7\u00e3o n\u00e3o \u00e9 uma ONG, mas um \u00f3rg\u00e3o oficial vinculado ao Minist\u00e9rio do Meio Ambiente.\u00a0O motivo alegado para o pedido de indiciamento foi o fato de Pires ter sido s\u00f3cio de uma empresa de consultoria que atuava com licenciamento ambiental, durante os tr\u00eas anos em que esteve legalmente licenciado da sua fun\u00e7\u00e3o no ICMBio. Mesmo sem apontar qualquer caso concreto de conflito de interesses, a maioria dos membros da CPI votou pelo pedido de indiciamento, ignorando o fato de que a responsabilidade legal pelo licenciamento ambiental \u00e9 dos \u00f3rg\u00e3os estaduais e do Ibama.<\/p>\n\n\n\n<figure class=\"wp-block-image aligncenter size-full\"><img decoding=\"async\" src=\"https:\/\/renatodias.online\/movimento\/wp-content\/uploads\/2022\/08\/Raio-X-especial-e1680139645191.png\" alt=\"\" class=\"wp-image-13781\"\/><\/figure>\n\n\n\n<p><strong><mark style=\"background-color:rgba(0, 0, 0, 0)\" class=\"has-inline-color has-vivid-red-color\">Seletiva<\/mark><\/strong><\/p>\n\n\n\n<p>A CPI foi majoritariamente composta por senadores que fazem oposi\u00e7\u00e3o ao atual governo, como uma esp\u00e9cie de pr\u00eamio de consola\u00e7\u00e3o por terem perdido a maioria em outras CPIs que dispunham de maior visibilidade, como aquelas sobre a atua\u00e7\u00e3o do MST e a tentativa de golpe de 8 de janeiro. Desde o in\u00edcio, a CPI das ONGs foi muito seletiva. Embora envolta pela narrativa de uma conspira\u00e7\u00e3o estrangeira contra a soberania nacional, os seus dirigentes optaram por n\u00e3o incomodar as ONGs internacionais que atuam no Brasil e atacar as organiza\u00e7\u00f5es ambientalistas brasileiras que atuam na Amaz\u00f4nia.<\/p>\n\n\n\n<figure class=\"wp-block-image aligncenter size-full\"><img decoding=\"async\" src=\"https:\/\/renatodias.online\/movimento\/wp-content\/uploads\/2023\/04\/Veja-e1680475225663.jpg\" alt=\"\" class=\"wp-image-16291\"\/><\/figure>\n\n\n\n<p>O seu presidente, senador Pl\u00ednio Val\u00e9rio (PSDB-AM), jornalista de forma\u00e7\u00e3o, foi pr\u00f3digo na produ\u00e7\u00e3o e transmiss\u00e3o, nas sess\u00f5es da CPI, de v\u00eddeos destacando obras realizadas com recursos oriundos das suas emendas parlamentares e acusando ONGs que atuam no seu estado. Esses v\u00eddeos traziam depoimentos de ind\u00edgenas ou ribeirinhos sem v\u00ednculos com as associa\u00e7\u00f5es locais, fazendo acusa\u00e7\u00f5es gen\u00e9ricas que, embora sem provas, iam sendo assumidas como verdades e reproduzidas pelo senador no colegiado, nas redes sociais e na imprensa. A CPI destratou as organiza\u00e7\u00f5es ind\u00edgenas e associa\u00e7\u00f5es extrativistas, promovendo os seus advers\u00e1rios e desafetos locais sem ouvi-las, desconsiderando as suas manifesta\u00e7\u00f5es escritas e as excluindo das dilig\u00eancias locais realizadas durante o trabalho do colegiado. A legitimidade dessas organiza\u00e7\u00f5es foi ignorada, como se fossem meros ap\u00eandices das ONGs alvo da CPI. Ao focar nessas organiza\u00e7\u00f5es escolhidas, a CPI igualmente ignorou den\u00fancias, divulgadas amplamente, sobre o uso indevido de recursos federais por ONGs ligadas a igrejas e celebridades.<\/p>\n\n\n\n<p><strong><mark style=\"background-color:rgba(0, 0, 0, 0)\" class=\"has-inline-color has-luminous-vivid-orange-color\">Enviesada<\/mark><\/strong><\/p>\n\n\n\n<p>Usando prerrogativas investigat\u00f3rias e assessores especializados do Senado, a CPI escarafunchou as contas das organiza\u00e7\u00f5es junto ao Minist\u00e9rio P\u00fablico Federal (MPF), Tribunal de Contas da Uni\u00e3o (TCU), Controladoria da Uni\u00e3o (CGU), Banco Central e outras fontes, sem sucesso. Insinuou suspeitas sobre a remunera\u00e7\u00e3o e a efetividade da atua\u00e7\u00e3o dos seus funcion\u00e1rios e dirigentes, mas, ao final, reconheceu a inexist\u00eancia de irregularidades e a inviabilidade de pedir seu indiciamento. Partiu, ent\u00e3o, para tentativas de criminaliza\u00e7\u00e3o pol\u00edtica, taxando de \u201cprom\u00edscuas\u201d as rela\u00e7\u00f5es entre as ONGs e \u00f3rg\u00e3os de estado, como MPF, STF, MMA e Justi\u00e7a Federal. A nomea\u00e7\u00e3o de ambientalistas para cargos de governo implicaria em conflito de interesses, como se n\u00e3o fosse pr\u00e1tica similar ao que ocorre com especialistas e quadros em qualquer outra \u00e1rea.<\/p>\n\n\n\n<figure class=\"wp-block-image aligncenter size-full\"><img loading=\"lazy\" decoding=\"async\" width=\"200\" height=\"200\" src=\"https:\/\/renatodias.online\/movimento\/wp-content\/uploads\/2021\/04\/Especial.jpg\" alt=\"\" class=\"wp-image-5929\" srcset=\"https:\/\/renatodias.online\/movimento\/wp-content\/uploads\/2021\/04\/Especial.jpg 200w, https:\/\/renatodias.online\/movimento\/wp-content\/uploads\/2021\/04\/Especial-150x150.jpg 150w\" sizes=\"auto, (max-width: 200px) 100vw, 200px\" \/><\/figure>\n\n\n\n<p><strong><mark style=\"background-color:rgba(0, 0, 0, 0)\" class=\"has-inline-color has-vivid-cyan-blue-color\">CPI c\u00e9tica e Amaz\u00f4nia seca<\/mark><\/strong><\/p>\n\n\n\n<p>A CPI tentou convocar procuradores da Rep\u00fablica, dirigentes de empresas parceiras de comunidades tradicionais e o presidente do BNDES, mas recuou, cedendo a press\u00f5es nos bastidores. O objetivo da comiss\u00e3o foi constranger qualquer ator p\u00fablico ou privado que apoie ou atue a favor do desenvolvimento sustent\u00e1vel da Amaz\u00f4nia.\u00a0A CPI deu palco a c\u00e9ticos clim\u00e1ticos, que negaram a ci\u00eancia do clima e a iminente ocorr\u00eancia do El Ni\u00f1o, dando respaldo pseudocientifico \u00e0 insinua\u00e7\u00e3o de que ela n\u00e3o passa de uma arma\u00e7\u00e3o conspirat\u00f3ria, executada pelas ONGs, para impedir o desenvolvimento econ\u00f4mico da Amaz\u00f4nia.\u00a0<\/p>\n\n\n\n<figure class=\"wp-block-image aligncenter size-full\"><img decoding=\"async\" src=\"https:\/\/renatodias.online\/movimento\/wp-content\/uploads\/2021\/04\/Congresso-Nacional-e1687730390194.jpg\" alt=\"Congresso Nacional\" class=\"wp-image-6053\"\/><figcaption class=\"wp-element-caption\"><strong><mark style=\"background-color:rgba(0, 0, 0, 0)\" class=\"has-inline-color has-vivid-purple-color\">Congresso Nacional<\/mark><\/strong><\/figcaption><\/figure>\n\n\n\n<p>Por\u00e9m, enquanto os senadores ca\u00e7avam os seus pr\u00f3prios fantasmas, o Sul do pa\u00eds foi atingido por sucessivos ciclones extratropicais, com mortos, feridos, desabrigados e cidades inteiras devastadas; ondas de calor assolaram o Sudeste, o Centro-oeste e o Nordeste, com perdas agr\u00edcolas, salto no consumo de energia e temperaturas recordes; e a Amaz\u00f4nia ainda atravessa uma das piores estiagens j\u00e1 registradas em sua hist\u00f3ria, afetando todas as suas formas de vida, impedindo a navega\u00e7\u00e3o e o abastecimento das comunidades. \u00c9 nesse contexto que deve ser entendido o pedido de indiciamento de Mauro Pires e as proposi\u00e7\u00f5es legislativas inclu\u00eddas no seu relat\u00f3rio final, que pretendem restringir o financiamento e a atua\u00e7\u00e3o das organiza\u00e7\u00f5es ambientalistas e impor retrocessos \u00e0 legisla\u00e7\u00e3o socioambiental, entre outros pontos.\u00a0<\/p>\n\n\n\n<p><\/p>\n","protected":false},"excerpt":{"rendered":"<p>M\u00e1rcio Santilli Uma chamada \u201cCPI das ONGs\u201d operou no Senado nos \u00faltimos seis meses. Ela foi institu\u00edda para investigar a atua\u00e7\u00e3o de organiza\u00e7\u00f5es da sociedade civil em defesa da Amaz\u00f4nia e dos povos tradicionais sob a alega\u00e7\u00e3o de que estariam prejudicando o desenvolvimento econ\u00f4mico da regi\u00e3o e a soberania pol\u00edtica do Brasil sobre ela. A<\/p>\n","protected":false},"author":2,"featured_media":17777,"comment_status":"open","ping_status":"open","sticky":false,"template":"","format":"standard","meta":{"_acf_changed":false,"_monsterinsights_skip_tracking":false,"_monsterinsights_sitenote_active":false,"_monsterinsights_sitenote_note":"","_monsterinsights_sitenote_category":0,"footnotes":""},"categories":[83,4],"tags":[],"class_list":["post-19178","post","type-post","status-publish","format-standard","has-post-thumbnail","hentry","category-opiniao","category-politica"],"acf":[],"yoast_head":"<!-- This site is optimized with the Yoast SEO plugin v27.4 - https:\/\/yoast.com\/product\/yoast-seo-wordpress\/ -->\n<title>Qual \u00e9 a da CPI das ONGs? -<\/title>\n<meta name=\"robots\" content=\"index, follow, max-snippet:-1, max-image-preview:large, max-video-preview:-1\" \/>\n<link rel=\"canonical\" href=\"https:\/\/renatodias.online\/movimento\/2024\/01\/04\/qual-e-a-da-cpi-das-ongs\/\" \/>\n<meta property=\"og:locale\" content=\"pt_BR\" \/>\n<meta property=\"og:type\" content=\"article\" \/>\n<meta property=\"og:title\" content=\"Qual \u00e9 a da CPI das ONGs? -\" \/>\n<meta property=\"og:description\" content=\"M\u00e1rcio Santilli Uma chamada \u201cCPI das ONGs\u201d operou no Senado nos \u00faltimos seis meses. Ela foi institu\u00edda para investigar a atua\u00e7\u00e3o de organiza\u00e7\u00f5es da sociedade civil em defesa da Amaz\u00f4nia e dos povos tradicionais sob a alega\u00e7\u00e3o de que estariam prejudicando o desenvolvimento econ\u00f4mico da regi\u00e3o e a soberania pol\u00edtica do Brasil sobre ela. A\" \/>\n<meta property=\"og:url\" content=\"https:\/\/renatodias.online\/movimento\/2024\/01\/04\/qual-e-a-da-cpi-das-ongs\/\" \/>\n<meta property=\"article:publisher\" content=\"https:\/\/www.facebook.com\/renato.dias.37\" \/>\n<meta property=\"article:author\" content=\"https:\/\/www.facebook.com\/renato.dias.37\" \/>\n<meta property=\"article:published_time\" content=\"2024-01-05T02:32:46+00:00\" \/>\n<meta property=\"article:modified_time\" content=\"2025-08-08T12:06:38+00:00\" \/>\n<meta property=\"og:image\" content=\"https:\/\/renatodias.online\/movimento\/wp-content\/uploads\/2023\/08\/Marcio-Santilli-e1712454005436.jpg\" \/>\n\t<meta property=\"og:image:width\" content=\"700\" \/>\n\t<meta property=\"og:image:height\" content=\"499\" \/>\n\t<meta property=\"og:image:type\" content=\"image\/jpeg\" \/>\n<meta name=\"author\" content=\"Renato Dias\" \/>\n<meta name=\"twitter:card\" content=\"summary_large_image\" \/>\n<meta name=\"twitter:creator\" content=\"@RenatoDiasBat\" \/>\n<meta name=\"twitter:site\" content=\"@RenatoDiasBat\" \/>\n<meta name=\"twitter:label1\" content=\"Escrito por\" \/>\n\t<meta name=\"twitter:data1\" content=\"Renato Dias\" \/>\n\t<meta name=\"twitter:label2\" content=\"Est. tempo de leitura\" \/>\n\t<meta name=\"twitter:data2\" content=\"6 minutos\" \/>\n<script type=\"application\/ld+json\" class=\"yoast-schema-graph\">{\"@context\":\"https:\\\/\\\/schema.org\",\"@graph\":[{\"@type\":\"Article\",\"@id\":\"https:\\\/\\\/renatodias.online\\\/movimento\\\/2024\\\/01\\\/04\\\/qual-e-a-da-cpi-das-ongs\\\/#article\",\"isPartOf\":{\"@id\":\"https:\\\/\\\/renatodias.online\\\/movimento\\\/2024\\\/01\\\/04\\\/qual-e-a-da-cpi-das-ongs\\\/\"},\"author\":{\"name\":\"Renato Dias\",\"@id\":\"https:\\\/\\\/renatodias.online\\\/movimento\\\/#\\\/schema\\\/person\\\/bbab28833b1725a20f4083f49f1fb2a9\"},\"headline\":\"Qual \u00e9 a da CPI das ONGs?\",\"datePublished\":\"2024-01-05T02:32:46+00:00\",\"dateModified\":\"2025-08-08T12:06:38+00:00\",\"mainEntityOfPage\":{\"@id\":\"https:\\\/\\\/renatodias.online\\\/movimento\\\/2024\\\/01\\\/04\\\/qual-e-a-da-cpi-das-ongs\\\/\"},\"wordCount\":967,\"commentCount\":0,\"publisher\":{\"@id\":\"https:\\\/\\\/renatodias.online\\\/movimento\\\/#\\\/schema\\\/person\\\/bbab28833b1725a20f4083f49f1fb2a9\"},\"image\":{\"@id\":\"https:\\\/\\\/renatodias.online\\\/movimento\\\/2024\\\/01\\\/04\\\/qual-e-a-da-cpi-das-ongs\\\/#primaryimage\"},\"thumbnailUrl\":\"https:\\\/\\\/renatodias.online\\\/movimento\\\/wp-content\\\/uploads\\\/2023\\\/08\\\/Marcio-Santilli-e1763940913167.jpg\",\"articleSection\":[\"Opini\u00e3o\",\"Pol\u00edtica\"],\"inLanguage\":\"pt-BR\",\"potentialAction\":[{\"@type\":\"CommentAction\",\"name\":\"Comment\",\"target\":[\"https:\\\/\\\/renatodias.online\\\/movimento\\\/2024\\\/01\\\/04\\\/qual-e-a-da-cpi-das-ongs\\\/#respond\"]}]},{\"@type\":\"WebPage\",\"@id\":\"https:\\\/\\\/renatodias.online\\\/movimento\\\/2024\\\/01\\\/04\\\/qual-e-a-da-cpi-das-ongs\\\/\",\"url\":\"https:\\\/\\\/renatodias.online\\\/movimento\\\/2024\\\/01\\\/04\\\/qual-e-a-da-cpi-das-ongs\\\/\",\"name\":\"Qual \u00e9 a da CPI das ONGs? -\",\"isPartOf\":{\"@id\":\"https:\\\/\\\/renatodias.online\\\/movimento\\\/#website\"},\"primaryImageOfPage\":{\"@id\":\"https:\\\/\\\/renatodias.online\\\/movimento\\\/2024\\\/01\\\/04\\\/qual-e-a-da-cpi-das-ongs\\\/#primaryimage\"},\"image\":{\"@id\":\"https:\\\/\\\/renatodias.online\\\/movimento\\\/2024\\\/01\\\/04\\\/qual-e-a-da-cpi-das-ongs\\\/#primaryimage\"},\"thumbnailUrl\":\"https:\\\/\\\/renatodias.online\\\/movimento\\\/wp-content\\\/uploads\\\/2023\\\/08\\\/Marcio-Santilli-e1763940913167.jpg\",\"datePublished\":\"2024-01-05T02:32:46+00:00\",\"dateModified\":\"2025-08-08T12:06:38+00:00\",\"breadcrumb\":{\"@id\":\"https:\\\/\\\/renatodias.online\\\/movimento\\\/2024\\\/01\\\/04\\\/qual-e-a-da-cpi-das-ongs\\\/#breadcrumb\"},\"inLanguage\":\"pt-BR\",\"potentialAction\":[{\"@type\":\"ReadAction\",\"target\":[\"https:\\\/\\\/renatodias.online\\\/movimento\\\/2024\\\/01\\\/04\\\/qual-e-a-da-cpi-das-ongs\\\/\"]}]},{\"@type\":\"ImageObject\",\"inLanguage\":\"pt-BR\",\"@id\":\"https:\\\/\\\/renatodias.online\\\/movimento\\\/2024\\\/01\\\/04\\\/qual-e-a-da-cpi-das-ongs\\\/#primaryimage\",\"url\":\"https:\\\/\\\/renatodias.online\\\/movimento\\\/wp-content\\\/uploads\\\/2023\\\/08\\\/Marcio-Santilli-e1763940913167.jpg\",\"contentUrl\":\"https:\\\/\\\/renatodias.online\\\/movimento\\\/wp-content\\\/uploads\\\/2023\\\/08\\\/Marcio-Santilli-e1763940913167.jpg\",\"width\":400,\"height\":286},{\"@type\":\"BreadcrumbList\",\"@id\":\"https:\\\/\\\/renatodias.online\\\/movimento\\\/2024\\\/01\\\/04\\\/qual-e-a-da-cpi-das-ongs\\\/#breadcrumb\",\"itemListElement\":[{\"@type\":\"ListItem\",\"position\":1,\"name\":\"In\u00edcio\",\"item\":\"https:\\\/\\\/renatodias.online\\\/movimento\\\/\"},{\"@type\":\"ListItem\",\"position\":2,\"name\":\"Qual \u00e9 a da CPI das ONGs?\"}]},{\"@type\":\"WebSite\",\"@id\":\"https:\\\/\\\/renatodias.online\\\/movimento\\\/#website\",\"url\":\"https:\\\/\\\/renatodias.online\\\/movimento\\\/\",\"name\":\"\",\"description\":\"\",\"publisher\":{\"@id\":\"https:\\\/\\\/renatodias.online\\\/movimento\\\/#\\\/schema\\\/person\\\/bbab28833b1725a20f4083f49f1fb2a9\"},\"potentialAction\":[{\"@type\":\"SearchAction\",\"target\":{\"@type\":\"EntryPoint\",\"urlTemplate\":\"https:\\\/\\\/renatodias.online\\\/movimento\\\/?s={search_term_string}\"},\"query-input\":{\"@type\":\"PropertyValueSpecification\",\"valueRequired\":true,\"valueName\":\"search_term_string\"}}],\"inLanguage\":\"pt-BR\"},{\"@type\":[\"Person\",\"Organization\"],\"@id\":\"https:\\\/\\\/renatodias.online\\\/movimento\\\/#\\\/schema\\\/person\\\/bbab28833b1725a20f4083f49f1fb2a9\",\"name\":\"Renato Dias\",\"image\":{\"@type\":\"ImageObject\",\"inLanguage\":\"pt-BR\",\"@id\":\"https:\\\/\\\/renatodias.online\\\/movimento\\\/wp-content\\\/uploads\\\/2023\\\/03\\\/cropped-cropped-cropped-logofinal.jpeg\",\"url\":\"https:\\\/\\\/renatodias.online\\\/movimento\\\/wp-content\\\/uploads\\\/2023\\\/03\\\/cropped-cropped-cropped-logofinal.jpeg\",\"contentUrl\":\"https:\\\/\\\/renatodias.online\\\/movimento\\\/wp-content\\\/uploads\\\/2023\\\/03\\\/cropped-cropped-cropped-logofinal.jpeg\",\"width\":1280,\"height\":219,\"caption\":\"Renato Dias\"},\"logo\":{\"@id\":\"https:\\\/\\\/renatodias.online\\\/movimento\\\/wp-content\\\/uploads\\\/2023\\\/03\\\/cropped-cropped-cropped-logofinal.jpeg\"},\"description\":\"Renato Dias, 58 anos, \u00e9 graduado em Jornalismo, formado em Ci\u00eancias Sociais, com p\u00f3s-gradua\u00e7\u00e3o em Pol\u00edticas P\u00fablicas, mestre em Direito e Rela\u00e7\u00f5es Internacionais, ex-aluno extraordin\u00e1rio do Doutorado em Psicologia Social, ex-estudante do Curso de Psican\u00e1lise do Centro de Estudos Psicanal\u00edticos do Estado de Goi\u00e1s, ministrado pelo m\u00e9dico psiquiatra e psicanalista Daniel Em\u00eddio de Souza. \u00c9 autor de 30 livros-reportagem, oito document\u00e1rios, ganhou 30 pr\u00eamios e \u00e9 torcedor apaixonado do maior do Centro-Oeste, o Vila Nova Futebol Clube. Casado com Meirilane Dias, \u00e9 pai de Juliana Dias, jornalista; Daniel Dias, economista; e Maria Rosa Dias, estudante antifascista, socialista e trotskista.\u00a0Com tr\u00eas pets: Porquinho [Bull Dog Franc\u00eas], Dalila [Basset Hound] e Geleia [Basset Hound]. Al\u00e9m do eterno gato Tutuquinho, que virou estrela.\",\"sameAs\":[\"https:\\\/\\\/www.facebook.com\\\/renato.dias.37\",\"#breve\",\"https:\\\/\\\/renatodias.tumblr.com\\\/\"],\"url\":\"https:\\\/\\\/renatodias.online\\\/movimento\\\/author\\\/renatodias\\\/\"}]}<\/script>\n<!-- \/ Yoast SEO plugin. -->","yoast_head_json":{"title":"Qual \u00e9 a da CPI das ONGs? -","robots":{"index":"index","follow":"follow","max-snippet":"max-snippet:-1","max-image-preview":"max-image-preview:large","max-video-preview":"max-video-preview:-1"},"canonical":"https:\/\/renatodias.online\/movimento\/2024\/01\/04\/qual-e-a-da-cpi-das-ongs\/","og_locale":"pt_BR","og_type":"article","og_title":"Qual \u00e9 a da CPI das ONGs? -","og_description":"M\u00e1rcio Santilli Uma chamada \u201cCPI das ONGs\u201d operou no Senado nos \u00faltimos seis meses. Ela foi institu\u00edda para investigar a atua\u00e7\u00e3o de organiza\u00e7\u00f5es da sociedade civil em defesa da Amaz\u00f4nia e dos povos tradicionais sob a alega\u00e7\u00e3o de que estariam prejudicando o desenvolvimento econ\u00f4mico da regi\u00e3o e a soberania pol\u00edtica do Brasil sobre ela. A","og_url":"https:\/\/renatodias.online\/movimento\/2024\/01\/04\/qual-e-a-da-cpi-das-ongs\/","article_publisher":"https:\/\/www.facebook.com\/renato.dias.37","article_author":"https:\/\/www.facebook.com\/renato.dias.37","article_published_time":"2024-01-05T02:32:46+00:00","article_modified_time":"2025-08-08T12:06:38+00:00","og_image":[{"width":700,"height":499,"url":"https:\/\/renatodias.online\/movimento\/wp-content\/uploads\/2023\/08\/Marcio-Santilli-e1712454005436.jpg","type":"image\/jpeg"}],"author":"Renato Dias","twitter_card":"summary_large_image","twitter_creator":"@RenatoDiasBat","twitter_site":"@RenatoDiasBat","twitter_misc":{"Escrito por":"Renato Dias","Est. tempo de leitura":"6 minutos"},"schema":{"@context":"https:\/\/schema.org","@graph":[{"@type":"Article","@id":"https:\/\/renatodias.online\/movimento\/2024\/01\/04\/qual-e-a-da-cpi-das-ongs\/#article","isPartOf":{"@id":"https:\/\/renatodias.online\/movimento\/2024\/01\/04\/qual-e-a-da-cpi-das-ongs\/"},"author":{"name":"Renato Dias","@id":"https:\/\/renatodias.online\/movimento\/#\/schema\/person\/bbab28833b1725a20f4083f49f1fb2a9"},"headline":"Qual \u00e9 a da CPI das ONGs?","datePublished":"2024-01-05T02:32:46+00:00","dateModified":"2025-08-08T12:06:38+00:00","mainEntityOfPage":{"@id":"https:\/\/renatodias.online\/movimento\/2024\/01\/04\/qual-e-a-da-cpi-das-ongs\/"},"wordCount":967,"commentCount":0,"publisher":{"@id":"https:\/\/renatodias.online\/movimento\/#\/schema\/person\/bbab28833b1725a20f4083f49f1fb2a9"},"image":{"@id":"https:\/\/renatodias.online\/movimento\/2024\/01\/04\/qual-e-a-da-cpi-das-ongs\/#primaryimage"},"thumbnailUrl":"https:\/\/renatodias.online\/movimento\/wp-content\/uploads\/2023\/08\/Marcio-Santilli-e1763940913167.jpg","articleSection":["Opini\u00e3o","Pol\u00edtica"],"inLanguage":"pt-BR","potentialAction":[{"@type":"CommentAction","name":"Comment","target":["https:\/\/renatodias.online\/movimento\/2024\/01\/04\/qual-e-a-da-cpi-das-ongs\/#respond"]}]},{"@type":"WebPage","@id":"https:\/\/renatodias.online\/movimento\/2024\/01\/04\/qual-e-a-da-cpi-das-ongs\/","url":"https:\/\/renatodias.online\/movimento\/2024\/01\/04\/qual-e-a-da-cpi-das-ongs\/","name":"Qual \u00e9 a da CPI das ONGs? -","isPartOf":{"@id":"https:\/\/renatodias.online\/movimento\/#website"},"primaryImageOfPage":{"@id":"https:\/\/renatodias.online\/movimento\/2024\/01\/04\/qual-e-a-da-cpi-das-ongs\/#primaryimage"},"image":{"@id":"https:\/\/renatodias.online\/movimento\/2024\/01\/04\/qual-e-a-da-cpi-das-ongs\/#primaryimage"},"thumbnailUrl":"https:\/\/renatodias.online\/movimento\/wp-content\/uploads\/2023\/08\/Marcio-Santilli-e1763940913167.jpg","datePublished":"2024-01-05T02:32:46+00:00","dateModified":"2025-08-08T12:06:38+00:00","breadcrumb":{"@id":"https:\/\/renatodias.online\/movimento\/2024\/01\/04\/qual-e-a-da-cpi-das-ongs\/#breadcrumb"},"inLanguage":"pt-BR","potentialAction":[{"@type":"ReadAction","target":["https:\/\/renatodias.online\/movimento\/2024\/01\/04\/qual-e-a-da-cpi-das-ongs\/"]}]},{"@type":"ImageObject","inLanguage":"pt-BR","@id":"https:\/\/renatodias.online\/movimento\/2024\/01\/04\/qual-e-a-da-cpi-das-ongs\/#primaryimage","url":"https:\/\/renatodias.online\/movimento\/wp-content\/uploads\/2023\/08\/Marcio-Santilli-e1763940913167.jpg","contentUrl":"https:\/\/renatodias.online\/movimento\/wp-content\/uploads\/2023\/08\/Marcio-Santilli-e1763940913167.jpg","width":400,"height":286},{"@type":"BreadcrumbList","@id":"https:\/\/renatodias.online\/movimento\/2024\/01\/04\/qual-e-a-da-cpi-das-ongs\/#breadcrumb","itemListElement":[{"@type":"ListItem","position":1,"name":"In\u00edcio","item":"https:\/\/renatodias.online\/movimento\/"},{"@type":"ListItem","position":2,"name":"Qual \u00e9 a da CPI das ONGs?"}]},{"@type":"WebSite","@id":"https:\/\/renatodias.online\/movimento\/#website","url":"https:\/\/renatodias.online\/movimento\/","name":"","description":"","publisher":{"@id":"https:\/\/renatodias.online\/movimento\/#\/schema\/person\/bbab28833b1725a20f4083f49f1fb2a9"},"potentialAction":[{"@type":"SearchAction","target":{"@type":"EntryPoint","urlTemplate":"https:\/\/renatodias.online\/movimento\/?s={search_term_string}"},"query-input":{"@type":"PropertyValueSpecification","valueRequired":true,"valueName":"search_term_string"}}],"inLanguage":"pt-BR"},{"@type":["Person","Organization"],"@id":"https:\/\/renatodias.online\/movimento\/#\/schema\/person\/bbab28833b1725a20f4083f49f1fb2a9","name":"Renato Dias","image":{"@type":"ImageObject","inLanguage":"pt-BR","@id":"https:\/\/renatodias.online\/movimento\/wp-content\/uploads\/2023\/03\/cropped-cropped-cropped-logofinal.jpeg","url":"https:\/\/renatodias.online\/movimento\/wp-content\/uploads\/2023\/03\/cropped-cropped-cropped-logofinal.jpeg","contentUrl":"https:\/\/renatodias.online\/movimento\/wp-content\/uploads\/2023\/03\/cropped-cropped-cropped-logofinal.jpeg","width":1280,"height":219,"caption":"Renato Dias"},"logo":{"@id":"https:\/\/renatodias.online\/movimento\/wp-content\/uploads\/2023\/03\/cropped-cropped-cropped-logofinal.jpeg"},"description":"Renato Dias, 58 anos, \u00e9 graduado em Jornalismo, formado em Ci\u00eancias Sociais, com p\u00f3s-gradua\u00e7\u00e3o em Pol\u00edticas P\u00fablicas, mestre em Direito e Rela\u00e7\u00f5es Internacionais, ex-aluno extraordin\u00e1rio do Doutorado em Psicologia Social, ex-estudante do Curso de Psican\u00e1lise do Centro de Estudos Psicanal\u00edticos do Estado de Goi\u00e1s, ministrado pelo m\u00e9dico psiquiatra e psicanalista Daniel Em\u00eddio de Souza. \u00c9 autor de 30 livros-reportagem, oito document\u00e1rios, ganhou 30 pr\u00eamios e \u00e9 torcedor apaixonado do maior do Centro-Oeste, o Vila Nova Futebol Clube. Casado com Meirilane Dias, \u00e9 pai de Juliana Dias, jornalista; Daniel Dias, economista; e Maria Rosa Dias, estudante antifascista, socialista e trotskista.\u00a0Com tr\u00eas pets: Porquinho [Bull Dog Franc\u00eas], Dalila [Basset Hound] e Geleia [Basset Hound]. Al\u00e9m do eterno gato Tutuquinho, que virou estrela.","sameAs":["https:\/\/www.facebook.com\/renato.dias.37","#breve","https:\/\/renatodias.tumblr.com\/"],"url":"https:\/\/renatodias.online\/movimento\/author\/renatodias\/"}]}},"_links":{"self":[{"href":"https:\/\/renatodias.online\/movimento\/wp-json\/wp\/v2\/posts\/19178","targetHints":{"allow":["GET"]}}],"collection":[{"href":"https:\/\/renatodias.online\/movimento\/wp-json\/wp\/v2\/posts"}],"about":[{"href":"https:\/\/renatodias.online\/movimento\/wp-json\/wp\/v2\/types\/post"}],"author":[{"embeddable":true,"href":"https:\/\/renatodias.online\/movimento\/wp-json\/wp\/v2\/users\/2"}],"replies":[{"embeddable":true,"href":"https:\/\/renatodias.online\/movimento\/wp-json\/wp\/v2\/comments?post=19178"}],"version-history":[{"count":2,"href":"https:\/\/renatodias.online\/movimento\/wp-json\/wp\/v2\/posts\/19178\/revisions"}],"predecessor-version":[{"id":21251,"href":"https:\/\/renatodias.online\/movimento\/wp-json\/wp\/v2\/posts\/19178\/revisions\/21251"}],"wp:featuredmedia":[{"embeddable":true,"href":"https:\/\/renatodias.online\/movimento\/wp-json\/wp\/v2\/media\/17777"}],"wp:attachment":[{"href":"https:\/\/renatodias.online\/movimento\/wp-json\/wp\/v2\/media?parent=19178"}],"wp:term":[{"taxonomy":"category","embeddable":true,"href":"https:\/\/renatodias.online\/movimento\/wp-json\/wp\/v2\/categories?post=19178"},{"taxonomy":"post_tag","embeddable":true,"href":"https:\/\/renatodias.online\/movimento\/wp-json\/wp\/v2\/tags?post=19178"}],"curies":[{"name":"wp","href":"https:\/\/api.w.org\/{rel}","templated":true}]}}