{"id":18950,"date":"2023-12-03T22:47:54","date_gmt":"2023-12-04T01:47:54","guid":{"rendered":"https:\/\/renatodias.online\/movimento\/?p=18950"},"modified":"2023-12-03T22:48:02","modified_gmt":"2023-12-04T01:48:02","slug":"guerras-polarizacao-e-o-clima","status":"publish","type":"post","link":"https:\/\/renatodias.online\/movimento\/2023\/12\/03\/guerras-polarizacao-e-o-clima\/","title":{"rendered":"<strong>Guerras, polariza\u00e7\u00e3o e o clima<\/strong>"},"content":{"rendered":"\n<figure class=\"wp-block-image aligncenter size-full\"><img decoding=\"async\" src=\"https:\/\/renatodias.online\/movimento\/wp-content\/uploads\/2022\/04\/Artigo-de-Opiniao-e1680477038959.jpg\" alt=\"\" class=\"wp-image-11649\"\/><\/figure>\n\n\n\n<p class=\"has-text-align-center\"><strong><mark style=\"background-color:rgba(0, 0, 0, 0)\" class=\"has-inline-color has-vivid-green-cyan-color\">M\u00e1rcio Santilli<\/mark><\/strong><\/p>\n\n\n\n<p>Come\u00e7ou em Dubai, nos Emirados \u00c1rabes Unidos, a COP-28, confer\u00eancia da ONU deste ano sobre mudan\u00e7as clim\u00e1ticas globais. No evento, espera-se que sejam atualizadas e cobradas as provid\u00eancias que os pa\u00edses que mais emitem gases efeito estufa precisam tomar para cumprirem as metas de redu\u00e7\u00e3o de emiss\u00f5es que assumiram, para 2030, no Acordo de Paris, o tratado internacional sobre o assunto vigente atualmente. Essa COP ocorre no momento em que 2023 encerra-se como o ano mais quente em 120 mil anos. A despeito da maior frequ\u00eancia e intensidade dos eventos clim\u00e1ticos extremos, a maior parte dos pa\u00edses est\u00e1 distante do cumprimento das metas. A prosseguir nesse ritmo, o aumento da temperatura m\u00e9dia na superf\u00edcie terrestre n\u00e3o ser\u00e1 contido em 1,5 \u00baC e dever\u00e1 superar os 2 \u00baC, o que ser\u00e1 catastr\u00f3fico.<\/p>\n\n\n\n<figure class=\"wp-block-image aligncenter size-full\"><img loading=\"lazy\" decoding=\"async\" width=\"300\" height=\"103\" src=\"https:\/\/renatodias.online\/movimento\/wp-content\/uploads\/2022\/08\/Saiba-mais-e1680139445250.png\" alt=\"\" class=\"wp-image-13698\" srcset=\"https:\/\/renatodias.online\/movimento\/wp-content\/uploads\/2022\/08\/Saiba-mais-e1680139445250.png 300w, https:\/\/renatodias.online\/movimento\/wp-content\/uploads\/2022\/08\/Saiba-mais-e1680139445250-150x52.png 150w\" sizes=\"auto, (max-width: 300px) 100vw, 300px\" \/><\/figure>\n\n\n\n<p>A COP tamb\u00e9m sofre o impacto da guerra em Gaza, que mobiliza a aten\u00e7\u00e3o mundial, especialmente nos pa\u00edses \u00e1rabes, e se sobrep\u00f5e \u00e0 guerra na Ucr\u00e2nia. Recursos que seriam preciosos para bancar a transi\u00e7\u00e3o energ\u00e9tica s\u00e3o gastos com esses conflitos e outros. Incertezas povoam o ambiente pol\u00edtico e n\u00e3o favorecem avan\u00e7os diplom\u00e1ticos. Talvez por isso, os presidentes Joe Biden e Xi Jinping, dos EUA e da China, os dois maiores emissores de gases do efeito estufa, n\u00e3o estar\u00e3o presentes na COP-28.<\/p>\n\n\n\n<p class=\"has-text-align-center\"><strong>Posi\u00e7\u00e3o de for\u00e7a<\/strong><\/p>\n\n\n\n<p>Apesar do cen\u00e1rio pouco promissor, h\u00e1 mudan\u00e7as de posi\u00e7\u00e3o importantes nos bastidores, como a volta do Brasil ao centro das negocia\u00e7\u00f5es, ap\u00f3s quatro anos de isolamento pol\u00edtico. O Brasil retorna j\u00e1 em condi\u00e7\u00f5es de apresentar resultados, como a redu\u00e7\u00e3o do desmatamento na Amaz\u00f4nia. A delega\u00e7\u00e3o oficial brasileira \u00e9 composta por 400 membros, entre governadores, secret\u00e1rios, parlamentares e representantes de v\u00e1rios \u00f3rg\u00e3os e minist\u00e9rios. N\u00e3o \u00e9 s\u00f3 o governo: est\u00e3o em Dubai outros dois mil representantes de empresas, das organiza\u00e7\u00f5es e movimentos sociais, estudantes, pesquisadores e comunicadores brasileiros. Apesar do custo, essa forte presen\u00e7a expressa a import\u00e2ncia da quest\u00e3o clim\u00e1tica para o pa\u00eds.<\/p>\n\n\n\n<figure class=\"wp-block-image aligncenter size-full\"><img decoding=\"async\" src=\"https:\/\/renatodias.online\/movimento\/wp-content\/uploads\/2022\/08\/Raio-X-especial-e1680139645191.png\" alt=\"\" class=\"wp-image-13781\"\/><\/figure>\n\n\n\n<p>Por\u00e9m, a estrat\u00e9gia diplom\u00e1tica brasileira vai al\u00e9m de Dubai e mira a COP-30, que ocorrer\u00e1 em Bel\u00e9m, Par\u00e1, em 2025. Ser\u00e1 o grande momento para discutir o papel das florestas tropicais diante da crise clim\u00e1tica e os investimentos no desenvolvimento sustent\u00e1vel da Amaz\u00f4nia. A reuni\u00e3o do ano que vem ainda n\u00e3o tem local definido, mas j\u00e1 est\u00e1 sendo disputada por Bulg\u00e1ria, Azerbaij\u00e3o e Arm\u00eania. At\u00e9 2025, o Brasil deve consolidar a tend\u00eancia de reduzir o principal componente de suas emiss\u00f5es, que \u00e9 o desmatamento, cacifando-se para cobrar o mesmo dos demais grandes emissores, que tamb\u00e9m deveriam prover os recursos necess\u00e1rios para ajudar os pa\u00edses mais pobres atingidos pelas mudan\u00e7as clim\u00e1ticas. Vamos ver se as guerras permanecem em curso e quais ser\u00e3o a posi\u00e7\u00e3o dos EUA ap\u00f3s as elei\u00e7\u00f5es e a disposi\u00e7\u00e3o da China em liderar uma redu\u00e7\u00e3o global de emiss\u00f5es.<\/p>\n\n\n\n<p class=\"has-text-align-center\"><strong>Contradi\u00e7\u00f5es<\/strong><\/p>\n\n\n\n<p>Paralelamente \u00e0s discuss\u00f5es oficiais da COP-28, ocorrem negocia\u00e7\u00f5es de bastidores entre governos e empresas petrol\u00edferas para garantir o fornecimento de combust\u00edveis f\u00f3sseis para os pr\u00f3ximos anos. N\u00e3o h\u00e1 uma agenda clara para eliminar o uso desses combust\u00edveis e a sua substitui\u00e7\u00e3o por energias limpas avan\u00e7a no ritmo do mercado, e n\u00e3o no da crise clim\u00e1tica ou das decis\u00f5es pol\u00edticas.<\/p>\n\n\n\n<figure class=\"wp-block-image aligncenter size-full\"><img decoding=\"async\" src=\"https:\/\/renatodias.online\/movimento\/wp-content\/uploads\/2023\/04\/Veja-e1680475225663.jpg\" alt=\"\" class=\"wp-image-16291\"\/><\/figure>\n\n\n\n<p>O presidente Lula fez um discurso contundente na abertura da confer\u00eancia, associando o enfrentamento \u00e0s mudan\u00e7as clim\u00e1ticas ao combate \u00e0 fome, ressaltando a forma desigual com que os seus impactos afetam povos e segmentos da popula\u00e7\u00e3o. Antes, por\u00e9m, de chegar a Dubai, Lula visitou a Ar\u00e1bia Saudita, onde recebeu um convite para o Brasil integrar a Organiza\u00e7\u00e3o dos Pa\u00edses Produtores de Petr\u00f3leo (Opep), na condi\u00e7\u00e3o de observador. Tudo indica que deve aceit\u00e1-lo. Trata-se, portanto, de sinaliza\u00e7\u00f5es contradit\u00f3rias. A Ar\u00e1bia Saudita \u00e9 o segundo maior produtor mundial de petr\u00f3leo, os Emirados \u00c1rabes Unidos s\u00e3o o s\u00e9timo e o Brasil, o nono. A Petrobr\u00e1s, que pretende aumentar a sua produ\u00e7\u00e3o com a explora\u00e7\u00e3o na Foz do Amazonas, reportou, em 2022, lucro l\u00edquido de US$ 34,4 bilh\u00f5es, o quinto maior do mundo, atr\u00e1s da Shell, ExxonMobil, Chevron e Saudi Aramco. A Petrobr\u00e1s tamb\u00e9m n\u00e3o disp\u00f5e de uma agenda clara para a sua transforma\u00e7\u00e3o em empresa de energias limpas.<\/p>\n\n\n\n<p class=\"has-text-align-center\"><strong>Front interno<\/strong><\/p>\n\n\n\n<p>Alguns \u00edcones do desmatamento tamb\u00e9m integram a delega\u00e7\u00e3o brasileira na COP-28, como Mauro Mendes, governador do Mato Grosso, estado que continua aumentando a destrui\u00e7\u00e3o da floresta. Ele quer prender ativistas que defendem o \u201cdesmatamento zero\u201d, mas tamb\u00e9m quer receber recursos compensat\u00f3rios por redu\u00e7\u00f5es das taxas da devasta\u00e7\u00e3o ocorridas em governos passados.<\/p>\n\n\n\n<figure class=\"wp-block-image aligncenter size-full\"><img loading=\"lazy\" decoding=\"async\" width=\"200\" height=\"200\" src=\"https:\/\/renatodias.online\/movimento\/wp-content\/uploads\/2021\/04\/Especial.jpg\" alt=\"\" class=\"wp-image-5929\" srcset=\"https:\/\/renatodias.online\/movimento\/wp-content\/uploads\/2021\/04\/Especial.jpg 200w, https:\/\/renatodias.online\/movimento\/wp-content\/uploads\/2021\/04\/Especial-150x150.jpg 150w\" sizes=\"auto, (max-width: 200px) 100vw, 200px\" \/><\/figure>\n\n\n\n<p>Representantes da Frente Parlamentar da Agropecu\u00e1ria (FPA), mais conhecida como bancada ruralista, tamb\u00e9m est\u00e3o em Dubai, e esperam que os propriet\u00e1rios rurais brasileiros possam acessar recursos relacionados \u00e0 quest\u00e3o clim\u00e1tica. No entanto, est\u00e3o em franca campanha pela aprova\u00e7\u00e3o, pelo Congresso, de um conjunto de leis, conhecido como \u201cPacote da Devasta\u00e7\u00e3o\u201d, para restringir a demarca\u00e7\u00e3o de terras ind\u00edgenas, facilitar a libera\u00e7\u00e3o de agrot\u00f3xicos prejudiciais \u00e0 sa\u00fade, fragilizar o C\u00f3digo Florestal, a prote\u00e7\u00e3o da Mata Atl\u00e2ntica e o licenciamento ambiental. Durante a tramita\u00e7\u00e3o, no Senado, do projeto de lei que instituir\u00e1 o mercado regulado de carbono no pa\u00eds, a FPA optou por excluir os grandes propriet\u00e1rios rurais de obriga\u00e7\u00f5es legais para reduzir emiss\u00f5es, mas, com a proposta agora na C\u00e2mara, manobra para tentar benefici\u00e1-los, de alguma forma, retardando a aprova\u00e7\u00e3o da lei.<\/p>\n\n\n\n<figure class=\"wp-block-image aligncenter size-full\"><img decoding=\"async\" src=\"https:\/\/renatodias.online\/movimento\/wp-content\/uploads\/2021\/04\/Congresso-Nacional-e1687730390194.jpg\" alt=\"Congresso Nacional\" class=\"wp-image-6053\"\/><figcaption class=\"wp-element-caption\"><strong>Congresso Nacional<\/strong><\/figcaption><\/figure>\n\n\n\n<p>Apesar dos ciclones catastr\u00f3ficos que abalam o Sul, das ondas de calor que perpassam o pa\u00eds, da seca in\u00e9dita na Amaz\u00f4nia, os ruralistas e outras bancadas radicais atuam no Congresso para confrontar atores sociais e medidas oficiais requeridas para se enfrentar a crise clim\u00e1tica. A forte presen\u00e7a brasileira em Dubai \u00e9 uma indica\u00e7\u00e3o evidente do efeito mobilizador que a COP-30, em Bel\u00e9m, ter\u00e1 para todo o pa\u00eds, antes, durante e ap\u00f3s o evento. A sua aproxima\u00e7\u00e3o vai tencionar a agenda pol\u00edtica interna, assim como a recorr\u00eancia de eventos clim\u00e1ticos extremos. Melhor ser\u00e1 se os negacionistas, de dentro e de fora do Congresso, n\u00e3o se exclu\u00edrem dessa agenda e tamb\u00e9m aprenderem com ela.<\/p>\n","protected":false},"excerpt":{"rendered":"<p>M\u00e1rcio Santilli Come\u00e7ou em Dubai, nos Emirados \u00c1rabes Unidos, a COP-28, confer\u00eancia da ONU deste ano sobre mudan\u00e7as clim\u00e1ticas globais. No evento, espera-se que sejam atualizadas e cobradas as provid\u00eancias que os pa\u00edses que mais emitem gases efeito estufa precisam tomar para cumprirem as metas de redu\u00e7\u00e3o de emiss\u00f5es que assumiram, para 2030, no Acordo<\/p>\n","protected":false},"author":2,"featured_media":17777,"comment_status":"open","ping_status":"open","sticky":false,"template":"","format":"standard","meta":{"_acf_changed":false,"_monsterinsights_skip_tracking":false,"_monsterinsights_sitenote_active":false,"_monsterinsights_sitenote_note":"","_monsterinsights_sitenote_category":0,"footnotes":""},"categories":[160,36,35,83,4],"tags":[],"class_list":["post-18950","post","type-post","status-publish","format-standard","has-post-thumbnail","hentry","category-historia","category-internacional","category-nacional","category-opiniao","category-politica"],"acf":[],"yoast_head":"<!-- This site is optimized with the Yoast SEO plugin v27.4 - https:\/\/yoast.com\/product\/yoast-seo-wordpress\/ -->\n<title>Guerras, polariza\u00e7\u00e3o e o clima -<\/title>\n<meta name=\"robots\" content=\"index, follow, max-snippet:-1, max-image-preview:large, max-video-preview:-1\" \/>\n<link rel=\"canonical\" href=\"https:\/\/renatodias.online\/movimento\/2023\/12\/03\/guerras-polarizacao-e-o-clima\/\" \/>\n<meta property=\"og:locale\" content=\"pt_BR\" \/>\n<meta property=\"og:type\" content=\"article\" \/>\n<meta property=\"og:title\" content=\"Guerras, polariza\u00e7\u00e3o e o clima -\" \/>\n<meta property=\"og:description\" content=\"M\u00e1rcio Santilli Come\u00e7ou em Dubai, nos Emirados \u00c1rabes Unidos, a COP-28, confer\u00eancia da ONU deste ano sobre mudan\u00e7as clim\u00e1ticas globais. No evento, espera-se que sejam atualizadas e cobradas as provid\u00eancias que os pa\u00edses que mais emitem gases efeito estufa precisam tomar para cumprirem as metas de redu\u00e7\u00e3o de emiss\u00f5es que assumiram, para 2030, no Acordo\" \/>\n<meta property=\"og:url\" content=\"https:\/\/renatodias.online\/movimento\/2023\/12\/03\/guerras-polarizacao-e-o-clima\/\" \/>\n<meta property=\"article:publisher\" content=\"https:\/\/www.facebook.com\/renato.dias.37\" \/>\n<meta property=\"article:author\" content=\"https:\/\/www.facebook.com\/renato.dias.37\" \/>\n<meta property=\"article:published_time\" content=\"2023-12-04T01:47:54+00:00\" \/>\n<meta property=\"article:modified_time\" content=\"2023-12-04T01:48:02+00:00\" \/>\n<meta property=\"og:image\" content=\"https:\/\/renatodias.online\/movimento\/wp-content\/uploads\/2023\/08\/Marcio-Santilli-e1691461999581.jpg\" \/>\n\t<meta property=\"og:image:width\" content=\"700\" \/>\n\t<meta property=\"og:image:height\" content=\"500\" \/>\n\t<meta property=\"og:image:type\" content=\"image\/jpeg\" \/>\n<meta name=\"author\" content=\"Renato Dias\" \/>\n<meta name=\"twitter:card\" content=\"summary_large_image\" \/>\n<meta name=\"twitter:creator\" content=\"@RenatoDiasBat\" \/>\n<meta name=\"twitter:site\" content=\"@RenatoDiasBat\" \/>\n<meta name=\"twitter:label1\" content=\"Escrito por\" \/>\n\t<meta name=\"twitter:data1\" content=\"Renato Dias\" \/>\n\t<meta name=\"twitter:label2\" content=\"Est. tempo de leitura\" \/>\n\t<meta name=\"twitter:data2\" content=\"7 minutos\" \/>\n<script type=\"application\/ld+json\" class=\"yoast-schema-graph\">{\"@context\":\"https:\\\/\\\/schema.org\",\"@graph\":[{\"@type\":\"Article\",\"@id\":\"https:\\\/\\\/renatodias.online\\\/movimento\\\/2023\\\/12\\\/03\\\/guerras-polarizacao-e-o-clima\\\/#article\",\"isPartOf\":{\"@id\":\"https:\\\/\\\/renatodias.online\\\/movimento\\\/2023\\\/12\\\/03\\\/guerras-polarizacao-e-o-clima\\\/\"},\"author\":{\"name\":\"Renato Dias\",\"@id\":\"https:\\\/\\\/renatodias.online\\\/movimento\\\/#\\\/schema\\\/person\\\/bbab28833b1725a20f4083f49f1fb2a9\"},\"headline\":\"Guerras, polariza\u00e7\u00e3o e o clima\",\"datePublished\":\"2023-12-04T01:47:54+00:00\",\"dateModified\":\"2023-12-04T01:48:02+00:00\",\"mainEntityOfPage\":{\"@id\":\"https:\\\/\\\/renatodias.online\\\/movimento\\\/2023\\\/12\\\/03\\\/guerras-polarizacao-e-o-clima\\\/\"},\"wordCount\":1131,\"commentCount\":0,\"publisher\":{\"@id\":\"https:\\\/\\\/renatodias.online\\\/movimento\\\/#\\\/schema\\\/person\\\/bbab28833b1725a20f4083f49f1fb2a9\"},\"image\":{\"@id\":\"https:\\\/\\\/renatodias.online\\\/movimento\\\/2023\\\/12\\\/03\\\/guerras-polarizacao-e-o-clima\\\/#primaryimage\"},\"thumbnailUrl\":\"https:\\\/\\\/renatodias.online\\\/movimento\\\/wp-content\\\/uploads\\\/2023\\\/08\\\/Marcio-Santilli-e1763940913167.jpg\",\"articleSection\":[\"Hist\u00f3ria\",\"Internacional\",\"Nacional\",\"Opini\u00e3o\",\"Pol\u00edtica\"],\"inLanguage\":\"pt-BR\",\"potentialAction\":[{\"@type\":\"CommentAction\",\"name\":\"Comment\",\"target\":[\"https:\\\/\\\/renatodias.online\\\/movimento\\\/2023\\\/12\\\/03\\\/guerras-polarizacao-e-o-clima\\\/#respond\"]}]},{\"@type\":\"WebPage\",\"@id\":\"https:\\\/\\\/renatodias.online\\\/movimento\\\/2023\\\/12\\\/03\\\/guerras-polarizacao-e-o-clima\\\/\",\"url\":\"https:\\\/\\\/renatodias.online\\\/movimento\\\/2023\\\/12\\\/03\\\/guerras-polarizacao-e-o-clima\\\/\",\"name\":\"Guerras, polariza\u00e7\u00e3o e o clima -\",\"isPartOf\":{\"@id\":\"https:\\\/\\\/renatodias.online\\\/movimento\\\/#website\"},\"primaryImageOfPage\":{\"@id\":\"https:\\\/\\\/renatodias.online\\\/movimento\\\/2023\\\/12\\\/03\\\/guerras-polarizacao-e-o-clima\\\/#primaryimage\"},\"image\":{\"@id\":\"https:\\\/\\\/renatodias.online\\\/movimento\\\/2023\\\/12\\\/03\\\/guerras-polarizacao-e-o-clima\\\/#primaryimage\"},\"thumbnailUrl\":\"https:\\\/\\\/renatodias.online\\\/movimento\\\/wp-content\\\/uploads\\\/2023\\\/08\\\/Marcio-Santilli-e1763940913167.jpg\",\"datePublished\":\"2023-12-04T01:47:54+00:00\",\"dateModified\":\"2023-12-04T01:48:02+00:00\",\"breadcrumb\":{\"@id\":\"https:\\\/\\\/renatodias.online\\\/movimento\\\/2023\\\/12\\\/03\\\/guerras-polarizacao-e-o-clima\\\/#breadcrumb\"},\"inLanguage\":\"pt-BR\",\"potentialAction\":[{\"@type\":\"ReadAction\",\"target\":[\"https:\\\/\\\/renatodias.online\\\/movimento\\\/2023\\\/12\\\/03\\\/guerras-polarizacao-e-o-clima\\\/\"]}]},{\"@type\":\"ImageObject\",\"inLanguage\":\"pt-BR\",\"@id\":\"https:\\\/\\\/renatodias.online\\\/movimento\\\/2023\\\/12\\\/03\\\/guerras-polarizacao-e-o-clima\\\/#primaryimage\",\"url\":\"https:\\\/\\\/renatodias.online\\\/movimento\\\/wp-content\\\/uploads\\\/2023\\\/08\\\/Marcio-Santilli-e1763940913167.jpg\",\"contentUrl\":\"https:\\\/\\\/renatodias.online\\\/movimento\\\/wp-content\\\/uploads\\\/2023\\\/08\\\/Marcio-Santilli-e1763940913167.jpg\",\"width\":400,\"height\":286},{\"@type\":\"BreadcrumbList\",\"@id\":\"https:\\\/\\\/renatodias.online\\\/movimento\\\/2023\\\/12\\\/03\\\/guerras-polarizacao-e-o-clima\\\/#breadcrumb\",\"itemListElement\":[{\"@type\":\"ListItem\",\"position\":1,\"name\":\"In\u00edcio\",\"item\":\"https:\\\/\\\/renatodias.online\\\/movimento\\\/\"},{\"@type\":\"ListItem\",\"position\":2,\"name\":\"Guerras, polariza\u00e7\u00e3o e o clima\"}]},{\"@type\":\"WebSite\",\"@id\":\"https:\\\/\\\/renatodias.online\\\/movimento\\\/#website\",\"url\":\"https:\\\/\\\/renatodias.online\\\/movimento\\\/\",\"name\":\"\",\"description\":\"\",\"publisher\":{\"@id\":\"https:\\\/\\\/renatodias.online\\\/movimento\\\/#\\\/schema\\\/person\\\/bbab28833b1725a20f4083f49f1fb2a9\"},\"potentialAction\":[{\"@type\":\"SearchAction\",\"target\":{\"@type\":\"EntryPoint\",\"urlTemplate\":\"https:\\\/\\\/renatodias.online\\\/movimento\\\/?s={search_term_string}\"},\"query-input\":{\"@type\":\"PropertyValueSpecification\",\"valueRequired\":true,\"valueName\":\"search_term_string\"}}],\"inLanguage\":\"pt-BR\"},{\"@type\":[\"Person\",\"Organization\"],\"@id\":\"https:\\\/\\\/renatodias.online\\\/movimento\\\/#\\\/schema\\\/person\\\/bbab28833b1725a20f4083f49f1fb2a9\",\"name\":\"Renato Dias\",\"image\":{\"@type\":\"ImageObject\",\"inLanguage\":\"pt-BR\",\"@id\":\"https:\\\/\\\/renatodias.online\\\/movimento\\\/wp-content\\\/uploads\\\/2023\\\/03\\\/cropped-cropped-cropped-logofinal.jpeg\",\"url\":\"https:\\\/\\\/renatodias.online\\\/movimento\\\/wp-content\\\/uploads\\\/2023\\\/03\\\/cropped-cropped-cropped-logofinal.jpeg\",\"contentUrl\":\"https:\\\/\\\/renatodias.online\\\/movimento\\\/wp-content\\\/uploads\\\/2023\\\/03\\\/cropped-cropped-cropped-logofinal.jpeg\",\"width\":1280,\"height\":219,\"caption\":\"Renato Dias\"},\"logo\":{\"@id\":\"https:\\\/\\\/renatodias.online\\\/movimento\\\/wp-content\\\/uploads\\\/2023\\\/03\\\/cropped-cropped-cropped-logofinal.jpeg\"},\"description\":\"Renato Dias, 58 anos, \u00e9 graduado em Jornalismo, formado em Ci\u00eancias Sociais, com p\u00f3s-gradua\u00e7\u00e3o em Pol\u00edticas P\u00fablicas, mestre em Direito e Rela\u00e7\u00f5es Internacionais, ex-aluno extraordin\u00e1rio do Doutorado em Psicologia Social, ex-estudante do Curso de Psican\u00e1lise do Centro de Estudos Psicanal\u00edticos do Estado de Goi\u00e1s, ministrado pelo m\u00e9dico psiquiatra e psicanalista Daniel Em\u00eddio de Souza. \u00c9 autor de 30 livros-reportagem, oito document\u00e1rios, ganhou 30 pr\u00eamios e \u00e9 torcedor apaixonado do maior do Centro-Oeste, o Vila Nova Futebol Clube. Casado com Meirilane Dias, \u00e9 pai de Juliana Dias, jornalista; Daniel Dias, economista; e Maria Rosa Dias, estudante antifascista, socialista e trotskista.\u00a0Com tr\u00eas pets: Porquinho [Bull Dog Franc\u00eas], Dalila [Basset Hound] e Geleia [Basset Hound]. Al\u00e9m do eterno gato Tutuquinho, que virou estrela.\",\"sameAs\":[\"https:\\\/\\\/www.facebook.com\\\/renato.dias.37\",\"#breve\",\"https:\\\/\\\/renatodias.tumblr.com\\\/\"],\"url\":\"https:\\\/\\\/renatodias.online\\\/movimento\\\/author\\\/renatodias\\\/\"}]}<\/script>\n<!-- \/ Yoast SEO plugin. -->","yoast_head_json":{"title":"Guerras, polariza\u00e7\u00e3o e o clima -","robots":{"index":"index","follow":"follow","max-snippet":"max-snippet:-1","max-image-preview":"max-image-preview:large","max-video-preview":"max-video-preview:-1"},"canonical":"https:\/\/renatodias.online\/movimento\/2023\/12\/03\/guerras-polarizacao-e-o-clima\/","og_locale":"pt_BR","og_type":"article","og_title":"Guerras, polariza\u00e7\u00e3o e o clima -","og_description":"M\u00e1rcio Santilli Come\u00e7ou em Dubai, nos Emirados \u00c1rabes Unidos, a COP-28, confer\u00eancia da ONU deste ano sobre mudan\u00e7as clim\u00e1ticas globais. No evento, espera-se que sejam atualizadas e cobradas as provid\u00eancias que os pa\u00edses que mais emitem gases efeito estufa precisam tomar para cumprirem as metas de redu\u00e7\u00e3o de emiss\u00f5es que assumiram, para 2030, no Acordo","og_url":"https:\/\/renatodias.online\/movimento\/2023\/12\/03\/guerras-polarizacao-e-o-clima\/","article_publisher":"https:\/\/www.facebook.com\/renato.dias.37","article_author":"https:\/\/www.facebook.com\/renato.dias.37","article_published_time":"2023-12-04T01:47:54+00:00","article_modified_time":"2023-12-04T01:48:02+00:00","og_image":[{"width":700,"height":500,"url":"https:\/\/renatodias.online\/movimento\/wp-content\/uploads\/2023\/08\/Marcio-Santilli-e1691461999581.jpg","type":"image\/jpeg"}],"author":"Renato Dias","twitter_card":"summary_large_image","twitter_creator":"@RenatoDiasBat","twitter_site":"@RenatoDiasBat","twitter_misc":{"Escrito por":"Renato Dias","Est. tempo de leitura":"7 minutos"},"schema":{"@context":"https:\/\/schema.org","@graph":[{"@type":"Article","@id":"https:\/\/renatodias.online\/movimento\/2023\/12\/03\/guerras-polarizacao-e-o-clima\/#article","isPartOf":{"@id":"https:\/\/renatodias.online\/movimento\/2023\/12\/03\/guerras-polarizacao-e-o-clima\/"},"author":{"name":"Renato Dias","@id":"https:\/\/renatodias.online\/movimento\/#\/schema\/person\/bbab28833b1725a20f4083f49f1fb2a9"},"headline":"Guerras, polariza\u00e7\u00e3o e o clima","datePublished":"2023-12-04T01:47:54+00:00","dateModified":"2023-12-04T01:48:02+00:00","mainEntityOfPage":{"@id":"https:\/\/renatodias.online\/movimento\/2023\/12\/03\/guerras-polarizacao-e-o-clima\/"},"wordCount":1131,"commentCount":0,"publisher":{"@id":"https:\/\/renatodias.online\/movimento\/#\/schema\/person\/bbab28833b1725a20f4083f49f1fb2a9"},"image":{"@id":"https:\/\/renatodias.online\/movimento\/2023\/12\/03\/guerras-polarizacao-e-o-clima\/#primaryimage"},"thumbnailUrl":"https:\/\/renatodias.online\/movimento\/wp-content\/uploads\/2023\/08\/Marcio-Santilli-e1763940913167.jpg","articleSection":["Hist\u00f3ria","Internacional","Nacional","Opini\u00e3o","Pol\u00edtica"],"inLanguage":"pt-BR","potentialAction":[{"@type":"CommentAction","name":"Comment","target":["https:\/\/renatodias.online\/movimento\/2023\/12\/03\/guerras-polarizacao-e-o-clima\/#respond"]}]},{"@type":"WebPage","@id":"https:\/\/renatodias.online\/movimento\/2023\/12\/03\/guerras-polarizacao-e-o-clima\/","url":"https:\/\/renatodias.online\/movimento\/2023\/12\/03\/guerras-polarizacao-e-o-clima\/","name":"Guerras, polariza\u00e7\u00e3o e o clima -","isPartOf":{"@id":"https:\/\/renatodias.online\/movimento\/#website"},"primaryImageOfPage":{"@id":"https:\/\/renatodias.online\/movimento\/2023\/12\/03\/guerras-polarizacao-e-o-clima\/#primaryimage"},"image":{"@id":"https:\/\/renatodias.online\/movimento\/2023\/12\/03\/guerras-polarizacao-e-o-clima\/#primaryimage"},"thumbnailUrl":"https:\/\/renatodias.online\/movimento\/wp-content\/uploads\/2023\/08\/Marcio-Santilli-e1763940913167.jpg","datePublished":"2023-12-04T01:47:54+00:00","dateModified":"2023-12-04T01:48:02+00:00","breadcrumb":{"@id":"https:\/\/renatodias.online\/movimento\/2023\/12\/03\/guerras-polarizacao-e-o-clima\/#breadcrumb"},"inLanguage":"pt-BR","potentialAction":[{"@type":"ReadAction","target":["https:\/\/renatodias.online\/movimento\/2023\/12\/03\/guerras-polarizacao-e-o-clima\/"]}]},{"@type":"ImageObject","inLanguage":"pt-BR","@id":"https:\/\/renatodias.online\/movimento\/2023\/12\/03\/guerras-polarizacao-e-o-clima\/#primaryimage","url":"https:\/\/renatodias.online\/movimento\/wp-content\/uploads\/2023\/08\/Marcio-Santilli-e1763940913167.jpg","contentUrl":"https:\/\/renatodias.online\/movimento\/wp-content\/uploads\/2023\/08\/Marcio-Santilli-e1763940913167.jpg","width":400,"height":286},{"@type":"BreadcrumbList","@id":"https:\/\/renatodias.online\/movimento\/2023\/12\/03\/guerras-polarizacao-e-o-clima\/#breadcrumb","itemListElement":[{"@type":"ListItem","position":1,"name":"In\u00edcio","item":"https:\/\/renatodias.online\/movimento\/"},{"@type":"ListItem","position":2,"name":"Guerras, polariza\u00e7\u00e3o e o clima"}]},{"@type":"WebSite","@id":"https:\/\/renatodias.online\/movimento\/#website","url":"https:\/\/renatodias.online\/movimento\/","name":"","description":"","publisher":{"@id":"https:\/\/renatodias.online\/movimento\/#\/schema\/person\/bbab28833b1725a20f4083f49f1fb2a9"},"potentialAction":[{"@type":"SearchAction","target":{"@type":"EntryPoint","urlTemplate":"https:\/\/renatodias.online\/movimento\/?s={search_term_string}"},"query-input":{"@type":"PropertyValueSpecification","valueRequired":true,"valueName":"search_term_string"}}],"inLanguage":"pt-BR"},{"@type":["Person","Organization"],"@id":"https:\/\/renatodias.online\/movimento\/#\/schema\/person\/bbab28833b1725a20f4083f49f1fb2a9","name":"Renato Dias","image":{"@type":"ImageObject","inLanguage":"pt-BR","@id":"https:\/\/renatodias.online\/movimento\/wp-content\/uploads\/2023\/03\/cropped-cropped-cropped-logofinal.jpeg","url":"https:\/\/renatodias.online\/movimento\/wp-content\/uploads\/2023\/03\/cropped-cropped-cropped-logofinal.jpeg","contentUrl":"https:\/\/renatodias.online\/movimento\/wp-content\/uploads\/2023\/03\/cropped-cropped-cropped-logofinal.jpeg","width":1280,"height":219,"caption":"Renato Dias"},"logo":{"@id":"https:\/\/renatodias.online\/movimento\/wp-content\/uploads\/2023\/03\/cropped-cropped-cropped-logofinal.jpeg"},"description":"Renato Dias, 58 anos, \u00e9 graduado em Jornalismo, formado em Ci\u00eancias Sociais, com p\u00f3s-gradua\u00e7\u00e3o em Pol\u00edticas P\u00fablicas, mestre em Direito e Rela\u00e7\u00f5es Internacionais, ex-aluno extraordin\u00e1rio do Doutorado em Psicologia Social, ex-estudante do Curso de Psican\u00e1lise do Centro de Estudos Psicanal\u00edticos do Estado de Goi\u00e1s, ministrado pelo m\u00e9dico psiquiatra e psicanalista Daniel Em\u00eddio de Souza. \u00c9 autor de 30 livros-reportagem, oito document\u00e1rios, ganhou 30 pr\u00eamios e \u00e9 torcedor apaixonado do maior do Centro-Oeste, o Vila Nova Futebol Clube. Casado com Meirilane Dias, \u00e9 pai de Juliana Dias, jornalista; Daniel Dias, economista; e Maria Rosa Dias, estudante antifascista, socialista e trotskista.\u00a0Com tr\u00eas pets: Porquinho [Bull Dog Franc\u00eas], Dalila [Basset Hound] e Geleia [Basset Hound]. Al\u00e9m do eterno gato Tutuquinho, que virou estrela.","sameAs":["https:\/\/www.facebook.com\/renato.dias.37","#breve","https:\/\/renatodias.tumblr.com\/"],"url":"https:\/\/renatodias.online\/movimento\/author\/renatodias\/"}]}},"_links":{"self":[{"href":"https:\/\/renatodias.online\/movimento\/wp-json\/wp\/v2\/posts\/18950","targetHints":{"allow":["GET"]}}],"collection":[{"href":"https:\/\/renatodias.online\/movimento\/wp-json\/wp\/v2\/posts"}],"about":[{"href":"https:\/\/renatodias.online\/movimento\/wp-json\/wp\/v2\/types\/post"}],"author":[{"embeddable":true,"href":"https:\/\/renatodias.online\/movimento\/wp-json\/wp\/v2\/users\/2"}],"replies":[{"embeddable":true,"href":"https:\/\/renatodias.online\/movimento\/wp-json\/wp\/v2\/comments?post=18950"}],"version-history":[{"count":1,"href":"https:\/\/renatodias.online\/movimento\/wp-json\/wp\/v2\/posts\/18950\/revisions"}],"predecessor-version":[{"id":18951,"href":"https:\/\/renatodias.online\/movimento\/wp-json\/wp\/v2\/posts\/18950\/revisions\/18951"}],"wp:featuredmedia":[{"embeddable":true,"href":"https:\/\/renatodias.online\/movimento\/wp-json\/wp\/v2\/media\/17777"}],"wp:attachment":[{"href":"https:\/\/renatodias.online\/movimento\/wp-json\/wp\/v2\/media?parent=18950"}],"wp:term":[{"taxonomy":"category","embeddable":true,"href":"https:\/\/renatodias.online\/movimento\/wp-json\/wp\/v2\/categories?post=18950"},{"taxonomy":"post_tag","embeddable":true,"href":"https:\/\/renatodias.online\/movimento\/wp-json\/wp\/v2\/tags?post=18950"}],"curies":[{"name":"wp","href":"https:\/\/api.w.org\/{rel}","templated":true}]}}