{"id":18947,"date":"2023-12-03T22:41:59","date_gmt":"2023-12-04T01:41:59","guid":{"rendered":"https:\/\/renatodias.online\/movimento\/?p=18947"},"modified":"2023-12-03T22:42:00","modified_gmt":"2023-12-04T01:42:00","slug":"joao-vitor-protagoniza-video-do-unicef","status":"publish","type":"post","link":"https:\/\/renatodias.online\/movimento\/2023\/12\/03\/joao-vitor-protagoniza-video-do-unicef\/","title":{"rendered":"<strong>Jo\u00e3o Vitor protagoniza v\u00eddeo do Unicef<\/strong>"},"content":{"rendered":"\n<figure class=\"wp-block-image aligncenter size-full\"><img loading=\"lazy\" decoding=\"async\" width=\"150\" height=\"98\" src=\"https:\/\/renatodias.online\/movimento\/wp-content\/uploads\/2023\/07\/Direitos-humanos-especial-e1688772453717.png\" alt=\"\" class=\"wp-image-17426\"\/><\/figure>\n\n\n\n<p class=\"has-text-align-center\"><strong><mark style=\"background-color:rgba(0, 0, 0, 0)\" class=\"has-inline-color has-vivid-purple-color\">Dia Internacional da Pessoa com Defici\u00eancia\u00a0<\/mark><\/strong><\/p>\n\n\n\n<p>O influenciador digital <strong>Jo\u00e3o Vitor de Paiva Bittencourt<\/strong> protagoniza v\u00eddeo do Unicef para marcar a passagem do Dia Internacional da Pessoa com Defici\u00eancia, neste domingo, 3 de dezembro. O fundo postou a pe\u00e7a nas redes sociais.\u00a0A data foi definida pela ONU para que todos os pa\u00edses membros comemorem o dia, gerando conscientiza\u00e7\u00e3o, compromisso e a\u00e7\u00f5es que promovam os direitos das pessoas com defici\u00eancia.<strong>JV de Paiva<\/strong>, como \u00e9 conhecido, participa do v\u00eddeo ao lado de Cacai Bauer, primeira influenciadora digital com s\u00edndrome de Down no planeta, Fernanda Machado (s\u00edndrome de Down), Ivan Baron (paralisia cerebral), Raquel Nery (autismo) e Tato Amorim (cadeirante),\u00a0 todos eles ativistas da causa e criadores de conte\u00fados de defesa da inclus\u00e3o, contra o capacitismo e o preconceito.<\/p>\n\n\n\n<figure class=\"wp-block-image aligncenter size-full\"><img loading=\"lazy\" decoding=\"async\" width=\"300\" height=\"103\" src=\"https:\/\/renatodias.online\/movimento\/wp-content\/uploads\/2022\/08\/Saiba-mais-e1680139445250.png\" alt=\"\" class=\"wp-image-13698\" srcset=\"https:\/\/renatodias.online\/movimento\/wp-content\/uploads\/2022\/08\/Saiba-mais-e1680139445250.png 300w, https:\/\/renatodias.online\/movimento\/wp-content\/uploads\/2022\/08\/Saiba-mais-e1680139445250-150x52.png 150w\" sizes=\"auto, (max-width: 300px) 100vw, 300px\" \/><\/figure>\n\n\n\n<p>O <strong>estudante goiano de Educa\u00e7\u00e3o F\u00edsica (PUC-GO)<\/strong> \u00e9 primeiro conselheiro jovem do Unicef com a s\u00edndrome de down. Tem mais de 278 mil seguidores do Instagram e 213 mil no Tik Tok. No v\u00eddeo, eles falam da import\u00e2ncia da data e defendem a inclus\u00e3o social e os direitos das pessoas com defici\u00eancia. Criticam ainda o capacitismo e o preconceito. \u201c<strong>Hoje \u00e9 03\/12<\/strong>, voc\u00eas sabem o que esta data representa?! Exatamente, Dia Internacional das Pessoas com Defici\u00eancia. A data foi criada pela ONU, l\u00e1 em 1992, e tem o papel de nos fazer refletir em prol da causa\u201d, abre Jo\u00e3o Vitor.\u00a0 <strong>Cacai Bauer<\/strong> continua: \u201cE eu, como a primeira influenciadora com s\u00edndrome de Down do mundo, estou aqui para dizer que nada sobre n\u00f3s, sem n\u00f3s. \u00c9 importante estarmos na internet para compartilhar sobre esta data\u201d.<\/p>\n\n\n\n<figure class=\"wp-block-image aligncenter size-full\"><img decoding=\"async\" src=\"https:\/\/renatodias.online\/movimento\/wp-content\/uploads\/2022\/08\/Raio-X-especial-e1680139645191.png\" alt=\"\" class=\"wp-image-13781\"\/><\/figure>\n\n\n\n<p>Na sequ\u00eancia, <strong>Ivan Baron<\/strong> acrescenta: \u201cSer um influenciador da inclus\u00e3o diz muito sobre isso. Estou nas m\u00eddias sociais para reafirmar minha capacidade todos os dias. Ser uma pessoa com defici\u00eancia n\u00e3o nos impede de sermos protagonistas de nossa pr\u00f3pria hist\u00f3ria\u201d. Fernanda \u00e9 a pr\u00f3xima: \u201cFalando em hist\u00f3ria, eu amo hist\u00f3rias. Por isso tamb\u00e9m resolvi me tornar escritora. E como escritora, escrevo minha pr\u00f3pria hist\u00f3ria\u201d. Raquel prossegue: \u201cA data de hoje nos d\u00e1 ainda mais visibilidade. Sou autista, superdotada, curso medicina e sei que nossa presen\u00e7a nas redes sociais \u00e9 de extrema relev\u00e2ncia. Imaginem se hoje s\u00f3 tiv\u00e9ssemos pessoas t\u00edpicas falando sobre o assunto?\u201d. Tato conclui: \u201cN\u00e3o faria sentido, n\u00e9?! Eu e essa turma de peso que apareceu anteriormente somos os protagonistas de nossa pr\u00f3pria hist\u00f3ria. Uma data que representa resist\u00eancia precisa ser lembrada\u201d. Para finalizar o v\u00eddeo, cada um fala um pequeno trecho da frase <strong>&#8220;A minha defici\u00eancia n\u00e3o me define&#8221;.<\/strong><\/p>\n","protected":false},"excerpt":{"rendered":"<p>Dia Internacional da Pessoa com Defici\u00eancia\u00a0 O influenciador digital Jo\u00e3o Vitor de Paiva Bittencourt protagoniza v\u00eddeo do Unicef para marcar a passagem do Dia Internacional da Pessoa com Defici\u00eancia, neste domingo, 3 de dezembro. O fundo postou a pe\u00e7a nas redes sociais.\u00a0A data foi definida pela ONU para que todos os pa\u00edses membros comemorem o<\/p>\n","protected":false},"author":2,"featured_media":18948,"comment_status":"open","ping_status":"open","sticky":false,"template":"","format":"standard","meta":{"_acf_changed":false,"_monsterinsights_skip_tracking":false,"_monsterinsights_sitenote_active":false,"_monsterinsights_sitenote_note":"","_monsterinsights_sitenote_category":0,"footnotes":""},"categories":[9],"tags":[],"class_list":["post-18947","post","type-post","status-publish","format-standard","has-post-thumbnail","hentry","category-cidade"],"acf":[],"yoast_head":"<!-- This site is optimized with the Yoast SEO plugin v27.4 - https:\/\/yoast.com\/product\/yoast-seo-wordpress\/ -->\n<title>Jo\u00e3o Vitor protagoniza v\u00eddeo do Unicef -<\/title>\n<meta name=\"robots\" content=\"index, follow, max-snippet:-1, max-image-preview:large, max-video-preview:-1\" \/>\n<link rel=\"canonical\" href=\"https:\/\/renatodias.online\/movimento\/2023\/12\/03\/joao-vitor-protagoniza-video-do-unicef\/\" \/>\n<meta property=\"og:locale\" content=\"pt_BR\" \/>\n<meta property=\"og:type\" content=\"article\" \/>\n<meta property=\"og:title\" content=\"Jo\u00e3o Vitor protagoniza v\u00eddeo do Unicef -\" \/>\n<meta property=\"og:description\" content=\"Dia Internacional da Pessoa com Defici\u00eancia\u00a0 O influenciador digital Jo\u00e3o Vitor de Paiva Bittencourt protagoniza v\u00eddeo do Unicef para marcar a passagem do Dia Internacional da Pessoa com Defici\u00eancia, neste domingo, 3 de dezembro. O fundo postou a pe\u00e7a nas redes sociais.\u00a0A data foi definida pela ONU para que todos os pa\u00edses membros comemorem o\" \/>\n<meta property=\"og:url\" content=\"https:\/\/renatodias.online\/movimento\/2023\/12\/03\/joao-vitor-protagoniza-video-do-unicef\/\" \/>\n<meta property=\"article:publisher\" content=\"https:\/\/www.facebook.com\/renato.dias.37\" \/>\n<meta property=\"article:author\" content=\"https:\/\/www.facebook.com\/renato.dias.37\" \/>\n<meta property=\"article:published_time\" content=\"2023-12-04T01:41:59+00:00\" \/>\n<meta property=\"article:modified_time\" content=\"2023-12-04T01:42:00+00:00\" \/>\n<meta property=\"og:image\" content=\"https:\/\/renatodias.online\/movimento\/wp-content\/uploads\/2023\/12\/Joao-Vitor.png\" \/>\n\t<meta property=\"og:image:width\" content=\"720\" \/>\n\t<meta property=\"og:image:height\" content=\"651\" \/>\n\t<meta property=\"og:image:type\" content=\"image\/png\" \/>\n<meta name=\"author\" content=\"Renato Dias\" \/>\n<meta name=\"twitter:card\" content=\"summary_large_image\" \/>\n<meta name=\"twitter:creator\" content=\"@RenatoDiasBat\" \/>\n<meta name=\"twitter:site\" content=\"@RenatoDiasBat\" \/>\n<meta name=\"twitter:label1\" content=\"Escrito por\" \/>\n\t<meta name=\"twitter:data1\" content=\"Renato Dias\" \/>\n\t<meta name=\"twitter:label2\" content=\"Est. tempo de leitura\" \/>\n\t<meta name=\"twitter:data2\" content=\"3 minutos\" \/>\n<script type=\"application\/ld+json\" class=\"yoast-schema-graph\">{\"@context\":\"https:\\\/\\\/schema.org\",\"@graph\":[{\"@type\":\"Article\",\"@id\":\"https:\\\/\\\/renatodias.online\\\/movimento\\\/2023\\\/12\\\/03\\\/joao-vitor-protagoniza-video-do-unicef\\\/#article\",\"isPartOf\":{\"@id\":\"https:\\\/\\\/renatodias.online\\\/movimento\\\/2023\\\/12\\\/03\\\/joao-vitor-protagoniza-video-do-unicef\\\/\"},\"author\":{\"name\":\"Renato Dias\",\"@id\":\"https:\\\/\\\/renatodias.online\\\/movimento\\\/#\\\/schema\\\/person\\\/bbab28833b1725a20f4083f49f1fb2a9\"},\"headline\":\"Jo\u00e3o Vitor protagoniza v\u00eddeo do Unicef\",\"datePublished\":\"2023-12-04T01:41:59+00:00\",\"dateModified\":\"2023-12-04T01:42:00+00:00\",\"mainEntityOfPage\":{\"@id\":\"https:\\\/\\\/renatodias.online\\\/movimento\\\/2023\\\/12\\\/03\\\/joao-vitor-protagoniza-video-do-unicef\\\/\"},\"wordCount\":462,\"commentCount\":0,\"publisher\":{\"@id\":\"https:\\\/\\\/renatodias.online\\\/movimento\\\/#\\\/schema\\\/person\\\/bbab28833b1725a20f4083f49f1fb2a9\"},\"image\":{\"@id\":\"https:\\\/\\\/renatodias.online\\\/movimento\\\/2023\\\/12\\\/03\\\/joao-vitor-protagoniza-video-do-unicef\\\/#primaryimage\"},\"thumbnailUrl\":\"https:\\\/\\\/renatodias.online\\\/movimento\\\/wp-content\\\/uploads\\\/2023\\\/12\\\/Joao-Vitor.png\",\"articleSection\":[\"Cidade\"],\"inLanguage\":\"pt-BR\",\"potentialAction\":[{\"@type\":\"CommentAction\",\"name\":\"Comment\",\"target\":[\"https:\\\/\\\/renatodias.online\\\/movimento\\\/2023\\\/12\\\/03\\\/joao-vitor-protagoniza-video-do-unicef\\\/#respond\"]}]},{\"@type\":\"WebPage\",\"@id\":\"https:\\\/\\\/renatodias.online\\\/movimento\\\/2023\\\/12\\\/03\\\/joao-vitor-protagoniza-video-do-unicef\\\/\",\"url\":\"https:\\\/\\\/renatodias.online\\\/movimento\\\/2023\\\/12\\\/03\\\/joao-vitor-protagoniza-video-do-unicef\\\/\",\"name\":\"Jo\u00e3o Vitor protagoniza v\u00eddeo do Unicef -\",\"isPartOf\":{\"@id\":\"https:\\\/\\\/renatodias.online\\\/movimento\\\/#website\"},\"primaryImageOfPage\":{\"@id\":\"https:\\\/\\\/renatodias.online\\\/movimento\\\/2023\\\/12\\\/03\\\/joao-vitor-protagoniza-video-do-unicef\\\/#primaryimage\"},\"image\":{\"@id\":\"https:\\\/\\\/renatodias.online\\\/movimento\\\/2023\\\/12\\\/03\\\/joao-vitor-protagoniza-video-do-unicef\\\/#primaryimage\"},\"thumbnailUrl\":\"https:\\\/\\\/renatodias.online\\\/movimento\\\/wp-content\\\/uploads\\\/2023\\\/12\\\/Joao-Vitor.png\",\"datePublished\":\"2023-12-04T01:41:59+00:00\",\"dateModified\":\"2023-12-04T01:42:00+00:00\",\"breadcrumb\":{\"@id\":\"https:\\\/\\\/renatodias.online\\\/movimento\\\/2023\\\/12\\\/03\\\/joao-vitor-protagoniza-video-do-unicef\\\/#breadcrumb\"},\"inLanguage\":\"pt-BR\",\"potentialAction\":[{\"@type\":\"ReadAction\",\"target\":[\"https:\\\/\\\/renatodias.online\\\/movimento\\\/2023\\\/12\\\/03\\\/joao-vitor-protagoniza-video-do-unicef\\\/\"]}]},{\"@type\":\"ImageObject\",\"inLanguage\":\"pt-BR\",\"@id\":\"https:\\\/\\\/renatodias.online\\\/movimento\\\/2023\\\/12\\\/03\\\/joao-vitor-protagoniza-video-do-unicef\\\/#primaryimage\",\"url\":\"https:\\\/\\\/renatodias.online\\\/movimento\\\/wp-content\\\/uploads\\\/2023\\\/12\\\/Joao-Vitor.png\",\"contentUrl\":\"https:\\\/\\\/renatodias.online\\\/movimento\\\/wp-content\\\/uploads\\\/2023\\\/12\\\/Joao-Vitor.png\",\"width\":720,\"height\":651,\"caption\":\"Jo\u00e3o Vitor\"},{\"@type\":\"BreadcrumbList\",\"@id\":\"https:\\\/\\\/renatodias.online\\\/movimento\\\/2023\\\/12\\\/03\\\/joao-vitor-protagoniza-video-do-unicef\\\/#breadcrumb\",\"itemListElement\":[{\"@type\":\"ListItem\",\"position\":1,\"name\":\"In\u00edcio\",\"item\":\"https:\\\/\\\/renatodias.online\\\/movimento\\\/\"},{\"@type\":\"ListItem\",\"position\":2,\"name\":\"Jo\u00e3o Vitor protagoniza v\u00eddeo do Unicef\"}]},{\"@type\":\"WebSite\",\"@id\":\"https:\\\/\\\/renatodias.online\\\/movimento\\\/#website\",\"url\":\"https:\\\/\\\/renatodias.online\\\/movimento\\\/\",\"name\":\"\",\"description\":\"\",\"publisher\":{\"@id\":\"https:\\\/\\\/renatodias.online\\\/movimento\\\/#\\\/schema\\\/person\\\/bbab28833b1725a20f4083f49f1fb2a9\"},\"potentialAction\":[{\"@type\":\"SearchAction\",\"target\":{\"@type\":\"EntryPoint\",\"urlTemplate\":\"https:\\\/\\\/renatodias.online\\\/movimento\\\/?s={search_term_string}\"},\"query-input\":{\"@type\":\"PropertyValueSpecification\",\"valueRequired\":true,\"valueName\":\"search_term_string\"}}],\"inLanguage\":\"pt-BR\"},{\"@type\":[\"Person\",\"Organization\"],\"@id\":\"https:\\\/\\\/renatodias.online\\\/movimento\\\/#\\\/schema\\\/person\\\/bbab28833b1725a20f4083f49f1fb2a9\",\"name\":\"Renato Dias\",\"image\":{\"@type\":\"ImageObject\",\"inLanguage\":\"pt-BR\",\"@id\":\"https:\\\/\\\/renatodias.online\\\/movimento\\\/wp-content\\\/uploads\\\/2023\\\/03\\\/cropped-cropped-cropped-logofinal.jpeg\",\"url\":\"https:\\\/\\\/renatodias.online\\\/movimento\\\/wp-content\\\/uploads\\\/2023\\\/03\\\/cropped-cropped-cropped-logofinal.jpeg\",\"contentUrl\":\"https:\\\/\\\/renatodias.online\\\/movimento\\\/wp-content\\\/uploads\\\/2023\\\/03\\\/cropped-cropped-cropped-logofinal.jpeg\",\"width\":1280,\"height\":219,\"caption\":\"Renato Dias\"},\"logo\":{\"@id\":\"https:\\\/\\\/renatodias.online\\\/movimento\\\/wp-content\\\/uploads\\\/2023\\\/03\\\/cropped-cropped-cropped-logofinal.jpeg\"},\"description\":\"Renato Dias, 58 anos, \u00e9 graduado em Jornalismo, formado em Ci\u00eancias Sociais, com p\u00f3s-gradua\u00e7\u00e3o em Pol\u00edticas P\u00fablicas, mestre em Direito e Rela\u00e7\u00f5es Internacionais, ex-aluno extraordin\u00e1rio do Doutorado em Psicologia Social, ex-estudante do Curso de Psican\u00e1lise do Centro de Estudos Psicanal\u00edticos do Estado de Goi\u00e1s, ministrado pelo m\u00e9dico psiquiatra e psicanalista Daniel Em\u00eddio de Souza. \u00c9 autor de 30 livros-reportagem, oito document\u00e1rios, ganhou 30 pr\u00eamios e \u00e9 torcedor apaixonado do maior do Centro-Oeste, o Vila Nova Futebol Clube. Casado com Meirilane Dias, \u00e9 pai de Juliana Dias, jornalista; Daniel Dias, economista; e Maria Rosa Dias, estudante antifascista, socialista e trotskista.\u00a0Com tr\u00eas pets: Porquinho [Bull Dog Franc\u00eas], Dalila [Basset Hound] e Geleia [Basset Hound]. Al\u00e9m do eterno gato Tutuquinho, que virou estrela.\",\"sameAs\":[\"https:\\\/\\\/www.facebook.com\\\/renato.dias.37\",\"#breve\",\"https:\\\/\\\/renatodias.tumblr.com\\\/\"],\"url\":\"https:\\\/\\\/renatodias.online\\\/movimento\\\/author\\\/renatodias\\\/\"}]}<\/script>\n<!-- \/ Yoast SEO plugin. -->","yoast_head_json":{"title":"Jo\u00e3o Vitor protagoniza v\u00eddeo do Unicef -","robots":{"index":"index","follow":"follow","max-snippet":"max-snippet:-1","max-image-preview":"max-image-preview:large","max-video-preview":"max-video-preview:-1"},"canonical":"https:\/\/renatodias.online\/movimento\/2023\/12\/03\/joao-vitor-protagoniza-video-do-unicef\/","og_locale":"pt_BR","og_type":"article","og_title":"Jo\u00e3o Vitor protagoniza v\u00eddeo do Unicef -","og_description":"Dia Internacional da Pessoa com Defici\u00eancia\u00a0 O influenciador digital Jo\u00e3o Vitor de Paiva Bittencourt protagoniza v\u00eddeo do Unicef para marcar a passagem do Dia Internacional da Pessoa com Defici\u00eancia, neste domingo, 3 de dezembro. O fundo postou a pe\u00e7a nas redes sociais.\u00a0A data foi definida pela ONU para que todos os pa\u00edses membros comemorem o","og_url":"https:\/\/renatodias.online\/movimento\/2023\/12\/03\/joao-vitor-protagoniza-video-do-unicef\/","article_publisher":"https:\/\/www.facebook.com\/renato.dias.37","article_author":"https:\/\/www.facebook.com\/renato.dias.37","article_published_time":"2023-12-04T01:41:59+00:00","article_modified_time":"2023-12-04T01:42:00+00:00","og_image":[{"width":720,"height":651,"url":"https:\/\/renatodias.online\/movimento\/wp-content\/uploads\/2023\/12\/Joao-Vitor.png","type":"image\/png"}],"author":"Renato Dias","twitter_card":"summary_large_image","twitter_creator":"@RenatoDiasBat","twitter_site":"@RenatoDiasBat","twitter_misc":{"Escrito por":"Renato Dias","Est. tempo de leitura":"3 minutos"},"schema":{"@context":"https:\/\/schema.org","@graph":[{"@type":"Article","@id":"https:\/\/renatodias.online\/movimento\/2023\/12\/03\/joao-vitor-protagoniza-video-do-unicef\/#article","isPartOf":{"@id":"https:\/\/renatodias.online\/movimento\/2023\/12\/03\/joao-vitor-protagoniza-video-do-unicef\/"},"author":{"name":"Renato Dias","@id":"https:\/\/renatodias.online\/movimento\/#\/schema\/person\/bbab28833b1725a20f4083f49f1fb2a9"},"headline":"Jo\u00e3o Vitor protagoniza v\u00eddeo do Unicef","datePublished":"2023-12-04T01:41:59+00:00","dateModified":"2023-12-04T01:42:00+00:00","mainEntityOfPage":{"@id":"https:\/\/renatodias.online\/movimento\/2023\/12\/03\/joao-vitor-protagoniza-video-do-unicef\/"},"wordCount":462,"commentCount":0,"publisher":{"@id":"https:\/\/renatodias.online\/movimento\/#\/schema\/person\/bbab28833b1725a20f4083f49f1fb2a9"},"image":{"@id":"https:\/\/renatodias.online\/movimento\/2023\/12\/03\/joao-vitor-protagoniza-video-do-unicef\/#primaryimage"},"thumbnailUrl":"https:\/\/renatodias.online\/movimento\/wp-content\/uploads\/2023\/12\/Joao-Vitor.png","articleSection":["Cidade"],"inLanguage":"pt-BR","potentialAction":[{"@type":"CommentAction","name":"Comment","target":["https:\/\/renatodias.online\/movimento\/2023\/12\/03\/joao-vitor-protagoniza-video-do-unicef\/#respond"]}]},{"@type":"WebPage","@id":"https:\/\/renatodias.online\/movimento\/2023\/12\/03\/joao-vitor-protagoniza-video-do-unicef\/","url":"https:\/\/renatodias.online\/movimento\/2023\/12\/03\/joao-vitor-protagoniza-video-do-unicef\/","name":"Jo\u00e3o Vitor protagoniza v\u00eddeo do Unicef -","isPartOf":{"@id":"https:\/\/renatodias.online\/movimento\/#website"},"primaryImageOfPage":{"@id":"https:\/\/renatodias.online\/movimento\/2023\/12\/03\/joao-vitor-protagoniza-video-do-unicef\/#primaryimage"},"image":{"@id":"https:\/\/renatodias.online\/movimento\/2023\/12\/03\/joao-vitor-protagoniza-video-do-unicef\/#primaryimage"},"thumbnailUrl":"https:\/\/renatodias.online\/movimento\/wp-content\/uploads\/2023\/12\/Joao-Vitor.png","datePublished":"2023-12-04T01:41:59+00:00","dateModified":"2023-12-04T01:42:00+00:00","breadcrumb":{"@id":"https:\/\/renatodias.online\/movimento\/2023\/12\/03\/joao-vitor-protagoniza-video-do-unicef\/#breadcrumb"},"inLanguage":"pt-BR","potentialAction":[{"@type":"ReadAction","target":["https:\/\/renatodias.online\/movimento\/2023\/12\/03\/joao-vitor-protagoniza-video-do-unicef\/"]}]},{"@type":"ImageObject","inLanguage":"pt-BR","@id":"https:\/\/renatodias.online\/movimento\/2023\/12\/03\/joao-vitor-protagoniza-video-do-unicef\/#primaryimage","url":"https:\/\/renatodias.online\/movimento\/wp-content\/uploads\/2023\/12\/Joao-Vitor.png","contentUrl":"https:\/\/renatodias.online\/movimento\/wp-content\/uploads\/2023\/12\/Joao-Vitor.png","width":720,"height":651,"caption":"Jo\u00e3o Vitor"},{"@type":"BreadcrumbList","@id":"https:\/\/renatodias.online\/movimento\/2023\/12\/03\/joao-vitor-protagoniza-video-do-unicef\/#breadcrumb","itemListElement":[{"@type":"ListItem","position":1,"name":"In\u00edcio","item":"https:\/\/renatodias.online\/movimento\/"},{"@type":"ListItem","position":2,"name":"Jo\u00e3o Vitor protagoniza v\u00eddeo do Unicef"}]},{"@type":"WebSite","@id":"https:\/\/renatodias.online\/movimento\/#website","url":"https:\/\/renatodias.online\/movimento\/","name":"","description":"","publisher":{"@id":"https:\/\/renatodias.online\/movimento\/#\/schema\/person\/bbab28833b1725a20f4083f49f1fb2a9"},"potentialAction":[{"@type":"SearchAction","target":{"@type":"EntryPoint","urlTemplate":"https:\/\/renatodias.online\/movimento\/?s={search_term_string}"},"query-input":{"@type":"PropertyValueSpecification","valueRequired":true,"valueName":"search_term_string"}}],"inLanguage":"pt-BR"},{"@type":["Person","Organization"],"@id":"https:\/\/renatodias.online\/movimento\/#\/schema\/person\/bbab28833b1725a20f4083f49f1fb2a9","name":"Renato Dias","image":{"@type":"ImageObject","inLanguage":"pt-BR","@id":"https:\/\/renatodias.online\/movimento\/wp-content\/uploads\/2023\/03\/cropped-cropped-cropped-logofinal.jpeg","url":"https:\/\/renatodias.online\/movimento\/wp-content\/uploads\/2023\/03\/cropped-cropped-cropped-logofinal.jpeg","contentUrl":"https:\/\/renatodias.online\/movimento\/wp-content\/uploads\/2023\/03\/cropped-cropped-cropped-logofinal.jpeg","width":1280,"height":219,"caption":"Renato Dias"},"logo":{"@id":"https:\/\/renatodias.online\/movimento\/wp-content\/uploads\/2023\/03\/cropped-cropped-cropped-logofinal.jpeg"},"description":"Renato Dias, 58 anos, \u00e9 graduado em Jornalismo, formado em Ci\u00eancias Sociais, com p\u00f3s-gradua\u00e7\u00e3o em Pol\u00edticas P\u00fablicas, mestre em Direito e Rela\u00e7\u00f5es Internacionais, ex-aluno extraordin\u00e1rio do Doutorado em Psicologia Social, ex-estudante do Curso de Psican\u00e1lise do Centro de Estudos Psicanal\u00edticos do Estado de Goi\u00e1s, ministrado pelo m\u00e9dico psiquiatra e psicanalista Daniel Em\u00eddio de Souza. \u00c9 autor de 30 livros-reportagem, oito document\u00e1rios, ganhou 30 pr\u00eamios e \u00e9 torcedor apaixonado do maior do Centro-Oeste, o Vila Nova Futebol Clube. Casado com Meirilane Dias, \u00e9 pai de Juliana Dias, jornalista; Daniel Dias, economista; e Maria Rosa Dias, estudante antifascista, socialista e trotskista.\u00a0Com tr\u00eas pets: Porquinho [Bull Dog Franc\u00eas], Dalila [Basset Hound] e Geleia [Basset Hound]. Al\u00e9m do eterno gato Tutuquinho, que virou estrela.","sameAs":["https:\/\/www.facebook.com\/renato.dias.37","#breve","https:\/\/renatodias.tumblr.com\/"],"url":"https:\/\/renatodias.online\/movimento\/author\/renatodias\/"}]}},"_links":{"self":[{"href":"https:\/\/renatodias.online\/movimento\/wp-json\/wp\/v2\/posts\/18947","targetHints":{"allow":["GET"]}}],"collection":[{"href":"https:\/\/renatodias.online\/movimento\/wp-json\/wp\/v2\/posts"}],"about":[{"href":"https:\/\/renatodias.online\/movimento\/wp-json\/wp\/v2\/types\/post"}],"author":[{"embeddable":true,"href":"https:\/\/renatodias.online\/movimento\/wp-json\/wp\/v2\/users\/2"}],"replies":[{"embeddable":true,"href":"https:\/\/renatodias.online\/movimento\/wp-json\/wp\/v2\/comments?post=18947"}],"version-history":[{"count":1,"href":"https:\/\/renatodias.online\/movimento\/wp-json\/wp\/v2\/posts\/18947\/revisions"}],"predecessor-version":[{"id":18949,"href":"https:\/\/renatodias.online\/movimento\/wp-json\/wp\/v2\/posts\/18947\/revisions\/18949"}],"wp:featuredmedia":[{"embeddable":true,"href":"https:\/\/renatodias.online\/movimento\/wp-json\/wp\/v2\/media\/18948"}],"wp:attachment":[{"href":"https:\/\/renatodias.online\/movimento\/wp-json\/wp\/v2\/media?parent=18947"}],"wp:term":[{"taxonomy":"category","embeddable":true,"href":"https:\/\/renatodias.online\/movimento\/wp-json\/wp\/v2\/categories?post=18947"},{"taxonomy":"post_tag","embeddable":true,"href":"https:\/\/renatodias.online\/movimento\/wp-json\/wp\/v2\/tags?post=18947"}],"curies":[{"name":"wp","href":"https:\/\/api.w.org\/{rel}","templated":true}]}}