{"id":18874,"date":"2023-11-30T19:23:38","date_gmt":"2023-11-30T22:23:38","guid":{"rendered":"https:\/\/renatodias.online\/movimento\/?p=18874"},"modified":"2023-11-30T19:23:48","modified_gmt":"2023-11-30T22:23:48","slug":"operacao-flavio-dino","status":"publish","type":"post","link":"https:\/\/renatodias.online\/movimento\/2023\/11\/30\/operacao-flavio-dino\/","title":{"rendered":"<strong>Opera\u00e7\u00e3o Fl\u00e1vio Dino<\/strong>"},"content":{"rendered":"\n<figure class=\"wp-block-image aligncenter size-full\"><img loading=\"lazy\" decoding=\"async\" width=\"300\" height=\"225\" src=\"https:\/\/renatodias.online\/movimento\/wp-content\/uploads\/2022\/04\/STF-link-e1694037353352.jpg\" alt=\"\" class=\"wp-image-11773\" srcset=\"https:\/\/renatodias.online\/movimento\/wp-content\/uploads\/2022\/04\/STF-link-e1694037353352.jpg 300w, https:\/\/renatodias.online\/movimento\/wp-content\/uploads\/2022\/04\/STF-link-e1694037353352-150x113.jpg 150w\" sizes=\"auto, (max-width: 300px) 100vw, 300px\" \/><figcaption class=\"wp-element-caption\">STF<\/figcaption><\/figure>\n\n\n\n<p class=\"has-text-align-center\"><strong><mark style=\"background-color:rgba(0, 0, 0, 0)\" class=\"has-inline-color has-luminous-vivid-orange-color\">Quem \u00e9 a sua suplente<\/mark><\/strong><\/p>\n\n\n\n<p class=\"has-text-align-center\"><strong><mark style=\"background-color:rgba(0, 0, 0, 0)\" class=\"has-inline-color has-vivid-cyan-blue-color\">Proje\u00e7\u00e3o de votos no Senado<\/mark><\/strong><\/p>\n\n\n\n<figure class=\"wp-block-image aligncenter size-full\"><img decoding=\"async\" src=\"https:\/\/renatodias.online\/movimento\/wp-content\/uploads\/2023\/01\/Para-entender-e1698707088275.png\" alt=\"\" class=\"wp-image-15239\"\/><\/figure>\n\n\n\n<p class=\"has-text-align-center\"><strong><mark style=\"background-color:rgba(0, 0, 0, 0)\" class=\"has-inline-color has-vivid-red-color\">Renato Dias<\/mark><\/strong><\/p>\n\n\n\n<p>Ex-juiz de Direito federal, governador do Estado do Maranh\u00e3o por dois mandatos consecutivos, senador da Rep\u00fablica eleito em 2022, nomeado ministro da Justi\u00e7a, Fl\u00e1vio Dino, ex-PC do B e hoje no PSB, pode ser aprovado, dia 13 de dezembro,pela CCJ e o plen\u00e1rio da C\u00e2mara Alta, ministro do Supremo Tribunal Federal. A previs\u00e3o \u00e9 que possa obter 62 votos. A exig\u00eancia \u00e9 de 41.<\/p>\n\n\n\n<figure class=\"wp-block-image aligncenter size-full\"><img loading=\"lazy\" decoding=\"async\" width=\"250\" height=\"247\" src=\"https:\/\/renatodias.online\/movimento\/wp-content\/uploads\/2023\/01\/Flavio-Dino-Caricatura-e1701382923505.jpg\" alt=\"\" class=\"wp-image-15439\" srcset=\"https:\/\/renatodias.online\/movimento\/wp-content\/uploads\/2023\/01\/Flavio-Dino-Caricatura-e1701382923505.jpg 250w, https:\/\/renatodias.online\/movimento\/wp-content\/uploads\/2023\/01\/Flavio-Dino-Caricatura-e1701382923505-96x96.jpg 96w, https:\/\/renatodias.online\/movimento\/wp-content\/uploads\/2023\/01\/Flavio-Dino-Caricatura-e1701382923505-150x148.jpg 150w\" sizes=\"auto, (max-width: 250px) 100vw, 250px\" \/><figcaption class=\"wp-element-caption\"><strong>Fl\u00e1vio Dino<\/strong><\/figcaption><\/figure>\n\n\n\n<figure class=\"wp-block-image aligncenter size-full\"><img decoding=\"async\" src=\"https:\/\/renatodias.online\/movimento\/wp-content\/uploads\/2022\/08\/Raio-X-especial-e1680139645191.png\" alt=\"\" class=\"wp-image-13781\"\/><\/figure>\n\n\n\n<p>Veja: a sua suplente, caso o seu nome seja aprovado, assumir\u00e1 a cadeira at\u00e9 1\u00b0 de fevereiro do ano de 2031. Trata-se de uma enfermeira, ex-prefeita de Pinheiro, munic\u00edpio localizado a 97 quil\u00f4metros de S\u00e3o Lu\u00eds, capital do Maranh\u00e3o, de 39 anos de idade. \u00c9 Ana Paula Lobato. Fl\u00e1vio Dino, 55 anos, pode ficar na corte suprema do Brasil at\u00e9 2043. Vinte anos no cargo.<\/p>\n\n\n\n<figure class=\"wp-block-image aligncenter size-full\"><img loading=\"lazy\" decoding=\"async\" width=\"300\" height=\"103\" src=\"https:\/\/renatodias.online\/movimento\/wp-content\/uploads\/2022\/08\/Saiba-mais-e1680139445250.png\" alt=\"\" class=\"wp-image-13698\" srcset=\"https:\/\/renatodias.online\/movimento\/wp-content\/uploads\/2022\/08\/Saiba-mais-e1680139445250.png 300w, https:\/\/renatodias.online\/movimento\/wp-content\/uploads\/2022\/08\/Saiba-mais-e1680139445250-150x52.png 150w\" sizes=\"auto, (max-width: 300px) 100vw, 300px\" \/><\/figure>\n\n\n\n<p>\u00c9 a segunda indica\u00e7\u00e3o, apenas em 2023, do presidente da Rep\u00fablica, Luiz In\u00e1cio Lula da Silva. A primeira foi a do advogado Cristiano Zanin. O operador do Direito obteve 58 votos no plen\u00e1rio do Senado. O nome de Fl\u00e1vio Dino contou com a aprova\u00e7\u00e3o de Alexandre de Moraes e de Gilmar Mendes. Mais: desde a redemocratiza\u00e7\u00e3o do Pa\u00eds, p\u00f3s &#8211; ano de 1985, nenhum nome caiu na Casa de Leis.<\/p>\n\n\n\n<figure class=\"wp-block-image aligncenter size-full\"><img decoding=\"async\" src=\"https:\/\/renatodias.online\/movimento\/wp-content\/uploads\/2021\/04\/Congresso-Nacional-e1687730390194.jpg\" alt=\"Congresso Nacional\" class=\"wp-image-6053\"\/><figcaption class=\"wp-element-caption\"><strong>Congresso Nacional<\/strong><\/figcaption><\/figure>\n","protected":false},"excerpt":{"rendered":"<p>Quem \u00e9 a sua suplente Proje\u00e7\u00e3o de votos no Senado Renato Dias Ex-juiz de Direito federal, governador do Estado do Maranh\u00e3o por dois mandatos consecutivos, senador da Rep\u00fablica eleito em 2022, nomeado ministro da Justi\u00e7a, Fl\u00e1vio Dino, ex-PC do B e hoje no PSB, pode ser aprovado, dia 13 de dezembro,pela CCJ e o plen\u00e1rio<\/p>\n","protected":false},"author":2,"featured_media":7292,"comment_status":"open","ping_status":"open","sticky":false,"template":"","format":"standard","meta":{"_acf_changed":false,"_monsterinsights_skip_tracking":false,"_monsterinsights_sitenote_active":false,"_monsterinsights_sitenote_note":"","_monsterinsights_sitenote_category":0,"footnotes":""},"categories":[35,4],"tags":[],"class_list":["post-18874","post","type-post","status-publish","format-standard","has-post-thumbnail","hentry","category-nacional","category-politica"],"acf":[],"yoast_head":"<!-- This site is optimized with the Yoast SEO plugin v27.4 - https:\/\/yoast.com\/product\/yoast-seo-wordpress\/ -->\n<title>Opera\u00e7\u00e3o Fl\u00e1vio Dino -<\/title>\n<meta name=\"robots\" content=\"index, follow, max-snippet:-1, max-image-preview:large, max-video-preview:-1\" \/>\n<link rel=\"canonical\" href=\"https:\/\/renatodias.online\/movimento\/2023\/11\/30\/operacao-flavio-dino\/\" \/>\n<meta property=\"og:locale\" content=\"pt_BR\" \/>\n<meta property=\"og:type\" content=\"article\" \/>\n<meta property=\"og:title\" content=\"Opera\u00e7\u00e3o Fl\u00e1vio Dino -\" \/>\n<meta property=\"og:description\" content=\"Quem \u00e9 a sua suplente Proje\u00e7\u00e3o de votos no Senado Renato Dias Ex-juiz de Direito federal, governador do Estado do Maranh\u00e3o por dois mandatos consecutivos, senador da Rep\u00fablica eleito em 2022, nomeado ministro da Justi\u00e7a, Fl\u00e1vio Dino, ex-PC do B e hoje no PSB, pode ser aprovado, dia 13 de dezembro,pela CCJ e o plen\u00e1rio\" \/>\n<meta property=\"og:url\" content=\"https:\/\/renatodias.online\/movimento\/2023\/11\/30\/operacao-flavio-dino\/\" \/>\n<meta property=\"article:publisher\" content=\"https:\/\/www.facebook.com\/renato.dias.37\" \/>\n<meta property=\"article:author\" content=\"https:\/\/www.facebook.com\/renato.dias.37\" \/>\n<meta property=\"article:published_time\" content=\"2023-11-30T22:23:38+00:00\" \/>\n<meta property=\"article:modified_time\" content=\"2023-11-30T22:23:48+00:00\" \/>\n<meta property=\"og:image\" content=\"https:\/\/renatodias.online\/movimento\/wp-content\/uploads\/2021\/06\/Flavio-Dino-e1695757069980.jpg\" \/>\n\t<meta property=\"og:image:width\" content=\"770\" \/>\n\t<meta property=\"og:image:height\" content=\"513\" \/>\n\t<meta property=\"og:image:type\" content=\"image\/jpeg\" \/>\n<meta name=\"author\" content=\"Renato Dias\" \/>\n<meta name=\"twitter:card\" content=\"summary_large_image\" \/>\n<meta name=\"twitter:creator\" content=\"@RenatoDiasBat\" \/>\n<meta name=\"twitter:site\" content=\"@RenatoDiasBat\" \/>\n<meta name=\"twitter:label1\" content=\"Escrito por\" \/>\n\t<meta name=\"twitter:data1\" content=\"Renato Dias\" \/>\n\t<meta name=\"twitter:label2\" content=\"Est. tempo de leitura\" \/>\n\t<meta name=\"twitter:data2\" content=\"3 minutos\" \/>\n<script type=\"application\/ld+json\" class=\"yoast-schema-graph\">{\"@context\":\"https:\\\/\\\/schema.org\",\"@graph\":[{\"@type\":\"Article\",\"@id\":\"https:\\\/\\\/renatodias.online\\\/movimento\\\/2023\\\/11\\\/30\\\/operacao-flavio-dino\\\/#article\",\"isPartOf\":{\"@id\":\"https:\\\/\\\/renatodias.online\\\/movimento\\\/2023\\\/11\\\/30\\\/operacao-flavio-dino\\\/\"},\"author\":{\"name\":\"Renato Dias\",\"@id\":\"https:\\\/\\\/renatodias.online\\\/movimento\\\/#\\\/schema\\\/person\\\/bbab28833b1725a20f4083f49f1fb2a9\"},\"headline\":\"Opera\u00e7\u00e3o Fl\u00e1vio Dino\",\"datePublished\":\"2023-11-30T22:23:38+00:00\",\"dateModified\":\"2023-11-30T22:23:48+00:00\",\"mainEntityOfPage\":{\"@id\":\"https:\\\/\\\/renatodias.online\\\/movimento\\\/2023\\\/11\\\/30\\\/operacao-flavio-dino\\\/\"},\"wordCount\":229,\"commentCount\":0,\"publisher\":{\"@id\":\"https:\\\/\\\/renatodias.online\\\/movimento\\\/#\\\/schema\\\/person\\\/bbab28833b1725a20f4083f49f1fb2a9\"},\"image\":{\"@id\":\"https:\\\/\\\/renatodias.online\\\/movimento\\\/2023\\\/11\\\/30\\\/operacao-flavio-dino\\\/#primaryimage\"},\"thumbnailUrl\":\"https:\\\/\\\/renatodias.online\\\/movimento\\\/wp-content\\\/uploads\\\/2021\\\/06\\\/Flavio-Dino-e1703257965766.jpg\",\"articleSection\":[\"Nacional\",\"Pol\u00edtica\"],\"inLanguage\":\"pt-BR\",\"potentialAction\":[{\"@type\":\"CommentAction\",\"name\":\"Comment\",\"target\":[\"https:\\\/\\\/renatodias.online\\\/movimento\\\/2023\\\/11\\\/30\\\/operacao-flavio-dino\\\/#respond\"]}]},{\"@type\":\"WebPage\",\"@id\":\"https:\\\/\\\/renatodias.online\\\/movimento\\\/2023\\\/11\\\/30\\\/operacao-flavio-dino\\\/\",\"url\":\"https:\\\/\\\/renatodias.online\\\/movimento\\\/2023\\\/11\\\/30\\\/operacao-flavio-dino\\\/\",\"name\":\"Opera\u00e7\u00e3o Fl\u00e1vio Dino -\",\"isPartOf\":{\"@id\":\"https:\\\/\\\/renatodias.online\\\/movimento\\\/#website\"},\"primaryImageOfPage\":{\"@id\":\"https:\\\/\\\/renatodias.online\\\/movimento\\\/2023\\\/11\\\/30\\\/operacao-flavio-dino\\\/#primaryimage\"},\"image\":{\"@id\":\"https:\\\/\\\/renatodias.online\\\/movimento\\\/2023\\\/11\\\/30\\\/operacao-flavio-dino\\\/#primaryimage\"},\"thumbnailUrl\":\"https:\\\/\\\/renatodias.online\\\/movimento\\\/wp-content\\\/uploads\\\/2021\\\/06\\\/Flavio-Dino-e1703257965766.jpg\",\"datePublished\":\"2023-11-30T22:23:38+00:00\",\"dateModified\":\"2023-11-30T22:23:48+00:00\",\"breadcrumb\":{\"@id\":\"https:\\\/\\\/renatodias.online\\\/movimento\\\/2023\\\/11\\\/30\\\/operacao-flavio-dino\\\/#breadcrumb\"},\"inLanguage\":\"pt-BR\",\"potentialAction\":[{\"@type\":\"ReadAction\",\"target\":[\"https:\\\/\\\/renatodias.online\\\/movimento\\\/2023\\\/11\\\/30\\\/operacao-flavio-dino\\\/\"]}]},{\"@type\":\"ImageObject\",\"inLanguage\":\"pt-BR\",\"@id\":\"https:\\\/\\\/renatodias.online\\\/movimento\\\/2023\\\/11\\\/30\\\/operacao-flavio-dino\\\/#primaryimage\",\"url\":\"https:\\\/\\\/renatodias.online\\\/movimento\\\/wp-content\\\/uploads\\\/2021\\\/06\\\/Flavio-Dino-e1703257965766.jpg\",\"contentUrl\":\"https:\\\/\\\/renatodias.online\\\/movimento\\\/wp-content\\\/uploads\\\/2021\\\/06\\\/Flavio-Dino-e1703257965766.jpg\",\"width\":560,\"height\":373,\"caption\":\"Fl\u00e1vio Dino\"},{\"@type\":\"BreadcrumbList\",\"@id\":\"https:\\\/\\\/renatodias.online\\\/movimento\\\/2023\\\/11\\\/30\\\/operacao-flavio-dino\\\/#breadcrumb\",\"itemListElement\":[{\"@type\":\"ListItem\",\"position\":1,\"name\":\"In\u00edcio\",\"item\":\"https:\\\/\\\/renatodias.online\\\/movimento\\\/\"},{\"@type\":\"ListItem\",\"position\":2,\"name\":\"Opera\u00e7\u00e3o Fl\u00e1vio Dino\"}]},{\"@type\":\"WebSite\",\"@id\":\"https:\\\/\\\/renatodias.online\\\/movimento\\\/#website\",\"url\":\"https:\\\/\\\/renatodias.online\\\/movimento\\\/\",\"name\":\"\",\"description\":\"\",\"publisher\":{\"@id\":\"https:\\\/\\\/renatodias.online\\\/movimento\\\/#\\\/schema\\\/person\\\/bbab28833b1725a20f4083f49f1fb2a9\"},\"potentialAction\":[{\"@type\":\"SearchAction\",\"target\":{\"@type\":\"EntryPoint\",\"urlTemplate\":\"https:\\\/\\\/renatodias.online\\\/movimento\\\/?s={search_term_string}\"},\"query-input\":{\"@type\":\"PropertyValueSpecification\",\"valueRequired\":true,\"valueName\":\"search_term_string\"}}],\"inLanguage\":\"pt-BR\"},{\"@type\":[\"Person\",\"Organization\"],\"@id\":\"https:\\\/\\\/renatodias.online\\\/movimento\\\/#\\\/schema\\\/person\\\/bbab28833b1725a20f4083f49f1fb2a9\",\"name\":\"Renato Dias\",\"image\":{\"@type\":\"ImageObject\",\"inLanguage\":\"pt-BR\",\"@id\":\"https:\\\/\\\/renatodias.online\\\/movimento\\\/wp-content\\\/uploads\\\/2023\\\/03\\\/cropped-cropped-cropped-logofinal.jpeg\",\"url\":\"https:\\\/\\\/renatodias.online\\\/movimento\\\/wp-content\\\/uploads\\\/2023\\\/03\\\/cropped-cropped-cropped-logofinal.jpeg\",\"contentUrl\":\"https:\\\/\\\/renatodias.online\\\/movimento\\\/wp-content\\\/uploads\\\/2023\\\/03\\\/cropped-cropped-cropped-logofinal.jpeg\",\"width\":1280,\"height\":219,\"caption\":\"Renato Dias\"},\"logo\":{\"@id\":\"https:\\\/\\\/renatodias.online\\\/movimento\\\/wp-content\\\/uploads\\\/2023\\\/03\\\/cropped-cropped-cropped-logofinal.jpeg\"},\"description\":\"Renato Dias, 58 anos, \u00e9 graduado em Jornalismo, formado em Ci\u00eancias Sociais, com p\u00f3s-gradua\u00e7\u00e3o em Pol\u00edticas P\u00fablicas, mestre em Direito e Rela\u00e7\u00f5es Internacionais, ex-aluno extraordin\u00e1rio do Doutorado em Psicologia Social, ex-estudante do Curso de Psican\u00e1lise do Centro de Estudos Psicanal\u00edticos do Estado de Goi\u00e1s, ministrado pelo m\u00e9dico psiquiatra e psicanalista Daniel Em\u00eddio de Souza. \u00c9 autor de 30 livros-reportagem, oito document\u00e1rios, ganhou 30 pr\u00eamios e \u00e9 torcedor apaixonado do maior do Centro-Oeste, o Vila Nova Futebol Clube. Casado com Meirilane Dias, \u00e9 pai de Juliana Dias, jornalista; Daniel Dias, economista; e Maria Rosa Dias, estudante antifascista, socialista e trotskista.\u00a0Com tr\u00eas pets: Porquinho [Bull Dog Franc\u00eas], Dalila [Basset Hound] e Geleia [Basset Hound]. Al\u00e9m do eterno gato Tutuquinho, que virou estrela.\",\"sameAs\":[\"https:\\\/\\\/www.facebook.com\\\/renato.dias.37\",\"#breve\",\"https:\\\/\\\/renatodias.tumblr.com\\\/\"],\"url\":\"https:\\\/\\\/renatodias.online\\\/movimento\\\/author\\\/renatodias\\\/\"}]}<\/script>\n<!-- \/ Yoast SEO plugin. -->","yoast_head_json":{"title":"Opera\u00e7\u00e3o Fl\u00e1vio Dino -","robots":{"index":"index","follow":"follow","max-snippet":"max-snippet:-1","max-image-preview":"max-image-preview:large","max-video-preview":"max-video-preview:-1"},"canonical":"https:\/\/renatodias.online\/movimento\/2023\/11\/30\/operacao-flavio-dino\/","og_locale":"pt_BR","og_type":"article","og_title":"Opera\u00e7\u00e3o Fl\u00e1vio Dino -","og_description":"Quem \u00e9 a sua suplente Proje\u00e7\u00e3o de votos no Senado Renato Dias Ex-juiz de Direito federal, governador do Estado do Maranh\u00e3o por dois mandatos consecutivos, senador da Rep\u00fablica eleito em 2022, nomeado ministro da Justi\u00e7a, Fl\u00e1vio Dino, ex-PC do B e hoje no PSB, pode ser aprovado, dia 13 de dezembro,pela CCJ e o plen\u00e1rio","og_url":"https:\/\/renatodias.online\/movimento\/2023\/11\/30\/operacao-flavio-dino\/","article_publisher":"https:\/\/www.facebook.com\/renato.dias.37","article_author":"https:\/\/www.facebook.com\/renato.dias.37","article_published_time":"2023-11-30T22:23:38+00:00","article_modified_time":"2023-11-30T22:23:48+00:00","og_image":[{"width":770,"height":513,"url":"https:\/\/renatodias.online\/movimento\/wp-content\/uploads\/2021\/06\/Flavio-Dino-e1695757069980.jpg","type":"image\/jpeg"}],"author":"Renato Dias","twitter_card":"summary_large_image","twitter_creator":"@RenatoDiasBat","twitter_site":"@RenatoDiasBat","twitter_misc":{"Escrito por":"Renato Dias","Est. tempo de leitura":"3 minutos"},"schema":{"@context":"https:\/\/schema.org","@graph":[{"@type":"Article","@id":"https:\/\/renatodias.online\/movimento\/2023\/11\/30\/operacao-flavio-dino\/#article","isPartOf":{"@id":"https:\/\/renatodias.online\/movimento\/2023\/11\/30\/operacao-flavio-dino\/"},"author":{"name":"Renato Dias","@id":"https:\/\/renatodias.online\/movimento\/#\/schema\/person\/bbab28833b1725a20f4083f49f1fb2a9"},"headline":"Opera\u00e7\u00e3o Fl\u00e1vio Dino","datePublished":"2023-11-30T22:23:38+00:00","dateModified":"2023-11-30T22:23:48+00:00","mainEntityOfPage":{"@id":"https:\/\/renatodias.online\/movimento\/2023\/11\/30\/operacao-flavio-dino\/"},"wordCount":229,"commentCount":0,"publisher":{"@id":"https:\/\/renatodias.online\/movimento\/#\/schema\/person\/bbab28833b1725a20f4083f49f1fb2a9"},"image":{"@id":"https:\/\/renatodias.online\/movimento\/2023\/11\/30\/operacao-flavio-dino\/#primaryimage"},"thumbnailUrl":"https:\/\/renatodias.online\/movimento\/wp-content\/uploads\/2021\/06\/Flavio-Dino-e1703257965766.jpg","articleSection":["Nacional","Pol\u00edtica"],"inLanguage":"pt-BR","potentialAction":[{"@type":"CommentAction","name":"Comment","target":["https:\/\/renatodias.online\/movimento\/2023\/11\/30\/operacao-flavio-dino\/#respond"]}]},{"@type":"WebPage","@id":"https:\/\/renatodias.online\/movimento\/2023\/11\/30\/operacao-flavio-dino\/","url":"https:\/\/renatodias.online\/movimento\/2023\/11\/30\/operacao-flavio-dino\/","name":"Opera\u00e7\u00e3o Fl\u00e1vio Dino -","isPartOf":{"@id":"https:\/\/renatodias.online\/movimento\/#website"},"primaryImageOfPage":{"@id":"https:\/\/renatodias.online\/movimento\/2023\/11\/30\/operacao-flavio-dino\/#primaryimage"},"image":{"@id":"https:\/\/renatodias.online\/movimento\/2023\/11\/30\/operacao-flavio-dino\/#primaryimage"},"thumbnailUrl":"https:\/\/renatodias.online\/movimento\/wp-content\/uploads\/2021\/06\/Flavio-Dino-e1703257965766.jpg","datePublished":"2023-11-30T22:23:38+00:00","dateModified":"2023-11-30T22:23:48+00:00","breadcrumb":{"@id":"https:\/\/renatodias.online\/movimento\/2023\/11\/30\/operacao-flavio-dino\/#breadcrumb"},"inLanguage":"pt-BR","potentialAction":[{"@type":"ReadAction","target":["https:\/\/renatodias.online\/movimento\/2023\/11\/30\/operacao-flavio-dino\/"]}]},{"@type":"ImageObject","inLanguage":"pt-BR","@id":"https:\/\/renatodias.online\/movimento\/2023\/11\/30\/operacao-flavio-dino\/#primaryimage","url":"https:\/\/renatodias.online\/movimento\/wp-content\/uploads\/2021\/06\/Flavio-Dino-e1703257965766.jpg","contentUrl":"https:\/\/renatodias.online\/movimento\/wp-content\/uploads\/2021\/06\/Flavio-Dino-e1703257965766.jpg","width":560,"height":373,"caption":"Fl\u00e1vio Dino"},{"@type":"BreadcrumbList","@id":"https:\/\/renatodias.online\/movimento\/2023\/11\/30\/operacao-flavio-dino\/#breadcrumb","itemListElement":[{"@type":"ListItem","position":1,"name":"In\u00edcio","item":"https:\/\/renatodias.online\/movimento\/"},{"@type":"ListItem","position":2,"name":"Opera\u00e7\u00e3o Fl\u00e1vio Dino"}]},{"@type":"WebSite","@id":"https:\/\/renatodias.online\/movimento\/#website","url":"https:\/\/renatodias.online\/movimento\/","name":"","description":"","publisher":{"@id":"https:\/\/renatodias.online\/movimento\/#\/schema\/person\/bbab28833b1725a20f4083f49f1fb2a9"},"potentialAction":[{"@type":"SearchAction","target":{"@type":"EntryPoint","urlTemplate":"https:\/\/renatodias.online\/movimento\/?s={search_term_string}"},"query-input":{"@type":"PropertyValueSpecification","valueRequired":true,"valueName":"search_term_string"}}],"inLanguage":"pt-BR"},{"@type":["Person","Organization"],"@id":"https:\/\/renatodias.online\/movimento\/#\/schema\/person\/bbab28833b1725a20f4083f49f1fb2a9","name":"Renato Dias","image":{"@type":"ImageObject","inLanguage":"pt-BR","@id":"https:\/\/renatodias.online\/movimento\/wp-content\/uploads\/2023\/03\/cropped-cropped-cropped-logofinal.jpeg","url":"https:\/\/renatodias.online\/movimento\/wp-content\/uploads\/2023\/03\/cropped-cropped-cropped-logofinal.jpeg","contentUrl":"https:\/\/renatodias.online\/movimento\/wp-content\/uploads\/2023\/03\/cropped-cropped-cropped-logofinal.jpeg","width":1280,"height":219,"caption":"Renato Dias"},"logo":{"@id":"https:\/\/renatodias.online\/movimento\/wp-content\/uploads\/2023\/03\/cropped-cropped-cropped-logofinal.jpeg"},"description":"Renato Dias, 58 anos, \u00e9 graduado em Jornalismo, formado em Ci\u00eancias Sociais, com p\u00f3s-gradua\u00e7\u00e3o em Pol\u00edticas P\u00fablicas, mestre em Direito e Rela\u00e7\u00f5es Internacionais, ex-aluno extraordin\u00e1rio do Doutorado em Psicologia Social, ex-estudante do Curso de Psican\u00e1lise do Centro de Estudos Psicanal\u00edticos do Estado de Goi\u00e1s, ministrado pelo m\u00e9dico psiquiatra e psicanalista Daniel Em\u00eddio de Souza. \u00c9 autor de 30 livros-reportagem, oito document\u00e1rios, ganhou 30 pr\u00eamios e \u00e9 torcedor apaixonado do maior do Centro-Oeste, o Vila Nova Futebol Clube. Casado com Meirilane Dias, \u00e9 pai de Juliana Dias, jornalista; Daniel Dias, economista; e Maria Rosa Dias, estudante antifascista, socialista e trotskista.\u00a0Com tr\u00eas pets: Porquinho [Bull Dog Franc\u00eas], Dalila [Basset Hound] e Geleia [Basset Hound]. Al\u00e9m do eterno gato Tutuquinho, que virou estrela.","sameAs":["https:\/\/www.facebook.com\/renato.dias.37","#breve","https:\/\/renatodias.tumblr.com\/"],"url":"https:\/\/renatodias.online\/movimento\/author\/renatodias\/"}]}},"_links":{"self":[{"href":"https:\/\/renatodias.online\/movimento\/wp-json\/wp\/v2\/posts\/18874","targetHints":{"allow":["GET"]}}],"collection":[{"href":"https:\/\/renatodias.online\/movimento\/wp-json\/wp\/v2\/posts"}],"about":[{"href":"https:\/\/renatodias.online\/movimento\/wp-json\/wp\/v2\/types\/post"}],"author":[{"embeddable":true,"href":"https:\/\/renatodias.online\/movimento\/wp-json\/wp\/v2\/users\/2"}],"replies":[{"embeddable":true,"href":"https:\/\/renatodias.online\/movimento\/wp-json\/wp\/v2\/comments?post=18874"}],"version-history":[{"count":1,"href":"https:\/\/renatodias.online\/movimento\/wp-json\/wp\/v2\/posts\/18874\/revisions"}],"predecessor-version":[{"id":18875,"href":"https:\/\/renatodias.online\/movimento\/wp-json\/wp\/v2\/posts\/18874\/revisions\/18875"}],"wp:featuredmedia":[{"embeddable":true,"href":"https:\/\/renatodias.online\/movimento\/wp-json\/wp\/v2\/media\/7292"}],"wp:attachment":[{"href":"https:\/\/renatodias.online\/movimento\/wp-json\/wp\/v2\/media?parent=18874"}],"wp:term":[{"taxonomy":"category","embeddable":true,"href":"https:\/\/renatodias.online\/movimento\/wp-json\/wp\/v2\/categories?post=18874"},{"taxonomy":"post_tag","embeddable":true,"href":"https:\/\/renatodias.online\/movimento\/wp-json\/wp\/v2\/tags?post=18874"}],"curies":[{"name":"wp","href":"https:\/\/api.w.org\/{rel}","templated":true}]}}