{"id":18683,"date":"2023-11-05T22:15:54","date_gmt":"2023-11-06T01:15:54","guid":{"rendered":"https:\/\/renatodias.online\/movimento\/?p=18683"},"modified":"2023-11-05T22:15:55","modified_gmt":"2023-11-06T01:15:55","slug":"tokarski-disputa-o-paco","status":"publish","type":"post","link":"https:\/\/renatodias.online\/movimento\/2023\/11\/05\/tokarski-disputa-o-paco\/","title":{"rendered":"<strong>Tokarski disputa o Pa\u00e7o<\/strong>"},"content":{"rendered":"\n<p class=\"has-text-align-center\"><strong><mark style=\"background-color:rgba(0, 0, 0, 0)\" class=\"has-inline-color has-vivid-cyan-blue-color\">\u00c9 ex-deputado estadual e ex-vereador<\/mark><\/strong><\/p>\n\n\n\n<p class=\"has-text-align-center\"><strong><mark style=\"background-color:rgba(0, 0, 0, 0)\" class=\"has-inline-color has-vivid-red-color\">Renato Dias<\/mark><\/strong><\/p>\n\n\n\n<p>O ex-deputado estadual<strong> Fabio Tokarski,<\/strong> professor aposentado da Universidade Federal de Goi\u00e1s [UFG], \u00e9, hoje, o pr\u00e9-candidato do PC do B \u00e0 prefeitura de Goi\u00e2nia. Com um programa anticapitalista.<\/p>\n\n\n\n<figure class=\"wp-block-image aligncenter size-full\"><img decoding=\"async\" src=\"https:\/\/renatodias.online\/movimento\/wp-content\/uploads\/2021\/09\/Fundacao-do-PCB-em-1922-e1680911788473.jpg\" alt=\"\" class=\"wp-image-9076\"\/><figcaption class=\"wp-element-caption\"><strong>Funda\u00e7\u00e3o do PCB em 25 de mar\u00e7o do ano de 1922 <\/strong><\/figcaption><\/figure>\n\n\n\n<p>Ex-vereador, ele integra a Federa\u00e7\u00e3o Brasil da Esperan\u00e7a.\u00a0 Uma alian\u00e7a pol\u00edtica nacional formada por PT, PV, al\u00e9m da legenda da foice e do martelo e que governa o Pa\u00eds desde o dia hist\u00f3rico 1\u00b0 de janeiro de 2023.<\/p>\n\n\n\n<figure class=\"wp-block-image aligncenter size-full\"><img loading=\"lazy\" decoding=\"async\" width=\"170\" height=\"156\" src=\"https:\/\/renatodias.online\/movimento\/wp-content\/uploads\/2021\/06\/Bandeira-do-PC-do-B-e1676518244930.jpg\" alt=\"\" class=\"wp-image-7291\"\/><\/figure>\n\n\n\n<p>Os <strong><mark style=\"background-color:rgba(0, 0, 0, 0)\" class=\"has-inline-color has-vivid-red-color\">comunistas <\/mark>q<\/strong>uerem ampliar os gastos p\u00fablicos nas \u00e1reas de Educa\u00e7\u00e3o, Sa\u00fade, Cultura, Meio Ambiente e Trabalho. Com Pol\u00edticas de mobilidade urbana.\u00a0 Assim como elevar a qualidade de vida em Goi\u00e2nia.<\/p>\n\n\n\n<figure class=\"wp-block-image aligncenter size-full\"><img loading=\"lazy\" decoding=\"async\" width=\"770\" height=\"450\" src=\"https:\/\/renatodias.online\/movimento\/wp-content\/uploads\/2020\/09\/Goi\u00e2nia-3.jpg\" alt=\"Imagem de Goi\u00e2nia\" class=\"wp-image-4674\" srcset=\"https:\/\/renatodias.online\/movimento\/wp-content\/uploads\/2020\/09\/Goi\u00e2nia-3.jpg 770w, https:\/\/renatodias.online\/movimento\/wp-content\/uploads\/2020\/09\/Goi\u00e2nia-3-300x175.jpg 300w, https:\/\/renatodias.online\/movimento\/wp-content\/uploads\/2020\/09\/Goi\u00e2nia-3-768x449.jpg 768w, https:\/\/renatodias.online\/movimento\/wp-content\/uploads\/2020\/09\/Goi\u00e2nia-3-750x438.jpg 750w\" sizes=\"auto, (max-width: 770px) 100vw, 770px\" \/><figcaption class=\"wp-element-caption\">I<strong>magem de Goi\u00e2nia<\/strong><\/figcaption><\/figure>\n","protected":false},"excerpt":{"rendered":"<p>\u00c9 ex-deputado estadual e ex-vereador Renato Dias O ex-deputado estadual Fabio Tokarski, professor aposentado da Universidade Federal de Goi\u00e1s [UFG], \u00e9, hoje, o pr\u00e9-candidato do PC do B \u00e0 prefeitura de Goi\u00e2nia. Com um programa anticapitalista. Ex-vereador, ele integra a Federa\u00e7\u00e3o Brasil da Esperan\u00e7a.\u00a0 Uma alian\u00e7a pol\u00edtica nacional formada por PT, PV, al\u00e9m da legenda<\/p>\n","protected":false},"author":2,"featured_media":18561,"comment_status":"open","ping_status":"open","sticky":false,"template":"","format":"standard","meta":{"_acf_changed":false,"_monsterinsights_skip_tracking":false,"_monsterinsights_sitenote_active":false,"_monsterinsights_sitenote_note":"","_monsterinsights_sitenote_category":0,"footnotes":""},"categories":[159],"tags":[],"class_list":["post-18683","post","type-post","status-publish","format-standard","has-post-thumbnail","hentry","category-eleicoes"],"acf":[],"yoast_head":"<!-- This site is optimized with the Yoast SEO plugin v27.4 - https:\/\/yoast.com\/product\/yoast-seo-wordpress\/ -->\n<title>Tokarski disputa o Pa\u00e7o -<\/title>\n<meta name=\"robots\" content=\"index, follow, max-snippet:-1, max-image-preview:large, max-video-preview:-1\" \/>\n<link rel=\"canonical\" href=\"https:\/\/renatodias.online\/movimento\/2023\/11\/05\/tokarski-disputa-o-paco\/\" \/>\n<meta property=\"og:locale\" content=\"pt_BR\" \/>\n<meta property=\"og:type\" content=\"article\" \/>\n<meta property=\"og:title\" content=\"Tokarski disputa o Pa\u00e7o -\" \/>\n<meta property=\"og:description\" content=\"\u00c9 ex-deputado estadual e ex-vereador Renato Dias O ex-deputado estadual Fabio Tokarski, professor aposentado da Universidade Federal de Goi\u00e1s [UFG], \u00e9, hoje, o pr\u00e9-candidato do PC do B \u00e0 prefeitura de Goi\u00e2nia. Com um programa anticapitalista. Ex-vereador, ele integra a Federa\u00e7\u00e3o Brasil da Esperan\u00e7a.\u00a0 Uma alian\u00e7a pol\u00edtica nacional formada por PT, PV, al\u00e9m da legenda\" \/>\n<meta property=\"og:url\" content=\"https:\/\/renatodias.online\/movimento\/2023\/11\/05\/tokarski-disputa-o-paco\/\" \/>\n<meta property=\"article:publisher\" content=\"https:\/\/www.facebook.com\/renato.dias.37\" \/>\n<meta property=\"article:author\" content=\"https:\/\/www.facebook.com\/renato.dias.37\" \/>\n<meta property=\"article:published_time\" content=\"2023-11-06T01:15:54+00:00\" \/>\n<meta property=\"article:modified_time\" content=\"2023-11-06T01:15:55+00:00\" \/>\n<meta property=\"og:image\" content=\"https:\/\/renatodias.online\/movimento\/wp-content\/uploads\/2023\/10\/PC-do-B-2.png\" \/>\n\t<meta property=\"og:image:width\" content=\"720\" \/>\n\t<meta property=\"og:image:height\" content=\"577\" \/>\n\t<meta property=\"og:image:type\" content=\"image\/png\" \/>\n<meta name=\"author\" content=\"Renato Dias\" \/>\n<meta name=\"twitter:card\" content=\"summary_large_image\" \/>\n<meta name=\"twitter:creator\" content=\"@RenatoDiasBat\" \/>\n<meta name=\"twitter:site\" content=\"@RenatoDiasBat\" \/>\n<meta name=\"twitter:label1\" content=\"Escrito por\" \/>\n\t<meta name=\"twitter:data1\" content=\"Renato Dias\" \/>\n\t<meta name=\"twitter:label2\" content=\"Est. tempo de leitura\" \/>\n\t<meta name=\"twitter:data2\" content=\"2 minutos\" \/>\n<script type=\"application\/ld+json\" class=\"yoast-schema-graph\">{\"@context\":\"https:\\\/\\\/schema.org\",\"@graph\":[{\"@type\":\"Article\",\"@id\":\"https:\\\/\\\/renatodias.online\\\/movimento\\\/2023\\\/11\\\/05\\\/tokarski-disputa-o-paco\\\/#article\",\"isPartOf\":{\"@id\":\"https:\\\/\\\/renatodias.online\\\/movimento\\\/2023\\\/11\\\/05\\\/tokarski-disputa-o-paco\\\/\"},\"author\":{\"name\":\"Renato Dias\",\"@id\":\"https:\\\/\\\/renatodias.online\\\/movimento\\\/#\\\/schema\\\/person\\\/bbab28833b1725a20f4083f49f1fb2a9\"},\"headline\":\"Tokarski disputa o Pa\u00e7o\",\"datePublished\":\"2023-11-06T01:15:54+00:00\",\"dateModified\":\"2023-11-06T01:15:55+00:00\",\"mainEntityOfPage\":{\"@id\":\"https:\\\/\\\/renatodias.online\\\/movimento\\\/2023\\\/11\\\/05\\\/tokarski-disputa-o-paco\\\/\"},\"wordCount\":135,\"commentCount\":0,\"publisher\":{\"@id\":\"https:\\\/\\\/renatodias.online\\\/movimento\\\/#\\\/schema\\\/person\\\/bbab28833b1725a20f4083f49f1fb2a9\"},\"image\":{\"@id\":\"https:\\\/\\\/renatodias.online\\\/movimento\\\/2023\\\/11\\\/05\\\/tokarski-disputa-o-paco\\\/#primaryimage\"},\"thumbnailUrl\":\"https:\\\/\\\/renatodias.online\\\/movimento\\\/wp-content\\\/uploads\\\/2023\\\/10\\\/PC-do-B-2-e1704419970832.png\",\"articleSection\":[\"Elei\u00e7\u00f5es\"],\"inLanguage\":\"pt-BR\",\"potentialAction\":[{\"@type\":\"CommentAction\",\"name\":\"Comment\",\"target\":[\"https:\\\/\\\/renatodias.online\\\/movimento\\\/2023\\\/11\\\/05\\\/tokarski-disputa-o-paco\\\/#respond\"]}]},{\"@type\":\"WebPage\",\"@id\":\"https:\\\/\\\/renatodias.online\\\/movimento\\\/2023\\\/11\\\/05\\\/tokarski-disputa-o-paco\\\/\",\"url\":\"https:\\\/\\\/renatodias.online\\\/movimento\\\/2023\\\/11\\\/05\\\/tokarski-disputa-o-paco\\\/\",\"name\":\"Tokarski disputa o Pa\u00e7o -\",\"isPartOf\":{\"@id\":\"https:\\\/\\\/renatodias.online\\\/movimento\\\/#website\"},\"primaryImageOfPage\":{\"@id\":\"https:\\\/\\\/renatodias.online\\\/movimento\\\/2023\\\/11\\\/05\\\/tokarski-disputa-o-paco\\\/#primaryimage\"},\"image\":{\"@id\":\"https:\\\/\\\/renatodias.online\\\/movimento\\\/2023\\\/11\\\/05\\\/tokarski-disputa-o-paco\\\/#primaryimage\"},\"thumbnailUrl\":\"https:\\\/\\\/renatodias.online\\\/movimento\\\/wp-content\\\/uploads\\\/2023\\\/10\\\/PC-do-B-2-e1704419970832.png\",\"datePublished\":\"2023-11-06T01:15:54+00:00\",\"dateModified\":\"2023-11-06T01:15:55+00:00\",\"breadcrumb\":{\"@id\":\"https:\\\/\\\/renatodias.online\\\/movimento\\\/2023\\\/11\\\/05\\\/tokarski-disputa-o-paco\\\/#breadcrumb\"},\"inLanguage\":\"pt-BR\",\"potentialAction\":[{\"@type\":\"ReadAction\",\"target\":[\"https:\\\/\\\/renatodias.online\\\/movimento\\\/2023\\\/11\\\/05\\\/tokarski-disputa-o-paco\\\/\"]}]},{\"@type\":\"ImageObject\",\"inLanguage\":\"pt-BR\",\"@id\":\"https:\\\/\\\/renatodias.online\\\/movimento\\\/2023\\\/11\\\/05\\\/tokarski-disputa-o-paco\\\/#primaryimage\",\"url\":\"https:\\\/\\\/renatodias.online\\\/movimento\\\/wp-content\\\/uploads\\\/2023\\\/10\\\/PC-do-B-2-e1704419970832.png\",\"contentUrl\":\"https:\\\/\\\/renatodias.online\\\/movimento\\\/wp-content\\\/uploads\\\/2023\\\/10\\\/PC-do-B-2-e1704419970832.png\",\"width\":320,\"height\":256,\"caption\":\"F\u00e1bio Tokarski\"},{\"@type\":\"BreadcrumbList\",\"@id\":\"https:\\\/\\\/renatodias.online\\\/movimento\\\/2023\\\/11\\\/05\\\/tokarski-disputa-o-paco\\\/#breadcrumb\",\"itemListElement\":[{\"@type\":\"ListItem\",\"position\":1,\"name\":\"In\u00edcio\",\"item\":\"https:\\\/\\\/renatodias.online\\\/movimento\\\/\"},{\"@type\":\"ListItem\",\"position\":2,\"name\":\"Tokarski disputa o Pa\u00e7o\"}]},{\"@type\":\"WebSite\",\"@id\":\"https:\\\/\\\/renatodias.online\\\/movimento\\\/#website\",\"url\":\"https:\\\/\\\/renatodias.online\\\/movimento\\\/\",\"name\":\"\",\"description\":\"\",\"publisher\":{\"@id\":\"https:\\\/\\\/renatodias.online\\\/movimento\\\/#\\\/schema\\\/person\\\/bbab28833b1725a20f4083f49f1fb2a9\"},\"potentialAction\":[{\"@type\":\"SearchAction\",\"target\":{\"@type\":\"EntryPoint\",\"urlTemplate\":\"https:\\\/\\\/renatodias.online\\\/movimento\\\/?s={search_term_string}\"},\"query-input\":{\"@type\":\"PropertyValueSpecification\",\"valueRequired\":true,\"valueName\":\"search_term_string\"}}],\"inLanguage\":\"pt-BR\"},{\"@type\":[\"Person\",\"Organization\"],\"@id\":\"https:\\\/\\\/renatodias.online\\\/movimento\\\/#\\\/schema\\\/person\\\/bbab28833b1725a20f4083f49f1fb2a9\",\"name\":\"Renato Dias\",\"image\":{\"@type\":\"ImageObject\",\"inLanguage\":\"pt-BR\",\"@id\":\"https:\\\/\\\/renatodias.online\\\/movimento\\\/wp-content\\\/uploads\\\/2023\\\/03\\\/cropped-cropped-cropped-logofinal.jpeg\",\"url\":\"https:\\\/\\\/renatodias.online\\\/movimento\\\/wp-content\\\/uploads\\\/2023\\\/03\\\/cropped-cropped-cropped-logofinal.jpeg\",\"contentUrl\":\"https:\\\/\\\/renatodias.online\\\/movimento\\\/wp-content\\\/uploads\\\/2023\\\/03\\\/cropped-cropped-cropped-logofinal.jpeg\",\"width\":1280,\"height\":219,\"caption\":\"Renato Dias\"},\"logo\":{\"@id\":\"https:\\\/\\\/renatodias.online\\\/movimento\\\/wp-content\\\/uploads\\\/2023\\\/03\\\/cropped-cropped-cropped-logofinal.jpeg\"},\"description\":\"Renato Dias, 58 anos, \u00e9 graduado em Jornalismo, formado em Ci\u00eancias Sociais, com p\u00f3s-gradua\u00e7\u00e3o em Pol\u00edticas P\u00fablicas, mestre em Direito e Rela\u00e7\u00f5es Internacionais, ex-aluno extraordin\u00e1rio do Doutorado em Psicologia Social, ex-estudante do Curso de Psican\u00e1lise do Centro de Estudos Psicanal\u00edticos do Estado de Goi\u00e1s, ministrado pelo m\u00e9dico psiquiatra e psicanalista Daniel Em\u00eddio de Souza. \u00c9 autor de 30 livros-reportagem, oito document\u00e1rios, ganhou 30 pr\u00eamios e \u00e9 torcedor apaixonado do maior do Centro-Oeste, o Vila Nova Futebol Clube. Casado com Meirilane Dias, \u00e9 pai de Juliana Dias, jornalista; Daniel Dias, economista; e Maria Rosa Dias, estudante antifascista, socialista e trotskista.\u00a0Com tr\u00eas pets: Porquinho [Bull Dog Franc\u00eas], Dalila [Basset Hound] e Geleia [Basset Hound]. Al\u00e9m do eterno gato Tutuquinho, que virou estrela.\",\"sameAs\":[\"https:\\\/\\\/www.facebook.com\\\/renato.dias.37\",\"#breve\",\"https:\\\/\\\/renatodias.tumblr.com\\\/\"],\"url\":\"https:\\\/\\\/renatodias.online\\\/movimento\\\/author\\\/renatodias\\\/\"}]}<\/script>\n<!-- \/ Yoast SEO plugin. -->","yoast_head_json":{"title":"Tokarski disputa o Pa\u00e7o -","robots":{"index":"index","follow":"follow","max-snippet":"max-snippet:-1","max-image-preview":"max-image-preview:large","max-video-preview":"max-video-preview:-1"},"canonical":"https:\/\/renatodias.online\/movimento\/2023\/11\/05\/tokarski-disputa-o-paco\/","og_locale":"pt_BR","og_type":"article","og_title":"Tokarski disputa o Pa\u00e7o -","og_description":"\u00c9 ex-deputado estadual e ex-vereador Renato Dias O ex-deputado estadual Fabio Tokarski, professor aposentado da Universidade Federal de Goi\u00e1s [UFG], \u00e9, hoje, o pr\u00e9-candidato do PC do B \u00e0 prefeitura de Goi\u00e2nia. Com um programa anticapitalista. Ex-vereador, ele integra a Federa\u00e7\u00e3o Brasil da Esperan\u00e7a.\u00a0 Uma alian\u00e7a pol\u00edtica nacional formada por PT, PV, al\u00e9m da legenda","og_url":"https:\/\/renatodias.online\/movimento\/2023\/11\/05\/tokarski-disputa-o-paco\/","article_publisher":"https:\/\/www.facebook.com\/renato.dias.37","article_author":"https:\/\/www.facebook.com\/renato.dias.37","article_published_time":"2023-11-06T01:15:54+00:00","article_modified_time":"2023-11-06T01:15:55+00:00","og_image":[{"width":720,"height":577,"url":"https:\/\/renatodias.online\/movimento\/wp-content\/uploads\/2023\/10\/PC-do-B-2.png","type":"image\/png"}],"author":"Renato Dias","twitter_card":"summary_large_image","twitter_creator":"@RenatoDiasBat","twitter_site":"@RenatoDiasBat","twitter_misc":{"Escrito por":"Renato Dias","Est. tempo de leitura":"2 minutos"},"schema":{"@context":"https:\/\/schema.org","@graph":[{"@type":"Article","@id":"https:\/\/renatodias.online\/movimento\/2023\/11\/05\/tokarski-disputa-o-paco\/#article","isPartOf":{"@id":"https:\/\/renatodias.online\/movimento\/2023\/11\/05\/tokarski-disputa-o-paco\/"},"author":{"name":"Renato Dias","@id":"https:\/\/renatodias.online\/movimento\/#\/schema\/person\/bbab28833b1725a20f4083f49f1fb2a9"},"headline":"Tokarski disputa o Pa\u00e7o","datePublished":"2023-11-06T01:15:54+00:00","dateModified":"2023-11-06T01:15:55+00:00","mainEntityOfPage":{"@id":"https:\/\/renatodias.online\/movimento\/2023\/11\/05\/tokarski-disputa-o-paco\/"},"wordCount":135,"commentCount":0,"publisher":{"@id":"https:\/\/renatodias.online\/movimento\/#\/schema\/person\/bbab28833b1725a20f4083f49f1fb2a9"},"image":{"@id":"https:\/\/renatodias.online\/movimento\/2023\/11\/05\/tokarski-disputa-o-paco\/#primaryimage"},"thumbnailUrl":"https:\/\/renatodias.online\/movimento\/wp-content\/uploads\/2023\/10\/PC-do-B-2-e1704419970832.png","articleSection":["Elei\u00e7\u00f5es"],"inLanguage":"pt-BR","potentialAction":[{"@type":"CommentAction","name":"Comment","target":["https:\/\/renatodias.online\/movimento\/2023\/11\/05\/tokarski-disputa-o-paco\/#respond"]}]},{"@type":"WebPage","@id":"https:\/\/renatodias.online\/movimento\/2023\/11\/05\/tokarski-disputa-o-paco\/","url":"https:\/\/renatodias.online\/movimento\/2023\/11\/05\/tokarski-disputa-o-paco\/","name":"Tokarski disputa o Pa\u00e7o -","isPartOf":{"@id":"https:\/\/renatodias.online\/movimento\/#website"},"primaryImageOfPage":{"@id":"https:\/\/renatodias.online\/movimento\/2023\/11\/05\/tokarski-disputa-o-paco\/#primaryimage"},"image":{"@id":"https:\/\/renatodias.online\/movimento\/2023\/11\/05\/tokarski-disputa-o-paco\/#primaryimage"},"thumbnailUrl":"https:\/\/renatodias.online\/movimento\/wp-content\/uploads\/2023\/10\/PC-do-B-2-e1704419970832.png","datePublished":"2023-11-06T01:15:54+00:00","dateModified":"2023-11-06T01:15:55+00:00","breadcrumb":{"@id":"https:\/\/renatodias.online\/movimento\/2023\/11\/05\/tokarski-disputa-o-paco\/#breadcrumb"},"inLanguage":"pt-BR","potentialAction":[{"@type":"ReadAction","target":["https:\/\/renatodias.online\/movimento\/2023\/11\/05\/tokarski-disputa-o-paco\/"]}]},{"@type":"ImageObject","inLanguage":"pt-BR","@id":"https:\/\/renatodias.online\/movimento\/2023\/11\/05\/tokarski-disputa-o-paco\/#primaryimage","url":"https:\/\/renatodias.online\/movimento\/wp-content\/uploads\/2023\/10\/PC-do-B-2-e1704419970832.png","contentUrl":"https:\/\/renatodias.online\/movimento\/wp-content\/uploads\/2023\/10\/PC-do-B-2-e1704419970832.png","width":320,"height":256,"caption":"F\u00e1bio Tokarski"},{"@type":"BreadcrumbList","@id":"https:\/\/renatodias.online\/movimento\/2023\/11\/05\/tokarski-disputa-o-paco\/#breadcrumb","itemListElement":[{"@type":"ListItem","position":1,"name":"In\u00edcio","item":"https:\/\/renatodias.online\/movimento\/"},{"@type":"ListItem","position":2,"name":"Tokarski disputa o Pa\u00e7o"}]},{"@type":"WebSite","@id":"https:\/\/renatodias.online\/movimento\/#website","url":"https:\/\/renatodias.online\/movimento\/","name":"","description":"","publisher":{"@id":"https:\/\/renatodias.online\/movimento\/#\/schema\/person\/bbab28833b1725a20f4083f49f1fb2a9"},"potentialAction":[{"@type":"SearchAction","target":{"@type":"EntryPoint","urlTemplate":"https:\/\/renatodias.online\/movimento\/?s={search_term_string}"},"query-input":{"@type":"PropertyValueSpecification","valueRequired":true,"valueName":"search_term_string"}}],"inLanguage":"pt-BR"},{"@type":["Person","Organization"],"@id":"https:\/\/renatodias.online\/movimento\/#\/schema\/person\/bbab28833b1725a20f4083f49f1fb2a9","name":"Renato Dias","image":{"@type":"ImageObject","inLanguage":"pt-BR","@id":"https:\/\/renatodias.online\/movimento\/wp-content\/uploads\/2023\/03\/cropped-cropped-cropped-logofinal.jpeg","url":"https:\/\/renatodias.online\/movimento\/wp-content\/uploads\/2023\/03\/cropped-cropped-cropped-logofinal.jpeg","contentUrl":"https:\/\/renatodias.online\/movimento\/wp-content\/uploads\/2023\/03\/cropped-cropped-cropped-logofinal.jpeg","width":1280,"height":219,"caption":"Renato Dias"},"logo":{"@id":"https:\/\/renatodias.online\/movimento\/wp-content\/uploads\/2023\/03\/cropped-cropped-cropped-logofinal.jpeg"},"description":"Renato Dias, 58 anos, \u00e9 graduado em Jornalismo, formado em Ci\u00eancias Sociais, com p\u00f3s-gradua\u00e7\u00e3o em Pol\u00edticas P\u00fablicas, mestre em Direito e Rela\u00e7\u00f5es Internacionais, ex-aluno extraordin\u00e1rio do Doutorado em Psicologia Social, ex-estudante do Curso de Psican\u00e1lise do Centro de Estudos Psicanal\u00edticos do Estado de Goi\u00e1s, ministrado pelo m\u00e9dico psiquiatra e psicanalista Daniel Em\u00eddio de Souza. \u00c9 autor de 30 livros-reportagem, oito document\u00e1rios, ganhou 30 pr\u00eamios e \u00e9 torcedor apaixonado do maior do Centro-Oeste, o Vila Nova Futebol Clube. Casado com Meirilane Dias, \u00e9 pai de Juliana Dias, jornalista; Daniel Dias, economista; e Maria Rosa Dias, estudante antifascista, socialista e trotskista.\u00a0Com tr\u00eas pets: Porquinho [Bull Dog Franc\u00eas], Dalila [Basset Hound] e Geleia [Basset Hound]. Al\u00e9m do eterno gato Tutuquinho, que virou estrela.","sameAs":["https:\/\/www.facebook.com\/renato.dias.37","#breve","https:\/\/renatodias.tumblr.com\/"],"url":"https:\/\/renatodias.online\/movimento\/author\/renatodias\/"}]}},"_links":{"self":[{"href":"https:\/\/renatodias.online\/movimento\/wp-json\/wp\/v2\/posts\/18683","targetHints":{"allow":["GET"]}}],"collection":[{"href":"https:\/\/renatodias.online\/movimento\/wp-json\/wp\/v2\/posts"}],"about":[{"href":"https:\/\/renatodias.online\/movimento\/wp-json\/wp\/v2\/types\/post"}],"author":[{"embeddable":true,"href":"https:\/\/renatodias.online\/movimento\/wp-json\/wp\/v2\/users\/2"}],"replies":[{"embeddable":true,"href":"https:\/\/renatodias.online\/movimento\/wp-json\/wp\/v2\/comments?post=18683"}],"version-history":[{"count":1,"href":"https:\/\/renatodias.online\/movimento\/wp-json\/wp\/v2\/posts\/18683\/revisions"}],"predecessor-version":[{"id":18684,"href":"https:\/\/renatodias.online\/movimento\/wp-json\/wp\/v2\/posts\/18683\/revisions\/18684"}],"wp:featuredmedia":[{"embeddable":true,"href":"https:\/\/renatodias.online\/movimento\/wp-json\/wp\/v2\/media\/18561"}],"wp:attachment":[{"href":"https:\/\/renatodias.online\/movimento\/wp-json\/wp\/v2\/media?parent=18683"}],"wp:term":[{"taxonomy":"category","embeddable":true,"href":"https:\/\/renatodias.online\/movimento\/wp-json\/wp\/v2\/categories?post=18683"},{"taxonomy":"post_tag","embeddable":true,"href":"https:\/\/renatodias.online\/movimento\/wp-json\/wp\/v2\/tags?post=18683"}],"curies":[{"name":"wp","href":"https:\/\/api.w.org\/{rel}","templated":true}]}}