{"id":18570,"date":"2023-10-25T14:28:52","date_gmt":"2023-10-25T17:28:52","guid":{"rendered":"https:\/\/renatodias.online\/movimento\/?p=18570"},"modified":"2023-10-25T14:28:54","modified_gmt":"2023-10-25T17:28:54","slug":"espiral-da-violencia","status":"publish","type":"post","link":"https:\/\/renatodias.online\/movimento\/2023\/10\/25\/espiral-da-violencia\/","title":{"rendered":"<strong>Espiral da viol\u00eancia<\/strong>"},"content":{"rendered":"\n<figure class=\"wp-block-image aligncenter size-full\"><img decoding=\"async\" src=\"https:\/\/renatodias.online\/movimento\/wp-content\/uploads\/2022\/04\/Artigo-de-Opiniao-e1680477038959.jpg\" alt=\"\" class=\"wp-image-11649\"\/><\/figure>\n\n\n\n<p class=\"has-text-align-center\"><strong><mark style=\"background-color:rgba(0, 0, 0, 0)\" class=\"has-inline-color has-vivid-cyan-blue-color\">M\u00e1rcio Santilli<\/mark><\/strong><\/p>\n\n\n\n<p>O que surpreendeu a todos n\u00e3o foi o \u00edmpeto terrorista do Hamas. Dif\u00edcil seria imaginar uma a\u00e7\u00e3o sua que n\u00e3o estivesse baseada na viol\u00eancia. O seu controle sobre a Faixa de Gaza foi conveniente e consentido por Israel, para dividir e enfraquecer politicamente os palestinos. O Estado de Israel, considerado democr\u00e1tico pela exist\u00eancia de partidos, elei\u00e7\u00f5es e parlamentarismo, n\u00e3o contempla a participa\u00e7\u00e3o palestina na defini\u00e7\u00e3o dos seus destinos. Gaza, por sua vez, vive bloqueada, asfixiada e desprovida de territ\u00f3rio e de recursos para construir seu futuro.<\/p>\n\n\n\n<p class=\"has-text-align-center\"><strong><mark style=\"background-color:rgba(0, 0, 0, 0)\" class=\"has-inline-color has-luminous-vivid-orange-color\">Efic\u00e1cia militar<\/mark><\/strong><\/p>\n\n\n\n<p>O que surpreendeu foi a efic\u00e1cia militar do Hamas, que foi capaz de romper as barreiras de prote\u00e7\u00e3o ao territ\u00f3rio de Israel e de atacar, simultaneamente, 22 vilas e assentamentos, disparando milhares de foguetes contra cidades israelenses. Al\u00e9m de atropelar efetivos militares e policiais e de apreender ve\u00edculos e equipamentos, o Hamas promoveu um festival de terror, matando civis aleatoriamente e sequestrando ref\u00e9ns \u2012 at\u00e9 crian\u00e7as \u2012 para Gaza.<\/p>\n\n\n\n<p class=\"has-text-align-center\"><strong><mark style=\"background-color:rgba(0, 0, 0, 0)\" class=\"has-inline-color has-vivid-green-cyan-color\">O projeto colonial<\/mark><\/strong><\/p>\n\n\n\n<p>O lapso defensivo de Israel ainda est\u00e1 para ser explicado. O projeto colonial do governo Netanyahu, que cedeu minist\u00e9rios para a extrema-direita para se manter no poder, \u00e9 respons\u00e1vel por transferir contingentes militares para a Cisjord\u00e2nia, deixando vulner\u00e1vel a fronteira sul. Netanyahu subestimou o Hamas e deu espa\u00e7o para o volume in\u00e9dito de mortos e de ref\u00e9ns israelenses. Sua resposta ser\u00e1 ainda mais letal, para, supostamente, mitigar danos de imagem. De qualquer lado, a viol\u00eancia n\u00e3o justifica, mas explica, a escalada de mais viol\u00eancia.<\/p>\n\n\n\n<p class=\"has-text-align-center\"><strong><mark style=\"background-color:rgba(0, 0, 0, 0)\" class=\"has-inline-color has-pale-cyan-blue-color\">Pesquisa<\/mark><\/strong><\/p>\n\n\n\n<p>Uma pesquisa de opini\u00e3o realizada pelo Instituto Maariv, indicou que se fossem realizadas elei\u00e7\u00f5es agora em Israel, o Likud, partido de Netanyahu, cairia dos atuais 32 para 19 deputados, enquanto o Uni\u00e3o Nacional, de centro, iria de 12 para 41. S\u00e3o n\u00fameros que nos d\u00e3o ideia de quanto ele depende de sangue palestino. Para legitimar a sua resposta, Netanyahu constituiu um gabinete de emerg\u00eancia, incorporando parte da oposi\u00e7\u00e3o, e suspendeu a ofensiva pol\u00edtica interna com que pretendia subordinar o Judici\u00e1rio, onde responde por acusa\u00e7\u00f5es de corrup\u00e7\u00e3o. Antes do ataque do Hamas, vinham ocorrendo grandes manifesta\u00e7\u00f5es populares contra a instala\u00e7\u00e3o de um regime com tend\u00eancias autocr\u00e1ticas, sob o seu mando. \u00c9 dif\u00edcil prever o que vai sobrar da democracia em Israel ap\u00f3s a destrui\u00e7\u00e3o de Gaza.<\/p>\n\n\n\n<p class=\"has-text-align-center\"><strong><mark style=\"background-color:rgba(0, 0, 0, 0)\" class=\"has-inline-color has-vivid-cyan-blue-color\">Guerra se alastra<\/mark><\/strong><\/p>\n\n\n\n<p>Um diplomata israelense foi esfaqueado na rua, em Pequim, na sexta-feira passada (13). No s\u00e1bado, em Paris, o Museu do Louvre foi fechado, ap\u00f3s uma amea\u00e7a de bomba. Por mais mort\u00edfera que seja, a vingan\u00e7a de Netanyahu vai desencadear outras vingan\u00e7as. Pessoas inocentes, judias ou aparentadas, est\u00e3o sob amea\u00e7a em qualquer pa\u00eds. Palestinos e simpatizantes fizeram, em Nova Iorque, uma grande manifesta\u00e7\u00e3o de protesto contra o bombardeio maci\u00e7o, que mata mulheres e crian\u00e7as em Gaza, e a sua invas\u00e3o terrestre por tropas de Israel.<\/p>\n\n\n\n<p class=\"has-text-align-center\"><strong><mark style=\"background-color:rgba(0, 0, 0, 0)\" class=\"has-inline-color has-vivid-purple-color\">Extrema-direita<\/mark><\/strong><\/p>\n\n\n\n<p>A extrema-direita est\u00e1 babando de \u00f3dio tamb\u00e9m em toda parte, tentando associar desafetos e inimigos pol\u00edticos ao terrorismo. No Brasil, bolsonaristas hist\u00e9ricos pressionam Lula para tomar partido na guerra e n\u00e3o reconhecem a presteza com que o governo brasileiro promove o resgate dos brasileiros que vivem ou estavam em Israel e em Gaza quando o conflito eclodiu.<\/p>\n\n\n\n<p class=\"has-text-align-center\"><strong><mark style=\"background-color:rgba(0, 0, 0, 0)\" class=\"has-inline-color has-vivid-red-color\">\u00c9 poss\u00edvel que a guerra se estenda<\/mark><\/strong><\/p>\n\n\n\n<p>Tamb\u00e9m \u00e9 poss\u00edvel que a guerra se estenda pelas fronteiras com o L\u00edbano e a S\u00edria. Foguetes foram lan\u00e7ados sobre Haifa, no norte de Israel, que, em retalia\u00e7\u00e3o, bombardeou aeroportos s\u00edrios. O Hezbollah, movimento xiita que atua no L\u00edbano e tem o apoio do Ir\u00e3, assim como o Hamas, j\u00e1 declarou que entrar\u00e1 na guerra se Israel ocupar Gaza.<\/p>\n\n\n\n<p class=\"has-text-align-center\"><strong>Alto pre\u00e7o para o povo judeu<\/strong><\/p>\n\n\n\n<p>A anexa\u00e7\u00e3o de Gaza por Israel ter\u00e1 um alto pre\u00e7o para o povo judeu, assim como a a\u00e7\u00e3o terrorista do Hamas est\u00e1 tendo para o povo palestino. Ali\u00e1s, o pre\u00e7o do petr\u00f3leo j\u00e1 est\u00e1 escalando e deve passar dos US$ 100 por barril. Mas o custo maior, para a humanidade, decorrer\u00e1 da sobreposi\u00e7\u00e3o entre conflitos. A guerra da R\u00fassia contra a Ucr\u00e2nia j\u00e1 afetou as negocia\u00e7\u00f5es comerciais e sobre as mudan\u00e7as clim\u00e1ticas globais.<\/p>\n\n\n\n<p class=\"has-text-align-center\"><strong><mark style=\"background-color:rgba(0, 0, 0, 0)\" class=\"has-inline-color has-cyan-bluish-gray-color\">The Jerusalem Post<\/mark><\/strong><\/p>\n\n\n\n<p>A superioridade militar de Israel \u00e9 ineg\u00e1vel. Pode massacrar os palestinos de Gaza. Mas as suas perdas s\u00e3o in\u00e9ditas. Pode ganhar, mas n\u00e3o levar, a menos que se considere livrar-se de Netanyahu como um ganho em si, inesperado. Afinal, segundo o The Jerusalem Post, 86% dos judeus israelenses atribuem o ataque surpresa do Hamas a falhas na lideran\u00e7a de Israel. Parece que, seja qual for o desfecho no front militar, nada ser\u00e1 como antes no Oriente M\u00e9dio.<\/p>\n\n\n\n<p><strong><mark style=\"background-color:rgba(0, 0, 0, 0)\" class=\"has-inline-color has-vivid-green-cyan-color\">M\u00e1rcio Santilli \u00e9 fil\u00f3sofo, s\u00f3cio-fundador do Instituto Socioambiental (ISA). Autor do livro Subvertendo a gram\u00e1tica e outras cr\u00f4nicas socioambientais. Deputado federal pelo PMDB (1983-1987) e presidente da Funai de 1995 a 1996.<\/mark><\/strong><\/p>\n","protected":false},"excerpt":{"rendered":"<p>M\u00e1rcio Santilli O que surpreendeu a todos n\u00e3o foi o \u00edmpeto terrorista do Hamas. Dif\u00edcil seria imaginar uma a\u00e7\u00e3o sua que n\u00e3o estivesse baseada na viol\u00eancia. O seu controle sobre a Faixa de Gaza foi conveniente e consentido por Israel, para dividir e enfraquecer politicamente os palestinos. O Estado de Israel, considerado democr\u00e1tico pela exist\u00eancia<\/p>\n","protected":false},"author":2,"featured_media":17777,"comment_status":"open","ping_status":"open","sticky":false,"template":"","format":"standard","meta":{"_acf_changed":false,"_monsterinsights_skip_tracking":false,"_monsterinsights_sitenote_active":false,"_monsterinsights_sitenote_note":"","_monsterinsights_sitenote_category":0,"footnotes":""},"categories":[160,36,83,4],"tags":[],"class_list":["post-18570","post","type-post","status-publish","format-standard","has-post-thumbnail","hentry","category-historia","category-internacional","category-opiniao","category-politica"],"acf":[],"yoast_head":"<!-- This site is optimized with the Yoast SEO plugin v27.4 - https:\/\/yoast.com\/product\/yoast-seo-wordpress\/ -->\n<title>Espiral da viol\u00eancia -<\/title>\n<meta name=\"robots\" content=\"index, follow, max-snippet:-1, max-image-preview:large, max-video-preview:-1\" \/>\n<link rel=\"canonical\" href=\"https:\/\/renatodias.online\/movimento\/2023\/10\/25\/espiral-da-violencia\/\" \/>\n<meta property=\"og:locale\" content=\"pt_BR\" \/>\n<meta property=\"og:type\" content=\"article\" \/>\n<meta property=\"og:title\" content=\"Espiral da viol\u00eancia -\" \/>\n<meta property=\"og:description\" content=\"M\u00e1rcio Santilli O que surpreendeu a todos n\u00e3o foi o \u00edmpeto terrorista do Hamas. Dif\u00edcil seria imaginar uma a\u00e7\u00e3o sua que n\u00e3o estivesse baseada na viol\u00eancia. O seu controle sobre a Faixa de Gaza foi conveniente e consentido por Israel, para dividir e enfraquecer politicamente os palestinos. O Estado de Israel, considerado democr\u00e1tico pela exist\u00eancia\" \/>\n<meta property=\"og:url\" content=\"https:\/\/renatodias.online\/movimento\/2023\/10\/25\/espiral-da-violencia\/\" \/>\n<meta property=\"article:publisher\" content=\"https:\/\/www.facebook.com\/renato.dias.37\" \/>\n<meta property=\"article:author\" content=\"https:\/\/www.facebook.com\/renato.dias.37\" \/>\n<meta property=\"article:published_time\" content=\"2023-10-25T17:28:52+00:00\" \/>\n<meta property=\"article:modified_time\" content=\"2023-10-25T17:28:54+00:00\" \/>\n<meta property=\"og:image\" content=\"https:\/\/renatodias.online\/movimento\/wp-content\/uploads\/2023\/08\/Marcio-Santilli-e1691461999581.jpg\" \/>\n\t<meta property=\"og:image:width\" content=\"700\" \/>\n\t<meta property=\"og:image:height\" content=\"500\" \/>\n\t<meta property=\"og:image:type\" content=\"image\/jpeg\" \/>\n<meta name=\"author\" content=\"Renato Dias\" \/>\n<meta name=\"twitter:card\" content=\"summary_large_image\" \/>\n<meta name=\"twitter:creator\" content=\"@RenatoDiasBat\" \/>\n<meta name=\"twitter:site\" content=\"@RenatoDiasBat\" \/>\n<meta name=\"twitter:label1\" content=\"Escrito por\" \/>\n\t<meta name=\"twitter:data1\" content=\"Renato Dias\" \/>\n\t<meta name=\"twitter:label2\" content=\"Est. tempo de leitura\" \/>\n\t<meta name=\"twitter:data2\" content=\"5 minutos\" \/>\n<script type=\"application\/ld+json\" class=\"yoast-schema-graph\">{\"@context\":\"https:\\\/\\\/schema.org\",\"@graph\":[{\"@type\":\"Article\",\"@id\":\"https:\\\/\\\/renatodias.online\\\/movimento\\\/2023\\\/10\\\/25\\\/espiral-da-violencia\\\/#article\",\"isPartOf\":{\"@id\":\"https:\\\/\\\/renatodias.online\\\/movimento\\\/2023\\\/10\\\/25\\\/espiral-da-violencia\\\/\"},\"author\":{\"name\":\"Renato Dias\",\"@id\":\"https:\\\/\\\/renatodias.online\\\/movimento\\\/#\\\/schema\\\/person\\\/bbab28833b1725a20f4083f49f1fb2a9\"},\"headline\":\"Espiral da viol\u00eancia\",\"datePublished\":\"2023-10-25T17:28:52+00:00\",\"dateModified\":\"2023-10-25T17:28:54+00:00\",\"mainEntityOfPage\":{\"@id\":\"https:\\\/\\\/renatodias.online\\\/movimento\\\/2023\\\/10\\\/25\\\/espiral-da-violencia\\\/\"},\"wordCount\":860,\"commentCount\":0,\"publisher\":{\"@id\":\"https:\\\/\\\/renatodias.online\\\/movimento\\\/#\\\/schema\\\/person\\\/bbab28833b1725a20f4083f49f1fb2a9\"},\"image\":{\"@id\":\"https:\\\/\\\/renatodias.online\\\/movimento\\\/2023\\\/10\\\/25\\\/espiral-da-violencia\\\/#primaryimage\"},\"thumbnailUrl\":\"https:\\\/\\\/renatodias.online\\\/movimento\\\/wp-content\\\/uploads\\\/2023\\\/08\\\/Marcio-Santilli-e1763940913167.jpg\",\"articleSection\":[\"Hist\u00f3ria\",\"Internacional\",\"Opini\u00e3o\",\"Pol\u00edtica\"],\"inLanguage\":\"pt-BR\",\"potentialAction\":[{\"@type\":\"CommentAction\",\"name\":\"Comment\",\"target\":[\"https:\\\/\\\/renatodias.online\\\/movimento\\\/2023\\\/10\\\/25\\\/espiral-da-violencia\\\/#respond\"]}]},{\"@type\":\"WebPage\",\"@id\":\"https:\\\/\\\/renatodias.online\\\/movimento\\\/2023\\\/10\\\/25\\\/espiral-da-violencia\\\/\",\"url\":\"https:\\\/\\\/renatodias.online\\\/movimento\\\/2023\\\/10\\\/25\\\/espiral-da-violencia\\\/\",\"name\":\"Espiral da viol\u00eancia -\",\"isPartOf\":{\"@id\":\"https:\\\/\\\/renatodias.online\\\/movimento\\\/#website\"},\"primaryImageOfPage\":{\"@id\":\"https:\\\/\\\/renatodias.online\\\/movimento\\\/2023\\\/10\\\/25\\\/espiral-da-violencia\\\/#primaryimage\"},\"image\":{\"@id\":\"https:\\\/\\\/renatodias.online\\\/movimento\\\/2023\\\/10\\\/25\\\/espiral-da-violencia\\\/#primaryimage\"},\"thumbnailUrl\":\"https:\\\/\\\/renatodias.online\\\/movimento\\\/wp-content\\\/uploads\\\/2023\\\/08\\\/Marcio-Santilli-e1763940913167.jpg\",\"datePublished\":\"2023-10-25T17:28:52+00:00\",\"dateModified\":\"2023-10-25T17:28:54+00:00\",\"breadcrumb\":{\"@id\":\"https:\\\/\\\/renatodias.online\\\/movimento\\\/2023\\\/10\\\/25\\\/espiral-da-violencia\\\/#breadcrumb\"},\"inLanguage\":\"pt-BR\",\"potentialAction\":[{\"@type\":\"ReadAction\",\"target\":[\"https:\\\/\\\/renatodias.online\\\/movimento\\\/2023\\\/10\\\/25\\\/espiral-da-violencia\\\/\"]}]},{\"@type\":\"ImageObject\",\"inLanguage\":\"pt-BR\",\"@id\":\"https:\\\/\\\/renatodias.online\\\/movimento\\\/2023\\\/10\\\/25\\\/espiral-da-violencia\\\/#primaryimage\",\"url\":\"https:\\\/\\\/renatodias.online\\\/movimento\\\/wp-content\\\/uploads\\\/2023\\\/08\\\/Marcio-Santilli-e1763940913167.jpg\",\"contentUrl\":\"https:\\\/\\\/renatodias.online\\\/movimento\\\/wp-content\\\/uploads\\\/2023\\\/08\\\/Marcio-Santilli-e1763940913167.jpg\",\"width\":400,\"height\":286},{\"@type\":\"BreadcrumbList\",\"@id\":\"https:\\\/\\\/renatodias.online\\\/movimento\\\/2023\\\/10\\\/25\\\/espiral-da-violencia\\\/#breadcrumb\",\"itemListElement\":[{\"@type\":\"ListItem\",\"position\":1,\"name\":\"In\u00edcio\",\"item\":\"https:\\\/\\\/renatodias.online\\\/movimento\\\/\"},{\"@type\":\"ListItem\",\"position\":2,\"name\":\"Espiral da viol\u00eancia\"}]},{\"@type\":\"WebSite\",\"@id\":\"https:\\\/\\\/renatodias.online\\\/movimento\\\/#website\",\"url\":\"https:\\\/\\\/renatodias.online\\\/movimento\\\/\",\"name\":\"\",\"description\":\"\",\"publisher\":{\"@id\":\"https:\\\/\\\/renatodias.online\\\/movimento\\\/#\\\/schema\\\/person\\\/bbab28833b1725a20f4083f49f1fb2a9\"},\"potentialAction\":[{\"@type\":\"SearchAction\",\"target\":{\"@type\":\"EntryPoint\",\"urlTemplate\":\"https:\\\/\\\/renatodias.online\\\/movimento\\\/?s={search_term_string}\"},\"query-input\":{\"@type\":\"PropertyValueSpecification\",\"valueRequired\":true,\"valueName\":\"search_term_string\"}}],\"inLanguage\":\"pt-BR\"},{\"@type\":[\"Person\",\"Organization\"],\"@id\":\"https:\\\/\\\/renatodias.online\\\/movimento\\\/#\\\/schema\\\/person\\\/bbab28833b1725a20f4083f49f1fb2a9\",\"name\":\"Renato Dias\",\"image\":{\"@type\":\"ImageObject\",\"inLanguage\":\"pt-BR\",\"@id\":\"https:\\\/\\\/renatodias.online\\\/movimento\\\/wp-content\\\/uploads\\\/2023\\\/03\\\/cropped-cropped-cropped-logofinal.jpeg\",\"url\":\"https:\\\/\\\/renatodias.online\\\/movimento\\\/wp-content\\\/uploads\\\/2023\\\/03\\\/cropped-cropped-cropped-logofinal.jpeg\",\"contentUrl\":\"https:\\\/\\\/renatodias.online\\\/movimento\\\/wp-content\\\/uploads\\\/2023\\\/03\\\/cropped-cropped-cropped-logofinal.jpeg\",\"width\":1280,\"height\":219,\"caption\":\"Renato Dias\"},\"logo\":{\"@id\":\"https:\\\/\\\/renatodias.online\\\/movimento\\\/wp-content\\\/uploads\\\/2023\\\/03\\\/cropped-cropped-cropped-logofinal.jpeg\"},\"description\":\"Renato Dias, 58 anos, \u00e9 graduado em Jornalismo, formado em Ci\u00eancias Sociais, com p\u00f3s-gradua\u00e7\u00e3o em Pol\u00edticas P\u00fablicas, mestre em Direito e Rela\u00e7\u00f5es Internacionais, ex-aluno extraordin\u00e1rio do Doutorado em Psicologia Social, ex-estudante do Curso de Psican\u00e1lise do Centro de Estudos Psicanal\u00edticos do Estado de Goi\u00e1s, ministrado pelo m\u00e9dico psiquiatra e psicanalista Daniel Em\u00eddio de Souza. \u00c9 autor de 30 livros-reportagem, oito document\u00e1rios, ganhou 30 pr\u00eamios e \u00e9 torcedor apaixonado do maior do Centro-Oeste, o Vila Nova Futebol Clube. Casado com Meirilane Dias, \u00e9 pai de Juliana Dias, jornalista; Daniel Dias, economista; e Maria Rosa Dias, estudante antifascista, socialista e trotskista.\u00a0Com tr\u00eas pets: Porquinho [Bull Dog Franc\u00eas], Dalila [Basset Hound] e Geleia [Basset Hound]. Al\u00e9m do eterno gato Tutuquinho, que virou estrela.\",\"sameAs\":[\"https:\\\/\\\/www.facebook.com\\\/renato.dias.37\",\"#breve\",\"https:\\\/\\\/renatodias.tumblr.com\\\/\"],\"url\":\"https:\\\/\\\/renatodias.online\\\/movimento\\\/author\\\/renatodias\\\/\"}]}<\/script>\n<!-- \/ Yoast SEO plugin. -->","yoast_head_json":{"title":"Espiral da viol\u00eancia -","robots":{"index":"index","follow":"follow","max-snippet":"max-snippet:-1","max-image-preview":"max-image-preview:large","max-video-preview":"max-video-preview:-1"},"canonical":"https:\/\/renatodias.online\/movimento\/2023\/10\/25\/espiral-da-violencia\/","og_locale":"pt_BR","og_type":"article","og_title":"Espiral da viol\u00eancia -","og_description":"M\u00e1rcio Santilli O que surpreendeu a todos n\u00e3o foi o \u00edmpeto terrorista do Hamas. Dif\u00edcil seria imaginar uma a\u00e7\u00e3o sua que n\u00e3o estivesse baseada na viol\u00eancia. O seu controle sobre a Faixa de Gaza foi conveniente e consentido por Israel, para dividir e enfraquecer politicamente os palestinos. O Estado de Israel, considerado democr\u00e1tico pela exist\u00eancia","og_url":"https:\/\/renatodias.online\/movimento\/2023\/10\/25\/espiral-da-violencia\/","article_publisher":"https:\/\/www.facebook.com\/renato.dias.37","article_author":"https:\/\/www.facebook.com\/renato.dias.37","article_published_time":"2023-10-25T17:28:52+00:00","article_modified_time":"2023-10-25T17:28:54+00:00","og_image":[{"width":700,"height":500,"url":"https:\/\/renatodias.online\/movimento\/wp-content\/uploads\/2023\/08\/Marcio-Santilli-e1691461999581.jpg","type":"image\/jpeg"}],"author":"Renato Dias","twitter_card":"summary_large_image","twitter_creator":"@RenatoDiasBat","twitter_site":"@RenatoDiasBat","twitter_misc":{"Escrito por":"Renato Dias","Est. tempo de leitura":"5 minutos"},"schema":{"@context":"https:\/\/schema.org","@graph":[{"@type":"Article","@id":"https:\/\/renatodias.online\/movimento\/2023\/10\/25\/espiral-da-violencia\/#article","isPartOf":{"@id":"https:\/\/renatodias.online\/movimento\/2023\/10\/25\/espiral-da-violencia\/"},"author":{"name":"Renato Dias","@id":"https:\/\/renatodias.online\/movimento\/#\/schema\/person\/bbab28833b1725a20f4083f49f1fb2a9"},"headline":"Espiral da viol\u00eancia","datePublished":"2023-10-25T17:28:52+00:00","dateModified":"2023-10-25T17:28:54+00:00","mainEntityOfPage":{"@id":"https:\/\/renatodias.online\/movimento\/2023\/10\/25\/espiral-da-violencia\/"},"wordCount":860,"commentCount":0,"publisher":{"@id":"https:\/\/renatodias.online\/movimento\/#\/schema\/person\/bbab28833b1725a20f4083f49f1fb2a9"},"image":{"@id":"https:\/\/renatodias.online\/movimento\/2023\/10\/25\/espiral-da-violencia\/#primaryimage"},"thumbnailUrl":"https:\/\/renatodias.online\/movimento\/wp-content\/uploads\/2023\/08\/Marcio-Santilli-e1763940913167.jpg","articleSection":["Hist\u00f3ria","Internacional","Opini\u00e3o","Pol\u00edtica"],"inLanguage":"pt-BR","potentialAction":[{"@type":"CommentAction","name":"Comment","target":["https:\/\/renatodias.online\/movimento\/2023\/10\/25\/espiral-da-violencia\/#respond"]}]},{"@type":"WebPage","@id":"https:\/\/renatodias.online\/movimento\/2023\/10\/25\/espiral-da-violencia\/","url":"https:\/\/renatodias.online\/movimento\/2023\/10\/25\/espiral-da-violencia\/","name":"Espiral da viol\u00eancia -","isPartOf":{"@id":"https:\/\/renatodias.online\/movimento\/#website"},"primaryImageOfPage":{"@id":"https:\/\/renatodias.online\/movimento\/2023\/10\/25\/espiral-da-violencia\/#primaryimage"},"image":{"@id":"https:\/\/renatodias.online\/movimento\/2023\/10\/25\/espiral-da-violencia\/#primaryimage"},"thumbnailUrl":"https:\/\/renatodias.online\/movimento\/wp-content\/uploads\/2023\/08\/Marcio-Santilli-e1763940913167.jpg","datePublished":"2023-10-25T17:28:52+00:00","dateModified":"2023-10-25T17:28:54+00:00","breadcrumb":{"@id":"https:\/\/renatodias.online\/movimento\/2023\/10\/25\/espiral-da-violencia\/#breadcrumb"},"inLanguage":"pt-BR","potentialAction":[{"@type":"ReadAction","target":["https:\/\/renatodias.online\/movimento\/2023\/10\/25\/espiral-da-violencia\/"]}]},{"@type":"ImageObject","inLanguage":"pt-BR","@id":"https:\/\/renatodias.online\/movimento\/2023\/10\/25\/espiral-da-violencia\/#primaryimage","url":"https:\/\/renatodias.online\/movimento\/wp-content\/uploads\/2023\/08\/Marcio-Santilli-e1763940913167.jpg","contentUrl":"https:\/\/renatodias.online\/movimento\/wp-content\/uploads\/2023\/08\/Marcio-Santilli-e1763940913167.jpg","width":400,"height":286},{"@type":"BreadcrumbList","@id":"https:\/\/renatodias.online\/movimento\/2023\/10\/25\/espiral-da-violencia\/#breadcrumb","itemListElement":[{"@type":"ListItem","position":1,"name":"In\u00edcio","item":"https:\/\/renatodias.online\/movimento\/"},{"@type":"ListItem","position":2,"name":"Espiral da viol\u00eancia"}]},{"@type":"WebSite","@id":"https:\/\/renatodias.online\/movimento\/#website","url":"https:\/\/renatodias.online\/movimento\/","name":"","description":"","publisher":{"@id":"https:\/\/renatodias.online\/movimento\/#\/schema\/person\/bbab28833b1725a20f4083f49f1fb2a9"},"potentialAction":[{"@type":"SearchAction","target":{"@type":"EntryPoint","urlTemplate":"https:\/\/renatodias.online\/movimento\/?s={search_term_string}"},"query-input":{"@type":"PropertyValueSpecification","valueRequired":true,"valueName":"search_term_string"}}],"inLanguage":"pt-BR"},{"@type":["Person","Organization"],"@id":"https:\/\/renatodias.online\/movimento\/#\/schema\/person\/bbab28833b1725a20f4083f49f1fb2a9","name":"Renato Dias","image":{"@type":"ImageObject","inLanguage":"pt-BR","@id":"https:\/\/renatodias.online\/movimento\/wp-content\/uploads\/2023\/03\/cropped-cropped-cropped-logofinal.jpeg","url":"https:\/\/renatodias.online\/movimento\/wp-content\/uploads\/2023\/03\/cropped-cropped-cropped-logofinal.jpeg","contentUrl":"https:\/\/renatodias.online\/movimento\/wp-content\/uploads\/2023\/03\/cropped-cropped-cropped-logofinal.jpeg","width":1280,"height":219,"caption":"Renato Dias"},"logo":{"@id":"https:\/\/renatodias.online\/movimento\/wp-content\/uploads\/2023\/03\/cropped-cropped-cropped-logofinal.jpeg"},"description":"Renato Dias, 58 anos, \u00e9 graduado em Jornalismo, formado em Ci\u00eancias Sociais, com p\u00f3s-gradua\u00e7\u00e3o em Pol\u00edticas P\u00fablicas, mestre em Direito e Rela\u00e7\u00f5es Internacionais, ex-aluno extraordin\u00e1rio do Doutorado em Psicologia Social, ex-estudante do Curso de Psican\u00e1lise do Centro de Estudos Psicanal\u00edticos do Estado de Goi\u00e1s, ministrado pelo m\u00e9dico psiquiatra e psicanalista Daniel Em\u00eddio de Souza. \u00c9 autor de 30 livros-reportagem, oito document\u00e1rios, ganhou 30 pr\u00eamios e \u00e9 torcedor apaixonado do maior do Centro-Oeste, o Vila Nova Futebol Clube. Casado com Meirilane Dias, \u00e9 pai de Juliana Dias, jornalista; Daniel Dias, economista; e Maria Rosa Dias, estudante antifascista, socialista e trotskista.\u00a0Com tr\u00eas pets: Porquinho [Bull Dog Franc\u00eas], Dalila [Basset Hound] e Geleia [Basset Hound]. Al\u00e9m do eterno gato Tutuquinho, que virou estrela.","sameAs":["https:\/\/www.facebook.com\/renato.dias.37","#breve","https:\/\/renatodias.tumblr.com\/"],"url":"https:\/\/renatodias.online\/movimento\/author\/renatodias\/"}]}},"_links":{"self":[{"href":"https:\/\/renatodias.online\/movimento\/wp-json\/wp\/v2\/posts\/18570","targetHints":{"allow":["GET"]}}],"collection":[{"href":"https:\/\/renatodias.online\/movimento\/wp-json\/wp\/v2\/posts"}],"about":[{"href":"https:\/\/renatodias.online\/movimento\/wp-json\/wp\/v2\/types\/post"}],"author":[{"embeddable":true,"href":"https:\/\/renatodias.online\/movimento\/wp-json\/wp\/v2\/users\/2"}],"replies":[{"embeddable":true,"href":"https:\/\/renatodias.online\/movimento\/wp-json\/wp\/v2\/comments?post=18570"}],"version-history":[{"count":1,"href":"https:\/\/renatodias.online\/movimento\/wp-json\/wp\/v2\/posts\/18570\/revisions"}],"predecessor-version":[{"id":18571,"href":"https:\/\/renatodias.online\/movimento\/wp-json\/wp\/v2\/posts\/18570\/revisions\/18571"}],"wp:featuredmedia":[{"embeddable":true,"href":"https:\/\/renatodias.online\/movimento\/wp-json\/wp\/v2\/media\/17777"}],"wp:attachment":[{"href":"https:\/\/renatodias.online\/movimento\/wp-json\/wp\/v2\/media?parent=18570"}],"wp:term":[{"taxonomy":"category","embeddable":true,"href":"https:\/\/renatodias.online\/movimento\/wp-json\/wp\/v2\/categories?post=18570"},{"taxonomy":"post_tag","embeddable":true,"href":"https:\/\/renatodias.online\/movimento\/wp-json\/wp\/v2\/tags?post=18570"}],"curies":[{"name":"wp","href":"https:\/\/api.w.org\/{rel}","templated":true}]}}