{"id":18401,"date":"2023-10-07T20:29:40","date_gmt":"2023-10-07T23:29:40","guid":{"rendered":"https:\/\/renatodias.online\/movimento\/?p=18401"},"modified":"2023-10-07T20:29:43","modified_gmt":"2023-10-07T23:29:43","slug":"sebba-cruzada-contra-importunacao-sexual","status":"publish","type":"post","link":"https:\/\/renatodias.online\/movimento\/2023\/10\/07\/sebba-cruzada-contra-importunacao-sexual\/","title":{"rendered":"Sebba: cruzada contra importuna\u00e7\u00e3o sexual"},"content":{"rendered":"\n<figure class=\"wp-block-image aligncenter size-full\"><img loading=\"lazy\" decoding=\"async\" width=\"300\" height=\"143\" src=\"https:\/\/renatodias.online\/movimento\/wp-content\/uploads\/2023\/06\/Aprovado-e1687978295990.jpg\" alt=\"\" class=\"wp-image-17237\" srcset=\"https:\/\/renatodias.online\/movimento\/wp-content\/uploads\/2023\/06\/Aprovado-e1687978295990.jpg 300w, https:\/\/renatodias.online\/movimento\/wp-content\/uploads\/2023\/06\/Aprovado-e1687978295990-150x72.jpg 150w\" sizes=\"auto, (max-width: 300px) 100vw, 300px\" \/><\/figure>\n\n\n\n<p class=\"has-text-align-center\"><strong><mark style=\"background-color:rgba(0, 0, 0, 0)\" class=\"has-inline-color has-vivid-green-cyan-color\">Projeto de Lei de Gustavo Sebba aprovado<\/mark><\/strong><\/p>\n\n\n\n<p>A Assembleia Legislativa aprovou em segunda e definitiva vota\u00e7\u00e3o o projeto de lei n\u00ba 5714\/19, de autoria do deputado estadual <strong>Gustavo Sebba [PSDB],<\/strong> que determina ao sistema de transporte p\u00fablico afixar placas e\/ou cartazes com a mensagem: &#8220;Importuna\u00e7\u00e3o sexual \u00e9 crime!&#8221;. Uma alus\u00e3o ao artigo 215-A do C\u00f3digo Penal Brasileiro.<\/p>\n\n\n\n<figure class=\"wp-block-image aligncenter size-full\"><img loading=\"lazy\" decoding=\"async\" width=\"300\" height=\"103\" src=\"https:\/\/renatodias.online\/movimento\/wp-content\/uploads\/2022\/08\/Saiba-mais-e1680139445250.png\" alt=\"\" class=\"wp-image-13698\" srcset=\"https:\/\/renatodias.online\/movimento\/wp-content\/uploads\/2022\/08\/Saiba-mais-e1680139445250.png 300w, https:\/\/renatodias.online\/movimento\/wp-content\/uploads\/2022\/08\/Saiba-mais-e1680139445250-150x52.png 150w\" sizes=\"auto, (max-width: 300px) 100vw, 300px\" \/><\/figure>\n\n\n\n<p><strong>A ideia \u00e9 prevenir, alertar e diminuir atos libidinosos e ass\u00e9dio sexual a passageiros do transporte coletivo<\/strong>. A informa\u00e7\u00e3o dever\u00e1 ser divulgada em \u00e1reas de circula\u00e7\u00e3o de passageiros, como terminais, plataformas e no interior dos \u00f4nibus. Ele menciona o caso do &#8220;ejaculador do \u00f4nibus&#8221;, que praticava atos libidinosos contra mulheres em viagens no transporte coletivo.<\/p>\n\n\n\n<figure class=\"wp-block-image aligncenter size-full\"><img decoding=\"async\" src=\"https:\/\/renatodias.online\/movimento\/wp-content\/uploads\/2022\/08\/Raio-X-especial-e1680139645191.png\" alt=\"\" class=\"wp-image-13781\"\/><\/figure>\n\n\n\n<p>&#8220;A proposta \u00e9 ampliar a publicidade da tipifica\u00e7\u00e3o penal da importuna\u00e7\u00e3o sexual na prote\u00e7\u00e3o da mulher. <strong>\u00c9 dever de todos n\u00f3s garantirmos a seguran\u00e7a e o respeito de cada passageiro, indepen\u00adde\u00adn\u00adtemente de g\u00eanero, idade ou origem. <\/strong>Devemos trabalhar em conjunto com as autoridades e a sociedade civil para criar medidas rigorosas de combate a esse crime\u201d.<\/p>\n\n\n\n<figure class=\"wp-block-image aligncenter size-full\"><img decoding=\"async\" src=\"https:\/\/renatodias.online\/movimento\/wp-content\/uploads\/2023\/04\/Veja-e1680475225663.jpg\" alt=\"\" class=\"wp-image-16291\"\/><\/figure>\n\n\n\n<p><strong>Contra indiv\u00edduos que se aproveitam do aglomerado de pessoas no \u00f4nibus para praticar o ato criminoso<\/strong>, explica Gustavo Sebba.&#8221;Estou comprometido em lutar por um transporte p\u00fablico seguro com deslocamento sem medo de ass\u00e9dio ou importuna\u00e7\u00e3o sexual. Vamos unir for\u00e7as para tornar Goi\u00e1s um lugar mais seguro e acolhedor para todos&#8221;, diz o parlamentar.<\/p>\n\n\n\n<figure class=\"wp-block-image aligncenter size-full\"><img decoding=\"async\" src=\"https:\/\/renatodias.online\/movimento\/wp-content\/uploads\/2021\/10\/Nao-.jpg\" alt=\"\" class=\"wp-image-9231\"\/><\/figure>\n","protected":false},"excerpt":{"rendered":"<p>Projeto de Lei de Gustavo Sebba aprovado A Assembleia Legislativa aprovou em segunda e definitiva vota\u00e7\u00e3o o projeto de lei n\u00ba 5714\/19, de autoria do deputado estadual Gustavo Sebba [PSDB], que determina ao sistema de transporte p\u00fablico afixar placas e\/ou cartazes com a mensagem: &#8220;Importuna\u00e7\u00e3o sexual \u00e9 crime!&#8221;. Uma alus\u00e3o ao artigo 215-A do C\u00f3digo<\/p>\n","protected":false},"author":2,"featured_media":18402,"comment_status":"open","ping_status":"open","sticky":false,"template":"","format":"standard","meta":{"_acf_changed":false,"_monsterinsights_skip_tracking":false,"_monsterinsights_sitenote_active":false,"_monsterinsights_sitenote_note":"","_monsterinsights_sitenote_category":0,"footnotes":""},"categories":[9,57,4,16],"tags":[],"class_list":["post-18401","post","type-post","status-publish","format-standard","has-post-thumbnail","hentry","category-cidade","category-entrevista","category-politica","category-tendencias"],"acf":[],"yoast_head":"<!-- This site is optimized with the Yoast SEO plugin v27.4 - https:\/\/yoast.com\/product\/yoast-seo-wordpress\/ -->\n<title>Sebba: cruzada contra importuna\u00e7\u00e3o sexual -<\/title>\n<meta name=\"robots\" content=\"index, follow, max-snippet:-1, max-image-preview:large, max-video-preview:-1\" \/>\n<link rel=\"canonical\" href=\"https:\/\/renatodias.online\/movimento\/2023\/10\/07\/sebba-cruzada-contra-importunacao-sexual\/\" \/>\n<meta property=\"og:locale\" content=\"pt_BR\" \/>\n<meta property=\"og:type\" content=\"article\" \/>\n<meta property=\"og:title\" content=\"Sebba: cruzada contra importuna\u00e7\u00e3o sexual -\" \/>\n<meta property=\"og:description\" content=\"Projeto de Lei de Gustavo Sebba aprovado A Assembleia Legislativa aprovou em segunda e definitiva vota\u00e7\u00e3o o projeto de lei n\u00ba 5714\/19, de autoria do deputado estadual Gustavo Sebba [PSDB], que determina ao sistema de transporte p\u00fablico afixar placas e\/ou cartazes com a mensagem: &#8220;Importuna\u00e7\u00e3o sexual \u00e9 crime!&#8221;. Uma alus\u00e3o ao artigo 215-A do C\u00f3digo\" \/>\n<meta property=\"og:url\" content=\"https:\/\/renatodias.online\/movimento\/2023\/10\/07\/sebba-cruzada-contra-importunacao-sexual\/\" \/>\n<meta property=\"article:publisher\" content=\"https:\/\/www.facebook.com\/renato.dias.37\" \/>\n<meta property=\"article:author\" content=\"https:\/\/www.facebook.com\/renato.dias.37\" \/>\n<meta property=\"article:published_time\" content=\"2023-10-07T23:29:40+00:00\" \/>\n<meta property=\"article:modified_time\" content=\"2023-10-07T23:29:43+00:00\" \/>\n<meta property=\"og:image\" content=\"https:\/\/renatodias.online\/movimento\/wp-content\/uploads\/2023\/10\/Gustavo-Sebba-e1696721361778.jpg\" \/>\n\t<meta property=\"og:image:width\" content=\"700\" \/>\n\t<meta property=\"og:image:height\" content=\"525\" \/>\n\t<meta property=\"og:image:type\" content=\"image\/jpeg\" \/>\n<meta name=\"author\" content=\"Renato Dias\" \/>\n<meta name=\"twitter:card\" content=\"summary_large_image\" \/>\n<meta name=\"twitter:creator\" content=\"@RenatoDiasBat\" \/>\n<meta name=\"twitter:site\" content=\"@RenatoDiasBat\" \/>\n<meta name=\"twitter:label1\" content=\"Escrito por\" \/>\n\t<meta name=\"twitter:data1\" content=\"Renato Dias\" \/>\n\t<meta name=\"twitter:label2\" content=\"Est. tempo de leitura\" \/>\n\t<meta name=\"twitter:data2\" content=\"3 minutos\" \/>\n<script type=\"application\/ld+json\" class=\"yoast-schema-graph\">{\"@context\":\"https:\\\/\\\/schema.org\",\"@graph\":[{\"@type\":\"Article\",\"@id\":\"https:\\\/\\\/renatodias.online\\\/movimento\\\/2023\\\/10\\\/07\\\/sebba-cruzada-contra-importunacao-sexual\\\/#article\",\"isPartOf\":{\"@id\":\"https:\\\/\\\/renatodias.online\\\/movimento\\\/2023\\\/10\\\/07\\\/sebba-cruzada-contra-importunacao-sexual\\\/\"},\"author\":{\"name\":\"Renato Dias\",\"@id\":\"https:\\\/\\\/renatodias.online\\\/movimento\\\/#\\\/schema\\\/person\\\/bbab28833b1725a20f4083f49f1fb2a9\"},\"headline\":\"Sebba: cruzada contra importuna\u00e7\u00e3o sexual\",\"datePublished\":\"2023-10-07T23:29:40+00:00\",\"dateModified\":\"2023-10-07T23:29:43+00:00\",\"mainEntityOfPage\":{\"@id\":\"https:\\\/\\\/renatodias.online\\\/movimento\\\/2023\\\/10\\\/07\\\/sebba-cruzada-contra-importunacao-sexual\\\/\"},\"wordCount\":247,\"commentCount\":0,\"publisher\":{\"@id\":\"https:\\\/\\\/renatodias.online\\\/movimento\\\/#\\\/schema\\\/person\\\/bbab28833b1725a20f4083f49f1fb2a9\"},\"image\":{\"@id\":\"https:\\\/\\\/renatodias.online\\\/movimento\\\/2023\\\/10\\\/07\\\/sebba-cruzada-contra-importunacao-sexual\\\/#primaryimage\"},\"thumbnailUrl\":\"https:\\\/\\\/renatodias.online\\\/movimento\\\/wp-content\\\/uploads\\\/2023\\\/10\\\/Gustavo-Sebba-e1696721361778.jpg\",\"articleSection\":[\"Cidade\",\"Entrevista\",\"Pol\u00edtica\",\"Tend\u00eancias\"],\"inLanguage\":\"pt-BR\",\"potentialAction\":[{\"@type\":\"CommentAction\",\"name\":\"Comment\",\"target\":[\"https:\\\/\\\/renatodias.online\\\/movimento\\\/2023\\\/10\\\/07\\\/sebba-cruzada-contra-importunacao-sexual\\\/#respond\"]}]},{\"@type\":\"WebPage\",\"@id\":\"https:\\\/\\\/renatodias.online\\\/movimento\\\/2023\\\/10\\\/07\\\/sebba-cruzada-contra-importunacao-sexual\\\/\",\"url\":\"https:\\\/\\\/renatodias.online\\\/movimento\\\/2023\\\/10\\\/07\\\/sebba-cruzada-contra-importunacao-sexual\\\/\",\"name\":\"Sebba: cruzada contra importuna\u00e7\u00e3o sexual -\",\"isPartOf\":{\"@id\":\"https:\\\/\\\/renatodias.online\\\/movimento\\\/#website\"},\"primaryImageOfPage\":{\"@id\":\"https:\\\/\\\/renatodias.online\\\/movimento\\\/2023\\\/10\\\/07\\\/sebba-cruzada-contra-importunacao-sexual\\\/#primaryimage\"},\"image\":{\"@id\":\"https:\\\/\\\/renatodias.online\\\/movimento\\\/2023\\\/10\\\/07\\\/sebba-cruzada-contra-importunacao-sexual\\\/#primaryimage\"},\"thumbnailUrl\":\"https:\\\/\\\/renatodias.online\\\/movimento\\\/wp-content\\\/uploads\\\/2023\\\/10\\\/Gustavo-Sebba-e1696721361778.jpg\",\"datePublished\":\"2023-10-07T23:29:40+00:00\",\"dateModified\":\"2023-10-07T23:29:43+00:00\",\"breadcrumb\":{\"@id\":\"https:\\\/\\\/renatodias.online\\\/movimento\\\/2023\\\/10\\\/07\\\/sebba-cruzada-contra-importunacao-sexual\\\/#breadcrumb\"},\"inLanguage\":\"pt-BR\",\"potentialAction\":[{\"@type\":\"ReadAction\",\"target\":[\"https:\\\/\\\/renatodias.online\\\/movimento\\\/2023\\\/10\\\/07\\\/sebba-cruzada-contra-importunacao-sexual\\\/\"]}]},{\"@type\":\"ImageObject\",\"inLanguage\":\"pt-BR\",\"@id\":\"https:\\\/\\\/renatodias.online\\\/movimento\\\/2023\\\/10\\\/07\\\/sebba-cruzada-contra-importunacao-sexual\\\/#primaryimage\",\"url\":\"https:\\\/\\\/renatodias.online\\\/movimento\\\/wp-content\\\/uploads\\\/2023\\\/10\\\/Gustavo-Sebba-e1696721361778.jpg\",\"contentUrl\":\"https:\\\/\\\/renatodias.online\\\/movimento\\\/wp-content\\\/uploads\\\/2023\\\/10\\\/Gustavo-Sebba-e1696721361778.jpg\",\"width\":700,\"height\":525,\"caption\":\"Gustavo Sebba\"},{\"@type\":\"BreadcrumbList\",\"@id\":\"https:\\\/\\\/renatodias.online\\\/movimento\\\/2023\\\/10\\\/07\\\/sebba-cruzada-contra-importunacao-sexual\\\/#breadcrumb\",\"itemListElement\":[{\"@type\":\"ListItem\",\"position\":1,\"name\":\"In\u00edcio\",\"item\":\"https:\\\/\\\/renatodias.online\\\/movimento\\\/\"},{\"@type\":\"ListItem\",\"position\":2,\"name\":\"Sebba: cruzada contra importuna\u00e7\u00e3o sexual\"}]},{\"@type\":\"WebSite\",\"@id\":\"https:\\\/\\\/renatodias.online\\\/movimento\\\/#website\",\"url\":\"https:\\\/\\\/renatodias.online\\\/movimento\\\/\",\"name\":\"\",\"description\":\"\",\"publisher\":{\"@id\":\"https:\\\/\\\/renatodias.online\\\/movimento\\\/#\\\/schema\\\/person\\\/bbab28833b1725a20f4083f49f1fb2a9\"},\"potentialAction\":[{\"@type\":\"SearchAction\",\"target\":{\"@type\":\"EntryPoint\",\"urlTemplate\":\"https:\\\/\\\/renatodias.online\\\/movimento\\\/?s={search_term_string}\"},\"query-input\":{\"@type\":\"PropertyValueSpecification\",\"valueRequired\":true,\"valueName\":\"search_term_string\"}}],\"inLanguage\":\"pt-BR\"},{\"@type\":[\"Person\",\"Organization\"],\"@id\":\"https:\\\/\\\/renatodias.online\\\/movimento\\\/#\\\/schema\\\/person\\\/bbab28833b1725a20f4083f49f1fb2a9\",\"name\":\"Renato Dias\",\"image\":{\"@type\":\"ImageObject\",\"inLanguage\":\"pt-BR\",\"@id\":\"https:\\\/\\\/renatodias.online\\\/movimento\\\/wp-content\\\/uploads\\\/2023\\\/03\\\/cropped-cropped-cropped-logofinal.jpeg\",\"url\":\"https:\\\/\\\/renatodias.online\\\/movimento\\\/wp-content\\\/uploads\\\/2023\\\/03\\\/cropped-cropped-cropped-logofinal.jpeg\",\"contentUrl\":\"https:\\\/\\\/renatodias.online\\\/movimento\\\/wp-content\\\/uploads\\\/2023\\\/03\\\/cropped-cropped-cropped-logofinal.jpeg\",\"width\":1280,\"height\":219,\"caption\":\"Renato Dias\"},\"logo\":{\"@id\":\"https:\\\/\\\/renatodias.online\\\/movimento\\\/wp-content\\\/uploads\\\/2023\\\/03\\\/cropped-cropped-cropped-logofinal.jpeg\"},\"description\":\"Renato Dias, 58 anos, \u00e9 graduado em Jornalismo, formado em Ci\u00eancias Sociais, com p\u00f3s-gradua\u00e7\u00e3o em Pol\u00edticas P\u00fablicas, mestre em Direito e Rela\u00e7\u00f5es Internacionais, ex-aluno extraordin\u00e1rio do Doutorado em Psicologia Social, ex-estudante do Curso de Psican\u00e1lise do Centro de Estudos Psicanal\u00edticos do Estado de Goi\u00e1s, ministrado pelo m\u00e9dico psiquiatra e psicanalista Daniel Em\u00eddio de Souza. \u00c9 autor de 30 livros-reportagem, oito document\u00e1rios, ganhou 30 pr\u00eamios e \u00e9 torcedor apaixonado do maior do Centro-Oeste, o Vila Nova Futebol Clube. Casado com Meirilane Dias, \u00e9 pai de Juliana Dias, jornalista; Daniel Dias, economista; e Maria Rosa Dias, estudante antifascista, socialista e trotskista.\u00a0Com tr\u00eas pets: Porquinho [Bull Dog Franc\u00eas], Dalila [Basset Hound] e Geleia [Basset Hound]. Al\u00e9m do eterno gato Tutuquinho, que virou estrela.\",\"sameAs\":[\"https:\\\/\\\/www.facebook.com\\\/renato.dias.37\",\"#breve\",\"https:\\\/\\\/renatodias.tumblr.com\\\/\"],\"url\":\"https:\\\/\\\/renatodias.online\\\/movimento\\\/author\\\/renatodias\\\/\"}]}<\/script>\n<!-- \/ Yoast SEO plugin. -->","yoast_head_json":{"title":"Sebba: cruzada contra importuna\u00e7\u00e3o sexual -","robots":{"index":"index","follow":"follow","max-snippet":"max-snippet:-1","max-image-preview":"max-image-preview:large","max-video-preview":"max-video-preview:-1"},"canonical":"https:\/\/renatodias.online\/movimento\/2023\/10\/07\/sebba-cruzada-contra-importunacao-sexual\/","og_locale":"pt_BR","og_type":"article","og_title":"Sebba: cruzada contra importuna\u00e7\u00e3o sexual -","og_description":"Projeto de Lei de Gustavo Sebba aprovado A Assembleia Legislativa aprovou em segunda e definitiva vota\u00e7\u00e3o o projeto de lei n\u00ba 5714\/19, de autoria do deputado estadual Gustavo Sebba [PSDB], que determina ao sistema de transporte p\u00fablico afixar placas e\/ou cartazes com a mensagem: &#8220;Importuna\u00e7\u00e3o sexual \u00e9 crime!&#8221;. Uma alus\u00e3o ao artigo 215-A do C\u00f3digo","og_url":"https:\/\/renatodias.online\/movimento\/2023\/10\/07\/sebba-cruzada-contra-importunacao-sexual\/","article_publisher":"https:\/\/www.facebook.com\/renato.dias.37","article_author":"https:\/\/www.facebook.com\/renato.dias.37","article_published_time":"2023-10-07T23:29:40+00:00","article_modified_time":"2023-10-07T23:29:43+00:00","og_image":[{"width":700,"height":525,"url":"https:\/\/renatodias.online\/movimento\/wp-content\/uploads\/2023\/10\/Gustavo-Sebba-e1696721361778.jpg","type":"image\/jpeg"}],"author":"Renato Dias","twitter_card":"summary_large_image","twitter_creator":"@RenatoDiasBat","twitter_site":"@RenatoDiasBat","twitter_misc":{"Escrito por":"Renato Dias","Est. tempo de leitura":"3 minutos"},"schema":{"@context":"https:\/\/schema.org","@graph":[{"@type":"Article","@id":"https:\/\/renatodias.online\/movimento\/2023\/10\/07\/sebba-cruzada-contra-importunacao-sexual\/#article","isPartOf":{"@id":"https:\/\/renatodias.online\/movimento\/2023\/10\/07\/sebba-cruzada-contra-importunacao-sexual\/"},"author":{"name":"Renato Dias","@id":"https:\/\/renatodias.online\/movimento\/#\/schema\/person\/bbab28833b1725a20f4083f49f1fb2a9"},"headline":"Sebba: cruzada contra importuna\u00e7\u00e3o sexual","datePublished":"2023-10-07T23:29:40+00:00","dateModified":"2023-10-07T23:29:43+00:00","mainEntityOfPage":{"@id":"https:\/\/renatodias.online\/movimento\/2023\/10\/07\/sebba-cruzada-contra-importunacao-sexual\/"},"wordCount":247,"commentCount":0,"publisher":{"@id":"https:\/\/renatodias.online\/movimento\/#\/schema\/person\/bbab28833b1725a20f4083f49f1fb2a9"},"image":{"@id":"https:\/\/renatodias.online\/movimento\/2023\/10\/07\/sebba-cruzada-contra-importunacao-sexual\/#primaryimage"},"thumbnailUrl":"https:\/\/renatodias.online\/movimento\/wp-content\/uploads\/2023\/10\/Gustavo-Sebba-e1696721361778.jpg","articleSection":["Cidade","Entrevista","Pol\u00edtica","Tend\u00eancias"],"inLanguage":"pt-BR","potentialAction":[{"@type":"CommentAction","name":"Comment","target":["https:\/\/renatodias.online\/movimento\/2023\/10\/07\/sebba-cruzada-contra-importunacao-sexual\/#respond"]}]},{"@type":"WebPage","@id":"https:\/\/renatodias.online\/movimento\/2023\/10\/07\/sebba-cruzada-contra-importunacao-sexual\/","url":"https:\/\/renatodias.online\/movimento\/2023\/10\/07\/sebba-cruzada-contra-importunacao-sexual\/","name":"Sebba: cruzada contra importuna\u00e7\u00e3o sexual -","isPartOf":{"@id":"https:\/\/renatodias.online\/movimento\/#website"},"primaryImageOfPage":{"@id":"https:\/\/renatodias.online\/movimento\/2023\/10\/07\/sebba-cruzada-contra-importunacao-sexual\/#primaryimage"},"image":{"@id":"https:\/\/renatodias.online\/movimento\/2023\/10\/07\/sebba-cruzada-contra-importunacao-sexual\/#primaryimage"},"thumbnailUrl":"https:\/\/renatodias.online\/movimento\/wp-content\/uploads\/2023\/10\/Gustavo-Sebba-e1696721361778.jpg","datePublished":"2023-10-07T23:29:40+00:00","dateModified":"2023-10-07T23:29:43+00:00","breadcrumb":{"@id":"https:\/\/renatodias.online\/movimento\/2023\/10\/07\/sebba-cruzada-contra-importunacao-sexual\/#breadcrumb"},"inLanguage":"pt-BR","potentialAction":[{"@type":"ReadAction","target":["https:\/\/renatodias.online\/movimento\/2023\/10\/07\/sebba-cruzada-contra-importunacao-sexual\/"]}]},{"@type":"ImageObject","inLanguage":"pt-BR","@id":"https:\/\/renatodias.online\/movimento\/2023\/10\/07\/sebba-cruzada-contra-importunacao-sexual\/#primaryimage","url":"https:\/\/renatodias.online\/movimento\/wp-content\/uploads\/2023\/10\/Gustavo-Sebba-e1696721361778.jpg","contentUrl":"https:\/\/renatodias.online\/movimento\/wp-content\/uploads\/2023\/10\/Gustavo-Sebba-e1696721361778.jpg","width":700,"height":525,"caption":"Gustavo Sebba"},{"@type":"BreadcrumbList","@id":"https:\/\/renatodias.online\/movimento\/2023\/10\/07\/sebba-cruzada-contra-importunacao-sexual\/#breadcrumb","itemListElement":[{"@type":"ListItem","position":1,"name":"In\u00edcio","item":"https:\/\/renatodias.online\/movimento\/"},{"@type":"ListItem","position":2,"name":"Sebba: cruzada contra importuna\u00e7\u00e3o sexual"}]},{"@type":"WebSite","@id":"https:\/\/renatodias.online\/movimento\/#website","url":"https:\/\/renatodias.online\/movimento\/","name":"","description":"","publisher":{"@id":"https:\/\/renatodias.online\/movimento\/#\/schema\/person\/bbab28833b1725a20f4083f49f1fb2a9"},"potentialAction":[{"@type":"SearchAction","target":{"@type":"EntryPoint","urlTemplate":"https:\/\/renatodias.online\/movimento\/?s={search_term_string}"},"query-input":{"@type":"PropertyValueSpecification","valueRequired":true,"valueName":"search_term_string"}}],"inLanguage":"pt-BR"},{"@type":["Person","Organization"],"@id":"https:\/\/renatodias.online\/movimento\/#\/schema\/person\/bbab28833b1725a20f4083f49f1fb2a9","name":"Renato Dias","image":{"@type":"ImageObject","inLanguage":"pt-BR","@id":"https:\/\/renatodias.online\/movimento\/wp-content\/uploads\/2023\/03\/cropped-cropped-cropped-logofinal.jpeg","url":"https:\/\/renatodias.online\/movimento\/wp-content\/uploads\/2023\/03\/cropped-cropped-cropped-logofinal.jpeg","contentUrl":"https:\/\/renatodias.online\/movimento\/wp-content\/uploads\/2023\/03\/cropped-cropped-cropped-logofinal.jpeg","width":1280,"height":219,"caption":"Renato Dias"},"logo":{"@id":"https:\/\/renatodias.online\/movimento\/wp-content\/uploads\/2023\/03\/cropped-cropped-cropped-logofinal.jpeg"},"description":"Renato Dias, 58 anos, \u00e9 graduado em Jornalismo, formado em Ci\u00eancias Sociais, com p\u00f3s-gradua\u00e7\u00e3o em Pol\u00edticas P\u00fablicas, mestre em Direito e Rela\u00e7\u00f5es Internacionais, ex-aluno extraordin\u00e1rio do Doutorado em Psicologia Social, ex-estudante do Curso de Psican\u00e1lise do Centro de Estudos Psicanal\u00edticos do Estado de Goi\u00e1s, ministrado pelo m\u00e9dico psiquiatra e psicanalista Daniel Em\u00eddio de Souza. \u00c9 autor de 30 livros-reportagem, oito document\u00e1rios, ganhou 30 pr\u00eamios e \u00e9 torcedor apaixonado do maior do Centro-Oeste, o Vila Nova Futebol Clube. Casado com Meirilane Dias, \u00e9 pai de Juliana Dias, jornalista; Daniel Dias, economista; e Maria Rosa Dias, estudante antifascista, socialista e trotskista.\u00a0Com tr\u00eas pets: Porquinho [Bull Dog Franc\u00eas], Dalila [Basset Hound] e Geleia [Basset Hound]. Al\u00e9m do eterno gato Tutuquinho, que virou estrela.","sameAs":["https:\/\/www.facebook.com\/renato.dias.37","#breve","https:\/\/renatodias.tumblr.com\/"],"url":"https:\/\/renatodias.online\/movimento\/author\/renatodias\/"}]}},"_links":{"self":[{"href":"https:\/\/renatodias.online\/movimento\/wp-json\/wp\/v2\/posts\/18401","targetHints":{"allow":["GET"]}}],"collection":[{"href":"https:\/\/renatodias.online\/movimento\/wp-json\/wp\/v2\/posts"}],"about":[{"href":"https:\/\/renatodias.online\/movimento\/wp-json\/wp\/v2\/types\/post"}],"author":[{"embeddable":true,"href":"https:\/\/renatodias.online\/movimento\/wp-json\/wp\/v2\/users\/2"}],"replies":[{"embeddable":true,"href":"https:\/\/renatodias.online\/movimento\/wp-json\/wp\/v2\/comments?post=18401"}],"version-history":[{"count":1,"href":"https:\/\/renatodias.online\/movimento\/wp-json\/wp\/v2\/posts\/18401\/revisions"}],"predecessor-version":[{"id":18403,"href":"https:\/\/renatodias.online\/movimento\/wp-json\/wp\/v2\/posts\/18401\/revisions\/18403"}],"wp:featuredmedia":[{"embeddable":true,"href":"https:\/\/renatodias.online\/movimento\/wp-json\/wp\/v2\/media\/18402"}],"wp:attachment":[{"href":"https:\/\/renatodias.online\/movimento\/wp-json\/wp\/v2\/media?parent=18401"}],"wp:term":[{"taxonomy":"category","embeddable":true,"href":"https:\/\/renatodias.online\/movimento\/wp-json\/wp\/v2\/categories?post=18401"},{"taxonomy":"post_tag","embeddable":true,"href":"https:\/\/renatodias.online\/movimento\/wp-json\/wp\/v2\/tags?post=18401"}],"curies":[{"name":"wp","href":"https:\/\/api.w.org\/{rel}","templated":true}]}}