{"id":18381,"date":"2023-10-05T23:55:27","date_gmt":"2023-10-06T02:55:27","guid":{"rendered":"https:\/\/renatodias.online\/movimento\/?p=18381"},"modified":"2023-10-05T23:55:29","modified_gmt":"2023-10-06T02:55:29","slug":"libertados-dois-sindicalistas","status":"publish","type":"post","link":"https:\/\/renatodias.online\/movimento\/2023\/10\/05\/libertados-dois-sindicalistas\/","title":{"rendered":"<strong>Libertados dois sindicalistas<\/strong>"},"content":{"rendered":"\n<figure class=\"wp-block-image aligncenter size-full\"><img decoding=\"async\" src=\"https:\/\/renatodias.online\/movimento\/wp-content\/uploads\/2020\/11\/Logo-Exclusivo.jpg\" alt=\"\" class=\"wp-image-4887\"\/><\/figure>\n\n\n\n<p class=\"has-text-align-center\"><strong><mark style=\"background-color:rgba(0, 0, 0, 0)\" class=\"has-inline-color has-vivid-red-color\">Jos\u00e9 Dantas Sobrinho e Ederlando Carlos dos Santos soltos<\/mark><\/strong><\/p>\n\n\n\n<p class=\"has-text-align-center\"><strong><mark style=\"background-color:rgba(0, 0, 0, 0)\" class=\"has-inline-color has-vivid-cyan-blue-color\">Do CSP Conlutas<\/mark><\/strong><\/p>\n\n\n\n<figure class=\"wp-block-image aligncenter size-full\"><img loading=\"lazy\" decoding=\"async\" width=\"320\" height=\"306\" src=\"https:\/\/renatodias.online\/movimento\/wp-content\/uploads\/2021\/07\/Bandeira-do-PSTU.jpg\" alt=\"\" class=\"wp-image-7618\" srcset=\"https:\/\/renatodias.online\/movimento\/wp-content\/uploads\/2021\/07\/Bandeira-do-PSTU.jpg 320w, https:\/\/renatodias.online\/movimento\/wp-content\/uploads\/2021\/07\/Bandeira-do-PSTU-300x287.jpg 300w\" sizes=\"auto, (max-width: 320px) 100vw, 320px\" \/><figcaption class=\"wp-element-caption\"><strong><mark style=\"background-color:rgba(0, 0, 0, 0)\" class=\"has-inline-color has-vivid-red-color\">Bandeira do PSTU<\/mark><\/strong><\/figcaption><\/figure>\n\n\n\n<p>Depois de permanecerem mais de 24 horas detidos de forma arbitr\u00e1ria, os ativistas <strong>Jos\u00e9 Dantas Sobrinho e Ederlando Carlos dos Santos f<\/strong>oram soltos, por decis\u00e3o do Tribunal de Justi\u00e7a do Estado de S\u00e3o Paulo. A decis\u00e3o foi assinada pelo juiz Loureiro Sobrinho.<\/p>\n\n\n\n<figure class=\"wp-block-image aligncenter size-full\"><img loading=\"lazy\" decoding=\"async\" width=\"300\" height=\"328\" src=\"https:\/\/renatodias.online\/movimento\/wp-content\/uploads\/2022\/03\/Greve-e1647979241471.jpg\" alt=\"\" class=\"wp-image-11430\"\/><\/figure>\n\n\n\n<p>Dantas e Ederlando deixaram o <strong>Centro de Deten\u00e7\u00e3o Provis\u00f3ria do Putim<\/strong>, em S\u00e3o Jos\u00e9 dos Cam\u00adpos, \u00e0s 18 horas. Eles estavam presos, \u00e0 espera da audi\u00eancia de cust\u00f3dia, que seria na Justi\u00e7a Federal. Ela foi transferida para a Justi\u00e7a Estadual. A audi\u00eancia n\u00e3o chegou a ocorrer.<\/p>\n\n\n\n<figure class=\"wp-block-audio\"><audio controls src=\"https:\/\/renatodias.online\/movimento\/wp-content\/uploads\/2023\/10\/AUD-20231001-WA0032.mp3\"><\/audio><\/figure>\n\n\n\n<p>Em sua decis\u00e3o, o juiz considera que <strong>n\u00e3o h\u00e1 sinal de que os autuados s\u00e3o pessoas perigosas e que n\u00e3o houve a audi\u00eancia de cust\u00f3dia dentro do prazo previsto em lei [24 horas ap\u00f3s a deten\u00e7\u00e3o].<\/strong><\/p>\n\n\n\n<figure class=\"wp-block-image aligncenter size-full\"><img decoding=\"async\" src=\"https:\/\/renatodias.online\/movimento\/wp-content\/uploads\/2023\/02\/Nao-a-privatizacao.jpg\" alt=\"\" class=\"wp-image-15537\"\/><\/figure>\n","protected":false},"excerpt":{"rendered":"<p>Jos\u00e9 Dantas Sobrinho e Ederlando Carlos dos Santos soltos Do CSP Conlutas Depois de permanecerem mais de 24 horas detidos de forma arbitr\u00e1ria, os ativistas Jos\u00e9 Dantas Sobrinho e Ederlando Carlos dos Santos foram soltos, por decis\u00e3o do Tribunal de Justi\u00e7a do Estado de S\u00e3o Paulo. A decis\u00e3o foi assinada pelo juiz Loureiro Sobrinho. Dantas<\/p>\n","protected":false},"author":2,"featured_media":0,"comment_status":"open","ping_status":"open","sticky":false,"template":"","format":"standard","meta":{"_acf_changed":false,"_monsterinsights_skip_tracking":false,"_monsterinsights_sitenote_active":false,"_monsterinsights_sitenote_note":"","_monsterinsights_sitenote_category":0,"footnotes":""},"categories":[10,160,35,83,4],"tags":[],"class_list":["post-18381","post","type-post","status-publish","format-standard","hentry","category-economia","category-historia","category-nacional","category-opiniao","category-politica"],"acf":[],"yoast_head":"<!-- This site is optimized with the Yoast SEO plugin v27.4 - https:\/\/yoast.com\/product\/yoast-seo-wordpress\/ -->\n<title>Libertados dois sindicalistas -<\/title>\n<meta name=\"robots\" content=\"index, follow, max-snippet:-1, max-image-preview:large, max-video-preview:-1\" \/>\n<link rel=\"canonical\" href=\"https:\/\/renatodias.online\/movimento\/2023\/10\/05\/libertados-dois-sindicalistas\/\" \/>\n<meta property=\"og:locale\" content=\"pt_BR\" \/>\n<meta property=\"og:type\" content=\"article\" \/>\n<meta property=\"og:title\" content=\"Libertados dois sindicalistas -\" \/>\n<meta property=\"og:description\" content=\"Jos\u00e9 Dantas Sobrinho e Ederlando Carlos dos Santos soltos Do CSP Conlutas Depois de permanecerem mais de 24 horas detidos de forma arbitr\u00e1ria, os ativistas Jos\u00e9 Dantas Sobrinho e Ederlando Carlos dos Santos foram soltos, por decis\u00e3o do Tribunal de Justi\u00e7a do Estado de S\u00e3o Paulo. A decis\u00e3o foi assinada pelo juiz Loureiro Sobrinho. Dantas\" \/>\n<meta property=\"og:url\" content=\"https:\/\/renatodias.online\/movimento\/2023\/10\/05\/libertados-dois-sindicalistas\/\" \/>\n<meta property=\"article:publisher\" content=\"https:\/\/www.facebook.com\/renato.dias.37\" \/>\n<meta property=\"article:author\" content=\"https:\/\/www.facebook.com\/renato.dias.37\" \/>\n<meta property=\"article:published_time\" content=\"2023-10-06T02:55:27+00:00\" \/>\n<meta property=\"article:modified_time\" content=\"2023-10-06T02:55:29+00:00\" \/>\n<meta property=\"og:image\" content=\"https:\/\/renatodias.online\/movimento\/wp-content\/uploads\/2023\/10\/Sindicalistas-presos.webp\" \/>\n\t<meta property=\"og:image:width\" content=\"696\" \/>\n\t<meta property=\"og:image:height\" content=\"464\" \/>\n\t<meta property=\"og:image:type\" content=\"image\/webp\" \/>\n<meta name=\"author\" content=\"Renato Dias\" \/>\n<meta name=\"twitter:card\" content=\"summary_large_image\" \/>\n<meta name=\"twitter:creator\" content=\"@RenatoDiasBat\" \/>\n<meta name=\"twitter:site\" content=\"@RenatoDiasBat\" \/>\n<meta name=\"twitter:label1\" content=\"Escrito por\" \/>\n\t<meta name=\"twitter:data1\" content=\"Renato Dias\" \/>\n\t<meta name=\"twitter:label2\" content=\"Est. tempo de leitura\" \/>\n\t<meta name=\"twitter:data2\" content=\"2 minutos\" \/>\n<script type=\"application\/ld+json\" class=\"yoast-schema-graph\">{\"@context\":\"https:\\\/\\\/schema.org\",\"@graph\":[{\"@type\":\"Article\",\"@id\":\"https:\\\/\\\/renatodias.online\\\/movimento\\\/2023\\\/10\\\/05\\\/libertados-dois-sindicalistas\\\/#article\",\"isPartOf\":{\"@id\":\"https:\\\/\\\/renatodias.online\\\/movimento\\\/2023\\\/10\\\/05\\\/libertados-dois-sindicalistas\\\/\"},\"author\":{\"name\":\"Renato Dias\",\"@id\":\"https:\\\/\\\/renatodias.online\\\/movimento\\\/#\\\/schema\\\/person\\\/bbab28833b1725a20f4083f49f1fb2a9\"},\"headline\":\"Libertados dois sindicalistas\",\"datePublished\":\"2023-10-06T02:55:27+00:00\",\"dateModified\":\"2023-10-06T02:55:29+00:00\",\"mainEntityOfPage\":{\"@id\":\"https:\\\/\\\/renatodias.online\\\/movimento\\\/2023\\\/10\\\/05\\\/libertados-dois-sindicalistas\\\/\"},\"wordCount\":161,\"commentCount\":0,\"publisher\":{\"@id\":\"https:\\\/\\\/renatodias.online\\\/movimento\\\/#\\\/schema\\\/person\\\/bbab28833b1725a20f4083f49f1fb2a9\"},\"image\":{\"@id\":\"https:\\\/\\\/renatodias.online\\\/movimento\\\/2023\\\/10\\\/05\\\/libertados-dois-sindicalistas\\\/#primaryimage\"},\"thumbnailUrl\":\"https:\\\/\\\/renatodias.online\\\/movimento\\\/wp-content\\\/uploads\\\/2020\\\/11\\\/Logo-Exclusivo.jpg\",\"articleSection\":[\"Economia\",\"Hist\u00f3ria\",\"Nacional\",\"Opini\u00e3o\",\"Pol\u00edtica\"],\"inLanguage\":\"pt-BR\",\"potentialAction\":[{\"@type\":\"CommentAction\",\"name\":\"Comment\",\"target\":[\"https:\\\/\\\/renatodias.online\\\/movimento\\\/2023\\\/10\\\/05\\\/libertados-dois-sindicalistas\\\/#respond\"]}]},{\"@type\":\"WebPage\",\"@id\":\"https:\\\/\\\/renatodias.online\\\/movimento\\\/2023\\\/10\\\/05\\\/libertados-dois-sindicalistas\\\/\",\"url\":\"https:\\\/\\\/renatodias.online\\\/movimento\\\/2023\\\/10\\\/05\\\/libertados-dois-sindicalistas\\\/\",\"name\":\"Libertados dois sindicalistas -\",\"isPartOf\":{\"@id\":\"https:\\\/\\\/renatodias.online\\\/movimento\\\/#website\"},\"primaryImageOfPage\":{\"@id\":\"https:\\\/\\\/renatodias.online\\\/movimento\\\/2023\\\/10\\\/05\\\/libertados-dois-sindicalistas\\\/#primaryimage\"},\"image\":{\"@id\":\"https:\\\/\\\/renatodias.online\\\/movimento\\\/2023\\\/10\\\/05\\\/libertados-dois-sindicalistas\\\/#primaryimage\"},\"thumbnailUrl\":\"https:\\\/\\\/renatodias.online\\\/movimento\\\/wp-content\\\/uploads\\\/2020\\\/11\\\/Logo-Exclusivo.jpg\",\"datePublished\":\"2023-10-06T02:55:27+00:00\",\"dateModified\":\"2023-10-06T02:55:29+00:00\",\"breadcrumb\":{\"@id\":\"https:\\\/\\\/renatodias.online\\\/movimento\\\/2023\\\/10\\\/05\\\/libertados-dois-sindicalistas\\\/#breadcrumb\"},\"inLanguage\":\"pt-BR\",\"potentialAction\":[{\"@type\":\"ReadAction\",\"target\":[\"https:\\\/\\\/renatodias.online\\\/movimento\\\/2023\\\/10\\\/05\\\/libertados-dois-sindicalistas\\\/\"]}]},{\"@type\":\"ImageObject\",\"inLanguage\":\"pt-BR\",\"@id\":\"https:\\\/\\\/renatodias.online\\\/movimento\\\/2023\\\/10\\\/05\\\/libertados-dois-sindicalistas\\\/#primaryimage\",\"url\":\"https:\\\/\\\/renatodias.online\\\/movimento\\\/wp-content\\\/uploads\\\/2020\\\/11\\\/Logo-Exclusivo-e1704564162266.jpg\",\"contentUrl\":\"https:\\\/\\\/renatodias.online\\\/movimento\\\/wp-content\\\/uploads\\\/2020\\\/11\\\/Logo-Exclusivo-e1704564162266.jpg\",\"width\":150,\"height\":93},{\"@type\":\"BreadcrumbList\",\"@id\":\"https:\\\/\\\/renatodias.online\\\/movimento\\\/2023\\\/10\\\/05\\\/libertados-dois-sindicalistas\\\/#breadcrumb\",\"itemListElement\":[{\"@type\":\"ListItem\",\"position\":1,\"name\":\"In\u00edcio\",\"item\":\"https:\\\/\\\/renatodias.online\\\/movimento\\\/\"},{\"@type\":\"ListItem\",\"position\":2,\"name\":\"Libertados dois sindicalistas\"}]},{\"@type\":\"WebSite\",\"@id\":\"https:\\\/\\\/renatodias.online\\\/movimento\\\/#website\",\"url\":\"https:\\\/\\\/renatodias.online\\\/movimento\\\/\",\"name\":\"\",\"description\":\"\",\"publisher\":{\"@id\":\"https:\\\/\\\/renatodias.online\\\/movimento\\\/#\\\/schema\\\/person\\\/bbab28833b1725a20f4083f49f1fb2a9\"},\"potentialAction\":[{\"@type\":\"SearchAction\",\"target\":{\"@type\":\"EntryPoint\",\"urlTemplate\":\"https:\\\/\\\/renatodias.online\\\/movimento\\\/?s={search_term_string}\"},\"query-input\":{\"@type\":\"PropertyValueSpecification\",\"valueRequired\":true,\"valueName\":\"search_term_string\"}}],\"inLanguage\":\"pt-BR\"},{\"@type\":[\"Person\",\"Organization\"],\"@id\":\"https:\\\/\\\/renatodias.online\\\/movimento\\\/#\\\/schema\\\/person\\\/bbab28833b1725a20f4083f49f1fb2a9\",\"name\":\"Renato Dias\",\"image\":{\"@type\":\"ImageObject\",\"inLanguage\":\"pt-BR\",\"@id\":\"https:\\\/\\\/renatodias.online\\\/movimento\\\/wp-content\\\/uploads\\\/2023\\\/03\\\/cropped-cropped-cropped-logofinal.jpeg\",\"url\":\"https:\\\/\\\/renatodias.online\\\/movimento\\\/wp-content\\\/uploads\\\/2023\\\/03\\\/cropped-cropped-cropped-logofinal.jpeg\",\"contentUrl\":\"https:\\\/\\\/renatodias.online\\\/movimento\\\/wp-content\\\/uploads\\\/2023\\\/03\\\/cropped-cropped-cropped-logofinal.jpeg\",\"width\":1280,\"height\":219,\"caption\":\"Renato Dias\"},\"logo\":{\"@id\":\"https:\\\/\\\/renatodias.online\\\/movimento\\\/wp-content\\\/uploads\\\/2023\\\/03\\\/cropped-cropped-cropped-logofinal.jpeg\"},\"description\":\"Renato Dias, 58 anos, \u00e9 graduado em Jornalismo, formado em Ci\u00eancias Sociais, com p\u00f3s-gradua\u00e7\u00e3o em Pol\u00edticas P\u00fablicas, mestre em Direito e Rela\u00e7\u00f5es Internacionais, ex-aluno extraordin\u00e1rio do Doutorado em Psicologia Social, ex-estudante do Curso de Psican\u00e1lise do Centro de Estudos Psicanal\u00edticos do Estado de Goi\u00e1s, ministrado pelo m\u00e9dico psiquiatra e psicanalista Daniel Em\u00eddio de Souza. \u00c9 autor de 30 livros-reportagem, oito document\u00e1rios, ganhou 30 pr\u00eamios e \u00e9 torcedor apaixonado do maior do Centro-Oeste, o Vila Nova Futebol Clube. Casado com Meirilane Dias, \u00e9 pai de Juliana Dias, jornalista; Daniel Dias, economista; e Maria Rosa Dias, estudante antifascista, socialista e trotskista.\u00a0Com tr\u00eas pets: Porquinho [Bull Dog Franc\u00eas], Dalila [Basset Hound] e Geleia [Basset Hound]. Al\u00e9m do eterno gato Tutuquinho, que virou estrela.\",\"sameAs\":[\"https:\\\/\\\/www.facebook.com\\\/renato.dias.37\",\"#breve\",\"https:\\\/\\\/renatodias.tumblr.com\\\/\"],\"url\":\"https:\\\/\\\/renatodias.online\\\/movimento\\\/author\\\/renatodias\\\/\"}]}<\/script>\n<!-- \/ Yoast SEO plugin. -->","yoast_head_json":{"title":"Libertados dois sindicalistas -","robots":{"index":"index","follow":"follow","max-snippet":"max-snippet:-1","max-image-preview":"max-image-preview:large","max-video-preview":"max-video-preview:-1"},"canonical":"https:\/\/renatodias.online\/movimento\/2023\/10\/05\/libertados-dois-sindicalistas\/","og_locale":"pt_BR","og_type":"article","og_title":"Libertados dois sindicalistas -","og_description":"Jos\u00e9 Dantas Sobrinho e Ederlando Carlos dos Santos soltos Do CSP Conlutas Depois de permanecerem mais de 24 horas detidos de forma arbitr\u00e1ria, os ativistas Jos\u00e9 Dantas Sobrinho e Ederlando Carlos dos Santos foram soltos, por decis\u00e3o do Tribunal de Justi\u00e7a do Estado de S\u00e3o Paulo. A decis\u00e3o foi assinada pelo juiz Loureiro Sobrinho. Dantas","og_url":"https:\/\/renatodias.online\/movimento\/2023\/10\/05\/libertados-dois-sindicalistas\/","article_publisher":"https:\/\/www.facebook.com\/renato.dias.37","article_author":"https:\/\/www.facebook.com\/renato.dias.37","article_published_time":"2023-10-06T02:55:27+00:00","article_modified_time":"2023-10-06T02:55:29+00:00","og_image":[{"width":696,"height":464,"url":"https:\/\/renatodias.online\/movimento\/wp-content\/uploads\/2023\/10\/Sindicalistas-presos.webp","type":"image\/webp"}],"author":"Renato Dias","twitter_card":"summary_large_image","twitter_creator":"@RenatoDiasBat","twitter_site":"@RenatoDiasBat","twitter_misc":{"Escrito por":"Renato Dias","Est. tempo de leitura":"2 minutos"},"schema":{"@context":"https:\/\/schema.org","@graph":[{"@type":"Article","@id":"https:\/\/renatodias.online\/movimento\/2023\/10\/05\/libertados-dois-sindicalistas\/#article","isPartOf":{"@id":"https:\/\/renatodias.online\/movimento\/2023\/10\/05\/libertados-dois-sindicalistas\/"},"author":{"name":"Renato Dias","@id":"https:\/\/renatodias.online\/movimento\/#\/schema\/person\/bbab28833b1725a20f4083f49f1fb2a9"},"headline":"Libertados dois sindicalistas","datePublished":"2023-10-06T02:55:27+00:00","dateModified":"2023-10-06T02:55:29+00:00","mainEntityOfPage":{"@id":"https:\/\/renatodias.online\/movimento\/2023\/10\/05\/libertados-dois-sindicalistas\/"},"wordCount":161,"commentCount":0,"publisher":{"@id":"https:\/\/renatodias.online\/movimento\/#\/schema\/person\/bbab28833b1725a20f4083f49f1fb2a9"},"image":{"@id":"https:\/\/renatodias.online\/movimento\/2023\/10\/05\/libertados-dois-sindicalistas\/#primaryimage"},"thumbnailUrl":"https:\/\/renatodias.online\/movimento\/wp-content\/uploads\/2020\/11\/Logo-Exclusivo.jpg","articleSection":["Economia","Hist\u00f3ria","Nacional","Opini\u00e3o","Pol\u00edtica"],"inLanguage":"pt-BR","potentialAction":[{"@type":"CommentAction","name":"Comment","target":["https:\/\/renatodias.online\/movimento\/2023\/10\/05\/libertados-dois-sindicalistas\/#respond"]}]},{"@type":"WebPage","@id":"https:\/\/renatodias.online\/movimento\/2023\/10\/05\/libertados-dois-sindicalistas\/","url":"https:\/\/renatodias.online\/movimento\/2023\/10\/05\/libertados-dois-sindicalistas\/","name":"Libertados dois sindicalistas -","isPartOf":{"@id":"https:\/\/renatodias.online\/movimento\/#website"},"primaryImageOfPage":{"@id":"https:\/\/renatodias.online\/movimento\/2023\/10\/05\/libertados-dois-sindicalistas\/#primaryimage"},"image":{"@id":"https:\/\/renatodias.online\/movimento\/2023\/10\/05\/libertados-dois-sindicalistas\/#primaryimage"},"thumbnailUrl":"https:\/\/renatodias.online\/movimento\/wp-content\/uploads\/2020\/11\/Logo-Exclusivo.jpg","datePublished":"2023-10-06T02:55:27+00:00","dateModified":"2023-10-06T02:55:29+00:00","breadcrumb":{"@id":"https:\/\/renatodias.online\/movimento\/2023\/10\/05\/libertados-dois-sindicalistas\/#breadcrumb"},"inLanguage":"pt-BR","potentialAction":[{"@type":"ReadAction","target":["https:\/\/renatodias.online\/movimento\/2023\/10\/05\/libertados-dois-sindicalistas\/"]}]},{"@type":"ImageObject","inLanguage":"pt-BR","@id":"https:\/\/renatodias.online\/movimento\/2023\/10\/05\/libertados-dois-sindicalistas\/#primaryimage","url":"https:\/\/renatodias.online\/movimento\/wp-content\/uploads\/2020\/11\/Logo-Exclusivo-e1704564162266.jpg","contentUrl":"https:\/\/renatodias.online\/movimento\/wp-content\/uploads\/2020\/11\/Logo-Exclusivo-e1704564162266.jpg","width":150,"height":93},{"@type":"BreadcrumbList","@id":"https:\/\/renatodias.online\/movimento\/2023\/10\/05\/libertados-dois-sindicalistas\/#breadcrumb","itemListElement":[{"@type":"ListItem","position":1,"name":"In\u00edcio","item":"https:\/\/renatodias.online\/movimento\/"},{"@type":"ListItem","position":2,"name":"Libertados dois sindicalistas"}]},{"@type":"WebSite","@id":"https:\/\/renatodias.online\/movimento\/#website","url":"https:\/\/renatodias.online\/movimento\/","name":"","description":"","publisher":{"@id":"https:\/\/renatodias.online\/movimento\/#\/schema\/person\/bbab28833b1725a20f4083f49f1fb2a9"},"potentialAction":[{"@type":"SearchAction","target":{"@type":"EntryPoint","urlTemplate":"https:\/\/renatodias.online\/movimento\/?s={search_term_string}"},"query-input":{"@type":"PropertyValueSpecification","valueRequired":true,"valueName":"search_term_string"}}],"inLanguage":"pt-BR"},{"@type":["Person","Organization"],"@id":"https:\/\/renatodias.online\/movimento\/#\/schema\/person\/bbab28833b1725a20f4083f49f1fb2a9","name":"Renato Dias","image":{"@type":"ImageObject","inLanguage":"pt-BR","@id":"https:\/\/renatodias.online\/movimento\/wp-content\/uploads\/2023\/03\/cropped-cropped-cropped-logofinal.jpeg","url":"https:\/\/renatodias.online\/movimento\/wp-content\/uploads\/2023\/03\/cropped-cropped-cropped-logofinal.jpeg","contentUrl":"https:\/\/renatodias.online\/movimento\/wp-content\/uploads\/2023\/03\/cropped-cropped-cropped-logofinal.jpeg","width":1280,"height":219,"caption":"Renato Dias"},"logo":{"@id":"https:\/\/renatodias.online\/movimento\/wp-content\/uploads\/2023\/03\/cropped-cropped-cropped-logofinal.jpeg"},"description":"Renato Dias, 58 anos, \u00e9 graduado em Jornalismo, formado em Ci\u00eancias Sociais, com p\u00f3s-gradua\u00e7\u00e3o em Pol\u00edticas P\u00fablicas, mestre em Direito e Rela\u00e7\u00f5es Internacionais, ex-aluno extraordin\u00e1rio do Doutorado em Psicologia Social, ex-estudante do Curso de Psican\u00e1lise do Centro de Estudos Psicanal\u00edticos do Estado de Goi\u00e1s, ministrado pelo m\u00e9dico psiquiatra e psicanalista Daniel Em\u00eddio de Souza. \u00c9 autor de 30 livros-reportagem, oito document\u00e1rios, ganhou 30 pr\u00eamios e \u00e9 torcedor apaixonado do maior do Centro-Oeste, o Vila Nova Futebol Clube. Casado com Meirilane Dias, \u00e9 pai de Juliana Dias, jornalista; Daniel Dias, economista; e Maria Rosa Dias, estudante antifascista, socialista e trotskista.\u00a0Com tr\u00eas pets: Porquinho [Bull Dog Franc\u00eas], Dalila [Basset Hound] e Geleia [Basset Hound]. Al\u00e9m do eterno gato Tutuquinho, que virou estrela.","sameAs":["https:\/\/www.facebook.com\/renato.dias.37","#breve","https:\/\/renatodias.tumblr.com\/"],"url":"https:\/\/renatodias.online\/movimento\/author\/renatodias\/"}]}},"_links":{"self":[{"href":"https:\/\/renatodias.online\/movimento\/wp-json\/wp\/v2\/posts\/18381","targetHints":{"allow":["GET"]}}],"collection":[{"href":"https:\/\/renatodias.online\/movimento\/wp-json\/wp\/v2\/posts"}],"about":[{"href":"https:\/\/renatodias.online\/movimento\/wp-json\/wp\/v2\/types\/post"}],"author":[{"embeddable":true,"href":"https:\/\/renatodias.online\/movimento\/wp-json\/wp\/v2\/users\/2"}],"replies":[{"embeddable":true,"href":"https:\/\/renatodias.online\/movimento\/wp-json\/wp\/v2\/comments?post=18381"}],"version-history":[{"count":1,"href":"https:\/\/renatodias.online\/movimento\/wp-json\/wp\/v2\/posts\/18381\/revisions"}],"predecessor-version":[{"id":18383,"href":"https:\/\/renatodias.online\/movimento\/wp-json\/wp\/v2\/posts\/18381\/revisions\/18383"}],"wp:attachment":[{"href":"https:\/\/renatodias.online\/movimento\/wp-json\/wp\/v2\/media?parent=18381"}],"wp:term":[{"taxonomy":"category","embeddable":true,"href":"https:\/\/renatodias.online\/movimento\/wp-json\/wp\/v2\/categories?post=18381"},{"taxonomy":"post_tag","embeddable":true,"href":"https:\/\/renatodias.online\/movimento\/wp-json\/wp\/v2\/tags?post=18381"}],"curies":[{"name":"wp","href":"https:\/\/api.w.org\/{rel}","templated":true}]}}