{"id":18370,"date":"2023-10-05T23:34:57","date_gmt":"2023-10-06T02:34:57","guid":{"rendered":"https:\/\/renatodias.online\/movimento\/?p=18370"},"modified":"2023-10-05T23:34:59","modified_gmt":"2023-10-06T02:34:59","slug":"instituto-historico-lanca-box-2","status":"publish","type":"post","link":"https:\/\/renatodias.online\/movimento\/2023\/10\/05\/instituto-historico-lanca-box-2\/","title":{"rendered":"<strong>Instituto Hist\u00f3rico lan\u00e7a Box 2<\/strong>"},"content":{"rendered":"\n<figure class=\"wp-block-image aligncenter size-full\"><img loading=\"lazy\" decoding=\"async\" width=\"300\" height=\"140\" src=\"https:\/\/renatodias.online\/movimento\/wp-content\/uploads\/2022\/02\/Lancamento-Especial-e1696559578619.png\" alt=\"\" class=\"wp-image-10784\" srcset=\"https:\/\/renatodias.online\/movimento\/wp-content\/uploads\/2022\/02\/Lancamento-Especial-e1696559578619.png 300w, https:\/\/renatodias.online\/movimento\/wp-content\/uploads\/2022\/02\/Lancamento-Especial-e1696559578619-150x70.png 150w\" sizes=\"auto, (max-width: 300px) 100vw, 300px\" \/><\/figure>\n\n\n\n<p class=\"has-text-align-center\"><strong><mark style=\"background-color:rgba(0, 0, 0, 0)\" class=\"has-inline-color has-luminous-vivid-orange-color\">Do projeto Goi\u00e1s+ 300<\/mark><\/strong><\/p>\n\n\n\n<figure class=\"wp-block-image aligncenter size-full\"><img loading=\"lazy\" decoding=\"async\" width=\"448\" height=\"336\" src=\"https:\/\/renatodias.online\/movimento\/wp-content\/uploads\/2021\/03\/Nilson-Jaime.jpg\" alt=\"Nilson Jaime\" class=\"wp-image-5714\" srcset=\"https:\/\/renatodias.online\/movimento\/wp-content\/uploads\/2021\/03\/Nilson-Jaime.jpg 448w, https:\/\/renatodias.online\/movimento\/wp-content\/uploads\/2021\/03\/Nilson-Jaime-300x225.jpg 300w\" sizes=\"auto, (max-width: 448px) 100vw, 448px\" \/><figcaption class=\"wp-element-caption\"><strong><mark style=\"background-color:rgba(0, 0, 0, 0)\" class=\"has-inline-color has-vivid-green-cyan-color\">Nilson Jaime<\/mark><\/strong><\/figcaption><\/figure>\n\n\n\n<p class=\"has-text-align-center\"><strong><mark style=\"background-color:rgba(0, 0, 0, 0)\" class=\"has-inline-color has-vivid-cyan-blue-color\">Sob coordena\u00e7\u00e3o de Jales Guedes e Nilson Jaime<\/mark><\/strong><\/p>\n\n\n\n<p class=\"has-text-align-center\"><strong><mark style=\"background-color:rgba(0, 0, 0, 0)\" class=\"has-inline-color has-vivid-red-color\">Renato Dias<\/mark><\/strong><\/p>\n\n\n\n<p>Sob a coordena\u00e7\u00e3o do doutor em Hist\u00f3ria, <strong>Jalles Guedes Coelho Mendon\u00e7a<\/strong>, e do doutor e bi\u00f3grafo <strong>Nilson Jaime<\/strong>, o Instituto Hist\u00f3rico e Geogr\u00e1fico do Estado de Goi\u00e1s [IHGG] lan\u00e7a, nesta sexta-feira, 6 de outubro de 2023, o <strong>Box 2 da s\u00e9rie de livros Goi\u00e1s+ 300<\/strong>. O ato ser\u00e1 realizado \u00e0s 9h, no audit\u00f3rio da institui\u00e7\u00e3o. Em Goi\u00e2nia. A capital do Estado. Fundada em 1933 por Pedro Ludovico Teixeira. A caixa cont\u00e9m 90 autores. Assim como 30 institui\u00e7\u00f5es culturais e cient\u00edficas. O Box 2 inclui Cronistas e Viajantes, Literatura, Povos Origin\u00e1rios. A entrada \u00e9 aberta ao p\u00fablico.<\/p>\n\n\n\n<figure class=\"wp-block-image aligncenter size-large\"><img loading=\"lazy\" decoding=\"async\" width=\"788\" height=\"1024\" src=\"https:\/\/renatodias.online\/movimento\/wp-content\/uploads\/2023\/10\/IHGG-2-788x1024.jpg\" alt=\"\" class=\"wp-image-18372\"\/><\/figure>\n","protected":false},"excerpt":{"rendered":"<p>Do projeto Goi\u00e1s+ 300 Sob coordena\u00e7\u00e3o de Jales Guedes e Nilson Jaime Renato Dias Sob a coordena\u00e7\u00e3o do doutor em Hist\u00f3ria, Jalles Guedes Coelho Mendon\u00e7a, e do doutor e bi\u00f3grafo Nilson Jaime, o Instituto Hist\u00f3rico e Geogr\u00e1fico do Estado de Goi\u00e1s [IHGG] lan\u00e7a, nesta sexta-feira, 6 de outubro de 2023, o Box 2 da s\u00e9rie<\/p>\n","protected":false},"author":2,"featured_media":16642,"comment_status":"open","ping_status":"open","sticky":false,"template":"","format":"standard","meta":{"_acf_changed":false,"_monsterinsights_skip_tracking":false,"_monsterinsights_sitenote_active":false,"_monsterinsights_sitenote_note":"","_monsterinsights_sitenote_category":0,"footnotes":""},"categories":[9,28,160,4],"tags":[],"class_list":["post-18370","post","type-post","status-publish","format-standard","has-post-thumbnail","hentry","category-cidade","category-cultura","category-historia","category-politica"],"acf":[],"yoast_head":"<!-- This site is optimized with the Yoast SEO plugin v27.4 - https:\/\/yoast.com\/product\/yoast-seo-wordpress\/ -->\n<title>Instituto Hist\u00f3rico lan\u00e7a Box 2 -<\/title>\n<meta name=\"robots\" content=\"index, follow, max-snippet:-1, max-image-preview:large, max-video-preview:-1\" \/>\n<link rel=\"canonical\" href=\"https:\/\/renatodias.online\/movimento\/2023\/10\/05\/instituto-historico-lanca-box-2\/\" \/>\n<meta property=\"og:locale\" content=\"pt_BR\" \/>\n<meta property=\"og:type\" content=\"article\" \/>\n<meta property=\"og:title\" content=\"Instituto Hist\u00f3rico lan\u00e7a Box 2 -\" \/>\n<meta property=\"og:description\" content=\"Do projeto Goi\u00e1s+ 300 Sob coordena\u00e7\u00e3o de Jales Guedes e Nilson Jaime Renato Dias Sob a coordena\u00e7\u00e3o do doutor em Hist\u00f3ria, Jalles Guedes Coelho Mendon\u00e7a, e do doutor e bi\u00f3grafo Nilson Jaime, o Instituto Hist\u00f3rico e Geogr\u00e1fico do Estado de Goi\u00e1s [IHGG] lan\u00e7a, nesta sexta-feira, 6 de outubro de 2023, o Box 2 da s\u00e9rie\" \/>\n<meta property=\"og:url\" content=\"https:\/\/renatodias.online\/movimento\/2023\/10\/05\/instituto-historico-lanca-box-2\/\" \/>\n<meta property=\"article:publisher\" content=\"https:\/\/www.facebook.com\/renato.dias.37\" \/>\n<meta property=\"article:author\" content=\"https:\/\/www.facebook.com\/renato.dias.37\" \/>\n<meta property=\"article:published_time\" content=\"2023-10-06T02:34:57+00:00\" \/>\n<meta property=\"article:modified_time\" content=\"2023-10-06T02:34:59+00:00\" \/>\n<meta property=\"og:image\" content=\"https:\/\/renatodias.online\/movimento\/wp-content\/uploads\/2023\/05\/Jales-Guedes-Coelho-e1683161661805.jpg\" \/>\n\t<meta property=\"og:image:width\" content=\"800\" \/>\n\t<meta property=\"og:image:height\" content=\"533\" \/>\n\t<meta property=\"og:image:type\" content=\"image\/jpeg\" \/>\n<meta name=\"author\" content=\"Renato Dias\" \/>\n<meta name=\"twitter:card\" content=\"summary_large_image\" \/>\n<meta name=\"twitter:creator\" content=\"@RenatoDiasBat\" \/>\n<meta name=\"twitter:site\" content=\"@RenatoDiasBat\" \/>\n<meta name=\"twitter:label1\" content=\"Escrito por\" \/>\n\t<meta name=\"twitter:data1\" content=\"Renato Dias\" \/>\n\t<meta name=\"twitter:label2\" content=\"Est. tempo de leitura\" \/>\n\t<meta name=\"twitter:data2\" content=\"2 minutos\" \/>\n<script type=\"application\/ld+json\" class=\"yoast-schema-graph\">{\"@context\":\"https:\\\/\\\/schema.org\",\"@graph\":[{\"@type\":\"Article\",\"@id\":\"https:\\\/\\\/renatodias.online\\\/movimento\\\/2023\\\/10\\\/05\\\/instituto-historico-lanca-box-2\\\/#article\",\"isPartOf\":{\"@id\":\"https:\\\/\\\/renatodias.online\\\/movimento\\\/2023\\\/10\\\/05\\\/instituto-historico-lanca-box-2\\\/\"},\"author\":{\"name\":\"Renato Dias\",\"@id\":\"https:\\\/\\\/renatodias.online\\\/movimento\\\/#\\\/schema\\\/person\\\/bbab28833b1725a20f4083f49f1fb2a9\"},\"headline\":\"Instituto Hist\u00f3rico lan\u00e7a Box 2\",\"datePublished\":\"2023-10-06T02:34:57+00:00\",\"dateModified\":\"2023-10-06T02:34:59+00:00\",\"mainEntityOfPage\":{\"@id\":\"https:\\\/\\\/renatodias.online\\\/movimento\\\/2023\\\/10\\\/05\\\/instituto-historico-lanca-box-2\\\/\"},\"wordCount\":128,\"commentCount\":0,\"publisher\":{\"@id\":\"https:\\\/\\\/renatodias.online\\\/movimento\\\/#\\\/schema\\\/person\\\/bbab28833b1725a20f4083f49f1fb2a9\"},\"image\":{\"@id\":\"https:\\\/\\\/renatodias.online\\\/movimento\\\/2023\\\/10\\\/05\\\/instituto-historico-lanca-box-2\\\/#primaryimage\"},\"thumbnailUrl\":\"https:\\\/\\\/renatodias.online\\\/movimento\\\/wp-content\\\/uploads\\\/2023\\\/05\\\/Jales-Guedes-Coelho-e1683161661805.jpg\",\"articleSection\":[\"Cidade\",\"Cultura\",\"Hist\u00f3ria\",\"Pol\u00edtica\"],\"inLanguage\":\"pt-BR\",\"potentialAction\":[{\"@type\":\"CommentAction\",\"name\":\"Comment\",\"target\":[\"https:\\\/\\\/renatodias.online\\\/movimento\\\/2023\\\/10\\\/05\\\/instituto-historico-lanca-box-2\\\/#respond\"]}]},{\"@type\":\"WebPage\",\"@id\":\"https:\\\/\\\/renatodias.online\\\/movimento\\\/2023\\\/10\\\/05\\\/instituto-historico-lanca-box-2\\\/\",\"url\":\"https:\\\/\\\/renatodias.online\\\/movimento\\\/2023\\\/10\\\/05\\\/instituto-historico-lanca-box-2\\\/\",\"name\":\"Instituto Hist\u00f3rico lan\u00e7a Box 2 -\",\"isPartOf\":{\"@id\":\"https:\\\/\\\/renatodias.online\\\/movimento\\\/#website\"},\"primaryImageOfPage\":{\"@id\":\"https:\\\/\\\/renatodias.online\\\/movimento\\\/2023\\\/10\\\/05\\\/instituto-historico-lanca-box-2\\\/#primaryimage\"},\"image\":{\"@id\":\"https:\\\/\\\/renatodias.online\\\/movimento\\\/2023\\\/10\\\/05\\\/instituto-historico-lanca-box-2\\\/#primaryimage\"},\"thumbnailUrl\":\"https:\\\/\\\/renatodias.online\\\/movimento\\\/wp-content\\\/uploads\\\/2023\\\/05\\\/Jales-Guedes-Coelho-e1683161661805.jpg\",\"datePublished\":\"2023-10-06T02:34:57+00:00\",\"dateModified\":\"2023-10-06T02:34:59+00:00\",\"breadcrumb\":{\"@id\":\"https:\\\/\\\/renatodias.online\\\/movimento\\\/2023\\\/10\\\/05\\\/instituto-historico-lanca-box-2\\\/#breadcrumb\"},\"inLanguage\":\"pt-BR\",\"potentialAction\":[{\"@type\":\"ReadAction\",\"target\":[\"https:\\\/\\\/renatodias.online\\\/movimento\\\/2023\\\/10\\\/05\\\/instituto-historico-lanca-box-2\\\/\"]}]},{\"@type\":\"ImageObject\",\"inLanguage\":\"pt-BR\",\"@id\":\"https:\\\/\\\/renatodias.online\\\/movimento\\\/2023\\\/10\\\/05\\\/instituto-historico-lanca-box-2\\\/#primaryimage\",\"url\":\"https:\\\/\\\/renatodias.online\\\/movimento\\\/wp-content\\\/uploads\\\/2023\\\/05\\\/Jales-Guedes-Coelho-e1683161661805.jpg\",\"contentUrl\":\"https:\\\/\\\/renatodias.online\\\/movimento\\\/wp-content\\\/uploads\\\/2023\\\/05\\\/Jales-Guedes-Coelho-e1683161661805.jpg\",\"width\":800,\"height\":533,\"caption\":\"Jales Guedes Coelho\"},{\"@type\":\"BreadcrumbList\",\"@id\":\"https:\\\/\\\/renatodias.online\\\/movimento\\\/2023\\\/10\\\/05\\\/instituto-historico-lanca-box-2\\\/#breadcrumb\",\"itemListElement\":[{\"@type\":\"ListItem\",\"position\":1,\"name\":\"In\u00edcio\",\"item\":\"https:\\\/\\\/renatodias.online\\\/movimento\\\/\"},{\"@type\":\"ListItem\",\"position\":2,\"name\":\"Instituto Hist\u00f3rico lan\u00e7a Box 2\"}]},{\"@type\":\"WebSite\",\"@id\":\"https:\\\/\\\/renatodias.online\\\/movimento\\\/#website\",\"url\":\"https:\\\/\\\/renatodias.online\\\/movimento\\\/\",\"name\":\"\",\"description\":\"\",\"publisher\":{\"@id\":\"https:\\\/\\\/renatodias.online\\\/movimento\\\/#\\\/schema\\\/person\\\/bbab28833b1725a20f4083f49f1fb2a9\"},\"potentialAction\":[{\"@type\":\"SearchAction\",\"target\":{\"@type\":\"EntryPoint\",\"urlTemplate\":\"https:\\\/\\\/renatodias.online\\\/movimento\\\/?s={search_term_string}\"},\"query-input\":{\"@type\":\"PropertyValueSpecification\",\"valueRequired\":true,\"valueName\":\"search_term_string\"}}],\"inLanguage\":\"pt-BR\"},{\"@type\":[\"Person\",\"Organization\"],\"@id\":\"https:\\\/\\\/renatodias.online\\\/movimento\\\/#\\\/schema\\\/person\\\/bbab28833b1725a20f4083f49f1fb2a9\",\"name\":\"Renato Dias\",\"image\":{\"@type\":\"ImageObject\",\"inLanguage\":\"pt-BR\",\"@id\":\"https:\\\/\\\/renatodias.online\\\/movimento\\\/wp-content\\\/uploads\\\/2023\\\/03\\\/cropped-cropped-cropped-logofinal.jpeg\",\"url\":\"https:\\\/\\\/renatodias.online\\\/movimento\\\/wp-content\\\/uploads\\\/2023\\\/03\\\/cropped-cropped-cropped-logofinal.jpeg\",\"contentUrl\":\"https:\\\/\\\/renatodias.online\\\/movimento\\\/wp-content\\\/uploads\\\/2023\\\/03\\\/cropped-cropped-cropped-logofinal.jpeg\",\"width\":1280,\"height\":219,\"caption\":\"Renato Dias\"},\"logo\":{\"@id\":\"https:\\\/\\\/renatodias.online\\\/movimento\\\/wp-content\\\/uploads\\\/2023\\\/03\\\/cropped-cropped-cropped-logofinal.jpeg\"},\"description\":\"Renato Dias, 58 anos, \u00e9 graduado em Jornalismo, formado em Ci\u00eancias Sociais, com p\u00f3s-gradua\u00e7\u00e3o em Pol\u00edticas P\u00fablicas, mestre em Direito e Rela\u00e7\u00f5es Internacionais, ex-aluno extraordin\u00e1rio do Doutorado em Psicologia Social, ex-estudante do Curso de Psican\u00e1lise do Centro de Estudos Psicanal\u00edticos do Estado de Goi\u00e1s, ministrado pelo m\u00e9dico psiquiatra e psicanalista Daniel Em\u00eddio de Souza. \u00c9 autor de 30 livros-reportagem, oito document\u00e1rios, ganhou 30 pr\u00eamios e \u00e9 torcedor apaixonado do maior do Centro-Oeste, o Vila Nova Futebol Clube. Casado com Meirilane Dias, \u00e9 pai de Juliana Dias, jornalista; Daniel Dias, economista; e Maria Rosa Dias, estudante antifascista, socialista e trotskista.\u00a0Com tr\u00eas pets: Porquinho [Bull Dog Franc\u00eas], Dalila [Basset Hound] e Geleia [Basset Hound]. Al\u00e9m do eterno gato Tutuquinho, que virou estrela.\",\"sameAs\":[\"https:\\\/\\\/www.facebook.com\\\/renato.dias.37\",\"#breve\",\"https:\\\/\\\/renatodias.tumblr.com\\\/\"],\"url\":\"https:\\\/\\\/renatodias.online\\\/movimento\\\/author\\\/renatodias\\\/\"}]}<\/script>\n<!-- \/ Yoast SEO plugin. -->","yoast_head_json":{"title":"Instituto Hist\u00f3rico lan\u00e7a Box 2 -","robots":{"index":"index","follow":"follow","max-snippet":"max-snippet:-1","max-image-preview":"max-image-preview:large","max-video-preview":"max-video-preview:-1"},"canonical":"https:\/\/renatodias.online\/movimento\/2023\/10\/05\/instituto-historico-lanca-box-2\/","og_locale":"pt_BR","og_type":"article","og_title":"Instituto Hist\u00f3rico lan\u00e7a Box 2 -","og_description":"Do projeto Goi\u00e1s+ 300 Sob coordena\u00e7\u00e3o de Jales Guedes e Nilson Jaime Renato Dias Sob a coordena\u00e7\u00e3o do doutor em Hist\u00f3ria, Jalles Guedes Coelho Mendon\u00e7a, e do doutor e bi\u00f3grafo Nilson Jaime, o Instituto Hist\u00f3rico e Geogr\u00e1fico do Estado de Goi\u00e1s [IHGG] lan\u00e7a, nesta sexta-feira, 6 de outubro de 2023, o Box 2 da s\u00e9rie","og_url":"https:\/\/renatodias.online\/movimento\/2023\/10\/05\/instituto-historico-lanca-box-2\/","article_publisher":"https:\/\/www.facebook.com\/renato.dias.37","article_author":"https:\/\/www.facebook.com\/renato.dias.37","article_published_time":"2023-10-06T02:34:57+00:00","article_modified_time":"2023-10-06T02:34:59+00:00","og_image":[{"width":800,"height":533,"url":"https:\/\/renatodias.online\/movimento\/wp-content\/uploads\/2023\/05\/Jales-Guedes-Coelho-e1683161661805.jpg","type":"image\/jpeg"}],"author":"Renato Dias","twitter_card":"summary_large_image","twitter_creator":"@RenatoDiasBat","twitter_site":"@RenatoDiasBat","twitter_misc":{"Escrito por":"Renato Dias","Est. tempo de leitura":"2 minutos"},"schema":{"@context":"https:\/\/schema.org","@graph":[{"@type":"Article","@id":"https:\/\/renatodias.online\/movimento\/2023\/10\/05\/instituto-historico-lanca-box-2\/#article","isPartOf":{"@id":"https:\/\/renatodias.online\/movimento\/2023\/10\/05\/instituto-historico-lanca-box-2\/"},"author":{"name":"Renato Dias","@id":"https:\/\/renatodias.online\/movimento\/#\/schema\/person\/bbab28833b1725a20f4083f49f1fb2a9"},"headline":"Instituto Hist\u00f3rico lan\u00e7a Box 2","datePublished":"2023-10-06T02:34:57+00:00","dateModified":"2023-10-06T02:34:59+00:00","mainEntityOfPage":{"@id":"https:\/\/renatodias.online\/movimento\/2023\/10\/05\/instituto-historico-lanca-box-2\/"},"wordCount":128,"commentCount":0,"publisher":{"@id":"https:\/\/renatodias.online\/movimento\/#\/schema\/person\/bbab28833b1725a20f4083f49f1fb2a9"},"image":{"@id":"https:\/\/renatodias.online\/movimento\/2023\/10\/05\/instituto-historico-lanca-box-2\/#primaryimage"},"thumbnailUrl":"https:\/\/renatodias.online\/movimento\/wp-content\/uploads\/2023\/05\/Jales-Guedes-Coelho-e1683161661805.jpg","articleSection":["Cidade","Cultura","Hist\u00f3ria","Pol\u00edtica"],"inLanguage":"pt-BR","potentialAction":[{"@type":"CommentAction","name":"Comment","target":["https:\/\/renatodias.online\/movimento\/2023\/10\/05\/instituto-historico-lanca-box-2\/#respond"]}]},{"@type":"WebPage","@id":"https:\/\/renatodias.online\/movimento\/2023\/10\/05\/instituto-historico-lanca-box-2\/","url":"https:\/\/renatodias.online\/movimento\/2023\/10\/05\/instituto-historico-lanca-box-2\/","name":"Instituto Hist\u00f3rico lan\u00e7a Box 2 -","isPartOf":{"@id":"https:\/\/renatodias.online\/movimento\/#website"},"primaryImageOfPage":{"@id":"https:\/\/renatodias.online\/movimento\/2023\/10\/05\/instituto-historico-lanca-box-2\/#primaryimage"},"image":{"@id":"https:\/\/renatodias.online\/movimento\/2023\/10\/05\/instituto-historico-lanca-box-2\/#primaryimage"},"thumbnailUrl":"https:\/\/renatodias.online\/movimento\/wp-content\/uploads\/2023\/05\/Jales-Guedes-Coelho-e1683161661805.jpg","datePublished":"2023-10-06T02:34:57+00:00","dateModified":"2023-10-06T02:34:59+00:00","breadcrumb":{"@id":"https:\/\/renatodias.online\/movimento\/2023\/10\/05\/instituto-historico-lanca-box-2\/#breadcrumb"},"inLanguage":"pt-BR","potentialAction":[{"@type":"ReadAction","target":["https:\/\/renatodias.online\/movimento\/2023\/10\/05\/instituto-historico-lanca-box-2\/"]}]},{"@type":"ImageObject","inLanguage":"pt-BR","@id":"https:\/\/renatodias.online\/movimento\/2023\/10\/05\/instituto-historico-lanca-box-2\/#primaryimage","url":"https:\/\/renatodias.online\/movimento\/wp-content\/uploads\/2023\/05\/Jales-Guedes-Coelho-e1683161661805.jpg","contentUrl":"https:\/\/renatodias.online\/movimento\/wp-content\/uploads\/2023\/05\/Jales-Guedes-Coelho-e1683161661805.jpg","width":800,"height":533,"caption":"Jales Guedes Coelho"},{"@type":"BreadcrumbList","@id":"https:\/\/renatodias.online\/movimento\/2023\/10\/05\/instituto-historico-lanca-box-2\/#breadcrumb","itemListElement":[{"@type":"ListItem","position":1,"name":"In\u00edcio","item":"https:\/\/renatodias.online\/movimento\/"},{"@type":"ListItem","position":2,"name":"Instituto Hist\u00f3rico lan\u00e7a Box 2"}]},{"@type":"WebSite","@id":"https:\/\/renatodias.online\/movimento\/#website","url":"https:\/\/renatodias.online\/movimento\/","name":"","description":"","publisher":{"@id":"https:\/\/renatodias.online\/movimento\/#\/schema\/person\/bbab28833b1725a20f4083f49f1fb2a9"},"potentialAction":[{"@type":"SearchAction","target":{"@type":"EntryPoint","urlTemplate":"https:\/\/renatodias.online\/movimento\/?s={search_term_string}"},"query-input":{"@type":"PropertyValueSpecification","valueRequired":true,"valueName":"search_term_string"}}],"inLanguage":"pt-BR"},{"@type":["Person","Organization"],"@id":"https:\/\/renatodias.online\/movimento\/#\/schema\/person\/bbab28833b1725a20f4083f49f1fb2a9","name":"Renato Dias","image":{"@type":"ImageObject","inLanguage":"pt-BR","@id":"https:\/\/renatodias.online\/movimento\/wp-content\/uploads\/2023\/03\/cropped-cropped-cropped-logofinal.jpeg","url":"https:\/\/renatodias.online\/movimento\/wp-content\/uploads\/2023\/03\/cropped-cropped-cropped-logofinal.jpeg","contentUrl":"https:\/\/renatodias.online\/movimento\/wp-content\/uploads\/2023\/03\/cropped-cropped-cropped-logofinal.jpeg","width":1280,"height":219,"caption":"Renato Dias"},"logo":{"@id":"https:\/\/renatodias.online\/movimento\/wp-content\/uploads\/2023\/03\/cropped-cropped-cropped-logofinal.jpeg"},"description":"Renato Dias, 58 anos, \u00e9 graduado em Jornalismo, formado em Ci\u00eancias Sociais, com p\u00f3s-gradua\u00e7\u00e3o em Pol\u00edticas P\u00fablicas, mestre em Direito e Rela\u00e7\u00f5es Internacionais, ex-aluno extraordin\u00e1rio do Doutorado em Psicologia Social, ex-estudante do Curso de Psican\u00e1lise do Centro de Estudos Psicanal\u00edticos do Estado de Goi\u00e1s, ministrado pelo m\u00e9dico psiquiatra e psicanalista Daniel Em\u00eddio de Souza. \u00c9 autor de 30 livros-reportagem, oito document\u00e1rios, ganhou 30 pr\u00eamios e \u00e9 torcedor apaixonado do maior do Centro-Oeste, o Vila Nova Futebol Clube. Casado com Meirilane Dias, \u00e9 pai de Juliana Dias, jornalista; Daniel Dias, economista; e Maria Rosa Dias, estudante antifascista, socialista e trotskista.\u00a0Com tr\u00eas pets: Porquinho [Bull Dog Franc\u00eas], Dalila [Basset Hound] e Geleia [Basset Hound]. Al\u00e9m do eterno gato Tutuquinho, que virou estrela.","sameAs":["https:\/\/www.facebook.com\/renato.dias.37","#breve","https:\/\/renatodias.tumblr.com\/"],"url":"https:\/\/renatodias.online\/movimento\/author\/renatodias\/"}]}},"_links":{"self":[{"href":"https:\/\/renatodias.online\/movimento\/wp-json\/wp\/v2\/posts\/18370","targetHints":{"allow":["GET"]}}],"collection":[{"href":"https:\/\/renatodias.online\/movimento\/wp-json\/wp\/v2\/posts"}],"about":[{"href":"https:\/\/renatodias.online\/movimento\/wp-json\/wp\/v2\/types\/post"}],"author":[{"embeddable":true,"href":"https:\/\/renatodias.online\/movimento\/wp-json\/wp\/v2\/users\/2"}],"replies":[{"embeddable":true,"href":"https:\/\/renatodias.online\/movimento\/wp-json\/wp\/v2\/comments?post=18370"}],"version-history":[{"count":1,"href":"https:\/\/renatodias.online\/movimento\/wp-json\/wp\/v2\/posts\/18370\/revisions"}],"predecessor-version":[{"id":18373,"href":"https:\/\/renatodias.online\/movimento\/wp-json\/wp\/v2\/posts\/18370\/revisions\/18373"}],"wp:featuredmedia":[{"embeddable":true,"href":"https:\/\/renatodias.online\/movimento\/wp-json\/wp\/v2\/media\/16642"}],"wp:attachment":[{"href":"https:\/\/renatodias.online\/movimento\/wp-json\/wp\/v2\/media?parent=18370"}],"wp:term":[{"taxonomy":"category","embeddable":true,"href":"https:\/\/renatodias.online\/movimento\/wp-json\/wp\/v2\/categories?post=18370"},{"taxonomy":"post_tag","embeddable":true,"href":"https:\/\/renatodias.online\/movimento\/wp-json\/wp\/v2\/tags?post=18370"}],"curies":[{"name":"wp","href":"https:\/\/api.w.org\/{rel}","templated":true}]}}