{"id":18232,"date":"2023-09-26T15:52:07","date_gmt":"2023-09-26T18:52:07","guid":{"rendered":"https:\/\/renatodias.online\/movimento\/?p=18232"},"modified":"2023-09-26T15:52:08","modified_gmt":"2023-09-26T18:52:08","slug":"influencer-down-quer-inclusao","status":"publish","type":"post","link":"https:\/\/renatodias.online\/movimento\/2023\/09\/26\/influencer-down-quer-inclusao\/","title":{"rendered":"<strong>Influencer down quer inclus\u00e3o<\/strong>"},"content":{"rendered":"\n<p class=\"has-text-align-center\"><strong><mark style=\"background-color:rgba(0, 0, 0, 0)\" class=\"has-inline-color has-vivid-red-color\">No mercado de trabalho<\/mark><\/strong><\/p>\n\n\n\n<figure class=\"wp-block-image aligncenter size-full\"><img loading=\"lazy\" decoding=\"async\" width=\"750\" height=\"415\" src=\"https:\/\/renatodias.online\/movimento\/wp-content\/uploads\/2022\/05\/Igualdade-de-direitos-as-mulheres.png\" alt=\"\" class=\"wp-image-12535\" srcset=\"https:\/\/renatodias.online\/movimento\/wp-content\/uploads\/2022\/05\/Igualdade-de-direitos-as-mulheres.png 750w, https:\/\/renatodias.online\/movimento\/wp-content\/uploads\/2022\/05\/Igualdade-de-direitos-as-mulheres-300x166.png 300w\" sizes=\"auto, (max-width: 750px) 100vw, 750px\" \/><\/figure>\n\n\n\n<p>Na pr\u00f3xima quinta-feira [28\/9] ser\u00e1 realizado o evento de lan\u00e7amento da campanha publicit\u00e1ria \u201cIguais como voc\u00ea e eu\u201d, com a participa\u00e7\u00e3o do influenciador goiano com s\u00edndrome de Down, <strong>Jo\u00e3o Vitor de Paiva Bittencourt<\/strong>. A ideia \u00e9 combater o preconceito e incentivar a diversidade no mercado de trabalho. A solenidade ocorre \u00e0s 14h, na Casa da Ind\u00fastria, em Goi\u00e2nia.<\/p>\n\n\n\n<figure class=\"wp-block-image aligncenter size-full\"><img loading=\"lazy\" decoding=\"async\" width=\"297\" height=\"170\" src=\"https:\/\/renatodias.online\/movimento\/wp-content\/uploads\/2023\/06\/Sindrome-de-Down.jpg\" alt=\"\" class=\"wp-image-17080\" srcset=\"https:\/\/renatodias.online\/movimento\/wp-content\/uploads\/2023\/06\/Sindrome-de-Down.jpg 297w, https:\/\/renatodias.online\/movimento\/wp-content\/uploads\/2023\/06\/Sindrome-de-Down-150x86.jpg 150w\" sizes=\"auto, (max-width: 297px) 100vw, 297px\" \/><\/figure>\n\n\n\n<p>A campanha traz representantes de <strong>grupos historicamente discriminados<\/strong>: pessoas LGBTQIA+; pessoas com defici\u00eancia visual, f\u00edsica e auditiva; espectro autista; negros; s\u00edndrome de Down. O estudante de Educa\u00e7\u00e3o F\u00edsica Jo\u00e3o Vitor de Paiva, considerado nacionalmente um dos mais importantes influenciadores com defici\u00eancia, estampa uma das pe\u00e7as da campanha.<\/p>\n\n\n\n<figure class=\"wp-block-image aligncenter size-full\"><img decoding=\"async\" src=\"https:\/\/renatodias.online\/movimento\/wp-content\/uploads\/2023\/04\/Veja-e1680475225663.jpg\" alt=\"\" class=\"wp-image-16291\"\/><\/figure>\n\n\n\n<p>Na primeira fase, a veicula\u00e7\u00e3o ser\u00e1 feita na parte traseira [backbus] de 20 \u00f4nibus que percorrem linhas interestaduais [partindo do Estado de Goi\u00e1s] e ter\u00e1 dura\u00e7\u00e3o de 28 meses. <strong>A\u00e7\u00e3o do F\u00f3rum Goiano de Inclus\u00e3o no Mercado de Trabalho de Pessoas com Defici\u00eancia e Reabilitados pelo INSS (FIMTPODER), do Minist\u00e9rio P\u00fablico do Trabalho em Goi\u00e1s (MPT-GO) e do Grupo FelizCidade<\/strong>.<\/p>\n\n\n\n<figure class=\"wp-block-image aligncenter size-full\"><img loading=\"lazy\" decoding=\"async\" width=\"300\" height=\"103\" src=\"https:\/\/renatodias.online\/movimento\/wp-content\/uploads\/2022\/08\/Saiba-mais-e1680139445250.png\" alt=\"\" class=\"wp-image-13698\" srcset=\"https:\/\/renatodias.online\/movimento\/wp-content\/uploads\/2022\/08\/Saiba-mais-e1680139445250.png 300w, https:\/\/renatodias.online\/movimento\/wp-content\/uploads\/2022\/08\/Saiba-mais-e1680139445250-150x52.png 150w\" sizes=\"auto, (max-width: 300px) 100vw, 300px\" \/><\/figure>\n\n\n\n<p class=\"has-text-align-center\"><strong>Evento:<\/strong> Lan\u00e7amento da campanha \u201cIguais como voc\u00ea e eu\u201d<\/p>\n\n\n\n<p class=\"has-text-align-center\"><strong>Data:<\/strong> 28\/09\/2023<\/p>\n\n\n\n<p class=\"has-text-align-center\"><strong>Hor\u00e1rio:<\/strong> 14h<\/p>\n\n\n\n<p class=\"has-text-align-center\"><strong>Local:<\/strong> audit\u00f3rio Jo\u00e3o B\u00eannio, na Casa da Ind\u00fastria, \u00e0 Avenida Araguaia, 1544, Leste Vila Nova, Goi\u00e2nia\/GO<\/p>\n","protected":false},"excerpt":{"rendered":"<p>No mercado de trabalho Na pr\u00f3xima quinta-feira [28\/9] ser\u00e1 realizado o evento de lan\u00e7amento da campanha publicit\u00e1ria \u201cIguais como voc\u00ea e eu\u201d, com a participa\u00e7\u00e3o do influenciador goiano com s\u00edndrome de Down, Jo\u00e3o Vitor de Paiva Bittencourt. A ideia \u00e9 combater o preconceito e incentivar a diversidade no mercado de trabalho. A solenidade ocorre \u00e0s<\/p>\n","protected":false},"author":2,"featured_media":18187,"comment_status":"open","ping_status":"open","sticky":false,"template":"","format":"standard","meta":{"_acf_changed":false,"_monsterinsights_skip_tracking":false,"_monsterinsights_sitenote_active":false,"_monsterinsights_sitenote_note":"","_monsterinsights_sitenote_category":0,"footnotes":""},"categories":[10],"tags":[],"class_list":["post-18232","post","type-post","status-publish","format-standard","has-post-thumbnail","hentry","category-economia"],"acf":[],"yoast_head":"<!-- This site is optimized with the Yoast SEO plugin v27.4 - https:\/\/yoast.com\/product\/yoast-seo-wordpress\/ -->\n<title>Influencer down quer inclus\u00e3o -<\/title>\n<meta name=\"robots\" content=\"index, follow, max-snippet:-1, max-image-preview:large, max-video-preview:-1\" \/>\n<link rel=\"canonical\" href=\"https:\/\/renatodias.online\/movimento\/2023\/09\/26\/influencer-down-quer-inclusao\/\" \/>\n<meta property=\"og:locale\" content=\"pt_BR\" \/>\n<meta property=\"og:type\" content=\"article\" \/>\n<meta property=\"og:title\" content=\"Influencer down quer inclus\u00e3o -\" \/>\n<meta property=\"og:description\" content=\"No mercado de trabalho Na pr\u00f3xima quinta-feira [28\/9] ser\u00e1 realizado o evento de lan\u00e7amento da campanha publicit\u00e1ria \u201cIguais como voc\u00ea e eu\u201d, com a participa\u00e7\u00e3o do influenciador goiano com s\u00edndrome de Down, Jo\u00e3o Vitor de Paiva Bittencourt. A ideia \u00e9 combater o preconceito e incentivar a diversidade no mercado de trabalho. A solenidade ocorre \u00e0s\" \/>\n<meta property=\"og:url\" content=\"https:\/\/renatodias.online\/movimento\/2023\/09\/26\/influencer-down-quer-inclusao\/\" \/>\n<meta property=\"article:publisher\" content=\"https:\/\/www.facebook.com\/renato.dias.37\" \/>\n<meta property=\"article:author\" content=\"https:\/\/www.facebook.com\/renato.dias.37\" \/>\n<meta property=\"article:published_time\" content=\"2023-09-26T18:52:07+00:00\" \/>\n<meta property=\"article:modified_time\" content=\"2023-09-26T18:52:08+00:00\" \/>\n<meta property=\"og:image\" content=\"https:\/\/renatodias.online\/movimento\/wp-content\/uploads\/2023\/09\/JVP-.jpg\" \/>\n\t<meta property=\"og:image:width\" content=\"750\" \/>\n\t<meta property=\"og:image:height\" content=\"503\" \/>\n\t<meta property=\"og:image:type\" content=\"image\/jpeg\" \/>\n<meta name=\"author\" content=\"Renato Dias\" \/>\n<meta name=\"twitter:card\" content=\"summary_large_image\" \/>\n<meta name=\"twitter:creator\" content=\"@RenatoDiasBat\" \/>\n<meta name=\"twitter:site\" content=\"@RenatoDiasBat\" \/>\n<meta name=\"twitter:label1\" content=\"Escrito por\" \/>\n\t<meta name=\"twitter:data1\" content=\"Renato Dias\" \/>\n\t<meta name=\"twitter:label2\" content=\"Est. tempo de leitura\" \/>\n\t<meta name=\"twitter:data2\" content=\"2 minutos\" \/>\n<script type=\"application\/ld+json\" class=\"yoast-schema-graph\">{\"@context\":\"https:\\\/\\\/schema.org\",\"@graph\":[{\"@type\":\"Article\",\"@id\":\"https:\\\/\\\/renatodias.online\\\/movimento\\\/2023\\\/09\\\/26\\\/influencer-down-quer-inclusao\\\/#article\",\"isPartOf\":{\"@id\":\"https:\\\/\\\/renatodias.online\\\/movimento\\\/2023\\\/09\\\/26\\\/influencer-down-quer-inclusao\\\/\"},\"author\":{\"name\":\"Renato Dias\",\"@id\":\"https:\\\/\\\/renatodias.online\\\/movimento\\\/#\\\/schema\\\/person\\\/bbab28833b1725a20f4083f49f1fb2a9\"},\"headline\":\"Influencer down quer inclus\u00e3o\",\"datePublished\":\"2023-09-26T18:52:07+00:00\",\"dateModified\":\"2023-09-26T18:52:08+00:00\",\"mainEntityOfPage\":{\"@id\":\"https:\\\/\\\/renatodias.online\\\/movimento\\\/2023\\\/09\\\/26\\\/influencer-down-quer-inclusao\\\/\"},\"wordCount\":230,\"commentCount\":0,\"publisher\":{\"@id\":\"https:\\\/\\\/renatodias.online\\\/movimento\\\/#\\\/schema\\\/person\\\/bbab28833b1725a20f4083f49f1fb2a9\"},\"image\":{\"@id\":\"https:\\\/\\\/renatodias.online\\\/movimento\\\/2023\\\/09\\\/26\\\/influencer-down-quer-inclusao\\\/#primaryimage\"},\"thumbnailUrl\":\"https:\\\/\\\/renatodias.online\\\/movimento\\\/wp-content\\\/uploads\\\/2023\\\/09\\\/JVP-.jpg\",\"articleSection\":[\"Economia\"],\"inLanguage\":\"pt-BR\",\"potentialAction\":[{\"@type\":\"CommentAction\",\"name\":\"Comment\",\"target\":[\"https:\\\/\\\/renatodias.online\\\/movimento\\\/2023\\\/09\\\/26\\\/influencer-down-quer-inclusao\\\/#respond\"]}]},{\"@type\":\"WebPage\",\"@id\":\"https:\\\/\\\/renatodias.online\\\/movimento\\\/2023\\\/09\\\/26\\\/influencer-down-quer-inclusao\\\/\",\"url\":\"https:\\\/\\\/renatodias.online\\\/movimento\\\/2023\\\/09\\\/26\\\/influencer-down-quer-inclusao\\\/\",\"name\":\"Influencer down quer inclus\u00e3o -\",\"isPartOf\":{\"@id\":\"https:\\\/\\\/renatodias.online\\\/movimento\\\/#website\"},\"primaryImageOfPage\":{\"@id\":\"https:\\\/\\\/renatodias.online\\\/movimento\\\/2023\\\/09\\\/26\\\/influencer-down-quer-inclusao\\\/#primaryimage\"},\"image\":{\"@id\":\"https:\\\/\\\/renatodias.online\\\/movimento\\\/2023\\\/09\\\/26\\\/influencer-down-quer-inclusao\\\/#primaryimage\"},\"thumbnailUrl\":\"https:\\\/\\\/renatodias.online\\\/movimento\\\/wp-content\\\/uploads\\\/2023\\\/09\\\/JVP-.jpg\",\"datePublished\":\"2023-09-26T18:52:07+00:00\",\"dateModified\":\"2023-09-26T18:52:08+00:00\",\"breadcrumb\":{\"@id\":\"https:\\\/\\\/renatodias.online\\\/movimento\\\/2023\\\/09\\\/26\\\/influencer-down-quer-inclusao\\\/#breadcrumb\"},\"inLanguage\":\"pt-BR\",\"potentialAction\":[{\"@type\":\"ReadAction\",\"target\":[\"https:\\\/\\\/renatodias.online\\\/movimento\\\/2023\\\/09\\\/26\\\/influencer-down-quer-inclusao\\\/\"]}]},{\"@type\":\"ImageObject\",\"inLanguage\":\"pt-BR\",\"@id\":\"https:\\\/\\\/renatodias.online\\\/movimento\\\/2023\\\/09\\\/26\\\/influencer-down-quer-inclusao\\\/#primaryimage\",\"url\":\"https:\\\/\\\/renatodias.online\\\/movimento\\\/wp-content\\\/uploads\\\/2023\\\/09\\\/JVP-.jpg\",\"contentUrl\":\"https:\\\/\\\/renatodias.online\\\/movimento\\\/wp-content\\\/uploads\\\/2023\\\/09\\\/JVP-.jpg\",\"width\":750,\"height\":503},{\"@type\":\"BreadcrumbList\",\"@id\":\"https:\\\/\\\/renatodias.online\\\/movimento\\\/2023\\\/09\\\/26\\\/influencer-down-quer-inclusao\\\/#breadcrumb\",\"itemListElement\":[{\"@type\":\"ListItem\",\"position\":1,\"name\":\"In\u00edcio\",\"item\":\"https:\\\/\\\/renatodias.online\\\/movimento\\\/\"},{\"@type\":\"ListItem\",\"position\":2,\"name\":\"Influencer down quer inclus\u00e3o\"}]},{\"@type\":\"WebSite\",\"@id\":\"https:\\\/\\\/renatodias.online\\\/movimento\\\/#website\",\"url\":\"https:\\\/\\\/renatodias.online\\\/movimento\\\/\",\"name\":\"\",\"description\":\"\",\"publisher\":{\"@id\":\"https:\\\/\\\/renatodias.online\\\/movimento\\\/#\\\/schema\\\/person\\\/bbab28833b1725a20f4083f49f1fb2a9\"},\"potentialAction\":[{\"@type\":\"SearchAction\",\"target\":{\"@type\":\"EntryPoint\",\"urlTemplate\":\"https:\\\/\\\/renatodias.online\\\/movimento\\\/?s={search_term_string}\"},\"query-input\":{\"@type\":\"PropertyValueSpecification\",\"valueRequired\":true,\"valueName\":\"search_term_string\"}}],\"inLanguage\":\"pt-BR\"},{\"@type\":[\"Person\",\"Organization\"],\"@id\":\"https:\\\/\\\/renatodias.online\\\/movimento\\\/#\\\/schema\\\/person\\\/bbab28833b1725a20f4083f49f1fb2a9\",\"name\":\"Renato Dias\",\"image\":{\"@type\":\"ImageObject\",\"inLanguage\":\"pt-BR\",\"@id\":\"https:\\\/\\\/renatodias.online\\\/movimento\\\/wp-content\\\/uploads\\\/2023\\\/03\\\/cropped-cropped-cropped-logofinal.jpeg\",\"url\":\"https:\\\/\\\/renatodias.online\\\/movimento\\\/wp-content\\\/uploads\\\/2023\\\/03\\\/cropped-cropped-cropped-logofinal.jpeg\",\"contentUrl\":\"https:\\\/\\\/renatodias.online\\\/movimento\\\/wp-content\\\/uploads\\\/2023\\\/03\\\/cropped-cropped-cropped-logofinal.jpeg\",\"width\":1280,\"height\":219,\"caption\":\"Renato Dias\"},\"logo\":{\"@id\":\"https:\\\/\\\/renatodias.online\\\/movimento\\\/wp-content\\\/uploads\\\/2023\\\/03\\\/cropped-cropped-cropped-logofinal.jpeg\"},\"description\":\"Renato Dias, 58 anos, \u00e9 graduado em Jornalismo, formado em Ci\u00eancias Sociais, com p\u00f3s-gradua\u00e7\u00e3o em Pol\u00edticas P\u00fablicas, mestre em Direito e Rela\u00e7\u00f5es Internacionais, ex-aluno extraordin\u00e1rio do Doutorado em Psicologia Social, ex-estudante do Curso de Psican\u00e1lise do Centro de Estudos Psicanal\u00edticos do Estado de Goi\u00e1s, ministrado pelo m\u00e9dico psiquiatra e psicanalista Daniel Em\u00eddio de Souza. \u00c9 autor de 30 livros-reportagem, oito document\u00e1rios, ganhou 30 pr\u00eamios e \u00e9 torcedor apaixonado do maior do Centro-Oeste, o Vila Nova Futebol Clube. Casado com Meirilane Dias, \u00e9 pai de Juliana Dias, jornalista; Daniel Dias, economista; e Maria Rosa Dias, estudante antifascista, socialista e trotskista.\u00a0Com tr\u00eas pets: Porquinho [Bull Dog Franc\u00eas], Dalila [Basset Hound] e Geleia [Basset Hound]. Al\u00e9m do eterno gato Tutuquinho, que virou estrela.\",\"sameAs\":[\"https:\\\/\\\/www.facebook.com\\\/renato.dias.37\",\"#breve\",\"https:\\\/\\\/renatodias.tumblr.com\\\/\"],\"url\":\"https:\\\/\\\/renatodias.online\\\/movimento\\\/author\\\/renatodias\\\/\"}]}<\/script>\n<!-- \/ Yoast SEO plugin. -->","yoast_head_json":{"title":"Influencer down quer inclus\u00e3o -","robots":{"index":"index","follow":"follow","max-snippet":"max-snippet:-1","max-image-preview":"max-image-preview:large","max-video-preview":"max-video-preview:-1"},"canonical":"https:\/\/renatodias.online\/movimento\/2023\/09\/26\/influencer-down-quer-inclusao\/","og_locale":"pt_BR","og_type":"article","og_title":"Influencer down quer inclus\u00e3o -","og_description":"No mercado de trabalho Na pr\u00f3xima quinta-feira [28\/9] ser\u00e1 realizado o evento de lan\u00e7amento da campanha publicit\u00e1ria \u201cIguais como voc\u00ea e eu\u201d, com a participa\u00e7\u00e3o do influenciador goiano com s\u00edndrome de Down, Jo\u00e3o Vitor de Paiva Bittencourt. A ideia \u00e9 combater o preconceito e incentivar a diversidade no mercado de trabalho. A solenidade ocorre \u00e0s","og_url":"https:\/\/renatodias.online\/movimento\/2023\/09\/26\/influencer-down-quer-inclusao\/","article_publisher":"https:\/\/www.facebook.com\/renato.dias.37","article_author":"https:\/\/www.facebook.com\/renato.dias.37","article_published_time":"2023-09-26T18:52:07+00:00","article_modified_time":"2023-09-26T18:52:08+00:00","og_image":[{"width":750,"height":503,"url":"https:\/\/renatodias.online\/movimento\/wp-content\/uploads\/2023\/09\/JVP-.jpg","type":"image\/jpeg"}],"author":"Renato Dias","twitter_card":"summary_large_image","twitter_creator":"@RenatoDiasBat","twitter_site":"@RenatoDiasBat","twitter_misc":{"Escrito por":"Renato Dias","Est. tempo de leitura":"2 minutos"},"schema":{"@context":"https:\/\/schema.org","@graph":[{"@type":"Article","@id":"https:\/\/renatodias.online\/movimento\/2023\/09\/26\/influencer-down-quer-inclusao\/#article","isPartOf":{"@id":"https:\/\/renatodias.online\/movimento\/2023\/09\/26\/influencer-down-quer-inclusao\/"},"author":{"name":"Renato Dias","@id":"https:\/\/renatodias.online\/movimento\/#\/schema\/person\/bbab28833b1725a20f4083f49f1fb2a9"},"headline":"Influencer down quer inclus\u00e3o","datePublished":"2023-09-26T18:52:07+00:00","dateModified":"2023-09-26T18:52:08+00:00","mainEntityOfPage":{"@id":"https:\/\/renatodias.online\/movimento\/2023\/09\/26\/influencer-down-quer-inclusao\/"},"wordCount":230,"commentCount":0,"publisher":{"@id":"https:\/\/renatodias.online\/movimento\/#\/schema\/person\/bbab28833b1725a20f4083f49f1fb2a9"},"image":{"@id":"https:\/\/renatodias.online\/movimento\/2023\/09\/26\/influencer-down-quer-inclusao\/#primaryimage"},"thumbnailUrl":"https:\/\/renatodias.online\/movimento\/wp-content\/uploads\/2023\/09\/JVP-.jpg","articleSection":["Economia"],"inLanguage":"pt-BR","potentialAction":[{"@type":"CommentAction","name":"Comment","target":["https:\/\/renatodias.online\/movimento\/2023\/09\/26\/influencer-down-quer-inclusao\/#respond"]}]},{"@type":"WebPage","@id":"https:\/\/renatodias.online\/movimento\/2023\/09\/26\/influencer-down-quer-inclusao\/","url":"https:\/\/renatodias.online\/movimento\/2023\/09\/26\/influencer-down-quer-inclusao\/","name":"Influencer down quer inclus\u00e3o -","isPartOf":{"@id":"https:\/\/renatodias.online\/movimento\/#website"},"primaryImageOfPage":{"@id":"https:\/\/renatodias.online\/movimento\/2023\/09\/26\/influencer-down-quer-inclusao\/#primaryimage"},"image":{"@id":"https:\/\/renatodias.online\/movimento\/2023\/09\/26\/influencer-down-quer-inclusao\/#primaryimage"},"thumbnailUrl":"https:\/\/renatodias.online\/movimento\/wp-content\/uploads\/2023\/09\/JVP-.jpg","datePublished":"2023-09-26T18:52:07+00:00","dateModified":"2023-09-26T18:52:08+00:00","breadcrumb":{"@id":"https:\/\/renatodias.online\/movimento\/2023\/09\/26\/influencer-down-quer-inclusao\/#breadcrumb"},"inLanguage":"pt-BR","potentialAction":[{"@type":"ReadAction","target":["https:\/\/renatodias.online\/movimento\/2023\/09\/26\/influencer-down-quer-inclusao\/"]}]},{"@type":"ImageObject","inLanguage":"pt-BR","@id":"https:\/\/renatodias.online\/movimento\/2023\/09\/26\/influencer-down-quer-inclusao\/#primaryimage","url":"https:\/\/renatodias.online\/movimento\/wp-content\/uploads\/2023\/09\/JVP-.jpg","contentUrl":"https:\/\/renatodias.online\/movimento\/wp-content\/uploads\/2023\/09\/JVP-.jpg","width":750,"height":503},{"@type":"BreadcrumbList","@id":"https:\/\/renatodias.online\/movimento\/2023\/09\/26\/influencer-down-quer-inclusao\/#breadcrumb","itemListElement":[{"@type":"ListItem","position":1,"name":"In\u00edcio","item":"https:\/\/renatodias.online\/movimento\/"},{"@type":"ListItem","position":2,"name":"Influencer down quer inclus\u00e3o"}]},{"@type":"WebSite","@id":"https:\/\/renatodias.online\/movimento\/#website","url":"https:\/\/renatodias.online\/movimento\/","name":"","description":"","publisher":{"@id":"https:\/\/renatodias.online\/movimento\/#\/schema\/person\/bbab28833b1725a20f4083f49f1fb2a9"},"potentialAction":[{"@type":"SearchAction","target":{"@type":"EntryPoint","urlTemplate":"https:\/\/renatodias.online\/movimento\/?s={search_term_string}"},"query-input":{"@type":"PropertyValueSpecification","valueRequired":true,"valueName":"search_term_string"}}],"inLanguage":"pt-BR"},{"@type":["Person","Organization"],"@id":"https:\/\/renatodias.online\/movimento\/#\/schema\/person\/bbab28833b1725a20f4083f49f1fb2a9","name":"Renato Dias","image":{"@type":"ImageObject","inLanguage":"pt-BR","@id":"https:\/\/renatodias.online\/movimento\/wp-content\/uploads\/2023\/03\/cropped-cropped-cropped-logofinal.jpeg","url":"https:\/\/renatodias.online\/movimento\/wp-content\/uploads\/2023\/03\/cropped-cropped-cropped-logofinal.jpeg","contentUrl":"https:\/\/renatodias.online\/movimento\/wp-content\/uploads\/2023\/03\/cropped-cropped-cropped-logofinal.jpeg","width":1280,"height":219,"caption":"Renato Dias"},"logo":{"@id":"https:\/\/renatodias.online\/movimento\/wp-content\/uploads\/2023\/03\/cropped-cropped-cropped-logofinal.jpeg"},"description":"Renato Dias, 58 anos, \u00e9 graduado em Jornalismo, formado em Ci\u00eancias Sociais, com p\u00f3s-gradua\u00e7\u00e3o em Pol\u00edticas P\u00fablicas, mestre em Direito e Rela\u00e7\u00f5es Internacionais, ex-aluno extraordin\u00e1rio do Doutorado em Psicologia Social, ex-estudante do Curso de Psican\u00e1lise do Centro de Estudos Psicanal\u00edticos do Estado de Goi\u00e1s, ministrado pelo m\u00e9dico psiquiatra e psicanalista Daniel Em\u00eddio de Souza. \u00c9 autor de 30 livros-reportagem, oito document\u00e1rios, ganhou 30 pr\u00eamios e \u00e9 torcedor apaixonado do maior do Centro-Oeste, o Vila Nova Futebol Clube. Casado com Meirilane Dias, \u00e9 pai de Juliana Dias, jornalista; Daniel Dias, economista; e Maria Rosa Dias, estudante antifascista, socialista e trotskista.\u00a0Com tr\u00eas pets: Porquinho [Bull Dog Franc\u00eas], Dalila [Basset Hound] e Geleia [Basset Hound]. Al\u00e9m do eterno gato Tutuquinho, que virou estrela.","sameAs":["https:\/\/www.facebook.com\/renato.dias.37","#breve","https:\/\/renatodias.tumblr.com\/"],"url":"https:\/\/renatodias.online\/movimento\/author\/renatodias\/"}]}},"_links":{"self":[{"href":"https:\/\/renatodias.online\/movimento\/wp-json\/wp\/v2\/posts\/18232","targetHints":{"allow":["GET"]}}],"collection":[{"href":"https:\/\/renatodias.online\/movimento\/wp-json\/wp\/v2\/posts"}],"about":[{"href":"https:\/\/renatodias.online\/movimento\/wp-json\/wp\/v2\/types\/post"}],"author":[{"embeddable":true,"href":"https:\/\/renatodias.online\/movimento\/wp-json\/wp\/v2\/users\/2"}],"replies":[{"embeddable":true,"href":"https:\/\/renatodias.online\/movimento\/wp-json\/wp\/v2\/comments?post=18232"}],"version-history":[{"count":1,"href":"https:\/\/renatodias.online\/movimento\/wp-json\/wp\/v2\/posts\/18232\/revisions"}],"predecessor-version":[{"id":18233,"href":"https:\/\/renatodias.online\/movimento\/wp-json\/wp\/v2\/posts\/18232\/revisions\/18233"}],"wp:featuredmedia":[{"embeddable":true,"href":"https:\/\/renatodias.online\/movimento\/wp-json\/wp\/v2\/media\/18187"}],"wp:attachment":[{"href":"https:\/\/renatodias.online\/movimento\/wp-json\/wp\/v2\/media?parent=18232"}],"wp:term":[{"taxonomy":"category","embeddable":true,"href":"https:\/\/renatodias.online\/movimento\/wp-json\/wp\/v2\/categories?post=18232"},{"taxonomy":"post_tag","embeddable":true,"href":"https:\/\/renatodias.online\/movimento\/wp-json\/wp\/v2\/tags?post=18232"}],"curies":[{"name":"wp","href":"https:\/\/api.w.org\/{rel}","templated":true}]}}