{"id":18184,"date":"2023-09-22T11:48:51","date_gmt":"2023-09-22T14:48:51","guid":{"rendered":"https:\/\/renatodias.online\/movimento\/?p=18184"},"modified":"2023-09-22T11:48:52","modified_gmt":"2023-09-22T14:48:52","slug":"influencer-down-novo-conselheiro-da-unicef","status":"publish","type":"post","link":"https:\/\/renatodias.online\/movimento\/2023\/09\/22\/influencer-down-novo-conselheiro-da-unicef\/","title":{"rendered":"Influencer down, novo conselheiro da Unicef"},"content":{"rendered":"\n<figure class=\"wp-block-image aligncenter size-full\"><img loading=\"lazy\" decoding=\"async\" width=\"200\" height=\"200\" src=\"https:\/\/renatodias.online\/movimento\/wp-content\/uploads\/2021\/04\/Especial.jpg\" alt=\"\" class=\"wp-image-5929\" srcset=\"https:\/\/renatodias.online\/movimento\/wp-content\/uploads\/2021\/04\/Especial.jpg 200w, https:\/\/renatodias.online\/movimento\/wp-content\/uploads\/2021\/04\/Especial-150x150.jpg 150w\" sizes=\"auto, (max-width: 200px) 100vw, 200px\" \/><\/figure>\n\n\n\n<p class=\"has-text-align-center\"><strong><mark style=\"background-color:rgba(0, 0, 0, 0)\" class=\"has-inline-color has-vivid-purple-color\">Jo\u00e3o Vitor de Paiva Bittencourt<\/mark><\/strong><\/p>\n\n\n\n<figure class=\"wp-block-table\"><table><tbody><tr><td><img decoding=\"async\" src=\"https:\/\/mail.google.com\/mail\/u\/0\/images\/cleardot.gif\" alt=\"\"><\/td><\/tr><\/tbody><\/table><\/figure>\n\n\n\n<p class=\"has-text-align-center\"><a href=\"https:\/\/globoplay.globo.com\/v\/11964088\/\">https:\/\/globoplay.globo.com\/v\/11964088\/<\/a><\/p>\n\n\n\n<p>O influenciador digital goiano Jo\u00e3o Vitor de Paiva Bittencourt foi escolhido para ser o primeiro conselheiro jovem com defici\u00eancia do Unicef no Brasil. A escolha decorre do trabalho dele nas redes sociais em defesa dos direitos das PCDs, contra o\u00a0<strong>preconceito<\/strong> e o <strong>capacitismo<\/strong>. Atualmente s\u00e3o 20 conselheiros. JV \u00e9 o 21\u00ba. Junto com ele, entraram outros oito novos participantes, somando 27 no total.\u00a0<\/p>\n\n\n\n<figure class=\"wp-block-image aligncenter size-full\"><img loading=\"lazy\" decoding=\"async\" width=\"300\" height=\"103\" src=\"https:\/\/renatodias.online\/movimento\/wp-content\/uploads\/2022\/08\/Saiba-mais-e1680139445250.png\" alt=\"\" class=\"wp-image-13698\" srcset=\"https:\/\/renatodias.online\/movimento\/wp-content\/uploads\/2022\/08\/Saiba-mais-e1680139445250.png 300w, https:\/\/renatodias.online\/movimento\/wp-content\/uploads\/2022\/08\/Saiba-mais-e1680139445250-150x52.png 150w\" sizes=\"auto, (max-width: 300px) 100vw, 300px\" \/><\/figure>\n\n\n\n<p><strong>Jo\u00e3o Vitor (@jvdepaiva),\u00a022 anos, \u00e9 o primeiro estudante de Educa\u00e7\u00e3o F\u00edsica da PUC-GO com s\u00edndrome de down.<\/strong> Em poucos meses de trabalho com rede social, alcan\u00e7ou mais de 300 mil seguidores. O Instituto Mano Down, principal institui\u00e7\u00e3o da trissomia 21 no Brasil, o escolheu como um dos cinco mais importantes influenciadores com defici\u00eancia do Pa\u00eds.<\/p>\n\n\n\n<figure class=\"wp-block-image aligncenter size-full\"><img loading=\"lazy\" decoding=\"async\" width=\"297\" height=\"170\" src=\"https:\/\/renatodias.online\/movimento\/wp-content\/uploads\/2023\/06\/Sindrome-de-Down.jpg\" alt=\"\" class=\"wp-image-17080\" srcset=\"https:\/\/renatodias.online\/movimento\/wp-content\/uploads\/2023\/06\/Sindrome-de-Down.jpg 297w, https:\/\/renatodias.online\/movimento\/wp-content\/uploads\/2023\/06\/Sindrome-de-Down-150x86.jpg 150w\" sizes=\"auto, (max-width: 297px) 100vw, 297px\" \/><\/figure>\n\n\n\n<p>Jo\u00e3o Vitor recebeu homenagem na <strong>C\u00e2mara dos Deputados<\/strong>, em Bras\u00edlia, durante sess\u00e3o pela passagem do Dia Nacional de Luta da Pessoa com Defici\u00eancia. A homenagem foi proposta pelo deputado federal Carlos Duarte (PSB-MA) pelo \u201ccompromisso inabal\u00e1vel do influencer de Goi\u00e1s com a promo\u00e7\u00e3o da inclus\u00e3o, igualdade e dignidade das pessoas com defici\u00eancia intelectual e m\u00faltipla\u201d.\u00a0<\/p>\n\n\n\n<figure class=\"wp-block-image aligncenter size-full\"><img decoding=\"async\" src=\"https:\/\/renatodias.online\/movimento\/wp-content\/uploads\/2021\/04\/Congresso-Nacional-e1687730390194.jpg\" alt=\"Congresso Nacional\" class=\"wp-image-6053\"\/><\/figure>\n\n\n\n<p>O Conselho Consultivo de Adolescentes e Jovens do <strong>UNICEF no Brasil<\/strong>, o Conselho Jovem, foi criado para promover o di\u00e1logo direto com adolescentes e jovens. Trata-se, segundo a institui\u00e7\u00e3o, do reconhecimento da import\u00e2ncia da voz e\u00a0conhecimento dos jovens, al\u00e9m de ser um mecanismo de fomento \u00e0 participa\u00e7\u00e3o cidad\u00e3.\u00a0Coordenado pelo Programa de Adolescentes, os e as conselheiros\/as se re\u00fanem mensalmente para apoiar reflex\u00f5es e desenhos de estrat\u00e9gias e a\u00e7\u00f5es institucionais, al\u00e9m do engajamento de coletivos, redes e grupos de adolescentes em todo o Brasil.<\/p>\n\n\n\n<figure class=\"wp-block-image aligncenter size-full\"><img decoding=\"async\" src=\"https:\/\/renatodias.online\/movimento\/wp-content\/uploads\/2023\/04\/Veja-e1680475225663.jpg\" alt=\"\" class=\"wp-image-16291\"\/><\/figure>\n\n\n\n<p>O <strong>Conselho Jovem fortalece os valores e princ\u00edpios do Unicef<\/strong> para avan\u00e7ar na participa\u00e7\u00e3o e desenvolvimento de adolescentes por meio do di\u00e1logo propositivo. O grupo \u00e9 composto de adolescentes e jovens com engajamento nas a\u00e7\u00f5es do UNICEF Brasil ou em outras organiza\u00e7\u00f5es e coletivos, e \u00e9 representativo da diversidade de identidades, territ\u00f3rios e quest\u00f5es que envolvem adolescentes em situa\u00e7\u00e3o de vulnerabilidade em todo o pa\u00eds.<\/p>\n\n\n\n<figure class=\"wp-block-image aligncenter size-full\"><img loading=\"lazy\" decoding=\"async\" width=\"750\" height=\"415\" src=\"https:\/\/renatodias.online\/movimento\/wp-content\/uploads\/2022\/05\/Igualdade-de-direitos-as-mulheres.png\" alt=\"\" class=\"wp-image-12535\" srcset=\"https:\/\/renatodias.online\/movimento\/wp-content\/uploads\/2022\/05\/Igualdade-de-direitos-as-mulheres.png 750w, https:\/\/renatodias.online\/movimento\/wp-content\/uploads\/2022\/05\/Igualdade-de-direitos-as-mulheres-300x166.png 300w\" sizes=\"auto, (max-width: 750px) 100vw, 750px\" \/><\/figure>\n\n\n\n<p>Num <strong>espa\u00e7o seguro e livre de discrimina\u00e7\u00f5es<\/strong>, adolescentes e jovens do semi\u00e1rido brasileiro, do territ\u00f3rio amaz\u00f4nico, das periferias dos centros urbanos, com representantes LGBTQIA+, negras e negros, ind\u00edgenas, migrantes, quilombolas, e, agora, pessoas com defici\u00eancia, participam de forma volunt\u00e1ria do Conselho, trazendo perspectivas para construir junto com o Unicef uma sociedade em que cada crian\u00e7a, cada adolescente tenha os direitos garantidos e respeitados.<\/p>\n\n\n\n<figure class=\"wp-block-image aligncenter size-full\"><img decoding=\"async\" src=\"https:\/\/renatodias.online\/movimento\/wp-content\/uploads\/2022\/08\/Raio-X-especial-e1680139645191.png\" alt=\"\" class=\"wp-image-13781\"\/><\/figure>\n\n\n\n<p>Jo\u00e3o Vitor junta-se a Ana Carolina, de Bel\u00e9m do Par\u00e1, Bia Louise; Bia Louise, de S\u00e3o Gon\u00e7alo do Amarante, no Cear\u00e1; Gabriel Silva Luciano, estudante de Direito da Ilha de Mar\u00e9, em Salvador (BA);\u00a0 Gustavo, nordestino, paraibano; Jhonata Willyan, nordestino de Bod\u00f3, no interior do Rio Grande do Norte; Joana, ind\u00edgena do povo truk\u00e1, da Ilha de Assun\u00e7\u00e3o, territ\u00f3rio Ind\u00edgena Truk\u00e1, em Cabrob\u00f3, Pernambuco; Kauanne Patrocino, S\u00e3o Miguel Paulista, Zona Leste da cidade de S\u00e3o Paulo; Kluiber Leonardo Reinosa Farreras,\u00a0 migrante venezuelano, de Boa Vista, Roraima; Lays Sthefany da Silva dos Santos,\u00a0 cidade do Rio de Janeiro; Lucas Souza, da Baixada Santista, no Litoral Sul de S\u00e3o Paulo; Maria Estrela, territ\u00f3rio da Cidade Oper\u00e1ria, na capital do Maranh\u00e3o, S\u00e3o Lu\u00eds; Maysa Cursino, de Taubat\u00e9, em S\u00e3o Paulo; Naely Vit\u00f3ria, do estado de Alagoas; Nishtha Rocha Teixeira, kilombola,\u00a0 da Comunidade Kilombola Morada da Paz \u2013 CoMPaz, em Triunfo, Rio Grande do Sul; Nivia Lima, 21 anos, Recife (PE); Ruan Pereira,\u00a0 17 anos do munic\u00edpio de Est\u00e2ncia no estado de Sergipe; Sara Luize, do Nuca de Canarana, na Bahia; Sofia Iothi, Cariacica, no Esp\u00edrito Santo; Tha\u00eds Hellen Sousa da Silva, Pacatuba, no Cear\u00e1; e Victor Delamerlini Rodrigues, de S\u00e3o Carlos, em S\u00e3o Paulo.<\/p>\n\n\n\n<figure class=\"wp-block-image aligncenter size-full\"><img loading=\"lazy\" decoding=\"async\" width=\"750\" height=\"749\" src=\"https:\/\/renatodias.online\/movimento\/wp-content\/uploads\/2023\/09\/JVP-1-1.jpg\" alt=\"\" class=\"wp-image-18186\" srcset=\"https:\/\/renatodias.online\/movimento\/wp-content\/uploads\/2023\/09\/JVP-1-1.jpg 750w, https:\/\/renatodias.online\/movimento\/wp-content\/uploads\/2023\/09\/JVP-1-1-300x300.jpg 300w, https:\/\/renatodias.online\/movimento\/wp-content\/uploads\/2023\/09\/JVP-1-1-150x150.jpg 150w, https:\/\/renatodias.online\/movimento\/wp-content\/uploads\/2023\/09\/JVP-1-1-96x96.jpg 96w\" sizes=\"auto, (max-width: 750px) 100vw, 750px\" \/><\/figure>\n","protected":false},"excerpt":{"rendered":"<p>Jo\u00e3o Vitor de Paiva Bittencourt https:\/\/globoplay.globo.com\/v\/11964088\/ O influenciador digital goiano Jo\u00e3o Vitor de Paiva Bittencourt foi escolhido para ser o primeiro conselheiro jovem com defici\u00eancia do Unicef no Brasil. A escolha decorre do trabalho dele nas redes sociais em defesa dos direitos das PCDs, contra o\u00a0preconceito e o capacitismo. Atualmente s\u00e3o 20 conselheiros. JV \u00e9<\/p>\n","protected":false},"author":2,"featured_media":18187,"comment_status":"open","ping_status":"open","sticky":false,"template":"","format":"standard","meta":{"_acf_changed":false,"_monsterinsights_skip_tracking":false,"_monsterinsights_sitenote_active":false,"_monsterinsights_sitenote_note":"","_monsterinsights_sitenote_category":0,"footnotes":""},"categories":[160],"tags":[],"class_list":["post-18184","post","type-post","status-publish","format-standard","has-post-thumbnail","hentry","category-historia"],"acf":[],"yoast_head":"<!-- This site is optimized with the Yoast SEO plugin v27.4 - https:\/\/yoast.com\/product\/yoast-seo-wordpress\/ -->\n<title>Influencer down, novo conselheiro da Unicef -<\/title>\n<meta name=\"robots\" content=\"index, follow, max-snippet:-1, max-image-preview:large, max-video-preview:-1\" \/>\n<link rel=\"canonical\" href=\"https:\/\/renatodias.online\/movimento\/2023\/09\/22\/influencer-down-novo-conselheiro-da-unicef\/\" \/>\n<meta property=\"og:locale\" content=\"pt_BR\" \/>\n<meta property=\"og:type\" content=\"article\" \/>\n<meta property=\"og:title\" content=\"Influencer down, novo conselheiro da Unicef -\" \/>\n<meta property=\"og:description\" content=\"Jo\u00e3o Vitor de Paiva Bittencourt https:\/\/globoplay.globo.com\/v\/11964088\/ O influenciador digital goiano Jo\u00e3o Vitor de Paiva Bittencourt foi escolhido para ser o primeiro conselheiro jovem com defici\u00eancia do Unicef no Brasil. A escolha decorre do trabalho dele nas redes sociais em defesa dos direitos das PCDs, contra o\u00a0preconceito e o capacitismo. Atualmente s\u00e3o 20 conselheiros. JV \u00e9\" \/>\n<meta property=\"og:url\" content=\"https:\/\/renatodias.online\/movimento\/2023\/09\/22\/influencer-down-novo-conselheiro-da-unicef\/\" \/>\n<meta property=\"article:publisher\" content=\"https:\/\/www.facebook.com\/renato.dias.37\" \/>\n<meta property=\"article:author\" content=\"https:\/\/www.facebook.com\/renato.dias.37\" \/>\n<meta property=\"article:published_time\" content=\"2023-09-22T14:48:51+00:00\" \/>\n<meta property=\"article:modified_time\" content=\"2023-09-22T14:48:52+00:00\" \/>\n<meta property=\"og:image\" content=\"https:\/\/renatodias.online\/movimento\/wp-content\/uploads\/2023\/09\/JVP-.jpg\" \/>\n\t<meta property=\"og:image:width\" content=\"750\" \/>\n\t<meta property=\"og:image:height\" content=\"503\" \/>\n\t<meta property=\"og:image:type\" content=\"image\/jpeg\" \/>\n<meta name=\"author\" content=\"Renato Dias\" \/>\n<meta name=\"twitter:card\" content=\"summary_large_image\" \/>\n<meta name=\"twitter:creator\" content=\"@RenatoDiasBat\" \/>\n<meta name=\"twitter:site\" content=\"@RenatoDiasBat\" \/>\n<meta name=\"twitter:label1\" content=\"Escrito por\" \/>\n\t<meta name=\"twitter:data1\" content=\"Renato Dias\" \/>\n\t<meta name=\"twitter:label2\" content=\"Est. tempo de leitura\" \/>\n\t<meta name=\"twitter:data2\" content=\"6 minutos\" \/>\n<script type=\"application\/ld+json\" class=\"yoast-schema-graph\">{\"@context\":\"https:\\\/\\\/schema.org\",\"@graph\":[{\"@type\":\"Article\",\"@id\":\"https:\\\/\\\/renatodias.online\\\/movimento\\\/2023\\\/09\\\/22\\\/influencer-down-novo-conselheiro-da-unicef\\\/#article\",\"isPartOf\":{\"@id\":\"https:\\\/\\\/renatodias.online\\\/movimento\\\/2023\\\/09\\\/22\\\/influencer-down-novo-conselheiro-da-unicef\\\/\"},\"author\":{\"name\":\"Renato Dias\",\"@id\":\"https:\\\/\\\/renatodias.online\\\/movimento\\\/#\\\/schema\\\/person\\\/bbab28833b1725a20f4083f49f1fb2a9\"},\"headline\":\"Influencer down, novo conselheiro da Unicef\",\"datePublished\":\"2023-09-22T14:48:51+00:00\",\"dateModified\":\"2023-09-22T14:48:52+00:00\",\"mainEntityOfPage\":{\"@id\":\"https:\\\/\\\/renatodias.online\\\/movimento\\\/2023\\\/09\\\/22\\\/influencer-down-novo-conselheiro-da-unicef\\\/\"},\"wordCount\":668,\"commentCount\":0,\"publisher\":{\"@id\":\"https:\\\/\\\/renatodias.online\\\/movimento\\\/#\\\/schema\\\/person\\\/bbab28833b1725a20f4083f49f1fb2a9\"},\"image\":{\"@id\":\"https:\\\/\\\/renatodias.online\\\/movimento\\\/2023\\\/09\\\/22\\\/influencer-down-novo-conselheiro-da-unicef\\\/#primaryimage\"},\"thumbnailUrl\":\"https:\\\/\\\/renatodias.online\\\/movimento\\\/wp-content\\\/uploads\\\/2023\\\/09\\\/JVP-.jpg\",\"articleSection\":[\"Hist\u00f3ria\"],\"inLanguage\":\"pt-BR\",\"potentialAction\":[{\"@type\":\"CommentAction\",\"name\":\"Comment\",\"target\":[\"https:\\\/\\\/renatodias.online\\\/movimento\\\/2023\\\/09\\\/22\\\/influencer-down-novo-conselheiro-da-unicef\\\/#respond\"]}]},{\"@type\":\"WebPage\",\"@id\":\"https:\\\/\\\/renatodias.online\\\/movimento\\\/2023\\\/09\\\/22\\\/influencer-down-novo-conselheiro-da-unicef\\\/\",\"url\":\"https:\\\/\\\/renatodias.online\\\/movimento\\\/2023\\\/09\\\/22\\\/influencer-down-novo-conselheiro-da-unicef\\\/\",\"name\":\"Influencer down, novo conselheiro da Unicef -\",\"isPartOf\":{\"@id\":\"https:\\\/\\\/renatodias.online\\\/movimento\\\/#website\"},\"primaryImageOfPage\":{\"@id\":\"https:\\\/\\\/renatodias.online\\\/movimento\\\/2023\\\/09\\\/22\\\/influencer-down-novo-conselheiro-da-unicef\\\/#primaryimage\"},\"image\":{\"@id\":\"https:\\\/\\\/renatodias.online\\\/movimento\\\/2023\\\/09\\\/22\\\/influencer-down-novo-conselheiro-da-unicef\\\/#primaryimage\"},\"thumbnailUrl\":\"https:\\\/\\\/renatodias.online\\\/movimento\\\/wp-content\\\/uploads\\\/2023\\\/09\\\/JVP-.jpg\",\"datePublished\":\"2023-09-22T14:48:51+00:00\",\"dateModified\":\"2023-09-22T14:48:52+00:00\",\"breadcrumb\":{\"@id\":\"https:\\\/\\\/renatodias.online\\\/movimento\\\/2023\\\/09\\\/22\\\/influencer-down-novo-conselheiro-da-unicef\\\/#breadcrumb\"},\"inLanguage\":\"pt-BR\",\"potentialAction\":[{\"@type\":\"ReadAction\",\"target\":[\"https:\\\/\\\/renatodias.online\\\/movimento\\\/2023\\\/09\\\/22\\\/influencer-down-novo-conselheiro-da-unicef\\\/\"]}]},{\"@type\":\"ImageObject\",\"inLanguage\":\"pt-BR\",\"@id\":\"https:\\\/\\\/renatodias.online\\\/movimento\\\/2023\\\/09\\\/22\\\/influencer-down-novo-conselheiro-da-unicef\\\/#primaryimage\",\"url\":\"https:\\\/\\\/renatodias.online\\\/movimento\\\/wp-content\\\/uploads\\\/2023\\\/09\\\/JVP-.jpg\",\"contentUrl\":\"https:\\\/\\\/renatodias.online\\\/movimento\\\/wp-content\\\/uploads\\\/2023\\\/09\\\/JVP-.jpg\",\"width\":750,\"height\":503},{\"@type\":\"BreadcrumbList\",\"@id\":\"https:\\\/\\\/renatodias.online\\\/movimento\\\/2023\\\/09\\\/22\\\/influencer-down-novo-conselheiro-da-unicef\\\/#breadcrumb\",\"itemListElement\":[{\"@type\":\"ListItem\",\"position\":1,\"name\":\"In\u00edcio\",\"item\":\"https:\\\/\\\/renatodias.online\\\/movimento\\\/\"},{\"@type\":\"ListItem\",\"position\":2,\"name\":\"Influencer down, novo conselheiro da Unicef\"}]},{\"@type\":\"WebSite\",\"@id\":\"https:\\\/\\\/renatodias.online\\\/movimento\\\/#website\",\"url\":\"https:\\\/\\\/renatodias.online\\\/movimento\\\/\",\"name\":\"\",\"description\":\"\",\"publisher\":{\"@id\":\"https:\\\/\\\/renatodias.online\\\/movimento\\\/#\\\/schema\\\/person\\\/bbab28833b1725a20f4083f49f1fb2a9\"},\"potentialAction\":[{\"@type\":\"SearchAction\",\"target\":{\"@type\":\"EntryPoint\",\"urlTemplate\":\"https:\\\/\\\/renatodias.online\\\/movimento\\\/?s={search_term_string}\"},\"query-input\":{\"@type\":\"PropertyValueSpecification\",\"valueRequired\":true,\"valueName\":\"search_term_string\"}}],\"inLanguage\":\"pt-BR\"},{\"@type\":[\"Person\",\"Organization\"],\"@id\":\"https:\\\/\\\/renatodias.online\\\/movimento\\\/#\\\/schema\\\/person\\\/bbab28833b1725a20f4083f49f1fb2a9\",\"name\":\"Renato Dias\",\"image\":{\"@type\":\"ImageObject\",\"inLanguage\":\"pt-BR\",\"@id\":\"https:\\\/\\\/renatodias.online\\\/movimento\\\/wp-content\\\/uploads\\\/2023\\\/03\\\/cropped-cropped-cropped-logofinal.jpeg\",\"url\":\"https:\\\/\\\/renatodias.online\\\/movimento\\\/wp-content\\\/uploads\\\/2023\\\/03\\\/cropped-cropped-cropped-logofinal.jpeg\",\"contentUrl\":\"https:\\\/\\\/renatodias.online\\\/movimento\\\/wp-content\\\/uploads\\\/2023\\\/03\\\/cropped-cropped-cropped-logofinal.jpeg\",\"width\":1280,\"height\":219,\"caption\":\"Renato Dias\"},\"logo\":{\"@id\":\"https:\\\/\\\/renatodias.online\\\/movimento\\\/wp-content\\\/uploads\\\/2023\\\/03\\\/cropped-cropped-cropped-logofinal.jpeg\"},\"description\":\"Renato Dias, 58 anos, \u00e9 graduado em Jornalismo, formado em Ci\u00eancias Sociais, com p\u00f3s-gradua\u00e7\u00e3o em Pol\u00edticas P\u00fablicas, mestre em Direito e Rela\u00e7\u00f5es Internacionais, ex-aluno extraordin\u00e1rio do Doutorado em Psicologia Social, ex-estudante do Curso de Psican\u00e1lise do Centro de Estudos Psicanal\u00edticos do Estado de Goi\u00e1s, ministrado pelo m\u00e9dico psiquiatra e psicanalista Daniel Em\u00eddio de Souza. \u00c9 autor de 30 livros-reportagem, oito document\u00e1rios, ganhou 30 pr\u00eamios e \u00e9 torcedor apaixonado do maior do Centro-Oeste, o Vila Nova Futebol Clube. Casado com Meirilane Dias, \u00e9 pai de Juliana Dias, jornalista; Daniel Dias, economista; e Maria Rosa Dias, estudante antifascista, socialista e trotskista.\u00a0Com tr\u00eas pets: Porquinho [Bull Dog Franc\u00eas], Dalila [Basset Hound] e Geleia [Basset Hound]. Al\u00e9m do eterno gato Tutuquinho, que virou estrela.\",\"sameAs\":[\"https:\\\/\\\/www.facebook.com\\\/renato.dias.37\",\"#breve\",\"https:\\\/\\\/renatodias.tumblr.com\\\/\"],\"url\":\"https:\\\/\\\/renatodias.online\\\/movimento\\\/author\\\/renatodias\\\/\"}]}<\/script>\n<!-- \/ Yoast SEO plugin. -->","yoast_head_json":{"title":"Influencer down, novo conselheiro da Unicef -","robots":{"index":"index","follow":"follow","max-snippet":"max-snippet:-1","max-image-preview":"max-image-preview:large","max-video-preview":"max-video-preview:-1"},"canonical":"https:\/\/renatodias.online\/movimento\/2023\/09\/22\/influencer-down-novo-conselheiro-da-unicef\/","og_locale":"pt_BR","og_type":"article","og_title":"Influencer down, novo conselheiro da Unicef -","og_description":"Jo\u00e3o Vitor de Paiva Bittencourt https:\/\/globoplay.globo.com\/v\/11964088\/ O influenciador digital goiano Jo\u00e3o Vitor de Paiva Bittencourt foi escolhido para ser o primeiro conselheiro jovem com defici\u00eancia do Unicef no Brasil. A escolha decorre do trabalho dele nas redes sociais em defesa dos direitos das PCDs, contra o\u00a0preconceito e o capacitismo. Atualmente s\u00e3o 20 conselheiros. JV \u00e9","og_url":"https:\/\/renatodias.online\/movimento\/2023\/09\/22\/influencer-down-novo-conselheiro-da-unicef\/","article_publisher":"https:\/\/www.facebook.com\/renato.dias.37","article_author":"https:\/\/www.facebook.com\/renato.dias.37","article_published_time":"2023-09-22T14:48:51+00:00","article_modified_time":"2023-09-22T14:48:52+00:00","og_image":[{"width":750,"height":503,"url":"https:\/\/renatodias.online\/movimento\/wp-content\/uploads\/2023\/09\/JVP-.jpg","type":"image\/jpeg"}],"author":"Renato Dias","twitter_card":"summary_large_image","twitter_creator":"@RenatoDiasBat","twitter_site":"@RenatoDiasBat","twitter_misc":{"Escrito por":"Renato Dias","Est. tempo de leitura":"6 minutos"},"schema":{"@context":"https:\/\/schema.org","@graph":[{"@type":"Article","@id":"https:\/\/renatodias.online\/movimento\/2023\/09\/22\/influencer-down-novo-conselheiro-da-unicef\/#article","isPartOf":{"@id":"https:\/\/renatodias.online\/movimento\/2023\/09\/22\/influencer-down-novo-conselheiro-da-unicef\/"},"author":{"name":"Renato Dias","@id":"https:\/\/renatodias.online\/movimento\/#\/schema\/person\/bbab28833b1725a20f4083f49f1fb2a9"},"headline":"Influencer down, novo conselheiro da Unicef","datePublished":"2023-09-22T14:48:51+00:00","dateModified":"2023-09-22T14:48:52+00:00","mainEntityOfPage":{"@id":"https:\/\/renatodias.online\/movimento\/2023\/09\/22\/influencer-down-novo-conselheiro-da-unicef\/"},"wordCount":668,"commentCount":0,"publisher":{"@id":"https:\/\/renatodias.online\/movimento\/#\/schema\/person\/bbab28833b1725a20f4083f49f1fb2a9"},"image":{"@id":"https:\/\/renatodias.online\/movimento\/2023\/09\/22\/influencer-down-novo-conselheiro-da-unicef\/#primaryimage"},"thumbnailUrl":"https:\/\/renatodias.online\/movimento\/wp-content\/uploads\/2023\/09\/JVP-.jpg","articleSection":["Hist\u00f3ria"],"inLanguage":"pt-BR","potentialAction":[{"@type":"CommentAction","name":"Comment","target":["https:\/\/renatodias.online\/movimento\/2023\/09\/22\/influencer-down-novo-conselheiro-da-unicef\/#respond"]}]},{"@type":"WebPage","@id":"https:\/\/renatodias.online\/movimento\/2023\/09\/22\/influencer-down-novo-conselheiro-da-unicef\/","url":"https:\/\/renatodias.online\/movimento\/2023\/09\/22\/influencer-down-novo-conselheiro-da-unicef\/","name":"Influencer down, novo conselheiro da Unicef -","isPartOf":{"@id":"https:\/\/renatodias.online\/movimento\/#website"},"primaryImageOfPage":{"@id":"https:\/\/renatodias.online\/movimento\/2023\/09\/22\/influencer-down-novo-conselheiro-da-unicef\/#primaryimage"},"image":{"@id":"https:\/\/renatodias.online\/movimento\/2023\/09\/22\/influencer-down-novo-conselheiro-da-unicef\/#primaryimage"},"thumbnailUrl":"https:\/\/renatodias.online\/movimento\/wp-content\/uploads\/2023\/09\/JVP-.jpg","datePublished":"2023-09-22T14:48:51+00:00","dateModified":"2023-09-22T14:48:52+00:00","breadcrumb":{"@id":"https:\/\/renatodias.online\/movimento\/2023\/09\/22\/influencer-down-novo-conselheiro-da-unicef\/#breadcrumb"},"inLanguage":"pt-BR","potentialAction":[{"@type":"ReadAction","target":["https:\/\/renatodias.online\/movimento\/2023\/09\/22\/influencer-down-novo-conselheiro-da-unicef\/"]}]},{"@type":"ImageObject","inLanguage":"pt-BR","@id":"https:\/\/renatodias.online\/movimento\/2023\/09\/22\/influencer-down-novo-conselheiro-da-unicef\/#primaryimage","url":"https:\/\/renatodias.online\/movimento\/wp-content\/uploads\/2023\/09\/JVP-.jpg","contentUrl":"https:\/\/renatodias.online\/movimento\/wp-content\/uploads\/2023\/09\/JVP-.jpg","width":750,"height":503},{"@type":"BreadcrumbList","@id":"https:\/\/renatodias.online\/movimento\/2023\/09\/22\/influencer-down-novo-conselheiro-da-unicef\/#breadcrumb","itemListElement":[{"@type":"ListItem","position":1,"name":"In\u00edcio","item":"https:\/\/renatodias.online\/movimento\/"},{"@type":"ListItem","position":2,"name":"Influencer down, novo conselheiro da Unicef"}]},{"@type":"WebSite","@id":"https:\/\/renatodias.online\/movimento\/#website","url":"https:\/\/renatodias.online\/movimento\/","name":"","description":"","publisher":{"@id":"https:\/\/renatodias.online\/movimento\/#\/schema\/person\/bbab28833b1725a20f4083f49f1fb2a9"},"potentialAction":[{"@type":"SearchAction","target":{"@type":"EntryPoint","urlTemplate":"https:\/\/renatodias.online\/movimento\/?s={search_term_string}"},"query-input":{"@type":"PropertyValueSpecification","valueRequired":true,"valueName":"search_term_string"}}],"inLanguage":"pt-BR"},{"@type":["Person","Organization"],"@id":"https:\/\/renatodias.online\/movimento\/#\/schema\/person\/bbab28833b1725a20f4083f49f1fb2a9","name":"Renato Dias","image":{"@type":"ImageObject","inLanguage":"pt-BR","@id":"https:\/\/renatodias.online\/movimento\/wp-content\/uploads\/2023\/03\/cropped-cropped-cropped-logofinal.jpeg","url":"https:\/\/renatodias.online\/movimento\/wp-content\/uploads\/2023\/03\/cropped-cropped-cropped-logofinal.jpeg","contentUrl":"https:\/\/renatodias.online\/movimento\/wp-content\/uploads\/2023\/03\/cropped-cropped-cropped-logofinal.jpeg","width":1280,"height":219,"caption":"Renato Dias"},"logo":{"@id":"https:\/\/renatodias.online\/movimento\/wp-content\/uploads\/2023\/03\/cropped-cropped-cropped-logofinal.jpeg"},"description":"Renato Dias, 58 anos, \u00e9 graduado em Jornalismo, formado em Ci\u00eancias Sociais, com p\u00f3s-gradua\u00e7\u00e3o em Pol\u00edticas P\u00fablicas, mestre em Direito e Rela\u00e7\u00f5es Internacionais, ex-aluno extraordin\u00e1rio do Doutorado em Psicologia Social, ex-estudante do Curso de Psican\u00e1lise do Centro de Estudos Psicanal\u00edticos do Estado de Goi\u00e1s, ministrado pelo m\u00e9dico psiquiatra e psicanalista Daniel Em\u00eddio de Souza. \u00c9 autor de 30 livros-reportagem, oito document\u00e1rios, ganhou 30 pr\u00eamios e \u00e9 torcedor apaixonado do maior do Centro-Oeste, o Vila Nova Futebol Clube. Casado com Meirilane Dias, \u00e9 pai de Juliana Dias, jornalista; Daniel Dias, economista; e Maria Rosa Dias, estudante antifascista, socialista e trotskista.\u00a0Com tr\u00eas pets: Porquinho [Bull Dog Franc\u00eas], Dalila [Basset Hound] e Geleia [Basset Hound]. Al\u00e9m do eterno gato Tutuquinho, que virou estrela.","sameAs":["https:\/\/www.facebook.com\/renato.dias.37","#breve","https:\/\/renatodias.tumblr.com\/"],"url":"https:\/\/renatodias.online\/movimento\/author\/renatodias\/"}]}},"_links":{"self":[{"href":"https:\/\/renatodias.online\/movimento\/wp-json\/wp\/v2\/posts\/18184","targetHints":{"allow":["GET"]}}],"collection":[{"href":"https:\/\/renatodias.online\/movimento\/wp-json\/wp\/v2\/posts"}],"about":[{"href":"https:\/\/renatodias.online\/movimento\/wp-json\/wp\/v2\/types\/post"}],"author":[{"embeddable":true,"href":"https:\/\/renatodias.online\/movimento\/wp-json\/wp\/v2\/users\/2"}],"replies":[{"embeddable":true,"href":"https:\/\/renatodias.online\/movimento\/wp-json\/wp\/v2\/comments?post=18184"}],"version-history":[{"count":1,"href":"https:\/\/renatodias.online\/movimento\/wp-json\/wp\/v2\/posts\/18184\/revisions"}],"predecessor-version":[{"id":18188,"href":"https:\/\/renatodias.online\/movimento\/wp-json\/wp\/v2\/posts\/18184\/revisions\/18188"}],"wp:featuredmedia":[{"embeddable":true,"href":"https:\/\/renatodias.online\/movimento\/wp-json\/wp\/v2\/media\/18187"}],"wp:attachment":[{"href":"https:\/\/renatodias.online\/movimento\/wp-json\/wp\/v2\/media?parent=18184"}],"wp:term":[{"taxonomy":"category","embeddable":true,"href":"https:\/\/renatodias.online\/movimento\/wp-json\/wp\/v2\/categories?post=18184"},{"taxonomy":"post_tag","embeddable":true,"href":"https:\/\/renatodias.online\/movimento\/wp-json\/wp\/v2\/tags?post=18184"}],"curies":[{"name":"wp","href":"https:\/\/api.w.org\/{rel}","templated":true}]}}