{"id":18048,"date":"2023-09-06T18:51:14","date_gmt":"2023-09-06T21:51:14","guid":{"rendered":"https:\/\/renatodias.online\/movimento\/?p=18048"},"modified":"2023-09-06T18:51:16","modified_gmt":"2023-09-06T21:51:16","slug":"audiencia-diagnostica-saude-bucal-em-goiania","status":"publish","type":"post","link":"https:\/\/renatodias.online\/movimento\/2023\/09\/06\/audiencia-diagnostica-saude-bucal-em-goiania\/","title":{"rendered":"<strong>Audi\u00eancia diagnostica sa\u00fade bucal em Goi\u00e2nia<\/strong>"},"content":{"rendered":"\n<figure class=\"wp-block-image aligncenter size-full\"><img decoding=\"async\" src=\"https:\/\/renatodias.online\/movimento\/wp-content\/uploads\/2022\/08\/Raio-X-especial-e1680139645191.png\" alt=\"\" class=\"wp-image-13781\"\/><\/figure>\n\n\n\n<p>A vereadora <strong>K\u00e1tia Maria [PT]<\/strong> promoveu uma audi\u00eancia p\u00fablica para discutir a situa\u00e7\u00e3o da sa\u00fade bucal em Goi\u00e2nia. Presidente da Comiss\u00e3o de Sa\u00fade na C\u00e2mara Municipal, a parlamentar tem visitado as unidades de sa\u00fade da capital e observado uma s\u00e9rie de defici\u00eancias da \u00e1rea, al\u00e9m de receber diversas demandas da popula\u00e7\u00e3o, atrav\u00e9s dos canais de comunica\u00e7\u00e3o da comiss\u00e3o.<\/p>\n\n\n\n<figure class=\"wp-block-image aligncenter size-full\"><img loading=\"lazy\" decoding=\"async\" width=\"750\" height=\"701\" src=\"https:\/\/renatodias.online\/movimento\/wp-content\/uploads\/2022\/03\/SOS.jpg\" alt=\"\" class=\"wp-image-11308\" srcset=\"https:\/\/renatodias.online\/movimento\/wp-content\/uploads\/2022\/03\/SOS.jpg 750w, https:\/\/renatodias.online\/movimento\/wp-content\/uploads\/2022\/03\/SOS-300x280.jpg 300w\" sizes=\"auto, (max-width: 750px) 100vw, 750px\" \/><\/figure>\n\n\n\n<p>\u201cAssumi a presid\u00eancia da <strong>Comiss\u00e3o de Sa\u00fade<\/strong> h\u00e1 apenas seis meses e fiquei surpresa com o tamanho da demanda por atendimento nessa \u00e1rea\u201d, confessou K\u00e1tia. \u201cTodos sabemos da import\u00e2ncia da sa\u00fade bucal, que \u00e9 um dos componentes da aten\u00e7\u00e3o b\u00e1sica, mas achei que a procura por m\u00e9dicos era muito maior e n\u00e3o \u00e9\u201d, registra.<\/p>\n\n\n\n<p>A <strong>parlamentar tem percorrido as unidades de sa\u00fade da capital<\/strong> e se deparado, segundo ela, com uma situa\u00e7\u00e3o de total descaso. \u201cInfelizmente passamos em Goi\u00e2nia por um desmonte da sa\u00fade bucal. Faltam profissionais, faltam equipamentos, faltam insumos&#8230; fazendo com que o atendimento direto \u00e0 popula\u00e7\u00e3o fique completamente prejudicado\u201d, afirma.<\/p>\n\n\n\n<figure class=\"wp-block-image aligncenter size-full\"><img decoding=\"async\" src=\"https:\/\/renatodias.online\/movimento\/wp-content\/uploads\/2023\/04\/Veja-e1680475225663.jpg\" alt=\"\" class=\"wp-image-16291\"\/><\/figure>\n\n\n\n<p><strong>Veja os n\u00fameros<\/strong> que comprovam as defici\u00eancias do servi\u00e7o de sa\u00fade bucal na capital. Segundo dados apresentados pelas entidades, apenas 32% das demandas de Goi\u00e2nia s\u00e3o atendidas e hoje h\u00e1, por exemplo, uma fila de 90 mil pessoas aguardando atendimento de pr\u00f3tese, al\u00e9m de um d\u00e9ficit grade de profissionais dentistas e assistentes.&nbsp;<\/p>\n\n\n\n<p class=\"has-text-align-center\"><strong><mark style=\"background-color:rgba(0, 0, 0, 0)\" class=\"has-inline-color has-vivid-purple-color\">Brasil Sorridente<\/mark><\/strong><\/p>\n\n\n\n<p>A parlamentar lembrou ainda que o <strong>Governo Federal retomou o Brasil Sorridente \u2013 Pol\u00edtica Nacional de Sa\u00fade Bucal <\/strong>e transformou o programa em uma pol\u00edtica de Estado. Presidente estadual do PT-GO, K\u00e1tia afirmou que est\u00e1 pronta para ajudar a Prefeitura a se inscrever e ter acesso \u00e0s a\u00e7\u00f5es e investimentos previstos pelo programa. \u201cQuero e me disponho a ajudar a Prefeitura a buscar essa participa\u00e7\u00e3o no Brasil Sorridente, mas precisamos fazer a tarefa de casa antes\u201d, disse. \u201cA Prefeitura n\u00e3o tem feito o b\u00e1sico e \u00e9 preciso atender certos requisitos para fazer parte do Brasil Sorridente\u201d, completa.<\/p>\n\n\n\n<figure class=\"wp-block-image aligncenter size-full\"><img decoding=\"async\" src=\"https:\/\/renatodias.online\/movimento\/wp-content\/uploads\/2023\/05\/Luiz-Inacio-Lula-da-Silva-2023-e1685303223196.jpg\" alt=\"\" class=\"wp-image-16923\"\/><figcaption class=\"wp-element-caption\"><strong><mark style=\"background-color:rgba(0, 0, 0, 0)\" class=\"has-inline-color has-vivid-red-color\">Luiz In\u00e1cio Lula da Silva <\/mark><\/strong><\/figcaption><\/figure>\n\n\n\n<figure class=\"wp-block-image aligncenter size-full\"><img loading=\"lazy\" decoding=\"async\" width=\"300\" height=\"103\" src=\"https:\/\/renatodias.online\/movimento\/wp-content\/uploads\/2022\/08\/Saiba-mais-e1680139445250.png\" alt=\"\" class=\"wp-image-13698\" srcset=\"https:\/\/renatodias.online\/movimento\/wp-content\/uploads\/2022\/08\/Saiba-mais-e1680139445250.png 300w, https:\/\/renatodias.online\/movimento\/wp-content\/uploads\/2022\/08\/Saiba-mais-e1680139445250-150x52.png 150w\" sizes=\"auto, (max-width: 300px) 100vw, 300px\" \/><\/figure>\n\n\n\n<p>Com a audi\u00eancia<strong>, a vereadora K\u00e1tia Maria ir\u00e1 transformar as demandas em requerimentos<\/strong> e encaminhar \u00e0 Secretaria de Sa\u00fade para que as provid\u00eancias sejam tomadas. A diretora de Apoio Assistencial da Secretaria de Sa\u00fade, Ac\u00e1ssia Spirandelli, representou o secret\u00e1rio Durval Pedroso no debate e confirmou que existem problemas na \u00e1rea.<\/p>\n","protected":false},"excerpt":{"rendered":"<p>A vereadora K\u00e1tia Maria [PT] promoveu uma audi\u00eancia p\u00fablica para discutir a situa\u00e7\u00e3o da sa\u00fade bucal em Goi\u00e2nia. Presidente da Comiss\u00e3o de Sa\u00fade na C\u00e2mara Municipal, a parlamentar tem visitado as unidades de sa\u00fade da capital e observado uma s\u00e9rie de defici\u00eancias da \u00e1rea, al\u00e9m de receber diversas demandas da popula\u00e7\u00e3o, atrav\u00e9s dos canais de<\/p>\n","protected":false},"author":2,"featured_media":17498,"comment_status":"open","ping_status":"open","sticky":false,"template":"","format":"standard","meta":{"_acf_changed":false,"_monsterinsights_skip_tracking":false,"_monsterinsights_sitenote_active":false,"_monsterinsights_sitenote_note":"","_monsterinsights_sitenote_category":0,"footnotes":""},"categories":[9],"tags":[],"class_list":["post-18048","post","type-post","status-publish","format-standard","has-post-thumbnail","hentry","category-cidade"],"acf":[],"yoast_head":"<!-- This site is optimized with the Yoast SEO plugin v27.4 - https:\/\/yoast.com\/product\/yoast-seo-wordpress\/ -->\n<title>Audi\u00eancia diagnostica sa\u00fade bucal em Goi\u00e2nia -<\/title>\n<meta name=\"robots\" content=\"index, follow, max-snippet:-1, max-image-preview:large, max-video-preview:-1\" \/>\n<link rel=\"canonical\" href=\"https:\/\/renatodias.online\/movimento\/2023\/09\/06\/audiencia-diagnostica-saude-bucal-em-goiania\/\" \/>\n<meta property=\"og:locale\" content=\"pt_BR\" \/>\n<meta property=\"og:type\" content=\"article\" \/>\n<meta property=\"og:title\" content=\"Audi\u00eancia diagnostica sa\u00fade bucal em Goi\u00e2nia -\" \/>\n<meta property=\"og:description\" content=\"A vereadora K\u00e1tia Maria [PT] promoveu uma audi\u00eancia p\u00fablica para discutir a situa\u00e7\u00e3o da sa\u00fade bucal em Goi\u00e2nia. Presidente da Comiss\u00e3o de Sa\u00fade na C\u00e2mara Municipal, a parlamentar tem visitado as unidades de sa\u00fade da capital e observado uma s\u00e9rie de defici\u00eancias da \u00e1rea, al\u00e9m de receber diversas demandas da popula\u00e7\u00e3o, atrav\u00e9s dos canais de\" \/>\n<meta property=\"og:url\" content=\"https:\/\/renatodias.online\/movimento\/2023\/09\/06\/audiencia-diagnostica-saude-bucal-em-goiania\/\" \/>\n<meta property=\"article:publisher\" content=\"https:\/\/www.facebook.com\/renato.dias.37\" \/>\n<meta property=\"article:author\" content=\"https:\/\/www.facebook.com\/renato.dias.37\" \/>\n<meta property=\"article:published_time\" content=\"2023-09-06T21:51:14+00:00\" \/>\n<meta property=\"article:modified_time\" content=\"2023-09-06T21:51:16+00:00\" \/>\n<meta property=\"og:image\" content=\"https:\/\/renatodias.online\/movimento\/wp-content\/uploads\/2023\/07\/Katia-Marira-LDO-e1689015669235.jpg\" \/>\n\t<meta property=\"og:image:width\" content=\"750\" \/>\n\t<meta property=\"og:image:height\" content=\"500\" \/>\n\t<meta property=\"og:image:type\" content=\"image\/jpeg\" \/>\n<meta name=\"author\" content=\"Renato Dias\" \/>\n<meta name=\"twitter:card\" content=\"summary_large_image\" \/>\n<meta name=\"twitter:creator\" content=\"@RenatoDiasBat\" \/>\n<meta name=\"twitter:site\" content=\"@RenatoDiasBat\" \/>\n<meta name=\"twitter:label1\" content=\"Escrito por\" \/>\n\t<meta name=\"twitter:data1\" content=\"Renato Dias\" \/>\n\t<meta name=\"twitter:label2\" content=\"Est. tempo de leitura\" \/>\n\t<meta name=\"twitter:data2\" content=\"4 minutos\" \/>\n<script type=\"application\/ld+json\" class=\"yoast-schema-graph\">{\"@context\":\"https:\\\/\\\/schema.org\",\"@graph\":[{\"@type\":\"Article\",\"@id\":\"https:\\\/\\\/renatodias.online\\\/movimento\\\/2023\\\/09\\\/06\\\/audiencia-diagnostica-saude-bucal-em-goiania\\\/#article\",\"isPartOf\":{\"@id\":\"https:\\\/\\\/renatodias.online\\\/movimento\\\/2023\\\/09\\\/06\\\/audiencia-diagnostica-saude-bucal-em-goiania\\\/\"},\"author\":{\"name\":\"Renato Dias\",\"@id\":\"https:\\\/\\\/renatodias.online\\\/movimento\\\/#\\\/schema\\\/person\\\/bbab28833b1725a20f4083f49f1fb2a9\"},\"headline\":\"Audi\u00eancia diagnostica sa\u00fade bucal em Goi\u00e2nia\",\"datePublished\":\"2023-09-06T21:51:14+00:00\",\"dateModified\":\"2023-09-06T21:51:16+00:00\",\"mainEntityOfPage\":{\"@id\":\"https:\\\/\\\/renatodias.online\\\/movimento\\\/2023\\\/09\\\/06\\\/audiencia-diagnostica-saude-bucal-em-goiania\\\/\"},\"wordCount\":426,\"commentCount\":0,\"publisher\":{\"@id\":\"https:\\\/\\\/renatodias.online\\\/movimento\\\/#\\\/schema\\\/person\\\/bbab28833b1725a20f4083f49f1fb2a9\"},\"image\":{\"@id\":\"https:\\\/\\\/renatodias.online\\\/movimento\\\/2023\\\/09\\\/06\\\/audiencia-diagnostica-saude-bucal-em-goiania\\\/#primaryimage\"},\"thumbnailUrl\":\"https:\\\/\\\/renatodias.online\\\/movimento\\\/wp-content\\\/uploads\\\/2023\\\/07\\\/Katia-Marira-LDO-e1702484703795.jpg\",\"articleSection\":[\"Cidade\"],\"inLanguage\":\"pt-BR\",\"potentialAction\":[{\"@type\":\"CommentAction\",\"name\":\"Comment\",\"target\":[\"https:\\\/\\\/renatodias.online\\\/movimento\\\/2023\\\/09\\\/06\\\/audiencia-diagnostica-saude-bucal-em-goiania\\\/#respond\"]}]},{\"@type\":\"WebPage\",\"@id\":\"https:\\\/\\\/renatodias.online\\\/movimento\\\/2023\\\/09\\\/06\\\/audiencia-diagnostica-saude-bucal-em-goiania\\\/\",\"url\":\"https:\\\/\\\/renatodias.online\\\/movimento\\\/2023\\\/09\\\/06\\\/audiencia-diagnostica-saude-bucal-em-goiania\\\/\",\"name\":\"Audi\u00eancia diagnostica sa\u00fade bucal em Goi\u00e2nia -\",\"isPartOf\":{\"@id\":\"https:\\\/\\\/renatodias.online\\\/movimento\\\/#website\"},\"primaryImageOfPage\":{\"@id\":\"https:\\\/\\\/renatodias.online\\\/movimento\\\/2023\\\/09\\\/06\\\/audiencia-diagnostica-saude-bucal-em-goiania\\\/#primaryimage\"},\"image\":{\"@id\":\"https:\\\/\\\/renatodias.online\\\/movimento\\\/2023\\\/09\\\/06\\\/audiencia-diagnostica-saude-bucal-em-goiania\\\/#primaryimage\"},\"thumbnailUrl\":\"https:\\\/\\\/renatodias.online\\\/movimento\\\/wp-content\\\/uploads\\\/2023\\\/07\\\/Katia-Marira-LDO-e1702484703795.jpg\",\"datePublished\":\"2023-09-06T21:51:14+00:00\",\"dateModified\":\"2023-09-06T21:51:16+00:00\",\"breadcrumb\":{\"@id\":\"https:\\\/\\\/renatodias.online\\\/movimento\\\/2023\\\/09\\\/06\\\/audiencia-diagnostica-saude-bucal-em-goiania\\\/#breadcrumb\"},\"inLanguage\":\"pt-BR\",\"potentialAction\":[{\"@type\":\"ReadAction\",\"target\":[\"https:\\\/\\\/renatodias.online\\\/movimento\\\/2023\\\/09\\\/06\\\/audiencia-diagnostica-saude-bucal-em-goiania\\\/\"]}]},{\"@type\":\"ImageObject\",\"inLanguage\":\"pt-BR\",\"@id\":\"https:\\\/\\\/renatodias.online\\\/movimento\\\/2023\\\/09\\\/06\\\/audiencia-diagnostica-saude-bucal-em-goiania\\\/#primaryimage\",\"url\":\"https:\\\/\\\/renatodias.online\\\/movimento\\\/wp-content\\\/uploads\\\/2023\\\/07\\\/Katia-Marira-LDO-e1702484703795.jpg\",\"contentUrl\":\"https:\\\/\\\/renatodias.online\\\/movimento\\\/wp-content\\\/uploads\\\/2023\\\/07\\\/Katia-Marira-LDO-e1702484703795.jpg\",\"width\":150,\"height\":100,\"caption\":\"K\u00e1tia Maria\"},{\"@type\":\"BreadcrumbList\",\"@id\":\"https:\\\/\\\/renatodias.online\\\/movimento\\\/2023\\\/09\\\/06\\\/audiencia-diagnostica-saude-bucal-em-goiania\\\/#breadcrumb\",\"itemListElement\":[{\"@type\":\"ListItem\",\"position\":1,\"name\":\"In\u00edcio\",\"item\":\"https:\\\/\\\/renatodias.online\\\/movimento\\\/\"},{\"@type\":\"ListItem\",\"position\":2,\"name\":\"Audi\u00eancia diagnostica sa\u00fade bucal em Goi\u00e2nia\"}]},{\"@type\":\"WebSite\",\"@id\":\"https:\\\/\\\/renatodias.online\\\/movimento\\\/#website\",\"url\":\"https:\\\/\\\/renatodias.online\\\/movimento\\\/\",\"name\":\"\",\"description\":\"\",\"publisher\":{\"@id\":\"https:\\\/\\\/renatodias.online\\\/movimento\\\/#\\\/schema\\\/person\\\/bbab28833b1725a20f4083f49f1fb2a9\"},\"potentialAction\":[{\"@type\":\"SearchAction\",\"target\":{\"@type\":\"EntryPoint\",\"urlTemplate\":\"https:\\\/\\\/renatodias.online\\\/movimento\\\/?s={search_term_string}\"},\"query-input\":{\"@type\":\"PropertyValueSpecification\",\"valueRequired\":true,\"valueName\":\"search_term_string\"}}],\"inLanguage\":\"pt-BR\"},{\"@type\":[\"Person\",\"Organization\"],\"@id\":\"https:\\\/\\\/renatodias.online\\\/movimento\\\/#\\\/schema\\\/person\\\/bbab28833b1725a20f4083f49f1fb2a9\",\"name\":\"Renato Dias\",\"image\":{\"@type\":\"ImageObject\",\"inLanguage\":\"pt-BR\",\"@id\":\"https:\\\/\\\/renatodias.online\\\/movimento\\\/wp-content\\\/uploads\\\/2023\\\/03\\\/cropped-cropped-cropped-logofinal.jpeg\",\"url\":\"https:\\\/\\\/renatodias.online\\\/movimento\\\/wp-content\\\/uploads\\\/2023\\\/03\\\/cropped-cropped-cropped-logofinal.jpeg\",\"contentUrl\":\"https:\\\/\\\/renatodias.online\\\/movimento\\\/wp-content\\\/uploads\\\/2023\\\/03\\\/cropped-cropped-cropped-logofinal.jpeg\",\"width\":1280,\"height\":219,\"caption\":\"Renato Dias\"},\"logo\":{\"@id\":\"https:\\\/\\\/renatodias.online\\\/movimento\\\/wp-content\\\/uploads\\\/2023\\\/03\\\/cropped-cropped-cropped-logofinal.jpeg\"},\"description\":\"Renato Dias, 58 anos, \u00e9 graduado em Jornalismo, formado em Ci\u00eancias Sociais, com p\u00f3s-gradua\u00e7\u00e3o em Pol\u00edticas P\u00fablicas, mestre em Direito e Rela\u00e7\u00f5es Internacionais, ex-aluno extraordin\u00e1rio do Doutorado em Psicologia Social, ex-estudante do Curso de Psican\u00e1lise do Centro de Estudos Psicanal\u00edticos do Estado de Goi\u00e1s, ministrado pelo m\u00e9dico psiquiatra e psicanalista Daniel Em\u00eddio de Souza. \u00c9 autor de 30 livros-reportagem, oito document\u00e1rios, ganhou 30 pr\u00eamios e \u00e9 torcedor apaixonado do maior do Centro-Oeste, o Vila Nova Futebol Clube. Casado com Meirilane Dias, \u00e9 pai de Juliana Dias, jornalista; Daniel Dias, economista; e Maria Rosa Dias, estudante antifascista, socialista e trotskista.\u00a0Com tr\u00eas pets: Porquinho [Bull Dog Franc\u00eas], Dalila [Basset Hound] e Geleia [Basset Hound]. Al\u00e9m do eterno gato Tutuquinho, que virou estrela.\",\"sameAs\":[\"https:\\\/\\\/www.facebook.com\\\/renato.dias.37\",\"#breve\",\"https:\\\/\\\/renatodias.tumblr.com\\\/\"],\"url\":\"https:\\\/\\\/renatodias.online\\\/movimento\\\/author\\\/renatodias\\\/\"}]}<\/script>\n<!-- \/ Yoast SEO plugin. -->","yoast_head_json":{"title":"Audi\u00eancia diagnostica sa\u00fade bucal em Goi\u00e2nia -","robots":{"index":"index","follow":"follow","max-snippet":"max-snippet:-1","max-image-preview":"max-image-preview:large","max-video-preview":"max-video-preview:-1"},"canonical":"https:\/\/renatodias.online\/movimento\/2023\/09\/06\/audiencia-diagnostica-saude-bucal-em-goiania\/","og_locale":"pt_BR","og_type":"article","og_title":"Audi\u00eancia diagnostica sa\u00fade bucal em Goi\u00e2nia -","og_description":"A vereadora K\u00e1tia Maria [PT] promoveu uma audi\u00eancia p\u00fablica para discutir a situa\u00e7\u00e3o da sa\u00fade bucal em Goi\u00e2nia. Presidente da Comiss\u00e3o de Sa\u00fade na C\u00e2mara Municipal, a parlamentar tem visitado as unidades de sa\u00fade da capital e observado uma s\u00e9rie de defici\u00eancias da \u00e1rea, al\u00e9m de receber diversas demandas da popula\u00e7\u00e3o, atrav\u00e9s dos canais de","og_url":"https:\/\/renatodias.online\/movimento\/2023\/09\/06\/audiencia-diagnostica-saude-bucal-em-goiania\/","article_publisher":"https:\/\/www.facebook.com\/renato.dias.37","article_author":"https:\/\/www.facebook.com\/renato.dias.37","article_published_time":"2023-09-06T21:51:14+00:00","article_modified_time":"2023-09-06T21:51:16+00:00","og_image":[{"width":750,"height":500,"url":"https:\/\/renatodias.online\/movimento\/wp-content\/uploads\/2023\/07\/Katia-Marira-LDO-e1689015669235.jpg","type":"image\/jpeg"}],"author":"Renato Dias","twitter_card":"summary_large_image","twitter_creator":"@RenatoDiasBat","twitter_site":"@RenatoDiasBat","twitter_misc":{"Escrito por":"Renato Dias","Est. tempo de leitura":"4 minutos"},"schema":{"@context":"https:\/\/schema.org","@graph":[{"@type":"Article","@id":"https:\/\/renatodias.online\/movimento\/2023\/09\/06\/audiencia-diagnostica-saude-bucal-em-goiania\/#article","isPartOf":{"@id":"https:\/\/renatodias.online\/movimento\/2023\/09\/06\/audiencia-diagnostica-saude-bucal-em-goiania\/"},"author":{"name":"Renato Dias","@id":"https:\/\/renatodias.online\/movimento\/#\/schema\/person\/bbab28833b1725a20f4083f49f1fb2a9"},"headline":"Audi\u00eancia diagnostica sa\u00fade bucal em Goi\u00e2nia","datePublished":"2023-09-06T21:51:14+00:00","dateModified":"2023-09-06T21:51:16+00:00","mainEntityOfPage":{"@id":"https:\/\/renatodias.online\/movimento\/2023\/09\/06\/audiencia-diagnostica-saude-bucal-em-goiania\/"},"wordCount":426,"commentCount":0,"publisher":{"@id":"https:\/\/renatodias.online\/movimento\/#\/schema\/person\/bbab28833b1725a20f4083f49f1fb2a9"},"image":{"@id":"https:\/\/renatodias.online\/movimento\/2023\/09\/06\/audiencia-diagnostica-saude-bucal-em-goiania\/#primaryimage"},"thumbnailUrl":"https:\/\/renatodias.online\/movimento\/wp-content\/uploads\/2023\/07\/Katia-Marira-LDO-e1702484703795.jpg","articleSection":["Cidade"],"inLanguage":"pt-BR","potentialAction":[{"@type":"CommentAction","name":"Comment","target":["https:\/\/renatodias.online\/movimento\/2023\/09\/06\/audiencia-diagnostica-saude-bucal-em-goiania\/#respond"]}]},{"@type":"WebPage","@id":"https:\/\/renatodias.online\/movimento\/2023\/09\/06\/audiencia-diagnostica-saude-bucal-em-goiania\/","url":"https:\/\/renatodias.online\/movimento\/2023\/09\/06\/audiencia-diagnostica-saude-bucal-em-goiania\/","name":"Audi\u00eancia diagnostica sa\u00fade bucal em Goi\u00e2nia -","isPartOf":{"@id":"https:\/\/renatodias.online\/movimento\/#website"},"primaryImageOfPage":{"@id":"https:\/\/renatodias.online\/movimento\/2023\/09\/06\/audiencia-diagnostica-saude-bucal-em-goiania\/#primaryimage"},"image":{"@id":"https:\/\/renatodias.online\/movimento\/2023\/09\/06\/audiencia-diagnostica-saude-bucal-em-goiania\/#primaryimage"},"thumbnailUrl":"https:\/\/renatodias.online\/movimento\/wp-content\/uploads\/2023\/07\/Katia-Marira-LDO-e1702484703795.jpg","datePublished":"2023-09-06T21:51:14+00:00","dateModified":"2023-09-06T21:51:16+00:00","breadcrumb":{"@id":"https:\/\/renatodias.online\/movimento\/2023\/09\/06\/audiencia-diagnostica-saude-bucal-em-goiania\/#breadcrumb"},"inLanguage":"pt-BR","potentialAction":[{"@type":"ReadAction","target":["https:\/\/renatodias.online\/movimento\/2023\/09\/06\/audiencia-diagnostica-saude-bucal-em-goiania\/"]}]},{"@type":"ImageObject","inLanguage":"pt-BR","@id":"https:\/\/renatodias.online\/movimento\/2023\/09\/06\/audiencia-diagnostica-saude-bucal-em-goiania\/#primaryimage","url":"https:\/\/renatodias.online\/movimento\/wp-content\/uploads\/2023\/07\/Katia-Marira-LDO-e1702484703795.jpg","contentUrl":"https:\/\/renatodias.online\/movimento\/wp-content\/uploads\/2023\/07\/Katia-Marira-LDO-e1702484703795.jpg","width":150,"height":100,"caption":"K\u00e1tia Maria"},{"@type":"BreadcrumbList","@id":"https:\/\/renatodias.online\/movimento\/2023\/09\/06\/audiencia-diagnostica-saude-bucal-em-goiania\/#breadcrumb","itemListElement":[{"@type":"ListItem","position":1,"name":"In\u00edcio","item":"https:\/\/renatodias.online\/movimento\/"},{"@type":"ListItem","position":2,"name":"Audi\u00eancia diagnostica sa\u00fade bucal em Goi\u00e2nia"}]},{"@type":"WebSite","@id":"https:\/\/renatodias.online\/movimento\/#website","url":"https:\/\/renatodias.online\/movimento\/","name":"","description":"","publisher":{"@id":"https:\/\/renatodias.online\/movimento\/#\/schema\/person\/bbab28833b1725a20f4083f49f1fb2a9"},"potentialAction":[{"@type":"SearchAction","target":{"@type":"EntryPoint","urlTemplate":"https:\/\/renatodias.online\/movimento\/?s={search_term_string}"},"query-input":{"@type":"PropertyValueSpecification","valueRequired":true,"valueName":"search_term_string"}}],"inLanguage":"pt-BR"},{"@type":["Person","Organization"],"@id":"https:\/\/renatodias.online\/movimento\/#\/schema\/person\/bbab28833b1725a20f4083f49f1fb2a9","name":"Renato Dias","image":{"@type":"ImageObject","inLanguage":"pt-BR","@id":"https:\/\/renatodias.online\/movimento\/wp-content\/uploads\/2023\/03\/cropped-cropped-cropped-logofinal.jpeg","url":"https:\/\/renatodias.online\/movimento\/wp-content\/uploads\/2023\/03\/cropped-cropped-cropped-logofinal.jpeg","contentUrl":"https:\/\/renatodias.online\/movimento\/wp-content\/uploads\/2023\/03\/cropped-cropped-cropped-logofinal.jpeg","width":1280,"height":219,"caption":"Renato Dias"},"logo":{"@id":"https:\/\/renatodias.online\/movimento\/wp-content\/uploads\/2023\/03\/cropped-cropped-cropped-logofinal.jpeg"},"description":"Renato Dias, 58 anos, \u00e9 graduado em Jornalismo, formado em Ci\u00eancias Sociais, com p\u00f3s-gradua\u00e7\u00e3o em Pol\u00edticas P\u00fablicas, mestre em Direito e Rela\u00e7\u00f5es Internacionais, ex-aluno extraordin\u00e1rio do Doutorado em Psicologia Social, ex-estudante do Curso de Psican\u00e1lise do Centro de Estudos Psicanal\u00edticos do Estado de Goi\u00e1s, ministrado pelo m\u00e9dico psiquiatra e psicanalista Daniel Em\u00eddio de Souza. \u00c9 autor de 30 livros-reportagem, oito document\u00e1rios, ganhou 30 pr\u00eamios e \u00e9 torcedor apaixonado do maior do Centro-Oeste, o Vila Nova Futebol Clube. Casado com Meirilane Dias, \u00e9 pai de Juliana Dias, jornalista; Daniel Dias, economista; e Maria Rosa Dias, estudante antifascista, socialista e trotskista.\u00a0Com tr\u00eas pets: Porquinho [Bull Dog Franc\u00eas], Dalila [Basset Hound] e Geleia [Basset Hound]. Al\u00e9m do eterno gato Tutuquinho, que virou estrela.","sameAs":["https:\/\/www.facebook.com\/renato.dias.37","#breve","https:\/\/renatodias.tumblr.com\/"],"url":"https:\/\/renatodias.online\/movimento\/author\/renatodias\/"}]}},"_links":{"self":[{"href":"https:\/\/renatodias.online\/movimento\/wp-json\/wp\/v2\/posts\/18048","targetHints":{"allow":["GET"]}}],"collection":[{"href":"https:\/\/renatodias.online\/movimento\/wp-json\/wp\/v2\/posts"}],"about":[{"href":"https:\/\/renatodias.online\/movimento\/wp-json\/wp\/v2\/types\/post"}],"author":[{"embeddable":true,"href":"https:\/\/renatodias.online\/movimento\/wp-json\/wp\/v2\/users\/2"}],"replies":[{"embeddable":true,"href":"https:\/\/renatodias.online\/movimento\/wp-json\/wp\/v2\/comments?post=18048"}],"version-history":[{"count":1,"href":"https:\/\/renatodias.online\/movimento\/wp-json\/wp\/v2\/posts\/18048\/revisions"}],"predecessor-version":[{"id":18049,"href":"https:\/\/renatodias.online\/movimento\/wp-json\/wp\/v2\/posts\/18048\/revisions\/18049"}],"wp:featuredmedia":[{"embeddable":true,"href":"https:\/\/renatodias.online\/movimento\/wp-json\/wp\/v2\/media\/17498"}],"wp:attachment":[{"href":"https:\/\/renatodias.online\/movimento\/wp-json\/wp\/v2\/media?parent=18048"}],"wp:term":[{"taxonomy":"category","embeddable":true,"href":"https:\/\/renatodias.online\/movimento\/wp-json\/wp\/v2\/categories?post=18048"},{"taxonomy":"post_tag","embeddable":true,"href":"https:\/\/renatodias.online\/movimento\/wp-json\/wp\/v2\/tags?post=18048"}],"curies":[{"name":"wp","href":"https:\/\/api.w.org\/{rel}","templated":true}]}}