{"id":17983,"date":"2023-09-02T21:56:26","date_gmt":"2023-09-03T00:56:26","guid":{"rendered":"https:\/\/renatodias.online\/movimento\/?p=17983"},"modified":"2023-09-02T21:58:56","modified_gmt":"2023-09-03T00:58:56","slug":"valorizacao-da-mulher-do-campo-vira-lei","status":"publish","type":"post","link":"https:\/\/renatodias.online\/movimento\/2023\/09\/02\/valorizacao-da-mulher-do-campo-vira-lei\/","title":{"rendered":"<strong>Valoriza\u00e7\u00e3o da Mulher do Campo vira lei<\/strong>"},"content":{"rendered":"\n<p class=\"has-text-align-center\"><strong><mark style=\"background-color:rgba(0, 0, 0, 0)\" class=\"has-inline-color has-vivid-cyan-blue-color\"><\/mark><\/strong><\/p>\n\n\n\n<figure class=\"wp-block-image aligncenter size-full\"><img decoding=\"async\" src=\"https:\/\/renatodias.online\/movimento\/wp-content\/uploads\/2020\/11\/Logo-Exclusivo.jpg\" alt=\"\" class=\"wp-image-4887\"\/><\/figure>\n\n\n\n<figure class=\"wp-block-image aligncenter size-full\"><img loading=\"lazy\" decoding=\"async\" width=\"225\" height=\"225\" src=\"https:\/\/renatodias.online\/movimento\/wp-content\/uploads\/2022\/03\/Entrevista-Especial.png\" alt=\"\" class=\"wp-image-11298\" srcset=\"https:\/\/renatodias.online\/movimento\/wp-content\/uploads\/2022\/03\/Entrevista-Especial.png 225w, https:\/\/renatodias.online\/movimento\/wp-content\/uploads\/2022\/03\/Entrevista-Especial-150x150.png 150w\" sizes=\"auto, (max-width: 225px) 100vw, 225px\" \/><\/figure>\n\n\n\n<p class=\"has-text-align-center\"><strong><mark style=\"background-color:rgba(0, 0, 0, 0)\" class=\"has-inline-color has-vivid-purple-color\">Proposta de Gustavo Sebba<\/mark><\/strong><\/p>\n\n\n\n<p class=\"has-text-align-center\"><mark style=\"background-color:rgba(0, 0, 0, 0)\" class=\"has-inline-color has-vivid-red-color\"><strong>N\u00e1dia Lippi &#8211; Especial para o www.renatodias.online<\/strong><\/mark><\/p>\n\n\n\n<p>A Lei Estadual n\u00ba 264\/23, de autoria do deputado estadual <strong><mark style=\"background-color:rgba(0, 0, 0, 0)\" class=\"has-inline-color has-vivid-cyan-blue-color\">Gustavo Sebba [PSDB]<\/mark><\/strong>, que incentiva a atividade rural das mulheres e promove sua inclus\u00e3o qualificada na atividade agr\u00edcola, recebeu a san\u00e7\u00e3o da Governadoria. A pol\u00edtica de valoriza\u00e7\u00e3o da mulher no campo promover\u00e1 o desenvolvimento da atividade rural das mulheres, a inclus\u00e3o qualificada na atividade agr\u00edcola, com a\u00e7\u00f5es para garantir o respeito \u00e0 sua capacidade produtiva e suas potencialidades profissionais, assim como assegurar a plenitude emocional, f\u00edsica e ps\u00edquica. Al\u00e9m da realiza\u00e7\u00e3o de estudos para criar bancos de dados das mulheres trabalhadoras na \u00e1rea rural.<\/p>\n\n\n\n<figure class=\"wp-block-image aligncenter size-full\"><img loading=\"lazy\" decoding=\"async\" width=\"626\" height=\"469\" src=\"https:\/\/renatodias.online\/movimento\/wp-content\/uploads\/2023\/06\/Trabalhadora-rural.jpg\" alt=\"\" class=\"wp-image-17238\" srcset=\"https:\/\/renatodias.online\/movimento\/wp-content\/uploads\/2023\/06\/Trabalhadora-rural.jpg 626w, https:\/\/renatodias.online\/movimento\/wp-content\/uploads\/2023\/06\/Trabalhadora-rural-300x225.jpg 300w, https:\/\/renatodias.online\/movimento\/wp-content\/uploads\/2023\/06\/Trabalhadora-rural-150x112.jpg 150w\" sizes=\"auto, (max-width: 626px) 100vw, 626px\" \/><figcaption class=\"wp-element-caption\"><strong>Trabalhadora rural<\/strong><\/figcaption><\/figure>\n\n\n\n<figure class=\"wp-block-image aligncenter size-full\"><img decoding=\"async\" src=\"https:\/\/renatodias.online\/movimento\/wp-content\/uploads\/2022\/08\/Raio-X-especial-e1680139645191.png\" alt=\"\" class=\"wp-image-13781\"\/><\/figure>\n\n\n\n<p>O parlamentar mostra <strong>cinco objetivos<\/strong> para sua pol\u00edtica: impulsionar a inclus\u00e3o qualificada da mulher trabalhadora rural com eventos de capacita\u00e7\u00e3o e profissionaliza\u00e7\u00e3o, valorizar a mulher chefe de estabelecimento rural com acesso priorit\u00e1rio a recursos, subs\u00eddios e pol\u00edticas p\u00fablicas voltadas para a agricultura em Goi\u00e1s, promover o desenvolvimento econ\u00f4mico e social sustent\u00e1vel dos estabelecimentos rurais liderados por mulheres, fomentar a\u00e7\u00f5es preventivas e de combate \u00e0 viol\u00eancia dom\u00e9stica, de g\u00eanero e patrimonial e garantir assist\u00eancia psicossocial \u00e0s mulheres, assegurando plenitude emocional, capacidade produtiva, potencialidades.<\/p>\n\n\n\n<figure class=\"wp-block-image aligncenter size-full\"><img loading=\"lazy\" decoding=\"async\" width=\"604\" height=\"400\" src=\"https:\/\/renatodias.online\/movimento\/wp-content\/uploads\/2023\/06\/Trabalhadora-rural-1.jpg\" alt=\"\" class=\"wp-image-17239\" srcset=\"https:\/\/renatodias.online\/movimento\/wp-content\/uploads\/2023\/06\/Trabalhadora-rural-1.jpg 604w, https:\/\/renatodias.online\/movimento\/wp-content\/uploads\/2023\/06\/Trabalhadora-rural-1-300x199.jpg 300w, https:\/\/renatodias.online\/movimento\/wp-content\/uploads\/2023\/06\/Trabalhadora-rural-1-150x99.jpg 150w\" sizes=\"auto, (max-width: 604px) 100vw, 604px\" \/><figcaption class=\"wp-element-caption\"><strong>Trabalhadora rural em atividade<\/strong><\/figcaption><\/figure>\n\n\n\n<figure class=\"wp-block-image aligncenter size-full\"><img decoding=\"async\" src=\"https:\/\/renatodias.online\/movimento\/wp-content\/uploads\/2023\/04\/Veja-e1680475225663.jpg\" alt=\"\" class=\"wp-image-16291\"\/><\/figure>\n\n\n\n<p><strong><mark style=\"background-color:rgba(0, 0, 0, 0)\" class=\"has-inline-color has-vivid-cyan-blue-color\">Gustavo Sebba<\/mark> <\/strong>informa que a atua\u00e7\u00e3o feminina tem se mostrado um verdadeiro diferencial no agroneg\u00f3cio, contribuindo significativamente para elevar o Brasil a um lugar de destaque mundial no setor. &#8220;A proposta busca garantir \u00e0s mulheres do campo os mesmos direitos e garantias dos homens, bem como das mulheres que vivem em \u00e1reas urbanas&#8221;, afirma. Pesquisas recentes mostram que o papel da mulher no agroneg\u00f3cio est\u00e1 ganhando for\u00e7a, especialmente porque as mulheres passam mais tempo na escola. Grande parte dos profissionais em \u00e1reas como veterin\u00e1ria, agronomia, administra\u00e7\u00e3o e zootecnia \u00e9 composta por mulheres.<\/p>\n\n\n\n<figure class=\"wp-block-image aligncenter size-full\"><img loading=\"lazy\" decoding=\"async\" width=\"600\" height=\"360\" src=\"https:\/\/renatodias.online\/movimento\/wp-content\/uploads\/2023\/06\/Trabalhadora-rural-2-e1687978597455.jpg\" alt=\"\" class=\"wp-image-17240\" srcset=\"https:\/\/renatodias.online\/movimento\/wp-content\/uploads\/2023\/06\/Trabalhadora-rural-2-e1687978597455.jpg 600w, https:\/\/renatodias.online\/movimento\/wp-content\/uploads\/2023\/06\/Trabalhadora-rural-2-e1687978597455-300x180.jpg 300w, https:\/\/renatodias.online\/movimento\/wp-content\/uploads\/2023\/06\/Trabalhadora-rural-2-e1687978597455-150x90.jpg 150w\" sizes=\"auto, (max-width: 600px) 100vw, 600px\" \/><figcaption class=\"wp-element-caption\"><strong>O trabalho na \u00e1rea rural<\/strong><\/figcaption><\/figure>\n\n\n\n<figure class=\"wp-block-image aligncenter size-full\"><img loading=\"lazy\" decoding=\"async\" width=\"300\" height=\"103\" src=\"https:\/\/renatodias.online\/movimento\/wp-content\/uploads\/2022\/08\/Saiba-mais-e1680139445250.png\" alt=\"\" class=\"wp-image-13698\" srcset=\"https:\/\/renatodias.online\/movimento\/wp-content\/uploads\/2022\/08\/Saiba-mais-e1680139445250.png 300w, https:\/\/renatodias.online\/movimento\/wp-content\/uploads\/2022\/08\/Saiba-mais-e1680139445250-150x52.png 150w\" sizes=\"auto, (max-width: 300px) 100vw, 300px\" \/><\/figure>\n\n\n\n<p>&#8220;Atualmente,<mark style=\"background-color:rgba(0, 0, 0, 0)\" class=\"has-inline-color has-luminous-vivid-orange-color\"> <strong>as mulheres desempenham um papel importante em estudos e pesquisas, tornando-se \u00edcones no agroneg\u00f3cio<\/strong><\/mark>. Apesar da exist\u00eancia de preconceitos na \u00e1rea, \u00e9 uma barreira que estamos combatendo. Portanto, essa proposta \u00e9 relevante para promover a igualdade de g\u00eanero e a autonomia das mulheres, especialmente no campo, atrav\u00e9s do estabelecimento de pol\u00edticas p\u00fablicas que valorizem e incentivem o trabalho desenvolvido por elas&#8221;, destaca o deputado estadual tucano.<\/p>\n\n\n\n<figure class=\"wp-block-image aligncenter size-full\"><img decoding=\"async\" src=\"https:\/\/renatodias.online\/movimento\/wp-content\/uploads\/2022\/05\/Agronegocio-e1692412359501.png\" alt=\"\" class=\"wp-image-12414\"\/><figcaption class=\"wp-element-caption\"><strong>Agroneg\u00f3cio <\/strong><\/figcaption><\/figure>\n","protected":false},"excerpt":{"rendered":"<p>Proposta de Gustavo Sebba N\u00e1dia Lippi &#8211; Especial para o www.renatodias.online A Lei Estadual n\u00ba 264\/23, de autoria do deputado estadual Gustavo Sebba [PSDB], que incentiva a atividade rural das mulheres e promove sua inclus\u00e3o qualificada na atividade agr\u00edcola, recebeu a san\u00e7\u00e3o da Governadoria. A pol\u00edtica de valoriza\u00e7\u00e3o da mulher no campo promover\u00e1 o desenvolvimento<\/p>\n","protected":false},"author":2,"featured_media":17984,"comment_status":"open","ping_status":"open","sticky":false,"template":"","format":"standard","meta":{"_acf_changed":false,"_monsterinsights_skip_tracking":false,"_monsterinsights_sitenote_active":false,"_monsterinsights_sitenote_note":"","_monsterinsights_sitenote_category":0,"footnotes":""},"categories":[10],"tags":[],"class_list":["post-17983","post","type-post","status-publish","format-standard","has-post-thumbnail","hentry","category-economia"],"acf":[],"yoast_head":"<!-- This site is optimized with the Yoast SEO plugin v27.4 - https:\/\/yoast.com\/product\/yoast-seo-wordpress\/ -->\n<title>Valoriza\u00e7\u00e3o da Mulher do Campo vira lei -<\/title>\n<meta name=\"robots\" content=\"index, follow, max-snippet:-1, max-image-preview:large, max-video-preview:-1\" \/>\n<link rel=\"canonical\" href=\"https:\/\/renatodias.online\/movimento\/2023\/09\/02\/valorizacao-da-mulher-do-campo-vira-lei\/\" \/>\n<meta property=\"og:locale\" content=\"pt_BR\" \/>\n<meta property=\"og:type\" content=\"article\" \/>\n<meta property=\"og:title\" content=\"Valoriza\u00e7\u00e3o da Mulher do Campo vira lei -\" \/>\n<meta property=\"og:description\" content=\"Proposta de Gustavo Sebba N\u00e1dia Lippi &#8211; Especial para o www.renatodias.online A Lei Estadual n\u00ba 264\/23, de autoria do deputado estadual Gustavo Sebba [PSDB], que incentiva a atividade rural das mulheres e promove sua inclus\u00e3o qualificada na atividade agr\u00edcola, recebeu a san\u00e7\u00e3o da Governadoria. A pol\u00edtica de valoriza\u00e7\u00e3o da mulher no campo promover\u00e1 o desenvolvimento\" \/>\n<meta property=\"og:url\" content=\"https:\/\/renatodias.online\/movimento\/2023\/09\/02\/valorizacao-da-mulher-do-campo-vira-lei\/\" \/>\n<meta property=\"article:publisher\" content=\"https:\/\/www.facebook.com\/renato.dias.37\" \/>\n<meta property=\"article:author\" content=\"https:\/\/www.facebook.com\/renato.dias.37\" \/>\n<meta property=\"article:published_time\" content=\"2023-09-03T00:56:26+00:00\" \/>\n<meta property=\"article:modified_time\" content=\"2023-09-03T00:58:56+00:00\" \/>\n<meta property=\"og:image\" content=\"https:\/\/renatodias.online\/movimento\/wp-content\/uploads\/2023\/09\/Gustavo-Sebba-no-plenario-e1693702563751.jpg\" \/>\n\t<meta property=\"og:image:width\" content=\"750\" \/>\n\t<meta property=\"og:image:height\" content=\"563\" \/>\n\t<meta property=\"og:image:type\" content=\"image\/jpeg\" \/>\n<meta name=\"author\" content=\"Renato Dias\" \/>\n<meta name=\"twitter:card\" content=\"summary_large_image\" \/>\n<meta name=\"twitter:creator\" content=\"@RenatoDiasBat\" \/>\n<meta name=\"twitter:site\" content=\"@RenatoDiasBat\" \/>\n<meta name=\"twitter:label1\" content=\"Escrito por\" \/>\n\t<meta name=\"twitter:data1\" content=\"Renato Dias\" \/>\n\t<meta name=\"twitter:label2\" content=\"Est. tempo de leitura\" \/>\n\t<meta name=\"twitter:data2\" content=\"4 minutos\" \/>\n<script type=\"application\/ld+json\" class=\"yoast-schema-graph\">{\"@context\":\"https:\\\/\\\/schema.org\",\"@graph\":[{\"@type\":\"Article\",\"@id\":\"https:\\\/\\\/renatodias.online\\\/movimento\\\/2023\\\/09\\\/02\\\/valorizacao-da-mulher-do-campo-vira-lei\\\/#article\",\"isPartOf\":{\"@id\":\"https:\\\/\\\/renatodias.online\\\/movimento\\\/2023\\\/09\\\/02\\\/valorizacao-da-mulher-do-campo-vira-lei\\\/\"},\"author\":{\"name\":\"Renato Dias\",\"@id\":\"https:\\\/\\\/renatodias.online\\\/movimento\\\/#\\\/schema\\\/person\\\/bbab28833b1725a20f4083f49f1fb2a9\"},\"headline\":\"Valoriza\u00e7\u00e3o da Mulher do Campo vira lei\",\"datePublished\":\"2023-09-03T00:56:26+00:00\",\"dateModified\":\"2023-09-03T00:58:56+00:00\",\"mainEntityOfPage\":{\"@id\":\"https:\\\/\\\/renatodias.online\\\/movimento\\\/2023\\\/09\\\/02\\\/valorizacao-da-mulher-do-campo-vira-lei\\\/\"},\"wordCount\":404,\"commentCount\":0,\"publisher\":{\"@id\":\"https:\\\/\\\/renatodias.online\\\/movimento\\\/#\\\/schema\\\/person\\\/bbab28833b1725a20f4083f49f1fb2a9\"},\"image\":{\"@id\":\"https:\\\/\\\/renatodias.online\\\/movimento\\\/2023\\\/09\\\/02\\\/valorizacao-da-mulher-do-campo-vira-lei\\\/#primaryimage\"},\"thumbnailUrl\":\"https:\\\/\\\/renatodias.online\\\/movimento\\\/wp-content\\\/uploads\\\/2023\\\/09\\\/Gustavo-Sebba-no-plenario-e1693702563751.jpg\",\"articleSection\":[\"Economia\"],\"inLanguage\":\"pt-BR\",\"potentialAction\":[{\"@type\":\"CommentAction\",\"name\":\"Comment\",\"target\":[\"https:\\\/\\\/renatodias.online\\\/movimento\\\/2023\\\/09\\\/02\\\/valorizacao-da-mulher-do-campo-vira-lei\\\/#respond\"]}]},{\"@type\":\"WebPage\",\"@id\":\"https:\\\/\\\/renatodias.online\\\/movimento\\\/2023\\\/09\\\/02\\\/valorizacao-da-mulher-do-campo-vira-lei\\\/\",\"url\":\"https:\\\/\\\/renatodias.online\\\/movimento\\\/2023\\\/09\\\/02\\\/valorizacao-da-mulher-do-campo-vira-lei\\\/\",\"name\":\"Valoriza\u00e7\u00e3o da Mulher do Campo vira lei -\",\"isPartOf\":{\"@id\":\"https:\\\/\\\/renatodias.online\\\/movimento\\\/#website\"},\"primaryImageOfPage\":{\"@id\":\"https:\\\/\\\/renatodias.online\\\/movimento\\\/2023\\\/09\\\/02\\\/valorizacao-da-mulher-do-campo-vira-lei\\\/#primaryimage\"},\"image\":{\"@id\":\"https:\\\/\\\/renatodias.online\\\/movimento\\\/2023\\\/09\\\/02\\\/valorizacao-da-mulher-do-campo-vira-lei\\\/#primaryimage\"},\"thumbnailUrl\":\"https:\\\/\\\/renatodias.online\\\/movimento\\\/wp-content\\\/uploads\\\/2023\\\/09\\\/Gustavo-Sebba-no-plenario-e1693702563751.jpg\",\"datePublished\":\"2023-09-03T00:56:26+00:00\",\"dateModified\":\"2023-09-03T00:58:56+00:00\",\"breadcrumb\":{\"@id\":\"https:\\\/\\\/renatodias.online\\\/movimento\\\/2023\\\/09\\\/02\\\/valorizacao-da-mulher-do-campo-vira-lei\\\/#breadcrumb\"},\"inLanguage\":\"pt-BR\",\"potentialAction\":[{\"@type\":\"ReadAction\",\"target\":[\"https:\\\/\\\/renatodias.online\\\/movimento\\\/2023\\\/09\\\/02\\\/valorizacao-da-mulher-do-campo-vira-lei\\\/\"]}]},{\"@type\":\"ImageObject\",\"inLanguage\":\"pt-BR\",\"@id\":\"https:\\\/\\\/renatodias.online\\\/movimento\\\/2023\\\/09\\\/02\\\/valorizacao-da-mulher-do-campo-vira-lei\\\/#primaryimage\",\"url\":\"https:\\\/\\\/renatodias.online\\\/movimento\\\/wp-content\\\/uploads\\\/2023\\\/09\\\/Gustavo-Sebba-no-plenario-e1693702563751.jpg\",\"contentUrl\":\"https:\\\/\\\/renatodias.online\\\/movimento\\\/wp-content\\\/uploads\\\/2023\\\/09\\\/Gustavo-Sebba-no-plenario-e1693702563751.jpg\",\"width\":750,\"height\":563,\"caption\":\"Gustavo Sebba no plen\u00e1rio\"},{\"@type\":\"BreadcrumbList\",\"@id\":\"https:\\\/\\\/renatodias.online\\\/movimento\\\/2023\\\/09\\\/02\\\/valorizacao-da-mulher-do-campo-vira-lei\\\/#breadcrumb\",\"itemListElement\":[{\"@type\":\"ListItem\",\"position\":1,\"name\":\"In\u00edcio\",\"item\":\"https:\\\/\\\/renatodias.online\\\/movimento\\\/\"},{\"@type\":\"ListItem\",\"position\":2,\"name\":\"Valoriza\u00e7\u00e3o da Mulher do Campo vira lei\"}]},{\"@type\":\"WebSite\",\"@id\":\"https:\\\/\\\/renatodias.online\\\/movimento\\\/#website\",\"url\":\"https:\\\/\\\/renatodias.online\\\/movimento\\\/\",\"name\":\"\",\"description\":\"\",\"publisher\":{\"@id\":\"https:\\\/\\\/renatodias.online\\\/movimento\\\/#\\\/schema\\\/person\\\/bbab28833b1725a20f4083f49f1fb2a9\"},\"potentialAction\":[{\"@type\":\"SearchAction\",\"target\":{\"@type\":\"EntryPoint\",\"urlTemplate\":\"https:\\\/\\\/renatodias.online\\\/movimento\\\/?s={search_term_string}\"},\"query-input\":{\"@type\":\"PropertyValueSpecification\",\"valueRequired\":true,\"valueName\":\"search_term_string\"}}],\"inLanguage\":\"pt-BR\"},{\"@type\":[\"Person\",\"Organization\"],\"@id\":\"https:\\\/\\\/renatodias.online\\\/movimento\\\/#\\\/schema\\\/person\\\/bbab28833b1725a20f4083f49f1fb2a9\",\"name\":\"Renato Dias\",\"image\":{\"@type\":\"ImageObject\",\"inLanguage\":\"pt-BR\",\"@id\":\"https:\\\/\\\/renatodias.online\\\/movimento\\\/wp-content\\\/uploads\\\/2023\\\/03\\\/cropped-cropped-cropped-logofinal.jpeg\",\"url\":\"https:\\\/\\\/renatodias.online\\\/movimento\\\/wp-content\\\/uploads\\\/2023\\\/03\\\/cropped-cropped-cropped-logofinal.jpeg\",\"contentUrl\":\"https:\\\/\\\/renatodias.online\\\/movimento\\\/wp-content\\\/uploads\\\/2023\\\/03\\\/cropped-cropped-cropped-logofinal.jpeg\",\"width\":1280,\"height\":219,\"caption\":\"Renato Dias\"},\"logo\":{\"@id\":\"https:\\\/\\\/renatodias.online\\\/movimento\\\/wp-content\\\/uploads\\\/2023\\\/03\\\/cropped-cropped-cropped-logofinal.jpeg\"},\"description\":\"Renato Dias, 58 anos, \u00e9 graduado em Jornalismo, formado em Ci\u00eancias Sociais, com p\u00f3s-gradua\u00e7\u00e3o em Pol\u00edticas P\u00fablicas, mestre em Direito e Rela\u00e7\u00f5es Internacionais, ex-aluno extraordin\u00e1rio do Doutorado em Psicologia Social, ex-estudante do Curso de Psican\u00e1lise do Centro de Estudos Psicanal\u00edticos do Estado de Goi\u00e1s, ministrado pelo m\u00e9dico psiquiatra e psicanalista Daniel Em\u00eddio de Souza. \u00c9 autor de 30 livros-reportagem, oito document\u00e1rios, ganhou 30 pr\u00eamios e \u00e9 torcedor apaixonado do maior do Centro-Oeste, o Vila Nova Futebol Clube. Casado com Meirilane Dias, \u00e9 pai de Juliana Dias, jornalista; Daniel Dias, economista; e Maria Rosa Dias, estudante antifascista, socialista e trotskista.\u00a0Com tr\u00eas pets: Porquinho [Bull Dog Franc\u00eas], Dalila [Basset Hound] e Geleia [Basset Hound]. Al\u00e9m do eterno gato Tutuquinho, que virou estrela.\",\"sameAs\":[\"https:\\\/\\\/www.facebook.com\\\/renato.dias.37\",\"#breve\",\"https:\\\/\\\/renatodias.tumblr.com\\\/\"],\"url\":\"https:\\\/\\\/renatodias.online\\\/movimento\\\/author\\\/renatodias\\\/\"}]}<\/script>\n<!-- \/ Yoast SEO plugin. -->","yoast_head_json":{"title":"Valoriza\u00e7\u00e3o da Mulher do Campo vira lei -","robots":{"index":"index","follow":"follow","max-snippet":"max-snippet:-1","max-image-preview":"max-image-preview:large","max-video-preview":"max-video-preview:-1"},"canonical":"https:\/\/renatodias.online\/movimento\/2023\/09\/02\/valorizacao-da-mulher-do-campo-vira-lei\/","og_locale":"pt_BR","og_type":"article","og_title":"Valoriza\u00e7\u00e3o da Mulher do Campo vira lei -","og_description":"Proposta de Gustavo Sebba N\u00e1dia Lippi &#8211; Especial para o www.renatodias.online A Lei Estadual n\u00ba 264\/23, de autoria do deputado estadual Gustavo Sebba [PSDB], que incentiva a atividade rural das mulheres e promove sua inclus\u00e3o qualificada na atividade agr\u00edcola, recebeu a san\u00e7\u00e3o da Governadoria. A pol\u00edtica de valoriza\u00e7\u00e3o da mulher no campo promover\u00e1 o desenvolvimento","og_url":"https:\/\/renatodias.online\/movimento\/2023\/09\/02\/valorizacao-da-mulher-do-campo-vira-lei\/","article_publisher":"https:\/\/www.facebook.com\/renato.dias.37","article_author":"https:\/\/www.facebook.com\/renato.dias.37","article_published_time":"2023-09-03T00:56:26+00:00","article_modified_time":"2023-09-03T00:58:56+00:00","og_image":[{"width":750,"height":563,"url":"https:\/\/renatodias.online\/movimento\/wp-content\/uploads\/2023\/09\/Gustavo-Sebba-no-plenario-e1693702563751.jpg","type":"image\/jpeg"}],"author":"Renato Dias","twitter_card":"summary_large_image","twitter_creator":"@RenatoDiasBat","twitter_site":"@RenatoDiasBat","twitter_misc":{"Escrito por":"Renato Dias","Est. tempo de leitura":"4 minutos"},"schema":{"@context":"https:\/\/schema.org","@graph":[{"@type":"Article","@id":"https:\/\/renatodias.online\/movimento\/2023\/09\/02\/valorizacao-da-mulher-do-campo-vira-lei\/#article","isPartOf":{"@id":"https:\/\/renatodias.online\/movimento\/2023\/09\/02\/valorizacao-da-mulher-do-campo-vira-lei\/"},"author":{"name":"Renato Dias","@id":"https:\/\/renatodias.online\/movimento\/#\/schema\/person\/bbab28833b1725a20f4083f49f1fb2a9"},"headline":"Valoriza\u00e7\u00e3o da Mulher do Campo vira lei","datePublished":"2023-09-03T00:56:26+00:00","dateModified":"2023-09-03T00:58:56+00:00","mainEntityOfPage":{"@id":"https:\/\/renatodias.online\/movimento\/2023\/09\/02\/valorizacao-da-mulher-do-campo-vira-lei\/"},"wordCount":404,"commentCount":0,"publisher":{"@id":"https:\/\/renatodias.online\/movimento\/#\/schema\/person\/bbab28833b1725a20f4083f49f1fb2a9"},"image":{"@id":"https:\/\/renatodias.online\/movimento\/2023\/09\/02\/valorizacao-da-mulher-do-campo-vira-lei\/#primaryimage"},"thumbnailUrl":"https:\/\/renatodias.online\/movimento\/wp-content\/uploads\/2023\/09\/Gustavo-Sebba-no-plenario-e1693702563751.jpg","articleSection":["Economia"],"inLanguage":"pt-BR","potentialAction":[{"@type":"CommentAction","name":"Comment","target":["https:\/\/renatodias.online\/movimento\/2023\/09\/02\/valorizacao-da-mulher-do-campo-vira-lei\/#respond"]}]},{"@type":"WebPage","@id":"https:\/\/renatodias.online\/movimento\/2023\/09\/02\/valorizacao-da-mulher-do-campo-vira-lei\/","url":"https:\/\/renatodias.online\/movimento\/2023\/09\/02\/valorizacao-da-mulher-do-campo-vira-lei\/","name":"Valoriza\u00e7\u00e3o da Mulher do Campo vira lei -","isPartOf":{"@id":"https:\/\/renatodias.online\/movimento\/#website"},"primaryImageOfPage":{"@id":"https:\/\/renatodias.online\/movimento\/2023\/09\/02\/valorizacao-da-mulher-do-campo-vira-lei\/#primaryimage"},"image":{"@id":"https:\/\/renatodias.online\/movimento\/2023\/09\/02\/valorizacao-da-mulher-do-campo-vira-lei\/#primaryimage"},"thumbnailUrl":"https:\/\/renatodias.online\/movimento\/wp-content\/uploads\/2023\/09\/Gustavo-Sebba-no-plenario-e1693702563751.jpg","datePublished":"2023-09-03T00:56:26+00:00","dateModified":"2023-09-03T00:58:56+00:00","breadcrumb":{"@id":"https:\/\/renatodias.online\/movimento\/2023\/09\/02\/valorizacao-da-mulher-do-campo-vira-lei\/#breadcrumb"},"inLanguage":"pt-BR","potentialAction":[{"@type":"ReadAction","target":["https:\/\/renatodias.online\/movimento\/2023\/09\/02\/valorizacao-da-mulher-do-campo-vira-lei\/"]}]},{"@type":"ImageObject","inLanguage":"pt-BR","@id":"https:\/\/renatodias.online\/movimento\/2023\/09\/02\/valorizacao-da-mulher-do-campo-vira-lei\/#primaryimage","url":"https:\/\/renatodias.online\/movimento\/wp-content\/uploads\/2023\/09\/Gustavo-Sebba-no-plenario-e1693702563751.jpg","contentUrl":"https:\/\/renatodias.online\/movimento\/wp-content\/uploads\/2023\/09\/Gustavo-Sebba-no-plenario-e1693702563751.jpg","width":750,"height":563,"caption":"Gustavo Sebba no plen\u00e1rio"},{"@type":"BreadcrumbList","@id":"https:\/\/renatodias.online\/movimento\/2023\/09\/02\/valorizacao-da-mulher-do-campo-vira-lei\/#breadcrumb","itemListElement":[{"@type":"ListItem","position":1,"name":"In\u00edcio","item":"https:\/\/renatodias.online\/movimento\/"},{"@type":"ListItem","position":2,"name":"Valoriza\u00e7\u00e3o da Mulher do Campo vira lei"}]},{"@type":"WebSite","@id":"https:\/\/renatodias.online\/movimento\/#website","url":"https:\/\/renatodias.online\/movimento\/","name":"","description":"","publisher":{"@id":"https:\/\/renatodias.online\/movimento\/#\/schema\/person\/bbab28833b1725a20f4083f49f1fb2a9"},"potentialAction":[{"@type":"SearchAction","target":{"@type":"EntryPoint","urlTemplate":"https:\/\/renatodias.online\/movimento\/?s={search_term_string}"},"query-input":{"@type":"PropertyValueSpecification","valueRequired":true,"valueName":"search_term_string"}}],"inLanguage":"pt-BR"},{"@type":["Person","Organization"],"@id":"https:\/\/renatodias.online\/movimento\/#\/schema\/person\/bbab28833b1725a20f4083f49f1fb2a9","name":"Renato Dias","image":{"@type":"ImageObject","inLanguage":"pt-BR","@id":"https:\/\/renatodias.online\/movimento\/wp-content\/uploads\/2023\/03\/cropped-cropped-cropped-logofinal.jpeg","url":"https:\/\/renatodias.online\/movimento\/wp-content\/uploads\/2023\/03\/cropped-cropped-cropped-logofinal.jpeg","contentUrl":"https:\/\/renatodias.online\/movimento\/wp-content\/uploads\/2023\/03\/cropped-cropped-cropped-logofinal.jpeg","width":1280,"height":219,"caption":"Renato Dias"},"logo":{"@id":"https:\/\/renatodias.online\/movimento\/wp-content\/uploads\/2023\/03\/cropped-cropped-cropped-logofinal.jpeg"},"description":"Renato Dias, 58 anos, \u00e9 graduado em Jornalismo, formado em Ci\u00eancias Sociais, com p\u00f3s-gradua\u00e7\u00e3o em Pol\u00edticas P\u00fablicas, mestre em Direito e Rela\u00e7\u00f5es Internacionais, ex-aluno extraordin\u00e1rio do Doutorado em Psicologia Social, ex-estudante do Curso de Psican\u00e1lise do Centro de Estudos Psicanal\u00edticos do Estado de Goi\u00e1s, ministrado pelo m\u00e9dico psiquiatra e psicanalista Daniel Em\u00eddio de Souza. \u00c9 autor de 30 livros-reportagem, oito document\u00e1rios, ganhou 30 pr\u00eamios e \u00e9 torcedor apaixonado do maior do Centro-Oeste, o Vila Nova Futebol Clube. Casado com Meirilane Dias, \u00e9 pai de Juliana Dias, jornalista; Daniel Dias, economista; e Maria Rosa Dias, estudante antifascista, socialista e trotskista.\u00a0Com tr\u00eas pets: Porquinho [Bull Dog Franc\u00eas], Dalila [Basset Hound] e Geleia [Basset Hound]. Al\u00e9m do eterno gato Tutuquinho, que virou estrela.","sameAs":["https:\/\/www.facebook.com\/renato.dias.37","#breve","https:\/\/renatodias.tumblr.com\/"],"url":"https:\/\/renatodias.online\/movimento\/author\/renatodias\/"}]}},"_links":{"self":[{"href":"https:\/\/renatodias.online\/movimento\/wp-json\/wp\/v2\/posts\/17983","targetHints":{"allow":["GET"]}}],"collection":[{"href":"https:\/\/renatodias.online\/movimento\/wp-json\/wp\/v2\/posts"}],"about":[{"href":"https:\/\/renatodias.online\/movimento\/wp-json\/wp\/v2\/types\/post"}],"author":[{"embeddable":true,"href":"https:\/\/renatodias.online\/movimento\/wp-json\/wp\/v2\/users\/2"}],"replies":[{"embeddable":true,"href":"https:\/\/renatodias.online\/movimento\/wp-json\/wp\/v2\/comments?post=17983"}],"version-history":[{"count":2,"href":"https:\/\/renatodias.online\/movimento\/wp-json\/wp\/v2\/posts\/17983\/revisions"}],"predecessor-version":[{"id":17987,"href":"https:\/\/renatodias.online\/movimento\/wp-json\/wp\/v2\/posts\/17983\/revisions\/17987"}],"wp:featuredmedia":[{"embeddable":true,"href":"https:\/\/renatodias.online\/movimento\/wp-json\/wp\/v2\/media\/17984"}],"wp:attachment":[{"href":"https:\/\/renatodias.online\/movimento\/wp-json\/wp\/v2\/media?parent=17983"}],"wp:term":[{"taxonomy":"category","embeddable":true,"href":"https:\/\/renatodias.online\/movimento\/wp-json\/wp\/v2\/categories?post=17983"},{"taxonomy":"post_tag","embeddable":true,"href":"https:\/\/renatodias.online\/movimento\/wp-json\/wp\/v2\/tags?post=17983"}],"curies":[{"name":"wp","href":"https:\/\/api.w.org\/{rel}","templated":true}]}}