{"id":17789,"date":"2023-08-07T22:38:25","date_gmt":"2023-08-08T01:38:25","guid":{"rendered":"https:\/\/renatodias.online\/movimento\/?p=17789"},"modified":"2023-08-07T22:41:43","modified_gmt":"2023-08-08T01:41:43","slug":"tigrao-volta-ao-g-4","status":"publish","type":"post","link":"https:\/\/renatodias.online\/movimento\/2023\/08\/07\/tigrao-volta-ao-g-4\/","title":{"rendered":"<strong>Tigr\u00e3o volta ao G 4<\/strong>"},"content":{"rendered":"\n<p class=\"has-text-align-center\"><mark style=\"background-color:rgba(0, 0, 0, 0)\" class=\"has-inline-color has-vivid-cyan-blue-color\"><strong>S\u00e1bado, 18h, no OBA, enfrenta o Ava\u00ed [SC]<\/strong><\/mark><\/p>\n\n\n\n<p class=\"has-text-align-center\"><strong><mark style=\"background-color:rgba(0, 0, 0, 0)\" class=\"has-inline-color has-luminous-vivid-orange-color\">Sob nova dire\u00e7\u00e3o<\/mark><\/strong><\/p>\n\n\n\n<figure class=\"wp-block-embed is-type-video is-provider-youtube wp-block-embed-youtube wp-embed-aspect-16-9 wp-has-aspect-ratio\"><div class=\"wp-block-embed__wrapper\">\n<iframe loading=\"lazy\" title=\"JUVENTUDE 0 X 2 VILA NOVA | MELHORES MOMENTOS | 22\u00aa RODADA BRASILEIR\u00c3O S\u00c9RIE B 2023 | ge.globo\" width=\"960\" height=\"540\" src=\"https:\/\/www.youtube.com\/embed\/Qg48VRMTcJI?feature=oembed\" frameborder=\"0\" allow=\"accelerometer; autoplay; clipboard-write; encrypted-media; gyroscope; picture-in-picture; web-share\" referrerpolicy=\"strict-origin-when-cross-origin\" allowfullscreen><\/iframe>\n<\/div><\/figure>\n\n\n\n<p class=\"has-text-align-center\"><strong><mark style=\"background-color:rgba(0, 0, 0, 0)\" class=\"has-inline-color has-vivid-red-color\">Renato Dias<\/mark><\/strong><\/p>\n\n\n\n<p>Sob nova dire\u00e7\u00e3o, o treinador <strong><mark style=\"background-color:rgba(0, 0, 0, 0)\" class=\"has-inline-color has-vivid-red-color\">Marquinhos Santos<\/mark><\/strong>, acuado pelos cinco \u00faltimos resultados, a queda para 8\u00b0 lugar, o Vila Nova derrotou por 2 X 0 o Juventude, de Caxias do Sul, voltou ao G4 da S\u00e9rie B. Dois gols no segundo tempo: <mark style=\"background-color:rgba(0, 0, 0, 0)\" class=\"has-inline-color has-vivid-red-color\"><strong>Igor Henrique e Danilo Boza [Contra]<\/strong><\/mark><\/p>\n\n\n\n<figure class=\"wp-block-image aligncenter size-full\"><img loading=\"lazy\" decoding=\"async\" width=\"800\" height=\"533\" src=\"https:\/\/renatodias.online\/movimento\/wp-content\/uploads\/2023\/08\/Vila-Nova-sob-nova-direcao-Marquinhos-Santos-e1691458651790.jpg\" alt=\"\" class=\"wp-image-17790\" srcset=\"https:\/\/renatodias.online\/movimento\/wp-content\/uploads\/2023\/08\/Vila-Nova-sob-nova-direcao-Marquinhos-Santos-e1691458651790.jpg 800w, https:\/\/renatodias.online\/movimento\/wp-content\/uploads\/2023\/08\/Vila-Nova-sob-nova-direcao-Marquinhos-Santos-e1691458651790-300x200.jpg 300w, https:\/\/renatodias.online\/movimento\/wp-content\/uploads\/2023\/08\/Vila-Nova-sob-nova-direcao-Marquinhos-Santos-e1691458651790-768x512.jpg 768w, https:\/\/renatodias.online\/movimento\/wp-content\/uploads\/2023\/08\/Vila-Nova-sob-nova-direcao-Marquinhos-Santos-e1691458651790-150x100.jpg 150w\" sizes=\"auto, (max-width: 800px) 100vw, 800px\" \/><\/figure>\n\n\n\n<p>O t\u00e9cnico adotou um novo esquema t\u00e1tico. Sem altera\u00e7\u00e3o brusca dos nomes dos atletas titulares. Veja: o seu estilo de jogo estava fundado no 4_3_ 3. Faltam 16 partidas para o t\u00e9rmino do Campeonato Brasileiro. O acesso \u00e0 elite do futebol \u00e9 a sua meta.<\/p>\n\n\n\n<figure class=\"wp-block-image aligncenter size-full\"><img loading=\"lazy\" decoding=\"async\" width=\"300\" height=\"200\" src=\"https:\/\/renatodias.online\/movimento\/wp-content\/uploads\/2023\/06\/Serie-B-2023-e1687731663809.jpg\" alt=\"\" class=\"wp-image-17167\" srcset=\"https:\/\/renatodias.online\/movimento\/wp-content\/uploads\/2023\/06\/Serie-B-2023-e1687731663809.jpg 300w, https:\/\/renatodias.online\/movimento\/wp-content\/uploads\/2023\/06\/Serie-B-2023-e1687731663809-150x100.jpg 150w\" sizes=\"auto, (max-width: 300px) 100vw, 300px\" \/><\/figure>\n\n\n\n<p>O time colorado entrou em campo em Caxias [RS} com a seguinte escala\u00e7\u00e3o: <mark style=\"background-color:rgba(0, 0, 0, 0)\" class=\"has-inline-color has-vivid-red-color\"><strong>D\u00eanis J\u00fanior; L\u00e9o Duarte, Rafael Donato, Eduardo Doma e Rodrigo Gelado; Ralf, Igor Henrique e Louren\u00e7o; Guilherme Parede,&nbsp;Henrique Almeida e Neto Pessoa.<\/strong><\/mark><\/p>\n\n\n\n<figure class=\"wp-block-image aligncenter size-full\"><img loading=\"lazy\" decoding=\"async\" width=\"798\" height=\"568\" src=\"https:\/\/renatodias.online\/movimento\/wp-content\/uploads\/2023\/07\/Romario-Policarpo-Vila-Nova-e1690656570452.jpg\" alt=\"\" class=\"wp-image-17347\" srcset=\"https:\/\/renatodias.online\/movimento\/wp-content\/uploads\/2023\/07\/Romario-Policarpo-Vila-Nova-e1690656570452.jpg 798w, https:\/\/renatodias.online\/movimento\/wp-content\/uploads\/2023\/07\/Romario-Policarpo-Vila-Nova-e1690656570452-300x214.jpg 300w, https:\/\/renatodias.online\/movimento\/wp-content\/uploads\/2023\/07\/Romario-Policarpo-Vila-Nova-e1690656570452-768x547.jpg 768w, https:\/\/renatodias.online\/movimento\/wp-content\/uploads\/2023\/07\/Romario-Policarpo-Vila-Nova-e1690656570452-150x107.jpg 150w\" sizes=\"auto, (max-width: 798px) 100vw, 798px\" \/><figcaption class=\"wp-element-caption\"><strong><mark style=\"background-color:rgba(0, 0, 0, 0)\" class=\"has-inline-color has-vivid-red-color\">Rom\u00e1rio Policarpo<\/mark><\/strong> <\/figcaption><\/figure>\n\n\n\n<p>Hugo Jorge Bravo, Leandro Bittar, Vin\u00edcius Cirqueira e F\u00e1bio Brasil acreditam no acesso \u00e0 S\u00e9rie A em 2024. O diretor de Comunica\u00e7\u00e3o, <strong><mark style=\"background-color:rgba(0, 0, 0, 0)\" class=\"has-inline-color has-vivid-red-color\">Rom\u00e1rio Policarpo<\/mark><\/strong>, presidente da C\u00e2mara Municipal de Goi\u00e2nia, est\u00e1 hoje para l\u00e1 de otimista. \u00c9 preciso acreditar e vencer os desafios, diz.<\/p>\n\n\n\n<figure class=\"wp-block-image aligncenter size-large\"><img loading=\"lazy\" decoding=\"async\" width=\"840\" height=\"1024\" src=\"https:\/\/renatodias.online\/movimento\/wp-content\/uploads\/2023\/08\/Vila-Nova-vence-o-Juventude-840x1024.png\" alt=\"\" class=\"wp-image-17779\"\/><\/figure>\n","protected":false},"excerpt":{"rendered":"<p>S\u00e1bado, 18h, no OBA, enfrenta o Ava\u00ed [SC] Sob nova dire\u00e7\u00e3o Renato Dias Sob nova dire\u00e7\u00e3o, o treinador Marquinhos Santos, acuado pelos cinco \u00faltimos resultados, a queda para 8\u00b0 lugar, o Vila Nova derrotou por 2 X 0 o Juventude, de Caxias do Sul, voltou ao G4 da S\u00e9rie B. Dois gols no segundo tempo:<\/p>\n","protected":false},"author":2,"featured_media":17778,"comment_status":"open","ping_status":"open","sticky":false,"template":"","format":"standard","meta":{"_acf_changed":false,"_monsterinsights_skip_tracking":false,"_monsterinsights_sitenote_active":false,"_monsterinsights_sitenote_note":"","_monsterinsights_sitenote_category":0,"footnotes":""},"categories":[33],"tags":[],"class_list":["post-17789","post","type-post","status-publish","format-standard","has-post-thumbnail","hentry","category-esporte"],"acf":[],"yoast_head":"<!-- This site is optimized with the Yoast SEO plugin v27.4 - https:\/\/yoast.com\/product\/yoast-seo-wordpress\/ -->\n<title>Tigr\u00e3o volta ao G 4 -<\/title>\n<meta name=\"robots\" content=\"index, follow, max-snippet:-1, max-image-preview:large, max-video-preview:-1\" \/>\n<link rel=\"canonical\" href=\"https:\/\/renatodias.online\/movimento\/2023\/08\/07\/tigrao-volta-ao-g-4\/\" \/>\n<meta property=\"og:locale\" content=\"pt_BR\" \/>\n<meta property=\"og:type\" content=\"article\" \/>\n<meta property=\"og:title\" content=\"Tigr\u00e3o volta ao G 4 -\" \/>\n<meta property=\"og:description\" content=\"S\u00e1bado, 18h, no OBA, enfrenta o Ava\u00ed [SC] Sob nova dire\u00e7\u00e3o Renato Dias Sob nova dire\u00e7\u00e3o, o treinador Marquinhos Santos, acuado pelos cinco \u00faltimos resultados, a queda para 8\u00b0 lugar, o Vila Nova derrotou por 2 X 0 o Juventude, de Caxias do Sul, voltou ao G4 da S\u00e9rie B. Dois gols no segundo tempo:\" \/>\n<meta property=\"og:url\" content=\"https:\/\/renatodias.online\/movimento\/2023\/08\/07\/tigrao-volta-ao-g-4\/\" \/>\n<meta property=\"article:publisher\" content=\"https:\/\/www.facebook.com\/renato.dias.37\" \/>\n<meta property=\"article:author\" content=\"https:\/\/www.facebook.com\/renato.dias.37\" \/>\n<meta property=\"article:published_time\" content=\"2023-08-08T01:38:25+00:00\" \/>\n<meta property=\"article:modified_time\" content=\"2023-08-08T01:41:43+00:00\" \/>\n<meta property=\"og:image\" content=\"https:\/\/renatodias.online\/movimento\/wp-content\/uploads\/2023\/08\/Vila-Nova-Igor-Henrique-Gol-contra-o-Juventude-e1691458120746.png\" \/>\n\t<meta property=\"og:image:width\" content=\"720\" \/>\n\t<meta property=\"og:image:height\" content=\"523\" \/>\n\t<meta property=\"og:image:type\" content=\"image\/png\" \/>\n<meta name=\"author\" content=\"Renato Dias\" \/>\n<meta name=\"twitter:card\" content=\"summary_large_image\" \/>\n<meta name=\"twitter:creator\" content=\"@RenatoDiasBat\" \/>\n<meta name=\"twitter:site\" content=\"@RenatoDiasBat\" \/>\n<meta name=\"twitter:label1\" content=\"Escrito por\" \/>\n\t<meta name=\"twitter:data1\" content=\"Renato Dias\" \/>\n\t<meta name=\"twitter:label2\" content=\"Est. tempo de leitura\" \/>\n\t<meta name=\"twitter:data2\" content=\"2 minutos\" \/>\n<script type=\"application\/ld+json\" class=\"yoast-schema-graph\">{\"@context\":\"https:\\\/\\\/schema.org\",\"@graph\":[{\"@type\":\"Article\",\"@id\":\"https:\\\/\\\/renatodias.online\\\/movimento\\\/2023\\\/08\\\/07\\\/tigrao-volta-ao-g-4\\\/#article\",\"isPartOf\":{\"@id\":\"https:\\\/\\\/renatodias.online\\\/movimento\\\/2023\\\/08\\\/07\\\/tigrao-volta-ao-g-4\\\/\"},\"author\":{\"name\":\"Renato Dias\",\"@id\":\"https:\\\/\\\/renatodias.online\\\/movimento\\\/#\\\/schema\\\/person\\\/bbab28833b1725a20f4083f49f1fb2a9\"},\"headline\":\"Tigr\u00e3o volta ao G 4\",\"datePublished\":\"2023-08-08T01:38:25+00:00\",\"dateModified\":\"2023-08-08T01:41:43+00:00\",\"mainEntityOfPage\":{\"@id\":\"https:\\\/\\\/renatodias.online\\\/movimento\\\/2023\\\/08\\\/07\\\/tigrao-volta-ao-g-4\\\/\"},\"wordCount\":212,\"commentCount\":0,\"publisher\":{\"@id\":\"https:\\\/\\\/renatodias.online\\\/movimento\\\/#\\\/schema\\\/person\\\/bbab28833b1725a20f4083f49f1fb2a9\"},\"image\":{\"@id\":\"https:\\\/\\\/renatodias.online\\\/movimento\\\/2023\\\/08\\\/07\\\/tigrao-volta-ao-g-4\\\/#primaryimage\"},\"thumbnailUrl\":\"https:\\\/\\\/renatodias.online\\\/movimento\\\/wp-content\\\/uploads\\\/2023\\\/08\\\/Vila-Nova-Igor-Henrique-Gol-contra-o-Juventude-e1691458120746.png\",\"articleSection\":[\"Esporte\"],\"inLanguage\":\"pt-BR\",\"potentialAction\":[{\"@type\":\"CommentAction\",\"name\":\"Comment\",\"target\":[\"https:\\\/\\\/renatodias.online\\\/movimento\\\/2023\\\/08\\\/07\\\/tigrao-volta-ao-g-4\\\/#respond\"]}]},{\"@type\":\"WebPage\",\"@id\":\"https:\\\/\\\/renatodias.online\\\/movimento\\\/2023\\\/08\\\/07\\\/tigrao-volta-ao-g-4\\\/\",\"url\":\"https:\\\/\\\/renatodias.online\\\/movimento\\\/2023\\\/08\\\/07\\\/tigrao-volta-ao-g-4\\\/\",\"name\":\"Tigr\u00e3o volta ao G 4 -\",\"isPartOf\":{\"@id\":\"https:\\\/\\\/renatodias.online\\\/movimento\\\/#website\"},\"primaryImageOfPage\":{\"@id\":\"https:\\\/\\\/renatodias.online\\\/movimento\\\/2023\\\/08\\\/07\\\/tigrao-volta-ao-g-4\\\/#primaryimage\"},\"image\":{\"@id\":\"https:\\\/\\\/renatodias.online\\\/movimento\\\/2023\\\/08\\\/07\\\/tigrao-volta-ao-g-4\\\/#primaryimage\"},\"thumbnailUrl\":\"https:\\\/\\\/renatodias.online\\\/movimento\\\/wp-content\\\/uploads\\\/2023\\\/08\\\/Vila-Nova-Igor-Henrique-Gol-contra-o-Juventude-e1691458120746.png\",\"datePublished\":\"2023-08-08T01:38:25+00:00\",\"dateModified\":\"2023-08-08T01:41:43+00:00\",\"breadcrumb\":{\"@id\":\"https:\\\/\\\/renatodias.online\\\/movimento\\\/2023\\\/08\\\/07\\\/tigrao-volta-ao-g-4\\\/#breadcrumb\"},\"inLanguage\":\"pt-BR\",\"potentialAction\":[{\"@type\":\"ReadAction\",\"target\":[\"https:\\\/\\\/renatodias.online\\\/movimento\\\/2023\\\/08\\\/07\\\/tigrao-volta-ao-g-4\\\/\"]}]},{\"@type\":\"ImageObject\",\"inLanguage\":\"pt-BR\",\"@id\":\"https:\\\/\\\/renatodias.online\\\/movimento\\\/2023\\\/08\\\/07\\\/tigrao-volta-ao-g-4\\\/#primaryimage\",\"url\":\"https:\\\/\\\/renatodias.online\\\/movimento\\\/wp-content\\\/uploads\\\/2023\\\/08\\\/Vila-Nova-Igor-Henrique-Gol-contra-o-Juventude-e1691458120746.png\",\"contentUrl\":\"https:\\\/\\\/renatodias.online\\\/movimento\\\/wp-content\\\/uploads\\\/2023\\\/08\\\/Vila-Nova-Igor-Henrique-Gol-contra-o-Juventude-e1691458120746.png\",\"width\":720,\"height\":523,\"caption\":\"Igor Henrique comemora gol contra o Juventude\"},{\"@type\":\"BreadcrumbList\",\"@id\":\"https:\\\/\\\/renatodias.online\\\/movimento\\\/2023\\\/08\\\/07\\\/tigrao-volta-ao-g-4\\\/#breadcrumb\",\"itemListElement\":[{\"@type\":\"ListItem\",\"position\":1,\"name\":\"In\u00edcio\",\"item\":\"https:\\\/\\\/renatodias.online\\\/movimento\\\/\"},{\"@type\":\"ListItem\",\"position\":2,\"name\":\"Tigr\u00e3o volta ao G 4\"}]},{\"@type\":\"WebSite\",\"@id\":\"https:\\\/\\\/renatodias.online\\\/movimento\\\/#website\",\"url\":\"https:\\\/\\\/renatodias.online\\\/movimento\\\/\",\"name\":\"\",\"description\":\"\",\"publisher\":{\"@id\":\"https:\\\/\\\/renatodias.online\\\/movimento\\\/#\\\/schema\\\/person\\\/bbab28833b1725a20f4083f49f1fb2a9\"},\"potentialAction\":[{\"@type\":\"SearchAction\",\"target\":{\"@type\":\"EntryPoint\",\"urlTemplate\":\"https:\\\/\\\/renatodias.online\\\/movimento\\\/?s={search_term_string}\"},\"query-input\":{\"@type\":\"PropertyValueSpecification\",\"valueRequired\":true,\"valueName\":\"search_term_string\"}}],\"inLanguage\":\"pt-BR\"},{\"@type\":[\"Person\",\"Organization\"],\"@id\":\"https:\\\/\\\/renatodias.online\\\/movimento\\\/#\\\/schema\\\/person\\\/bbab28833b1725a20f4083f49f1fb2a9\",\"name\":\"Renato Dias\",\"image\":{\"@type\":\"ImageObject\",\"inLanguage\":\"pt-BR\",\"@id\":\"https:\\\/\\\/renatodias.online\\\/movimento\\\/wp-content\\\/uploads\\\/2023\\\/03\\\/cropped-cropped-cropped-logofinal.jpeg\",\"url\":\"https:\\\/\\\/renatodias.online\\\/movimento\\\/wp-content\\\/uploads\\\/2023\\\/03\\\/cropped-cropped-cropped-logofinal.jpeg\",\"contentUrl\":\"https:\\\/\\\/renatodias.online\\\/movimento\\\/wp-content\\\/uploads\\\/2023\\\/03\\\/cropped-cropped-cropped-logofinal.jpeg\",\"width\":1280,\"height\":219,\"caption\":\"Renato Dias\"},\"logo\":{\"@id\":\"https:\\\/\\\/renatodias.online\\\/movimento\\\/wp-content\\\/uploads\\\/2023\\\/03\\\/cropped-cropped-cropped-logofinal.jpeg\"},\"description\":\"Renato Dias, 58 anos, \u00e9 graduado em Jornalismo, formado em Ci\u00eancias Sociais, com p\u00f3s-gradua\u00e7\u00e3o em Pol\u00edticas P\u00fablicas, mestre em Direito e Rela\u00e7\u00f5es Internacionais, ex-aluno extraordin\u00e1rio do Doutorado em Psicologia Social, ex-estudante do Curso de Psican\u00e1lise do Centro de Estudos Psicanal\u00edticos do Estado de Goi\u00e1s, ministrado pelo m\u00e9dico psiquiatra e psicanalista Daniel Em\u00eddio de Souza. \u00c9 autor de 30 livros-reportagem, oito document\u00e1rios, ganhou 30 pr\u00eamios e \u00e9 torcedor apaixonado do maior do Centro-Oeste, o Vila Nova Futebol Clube. Casado com Meirilane Dias, \u00e9 pai de Juliana Dias, jornalista; Daniel Dias, economista; e Maria Rosa Dias, estudante antifascista, socialista e trotskista.\u00a0Com tr\u00eas pets: Porquinho [Bull Dog Franc\u00eas], Dalila [Basset Hound] e Geleia [Basset Hound]. Al\u00e9m do eterno gato Tutuquinho, que virou estrela.\",\"sameAs\":[\"https:\\\/\\\/www.facebook.com\\\/renato.dias.37\",\"#breve\",\"https:\\\/\\\/renatodias.tumblr.com\\\/\"],\"url\":\"https:\\\/\\\/renatodias.online\\\/movimento\\\/author\\\/renatodias\\\/\"}]}<\/script>\n<!-- \/ Yoast SEO plugin. -->","yoast_head_json":{"title":"Tigr\u00e3o volta ao G 4 -","robots":{"index":"index","follow":"follow","max-snippet":"max-snippet:-1","max-image-preview":"max-image-preview:large","max-video-preview":"max-video-preview:-1"},"canonical":"https:\/\/renatodias.online\/movimento\/2023\/08\/07\/tigrao-volta-ao-g-4\/","og_locale":"pt_BR","og_type":"article","og_title":"Tigr\u00e3o volta ao G 4 -","og_description":"S\u00e1bado, 18h, no OBA, enfrenta o Ava\u00ed [SC] Sob nova dire\u00e7\u00e3o Renato Dias Sob nova dire\u00e7\u00e3o, o treinador Marquinhos Santos, acuado pelos cinco \u00faltimos resultados, a queda para 8\u00b0 lugar, o Vila Nova derrotou por 2 X 0 o Juventude, de Caxias do Sul, voltou ao G4 da S\u00e9rie B. Dois gols no segundo tempo:","og_url":"https:\/\/renatodias.online\/movimento\/2023\/08\/07\/tigrao-volta-ao-g-4\/","article_publisher":"https:\/\/www.facebook.com\/renato.dias.37","article_author":"https:\/\/www.facebook.com\/renato.dias.37","article_published_time":"2023-08-08T01:38:25+00:00","article_modified_time":"2023-08-08T01:41:43+00:00","og_image":[{"width":720,"height":523,"url":"https:\/\/renatodias.online\/movimento\/wp-content\/uploads\/2023\/08\/Vila-Nova-Igor-Henrique-Gol-contra-o-Juventude-e1691458120746.png","type":"image\/png"}],"author":"Renato Dias","twitter_card":"summary_large_image","twitter_creator":"@RenatoDiasBat","twitter_site":"@RenatoDiasBat","twitter_misc":{"Escrito por":"Renato Dias","Est. tempo de leitura":"2 minutos"},"schema":{"@context":"https:\/\/schema.org","@graph":[{"@type":"Article","@id":"https:\/\/renatodias.online\/movimento\/2023\/08\/07\/tigrao-volta-ao-g-4\/#article","isPartOf":{"@id":"https:\/\/renatodias.online\/movimento\/2023\/08\/07\/tigrao-volta-ao-g-4\/"},"author":{"name":"Renato Dias","@id":"https:\/\/renatodias.online\/movimento\/#\/schema\/person\/bbab28833b1725a20f4083f49f1fb2a9"},"headline":"Tigr\u00e3o volta ao G 4","datePublished":"2023-08-08T01:38:25+00:00","dateModified":"2023-08-08T01:41:43+00:00","mainEntityOfPage":{"@id":"https:\/\/renatodias.online\/movimento\/2023\/08\/07\/tigrao-volta-ao-g-4\/"},"wordCount":212,"commentCount":0,"publisher":{"@id":"https:\/\/renatodias.online\/movimento\/#\/schema\/person\/bbab28833b1725a20f4083f49f1fb2a9"},"image":{"@id":"https:\/\/renatodias.online\/movimento\/2023\/08\/07\/tigrao-volta-ao-g-4\/#primaryimage"},"thumbnailUrl":"https:\/\/renatodias.online\/movimento\/wp-content\/uploads\/2023\/08\/Vila-Nova-Igor-Henrique-Gol-contra-o-Juventude-e1691458120746.png","articleSection":["Esporte"],"inLanguage":"pt-BR","potentialAction":[{"@type":"CommentAction","name":"Comment","target":["https:\/\/renatodias.online\/movimento\/2023\/08\/07\/tigrao-volta-ao-g-4\/#respond"]}]},{"@type":"WebPage","@id":"https:\/\/renatodias.online\/movimento\/2023\/08\/07\/tigrao-volta-ao-g-4\/","url":"https:\/\/renatodias.online\/movimento\/2023\/08\/07\/tigrao-volta-ao-g-4\/","name":"Tigr\u00e3o volta ao G 4 -","isPartOf":{"@id":"https:\/\/renatodias.online\/movimento\/#website"},"primaryImageOfPage":{"@id":"https:\/\/renatodias.online\/movimento\/2023\/08\/07\/tigrao-volta-ao-g-4\/#primaryimage"},"image":{"@id":"https:\/\/renatodias.online\/movimento\/2023\/08\/07\/tigrao-volta-ao-g-4\/#primaryimage"},"thumbnailUrl":"https:\/\/renatodias.online\/movimento\/wp-content\/uploads\/2023\/08\/Vila-Nova-Igor-Henrique-Gol-contra-o-Juventude-e1691458120746.png","datePublished":"2023-08-08T01:38:25+00:00","dateModified":"2023-08-08T01:41:43+00:00","breadcrumb":{"@id":"https:\/\/renatodias.online\/movimento\/2023\/08\/07\/tigrao-volta-ao-g-4\/#breadcrumb"},"inLanguage":"pt-BR","potentialAction":[{"@type":"ReadAction","target":["https:\/\/renatodias.online\/movimento\/2023\/08\/07\/tigrao-volta-ao-g-4\/"]}]},{"@type":"ImageObject","inLanguage":"pt-BR","@id":"https:\/\/renatodias.online\/movimento\/2023\/08\/07\/tigrao-volta-ao-g-4\/#primaryimage","url":"https:\/\/renatodias.online\/movimento\/wp-content\/uploads\/2023\/08\/Vila-Nova-Igor-Henrique-Gol-contra-o-Juventude-e1691458120746.png","contentUrl":"https:\/\/renatodias.online\/movimento\/wp-content\/uploads\/2023\/08\/Vila-Nova-Igor-Henrique-Gol-contra-o-Juventude-e1691458120746.png","width":720,"height":523,"caption":"Igor Henrique comemora gol contra o Juventude"},{"@type":"BreadcrumbList","@id":"https:\/\/renatodias.online\/movimento\/2023\/08\/07\/tigrao-volta-ao-g-4\/#breadcrumb","itemListElement":[{"@type":"ListItem","position":1,"name":"In\u00edcio","item":"https:\/\/renatodias.online\/movimento\/"},{"@type":"ListItem","position":2,"name":"Tigr\u00e3o volta ao G 4"}]},{"@type":"WebSite","@id":"https:\/\/renatodias.online\/movimento\/#website","url":"https:\/\/renatodias.online\/movimento\/","name":"","description":"","publisher":{"@id":"https:\/\/renatodias.online\/movimento\/#\/schema\/person\/bbab28833b1725a20f4083f49f1fb2a9"},"potentialAction":[{"@type":"SearchAction","target":{"@type":"EntryPoint","urlTemplate":"https:\/\/renatodias.online\/movimento\/?s={search_term_string}"},"query-input":{"@type":"PropertyValueSpecification","valueRequired":true,"valueName":"search_term_string"}}],"inLanguage":"pt-BR"},{"@type":["Person","Organization"],"@id":"https:\/\/renatodias.online\/movimento\/#\/schema\/person\/bbab28833b1725a20f4083f49f1fb2a9","name":"Renato Dias","image":{"@type":"ImageObject","inLanguage":"pt-BR","@id":"https:\/\/renatodias.online\/movimento\/wp-content\/uploads\/2023\/03\/cropped-cropped-cropped-logofinal.jpeg","url":"https:\/\/renatodias.online\/movimento\/wp-content\/uploads\/2023\/03\/cropped-cropped-cropped-logofinal.jpeg","contentUrl":"https:\/\/renatodias.online\/movimento\/wp-content\/uploads\/2023\/03\/cropped-cropped-cropped-logofinal.jpeg","width":1280,"height":219,"caption":"Renato Dias"},"logo":{"@id":"https:\/\/renatodias.online\/movimento\/wp-content\/uploads\/2023\/03\/cropped-cropped-cropped-logofinal.jpeg"},"description":"Renato Dias, 58 anos, \u00e9 graduado em Jornalismo, formado em Ci\u00eancias Sociais, com p\u00f3s-gradua\u00e7\u00e3o em Pol\u00edticas P\u00fablicas, mestre em Direito e Rela\u00e7\u00f5es Internacionais, ex-aluno extraordin\u00e1rio do Doutorado em Psicologia Social, ex-estudante do Curso de Psican\u00e1lise do Centro de Estudos Psicanal\u00edticos do Estado de Goi\u00e1s, ministrado pelo m\u00e9dico psiquiatra e psicanalista Daniel Em\u00eddio de Souza. \u00c9 autor de 30 livros-reportagem, oito document\u00e1rios, ganhou 30 pr\u00eamios e \u00e9 torcedor apaixonado do maior do Centro-Oeste, o Vila Nova Futebol Clube. Casado com Meirilane Dias, \u00e9 pai de Juliana Dias, jornalista; Daniel Dias, economista; e Maria Rosa Dias, estudante antifascista, socialista e trotskista.\u00a0Com tr\u00eas pets: Porquinho [Bull Dog Franc\u00eas], Dalila [Basset Hound] e Geleia [Basset Hound]. Al\u00e9m do eterno gato Tutuquinho, que virou estrela.","sameAs":["https:\/\/www.facebook.com\/renato.dias.37","#breve","https:\/\/renatodias.tumblr.com\/"],"url":"https:\/\/renatodias.online\/movimento\/author\/renatodias\/"}]}},"_links":{"self":[{"href":"https:\/\/renatodias.online\/movimento\/wp-json\/wp\/v2\/posts\/17789","targetHints":{"allow":["GET"]}}],"collection":[{"href":"https:\/\/renatodias.online\/movimento\/wp-json\/wp\/v2\/posts"}],"about":[{"href":"https:\/\/renatodias.online\/movimento\/wp-json\/wp\/v2\/types\/post"}],"author":[{"embeddable":true,"href":"https:\/\/renatodias.online\/movimento\/wp-json\/wp\/v2\/users\/2"}],"replies":[{"embeddable":true,"href":"https:\/\/renatodias.online\/movimento\/wp-json\/wp\/v2\/comments?post=17789"}],"version-history":[{"count":3,"href":"https:\/\/renatodias.online\/movimento\/wp-json\/wp\/v2\/posts\/17789\/revisions"}],"predecessor-version":[{"id":17793,"href":"https:\/\/renatodias.online\/movimento\/wp-json\/wp\/v2\/posts\/17789\/revisions\/17793"}],"wp:featuredmedia":[{"embeddable":true,"href":"https:\/\/renatodias.online\/movimento\/wp-json\/wp\/v2\/media\/17778"}],"wp:attachment":[{"href":"https:\/\/renatodias.online\/movimento\/wp-json\/wp\/v2\/media?parent=17789"}],"wp:term":[{"taxonomy":"category","embeddable":true,"href":"https:\/\/renatodias.online\/movimento\/wp-json\/wp\/v2\/categories?post=17789"},{"taxonomy":"post_tag","embeddable":true,"href":"https:\/\/renatodias.online\/movimento\/wp-json\/wp\/v2\/tags?post=17789"}],"curies":[{"name":"wp","href":"https:\/\/api.w.org\/{rel}","templated":true}]}}