{"id":17786,"date":"2023-08-07T22:21:06","date_gmt":"2023-08-08T01:21:06","guid":{"rendered":"https:\/\/renatodias.online\/movimento\/?p=17786"},"modified":"2023-08-07T22:21:07","modified_gmt":"2023-08-08T01:21:07","slug":"crianca-esperanca-joao-vitor-participa-de-acao","status":"publish","type":"post","link":"https:\/\/renatodias.online\/movimento\/2023\/08\/07\/crianca-esperanca-joao-vitor-participa-de-acao\/","title":{"rendered":"<strong>Crian\u00e7a Esperan\u00e7a: Jo\u00e3o Vitor participa de a\u00e7\u00e3o<\/strong>"},"content":{"rendered":"\n<figure class=\"wp-block-image aligncenter size-full\"><img loading=\"lazy\" decoding=\"async\" width=\"200\" height=\"200\" src=\"https:\/\/renatodias.online\/movimento\/wp-content\/uploads\/2021\/04\/Especial.jpg\" alt=\"\" class=\"wp-image-5929\" srcset=\"https:\/\/renatodias.online\/movimento\/wp-content\/uploads\/2021\/04\/Especial.jpg 200w, https:\/\/renatodias.online\/movimento\/wp-content\/uploads\/2021\/04\/Especial-150x150.jpg 150w\" sizes=\"auto, (max-width: 200px) 100vw, 200px\" \/><\/figure>\n\n\n\n<p class=\"has-text-align-center\"><strong><mark style=\"background-color:rgba(0, 0, 0, 0)\" class=\"has-inline-color has-vivid-red-color\">Programa movimentou a Avenida Paulista no \u00faltimo domingo<\/mark><\/strong><\/p>\n\n\n\n<figure class=\"wp-block-image aligncenter size-full\"><img loading=\"lazy\" decoding=\"async\" width=\"297\" height=\"170\" src=\"https:\/\/renatodias.online\/movimento\/wp-content\/uploads\/2023\/06\/Sindrome-de-Down.jpg\" alt=\"\" class=\"wp-image-17080\" srcset=\"https:\/\/renatodias.online\/movimento\/wp-content\/uploads\/2023\/06\/Sindrome-de-Down.jpg 297w, https:\/\/renatodias.online\/movimento\/wp-content\/uploads\/2023\/06\/Sindrome-de-Down-150x86.jpg 150w\" sizes=\"auto, (max-width: 297px) 100vw, 297px\" \/><\/figure>\n\n\n\n<p class=\"has-text-align-center\"><strong><mark style=\"background-color:rgba(0, 0, 0, 0)\" class=\"has-inline-color has-vivid-green-cyan-color\">S\u00edndrome de Down<\/mark><\/strong><\/p>\n\n\n\n<p><strong><mark style=\"background-color:rgba(0, 0, 0, 0)\" class=\"has-inline-color has-vivid-cyan-blue-color\">O influenciador digital Jo\u00e3o Vitor de Paiva Bittencourt<\/mark><\/strong> participou, no \u00faltimo domingo, de uma a\u00e7\u00e3o do Crian\u00e7a Esperan\u00e7a, da Rede Globo, na avenida Paulista, em S\u00e3o Paulo.\u00a0 Jo\u00e3o Vitor \u00e9 de Goi\u00e2nia, tem 22 anos, e o primeiro aluno com s\u00edndrome de down no curso de Educa\u00e7\u00e3o F\u00edsica da Pontif\u00edcia Universidade Cat\u00f3lica de Goi\u00e1s (PUC-GO). Ele fez sucesso nas redes sociais e est\u00e1 entre os cinco influenciadores com defici\u00eancia mais importantes do Brasil, diz o Mano Down.<\/p>\n\n\n\n<figure class=\"wp-block-image aligncenter size-full\"><img loading=\"lazy\" decoding=\"async\" width=\"300\" height=\"103\" src=\"https:\/\/renatodias.online\/movimento\/wp-content\/uploads\/2022\/08\/Saiba-mais-e1680139445250.png\" alt=\"\" class=\"wp-image-13698\" srcset=\"https:\/\/renatodias.online\/movimento\/wp-content\/uploads\/2022\/08\/Saiba-mais-e1680139445250.png 300w, https:\/\/renatodias.online\/movimento\/wp-content\/uploads\/2022\/08\/Saiba-mais-e1680139445250-150x52.png 150w\" sizes=\"auto, (max-width: 300px) 100vw, 300px\" \/><\/figure>\n\n\n\n<p><strong><mark style=\"background-color:rgba(0, 0, 0, 0)\" class=\"has-inline-color has-luminous-vivid-orange-color\">O Crian\u00e7a Esperan\u00e7a arrecada fundos para ajudar quem precisa<\/mark><\/strong>. No s\u00e1bado passado ocorreu uma a\u00e7\u00e3o com o apoio do programa que movimentou a Avenida Paulista com cultura. As atividades realizadas envolveram arte, dan\u00e7a e m\u00fasica contou com a participa\u00e7\u00e3o do influenciador. O rep\u00f3rter Anselmo Caparica, da Rede Globo o entrevistou. Os telejornais da emissora exibiram a reportagem nesta segunda-feira.\u00a0<\/p>\n\n\n\n<figure class=\"wp-block-image aligncenter size-full\"><img decoding=\"async\" src=\"https:\/\/renatodias.online\/movimento\/wp-content\/uploads\/2022\/08\/Raio-X-especial-e1680139645191.png\" alt=\"\" class=\"wp-image-13781\"\/><\/figure>\n\n\n\n<p>\u201cAmei participar dessa a\u00e7\u00e3o. Eu amo dan\u00e7ar. At\u00e9 fiz a dancinha da m\u00fasica do Crian\u00e7a Esperan\u00e7a\u201d, disse o influenciador. A 38a edi\u00e7\u00e3o do Crian\u00e7a Esperan\u00e7a acontece nesta segunda-feira (7), ap\u00f3s a novela \u201cTerra e Paix\u00e3o\u201d. Com a participa\u00e7\u00e3o de <strong><mark style=\"background-color:rgba(0, 0, 0, 0)\" class=\"has-inline-color has-vivid-cyan-blue-color\">Xuxa, Ang\u00e9lica e Eliana<\/mark><\/strong>, entre outros artistas.<\/p>\n\n\n\n<figure class=\"wp-block-image aligncenter size-full\"><img decoding=\"async\" src=\"https:\/\/renatodias.online\/movimento\/wp-content\/uploads\/2023\/04\/Veja-e1680475225663.jpg\" alt=\"\" class=\"wp-image-16291\"\/><\/figure>\n\n\n\n<figure class=\"wp-block-video\"><video controls src=\"https:\/\/renatodias.online\/movimento\/wp-content\/uploads\/2023\/08\/VID-20230807-WA0058.mp4\"><\/video><\/figure>\n\n\n\n<p><\/p>\n","protected":false},"excerpt":{"rendered":"<p>Programa movimentou a Avenida Paulista no \u00faltimo domingo S\u00edndrome de Down O influenciador digital Jo\u00e3o Vitor de Paiva Bittencourt participou, no \u00faltimo domingo, de uma a\u00e7\u00e3o do Crian\u00e7a Esperan\u00e7a, da Rede Globo, na avenida Paulista, em S\u00e3o Paulo.\u00a0 Jo\u00e3o Vitor \u00e9 de Goi\u00e2nia, tem 22 anos, e o primeiro aluno com s\u00edndrome de down no<\/p>\n","protected":false},"author":2,"featured_media":17470,"comment_status":"open","ping_status":"open","sticky":false,"template":"","format":"standard","meta":{"_acf_changed":false,"_monsterinsights_skip_tracking":false,"_monsterinsights_sitenote_active":false,"_monsterinsights_sitenote_note":"","_monsterinsights_sitenote_category":0,"footnotes":""},"categories":[2],"tags":[],"class_list":["post-17786","post","type-post","status-publish","format-standard","has-post-thumbnail","hentry","category-arte"],"acf":[],"yoast_head":"<!-- This site is optimized with the Yoast SEO plugin v27.4 - https:\/\/yoast.com\/product\/yoast-seo-wordpress\/ -->\n<title>Crian\u00e7a Esperan\u00e7a: Jo\u00e3o Vitor participa de a\u00e7\u00e3o -<\/title>\n<meta name=\"robots\" content=\"index, follow, max-snippet:-1, max-image-preview:large, max-video-preview:-1\" \/>\n<link rel=\"canonical\" href=\"https:\/\/renatodias.online\/movimento\/2023\/08\/07\/crianca-esperanca-joao-vitor-participa-de-acao\/\" \/>\n<meta property=\"og:locale\" content=\"pt_BR\" \/>\n<meta property=\"og:type\" content=\"article\" \/>\n<meta property=\"og:title\" content=\"Crian\u00e7a Esperan\u00e7a: Jo\u00e3o Vitor participa de a\u00e7\u00e3o -\" \/>\n<meta property=\"og:description\" content=\"Programa movimentou a Avenida Paulista no \u00faltimo domingo S\u00edndrome de Down O influenciador digital Jo\u00e3o Vitor de Paiva Bittencourt participou, no \u00faltimo domingo, de uma a\u00e7\u00e3o do Crian\u00e7a Esperan\u00e7a, da Rede Globo, na avenida Paulista, em S\u00e3o Paulo.\u00a0 Jo\u00e3o Vitor \u00e9 de Goi\u00e2nia, tem 22 anos, e o primeiro aluno com s\u00edndrome de down no\" \/>\n<meta property=\"og:url\" content=\"https:\/\/renatodias.online\/movimento\/2023\/08\/07\/crianca-esperanca-joao-vitor-participa-de-acao\/\" \/>\n<meta property=\"article:publisher\" content=\"https:\/\/www.facebook.com\/renato.dias.37\" \/>\n<meta property=\"article:author\" content=\"https:\/\/www.facebook.com\/renato.dias.37\" \/>\n<meta property=\"article:published_time\" content=\"2023-08-08T01:21:06+00:00\" \/>\n<meta property=\"article:modified_time\" content=\"2023-08-08T01:21:07+00:00\" \/>\n<meta property=\"og:image\" content=\"https:\/\/renatodias.online\/movimento\/wp-content\/uploads\/2023\/07\/Joao-Vitor-5o-e1688865263383.jpg\" \/>\n\t<meta property=\"og:image:width\" content=\"800\" \/>\n\t<meta property=\"og:image:height\" content=\"533\" \/>\n\t<meta property=\"og:image:type\" content=\"image\/jpeg\" \/>\n<meta name=\"author\" content=\"Renato Dias\" \/>\n<meta name=\"twitter:card\" content=\"summary_large_image\" \/>\n<meta name=\"twitter:creator\" content=\"@RenatoDiasBat\" \/>\n<meta name=\"twitter:site\" content=\"@RenatoDiasBat\" \/>\n<meta name=\"twitter:label1\" content=\"Escrito por\" \/>\n\t<meta name=\"twitter:data1\" content=\"Renato Dias\" \/>\n\t<meta name=\"twitter:label2\" content=\"Est. tempo de leitura\" \/>\n\t<meta name=\"twitter:data2\" content=\"3 minutos\" \/>\n<script type=\"application\/ld+json\" class=\"yoast-schema-graph\">{\"@context\":\"https:\\\/\\\/schema.org\",\"@graph\":[{\"@type\":\"Article\",\"@id\":\"https:\\\/\\\/renatodias.online\\\/movimento\\\/2023\\\/08\\\/07\\\/crianca-esperanca-joao-vitor-participa-de-acao\\\/#article\",\"isPartOf\":{\"@id\":\"https:\\\/\\\/renatodias.online\\\/movimento\\\/2023\\\/08\\\/07\\\/crianca-esperanca-joao-vitor-participa-de-acao\\\/\"},\"author\":{\"name\":\"Renato Dias\",\"@id\":\"https:\\\/\\\/renatodias.online\\\/movimento\\\/#\\\/schema\\\/person\\\/bbab28833b1725a20f4083f49f1fb2a9\"},\"headline\":\"Crian\u00e7a Esperan\u00e7a: Jo\u00e3o Vitor participa de a\u00e7\u00e3o\",\"datePublished\":\"2023-08-08T01:21:06+00:00\",\"dateModified\":\"2023-08-08T01:21:07+00:00\",\"mainEntityOfPage\":{\"@id\":\"https:\\\/\\\/renatodias.online\\\/movimento\\\/2023\\\/08\\\/07\\\/crianca-esperanca-joao-vitor-participa-de-acao\\\/\"},\"wordCount\":236,\"commentCount\":0,\"publisher\":{\"@id\":\"https:\\\/\\\/renatodias.online\\\/movimento\\\/#\\\/schema\\\/person\\\/bbab28833b1725a20f4083f49f1fb2a9\"},\"image\":{\"@id\":\"https:\\\/\\\/renatodias.online\\\/movimento\\\/2023\\\/08\\\/07\\\/crianca-esperanca-joao-vitor-participa-de-acao\\\/#primaryimage\"},\"thumbnailUrl\":\"https:\\\/\\\/renatodias.online\\\/movimento\\\/wp-content\\\/uploads\\\/2023\\\/07\\\/Joao-Vitor-5o-e1688865263383.jpg\",\"articleSection\":[\"Arte\"],\"inLanguage\":\"pt-BR\",\"potentialAction\":[{\"@type\":\"CommentAction\",\"name\":\"Comment\",\"target\":[\"https:\\\/\\\/renatodias.online\\\/movimento\\\/2023\\\/08\\\/07\\\/crianca-esperanca-joao-vitor-participa-de-acao\\\/#respond\"]}]},{\"@type\":\"WebPage\",\"@id\":\"https:\\\/\\\/renatodias.online\\\/movimento\\\/2023\\\/08\\\/07\\\/crianca-esperanca-joao-vitor-participa-de-acao\\\/\",\"url\":\"https:\\\/\\\/renatodias.online\\\/movimento\\\/2023\\\/08\\\/07\\\/crianca-esperanca-joao-vitor-participa-de-acao\\\/\",\"name\":\"Crian\u00e7a Esperan\u00e7a: Jo\u00e3o Vitor participa de a\u00e7\u00e3o -\",\"isPartOf\":{\"@id\":\"https:\\\/\\\/renatodias.online\\\/movimento\\\/#website\"},\"primaryImageOfPage\":{\"@id\":\"https:\\\/\\\/renatodias.online\\\/movimento\\\/2023\\\/08\\\/07\\\/crianca-esperanca-joao-vitor-participa-de-acao\\\/#primaryimage\"},\"image\":{\"@id\":\"https:\\\/\\\/renatodias.online\\\/movimento\\\/2023\\\/08\\\/07\\\/crianca-esperanca-joao-vitor-participa-de-acao\\\/#primaryimage\"},\"thumbnailUrl\":\"https:\\\/\\\/renatodias.online\\\/movimento\\\/wp-content\\\/uploads\\\/2023\\\/07\\\/Joao-Vitor-5o-e1688865263383.jpg\",\"datePublished\":\"2023-08-08T01:21:06+00:00\",\"dateModified\":\"2023-08-08T01:21:07+00:00\",\"breadcrumb\":{\"@id\":\"https:\\\/\\\/renatodias.online\\\/movimento\\\/2023\\\/08\\\/07\\\/crianca-esperanca-joao-vitor-participa-de-acao\\\/#breadcrumb\"},\"inLanguage\":\"pt-BR\",\"potentialAction\":[{\"@type\":\"ReadAction\",\"target\":[\"https:\\\/\\\/renatodias.online\\\/movimento\\\/2023\\\/08\\\/07\\\/crianca-esperanca-joao-vitor-participa-de-acao\\\/\"]}]},{\"@type\":\"ImageObject\",\"inLanguage\":\"pt-BR\",\"@id\":\"https:\\\/\\\/renatodias.online\\\/movimento\\\/2023\\\/08\\\/07\\\/crianca-esperanca-joao-vitor-participa-de-acao\\\/#primaryimage\",\"url\":\"https:\\\/\\\/renatodias.online\\\/movimento\\\/wp-content\\\/uploads\\\/2023\\\/07\\\/Joao-Vitor-5o-e1688865263383.jpg\",\"contentUrl\":\"https:\\\/\\\/renatodias.online\\\/movimento\\\/wp-content\\\/uploads\\\/2023\\\/07\\\/Joao-Vitor-5o-e1688865263383.jpg\",\"width\":800,\"height\":533,\"caption\":\"Jo\u00e3o Vitor\"},{\"@type\":\"BreadcrumbList\",\"@id\":\"https:\\\/\\\/renatodias.online\\\/movimento\\\/2023\\\/08\\\/07\\\/crianca-esperanca-joao-vitor-participa-de-acao\\\/#breadcrumb\",\"itemListElement\":[{\"@type\":\"ListItem\",\"position\":1,\"name\":\"In\u00edcio\",\"item\":\"https:\\\/\\\/renatodias.online\\\/movimento\\\/\"},{\"@type\":\"ListItem\",\"position\":2,\"name\":\"Crian\u00e7a Esperan\u00e7a: Jo\u00e3o Vitor participa de a\u00e7\u00e3o\"}]},{\"@type\":\"WebSite\",\"@id\":\"https:\\\/\\\/renatodias.online\\\/movimento\\\/#website\",\"url\":\"https:\\\/\\\/renatodias.online\\\/movimento\\\/\",\"name\":\"\",\"description\":\"\",\"publisher\":{\"@id\":\"https:\\\/\\\/renatodias.online\\\/movimento\\\/#\\\/schema\\\/person\\\/bbab28833b1725a20f4083f49f1fb2a9\"},\"potentialAction\":[{\"@type\":\"SearchAction\",\"target\":{\"@type\":\"EntryPoint\",\"urlTemplate\":\"https:\\\/\\\/renatodias.online\\\/movimento\\\/?s={search_term_string}\"},\"query-input\":{\"@type\":\"PropertyValueSpecification\",\"valueRequired\":true,\"valueName\":\"search_term_string\"}}],\"inLanguage\":\"pt-BR\"},{\"@type\":[\"Person\",\"Organization\"],\"@id\":\"https:\\\/\\\/renatodias.online\\\/movimento\\\/#\\\/schema\\\/person\\\/bbab28833b1725a20f4083f49f1fb2a9\",\"name\":\"Renato Dias\",\"image\":{\"@type\":\"ImageObject\",\"inLanguage\":\"pt-BR\",\"@id\":\"https:\\\/\\\/renatodias.online\\\/movimento\\\/wp-content\\\/uploads\\\/2023\\\/03\\\/cropped-cropped-cropped-logofinal.jpeg\",\"url\":\"https:\\\/\\\/renatodias.online\\\/movimento\\\/wp-content\\\/uploads\\\/2023\\\/03\\\/cropped-cropped-cropped-logofinal.jpeg\",\"contentUrl\":\"https:\\\/\\\/renatodias.online\\\/movimento\\\/wp-content\\\/uploads\\\/2023\\\/03\\\/cropped-cropped-cropped-logofinal.jpeg\",\"width\":1280,\"height\":219,\"caption\":\"Renato Dias\"},\"logo\":{\"@id\":\"https:\\\/\\\/renatodias.online\\\/movimento\\\/wp-content\\\/uploads\\\/2023\\\/03\\\/cropped-cropped-cropped-logofinal.jpeg\"},\"description\":\"Renato Dias, 58 anos, \u00e9 graduado em Jornalismo, formado em Ci\u00eancias Sociais, com p\u00f3s-gradua\u00e7\u00e3o em Pol\u00edticas P\u00fablicas, mestre em Direito e Rela\u00e7\u00f5es Internacionais, ex-aluno extraordin\u00e1rio do Doutorado em Psicologia Social, ex-estudante do Curso de Psican\u00e1lise do Centro de Estudos Psicanal\u00edticos do Estado de Goi\u00e1s, ministrado pelo m\u00e9dico psiquiatra e psicanalista Daniel Em\u00eddio de Souza. \u00c9 autor de 30 livros-reportagem, oito document\u00e1rios, ganhou 30 pr\u00eamios e \u00e9 torcedor apaixonado do maior do Centro-Oeste, o Vila Nova Futebol Clube. Casado com Meirilane Dias, \u00e9 pai de Juliana Dias, jornalista; Daniel Dias, economista; e Maria Rosa Dias, estudante antifascista, socialista e trotskista.\u00a0Com tr\u00eas pets: Porquinho [Bull Dog Franc\u00eas], Dalila [Basset Hound] e Geleia [Basset Hound]. Al\u00e9m do eterno gato Tutuquinho, que virou estrela.\",\"sameAs\":[\"https:\\\/\\\/www.facebook.com\\\/renato.dias.37\",\"#breve\",\"https:\\\/\\\/renatodias.tumblr.com\\\/\"],\"url\":\"https:\\\/\\\/renatodias.online\\\/movimento\\\/author\\\/renatodias\\\/\"}]}<\/script>\n<!-- \/ Yoast SEO plugin. -->","yoast_head_json":{"title":"Crian\u00e7a Esperan\u00e7a: Jo\u00e3o Vitor participa de a\u00e7\u00e3o -","robots":{"index":"index","follow":"follow","max-snippet":"max-snippet:-1","max-image-preview":"max-image-preview:large","max-video-preview":"max-video-preview:-1"},"canonical":"https:\/\/renatodias.online\/movimento\/2023\/08\/07\/crianca-esperanca-joao-vitor-participa-de-acao\/","og_locale":"pt_BR","og_type":"article","og_title":"Crian\u00e7a Esperan\u00e7a: Jo\u00e3o Vitor participa de a\u00e7\u00e3o -","og_description":"Programa movimentou a Avenida Paulista no \u00faltimo domingo S\u00edndrome de Down O influenciador digital Jo\u00e3o Vitor de Paiva Bittencourt participou, no \u00faltimo domingo, de uma a\u00e7\u00e3o do Crian\u00e7a Esperan\u00e7a, da Rede Globo, na avenida Paulista, em S\u00e3o Paulo.\u00a0 Jo\u00e3o Vitor \u00e9 de Goi\u00e2nia, tem 22 anos, e o primeiro aluno com s\u00edndrome de down no","og_url":"https:\/\/renatodias.online\/movimento\/2023\/08\/07\/crianca-esperanca-joao-vitor-participa-de-acao\/","article_publisher":"https:\/\/www.facebook.com\/renato.dias.37","article_author":"https:\/\/www.facebook.com\/renato.dias.37","article_published_time":"2023-08-08T01:21:06+00:00","article_modified_time":"2023-08-08T01:21:07+00:00","og_image":[{"width":800,"height":533,"url":"https:\/\/renatodias.online\/movimento\/wp-content\/uploads\/2023\/07\/Joao-Vitor-5o-e1688865263383.jpg","type":"image\/jpeg"}],"author":"Renato Dias","twitter_card":"summary_large_image","twitter_creator":"@RenatoDiasBat","twitter_site":"@RenatoDiasBat","twitter_misc":{"Escrito por":"Renato Dias","Est. tempo de leitura":"3 minutos"},"schema":{"@context":"https:\/\/schema.org","@graph":[{"@type":"Article","@id":"https:\/\/renatodias.online\/movimento\/2023\/08\/07\/crianca-esperanca-joao-vitor-participa-de-acao\/#article","isPartOf":{"@id":"https:\/\/renatodias.online\/movimento\/2023\/08\/07\/crianca-esperanca-joao-vitor-participa-de-acao\/"},"author":{"name":"Renato Dias","@id":"https:\/\/renatodias.online\/movimento\/#\/schema\/person\/bbab28833b1725a20f4083f49f1fb2a9"},"headline":"Crian\u00e7a Esperan\u00e7a: Jo\u00e3o Vitor participa de a\u00e7\u00e3o","datePublished":"2023-08-08T01:21:06+00:00","dateModified":"2023-08-08T01:21:07+00:00","mainEntityOfPage":{"@id":"https:\/\/renatodias.online\/movimento\/2023\/08\/07\/crianca-esperanca-joao-vitor-participa-de-acao\/"},"wordCount":236,"commentCount":0,"publisher":{"@id":"https:\/\/renatodias.online\/movimento\/#\/schema\/person\/bbab28833b1725a20f4083f49f1fb2a9"},"image":{"@id":"https:\/\/renatodias.online\/movimento\/2023\/08\/07\/crianca-esperanca-joao-vitor-participa-de-acao\/#primaryimage"},"thumbnailUrl":"https:\/\/renatodias.online\/movimento\/wp-content\/uploads\/2023\/07\/Joao-Vitor-5o-e1688865263383.jpg","articleSection":["Arte"],"inLanguage":"pt-BR","potentialAction":[{"@type":"CommentAction","name":"Comment","target":["https:\/\/renatodias.online\/movimento\/2023\/08\/07\/crianca-esperanca-joao-vitor-participa-de-acao\/#respond"]}]},{"@type":"WebPage","@id":"https:\/\/renatodias.online\/movimento\/2023\/08\/07\/crianca-esperanca-joao-vitor-participa-de-acao\/","url":"https:\/\/renatodias.online\/movimento\/2023\/08\/07\/crianca-esperanca-joao-vitor-participa-de-acao\/","name":"Crian\u00e7a Esperan\u00e7a: Jo\u00e3o Vitor participa de a\u00e7\u00e3o -","isPartOf":{"@id":"https:\/\/renatodias.online\/movimento\/#website"},"primaryImageOfPage":{"@id":"https:\/\/renatodias.online\/movimento\/2023\/08\/07\/crianca-esperanca-joao-vitor-participa-de-acao\/#primaryimage"},"image":{"@id":"https:\/\/renatodias.online\/movimento\/2023\/08\/07\/crianca-esperanca-joao-vitor-participa-de-acao\/#primaryimage"},"thumbnailUrl":"https:\/\/renatodias.online\/movimento\/wp-content\/uploads\/2023\/07\/Joao-Vitor-5o-e1688865263383.jpg","datePublished":"2023-08-08T01:21:06+00:00","dateModified":"2023-08-08T01:21:07+00:00","breadcrumb":{"@id":"https:\/\/renatodias.online\/movimento\/2023\/08\/07\/crianca-esperanca-joao-vitor-participa-de-acao\/#breadcrumb"},"inLanguage":"pt-BR","potentialAction":[{"@type":"ReadAction","target":["https:\/\/renatodias.online\/movimento\/2023\/08\/07\/crianca-esperanca-joao-vitor-participa-de-acao\/"]}]},{"@type":"ImageObject","inLanguage":"pt-BR","@id":"https:\/\/renatodias.online\/movimento\/2023\/08\/07\/crianca-esperanca-joao-vitor-participa-de-acao\/#primaryimage","url":"https:\/\/renatodias.online\/movimento\/wp-content\/uploads\/2023\/07\/Joao-Vitor-5o-e1688865263383.jpg","contentUrl":"https:\/\/renatodias.online\/movimento\/wp-content\/uploads\/2023\/07\/Joao-Vitor-5o-e1688865263383.jpg","width":800,"height":533,"caption":"Jo\u00e3o Vitor"},{"@type":"BreadcrumbList","@id":"https:\/\/renatodias.online\/movimento\/2023\/08\/07\/crianca-esperanca-joao-vitor-participa-de-acao\/#breadcrumb","itemListElement":[{"@type":"ListItem","position":1,"name":"In\u00edcio","item":"https:\/\/renatodias.online\/movimento\/"},{"@type":"ListItem","position":2,"name":"Crian\u00e7a Esperan\u00e7a: Jo\u00e3o Vitor participa de a\u00e7\u00e3o"}]},{"@type":"WebSite","@id":"https:\/\/renatodias.online\/movimento\/#website","url":"https:\/\/renatodias.online\/movimento\/","name":"","description":"","publisher":{"@id":"https:\/\/renatodias.online\/movimento\/#\/schema\/person\/bbab28833b1725a20f4083f49f1fb2a9"},"potentialAction":[{"@type":"SearchAction","target":{"@type":"EntryPoint","urlTemplate":"https:\/\/renatodias.online\/movimento\/?s={search_term_string}"},"query-input":{"@type":"PropertyValueSpecification","valueRequired":true,"valueName":"search_term_string"}}],"inLanguage":"pt-BR"},{"@type":["Person","Organization"],"@id":"https:\/\/renatodias.online\/movimento\/#\/schema\/person\/bbab28833b1725a20f4083f49f1fb2a9","name":"Renato Dias","image":{"@type":"ImageObject","inLanguage":"pt-BR","@id":"https:\/\/renatodias.online\/movimento\/wp-content\/uploads\/2023\/03\/cropped-cropped-cropped-logofinal.jpeg","url":"https:\/\/renatodias.online\/movimento\/wp-content\/uploads\/2023\/03\/cropped-cropped-cropped-logofinal.jpeg","contentUrl":"https:\/\/renatodias.online\/movimento\/wp-content\/uploads\/2023\/03\/cropped-cropped-cropped-logofinal.jpeg","width":1280,"height":219,"caption":"Renato Dias"},"logo":{"@id":"https:\/\/renatodias.online\/movimento\/wp-content\/uploads\/2023\/03\/cropped-cropped-cropped-logofinal.jpeg"},"description":"Renato Dias, 58 anos, \u00e9 graduado em Jornalismo, formado em Ci\u00eancias Sociais, com p\u00f3s-gradua\u00e7\u00e3o em Pol\u00edticas P\u00fablicas, mestre em Direito e Rela\u00e7\u00f5es Internacionais, ex-aluno extraordin\u00e1rio do Doutorado em Psicologia Social, ex-estudante do Curso de Psican\u00e1lise do Centro de Estudos Psicanal\u00edticos do Estado de Goi\u00e1s, ministrado pelo m\u00e9dico psiquiatra e psicanalista Daniel Em\u00eddio de Souza. \u00c9 autor de 30 livros-reportagem, oito document\u00e1rios, ganhou 30 pr\u00eamios e \u00e9 torcedor apaixonado do maior do Centro-Oeste, o Vila Nova Futebol Clube. Casado com Meirilane Dias, \u00e9 pai de Juliana Dias, jornalista; Daniel Dias, economista; e Maria Rosa Dias, estudante antifascista, socialista e trotskista.\u00a0Com tr\u00eas pets: Porquinho [Bull Dog Franc\u00eas], Dalila [Basset Hound] e Geleia [Basset Hound]. Al\u00e9m do eterno gato Tutuquinho, que virou estrela.","sameAs":["https:\/\/www.facebook.com\/renato.dias.37","#breve","https:\/\/renatodias.tumblr.com\/"],"url":"https:\/\/renatodias.online\/movimento\/author\/renatodias\/"}]}},"_links":{"self":[{"href":"https:\/\/renatodias.online\/movimento\/wp-json\/wp\/v2\/posts\/17786","targetHints":{"allow":["GET"]}}],"collection":[{"href":"https:\/\/renatodias.online\/movimento\/wp-json\/wp\/v2\/posts"}],"about":[{"href":"https:\/\/renatodias.online\/movimento\/wp-json\/wp\/v2\/types\/post"}],"author":[{"embeddable":true,"href":"https:\/\/renatodias.online\/movimento\/wp-json\/wp\/v2\/users\/2"}],"replies":[{"embeddable":true,"href":"https:\/\/renatodias.online\/movimento\/wp-json\/wp\/v2\/comments?post=17786"}],"version-history":[{"count":1,"href":"https:\/\/renatodias.online\/movimento\/wp-json\/wp\/v2\/posts\/17786\/revisions"}],"predecessor-version":[{"id":17788,"href":"https:\/\/renatodias.online\/movimento\/wp-json\/wp\/v2\/posts\/17786\/revisions\/17788"}],"wp:featuredmedia":[{"embeddable":true,"href":"https:\/\/renatodias.online\/movimento\/wp-json\/wp\/v2\/media\/17470"}],"wp:attachment":[{"href":"https:\/\/renatodias.online\/movimento\/wp-json\/wp\/v2\/media?parent=17786"}],"wp:term":[{"taxonomy":"category","embeddable":true,"href":"https:\/\/renatodias.online\/movimento\/wp-json\/wp\/v2\/categories?post=17786"},{"taxonomy":"post_tag","embeddable":true,"href":"https:\/\/renatodias.online\/movimento\/wp-json\/wp\/v2\/tags?post=17786"}],"curies":[{"name":"wp","href":"https:\/\/api.w.org\/{rel}","templated":true}]}}