{"id":17244,"date":"2023-06-29T16:49:29","date_gmt":"2023-06-29T19:49:29","guid":{"rendered":"https:\/\/renatodias.online\/movimento\/?p=17244"},"modified":"2023-06-29T16:50:44","modified_gmt":"2023-06-29T19:50:44","slug":"precisamos-falar-sobre-o-gustavo-gayer","status":"publish","type":"post","link":"https:\/\/renatodias.online\/movimento\/2023\/06\/29\/precisamos-falar-sobre-o-gustavo-gayer\/","title":{"rendered":"<strong>Precisamos falar sobre o Gustavo Gayer\u00a0<\/strong>"},"content":{"rendered":"\n<figure class=\"wp-block-image aligncenter size-full\"><img loading=\"lazy\" decoding=\"async\" width=\"150\" height=\"150\" src=\"https:\/\/renatodias.online\/movimento\/wp-content\/uploads\/2021\/04\/Bomba-A-morte-da-Politica-e1683416532524.jpg\" alt=\"explosivo\" class=\"wp-image-5888\" srcset=\"https:\/\/renatodias.online\/movimento\/wp-content\/uploads\/2021\/04\/Bomba-A-morte-da-Politica-e1683416532524.jpg 150w, https:\/\/renatodias.online\/movimento\/wp-content\/uploads\/2021\/04\/Bomba-A-morte-da-Politica-e1683416532524-96x96.jpg 96w\" sizes=\"auto, (max-width: 150px) 100vw, 150px\" \/><figcaption class=\"wp-element-caption\"><strong><mark style=\"background-color:rgba(0, 0, 0, 0)\" class=\"has-inline-color has-luminous-vivid-orange-color\">explosivo<\/mark><\/strong><\/figcaption><\/figure>\n\n\n\n<p class=\"has-text-align-center\"><strong><mark style=\"background-color:rgba(0, 0, 0, 0)\" class=\"has-inline-color has-vivid-red-color\">Renato Dias<\/mark><\/strong><\/p>\n\n\n\n<p>O deputado federal <strong>Gustavo Gayer [PL Goi\u00e1s] \u00e9 um colecionador. De crimes<\/strong>. Veja: os dois \u00faltimos de racismo e misoginia. O parlamentar diz que os africanos t\u00eam d\u00e9ficit cognitivo, o que implicaria na aus\u00eancia de democracia no extenso continente. Mentira.<\/p>\n\n\n\n<figure class=\"wp-block-image aligncenter size-full\"><img loading=\"lazy\" decoding=\"async\" width=\"259\" height=\"194\" src=\"https:\/\/renatodias.online\/movimento\/wp-content\/uploads\/2020\/08\/Racismo-Live-2.jpg\" alt=\"\" class=\"wp-image-4204\"\/><\/figure>\n\n\n\n<p><strong>Soci\u00f3logo, um professor do ensino m\u00e9dio do Col\u00e9gio Vis\u00e3o,&nbsp;Goi\u00e2nia, Osvaldo Machado<\/strong>, foi demitido em 2022 por ter usado em uma quest\u00e3o de prova aos alunos uma tirinha do chargista Andr\u00e9 Dahmer. Mais: para abordar a viol\u00eancia policial. Do aparelho do Estado.<\/p>\n\n\n\n<figure class=\"wp-block-image aligncenter size-full\"><img loading=\"lazy\" decoding=\"async\" width=\"270\" height=\"169\" src=\"https:\/\/renatodias.online\/movimento\/wp-content\/uploads\/2022\/01\/Censura-e1688067430153.jpg\" alt=\"\" class=\"wp-image-10622\" srcset=\"https:\/\/renatodias.online\/movimento\/wp-content\/uploads\/2022\/01\/Censura-e1688067430153.jpg 270w, https:\/\/renatodias.online\/movimento\/wp-content\/uploads\/2022\/01\/Censura-e1688067430153-150x94.jpg 150w\" sizes=\"auto, (max-width: 270px) 100vw, 270px\" \/><figcaption class=\"wp-element-caption\"><strong>Censura<\/strong><\/figcaption><\/figure>\n\n\n\n<p>Lan\u00e7ado em 2005, um romance <strong>de Mar\u00e7al Aquino, \u2018Eu receberia as piores not\u00edcias de seus lindos l\u00e1bios\u2019<\/strong>, produ\u00e7\u00e3o liter\u00e1ria que virou filme, com a atriz Camila Pitanga como a protagonista, acabou alvo de censura e exclu\u00eddo da lista do vestibular da UNIRV [Go]<\/p>\n\n\n\n<figure class=\"wp-block-image aligncenter size-full\"><img loading=\"lazy\" decoding=\"async\" width=\"270\" height=\"187\" src=\"https:\/\/renatodias.online\/movimento\/wp-content\/uploads\/2023\/05\/Camisa-do-Helio-Oiticica-e1688067480602.png\" alt=\"\" class=\"wp-image-16700\" srcset=\"https:\/\/renatodias.online\/movimento\/wp-content\/uploads\/2023\/05\/Camisa-do-Helio-Oiticica-e1688067480602.png 270w, https:\/\/renatodias.online\/movimento\/wp-content\/uploads\/2023\/05\/Camisa-do-Helio-Oiticica-e1688067480602-130x90.png 130w, https:\/\/renatodias.online\/movimento\/wp-content\/uploads\/2023\/05\/Camisa-do-Helio-Oiticica-e1688067480602-150x104.png 150w\" sizes=\"auto, (max-width: 270px) 100vw, 270px\" \/><figcaption class=\"wp-element-caption\"><strong>H\u00e9lio Oiticica: demiss\u00e3o<\/strong><\/figcaption><\/figure>\n\n\n\n<p><strong>H\u00e9lio Oiticica, artista pl\u00e1stico, refer\u00eancia est\u00e9tica no Brasil e no mundo<\/strong>, teve uma de suas obras com versos usados na camisa e no perfil de uma professora de Hist\u00f3ria da Arte, do Col\u00e9gio Express\u00e3o, de Aparecida de Goi\u00e2nia [GO]. Sob press\u00e3o, acabou demitida.<\/p>\n\n\n\n<figure class=\"wp-block-image aligncenter size-full\"><img loading=\"lazy\" decoding=\"async\" width=\"270\" height=\"152\" src=\"https:\/\/renatodias.online\/movimento\/wp-content\/uploads\/2021\/12\/Mortes-sob-a-Pandemia-e1688067562771.jpeg\" alt=\"\" class=\"wp-image-10016\" srcset=\"https:\/\/renatodias.online\/movimento\/wp-content\/uploads\/2021\/12\/Mortes-sob-a-Pandemia-e1688067562771.jpeg 270w, https:\/\/renatodias.online\/movimento\/wp-content\/uploads\/2021\/12\/Mortes-sob-a-Pandemia-e1688067562771-150x84.jpeg 150w\" sizes=\"auto, (max-width: 270px) 100vw, 270px\" \/><figcaption class=\"wp-element-caption\"><strong>Mortes sob a Pandemia<\/strong><\/figcaption><\/figure>\n\n\n\n<p>Adepto dos supostos or\u00e1culos <strong>Olavo de Carvalho e de Jair Messias Bolsonaro<\/strong>, Gustavo Gayer surfou na onda conservadora p\u00f3s-jornadas de junho de 2013. Sob a Pandemia do Covid 19, defendeu o negacionismo. \u00c9 porta-voz da tradi\u00e7\u00e3o, fam\u00edlia, moral e bons costumes.<\/p>\n\n\n\n<figure class=\"wp-block-image aligncenter size-full\"><img loading=\"lazy\" decoding=\"async\" width=\"300\" height=\"103\" src=\"https:\/\/renatodias.online\/movimento\/wp-content\/uploads\/2022\/08\/Saiba-mais-e1680139445250.png\" alt=\"\" class=\"wp-image-13698\" srcset=\"https:\/\/renatodias.online\/movimento\/wp-content\/uploads\/2022\/08\/Saiba-mais-e1680139445250.png 300w, https:\/\/renatodias.online\/movimento\/wp-content\/uploads\/2022\/08\/Saiba-mais-e1680139445250-150x52.png 150w\" sizes=\"auto, (max-width: 300px) 100vw, 300px\" \/><\/figure>\n\n\n\n<p>O neofascista acusa ainda o presidente do Congresso Nacional, Rodrigo Pacheco [MG]. Absurdo: em um flagrante quebra do decoro parlamentar. <strong>Vil, a acusa\u00e7\u00e3o \u00e9 infame<\/strong>, ap\u00f3s consecutivas derrotas na CPMI do dia 8 de janeiro: &#8220;um capacho do crime organizado&#8221;.<\/p>\n\n\n\n<figure class=\"wp-block-image aligncenter size-full\"><img loading=\"lazy\" decoding=\"async\" width=\"300\" height=\"200\" src=\"https:\/\/renatodias.online\/movimento\/wp-content\/uploads\/2023\/06\/Fantasma-do-comunismo-e1688067734204.jpg\" alt=\"\" class=\"wp-image-17246\" srcset=\"https:\/\/renatodias.online\/movimento\/wp-content\/uploads\/2023\/06\/Fantasma-do-comunismo-e1688067734204.jpg 300w, https:\/\/renatodias.online\/movimento\/wp-content\/uploads\/2023\/06\/Fantasma-do-comunismo-e1688067734204-150x100.jpg 150w\" sizes=\"auto, (max-width: 300px) 100vw, 300px\" \/><figcaption class=\"wp-element-caption\"><strong>Fantasma do comunismo no Brasil<\/strong><\/figcaption><\/figure>\n\n\n\n<p><strong>\u00c9 uma esp\u00e9cie de lutador Fake contra o fantasma inexistente do comunismo<\/strong>. Em del\u00edrio, ataca personagens. A diva Fernando Montenegro \u00e9 sua v\u00edtima. A rainha dos baixinhos Xuxa n\u00e3o escapou de sua ira. PF e STF investigam-no por ataques aos tr\u00eas poderes e Fake News.&nbsp;<\/p>\n\n\n\n<figure class=\"wp-block-image aligncenter size-full is-resized\"><img loading=\"lazy\" decoding=\"async\" src=\"https:\/\/renatodias.online\/movimento\/wp-content\/uploads\/2022\/04\/STF-link-e1687715668964.jpg\" alt=\"\" class=\"wp-image-11773\" width=\"300\" height=\"225\"\/><figcaption class=\"wp-element-caption\"><strong>STF<\/strong><\/figcaption><\/figure>\n\n\n\n<p>Eleito deputado federal dia 2 de outubro de 2022, o segundo mais votado dos 17 do Estado, \u00e9 ele, com a sua teia de seguidores nas redes sociais, o respons\u00e1vel pelas duas demiss\u00f5es relatadas e \u00e0 censura em Goi\u00e1s. <strong>J\u00e1 acionado e at\u00e9 condenado na Justi\u00e7a.<\/strong><\/p>\n\n\n\n<figure class=\"wp-block-image aligncenter size-full\"><img loading=\"lazy\" decoding=\"async\" width=\"310\" height=\"163\" src=\"https:\/\/renatodias.online\/movimento\/wp-content\/uploads\/2021\/06\/Escandalo.jpg\" alt=\"\" class=\"wp-image-7503\" srcset=\"https:\/\/renatodias.online\/movimento\/wp-content\/uploads\/2021\/06\/Escandalo.jpg 310w, https:\/\/renatodias.online\/movimento\/wp-content\/uploads\/2021\/06\/Escandalo-300x158.jpg 300w\" sizes=\"auto, (max-width: 310px) 100vw, 310px\" \/><\/figure>\n\n\n\n<p>Deputada federal do Uni\u00e3o Brasil de Goi\u00e1s, <strong>Silvye Alves<\/strong> denuncia Gustavo Gayer de ter matado, b\u00eabado, no tr\u00e2nsito, duas pessoas, deixado uma paral\u00edtica, depois invadir com carro um ponto de \u00f4nibus e at\u00e9 fazer gastos irregulares com verba p\u00fablica. Esc\u00e2ndalo.<\/p>\n\n\n\n<figure class=\"wp-block-embed is-type-video is-provider-youtube wp-block-embed-youtube wp-embed-aspect-16-9 wp-has-aspect-ratio\"><div class=\"wp-block-embed__wrapper\">\nhttps:\/\/www.youtube.com\/watch?v=2_lRDZ5mUhA\n<\/div><\/figure>\n\n\n\n<p>Sem parar com as suas estrepolias, crimes, a\u00e7\u00f5es irregulares, passos inconstitucionais, o seguidor do suposto Messias Bolsonaro ainda xinga o ilustrado ministro dos Direitos Humanos, professor doutor do Mackenzie, <strong>S\u00edlvio Almeida, de &#8220;analfabeto funcional&#8221;.<\/strong><\/p>\n\n\n\n<figure class=\"wp-block-image aligncenter size-full\"><img loading=\"lazy\" decoding=\"async\" width=\"1050\" height=\"493\" src=\"https:\/\/renatodias.online\/movimento\/wp-content\/uploads\/2023\/06\/Gustavo-Gayer-Post-de-Silvio-Almeida.png\" alt=\"\" class=\"wp-image-17248\" srcset=\"https:\/\/renatodias.online\/movimento\/wp-content\/uploads\/2023\/06\/Gustavo-Gayer-Post-de-Silvio-Almeida.png 1050w, https:\/\/renatodias.online\/movimento\/wp-content\/uploads\/2023\/06\/Gustavo-Gayer-Post-de-Silvio-Almeida-300x141.png 300w, https:\/\/renatodias.online\/movimento\/wp-content\/uploads\/2023\/06\/Gustavo-Gayer-Post-de-Silvio-Almeida-768x361.png 768w, https:\/\/renatodias.online\/movimento\/wp-content\/uploads\/2023\/06\/Gustavo-Gayer-Post-de-Silvio-Almeida-150x70.png 150w\" sizes=\"auto, (max-width: 1050px) 100vw, 1050px\" \/><figcaption class=\"wp-element-caption\"><strong>Gustavo Gayer: Post de S\u00edlvio Almeida<\/strong><\/figcaption><\/figure>\n\n\n\n<p>A xenofobia, o racismo, a avers\u00e3o aos mais pobres retroalimentam o discurso contra os <strong>nordestinos<\/strong>. Com exalta\u00e7\u00e3o do Sul\/Sudeste. O que Gustavo Gayer [PL-GO] quer:&nbsp; likes e os aplausos dos integrantes de sua bolha. <strong>Heteronormativa, supremacista e fascista.<\/strong><\/p>\n\n\n\n<figure class=\"wp-block-image aligncenter size-full\"><img decoding=\"async\" src=\"https:\/\/renatodias.online\/movimento\/wp-content\/uploads\/2023\/04\/Veja-e1680475225663.jpg\" alt=\"\" class=\"wp-image-16291\"\/><\/figure>\n\n\n\n<p>Produ\u00e7\u00e3o do Reino Unido e EUA, dire\u00e7\u00e3o de Linne Ramsey, um Thriller do ano de 2011, indicado ao Oscar, <strong>Precisamos Falar Sobre o Kevin \u00e9 um filme perturbador. A cr\u00edtica v\u00ea peso, inc\u00f4modo, estranhamento. Do in\u00edcio ao fim. Uma hist\u00f3ria para levar \u00e0 reflex\u00e3o<\/strong><\/p>\n\n\n\n<figure class=\"wp-block-image aligncenter size-large\"><img loading=\"lazy\" decoding=\"async\" width=\"510\" height=\"1024\" src=\"https:\/\/renatodias.online\/movimento\/wp-content\/uploads\/2023\/06\/Gustavo-Gayer-Filme-para-reflexao-510x1024.png\" alt=\"\" class=\"wp-image-17247\"\/><\/figure>\n\n\n\n<figure class=\"wp-block-table\"><table><tbody><tr><td><img decoding=\"async\" src=\"https:\/\/mail.google.com\/mail\/u\/0\/images\/cleardot.gif\" alt=\"\"><\/td><\/tr><\/tbody><\/table><\/figure>\n\n\n\n<figure class=\"wp-block-table\"><table><tbody><tr><td><img decoding=\"async\" src=\"https:\/\/mail.google.com\/mail\/u\/0\/images\/cleardot.gif\" alt=\"\"><\/td><\/tr><\/tbody><\/table><\/figure>\n","protected":false},"excerpt":{"rendered":"<p>Renato Dias O deputado federal Gustavo Gayer [PL Goi\u00e1s] \u00e9 um colecionador. De crimes. Veja: os dois \u00faltimos de racismo e misoginia. O parlamentar diz que os africanos t\u00eam d\u00e9ficit cognitivo, o que implicaria na aus\u00eancia de democracia no extenso continente. Mentira. Soci\u00f3logo, um professor do ensino m\u00e9dio do Col\u00e9gio Vis\u00e3o,&nbsp;Goi\u00e2nia, Osvaldo Machado, foi demitido<\/p>\n","protected":false},"author":2,"featured_media":17245,"comment_status":"open","ping_status":"open","sticky":false,"template":"","format":"standard","meta":{"_acf_changed":false,"_monsterinsights_skip_tracking":false,"_monsterinsights_sitenote_active":false,"_monsterinsights_sitenote_note":"","_monsterinsights_sitenote_category":0,"footnotes":""},"categories":[4],"tags":[],"class_list":["post-17244","post","type-post","status-publish","format-standard","has-post-thumbnail","hentry","category-politica"],"acf":[],"yoast_head":"<!-- This site is optimized with the Yoast SEO plugin v27.4 - https:\/\/yoast.com\/product\/yoast-seo-wordpress\/ -->\n<title>Precisamos falar sobre o Gustavo Gayer\u00a0 -<\/title>\n<meta name=\"robots\" content=\"index, follow, max-snippet:-1, max-image-preview:large, max-video-preview:-1\" \/>\n<link rel=\"canonical\" href=\"https:\/\/renatodias.online\/movimento\/2023\/06\/29\/precisamos-falar-sobre-o-gustavo-gayer\/\" \/>\n<meta property=\"og:locale\" content=\"pt_BR\" \/>\n<meta property=\"og:type\" content=\"article\" \/>\n<meta property=\"og:title\" content=\"Precisamos falar sobre o Gustavo Gayer\u00a0 -\" \/>\n<meta property=\"og:description\" content=\"Renato Dias O deputado federal Gustavo Gayer [PL Goi\u00e1s] \u00e9 um colecionador. De crimes. Veja: os dois \u00faltimos de racismo e misoginia. O parlamentar diz que os africanos t\u00eam d\u00e9ficit cognitivo, o que implicaria na aus\u00eancia de democracia no extenso continente. Mentira. Soci\u00f3logo, um professor do ensino m\u00e9dio do Col\u00e9gio Vis\u00e3o,&nbsp;Goi\u00e2nia, Osvaldo Machado, foi demitido\" \/>\n<meta property=\"og:url\" content=\"https:\/\/renatodias.online\/movimento\/2023\/06\/29\/precisamos-falar-sobre-o-gustavo-gayer\/\" \/>\n<meta property=\"article:publisher\" content=\"https:\/\/www.facebook.com\/renato.dias.37\" \/>\n<meta property=\"article:author\" content=\"https:\/\/www.facebook.com\/renato.dias.37\" \/>\n<meta property=\"article:published_time\" content=\"2023-06-29T19:49:29+00:00\" \/>\n<meta property=\"article:modified_time\" content=\"2023-06-29T19:50:44+00:00\" \/>\n<meta property=\"og:image\" content=\"https:\/\/renatodias.online\/movimento\/wp-content\/uploads\/2023\/06\/Gustavo-Gayer-Arte-e1688067242970.jpg\" \/>\n\t<meta property=\"og:image:width\" content=\"800\" \/>\n\t<meta property=\"og:image:height\" content=\"450\" \/>\n\t<meta property=\"og:image:type\" content=\"image\/jpeg\" \/>\n<meta name=\"author\" content=\"Renato Dias\" \/>\n<meta name=\"twitter:card\" content=\"summary_large_image\" \/>\n<meta name=\"twitter:creator\" content=\"@RenatoDiasBat\" \/>\n<meta name=\"twitter:site\" content=\"@RenatoDiasBat\" \/>\n<meta name=\"twitter:label1\" content=\"Escrito por\" \/>\n\t<meta name=\"twitter:data1\" content=\"Renato Dias\" \/>\n\t<meta name=\"twitter:label2\" content=\"Est. tempo de leitura\" \/>\n\t<meta name=\"twitter:data2\" content=\"6 minutos\" \/>\n<script type=\"application\/ld+json\" class=\"yoast-schema-graph\">{\"@context\":\"https:\\\/\\\/schema.org\",\"@graph\":[{\"@type\":\"Article\",\"@id\":\"https:\\\/\\\/renatodias.online\\\/movimento\\\/2023\\\/06\\\/29\\\/precisamos-falar-sobre-o-gustavo-gayer\\\/#article\",\"isPartOf\":{\"@id\":\"https:\\\/\\\/renatodias.online\\\/movimento\\\/2023\\\/06\\\/29\\\/precisamos-falar-sobre-o-gustavo-gayer\\\/\"},\"author\":{\"name\":\"Renato Dias\",\"@id\":\"https:\\\/\\\/renatodias.online\\\/movimento\\\/#\\\/schema\\\/person\\\/bbab28833b1725a20f4083f49f1fb2a9\"},\"headline\":\"Precisamos falar sobre o Gustavo Gayer\u00a0\",\"datePublished\":\"2023-06-29T19:49:29+00:00\",\"dateModified\":\"2023-06-29T19:50:44+00:00\",\"mainEntityOfPage\":{\"@id\":\"https:\\\/\\\/renatodias.online\\\/movimento\\\/2023\\\/06\\\/29\\\/precisamos-falar-sobre-o-gustavo-gayer\\\/\"},\"wordCount\":582,\"commentCount\":0,\"publisher\":{\"@id\":\"https:\\\/\\\/renatodias.online\\\/movimento\\\/#\\\/schema\\\/person\\\/bbab28833b1725a20f4083f49f1fb2a9\"},\"image\":{\"@id\":\"https:\\\/\\\/renatodias.online\\\/movimento\\\/2023\\\/06\\\/29\\\/precisamos-falar-sobre-o-gustavo-gayer\\\/#primaryimage\"},\"thumbnailUrl\":\"https:\\\/\\\/renatodias.online\\\/movimento\\\/wp-content\\\/uploads\\\/2023\\\/06\\\/Gustavo-Gayer-Arte-e1688067242970.jpg\",\"articleSection\":[\"Pol\u00edtica\"],\"inLanguage\":\"pt-BR\",\"potentialAction\":[{\"@type\":\"CommentAction\",\"name\":\"Comment\",\"target\":[\"https:\\\/\\\/renatodias.online\\\/movimento\\\/2023\\\/06\\\/29\\\/precisamos-falar-sobre-o-gustavo-gayer\\\/#respond\"]}]},{\"@type\":\"WebPage\",\"@id\":\"https:\\\/\\\/renatodias.online\\\/movimento\\\/2023\\\/06\\\/29\\\/precisamos-falar-sobre-o-gustavo-gayer\\\/\",\"url\":\"https:\\\/\\\/renatodias.online\\\/movimento\\\/2023\\\/06\\\/29\\\/precisamos-falar-sobre-o-gustavo-gayer\\\/\",\"name\":\"Precisamos falar sobre o Gustavo Gayer\u00a0 -\",\"isPartOf\":{\"@id\":\"https:\\\/\\\/renatodias.online\\\/movimento\\\/#website\"},\"primaryImageOfPage\":{\"@id\":\"https:\\\/\\\/renatodias.online\\\/movimento\\\/2023\\\/06\\\/29\\\/precisamos-falar-sobre-o-gustavo-gayer\\\/#primaryimage\"},\"image\":{\"@id\":\"https:\\\/\\\/renatodias.online\\\/movimento\\\/2023\\\/06\\\/29\\\/precisamos-falar-sobre-o-gustavo-gayer\\\/#primaryimage\"},\"thumbnailUrl\":\"https:\\\/\\\/renatodias.online\\\/movimento\\\/wp-content\\\/uploads\\\/2023\\\/06\\\/Gustavo-Gayer-Arte-e1688067242970.jpg\",\"datePublished\":\"2023-06-29T19:49:29+00:00\",\"dateModified\":\"2023-06-29T19:50:44+00:00\",\"breadcrumb\":{\"@id\":\"https:\\\/\\\/renatodias.online\\\/movimento\\\/2023\\\/06\\\/29\\\/precisamos-falar-sobre-o-gustavo-gayer\\\/#breadcrumb\"},\"inLanguage\":\"pt-BR\",\"potentialAction\":[{\"@type\":\"ReadAction\",\"target\":[\"https:\\\/\\\/renatodias.online\\\/movimento\\\/2023\\\/06\\\/29\\\/precisamos-falar-sobre-o-gustavo-gayer\\\/\"]}]},{\"@type\":\"ImageObject\",\"inLanguage\":\"pt-BR\",\"@id\":\"https:\\\/\\\/renatodias.online\\\/movimento\\\/2023\\\/06\\\/29\\\/precisamos-falar-sobre-o-gustavo-gayer\\\/#primaryimage\",\"url\":\"https:\\\/\\\/renatodias.online\\\/movimento\\\/wp-content\\\/uploads\\\/2023\\\/06\\\/Gustavo-Gayer-Arte-e1688067242970.jpg\",\"contentUrl\":\"https:\\\/\\\/renatodias.online\\\/movimento\\\/wp-content\\\/uploads\\\/2023\\\/06\\\/Gustavo-Gayer-Arte-e1688067242970.jpg\",\"width\":800,\"height\":450},{\"@type\":\"BreadcrumbList\",\"@id\":\"https:\\\/\\\/renatodias.online\\\/movimento\\\/2023\\\/06\\\/29\\\/precisamos-falar-sobre-o-gustavo-gayer\\\/#breadcrumb\",\"itemListElement\":[{\"@type\":\"ListItem\",\"position\":1,\"name\":\"In\u00edcio\",\"item\":\"https:\\\/\\\/renatodias.online\\\/movimento\\\/\"},{\"@type\":\"ListItem\",\"position\":2,\"name\":\"Precisamos falar sobre o Gustavo Gayer\u00a0\"}]},{\"@type\":\"WebSite\",\"@id\":\"https:\\\/\\\/renatodias.online\\\/movimento\\\/#website\",\"url\":\"https:\\\/\\\/renatodias.online\\\/movimento\\\/\",\"name\":\"\",\"description\":\"\",\"publisher\":{\"@id\":\"https:\\\/\\\/renatodias.online\\\/movimento\\\/#\\\/schema\\\/person\\\/bbab28833b1725a20f4083f49f1fb2a9\"},\"potentialAction\":[{\"@type\":\"SearchAction\",\"target\":{\"@type\":\"EntryPoint\",\"urlTemplate\":\"https:\\\/\\\/renatodias.online\\\/movimento\\\/?s={search_term_string}\"},\"query-input\":{\"@type\":\"PropertyValueSpecification\",\"valueRequired\":true,\"valueName\":\"search_term_string\"}}],\"inLanguage\":\"pt-BR\"},{\"@type\":[\"Person\",\"Organization\"],\"@id\":\"https:\\\/\\\/renatodias.online\\\/movimento\\\/#\\\/schema\\\/person\\\/bbab28833b1725a20f4083f49f1fb2a9\",\"name\":\"Renato Dias\",\"image\":{\"@type\":\"ImageObject\",\"inLanguage\":\"pt-BR\",\"@id\":\"https:\\\/\\\/renatodias.online\\\/movimento\\\/wp-content\\\/uploads\\\/2023\\\/03\\\/cropped-cropped-cropped-logofinal.jpeg\",\"url\":\"https:\\\/\\\/renatodias.online\\\/movimento\\\/wp-content\\\/uploads\\\/2023\\\/03\\\/cropped-cropped-cropped-logofinal.jpeg\",\"contentUrl\":\"https:\\\/\\\/renatodias.online\\\/movimento\\\/wp-content\\\/uploads\\\/2023\\\/03\\\/cropped-cropped-cropped-logofinal.jpeg\",\"width\":1280,\"height\":219,\"caption\":\"Renato Dias\"},\"logo\":{\"@id\":\"https:\\\/\\\/renatodias.online\\\/movimento\\\/wp-content\\\/uploads\\\/2023\\\/03\\\/cropped-cropped-cropped-logofinal.jpeg\"},\"description\":\"Renato Dias, 58 anos, \u00e9 graduado em Jornalismo, formado em Ci\u00eancias Sociais, com p\u00f3s-gradua\u00e7\u00e3o em Pol\u00edticas P\u00fablicas, mestre em Direito e Rela\u00e7\u00f5es Internacionais, ex-aluno extraordin\u00e1rio do Doutorado em Psicologia Social, ex-estudante do Curso de Psican\u00e1lise do Centro de Estudos Psicanal\u00edticos do Estado de Goi\u00e1s, ministrado pelo m\u00e9dico psiquiatra e psicanalista Daniel Em\u00eddio de Souza. \u00c9 autor de 30 livros-reportagem, oito document\u00e1rios, ganhou 30 pr\u00eamios e \u00e9 torcedor apaixonado do maior do Centro-Oeste, o Vila Nova Futebol Clube. Casado com Meirilane Dias, \u00e9 pai de Juliana Dias, jornalista; Daniel Dias, economista; e Maria Rosa Dias, estudante antifascista, socialista e trotskista.\u00a0Com tr\u00eas pets: Porquinho [Bull Dog Franc\u00eas], Dalila [Basset Hound] e Geleia [Basset Hound]. Al\u00e9m do eterno gato Tutuquinho, que virou estrela.\",\"sameAs\":[\"https:\\\/\\\/www.facebook.com\\\/renato.dias.37\",\"#breve\",\"https:\\\/\\\/renatodias.tumblr.com\\\/\"],\"url\":\"https:\\\/\\\/renatodias.online\\\/movimento\\\/author\\\/renatodias\\\/\"}]}<\/script>\n<!-- \/ Yoast SEO plugin. -->","yoast_head_json":{"title":"Precisamos falar sobre o Gustavo Gayer\u00a0 -","robots":{"index":"index","follow":"follow","max-snippet":"max-snippet:-1","max-image-preview":"max-image-preview:large","max-video-preview":"max-video-preview:-1"},"canonical":"https:\/\/renatodias.online\/movimento\/2023\/06\/29\/precisamos-falar-sobre-o-gustavo-gayer\/","og_locale":"pt_BR","og_type":"article","og_title":"Precisamos falar sobre o Gustavo Gayer\u00a0 -","og_description":"Renato Dias O deputado federal Gustavo Gayer [PL Goi\u00e1s] \u00e9 um colecionador. De crimes. Veja: os dois \u00faltimos de racismo e misoginia. O parlamentar diz que os africanos t\u00eam d\u00e9ficit cognitivo, o que implicaria na aus\u00eancia de democracia no extenso continente. Mentira. Soci\u00f3logo, um professor do ensino m\u00e9dio do Col\u00e9gio Vis\u00e3o,&nbsp;Goi\u00e2nia, Osvaldo Machado, foi demitido","og_url":"https:\/\/renatodias.online\/movimento\/2023\/06\/29\/precisamos-falar-sobre-o-gustavo-gayer\/","article_publisher":"https:\/\/www.facebook.com\/renato.dias.37","article_author":"https:\/\/www.facebook.com\/renato.dias.37","article_published_time":"2023-06-29T19:49:29+00:00","article_modified_time":"2023-06-29T19:50:44+00:00","og_image":[{"width":800,"height":450,"url":"https:\/\/renatodias.online\/movimento\/wp-content\/uploads\/2023\/06\/Gustavo-Gayer-Arte-e1688067242970.jpg","type":"image\/jpeg"}],"author":"Renato Dias","twitter_card":"summary_large_image","twitter_creator":"@RenatoDiasBat","twitter_site":"@RenatoDiasBat","twitter_misc":{"Escrito por":"Renato Dias","Est. tempo de leitura":"6 minutos"},"schema":{"@context":"https:\/\/schema.org","@graph":[{"@type":"Article","@id":"https:\/\/renatodias.online\/movimento\/2023\/06\/29\/precisamos-falar-sobre-o-gustavo-gayer\/#article","isPartOf":{"@id":"https:\/\/renatodias.online\/movimento\/2023\/06\/29\/precisamos-falar-sobre-o-gustavo-gayer\/"},"author":{"name":"Renato Dias","@id":"https:\/\/renatodias.online\/movimento\/#\/schema\/person\/bbab28833b1725a20f4083f49f1fb2a9"},"headline":"Precisamos falar sobre o Gustavo Gayer\u00a0","datePublished":"2023-06-29T19:49:29+00:00","dateModified":"2023-06-29T19:50:44+00:00","mainEntityOfPage":{"@id":"https:\/\/renatodias.online\/movimento\/2023\/06\/29\/precisamos-falar-sobre-o-gustavo-gayer\/"},"wordCount":582,"commentCount":0,"publisher":{"@id":"https:\/\/renatodias.online\/movimento\/#\/schema\/person\/bbab28833b1725a20f4083f49f1fb2a9"},"image":{"@id":"https:\/\/renatodias.online\/movimento\/2023\/06\/29\/precisamos-falar-sobre-o-gustavo-gayer\/#primaryimage"},"thumbnailUrl":"https:\/\/renatodias.online\/movimento\/wp-content\/uploads\/2023\/06\/Gustavo-Gayer-Arte-e1688067242970.jpg","articleSection":["Pol\u00edtica"],"inLanguage":"pt-BR","potentialAction":[{"@type":"CommentAction","name":"Comment","target":["https:\/\/renatodias.online\/movimento\/2023\/06\/29\/precisamos-falar-sobre-o-gustavo-gayer\/#respond"]}]},{"@type":"WebPage","@id":"https:\/\/renatodias.online\/movimento\/2023\/06\/29\/precisamos-falar-sobre-o-gustavo-gayer\/","url":"https:\/\/renatodias.online\/movimento\/2023\/06\/29\/precisamos-falar-sobre-o-gustavo-gayer\/","name":"Precisamos falar sobre o Gustavo Gayer\u00a0 -","isPartOf":{"@id":"https:\/\/renatodias.online\/movimento\/#website"},"primaryImageOfPage":{"@id":"https:\/\/renatodias.online\/movimento\/2023\/06\/29\/precisamos-falar-sobre-o-gustavo-gayer\/#primaryimage"},"image":{"@id":"https:\/\/renatodias.online\/movimento\/2023\/06\/29\/precisamos-falar-sobre-o-gustavo-gayer\/#primaryimage"},"thumbnailUrl":"https:\/\/renatodias.online\/movimento\/wp-content\/uploads\/2023\/06\/Gustavo-Gayer-Arte-e1688067242970.jpg","datePublished":"2023-06-29T19:49:29+00:00","dateModified":"2023-06-29T19:50:44+00:00","breadcrumb":{"@id":"https:\/\/renatodias.online\/movimento\/2023\/06\/29\/precisamos-falar-sobre-o-gustavo-gayer\/#breadcrumb"},"inLanguage":"pt-BR","potentialAction":[{"@type":"ReadAction","target":["https:\/\/renatodias.online\/movimento\/2023\/06\/29\/precisamos-falar-sobre-o-gustavo-gayer\/"]}]},{"@type":"ImageObject","inLanguage":"pt-BR","@id":"https:\/\/renatodias.online\/movimento\/2023\/06\/29\/precisamos-falar-sobre-o-gustavo-gayer\/#primaryimage","url":"https:\/\/renatodias.online\/movimento\/wp-content\/uploads\/2023\/06\/Gustavo-Gayer-Arte-e1688067242970.jpg","contentUrl":"https:\/\/renatodias.online\/movimento\/wp-content\/uploads\/2023\/06\/Gustavo-Gayer-Arte-e1688067242970.jpg","width":800,"height":450},{"@type":"BreadcrumbList","@id":"https:\/\/renatodias.online\/movimento\/2023\/06\/29\/precisamos-falar-sobre-o-gustavo-gayer\/#breadcrumb","itemListElement":[{"@type":"ListItem","position":1,"name":"In\u00edcio","item":"https:\/\/renatodias.online\/movimento\/"},{"@type":"ListItem","position":2,"name":"Precisamos falar sobre o Gustavo Gayer\u00a0"}]},{"@type":"WebSite","@id":"https:\/\/renatodias.online\/movimento\/#website","url":"https:\/\/renatodias.online\/movimento\/","name":"","description":"","publisher":{"@id":"https:\/\/renatodias.online\/movimento\/#\/schema\/person\/bbab28833b1725a20f4083f49f1fb2a9"},"potentialAction":[{"@type":"SearchAction","target":{"@type":"EntryPoint","urlTemplate":"https:\/\/renatodias.online\/movimento\/?s={search_term_string}"},"query-input":{"@type":"PropertyValueSpecification","valueRequired":true,"valueName":"search_term_string"}}],"inLanguage":"pt-BR"},{"@type":["Person","Organization"],"@id":"https:\/\/renatodias.online\/movimento\/#\/schema\/person\/bbab28833b1725a20f4083f49f1fb2a9","name":"Renato Dias","image":{"@type":"ImageObject","inLanguage":"pt-BR","@id":"https:\/\/renatodias.online\/movimento\/wp-content\/uploads\/2023\/03\/cropped-cropped-cropped-logofinal.jpeg","url":"https:\/\/renatodias.online\/movimento\/wp-content\/uploads\/2023\/03\/cropped-cropped-cropped-logofinal.jpeg","contentUrl":"https:\/\/renatodias.online\/movimento\/wp-content\/uploads\/2023\/03\/cropped-cropped-cropped-logofinal.jpeg","width":1280,"height":219,"caption":"Renato Dias"},"logo":{"@id":"https:\/\/renatodias.online\/movimento\/wp-content\/uploads\/2023\/03\/cropped-cropped-cropped-logofinal.jpeg"},"description":"Renato Dias, 58 anos, \u00e9 graduado em Jornalismo, formado em Ci\u00eancias Sociais, com p\u00f3s-gradua\u00e7\u00e3o em Pol\u00edticas P\u00fablicas, mestre em Direito e Rela\u00e7\u00f5es Internacionais, ex-aluno extraordin\u00e1rio do Doutorado em Psicologia Social, ex-estudante do Curso de Psican\u00e1lise do Centro de Estudos Psicanal\u00edticos do Estado de Goi\u00e1s, ministrado pelo m\u00e9dico psiquiatra e psicanalista Daniel Em\u00eddio de Souza. \u00c9 autor de 30 livros-reportagem, oito document\u00e1rios, ganhou 30 pr\u00eamios e \u00e9 torcedor apaixonado do maior do Centro-Oeste, o Vila Nova Futebol Clube. Casado com Meirilane Dias, \u00e9 pai de Juliana Dias, jornalista; Daniel Dias, economista; e Maria Rosa Dias, estudante antifascista, socialista e trotskista.\u00a0Com tr\u00eas pets: Porquinho [Bull Dog Franc\u00eas], Dalila [Basset Hound] e Geleia [Basset Hound]. Al\u00e9m do eterno gato Tutuquinho, que virou estrela.","sameAs":["https:\/\/www.facebook.com\/renato.dias.37","#breve","https:\/\/renatodias.tumblr.com\/"],"url":"https:\/\/renatodias.online\/movimento\/author\/renatodias\/"}]}},"_links":{"self":[{"href":"https:\/\/renatodias.online\/movimento\/wp-json\/wp\/v2\/posts\/17244","targetHints":{"allow":["GET"]}}],"collection":[{"href":"https:\/\/renatodias.online\/movimento\/wp-json\/wp\/v2\/posts"}],"about":[{"href":"https:\/\/renatodias.online\/movimento\/wp-json\/wp\/v2\/types\/post"}],"author":[{"embeddable":true,"href":"https:\/\/renatodias.online\/movimento\/wp-json\/wp\/v2\/users\/2"}],"replies":[{"embeddable":true,"href":"https:\/\/renatodias.online\/movimento\/wp-json\/wp\/v2\/comments?post=17244"}],"version-history":[{"count":2,"href":"https:\/\/renatodias.online\/movimento\/wp-json\/wp\/v2\/posts\/17244\/revisions"}],"predecessor-version":[{"id":17250,"href":"https:\/\/renatodias.online\/movimento\/wp-json\/wp\/v2\/posts\/17244\/revisions\/17250"}],"wp:featuredmedia":[{"embeddable":true,"href":"https:\/\/renatodias.online\/movimento\/wp-json\/wp\/v2\/media\/17245"}],"wp:attachment":[{"href":"https:\/\/renatodias.online\/movimento\/wp-json\/wp\/v2\/media?parent=17244"}],"wp:term":[{"taxonomy":"category","embeddable":true,"href":"https:\/\/renatodias.online\/movimento\/wp-json\/wp\/v2\/categories?post=17244"},{"taxonomy":"post_tag","embeddable":true,"href":"https:\/\/renatodias.online\/movimento\/wp-json\/wp\/v2\/tags?post=17244"}],"curies":[{"name":"wp","href":"https:\/\/api.w.org\/{rel}","templated":true}]}}