{"id":17220,"date":"2023-06-27T18:55:33","date_gmt":"2023-06-27T21:55:33","guid":{"rendered":"https:\/\/renatodias.online\/movimento\/?p=17220"},"modified":"2023-06-27T18:55:34","modified_gmt":"2023-06-27T21:55:34","slug":"bilhoes-a-agricultura-familiar","status":"publish","type":"post","link":"https:\/\/renatodias.online\/movimento\/2023\/06\/27\/bilhoes-a-agricultura-familiar\/","title":{"rendered":"<strong>Bilh\u00f5es \u00e0 agricultura familiar<\/strong>"},"content":{"rendered":"\n<p class=\"has-text-align-center\"><strong><mark style=\"background-color:rgba(0, 0, 0, 0)\" class=\"has-inline-color has-vivid-green-cyan-color\">Produ\u00e7\u00e3o agroecol\u00f3gica do MST<\/mark><\/strong><\/p>\n\n\n\n<figure class=\"wp-block-image aligncenter size-full\"><img decoding=\"async\" src=\"https:\/\/renatodias.online\/movimento\/wp-content\/uploads\/2020\/11\/Logo-Exclusivo.jpg\" alt=\"\" class=\"wp-image-4887\"\/><\/figure>\n\n\n\n<p class=\"has-text-align-center\"><strong><mark style=\"background-color:rgba(0, 0, 0, 0)\" class=\"has-inline-color has-vivid-purple-color\">\u00c9 nesta quarta, 28, em Bras\u00edlia<\/mark><\/strong><\/p>\n\n\n\n<p class=\"has-text-align-center\"><strong><mark style=\"background-color:rgba(0, 0, 0, 0)\" class=\"has-inline-color has-vivid-red-color\">Renato Dias<\/mark>\u00a0<\/strong><\/p>\n\n\n\n<p><strong>O presidente da Rep\u00fablica, Luiz In\u00e1cio Lula da Silva [PT], lan\u00e7a, nesta quarta-feira, 28 de junho, em Bras\u00edlia [DF], <\/strong>Plano Safra para a Agricultura Familiar, assim como tamb\u00e9m aos projetos Agroecol\u00f3gicos do Movimento dos Sem Terras [MST]. Fundado em 1984.<\/p>\n\n\n\n<figure class=\"wp-block-image aligncenter size-full\"><img loading=\"lazy\" decoding=\"async\" width=\"300\" height=\"103\" src=\"https:\/\/renatodias.online\/movimento\/wp-content\/uploads\/2022\/08\/Saiba-mais-e1680139445250.png\" alt=\"\" class=\"wp-image-13698\" srcset=\"https:\/\/renatodias.online\/movimento\/wp-content\/uploads\/2022\/08\/Saiba-mais-e1680139445250.png 300w, https:\/\/renatodias.online\/movimento\/wp-content\/uploads\/2022\/08\/Saiba-mais-e1680139445250-150x52.png 150w\" sizes=\"auto, (max-width: 300px) 100vw, 300px\" \/><\/figure>\n\n\n\n<p>Veja: bilh\u00f5es de reais em cr\u00e9ditos, em juros reduzidos, com o foco hoje no aumento da produ\u00e7\u00e3o agropecu\u00e1ria ecol\u00f3gica no Brasil. <strong>A ideia \u00e9 abastecer o mercado interno com alimentos org\u00e2nicos, acabar com a fome. Gera\u00e7\u00e3o de emprego, renda e moderniza\u00e7\u00e3o.<\/strong><\/p>\n\n\n\n<figure class=\"wp-block-image aligncenter size-large\"><img loading=\"lazy\" decoding=\"async\" width=\"1536\" height=\"1024\" src=\"https:\/\/renatodias.online\/movimento\/wp-content\/uploads\/2022\/07\/Joao-Pedro-Stedile-1536x1024.jpg\" alt=\"\" class=\"wp-image-13296\"\/><figcaption class=\"wp-element-caption\"><strong>Jo\u00e3o Pedro St\u00e9dile, do MST<\/strong><\/figcaption><\/figure>\n","protected":false},"excerpt":{"rendered":"<p>Produ\u00e7\u00e3o agroecol\u00f3gica do MST \u00c9 nesta quarta, 28, em Bras\u00edlia Renato Dias\u00a0 O presidente da Rep\u00fablica, Luiz In\u00e1cio Lula da Silva [PT], lan\u00e7a, nesta quarta-feira, 28 de junho, em Bras\u00edlia [DF], Plano Safra para a Agricultura Familiar, assim como tamb\u00e9m aos projetos Agroecol\u00f3gicos do Movimento dos Sem Terras [MST]. Fundado em 1984. Veja: bilh\u00f5es de<\/p>\n","protected":false},"author":2,"featured_media":16923,"comment_status":"open","ping_status":"open","sticky":false,"template":"","format":"standard","meta":{"_acf_changed":false,"_monsterinsights_skip_tracking":false,"_monsterinsights_sitenote_active":false,"_monsterinsights_sitenote_note":"","_monsterinsights_sitenote_category":0,"footnotes":""},"categories":[35],"tags":[],"class_list":["post-17220","post","type-post","status-publish","format-standard","has-post-thumbnail","hentry","category-nacional"],"acf":[],"yoast_head":"<!-- This site is optimized with the Yoast SEO plugin v27.4 - https:\/\/yoast.com\/product\/yoast-seo-wordpress\/ -->\n<title>Bilh\u00f5es \u00e0 agricultura familiar -<\/title>\n<meta name=\"robots\" content=\"index, follow, max-snippet:-1, max-image-preview:large, max-video-preview:-1\" \/>\n<link rel=\"canonical\" href=\"https:\/\/renatodias.online\/movimento\/2023\/06\/27\/bilhoes-a-agricultura-familiar\/\" \/>\n<meta property=\"og:locale\" content=\"pt_BR\" \/>\n<meta property=\"og:type\" content=\"article\" \/>\n<meta property=\"og:title\" content=\"Bilh\u00f5es \u00e0 agricultura familiar -\" \/>\n<meta property=\"og:description\" content=\"Produ\u00e7\u00e3o agroecol\u00f3gica do MST \u00c9 nesta quarta, 28, em Bras\u00edlia Renato Dias\u00a0 O presidente da Rep\u00fablica, Luiz In\u00e1cio Lula da Silva [PT], lan\u00e7a, nesta quarta-feira, 28 de junho, em Bras\u00edlia [DF], Plano Safra para a Agricultura Familiar, assim como tamb\u00e9m aos projetos Agroecol\u00f3gicos do Movimento dos Sem Terras [MST]. Fundado em 1984. Veja: bilh\u00f5es de\" \/>\n<meta property=\"og:url\" content=\"https:\/\/renatodias.online\/movimento\/2023\/06\/27\/bilhoes-a-agricultura-familiar\/\" \/>\n<meta property=\"article:publisher\" content=\"https:\/\/www.facebook.com\/renato.dias.37\" \/>\n<meta property=\"article:author\" content=\"https:\/\/www.facebook.com\/renato.dias.37\" \/>\n<meta property=\"article:published_time\" content=\"2023-06-27T21:55:33+00:00\" \/>\n<meta property=\"article:modified_time\" content=\"2023-06-27T21:55:34+00:00\" \/>\n<meta property=\"og:image\" content=\"https:\/\/renatodias.online\/movimento\/wp-content\/uploads\/2023\/05\/Luiz-Inacio-Lula-da-Silva-2023-e1685303223196.jpg\" \/>\n\t<meta property=\"og:image:width\" content=\"800\" \/>\n\t<meta property=\"og:image:height\" content=\"534\" \/>\n\t<meta property=\"og:image:type\" content=\"image\/jpeg\" \/>\n<meta name=\"author\" content=\"Renato Dias\" \/>\n<meta name=\"twitter:card\" content=\"summary_large_image\" \/>\n<meta name=\"twitter:creator\" content=\"@RenatoDiasBat\" \/>\n<meta name=\"twitter:site\" content=\"@RenatoDiasBat\" \/>\n<meta name=\"twitter:label1\" content=\"Escrito por\" \/>\n\t<meta name=\"twitter:data1\" content=\"Renato Dias\" \/>\n\t<meta name=\"twitter:label2\" content=\"Est. tempo de leitura\" \/>\n\t<meta name=\"twitter:data2\" content=\"2 minutos\" \/>\n<script type=\"application\/ld+json\" class=\"yoast-schema-graph\">{\"@context\":\"https:\\\/\\\/schema.org\",\"@graph\":[{\"@type\":\"Article\",\"@id\":\"https:\\\/\\\/renatodias.online\\\/movimento\\\/2023\\\/06\\\/27\\\/bilhoes-a-agricultura-familiar\\\/#article\",\"isPartOf\":{\"@id\":\"https:\\\/\\\/renatodias.online\\\/movimento\\\/2023\\\/06\\\/27\\\/bilhoes-a-agricultura-familiar\\\/\"},\"author\":{\"name\":\"Renato Dias\",\"@id\":\"https:\\\/\\\/renatodias.online\\\/movimento\\\/#\\\/schema\\\/person\\\/bbab28833b1725a20f4083f49f1fb2a9\"},\"headline\":\"Bilh\u00f5es \u00e0 agricultura familiar\",\"datePublished\":\"2023-06-27T21:55:33+00:00\",\"dateModified\":\"2023-06-27T21:55:34+00:00\",\"mainEntityOfPage\":{\"@id\":\"https:\\\/\\\/renatodias.online\\\/movimento\\\/2023\\\/06\\\/27\\\/bilhoes-a-agricultura-familiar\\\/\"},\"wordCount\":116,\"commentCount\":0,\"publisher\":{\"@id\":\"https:\\\/\\\/renatodias.online\\\/movimento\\\/#\\\/schema\\\/person\\\/bbab28833b1725a20f4083f49f1fb2a9\"},\"image\":{\"@id\":\"https:\\\/\\\/renatodias.online\\\/movimento\\\/2023\\\/06\\\/27\\\/bilhoes-a-agricultura-familiar\\\/#primaryimage\"},\"thumbnailUrl\":\"https:\\\/\\\/renatodias.online\\\/movimento\\\/wp-content\\\/uploads\\\/2023\\\/05\\\/Luiz-Inacio-Lula-da-Silva-2023-e1705973078200.jpg\",\"articleSection\":[\"Nacional\"],\"inLanguage\":\"pt-BR\",\"potentialAction\":[{\"@type\":\"CommentAction\",\"name\":\"Comment\",\"target\":[\"https:\\\/\\\/renatodias.online\\\/movimento\\\/2023\\\/06\\\/27\\\/bilhoes-a-agricultura-familiar\\\/#respond\"]}]},{\"@type\":\"WebPage\",\"@id\":\"https:\\\/\\\/renatodias.online\\\/movimento\\\/2023\\\/06\\\/27\\\/bilhoes-a-agricultura-familiar\\\/\",\"url\":\"https:\\\/\\\/renatodias.online\\\/movimento\\\/2023\\\/06\\\/27\\\/bilhoes-a-agricultura-familiar\\\/\",\"name\":\"Bilh\u00f5es \u00e0 agricultura familiar -\",\"isPartOf\":{\"@id\":\"https:\\\/\\\/renatodias.online\\\/movimento\\\/#website\"},\"primaryImageOfPage\":{\"@id\":\"https:\\\/\\\/renatodias.online\\\/movimento\\\/2023\\\/06\\\/27\\\/bilhoes-a-agricultura-familiar\\\/#primaryimage\"},\"image\":{\"@id\":\"https:\\\/\\\/renatodias.online\\\/movimento\\\/2023\\\/06\\\/27\\\/bilhoes-a-agricultura-familiar\\\/#primaryimage\"},\"thumbnailUrl\":\"https:\\\/\\\/renatodias.online\\\/movimento\\\/wp-content\\\/uploads\\\/2023\\\/05\\\/Luiz-Inacio-Lula-da-Silva-2023-e1705973078200.jpg\",\"datePublished\":\"2023-06-27T21:55:33+00:00\",\"dateModified\":\"2023-06-27T21:55:34+00:00\",\"breadcrumb\":{\"@id\":\"https:\\\/\\\/renatodias.online\\\/movimento\\\/2023\\\/06\\\/27\\\/bilhoes-a-agricultura-familiar\\\/#breadcrumb\"},\"inLanguage\":\"pt-BR\",\"potentialAction\":[{\"@type\":\"ReadAction\",\"target\":[\"https:\\\/\\\/renatodias.online\\\/movimento\\\/2023\\\/06\\\/27\\\/bilhoes-a-agricultura-familiar\\\/\"]}]},{\"@type\":\"ImageObject\",\"inLanguage\":\"pt-BR\",\"@id\":\"https:\\\/\\\/renatodias.online\\\/movimento\\\/2023\\\/06\\\/27\\\/bilhoes-a-agricultura-familiar\\\/#primaryimage\",\"url\":\"https:\\\/\\\/renatodias.online\\\/movimento\\\/wp-content\\\/uploads\\\/2023\\\/05\\\/Luiz-Inacio-Lula-da-Silva-2023-e1705973078200.jpg\",\"contentUrl\":\"https:\\\/\\\/renatodias.online\\\/movimento\\\/wp-content\\\/uploads\\\/2023\\\/05\\\/Luiz-Inacio-Lula-da-Silva-2023-e1705973078200.jpg\",\"width\":400,\"height\":267,\"caption\":\"Luiz In\u00e1cio Lula da Silva\"},{\"@type\":\"BreadcrumbList\",\"@id\":\"https:\\\/\\\/renatodias.online\\\/movimento\\\/2023\\\/06\\\/27\\\/bilhoes-a-agricultura-familiar\\\/#breadcrumb\",\"itemListElement\":[{\"@type\":\"ListItem\",\"position\":1,\"name\":\"In\u00edcio\",\"item\":\"https:\\\/\\\/renatodias.online\\\/movimento\\\/\"},{\"@type\":\"ListItem\",\"position\":2,\"name\":\"Bilh\u00f5es \u00e0 agricultura familiar\"}]},{\"@type\":\"WebSite\",\"@id\":\"https:\\\/\\\/renatodias.online\\\/movimento\\\/#website\",\"url\":\"https:\\\/\\\/renatodias.online\\\/movimento\\\/\",\"name\":\"\",\"description\":\"\",\"publisher\":{\"@id\":\"https:\\\/\\\/renatodias.online\\\/movimento\\\/#\\\/schema\\\/person\\\/bbab28833b1725a20f4083f49f1fb2a9\"},\"potentialAction\":[{\"@type\":\"SearchAction\",\"target\":{\"@type\":\"EntryPoint\",\"urlTemplate\":\"https:\\\/\\\/renatodias.online\\\/movimento\\\/?s={search_term_string}\"},\"query-input\":{\"@type\":\"PropertyValueSpecification\",\"valueRequired\":true,\"valueName\":\"search_term_string\"}}],\"inLanguage\":\"pt-BR\"},{\"@type\":[\"Person\",\"Organization\"],\"@id\":\"https:\\\/\\\/renatodias.online\\\/movimento\\\/#\\\/schema\\\/person\\\/bbab28833b1725a20f4083f49f1fb2a9\",\"name\":\"Renato Dias\",\"image\":{\"@type\":\"ImageObject\",\"inLanguage\":\"pt-BR\",\"@id\":\"https:\\\/\\\/renatodias.online\\\/movimento\\\/wp-content\\\/uploads\\\/2023\\\/03\\\/cropped-cropped-cropped-logofinal.jpeg\",\"url\":\"https:\\\/\\\/renatodias.online\\\/movimento\\\/wp-content\\\/uploads\\\/2023\\\/03\\\/cropped-cropped-cropped-logofinal.jpeg\",\"contentUrl\":\"https:\\\/\\\/renatodias.online\\\/movimento\\\/wp-content\\\/uploads\\\/2023\\\/03\\\/cropped-cropped-cropped-logofinal.jpeg\",\"width\":1280,\"height\":219,\"caption\":\"Renato Dias\"},\"logo\":{\"@id\":\"https:\\\/\\\/renatodias.online\\\/movimento\\\/wp-content\\\/uploads\\\/2023\\\/03\\\/cropped-cropped-cropped-logofinal.jpeg\"},\"description\":\"Renato Dias, 58 anos, \u00e9 graduado em Jornalismo, formado em Ci\u00eancias Sociais, com p\u00f3s-gradua\u00e7\u00e3o em Pol\u00edticas P\u00fablicas, mestre em Direito e Rela\u00e7\u00f5es Internacionais, ex-aluno extraordin\u00e1rio do Doutorado em Psicologia Social, ex-estudante do Curso de Psican\u00e1lise do Centro de Estudos Psicanal\u00edticos do Estado de Goi\u00e1s, ministrado pelo m\u00e9dico psiquiatra e psicanalista Daniel Em\u00eddio de Souza. \u00c9 autor de 30 livros-reportagem, oito document\u00e1rios, ganhou 30 pr\u00eamios e \u00e9 torcedor apaixonado do maior do Centro-Oeste, o Vila Nova Futebol Clube. Casado com Meirilane Dias, \u00e9 pai de Juliana Dias, jornalista; Daniel Dias, economista; e Maria Rosa Dias, estudante antifascista, socialista e trotskista.\u00a0Com tr\u00eas pets: Porquinho [Bull Dog Franc\u00eas], Dalila [Basset Hound] e Geleia [Basset Hound]. Al\u00e9m do eterno gato Tutuquinho, que virou estrela.\",\"sameAs\":[\"https:\\\/\\\/www.facebook.com\\\/renato.dias.37\",\"#breve\",\"https:\\\/\\\/renatodias.tumblr.com\\\/\"],\"url\":\"https:\\\/\\\/renatodias.online\\\/movimento\\\/author\\\/renatodias\\\/\"}]}<\/script>\n<!-- \/ Yoast SEO plugin. -->","yoast_head_json":{"title":"Bilh\u00f5es \u00e0 agricultura familiar -","robots":{"index":"index","follow":"follow","max-snippet":"max-snippet:-1","max-image-preview":"max-image-preview:large","max-video-preview":"max-video-preview:-1"},"canonical":"https:\/\/renatodias.online\/movimento\/2023\/06\/27\/bilhoes-a-agricultura-familiar\/","og_locale":"pt_BR","og_type":"article","og_title":"Bilh\u00f5es \u00e0 agricultura familiar -","og_description":"Produ\u00e7\u00e3o agroecol\u00f3gica do MST \u00c9 nesta quarta, 28, em Bras\u00edlia Renato Dias\u00a0 O presidente da Rep\u00fablica, Luiz In\u00e1cio Lula da Silva [PT], lan\u00e7a, nesta quarta-feira, 28 de junho, em Bras\u00edlia [DF], Plano Safra para a Agricultura Familiar, assim como tamb\u00e9m aos projetos Agroecol\u00f3gicos do Movimento dos Sem Terras [MST]. Fundado em 1984. Veja: bilh\u00f5es de","og_url":"https:\/\/renatodias.online\/movimento\/2023\/06\/27\/bilhoes-a-agricultura-familiar\/","article_publisher":"https:\/\/www.facebook.com\/renato.dias.37","article_author":"https:\/\/www.facebook.com\/renato.dias.37","article_published_time":"2023-06-27T21:55:33+00:00","article_modified_time":"2023-06-27T21:55:34+00:00","og_image":[{"width":800,"height":534,"url":"https:\/\/renatodias.online\/movimento\/wp-content\/uploads\/2023\/05\/Luiz-Inacio-Lula-da-Silva-2023-e1685303223196.jpg","type":"image\/jpeg"}],"author":"Renato Dias","twitter_card":"summary_large_image","twitter_creator":"@RenatoDiasBat","twitter_site":"@RenatoDiasBat","twitter_misc":{"Escrito por":"Renato Dias","Est. tempo de leitura":"2 minutos"},"schema":{"@context":"https:\/\/schema.org","@graph":[{"@type":"Article","@id":"https:\/\/renatodias.online\/movimento\/2023\/06\/27\/bilhoes-a-agricultura-familiar\/#article","isPartOf":{"@id":"https:\/\/renatodias.online\/movimento\/2023\/06\/27\/bilhoes-a-agricultura-familiar\/"},"author":{"name":"Renato Dias","@id":"https:\/\/renatodias.online\/movimento\/#\/schema\/person\/bbab28833b1725a20f4083f49f1fb2a9"},"headline":"Bilh\u00f5es \u00e0 agricultura familiar","datePublished":"2023-06-27T21:55:33+00:00","dateModified":"2023-06-27T21:55:34+00:00","mainEntityOfPage":{"@id":"https:\/\/renatodias.online\/movimento\/2023\/06\/27\/bilhoes-a-agricultura-familiar\/"},"wordCount":116,"commentCount":0,"publisher":{"@id":"https:\/\/renatodias.online\/movimento\/#\/schema\/person\/bbab28833b1725a20f4083f49f1fb2a9"},"image":{"@id":"https:\/\/renatodias.online\/movimento\/2023\/06\/27\/bilhoes-a-agricultura-familiar\/#primaryimage"},"thumbnailUrl":"https:\/\/renatodias.online\/movimento\/wp-content\/uploads\/2023\/05\/Luiz-Inacio-Lula-da-Silva-2023-e1705973078200.jpg","articleSection":["Nacional"],"inLanguage":"pt-BR","potentialAction":[{"@type":"CommentAction","name":"Comment","target":["https:\/\/renatodias.online\/movimento\/2023\/06\/27\/bilhoes-a-agricultura-familiar\/#respond"]}]},{"@type":"WebPage","@id":"https:\/\/renatodias.online\/movimento\/2023\/06\/27\/bilhoes-a-agricultura-familiar\/","url":"https:\/\/renatodias.online\/movimento\/2023\/06\/27\/bilhoes-a-agricultura-familiar\/","name":"Bilh\u00f5es \u00e0 agricultura familiar -","isPartOf":{"@id":"https:\/\/renatodias.online\/movimento\/#website"},"primaryImageOfPage":{"@id":"https:\/\/renatodias.online\/movimento\/2023\/06\/27\/bilhoes-a-agricultura-familiar\/#primaryimage"},"image":{"@id":"https:\/\/renatodias.online\/movimento\/2023\/06\/27\/bilhoes-a-agricultura-familiar\/#primaryimage"},"thumbnailUrl":"https:\/\/renatodias.online\/movimento\/wp-content\/uploads\/2023\/05\/Luiz-Inacio-Lula-da-Silva-2023-e1705973078200.jpg","datePublished":"2023-06-27T21:55:33+00:00","dateModified":"2023-06-27T21:55:34+00:00","breadcrumb":{"@id":"https:\/\/renatodias.online\/movimento\/2023\/06\/27\/bilhoes-a-agricultura-familiar\/#breadcrumb"},"inLanguage":"pt-BR","potentialAction":[{"@type":"ReadAction","target":["https:\/\/renatodias.online\/movimento\/2023\/06\/27\/bilhoes-a-agricultura-familiar\/"]}]},{"@type":"ImageObject","inLanguage":"pt-BR","@id":"https:\/\/renatodias.online\/movimento\/2023\/06\/27\/bilhoes-a-agricultura-familiar\/#primaryimage","url":"https:\/\/renatodias.online\/movimento\/wp-content\/uploads\/2023\/05\/Luiz-Inacio-Lula-da-Silva-2023-e1705973078200.jpg","contentUrl":"https:\/\/renatodias.online\/movimento\/wp-content\/uploads\/2023\/05\/Luiz-Inacio-Lula-da-Silva-2023-e1705973078200.jpg","width":400,"height":267,"caption":"Luiz In\u00e1cio Lula da Silva"},{"@type":"BreadcrumbList","@id":"https:\/\/renatodias.online\/movimento\/2023\/06\/27\/bilhoes-a-agricultura-familiar\/#breadcrumb","itemListElement":[{"@type":"ListItem","position":1,"name":"In\u00edcio","item":"https:\/\/renatodias.online\/movimento\/"},{"@type":"ListItem","position":2,"name":"Bilh\u00f5es \u00e0 agricultura familiar"}]},{"@type":"WebSite","@id":"https:\/\/renatodias.online\/movimento\/#website","url":"https:\/\/renatodias.online\/movimento\/","name":"","description":"","publisher":{"@id":"https:\/\/renatodias.online\/movimento\/#\/schema\/person\/bbab28833b1725a20f4083f49f1fb2a9"},"potentialAction":[{"@type":"SearchAction","target":{"@type":"EntryPoint","urlTemplate":"https:\/\/renatodias.online\/movimento\/?s={search_term_string}"},"query-input":{"@type":"PropertyValueSpecification","valueRequired":true,"valueName":"search_term_string"}}],"inLanguage":"pt-BR"},{"@type":["Person","Organization"],"@id":"https:\/\/renatodias.online\/movimento\/#\/schema\/person\/bbab28833b1725a20f4083f49f1fb2a9","name":"Renato Dias","image":{"@type":"ImageObject","inLanguage":"pt-BR","@id":"https:\/\/renatodias.online\/movimento\/wp-content\/uploads\/2023\/03\/cropped-cropped-cropped-logofinal.jpeg","url":"https:\/\/renatodias.online\/movimento\/wp-content\/uploads\/2023\/03\/cropped-cropped-cropped-logofinal.jpeg","contentUrl":"https:\/\/renatodias.online\/movimento\/wp-content\/uploads\/2023\/03\/cropped-cropped-cropped-logofinal.jpeg","width":1280,"height":219,"caption":"Renato Dias"},"logo":{"@id":"https:\/\/renatodias.online\/movimento\/wp-content\/uploads\/2023\/03\/cropped-cropped-cropped-logofinal.jpeg"},"description":"Renato Dias, 58 anos, \u00e9 graduado em Jornalismo, formado em Ci\u00eancias Sociais, com p\u00f3s-gradua\u00e7\u00e3o em Pol\u00edticas P\u00fablicas, mestre em Direito e Rela\u00e7\u00f5es Internacionais, ex-aluno extraordin\u00e1rio do Doutorado em Psicologia Social, ex-estudante do Curso de Psican\u00e1lise do Centro de Estudos Psicanal\u00edticos do Estado de Goi\u00e1s, ministrado pelo m\u00e9dico psiquiatra e psicanalista Daniel Em\u00eddio de Souza. \u00c9 autor de 30 livros-reportagem, oito document\u00e1rios, ganhou 30 pr\u00eamios e \u00e9 torcedor apaixonado do maior do Centro-Oeste, o Vila Nova Futebol Clube. Casado com Meirilane Dias, \u00e9 pai de Juliana Dias, jornalista; Daniel Dias, economista; e Maria Rosa Dias, estudante antifascista, socialista e trotskista.\u00a0Com tr\u00eas pets: Porquinho [Bull Dog Franc\u00eas], Dalila [Basset Hound] e Geleia [Basset Hound]. Al\u00e9m do eterno gato Tutuquinho, que virou estrela.","sameAs":["https:\/\/www.facebook.com\/renato.dias.37","#breve","https:\/\/renatodias.tumblr.com\/"],"url":"https:\/\/renatodias.online\/movimento\/author\/renatodias\/"}]}},"_links":{"self":[{"href":"https:\/\/renatodias.online\/movimento\/wp-json\/wp\/v2\/posts\/17220","targetHints":{"allow":["GET"]}}],"collection":[{"href":"https:\/\/renatodias.online\/movimento\/wp-json\/wp\/v2\/posts"}],"about":[{"href":"https:\/\/renatodias.online\/movimento\/wp-json\/wp\/v2\/types\/post"}],"author":[{"embeddable":true,"href":"https:\/\/renatodias.online\/movimento\/wp-json\/wp\/v2\/users\/2"}],"replies":[{"embeddable":true,"href":"https:\/\/renatodias.online\/movimento\/wp-json\/wp\/v2\/comments?post=17220"}],"version-history":[{"count":1,"href":"https:\/\/renatodias.online\/movimento\/wp-json\/wp\/v2\/posts\/17220\/revisions"}],"predecessor-version":[{"id":17221,"href":"https:\/\/renatodias.online\/movimento\/wp-json\/wp\/v2\/posts\/17220\/revisions\/17221"}],"wp:featuredmedia":[{"embeddable":true,"href":"https:\/\/renatodias.online\/movimento\/wp-json\/wp\/v2\/media\/16923"}],"wp:attachment":[{"href":"https:\/\/renatodias.online\/movimento\/wp-json\/wp\/v2\/media?parent=17220"}],"wp:term":[{"taxonomy":"category","embeddable":true,"href":"https:\/\/renatodias.online\/movimento\/wp-json\/wp\/v2\/categories?post=17220"},{"taxonomy":"post_tag","embeddable":true,"href":"https:\/\/renatodias.online\/movimento\/wp-json\/wp\/v2\/tags?post=17220"}],"curies":[{"name":"wp","href":"https:\/\/api.w.org\/{rel}","templated":true}]}}