{"id":17159,"date":"2023-06-25T18:57:48","date_gmt":"2023-06-25T21:57:48","guid":{"rendered":"https:\/\/renatodias.online\/movimento\/?p=17159"},"modified":"2023-06-25T18:57:49","modified_gmt":"2023-06-25T21:57:49","slug":"zanin-e-a-defesa-da-constituicao","status":"publish","type":"post","link":"https:\/\/renatodias.online\/movimento\/2023\/06\/25\/zanin-e-a-defesa-da-constituicao\/","title":{"rendered":"<strong>Zanin e a Defesa da Constitui\u00e7\u00e3o<\/strong>"},"content":{"rendered":"\n<figure class=\"wp-block-image aligncenter size-full\"><img decoding=\"async\" src=\"https:\/\/renatodias.online\/movimento\/wp-content\/uploads\/2022\/04\/Artigo-de-Opiniao-e1680477038959.jpg\" alt=\"\" class=\"wp-image-11649\"\/><\/figure>\n\n\n\n<p class=\"has-text-align-center\"><strong><mark style=\"background-color:rgba(0, 0, 0, 0)\" class=\"has-inline-color has-vivid-cyan-blue-color\">Luciano Almeida de Oliveira<\/mark><\/strong><\/p>\n\n\n\n<p>N\u00e3o \u00e9 de hoje que as pessoas n\u00e3o compreendem a advocacia e o alcance do trabalho de um advogado. Isso se constata at\u00e9 mesmo pelas in\u00fameras piadas sobre advogados, as quais eu n\u00e3o censuro e que tratarei em outra oportunidade. Sabe, sempre ou\u00e7o algu\u00e9m dizendo que uma pessoa acusada de ter cometido um crime n\u00e3o mereceria o direito de defesa e que o advogado n\u00e3o deveria lhe defender.<\/p>\n\n\n\n<figure class=\"wp-block-image aligncenter size-full\"><img loading=\"lazy\" decoding=\"async\" width=\"300\" height=\"150\" src=\"https:\/\/renatodias.online\/movimento\/wp-content\/uploads\/2022\/08\/Veja.jpg\" alt=\"\" class=\"wp-image-13832\"\/><\/figure>\n\n\n\n<p>Pois \u00e9, nunca ouvi falar de um m\u00e9dico que deixou o paciente morrer ao descobrir que se tratava de uma m\u00e1 pessoa. Um m\u00e9dico nunca deixa de preservar uma vida, independente de quem seja o paciente.\u00a0 Existem valores em um Estado Democr\u00e1tico de Direito que transcendem o esp\u00edrito de certas \u00e9pocas e circunst\u00e2ncias, sempre naturalmente ef\u00eameras e imprevis\u00edveis. S\u00e3o esses valores que norteiam a atua\u00e7\u00e3o do bom advogado.<\/p>\n\n\n\n<figure class=\"wp-block-image aligncenter size-full\"><img loading=\"lazy\" decoding=\"async\" width=\"300\" height=\"103\" src=\"https:\/\/renatodias.online\/movimento\/wp-content\/uploads\/2022\/08\/Saiba-mais-e1680139445250.png\" alt=\"\" class=\"wp-image-13698\" srcset=\"https:\/\/renatodias.online\/movimento\/wp-content\/uploads\/2022\/08\/Saiba-mais-e1680139445250.png 300w, https:\/\/renatodias.online\/movimento\/wp-content\/uploads\/2022\/08\/Saiba-mais-e1680139445250-150x52.png 150w\" sizes=\"auto, (max-width: 300px) 100vw, 300px\" \/><\/figure>\n\n\n\n<p>A realidade \u00e9 que muitas vezes nos esquecemos de que a Rep\u00fablica Federativa do Brasil se constitui em Estado Democr\u00e1tico de Direito e que tem como um dos seus fundamentos a dignidade da pessoa.<a id=\"_ftnref1\" href=\"#_ftn1\">[1]<\/a> N\u00e3o h\u00e1 indignidade maior do que impedir ou impossibilitar a defesa de uma pessoa. Mesmo que um r\u00e9u decida que n\u00e3o quer se defender em um processo o magistrado nomear\u00e1 um defensor, pois essa \u00e9 uma exig\u00eancia do Estado Democr\u00e1tico de Direito.<\/p>\n\n\n\n<figure class=\"wp-block-image aligncenter size-full\"><img decoding=\"async\" src=\"https:\/\/renatodias.online\/movimento\/wp-content\/uploads\/2022\/08\/Raio-X-especial-e1680139645191.png\" alt=\"\" class=\"wp-image-13781\"\/><\/figure>\n\n\n\n<p>O bom advogado nunca vai deixar de defender os direitos que est\u00e3o previstos e consagrados na Carta Magna. \u00c9 por essa raz\u00e3o que a Constitui\u00e7\u00e3o Federal reconheceu a advocacia como uma fun\u00e7\u00e3o essencial da Justi\u00e7a.<a id=\"_ftnref2\" href=\"#_ftn2\">[2]<\/a> O advogado representa o cliente, mas o que ele sempre defende \u00e9 a Constitui\u00e7\u00e3o e o Estado Democr\u00e1tico de Direito. \u00c9 evidente que o advogado Cristiano Zanin sempre fez uma inquestion\u00e1vel defesa da Constitui\u00e7\u00e3o Federal, ao exigir que os direitos e garantias fundamentais fossem assegurados a todos os seus clientes, sendo o mais not\u00f3rio o atual Presidente da Rep\u00fablica.<\/p>\n\n\n\n<figure class=\"wp-block-image aligncenter size-full\"><img decoding=\"async\" src=\"https:\/\/renatodias.online\/movimento\/wp-content\/uploads\/2022\/04\/STF-link-e1687715668964.jpg\" alt=\"\" class=\"wp-image-11773\"\/><figcaption class=\"wp-element-caption\"><strong>STF<\/strong><\/figcaption><\/figure>\n\n\n\n<p>O amor e zelo \u00e0 Constitui\u00e7\u00e3o \u00e9 o que todos devemos esperar de um Ministro do Supremo Tribunal Federal e isso o advogado Cristiano Zanin j\u00e1 demonstrou ter. N\u00e3o vejo na sua indica\u00e7\u00e3o ao Supremo Tribunal Federal qualquer ilegalidade ou imoralidade. A t\u00edtulo de reflex\u00e3o lembro que o Nelson Mandela, que dispensa apresenta\u00e7\u00f5es, indicou o seu advogado para a Suprema Corte da \u00c1frica do Sul, sendo que este exerceu a fun\u00e7\u00e3o com reconhecido destaque.<\/p>\n\n\n\n<figure class=\"wp-block-image aligncenter size-large\"><img loading=\"lazy\" decoding=\"async\" width=\"1024\" height=\"686\" src=\"https:\/\/renatodias.online\/movimento\/wp-content\/uploads\/2021\/04\/Nelson-Mandela-1024x686.jpg\" alt=\"\" class=\"wp-image-6061\"\/><figcaption class=\"wp-element-caption\"><strong>Nelson Mandela<\/strong><\/figcaption><\/figure>\n\n\n\n<p>A Comiss\u00e3o de Constitui\u00e7\u00e3o e Justi\u00e7a sabatinar\u00e1 o advogado Cristiano Zanin nos pr\u00f3ximos dias e acredito que ele se sair\u00e1 muito bem, visto ter demonstrado sempre um grande controle emocional, qualidade que muito ajuda em um julgamento. Estou convicto de que o advogado Cristiano Zanin ser\u00e1 definitivamente aprovado pelo Senado Federal e que ele escrever\u00e1 mais um belo cap\u00edtulo na sua hist\u00f3ria de defesa intransigente da Constitui\u00e7\u00e3o Federal.<\/p>\n\n\n\n<p class=\"has-text-align-center\"><strong><mark style=\"background-color:rgba(0, 0, 0, 0)\" class=\"has-inline-color has-vivid-purple-color\">Luciano Almeida de Oliveira \u00e9 advogado<\/mark><\/strong><\/p>\n\n\n\n<hr class=\"wp-block-separator has-alpha-channel-opacity\"\/>\n\n\n\n<p><a href=\"#_ftnref1\" id=\"_ftn1\">[1]<\/a> Constitui\u00e7\u00e3o Federal, artigo 1\u00ba, inciso III.<\/p>\n\n\n\n<p><a href=\"#_ftnref2\" id=\"_ftn2\">[2]<\/a> Constitui\u00e7\u00e3o Federal, artigo 133.<\/p>\n","protected":false},"excerpt":{"rendered":"<p>Luciano Almeida de Oliveira N\u00e3o \u00e9 de hoje que as pessoas n\u00e3o compreendem a advocacia e o alcance do trabalho de um advogado. Isso se constata at\u00e9 mesmo pelas in\u00fameras piadas sobre advogados, as quais eu n\u00e3o censuro e que tratarei em outra oportunidade. Sabe, sempre ou\u00e7o algu\u00e9m dizendo que uma pessoa acusada de ter<\/p>\n","protected":false},"author":2,"featured_media":3291,"comment_status":"open","ping_status":"open","sticky":false,"template":"","format":"standard","meta":{"_acf_changed":false,"_monsterinsights_skip_tracking":false,"_monsterinsights_sitenote_active":false,"_monsterinsights_sitenote_note":"","_monsterinsights_sitenote_category":0,"footnotes":""},"categories":[83],"tags":[],"class_list":["post-17159","post","type-post","status-publish","format-standard","has-post-thumbnail","hentry","category-opiniao"],"acf":[],"yoast_head":"<!-- This site is optimized with the Yoast SEO plugin v27.4 - https:\/\/yoast.com\/product\/yoast-seo-wordpress\/ -->\n<title>Zanin e a Defesa da Constitui\u00e7\u00e3o -<\/title>\n<meta name=\"robots\" content=\"index, follow, max-snippet:-1, max-image-preview:large, max-video-preview:-1\" \/>\n<link rel=\"canonical\" href=\"https:\/\/renatodias.online\/movimento\/2023\/06\/25\/zanin-e-a-defesa-da-constituicao\/\" \/>\n<meta property=\"og:locale\" content=\"pt_BR\" \/>\n<meta property=\"og:type\" content=\"article\" \/>\n<meta property=\"og:title\" content=\"Zanin e a Defesa da Constitui\u00e7\u00e3o -\" \/>\n<meta property=\"og:description\" content=\"Luciano Almeida de Oliveira N\u00e3o \u00e9 de hoje que as pessoas n\u00e3o compreendem a advocacia e o alcance do trabalho de um advogado. Isso se constata at\u00e9 mesmo pelas in\u00fameras piadas sobre advogados, as quais eu n\u00e3o censuro e que tratarei em outra oportunidade. Sabe, sempre ou\u00e7o algu\u00e9m dizendo que uma pessoa acusada de ter\" \/>\n<meta property=\"og:url\" content=\"https:\/\/renatodias.online\/movimento\/2023\/06\/25\/zanin-e-a-defesa-da-constituicao\/\" \/>\n<meta property=\"article:publisher\" content=\"https:\/\/www.facebook.com\/renato.dias.37\" \/>\n<meta property=\"article:author\" content=\"https:\/\/www.facebook.com\/renato.dias.37\" \/>\n<meta property=\"article:published_time\" content=\"2023-06-25T21:57:48+00:00\" \/>\n<meta property=\"article:modified_time\" content=\"2023-06-25T21:57:49+00:00\" \/>\n<meta property=\"og:image\" content=\"https:\/\/renatodias.online\/movimento\/wp-content\/uploads\/2020\/04\/Luciano-Almeida-de-Oliveira-e1687730249871.jpeg\" \/>\n\t<meta property=\"og:image:width\" content=\"700\" \/>\n\t<meta property=\"og:image:height\" content=\"775\" \/>\n\t<meta property=\"og:image:type\" content=\"image\/jpeg\" \/>\n<meta name=\"author\" content=\"Renato Dias\" \/>\n<meta name=\"twitter:card\" content=\"summary_large_image\" \/>\n<meta name=\"twitter:creator\" content=\"@RenatoDiasBat\" \/>\n<meta name=\"twitter:site\" content=\"@RenatoDiasBat\" \/>\n<meta name=\"twitter:label1\" content=\"Escrito por\" \/>\n\t<meta name=\"twitter:data1\" content=\"Renato Dias\" \/>\n\t<meta name=\"twitter:label2\" content=\"Est. tempo de leitura\" \/>\n\t<meta name=\"twitter:data2\" content=\"4 minutos\" \/>\n<script type=\"application\/ld+json\" class=\"yoast-schema-graph\">{\"@context\":\"https:\\\/\\\/schema.org\",\"@graph\":[{\"@type\":\"Article\",\"@id\":\"https:\\\/\\\/renatodias.online\\\/movimento\\\/2023\\\/06\\\/25\\\/zanin-e-a-defesa-da-constituicao\\\/#article\",\"isPartOf\":{\"@id\":\"https:\\\/\\\/renatodias.online\\\/movimento\\\/2023\\\/06\\\/25\\\/zanin-e-a-defesa-da-constituicao\\\/\"},\"author\":{\"name\":\"Renato Dias\",\"@id\":\"https:\\\/\\\/renatodias.online\\\/movimento\\\/#\\\/schema\\\/person\\\/bbab28833b1725a20f4083f49f1fb2a9\"},\"headline\":\"Zanin e a Defesa da Constitui\u00e7\u00e3o\",\"datePublished\":\"2023-06-25T21:57:48+00:00\",\"dateModified\":\"2023-06-25T21:57:49+00:00\",\"mainEntityOfPage\":{\"@id\":\"https:\\\/\\\/renatodias.online\\\/movimento\\\/2023\\\/06\\\/25\\\/zanin-e-a-defesa-da-constituicao\\\/\"},\"wordCount\":517,\"commentCount\":0,\"publisher\":{\"@id\":\"https:\\\/\\\/renatodias.online\\\/movimento\\\/#\\\/schema\\\/person\\\/bbab28833b1725a20f4083f49f1fb2a9\"},\"image\":{\"@id\":\"https:\\\/\\\/renatodias.online\\\/movimento\\\/2023\\\/06\\\/25\\\/zanin-e-a-defesa-da-constituicao\\\/#primaryimage\"},\"thumbnailUrl\":\"https:\\\/\\\/renatodias.online\\\/movimento\\\/wp-content\\\/uploads\\\/2020\\\/04\\\/Luciano-Almeida-de-Oliveira-e1692413044556.jpeg\",\"articleSection\":[\"Opini\u00e3o\"],\"inLanguage\":\"pt-BR\",\"potentialAction\":[{\"@type\":\"CommentAction\",\"name\":\"Comment\",\"target\":[\"https:\\\/\\\/renatodias.online\\\/movimento\\\/2023\\\/06\\\/25\\\/zanin-e-a-defesa-da-constituicao\\\/#respond\"]}]},{\"@type\":\"WebPage\",\"@id\":\"https:\\\/\\\/renatodias.online\\\/movimento\\\/2023\\\/06\\\/25\\\/zanin-e-a-defesa-da-constituicao\\\/\",\"url\":\"https:\\\/\\\/renatodias.online\\\/movimento\\\/2023\\\/06\\\/25\\\/zanin-e-a-defesa-da-constituicao\\\/\",\"name\":\"Zanin e a Defesa da Constitui\u00e7\u00e3o -\",\"isPartOf\":{\"@id\":\"https:\\\/\\\/renatodias.online\\\/movimento\\\/#website\"},\"primaryImageOfPage\":{\"@id\":\"https:\\\/\\\/renatodias.online\\\/movimento\\\/2023\\\/06\\\/25\\\/zanin-e-a-defesa-da-constituicao\\\/#primaryimage\"},\"image\":{\"@id\":\"https:\\\/\\\/renatodias.online\\\/movimento\\\/2023\\\/06\\\/25\\\/zanin-e-a-defesa-da-constituicao\\\/#primaryimage\"},\"thumbnailUrl\":\"https:\\\/\\\/renatodias.online\\\/movimento\\\/wp-content\\\/uploads\\\/2020\\\/04\\\/Luciano-Almeida-de-Oliveira-e1692413044556.jpeg\",\"datePublished\":\"2023-06-25T21:57:48+00:00\",\"dateModified\":\"2023-06-25T21:57:49+00:00\",\"breadcrumb\":{\"@id\":\"https:\\\/\\\/renatodias.online\\\/movimento\\\/2023\\\/06\\\/25\\\/zanin-e-a-defesa-da-constituicao\\\/#breadcrumb\"},\"inLanguage\":\"pt-BR\",\"potentialAction\":[{\"@type\":\"ReadAction\",\"target\":[\"https:\\\/\\\/renatodias.online\\\/movimento\\\/2023\\\/06\\\/25\\\/zanin-e-a-defesa-da-constituicao\\\/\"]}]},{\"@type\":\"ImageObject\",\"inLanguage\":\"pt-BR\",\"@id\":\"https:\\\/\\\/renatodias.online\\\/movimento\\\/2023\\\/06\\\/25\\\/zanin-e-a-defesa-da-constituicao\\\/#primaryimage\",\"url\":\"https:\\\/\\\/renatodias.online\\\/movimento\\\/wp-content\\\/uploads\\\/2020\\\/04\\\/Luciano-Almeida-de-Oliveira-e1692413044556.jpeg\",\"contentUrl\":\"https:\\\/\\\/renatodias.online\\\/movimento\\\/wp-content\\\/uploads\\\/2020\\\/04\\\/Luciano-Almeida-de-Oliveira-e1692413044556.jpeg\",\"width\":600,\"height\":664,\"caption\":\"Luciano Almeida de Oliveira\"},{\"@type\":\"BreadcrumbList\",\"@id\":\"https:\\\/\\\/renatodias.online\\\/movimento\\\/2023\\\/06\\\/25\\\/zanin-e-a-defesa-da-constituicao\\\/#breadcrumb\",\"itemListElement\":[{\"@type\":\"ListItem\",\"position\":1,\"name\":\"In\u00edcio\",\"item\":\"https:\\\/\\\/renatodias.online\\\/movimento\\\/\"},{\"@type\":\"ListItem\",\"position\":2,\"name\":\"Zanin e a Defesa da Constitui\u00e7\u00e3o\"}]},{\"@type\":\"WebSite\",\"@id\":\"https:\\\/\\\/renatodias.online\\\/movimento\\\/#website\",\"url\":\"https:\\\/\\\/renatodias.online\\\/movimento\\\/\",\"name\":\"\",\"description\":\"\",\"publisher\":{\"@id\":\"https:\\\/\\\/renatodias.online\\\/movimento\\\/#\\\/schema\\\/person\\\/bbab28833b1725a20f4083f49f1fb2a9\"},\"potentialAction\":[{\"@type\":\"SearchAction\",\"target\":{\"@type\":\"EntryPoint\",\"urlTemplate\":\"https:\\\/\\\/renatodias.online\\\/movimento\\\/?s={search_term_string}\"},\"query-input\":{\"@type\":\"PropertyValueSpecification\",\"valueRequired\":true,\"valueName\":\"search_term_string\"}}],\"inLanguage\":\"pt-BR\"},{\"@type\":[\"Person\",\"Organization\"],\"@id\":\"https:\\\/\\\/renatodias.online\\\/movimento\\\/#\\\/schema\\\/person\\\/bbab28833b1725a20f4083f49f1fb2a9\",\"name\":\"Renato Dias\",\"image\":{\"@type\":\"ImageObject\",\"inLanguage\":\"pt-BR\",\"@id\":\"https:\\\/\\\/renatodias.online\\\/movimento\\\/wp-content\\\/uploads\\\/2023\\\/03\\\/cropped-cropped-cropped-logofinal.jpeg\",\"url\":\"https:\\\/\\\/renatodias.online\\\/movimento\\\/wp-content\\\/uploads\\\/2023\\\/03\\\/cropped-cropped-cropped-logofinal.jpeg\",\"contentUrl\":\"https:\\\/\\\/renatodias.online\\\/movimento\\\/wp-content\\\/uploads\\\/2023\\\/03\\\/cropped-cropped-cropped-logofinal.jpeg\",\"width\":1280,\"height\":219,\"caption\":\"Renato Dias\"},\"logo\":{\"@id\":\"https:\\\/\\\/renatodias.online\\\/movimento\\\/wp-content\\\/uploads\\\/2023\\\/03\\\/cropped-cropped-cropped-logofinal.jpeg\"},\"description\":\"Renato Dias, 58 anos, \u00e9 graduado em Jornalismo, formado em Ci\u00eancias Sociais, com p\u00f3s-gradua\u00e7\u00e3o em Pol\u00edticas P\u00fablicas, mestre em Direito e Rela\u00e7\u00f5es Internacionais, ex-aluno extraordin\u00e1rio do Doutorado em Psicologia Social, ex-estudante do Curso de Psican\u00e1lise do Centro de Estudos Psicanal\u00edticos do Estado de Goi\u00e1s, ministrado pelo m\u00e9dico psiquiatra e psicanalista Daniel Em\u00eddio de Souza. \u00c9 autor de 30 livros-reportagem, oito document\u00e1rios, ganhou 30 pr\u00eamios e \u00e9 torcedor apaixonado do maior do Centro-Oeste, o Vila Nova Futebol Clube. Casado com Meirilane Dias, \u00e9 pai de Juliana Dias, jornalista; Daniel Dias, economista; e Maria Rosa Dias, estudante antifascista, socialista e trotskista.\u00a0Com tr\u00eas pets: Porquinho [Bull Dog Franc\u00eas], Dalila [Basset Hound] e Geleia [Basset Hound]. Al\u00e9m do eterno gato Tutuquinho, que virou estrela.\",\"sameAs\":[\"https:\\\/\\\/www.facebook.com\\\/renato.dias.37\",\"#breve\",\"https:\\\/\\\/renatodias.tumblr.com\\\/\"],\"url\":\"https:\\\/\\\/renatodias.online\\\/movimento\\\/author\\\/renatodias\\\/\"}]}<\/script>\n<!-- \/ Yoast SEO plugin. -->","yoast_head_json":{"title":"Zanin e a Defesa da Constitui\u00e7\u00e3o -","robots":{"index":"index","follow":"follow","max-snippet":"max-snippet:-1","max-image-preview":"max-image-preview:large","max-video-preview":"max-video-preview:-1"},"canonical":"https:\/\/renatodias.online\/movimento\/2023\/06\/25\/zanin-e-a-defesa-da-constituicao\/","og_locale":"pt_BR","og_type":"article","og_title":"Zanin e a Defesa da Constitui\u00e7\u00e3o -","og_description":"Luciano Almeida de Oliveira N\u00e3o \u00e9 de hoje que as pessoas n\u00e3o compreendem a advocacia e o alcance do trabalho de um advogado. Isso se constata at\u00e9 mesmo pelas in\u00fameras piadas sobre advogados, as quais eu n\u00e3o censuro e que tratarei em outra oportunidade. Sabe, sempre ou\u00e7o algu\u00e9m dizendo que uma pessoa acusada de ter","og_url":"https:\/\/renatodias.online\/movimento\/2023\/06\/25\/zanin-e-a-defesa-da-constituicao\/","article_publisher":"https:\/\/www.facebook.com\/renato.dias.37","article_author":"https:\/\/www.facebook.com\/renato.dias.37","article_published_time":"2023-06-25T21:57:48+00:00","article_modified_time":"2023-06-25T21:57:49+00:00","og_image":[{"width":700,"height":775,"url":"https:\/\/renatodias.online\/movimento\/wp-content\/uploads\/2020\/04\/Luciano-Almeida-de-Oliveira-e1687730249871.jpeg","type":"image\/jpeg"}],"author":"Renato Dias","twitter_card":"summary_large_image","twitter_creator":"@RenatoDiasBat","twitter_site":"@RenatoDiasBat","twitter_misc":{"Escrito por":"Renato Dias","Est. tempo de leitura":"4 minutos"},"schema":{"@context":"https:\/\/schema.org","@graph":[{"@type":"Article","@id":"https:\/\/renatodias.online\/movimento\/2023\/06\/25\/zanin-e-a-defesa-da-constituicao\/#article","isPartOf":{"@id":"https:\/\/renatodias.online\/movimento\/2023\/06\/25\/zanin-e-a-defesa-da-constituicao\/"},"author":{"name":"Renato Dias","@id":"https:\/\/renatodias.online\/movimento\/#\/schema\/person\/bbab28833b1725a20f4083f49f1fb2a9"},"headline":"Zanin e a Defesa da Constitui\u00e7\u00e3o","datePublished":"2023-06-25T21:57:48+00:00","dateModified":"2023-06-25T21:57:49+00:00","mainEntityOfPage":{"@id":"https:\/\/renatodias.online\/movimento\/2023\/06\/25\/zanin-e-a-defesa-da-constituicao\/"},"wordCount":517,"commentCount":0,"publisher":{"@id":"https:\/\/renatodias.online\/movimento\/#\/schema\/person\/bbab28833b1725a20f4083f49f1fb2a9"},"image":{"@id":"https:\/\/renatodias.online\/movimento\/2023\/06\/25\/zanin-e-a-defesa-da-constituicao\/#primaryimage"},"thumbnailUrl":"https:\/\/renatodias.online\/movimento\/wp-content\/uploads\/2020\/04\/Luciano-Almeida-de-Oliveira-e1692413044556.jpeg","articleSection":["Opini\u00e3o"],"inLanguage":"pt-BR","potentialAction":[{"@type":"CommentAction","name":"Comment","target":["https:\/\/renatodias.online\/movimento\/2023\/06\/25\/zanin-e-a-defesa-da-constituicao\/#respond"]}]},{"@type":"WebPage","@id":"https:\/\/renatodias.online\/movimento\/2023\/06\/25\/zanin-e-a-defesa-da-constituicao\/","url":"https:\/\/renatodias.online\/movimento\/2023\/06\/25\/zanin-e-a-defesa-da-constituicao\/","name":"Zanin e a Defesa da Constitui\u00e7\u00e3o -","isPartOf":{"@id":"https:\/\/renatodias.online\/movimento\/#website"},"primaryImageOfPage":{"@id":"https:\/\/renatodias.online\/movimento\/2023\/06\/25\/zanin-e-a-defesa-da-constituicao\/#primaryimage"},"image":{"@id":"https:\/\/renatodias.online\/movimento\/2023\/06\/25\/zanin-e-a-defesa-da-constituicao\/#primaryimage"},"thumbnailUrl":"https:\/\/renatodias.online\/movimento\/wp-content\/uploads\/2020\/04\/Luciano-Almeida-de-Oliveira-e1692413044556.jpeg","datePublished":"2023-06-25T21:57:48+00:00","dateModified":"2023-06-25T21:57:49+00:00","breadcrumb":{"@id":"https:\/\/renatodias.online\/movimento\/2023\/06\/25\/zanin-e-a-defesa-da-constituicao\/#breadcrumb"},"inLanguage":"pt-BR","potentialAction":[{"@type":"ReadAction","target":["https:\/\/renatodias.online\/movimento\/2023\/06\/25\/zanin-e-a-defesa-da-constituicao\/"]}]},{"@type":"ImageObject","inLanguage":"pt-BR","@id":"https:\/\/renatodias.online\/movimento\/2023\/06\/25\/zanin-e-a-defesa-da-constituicao\/#primaryimage","url":"https:\/\/renatodias.online\/movimento\/wp-content\/uploads\/2020\/04\/Luciano-Almeida-de-Oliveira-e1692413044556.jpeg","contentUrl":"https:\/\/renatodias.online\/movimento\/wp-content\/uploads\/2020\/04\/Luciano-Almeida-de-Oliveira-e1692413044556.jpeg","width":600,"height":664,"caption":"Luciano Almeida de Oliveira"},{"@type":"BreadcrumbList","@id":"https:\/\/renatodias.online\/movimento\/2023\/06\/25\/zanin-e-a-defesa-da-constituicao\/#breadcrumb","itemListElement":[{"@type":"ListItem","position":1,"name":"In\u00edcio","item":"https:\/\/renatodias.online\/movimento\/"},{"@type":"ListItem","position":2,"name":"Zanin e a Defesa da Constitui\u00e7\u00e3o"}]},{"@type":"WebSite","@id":"https:\/\/renatodias.online\/movimento\/#website","url":"https:\/\/renatodias.online\/movimento\/","name":"","description":"","publisher":{"@id":"https:\/\/renatodias.online\/movimento\/#\/schema\/person\/bbab28833b1725a20f4083f49f1fb2a9"},"potentialAction":[{"@type":"SearchAction","target":{"@type":"EntryPoint","urlTemplate":"https:\/\/renatodias.online\/movimento\/?s={search_term_string}"},"query-input":{"@type":"PropertyValueSpecification","valueRequired":true,"valueName":"search_term_string"}}],"inLanguage":"pt-BR"},{"@type":["Person","Organization"],"@id":"https:\/\/renatodias.online\/movimento\/#\/schema\/person\/bbab28833b1725a20f4083f49f1fb2a9","name":"Renato Dias","image":{"@type":"ImageObject","inLanguage":"pt-BR","@id":"https:\/\/renatodias.online\/movimento\/wp-content\/uploads\/2023\/03\/cropped-cropped-cropped-logofinal.jpeg","url":"https:\/\/renatodias.online\/movimento\/wp-content\/uploads\/2023\/03\/cropped-cropped-cropped-logofinal.jpeg","contentUrl":"https:\/\/renatodias.online\/movimento\/wp-content\/uploads\/2023\/03\/cropped-cropped-cropped-logofinal.jpeg","width":1280,"height":219,"caption":"Renato Dias"},"logo":{"@id":"https:\/\/renatodias.online\/movimento\/wp-content\/uploads\/2023\/03\/cropped-cropped-cropped-logofinal.jpeg"},"description":"Renato Dias, 58 anos, \u00e9 graduado em Jornalismo, formado em Ci\u00eancias Sociais, com p\u00f3s-gradua\u00e7\u00e3o em Pol\u00edticas P\u00fablicas, mestre em Direito e Rela\u00e7\u00f5es Internacionais, ex-aluno extraordin\u00e1rio do Doutorado em Psicologia Social, ex-estudante do Curso de Psican\u00e1lise do Centro de Estudos Psicanal\u00edticos do Estado de Goi\u00e1s, ministrado pelo m\u00e9dico psiquiatra e psicanalista Daniel Em\u00eddio de Souza. \u00c9 autor de 30 livros-reportagem, oito document\u00e1rios, ganhou 30 pr\u00eamios e \u00e9 torcedor apaixonado do maior do Centro-Oeste, o Vila Nova Futebol Clube. Casado com Meirilane Dias, \u00e9 pai de Juliana Dias, jornalista; Daniel Dias, economista; e Maria Rosa Dias, estudante antifascista, socialista e trotskista.\u00a0Com tr\u00eas pets: Porquinho [Bull Dog Franc\u00eas], Dalila [Basset Hound] e Geleia [Basset Hound]. Al\u00e9m do eterno gato Tutuquinho, que virou estrela.","sameAs":["https:\/\/www.facebook.com\/renato.dias.37","#breve","https:\/\/renatodias.tumblr.com\/"],"url":"https:\/\/renatodias.online\/movimento\/author\/renatodias\/"}]}},"_links":{"self":[{"href":"https:\/\/renatodias.online\/movimento\/wp-json\/wp\/v2\/posts\/17159","targetHints":{"allow":["GET"]}}],"collection":[{"href":"https:\/\/renatodias.online\/movimento\/wp-json\/wp\/v2\/posts"}],"about":[{"href":"https:\/\/renatodias.online\/movimento\/wp-json\/wp\/v2\/types\/post"}],"author":[{"embeddable":true,"href":"https:\/\/renatodias.online\/movimento\/wp-json\/wp\/v2\/users\/2"}],"replies":[{"embeddable":true,"href":"https:\/\/renatodias.online\/movimento\/wp-json\/wp\/v2\/comments?post=17159"}],"version-history":[{"count":1,"href":"https:\/\/renatodias.online\/movimento\/wp-json\/wp\/v2\/posts\/17159\/revisions"}],"predecessor-version":[{"id":17160,"href":"https:\/\/renatodias.online\/movimento\/wp-json\/wp\/v2\/posts\/17159\/revisions\/17160"}],"wp:featuredmedia":[{"embeddable":true,"href":"https:\/\/renatodias.online\/movimento\/wp-json\/wp\/v2\/media\/3291"}],"wp:attachment":[{"href":"https:\/\/renatodias.online\/movimento\/wp-json\/wp\/v2\/media?parent=17159"}],"wp:term":[{"taxonomy":"category","embeddable":true,"href":"https:\/\/renatodias.online\/movimento\/wp-json\/wp\/v2\/categories?post=17159"},{"taxonomy":"post_tag","embeddable":true,"href":"https:\/\/renatodias.online\/movimento\/wp-json\/wp\/v2\/tags?post=17159"}],"curies":[{"name":"wp","href":"https:\/\/api.w.org\/{rel}","templated":true}]}}