{"id":17155,"date":"2023-06-25T18:51:34","date_gmt":"2023-06-25T21:51:34","guid":{"rendered":"https:\/\/renatodias.online\/movimento\/?p=17155"},"modified":"2023-06-25T18:51:35","modified_gmt":"2023-06-25T21:51:35","slug":"no-vaticano-ucrania-fome-amazonia-e-as-direitas","status":"publish","type":"post","link":"https:\/\/renatodias.online\/movimento\/2023\/06\/25\/no-vaticano-ucrania-fome-amazonia-e-as-direitas\/","title":{"rendered":"<strong>No Vaticano: Ucr\u00e2nia, fome, Amaz\u00f4nia e as direitas<\/strong>"},"content":{"rendered":"\n<figure class=\"wp-block-image aligncenter size-full\"><img decoding=\"async\" src=\"https:\/\/renatodias.online\/movimento\/wp-content\/uploads\/2023\/01\/Analise-critica.jpg\" alt=\"\" class=\"wp-image-15437\"\/><\/figure>\n\n\n\n<p class=\"has-text-align-center\"><strong><mark style=\"background-color:rgba(0, 0, 0, 0)\" class=\"has-inline-color has-vivid-red-color\">Renato Dias<\/mark><\/strong><\/p>\n\n\n\n<p>A cria\u00e7\u00e3o de um Clube de Paz para acabar com o conflito, hoje, R\u00fassia versus Ucr\u00e2nia e OTAN, a deflagra\u00e7\u00e3o de guerra contra fome global, a preserva\u00e7\u00e3o do Meio Ambiente e a Enc\u00edclica Laudato Si, al\u00e9m de uma eventual orienta\u00e7\u00e3o pastoral progressista para Igreja Cat\u00f3lica no Brasil e na Am\u00e9rica Latina. Os temas da conversa entre <strong><mark style=\"background-color:rgba(0, 0, 0, 0)\" class=\"has-inline-color has-luminous-vivid-orange-color\">Luiz In\u00e1cio Lula da Silva [PT] e o Papa Francisco, no Vaticano.<\/mark><\/strong><\/p>\n\n\n\n<p class=\"has-text-align-center\"><strong><mark style=\"background-color:rgba(0, 0, 0, 0)\" class=\"has-inline-color has-vivid-purple-color\">O avan\u00e7o dos neopentecostais de extrema direita<\/mark>\u00a0<\/strong><\/p>\n\n\n\n<p>Interesses m\u00fatuos. Tanto de Roma quanto do Pal\u00e1cio do Planalto. A ado\u00e7\u00e3o de uma agenda em comum. Medidas que poderiam permitir estancar a sangria, frear defec\u00e7\u00f5es na Igreja Cat\u00f3lica e impedir o crescimento do neopentecostalismo ultraconservador. J\u00e1 no s\u00e9culo 21. Em 1989, o n\u00famero total de eleitores evang\u00e9licos era de\u00a0 3% no Brasil. <strong><mark style=\"background-color:rgba(0, 0, 0, 0)\" class=\"has-inline-color has-vivid-green-cyan-color\">Em 2022, 33%.<\/mark><\/strong> O IBGE projeta 53% em 2030.<\/p>\n\n\n\n<p class=\"has-text-align-center\"><strong><mark style=\"background-color:rgba(0, 0, 0, 0)\" class=\"has-inline-color has-vivid-cyan-blue-color\">2023: o Brasil \u00e9 o maior pa\u00eds cat\u00f3lico do mundo<\/mark><\/strong><\/p>\n","protected":false},"excerpt":{"rendered":"<p>Renato Dias A cria\u00e7\u00e3o de um Clube de Paz para acabar com o conflito, hoje, R\u00fassia versus Ucr\u00e2nia e OTAN, a deflagra\u00e7\u00e3o de guerra contra fome global, a preserva\u00e7\u00e3o do Meio Ambiente e a Enc\u00edclica Laudato Si, al\u00e9m de uma eventual orienta\u00e7\u00e3o pastoral progressista para Igreja Cat\u00f3lica no Brasil e na Am\u00e9rica Latina. Os temas<\/p>\n","protected":false},"author":2,"featured_media":17156,"comment_status":"open","ping_status":"open","sticky":false,"template":"","format":"standard","meta":{"_acf_changed":false,"_monsterinsights_skip_tracking":false,"_monsterinsights_sitenote_active":false,"_monsterinsights_sitenote_note":"","_monsterinsights_sitenote_category":0,"footnotes":""},"categories":[36],"tags":[],"class_list":["post-17155","post","type-post","status-publish","format-standard","has-post-thumbnail","hentry","category-internacional"],"acf":[],"yoast_head":"<!-- This site is optimized with the Yoast SEO plugin v27.4 - https:\/\/yoast.com\/product\/yoast-seo-wordpress\/ -->\n<title>No Vaticano: Ucr\u00e2nia, fome, Amaz\u00f4nia e as direitas -<\/title>\n<meta name=\"robots\" content=\"index, follow, max-snippet:-1, max-image-preview:large, max-video-preview:-1\" \/>\n<link rel=\"canonical\" href=\"https:\/\/renatodias.online\/movimento\/2023\/06\/25\/no-vaticano-ucrania-fome-amazonia-e-as-direitas\/\" \/>\n<meta property=\"og:locale\" content=\"pt_BR\" \/>\n<meta property=\"og:type\" content=\"article\" \/>\n<meta property=\"og:title\" content=\"No Vaticano: Ucr\u00e2nia, fome, Amaz\u00f4nia e as direitas -\" \/>\n<meta property=\"og:description\" content=\"Renato Dias A cria\u00e7\u00e3o de um Clube de Paz para acabar com o conflito, hoje, R\u00fassia versus Ucr\u00e2nia e OTAN, a deflagra\u00e7\u00e3o de guerra contra fome global, a preserva\u00e7\u00e3o do Meio Ambiente e a Enc\u00edclica Laudato Si, al\u00e9m de uma eventual orienta\u00e7\u00e3o pastoral progressista para Igreja Cat\u00f3lica no Brasil e na Am\u00e9rica Latina. Os temas\" \/>\n<meta property=\"og:url\" content=\"https:\/\/renatodias.online\/movimento\/2023\/06\/25\/no-vaticano-ucrania-fome-amazonia-e-as-direitas\/\" \/>\n<meta property=\"article:publisher\" content=\"https:\/\/www.facebook.com\/renato.dias.37\" \/>\n<meta property=\"article:author\" content=\"https:\/\/www.facebook.com\/renato.dias.37\" \/>\n<meta property=\"article:published_time\" content=\"2023-06-25T21:51:34+00:00\" \/>\n<meta property=\"article:modified_time\" content=\"2023-06-25T21:51:35+00:00\" \/>\n<meta property=\"og:image\" content=\"https:\/\/renatodias.online\/movimento\/wp-content\/uploads\/2023\/06\/Papa-e-Lula-Arte-e1687729872416.jpg\" \/>\n\t<meta property=\"og:image:width\" content=\"800\" \/>\n\t<meta property=\"og:image:height\" content=\"530\" \/>\n\t<meta property=\"og:image:type\" content=\"image\/jpeg\" \/>\n<meta name=\"author\" content=\"Renato Dias\" \/>\n<meta name=\"twitter:card\" content=\"summary_large_image\" \/>\n<meta name=\"twitter:creator\" content=\"@RenatoDiasBat\" \/>\n<meta name=\"twitter:site\" content=\"@RenatoDiasBat\" \/>\n<meta name=\"twitter:label1\" content=\"Escrito por\" \/>\n\t<meta name=\"twitter:data1\" content=\"Renato Dias\" \/>\n\t<meta name=\"twitter:label2\" content=\"Est. tempo de leitura\" \/>\n\t<meta name=\"twitter:data2\" content=\"2 minutos\" \/>\n<script type=\"application\/ld+json\" class=\"yoast-schema-graph\">{\"@context\":\"https:\\\/\\\/schema.org\",\"@graph\":[{\"@type\":\"Article\",\"@id\":\"https:\\\/\\\/renatodias.online\\\/movimento\\\/2023\\\/06\\\/25\\\/no-vaticano-ucrania-fome-amazonia-e-as-direitas\\\/#article\",\"isPartOf\":{\"@id\":\"https:\\\/\\\/renatodias.online\\\/movimento\\\/2023\\\/06\\\/25\\\/no-vaticano-ucrania-fome-amazonia-e-as-direitas\\\/\"},\"author\":{\"name\":\"Renato Dias\",\"@id\":\"https:\\\/\\\/renatodias.online\\\/movimento\\\/#\\\/schema\\\/person\\\/bbab28833b1725a20f4083f49f1fb2a9\"},\"headline\":\"No Vaticano: Ucr\u00e2nia, fome, Amaz\u00f4nia e as direitas\",\"datePublished\":\"2023-06-25T21:51:34+00:00\",\"dateModified\":\"2023-06-25T21:51:35+00:00\",\"mainEntityOfPage\":{\"@id\":\"https:\\\/\\\/renatodias.online\\\/movimento\\\/2023\\\/06\\\/25\\\/no-vaticano-ucrania-fome-amazonia-e-as-direitas\\\/\"},\"wordCount\":172,\"commentCount\":0,\"publisher\":{\"@id\":\"https:\\\/\\\/renatodias.online\\\/movimento\\\/#\\\/schema\\\/person\\\/bbab28833b1725a20f4083f49f1fb2a9\"},\"image\":{\"@id\":\"https:\\\/\\\/renatodias.online\\\/movimento\\\/2023\\\/06\\\/25\\\/no-vaticano-ucrania-fome-amazonia-e-as-direitas\\\/#primaryimage\"},\"thumbnailUrl\":\"https:\\\/\\\/renatodias.online\\\/movimento\\\/wp-content\\\/uploads\\\/2023\\\/06\\\/Papa-e-Lula-Arte-e1687729872416.jpg\",\"articleSection\":[\"Internacional\"],\"inLanguage\":\"pt-BR\",\"potentialAction\":[{\"@type\":\"CommentAction\",\"name\":\"Comment\",\"target\":[\"https:\\\/\\\/renatodias.online\\\/movimento\\\/2023\\\/06\\\/25\\\/no-vaticano-ucrania-fome-amazonia-e-as-direitas\\\/#respond\"]}]},{\"@type\":\"WebPage\",\"@id\":\"https:\\\/\\\/renatodias.online\\\/movimento\\\/2023\\\/06\\\/25\\\/no-vaticano-ucrania-fome-amazonia-e-as-direitas\\\/\",\"url\":\"https:\\\/\\\/renatodias.online\\\/movimento\\\/2023\\\/06\\\/25\\\/no-vaticano-ucrania-fome-amazonia-e-as-direitas\\\/\",\"name\":\"No Vaticano: Ucr\u00e2nia, fome, Amaz\u00f4nia e as direitas -\",\"isPartOf\":{\"@id\":\"https:\\\/\\\/renatodias.online\\\/movimento\\\/#website\"},\"primaryImageOfPage\":{\"@id\":\"https:\\\/\\\/renatodias.online\\\/movimento\\\/2023\\\/06\\\/25\\\/no-vaticano-ucrania-fome-amazonia-e-as-direitas\\\/#primaryimage\"},\"image\":{\"@id\":\"https:\\\/\\\/renatodias.online\\\/movimento\\\/2023\\\/06\\\/25\\\/no-vaticano-ucrania-fome-amazonia-e-as-direitas\\\/#primaryimage\"},\"thumbnailUrl\":\"https:\\\/\\\/renatodias.online\\\/movimento\\\/wp-content\\\/uploads\\\/2023\\\/06\\\/Papa-e-Lula-Arte-e1687729872416.jpg\",\"datePublished\":\"2023-06-25T21:51:34+00:00\",\"dateModified\":\"2023-06-25T21:51:35+00:00\",\"breadcrumb\":{\"@id\":\"https:\\\/\\\/renatodias.online\\\/movimento\\\/2023\\\/06\\\/25\\\/no-vaticano-ucrania-fome-amazonia-e-as-direitas\\\/#breadcrumb\"},\"inLanguage\":\"pt-BR\",\"potentialAction\":[{\"@type\":\"ReadAction\",\"target\":[\"https:\\\/\\\/renatodias.online\\\/movimento\\\/2023\\\/06\\\/25\\\/no-vaticano-ucrania-fome-amazonia-e-as-direitas\\\/\"]}]},{\"@type\":\"ImageObject\",\"inLanguage\":\"pt-BR\",\"@id\":\"https:\\\/\\\/renatodias.online\\\/movimento\\\/2023\\\/06\\\/25\\\/no-vaticano-ucrania-fome-amazonia-e-as-direitas\\\/#primaryimage\",\"url\":\"https:\\\/\\\/renatodias.online\\\/movimento\\\/wp-content\\\/uploads\\\/2023\\\/06\\\/Papa-e-Lula-Arte-e1687729872416.jpg\",\"contentUrl\":\"https:\\\/\\\/renatodias.online\\\/movimento\\\/wp-content\\\/uploads\\\/2023\\\/06\\\/Papa-e-Lula-Arte-e1687729872416.jpg\",\"width\":800,\"height\":530},{\"@type\":\"BreadcrumbList\",\"@id\":\"https:\\\/\\\/renatodias.online\\\/movimento\\\/2023\\\/06\\\/25\\\/no-vaticano-ucrania-fome-amazonia-e-as-direitas\\\/#breadcrumb\",\"itemListElement\":[{\"@type\":\"ListItem\",\"position\":1,\"name\":\"In\u00edcio\",\"item\":\"https:\\\/\\\/renatodias.online\\\/movimento\\\/\"},{\"@type\":\"ListItem\",\"position\":2,\"name\":\"No Vaticano: Ucr\u00e2nia, fome, Amaz\u00f4nia e as direitas\"}]},{\"@type\":\"WebSite\",\"@id\":\"https:\\\/\\\/renatodias.online\\\/movimento\\\/#website\",\"url\":\"https:\\\/\\\/renatodias.online\\\/movimento\\\/\",\"name\":\"\",\"description\":\"\",\"publisher\":{\"@id\":\"https:\\\/\\\/renatodias.online\\\/movimento\\\/#\\\/schema\\\/person\\\/bbab28833b1725a20f4083f49f1fb2a9\"},\"potentialAction\":[{\"@type\":\"SearchAction\",\"target\":{\"@type\":\"EntryPoint\",\"urlTemplate\":\"https:\\\/\\\/renatodias.online\\\/movimento\\\/?s={search_term_string}\"},\"query-input\":{\"@type\":\"PropertyValueSpecification\",\"valueRequired\":true,\"valueName\":\"search_term_string\"}}],\"inLanguage\":\"pt-BR\"},{\"@type\":[\"Person\",\"Organization\"],\"@id\":\"https:\\\/\\\/renatodias.online\\\/movimento\\\/#\\\/schema\\\/person\\\/bbab28833b1725a20f4083f49f1fb2a9\",\"name\":\"Renato Dias\",\"image\":{\"@type\":\"ImageObject\",\"inLanguage\":\"pt-BR\",\"@id\":\"https:\\\/\\\/renatodias.online\\\/movimento\\\/wp-content\\\/uploads\\\/2023\\\/03\\\/cropped-cropped-cropped-logofinal.jpeg\",\"url\":\"https:\\\/\\\/renatodias.online\\\/movimento\\\/wp-content\\\/uploads\\\/2023\\\/03\\\/cropped-cropped-cropped-logofinal.jpeg\",\"contentUrl\":\"https:\\\/\\\/renatodias.online\\\/movimento\\\/wp-content\\\/uploads\\\/2023\\\/03\\\/cropped-cropped-cropped-logofinal.jpeg\",\"width\":1280,\"height\":219,\"caption\":\"Renato Dias\"},\"logo\":{\"@id\":\"https:\\\/\\\/renatodias.online\\\/movimento\\\/wp-content\\\/uploads\\\/2023\\\/03\\\/cropped-cropped-cropped-logofinal.jpeg\"},\"description\":\"Renato Dias, 58 anos, \u00e9 graduado em Jornalismo, formado em Ci\u00eancias Sociais, com p\u00f3s-gradua\u00e7\u00e3o em Pol\u00edticas P\u00fablicas, mestre em Direito e Rela\u00e7\u00f5es Internacionais, ex-aluno extraordin\u00e1rio do Doutorado em Psicologia Social, ex-estudante do Curso de Psican\u00e1lise do Centro de Estudos Psicanal\u00edticos do Estado de Goi\u00e1s, ministrado pelo m\u00e9dico psiquiatra e psicanalista Daniel Em\u00eddio de Souza. \u00c9 autor de 30 livros-reportagem, oito document\u00e1rios, ganhou 30 pr\u00eamios e \u00e9 torcedor apaixonado do maior do Centro-Oeste, o Vila Nova Futebol Clube. Casado com Meirilane Dias, \u00e9 pai de Juliana Dias, jornalista; Daniel Dias, economista; e Maria Rosa Dias, estudante antifascista, socialista e trotskista.\u00a0Com tr\u00eas pets: Porquinho [Bull Dog Franc\u00eas], Dalila [Basset Hound] e Geleia [Basset Hound]. Al\u00e9m do eterno gato Tutuquinho, que virou estrela.\",\"sameAs\":[\"https:\\\/\\\/www.facebook.com\\\/renato.dias.37\",\"#breve\",\"https:\\\/\\\/renatodias.tumblr.com\\\/\"],\"url\":\"https:\\\/\\\/renatodias.online\\\/movimento\\\/author\\\/renatodias\\\/\"}]}<\/script>\n<!-- \/ Yoast SEO plugin. -->","yoast_head_json":{"title":"No Vaticano: Ucr\u00e2nia, fome, Amaz\u00f4nia e as direitas -","robots":{"index":"index","follow":"follow","max-snippet":"max-snippet:-1","max-image-preview":"max-image-preview:large","max-video-preview":"max-video-preview:-1"},"canonical":"https:\/\/renatodias.online\/movimento\/2023\/06\/25\/no-vaticano-ucrania-fome-amazonia-e-as-direitas\/","og_locale":"pt_BR","og_type":"article","og_title":"No Vaticano: Ucr\u00e2nia, fome, Amaz\u00f4nia e as direitas -","og_description":"Renato Dias A cria\u00e7\u00e3o de um Clube de Paz para acabar com o conflito, hoje, R\u00fassia versus Ucr\u00e2nia e OTAN, a deflagra\u00e7\u00e3o de guerra contra fome global, a preserva\u00e7\u00e3o do Meio Ambiente e a Enc\u00edclica Laudato Si, al\u00e9m de uma eventual orienta\u00e7\u00e3o pastoral progressista para Igreja Cat\u00f3lica no Brasil e na Am\u00e9rica Latina. Os temas","og_url":"https:\/\/renatodias.online\/movimento\/2023\/06\/25\/no-vaticano-ucrania-fome-amazonia-e-as-direitas\/","article_publisher":"https:\/\/www.facebook.com\/renato.dias.37","article_author":"https:\/\/www.facebook.com\/renato.dias.37","article_published_time":"2023-06-25T21:51:34+00:00","article_modified_time":"2023-06-25T21:51:35+00:00","og_image":[{"width":800,"height":530,"url":"https:\/\/renatodias.online\/movimento\/wp-content\/uploads\/2023\/06\/Papa-e-Lula-Arte-e1687729872416.jpg","type":"image\/jpeg"}],"author":"Renato Dias","twitter_card":"summary_large_image","twitter_creator":"@RenatoDiasBat","twitter_site":"@RenatoDiasBat","twitter_misc":{"Escrito por":"Renato Dias","Est. tempo de leitura":"2 minutos"},"schema":{"@context":"https:\/\/schema.org","@graph":[{"@type":"Article","@id":"https:\/\/renatodias.online\/movimento\/2023\/06\/25\/no-vaticano-ucrania-fome-amazonia-e-as-direitas\/#article","isPartOf":{"@id":"https:\/\/renatodias.online\/movimento\/2023\/06\/25\/no-vaticano-ucrania-fome-amazonia-e-as-direitas\/"},"author":{"name":"Renato Dias","@id":"https:\/\/renatodias.online\/movimento\/#\/schema\/person\/bbab28833b1725a20f4083f49f1fb2a9"},"headline":"No Vaticano: Ucr\u00e2nia, fome, Amaz\u00f4nia e as direitas","datePublished":"2023-06-25T21:51:34+00:00","dateModified":"2023-06-25T21:51:35+00:00","mainEntityOfPage":{"@id":"https:\/\/renatodias.online\/movimento\/2023\/06\/25\/no-vaticano-ucrania-fome-amazonia-e-as-direitas\/"},"wordCount":172,"commentCount":0,"publisher":{"@id":"https:\/\/renatodias.online\/movimento\/#\/schema\/person\/bbab28833b1725a20f4083f49f1fb2a9"},"image":{"@id":"https:\/\/renatodias.online\/movimento\/2023\/06\/25\/no-vaticano-ucrania-fome-amazonia-e-as-direitas\/#primaryimage"},"thumbnailUrl":"https:\/\/renatodias.online\/movimento\/wp-content\/uploads\/2023\/06\/Papa-e-Lula-Arte-e1687729872416.jpg","articleSection":["Internacional"],"inLanguage":"pt-BR","potentialAction":[{"@type":"CommentAction","name":"Comment","target":["https:\/\/renatodias.online\/movimento\/2023\/06\/25\/no-vaticano-ucrania-fome-amazonia-e-as-direitas\/#respond"]}]},{"@type":"WebPage","@id":"https:\/\/renatodias.online\/movimento\/2023\/06\/25\/no-vaticano-ucrania-fome-amazonia-e-as-direitas\/","url":"https:\/\/renatodias.online\/movimento\/2023\/06\/25\/no-vaticano-ucrania-fome-amazonia-e-as-direitas\/","name":"No Vaticano: Ucr\u00e2nia, fome, Amaz\u00f4nia e as direitas -","isPartOf":{"@id":"https:\/\/renatodias.online\/movimento\/#website"},"primaryImageOfPage":{"@id":"https:\/\/renatodias.online\/movimento\/2023\/06\/25\/no-vaticano-ucrania-fome-amazonia-e-as-direitas\/#primaryimage"},"image":{"@id":"https:\/\/renatodias.online\/movimento\/2023\/06\/25\/no-vaticano-ucrania-fome-amazonia-e-as-direitas\/#primaryimage"},"thumbnailUrl":"https:\/\/renatodias.online\/movimento\/wp-content\/uploads\/2023\/06\/Papa-e-Lula-Arte-e1687729872416.jpg","datePublished":"2023-06-25T21:51:34+00:00","dateModified":"2023-06-25T21:51:35+00:00","breadcrumb":{"@id":"https:\/\/renatodias.online\/movimento\/2023\/06\/25\/no-vaticano-ucrania-fome-amazonia-e-as-direitas\/#breadcrumb"},"inLanguage":"pt-BR","potentialAction":[{"@type":"ReadAction","target":["https:\/\/renatodias.online\/movimento\/2023\/06\/25\/no-vaticano-ucrania-fome-amazonia-e-as-direitas\/"]}]},{"@type":"ImageObject","inLanguage":"pt-BR","@id":"https:\/\/renatodias.online\/movimento\/2023\/06\/25\/no-vaticano-ucrania-fome-amazonia-e-as-direitas\/#primaryimage","url":"https:\/\/renatodias.online\/movimento\/wp-content\/uploads\/2023\/06\/Papa-e-Lula-Arte-e1687729872416.jpg","contentUrl":"https:\/\/renatodias.online\/movimento\/wp-content\/uploads\/2023\/06\/Papa-e-Lula-Arte-e1687729872416.jpg","width":800,"height":530},{"@type":"BreadcrumbList","@id":"https:\/\/renatodias.online\/movimento\/2023\/06\/25\/no-vaticano-ucrania-fome-amazonia-e-as-direitas\/#breadcrumb","itemListElement":[{"@type":"ListItem","position":1,"name":"In\u00edcio","item":"https:\/\/renatodias.online\/movimento\/"},{"@type":"ListItem","position":2,"name":"No Vaticano: Ucr\u00e2nia, fome, Amaz\u00f4nia e as direitas"}]},{"@type":"WebSite","@id":"https:\/\/renatodias.online\/movimento\/#website","url":"https:\/\/renatodias.online\/movimento\/","name":"","description":"","publisher":{"@id":"https:\/\/renatodias.online\/movimento\/#\/schema\/person\/bbab28833b1725a20f4083f49f1fb2a9"},"potentialAction":[{"@type":"SearchAction","target":{"@type":"EntryPoint","urlTemplate":"https:\/\/renatodias.online\/movimento\/?s={search_term_string}"},"query-input":{"@type":"PropertyValueSpecification","valueRequired":true,"valueName":"search_term_string"}}],"inLanguage":"pt-BR"},{"@type":["Person","Organization"],"@id":"https:\/\/renatodias.online\/movimento\/#\/schema\/person\/bbab28833b1725a20f4083f49f1fb2a9","name":"Renato Dias","image":{"@type":"ImageObject","inLanguage":"pt-BR","@id":"https:\/\/renatodias.online\/movimento\/wp-content\/uploads\/2023\/03\/cropped-cropped-cropped-logofinal.jpeg","url":"https:\/\/renatodias.online\/movimento\/wp-content\/uploads\/2023\/03\/cropped-cropped-cropped-logofinal.jpeg","contentUrl":"https:\/\/renatodias.online\/movimento\/wp-content\/uploads\/2023\/03\/cropped-cropped-cropped-logofinal.jpeg","width":1280,"height":219,"caption":"Renato Dias"},"logo":{"@id":"https:\/\/renatodias.online\/movimento\/wp-content\/uploads\/2023\/03\/cropped-cropped-cropped-logofinal.jpeg"},"description":"Renato Dias, 58 anos, \u00e9 graduado em Jornalismo, formado em Ci\u00eancias Sociais, com p\u00f3s-gradua\u00e7\u00e3o em Pol\u00edticas P\u00fablicas, mestre em Direito e Rela\u00e7\u00f5es Internacionais, ex-aluno extraordin\u00e1rio do Doutorado em Psicologia Social, ex-estudante do Curso de Psican\u00e1lise do Centro de Estudos Psicanal\u00edticos do Estado de Goi\u00e1s, ministrado pelo m\u00e9dico psiquiatra e psicanalista Daniel Em\u00eddio de Souza. \u00c9 autor de 30 livros-reportagem, oito document\u00e1rios, ganhou 30 pr\u00eamios e \u00e9 torcedor apaixonado do maior do Centro-Oeste, o Vila Nova Futebol Clube. Casado com Meirilane Dias, \u00e9 pai de Juliana Dias, jornalista; Daniel Dias, economista; e Maria Rosa Dias, estudante antifascista, socialista e trotskista.\u00a0Com tr\u00eas pets: Porquinho [Bull Dog Franc\u00eas], Dalila [Basset Hound] e Geleia [Basset Hound]. Al\u00e9m do eterno gato Tutuquinho, que virou estrela.","sameAs":["https:\/\/www.facebook.com\/renato.dias.37","#breve","https:\/\/renatodias.tumblr.com\/"],"url":"https:\/\/renatodias.online\/movimento\/author\/renatodias\/"}]}},"_links":{"self":[{"href":"https:\/\/renatodias.online\/movimento\/wp-json\/wp\/v2\/posts\/17155","targetHints":{"allow":["GET"]}}],"collection":[{"href":"https:\/\/renatodias.online\/movimento\/wp-json\/wp\/v2\/posts"}],"about":[{"href":"https:\/\/renatodias.online\/movimento\/wp-json\/wp\/v2\/types\/post"}],"author":[{"embeddable":true,"href":"https:\/\/renatodias.online\/movimento\/wp-json\/wp\/v2\/users\/2"}],"replies":[{"embeddable":true,"href":"https:\/\/renatodias.online\/movimento\/wp-json\/wp\/v2\/comments?post=17155"}],"version-history":[{"count":1,"href":"https:\/\/renatodias.online\/movimento\/wp-json\/wp\/v2\/posts\/17155\/revisions"}],"predecessor-version":[{"id":17157,"href":"https:\/\/renatodias.online\/movimento\/wp-json\/wp\/v2\/posts\/17155\/revisions\/17157"}],"wp:featuredmedia":[{"embeddable":true,"href":"https:\/\/renatodias.online\/movimento\/wp-json\/wp\/v2\/media\/17156"}],"wp:attachment":[{"href":"https:\/\/renatodias.online\/movimento\/wp-json\/wp\/v2\/media?parent=17155"}],"wp:term":[{"taxonomy":"category","embeddable":true,"href":"https:\/\/renatodias.online\/movimento\/wp-json\/wp\/v2\/categories?post=17155"},{"taxonomy":"post_tag","embeddable":true,"href":"https:\/\/renatodias.online\/movimento\/wp-json\/wp\/v2\/tags?post=17155"}],"curies":[{"name":"wp","href":"https:\/\/api.w.org\/{rel}","templated":true}]}}