{"id":17092,"date":"2023-06-22T11:18:13","date_gmt":"2023-06-22T14:18:13","guid":{"rendered":"https:\/\/renatodias.online\/movimento\/?p=17092"},"modified":"2023-06-22T11:18:14","modified_gmt":"2023-06-22T14:18:14","slug":"sebastiao-peixoto-disputa-cadeira-a-camara","status":"publish","type":"post","link":"https:\/\/renatodias.online\/movimento\/2023\/06\/22\/sebastiao-peixoto-disputa-cadeira-a-camara\/","title":{"rendered":"Sebasti\u00e3o Peixoto disputa cadeira \u00e0 C\u00e2mara"},"content":{"rendered":"\n<figure class=\"wp-block-image aligncenter size-full\"><img decoding=\"async\" src=\"https:\/\/renatodias.online\/movimento\/wp-content\/uploads\/2023\/06\/Eleicoes-de-2024.png\" alt=\"\" class=\"wp-image-17086\"\/><\/figure>\n\n\n\n<p class=\"has-text-align-center\"><strong><mark style=\"background-color:rgba(0, 0, 0, 0)\" class=\"has-inline-color has-vivid-green-cyan-color\">Com um projeto contempor\u00e2neo da modernidade<\/mark><\/strong><\/p>\n\n\n\n<p class=\"has-text-align-center\"><strong><mark style=\"background-color:rgba(0, 0, 0, 0)\" class=\"has-inline-color has-vivid-red-color\">Renato Dias<\/mark><\/strong><\/p>\n\n\n\n<p>O suplente de vereador <strong><mark style=\"background-color:rgba(0, 0, 0, 0)\" class=\"has-inline-color has-vivid-cyan-blue-color\">Sebasti\u00e3o Peixoto<\/mark><\/strong> anuncia, hoje, ao Portal de Not\u00edcias,  que concorrer\u00e1, em outubro do ano de 2024, as elei\u00e7\u00f5es \u00e0 C\u00e2mara Municipal de Goi\u00e2nia. Ele quer um gabinete itinerante.<\/p>\n\n\n\n<figure class=\"wp-block-image aligncenter size-full\"><img loading=\"lazy\" decoding=\"async\" width=\"300\" height=\"103\" src=\"https:\/\/renatodias.online\/movimento\/wp-content\/uploads\/2022\/08\/Saiba-mais-e1680139445250.png\" alt=\"\" class=\"wp-image-13698\" srcset=\"https:\/\/renatodias.online\/movimento\/wp-content\/uploads\/2022\/08\/Saiba-mais-e1680139445250.png 300w, https:\/\/renatodias.online\/movimento\/wp-content\/uploads\/2022\/08\/Saiba-mais-e1680139445250-150x52.png 150w\" sizes=\"auto, (max-width: 300px) 100vw, 300px\" \/><\/figure>\n\n\n\n<p>O <strong>ex-presidente do IMAS e da Agetul<\/strong> diz que <strong>Luiz In\u00e1cio Lula da Silva [PT] <\/strong>valoriza o real, faz o d\u00f3lar cair, a bolsa subir. Veja: a infla\u00e7\u00e3o desacelerar, PIB crescer, o m\u00ednimo aumentar.<\/p>\n\n\n\n<figure class=\"wp-block-image aligncenter size-full\"><img decoding=\"async\" src=\"https:\/\/renatodias.online\/movimento\/wp-content\/uploads\/2023\/05\/Luiz-Inacio-Lula-da-Silva-2023-e1685303223196.jpg\" alt=\"\" class=\"wp-image-16923\"\/><figcaption class=\"wp-element-caption\"><strong>Luiz In\u00e1cio Lula da Silva <\/strong><\/figcaption><\/figure>\n\n\n\n<p>\u2019<strong>O Governo Federal impediu tamb\u00e9m o golpe de Estado civil e militar do dia 8 de janeiro de 2023, auxiliou os Yanomami, e retomou ainda o protagonismo na Pol\u00edtica Externa<\/strong>&#8216;.<\/p>\n\n\n\n<figure class=\"wp-block-image aligncenter size-large\"><img loading=\"lazy\" decoding=\"async\" width=\"1024\" height=\"683\" src=\"https:\/\/renatodias.online\/movimento\/wp-content\/uploads\/2019\/12\/Ronaldo-Caiado-Pesquisa-1024x683.jpg\" alt=\"\" class=\"wp-image-3114\"\/><figcaption class=\"wp-element-caption\"><strong>Ronaldo Caiado<\/strong><\/figcaption><\/figure>\n\n\n\n<p>Sebasti\u00e3o Peixoto defende os avan\u00e7os da Era <strong>Ronaldo Caiado<\/strong>. Ele aprova a gest\u00e3o de <strong>Rom\u00e1rio Policarpo<\/strong> e anima-se ainda com a unidade na elei\u00e7\u00e3o e reelei\u00e7\u00e3o \u00e0 Mesa Diretora de <strong>Bruno Peixoto.<\/strong><\/p>\n\n\n\n<figure class=\"wp-block-image aligncenter size-full\"><img loading=\"lazy\" decoding=\"async\" width=\"800\" height=\"534\" src=\"https:\/\/renatodias.online\/movimento\/wp-content\/uploads\/2019\/11\/bruno-peixoto-2020.jpeg\" alt=\"Bruno Peixoto, deputado estadual e l\u00edder do Governo no Pal\u00e1cio Alfredo Nasser\" class=\"wp-image-3039\" srcset=\"https:\/\/renatodias.online\/movimento\/wp-content\/uploads\/2019\/11\/bruno-peixoto-2020.jpeg 800w, https:\/\/renatodias.online\/movimento\/wp-content\/uploads\/2019\/11\/bruno-peixoto-2020-360x240.jpeg 360w, https:\/\/renatodias.online\/movimento\/wp-content\/uploads\/2019\/11\/bruno-peixoto-2020-750x501.jpeg 750w\" sizes=\"auto, (max-width: 800px) 100vw, 800px\" \/><figcaption class=\"wp-element-caption\"><strong>Bruno Peixoto<\/strong><\/figcaption><\/figure>\n","protected":false},"excerpt":{"rendered":"<p>Com um projeto contempor\u00e2neo da modernidade Renato Dias O suplente de vereador Sebasti\u00e3o Peixoto anuncia, hoje, ao Portal de Not\u00edcias, que concorrer\u00e1, em outubro do ano de 2024, as elei\u00e7\u00f5es \u00e0 C\u00e2mara Municipal de Goi\u00e2nia. Ele quer um gabinete itinerante. O ex-presidente do IMAS e da Agetul diz que Luiz In\u00e1cio Lula da Silva [PT]<\/p>\n","protected":false},"author":2,"featured_media":8500,"comment_status":"open","ping_status":"open","sticky":false,"template":"","format":"standard","meta":{"_acf_changed":false,"_monsterinsights_skip_tracking":false,"_monsterinsights_sitenote_active":false,"_monsterinsights_sitenote_note":"","_monsterinsights_sitenote_category":0,"footnotes":""},"categories":[9],"tags":[],"class_list":["post-17092","post","type-post","status-publish","format-standard","has-post-thumbnail","hentry","category-cidade"],"acf":[],"yoast_head":"<!-- This site is optimized with the Yoast SEO plugin v27.4 - https:\/\/yoast.com\/product\/yoast-seo-wordpress\/ -->\n<title>Sebasti\u00e3o Peixoto disputa cadeira \u00e0 C\u00e2mara -<\/title>\n<meta name=\"robots\" content=\"index, follow, max-snippet:-1, max-image-preview:large, max-video-preview:-1\" \/>\n<link rel=\"canonical\" href=\"https:\/\/renatodias.online\/movimento\/2023\/06\/22\/sebastiao-peixoto-disputa-cadeira-a-camara\/\" \/>\n<meta property=\"og:locale\" content=\"pt_BR\" \/>\n<meta property=\"og:type\" content=\"article\" \/>\n<meta property=\"og:title\" content=\"Sebasti\u00e3o Peixoto disputa cadeira \u00e0 C\u00e2mara -\" \/>\n<meta property=\"og:description\" content=\"Com um projeto contempor\u00e2neo da modernidade Renato Dias O suplente de vereador Sebasti\u00e3o Peixoto anuncia, hoje, ao Portal de Not\u00edcias, que concorrer\u00e1, em outubro do ano de 2024, as elei\u00e7\u00f5es \u00e0 C\u00e2mara Municipal de Goi\u00e2nia. Ele quer um gabinete itinerante. O ex-presidente do IMAS e da Agetul diz que Luiz In\u00e1cio Lula da Silva [PT]\" \/>\n<meta property=\"og:url\" content=\"https:\/\/renatodias.online\/movimento\/2023\/06\/22\/sebastiao-peixoto-disputa-cadeira-a-camara\/\" \/>\n<meta property=\"article:publisher\" content=\"https:\/\/www.facebook.com\/renato.dias.37\" \/>\n<meta property=\"article:author\" content=\"https:\/\/www.facebook.com\/renato.dias.37\" \/>\n<meta property=\"article:published_time\" content=\"2023-06-22T14:18:13+00:00\" \/>\n<meta property=\"article:modified_time\" content=\"2023-06-22T14:18:14+00:00\" \/>\n<meta property=\"og:image\" content=\"https:\/\/renatodias.online\/movimento\/wp-content\/uploads\/2021\/08\/Sebastiao-Peixoto-vereador-scaled-e1681695862194.jpg\" \/>\n\t<meta property=\"og:image:width\" content=\"800\" \/>\n\t<meta property=\"og:image:height\" content=\"533\" \/>\n\t<meta property=\"og:image:type\" content=\"image\/jpeg\" \/>\n<meta name=\"author\" content=\"Renato Dias\" \/>\n<meta name=\"twitter:card\" content=\"summary_large_image\" \/>\n<meta name=\"twitter:creator\" content=\"@RenatoDiasBat\" \/>\n<meta name=\"twitter:site\" content=\"@RenatoDiasBat\" \/>\n<meta name=\"twitter:label1\" content=\"Escrito por\" \/>\n\t<meta name=\"twitter:data1\" content=\"Renato Dias\" \/>\n\t<meta name=\"twitter:label2\" content=\"Est. tempo de leitura\" \/>\n\t<meta name=\"twitter:data2\" content=\"2 minutos\" \/>\n<script type=\"application\/ld+json\" class=\"yoast-schema-graph\">{\"@context\":\"https:\\\/\\\/schema.org\",\"@graph\":[{\"@type\":\"Article\",\"@id\":\"https:\\\/\\\/renatodias.online\\\/movimento\\\/2023\\\/06\\\/22\\\/sebastiao-peixoto-disputa-cadeira-a-camara\\\/#article\",\"isPartOf\":{\"@id\":\"https:\\\/\\\/renatodias.online\\\/movimento\\\/2023\\\/06\\\/22\\\/sebastiao-peixoto-disputa-cadeira-a-camara\\\/\"},\"author\":{\"name\":\"Renato Dias\",\"@id\":\"https:\\\/\\\/renatodias.online\\\/movimento\\\/#\\\/schema\\\/person\\\/bbab28833b1725a20f4083f49f1fb2a9\"},\"headline\":\"Sebasti\u00e3o Peixoto disputa cadeira \u00e0 C\u00e2mara\",\"datePublished\":\"2023-06-22T14:18:13+00:00\",\"dateModified\":\"2023-06-22T14:18:14+00:00\",\"mainEntityOfPage\":{\"@id\":\"https:\\\/\\\/renatodias.online\\\/movimento\\\/2023\\\/06\\\/22\\\/sebastiao-peixoto-disputa-cadeira-a-camara\\\/\"},\"wordCount\":166,\"commentCount\":0,\"publisher\":{\"@id\":\"https:\\\/\\\/renatodias.online\\\/movimento\\\/#\\\/schema\\\/person\\\/bbab28833b1725a20f4083f49f1fb2a9\"},\"image\":{\"@id\":\"https:\\\/\\\/renatodias.online\\\/movimento\\\/2023\\\/06\\\/22\\\/sebastiao-peixoto-disputa-cadeira-a-camara\\\/#primaryimage\"},\"thumbnailUrl\":\"https:\\\/\\\/renatodias.online\\\/movimento\\\/wp-content\\\/uploads\\\/2021\\\/08\\\/Sebastiao-Peixoto-vereador-scaled-e1681695862194.jpg\",\"articleSection\":[\"Cidade\"],\"inLanguage\":\"pt-BR\",\"potentialAction\":[{\"@type\":\"CommentAction\",\"name\":\"Comment\",\"target\":[\"https:\\\/\\\/renatodias.online\\\/movimento\\\/2023\\\/06\\\/22\\\/sebastiao-peixoto-disputa-cadeira-a-camara\\\/#respond\"]}]},{\"@type\":\"WebPage\",\"@id\":\"https:\\\/\\\/renatodias.online\\\/movimento\\\/2023\\\/06\\\/22\\\/sebastiao-peixoto-disputa-cadeira-a-camara\\\/\",\"url\":\"https:\\\/\\\/renatodias.online\\\/movimento\\\/2023\\\/06\\\/22\\\/sebastiao-peixoto-disputa-cadeira-a-camara\\\/\",\"name\":\"Sebasti\u00e3o Peixoto disputa cadeira \u00e0 C\u00e2mara -\",\"isPartOf\":{\"@id\":\"https:\\\/\\\/renatodias.online\\\/movimento\\\/#website\"},\"primaryImageOfPage\":{\"@id\":\"https:\\\/\\\/renatodias.online\\\/movimento\\\/2023\\\/06\\\/22\\\/sebastiao-peixoto-disputa-cadeira-a-camara\\\/#primaryimage\"},\"image\":{\"@id\":\"https:\\\/\\\/renatodias.online\\\/movimento\\\/2023\\\/06\\\/22\\\/sebastiao-peixoto-disputa-cadeira-a-camara\\\/#primaryimage\"},\"thumbnailUrl\":\"https:\\\/\\\/renatodias.online\\\/movimento\\\/wp-content\\\/uploads\\\/2021\\\/08\\\/Sebastiao-Peixoto-vereador-scaled-e1681695862194.jpg\",\"datePublished\":\"2023-06-22T14:18:13+00:00\",\"dateModified\":\"2023-06-22T14:18:14+00:00\",\"breadcrumb\":{\"@id\":\"https:\\\/\\\/renatodias.online\\\/movimento\\\/2023\\\/06\\\/22\\\/sebastiao-peixoto-disputa-cadeira-a-camara\\\/#breadcrumb\"},\"inLanguage\":\"pt-BR\",\"potentialAction\":[{\"@type\":\"ReadAction\",\"target\":[\"https:\\\/\\\/renatodias.online\\\/movimento\\\/2023\\\/06\\\/22\\\/sebastiao-peixoto-disputa-cadeira-a-camara\\\/\"]}]},{\"@type\":\"ImageObject\",\"inLanguage\":\"pt-BR\",\"@id\":\"https:\\\/\\\/renatodias.online\\\/movimento\\\/2023\\\/06\\\/22\\\/sebastiao-peixoto-disputa-cadeira-a-camara\\\/#primaryimage\",\"url\":\"https:\\\/\\\/renatodias.online\\\/movimento\\\/wp-content\\\/uploads\\\/2021\\\/08\\\/Sebastiao-Peixoto-vereador-scaled-e1681695862194.jpg\",\"contentUrl\":\"https:\\\/\\\/renatodias.online\\\/movimento\\\/wp-content\\\/uploads\\\/2021\\\/08\\\/Sebastiao-Peixoto-vereador-scaled-e1681695862194.jpg\",\"width\":800,\"height\":533,\"caption\":\"Sebasti\u00e3o Peixoto, suplente de vereador em Goi\u00e2nia\"},{\"@type\":\"BreadcrumbList\",\"@id\":\"https:\\\/\\\/renatodias.online\\\/movimento\\\/2023\\\/06\\\/22\\\/sebastiao-peixoto-disputa-cadeira-a-camara\\\/#breadcrumb\",\"itemListElement\":[{\"@type\":\"ListItem\",\"position\":1,\"name\":\"In\u00edcio\",\"item\":\"https:\\\/\\\/renatodias.online\\\/movimento\\\/\"},{\"@type\":\"ListItem\",\"position\":2,\"name\":\"Sebasti\u00e3o Peixoto disputa cadeira \u00e0 C\u00e2mara\"}]},{\"@type\":\"WebSite\",\"@id\":\"https:\\\/\\\/renatodias.online\\\/movimento\\\/#website\",\"url\":\"https:\\\/\\\/renatodias.online\\\/movimento\\\/\",\"name\":\"\",\"description\":\"\",\"publisher\":{\"@id\":\"https:\\\/\\\/renatodias.online\\\/movimento\\\/#\\\/schema\\\/person\\\/bbab28833b1725a20f4083f49f1fb2a9\"},\"potentialAction\":[{\"@type\":\"SearchAction\",\"target\":{\"@type\":\"EntryPoint\",\"urlTemplate\":\"https:\\\/\\\/renatodias.online\\\/movimento\\\/?s={search_term_string}\"},\"query-input\":{\"@type\":\"PropertyValueSpecification\",\"valueRequired\":true,\"valueName\":\"search_term_string\"}}],\"inLanguage\":\"pt-BR\"},{\"@type\":[\"Person\",\"Organization\"],\"@id\":\"https:\\\/\\\/renatodias.online\\\/movimento\\\/#\\\/schema\\\/person\\\/bbab28833b1725a20f4083f49f1fb2a9\",\"name\":\"Renato Dias\",\"image\":{\"@type\":\"ImageObject\",\"inLanguage\":\"pt-BR\",\"@id\":\"https:\\\/\\\/renatodias.online\\\/movimento\\\/wp-content\\\/uploads\\\/2023\\\/03\\\/cropped-cropped-cropped-logofinal.jpeg\",\"url\":\"https:\\\/\\\/renatodias.online\\\/movimento\\\/wp-content\\\/uploads\\\/2023\\\/03\\\/cropped-cropped-cropped-logofinal.jpeg\",\"contentUrl\":\"https:\\\/\\\/renatodias.online\\\/movimento\\\/wp-content\\\/uploads\\\/2023\\\/03\\\/cropped-cropped-cropped-logofinal.jpeg\",\"width\":1280,\"height\":219,\"caption\":\"Renato Dias\"},\"logo\":{\"@id\":\"https:\\\/\\\/renatodias.online\\\/movimento\\\/wp-content\\\/uploads\\\/2023\\\/03\\\/cropped-cropped-cropped-logofinal.jpeg\"},\"description\":\"Renato Dias, 58 anos, \u00e9 graduado em Jornalismo, formado em Ci\u00eancias Sociais, com p\u00f3s-gradua\u00e7\u00e3o em Pol\u00edticas P\u00fablicas, mestre em Direito e Rela\u00e7\u00f5es Internacionais, ex-aluno extraordin\u00e1rio do Doutorado em Psicologia Social, ex-estudante do Curso de Psican\u00e1lise do Centro de Estudos Psicanal\u00edticos do Estado de Goi\u00e1s, ministrado pelo m\u00e9dico psiquiatra e psicanalista Daniel Em\u00eddio de Souza. \u00c9 autor de 30 livros-reportagem, oito document\u00e1rios, ganhou 30 pr\u00eamios e \u00e9 torcedor apaixonado do maior do Centro-Oeste, o Vila Nova Futebol Clube. Casado com Meirilane Dias, \u00e9 pai de Juliana Dias, jornalista; Daniel Dias, economista; e Maria Rosa Dias, estudante antifascista, socialista e trotskista.\u00a0Com tr\u00eas pets: Porquinho [Bull Dog Franc\u00eas], Dalila [Basset Hound] e Geleia [Basset Hound]. Al\u00e9m do eterno gato Tutuquinho, que virou estrela.\",\"sameAs\":[\"https:\\\/\\\/www.facebook.com\\\/renato.dias.37\",\"#breve\",\"https:\\\/\\\/renatodias.tumblr.com\\\/\"],\"url\":\"https:\\\/\\\/renatodias.online\\\/movimento\\\/author\\\/renatodias\\\/\"}]}<\/script>\n<!-- \/ Yoast SEO plugin. -->","yoast_head_json":{"title":"Sebasti\u00e3o Peixoto disputa cadeira \u00e0 C\u00e2mara -","robots":{"index":"index","follow":"follow","max-snippet":"max-snippet:-1","max-image-preview":"max-image-preview:large","max-video-preview":"max-video-preview:-1"},"canonical":"https:\/\/renatodias.online\/movimento\/2023\/06\/22\/sebastiao-peixoto-disputa-cadeira-a-camara\/","og_locale":"pt_BR","og_type":"article","og_title":"Sebasti\u00e3o Peixoto disputa cadeira \u00e0 C\u00e2mara -","og_description":"Com um projeto contempor\u00e2neo da modernidade Renato Dias O suplente de vereador Sebasti\u00e3o Peixoto anuncia, hoje, ao Portal de Not\u00edcias, que concorrer\u00e1, em outubro do ano de 2024, as elei\u00e7\u00f5es \u00e0 C\u00e2mara Municipal de Goi\u00e2nia. Ele quer um gabinete itinerante. O ex-presidente do IMAS e da Agetul diz que Luiz In\u00e1cio Lula da Silva [PT]","og_url":"https:\/\/renatodias.online\/movimento\/2023\/06\/22\/sebastiao-peixoto-disputa-cadeira-a-camara\/","article_publisher":"https:\/\/www.facebook.com\/renato.dias.37","article_author":"https:\/\/www.facebook.com\/renato.dias.37","article_published_time":"2023-06-22T14:18:13+00:00","article_modified_time":"2023-06-22T14:18:14+00:00","og_image":[{"width":800,"height":533,"url":"https:\/\/renatodias.online\/movimento\/wp-content\/uploads\/2021\/08\/Sebastiao-Peixoto-vereador-scaled-e1681695862194.jpg","type":"image\/jpeg"}],"author":"Renato Dias","twitter_card":"summary_large_image","twitter_creator":"@RenatoDiasBat","twitter_site":"@RenatoDiasBat","twitter_misc":{"Escrito por":"Renato Dias","Est. tempo de leitura":"2 minutos"},"schema":{"@context":"https:\/\/schema.org","@graph":[{"@type":"Article","@id":"https:\/\/renatodias.online\/movimento\/2023\/06\/22\/sebastiao-peixoto-disputa-cadeira-a-camara\/#article","isPartOf":{"@id":"https:\/\/renatodias.online\/movimento\/2023\/06\/22\/sebastiao-peixoto-disputa-cadeira-a-camara\/"},"author":{"name":"Renato Dias","@id":"https:\/\/renatodias.online\/movimento\/#\/schema\/person\/bbab28833b1725a20f4083f49f1fb2a9"},"headline":"Sebasti\u00e3o Peixoto disputa cadeira \u00e0 C\u00e2mara","datePublished":"2023-06-22T14:18:13+00:00","dateModified":"2023-06-22T14:18:14+00:00","mainEntityOfPage":{"@id":"https:\/\/renatodias.online\/movimento\/2023\/06\/22\/sebastiao-peixoto-disputa-cadeira-a-camara\/"},"wordCount":166,"commentCount":0,"publisher":{"@id":"https:\/\/renatodias.online\/movimento\/#\/schema\/person\/bbab28833b1725a20f4083f49f1fb2a9"},"image":{"@id":"https:\/\/renatodias.online\/movimento\/2023\/06\/22\/sebastiao-peixoto-disputa-cadeira-a-camara\/#primaryimage"},"thumbnailUrl":"https:\/\/renatodias.online\/movimento\/wp-content\/uploads\/2021\/08\/Sebastiao-Peixoto-vereador-scaled-e1681695862194.jpg","articleSection":["Cidade"],"inLanguage":"pt-BR","potentialAction":[{"@type":"CommentAction","name":"Comment","target":["https:\/\/renatodias.online\/movimento\/2023\/06\/22\/sebastiao-peixoto-disputa-cadeira-a-camara\/#respond"]}]},{"@type":"WebPage","@id":"https:\/\/renatodias.online\/movimento\/2023\/06\/22\/sebastiao-peixoto-disputa-cadeira-a-camara\/","url":"https:\/\/renatodias.online\/movimento\/2023\/06\/22\/sebastiao-peixoto-disputa-cadeira-a-camara\/","name":"Sebasti\u00e3o Peixoto disputa cadeira \u00e0 C\u00e2mara -","isPartOf":{"@id":"https:\/\/renatodias.online\/movimento\/#website"},"primaryImageOfPage":{"@id":"https:\/\/renatodias.online\/movimento\/2023\/06\/22\/sebastiao-peixoto-disputa-cadeira-a-camara\/#primaryimage"},"image":{"@id":"https:\/\/renatodias.online\/movimento\/2023\/06\/22\/sebastiao-peixoto-disputa-cadeira-a-camara\/#primaryimage"},"thumbnailUrl":"https:\/\/renatodias.online\/movimento\/wp-content\/uploads\/2021\/08\/Sebastiao-Peixoto-vereador-scaled-e1681695862194.jpg","datePublished":"2023-06-22T14:18:13+00:00","dateModified":"2023-06-22T14:18:14+00:00","breadcrumb":{"@id":"https:\/\/renatodias.online\/movimento\/2023\/06\/22\/sebastiao-peixoto-disputa-cadeira-a-camara\/#breadcrumb"},"inLanguage":"pt-BR","potentialAction":[{"@type":"ReadAction","target":["https:\/\/renatodias.online\/movimento\/2023\/06\/22\/sebastiao-peixoto-disputa-cadeira-a-camara\/"]}]},{"@type":"ImageObject","inLanguage":"pt-BR","@id":"https:\/\/renatodias.online\/movimento\/2023\/06\/22\/sebastiao-peixoto-disputa-cadeira-a-camara\/#primaryimage","url":"https:\/\/renatodias.online\/movimento\/wp-content\/uploads\/2021\/08\/Sebastiao-Peixoto-vereador-scaled-e1681695862194.jpg","contentUrl":"https:\/\/renatodias.online\/movimento\/wp-content\/uploads\/2021\/08\/Sebastiao-Peixoto-vereador-scaled-e1681695862194.jpg","width":800,"height":533,"caption":"Sebasti\u00e3o Peixoto, suplente de vereador em Goi\u00e2nia"},{"@type":"BreadcrumbList","@id":"https:\/\/renatodias.online\/movimento\/2023\/06\/22\/sebastiao-peixoto-disputa-cadeira-a-camara\/#breadcrumb","itemListElement":[{"@type":"ListItem","position":1,"name":"In\u00edcio","item":"https:\/\/renatodias.online\/movimento\/"},{"@type":"ListItem","position":2,"name":"Sebasti\u00e3o Peixoto disputa cadeira \u00e0 C\u00e2mara"}]},{"@type":"WebSite","@id":"https:\/\/renatodias.online\/movimento\/#website","url":"https:\/\/renatodias.online\/movimento\/","name":"","description":"","publisher":{"@id":"https:\/\/renatodias.online\/movimento\/#\/schema\/person\/bbab28833b1725a20f4083f49f1fb2a9"},"potentialAction":[{"@type":"SearchAction","target":{"@type":"EntryPoint","urlTemplate":"https:\/\/renatodias.online\/movimento\/?s={search_term_string}"},"query-input":{"@type":"PropertyValueSpecification","valueRequired":true,"valueName":"search_term_string"}}],"inLanguage":"pt-BR"},{"@type":["Person","Organization"],"@id":"https:\/\/renatodias.online\/movimento\/#\/schema\/person\/bbab28833b1725a20f4083f49f1fb2a9","name":"Renato Dias","image":{"@type":"ImageObject","inLanguage":"pt-BR","@id":"https:\/\/renatodias.online\/movimento\/wp-content\/uploads\/2023\/03\/cropped-cropped-cropped-logofinal.jpeg","url":"https:\/\/renatodias.online\/movimento\/wp-content\/uploads\/2023\/03\/cropped-cropped-cropped-logofinal.jpeg","contentUrl":"https:\/\/renatodias.online\/movimento\/wp-content\/uploads\/2023\/03\/cropped-cropped-cropped-logofinal.jpeg","width":1280,"height":219,"caption":"Renato Dias"},"logo":{"@id":"https:\/\/renatodias.online\/movimento\/wp-content\/uploads\/2023\/03\/cropped-cropped-cropped-logofinal.jpeg"},"description":"Renato Dias, 58 anos, \u00e9 graduado em Jornalismo, formado em Ci\u00eancias Sociais, com p\u00f3s-gradua\u00e7\u00e3o em Pol\u00edticas P\u00fablicas, mestre em Direito e Rela\u00e7\u00f5es Internacionais, ex-aluno extraordin\u00e1rio do Doutorado em Psicologia Social, ex-estudante do Curso de Psican\u00e1lise do Centro de Estudos Psicanal\u00edticos do Estado de Goi\u00e1s, ministrado pelo m\u00e9dico psiquiatra e psicanalista Daniel Em\u00eddio de Souza. \u00c9 autor de 30 livros-reportagem, oito document\u00e1rios, ganhou 30 pr\u00eamios e \u00e9 torcedor apaixonado do maior do Centro-Oeste, o Vila Nova Futebol Clube. Casado com Meirilane Dias, \u00e9 pai de Juliana Dias, jornalista; Daniel Dias, economista; e Maria Rosa Dias, estudante antifascista, socialista e trotskista.\u00a0Com tr\u00eas pets: Porquinho [Bull Dog Franc\u00eas], Dalila [Basset Hound] e Geleia [Basset Hound]. Al\u00e9m do eterno gato Tutuquinho, que virou estrela.","sameAs":["https:\/\/www.facebook.com\/renato.dias.37","#breve","https:\/\/renatodias.tumblr.com\/"],"url":"https:\/\/renatodias.online\/movimento\/author\/renatodias\/"}]}},"_links":{"self":[{"href":"https:\/\/renatodias.online\/movimento\/wp-json\/wp\/v2\/posts\/17092","targetHints":{"allow":["GET"]}}],"collection":[{"href":"https:\/\/renatodias.online\/movimento\/wp-json\/wp\/v2\/posts"}],"about":[{"href":"https:\/\/renatodias.online\/movimento\/wp-json\/wp\/v2\/types\/post"}],"author":[{"embeddable":true,"href":"https:\/\/renatodias.online\/movimento\/wp-json\/wp\/v2\/users\/2"}],"replies":[{"embeddable":true,"href":"https:\/\/renatodias.online\/movimento\/wp-json\/wp\/v2\/comments?post=17092"}],"version-history":[{"count":1,"href":"https:\/\/renatodias.online\/movimento\/wp-json\/wp\/v2\/posts\/17092\/revisions"}],"predecessor-version":[{"id":17093,"href":"https:\/\/renatodias.online\/movimento\/wp-json\/wp\/v2\/posts\/17092\/revisions\/17093"}],"wp:featuredmedia":[{"embeddable":true,"href":"https:\/\/renatodias.online\/movimento\/wp-json\/wp\/v2\/media\/8500"}],"wp:attachment":[{"href":"https:\/\/renatodias.online\/movimento\/wp-json\/wp\/v2\/media?parent=17092"}],"wp:term":[{"taxonomy":"category","embeddable":true,"href":"https:\/\/renatodias.online\/movimento\/wp-json\/wp\/v2\/categories?post=17092"},{"taxonomy":"post_tag","embeddable":true,"href":"https:\/\/renatodias.online\/movimento\/wp-json\/wp\/v2\/tags?post=17092"}],"curies":[{"name":"wp","href":"https:\/\/api.w.org\/{rel}","templated":true}]}}