{"id":17079,"date":"2023-06-20T11:50:46","date_gmt":"2023-06-20T14:50:46","guid":{"rendered":"https:\/\/renatodias.online\/movimento\/?p=17079"},"modified":"2023-06-20T11:51:43","modified_gmt":"2023-06-20T14:51:43","slug":"influencer-brilha-em-brasilia","status":"publish","type":"post","link":"https:\/\/renatodias.online\/movimento\/2023\/06\/20\/influencer-brilha-em-brasilia\/","title":{"rendered":"<strong>Influencer brilha em Bras\u00edlia<\/strong>"},"content":{"rendered":"\n<figure class=\"wp-block-image aligncenter size-full\"><img loading=\"lazy\" decoding=\"async\" width=\"200\" height=\"200\" src=\"https:\/\/renatodias.online\/movimento\/wp-content\/uploads\/2021\/04\/Especial.jpg\" alt=\"\" class=\"wp-image-5929\" srcset=\"https:\/\/renatodias.online\/movimento\/wp-content\/uploads\/2021\/04\/Especial.jpg 200w, https:\/\/renatodias.online\/movimento\/wp-content\/uploads\/2021\/04\/Especial-150x150.jpg 150w\" sizes=\"auto, (max-width: 200px) 100vw, 200px\" \/><\/figure>\n\n\n\n<figure class=\"wp-block-image aligncenter size-full\"><img loading=\"lazy\" decoding=\"async\" width=\"297\" height=\"170\" src=\"https:\/\/renatodias.online\/movimento\/wp-content\/uploads\/2023\/06\/Sindrome-de-Down.jpg\" alt=\"\" class=\"wp-image-17080\" srcset=\"https:\/\/renatodias.online\/movimento\/wp-content\/uploads\/2023\/06\/Sindrome-de-Down.jpg 297w, https:\/\/renatodias.online\/movimento\/wp-content\/uploads\/2023\/06\/Sindrome-de-Down-150x86.jpg 150w\" sizes=\"auto, (max-width: 297px) 100vw, 297px\" \/><\/figure>\n\n\n\n<p class=\"has-text-align-center\"><strong><mark style=\"background-color:rgba(0, 0, 0, 0)\" class=\"has-inline-color has-vivid-red-color\">Renato Dias<\/mark><\/strong><\/p>\n\n\n\n<p>Um influenciador digital j\u00e1 com capilaridade nacional, <strong>Jo\u00e3o Vitor de Paiva Bittencourt [GO] proferiu uma palestra, em Bras\u00edlia [DF], a capital da Rep\u00fablica<\/strong>. Tema especial: a inclus\u00e3o social, no Brasil, das pessoas com defici\u00eancia [PCDs]. Em um f\u00f3rum da APAE.<\/p>\n\n\n\n<figure class=\"wp-block-image aligncenter size-full\"><img loading=\"lazy\" decoding=\"async\" width=\"300\" height=\"103\" src=\"https:\/\/renatodias.online\/movimento\/wp-content\/uploads\/2022\/08\/Saiba-mais-e1680139445250.png\" alt=\"\" class=\"wp-image-13698\" srcset=\"https:\/\/renatodias.online\/movimento\/wp-content\/uploads\/2022\/08\/Saiba-mais-e1680139445250.png 300w, https:\/\/renatodias.online\/movimento\/wp-content\/uploads\/2022\/08\/Saiba-mais-e1680139445250-150x52.png 150w\" sizes=\"auto, (max-width: 300px) 100vw, 300px\" \/><\/figure>\n\n\n\n<p>Veja: o encontro foi realizado no Hotel San Mar\u00e7o. O convite havia sido formulado pela diretoria nacional da institui\u00e7\u00e3o. Como por Jos\u00e9 Turozi, presidente, e H\u00e9lio Lopes, atual diretor financeiro da entidade. Ampla, a reuni\u00e3o abordou as&nbsp;<strong>pautas do movimento<\/strong>.<\/p>\n\n\n\n<figure class=\"wp-block-image aligncenter size-full\"><img loading=\"lazy\" decoding=\"async\" width=\"627\" height=\"400\" src=\"https:\/\/renatodias.online\/movimento\/wp-content\/uploads\/2023\/06\/Joao-Vitor-de-Paiva-Bittencourt.jpg\" alt=\"\" class=\"wp-image-17081\" srcset=\"https:\/\/renatodias.online\/movimento\/wp-content\/uploads\/2023\/06\/Joao-Vitor-de-Paiva-Bittencourt.jpg 627w, https:\/\/renatodias.online\/movimento\/wp-content\/uploads\/2023\/06\/Joao-Vitor-de-Paiva-Bittencourt-300x191.jpg 300w, https:\/\/renatodias.online\/movimento\/wp-content\/uploads\/2023\/06\/Joao-Vitor-de-Paiva-Bittencourt-150x96.jpg 150w\" sizes=\"auto, (max-width: 627px) 100vw, 627px\" \/><figcaption class=\"wp-element-caption\"><strong>Jo\u00e3o Vitor de Paiva Bittencourt<\/strong><\/figcaption><\/figure>\n\n\n\n<figure class=\"wp-block-image aligncenter size-full\"><img decoding=\"async\" src=\"https:\/\/renatodias.online\/movimento\/wp-content\/uploads\/2022\/08\/Raio-X-especial-e1680139645191.png\" alt=\"\" class=\"wp-image-13781\"\/><\/figure>\n\n\n\n<p>Estudante do quinto per\u00edodo do curso de Educa\u00e7\u00e3o F\u00edsica, da PUC Goi\u00e1s, Jo\u00e3o Vitor de Paiva Bittencourt&nbsp;reconstituiu a sua singular hist\u00f3ria pessoal de supera\u00e7\u00e3o, fez tamb\u00e9m <strong>a defesa da inclus\u00e3o social das PCDs e condenou a cultura do capacitismo<\/strong>.<\/p>\n\n\n\n<figure class=\"wp-block-image aligncenter size-full\"><img loading=\"lazy\" decoding=\"async\" width=\"800\" height=\"544\" src=\"https:\/\/renatodias.online\/movimento\/wp-content\/uploads\/2023\/04\/Joao-Vitor-Bittencourt-e-Romario-em-Brasilia-e1682534571134.png\" alt=\"\" class=\"wp-image-16543\" srcset=\"https:\/\/renatodias.online\/movimento\/wp-content\/uploads\/2023\/04\/Joao-Vitor-Bittencourt-e-Romario-em-Brasilia-e1682534571134.png 800w, https:\/\/renatodias.online\/movimento\/wp-content\/uploads\/2023\/04\/Joao-Vitor-Bittencourt-e-Romario-em-Brasilia-e1682534571134-300x204.png 300w, https:\/\/renatodias.online\/movimento\/wp-content\/uploads\/2023\/04\/Joao-Vitor-Bittencourt-e-Romario-em-Brasilia-e1682534571134-768x522.png 768w, https:\/\/renatodias.online\/movimento\/wp-content\/uploads\/2023\/04\/Joao-Vitor-Bittencourt-e-Romario-em-Brasilia-e1682534571134-150x102.png 150w\" sizes=\"auto, (max-width: 800px) 100vw, 800px\" \/><figcaption class=\"wp-element-caption\"><strong>Jo\u00e3o Vitor Bittencourt e Rom\u00e1rio, em Bras\u00edlia<\/strong><\/figcaption><\/figure>\n\n\n\n<figure class=\"wp-block-image aligncenter size-full\"><img decoding=\"async\" src=\"https:\/\/renatodias.online\/movimento\/wp-content\/uploads\/2023\/04\/Veja-e1680475225663.jpg\" alt=\"\" class=\"wp-image-16291\"\/><\/figure>\n\n\n\n<p>Acad\u00eamico, Jo\u00e3o Vitor de Paiva Bittencourt constitui u<strong>ma refer\u00eancia, uma prova<\/strong>, de que a pessoa com S\u00edndrome de Down com o real suporte da fam\u00edlia e a orienta\u00e7\u00e3o vocacional especializada pode construir uma vida com autonomia, hoje, discursou H\u00e9lio Lopes.<\/p>\n\n\n\n<figure class=\"wp-block-image aligncenter size-full\"><img loading=\"lazy\" decoding=\"async\" width=\"572\" height=\"931\" src=\"https:\/\/renatodias.online\/movimento\/wp-content\/uploads\/2023\/04\/Joao-Vitor-Bittencourt-no-Congresso-Nacional.png\" alt=\"\" class=\"wp-image-16544\" srcset=\"https:\/\/renatodias.online\/movimento\/wp-content\/uploads\/2023\/04\/Joao-Vitor-Bittencourt-no-Congresso-Nacional.png 572w, https:\/\/renatodias.online\/movimento\/wp-content\/uploads\/2023\/04\/Joao-Vitor-Bittencourt-no-Congresso-Nacional-184x300.png 184w, https:\/\/renatodias.online\/movimento\/wp-content\/uploads\/2023\/04\/Joao-Vitor-Bittencourt-no-Congresso-Nacional-150x244.png 150w\" sizes=\"auto, (max-width: 572px) 100vw, 572px\" \/><figcaption class=\"wp-element-caption\"><strong>Jo\u00e3o Vitor Bittencourt no Congresso Nacional<\/strong><\/figcaption><\/figure>\n\n\n\n<p><\/p>\n","protected":false},"excerpt":{"rendered":"<p>Renato Dias Um influenciador digital j\u00e1 com capilaridade nacional, Jo\u00e3o Vitor de Paiva Bittencourt [GO] proferiu uma palestra, em Bras\u00edlia [DF], a capital da Rep\u00fablica. Tema especial: a inclus\u00e3o social, no Brasil, das pessoas com defici\u00eancia [PCDs]. Em um f\u00f3rum da APAE. Veja: o encontro foi realizado no Hotel San Mar\u00e7o. O convite havia sido<\/p>\n","protected":false},"author":2,"featured_media":17082,"comment_status":"open","ping_status":"open","sticky":false,"template":"","format":"standard","meta":{"_acf_changed":false,"_monsterinsights_skip_tracking":false,"_monsterinsights_sitenote_active":false,"_monsterinsights_sitenote_note":"","_monsterinsights_sitenote_category":0,"footnotes":""},"categories":[35],"tags":[],"class_list":["post-17079","post","type-post","status-publish","format-standard","has-post-thumbnail","hentry","category-nacional"],"acf":[],"yoast_head":"<!-- This site is optimized with the Yoast SEO plugin v27.4 - https:\/\/yoast.com\/product\/yoast-seo-wordpress\/ -->\n<title>Influencer brilha em Bras\u00edlia -<\/title>\n<meta name=\"robots\" content=\"index, follow, max-snippet:-1, max-image-preview:large, max-video-preview:-1\" \/>\n<link rel=\"canonical\" href=\"https:\/\/renatodias.online\/movimento\/2023\/06\/20\/influencer-brilha-em-brasilia\/\" \/>\n<meta property=\"og:locale\" content=\"pt_BR\" \/>\n<meta property=\"og:type\" content=\"article\" \/>\n<meta property=\"og:title\" content=\"Influencer brilha em Bras\u00edlia -\" \/>\n<meta property=\"og:description\" content=\"Renato Dias Um influenciador digital j\u00e1 com capilaridade nacional, Jo\u00e3o Vitor de Paiva Bittencourt [GO] proferiu uma palestra, em Bras\u00edlia [DF], a capital da Rep\u00fablica. Tema especial: a inclus\u00e3o social, no Brasil, das pessoas com defici\u00eancia [PCDs]. Em um f\u00f3rum da APAE. Veja: o encontro foi realizado no Hotel San Mar\u00e7o. O convite havia sido\" \/>\n<meta property=\"og:url\" content=\"https:\/\/renatodias.online\/movimento\/2023\/06\/20\/influencer-brilha-em-brasilia\/\" \/>\n<meta property=\"article:publisher\" content=\"https:\/\/www.facebook.com\/renato.dias.37\" \/>\n<meta property=\"article:author\" content=\"https:\/\/www.facebook.com\/renato.dias.37\" \/>\n<meta property=\"article:published_time\" content=\"2023-06-20T14:50:46+00:00\" \/>\n<meta property=\"article:modified_time\" content=\"2023-06-20T14:51:43+00:00\" \/>\n<meta property=\"og:image\" content=\"https:\/\/renatodias.online\/movimento\/wp-content\/uploads\/2023\/06\/Joao-Vitor-de-Paiva.jpg\" \/>\n\t<meta property=\"og:image:width\" content=\"627\" \/>\n\t<meta property=\"og:image:height\" content=\"400\" \/>\n\t<meta property=\"og:image:type\" content=\"image\/jpeg\" \/>\n<meta name=\"author\" content=\"Renato Dias\" \/>\n<meta name=\"twitter:card\" content=\"summary_large_image\" \/>\n<meta name=\"twitter:creator\" content=\"@RenatoDiasBat\" \/>\n<meta name=\"twitter:site\" content=\"@RenatoDiasBat\" \/>\n<meta name=\"twitter:label1\" content=\"Escrito por\" \/>\n\t<meta name=\"twitter:data1\" content=\"Renato Dias\" \/>\n\t<meta name=\"twitter:label2\" content=\"Est. tempo de leitura\" \/>\n\t<meta name=\"twitter:data2\" content=\"3 minutos\" \/>\n<script type=\"application\/ld+json\" class=\"yoast-schema-graph\">{\"@context\":\"https:\\\/\\\/schema.org\",\"@graph\":[{\"@type\":\"Article\",\"@id\":\"https:\\\/\\\/renatodias.online\\\/movimento\\\/2023\\\/06\\\/20\\\/influencer-brilha-em-brasilia\\\/#article\",\"isPartOf\":{\"@id\":\"https:\\\/\\\/renatodias.online\\\/movimento\\\/2023\\\/06\\\/20\\\/influencer-brilha-em-brasilia\\\/\"},\"author\":{\"name\":\"Renato Dias\",\"@id\":\"https:\\\/\\\/renatodias.online\\\/movimento\\\/#\\\/schema\\\/person\\\/bbab28833b1725a20f4083f49f1fb2a9\"},\"headline\":\"Influencer brilha em Bras\u00edlia\",\"datePublished\":\"2023-06-20T14:50:46+00:00\",\"dateModified\":\"2023-06-20T14:51:43+00:00\",\"mainEntityOfPage\":{\"@id\":\"https:\\\/\\\/renatodias.online\\\/movimento\\\/2023\\\/06\\\/20\\\/influencer-brilha-em-brasilia\\\/\"},\"wordCount\":218,\"commentCount\":0,\"publisher\":{\"@id\":\"https:\\\/\\\/renatodias.online\\\/movimento\\\/#\\\/schema\\\/person\\\/bbab28833b1725a20f4083f49f1fb2a9\"},\"image\":{\"@id\":\"https:\\\/\\\/renatodias.online\\\/movimento\\\/2023\\\/06\\\/20\\\/influencer-brilha-em-brasilia\\\/#primaryimage\"},\"thumbnailUrl\":\"https:\\\/\\\/renatodias.online\\\/movimento\\\/wp-content\\\/uploads\\\/2023\\\/06\\\/Joao-Vitor-de-Paiva.jpg\",\"articleSection\":[\"Nacional\"],\"inLanguage\":\"pt-BR\",\"potentialAction\":[{\"@type\":\"CommentAction\",\"name\":\"Comment\",\"target\":[\"https:\\\/\\\/renatodias.online\\\/movimento\\\/2023\\\/06\\\/20\\\/influencer-brilha-em-brasilia\\\/#respond\"]}]},{\"@type\":\"WebPage\",\"@id\":\"https:\\\/\\\/renatodias.online\\\/movimento\\\/2023\\\/06\\\/20\\\/influencer-brilha-em-brasilia\\\/\",\"url\":\"https:\\\/\\\/renatodias.online\\\/movimento\\\/2023\\\/06\\\/20\\\/influencer-brilha-em-brasilia\\\/\",\"name\":\"Influencer brilha em Bras\u00edlia -\",\"isPartOf\":{\"@id\":\"https:\\\/\\\/renatodias.online\\\/movimento\\\/#website\"},\"primaryImageOfPage\":{\"@id\":\"https:\\\/\\\/renatodias.online\\\/movimento\\\/2023\\\/06\\\/20\\\/influencer-brilha-em-brasilia\\\/#primaryimage\"},\"image\":{\"@id\":\"https:\\\/\\\/renatodias.online\\\/movimento\\\/2023\\\/06\\\/20\\\/influencer-brilha-em-brasilia\\\/#primaryimage\"},\"thumbnailUrl\":\"https:\\\/\\\/renatodias.online\\\/movimento\\\/wp-content\\\/uploads\\\/2023\\\/06\\\/Joao-Vitor-de-Paiva.jpg\",\"datePublished\":\"2023-06-20T14:50:46+00:00\",\"dateModified\":\"2023-06-20T14:51:43+00:00\",\"breadcrumb\":{\"@id\":\"https:\\\/\\\/renatodias.online\\\/movimento\\\/2023\\\/06\\\/20\\\/influencer-brilha-em-brasilia\\\/#breadcrumb\"},\"inLanguage\":\"pt-BR\",\"potentialAction\":[{\"@type\":\"ReadAction\",\"target\":[\"https:\\\/\\\/renatodias.online\\\/movimento\\\/2023\\\/06\\\/20\\\/influencer-brilha-em-brasilia\\\/\"]}]},{\"@type\":\"ImageObject\",\"inLanguage\":\"pt-BR\",\"@id\":\"https:\\\/\\\/renatodias.online\\\/movimento\\\/2023\\\/06\\\/20\\\/influencer-brilha-em-brasilia\\\/#primaryimage\",\"url\":\"https:\\\/\\\/renatodias.online\\\/movimento\\\/wp-content\\\/uploads\\\/2023\\\/06\\\/Joao-Vitor-de-Paiva.jpg\",\"contentUrl\":\"https:\\\/\\\/renatodias.online\\\/movimento\\\/wp-content\\\/uploads\\\/2023\\\/06\\\/Joao-Vitor-de-Paiva.jpg\",\"width\":627,\"height\":400,\"caption\":\"Jo\u00e3o Vitor de Paiva Bittencourt\"},{\"@type\":\"BreadcrumbList\",\"@id\":\"https:\\\/\\\/renatodias.online\\\/movimento\\\/2023\\\/06\\\/20\\\/influencer-brilha-em-brasilia\\\/#breadcrumb\",\"itemListElement\":[{\"@type\":\"ListItem\",\"position\":1,\"name\":\"In\u00edcio\",\"item\":\"https:\\\/\\\/renatodias.online\\\/movimento\\\/\"},{\"@type\":\"ListItem\",\"position\":2,\"name\":\"Influencer brilha em Bras\u00edlia\"}]},{\"@type\":\"WebSite\",\"@id\":\"https:\\\/\\\/renatodias.online\\\/movimento\\\/#website\",\"url\":\"https:\\\/\\\/renatodias.online\\\/movimento\\\/\",\"name\":\"\",\"description\":\"\",\"publisher\":{\"@id\":\"https:\\\/\\\/renatodias.online\\\/movimento\\\/#\\\/schema\\\/person\\\/bbab28833b1725a20f4083f49f1fb2a9\"},\"potentialAction\":[{\"@type\":\"SearchAction\",\"target\":{\"@type\":\"EntryPoint\",\"urlTemplate\":\"https:\\\/\\\/renatodias.online\\\/movimento\\\/?s={search_term_string}\"},\"query-input\":{\"@type\":\"PropertyValueSpecification\",\"valueRequired\":true,\"valueName\":\"search_term_string\"}}],\"inLanguage\":\"pt-BR\"},{\"@type\":[\"Person\",\"Organization\"],\"@id\":\"https:\\\/\\\/renatodias.online\\\/movimento\\\/#\\\/schema\\\/person\\\/bbab28833b1725a20f4083f49f1fb2a9\",\"name\":\"Renato Dias\",\"image\":{\"@type\":\"ImageObject\",\"inLanguage\":\"pt-BR\",\"@id\":\"https:\\\/\\\/renatodias.online\\\/movimento\\\/wp-content\\\/uploads\\\/2023\\\/03\\\/cropped-cropped-cropped-logofinal.jpeg\",\"url\":\"https:\\\/\\\/renatodias.online\\\/movimento\\\/wp-content\\\/uploads\\\/2023\\\/03\\\/cropped-cropped-cropped-logofinal.jpeg\",\"contentUrl\":\"https:\\\/\\\/renatodias.online\\\/movimento\\\/wp-content\\\/uploads\\\/2023\\\/03\\\/cropped-cropped-cropped-logofinal.jpeg\",\"width\":1280,\"height\":219,\"caption\":\"Renato Dias\"},\"logo\":{\"@id\":\"https:\\\/\\\/renatodias.online\\\/movimento\\\/wp-content\\\/uploads\\\/2023\\\/03\\\/cropped-cropped-cropped-logofinal.jpeg\"},\"description\":\"Renato Dias, 58 anos, \u00e9 graduado em Jornalismo, formado em Ci\u00eancias Sociais, com p\u00f3s-gradua\u00e7\u00e3o em Pol\u00edticas P\u00fablicas, mestre em Direito e Rela\u00e7\u00f5es Internacionais, ex-aluno extraordin\u00e1rio do Doutorado em Psicologia Social, ex-estudante do Curso de Psican\u00e1lise do Centro de Estudos Psicanal\u00edticos do Estado de Goi\u00e1s, ministrado pelo m\u00e9dico psiquiatra e psicanalista Daniel Em\u00eddio de Souza. \u00c9 autor de 30 livros-reportagem, oito document\u00e1rios, ganhou 30 pr\u00eamios e \u00e9 torcedor apaixonado do maior do Centro-Oeste, o Vila Nova Futebol Clube. Casado com Meirilane Dias, \u00e9 pai de Juliana Dias, jornalista; Daniel Dias, economista; e Maria Rosa Dias, estudante antifascista, socialista e trotskista.\u00a0Com tr\u00eas pets: Porquinho [Bull Dog Franc\u00eas], Dalila [Basset Hound] e Geleia [Basset Hound]. Al\u00e9m do eterno gato Tutuquinho, que virou estrela.\",\"sameAs\":[\"https:\\\/\\\/www.facebook.com\\\/renato.dias.37\",\"#breve\",\"https:\\\/\\\/renatodias.tumblr.com\\\/\"],\"url\":\"https:\\\/\\\/renatodias.online\\\/movimento\\\/author\\\/renatodias\\\/\"}]}<\/script>\n<!-- \/ Yoast SEO plugin. -->","yoast_head_json":{"title":"Influencer brilha em Bras\u00edlia -","robots":{"index":"index","follow":"follow","max-snippet":"max-snippet:-1","max-image-preview":"max-image-preview:large","max-video-preview":"max-video-preview:-1"},"canonical":"https:\/\/renatodias.online\/movimento\/2023\/06\/20\/influencer-brilha-em-brasilia\/","og_locale":"pt_BR","og_type":"article","og_title":"Influencer brilha em Bras\u00edlia -","og_description":"Renato Dias Um influenciador digital j\u00e1 com capilaridade nacional, Jo\u00e3o Vitor de Paiva Bittencourt [GO] proferiu uma palestra, em Bras\u00edlia [DF], a capital da Rep\u00fablica. Tema especial: a inclus\u00e3o social, no Brasil, das pessoas com defici\u00eancia [PCDs]. Em um f\u00f3rum da APAE. Veja: o encontro foi realizado no Hotel San Mar\u00e7o. O convite havia sido","og_url":"https:\/\/renatodias.online\/movimento\/2023\/06\/20\/influencer-brilha-em-brasilia\/","article_publisher":"https:\/\/www.facebook.com\/renato.dias.37","article_author":"https:\/\/www.facebook.com\/renato.dias.37","article_published_time":"2023-06-20T14:50:46+00:00","article_modified_time":"2023-06-20T14:51:43+00:00","og_image":[{"width":627,"height":400,"url":"https:\/\/renatodias.online\/movimento\/wp-content\/uploads\/2023\/06\/Joao-Vitor-de-Paiva.jpg","type":"image\/jpeg"}],"author":"Renato Dias","twitter_card":"summary_large_image","twitter_creator":"@RenatoDiasBat","twitter_site":"@RenatoDiasBat","twitter_misc":{"Escrito por":"Renato Dias","Est. tempo de leitura":"3 minutos"},"schema":{"@context":"https:\/\/schema.org","@graph":[{"@type":"Article","@id":"https:\/\/renatodias.online\/movimento\/2023\/06\/20\/influencer-brilha-em-brasilia\/#article","isPartOf":{"@id":"https:\/\/renatodias.online\/movimento\/2023\/06\/20\/influencer-brilha-em-brasilia\/"},"author":{"name":"Renato Dias","@id":"https:\/\/renatodias.online\/movimento\/#\/schema\/person\/bbab28833b1725a20f4083f49f1fb2a9"},"headline":"Influencer brilha em Bras\u00edlia","datePublished":"2023-06-20T14:50:46+00:00","dateModified":"2023-06-20T14:51:43+00:00","mainEntityOfPage":{"@id":"https:\/\/renatodias.online\/movimento\/2023\/06\/20\/influencer-brilha-em-brasilia\/"},"wordCount":218,"commentCount":0,"publisher":{"@id":"https:\/\/renatodias.online\/movimento\/#\/schema\/person\/bbab28833b1725a20f4083f49f1fb2a9"},"image":{"@id":"https:\/\/renatodias.online\/movimento\/2023\/06\/20\/influencer-brilha-em-brasilia\/#primaryimage"},"thumbnailUrl":"https:\/\/renatodias.online\/movimento\/wp-content\/uploads\/2023\/06\/Joao-Vitor-de-Paiva.jpg","articleSection":["Nacional"],"inLanguage":"pt-BR","potentialAction":[{"@type":"CommentAction","name":"Comment","target":["https:\/\/renatodias.online\/movimento\/2023\/06\/20\/influencer-brilha-em-brasilia\/#respond"]}]},{"@type":"WebPage","@id":"https:\/\/renatodias.online\/movimento\/2023\/06\/20\/influencer-brilha-em-brasilia\/","url":"https:\/\/renatodias.online\/movimento\/2023\/06\/20\/influencer-brilha-em-brasilia\/","name":"Influencer brilha em Bras\u00edlia -","isPartOf":{"@id":"https:\/\/renatodias.online\/movimento\/#website"},"primaryImageOfPage":{"@id":"https:\/\/renatodias.online\/movimento\/2023\/06\/20\/influencer-brilha-em-brasilia\/#primaryimage"},"image":{"@id":"https:\/\/renatodias.online\/movimento\/2023\/06\/20\/influencer-brilha-em-brasilia\/#primaryimage"},"thumbnailUrl":"https:\/\/renatodias.online\/movimento\/wp-content\/uploads\/2023\/06\/Joao-Vitor-de-Paiva.jpg","datePublished":"2023-06-20T14:50:46+00:00","dateModified":"2023-06-20T14:51:43+00:00","breadcrumb":{"@id":"https:\/\/renatodias.online\/movimento\/2023\/06\/20\/influencer-brilha-em-brasilia\/#breadcrumb"},"inLanguage":"pt-BR","potentialAction":[{"@type":"ReadAction","target":["https:\/\/renatodias.online\/movimento\/2023\/06\/20\/influencer-brilha-em-brasilia\/"]}]},{"@type":"ImageObject","inLanguage":"pt-BR","@id":"https:\/\/renatodias.online\/movimento\/2023\/06\/20\/influencer-brilha-em-brasilia\/#primaryimage","url":"https:\/\/renatodias.online\/movimento\/wp-content\/uploads\/2023\/06\/Joao-Vitor-de-Paiva.jpg","contentUrl":"https:\/\/renatodias.online\/movimento\/wp-content\/uploads\/2023\/06\/Joao-Vitor-de-Paiva.jpg","width":627,"height":400,"caption":"Jo\u00e3o Vitor de Paiva Bittencourt"},{"@type":"BreadcrumbList","@id":"https:\/\/renatodias.online\/movimento\/2023\/06\/20\/influencer-brilha-em-brasilia\/#breadcrumb","itemListElement":[{"@type":"ListItem","position":1,"name":"In\u00edcio","item":"https:\/\/renatodias.online\/movimento\/"},{"@type":"ListItem","position":2,"name":"Influencer brilha em Bras\u00edlia"}]},{"@type":"WebSite","@id":"https:\/\/renatodias.online\/movimento\/#website","url":"https:\/\/renatodias.online\/movimento\/","name":"","description":"","publisher":{"@id":"https:\/\/renatodias.online\/movimento\/#\/schema\/person\/bbab28833b1725a20f4083f49f1fb2a9"},"potentialAction":[{"@type":"SearchAction","target":{"@type":"EntryPoint","urlTemplate":"https:\/\/renatodias.online\/movimento\/?s={search_term_string}"},"query-input":{"@type":"PropertyValueSpecification","valueRequired":true,"valueName":"search_term_string"}}],"inLanguage":"pt-BR"},{"@type":["Person","Organization"],"@id":"https:\/\/renatodias.online\/movimento\/#\/schema\/person\/bbab28833b1725a20f4083f49f1fb2a9","name":"Renato Dias","image":{"@type":"ImageObject","inLanguage":"pt-BR","@id":"https:\/\/renatodias.online\/movimento\/wp-content\/uploads\/2023\/03\/cropped-cropped-cropped-logofinal.jpeg","url":"https:\/\/renatodias.online\/movimento\/wp-content\/uploads\/2023\/03\/cropped-cropped-cropped-logofinal.jpeg","contentUrl":"https:\/\/renatodias.online\/movimento\/wp-content\/uploads\/2023\/03\/cropped-cropped-cropped-logofinal.jpeg","width":1280,"height":219,"caption":"Renato Dias"},"logo":{"@id":"https:\/\/renatodias.online\/movimento\/wp-content\/uploads\/2023\/03\/cropped-cropped-cropped-logofinal.jpeg"},"description":"Renato Dias, 58 anos, \u00e9 graduado em Jornalismo, formado em Ci\u00eancias Sociais, com p\u00f3s-gradua\u00e7\u00e3o em Pol\u00edticas P\u00fablicas, mestre em Direito e Rela\u00e7\u00f5es Internacionais, ex-aluno extraordin\u00e1rio do Doutorado em Psicologia Social, ex-estudante do Curso de Psican\u00e1lise do Centro de Estudos Psicanal\u00edticos do Estado de Goi\u00e1s, ministrado pelo m\u00e9dico psiquiatra e psicanalista Daniel Em\u00eddio de Souza. \u00c9 autor de 30 livros-reportagem, oito document\u00e1rios, ganhou 30 pr\u00eamios e \u00e9 torcedor apaixonado do maior do Centro-Oeste, o Vila Nova Futebol Clube. Casado com Meirilane Dias, \u00e9 pai de Juliana Dias, jornalista; Daniel Dias, economista; e Maria Rosa Dias, estudante antifascista, socialista e trotskista.\u00a0Com tr\u00eas pets: Porquinho [Bull Dog Franc\u00eas], Dalila [Basset Hound] e Geleia [Basset Hound]. Al\u00e9m do eterno gato Tutuquinho, que virou estrela.","sameAs":["https:\/\/www.facebook.com\/renato.dias.37","#breve","https:\/\/renatodias.tumblr.com\/"],"url":"https:\/\/renatodias.online\/movimento\/author\/renatodias\/"}]}},"_links":{"self":[{"href":"https:\/\/renatodias.online\/movimento\/wp-json\/wp\/v2\/posts\/17079","targetHints":{"allow":["GET"]}}],"collection":[{"href":"https:\/\/renatodias.online\/movimento\/wp-json\/wp\/v2\/posts"}],"about":[{"href":"https:\/\/renatodias.online\/movimento\/wp-json\/wp\/v2\/types\/post"}],"author":[{"embeddable":true,"href":"https:\/\/renatodias.online\/movimento\/wp-json\/wp\/v2\/users\/2"}],"replies":[{"embeddable":true,"href":"https:\/\/renatodias.online\/movimento\/wp-json\/wp\/v2\/comments?post=17079"}],"version-history":[{"count":2,"href":"https:\/\/renatodias.online\/movimento\/wp-json\/wp\/v2\/posts\/17079\/revisions"}],"predecessor-version":[{"id":17084,"href":"https:\/\/renatodias.online\/movimento\/wp-json\/wp\/v2\/posts\/17079\/revisions\/17084"}],"wp:featuredmedia":[{"embeddable":true,"href":"https:\/\/renatodias.online\/movimento\/wp-json\/wp\/v2\/media\/17082"}],"wp:attachment":[{"href":"https:\/\/renatodias.online\/movimento\/wp-json\/wp\/v2\/media?parent=17079"}],"wp:term":[{"taxonomy":"category","embeddable":true,"href":"https:\/\/renatodias.online\/movimento\/wp-json\/wp\/v2\/categories?post=17079"},{"taxonomy":"post_tag","embeddable":true,"href":"https:\/\/renatodias.online\/movimento\/wp-json\/wp\/v2\/tags?post=17079"}],"curies":[{"name":"wp","href":"https:\/\/api.w.org\/{rel}","templated":true}]}}