{"id":1707,"date":"2019-08-21T18:25:28","date_gmt":"2019-08-21T21:25:28","guid":{"rendered":"https:\/\/renatodias.online\/?p=1707"},"modified":"2019-09-07T01:09:09","modified_gmt":"2019-09-07T04:09:09","slug":"ja-em-setembro-sergio-lucas-anuncia-disputa-a-presidencia-do-pp-municipal","status":"publish","type":"post","link":"https:\/\/renatodias.online\/movimento\/2019\/08\/21\/ja-em-setembro-sergio-lucas-anuncia-disputa-a-presidencia-do-pp-municipal\/","title":{"rendered":"J\u00e1 em setembro S\u00e9rgio Lucas anuncia disputa \u00e0 presid\u00eancia do PP municipal"},"content":{"rendered":"<p>J\u00e1 em setembro<br \/>\nS\u00e9rgio Lucas anuncia disputa<br \/>\n\u00e0 presid\u00eancia do PP municipal<br \/>\nLiberal diz que Jair Bolsonaro acerta ao executar a Minirreforma Trabalhista, aprovar a Reforma da Previd\u00eancia, projetar Reforma Tribut\u00e1ria e anunciar o Programa de Privatiza\u00e7\u00e3o<\/p>\n<p>\u2018Operador do Direito e gestor p\u00fablico, liberal \u00e9 adepto das ideias de Friedrich Hayek e Ludwig von Mises, ambos da Escola de Economia de Viena, \u00c1ustria, assim como de Milton Friedman, \u00edcone da Escola de Chicago, nos Estados Unidos das Am\u00e9ricas [EUA]<\/p>\n<p>&nbsp;<\/p>\n<p>Renato Dias<br \/>\nO advogado, com especializa\u00e7\u00e3o em Pol\u00edtica Estrat\u00e9gica na Adesg, diretor da Ag\u00eancia Goiana de Regula\u00e7\u00e3o [AGR], S\u00e9rgio Borges Lucas, anuncia, hoje, a sua postula\u00e7\u00e3o \u00e0 presid\u00eancia do Partido Progressista. Em Goi\u00e2nia. A capital do Estado de Goi\u00e1s. Fundada por Pedro Ludovico Teixeira. Fundada nos c\u00e2nones da \u2018Art D\u00e9co\u2019. De inspira\u00e7\u00e3o francesa. Com o arquiteto e urbanista Att\u00edlio Correia Lima. A legenda deve escolher o novo titular do cargo. J\u00e1 em setembro. O ex-deputado federal, ex-deputado estadual e ex-vereador Sandes J\u00fanior preside o PP, hoje.<br \/>\n&#8211; Uma candidatura com um programa contempor\u00e2neo da modernidade. Para revolucionar Goi\u00e2nia. Com uma reengenharia de gest\u00e3o e administrativa. Focado nas elei\u00e7\u00f5es de 2020.<br \/>\nEstado M\u00ednimo<br \/>\nO operador do Direito e gestor p\u00fablico, liberal adepto das ideias de Friedrich Hayek e Ludwig von Mises, ambos da Escola de Economia de Viena, \u00c1ustria, assim como de Milton Friedman, da Escola de Chicago, nos Estados Unidos das Am\u00e9ricas [EUA], S\u00e9rgio Borges Lucas, aliado do inquilino da Casa Verde, Ronaldo Caiado, defende as medidas liberais adotadas pelo Pal\u00e1cio das Esmeraldas. Como a suspens\u00e3o e cortes nos benef\u00edcios fiscais, pol\u00edticas p\u00fablicas para ampliar a receita, reduzir o estoque da d\u00edvida do Estado e modernizar a m\u00e1quina p\u00fablica.<br \/>\n&#8211; Jair Bolsonaro acerta ao executar a Minirreforma Trabalhista, aprovar a Reforma da Previd\u00eancia, projetar a Reforma Tribut\u00e1ria e anunciar o Programa de Privatiza\u00e7\u00e3o.<\/p>\n","protected":false},"excerpt":{"rendered":"<p>J\u00e1 em setembro S\u00e9rgio Lucas anuncia disputa \u00e0 presid\u00eancia do PP municipal Liberal diz que Jair Bolsonaro acerta ao executar a Minirreforma Trabalhista, aprovar a Reforma da Previd\u00eancia, projetar Reforma Tribut\u00e1ria e anunciar o Programa de Privatiza\u00e7\u00e3o \u2018Operador do Direito e gestor p\u00fablico, liberal \u00e9 adepto das ideias de Friedrich Hayek e Ludwig von Mises,<\/p>\n","protected":false},"author":2,"featured_media":2240,"comment_status":"open","ping_status":"open","sticky":false,"template":"","format":"standard","meta":{"_acf_changed":false,"_monsterinsights_skip_tracking":false,"_monsterinsights_sitenote_active":false,"_monsterinsights_sitenote_note":"","_monsterinsights_sitenote_category":0,"footnotes":""},"categories":[4],"tags":[],"class_list":["post-1707","post","type-post","status-publish","format-standard","has-post-thumbnail","hentry","category-politica"],"acf":[],"yoast_head":"<!-- This site is optimized with the Yoast SEO plugin v27.4 - https:\/\/yoast.com\/product\/yoast-seo-wordpress\/ -->\n<title>J\u00e1 em setembro S\u00e9rgio Lucas anuncia disputa \u00e0 presid\u00eancia do PP municipal -<\/title>\n<meta name=\"robots\" content=\"index, follow, max-snippet:-1, max-image-preview:large, max-video-preview:-1\" \/>\n<link rel=\"canonical\" href=\"https:\/\/renatodias.online\/movimento\/2019\/08\/21\/ja-em-setembro-sergio-lucas-anuncia-disputa-a-presidencia-do-pp-municipal\/\" \/>\n<meta property=\"og:locale\" content=\"pt_BR\" \/>\n<meta property=\"og:type\" content=\"article\" \/>\n<meta property=\"og:title\" content=\"J\u00e1 em setembro S\u00e9rgio Lucas anuncia disputa \u00e0 presid\u00eancia do PP municipal -\" \/>\n<meta property=\"og:description\" content=\"J\u00e1 em setembro S\u00e9rgio Lucas anuncia disputa \u00e0 presid\u00eancia do PP municipal Liberal diz que Jair Bolsonaro acerta ao executar a Minirreforma Trabalhista, aprovar a Reforma da Previd\u00eancia, projetar Reforma Tribut\u00e1ria e anunciar o Programa de Privatiza\u00e7\u00e3o \u2018Operador do Direito e gestor p\u00fablico, liberal \u00e9 adepto das ideias de Friedrich Hayek e Ludwig von Mises,\" \/>\n<meta property=\"og:url\" content=\"https:\/\/renatodias.online\/movimento\/2019\/08\/21\/ja-em-setembro-sergio-lucas-anuncia-disputa-a-presidencia-do-pp-municipal\/\" \/>\n<meta property=\"article:publisher\" content=\"https:\/\/www.facebook.com\/renato.dias.37\" \/>\n<meta property=\"article:author\" content=\"https:\/\/www.facebook.com\/renato.dias.37\" \/>\n<meta property=\"article:published_time\" content=\"2019-08-21T21:25:28+00:00\" \/>\n<meta property=\"article:modified_time\" content=\"2019-09-07T04:09:09+00:00\" \/>\n<meta property=\"og:image\" content=\"https:\/\/renatodias.online\/movimento\/wp-content\/uploads\/2019\/08\/S\u00e9rgio-Borges-Lucas-advogado-e1656352740588.jpg\" \/>\n\t<meta property=\"og:image:width\" content=\"360\" \/>\n\t<meta property=\"og:image:height\" content=\"388\" \/>\n\t<meta property=\"og:image:type\" content=\"image\/jpeg\" \/>\n<meta name=\"author\" content=\"Renato Dias\" \/>\n<meta name=\"twitter:card\" content=\"summary_large_image\" \/>\n<meta name=\"twitter:creator\" content=\"@RenatoDiasBat\" \/>\n<meta name=\"twitter:site\" content=\"@RenatoDiasBat\" \/>\n<meta name=\"twitter:label1\" content=\"Escrito por\" \/>\n\t<meta name=\"twitter:data1\" content=\"Renato Dias\" \/>\n\t<meta name=\"twitter:label2\" content=\"Est. tempo de leitura\" \/>\n\t<meta name=\"twitter:data2\" content=\"2 minutos\" \/>\n<script type=\"application\/ld+json\" class=\"yoast-schema-graph\">{\"@context\":\"https:\\\/\\\/schema.org\",\"@graph\":[{\"@type\":\"Article\",\"@id\":\"https:\\\/\\\/renatodias.online\\\/movimento\\\/2019\\\/08\\\/21\\\/ja-em-setembro-sergio-lucas-anuncia-disputa-a-presidencia-do-pp-municipal\\\/#article\",\"isPartOf\":{\"@id\":\"https:\\\/\\\/renatodias.online\\\/movimento\\\/2019\\\/08\\\/21\\\/ja-em-setembro-sergio-lucas-anuncia-disputa-a-presidencia-do-pp-municipal\\\/\"},\"author\":{\"name\":\"Renato Dias\",\"@id\":\"https:\\\/\\\/renatodias.online\\\/movimento\\\/#\\\/schema\\\/person\\\/bbab28833b1725a20f4083f49f1fb2a9\"},\"headline\":\"J\u00e1 em setembro S\u00e9rgio Lucas anuncia disputa \u00e0 presid\u00eancia do PP municipal\",\"datePublished\":\"2019-08-21T21:25:28+00:00\",\"dateModified\":\"2019-09-07T04:09:09+00:00\",\"mainEntityOfPage\":{\"@id\":\"https:\\\/\\\/renatodias.online\\\/movimento\\\/2019\\\/08\\\/21\\\/ja-em-setembro-sergio-lucas-anuncia-disputa-a-presidencia-do-pp-municipal\\\/\"},\"wordCount\":353,\"commentCount\":0,\"publisher\":{\"@id\":\"https:\\\/\\\/renatodias.online\\\/movimento\\\/#\\\/schema\\\/person\\\/bbab28833b1725a20f4083f49f1fb2a9\"},\"image\":{\"@id\":\"https:\\\/\\\/renatodias.online\\\/movimento\\\/2019\\\/08\\\/21\\\/ja-em-setembro-sergio-lucas-anuncia-disputa-a-presidencia-do-pp-municipal\\\/#primaryimage\"},\"thumbnailUrl\":\"https:\\\/\\\/renatodias.online\\\/movimento\\\/wp-content\\\/uploads\\\/2019\\\/08\\\/S\u00e9rgio-Borges-Lucas-advogado-e1656352740588.jpg\",\"articleSection\":[\"Pol\u00edtica\"],\"inLanguage\":\"pt-BR\",\"potentialAction\":[{\"@type\":\"CommentAction\",\"name\":\"Comment\",\"target\":[\"https:\\\/\\\/renatodias.online\\\/movimento\\\/2019\\\/08\\\/21\\\/ja-em-setembro-sergio-lucas-anuncia-disputa-a-presidencia-do-pp-municipal\\\/#respond\"]}]},{\"@type\":\"WebPage\",\"@id\":\"https:\\\/\\\/renatodias.online\\\/movimento\\\/2019\\\/08\\\/21\\\/ja-em-setembro-sergio-lucas-anuncia-disputa-a-presidencia-do-pp-municipal\\\/\",\"url\":\"https:\\\/\\\/renatodias.online\\\/movimento\\\/2019\\\/08\\\/21\\\/ja-em-setembro-sergio-lucas-anuncia-disputa-a-presidencia-do-pp-municipal\\\/\",\"name\":\"J\u00e1 em setembro S\u00e9rgio Lucas anuncia disputa \u00e0 presid\u00eancia do PP municipal -\",\"isPartOf\":{\"@id\":\"https:\\\/\\\/renatodias.online\\\/movimento\\\/#website\"},\"primaryImageOfPage\":{\"@id\":\"https:\\\/\\\/renatodias.online\\\/movimento\\\/2019\\\/08\\\/21\\\/ja-em-setembro-sergio-lucas-anuncia-disputa-a-presidencia-do-pp-municipal\\\/#primaryimage\"},\"image\":{\"@id\":\"https:\\\/\\\/renatodias.online\\\/movimento\\\/2019\\\/08\\\/21\\\/ja-em-setembro-sergio-lucas-anuncia-disputa-a-presidencia-do-pp-municipal\\\/#primaryimage\"},\"thumbnailUrl\":\"https:\\\/\\\/renatodias.online\\\/movimento\\\/wp-content\\\/uploads\\\/2019\\\/08\\\/S\u00e9rgio-Borges-Lucas-advogado-e1656352740588.jpg\",\"datePublished\":\"2019-08-21T21:25:28+00:00\",\"dateModified\":\"2019-09-07T04:09:09+00:00\",\"breadcrumb\":{\"@id\":\"https:\\\/\\\/renatodias.online\\\/movimento\\\/2019\\\/08\\\/21\\\/ja-em-setembro-sergio-lucas-anuncia-disputa-a-presidencia-do-pp-municipal\\\/#breadcrumb\"},\"inLanguage\":\"pt-BR\",\"potentialAction\":[{\"@type\":\"ReadAction\",\"target\":[\"https:\\\/\\\/renatodias.online\\\/movimento\\\/2019\\\/08\\\/21\\\/ja-em-setembro-sergio-lucas-anuncia-disputa-a-presidencia-do-pp-municipal\\\/\"]}]},{\"@type\":\"ImageObject\",\"inLanguage\":\"pt-BR\",\"@id\":\"https:\\\/\\\/renatodias.online\\\/movimento\\\/2019\\\/08\\\/21\\\/ja-em-setembro-sergio-lucas-anuncia-disputa-a-presidencia-do-pp-municipal\\\/#primaryimage\",\"url\":\"https:\\\/\\\/renatodias.online\\\/movimento\\\/wp-content\\\/uploads\\\/2019\\\/08\\\/S\u00e9rgio-Borges-Lucas-advogado-e1656352740588.jpg\",\"contentUrl\":\"https:\\\/\\\/renatodias.online\\\/movimento\\\/wp-content\\\/uploads\\\/2019\\\/08\\\/S\u00e9rgio-Borges-Lucas-advogado-e1656352740588.jpg\",\"width\":360,\"height\":388,\"caption\":\"S\u00e9rgio Borges Lucas, advogado\"},{\"@type\":\"BreadcrumbList\",\"@id\":\"https:\\\/\\\/renatodias.online\\\/movimento\\\/2019\\\/08\\\/21\\\/ja-em-setembro-sergio-lucas-anuncia-disputa-a-presidencia-do-pp-municipal\\\/#breadcrumb\",\"itemListElement\":[{\"@type\":\"ListItem\",\"position\":1,\"name\":\"In\u00edcio\",\"item\":\"https:\\\/\\\/renatodias.online\\\/movimento\\\/\"},{\"@type\":\"ListItem\",\"position\":2,\"name\":\"J\u00e1 em setembro S\u00e9rgio Lucas anuncia disputa \u00e0 presid\u00eancia do PP municipal\"}]},{\"@type\":\"WebSite\",\"@id\":\"https:\\\/\\\/renatodias.online\\\/movimento\\\/#website\",\"url\":\"https:\\\/\\\/renatodias.online\\\/movimento\\\/\",\"name\":\"\",\"description\":\"\",\"publisher\":{\"@id\":\"https:\\\/\\\/renatodias.online\\\/movimento\\\/#\\\/schema\\\/person\\\/bbab28833b1725a20f4083f49f1fb2a9\"},\"potentialAction\":[{\"@type\":\"SearchAction\",\"target\":{\"@type\":\"EntryPoint\",\"urlTemplate\":\"https:\\\/\\\/renatodias.online\\\/movimento\\\/?s={search_term_string}\"},\"query-input\":{\"@type\":\"PropertyValueSpecification\",\"valueRequired\":true,\"valueName\":\"search_term_string\"}}],\"inLanguage\":\"pt-BR\"},{\"@type\":[\"Person\",\"Organization\"],\"@id\":\"https:\\\/\\\/renatodias.online\\\/movimento\\\/#\\\/schema\\\/person\\\/bbab28833b1725a20f4083f49f1fb2a9\",\"name\":\"Renato Dias\",\"image\":{\"@type\":\"ImageObject\",\"inLanguage\":\"pt-BR\",\"@id\":\"https:\\\/\\\/renatodias.online\\\/movimento\\\/wp-content\\\/uploads\\\/2023\\\/03\\\/cropped-cropped-cropped-logofinal.jpeg\",\"url\":\"https:\\\/\\\/renatodias.online\\\/movimento\\\/wp-content\\\/uploads\\\/2023\\\/03\\\/cropped-cropped-cropped-logofinal.jpeg\",\"contentUrl\":\"https:\\\/\\\/renatodias.online\\\/movimento\\\/wp-content\\\/uploads\\\/2023\\\/03\\\/cropped-cropped-cropped-logofinal.jpeg\",\"width\":1280,\"height\":219,\"caption\":\"Renato Dias\"},\"logo\":{\"@id\":\"https:\\\/\\\/renatodias.online\\\/movimento\\\/wp-content\\\/uploads\\\/2023\\\/03\\\/cropped-cropped-cropped-logofinal.jpeg\"},\"description\":\"Renato Dias, 58 anos, \u00e9 graduado em Jornalismo, formado em Ci\u00eancias Sociais, com p\u00f3s-gradua\u00e7\u00e3o em Pol\u00edticas P\u00fablicas, mestre em Direito e Rela\u00e7\u00f5es Internacionais, ex-aluno extraordin\u00e1rio do Doutorado em Psicologia Social, ex-estudante do Curso de Psican\u00e1lise do Centro de Estudos Psicanal\u00edticos do Estado de Goi\u00e1s, ministrado pelo m\u00e9dico psiquiatra e psicanalista Daniel Em\u00eddio de Souza. \u00c9 autor de 30 livros-reportagem, oito document\u00e1rios, ganhou 30 pr\u00eamios e \u00e9 torcedor apaixonado do maior do Centro-Oeste, o Vila Nova Futebol Clube. Casado com Meirilane Dias, \u00e9 pai de Juliana Dias, jornalista; Daniel Dias, economista; e Maria Rosa Dias, estudante antifascista, socialista e trotskista.\u00a0Com tr\u00eas pets: Porquinho [Bull Dog Franc\u00eas], Dalila [Basset Hound] e Geleia [Basset Hound]. Al\u00e9m do eterno gato Tutuquinho, que virou estrela.\",\"sameAs\":[\"https:\\\/\\\/www.facebook.com\\\/renato.dias.37\",\"#breve\",\"https:\\\/\\\/renatodias.tumblr.com\\\/\"],\"url\":\"https:\\\/\\\/renatodias.online\\\/movimento\\\/author\\\/renatodias\\\/\"}]}<\/script>\n<!-- \/ Yoast SEO plugin. -->","yoast_head_json":{"title":"J\u00e1 em setembro S\u00e9rgio Lucas anuncia disputa \u00e0 presid\u00eancia do PP municipal -","robots":{"index":"index","follow":"follow","max-snippet":"max-snippet:-1","max-image-preview":"max-image-preview:large","max-video-preview":"max-video-preview:-1"},"canonical":"https:\/\/renatodias.online\/movimento\/2019\/08\/21\/ja-em-setembro-sergio-lucas-anuncia-disputa-a-presidencia-do-pp-municipal\/","og_locale":"pt_BR","og_type":"article","og_title":"J\u00e1 em setembro S\u00e9rgio Lucas anuncia disputa \u00e0 presid\u00eancia do PP municipal -","og_description":"J\u00e1 em setembro S\u00e9rgio Lucas anuncia disputa \u00e0 presid\u00eancia do PP municipal Liberal diz que Jair Bolsonaro acerta ao executar a Minirreforma Trabalhista, aprovar a Reforma da Previd\u00eancia, projetar Reforma Tribut\u00e1ria e anunciar o Programa de Privatiza\u00e7\u00e3o \u2018Operador do Direito e gestor p\u00fablico, liberal \u00e9 adepto das ideias de Friedrich Hayek e Ludwig von Mises,","og_url":"https:\/\/renatodias.online\/movimento\/2019\/08\/21\/ja-em-setembro-sergio-lucas-anuncia-disputa-a-presidencia-do-pp-municipal\/","article_publisher":"https:\/\/www.facebook.com\/renato.dias.37","article_author":"https:\/\/www.facebook.com\/renato.dias.37","article_published_time":"2019-08-21T21:25:28+00:00","article_modified_time":"2019-09-07T04:09:09+00:00","og_image":[{"width":360,"height":388,"url":"https:\/\/renatodias.online\/movimento\/wp-content\/uploads\/2019\/08\/S\u00e9rgio-Borges-Lucas-advogado-e1656352740588.jpg","type":"image\/jpeg"}],"author":"Renato Dias","twitter_card":"summary_large_image","twitter_creator":"@RenatoDiasBat","twitter_site":"@RenatoDiasBat","twitter_misc":{"Escrito por":"Renato Dias","Est. tempo de leitura":"2 minutos"},"schema":{"@context":"https:\/\/schema.org","@graph":[{"@type":"Article","@id":"https:\/\/renatodias.online\/movimento\/2019\/08\/21\/ja-em-setembro-sergio-lucas-anuncia-disputa-a-presidencia-do-pp-municipal\/#article","isPartOf":{"@id":"https:\/\/renatodias.online\/movimento\/2019\/08\/21\/ja-em-setembro-sergio-lucas-anuncia-disputa-a-presidencia-do-pp-municipal\/"},"author":{"name":"Renato Dias","@id":"https:\/\/renatodias.online\/movimento\/#\/schema\/person\/bbab28833b1725a20f4083f49f1fb2a9"},"headline":"J\u00e1 em setembro S\u00e9rgio Lucas anuncia disputa \u00e0 presid\u00eancia do PP municipal","datePublished":"2019-08-21T21:25:28+00:00","dateModified":"2019-09-07T04:09:09+00:00","mainEntityOfPage":{"@id":"https:\/\/renatodias.online\/movimento\/2019\/08\/21\/ja-em-setembro-sergio-lucas-anuncia-disputa-a-presidencia-do-pp-municipal\/"},"wordCount":353,"commentCount":0,"publisher":{"@id":"https:\/\/renatodias.online\/movimento\/#\/schema\/person\/bbab28833b1725a20f4083f49f1fb2a9"},"image":{"@id":"https:\/\/renatodias.online\/movimento\/2019\/08\/21\/ja-em-setembro-sergio-lucas-anuncia-disputa-a-presidencia-do-pp-municipal\/#primaryimage"},"thumbnailUrl":"https:\/\/renatodias.online\/movimento\/wp-content\/uploads\/2019\/08\/S\u00e9rgio-Borges-Lucas-advogado-e1656352740588.jpg","articleSection":["Pol\u00edtica"],"inLanguage":"pt-BR","potentialAction":[{"@type":"CommentAction","name":"Comment","target":["https:\/\/renatodias.online\/movimento\/2019\/08\/21\/ja-em-setembro-sergio-lucas-anuncia-disputa-a-presidencia-do-pp-municipal\/#respond"]}]},{"@type":"WebPage","@id":"https:\/\/renatodias.online\/movimento\/2019\/08\/21\/ja-em-setembro-sergio-lucas-anuncia-disputa-a-presidencia-do-pp-municipal\/","url":"https:\/\/renatodias.online\/movimento\/2019\/08\/21\/ja-em-setembro-sergio-lucas-anuncia-disputa-a-presidencia-do-pp-municipal\/","name":"J\u00e1 em setembro S\u00e9rgio Lucas anuncia disputa \u00e0 presid\u00eancia do PP municipal -","isPartOf":{"@id":"https:\/\/renatodias.online\/movimento\/#website"},"primaryImageOfPage":{"@id":"https:\/\/renatodias.online\/movimento\/2019\/08\/21\/ja-em-setembro-sergio-lucas-anuncia-disputa-a-presidencia-do-pp-municipal\/#primaryimage"},"image":{"@id":"https:\/\/renatodias.online\/movimento\/2019\/08\/21\/ja-em-setembro-sergio-lucas-anuncia-disputa-a-presidencia-do-pp-municipal\/#primaryimage"},"thumbnailUrl":"https:\/\/renatodias.online\/movimento\/wp-content\/uploads\/2019\/08\/S\u00e9rgio-Borges-Lucas-advogado-e1656352740588.jpg","datePublished":"2019-08-21T21:25:28+00:00","dateModified":"2019-09-07T04:09:09+00:00","breadcrumb":{"@id":"https:\/\/renatodias.online\/movimento\/2019\/08\/21\/ja-em-setembro-sergio-lucas-anuncia-disputa-a-presidencia-do-pp-municipal\/#breadcrumb"},"inLanguage":"pt-BR","potentialAction":[{"@type":"ReadAction","target":["https:\/\/renatodias.online\/movimento\/2019\/08\/21\/ja-em-setembro-sergio-lucas-anuncia-disputa-a-presidencia-do-pp-municipal\/"]}]},{"@type":"ImageObject","inLanguage":"pt-BR","@id":"https:\/\/renatodias.online\/movimento\/2019\/08\/21\/ja-em-setembro-sergio-lucas-anuncia-disputa-a-presidencia-do-pp-municipal\/#primaryimage","url":"https:\/\/renatodias.online\/movimento\/wp-content\/uploads\/2019\/08\/S\u00e9rgio-Borges-Lucas-advogado-e1656352740588.jpg","contentUrl":"https:\/\/renatodias.online\/movimento\/wp-content\/uploads\/2019\/08\/S\u00e9rgio-Borges-Lucas-advogado-e1656352740588.jpg","width":360,"height":388,"caption":"S\u00e9rgio Borges Lucas, advogado"},{"@type":"BreadcrumbList","@id":"https:\/\/renatodias.online\/movimento\/2019\/08\/21\/ja-em-setembro-sergio-lucas-anuncia-disputa-a-presidencia-do-pp-municipal\/#breadcrumb","itemListElement":[{"@type":"ListItem","position":1,"name":"In\u00edcio","item":"https:\/\/renatodias.online\/movimento\/"},{"@type":"ListItem","position":2,"name":"J\u00e1 em setembro S\u00e9rgio Lucas anuncia disputa \u00e0 presid\u00eancia do PP municipal"}]},{"@type":"WebSite","@id":"https:\/\/renatodias.online\/movimento\/#website","url":"https:\/\/renatodias.online\/movimento\/","name":"","description":"","publisher":{"@id":"https:\/\/renatodias.online\/movimento\/#\/schema\/person\/bbab28833b1725a20f4083f49f1fb2a9"},"potentialAction":[{"@type":"SearchAction","target":{"@type":"EntryPoint","urlTemplate":"https:\/\/renatodias.online\/movimento\/?s={search_term_string}"},"query-input":{"@type":"PropertyValueSpecification","valueRequired":true,"valueName":"search_term_string"}}],"inLanguage":"pt-BR"},{"@type":["Person","Organization"],"@id":"https:\/\/renatodias.online\/movimento\/#\/schema\/person\/bbab28833b1725a20f4083f49f1fb2a9","name":"Renato Dias","image":{"@type":"ImageObject","inLanguage":"pt-BR","@id":"https:\/\/renatodias.online\/movimento\/wp-content\/uploads\/2023\/03\/cropped-cropped-cropped-logofinal.jpeg","url":"https:\/\/renatodias.online\/movimento\/wp-content\/uploads\/2023\/03\/cropped-cropped-cropped-logofinal.jpeg","contentUrl":"https:\/\/renatodias.online\/movimento\/wp-content\/uploads\/2023\/03\/cropped-cropped-cropped-logofinal.jpeg","width":1280,"height":219,"caption":"Renato Dias"},"logo":{"@id":"https:\/\/renatodias.online\/movimento\/wp-content\/uploads\/2023\/03\/cropped-cropped-cropped-logofinal.jpeg"},"description":"Renato Dias, 58 anos, \u00e9 graduado em Jornalismo, formado em Ci\u00eancias Sociais, com p\u00f3s-gradua\u00e7\u00e3o em Pol\u00edticas P\u00fablicas, mestre em Direito e Rela\u00e7\u00f5es Internacionais, ex-aluno extraordin\u00e1rio do Doutorado em Psicologia Social, ex-estudante do Curso de Psican\u00e1lise do Centro de Estudos Psicanal\u00edticos do Estado de Goi\u00e1s, ministrado pelo m\u00e9dico psiquiatra e psicanalista Daniel Em\u00eddio de Souza. \u00c9 autor de 30 livros-reportagem, oito document\u00e1rios, ganhou 30 pr\u00eamios e \u00e9 torcedor apaixonado do maior do Centro-Oeste, o Vila Nova Futebol Clube. Casado com Meirilane Dias, \u00e9 pai de Juliana Dias, jornalista; Daniel Dias, economista; e Maria Rosa Dias, estudante antifascista, socialista e trotskista.\u00a0Com tr\u00eas pets: Porquinho [Bull Dog Franc\u00eas], Dalila [Basset Hound] e Geleia [Basset Hound]. Al\u00e9m do eterno gato Tutuquinho, que virou estrela.","sameAs":["https:\/\/www.facebook.com\/renato.dias.37","#breve","https:\/\/renatodias.tumblr.com\/"],"url":"https:\/\/renatodias.online\/movimento\/author\/renatodias\/"}]}},"_links":{"self":[{"href":"https:\/\/renatodias.online\/movimento\/wp-json\/wp\/v2\/posts\/1707","targetHints":{"allow":["GET"]}}],"collection":[{"href":"https:\/\/renatodias.online\/movimento\/wp-json\/wp\/v2\/posts"}],"about":[{"href":"https:\/\/renatodias.online\/movimento\/wp-json\/wp\/v2\/types\/post"}],"author":[{"embeddable":true,"href":"https:\/\/renatodias.online\/movimento\/wp-json\/wp\/v2\/users\/2"}],"replies":[{"embeddable":true,"href":"https:\/\/renatodias.online\/movimento\/wp-json\/wp\/v2\/comments?post=1707"}],"version-history":[{"count":1,"href":"https:\/\/renatodias.online\/movimento\/wp-json\/wp\/v2\/posts\/1707\/revisions"}],"predecessor-version":[{"id":2241,"href":"https:\/\/renatodias.online\/movimento\/wp-json\/wp\/v2\/posts\/1707\/revisions\/2241"}],"wp:featuredmedia":[{"embeddable":true,"href":"https:\/\/renatodias.online\/movimento\/wp-json\/wp\/v2\/media\/2240"}],"wp:attachment":[{"href":"https:\/\/renatodias.online\/movimento\/wp-json\/wp\/v2\/media?parent=1707"}],"wp:term":[{"taxonomy":"category","embeddable":true,"href":"https:\/\/renatodias.online\/movimento\/wp-json\/wp\/v2\/categories?post=1707"},{"taxonomy":"post_tag","embeddable":true,"href":"https:\/\/renatodias.online\/movimento\/wp-json\/wp\/v2\/tags?post=1707"}],"curies":[{"name":"wp","href":"https:\/\/api.w.org\/{rel}","templated":true}]}}