{"id":1704,"date":"2019-08-21T18:22:34","date_gmt":"2019-08-21T21:22:34","guid":{"rendered":"https:\/\/renatodias.online\/?p=1704"},"modified":"2019-09-07T01:20:20","modified_gmt":"2019-09-07T04:20:20","slug":"criticas-ao-mp-jardel-sebba-veta-frota-e-ja-condena-nomeacao-aos-eua","status":"publish","type":"post","link":"https:\/\/renatodias.online\/movimento\/2019\/08\/21\/criticas-ao-mp-jardel-sebba-veta-frota-e-ja-condena-nomeacao-aos-eua\/","title":{"rendered":"Cr\u00edticas ao MP Jardel Sebba veta Frota e j\u00e1 condena nomea\u00e7\u00e3o aos EUA"},"content":{"rendered":"<p>Cr\u00edticas ao MP<br \/>\nJardel Sebba veta Frota e j\u00e1<br \/>\ncondena nomea\u00e7\u00e3o aos EUA<br \/>\nEx-presidente da Assembleia Legislativa quer o direito ao contradit\u00f3rio a A\u00e9cio Neves, v\u00ea desrespeito \u00e0 liturgia do cargo no MP, formula cr\u00edticas a Joao D\u00f3ria e diagnostica \u2018Centr\u00e3o\u2019<\/p>\n<p>&nbsp;<\/p>\n<p>Renato Dias<br \/>\nO ex-presidente da Assembleia Legislativa do Estado de Goi\u00e1s Jardel Sebba condena o ingresso, no PSDB, do deputado federal expulso do PSL Alexandre Frota [SP], ex \u2013 ator porn\u00f4. \u00c9 uma aberra\u00e7\u00e3o, atira. A sua filia\u00e7\u00e3o denigre a imagem da legenda, acredita. Governador interino, por duas vezes, em Goi\u00e1s, o l\u00edder tucano rejeita a indica\u00e7\u00e3o do presidente da Rep\u00fablica, Jair Messias Bolsonaro [PSL], de seu filho Eduardo Bolsonaro [PSL] para a Embaixada do Brasil, nos Estados Unidos das Am\u00e9ricas [EUA]. Lament\u00e1vel, explica o dirigente.<br \/>\n&#8211; A\u00e9cio Neves merece o direito ao contr\u00e1rio, de aguardar a senten\u00e7a do Poder Judici\u00e1rio, em primeira e em segunda inst\u00e2ncia, e n\u00e3o deveria ser expulso, hoje, de forma sum\u00e1ria.<br \/>\nCr\u00edtico, o m\u00e9dico e propriet\u00e1rio rural, ex-deputado estadual por quatro mandatos, ex-prefeito de Catal\u00e3o, condena o que classifica como uma \u2018amplia\u00e7\u00e3o inconstitucional\u2019 das atribui\u00e7\u00f5es do Minist\u00e9rio P\u00fablico. \u00c0 margem da lei. Da Constitui\u00e7\u00e3o Federal promulgada em 5 de outubro de 1988. Pelo presidente da Assembleia Nacional com Poderes Constituintes, Ulysses Guimar\u00e3es, morto em um acidente a\u00e9reo, no Estado do Rio de Janeiro. No ano turbulento de 1992. Os vazamentos do The Intercept mostram que Deltan Dallagnol n\u00e3o seguiu a liturgia do cargo, atira.<br \/>\n&#8211; PF, MPF e Judici\u00e1rio realizam, hoje, a\u00e7\u00f5es espetaculares, midi\u00e1ticas, ao arrepio da lei, para condenar, via opini\u00e3o p\u00fablica, antes do tr\u00e2nsito em julgado da a\u00e7\u00e3o penal.<br \/>\nJo\u00e3o D\u00f3ria<br \/>\nO \u2018Centr\u00e3o\u2019 \u00e9 fisiol\u00f3gico, continuar\u00e1 com o presidente da Rep\u00fablica, Jair Bolsonaro, por cargos, emendas parlamentares, nacos de poder, projeto pol\u00edtico, at\u00e9 o quando o Governo Federal estiver em alta, depois ir\u00e1 se distanciar do Pal\u00e1cio do Planalto, acredita Jardel Sebba. O Centr\u00e3o adotou a mesma t\u00e1tica e estrat\u00e9gia similar com Luiz In\u00e1cio Lula da Silva [2003-2006; 2007-2010], Dilma Rousseff [2011-2014; 2015-2016], Michel Temer [2016-2018], diz. O ex-parlamentar critica o \u2018ziguezague pol\u00edtico e ideol\u00f3gico\u2019 de Jo\u00e3o D\u00f3ria, governador de S\u00e3o Paulo.<br \/>\n&#8211; Cr\u00edticas a Marconi Perillo n\u00e3o possuem fundamento.<\/p>\n","protected":false},"excerpt":{"rendered":"<p>Cr\u00edticas ao MP Jardel Sebba veta Frota e j\u00e1 condena nomea\u00e7\u00e3o aos EUA Ex-presidente da Assembleia Legislativa quer o direito ao contradit\u00f3rio a A\u00e9cio Neves, v\u00ea desrespeito \u00e0 liturgia do cargo no MP, formula cr\u00edticas a Joao D\u00f3ria e diagnostica \u2018Centr\u00e3o\u2019 &nbsp; Renato Dias O ex-presidente da Assembleia Legislativa do Estado de Goi\u00e1s Jardel Sebba<\/p>\n","protected":false},"author":2,"featured_media":2236,"comment_status":"open","ping_status":"open","sticky":false,"template":"","format":"standard","meta":{"_acf_changed":false,"_monsterinsights_skip_tracking":false,"_monsterinsights_sitenote_active":false,"_monsterinsights_sitenote_note":"","_monsterinsights_sitenote_category":0,"footnotes":""},"categories":[4],"tags":[],"class_list":["post-1704","post","type-post","status-publish","format-standard","has-post-thumbnail","hentry","category-politica"],"acf":[],"yoast_head":"<!-- This site is optimized with the Yoast SEO plugin v27.4 - https:\/\/yoast.com\/product\/yoast-seo-wordpress\/ -->\n<title>Cr\u00edticas ao MP Jardel Sebba veta Frota e j\u00e1 condena nomea\u00e7\u00e3o aos EUA -<\/title>\n<meta name=\"robots\" content=\"index, follow, max-snippet:-1, max-image-preview:large, max-video-preview:-1\" \/>\n<link rel=\"canonical\" href=\"https:\/\/renatodias.online\/movimento\/2019\/08\/21\/criticas-ao-mp-jardel-sebba-veta-frota-e-ja-condena-nomeacao-aos-eua\/\" \/>\n<meta property=\"og:locale\" content=\"pt_BR\" \/>\n<meta property=\"og:type\" content=\"article\" \/>\n<meta property=\"og:title\" content=\"Cr\u00edticas ao MP Jardel Sebba veta Frota e j\u00e1 condena nomea\u00e7\u00e3o aos EUA -\" \/>\n<meta property=\"og:description\" content=\"Cr\u00edticas ao MP Jardel Sebba veta Frota e j\u00e1 condena nomea\u00e7\u00e3o aos EUA Ex-presidente da Assembleia Legislativa quer o direito ao contradit\u00f3rio a A\u00e9cio Neves, v\u00ea desrespeito \u00e0 liturgia do cargo no MP, formula cr\u00edticas a Joao D\u00f3ria e diagnostica \u2018Centr\u00e3o\u2019 &nbsp; Renato Dias O ex-presidente da Assembleia Legislativa do Estado de Goi\u00e1s Jardel Sebba\" \/>\n<meta property=\"og:url\" content=\"https:\/\/renatodias.online\/movimento\/2019\/08\/21\/criticas-ao-mp-jardel-sebba-veta-frota-e-ja-condena-nomeacao-aos-eua\/\" \/>\n<meta property=\"article:publisher\" content=\"https:\/\/www.facebook.com\/renato.dias.37\" \/>\n<meta property=\"article:author\" content=\"https:\/\/www.facebook.com\/renato.dias.37\" \/>\n<meta property=\"article:published_time\" content=\"2019-08-21T21:22:34+00:00\" \/>\n<meta property=\"article:modified_time\" content=\"2019-09-07T04:20:20+00:00\" \/>\n<meta property=\"og:image\" content=\"https:\/\/renatodias.online\/movimento\/wp-content\/uploads\/2019\/08\/Jardel-Sebba-Exclusivo.jpg\" \/>\n\t<meta property=\"og:image:width\" content=\"620\" \/>\n\t<meta property=\"og:image:height\" content=\"373\" \/>\n\t<meta property=\"og:image:type\" content=\"image\/jpeg\" \/>\n<meta name=\"author\" content=\"Renato Dias\" \/>\n<meta name=\"twitter:card\" content=\"summary_large_image\" \/>\n<meta name=\"twitter:creator\" content=\"@RenatoDiasBat\" \/>\n<meta name=\"twitter:site\" content=\"@RenatoDiasBat\" \/>\n<meta name=\"twitter:label1\" content=\"Escrito por\" \/>\n\t<meta name=\"twitter:data1\" content=\"Renato Dias\" \/>\n\t<meta name=\"twitter:label2\" content=\"Est. tempo de leitura\" \/>\n\t<meta name=\"twitter:data2\" content=\"2 minutos\" \/>\n<script type=\"application\/ld+json\" class=\"yoast-schema-graph\">{\"@context\":\"https:\\\/\\\/schema.org\",\"@graph\":[{\"@type\":\"Article\",\"@id\":\"https:\\\/\\\/renatodias.online\\\/movimento\\\/2019\\\/08\\\/21\\\/criticas-ao-mp-jardel-sebba-veta-frota-e-ja-condena-nomeacao-aos-eua\\\/#article\",\"isPartOf\":{\"@id\":\"https:\\\/\\\/renatodias.online\\\/movimento\\\/2019\\\/08\\\/21\\\/criticas-ao-mp-jardel-sebba-veta-frota-e-ja-condena-nomeacao-aos-eua\\\/\"},\"author\":{\"name\":\"Renato Dias\",\"@id\":\"https:\\\/\\\/renatodias.online\\\/movimento\\\/#\\\/schema\\\/person\\\/bbab28833b1725a20f4083f49f1fb2a9\"},\"headline\":\"Cr\u00edticas ao MP Jardel Sebba veta Frota e j\u00e1 condena nomea\u00e7\u00e3o aos EUA\",\"datePublished\":\"2019-08-21T21:22:34+00:00\",\"dateModified\":\"2019-09-07T04:20:20+00:00\",\"mainEntityOfPage\":{\"@id\":\"https:\\\/\\\/renatodias.online\\\/movimento\\\/2019\\\/08\\\/21\\\/criticas-ao-mp-jardel-sebba-veta-frota-e-ja-condena-nomeacao-aos-eua\\\/\"},\"wordCount\":426,\"commentCount\":0,\"publisher\":{\"@id\":\"https:\\\/\\\/renatodias.online\\\/movimento\\\/#\\\/schema\\\/person\\\/bbab28833b1725a20f4083f49f1fb2a9\"},\"image\":{\"@id\":\"https:\\\/\\\/renatodias.online\\\/movimento\\\/2019\\\/08\\\/21\\\/criticas-ao-mp-jardel-sebba-veta-frota-e-ja-condena-nomeacao-aos-eua\\\/#primaryimage\"},\"thumbnailUrl\":\"https:\\\/\\\/renatodias.online\\\/movimento\\\/wp-content\\\/uploads\\\/2019\\\/08\\\/Jardel-Sebba-Exclusivo.jpg\",\"articleSection\":[\"Pol\u00edtica\"],\"inLanguage\":\"pt-BR\",\"potentialAction\":[{\"@type\":\"CommentAction\",\"name\":\"Comment\",\"target\":[\"https:\\\/\\\/renatodias.online\\\/movimento\\\/2019\\\/08\\\/21\\\/criticas-ao-mp-jardel-sebba-veta-frota-e-ja-condena-nomeacao-aos-eua\\\/#respond\"]}]},{\"@type\":\"WebPage\",\"@id\":\"https:\\\/\\\/renatodias.online\\\/movimento\\\/2019\\\/08\\\/21\\\/criticas-ao-mp-jardel-sebba-veta-frota-e-ja-condena-nomeacao-aos-eua\\\/\",\"url\":\"https:\\\/\\\/renatodias.online\\\/movimento\\\/2019\\\/08\\\/21\\\/criticas-ao-mp-jardel-sebba-veta-frota-e-ja-condena-nomeacao-aos-eua\\\/\",\"name\":\"Cr\u00edticas ao MP Jardel Sebba veta Frota e j\u00e1 condena nomea\u00e7\u00e3o aos EUA -\",\"isPartOf\":{\"@id\":\"https:\\\/\\\/renatodias.online\\\/movimento\\\/#website\"},\"primaryImageOfPage\":{\"@id\":\"https:\\\/\\\/renatodias.online\\\/movimento\\\/2019\\\/08\\\/21\\\/criticas-ao-mp-jardel-sebba-veta-frota-e-ja-condena-nomeacao-aos-eua\\\/#primaryimage\"},\"image\":{\"@id\":\"https:\\\/\\\/renatodias.online\\\/movimento\\\/2019\\\/08\\\/21\\\/criticas-ao-mp-jardel-sebba-veta-frota-e-ja-condena-nomeacao-aos-eua\\\/#primaryimage\"},\"thumbnailUrl\":\"https:\\\/\\\/renatodias.online\\\/movimento\\\/wp-content\\\/uploads\\\/2019\\\/08\\\/Jardel-Sebba-Exclusivo.jpg\",\"datePublished\":\"2019-08-21T21:22:34+00:00\",\"dateModified\":\"2019-09-07T04:20:20+00:00\",\"breadcrumb\":{\"@id\":\"https:\\\/\\\/renatodias.online\\\/movimento\\\/2019\\\/08\\\/21\\\/criticas-ao-mp-jardel-sebba-veta-frota-e-ja-condena-nomeacao-aos-eua\\\/#breadcrumb\"},\"inLanguage\":\"pt-BR\",\"potentialAction\":[{\"@type\":\"ReadAction\",\"target\":[\"https:\\\/\\\/renatodias.online\\\/movimento\\\/2019\\\/08\\\/21\\\/criticas-ao-mp-jardel-sebba-veta-frota-e-ja-condena-nomeacao-aos-eua\\\/\"]}]},{\"@type\":\"ImageObject\",\"inLanguage\":\"pt-BR\",\"@id\":\"https:\\\/\\\/renatodias.online\\\/movimento\\\/2019\\\/08\\\/21\\\/criticas-ao-mp-jardel-sebba-veta-frota-e-ja-condena-nomeacao-aos-eua\\\/#primaryimage\",\"url\":\"https:\\\/\\\/renatodias.online\\\/movimento\\\/wp-content\\\/uploads\\\/2019\\\/08\\\/Jardel-Sebba-Exclusivo.jpg\",\"contentUrl\":\"https:\\\/\\\/renatodias.online\\\/movimento\\\/wp-content\\\/uploads\\\/2019\\\/08\\\/Jardel-Sebba-Exclusivo.jpg\",\"width\":620,\"height\":373,\"caption\":\"Jardel Sebba, ex-presidente da Assembleia Legislativa de Goi\u00e1s\"},{\"@type\":\"BreadcrumbList\",\"@id\":\"https:\\\/\\\/renatodias.online\\\/movimento\\\/2019\\\/08\\\/21\\\/criticas-ao-mp-jardel-sebba-veta-frota-e-ja-condena-nomeacao-aos-eua\\\/#breadcrumb\",\"itemListElement\":[{\"@type\":\"ListItem\",\"position\":1,\"name\":\"In\u00edcio\",\"item\":\"https:\\\/\\\/renatodias.online\\\/movimento\\\/\"},{\"@type\":\"ListItem\",\"position\":2,\"name\":\"Cr\u00edticas ao MP Jardel Sebba veta Frota e j\u00e1 condena nomea\u00e7\u00e3o aos EUA\"}]},{\"@type\":\"WebSite\",\"@id\":\"https:\\\/\\\/renatodias.online\\\/movimento\\\/#website\",\"url\":\"https:\\\/\\\/renatodias.online\\\/movimento\\\/\",\"name\":\"\",\"description\":\"\",\"publisher\":{\"@id\":\"https:\\\/\\\/renatodias.online\\\/movimento\\\/#\\\/schema\\\/person\\\/bbab28833b1725a20f4083f49f1fb2a9\"},\"potentialAction\":[{\"@type\":\"SearchAction\",\"target\":{\"@type\":\"EntryPoint\",\"urlTemplate\":\"https:\\\/\\\/renatodias.online\\\/movimento\\\/?s={search_term_string}\"},\"query-input\":{\"@type\":\"PropertyValueSpecification\",\"valueRequired\":true,\"valueName\":\"search_term_string\"}}],\"inLanguage\":\"pt-BR\"},{\"@type\":[\"Person\",\"Organization\"],\"@id\":\"https:\\\/\\\/renatodias.online\\\/movimento\\\/#\\\/schema\\\/person\\\/bbab28833b1725a20f4083f49f1fb2a9\",\"name\":\"Renato Dias\",\"image\":{\"@type\":\"ImageObject\",\"inLanguage\":\"pt-BR\",\"@id\":\"https:\\\/\\\/renatodias.online\\\/movimento\\\/wp-content\\\/uploads\\\/2023\\\/03\\\/cropped-cropped-cropped-logofinal.jpeg\",\"url\":\"https:\\\/\\\/renatodias.online\\\/movimento\\\/wp-content\\\/uploads\\\/2023\\\/03\\\/cropped-cropped-cropped-logofinal.jpeg\",\"contentUrl\":\"https:\\\/\\\/renatodias.online\\\/movimento\\\/wp-content\\\/uploads\\\/2023\\\/03\\\/cropped-cropped-cropped-logofinal.jpeg\",\"width\":1280,\"height\":219,\"caption\":\"Renato Dias\"},\"logo\":{\"@id\":\"https:\\\/\\\/renatodias.online\\\/movimento\\\/wp-content\\\/uploads\\\/2023\\\/03\\\/cropped-cropped-cropped-logofinal.jpeg\"},\"description\":\"Renato Dias, 58 anos, \u00e9 graduado em Jornalismo, formado em Ci\u00eancias Sociais, com p\u00f3s-gradua\u00e7\u00e3o em Pol\u00edticas P\u00fablicas, mestre em Direito e Rela\u00e7\u00f5es Internacionais, ex-aluno extraordin\u00e1rio do Doutorado em Psicologia Social, ex-estudante do Curso de Psican\u00e1lise do Centro de Estudos Psicanal\u00edticos do Estado de Goi\u00e1s, ministrado pelo m\u00e9dico psiquiatra e psicanalista Daniel Em\u00eddio de Souza. \u00c9 autor de 30 livros-reportagem, oito document\u00e1rios, ganhou 30 pr\u00eamios e \u00e9 torcedor apaixonado do maior do Centro-Oeste, o Vila Nova Futebol Clube. Casado com Meirilane Dias, \u00e9 pai de Juliana Dias, jornalista; Daniel Dias, economista; e Maria Rosa Dias, estudante antifascista, socialista e trotskista.\u00a0Com tr\u00eas pets: Porquinho [Bull Dog Franc\u00eas], Dalila [Basset Hound] e Geleia [Basset Hound]. Al\u00e9m do eterno gato Tutuquinho, que virou estrela.\",\"sameAs\":[\"https:\\\/\\\/www.facebook.com\\\/renato.dias.37\",\"#breve\",\"https:\\\/\\\/renatodias.tumblr.com\\\/\"],\"url\":\"https:\\\/\\\/renatodias.online\\\/movimento\\\/author\\\/renatodias\\\/\"}]}<\/script>\n<!-- \/ Yoast SEO plugin. -->","yoast_head_json":{"title":"Cr\u00edticas ao MP Jardel Sebba veta Frota e j\u00e1 condena nomea\u00e7\u00e3o aos EUA -","robots":{"index":"index","follow":"follow","max-snippet":"max-snippet:-1","max-image-preview":"max-image-preview:large","max-video-preview":"max-video-preview:-1"},"canonical":"https:\/\/renatodias.online\/movimento\/2019\/08\/21\/criticas-ao-mp-jardel-sebba-veta-frota-e-ja-condena-nomeacao-aos-eua\/","og_locale":"pt_BR","og_type":"article","og_title":"Cr\u00edticas ao MP Jardel Sebba veta Frota e j\u00e1 condena nomea\u00e7\u00e3o aos EUA -","og_description":"Cr\u00edticas ao MP Jardel Sebba veta Frota e j\u00e1 condena nomea\u00e7\u00e3o aos EUA Ex-presidente da Assembleia Legislativa quer o direito ao contradit\u00f3rio a A\u00e9cio Neves, v\u00ea desrespeito \u00e0 liturgia do cargo no MP, formula cr\u00edticas a Joao D\u00f3ria e diagnostica \u2018Centr\u00e3o\u2019 &nbsp; Renato Dias O ex-presidente da Assembleia Legislativa do Estado de Goi\u00e1s Jardel Sebba","og_url":"https:\/\/renatodias.online\/movimento\/2019\/08\/21\/criticas-ao-mp-jardel-sebba-veta-frota-e-ja-condena-nomeacao-aos-eua\/","article_publisher":"https:\/\/www.facebook.com\/renato.dias.37","article_author":"https:\/\/www.facebook.com\/renato.dias.37","article_published_time":"2019-08-21T21:22:34+00:00","article_modified_time":"2019-09-07T04:20:20+00:00","og_image":[{"width":620,"height":373,"url":"https:\/\/renatodias.online\/movimento\/wp-content\/uploads\/2019\/08\/Jardel-Sebba-Exclusivo.jpg","type":"image\/jpeg"}],"author":"Renato Dias","twitter_card":"summary_large_image","twitter_creator":"@RenatoDiasBat","twitter_site":"@RenatoDiasBat","twitter_misc":{"Escrito por":"Renato Dias","Est. tempo de leitura":"2 minutos"},"schema":{"@context":"https:\/\/schema.org","@graph":[{"@type":"Article","@id":"https:\/\/renatodias.online\/movimento\/2019\/08\/21\/criticas-ao-mp-jardel-sebba-veta-frota-e-ja-condena-nomeacao-aos-eua\/#article","isPartOf":{"@id":"https:\/\/renatodias.online\/movimento\/2019\/08\/21\/criticas-ao-mp-jardel-sebba-veta-frota-e-ja-condena-nomeacao-aos-eua\/"},"author":{"name":"Renato Dias","@id":"https:\/\/renatodias.online\/movimento\/#\/schema\/person\/bbab28833b1725a20f4083f49f1fb2a9"},"headline":"Cr\u00edticas ao MP Jardel Sebba veta Frota e j\u00e1 condena nomea\u00e7\u00e3o aos EUA","datePublished":"2019-08-21T21:22:34+00:00","dateModified":"2019-09-07T04:20:20+00:00","mainEntityOfPage":{"@id":"https:\/\/renatodias.online\/movimento\/2019\/08\/21\/criticas-ao-mp-jardel-sebba-veta-frota-e-ja-condena-nomeacao-aos-eua\/"},"wordCount":426,"commentCount":0,"publisher":{"@id":"https:\/\/renatodias.online\/movimento\/#\/schema\/person\/bbab28833b1725a20f4083f49f1fb2a9"},"image":{"@id":"https:\/\/renatodias.online\/movimento\/2019\/08\/21\/criticas-ao-mp-jardel-sebba-veta-frota-e-ja-condena-nomeacao-aos-eua\/#primaryimage"},"thumbnailUrl":"https:\/\/renatodias.online\/movimento\/wp-content\/uploads\/2019\/08\/Jardel-Sebba-Exclusivo.jpg","articleSection":["Pol\u00edtica"],"inLanguage":"pt-BR","potentialAction":[{"@type":"CommentAction","name":"Comment","target":["https:\/\/renatodias.online\/movimento\/2019\/08\/21\/criticas-ao-mp-jardel-sebba-veta-frota-e-ja-condena-nomeacao-aos-eua\/#respond"]}]},{"@type":"WebPage","@id":"https:\/\/renatodias.online\/movimento\/2019\/08\/21\/criticas-ao-mp-jardel-sebba-veta-frota-e-ja-condena-nomeacao-aos-eua\/","url":"https:\/\/renatodias.online\/movimento\/2019\/08\/21\/criticas-ao-mp-jardel-sebba-veta-frota-e-ja-condena-nomeacao-aos-eua\/","name":"Cr\u00edticas ao MP Jardel Sebba veta Frota e j\u00e1 condena nomea\u00e7\u00e3o aos EUA -","isPartOf":{"@id":"https:\/\/renatodias.online\/movimento\/#website"},"primaryImageOfPage":{"@id":"https:\/\/renatodias.online\/movimento\/2019\/08\/21\/criticas-ao-mp-jardel-sebba-veta-frota-e-ja-condena-nomeacao-aos-eua\/#primaryimage"},"image":{"@id":"https:\/\/renatodias.online\/movimento\/2019\/08\/21\/criticas-ao-mp-jardel-sebba-veta-frota-e-ja-condena-nomeacao-aos-eua\/#primaryimage"},"thumbnailUrl":"https:\/\/renatodias.online\/movimento\/wp-content\/uploads\/2019\/08\/Jardel-Sebba-Exclusivo.jpg","datePublished":"2019-08-21T21:22:34+00:00","dateModified":"2019-09-07T04:20:20+00:00","breadcrumb":{"@id":"https:\/\/renatodias.online\/movimento\/2019\/08\/21\/criticas-ao-mp-jardel-sebba-veta-frota-e-ja-condena-nomeacao-aos-eua\/#breadcrumb"},"inLanguage":"pt-BR","potentialAction":[{"@type":"ReadAction","target":["https:\/\/renatodias.online\/movimento\/2019\/08\/21\/criticas-ao-mp-jardel-sebba-veta-frota-e-ja-condena-nomeacao-aos-eua\/"]}]},{"@type":"ImageObject","inLanguage":"pt-BR","@id":"https:\/\/renatodias.online\/movimento\/2019\/08\/21\/criticas-ao-mp-jardel-sebba-veta-frota-e-ja-condena-nomeacao-aos-eua\/#primaryimage","url":"https:\/\/renatodias.online\/movimento\/wp-content\/uploads\/2019\/08\/Jardel-Sebba-Exclusivo.jpg","contentUrl":"https:\/\/renatodias.online\/movimento\/wp-content\/uploads\/2019\/08\/Jardel-Sebba-Exclusivo.jpg","width":620,"height":373,"caption":"Jardel Sebba, ex-presidente da Assembleia Legislativa de Goi\u00e1s"},{"@type":"BreadcrumbList","@id":"https:\/\/renatodias.online\/movimento\/2019\/08\/21\/criticas-ao-mp-jardel-sebba-veta-frota-e-ja-condena-nomeacao-aos-eua\/#breadcrumb","itemListElement":[{"@type":"ListItem","position":1,"name":"In\u00edcio","item":"https:\/\/renatodias.online\/movimento\/"},{"@type":"ListItem","position":2,"name":"Cr\u00edticas ao MP Jardel Sebba veta Frota e j\u00e1 condena nomea\u00e7\u00e3o aos EUA"}]},{"@type":"WebSite","@id":"https:\/\/renatodias.online\/movimento\/#website","url":"https:\/\/renatodias.online\/movimento\/","name":"","description":"","publisher":{"@id":"https:\/\/renatodias.online\/movimento\/#\/schema\/person\/bbab28833b1725a20f4083f49f1fb2a9"},"potentialAction":[{"@type":"SearchAction","target":{"@type":"EntryPoint","urlTemplate":"https:\/\/renatodias.online\/movimento\/?s={search_term_string}"},"query-input":{"@type":"PropertyValueSpecification","valueRequired":true,"valueName":"search_term_string"}}],"inLanguage":"pt-BR"},{"@type":["Person","Organization"],"@id":"https:\/\/renatodias.online\/movimento\/#\/schema\/person\/bbab28833b1725a20f4083f49f1fb2a9","name":"Renato Dias","image":{"@type":"ImageObject","inLanguage":"pt-BR","@id":"https:\/\/renatodias.online\/movimento\/wp-content\/uploads\/2023\/03\/cropped-cropped-cropped-logofinal.jpeg","url":"https:\/\/renatodias.online\/movimento\/wp-content\/uploads\/2023\/03\/cropped-cropped-cropped-logofinal.jpeg","contentUrl":"https:\/\/renatodias.online\/movimento\/wp-content\/uploads\/2023\/03\/cropped-cropped-cropped-logofinal.jpeg","width":1280,"height":219,"caption":"Renato Dias"},"logo":{"@id":"https:\/\/renatodias.online\/movimento\/wp-content\/uploads\/2023\/03\/cropped-cropped-cropped-logofinal.jpeg"},"description":"Renato Dias, 58 anos, \u00e9 graduado em Jornalismo, formado em Ci\u00eancias Sociais, com p\u00f3s-gradua\u00e7\u00e3o em Pol\u00edticas P\u00fablicas, mestre em Direito e Rela\u00e7\u00f5es Internacionais, ex-aluno extraordin\u00e1rio do Doutorado em Psicologia Social, ex-estudante do Curso de Psican\u00e1lise do Centro de Estudos Psicanal\u00edticos do Estado de Goi\u00e1s, ministrado pelo m\u00e9dico psiquiatra e psicanalista Daniel Em\u00eddio de Souza. \u00c9 autor de 30 livros-reportagem, oito document\u00e1rios, ganhou 30 pr\u00eamios e \u00e9 torcedor apaixonado do maior do Centro-Oeste, o Vila Nova Futebol Clube. Casado com Meirilane Dias, \u00e9 pai de Juliana Dias, jornalista; Daniel Dias, economista; e Maria Rosa Dias, estudante antifascista, socialista e trotskista.\u00a0Com tr\u00eas pets: Porquinho [Bull Dog Franc\u00eas], Dalila [Basset Hound] e Geleia [Basset Hound]. Al\u00e9m do eterno gato Tutuquinho, que virou estrela.","sameAs":["https:\/\/www.facebook.com\/renato.dias.37","#breve","https:\/\/renatodias.tumblr.com\/"],"url":"https:\/\/renatodias.online\/movimento\/author\/renatodias\/"}]}},"_links":{"self":[{"href":"https:\/\/renatodias.online\/movimento\/wp-json\/wp\/v2\/posts\/1704","targetHints":{"allow":["GET"]}}],"collection":[{"href":"https:\/\/renatodias.online\/movimento\/wp-json\/wp\/v2\/posts"}],"about":[{"href":"https:\/\/renatodias.online\/movimento\/wp-json\/wp\/v2\/types\/post"}],"author":[{"embeddable":true,"href":"https:\/\/renatodias.online\/movimento\/wp-json\/wp\/v2\/users\/2"}],"replies":[{"embeddable":true,"href":"https:\/\/renatodias.online\/movimento\/wp-json\/wp\/v2\/comments?post=1704"}],"version-history":[{"count":2,"href":"https:\/\/renatodias.online\/movimento\/wp-json\/wp\/v2\/posts\/1704\/revisions"}],"predecessor-version":[{"id":2243,"href":"https:\/\/renatodias.online\/movimento\/wp-json\/wp\/v2\/posts\/1704\/revisions\/2243"}],"wp:featuredmedia":[{"embeddable":true,"href":"https:\/\/renatodias.online\/movimento\/wp-json\/wp\/v2\/media\/2236"}],"wp:attachment":[{"href":"https:\/\/renatodias.online\/movimento\/wp-json\/wp\/v2\/media?parent=1704"}],"wp:term":[{"taxonomy":"category","embeddable":true,"href":"https:\/\/renatodias.online\/movimento\/wp-json\/wp\/v2\/categories?post=1704"},{"taxonomy":"post_tag","embeddable":true,"href":"https:\/\/renatodias.online\/movimento\/wp-json\/wp\/v2\/tags?post=1704"}],"curies":[{"name":"wp","href":"https:\/\/api.w.org\/{rel}","templated":true}]}}