{"id":17007,"date":"2023-06-14T22:37:12","date_gmt":"2023-06-15T01:37:12","guid":{"rendered":"https:\/\/renatodias.online\/movimento\/?p=17007"},"modified":"2023-06-14T22:37:14","modified_gmt":"2023-06-15T01:37:14","slug":"1936_2023-adeus-a-wladimir-pomar","status":"publish","type":"post","link":"https:\/\/renatodias.online\/movimento\/2023\/06\/14\/1936_2023-adeus-a-wladimir-pomar\/","title":{"rendered":"<strong>1936_2023: Adeus a Wladimir Pomar<\/strong>"},"content":{"rendered":"\n<p><strong><mark style=\"background-color:rgba(0, 0, 0, 0)\" class=\"has-inline-color has-vivid-red-color\">Renato Dias<\/mark><\/strong><\/p>\n\n\n\n<p><strong>Revolucion\u00e1rio profissional, sem forma\u00e7\u00e3o acad\u00eamica cl\u00e1ssica, com in\u00edcio precoce no movimento socialista, logo aos 13 anos de idade<\/strong>, Wladimir Pomar deu o \u00faltimo suspiro e o adeus \u00e0 luta de classes. Aos 87 anos de idade. Adepto das ideias do barbudo Karl Marx, fundador, em 1962, do PC do B, ao lado do pai, Pedro Pomar, velho comunista.<\/p>\n\n\n\n<figure class=\"wp-block-image aligncenter size-full\"><img loading=\"lazy\" decoding=\"async\" width=\"300\" height=\"363\" src=\"https:\/\/renatodias.online\/movimento\/wp-content\/uploads\/2021\/03\/Caricatura-de-Karl-Marx.png\" alt=\"\" class=\"wp-image-5301\" srcset=\"https:\/\/renatodias.online\/movimento\/wp-content\/uploads\/2021\/03\/Caricatura-de-Karl-Marx.png 300w, https:\/\/renatodias.online\/movimento\/wp-content\/uploads\/2021\/03\/Caricatura-de-Karl-Marx-248x300.png 248w\" sizes=\"auto, (max-width: 300px) 100vw, 300px\" \/><figcaption class=\"wp-element-caption\"><strong><mark style=\"background-color:rgba(0, 0, 0, 0)\" class=\"has-inline-color has-vivid-red-color\">Karl Marx<\/mark><\/strong><\/figcaption><\/figure>\n\n\n\n<p><strong>Com coragem \u00fanica, ele enfrentou c\u00edclicas ondas conservadoras no Brasil e tamb\u00e9m na Am\u00e9rica Latina.<\/strong> Como a Era Get\u00falio Vargas, a ditadura civil e militar, o impeachment de Dilma Vana Rousseff, 2016, assim como os tempos sombrios do suposto outsider e o autoproclamado Messias, Jair Bolsonaro [PL]. Clandestinidade e das lutas sociais.<\/p>\n\n\n\n<figure class=\"wp-block-image aligncenter size-large\"><img loading=\"lazy\" decoding=\"async\" width=\"399\" height=\"1024\" src=\"https:\/\/renatodias.online\/movimento\/wp-content\/uploads\/2021\/11\/Infografico-A-ditadura-civil-e-militar-no-Brasil-399x1024.jpg\" alt=\"\" class=\"wp-image-9550\"\/><\/figure>\n\n\n\n<p><strong>Pedro Pomar morreu em 16 de dezembro de 1976<\/strong>. Delatada por Jover Telles, a secreta reuni\u00e3o do Comit\u00ea Central do PC do B foi invadida pela repress\u00e3o. Veja: a Chacina da Lapa. Com mortos, presos e os torturados. Pedro Pomar, \u00c2ngelo Arroyo e Jo\u00e3o Batista Drummond morreram. Ele, Aldo Arantes e Elza Monerat ficaram presos at\u00e9 a Anistia.<\/p>\n\n\n\n<figure class=\"wp-block-image aligncenter size-full\"><img loading=\"lazy\" decoding=\"async\" width=\"472\" height=\"234\" src=\"https:\/\/renatodias.online\/movimento\/wp-content\/uploads\/2021\/09\/Massacre-da-Lapa-PC-do-B.jpg\" alt=\"\" class=\"wp-image-9078\" srcset=\"https:\/\/renatodias.online\/movimento\/wp-content\/uploads\/2021\/09\/Massacre-da-Lapa-PC-do-B.jpg 472w, https:\/\/renatodias.online\/movimento\/wp-content\/uploads\/2021\/09\/Massacre-da-Lapa-PC-do-B-300x149.jpg 300w\" sizes=\"auto, (max-width: 472px) 100vw, 472px\" \/><figcaption class=\"wp-element-caption\"><strong><mark style=\"background-color:rgba(0, 0, 0, 0)\" class=\"has-inline-color has-vivid-red-color\">Massacre da Lapa &#8211; PC do B, em 16 de dezembro de 1976<\/mark><\/strong><\/figcaption><\/figure>\n\n\n\n<p>\u00c9 autor de Araguaia, o Partido e a Guerrilha; Pedro Pomar: Uma Vida em Vermelho. Mais: Quase l\u00e1, Lula e o susto das elites; Cartas do Passado; O enigma chin\u00eas: capitalismo ou socialismo. China, o Drag\u00e3o do S\u00e9culo 21. <strong>Coordenador das campanhas de Luiz In\u00e1cio Lula da Silva em 1986, 1989 e 1994, \u00e9 pai de Valter Pomar, da executiva nacional do PT.<\/strong><\/p>\n\n\n\n<figure class=\"wp-block-image aligncenter size-large\"><img loading=\"lazy\" decoding=\"async\" width=\"1030\" height=\"1024\" src=\"https:\/\/renatodias.online\/movimento\/wp-content\/uploads\/2021\/11\/Lula-em-dois-momentos-historicos-1030x1024.jpg\" alt=\"\" class=\"wp-image-9418\"\/><figcaption class=\"wp-element-caption\"><strong><mark style=\"background-color:rgba(0, 0, 0, 0)\" class=\"has-inline-color has-vivid-red-color\">Luiz In\u00e1cio Lula da Silva em dois momentos hist\u00f3ricos<\/mark><\/strong><\/figcaption><\/figure>\n","protected":false},"excerpt":{"rendered":"<p>Renato Dias Revolucion\u00e1rio profissional, sem forma\u00e7\u00e3o acad\u00eamica cl\u00e1ssica, com in\u00edcio precoce no movimento socialista, logo aos 13 anos de idade, Wladimir Pomar deu o \u00faltimo suspiro e o adeus \u00e0 luta de classes. Aos 87 anos de idade. Adepto das ideias do barbudo Karl Marx, fundador, em 1962, do PC do B, ao lado do<\/p>\n","protected":false},"author":2,"featured_media":17009,"comment_status":"open","ping_status":"open","sticky":false,"template":"","format":"standard","meta":{"_acf_changed":false,"_monsterinsights_skip_tracking":false,"_monsterinsights_sitenote_active":false,"_monsterinsights_sitenote_note":"","_monsterinsights_sitenote_category":0,"footnotes":""},"categories":[35],"tags":[],"class_list":["post-17007","post","type-post","status-publish","format-standard","has-post-thumbnail","hentry","category-nacional"],"acf":[],"yoast_head":"<!-- This site is optimized with the Yoast SEO plugin v27.4 - https:\/\/yoast.com\/product\/yoast-seo-wordpress\/ -->\n<title>1936_2023: Adeus a Wladimir Pomar -<\/title>\n<meta name=\"robots\" content=\"index, follow, max-snippet:-1, max-image-preview:large, max-video-preview:-1\" \/>\n<link rel=\"canonical\" href=\"https:\/\/renatodias.online\/movimento\/2023\/06\/14\/1936_2023-adeus-a-wladimir-pomar\/\" \/>\n<meta property=\"og:locale\" content=\"pt_BR\" \/>\n<meta property=\"og:type\" content=\"article\" \/>\n<meta property=\"og:title\" content=\"1936_2023: Adeus a Wladimir Pomar -\" \/>\n<meta property=\"og:description\" content=\"Renato Dias Revolucion\u00e1rio profissional, sem forma\u00e7\u00e3o acad\u00eamica cl\u00e1ssica, com in\u00edcio precoce no movimento socialista, logo aos 13 anos de idade, Wladimir Pomar deu o \u00faltimo suspiro e o adeus \u00e0 luta de classes. Aos 87 anos de idade. Adepto das ideias do barbudo Karl Marx, fundador, em 1962, do PC do B, ao lado do\" \/>\n<meta property=\"og:url\" content=\"https:\/\/renatodias.online\/movimento\/2023\/06\/14\/1936_2023-adeus-a-wladimir-pomar\/\" \/>\n<meta property=\"article:publisher\" content=\"https:\/\/www.facebook.com\/renato.dias.37\" \/>\n<meta property=\"article:author\" content=\"https:\/\/www.facebook.com\/renato.dias.37\" \/>\n<meta property=\"article:published_time\" content=\"2023-06-15T01:37:12+00:00\" \/>\n<meta property=\"article:modified_time\" content=\"2023-06-15T01:37:14+00:00\" \/>\n<meta property=\"og:image\" content=\"https:\/\/renatodias.online\/movimento\/wp-content\/uploads\/2023\/06\/Wladimir-Pomar-1-e1686793012497.jpg\" \/>\n\t<meta property=\"og:image:width\" content=\"800\" \/>\n\t<meta property=\"og:image:height\" content=\"457\" \/>\n\t<meta property=\"og:image:type\" content=\"image\/jpeg\" \/>\n<meta name=\"author\" content=\"Renato Dias\" \/>\n<meta name=\"twitter:card\" content=\"summary_large_image\" \/>\n<meta name=\"twitter:creator\" content=\"@RenatoDiasBat\" \/>\n<meta name=\"twitter:site\" content=\"@RenatoDiasBat\" \/>\n<meta name=\"twitter:label1\" content=\"Escrito por\" \/>\n\t<meta name=\"twitter:data1\" content=\"Renato Dias\" \/>\n\t<meta name=\"twitter:label2\" content=\"Est. tempo de leitura\" \/>\n\t<meta name=\"twitter:data2\" content=\"3 minutos\" \/>\n<script type=\"application\/ld+json\" class=\"yoast-schema-graph\">{\"@context\":\"https:\\\/\\\/schema.org\",\"@graph\":[{\"@type\":\"Article\",\"@id\":\"https:\\\/\\\/renatodias.online\\\/movimento\\\/2023\\\/06\\\/14\\\/1936_2023-adeus-a-wladimir-pomar\\\/#article\",\"isPartOf\":{\"@id\":\"https:\\\/\\\/renatodias.online\\\/movimento\\\/2023\\\/06\\\/14\\\/1936_2023-adeus-a-wladimir-pomar\\\/\"},\"author\":{\"name\":\"Renato Dias\",\"@id\":\"https:\\\/\\\/renatodias.online\\\/movimento\\\/#\\\/schema\\\/person\\\/bbab28833b1725a20f4083f49f1fb2a9\"},\"headline\":\"1936_2023: Adeus a Wladimir Pomar\",\"datePublished\":\"2023-06-15T01:37:12+00:00\",\"dateModified\":\"2023-06-15T01:37:14+00:00\",\"mainEntityOfPage\":{\"@id\":\"https:\\\/\\\/renatodias.online\\\/movimento\\\/2023\\\/06\\\/14\\\/1936_2023-adeus-a-wladimir-pomar\\\/\"},\"wordCount\":264,\"commentCount\":0,\"publisher\":{\"@id\":\"https:\\\/\\\/renatodias.online\\\/movimento\\\/#\\\/schema\\\/person\\\/bbab28833b1725a20f4083f49f1fb2a9\"},\"image\":{\"@id\":\"https:\\\/\\\/renatodias.online\\\/movimento\\\/2023\\\/06\\\/14\\\/1936_2023-adeus-a-wladimir-pomar\\\/#primaryimage\"},\"thumbnailUrl\":\"https:\\\/\\\/renatodias.online\\\/movimento\\\/wp-content\\\/uploads\\\/2023\\\/06\\\/Wladimir-Pomar-1-e1686793012497.jpg\",\"articleSection\":[\"Nacional\"],\"inLanguage\":\"pt-BR\",\"potentialAction\":[{\"@type\":\"CommentAction\",\"name\":\"Comment\",\"target\":[\"https:\\\/\\\/renatodias.online\\\/movimento\\\/2023\\\/06\\\/14\\\/1936_2023-adeus-a-wladimir-pomar\\\/#respond\"]}]},{\"@type\":\"WebPage\",\"@id\":\"https:\\\/\\\/renatodias.online\\\/movimento\\\/2023\\\/06\\\/14\\\/1936_2023-adeus-a-wladimir-pomar\\\/\",\"url\":\"https:\\\/\\\/renatodias.online\\\/movimento\\\/2023\\\/06\\\/14\\\/1936_2023-adeus-a-wladimir-pomar\\\/\",\"name\":\"1936_2023: Adeus a Wladimir Pomar -\",\"isPartOf\":{\"@id\":\"https:\\\/\\\/renatodias.online\\\/movimento\\\/#website\"},\"primaryImageOfPage\":{\"@id\":\"https:\\\/\\\/renatodias.online\\\/movimento\\\/2023\\\/06\\\/14\\\/1936_2023-adeus-a-wladimir-pomar\\\/#primaryimage\"},\"image\":{\"@id\":\"https:\\\/\\\/renatodias.online\\\/movimento\\\/2023\\\/06\\\/14\\\/1936_2023-adeus-a-wladimir-pomar\\\/#primaryimage\"},\"thumbnailUrl\":\"https:\\\/\\\/renatodias.online\\\/movimento\\\/wp-content\\\/uploads\\\/2023\\\/06\\\/Wladimir-Pomar-1-e1686793012497.jpg\",\"datePublished\":\"2023-06-15T01:37:12+00:00\",\"dateModified\":\"2023-06-15T01:37:14+00:00\",\"breadcrumb\":{\"@id\":\"https:\\\/\\\/renatodias.online\\\/movimento\\\/2023\\\/06\\\/14\\\/1936_2023-adeus-a-wladimir-pomar\\\/#breadcrumb\"},\"inLanguage\":\"pt-BR\",\"potentialAction\":[{\"@type\":\"ReadAction\",\"target\":[\"https:\\\/\\\/renatodias.online\\\/movimento\\\/2023\\\/06\\\/14\\\/1936_2023-adeus-a-wladimir-pomar\\\/\"]}]},{\"@type\":\"ImageObject\",\"inLanguage\":\"pt-BR\",\"@id\":\"https:\\\/\\\/renatodias.online\\\/movimento\\\/2023\\\/06\\\/14\\\/1936_2023-adeus-a-wladimir-pomar\\\/#primaryimage\",\"url\":\"https:\\\/\\\/renatodias.online\\\/movimento\\\/wp-content\\\/uploads\\\/2023\\\/06\\\/Wladimir-Pomar-1-e1686793012497.jpg\",\"contentUrl\":\"https:\\\/\\\/renatodias.online\\\/movimento\\\/wp-content\\\/uploads\\\/2023\\\/06\\\/Wladimir-Pomar-1-e1686793012497.jpg\",\"width\":800,\"height\":457,\"caption\":\"Wladimir Pomar\"},{\"@type\":\"BreadcrumbList\",\"@id\":\"https:\\\/\\\/renatodias.online\\\/movimento\\\/2023\\\/06\\\/14\\\/1936_2023-adeus-a-wladimir-pomar\\\/#breadcrumb\",\"itemListElement\":[{\"@type\":\"ListItem\",\"position\":1,\"name\":\"In\u00edcio\",\"item\":\"https:\\\/\\\/renatodias.online\\\/movimento\\\/\"},{\"@type\":\"ListItem\",\"position\":2,\"name\":\"1936_2023: Adeus a Wladimir Pomar\"}]},{\"@type\":\"WebSite\",\"@id\":\"https:\\\/\\\/renatodias.online\\\/movimento\\\/#website\",\"url\":\"https:\\\/\\\/renatodias.online\\\/movimento\\\/\",\"name\":\"\",\"description\":\"\",\"publisher\":{\"@id\":\"https:\\\/\\\/renatodias.online\\\/movimento\\\/#\\\/schema\\\/person\\\/bbab28833b1725a20f4083f49f1fb2a9\"},\"potentialAction\":[{\"@type\":\"SearchAction\",\"target\":{\"@type\":\"EntryPoint\",\"urlTemplate\":\"https:\\\/\\\/renatodias.online\\\/movimento\\\/?s={search_term_string}\"},\"query-input\":{\"@type\":\"PropertyValueSpecification\",\"valueRequired\":true,\"valueName\":\"search_term_string\"}}],\"inLanguage\":\"pt-BR\"},{\"@type\":[\"Person\",\"Organization\"],\"@id\":\"https:\\\/\\\/renatodias.online\\\/movimento\\\/#\\\/schema\\\/person\\\/bbab28833b1725a20f4083f49f1fb2a9\",\"name\":\"Renato Dias\",\"image\":{\"@type\":\"ImageObject\",\"inLanguage\":\"pt-BR\",\"@id\":\"https:\\\/\\\/renatodias.online\\\/movimento\\\/wp-content\\\/uploads\\\/2023\\\/03\\\/cropped-cropped-cropped-logofinal.jpeg\",\"url\":\"https:\\\/\\\/renatodias.online\\\/movimento\\\/wp-content\\\/uploads\\\/2023\\\/03\\\/cropped-cropped-cropped-logofinal.jpeg\",\"contentUrl\":\"https:\\\/\\\/renatodias.online\\\/movimento\\\/wp-content\\\/uploads\\\/2023\\\/03\\\/cropped-cropped-cropped-logofinal.jpeg\",\"width\":1280,\"height\":219,\"caption\":\"Renato Dias\"},\"logo\":{\"@id\":\"https:\\\/\\\/renatodias.online\\\/movimento\\\/wp-content\\\/uploads\\\/2023\\\/03\\\/cropped-cropped-cropped-logofinal.jpeg\"},\"description\":\"Renato Dias, 58 anos, \u00e9 graduado em Jornalismo, formado em Ci\u00eancias Sociais, com p\u00f3s-gradua\u00e7\u00e3o em Pol\u00edticas P\u00fablicas, mestre em Direito e Rela\u00e7\u00f5es Internacionais, ex-aluno extraordin\u00e1rio do Doutorado em Psicologia Social, ex-estudante do Curso de Psican\u00e1lise do Centro de Estudos Psicanal\u00edticos do Estado de Goi\u00e1s, ministrado pelo m\u00e9dico psiquiatra e psicanalista Daniel Em\u00eddio de Souza. \u00c9 autor de 30 livros-reportagem, oito document\u00e1rios, ganhou 30 pr\u00eamios e \u00e9 torcedor apaixonado do maior do Centro-Oeste, o Vila Nova Futebol Clube. Casado com Meirilane Dias, \u00e9 pai de Juliana Dias, jornalista; Daniel Dias, economista; e Maria Rosa Dias, estudante antifascista, socialista e trotskista.\u00a0Com tr\u00eas pets: Porquinho [Bull Dog Franc\u00eas], Dalila [Basset Hound] e Geleia [Basset Hound]. Al\u00e9m do eterno gato Tutuquinho, que virou estrela.\",\"sameAs\":[\"https:\\\/\\\/www.facebook.com\\\/renato.dias.37\",\"#breve\",\"https:\\\/\\\/renatodias.tumblr.com\\\/\"],\"url\":\"https:\\\/\\\/renatodias.online\\\/movimento\\\/author\\\/renatodias\\\/\"}]}<\/script>\n<!-- \/ Yoast SEO plugin. -->","yoast_head_json":{"title":"1936_2023: Adeus a Wladimir Pomar -","robots":{"index":"index","follow":"follow","max-snippet":"max-snippet:-1","max-image-preview":"max-image-preview:large","max-video-preview":"max-video-preview:-1"},"canonical":"https:\/\/renatodias.online\/movimento\/2023\/06\/14\/1936_2023-adeus-a-wladimir-pomar\/","og_locale":"pt_BR","og_type":"article","og_title":"1936_2023: Adeus a Wladimir Pomar -","og_description":"Renato Dias Revolucion\u00e1rio profissional, sem forma\u00e7\u00e3o acad\u00eamica cl\u00e1ssica, com in\u00edcio precoce no movimento socialista, logo aos 13 anos de idade, Wladimir Pomar deu o \u00faltimo suspiro e o adeus \u00e0 luta de classes. Aos 87 anos de idade. Adepto das ideias do barbudo Karl Marx, fundador, em 1962, do PC do B, ao lado do","og_url":"https:\/\/renatodias.online\/movimento\/2023\/06\/14\/1936_2023-adeus-a-wladimir-pomar\/","article_publisher":"https:\/\/www.facebook.com\/renato.dias.37","article_author":"https:\/\/www.facebook.com\/renato.dias.37","article_published_time":"2023-06-15T01:37:12+00:00","article_modified_time":"2023-06-15T01:37:14+00:00","og_image":[{"width":800,"height":457,"url":"https:\/\/renatodias.online\/movimento\/wp-content\/uploads\/2023\/06\/Wladimir-Pomar-1-e1686793012497.jpg","type":"image\/jpeg"}],"author":"Renato Dias","twitter_card":"summary_large_image","twitter_creator":"@RenatoDiasBat","twitter_site":"@RenatoDiasBat","twitter_misc":{"Escrito por":"Renato Dias","Est. tempo de leitura":"3 minutos"},"schema":{"@context":"https:\/\/schema.org","@graph":[{"@type":"Article","@id":"https:\/\/renatodias.online\/movimento\/2023\/06\/14\/1936_2023-adeus-a-wladimir-pomar\/#article","isPartOf":{"@id":"https:\/\/renatodias.online\/movimento\/2023\/06\/14\/1936_2023-adeus-a-wladimir-pomar\/"},"author":{"name":"Renato Dias","@id":"https:\/\/renatodias.online\/movimento\/#\/schema\/person\/bbab28833b1725a20f4083f49f1fb2a9"},"headline":"1936_2023: Adeus a Wladimir Pomar","datePublished":"2023-06-15T01:37:12+00:00","dateModified":"2023-06-15T01:37:14+00:00","mainEntityOfPage":{"@id":"https:\/\/renatodias.online\/movimento\/2023\/06\/14\/1936_2023-adeus-a-wladimir-pomar\/"},"wordCount":264,"commentCount":0,"publisher":{"@id":"https:\/\/renatodias.online\/movimento\/#\/schema\/person\/bbab28833b1725a20f4083f49f1fb2a9"},"image":{"@id":"https:\/\/renatodias.online\/movimento\/2023\/06\/14\/1936_2023-adeus-a-wladimir-pomar\/#primaryimage"},"thumbnailUrl":"https:\/\/renatodias.online\/movimento\/wp-content\/uploads\/2023\/06\/Wladimir-Pomar-1-e1686793012497.jpg","articleSection":["Nacional"],"inLanguage":"pt-BR","potentialAction":[{"@type":"CommentAction","name":"Comment","target":["https:\/\/renatodias.online\/movimento\/2023\/06\/14\/1936_2023-adeus-a-wladimir-pomar\/#respond"]}]},{"@type":"WebPage","@id":"https:\/\/renatodias.online\/movimento\/2023\/06\/14\/1936_2023-adeus-a-wladimir-pomar\/","url":"https:\/\/renatodias.online\/movimento\/2023\/06\/14\/1936_2023-adeus-a-wladimir-pomar\/","name":"1936_2023: Adeus a Wladimir Pomar -","isPartOf":{"@id":"https:\/\/renatodias.online\/movimento\/#website"},"primaryImageOfPage":{"@id":"https:\/\/renatodias.online\/movimento\/2023\/06\/14\/1936_2023-adeus-a-wladimir-pomar\/#primaryimage"},"image":{"@id":"https:\/\/renatodias.online\/movimento\/2023\/06\/14\/1936_2023-adeus-a-wladimir-pomar\/#primaryimage"},"thumbnailUrl":"https:\/\/renatodias.online\/movimento\/wp-content\/uploads\/2023\/06\/Wladimir-Pomar-1-e1686793012497.jpg","datePublished":"2023-06-15T01:37:12+00:00","dateModified":"2023-06-15T01:37:14+00:00","breadcrumb":{"@id":"https:\/\/renatodias.online\/movimento\/2023\/06\/14\/1936_2023-adeus-a-wladimir-pomar\/#breadcrumb"},"inLanguage":"pt-BR","potentialAction":[{"@type":"ReadAction","target":["https:\/\/renatodias.online\/movimento\/2023\/06\/14\/1936_2023-adeus-a-wladimir-pomar\/"]}]},{"@type":"ImageObject","inLanguage":"pt-BR","@id":"https:\/\/renatodias.online\/movimento\/2023\/06\/14\/1936_2023-adeus-a-wladimir-pomar\/#primaryimage","url":"https:\/\/renatodias.online\/movimento\/wp-content\/uploads\/2023\/06\/Wladimir-Pomar-1-e1686793012497.jpg","contentUrl":"https:\/\/renatodias.online\/movimento\/wp-content\/uploads\/2023\/06\/Wladimir-Pomar-1-e1686793012497.jpg","width":800,"height":457,"caption":"Wladimir Pomar"},{"@type":"BreadcrumbList","@id":"https:\/\/renatodias.online\/movimento\/2023\/06\/14\/1936_2023-adeus-a-wladimir-pomar\/#breadcrumb","itemListElement":[{"@type":"ListItem","position":1,"name":"In\u00edcio","item":"https:\/\/renatodias.online\/movimento\/"},{"@type":"ListItem","position":2,"name":"1936_2023: Adeus a Wladimir Pomar"}]},{"@type":"WebSite","@id":"https:\/\/renatodias.online\/movimento\/#website","url":"https:\/\/renatodias.online\/movimento\/","name":"","description":"","publisher":{"@id":"https:\/\/renatodias.online\/movimento\/#\/schema\/person\/bbab28833b1725a20f4083f49f1fb2a9"},"potentialAction":[{"@type":"SearchAction","target":{"@type":"EntryPoint","urlTemplate":"https:\/\/renatodias.online\/movimento\/?s={search_term_string}"},"query-input":{"@type":"PropertyValueSpecification","valueRequired":true,"valueName":"search_term_string"}}],"inLanguage":"pt-BR"},{"@type":["Person","Organization"],"@id":"https:\/\/renatodias.online\/movimento\/#\/schema\/person\/bbab28833b1725a20f4083f49f1fb2a9","name":"Renato Dias","image":{"@type":"ImageObject","inLanguage":"pt-BR","@id":"https:\/\/renatodias.online\/movimento\/wp-content\/uploads\/2023\/03\/cropped-cropped-cropped-logofinal.jpeg","url":"https:\/\/renatodias.online\/movimento\/wp-content\/uploads\/2023\/03\/cropped-cropped-cropped-logofinal.jpeg","contentUrl":"https:\/\/renatodias.online\/movimento\/wp-content\/uploads\/2023\/03\/cropped-cropped-cropped-logofinal.jpeg","width":1280,"height":219,"caption":"Renato Dias"},"logo":{"@id":"https:\/\/renatodias.online\/movimento\/wp-content\/uploads\/2023\/03\/cropped-cropped-cropped-logofinal.jpeg"},"description":"Renato Dias, 58 anos, \u00e9 graduado em Jornalismo, formado em Ci\u00eancias Sociais, com p\u00f3s-gradua\u00e7\u00e3o em Pol\u00edticas P\u00fablicas, mestre em Direito e Rela\u00e7\u00f5es Internacionais, ex-aluno extraordin\u00e1rio do Doutorado em Psicologia Social, ex-estudante do Curso de Psican\u00e1lise do Centro de Estudos Psicanal\u00edticos do Estado de Goi\u00e1s, ministrado pelo m\u00e9dico psiquiatra e psicanalista Daniel Em\u00eddio de Souza. \u00c9 autor de 30 livros-reportagem, oito document\u00e1rios, ganhou 30 pr\u00eamios e \u00e9 torcedor apaixonado do maior do Centro-Oeste, o Vila Nova Futebol Clube. Casado com Meirilane Dias, \u00e9 pai de Juliana Dias, jornalista; Daniel Dias, economista; e Maria Rosa Dias, estudante antifascista, socialista e trotskista.\u00a0Com tr\u00eas pets: Porquinho [Bull Dog Franc\u00eas], Dalila [Basset Hound] e Geleia [Basset Hound]. Al\u00e9m do eterno gato Tutuquinho, que virou estrela.","sameAs":["https:\/\/www.facebook.com\/renato.dias.37","#breve","https:\/\/renatodias.tumblr.com\/"],"url":"https:\/\/renatodias.online\/movimento\/author\/renatodias\/"}]}},"_links":{"self":[{"href":"https:\/\/renatodias.online\/movimento\/wp-json\/wp\/v2\/posts\/17007","targetHints":{"allow":["GET"]}}],"collection":[{"href":"https:\/\/renatodias.online\/movimento\/wp-json\/wp\/v2\/posts"}],"about":[{"href":"https:\/\/renatodias.online\/movimento\/wp-json\/wp\/v2\/types\/post"}],"author":[{"embeddable":true,"href":"https:\/\/renatodias.online\/movimento\/wp-json\/wp\/v2\/users\/2"}],"replies":[{"embeddable":true,"href":"https:\/\/renatodias.online\/movimento\/wp-json\/wp\/v2\/comments?post=17007"}],"version-history":[{"count":1,"href":"https:\/\/renatodias.online\/movimento\/wp-json\/wp\/v2\/posts\/17007\/revisions"}],"predecessor-version":[{"id":17010,"href":"https:\/\/renatodias.online\/movimento\/wp-json\/wp\/v2\/posts\/17007\/revisions\/17010"}],"wp:featuredmedia":[{"embeddable":true,"href":"https:\/\/renatodias.online\/movimento\/wp-json\/wp\/v2\/media\/17009"}],"wp:attachment":[{"href":"https:\/\/renatodias.online\/movimento\/wp-json\/wp\/v2\/media?parent=17007"}],"wp:term":[{"taxonomy":"category","embeddable":true,"href":"https:\/\/renatodias.online\/movimento\/wp-json\/wp\/v2\/categories?post=17007"},{"taxonomy":"post_tag","embeddable":true,"href":"https:\/\/renatodias.online\/movimento\/wp-json\/wp\/v2\/tags?post=17007"}],"curies":[{"name":"wp","href":"https:\/\/api.w.org\/{rel}","templated":true}]}}