{"id":17000,"date":"2023-06-14T22:25:39","date_gmt":"2023-06-15T01:25:39","guid":{"rendered":"https:\/\/renatodias.online\/movimento\/?p=17000"},"modified":"2023-06-14T23:11:51","modified_gmt":"2023-06-15T02:11:51","slug":"suastica-em-condominio-de-luxo","status":"publish","type":"post","link":"https:\/\/renatodias.online\/movimento\/2023\/06\/14\/suastica-em-condominio-de-luxo\/","title":{"rendered":"<strong>Su\u00e1stica em condom\u00ednio de luxo\u00a0<\/strong>"},"content":{"rendered":"\n<p class=\"has-text-align-center\"><strong><mark style=\"background-color:rgba(0, 0, 0, 0)\" class=\"has-inline-color has-vivid-green-cyan-color\">Fascismo em Goi\u00e2nia<\/mark><\/strong><\/p>\n\n\n\n<figure class=\"wp-block-image aligncenter size-full\"><img loading=\"lazy\" decoding=\"async\" width=\"150\" height=\"150\" src=\"https:\/\/renatodias.online\/movimento\/wp-content\/uploads\/2021\/04\/Bomba-A-morte-da-Politica-e1683416532524.jpg\" alt=\"explosivo\" class=\"wp-image-5888\" srcset=\"https:\/\/renatodias.online\/movimento\/wp-content\/uploads\/2021\/04\/Bomba-A-morte-da-Politica-e1683416532524.jpg 150w, https:\/\/renatodias.online\/movimento\/wp-content\/uploads\/2021\/04\/Bomba-A-morte-da-Politica-e1683416532524-96x96.jpg 96w\" sizes=\"auto, (max-width: 150px) 100vw, 150px\" \/><figcaption class=\"wp-element-caption\"><strong><mark style=\"background-color:rgba(0, 0, 0, 0)\" class=\"has-inline-color has-luminous-vivid-orange-color\">explosivo<\/mark><\/strong><\/figcaption><\/figure>\n\n\n\n<p class=\"has-text-align-center\"><strong><mark style=\"background-color:rgba(0, 0, 0, 0)\" class=\"has-inline-color has-vivid-green-cyan-color\">Crime de apologia ao terror&nbsp;<\/mark><\/strong><\/p>\n\n\n\n<p class=\"has-text-align-center\"><mark style=\"background-color:rgba(0, 0, 0, 0)\" class=\"has-inline-color has-vivid-purple-color\">&#8216;<\/mark><strong><mark style=\"background-color:rgba(0, 0, 0, 0)\" class=\"has-inline-color has-vivid-purple-color\">O direito \u00e0 liberdade de express\u00e3o n\u00e3o engloba a apologia do nazismo<\/mark><\/strong><\/p>\n\n\n\n<p class=\"has-text-align-center\"><strong><mark style=\"background-color:rgba(0, 0, 0, 0)\" class=\"has-inline-color has-vivid-red-color\">Renato Dias<\/mark><\/strong><\/p>\n\n\n\n<p>S\u00edmbolo hist\u00f3rico do nazismo [1933-1945], imortalizado nos crimes de lesa-humanidade executados pelo chanceler da Alemanha, Adolf Hitler, um artista pl\u00e1stico med\u00edocre, <strong>a Su\u00e1stica adorna, hoje, uma parede, de um condom\u00ednio de luxo da capital do Estado de Goi\u00e1s: o Jardins Madri.<\/strong> Esc\u00e1rnio. Esc\u00e2ndalo.<\/p>\n\n\n\n<figure class=\"wp-block-image aligncenter size-full\"><img loading=\"lazy\" decoding=\"async\" width=\"768\" height=\"405\" src=\"https:\/\/renatodias.online\/movimento\/wp-content\/uploads\/2023\/06\/Nazismo-1.png\" alt=\"\" class=\"wp-image-17001\" srcset=\"https:\/\/renatodias.online\/movimento\/wp-content\/uploads\/2023\/06\/Nazismo-1.png 768w, https:\/\/renatodias.online\/movimento\/wp-content\/uploads\/2023\/06\/Nazismo-1-300x158.png 300w, https:\/\/renatodias.online\/movimento\/wp-content\/uploads\/2023\/06\/Nazismo-1-390x205.png 390w, https:\/\/renatodias.online\/movimento\/wp-content\/uploads\/2023\/06\/Nazismo-1-150x79.png 150w\" sizes=\"auto, (max-width: 768px) 100vw, 768px\" \/><figcaption class=\"wp-element-caption\"><strong>A bandeira nazista<\/strong><\/figcaption><\/figure>\n\n\n\n<p>O presidente da Associa\u00e7\u00e3o dos Moradores do Condom\u00ednio Jardins Madri, um advogado, <strong>M\u00e1rcio Flamarion<\/strong>, cr\u00edtico, informa ao <strong><mark style=\"background-color:rgba(0, 0, 0, 0)\" class=\"has-inline-color has-vivid-red-color\">Portal de Not\u00edcias www.renatodias.online<\/mark><\/strong> condenar eventual apologia ao nazismo e fascismo. Inaceit\u00e1vel, resume. Ele diz que a seguran\u00e7a ir\u00e1 monitorar o que a c\u00e2mera local captou.<\/p>\n\n\n\n<figure class=\"wp-block-image aligncenter size-large\"><img loading=\"lazy\" decoding=\"async\" width=\"1029\" height=\"1024\" src=\"https:\/\/renatodias.online\/movimento\/wp-content\/uploads\/2023\/06\/Marcio-Flamarion-1029x1024.png\" alt=\"\" class=\"wp-image-17002\"\/><figcaption class=\"wp-element-caption\"><strong>M\u00e1rcio Flamarion<\/strong><\/figcaption><\/figure>\n\n\n\n<p><strong>A su\u00e1stica \u00e9 o \u00edcone da propaganda nazista <\/strong>que mais obteve visibilidade. Ela estampava a bandeira, cartazes eleitorais, bra\u00e7adeiras, medalh\u00f5es e emblemas militares. Al\u00e9m de organiza\u00e7\u00f5es de extrema-direita do III Reich. O s\u00edmbolo dos arianos supremacistas. Terror aos judeus, negros, ciganos, LGBTsQUIAP+.<\/p>\n\n\n\n<figure class=\"wp-block-image aligncenter size-full\"><img loading=\"lazy\" decoding=\"async\" width=\"800\" height=\"460\" src=\"https:\/\/renatodias.online\/movimento\/wp-content\/uploads\/2023\/06\/Nazismo-2-e1686791872529.png\" alt=\"\" class=\"wp-image-17003\" srcset=\"https:\/\/renatodias.online\/movimento\/wp-content\/uploads\/2023\/06\/Nazismo-2-e1686791872529.png 800w, https:\/\/renatodias.online\/movimento\/wp-content\/uploads\/2023\/06\/Nazismo-2-e1686791872529-300x173.png 300w, https:\/\/renatodias.online\/movimento\/wp-content\/uploads\/2023\/06\/Nazismo-2-e1686791872529-768x442.png 768w, https:\/\/renatodias.online\/movimento\/wp-content\/uploads\/2023\/06\/Nazismo-2-e1686791872529-150x86.png 150w\" sizes=\"auto, (max-width: 800px) 100vw, 800px\" \/><figcaption class=\"wp-element-caption\"><strong>Benito Mussolini, fascista, e Adolf Hitler, nazista<\/strong><\/figcaption><\/figure>\n\n\n\n<p><strong>O Brasil teria, hoje, 530 c\u00e9lulas neonazistas. Com dez mil adeptos. Goi\u00e1s j\u00e1 faz parte do mapa<\/strong>. O alimento \u00e9 o racismo, a xenofobia, a misoginia, a homofobia. A masculinidade t\u00f3xica. O \u00f3dio \u00e0 democracia e \u00e0s esquerdas. O culto \u00e0s armas. Veja: ode \u00e0 viol\u00eancia. Ao armamentismo. \u00c9, sim, a mis\u00e9ria fascista.<\/p>\n\n\n\n<figure class=\"wp-block-image aligncenter size-full\"><img loading=\"lazy\" decoding=\"async\" width=\"980\" height=\"701\" src=\"https:\/\/renatodias.online\/movimento\/wp-content\/uploads\/2023\/06\/Nazismo-3.png\" alt=\"\" class=\"wp-image-17004\" srcset=\"https:\/\/renatodias.online\/movimento\/wp-content\/uploads\/2023\/06\/Nazismo-3.png 980w, https:\/\/renatodias.online\/movimento\/wp-content\/uploads\/2023\/06\/Nazismo-3-300x215.png 300w, https:\/\/renatodias.online\/movimento\/wp-content\/uploads\/2023\/06\/Nazismo-3-768x549.png 768w, https:\/\/renatodias.online\/movimento\/wp-content\/uploads\/2023\/06\/Nazismo-3-150x107.png 150w\" sizes=\"auto, (max-width: 980px) 100vw, 980px\" \/><figcaption class=\"wp-element-caption\"><strong>Mortos na Segunda Guerra Mundial<\/strong><\/figcaption><\/figure>\n\n\n\n<p>Pesquisadores da Hist\u00f3ria Contempor\u00e2nea apontam fundamentados em documentos que o totalitarismo nazifascista teria sido o respons\u00e1vel por 26 milh\u00f5es de mortos. Judeus, seis milh\u00f5es. A proje\u00e7\u00e3o de mortes na Segunda Guerra Mundial \u00e9 de at\u00e9 <strong>85 milh\u00f5es de pessoas. Entre 1939 a 1945<\/strong>.<\/p>\n\n\n\n<figure class=\"wp-block-image aligncenter size-full\"><img loading=\"lazy\" decoding=\"async\" width=\"300\" height=\"103\" src=\"https:\/\/renatodias.online\/movimento\/wp-content\/uploads\/2022\/08\/Saiba-mais-e1680139445250.png\" alt=\"\" class=\"wp-image-13698\" srcset=\"https:\/\/renatodias.online\/movimento\/wp-content\/uploads\/2022\/08\/Saiba-mais-e1680139445250.png 300w, https:\/\/renatodias.online\/movimento\/wp-content\/uploads\/2022\/08\/Saiba-mais-e1680139445250-150x52.png 150w\" sizes=\"auto, (max-width: 300px) 100vw, 300px\" \/><\/figure>\n\n\n\n<p class=\"has-text-align-center\"><strong><mark style=\"background-color:rgba(0, 0, 0, 0)\" class=\"has-inline-color has-vivid-red-color\">Apologia ao nazismo \u00e9 crime<\/mark><\/strong><\/p>\n\n\n\n<p><strong>A apologia ao nazismo \u00e9 crime, sim.<\/strong> \u00c9 o que determina a Lei 7.716, de 1989. Fabricar ou veicular s\u00edmbolos, emblemas, ornamentos e propaganda com o uso da Cruz Su\u00e1stica \u00e9 pass\u00edvel de uma pena de reclus\u00e3o de dois a cinco anos e multa. Assim como incitar a discrimina\u00e7\u00e3o de ra\u00e7a, cor, etnia, religi\u00e3o: um a tr\u00eas anos de cadeia e multa tamb\u00e9m.<\/p>\n\n\n\n<figure class=\"wp-block-image aligncenter size-full\"><img decoding=\"async\" src=\"https:\/\/renatodias.online\/movimento\/wp-content\/uploads\/2022\/04\/STF-link-e1682634196896.jpg\" alt=\"\" class=\"wp-image-11773\"\/><figcaption class=\"wp-element-caption\"><strong>STF<\/strong><\/figcaption><\/figure>\n","protected":false},"excerpt":{"rendered":"<p>Fascismo em Goi\u00e2nia Crime de apologia ao terror&nbsp; &#8216;O direito \u00e0 liberdade de express\u00e3o n\u00e3o engloba a apologia do nazismo Renato Dias S\u00edmbolo hist\u00f3rico do nazismo [1933-1945], imortalizado nos crimes de lesa-humanidade executados pelo chanceler da Alemanha, Adolf Hitler, um artista pl\u00e1stico med\u00edocre, a Su\u00e1stica adorna, hoje, uma parede, de um condom\u00ednio de luxo da<\/p>\n","protected":false},"author":2,"featured_media":17005,"comment_status":"open","ping_status":"open","sticky":false,"template":"","format":"standard","meta":{"_acf_changed":false,"_monsterinsights_skip_tracking":false,"_monsterinsights_sitenote_active":false,"_monsterinsights_sitenote_note":"","_monsterinsights_sitenote_category":0,"footnotes":""},"categories":[4],"tags":[],"class_list":["post-17000","post","type-post","status-publish","format-standard","has-post-thumbnail","hentry","category-politica"],"acf":[],"yoast_head":"<!-- This site is optimized with the Yoast SEO plugin v27.4 - https:\/\/yoast.com\/product\/yoast-seo-wordpress\/ -->\n<title>Su\u00e1stica em condom\u00ednio de luxo\u00a0 -<\/title>\n<meta name=\"robots\" content=\"index, follow, max-snippet:-1, max-image-preview:large, max-video-preview:-1\" \/>\n<link rel=\"canonical\" href=\"https:\/\/renatodias.online\/movimento\/2023\/06\/14\/suastica-em-condominio-de-luxo\/\" \/>\n<meta property=\"og:locale\" content=\"pt_BR\" \/>\n<meta property=\"og:type\" content=\"article\" \/>\n<meta property=\"og:title\" content=\"Su\u00e1stica em condom\u00ednio de luxo\u00a0 -\" \/>\n<meta property=\"og:description\" content=\"Fascismo em Goi\u00e2nia Crime de apologia ao terror&nbsp; &#8216;O direito \u00e0 liberdade de express\u00e3o n\u00e3o engloba a apologia do nazismo Renato Dias S\u00edmbolo hist\u00f3rico do nazismo [1933-1945], imortalizado nos crimes de lesa-humanidade executados pelo chanceler da Alemanha, Adolf Hitler, um artista pl\u00e1stico med\u00edocre, a Su\u00e1stica adorna, hoje, uma parede, de um condom\u00ednio de luxo da\" \/>\n<meta property=\"og:url\" content=\"https:\/\/renatodias.online\/movimento\/2023\/06\/14\/suastica-em-condominio-de-luxo\/\" \/>\n<meta property=\"article:publisher\" content=\"https:\/\/www.facebook.com\/renato.dias.37\" \/>\n<meta property=\"article:author\" content=\"https:\/\/www.facebook.com\/renato.dias.37\" \/>\n<meta property=\"article:published_time\" content=\"2023-06-15T01:25:39+00:00\" \/>\n<meta property=\"article:modified_time\" content=\"2023-06-15T02:11:51+00:00\" \/>\n<meta property=\"og:image\" content=\"https:\/\/renatodias.online\/movimento\/wp-content\/uploads\/2023\/06\/Arte-a-suastica-e1686792310213.jpg\" \/>\n\t<meta property=\"og:image:width\" content=\"800\" \/>\n\t<meta property=\"og:image:height\" content=\"533\" \/>\n\t<meta property=\"og:image:type\" content=\"image\/jpeg\" \/>\n<meta name=\"author\" content=\"Renato Dias\" \/>\n<meta name=\"twitter:card\" content=\"summary_large_image\" \/>\n<meta name=\"twitter:creator\" content=\"@RenatoDiasBat\" \/>\n<meta name=\"twitter:site\" content=\"@RenatoDiasBat\" \/>\n<meta name=\"twitter:label1\" content=\"Escrito por\" \/>\n\t<meta name=\"twitter:data1\" content=\"Renato Dias\" \/>\n\t<meta name=\"twitter:label2\" content=\"Est. tempo de leitura\" \/>\n\t<meta name=\"twitter:data2\" content=\"4 minutos\" \/>\n<script type=\"application\/ld+json\" class=\"yoast-schema-graph\">{\"@context\":\"https:\\\/\\\/schema.org\",\"@graph\":[{\"@type\":\"Article\",\"@id\":\"https:\\\/\\\/renatodias.online\\\/movimento\\\/2023\\\/06\\\/14\\\/suastica-em-condominio-de-luxo\\\/#article\",\"isPartOf\":{\"@id\":\"https:\\\/\\\/renatodias.online\\\/movimento\\\/2023\\\/06\\\/14\\\/suastica-em-condominio-de-luxo\\\/\"},\"author\":{\"name\":\"Renato Dias\",\"@id\":\"https:\\\/\\\/renatodias.online\\\/movimento\\\/#\\\/schema\\\/person\\\/bbab28833b1725a20f4083f49f1fb2a9\"},\"headline\":\"Su\u00e1stica em condom\u00ednio de luxo\u00a0\",\"datePublished\":\"2023-06-15T01:25:39+00:00\",\"dateModified\":\"2023-06-15T02:11:51+00:00\",\"mainEntityOfPage\":{\"@id\":\"https:\\\/\\\/renatodias.online\\\/movimento\\\/2023\\\/06\\\/14\\\/suastica-em-condominio-de-luxo\\\/\"},\"wordCount\":373,\"commentCount\":0,\"publisher\":{\"@id\":\"https:\\\/\\\/renatodias.online\\\/movimento\\\/#\\\/schema\\\/person\\\/bbab28833b1725a20f4083f49f1fb2a9\"},\"image\":{\"@id\":\"https:\\\/\\\/renatodias.online\\\/movimento\\\/2023\\\/06\\\/14\\\/suastica-em-condominio-de-luxo\\\/#primaryimage\"},\"thumbnailUrl\":\"https:\\\/\\\/renatodias.online\\\/movimento\\\/wp-content\\\/uploads\\\/2023\\\/06\\\/Arte-a-suastica-e1686792310213.jpg\",\"articleSection\":[\"Pol\u00edtica\"],\"inLanguage\":\"pt-BR\",\"potentialAction\":[{\"@type\":\"CommentAction\",\"name\":\"Comment\",\"target\":[\"https:\\\/\\\/renatodias.online\\\/movimento\\\/2023\\\/06\\\/14\\\/suastica-em-condominio-de-luxo\\\/#respond\"]}]},{\"@type\":\"WebPage\",\"@id\":\"https:\\\/\\\/renatodias.online\\\/movimento\\\/2023\\\/06\\\/14\\\/suastica-em-condominio-de-luxo\\\/\",\"url\":\"https:\\\/\\\/renatodias.online\\\/movimento\\\/2023\\\/06\\\/14\\\/suastica-em-condominio-de-luxo\\\/\",\"name\":\"Su\u00e1stica em condom\u00ednio de luxo\u00a0 -\",\"isPartOf\":{\"@id\":\"https:\\\/\\\/renatodias.online\\\/movimento\\\/#website\"},\"primaryImageOfPage\":{\"@id\":\"https:\\\/\\\/renatodias.online\\\/movimento\\\/2023\\\/06\\\/14\\\/suastica-em-condominio-de-luxo\\\/#primaryimage\"},\"image\":{\"@id\":\"https:\\\/\\\/renatodias.online\\\/movimento\\\/2023\\\/06\\\/14\\\/suastica-em-condominio-de-luxo\\\/#primaryimage\"},\"thumbnailUrl\":\"https:\\\/\\\/renatodias.online\\\/movimento\\\/wp-content\\\/uploads\\\/2023\\\/06\\\/Arte-a-suastica-e1686792310213.jpg\",\"datePublished\":\"2023-06-15T01:25:39+00:00\",\"dateModified\":\"2023-06-15T02:11:51+00:00\",\"breadcrumb\":{\"@id\":\"https:\\\/\\\/renatodias.online\\\/movimento\\\/2023\\\/06\\\/14\\\/suastica-em-condominio-de-luxo\\\/#breadcrumb\"},\"inLanguage\":\"pt-BR\",\"potentialAction\":[{\"@type\":\"ReadAction\",\"target\":[\"https:\\\/\\\/renatodias.online\\\/movimento\\\/2023\\\/06\\\/14\\\/suastica-em-condominio-de-luxo\\\/\"]}]},{\"@type\":\"ImageObject\",\"inLanguage\":\"pt-BR\",\"@id\":\"https:\\\/\\\/renatodias.online\\\/movimento\\\/2023\\\/06\\\/14\\\/suastica-em-condominio-de-luxo\\\/#primaryimage\",\"url\":\"https:\\\/\\\/renatodias.online\\\/movimento\\\/wp-content\\\/uploads\\\/2023\\\/06\\\/Arte-a-suastica-e1686792310213.jpg\",\"contentUrl\":\"https:\\\/\\\/renatodias.online\\\/movimento\\\/wp-content\\\/uploads\\\/2023\\\/06\\\/Arte-a-suastica-e1686792310213.jpg\",\"width\":800,\"height\":533,\"caption\":\"Esc\u00e1rnio: a Su\u00e1stica em um Condom\u00ednio de Luxo de Goi\u00e2nia Cr\u00e9dito: reprodu\u00e7\u00e3o\"},{\"@type\":\"BreadcrumbList\",\"@id\":\"https:\\\/\\\/renatodias.online\\\/movimento\\\/2023\\\/06\\\/14\\\/suastica-em-condominio-de-luxo\\\/#breadcrumb\",\"itemListElement\":[{\"@type\":\"ListItem\",\"position\":1,\"name\":\"In\u00edcio\",\"item\":\"https:\\\/\\\/renatodias.online\\\/movimento\\\/\"},{\"@type\":\"ListItem\",\"position\":2,\"name\":\"Su\u00e1stica em condom\u00ednio de luxo\u00a0\"}]},{\"@type\":\"WebSite\",\"@id\":\"https:\\\/\\\/renatodias.online\\\/movimento\\\/#website\",\"url\":\"https:\\\/\\\/renatodias.online\\\/movimento\\\/\",\"name\":\"\",\"description\":\"\",\"publisher\":{\"@id\":\"https:\\\/\\\/renatodias.online\\\/movimento\\\/#\\\/schema\\\/person\\\/bbab28833b1725a20f4083f49f1fb2a9\"},\"potentialAction\":[{\"@type\":\"SearchAction\",\"target\":{\"@type\":\"EntryPoint\",\"urlTemplate\":\"https:\\\/\\\/renatodias.online\\\/movimento\\\/?s={search_term_string}\"},\"query-input\":{\"@type\":\"PropertyValueSpecification\",\"valueRequired\":true,\"valueName\":\"search_term_string\"}}],\"inLanguage\":\"pt-BR\"},{\"@type\":[\"Person\",\"Organization\"],\"@id\":\"https:\\\/\\\/renatodias.online\\\/movimento\\\/#\\\/schema\\\/person\\\/bbab28833b1725a20f4083f49f1fb2a9\",\"name\":\"Renato Dias\",\"image\":{\"@type\":\"ImageObject\",\"inLanguage\":\"pt-BR\",\"@id\":\"https:\\\/\\\/renatodias.online\\\/movimento\\\/wp-content\\\/uploads\\\/2023\\\/03\\\/cropped-cropped-cropped-logofinal.jpeg\",\"url\":\"https:\\\/\\\/renatodias.online\\\/movimento\\\/wp-content\\\/uploads\\\/2023\\\/03\\\/cropped-cropped-cropped-logofinal.jpeg\",\"contentUrl\":\"https:\\\/\\\/renatodias.online\\\/movimento\\\/wp-content\\\/uploads\\\/2023\\\/03\\\/cropped-cropped-cropped-logofinal.jpeg\",\"width\":1280,\"height\":219,\"caption\":\"Renato Dias\"},\"logo\":{\"@id\":\"https:\\\/\\\/renatodias.online\\\/movimento\\\/wp-content\\\/uploads\\\/2023\\\/03\\\/cropped-cropped-cropped-logofinal.jpeg\"},\"description\":\"Renato Dias, 58 anos, \u00e9 graduado em Jornalismo, formado em Ci\u00eancias Sociais, com p\u00f3s-gradua\u00e7\u00e3o em Pol\u00edticas P\u00fablicas, mestre em Direito e Rela\u00e7\u00f5es Internacionais, ex-aluno extraordin\u00e1rio do Doutorado em Psicologia Social, ex-estudante do Curso de Psican\u00e1lise do Centro de Estudos Psicanal\u00edticos do Estado de Goi\u00e1s, ministrado pelo m\u00e9dico psiquiatra e psicanalista Daniel Em\u00eddio de Souza. \u00c9 autor de 30 livros-reportagem, oito document\u00e1rios, ganhou 30 pr\u00eamios e \u00e9 torcedor apaixonado do maior do Centro-Oeste, o Vila Nova Futebol Clube. Casado com Meirilane Dias, \u00e9 pai de Juliana Dias, jornalista; Daniel Dias, economista; e Maria Rosa Dias, estudante antifascista, socialista e trotskista.\u00a0Com tr\u00eas pets: Porquinho [Bull Dog Franc\u00eas], Dalila [Basset Hound] e Geleia [Basset Hound]. Al\u00e9m do eterno gato Tutuquinho, que virou estrela.\",\"sameAs\":[\"https:\\\/\\\/www.facebook.com\\\/renato.dias.37\",\"#breve\",\"https:\\\/\\\/renatodias.tumblr.com\\\/\"],\"url\":\"https:\\\/\\\/renatodias.online\\\/movimento\\\/author\\\/renatodias\\\/\"}]}<\/script>\n<!-- \/ Yoast SEO plugin. -->","yoast_head_json":{"title":"Su\u00e1stica em condom\u00ednio de luxo\u00a0 -","robots":{"index":"index","follow":"follow","max-snippet":"max-snippet:-1","max-image-preview":"max-image-preview:large","max-video-preview":"max-video-preview:-1"},"canonical":"https:\/\/renatodias.online\/movimento\/2023\/06\/14\/suastica-em-condominio-de-luxo\/","og_locale":"pt_BR","og_type":"article","og_title":"Su\u00e1stica em condom\u00ednio de luxo\u00a0 -","og_description":"Fascismo em Goi\u00e2nia Crime de apologia ao terror&nbsp; &#8216;O direito \u00e0 liberdade de express\u00e3o n\u00e3o engloba a apologia do nazismo Renato Dias S\u00edmbolo hist\u00f3rico do nazismo [1933-1945], imortalizado nos crimes de lesa-humanidade executados pelo chanceler da Alemanha, Adolf Hitler, um artista pl\u00e1stico med\u00edocre, a Su\u00e1stica adorna, hoje, uma parede, de um condom\u00ednio de luxo da","og_url":"https:\/\/renatodias.online\/movimento\/2023\/06\/14\/suastica-em-condominio-de-luxo\/","article_publisher":"https:\/\/www.facebook.com\/renato.dias.37","article_author":"https:\/\/www.facebook.com\/renato.dias.37","article_published_time":"2023-06-15T01:25:39+00:00","article_modified_time":"2023-06-15T02:11:51+00:00","og_image":[{"width":800,"height":533,"url":"https:\/\/renatodias.online\/movimento\/wp-content\/uploads\/2023\/06\/Arte-a-suastica-e1686792310213.jpg","type":"image\/jpeg"}],"author":"Renato Dias","twitter_card":"summary_large_image","twitter_creator":"@RenatoDiasBat","twitter_site":"@RenatoDiasBat","twitter_misc":{"Escrito por":"Renato Dias","Est. tempo de leitura":"4 minutos"},"schema":{"@context":"https:\/\/schema.org","@graph":[{"@type":"Article","@id":"https:\/\/renatodias.online\/movimento\/2023\/06\/14\/suastica-em-condominio-de-luxo\/#article","isPartOf":{"@id":"https:\/\/renatodias.online\/movimento\/2023\/06\/14\/suastica-em-condominio-de-luxo\/"},"author":{"name":"Renato Dias","@id":"https:\/\/renatodias.online\/movimento\/#\/schema\/person\/bbab28833b1725a20f4083f49f1fb2a9"},"headline":"Su\u00e1stica em condom\u00ednio de luxo\u00a0","datePublished":"2023-06-15T01:25:39+00:00","dateModified":"2023-06-15T02:11:51+00:00","mainEntityOfPage":{"@id":"https:\/\/renatodias.online\/movimento\/2023\/06\/14\/suastica-em-condominio-de-luxo\/"},"wordCount":373,"commentCount":0,"publisher":{"@id":"https:\/\/renatodias.online\/movimento\/#\/schema\/person\/bbab28833b1725a20f4083f49f1fb2a9"},"image":{"@id":"https:\/\/renatodias.online\/movimento\/2023\/06\/14\/suastica-em-condominio-de-luxo\/#primaryimage"},"thumbnailUrl":"https:\/\/renatodias.online\/movimento\/wp-content\/uploads\/2023\/06\/Arte-a-suastica-e1686792310213.jpg","articleSection":["Pol\u00edtica"],"inLanguage":"pt-BR","potentialAction":[{"@type":"CommentAction","name":"Comment","target":["https:\/\/renatodias.online\/movimento\/2023\/06\/14\/suastica-em-condominio-de-luxo\/#respond"]}]},{"@type":"WebPage","@id":"https:\/\/renatodias.online\/movimento\/2023\/06\/14\/suastica-em-condominio-de-luxo\/","url":"https:\/\/renatodias.online\/movimento\/2023\/06\/14\/suastica-em-condominio-de-luxo\/","name":"Su\u00e1stica em condom\u00ednio de luxo\u00a0 -","isPartOf":{"@id":"https:\/\/renatodias.online\/movimento\/#website"},"primaryImageOfPage":{"@id":"https:\/\/renatodias.online\/movimento\/2023\/06\/14\/suastica-em-condominio-de-luxo\/#primaryimage"},"image":{"@id":"https:\/\/renatodias.online\/movimento\/2023\/06\/14\/suastica-em-condominio-de-luxo\/#primaryimage"},"thumbnailUrl":"https:\/\/renatodias.online\/movimento\/wp-content\/uploads\/2023\/06\/Arte-a-suastica-e1686792310213.jpg","datePublished":"2023-06-15T01:25:39+00:00","dateModified":"2023-06-15T02:11:51+00:00","breadcrumb":{"@id":"https:\/\/renatodias.online\/movimento\/2023\/06\/14\/suastica-em-condominio-de-luxo\/#breadcrumb"},"inLanguage":"pt-BR","potentialAction":[{"@type":"ReadAction","target":["https:\/\/renatodias.online\/movimento\/2023\/06\/14\/suastica-em-condominio-de-luxo\/"]}]},{"@type":"ImageObject","inLanguage":"pt-BR","@id":"https:\/\/renatodias.online\/movimento\/2023\/06\/14\/suastica-em-condominio-de-luxo\/#primaryimage","url":"https:\/\/renatodias.online\/movimento\/wp-content\/uploads\/2023\/06\/Arte-a-suastica-e1686792310213.jpg","contentUrl":"https:\/\/renatodias.online\/movimento\/wp-content\/uploads\/2023\/06\/Arte-a-suastica-e1686792310213.jpg","width":800,"height":533,"caption":"Esc\u00e1rnio: a Su\u00e1stica em um Condom\u00ednio de Luxo de Goi\u00e2nia Cr\u00e9dito: reprodu\u00e7\u00e3o"},{"@type":"BreadcrumbList","@id":"https:\/\/renatodias.online\/movimento\/2023\/06\/14\/suastica-em-condominio-de-luxo\/#breadcrumb","itemListElement":[{"@type":"ListItem","position":1,"name":"In\u00edcio","item":"https:\/\/renatodias.online\/movimento\/"},{"@type":"ListItem","position":2,"name":"Su\u00e1stica em condom\u00ednio de luxo\u00a0"}]},{"@type":"WebSite","@id":"https:\/\/renatodias.online\/movimento\/#website","url":"https:\/\/renatodias.online\/movimento\/","name":"","description":"","publisher":{"@id":"https:\/\/renatodias.online\/movimento\/#\/schema\/person\/bbab28833b1725a20f4083f49f1fb2a9"},"potentialAction":[{"@type":"SearchAction","target":{"@type":"EntryPoint","urlTemplate":"https:\/\/renatodias.online\/movimento\/?s={search_term_string}"},"query-input":{"@type":"PropertyValueSpecification","valueRequired":true,"valueName":"search_term_string"}}],"inLanguage":"pt-BR"},{"@type":["Person","Organization"],"@id":"https:\/\/renatodias.online\/movimento\/#\/schema\/person\/bbab28833b1725a20f4083f49f1fb2a9","name":"Renato Dias","image":{"@type":"ImageObject","inLanguage":"pt-BR","@id":"https:\/\/renatodias.online\/movimento\/wp-content\/uploads\/2023\/03\/cropped-cropped-cropped-logofinal.jpeg","url":"https:\/\/renatodias.online\/movimento\/wp-content\/uploads\/2023\/03\/cropped-cropped-cropped-logofinal.jpeg","contentUrl":"https:\/\/renatodias.online\/movimento\/wp-content\/uploads\/2023\/03\/cropped-cropped-cropped-logofinal.jpeg","width":1280,"height":219,"caption":"Renato Dias"},"logo":{"@id":"https:\/\/renatodias.online\/movimento\/wp-content\/uploads\/2023\/03\/cropped-cropped-cropped-logofinal.jpeg"},"description":"Renato Dias, 58 anos, \u00e9 graduado em Jornalismo, formado em Ci\u00eancias Sociais, com p\u00f3s-gradua\u00e7\u00e3o em Pol\u00edticas P\u00fablicas, mestre em Direito e Rela\u00e7\u00f5es Internacionais, ex-aluno extraordin\u00e1rio do Doutorado em Psicologia Social, ex-estudante do Curso de Psican\u00e1lise do Centro de Estudos Psicanal\u00edticos do Estado de Goi\u00e1s, ministrado pelo m\u00e9dico psiquiatra e psicanalista Daniel Em\u00eddio de Souza. \u00c9 autor de 30 livros-reportagem, oito document\u00e1rios, ganhou 30 pr\u00eamios e \u00e9 torcedor apaixonado do maior do Centro-Oeste, o Vila Nova Futebol Clube. Casado com Meirilane Dias, \u00e9 pai de Juliana Dias, jornalista; Daniel Dias, economista; e Maria Rosa Dias, estudante antifascista, socialista e trotskista.\u00a0Com tr\u00eas pets: Porquinho [Bull Dog Franc\u00eas], Dalila [Basset Hound] e Geleia [Basset Hound]. Al\u00e9m do eterno gato Tutuquinho, que virou estrela.","sameAs":["https:\/\/www.facebook.com\/renato.dias.37","#breve","https:\/\/renatodias.tumblr.com\/"],"url":"https:\/\/renatodias.online\/movimento\/author\/renatodias\/"}]}},"_links":{"self":[{"href":"https:\/\/renatodias.online\/movimento\/wp-json\/wp\/v2\/posts\/17000","targetHints":{"allow":["GET"]}}],"collection":[{"href":"https:\/\/renatodias.online\/movimento\/wp-json\/wp\/v2\/posts"}],"about":[{"href":"https:\/\/renatodias.online\/movimento\/wp-json\/wp\/v2\/types\/post"}],"author":[{"embeddable":true,"href":"https:\/\/renatodias.online\/movimento\/wp-json\/wp\/v2\/users\/2"}],"replies":[{"embeddable":true,"href":"https:\/\/renatodias.online\/movimento\/wp-json\/wp\/v2\/comments?post=17000"}],"version-history":[{"count":3,"href":"https:\/\/renatodias.online\/movimento\/wp-json\/wp\/v2\/posts\/17000\/revisions"}],"predecessor-version":[{"id":17024,"href":"https:\/\/renatodias.online\/movimento\/wp-json\/wp\/v2\/posts\/17000\/revisions\/17024"}],"wp:featuredmedia":[{"embeddable":true,"href":"https:\/\/renatodias.online\/movimento\/wp-json\/wp\/v2\/media\/17005"}],"wp:attachment":[{"href":"https:\/\/renatodias.online\/movimento\/wp-json\/wp\/v2\/media?parent=17000"}],"wp:term":[{"taxonomy":"category","embeddable":true,"href":"https:\/\/renatodias.online\/movimento\/wp-json\/wp\/v2\/categories?post=17000"},{"taxonomy":"post_tag","embeddable":true,"href":"https:\/\/renatodias.online\/movimento\/wp-json\/wp\/v2\/tags?post=17000"}],"curies":[{"name":"wp","href":"https:\/\/api.w.org\/{rel}","templated":true}]}}