{"id":16985,"date":"2023-06-09T15:12:54","date_gmt":"2023-06-09T18:12:54","guid":{"rendered":"https:\/\/renatodias.online\/movimento\/?p=16985"},"modified":"2023-06-09T15:12:55","modified_gmt":"2023-06-09T18:12:55","slug":"car-de-cartorio","status":"publish","type":"post","link":"https:\/\/renatodias.online\/movimento\/2023\/06\/09\/car-de-cartorio\/","title":{"rendered":"<strong>CAR de cart\u00f3rio<\/strong>"},"content":{"rendered":"\n<figure class=\"wp-block-image aligncenter size-large\"><img loading=\"lazy\" decoding=\"async\" width=\"1024\" height=\"311\" src=\"https:\/\/renatodias.online\/movimento\/wp-content\/uploads\/2020\/11\/Alto-da-p\u00e1gina-Banner-Exclusivo-1-1024x311.png\" alt=\"\" class=\"wp-image-4894\"\/><\/figure>\n\n\n\n<p class=\"has-text-align-center\"><strong><mark style=\"background-color:rgba(0, 0, 0, 0)\" class=\"has-inline-color has-vivid-green-cyan-color\">M\u00e1rcio Santilli<\/mark><\/strong><\/p>\n\n\n\n<p>Ao votar a Medida Provis\u00f3ria (MP) 1.154\/2023, que institui a estrutura dos minist\u00e9rios no atual mandato presidencial, a comiss\u00e3o mista, formada por deputados e senadores, decidiu retirar \u00f3rg\u00e3os e atribui\u00e7\u00f5es do Minist\u00e9rio do Meio Ambiente (MMA). Entre elas, a de gerir o Cadastro Ambiental Rural (CAR), que foi transferida para o Minist\u00e9rio de Or\u00e7amento e Gest\u00e3o. Nesta semana, a MP foi apreciada pelos plen\u00e1rios da C\u00e2mara e do Senado.O CAR foi institu\u00eddo em 2012, como uma esp\u00e9cie de compensa\u00e7\u00e3o \u00e0 reforma do C\u00f3digo Florestal de 1965, que enfraqueceu a prote\u00e7\u00e3o das florestas em \u00e1reas privadas e anistiou a maior parte dos passivos ambientais acumulados durante a sua vig\u00eancia. <\/p>\n\n\n\n<figure class=\"wp-block-image aligncenter size-full\"><img decoding=\"async\" src=\"https:\/\/renatodias.online\/movimento\/wp-content\/uploads\/2021\/08\/Arthur-Lira-e1684552896312.jpg\" alt=\"\" class=\"wp-image-8298\"\/><figcaption class=\"wp-element-caption\"><strong>Arthur Lira<\/strong><\/figcaption><\/figure>\n\n\n\n<p>A narrativa ent\u00e3o constru\u00edda foi a de que, dali para a frente, o CAR seria um instrumento vivo, orientador dos Programas de Regulariza\u00e7\u00e3o Ambiental (PRAs) estaduais e da aplica\u00e7\u00e3o efetiva da lei reformada no ch\u00e3o. Por\u00e9m, o C\u00f3digo Florestal voltou a ser alterado outras sete vezes desde 2012, com sucessivos adiamentos do prazo para a efetiva\u00e7\u00e3o do CAR e dos PRAs. Sem verifica\u00e7\u00e3o e valida\u00e7\u00e3o dos dados, a inscri\u00e7\u00e3o de propriedades no CAR foi se reduzindo a um registro numa esp\u00e9cie de cart\u00f3rio paralelo, que supostamente atesta, sem testar, a sua regularidade com a legisla\u00e7\u00e3o ambiental. Embora n\u00e3o devesse ser confundido com um cart\u00f3rio patrimonial, o registro no CAR tem sido usado para subsidiar a grilagem de terras p\u00fablicas.<\/p>\n\n\n\n<figure class=\"wp-block-image aligncenter size-full\"><img decoding=\"async\" src=\"https:\/\/renatodias.online\/movimento\/wp-content\/uploads\/2022\/08\/Raio-X-especial-e1680139645191.png\" alt=\"\" class=\"wp-image-13781\"\/><\/figure>\n\n\n\n<p>O Senado foi praticamente obrigado a referendar a decis\u00e3o da C\u00e2mara sobre a MP 1.154, pois se esgotou o prazo de 120 dias para a aprova\u00e7\u00e3o da medida, sem a qual a estrutura de governo seria derrubada, passando a vigorar a do governo anterior. \u00c9 pouco prov\u00e1vel a ocorr\u00eancia de vetos presidenciais e a viabilidade de eventuais recursos ao STF. Outros minist\u00e9rios tamb\u00e9m foram afetados, como o do Desenvolvimento Agr\u00e1rio, com a transfer\u00eancia da gest\u00e3o da pol\u00edtica de pre\u00e7os m\u00ednimos para a Agricultura, e o dos Povos Ind\u00edgenas, com a atribui\u00e7\u00e3o \u00e0 pasta da Justi\u00e7a, da declara\u00e7\u00e3o de limites das Terras Ind\u00edgenas. O MMA tamb\u00e9m perdeu a Ag\u00eancia Nacional de \u00c1guas (ANA) e a gest\u00e3o da pol\u00edtica de gest\u00e3o dos recursos h\u00eddricos, para o Minist\u00e9rio da Integra\u00e7\u00e3o e Desenvolvimento Regional. Al\u00e9m do CAR, outros sistemas de informa\u00e7\u00f5es relevantes para a pol\u00edtica ambiental tamb\u00e9m foram transferidos para a pasta da Gest\u00e3o.<\/p>\n\n\n\n<figure class=\"wp-block-image aligncenter size-full\"><img loading=\"lazy\" decoding=\"async\" width=\"800\" height=\"525\" src=\"https:\/\/renatodias.online\/movimento\/wp-content\/uploads\/2022\/07\/Congresso-Nacional-especial-e1681525009388.jpg\" alt=\"\" class=\"wp-image-13116\" srcset=\"https:\/\/renatodias.online\/movimento\/wp-content\/uploads\/2022\/07\/Congresso-Nacional-especial-e1681525009388.jpg 800w, https:\/\/renatodias.online\/movimento\/wp-content\/uploads\/2022\/07\/Congresso-Nacional-especial-e1681525009388-300x197.jpg 300w, https:\/\/renatodias.online\/movimento\/wp-content\/uploads\/2022\/07\/Congresso-Nacional-especial-e1681525009388-768x504.jpg 768w, https:\/\/renatodias.online\/movimento\/wp-content\/uploads\/2022\/07\/Congresso-Nacional-especial-e1681525009388-150x98.jpg 150w\" sizes=\"auto, (max-width: 800px) 100vw, 800px\" \/><figcaption class=\"wp-element-caption\"><strong>Congresso Nacional, em Bras\u00edlia [DF], com a C\u00e2mara dos Deputados e o Senado da Rep\u00fablica<\/strong><\/figcaption><\/figure>\n\n\n\n<p>Por\u00e9m, o Minist\u00e9rio da Gest\u00e3o tem como foco o funcionamento da m\u00e1quina federal, bastante debilitado nos \u00faltimos anos. Sua tarefa \u00e9 gigantesca e n\u00e3o tem a ver com bases de dados p\u00fablicos, o que \u00e9 um equ\u00edvoco b\u00e1sico. Ele n\u00e3o disp\u00f5e de instrumentos e de quadros para gerir dados ambientais. \u00c9 previs\u00edvel que essas bases, inclusive o CAR, se tornem est\u00e1ticas, descoladas das pol\u00edticas que lhes d\u00e3o sentido. O relator da MP 1.154 na C\u00e2mara, deputado Isnaldo Bulh\u00f5es (MDB-AL), entende que a vincula\u00e7\u00e3o do CAR e de outras bases de dados ambientais no Minist\u00e9rio da Gest\u00e3o foi uma op\u00e7\u00e3o intermedi\u00e1ria, j\u00e1 que a bancada ruralista pleiteava a sua subordina\u00e7\u00e3o \u00e0 Agricultura. Tamb\u00e9m considerou-a \u201ct\u00e9cnica\u201d, contra o suposto vi\u00e9s pol\u00edtico que lhes poderiam dar tanto o Meio Ambiente quanto a Agricultura.<\/p>\n\n\n\n<figure class=\"wp-block-image aligncenter size-full\"><img loading=\"lazy\" decoding=\"async\" width=\"300\" height=\"103\" src=\"https:\/\/renatodias.online\/movimento\/wp-content\/uploads\/2022\/08\/Saiba-mais-e1680139445250.png\" alt=\"\" class=\"wp-image-13698\" srcset=\"https:\/\/renatodias.online\/movimento\/wp-content\/uploads\/2022\/08\/Saiba-mais-e1680139445250.png 300w, https:\/\/renatodias.online\/movimento\/wp-content\/uploads\/2022\/08\/Saiba-mais-e1680139445250-150x52.png 150w\" sizes=\"auto, (max-width: 300px) 100vw, 300px\" \/><\/figure>\n\n\n\n<p>Mas a quest\u00e3o n\u00e3o \u00e9 essa. Todos esses dados s\u00e3o p\u00fablicos e podem ser usados por organiza\u00e7\u00f5es p\u00fablicas e privadas como lhes aprouver. A quest\u00e3o \u00e9 que o CAR foi institu\u00eddo pelo C\u00f3digo Florestal para operar como instrumento da pol\u00edtica florestal. A quest\u00e3o \u00e9 de funcionar ou de n\u00e3o funcionar. E para servir \u00e0 pol\u00edtica florestal, o CAR deveria estar sendo gerido pelo Servi\u00e7o Florestal Brasileiro (SFB), no \u00e2mbito da pol\u00edtica ambiental. Com a estagna\u00e7\u00e3o do CAR, e sem preju\u00edzo do uso dos dados nele dispon\u00edveis, o MMA deve avaliar a viabilidade de construir, no \u00e2mbito do SFB, uma base de dados de ativos ambientais efetivamente existentes em terras p\u00fablicas e privadas, para\u00a0subsidiar projetos de pagamento por servi\u00e7os ambientais e a sua inser\u00e7\u00e3o no mercado de carbono ou em programas oficiais que visem a redu\u00e7\u00e3o do desmatamento e \u00e0 gest\u00e3o de estoques florestais.<\/p>\n\n\n\n<figure class=\"wp-block-image aligncenter size-full\"><img decoding=\"async\" src=\"https:\/\/renatodias.online\/movimento\/wp-content\/uploads\/2021\/05\/Desmatamento-da-Amazonia-_-UOL-INPE-e1680349978649.jpg\" alt=\"\" class=\"wp-image-6590\"\/><figcaption class=\"wp-element-caption\"><strong>Desmatamento da Amaz\u00f4nia <\/strong><\/figcaption><\/figure>\n","protected":false},"excerpt":{"rendered":"<p>M\u00e1rcio Santilli Ao votar a Medida Provis\u00f3ria (MP) 1.154\/2023, que institui a estrutura dos minist\u00e9rios no atual mandato presidencial, a comiss\u00e3o mista, formada por deputados e senadores, decidiu retirar \u00f3rg\u00e3os e atribui\u00e7\u00f5es do Minist\u00e9rio do Meio Ambiente (MMA). Entre elas, a de gerir o Cadastro Ambiental Rural (CAR), que foi transferida para o Minist\u00e9rio de<\/p>\n","protected":false},"author":2,"featured_media":16350,"comment_status":"open","ping_status":"open","sticky":false,"template":"","format":"standard","meta":{"_acf_changed":false,"_monsterinsights_skip_tracking":false,"_monsterinsights_sitenote_active":false,"_monsterinsights_sitenote_note":"","_monsterinsights_sitenote_category":0,"footnotes":""},"categories":[83],"tags":[],"class_list":["post-16985","post","type-post","status-publish","format-standard","has-post-thumbnail","hentry","category-opiniao"],"acf":[],"yoast_head":"<!-- This site is optimized with the Yoast SEO plugin v27.4 - https:\/\/yoast.com\/product\/yoast-seo-wordpress\/ -->\n<title>CAR de cart\u00f3rio -<\/title>\n<meta name=\"robots\" content=\"index, follow, max-snippet:-1, max-image-preview:large, max-video-preview:-1\" \/>\n<link rel=\"canonical\" href=\"https:\/\/renatodias.online\/movimento\/2023\/06\/09\/car-de-cartorio\/\" \/>\n<meta property=\"og:locale\" content=\"pt_BR\" \/>\n<meta property=\"og:type\" content=\"article\" \/>\n<meta property=\"og:title\" content=\"CAR de cart\u00f3rio -\" \/>\n<meta property=\"og:description\" content=\"M\u00e1rcio Santilli Ao votar a Medida Provis\u00f3ria (MP) 1.154\/2023, que institui a estrutura dos minist\u00e9rios no atual mandato presidencial, a comiss\u00e3o mista, formada por deputados e senadores, decidiu retirar \u00f3rg\u00e3os e atribui\u00e7\u00f5es do Minist\u00e9rio do Meio Ambiente (MMA). Entre elas, a de gerir o Cadastro Ambiental Rural (CAR), que foi transferida para o Minist\u00e9rio de\" \/>\n<meta property=\"og:url\" content=\"https:\/\/renatodias.online\/movimento\/2023\/06\/09\/car-de-cartorio\/\" \/>\n<meta property=\"article:publisher\" content=\"https:\/\/www.facebook.com\/renato.dias.37\" \/>\n<meta property=\"article:author\" content=\"https:\/\/www.facebook.com\/renato.dias.37\" \/>\n<meta property=\"article:published_time\" content=\"2023-06-09T18:12:54+00:00\" \/>\n<meta property=\"article:modified_time\" content=\"2023-06-09T18:12:55+00:00\" \/>\n<meta property=\"og:image\" content=\"https:\/\/renatodias.online\/movimento\/wp-content\/uploads\/2023\/04\/Marcio-Santilli.jpg\" \/>\n\t<meta property=\"og:image:width\" content=\"800\" \/>\n\t<meta property=\"og:image:height\" content=\"532\" \/>\n\t<meta property=\"og:image:type\" content=\"image\/jpeg\" \/>\n<meta name=\"author\" content=\"Renato Dias\" \/>\n<meta name=\"twitter:card\" content=\"summary_large_image\" \/>\n<meta name=\"twitter:creator\" content=\"@RenatoDiasBat\" \/>\n<meta name=\"twitter:site\" content=\"@RenatoDiasBat\" \/>\n<meta name=\"twitter:label1\" content=\"Escrito por\" \/>\n\t<meta name=\"twitter:data1\" content=\"Renato Dias\" \/>\n\t<meta name=\"twitter:label2\" content=\"Est. tempo de leitura\" \/>\n\t<meta name=\"twitter:data2\" content=\"5 minutos\" \/>\n<script type=\"application\/ld+json\" class=\"yoast-schema-graph\">{\"@context\":\"https:\\\/\\\/schema.org\",\"@graph\":[{\"@type\":\"Article\",\"@id\":\"https:\\\/\\\/renatodias.online\\\/movimento\\\/2023\\\/06\\\/09\\\/car-de-cartorio\\\/#article\",\"isPartOf\":{\"@id\":\"https:\\\/\\\/renatodias.online\\\/movimento\\\/2023\\\/06\\\/09\\\/car-de-cartorio\\\/\"},\"author\":{\"name\":\"Renato Dias\",\"@id\":\"https:\\\/\\\/renatodias.online\\\/movimento\\\/#\\\/schema\\\/person\\\/bbab28833b1725a20f4083f49f1fb2a9\"},\"headline\":\"CAR de cart\u00f3rio\",\"datePublished\":\"2023-06-09T18:12:54+00:00\",\"dateModified\":\"2023-06-09T18:12:55+00:00\",\"mainEntityOfPage\":{\"@id\":\"https:\\\/\\\/renatodias.online\\\/movimento\\\/2023\\\/06\\\/09\\\/car-de-cartorio\\\/\"},\"wordCount\":778,\"commentCount\":0,\"publisher\":{\"@id\":\"https:\\\/\\\/renatodias.online\\\/movimento\\\/#\\\/schema\\\/person\\\/bbab28833b1725a20f4083f49f1fb2a9\"},\"image\":{\"@id\":\"https:\\\/\\\/renatodias.online\\\/movimento\\\/2023\\\/06\\\/09\\\/car-de-cartorio\\\/#primaryimage\"},\"thumbnailUrl\":\"https:\\\/\\\/renatodias.online\\\/movimento\\\/wp-content\\\/uploads\\\/2023\\\/04\\\/Marcio-Santilli.jpg\",\"articleSection\":[\"Opini\u00e3o\"],\"inLanguage\":\"pt-BR\",\"potentialAction\":[{\"@type\":\"CommentAction\",\"name\":\"Comment\",\"target\":[\"https:\\\/\\\/renatodias.online\\\/movimento\\\/2023\\\/06\\\/09\\\/car-de-cartorio\\\/#respond\"]}]},{\"@type\":\"WebPage\",\"@id\":\"https:\\\/\\\/renatodias.online\\\/movimento\\\/2023\\\/06\\\/09\\\/car-de-cartorio\\\/\",\"url\":\"https:\\\/\\\/renatodias.online\\\/movimento\\\/2023\\\/06\\\/09\\\/car-de-cartorio\\\/\",\"name\":\"CAR de cart\u00f3rio -\",\"isPartOf\":{\"@id\":\"https:\\\/\\\/renatodias.online\\\/movimento\\\/#website\"},\"primaryImageOfPage\":{\"@id\":\"https:\\\/\\\/renatodias.online\\\/movimento\\\/2023\\\/06\\\/09\\\/car-de-cartorio\\\/#primaryimage\"},\"image\":{\"@id\":\"https:\\\/\\\/renatodias.online\\\/movimento\\\/2023\\\/06\\\/09\\\/car-de-cartorio\\\/#primaryimage\"},\"thumbnailUrl\":\"https:\\\/\\\/renatodias.online\\\/movimento\\\/wp-content\\\/uploads\\\/2023\\\/04\\\/Marcio-Santilli.jpg\",\"datePublished\":\"2023-06-09T18:12:54+00:00\",\"dateModified\":\"2023-06-09T18:12:55+00:00\",\"breadcrumb\":{\"@id\":\"https:\\\/\\\/renatodias.online\\\/movimento\\\/2023\\\/06\\\/09\\\/car-de-cartorio\\\/#breadcrumb\"},\"inLanguage\":\"pt-BR\",\"potentialAction\":[{\"@type\":\"ReadAction\",\"target\":[\"https:\\\/\\\/renatodias.online\\\/movimento\\\/2023\\\/06\\\/09\\\/car-de-cartorio\\\/\"]}]},{\"@type\":\"ImageObject\",\"inLanguage\":\"pt-BR\",\"@id\":\"https:\\\/\\\/renatodias.online\\\/movimento\\\/2023\\\/06\\\/09\\\/car-de-cartorio\\\/#primaryimage\",\"url\":\"https:\\\/\\\/renatodias.online\\\/movimento\\\/wp-content\\\/uploads\\\/2023\\\/04\\\/Marcio-Santilli.jpg\",\"contentUrl\":\"https:\\\/\\\/renatodias.online\\\/movimento\\\/wp-content\\\/uploads\\\/2023\\\/04\\\/Marcio-Santilli.jpg\",\"width\":800,\"height\":532,\"caption\":\"M\u00e1rcio Santilli\"},{\"@type\":\"BreadcrumbList\",\"@id\":\"https:\\\/\\\/renatodias.online\\\/movimento\\\/2023\\\/06\\\/09\\\/car-de-cartorio\\\/#breadcrumb\",\"itemListElement\":[{\"@type\":\"ListItem\",\"position\":1,\"name\":\"In\u00edcio\",\"item\":\"https:\\\/\\\/renatodias.online\\\/movimento\\\/\"},{\"@type\":\"ListItem\",\"position\":2,\"name\":\"CAR de cart\u00f3rio\"}]},{\"@type\":\"WebSite\",\"@id\":\"https:\\\/\\\/renatodias.online\\\/movimento\\\/#website\",\"url\":\"https:\\\/\\\/renatodias.online\\\/movimento\\\/\",\"name\":\"\",\"description\":\"\",\"publisher\":{\"@id\":\"https:\\\/\\\/renatodias.online\\\/movimento\\\/#\\\/schema\\\/person\\\/bbab28833b1725a20f4083f49f1fb2a9\"},\"potentialAction\":[{\"@type\":\"SearchAction\",\"target\":{\"@type\":\"EntryPoint\",\"urlTemplate\":\"https:\\\/\\\/renatodias.online\\\/movimento\\\/?s={search_term_string}\"},\"query-input\":{\"@type\":\"PropertyValueSpecification\",\"valueRequired\":true,\"valueName\":\"search_term_string\"}}],\"inLanguage\":\"pt-BR\"},{\"@type\":[\"Person\",\"Organization\"],\"@id\":\"https:\\\/\\\/renatodias.online\\\/movimento\\\/#\\\/schema\\\/person\\\/bbab28833b1725a20f4083f49f1fb2a9\",\"name\":\"Renato Dias\",\"image\":{\"@type\":\"ImageObject\",\"inLanguage\":\"pt-BR\",\"@id\":\"https:\\\/\\\/renatodias.online\\\/movimento\\\/wp-content\\\/uploads\\\/2023\\\/03\\\/cropped-cropped-cropped-logofinal.jpeg\",\"url\":\"https:\\\/\\\/renatodias.online\\\/movimento\\\/wp-content\\\/uploads\\\/2023\\\/03\\\/cropped-cropped-cropped-logofinal.jpeg\",\"contentUrl\":\"https:\\\/\\\/renatodias.online\\\/movimento\\\/wp-content\\\/uploads\\\/2023\\\/03\\\/cropped-cropped-cropped-logofinal.jpeg\",\"width\":1280,\"height\":219,\"caption\":\"Renato Dias\"},\"logo\":{\"@id\":\"https:\\\/\\\/renatodias.online\\\/movimento\\\/wp-content\\\/uploads\\\/2023\\\/03\\\/cropped-cropped-cropped-logofinal.jpeg\"},\"description\":\"Renato Dias, 58 anos, \u00e9 graduado em Jornalismo, formado em Ci\u00eancias Sociais, com p\u00f3s-gradua\u00e7\u00e3o em Pol\u00edticas P\u00fablicas, mestre em Direito e Rela\u00e7\u00f5es Internacionais, ex-aluno extraordin\u00e1rio do Doutorado em Psicologia Social, ex-estudante do Curso de Psican\u00e1lise do Centro de Estudos Psicanal\u00edticos do Estado de Goi\u00e1s, ministrado pelo m\u00e9dico psiquiatra e psicanalista Daniel Em\u00eddio de Souza. \u00c9 autor de 30 livros-reportagem, oito document\u00e1rios, ganhou 30 pr\u00eamios e \u00e9 torcedor apaixonado do maior do Centro-Oeste, o Vila Nova Futebol Clube. Casado com Meirilane Dias, \u00e9 pai de Juliana Dias, jornalista; Daniel Dias, economista; e Maria Rosa Dias, estudante antifascista, socialista e trotskista.\u00a0Com tr\u00eas pets: Porquinho [Bull Dog Franc\u00eas], Dalila [Basset Hound] e Geleia [Basset Hound]. Al\u00e9m do eterno gato Tutuquinho, que virou estrela.\",\"sameAs\":[\"https:\\\/\\\/www.facebook.com\\\/renato.dias.37\",\"#breve\",\"https:\\\/\\\/renatodias.tumblr.com\\\/\"],\"url\":\"https:\\\/\\\/renatodias.online\\\/movimento\\\/author\\\/renatodias\\\/\"}]}<\/script>\n<!-- \/ Yoast SEO plugin. -->","yoast_head_json":{"title":"CAR de cart\u00f3rio -","robots":{"index":"index","follow":"follow","max-snippet":"max-snippet:-1","max-image-preview":"max-image-preview:large","max-video-preview":"max-video-preview:-1"},"canonical":"https:\/\/renatodias.online\/movimento\/2023\/06\/09\/car-de-cartorio\/","og_locale":"pt_BR","og_type":"article","og_title":"CAR de cart\u00f3rio -","og_description":"M\u00e1rcio Santilli Ao votar a Medida Provis\u00f3ria (MP) 1.154\/2023, que institui a estrutura dos minist\u00e9rios no atual mandato presidencial, a comiss\u00e3o mista, formada por deputados e senadores, decidiu retirar \u00f3rg\u00e3os e atribui\u00e7\u00f5es do Minist\u00e9rio do Meio Ambiente (MMA). Entre elas, a de gerir o Cadastro Ambiental Rural (CAR), que foi transferida para o Minist\u00e9rio de","og_url":"https:\/\/renatodias.online\/movimento\/2023\/06\/09\/car-de-cartorio\/","article_publisher":"https:\/\/www.facebook.com\/renato.dias.37","article_author":"https:\/\/www.facebook.com\/renato.dias.37","article_published_time":"2023-06-09T18:12:54+00:00","article_modified_time":"2023-06-09T18:12:55+00:00","og_image":[{"width":800,"height":532,"url":"https:\/\/renatodias.online\/movimento\/wp-content\/uploads\/2023\/04\/Marcio-Santilli.jpg","type":"image\/jpeg"}],"author":"Renato Dias","twitter_card":"summary_large_image","twitter_creator":"@RenatoDiasBat","twitter_site":"@RenatoDiasBat","twitter_misc":{"Escrito por":"Renato Dias","Est. tempo de leitura":"5 minutos"},"schema":{"@context":"https:\/\/schema.org","@graph":[{"@type":"Article","@id":"https:\/\/renatodias.online\/movimento\/2023\/06\/09\/car-de-cartorio\/#article","isPartOf":{"@id":"https:\/\/renatodias.online\/movimento\/2023\/06\/09\/car-de-cartorio\/"},"author":{"name":"Renato Dias","@id":"https:\/\/renatodias.online\/movimento\/#\/schema\/person\/bbab28833b1725a20f4083f49f1fb2a9"},"headline":"CAR de cart\u00f3rio","datePublished":"2023-06-09T18:12:54+00:00","dateModified":"2023-06-09T18:12:55+00:00","mainEntityOfPage":{"@id":"https:\/\/renatodias.online\/movimento\/2023\/06\/09\/car-de-cartorio\/"},"wordCount":778,"commentCount":0,"publisher":{"@id":"https:\/\/renatodias.online\/movimento\/#\/schema\/person\/bbab28833b1725a20f4083f49f1fb2a9"},"image":{"@id":"https:\/\/renatodias.online\/movimento\/2023\/06\/09\/car-de-cartorio\/#primaryimage"},"thumbnailUrl":"https:\/\/renatodias.online\/movimento\/wp-content\/uploads\/2023\/04\/Marcio-Santilli.jpg","articleSection":["Opini\u00e3o"],"inLanguage":"pt-BR","potentialAction":[{"@type":"CommentAction","name":"Comment","target":["https:\/\/renatodias.online\/movimento\/2023\/06\/09\/car-de-cartorio\/#respond"]}]},{"@type":"WebPage","@id":"https:\/\/renatodias.online\/movimento\/2023\/06\/09\/car-de-cartorio\/","url":"https:\/\/renatodias.online\/movimento\/2023\/06\/09\/car-de-cartorio\/","name":"CAR de cart\u00f3rio -","isPartOf":{"@id":"https:\/\/renatodias.online\/movimento\/#website"},"primaryImageOfPage":{"@id":"https:\/\/renatodias.online\/movimento\/2023\/06\/09\/car-de-cartorio\/#primaryimage"},"image":{"@id":"https:\/\/renatodias.online\/movimento\/2023\/06\/09\/car-de-cartorio\/#primaryimage"},"thumbnailUrl":"https:\/\/renatodias.online\/movimento\/wp-content\/uploads\/2023\/04\/Marcio-Santilli.jpg","datePublished":"2023-06-09T18:12:54+00:00","dateModified":"2023-06-09T18:12:55+00:00","breadcrumb":{"@id":"https:\/\/renatodias.online\/movimento\/2023\/06\/09\/car-de-cartorio\/#breadcrumb"},"inLanguage":"pt-BR","potentialAction":[{"@type":"ReadAction","target":["https:\/\/renatodias.online\/movimento\/2023\/06\/09\/car-de-cartorio\/"]}]},{"@type":"ImageObject","inLanguage":"pt-BR","@id":"https:\/\/renatodias.online\/movimento\/2023\/06\/09\/car-de-cartorio\/#primaryimage","url":"https:\/\/renatodias.online\/movimento\/wp-content\/uploads\/2023\/04\/Marcio-Santilli.jpg","contentUrl":"https:\/\/renatodias.online\/movimento\/wp-content\/uploads\/2023\/04\/Marcio-Santilli.jpg","width":800,"height":532,"caption":"M\u00e1rcio Santilli"},{"@type":"BreadcrumbList","@id":"https:\/\/renatodias.online\/movimento\/2023\/06\/09\/car-de-cartorio\/#breadcrumb","itemListElement":[{"@type":"ListItem","position":1,"name":"In\u00edcio","item":"https:\/\/renatodias.online\/movimento\/"},{"@type":"ListItem","position":2,"name":"CAR de cart\u00f3rio"}]},{"@type":"WebSite","@id":"https:\/\/renatodias.online\/movimento\/#website","url":"https:\/\/renatodias.online\/movimento\/","name":"","description":"","publisher":{"@id":"https:\/\/renatodias.online\/movimento\/#\/schema\/person\/bbab28833b1725a20f4083f49f1fb2a9"},"potentialAction":[{"@type":"SearchAction","target":{"@type":"EntryPoint","urlTemplate":"https:\/\/renatodias.online\/movimento\/?s={search_term_string}"},"query-input":{"@type":"PropertyValueSpecification","valueRequired":true,"valueName":"search_term_string"}}],"inLanguage":"pt-BR"},{"@type":["Person","Organization"],"@id":"https:\/\/renatodias.online\/movimento\/#\/schema\/person\/bbab28833b1725a20f4083f49f1fb2a9","name":"Renato Dias","image":{"@type":"ImageObject","inLanguage":"pt-BR","@id":"https:\/\/renatodias.online\/movimento\/wp-content\/uploads\/2023\/03\/cropped-cropped-cropped-logofinal.jpeg","url":"https:\/\/renatodias.online\/movimento\/wp-content\/uploads\/2023\/03\/cropped-cropped-cropped-logofinal.jpeg","contentUrl":"https:\/\/renatodias.online\/movimento\/wp-content\/uploads\/2023\/03\/cropped-cropped-cropped-logofinal.jpeg","width":1280,"height":219,"caption":"Renato Dias"},"logo":{"@id":"https:\/\/renatodias.online\/movimento\/wp-content\/uploads\/2023\/03\/cropped-cropped-cropped-logofinal.jpeg"},"description":"Renato Dias, 58 anos, \u00e9 graduado em Jornalismo, formado em Ci\u00eancias Sociais, com p\u00f3s-gradua\u00e7\u00e3o em Pol\u00edticas P\u00fablicas, mestre em Direito e Rela\u00e7\u00f5es Internacionais, ex-aluno extraordin\u00e1rio do Doutorado em Psicologia Social, ex-estudante do Curso de Psican\u00e1lise do Centro de Estudos Psicanal\u00edticos do Estado de Goi\u00e1s, ministrado pelo m\u00e9dico psiquiatra e psicanalista Daniel Em\u00eddio de Souza. \u00c9 autor de 30 livros-reportagem, oito document\u00e1rios, ganhou 30 pr\u00eamios e \u00e9 torcedor apaixonado do maior do Centro-Oeste, o Vila Nova Futebol Clube. Casado com Meirilane Dias, \u00e9 pai de Juliana Dias, jornalista; Daniel Dias, economista; e Maria Rosa Dias, estudante antifascista, socialista e trotskista.\u00a0Com tr\u00eas pets: Porquinho [Bull Dog Franc\u00eas], Dalila [Basset Hound] e Geleia [Basset Hound]. Al\u00e9m do eterno gato Tutuquinho, que virou estrela.","sameAs":["https:\/\/www.facebook.com\/renato.dias.37","#breve","https:\/\/renatodias.tumblr.com\/"],"url":"https:\/\/renatodias.online\/movimento\/author\/renatodias\/"}]}},"_links":{"self":[{"href":"https:\/\/renatodias.online\/movimento\/wp-json\/wp\/v2\/posts\/16985","targetHints":{"allow":["GET"]}}],"collection":[{"href":"https:\/\/renatodias.online\/movimento\/wp-json\/wp\/v2\/posts"}],"about":[{"href":"https:\/\/renatodias.online\/movimento\/wp-json\/wp\/v2\/types\/post"}],"author":[{"embeddable":true,"href":"https:\/\/renatodias.online\/movimento\/wp-json\/wp\/v2\/users\/2"}],"replies":[{"embeddable":true,"href":"https:\/\/renatodias.online\/movimento\/wp-json\/wp\/v2\/comments?post=16985"}],"version-history":[{"count":1,"href":"https:\/\/renatodias.online\/movimento\/wp-json\/wp\/v2\/posts\/16985\/revisions"}],"predecessor-version":[{"id":16986,"href":"https:\/\/renatodias.online\/movimento\/wp-json\/wp\/v2\/posts\/16985\/revisions\/16986"}],"wp:featuredmedia":[{"embeddable":true,"href":"https:\/\/renatodias.online\/movimento\/wp-json\/wp\/v2\/media\/16350"}],"wp:attachment":[{"href":"https:\/\/renatodias.online\/movimento\/wp-json\/wp\/v2\/media?parent=16985"}],"wp:term":[{"taxonomy":"category","embeddable":true,"href":"https:\/\/renatodias.online\/movimento\/wp-json\/wp\/v2\/categories?post=16985"},{"taxonomy":"post_tag","embeddable":true,"href":"https:\/\/renatodias.online\/movimento\/wp-json\/wp\/v2\/tags?post=16985"}],"curies":[{"name":"wp","href":"https:\/\/api.w.org\/{rel}","templated":true}]}}