{"id":16981,"date":"2023-06-09T15:05:19","date_gmt":"2023-06-09T18:05:19","guid":{"rendered":"https:\/\/renatodias.online\/movimento\/?p=16981"},"modified":"2023-06-09T15:05:21","modified_gmt":"2023-06-09T18:05:21","slug":"bolsonaro-em-ruinas-e-pl-acena","status":"publish","type":"post","link":"https:\/\/renatodias.online\/movimento\/2023\/06\/09\/bolsonaro-em-ruinas-e-pl-acena\/","title":{"rendered":"<strong>Bolsonaro em ru\u00ednas e PL acena<\/strong>"},"content":{"rendered":"\n<p class=\"has-text-align-center\"><strong><mark style=\"background-color:rgba(0, 0, 0, 0)\" class=\"has-inline-color has-vivid-purple-color\">Articula\u00e7\u00f5es<\/mark><\/strong><\/p>\n\n\n\n<figure class=\"wp-block-image aligncenter size-full\"><img decoding=\"async\" src=\"https:\/\/renatodias.online\/movimento\/wp-content\/uploads\/2023\/06\/TSE-especial-e1686333586496.jpeg\" alt=\"\" class=\"wp-image-16983\"\/><figcaption class=\"wp-element-caption\"><strong><mark style=\"background-color:rgba(0, 0, 0, 0)\" class=\"has-inline-color has-vivid-green-cyan-color\">TSE faz julgamento hist\u00f3rico<\/mark><\/strong><\/figcaption><\/figure>\n\n\n\n<p class=\"has-text-align-center\"><strong><mark style=\"background-color:rgba(0, 0, 0, 0)\" class=\"has-inline-color has-vivid-red-color\">Renato Dias<\/mark>\u00a0<\/strong><\/p>\n\n\n\n<p>A possibilidade de aprova\u00e7\u00e3o, j\u00e1 no dia 22, da <strong><mark style=\"background-color:rgba(0, 0, 0, 0)\" class=\"has-inline-color has-vivid-green-cyan-color\">inelegibilidade de Jair Bolsonaro<\/mark><\/strong>, assim como o risco iminente de sua pris\u00e3o, ainda em 2023, mudaram\u00a0 o humor do presidente nacional do PL, Valdemar Costa Neto [SP].<\/p>\n\n\n\n<figure class=\"wp-block-image aligncenter size-full\"><img decoding=\"async\" src=\"https:\/\/renatodias.online\/movimento\/wp-content\/uploads\/2022\/11\/Valdemar-da-Costa-Neto-PL-e1686333665118.jpg\" alt=\"\" class=\"wp-image-14818\"\/><figcaption class=\"wp-element-caption\"><strong>Valdemar da Costa Neto, presidente nacional do PL<\/strong><\/figcaption><\/figure>\n\n\n\n<p>O &#8220;ex&#8221; de Maria Cristina Caldeira, radicada hoje nos EUA, afirma que o senador <mark style=\"background-color:rgba(0, 0, 0, 0)\" class=\"has-inline-color has-vivid-green-cyan-color\">S\u00e9rgio Moro<\/mark>, al\u00e9m\u00a0do deputado federal cassado Deltan Dallagnoll devem pagar caro pelos crimes executados na Opera\u00e7\u00e3o Lava Jato.<\/p>\n\n\n\n<figure class=\"wp-block-image aligncenter size-full\"><img decoding=\"async\" src=\"https:\/\/renatodias.online\/movimento\/wp-content\/uploads\/2020\/04\/7b0663af-1647-4bb3-9766-b0d2a96b61d4-e1682909687899.jpg\" alt=\"\" class=\"wp-image-3420\"\/><figcaption class=\"wp-element-caption\"><strong>S\u00e9rgio Moro<\/strong><\/figcaption><\/figure>\n\n\n\n<p>Qual? Persegui\u00e7\u00e3o jur\u00eddica implac\u00e1vel com motiva\u00e7\u00f5es pol\u00edticas expl\u00edcitas. <mark style=\"background-color:rgba(0, 0, 0, 0)\" class=\"has-inline-color has-vivid-green-cyan-color\"><strong>Lawfare<\/strong><\/mark>. O que constitui um sinal enviado ao Pal\u00e1cio do Planalto. Luiz In\u00e1cio Lula da Silva conversou com o l\u00edder do PL na C\u00e2mara, Altineu Cortes.<\/p>\n\n\n\n<figure class=\"wp-block-image aligncenter size-full\"><img loading=\"lazy\" decoding=\"async\" width=\"750\" height=\"500\" src=\"https:\/\/renatodias.online\/movimento\/wp-content\/uploads\/2022\/07\/Lawfare-especial.png\" alt=\"\" class=\"wp-image-13359\" srcset=\"https:\/\/renatodias.online\/movimento\/wp-content\/uploads\/2022\/07\/Lawfare-especial.png 750w, https:\/\/renatodias.online\/movimento\/wp-content\/uploads\/2022\/07\/Lawfare-especial-300x200.png 300w, https:\/\/renatodias.online\/movimento\/wp-content\/uploads\/2022\/07\/Lawfare-especial-360x240.png 360w\" sizes=\"auto, (max-width: 750px) 100vw, 750px\" \/><figcaption class=\"wp-element-caption\"><strong>Lawfare e os EUA<\/strong><\/figcaption><\/figure>\n\n\n\n<p>Veja: o presidente da C\u00e2mara Federal, Arthur Lira [PP], teve papo reservado no <mark style=\"background-color:rgba(0, 0, 0, 0)\" class=\"has-inline-color has-vivid-red-color\"><strong>Pal\u00e1cio do Planalto<\/strong><\/mark>, sentiu no ar a reforma ministerial, a nomea\u00e7\u00e3o de aliados, e tamb\u00e9m a libera\u00e7\u00e3o de emendas. Para ampliar o leque de apoio.<\/p>\n\n\n\n<figure class=\"wp-block-image aligncenter size-full\"><img decoding=\"async\" src=\"https:\/\/renatodias.online\/movimento\/wp-content\/uploads\/2021\/08\/Arthur-Lira-e1684552896312.jpg\" alt=\"\" class=\"wp-image-8298\"\/><figcaption class=\"wp-element-caption\"><strong>Arthur Lira<\/strong><\/figcaption><\/figure>\n\n\n\n<p>O Uni\u00e3o Brasil [UB] pode ter os ocupantes de pastas, hoje, na <mark style=\"background-color:rgba(0, 0, 0, 0)\" class=\"has-inline-color has-vivid-red-color\"><strong>Esplanada dos Minist\u00e9rios<\/strong><\/mark> substitu\u00eddos. Medida que contemplaria os caciques que controlam os votos em Bras\u00edlia [DF] e o aliado preferido de Arthur Lira.<\/p>\n","protected":false},"excerpt":{"rendered":"<p>Articula\u00e7\u00f5es Renato Dias\u00a0 A possibilidade de aprova\u00e7\u00e3o, j\u00e1 no dia 22, da inelegibilidade de Jair Bolsonaro, assim como o risco iminente de sua pris\u00e3o, ainda em 2023, mudaram\u00a0 o humor do presidente nacional do PL, Valdemar Costa Neto [SP]. O &#8220;ex&#8221; de Maria Cristina Caldeira, radicada hoje nos EUA, afirma que o senador S\u00e9rgio Moro,<\/p>\n","protected":false},"author":2,"featured_media":16982,"comment_status":"open","ping_status":"open","sticky":false,"template":"","format":"standard","meta":{"_acf_changed":false,"_monsterinsights_skip_tracking":false,"_monsterinsights_sitenote_active":false,"_monsterinsights_sitenote_note":"","_monsterinsights_sitenote_category":0,"footnotes":""},"categories":[4],"tags":[],"class_list":["post-16981","post","type-post","status-publish","format-standard","has-post-thumbnail","hentry","category-politica"],"acf":[],"yoast_head":"<!-- This site is optimized with the Yoast SEO plugin v27.4 - https:\/\/yoast.com\/product\/yoast-seo-wordpress\/ -->\n<title>Bolsonaro em ru\u00ednas e PL acena -<\/title>\n<meta name=\"robots\" content=\"index, follow, max-snippet:-1, max-image-preview:large, max-video-preview:-1\" \/>\n<link rel=\"canonical\" href=\"https:\/\/renatodias.online\/movimento\/2023\/06\/09\/bolsonaro-em-ruinas-e-pl-acena\/\" \/>\n<meta property=\"og:locale\" content=\"pt_BR\" \/>\n<meta property=\"og:type\" content=\"article\" \/>\n<meta property=\"og:title\" content=\"Bolsonaro em ru\u00ednas e PL acena -\" \/>\n<meta property=\"og:description\" content=\"Articula\u00e7\u00f5es Renato Dias\u00a0 A possibilidade de aprova\u00e7\u00e3o, j\u00e1 no dia 22, da inelegibilidade de Jair Bolsonaro, assim como o risco iminente de sua pris\u00e3o, ainda em 2023, mudaram\u00a0 o humor do presidente nacional do PL, Valdemar Costa Neto [SP]. O &#8220;ex&#8221; de Maria Cristina Caldeira, radicada hoje nos EUA, afirma que o senador S\u00e9rgio Moro,\" \/>\n<meta property=\"og:url\" content=\"https:\/\/renatodias.online\/movimento\/2023\/06\/09\/bolsonaro-em-ruinas-e-pl-acena\/\" \/>\n<meta property=\"article:publisher\" content=\"https:\/\/www.facebook.com\/renato.dias.37\" \/>\n<meta property=\"article:author\" content=\"https:\/\/www.facebook.com\/renato.dias.37\" \/>\n<meta property=\"article:published_time\" content=\"2023-06-09T18:05:19+00:00\" \/>\n<meta property=\"article:modified_time\" content=\"2023-06-09T18:05:21+00:00\" \/>\n<meta property=\"og:image\" content=\"https:\/\/renatodias.online\/movimento\/wp-content\/uploads\/2023\/06\/Jair-Bolsonaro-desolado.jpg\" \/>\n\t<meta property=\"og:image:width\" content=\"851\" \/>\n\t<meta property=\"og:image:height\" content=\"509\" \/>\n\t<meta property=\"og:image:type\" content=\"image\/jpeg\" \/>\n<meta name=\"author\" content=\"Renato Dias\" \/>\n<meta name=\"twitter:card\" content=\"summary_large_image\" \/>\n<meta name=\"twitter:creator\" content=\"@RenatoDiasBat\" \/>\n<meta name=\"twitter:site\" content=\"@RenatoDiasBat\" \/>\n<meta name=\"twitter:label1\" content=\"Escrito por\" \/>\n\t<meta name=\"twitter:data1\" content=\"Renato Dias\" \/>\n\t<meta name=\"twitter:label2\" content=\"Est. tempo de leitura\" \/>\n\t<meta name=\"twitter:data2\" content=\"3 minutos\" \/>\n<script type=\"application\/ld+json\" class=\"yoast-schema-graph\">{\"@context\":\"https:\\\/\\\/schema.org\",\"@graph\":[{\"@type\":\"Article\",\"@id\":\"https:\\\/\\\/renatodias.online\\\/movimento\\\/2023\\\/06\\\/09\\\/bolsonaro-em-ruinas-e-pl-acena\\\/#article\",\"isPartOf\":{\"@id\":\"https:\\\/\\\/renatodias.online\\\/movimento\\\/2023\\\/06\\\/09\\\/bolsonaro-em-ruinas-e-pl-acena\\\/\"},\"author\":{\"name\":\"Renato Dias\",\"@id\":\"https:\\\/\\\/renatodias.online\\\/movimento\\\/#\\\/schema\\\/person\\\/bbab28833b1725a20f4083f49f1fb2a9\"},\"headline\":\"Bolsonaro em ru\u00ednas e PL acena\",\"datePublished\":\"2023-06-09T18:05:19+00:00\",\"dateModified\":\"2023-06-09T18:05:21+00:00\",\"mainEntityOfPage\":{\"@id\":\"https:\\\/\\\/renatodias.online\\\/movimento\\\/2023\\\/06\\\/09\\\/bolsonaro-em-ruinas-e-pl-acena\\\/\"},\"wordCount\":231,\"commentCount\":0,\"publisher\":{\"@id\":\"https:\\\/\\\/renatodias.online\\\/movimento\\\/#\\\/schema\\\/person\\\/bbab28833b1725a20f4083f49f1fb2a9\"},\"image\":{\"@id\":\"https:\\\/\\\/renatodias.online\\\/movimento\\\/2023\\\/06\\\/09\\\/bolsonaro-em-ruinas-e-pl-acena\\\/#primaryimage\"},\"thumbnailUrl\":\"https:\\\/\\\/renatodias.online\\\/movimento\\\/wp-content\\\/uploads\\\/2023\\\/06\\\/Jair-Bolsonaro-desolado-e1687471055394.jpg\",\"articleSection\":[\"Pol\u00edtica\"],\"inLanguage\":\"pt-BR\",\"potentialAction\":[{\"@type\":\"CommentAction\",\"name\":\"Comment\",\"target\":[\"https:\\\/\\\/renatodias.online\\\/movimento\\\/2023\\\/06\\\/09\\\/bolsonaro-em-ruinas-e-pl-acena\\\/#respond\"]}]},{\"@type\":\"WebPage\",\"@id\":\"https:\\\/\\\/renatodias.online\\\/movimento\\\/2023\\\/06\\\/09\\\/bolsonaro-em-ruinas-e-pl-acena\\\/\",\"url\":\"https:\\\/\\\/renatodias.online\\\/movimento\\\/2023\\\/06\\\/09\\\/bolsonaro-em-ruinas-e-pl-acena\\\/\",\"name\":\"Bolsonaro em ru\u00ednas e PL acena -\",\"isPartOf\":{\"@id\":\"https:\\\/\\\/renatodias.online\\\/movimento\\\/#website\"},\"primaryImageOfPage\":{\"@id\":\"https:\\\/\\\/renatodias.online\\\/movimento\\\/2023\\\/06\\\/09\\\/bolsonaro-em-ruinas-e-pl-acena\\\/#primaryimage\"},\"image\":{\"@id\":\"https:\\\/\\\/renatodias.online\\\/movimento\\\/2023\\\/06\\\/09\\\/bolsonaro-em-ruinas-e-pl-acena\\\/#primaryimage\"},\"thumbnailUrl\":\"https:\\\/\\\/renatodias.online\\\/movimento\\\/wp-content\\\/uploads\\\/2023\\\/06\\\/Jair-Bolsonaro-desolado-e1687471055394.jpg\",\"datePublished\":\"2023-06-09T18:05:19+00:00\",\"dateModified\":\"2023-06-09T18:05:21+00:00\",\"breadcrumb\":{\"@id\":\"https:\\\/\\\/renatodias.online\\\/movimento\\\/2023\\\/06\\\/09\\\/bolsonaro-em-ruinas-e-pl-acena\\\/#breadcrumb\"},\"inLanguage\":\"pt-BR\",\"potentialAction\":[{\"@type\":\"ReadAction\",\"target\":[\"https:\\\/\\\/renatodias.online\\\/movimento\\\/2023\\\/06\\\/09\\\/bolsonaro-em-ruinas-e-pl-acena\\\/\"]}]},{\"@type\":\"ImageObject\",\"inLanguage\":\"pt-BR\",\"@id\":\"https:\\\/\\\/renatodias.online\\\/movimento\\\/2023\\\/06\\\/09\\\/bolsonaro-em-ruinas-e-pl-acena\\\/#primaryimage\",\"url\":\"https:\\\/\\\/renatodias.online\\\/movimento\\\/wp-content\\\/uploads\\\/2023\\\/06\\\/Jair-Bolsonaro-desolado-e1687471055394.jpg\",\"contentUrl\":\"https:\\\/\\\/renatodias.online\\\/movimento\\\/wp-content\\\/uploads\\\/2023\\\/06\\\/Jair-Bolsonaro-desolado-e1687471055394.jpg\",\"width\":797,\"height\":477},{\"@type\":\"BreadcrumbList\",\"@id\":\"https:\\\/\\\/renatodias.online\\\/movimento\\\/2023\\\/06\\\/09\\\/bolsonaro-em-ruinas-e-pl-acena\\\/#breadcrumb\",\"itemListElement\":[{\"@type\":\"ListItem\",\"position\":1,\"name\":\"In\u00edcio\",\"item\":\"https:\\\/\\\/renatodias.online\\\/movimento\\\/\"},{\"@type\":\"ListItem\",\"position\":2,\"name\":\"Bolsonaro em ru\u00ednas e PL acena\"}]},{\"@type\":\"WebSite\",\"@id\":\"https:\\\/\\\/renatodias.online\\\/movimento\\\/#website\",\"url\":\"https:\\\/\\\/renatodias.online\\\/movimento\\\/\",\"name\":\"\",\"description\":\"\",\"publisher\":{\"@id\":\"https:\\\/\\\/renatodias.online\\\/movimento\\\/#\\\/schema\\\/person\\\/bbab28833b1725a20f4083f49f1fb2a9\"},\"potentialAction\":[{\"@type\":\"SearchAction\",\"target\":{\"@type\":\"EntryPoint\",\"urlTemplate\":\"https:\\\/\\\/renatodias.online\\\/movimento\\\/?s={search_term_string}\"},\"query-input\":{\"@type\":\"PropertyValueSpecification\",\"valueRequired\":true,\"valueName\":\"search_term_string\"}}],\"inLanguage\":\"pt-BR\"},{\"@type\":[\"Person\",\"Organization\"],\"@id\":\"https:\\\/\\\/renatodias.online\\\/movimento\\\/#\\\/schema\\\/person\\\/bbab28833b1725a20f4083f49f1fb2a9\",\"name\":\"Renato Dias\",\"image\":{\"@type\":\"ImageObject\",\"inLanguage\":\"pt-BR\",\"@id\":\"https:\\\/\\\/renatodias.online\\\/movimento\\\/wp-content\\\/uploads\\\/2023\\\/03\\\/cropped-cropped-cropped-logofinal.jpeg\",\"url\":\"https:\\\/\\\/renatodias.online\\\/movimento\\\/wp-content\\\/uploads\\\/2023\\\/03\\\/cropped-cropped-cropped-logofinal.jpeg\",\"contentUrl\":\"https:\\\/\\\/renatodias.online\\\/movimento\\\/wp-content\\\/uploads\\\/2023\\\/03\\\/cropped-cropped-cropped-logofinal.jpeg\",\"width\":1280,\"height\":219,\"caption\":\"Renato Dias\"},\"logo\":{\"@id\":\"https:\\\/\\\/renatodias.online\\\/movimento\\\/wp-content\\\/uploads\\\/2023\\\/03\\\/cropped-cropped-cropped-logofinal.jpeg\"},\"description\":\"Renato Dias, 58 anos, \u00e9 graduado em Jornalismo, formado em Ci\u00eancias Sociais, com p\u00f3s-gradua\u00e7\u00e3o em Pol\u00edticas P\u00fablicas, mestre em Direito e Rela\u00e7\u00f5es Internacionais, ex-aluno extraordin\u00e1rio do Doutorado em Psicologia Social, ex-estudante do Curso de Psican\u00e1lise do Centro de Estudos Psicanal\u00edticos do Estado de Goi\u00e1s, ministrado pelo m\u00e9dico psiquiatra e psicanalista Daniel Em\u00eddio de Souza. \u00c9 autor de 30 livros-reportagem, oito document\u00e1rios, ganhou 30 pr\u00eamios e \u00e9 torcedor apaixonado do maior do Centro-Oeste, o Vila Nova Futebol Clube. Casado com Meirilane Dias, \u00e9 pai de Juliana Dias, jornalista; Daniel Dias, economista; e Maria Rosa Dias, estudante antifascista, socialista e trotskista.\u00a0Com tr\u00eas pets: Porquinho [Bull Dog Franc\u00eas], Dalila [Basset Hound] e Geleia [Basset Hound]. Al\u00e9m do eterno gato Tutuquinho, que virou estrela.\",\"sameAs\":[\"https:\\\/\\\/www.facebook.com\\\/renato.dias.37\",\"#breve\",\"https:\\\/\\\/renatodias.tumblr.com\\\/\"],\"url\":\"https:\\\/\\\/renatodias.online\\\/movimento\\\/author\\\/renatodias\\\/\"}]}<\/script>\n<!-- \/ Yoast SEO plugin. -->","yoast_head_json":{"title":"Bolsonaro em ru\u00ednas e PL acena -","robots":{"index":"index","follow":"follow","max-snippet":"max-snippet:-1","max-image-preview":"max-image-preview:large","max-video-preview":"max-video-preview:-1"},"canonical":"https:\/\/renatodias.online\/movimento\/2023\/06\/09\/bolsonaro-em-ruinas-e-pl-acena\/","og_locale":"pt_BR","og_type":"article","og_title":"Bolsonaro em ru\u00ednas e PL acena -","og_description":"Articula\u00e7\u00f5es Renato Dias\u00a0 A possibilidade de aprova\u00e7\u00e3o, j\u00e1 no dia 22, da inelegibilidade de Jair Bolsonaro, assim como o risco iminente de sua pris\u00e3o, ainda em 2023, mudaram\u00a0 o humor do presidente nacional do PL, Valdemar Costa Neto [SP]. O &#8220;ex&#8221; de Maria Cristina Caldeira, radicada hoje nos EUA, afirma que o senador S\u00e9rgio Moro,","og_url":"https:\/\/renatodias.online\/movimento\/2023\/06\/09\/bolsonaro-em-ruinas-e-pl-acena\/","article_publisher":"https:\/\/www.facebook.com\/renato.dias.37","article_author":"https:\/\/www.facebook.com\/renato.dias.37","article_published_time":"2023-06-09T18:05:19+00:00","article_modified_time":"2023-06-09T18:05:21+00:00","og_image":[{"width":851,"height":509,"url":"https:\/\/renatodias.online\/movimento\/wp-content\/uploads\/2023\/06\/Jair-Bolsonaro-desolado.jpg","type":"image\/jpeg"}],"author":"Renato Dias","twitter_card":"summary_large_image","twitter_creator":"@RenatoDiasBat","twitter_site":"@RenatoDiasBat","twitter_misc":{"Escrito por":"Renato Dias","Est. tempo de leitura":"3 minutos"},"schema":{"@context":"https:\/\/schema.org","@graph":[{"@type":"Article","@id":"https:\/\/renatodias.online\/movimento\/2023\/06\/09\/bolsonaro-em-ruinas-e-pl-acena\/#article","isPartOf":{"@id":"https:\/\/renatodias.online\/movimento\/2023\/06\/09\/bolsonaro-em-ruinas-e-pl-acena\/"},"author":{"name":"Renato Dias","@id":"https:\/\/renatodias.online\/movimento\/#\/schema\/person\/bbab28833b1725a20f4083f49f1fb2a9"},"headline":"Bolsonaro em ru\u00ednas e PL acena","datePublished":"2023-06-09T18:05:19+00:00","dateModified":"2023-06-09T18:05:21+00:00","mainEntityOfPage":{"@id":"https:\/\/renatodias.online\/movimento\/2023\/06\/09\/bolsonaro-em-ruinas-e-pl-acena\/"},"wordCount":231,"commentCount":0,"publisher":{"@id":"https:\/\/renatodias.online\/movimento\/#\/schema\/person\/bbab28833b1725a20f4083f49f1fb2a9"},"image":{"@id":"https:\/\/renatodias.online\/movimento\/2023\/06\/09\/bolsonaro-em-ruinas-e-pl-acena\/#primaryimage"},"thumbnailUrl":"https:\/\/renatodias.online\/movimento\/wp-content\/uploads\/2023\/06\/Jair-Bolsonaro-desolado-e1687471055394.jpg","articleSection":["Pol\u00edtica"],"inLanguage":"pt-BR","potentialAction":[{"@type":"CommentAction","name":"Comment","target":["https:\/\/renatodias.online\/movimento\/2023\/06\/09\/bolsonaro-em-ruinas-e-pl-acena\/#respond"]}]},{"@type":"WebPage","@id":"https:\/\/renatodias.online\/movimento\/2023\/06\/09\/bolsonaro-em-ruinas-e-pl-acena\/","url":"https:\/\/renatodias.online\/movimento\/2023\/06\/09\/bolsonaro-em-ruinas-e-pl-acena\/","name":"Bolsonaro em ru\u00ednas e PL acena -","isPartOf":{"@id":"https:\/\/renatodias.online\/movimento\/#website"},"primaryImageOfPage":{"@id":"https:\/\/renatodias.online\/movimento\/2023\/06\/09\/bolsonaro-em-ruinas-e-pl-acena\/#primaryimage"},"image":{"@id":"https:\/\/renatodias.online\/movimento\/2023\/06\/09\/bolsonaro-em-ruinas-e-pl-acena\/#primaryimage"},"thumbnailUrl":"https:\/\/renatodias.online\/movimento\/wp-content\/uploads\/2023\/06\/Jair-Bolsonaro-desolado-e1687471055394.jpg","datePublished":"2023-06-09T18:05:19+00:00","dateModified":"2023-06-09T18:05:21+00:00","breadcrumb":{"@id":"https:\/\/renatodias.online\/movimento\/2023\/06\/09\/bolsonaro-em-ruinas-e-pl-acena\/#breadcrumb"},"inLanguage":"pt-BR","potentialAction":[{"@type":"ReadAction","target":["https:\/\/renatodias.online\/movimento\/2023\/06\/09\/bolsonaro-em-ruinas-e-pl-acena\/"]}]},{"@type":"ImageObject","inLanguage":"pt-BR","@id":"https:\/\/renatodias.online\/movimento\/2023\/06\/09\/bolsonaro-em-ruinas-e-pl-acena\/#primaryimage","url":"https:\/\/renatodias.online\/movimento\/wp-content\/uploads\/2023\/06\/Jair-Bolsonaro-desolado-e1687471055394.jpg","contentUrl":"https:\/\/renatodias.online\/movimento\/wp-content\/uploads\/2023\/06\/Jair-Bolsonaro-desolado-e1687471055394.jpg","width":797,"height":477},{"@type":"BreadcrumbList","@id":"https:\/\/renatodias.online\/movimento\/2023\/06\/09\/bolsonaro-em-ruinas-e-pl-acena\/#breadcrumb","itemListElement":[{"@type":"ListItem","position":1,"name":"In\u00edcio","item":"https:\/\/renatodias.online\/movimento\/"},{"@type":"ListItem","position":2,"name":"Bolsonaro em ru\u00ednas e PL acena"}]},{"@type":"WebSite","@id":"https:\/\/renatodias.online\/movimento\/#website","url":"https:\/\/renatodias.online\/movimento\/","name":"","description":"","publisher":{"@id":"https:\/\/renatodias.online\/movimento\/#\/schema\/person\/bbab28833b1725a20f4083f49f1fb2a9"},"potentialAction":[{"@type":"SearchAction","target":{"@type":"EntryPoint","urlTemplate":"https:\/\/renatodias.online\/movimento\/?s={search_term_string}"},"query-input":{"@type":"PropertyValueSpecification","valueRequired":true,"valueName":"search_term_string"}}],"inLanguage":"pt-BR"},{"@type":["Person","Organization"],"@id":"https:\/\/renatodias.online\/movimento\/#\/schema\/person\/bbab28833b1725a20f4083f49f1fb2a9","name":"Renato Dias","image":{"@type":"ImageObject","inLanguage":"pt-BR","@id":"https:\/\/renatodias.online\/movimento\/wp-content\/uploads\/2023\/03\/cropped-cropped-cropped-logofinal.jpeg","url":"https:\/\/renatodias.online\/movimento\/wp-content\/uploads\/2023\/03\/cropped-cropped-cropped-logofinal.jpeg","contentUrl":"https:\/\/renatodias.online\/movimento\/wp-content\/uploads\/2023\/03\/cropped-cropped-cropped-logofinal.jpeg","width":1280,"height":219,"caption":"Renato Dias"},"logo":{"@id":"https:\/\/renatodias.online\/movimento\/wp-content\/uploads\/2023\/03\/cropped-cropped-cropped-logofinal.jpeg"},"description":"Renato Dias, 58 anos, \u00e9 graduado em Jornalismo, formado em Ci\u00eancias Sociais, com p\u00f3s-gradua\u00e7\u00e3o em Pol\u00edticas P\u00fablicas, mestre em Direito e Rela\u00e7\u00f5es Internacionais, ex-aluno extraordin\u00e1rio do Doutorado em Psicologia Social, ex-estudante do Curso de Psican\u00e1lise do Centro de Estudos Psicanal\u00edticos do Estado de Goi\u00e1s, ministrado pelo m\u00e9dico psiquiatra e psicanalista Daniel Em\u00eddio de Souza. \u00c9 autor de 30 livros-reportagem, oito document\u00e1rios, ganhou 30 pr\u00eamios e \u00e9 torcedor apaixonado do maior do Centro-Oeste, o Vila Nova Futebol Clube. Casado com Meirilane Dias, \u00e9 pai de Juliana Dias, jornalista; Daniel Dias, economista; e Maria Rosa Dias, estudante antifascista, socialista e trotskista.\u00a0Com tr\u00eas pets: Porquinho [Bull Dog Franc\u00eas], Dalila [Basset Hound] e Geleia [Basset Hound]. Al\u00e9m do eterno gato Tutuquinho, que virou estrela.","sameAs":["https:\/\/www.facebook.com\/renato.dias.37","#breve","https:\/\/renatodias.tumblr.com\/"],"url":"https:\/\/renatodias.online\/movimento\/author\/renatodias\/"}]}},"_links":{"self":[{"href":"https:\/\/renatodias.online\/movimento\/wp-json\/wp\/v2\/posts\/16981","targetHints":{"allow":["GET"]}}],"collection":[{"href":"https:\/\/renatodias.online\/movimento\/wp-json\/wp\/v2\/posts"}],"about":[{"href":"https:\/\/renatodias.online\/movimento\/wp-json\/wp\/v2\/types\/post"}],"author":[{"embeddable":true,"href":"https:\/\/renatodias.online\/movimento\/wp-json\/wp\/v2\/users\/2"}],"replies":[{"embeddable":true,"href":"https:\/\/renatodias.online\/movimento\/wp-json\/wp\/v2\/comments?post=16981"}],"version-history":[{"count":1,"href":"https:\/\/renatodias.online\/movimento\/wp-json\/wp\/v2\/posts\/16981\/revisions"}],"predecessor-version":[{"id":16984,"href":"https:\/\/renatodias.online\/movimento\/wp-json\/wp\/v2\/posts\/16981\/revisions\/16984"}],"wp:featuredmedia":[{"embeddable":true,"href":"https:\/\/renatodias.online\/movimento\/wp-json\/wp\/v2\/media\/16982"}],"wp:attachment":[{"href":"https:\/\/renatodias.online\/movimento\/wp-json\/wp\/v2\/media?parent=16981"}],"wp:term":[{"taxonomy":"category","embeddable":true,"href":"https:\/\/renatodias.online\/movimento\/wp-json\/wp\/v2\/categories?post=16981"},{"taxonomy":"post_tag","embeddable":true,"href":"https:\/\/renatodias.online\/movimento\/wp-json\/wp\/v2\/tags?post=16981"}],"curies":[{"name":"wp","href":"https:\/\/api.w.org\/{rel}","templated":true}]}}