{"id":16902,"date":"2023-05-27T00:16:13","date_gmt":"2023-05-27T03:16:13","guid":{"rendered":"https:\/\/renatodias.online\/movimento\/?p=16902"},"modified":"2023-05-27T00:17:23","modified_gmt":"2023-05-27T03:17:23","slug":"catalao-a-beira-da-explosao","status":"publish","type":"post","link":"https:\/\/renatodias.online\/movimento\/2023\/05\/27\/catalao-a-beira-da-explosao\/","title":{"rendered":"<strong>Catal\u00e3o \u00e0 beira da explos\u00e3o<\/strong>"},"content":{"rendered":"\n<figure class=\"wp-block-image aligncenter size-full\"><img decoding=\"async\" src=\"https:\/\/renatodias.online\/movimento\/wp-content\/uploads\/2022\/02\/Urgente-e1683158593648.jpg\" alt=\"\" class=\"wp-image-10966\"\/><\/figure>\n\n\n\n<p class=\"has-text-align-center\"><strong><mark style=\"background-color:rgba(0, 0, 0, 0)\" class=\"has-inline-color has-vivid-purple-color\">Viol\u00eancia pol\u00edtica<\/mark><\/strong><\/p>\n\n\n\n<p>Censura, amea\u00e7a e viol\u00eancia. Um mix do que ocorreu, em Catal\u00e3o. \u00c9 o que denuncia a <strong><a href=\"http:\/\/www.renatodias.online\">www.renatodias.online<\/a><\/strong> o deputado estadual <strong>Gustavo Sebba<\/strong> [PSDB].<\/p>\n\n\n\n<figure class=\"wp-block-image aligncenter size-full\"><img loading=\"lazy\" decoding=\"async\" width=\"800\" height=\"533\" src=\"https:\/\/renatodias.online\/movimento\/wp-content\/uploads\/2020\/09\/Gustavo-Sebba-1-e1685155751621.jpg\" alt=\"Gustavo Sebba\" class=\"wp-image-4614\" srcset=\"https:\/\/renatodias.online\/movimento\/wp-content\/uploads\/2020\/09\/Gustavo-Sebba-1-e1685155751621.jpg 800w, https:\/\/renatodias.online\/movimento\/wp-content\/uploads\/2020\/09\/Gustavo-Sebba-1-e1685155751621-300x200.jpg 300w, https:\/\/renatodias.online\/movimento\/wp-content\/uploads\/2020\/09\/Gustavo-Sebba-1-e1685155751621-768x512.jpg 768w, https:\/\/renatodias.online\/movimento\/wp-content\/uploads\/2020\/09\/Gustavo-Sebba-1-e1685155751621-150x100.jpg 150w\" sizes=\"auto, (max-width: 800px) 100vw, 800px\" \/><figcaption class=\"wp-element-caption\"><strong><mark style=\"background-color:rgba(0, 0, 0, 0)\" class=\"has-inline-color has-vivid-green-cyan-color\">Gustavo Sebba <\/mark><\/strong><\/figcaption><\/figure>\n\n\n\n<p>Reportagem especial do <strong>Nosso Programa<\/strong>, da tradicional emissora R\u00e1dio Sucesso FM, do \u00faltimo s\u00e1bado, de 10h \u00e0s 13h, terminou na <strong>Delegacia de Pol\u00edcia<\/strong>, ele informa.<\/p>\n\n\n\n<figure class=\"wp-block-video\"><video controls src=\"https:\/\/renatodias.online\/movimento\/wp-content\/uploads\/2023\/05\/VID-20230520-WA0080.mp4\"><\/video><figcaption class=\"wp-element-caption\"><strong><mark style=\"background-color:rgba(0, 0, 0, 0)\" class=\"has-inline-color has-vivid-cyan-blue-color\">Veja o epis\u00f3dio<\/mark><\/strong><\/figcaption><\/figure>\n\n\n\n<p>Com faro especial pela not\u00edcia exclusiva, os rep\u00f3rteres Yan Mesquita e Farley Henrique foram at\u00e9 ao <strong>Est\u00e1dio Genervino da Fonseca<\/strong>. Na \u00faltima sexta-feira.<\/p>\n\n\n\n<figure class=\"wp-block-image aligncenter size-full\"><img loading=\"lazy\" decoding=\"async\" width=\"200\" height=\"200\" src=\"https:\/\/renatodias.online\/movimento\/wp-content\/uploads\/2022\/07\/Podcast.jpg\" alt=\"\" class=\"wp-image-13381\" srcset=\"https:\/\/renatodias.online\/movimento\/wp-content\/uploads\/2022\/07\/Podcast.jpg 200w, https:\/\/renatodias.online\/movimento\/wp-content\/uploads\/2022\/07\/Podcast-150x150.jpg 150w\" sizes=\"auto, (max-width: 200px) 100vw, 200px\" \/><\/figure>\n\n\n\n<figure class=\"wp-block-audio\"><audio controls src=\"https:\/\/renatodias.online\/movimento\/wp-content\/uploads\/2023\/05\/PTT-20230520-WA0089-online-audio-converter.com_.mp3\"><\/audio><\/figure>\n\n\n\n<figure class=\"wp-block-audio\"><audio controls src=\"https:\/\/renatodias.online\/movimento\/wp-content\/uploads\/2023\/05\/PTT-20230520-WA0090-online-audio-converter.com_-1.mp3\"><\/audio><\/figure>\n\n\n\n<figure class=\"wp-block-audio\"><audio controls src=\"https:\/\/renatodias.online\/movimento\/wp-content\/uploads\/2023\/05\/PTT-20230520-WA0091-online-audio-converter.com_.mp3\"><\/audio><\/figure>\n\n\n\n<p class=\"has-text-align-center\"><strong><mark style=\"background-color:rgba(0, 0, 0, 0)\" class=\"has-inline-color has-vivid-cyan-blue-color\">Ricardo Nogueira, jornalista<\/mark><\/strong><\/p>\n\n\n\n<p>Para investigar <strong>um suposto repasse milion\u00e1rio do er\u00e1rio para o Crac, hoje, na S\u00e9rie D<\/strong>, do Campeonato Brasileiro de futebol. Recursos que poderiam ir \u00e0 Sa\u00fade.<\/p>\n\n\n\n<figure class=\"wp-block-image aligncenter size-full\"><img loading=\"lazy\" decoding=\"async\" width=\"846\" height=\"720\" src=\"https:\/\/renatodias.online\/movimento\/wp-content\/uploads\/2022\/03\/Crac-e-Goias-link.jpeg\" alt=\"\" class=\"wp-image-11197\" srcset=\"https:\/\/renatodias.online\/movimento\/wp-content\/uploads\/2022\/03\/Crac-e-Goias-link.jpeg 846w, https:\/\/renatodias.online\/movimento\/wp-content\/uploads\/2022\/03\/Crac-e-Goias-link-300x255.jpeg 300w, https:\/\/renatodias.online\/movimento\/wp-content\/uploads\/2022\/03\/Crac-e-Goias-link-768x654.jpeg 768w, https:\/\/renatodias.online\/movimento\/wp-content\/uploads\/2022\/03\/Crac-e-Goias-link-750x638.jpeg 750w\" sizes=\"auto, (max-width: 846px) 100vw, 846px\" \/><figcaption class=\"wp-element-caption\"><strong>Crac: bola parada<\/strong><\/figcaption><\/figure>\n\n\n\n<p>Apesar de a Constitui\u00e7\u00e3o Federal, promulgada em 5 de outubro de 1988, garantir a Liberdade de Imprensa, <strong>os profissionais foram censurados, amea\u00e7ados e agredidos<\/strong>.<\/p>\n\n\n\n<figure class=\"wp-block-image aligncenter size-full\"><img decoding=\"async\" src=\"https:\/\/renatodias.online\/movimento\/wp-content\/uploads\/2023\/02\/A-crise-no-Peru-Mira.png\" alt=\"\" class=\"wp-image-15687\"\/><\/figure>\n\n\n\n<p>Pelo motorista <strong>Jos\u00e9 Francisco Cust\u00f3dio J\u00fanior<\/strong>. Ele trabalha para o prefeito de Catal\u00e3o, Adib Elias, hoje sem partido pol\u00edtico. <strong>Observa\u00e7\u00e3o: o mandachuva do time local.<\/strong><\/p>\n\n\n\n<figure class=\"wp-block-image aligncenter size-full\"><img decoding=\"async\" src=\"https:\/\/renatodias.online\/movimento\/wp-content\/uploads\/2020\/09\/Adib-Elias.jpg\" alt=\"\" class=\"wp-image-4477\"\/><figcaption class=\"wp-element-caption\"><strong>Adib Elias<\/strong><\/figcaption><\/figure>\n\n\n\n<p>N\u00e3o custa lembrar ao leitor do portal. A den\u00fancia foi ao ar no s\u00e1bado. O deputado estadual tucano <strong>Gustavo Sebba solidarizou-se com as tr\u00eas v\u00edtimas. Jornalistas<\/strong>.<\/p>\n\n\n\n<figure class=\"wp-block-image aligncenter size-full\"><img loading=\"lazy\" decoding=\"async\" width=\"300\" height=\"103\" src=\"https:\/\/renatodias.online\/movimento\/wp-content\/uploads\/2022\/08\/Saiba-mais-e1680139445250.png\" alt=\"\" class=\"wp-image-13698\" srcset=\"https:\/\/renatodias.online\/movimento\/wp-content\/uploads\/2022\/08\/Saiba-mais-e1680139445250.png 300w, https:\/\/renatodias.online\/movimento\/wp-content\/uploads\/2022\/08\/Saiba-mais-e1680139445250-150x52.png 150w\" sizes=\"auto, (max-width: 300px) 100vw, 300px\" \/><\/figure>\n\n\n\n<p>O irm\u00e3o do auxiliar de Adib Elias, <strong>Jardel Cust\u00f3dio, nervoso, invadiu o est\u00fadio da&nbsp;R\u00e1dio Sucesso FM<\/strong>, conta o Boletim de Ocorr\u00eancia registrado na Delegacia de Pol\u00edcia.<\/p>\n\n\n\n<figure class=\"wp-block-image aligncenter size-full\"><img decoding=\"async\" src=\"https:\/\/renatodias.online\/movimento\/wp-content\/uploads\/2022\/08\/Raio-X-especial-e1680139645191.png\" alt=\"\" class=\"wp-image-13781\"\/><\/figure>\n\n\n\n<p>Registro: ele xingou, amea\u00e7ou e agrediu os jornalistas <strong>Mamede Le\u00e3o, Ricardo Nogueira e Yan Vitor Mesquita<\/strong>. Esc\u00e2ndalo na cidade. Inaceit\u00e1vel, afirma o parlamentar.<\/p>\n\n\n\n<figure class=\"wp-block-image aligncenter size-large is-resized\"><img loading=\"lazy\" decoding=\"async\" src=\"https:\/\/renatodias.online\/movimento\/wp-content\/uploads\/2023\/05\/Boletim-de-Ocorrencia-pdf-791x1024.jpg\" alt=\"\" class=\"wp-image-16908\" width=\"791\" height=\"1024\"\/><\/figure>\n\n\n\n<p>As c\u00e2meras gravaram as cenas de viol\u00eancia expl\u00edcita e tentativa de cerceamento ao livre exerc\u00edcio do jornalismo regional, destaca <strong>o cardeal tucano Jardel Sebba<\/strong>.<\/p>\n\n\n\n<figure class=\"wp-block-image aligncenter size-full\"><img loading=\"lazy\" decoding=\"async\" width=\"900\" height=\"500\" src=\"https:\/\/renatodias.online\/movimento\/wp-content\/uploads\/2022\/03\/A-Constituicao-Federal-de-1988.jpg\" alt=\"\" class=\"wp-image-11151\" srcset=\"https:\/\/renatodias.online\/movimento\/wp-content\/uploads\/2022\/03\/A-Constituicao-Federal-de-1988.jpg 900w, https:\/\/renatodias.online\/movimento\/wp-content\/uploads\/2022\/03\/A-Constituicao-Federal-de-1988-300x167.jpg 300w, https:\/\/renatodias.online\/movimento\/wp-content\/uploads\/2022\/03\/A-Constituicao-Federal-de-1988-768x427.jpg 768w, https:\/\/renatodias.online\/movimento\/wp-content\/uploads\/2022\/03\/A-Constituicao-Federal-de-1988-750x417.jpg 750w\" sizes=\"auto, (max-width: 900px) 100vw, 900px\" \/><figcaption class=\"wp-element-caption\"><strong>A Constitui\u00e7\u00e3o Federal de 5 de outubro de 1988, no Brasil<\/strong><\/figcaption><\/figure>\n\n\n\n<p>Veja o v\u00eddeo. Leia o BO. Ou\u00e7a os \u00e1udios. A reportagem tentou e n\u00e3o conseguiu ouvir as vers\u00f5es do outro lado da not\u00edcia. <strong>De Adib Elias, Jardel Cust\u00f3dio e<\/strong> <strong>Jos\u00e9 Francisco Cust\u00f3dio J\u00fanior<\/strong><\/p>\n\n\n\n<figure class=\"wp-block-image size-full\"><img decoding=\"async\" src=\"https:\/\/renatodias.online\/movimento\/wp-content\/uploads\/2023\/01\/Eduardo-Leite-e-Jardel-Sebba-2.png\" alt=\"\" class=\"wp-image-15429\"\/><figcaption class=\"wp-element-caption\"><strong>Jardel Sebba, Eduardo Leite, Gustavo Sebba e Marconi Perillo<\/strong><\/figcaption><\/figure>\n\n\n\n<figure class=\"wp-block-image aligncenter size-full\"><img decoding=\"async\" src=\"https:\/\/renatodias.online\/movimento\/wp-content\/uploads\/2023\/04\/Veja-e1680475225663.jpg\" alt=\"\" class=\"wp-image-16291\"\/><\/figure>\n\n\n\n<p class=\"has-text-align-center\"><strong><mark style=\"background-color:rgba(0, 0, 0, 0)\" class=\"has-inline-color has-luminous-vivid-orange-color\">Presidente da AL d\u00e1 seguran\u00e7a a deputado<\/mark><\/strong><\/p>\n\n\n\n<figure class=\"wp-block-image aligncenter size-full\"><img loading=\"lazy\" decoding=\"async\" width=\"800\" height=\"534\" src=\"https:\/\/renatodias.online\/movimento\/wp-content\/uploads\/2019\/11\/bruno-peixoto-2020.jpeg\" alt=\"Bruno Peixoto, deputado estadual e l\u00edder do Governo no Pal\u00e1cio Alfredo Nasser\" class=\"wp-image-3039\" srcset=\"https:\/\/renatodias.online\/movimento\/wp-content\/uploads\/2019\/11\/bruno-peixoto-2020.jpeg 800w, https:\/\/renatodias.online\/movimento\/wp-content\/uploads\/2019\/11\/bruno-peixoto-2020-360x240.jpeg 360w, https:\/\/renatodias.online\/movimento\/wp-content\/uploads\/2019\/11\/bruno-peixoto-2020-750x501.jpeg 750w\" sizes=\"auto, (max-width: 800px) 100vw, 800px\" \/><figcaption class=\"wp-element-caption\"><strong>Bruno Peixoto<\/strong><\/figcaption><\/figure>\n\n\n\n<p>O presidente da Assembleia Legislativa do Estado de Goi\u00e1s, <strong>Bruno Peixoto<\/strong>, solidarizou-se com Gustavo Sebba e colocou a seguran\u00e7a da Casa de Leis 24 horas \u00e0 disposi\u00e7\u00e3o do amea\u00e7ado.<\/p>\n\n\n\n<figure class=\"wp-block-image aligncenter size-full\"><img decoding=\"async\" src=\"https:\/\/renatodias.online\/movimento\/wp-content\/uploads\/2023\/01\/Para-entender.png\" alt=\"\" class=\"wp-image-15239\"\/><\/figure>\n\n\n\n<p class=\"has-text-align-center\"><strong><mark style=\"background-color:rgba(0, 0, 0, 0)\" class=\"has-inline-color has-vivid-red-color\">Adib Elias ataca Bruno Peixoto<\/mark><\/strong><\/p>\n\n\n\n<p>O prefeito de Catal\u00e3o, Adib Elias [Sem partido], n\u00e3o gostou da decis\u00e3o e atacou-o. N\u00e3o respeito-o, ele afirma.<\/p>\n\n\n\n<p class=\"has-text-align-center\"><mark style=\"background-color:rgba(0, 0, 0, 0)\" class=\"has-inline-color has-vivid-purple-color\"><strong>Veja o v\u00eddeo<\/strong>\u00a0<\/mark><\/p>\n\n\n\n<figure class=\"wp-block-video\"><video controls src=\"https:\/\/renatodias.online\/movimento\/wp-content\/uploads\/2023\/05\/VID-20230523-WA0089.mp4\"><\/video><\/figure>\n","protected":false},"excerpt":{"rendered":"<p>Viol\u00eancia pol\u00edtica Censura, amea\u00e7a e viol\u00eancia. Um mix do que ocorreu, em Catal\u00e3o. \u00c9 o que denuncia a www.renatodias.online o deputado estadual Gustavo Sebba [PSDB]. Reportagem especial do Nosso Programa, da tradicional emissora R\u00e1dio Sucesso FM, do \u00faltimo s\u00e1bado, de 10h \u00e0s 13h, terminou na Delegacia de Pol\u00edcia, ele informa. Com faro especial pela not\u00edcia<\/p>\n","protected":false},"author":2,"featured_media":8967,"comment_status":"open","ping_status":"open","sticky":false,"template":"","format":"standard","meta":{"_acf_changed":false,"_monsterinsights_skip_tracking":false,"_monsterinsights_sitenote_active":false,"_monsterinsights_sitenote_note":"","_monsterinsights_sitenote_category":0,"footnotes":""},"categories":[4],"tags":[],"class_list":["post-16902","post","type-post","status-publish","format-standard","has-post-thumbnail","hentry","category-politica"],"acf":[],"yoast_head":"<!-- This site is optimized with the Yoast SEO plugin v27.4 - https:\/\/yoast.com\/product\/yoast-seo-wordpress\/ -->\n<title>Catal\u00e3o \u00e0 beira da explos\u00e3o -<\/title>\n<meta name=\"robots\" content=\"index, follow, max-snippet:-1, max-image-preview:large, max-video-preview:-1\" \/>\n<link rel=\"canonical\" href=\"https:\/\/renatodias.online\/movimento\/2023\/05\/27\/catalao-a-beira-da-explosao\/\" \/>\n<meta property=\"og:locale\" content=\"pt_BR\" \/>\n<meta property=\"og:type\" content=\"article\" \/>\n<meta property=\"og:title\" content=\"Catal\u00e3o \u00e0 beira da explos\u00e3o -\" \/>\n<meta property=\"og:description\" content=\"Viol\u00eancia pol\u00edtica Censura, amea\u00e7a e viol\u00eancia. Um mix do que ocorreu, em Catal\u00e3o. \u00c9 o que denuncia a www.renatodias.online o deputado estadual Gustavo Sebba [PSDB]. Reportagem especial do Nosso Programa, da tradicional emissora R\u00e1dio Sucesso FM, do \u00faltimo s\u00e1bado, de 10h \u00e0s 13h, terminou na Delegacia de Pol\u00edcia, ele informa. Com faro especial pela not\u00edcia\" \/>\n<meta property=\"og:url\" content=\"https:\/\/renatodias.online\/movimento\/2023\/05\/27\/catalao-a-beira-da-explosao\/\" \/>\n<meta property=\"article:publisher\" content=\"https:\/\/www.facebook.com\/renato.dias.37\" \/>\n<meta property=\"article:author\" content=\"https:\/\/www.facebook.com\/renato.dias.37\" \/>\n<meta property=\"article:published_time\" content=\"2023-05-27T03:16:13+00:00\" \/>\n<meta property=\"article:modified_time\" content=\"2023-05-27T03:17:23+00:00\" \/>\n<meta property=\"og:image\" content=\"https:\/\/renatodias.online\/movimento\/wp-content\/uploads\/2021\/09\/Explosivo-1-e1685157340832.jpg\" \/>\n\t<meta property=\"og:image:width\" content=\"800\" \/>\n\t<meta property=\"og:image:height\" content=\"419\" \/>\n\t<meta property=\"og:image:type\" content=\"image\/jpeg\" \/>\n<meta name=\"author\" content=\"Renato Dias\" \/>\n<meta name=\"twitter:card\" content=\"summary_large_image\" \/>\n<meta name=\"twitter:creator\" content=\"@RenatoDiasBat\" \/>\n<meta name=\"twitter:site\" content=\"@RenatoDiasBat\" \/>\n<meta name=\"twitter:label1\" content=\"Escrito por\" \/>\n\t<meta name=\"twitter:data1\" content=\"Renato Dias\" \/>\n\t<meta name=\"twitter:label2\" content=\"Est. tempo de leitura\" \/>\n\t<meta name=\"twitter:data2\" content=\"5 minutos\" \/>\n<script type=\"application\/ld+json\" class=\"yoast-schema-graph\">{\"@context\":\"https:\\\/\\\/schema.org\",\"@graph\":[{\"@type\":\"Article\",\"@id\":\"https:\\\/\\\/renatodias.online\\\/movimento\\\/2023\\\/05\\\/27\\\/catalao-a-beira-da-explosao\\\/#article\",\"isPartOf\":{\"@id\":\"https:\\\/\\\/renatodias.online\\\/movimento\\\/2023\\\/05\\\/27\\\/catalao-a-beira-da-explosao\\\/\"},\"author\":{\"name\":\"Renato Dias\",\"@id\":\"https:\\\/\\\/renatodias.online\\\/movimento\\\/#\\\/schema\\\/person\\\/bbab28833b1725a20f4083f49f1fb2a9\"},\"headline\":\"Catal\u00e3o \u00e0 beira da explos\u00e3o\",\"datePublished\":\"2023-05-27T03:16:13+00:00\",\"dateModified\":\"2023-05-27T03:17:23+00:00\",\"mainEntityOfPage\":{\"@id\":\"https:\\\/\\\/renatodias.online\\\/movimento\\\/2023\\\/05\\\/27\\\/catalao-a-beira-da-explosao\\\/\"},\"wordCount\":440,\"commentCount\":0,\"publisher\":{\"@id\":\"https:\\\/\\\/renatodias.online\\\/movimento\\\/#\\\/schema\\\/person\\\/bbab28833b1725a20f4083f49f1fb2a9\"},\"image\":{\"@id\":\"https:\\\/\\\/renatodias.online\\\/movimento\\\/2023\\\/05\\\/27\\\/catalao-a-beira-da-explosao\\\/#primaryimage\"},\"thumbnailUrl\":\"https:\\\/\\\/renatodias.online\\\/movimento\\\/wp-content\\\/uploads\\\/2021\\\/09\\\/Explosivo-1-e1685157340832.jpg\",\"articleSection\":[\"Pol\u00edtica\"],\"inLanguage\":\"pt-BR\",\"potentialAction\":[{\"@type\":\"CommentAction\",\"name\":\"Comment\",\"target\":[\"https:\\\/\\\/renatodias.online\\\/movimento\\\/2023\\\/05\\\/27\\\/catalao-a-beira-da-explosao\\\/#respond\"]}]},{\"@type\":\"WebPage\",\"@id\":\"https:\\\/\\\/renatodias.online\\\/movimento\\\/2023\\\/05\\\/27\\\/catalao-a-beira-da-explosao\\\/\",\"url\":\"https:\\\/\\\/renatodias.online\\\/movimento\\\/2023\\\/05\\\/27\\\/catalao-a-beira-da-explosao\\\/\",\"name\":\"Catal\u00e3o \u00e0 beira da explos\u00e3o -\",\"isPartOf\":{\"@id\":\"https:\\\/\\\/renatodias.online\\\/movimento\\\/#website\"},\"primaryImageOfPage\":{\"@id\":\"https:\\\/\\\/renatodias.online\\\/movimento\\\/2023\\\/05\\\/27\\\/catalao-a-beira-da-explosao\\\/#primaryimage\"},\"image\":{\"@id\":\"https:\\\/\\\/renatodias.online\\\/movimento\\\/2023\\\/05\\\/27\\\/catalao-a-beira-da-explosao\\\/#primaryimage\"},\"thumbnailUrl\":\"https:\\\/\\\/renatodias.online\\\/movimento\\\/wp-content\\\/uploads\\\/2021\\\/09\\\/Explosivo-1-e1685157340832.jpg\",\"datePublished\":\"2023-05-27T03:16:13+00:00\",\"dateModified\":\"2023-05-27T03:17:23+00:00\",\"breadcrumb\":{\"@id\":\"https:\\\/\\\/renatodias.online\\\/movimento\\\/2023\\\/05\\\/27\\\/catalao-a-beira-da-explosao\\\/#breadcrumb\"},\"inLanguage\":\"pt-BR\",\"potentialAction\":[{\"@type\":\"ReadAction\",\"target\":[\"https:\\\/\\\/renatodias.online\\\/movimento\\\/2023\\\/05\\\/27\\\/catalao-a-beira-da-explosao\\\/\"]}]},{\"@type\":\"ImageObject\",\"inLanguage\":\"pt-BR\",\"@id\":\"https:\\\/\\\/renatodias.online\\\/movimento\\\/2023\\\/05\\\/27\\\/catalao-a-beira-da-explosao\\\/#primaryimage\",\"url\":\"https:\\\/\\\/renatodias.online\\\/movimento\\\/wp-content\\\/uploads\\\/2021\\\/09\\\/Explosivo-1-e1685157340832.jpg\",\"contentUrl\":\"https:\\\/\\\/renatodias.online\\\/movimento\\\/wp-content\\\/uploads\\\/2021\\\/09\\\/Explosivo-1-e1685157340832.jpg\",\"width\":800,\"height\":419,\"caption\":\"Cen\u00e1rio pol\u00edtico em Catal\u00e3o\"},{\"@type\":\"BreadcrumbList\",\"@id\":\"https:\\\/\\\/renatodias.online\\\/movimento\\\/2023\\\/05\\\/27\\\/catalao-a-beira-da-explosao\\\/#breadcrumb\",\"itemListElement\":[{\"@type\":\"ListItem\",\"position\":1,\"name\":\"In\u00edcio\",\"item\":\"https:\\\/\\\/renatodias.online\\\/movimento\\\/\"},{\"@type\":\"ListItem\",\"position\":2,\"name\":\"Catal\u00e3o \u00e0 beira da explos\u00e3o\"}]},{\"@type\":\"WebSite\",\"@id\":\"https:\\\/\\\/renatodias.online\\\/movimento\\\/#website\",\"url\":\"https:\\\/\\\/renatodias.online\\\/movimento\\\/\",\"name\":\"\",\"description\":\"\",\"publisher\":{\"@id\":\"https:\\\/\\\/renatodias.online\\\/movimento\\\/#\\\/schema\\\/person\\\/bbab28833b1725a20f4083f49f1fb2a9\"},\"potentialAction\":[{\"@type\":\"SearchAction\",\"target\":{\"@type\":\"EntryPoint\",\"urlTemplate\":\"https:\\\/\\\/renatodias.online\\\/movimento\\\/?s={search_term_string}\"},\"query-input\":{\"@type\":\"PropertyValueSpecification\",\"valueRequired\":true,\"valueName\":\"search_term_string\"}}],\"inLanguage\":\"pt-BR\"},{\"@type\":[\"Person\",\"Organization\"],\"@id\":\"https:\\\/\\\/renatodias.online\\\/movimento\\\/#\\\/schema\\\/person\\\/bbab28833b1725a20f4083f49f1fb2a9\",\"name\":\"Renato Dias\",\"image\":{\"@type\":\"ImageObject\",\"inLanguage\":\"pt-BR\",\"@id\":\"https:\\\/\\\/renatodias.online\\\/movimento\\\/wp-content\\\/uploads\\\/2023\\\/03\\\/cropped-cropped-cropped-logofinal.jpeg\",\"url\":\"https:\\\/\\\/renatodias.online\\\/movimento\\\/wp-content\\\/uploads\\\/2023\\\/03\\\/cropped-cropped-cropped-logofinal.jpeg\",\"contentUrl\":\"https:\\\/\\\/renatodias.online\\\/movimento\\\/wp-content\\\/uploads\\\/2023\\\/03\\\/cropped-cropped-cropped-logofinal.jpeg\",\"width\":1280,\"height\":219,\"caption\":\"Renato Dias\"},\"logo\":{\"@id\":\"https:\\\/\\\/renatodias.online\\\/movimento\\\/wp-content\\\/uploads\\\/2023\\\/03\\\/cropped-cropped-cropped-logofinal.jpeg\"},\"description\":\"Renato Dias, 58 anos, \u00e9 graduado em Jornalismo, formado em Ci\u00eancias Sociais, com p\u00f3s-gradua\u00e7\u00e3o em Pol\u00edticas P\u00fablicas, mestre em Direito e Rela\u00e7\u00f5es Internacionais, ex-aluno extraordin\u00e1rio do Doutorado em Psicologia Social, ex-estudante do Curso de Psican\u00e1lise do Centro de Estudos Psicanal\u00edticos do Estado de Goi\u00e1s, ministrado pelo m\u00e9dico psiquiatra e psicanalista Daniel Em\u00eddio de Souza. \u00c9 autor de 30 livros-reportagem, oito document\u00e1rios, ganhou 30 pr\u00eamios e \u00e9 torcedor apaixonado do maior do Centro-Oeste, o Vila Nova Futebol Clube. Casado com Meirilane Dias, \u00e9 pai de Juliana Dias, jornalista; Daniel Dias, economista; e Maria Rosa Dias, estudante antifascista, socialista e trotskista.\u00a0Com tr\u00eas pets: Porquinho [Bull Dog Franc\u00eas], Dalila [Basset Hound] e Geleia [Basset Hound]. Al\u00e9m do eterno gato Tutuquinho, que virou estrela.\",\"sameAs\":[\"https:\\\/\\\/www.facebook.com\\\/renato.dias.37\",\"#breve\",\"https:\\\/\\\/renatodias.tumblr.com\\\/\"],\"url\":\"https:\\\/\\\/renatodias.online\\\/movimento\\\/author\\\/renatodias\\\/\"}]}<\/script>\n<!-- \/ Yoast SEO plugin. -->","yoast_head_json":{"title":"Catal\u00e3o \u00e0 beira da explos\u00e3o -","robots":{"index":"index","follow":"follow","max-snippet":"max-snippet:-1","max-image-preview":"max-image-preview:large","max-video-preview":"max-video-preview:-1"},"canonical":"https:\/\/renatodias.online\/movimento\/2023\/05\/27\/catalao-a-beira-da-explosao\/","og_locale":"pt_BR","og_type":"article","og_title":"Catal\u00e3o \u00e0 beira da explos\u00e3o -","og_description":"Viol\u00eancia pol\u00edtica Censura, amea\u00e7a e viol\u00eancia. Um mix do que ocorreu, em Catal\u00e3o. \u00c9 o que denuncia a www.renatodias.online o deputado estadual Gustavo Sebba [PSDB]. Reportagem especial do Nosso Programa, da tradicional emissora R\u00e1dio Sucesso FM, do \u00faltimo s\u00e1bado, de 10h \u00e0s 13h, terminou na Delegacia de Pol\u00edcia, ele informa. Com faro especial pela not\u00edcia","og_url":"https:\/\/renatodias.online\/movimento\/2023\/05\/27\/catalao-a-beira-da-explosao\/","article_publisher":"https:\/\/www.facebook.com\/renato.dias.37","article_author":"https:\/\/www.facebook.com\/renato.dias.37","article_published_time":"2023-05-27T03:16:13+00:00","article_modified_time":"2023-05-27T03:17:23+00:00","og_image":[{"width":800,"height":419,"url":"https:\/\/renatodias.online\/movimento\/wp-content\/uploads\/2021\/09\/Explosivo-1-e1685157340832.jpg","type":"image\/jpeg"}],"author":"Renato Dias","twitter_card":"summary_large_image","twitter_creator":"@RenatoDiasBat","twitter_site":"@RenatoDiasBat","twitter_misc":{"Escrito por":"Renato Dias","Est. tempo de leitura":"5 minutos"},"schema":{"@context":"https:\/\/schema.org","@graph":[{"@type":"Article","@id":"https:\/\/renatodias.online\/movimento\/2023\/05\/27\/catalao-a-beira-da-explosao\/#article","isPartOf":{"@id":"https:\/\/renatodias.online\/movimento\/2023\/05\/27\/catalao-a-beira-da-explosao\/"},"author":{"name":"Renato Dias","@id":"https:\/\/renatodias.online\/movimento\/#\/schema\/person\/bbab28833b1725a20f4083f49f1fb2a9"},"headline":"Catal\u00e3o \u00e0 beira da explos\u00e3o","datePublished":"2023-05-27T03:16:13+00:00","dateModified":"2023-05-27T03:17:23+00:00","mainEntityOfPage":{"@id":"https:\/\/renatodias.online\/movimento\/2023\/05\/27\/catalao-a-beira-da-explosao\/"},"wordCount":440,"commentCount":0,"publisher":{"@id":"https:\/\/renatodias.online\/movimento\/#\/schema\/person\/bbab28833b1725a20f4083f49f1fb2a9"},"image":{"@id":"https:\/\/renatodias.online\/movimento\/2023\/05\/27\/catalao-a-beira-da-explosao\/#primaryimage"},"thumbnailUrl":"https:\/\/renatodias.online\/movimento\/wp-content\/uploads\/2021\/09\/Explosivo-1-e1685157340832.jpg","articleSection":["Pol\u00edtica"],"inLanguage":"pt-BR","potentialAction":[{"@type":"CommentAction","name":"Comment","target":["https:\/\/renatodias.online\/movimento\/2023\/05\/27\/catalao-a-beira-da-explosao\/#respond"]}]},{"@type":"WebPage","@id":"https:\/\/renatodias.online\/movimento\/2023\/05\/27\/catalao-a-beira-da-explosao\/","url":"https:\/\/renatodias.online\/movimento\/2023\/05\/27\/catalao-a-beira-da-explosao\/","name":"Catal\u00e3o \u00e0 beira da explos\u00e3o -","isPartOf":{"@id":"https:\/\/renatodias.online\/movimento\/#website"},"primaryImageOfPage":{"@id":"https:\/\/renatodias.online\/movimento\/2023\/05\/27\/catalao-a-beira-da-explosao\/#primaryimage"},"image":{"@id":"https:\/\/renatodias.online\/movimento\/2023\/05\/27\/catalao-a-beira-da-explosao\/#primaryimage"},"thumbnailUrl":"https:\/\/renatodias.online\/movimento\/wp-content\/uploads\/2021\/09\/Explosivo-1-e1685157340832.jpg","datePublished":"2023-05-27T03:16:13+00:00","dateModified":"2023-05-27T03:17:23+00:00","breadcrumb":{"@id":"https:\/\/renatodias.online\/movimento\/2023\/05\/27\/catalao-a-beira-da-explosao\/#breadcrumb"},"inLanguage":"pt-BR","potentialAction":[{"@type":"ReadAction","target":["https:\/\/renatodias.online\/movimento\/2023\/05\/27\/catalao-a-beira-da-explosao\/"]}]},{"@type":"ImageObject","inLanguage":"pt-BR","@id":"https:\/\/renatodias.online\/movimento\/2023\/05\/27\/catalao-a-beira-da-explosao\/#primaryimage","url":"https:\/\/renatodias.online\/movimento\/wp-content\/uploads\/2021\/09\/Explosivo-1-e1685157340832.jpg","contentUrl":"https:\/\/renatodias.online\/movimento\/wp-content\/uploads\/2021\/09\/Explosivo-1-e1685157340832.jpg","width":800,"height":419,"caption":"Cen\u00e1rio pol\u00edtico em Catal\u00e3o"},{"@type":"BreadcrumbList","@id":"https:\/\/renatodias.online\/movimento\/2023\/05\/27\/catalao-a-beira-da-explosao\/#breadcrumb","itemListElement":[{"@type":"ListItem","position":1,"name":"In\u00edcio","item":"https:\/\/renatodias.online\/movimento\/"},{"@type":"ListItem","position":2,"name":"Catal\u00e3o \u00e0 beira da explos\u00e3o"}]},{"@type":"WebSite","@id":"https:\/\/renatodias.online\/movimento\/#website","url":"https:\/\/renatodias.online\/movimento\/","name":"","description":"","publisher":{"@id":"https:\/\/renatodias.online\/movimento\/#\/schema\/person\/bbab28833b1725a20f4083f49f1fb2a9"},"potentialAction":[{"@type":"SearchAction","target":{"@type":"EntryPoint","urlTemplate":"https:\/\/renatodias.online\/movimento\/?s={search_term_string}"},"query-input":{"@type":"PropertyValueSpecification","valueRequired":true,"valueName":"search_term_string"}}],"inLanguage":"pt-BR"},{"@type":["Person","Organization"],"@id":"https:\/\/renatodias.online\/movimento\/#\/schema\/person\/bbab28833b1725a20f4083f49f1fb2a9","name":"Renato Dias","image":{"@type":"ImageObject","inLanguage":"pt-BR","@id":"https:\/\/renatodias.online\/movimento\/wp-content\/uploads\/2023\/03\/cropped-cropped-cropped-logofinal.jpeg","url":"https:\/\/renatodias.online\/movimento\/wp-content\/uploads\/2023\/03\/cropped-cropped-cropped-logofinal.jpeg","contentUrl":"https:\/\/renatodias.online\/movimento\/wp-content\/uploads\/2023\/03\/cropped-cropped-cropped-logofinal.jpeg","width":1280,"height":219,"caption":"Renato Dias"},"logo":{"@id":"https:\/\/renatodias.online\/movimento\/wp-content\/uploads\/2023\/03\/cropped-cropped-cropped-logofinal.jpeg"},"description":"Renato Dias, 58 anos, \u00e9 graduado em Jornalismo, formado em Ci\u00eancias Sociais, com p\u00f3s-gradua\u00e7\u00e3o em Pol\u00edticas P\u00fablicas, mestre em Direito e Rela\u00e7\u00f5es Internacionais, ex-aluno extraordin\u00e1rio do Doutorado em Psicologia Social, ex-estudante do Curso de Psican\u00e1lise do Centro de Estudos Psicanal\u00edticos do Estado de Goi\u00e1s, ministrado pelo m\u00e9dico psiquiatra e psicanalista Daniel Em\u00eddio de Souza. \u00c9 autor de 30 livros-reportagem, oito document\u00e1rios, ganhou 30 pr\u00eamios e \u00e9 torcedor apaixonado do maior do Centro-Oeste, o Vila Nova Futebol Clube. Casado com Meirilane Dias, \u00e9 pai de Juliana Dias, jornalista; Daniel Dias, economista; e Maria Rosa Dias, estudante antifascista, socialista e trotskista.\u00a0Com tr\u00eas pets: Porquinho [Bull Dog Franc\u00eas], Dalila [Basset Hound] e Geleia [Basset Hound]. Al\u00e9m do eterno gato Tutuquinho, que virou estrela.","sameAs":["https:\/\/www.facebook.com\/renato.dias.37","#breve","https:\/\/renatodias.tumblr.com\/"],"url":"https:\/\/renatodias.online\/movimento\/author\/renatodias\/"}]}},"_links":{"self":[{"href":"https:\/\/renatodias.online\/movimento\/wp-json\/wp\/v2\/posts\/16902","targetHints":{"allow":["GET"]}}],"collection":[{"href":"https:\/\/renatodias.online\/movimento\/wp-json\/wp\/v2\/posts"}],"about":[{"href":"https:\/\/renatodias.online\/movimento\/wp-json\/wp\/v2\/types\/post"}],"author":[{"embeddable":true,"href":"https:\/\/renatodias.online\/movimento\/wp-json\/wp\/v2\/users\/2"}],"replies":[{"embeddable":true,"href":"https:\/\/renatodias.online\/movimento\/wp-json\/wp\/v2\/comments?post=16902"}],"version-history":[{"count":2,"href":"https:\/\/renatodias.online\/movimento\/wp-json\/wp\/v2\/posts\/16902\/revisions"}],"predecessor-version":[{"id":16911,"href":"https:\/\/renatodias.online\/movimento\/wp-json\/wp\/v2\/posts\/16902\/revisions\/16911"}],"wp:featuredmedia":[{"embeddable":true,"href":"https:\/\/renatodias.online\/movimento\/wp-json\/wp\/v2\/media\/8967"}],"wp:attachment":[{"href":"https:\/\/renatodias.online\/movimento\/wp-json\/wp\/v2\/media?parent=16902"}],"wp:term":[{"taxonomy":"category","embeddable":true,"href":"https:\/\/renatodias.online\/movimento\/wp-json\/wp\/v2\/categories?post=16902"},{"taxonomy":"post_tag","embeddable":true,"href":"https:\/\/renatodias.online\/movimento\/wp-json\/wp\/v2\/tags?post=16902"}],"curies":[{"name":"wp","href":"https:\/\/api.w.org\/{rel}","templated":true}]}}