{"id":16873,"date":"2023-05-20T00:27:07","date_gmt":"2023-05-20T03:27:07","guid":{"rendered":"https:\/\/renatodias.online\/movimento\/?p=16873"},"modified":"2023-05-20T00:27:07","modified_gmt":"2023-05-20T03:27:07","slug":"a-contradicao-da-luta-de-classes-no-brasil","status":"publish","type":"post","link":"https:\/\/renatodias.online\/movimento\/2023\/05\/20\/a-contradicao-da-luta-de-classes-no-brasil\/","title":{"rendered":"<strong>A contradi\u00e7\u00e3o da luta de classes no Brasil<\/strong>"},"content":{"rendered":"\n<p class=\"has-text-align-center\"><strong><mark style=\"background-color:rgba(0, 0, 0, 0)\" class=\"has-inline-color has-vivid-red-color\">Francisco Celso Calmon<\/mark><\/strong><\/p>\n\n\n\n<p>A contradi\u00e7\u00e3o estrutural capital versus trabalho, embora permeie e condicione todo o sistema, no campo pol\u00edtico n\u00e3o est\u00e1 posta, n\u00e3o assumiu a principalidade, em consequ\u00eancia do est\u00e1gio prim\u00e1rio da luta dos trabalhadores. Sem forma\u00e7\u00e3o, organiza\u00e7\u00e3o e luta social e pol\u00edtica permanente e intensa, os trabalhadores n\u00e3o alcan\u00e7aram uma consci\u00eancia de classe que produzisse um projeto de na\u00e7\u00e3o, no qual seus interesses fossem predominantes. A hist\u00f3ria j\u00e1 comprovou fartamente que \u00e9 na democracia que a classe trabalhadora tem as melhores condi\u00e7\u00f5es para operar a luta de classes no sentido de empoderar-se e, atrav\u00e9s da constru\u00e7\u00e3o de um projeto, galvanizar as massas populares.<\/p>\n\n\n\n<figure class=\"wp-block-image size-full\"><img decoding=\"async\" src=\"https:\/\/renatodias.online\/movimento\/wp-content\/uploads\/2023\/05\/Jair-Bolsonaro-Ele-sabia-de-tudo-3.jpg\" alt=\"\" class=\"wp-image-16659\"\/><\/figure>\n\n\n\n<p>Desde o golpe de 2016 a democracia institucional sofre de um golpismo cont\u00ednuo, no qual a conspira\u00e7\u00e3o \u00e0s claras e \u00e0s escuras n\u00e3o \u00e9 uma teoria, mas uma pr\u00e1tica secular. A hist\u00f3ria dos militares e das oligarquias centen\u00e1rias \u00e9 a de protagonistas desse atentado sucessivo \u00e0 constru\u00e7\u00e3o e consolida\u00e7\u00e3o de uma democracia, mesmo quando tem a Carta Magna como sua guardi\u00e3.&nbsp;Ferida v\u00e1rias vezes, a Lei Maior n\u00e3o contou com o dever da Suprema Corte em defend\u00ea-la e fazer ser obedecida. N\u00e3o a exime de responsabilidade o seu covarde e in\u00edquo comportamento frente \u00e0 lava jato, ao golpe de 2016, \u00e0 pris\u00e3o de Lula e ao nascimento do bolsonarismo nazifascista \u2013 ideologia subversiva \u00e0 Constitui\u00e7\u00e3o Federal.&nbsp;Sem esses antecedentes a intentona de 8 de janeiro n\u00e3o teria ocorrido. Como j\u00e1 assinalei em outros textos, essa tentativa de golpe n\u00e3o foi contra o Lula, mas contra o Estado de direito.&nbsp;O bolsonarismo nazifascista \u00e9 um atentando constante \u00e0 democracia e ao Estado de direito que legalmente a garante.&nbsp;<\/p>\n\n\n\n<p class=\"has-text-align-center\"><strong><mark style=\"background-color:rgba(0, 0, 0, 0)\" class=\"has-inline-color has-vivid-green-cyan-color\">A contradi\u00e7\u00e3o pol\u00edtica principal na atual conjuntura \u00e9 entre a democracia e o golpismo fascista<\/mark><\/strong><\/p>\n\n\n\n<p>Com a democracia atrofiada a partir de 2016, os direitos dos trabalhadores foram sequestrados. A intentona de 8 de janeiro foi abortada, n\u00e3o sepultada. A democracia permanece sitiada. <strong>Essa luta n\u00e3o deve ser de tit\u00e3s, deve ser da sociedade civil organizada. <\/strong>O TSE vem fazendo a sua parte, embora lento; o ministro do STF, Alexandre de Moraes, considerado pelos bolsonaristas como o inimigo principal, v\u00eam acertando no timing, com coragem e compet\u00eancia apropriadas para o cen\u00e1rio excepcional, e est\u00e1 incomodando a m\u00eddia golpista. Que o advogado Cristiano Zanin lhe fa\u00e7a companhia o quanto antes, sua indica\u00e7\u00e3o est\u00e1 mais que madura. E para o lugar da Rosa Weber, que a indica\u00e7\u00e3o n\u00e3o seja t\u00e3o desgastante como foi a dele.<\/p>\n\n\n\n<figure class=\"wp-block-image aligncenter size-full\"><img decoding=\"async\" src=\"https:\/\/renatodias.online\/movimento\/wp-content\/uploads\/2021\/08\/Alexandre-de-Moraes-STF-e1680909138472.jpg\" alt=\"\" class=\"wp-image-8701\"\/><figcaption class=\"wp-element-caption\"><strong>Ministro do STF, Alexandre de Moraes<\/strong> <\/figcaption><\/figure>\n\n\n\n<p>A PGR \u00e9 advers\u00e1ria, e ainda haver\u00e1 um conv\u00edvio inevit\u00e1vel com seus atuais titulares, salvo se atrav\u00e9s de alguma negocia\u00e7\u00e3o vantajosa \u00e0 democracia puder antecipar a substitui\u00e7\u00e3o de Augusto Aras. O presidente da C\u00e2mara, Arthur Lira, \u00e9 advers\u00e1rio de extrema direita, seu projeto \u00e9 enfiar o guiso no gato e governar com um semiparlamentarismo, como fez na \u00e9poca do governo passado. O presidente do BC, Campos Neto, \u00e9 inimigo expresso e seu ego se alimenta das estocadas do Lula e da Gleisi. Como ele n\u00e3o vem cumprindo seus deveres estabelecidos em lei, \u00e9, em tese, sofr\u00edvel de uma demiss\u00e3o, seja via Senado, seja via o STF. Nada f\u00e1cil! O COPOM com novos membros indicados pelo governo pode come\u00e7ar a ter diverg\u00eancias, e elas tornadas p\u00fablicas podem desinchar o ego do seu imperioso e intelectualmente fr\u00e1gil presidente.\u00a0As indica\u00e7\u00f5es para o Judici\u00e1rio e para o STF continuam sem filtro de RH e lentas, aumentando o risco de repeti\u00e7\u00e3o dos erros dos governos Lula e Dilma no passado.<\/p>\n\n\n\n<figure class=\"wp-block-image aligncenter size-full\"><img decoding=\"async\" src=\"https:\/\/renatodias.online\/movimento\/wp-content\/uploads\/2021\/08\/Arthur-Lira-e1684552896312.jpg\" alt=\"\" class=\"wp-image-8298\"\/><figcaption class=\"wp-element-caption\"><strong>Arthur Lira<\/strong><\/figcaption><\/figure>\n\n\n\n<p>O governo mant\u00e9m quadros bolsonaristas minando a m\u00e1quina, e ainda conserva o Ministro da Defesa, M\u00facio, sempre \u00e0 espreita para sugest\u00f5es ao gosto da tutela militar. \u00a0Com os EUA de olho, pois a situa\u00e7\u00e3o internacional lhe \u00e9 desconfort\u00e1vel, n\u00e3o se afasta o risco de uma terceira guerra mundial e voltar a fomentar golpes na Am\u00e9rica Latina. O Ministro Fl\u00e1vio Dino vem se expondo com relev\u00e2ncia no Congresso e na m\u00eddia, fazendo o contradit\u00f3rio necess\u00e1rio, para n\u00e3o prosperar falsos valores e desinforma\u00e7\u00f5es, t\u00e3o comum e naturalizado nesta \u00e9poca de obscurantismo e fake news. Entretanto, tem lhe faltado tempo para tratar, para al\u00e9m da seguran\u00e7a institucional, da seguran\u00e7a do povo pobre, negro, feminino, jovem, LGTBQI+. As M\u00e3es da periferia j\u00e1 n\u00e3o aguentam mais enterrar os seus filhos em covas rasas ou de receber seus ossos.<\/p>\n\n\n\n<figure class=\"wp-block-image aligncenter size-full\"><img decoding=\"async\" src=\"https:\/\/renatodias.online\/movimento\/wp-content\/uploads\/2023\/01\/Flavio-Dino-Caricatura.jpg\" alt=\"\" class=\"wp-image-15439\"\/><figcaption class=\"wp-element-caption\"><strong>Fl\u00e1vio Dino<\/strong><\/figcaption><\/figure>\n\n\n\n<p>Em torno de 20 jovens, sendo 80% negros, morrem por dia pela pol\u00edcia militar no Brasil. A juventude da periferia n\u00e3o sabe se chegar\u00e1 aos 20 anos com vida. At\u00e9 quando essas m\u00e3es v\u00e3o viver enxugando as suas dores, que h\u00e1 muito n\u00e3o s\u00e3o de partos, mas da viol\u00eancia do Estado. Que democracia \u00e9 esta, quando o encarregado da seguran\u00e7a p\u00fablica \u00e9 a m\u00e3o assassina dos agentes do Estado? N\u00e3o ser\u00e1 um trabalho f\u00e1cil, exigir\u00e1 um planejamento nacional com todas as for\u00e7as encarregadas dessa herc\u00falea atividade que \u00e9 a seguran\u00e7a p\u00fablica.<\/p>\n\n\n\n<figure class=\"wp-block-image aligncenter size-full\"><img loading=\"lazy\" decoding=\"async\" width=\"259\" height=\"194\" src=\"https:\/\/renatodias.online\/movimento\/wp-content\/uploads\/2021\/05\/Racismo-3.jpg\" alt=\"\" class=\"wp-image-6556\"\/><\/figure>\n\n\n\n<p>A Comiss\u00e3o Nacional da Verdade elencou 29 recomenda\u00e7\u00f5es em seu relat\u00f3rio de 2014, sendo a de n\u00famero 20 a<em><strong> <\/strong>\u201cDesmilitariza\u00e7\u00e3o das policiais militares estaduais\u201d.<\/em>O Estado n\u00e3o acolheu, decorridos seis anos nenhum dos poderes republicanos implementou a orienta\u00e7\u00e3o da CNV, ent\u00e3o \u00f3rg\u00e3o de Estado.\u00a0 A intentona bolsonarista atingiu os tr\u00eas poderes. O que cada um de per si e em harmonia conjunta est\u00e3o fazendo? O Judici\u00e1rio e o Executivo, cada qual pelo seu turno, est\u00e3o prosperando em compasso m\u00e9dio, e o Legislativo n\u00e3o se dedicou a debater e fazer leis no sentido de nunca mais se repetir uma intentona golpista ao Estado democr\u00e1tico de direito.\u00a0\u00a0\u00a0<\/p>\n\n\n\n<figure class=\"wp-block-image aligncenter size-full\"><img decoding=\"async\" src=\"https:\/\/renatodias.online\/movimento\/wp-content\/uploads\/2023\/04\/Lula-e-Xi-Jinping-e1681690704664.jpg\" alt=\"\" class=\"wp-image-16471\"\/><figcaption class=\"wp-element-caption\"><strong>Xi Jinping e Luiz In\u00e1cio Lula da Silva, na China<\/strong><\/figcaption><\/figure>\n\n\n\n<p>Devagar, devagarinho, deixe a vida me levar, dois para l\u00e1, dois para c\u00e1, s\u00e3o versos de can\u00e7\u00f5es e tamb\u00e9m estilo de vida pessoal e de gest\u00e3o, dissonantes da democracia golpeada, a qual requer um planejamento de Estado para repar\u00e1-la com a pressa dos que sofrem de fome e inseguran\u00e7a. Numa democracia sitiada e um governo cercado de inimigos poderosos, Lula tem se sa\u00eddo com a maestria de um de um grande l\u00edder. Mas n\u00e3o basta! Partidos do campo progressista e os movimentos sindicais e sociais precisam sair da expectativa para as ruas e assumir o t\u00e3o sonhado e propalado protagonismo das massas.<\/p>\n\n\n\n<p class=\"has-text-align-center\"><strong><mark style=\"background-color:rgba(0, 0, 0, 0)\" class=\"has-inline-color has-vivid-red-color\">O artigo n\u00e3o reflete necessariamente a opini\u00e3o do site renatodias.online<\/mark><\/strong><\/p>\n\n\n\n<p><\/p>\n\n\n\n<figure class=\"wp-block-image aligncenter size-full\"><img loading=\"lazy\" decoding=\"async\" width=\"250\" height=\"143\" src=\"https:\/\/renatodias.online\/movimento\/wp-content\/uploads\/2022\/02\/Perfil-1.png\" alt=\"\" class=\"wp-image-11042\"\/><\/figure>\n\n\n\n<p><strong>Francisco Celso Calmon, analista de TI, administrador, advogado, autor dos livros Sequestro Moral \u2013 E o PT com isso?; Combates Pela Democracia; coautor em Resist\u00eancia ao Golpe de 2016 e em Uma Senten\u00e7a Anunciada \u2013 o Processo Lula<\/strong><\/p>\n\n\n\n<figure class=\"wp-block-image aligncenter size-full\"><img loading=\"lazy\" decoding=\"async\" width=\"480\" height=\"360\" src=\"https:\/\/renatodias.online\/movimento\/wp-content\/uploads\/2021\/06\/Francisco-Celso-Calmon-Link.jpg\" alt=\"\" class=\"wp-image-7038\"\/><figcaption class=\"wp-element-caption\"><strong>Francisco Celso Calmon<\/strong><\/figcaption><\/figure>\n","protected":false},"excerpt":{"rendered":"<p>Francisco Celso Calmon A contradi\u00e7\u00e3o estrutural capital versus trabalho, embora permeie e condicione todo o sistema, no campo pol\u00edtico n\u00e3o est\u00e1 posta, n\u00e3o assumiu a principalidade, em consequ\u00eancia do est\u00e1gio prim\u00e1rio da luta dos trabalhadores. Sem forma\u00e7\u00e3o, organiza\u00e7\u00e3o e luta social e pol\u00edtica permanente e intensa, os trabalhadores n\u00e3o alcan\u00e7aram uma consci\u00eancia de classe que<\/p>\n","protected":false},"author":2,"featured_media":8301,"comment_status":"open","ping_status":"open","sticky":false,"template":"","format":"standard","meta":{"_acf_changed":false,"_monsterinsights_skip_tracking":false,"_monsterinsights_sitenote_active":false,"_monsterinsights_sitenote_note":"","_monsterinsights_sitenote_category":0,"footnotes":""},"categories":[83],"tags":[],"class_list":["post-16873","post","type-post","status-publish","format-standard","has-post-thumbnail","hentry","category-opiniao"],"acf":[],"yoast_head":"<!-- This site is optimized with the Yoast SEO plugin v27.4 - https:\/\/yoast.com\/product\/yoast-seo-wordpress\/ -->\n<title>A contradi\u00e7\u00e3o da luta de classes no Brasil -<\/title>\n<meta name=\"robots\" content=\"index, follow, max-snippet:-1, max-image-preview:large, max-video-preview:-1\" \/>\n<link rel=\"canonical\" href=\"https:\/\/renatodias.online\/movimento\/2023\/05\/20\/a-contradicao-da-luta-de-classes-no-brasil\/\" \/>\n<meta property=\"og:locale\" content=\"pt_BR\" \/>\n<meta property=\"og:type\" content=\"article\" \/>\n<meta property=\"og:title\" content=\"A contradi\u00e7\u00e3o da luta de classes no Brasil -\" \/>\n<meta property=\"og:description\" content=\"Francisco Celso Calmon A contradi\u00e7\u00e3o estrutural capital versus trabalho, embora permeie e condicione todo o sistema, no campo pol\u00edtico n\u00e3o est\u00e1 posta, n\u00e3o assumiu a principalidade, em consequ\u00eancia do est\u00e1gio prim\u00e1rio da luta dos trabalhadores. Sem forma\u00e7\u00e3o, organiza\u00e7\u00e3o e luta social e pol\u00edtica permanente e intensa, os trabalhadores n\u00e3o alcan\u00e7aram uma consci\u00eancia de classe que\" \/>\n<meta property=\"og:url\" content=\"https:\/\/renatodias.online\/movimento\/2023\/05\/20\/a-contradicao-da-luta-de-classes-no-brasil\/\" \/>\n<meta property=\"article:publisher\" content=\"https:\/\/www.facebook.com\/renato.dias.37\" \/>\n<meta property=\"article:author\" content=\"https:\/\/www.facebook.com\/renato.dias.37\" \/>\n<meta property=\"article:published_time\" content=\"2023-05-20T03:27:07+00:00\" \/>\n<meta property=\"og:image\" content=\"https:\/\/renatodias.online\/movimento\/wp-content\/uploads\/2021\/08\/Francisco-Celso-Calmon-2-e1684553218790.jpg\" \/>\n\t<meta property=\"og:image:width\" content=\"750\" \/>\n\t<meta property=\"og:image:height\" content=\"563\" \/>\n\t<meta property=\"og:image:type\" content=\"image\/jpeg\" \/>\n<meta name=\"author\" content=\"Renato Dias\" \/>\n<meta name=\"twitter:card\" content=\"summary_large_image\" \/>\n<meta name=\"twitter:creator\" content=\"@RenatoDiasBat\" \/>\n<meta name=\"twitter:site\" content=\"@RenatoDiasBat\" \/>\n<meta name=\"twitter:label1\" content=\"Escrito por\" \/>\n\t<meta name=\"twitter:data1\" content=\"Renato Dias\" \/>\n\t<meta name=\"twitter:label2\" content=\"Est. tempo de leitura\" \/>\n\t<meta name=\"twitter:data2\" content=\"8 minutos\" \/>\n<script type=\"application\/ld+json\" class=\"yoast-schema-graph\">{\"@context\":\"https:\\\/\\\/schema.org\",\"@graph\":[{\"@type\":\"Article\",\"@id\":\"https:\\\/\\\/renatodias.online\\\/movimento\\\/2023\\\/05\\\/20\\\/a-contradicao-da-luta-de-classes-no-brasil\\\/#article\",\"isPartOf\":{\"@id\":\"https:\\\/\\\/renatodias.online\\\/movimento\\\/2023\\\/05\\\/20\\\/a-contradicao-da-luta-de-classes-no-brasil\\\/\"},\"author\":{\"name\":\"Renato Dias\",\"@id\":\"https:\\\/\\\/renatodias.online\\\/movimento\\\/#\\\/schema\\\/person\\\/bbab28833b1725a20f4083f49f1fb2a9\"},\"headline\":\"A contradi\u00e7\u00e3o da luta de classes no Brasil\",\"datePublished\":\"2023-05-20T03:27:07+00:00\",\"mainEntityOfPage\":{\"@id\":\"https:\\\/\\\/renatodias.online\\\/movimento\\\/2023\\\/05\\\/20\\\/a-contradicao-da-luta-de-classes-no-brasil\\\/\"},\"wordCount\":1187,\"commentCount\":0,\"publisher\":{\"@id\":\"https:\\\/\\\/renatodias.online\\\/movimento\\\/#\\\/schema\\\/person\\\/bbab28833b1725a20f4083f49f1fb2a9\"},\"image\":{\"@id\":\"https:\\\/\\\/renatodias.online\\\/movimento\\\/2023\\\/05\\\/20\\\/a-contradicao-da-luta-de-classes-no-brasil\\\/#primaryimage\"},\"thumbnailUrl\":\"https:\\\/\\\/renatodias.online\\\/movimento\\\/wp-content\\\/uploads\\\/2021\\\/08\\\/Francisco-Celso-Calmon-2-e1684553218790.jpg\",\"articleSection\":[\"Opini\u00e3o\"],\"inLanguage\":\"pt-BR\",\"potentialAction\":[{\"@type\":\"CommentAction\",\"name\":\"Comment\",\"target\":[\"https:\\\/\\\/renatodias.online\\\/movimento\\\/2023\\\/05\\\/20\\\/a-contradicao-da-luta-de-classes-no-brasil\\\/#respond\"]}]},{\"@type\":\"WebPage\",\"@id\":\"https:\\\/\\\/renatodias.online\\\/movimento\\\/2023\\\/05\\\/20\\\/a-contradicao-da-luta-de-classes-no-brasil\\\/\",\"url\":\"https:\\\/\\\/renatodias.online\\\/movimento\\\/2023\\\/05\\\/20\\\/a-contradicao-da-luta-de-classes-no-brasil\\\/\",\"name\":\"A contradi\u00e7\u00e3o da luta de classes no Brasil -\",\"isPartOf\":{\"@id\":\"https:\\\/\\\/renatodias.online\\\/movimento\\\/#website\"},\"primaryImageOfPage\":{\"@id\":\"https:\\\/\\\/renatodias.online\\\/movimento\\\/2023\\\/05\\\/20\\\/a-contradicao-da-luta-de-classes-no-brasil\\\/#primaryimage\"},\"image\":{\"@id\":\"https:\\\/\\\/renatodias.online\\\/movimento\\\/2023\\\/05\\\/20\\\/a-contradicao-da-luta-de-classes-no-brasil\\\/#primaryimage\"},\"thumbnailUrl\":\"https:\\\/\\\/renatodias.online\\\/movimento\\\/wp-content\\\/uploads\\\/2021\\\/08\\\/Francisco-Celso-Calmon-2-e1684553218790.jpg\",\"datePublished\":\"2023-05-20T03:27:07+00:00\",\"breadcrumb\":{\"@id\":\"https:\\\/\\\/renatodias.online\\\/movimento\\\/2023\\\/05\\\/20\\\/a-contradicao-da-luta-de-classes-no-brasil\\\/#breadcrumb\"},\"inLanguage\":\"pt-BR\",\"potentialAction\":[{\"@type\":\"ReadAction\",\"target\":[\"https:\\\/\\\/renatodias.online\\\/movimento\\\/2023\\\/05\\\/20\\\/a-contradicao-da-luta-de-classes-no-brasil\\\/\"]}]},{\"@type\":\"ImageObject\",\"inLanguage\":\"pt-BR\",\"@id\":\"https:\\\/\\\/renatodias.online\\\/movimento\\\/2023\\\/05\\\/20\\\/a-contradicao-da-luta-de-classes-no-brasil\\\/#primaryimage\",\"url\":\"https:\\\/\\\/renatodias.online\\\/movimento\\\/wp-content\\\/uploads\\\/2021\\\/08\\\/Francisco-Celso-Calmon-2-e1684553218790.jpg\",\"contentUrl\":\"https:\\\/\\\/renatodias.online\\\/movimento\\\/wp-content\\\/uploads\\\/2021\\\/08\\\/Francisco-Celso-Calmon-2-e1684553218790.jpg\",\"width\":750,\"height\":563,\"caption\":\"Francisco Celso Calmon\"},{\"@type\":\"BreadcrumbList\",\"@id\":\"https:\\\/\\\/renatodias.online\\\/movimento\\\/2023\\\/05\\\/20\\\/a-contradicao-da-luta-de-classes-no-brasil\\\/#breadcrumb\",\"itemListElement\":[{\"@type\":\"ListItem\",\"position\":1,\"name\":\"In\u00edcio\",\"item\":\"https:\\\/\\\/renatodias.online\\\/movimento\\\/\"},{\"@type\":\"ListItem\",\"position\":2,\"name\":\"A contradi\u00e7\u00e3o da luta de classes no Brasil\"}]},{\"@type\":\"WebSite\",\"@id\":\"https:\\\/\\\/renatodias.online\\\/movimento\\\/#website\",\"url\":\"https:\\\/\\\/renatodias.online\\\/movimento\\\/\",\"name\":\"\",\"description\":\"\",\"publisher\":{\"@id\":\"https:\\\/\\\/renatodias.online\\\/movimento\\\/#\\\/schema\\\/person\\\/bbab28833b1725a20f4083f49f1fb2a9\"},\"potentialAction\":[{\"@type\":\"SearchAction\",\"target\":{\"@type\":\"EntryPoint\",\"urlTemplate\":\"https:\\\/\\\/renatodias.online\\\/movimento\\\/?s={search_term_string}\"},\"query-input\":{\"@type\":\"PropertyValueSpecification\",\"valueRequired\":true,\"valueName\":\"search_term_string\"}}],\"inLanguage\":\"pt-BR\"},{\"@type\":[\"Person\",\"Organization\"],\"@id\":\"https:\\\/\\\/renatodias.online\\\/movimento\\\/#\\\/schema\\\/person\\\/bbab28833b1725a20f4083f49f1fb2a9\",\"name\":\"Renato Dias\",\"image\":{\"@type\":\"ImageObject\",\"inLanguage\":\"pt-BR\",\"@id\":\"https:\\\/\\\/renatodias.online\\\/movimento\\\/wp-content\\\/uploads\\\/2023\\\/03\\\/cropped-cropped-cropped-logofinal.jpeg\",\"url\":\"https:\\\/\\\/renatodias.online\\\/movimento\\\/wp-content\\\/uploads\\\/2023\\\/03\\\/cropped-cropped-cropped-logofinal.jpeg\",\"contentUrl\":\"https:\\\/\\\/renatodias.online\\\/movimento\\\/wp-content\\\/uploads\\\/2023\\\/03\\\/cropped-cropped-cropped-logofinal.jpeg\",\"width\":1280,\"height\":219,\"caption\":\"Renato Dias\"},\"logo\":{\"@id\":\"https:\\\/\\\/renatodias.online\\\/movimento\\\/wp-content\\\/uploads\\\/2023\\\/03\\\/cropped-cropped-cropped-logofinal.jpeg\"},\"description\":\"Renato Dias, 58 anos, \u00e9 graduado em Jornalismo, formado em Ci\u00eancias Sociais, com p\u00f3s-gradua\u00e7\u00e3o em Pol\u00edticas P\u00fablicas, mestre em Direito e Rela\u00e7\u00f5es Internacionais, ex-aluno extraordin\u00e1rio do Doutorado em Psicologia Social, ex-estudante do Curso de Psican\u00e1lise do Centro de Estudos Psicanal\u00edticos do Estado de Goi\u00e1s, ministrado pelo m\u00e9dico psiquiatra e psicanalista Daniel Em\u00eddio de Souza. \u00c9 autor de 30 livros-reportagem, oito document\u00e1rios, ganhou 30 pr\u00eamios e \u00e9 torcedor apaixonado do maior do Centro-Oeste, o Vila Nova Futebol Clube. Casado com Meirilane Dias, \u00e9 pai de Juliana Dias, jornalista; Daniel Dias, economista; e Maria Rosa Dias, estudante antifascista, socialista e trotskista.\u00a0Com tr\u00eas pets: Porquinho [Bull Dog Franc\u00eas], Dalila [Basset Hound] e Geleia [Basset Hound]. Al\u00e9m do eterno gato Tutuquinho, que virou estrela.\",\"sameAs\":[\"https:\\\/\\\/www.facebook.com\\\/renato.dias.37\",\"#breve\",\"https:\\\/\\\/renatodias.tumblr.com\\\/\"],\"url\":\"https:\\\/\\\/renatodias.online\\\/movimento\\\/author\\\/renatodias\\\/\"}]}<\/script>\n<!-- \/ Yoast SEO plugin. -->","yoast_head_json":{"title":"A contradi\u00e7\u00e3o da luta de classes no Brasil -","robots":{"index":"index","follow":"follow","max-snippet":"max-snippet:-1","max-image-preview":"max-image-preview:large","max-video-preview":"max-video-preview:-1"},"canonical":"https:\/\/renatodias.online\/movimento\/2023\/05\/20\/a-contradicao-da-luta-de-classes-no-brasil\/","og_locale":"pt_BR","og_type":"article","og_title":"A contradi\u00e7\u00e3o da luta de classes no Brasil -","og_description":"Francisco Celso Calmon A contradi\u00e7\u00e3o estrutural capital versus trabalho, embora permeie e condicione todo o sistema, no campo pol\u00edtico n\u00e3o est\u00e1 posta, n\u00e3o assumiu a principalidade, em consequ\u00eancia do est\u00e1gio prim\u00e1rio da luta dos trabalhadores. Sem forma\u00e7\u00e3o, organiza\u00e7\u00e3o e luta social e pol\u00edtica permanente e intensa, os trabalhadores n\u00e3o alcan\u00e7aram uma consci\u00eancia de classe que","og_url":"https:\/\/renatodias.online\/movimento\/2023\/05\/20\/a-contradicao-da-luta-de-classes-no-brasil\/","article_publisher":"https:\/\/www.facebook.com\/renato.dias.37","article_author":"https:\/\/www.facebook.com\/renato.dias.37","article_published_time":"2023-05-20T03:27:07+00:00","og_image":[{"width":750,"height":563,"url":"https:\/\/renatodias.online\/movimento\/wp-content\/uploads\/2021\/08\/Francisco-Celso-Calmon-2-e1684553218790.jpg","type":"image\/jpeg"}],"author":"Renato Dias","twitter_card":"summary_large_image","twitter_creator":"@RenatoDiasBat","twitter_site":"@RenatoDiasBat","twitter_misc":{"Escrito por":"Renato Dias","Est. tempo de leitura":"8 minutos"},"schema":{"@context":"https:\/\/schema.org","@graph":[{"@type":"Article","@id":"https:\/\/renatodias.online\/movimento\/2023\/05\/20\/a-contradicao-da-luta-de-classes-no-brasil\/#article","isPartOf":{"@id":"https:\/\/renatodias.online\/movimento\/2023\/05\/20\/a-contradicao-da-luta-de-classes-no-brasil\/"},"author":{"name":"Renato Dias","@id":"https:\/\/renatodias.online\/movimento\/#\/schema\/person\/bbab28833b1725a20f4083f49f1fb2a9"},"headline":"A contradi\u00e7\u00e3o da luta de classes no Brasil","datePublished":"2023-05-20T03:27:07+00:00","mainEntityOfPage":{"@id":"https:\/\/renatodias.online\/movimento\/2023\/05\/20\/a-contradicao-da-luta-de-classes-no-brasil\/"},"wordCount":1187,"commentCount":0,"publisher":{"@id":"https:\/\/renatodias.online\/movimento\/#\/schema\/person\/bbab28833b1725a20f4083f49f1fb2a9"},"image":{"@id":"https:\/\/renatodias.online\/movimento\/2023\/05\/20\/a-contradicao-da-luta-de-classes-no-brasil\/#primaryimage"},"thumbnailUrl":"https:\/\/renatodias.online\/movimento\/wp-content\/uploads\/2021\/08\/Francisco-Celso-Calmon-2-e1684553218790.jpg","articleSection":["Opini\u00e3o"],"inLanguage":"pt-BR","potentialAction":[{"@type":"CommentAction","name":"Comment","target":["https:\/\/renatodias.online\/movimento\/2023\/05\/20\/a-contradicao-da-luta-de-classes-no-brasil\/#respond"]}]},{"@type":"WebPage","@id":"https:\/\/renatodias.online\/movimento\/2023\/05\/20\/a-contradicao-da-luta-de-classes-no-brasil\/","url":"https:\/\/renatodias.online\/movimento\/2023\/05\/20\/a-contradicao-da-luta-de-classes-no-brasil\/","name":"A contradi\u00e7\u00e3o da luta de classes no Brasil -","isPartOf":{"@id":"https:\/\/renatodias.online\/movimento\/#website"},"primaryImageOfPage":{"@id":"https:\/\/renatodias.online\/movimento\/2023\/05\/20\/a-contradicao-da-luta-de-classes-no-brasil\/#primaryimage"},"image":{"@id":"https:\/\/renatodias.online\/movimento\/2023\/05\/20\/a-contradicao-da-luta-de-classes-no-brasil\/#primaryimage"},"thumbnailUrl":"https:\/\/renatodias.online\/movimento\/wp-content\/uploads\/2021\/08\/Francisco-Celso-Calmon-2-e1684553218790.jpg","datePublished":"2023-05-20T03:27:07+00:00","breadcrumb":{"@id":"https:\/\/renatodias.online\/movimento\/2023\/05\/20\/a-contradicao-da-luta-de-classes-no-brasil\/#breadcrumb"},"inLanguage":"pt-BR","potentialAction":[{"@type":"ReadAction","target":["https:\/\/renatodias.online\/movimento\/2023\/05\/20\/a-contradicao-da-luta-de-classes-no-brasil\/"]}]},{"@type":"ImageObject","inLanguage":"pt-BR","@id":"https:\/\/renatodias.online\/movimento\/2023\/05\/20\/a-contradicao-da-luta-de-classes-no-brasil\/#primaryimage","url":"https:\/\/renatodias.online\/movimento\/wp-content\/uploads\/2021\/08\/Francisco-Celso-Calmon-2-e1684553218790.jpg","contentUrl":"https:\/\/renatodias.online\/movimento\/wp-content\/uploads\/2021\/08\/Francisco-Celso-Calmon-2-e1684553218790.jpg","width":750,"height":563,"caption":"Francisco Celso Calmon"},{"@type":"BreadcrumbList","@id":"https:\/\/renatodias.online\/movimento\/2023\/05\/20\/a-contradicao-da-luta-de-classes-no-brasil\/#breadcrumb","itemListElement":[{"@type":"ListItem","position":1,"name":"In\u00edcio","item":"https:\/\/renatodias.online\/movimento\/"},{"@type":"ListItem","position":2,"name":"A contradi\u00e7\u00e3o da luta de classes no Brasil"}]},{"@type":"WebSite","@id":"https:\/\/renatodias.online\/movimento\/#website","url":"https:\/\/renatodias.online\/movimento\/","name":"","description":"","publisher":{"@id":"https:\/\/renatodias.online\/movimento\/#\/schema\/person\/bbab28833b1725a20f4083f49f1fb2a9"},"potentialAction":[{"@type":"SearchAction","target":{"@type":"EntryPoint","urlTemplate":"https:\/\/renatodias.online\/movimento\/?s={search_term_string}"},"query-input":{"@type":"PropertyValueSpecification","valueRequired":true,"valueName":"search_term_string"}}],"inLanguage":"pt-BR"},{"@type":["Person","Organization"],"@id":"https:\/\/renatodias.online\/movimento\/#\/schema\/person\/bbab28833b1725a20f4083f49f1fb2a9","name":"Renato Dias","image":{"@type":"ImageObject","inLanguage":"pt-BR","@id":"https:\/\/renatodias.online\/movimento\/wp-content\/uploads\/2023\/03\/cropped-cropped-cropped-logofinal.jpeg","url":"https:\/\/renatodias.online\/movimento\/wp-content\/uploads\/2023\/03\/cropped-cropped-cropped-logofinal.jpeg","contentUrl":"https:\/\/renatodias.online\/movimento\/wp-content\/uploads\/2023\/03\/cropped-cropped-cropped-logofinal.jpeg","width":1280,"height":219,"caption":"Renato Dias"},"logo":{"@id":"https:\/\/renatodias.online\/movimento\/wp-content\/uploads\/2023\/03\/cropped-cropped-cropped-logofinal.jpeg"},"description":"Renato Dias, 58 anos, \u00e9 graduado em Jornalismo, formado em Ci\u00eancias Sociais, com p\u00f3s-gradua\u00e7\u00e3o em Pol\u00edticas P\u00fablicas, mestre em Direito e Rela\u00e7\u00f5es Internacionais, ex-aluno extraordin\u00e1rio do Doutorado em Psicologia Social, ex-estudante do Curso de Psican\u00e1lise do Centro de Estudos Psicanal\u00edticos do Estado de Goi\u00e1s, ministrado pelo m\u00e9dico psiquiatra e psicanalista Daniel Em\u00eddio de Souza. \u00c9 autor de 30 livros-reportagem, oito document\u00e1rios, ganhou 30 pr\u00eamios e \u00e9 torcedor apaixonado do maior do Centro-Oeste, o Vila Nova Futebol Clube. Casado com Meirilane Dias, \u00e9 pai de Juliana Dias, jornalista; Daniel Dias, economista; e Maria Rosa Dias, estudante antifascista, socialista e trotskista.\u00a0Com tr\u00eas pets: Porquinho [Bull Dog Franc\u00eas], Dalila [Basset Hound] e Geleia [Basset Hound]. Al\u00e9m do eterno gato Tutuquinho, que virou estrela.","sameAs":["https:\/\/www.facebook.com\/renato.dias.37","#breve","https:\/\/renatodias.tumblr.com\/"],"url":"https:\/\/renatodias.online\/movimento\/author\/renatodias\/"}]}},"_links":{"self":[{"href":"https:\/\/renatodias.online\/movimento\/wp-json\/wp\/v2\/posts\/16873","targetHints":{"allow":["GET"]}}],"collection":[{"href":"https:\/\/renatodias.online\/movimento\/wp-json\/wp\/v2\/posts"}],"about":[{"href":"https:\/\/renatodias.online\/movimento\/wp-json\/wp\/v2\/types\/post"}],"author":[{"embeddable":true,"href":"https:\/\/renatodias.online\/movimento\/wp-json\/wp\/v2\/users\/2"}],"replies":[{"embeddable":true,"href":"https:\/\/renatodias.online\/movimento\/wp-json\/wp\/v2\/comments?post=16873"}],"version-history":[{"count":1,"href":"https:\/\/renatodias.online\/movimento\/wp-json\/wp\/v2\/posts\/16873\/revisions"}],"predecessor-version":[{"id":16874,"href":"https:\/\/renatodias.online\/movimento\/wp-json\/wp\/v2\/posts\/16873\/revisions\/16874"}],"wp:featuredmedia":[{"embeddable":true,"href":"https:\/\/renatodias.online\/movimento\/wp-json\/wp\/v2\/media\/8301"}],"wp:attachment":[{"href":"https:\/\/renatodias.online\/movimento\/wp-json\/wp\/v2\/media?parent=16873"}],"wp:term":[{"taxonomy":"category","embeddable":true,"href":"https:\/\/renatodias.online\/movimento\/wp-json\/wp\/v2\/categories?post=16873"},{"taxonomy":"post_tag","embeddable":true,"href":"https:\/\/renatodias.online\/movimento\/wp-json\/wp\/v2\/tags?post=16873"}],"curies":[{"name":"wp","href":"https:\/\/api.w.org\/{rel}","templated":true}]}}