{"id":16871,"date":"2023-05-20T00:16:14","date_gmt":"2023-05-20T03:16:14","guid":{"rendered":"https:\/\/renatodias.online\/movimento\/?p=16871"},"modified":"2023-05-20T00:16:15","modified_gmt":"2023-05-20T03:16:15","slug":"otoni-na-frente-parlamentar-de-logistica","status":"publish","type":"post","link":"https:\/\/renatodias.online\/movimento\/2023\/05\/20\/otoni-na-frente-parlamentar-de-logistica\/","title":{"rendered":"<strong>Otoni na Frente Parlamentar de Log\u00edstica<\/strong>"},"content":{"rendered":"\n<p class=\"has-text-align-center\"><strong><mark style=\"background-color:rgba(0, 0, 0, 0)\" class=\"has-inline-color has-vivid-red-color\">Mobilidade urbana em pauta<\/mark><\/strong><\/p>\n\n\n\n<p>A Frente Parlamentar Mista de Log\u00edstica (Frenlogi) foi instalada como o senador Wellington Fagundes (PL-MT) na presid\u00eancia. Mais: oito vice-presidentes, cada um dedicado a um tema espec\u00edfico de log\u00edstica. A novidade da nova composi\u00e7\u00e3o da Frenlogi \u00e9 a inclus\u00e3o de uma vice-presid\u00eancia espec\u00edfica para tratar de mobilidade urbana. A coordena\u00e7\u00e3o da C\u00e2mara Tem\u00e1tica de Mobilidade Urbana da Frenlogi ficar\u00e1 sob a coordena\u00e7\u00e3o do deputado federal Rubens Otoni (PT-GO).<\/p>\n\n\n\n<figure class=\"wp-block-image aligncenter size-full\"><img loading=\"lazy\" decoding=\"async\" width=\"800\" height=\"524\" src=\"https:\/\/renatodias.online\/movimento\/wp-content\/uploads\/2022\/05\/Otoni-Link-e1684552515171.png\" alt=\"\" class=\"wp-image-12190\" srcset=\"https:\/\/renatodias.online\/movimento\/wp-content\/uploads\/2022\/05\/Otoni-Link-e1684552515171.png 800w, https:\/\/renatodias.online\/movimento\/wp-content\/uploads\/2022\/05\/Otoni-Link-e1684552515171-300x197.png 300w, https:\/\/renatodias.online\/movimento\/wp-content\/uploads\/2022\/05\/Otoni-Link-e1684552515171-768x503.png 768w, https:\/\/renatodias.online\/movimento\/wp-content\/uploads\/2022\/05\/Otoni-Link-e1684552515171-150x98.png 150w\" sizes=\"auto, (max-width: 800px) 100vw, 800px\" \/><figcaption class=\"wp-element-caption\"><strong>Rubens Otoni Gomide, deputado federal do PT<\/strong><\/figcaption><\/figure>\n\n\n\n<p>\u201cVivemos um momento in\u00e9dito no Brasil, com a retomada dos setores produtivos ap\u00f3s a pandemia. Nesse contexto, a Frenlogi se prop\u00f5e a modernizar a infraestrutura do pa\u00eds e a melhorar a log\u00edstica nacional, com foco em projetos de concess\u00f5es de rodovias, ferrovias, portos e, sobretudo, na busca de solu\u00e7\u00f5es para os desafios da Mobilidade Urbana\u201d, explica o deputado. A Mobilidade Urbana \u00e9 uma das \u00e1reas tem\u00e1ticas da Frenlogi que ganha ainda mais import\u00e2ncia nesse momento em que as cidades brasileiras sofrem com os problemas de tr\u00e2nsito, polui\u00e7\u00e3o e qualidade de vida.<\/p>\n\n\n\n<figure class=\"wp-block-image aligncenter size-full\"><img loading=\"lazy\" decoding=\"async\" width=\"290\" height=\"290\" src=\"https:\/\/renatodias.online\/movimento\/wp-content\/uploads\/2023\/01\/Mapa-do-Brasil-vermelho.jpg\" alt=\"\" class=\"wp-image-15438\" srcset=\"https:\/\/renatodias.online\/movimento\/wp-content\/uploads\/2023\/01\/Mapa-do-Brasil-vermelho.jpg 290w, https:\/\/renatodias.online\/movimento\/wp-content\/uploads\/2023\/01\/Mapa-do-Brasil-vermelho-150x150.jpg 150w\" sizes=\"auto, (max-width: 290px) 100vw, 290px\" \/><\/figure>\n\n\n\n<p>\u201cVamos atuar em defesa das pautas que tratam desse tema, propondo Projetos de Lei, sugerindo Relatorias, apresentando Emendas, viabilizando a realiza\u00e7\u00e3o de Audi\u00eancias P\u00fablicas, acompanhando e propondo Estudos t\u00e9cnicos e outras a\u00e7\u00f5es relevantes ao tema\u201d, detalha. Segundo Otoni, o objetivo do trabalho \u00e0 frente da vice-presid\u00eancia \u00e9 contribuir prioritariamente para a aprova\u00e7\u00e3o e regulamenta\u00e7\u00e3o do PL 3278\/2021, que trata do Novo Marco Legal de Mobilidade Urbana. Um caminho fundamental para as cidades e toda a sociedade.<\/p>\n\n\n\n<figure class=\"wp-block-image aligncenter size-full\"><img loading=\"lazy\" decoding=\"async\" width=\"300\" height=\"103\" src=\"https:\/\/renatodias.online\/movimento\/wp-content\/uploads\/2022\/08\/Saiba-mais-e1680139445250.png\" alt=\"\" class=\"wp-image-13698\" srcset=\"https:\/\/renatodias.online\/movimento\/wp-content\/uploads\/2022\/08\/Saiba-mais-e1680139445250.png 300w, https:\/\/renatodias.online\/movimento\/wp-content\/uploads\/2022\/08\/Saiba-mais-e1680139445250-150x52.png 150w\" sizes=\"auto, (max-width: 300px) 100vw, 300px\" \/><\/figure>\n\n\n\n<p class=\"has-text-align-center\"><strong><mark style=\"background-color:rgba(0, 0, 0, 0)\" class=\"has-inline-color has-vivid-purple-color\">A Frenlogi<\/mark><\/strong><\/p>\n\n\n\n<p>Frente Parlamentar Mista de Log\u00edstica (Frenlogi) \u00e9 composta por senadores e deputados e forma uma das maiores Frentes Parlamentares do pa\u00eds em atua\u00e7\u00e3o. \u00c9 composta por uma presid\u00eancia e oito vice-presid\u00eancias onde cada uma delas representa uma c\u00e2mara tem\u00e1tica nas seguintes \u00e1reas de atua\u00e7\u00e3o: Aeroportu\u00e1ria, Armazenagem, Energia, Ferrovias, Portos e Navega\u00e7\u00e3o, Telecomunica\u00e7\u00f5es, Rodovi\u00e1ria e a partir desse ano Mobilidade Urbana.&nbsp; E tem como objetivo lutar em favor da log\u00edstica nacional e da moderniza\u00e7\u00e3o da infraestrutura do Brasil.<\/p>\n","protected":false},"excerpt":{"rendered":"<p>Mobilidade urbana em pauta A Frente Parlamentar Mista de Log\u00edstica (Frenlogi) foi instalada como o senador Wellington Fagundes (PL-MT) na presid\u00eancia. Mais: oito vice-presidentes, cada um dedicado a um tema espec\u00edfico de log\u00edstica. A novidade da nova composi\u00e7\u00e3o da Frenlogi \u00e9 a inclus\u00e3o de uma vice-presid\u00eancia espec\u00edfica para tratar de mobilidade urbana. A coordena\u00e7\u00e3o da<\/p>\n","protected":false},"author":2,"featured_media":3370,"comment_status":"open","ping_status":"open","sticky":false,"template":"","format":"standard","meta":{"_acf_changed":false,"_monsterinsights_skip_tracking":false,"_monsterinsights_sitenote_active":false,"_monsterinsights_sitenote_note":"","_monsterinsights_sitenote_category":0,"footnotes":""},"categories":[9],"tags":[],"class_list":["post-16871","post","type-post","status-publish","format-standard","has-post-thumbnail","hentry","category-cidade"],"acf":[],"yoast_head":"<!-- This site is optimized with the Yoast SEO plugin v27.4 - https:\/\/yoast.com\/product\/yoast-seo-wordpress\/ -->\n<title>Otoni na Frente Parlamentar de Log\u00edstica -<\/title>\n<meta name=\"robots\" content=\"index, follow, max-snippet:-1, max-image-preview:large, max-video-preview:-1\" \/>\n<link rel=\"canonical\" href=\"https:\/\/renatodias.online\/movimento\/2023\/05\/20\/otoni-na-frente-parlamentar-de-logistica\/\" \/>\n<meta property=\"og:locale\" content=\"pt_BR\" \/>\n<meta property=\"og:type\" content=\"article\" \/>\n<meta property=\"og:title\" content=\"Otoni na Frente Parlamentar de Log\u00edstica -\" \/>\n<meta property=\"og:description\" content=\"Mobilidade urbana em pauta A Frente Parlamentar Mista de Log\u00edstica (Frenlogi) foi instalada como o senador Wellington Fagundes (PL-MT) na presid\u00eancia. Mais: oito vice-presidentes, cada um dedicado a um tema espec\u00edfico de log\u00edstica. A novidade da nova composi\u00e7\u00e3o da Frenlogi \u00e9 a inclus\u00e3o de uma vice-presid\u00eancia espec\u00edfica para tratar de mobilidade urbana. A coordena\u00e7\u00e3o da\" \/>\n<meta property=\"og:url\" content=\"https:\/\/renatodias.online\/movimento\/2023\/05\/20\/otoni-na-frente-parlamentar-de-logistica\/\" \/>\n<meta property=\"article:publisher\" content=\"https:\/\/www.facebook.com\/renato.dias.37\" \/>\n<meta property=\"article:author\" content=\"https:\/\/www.facebook.com\/renato.dias.37\" \/>\n<meta property=\"article:published_time\" content=\"2023-05-20T03:16:14+00:00\" \/>\n<meta property=\"article:modified_time\" content=\"2023-05-20T03:16:15+00:00\" \/>\n<meta property=\"og:image\" content=\"https:\/\/renatodias.online\/movimento\/wp-content\/uploads\/2020\/04\/Rubens-Otoni-Gomide-deputado-federal.jpg\" \/>\n\t<meta property=\"og:image:width\" content=\"750\" \/>\n\t<meta property=\"og:image:height\" content=\"500\" \/>\n\t<meta property=\"og:image:type\" content=\"image\/jpeg\" \/>\n<meta name=\"author\" content=\"Renato Dias\" \/>\n<meta name=\"twitter:card\" content=\"summary_large_image\" \/>\n<meta name=\"twitter:creator\" content=\"@RenatoDiasBat\" \/>\n<meta name=\"twitter:site\" content=\"@RenatoDiasBat\" \/>\n<meta name=\"twitter:label1\" content=\"Escrito por\" \/>\n\t<meta name=\"twitter:data1\" content=\"Renato Dias\" \/>\n\t<meta name=\"twitter:label2\" content=\"Est. tempo de leitura\" \/>\n\t<meta name=\"twitter:data2\" content=\"3 minutos\" \/>\n<script type=\"application\/ld+json\" class=\"yoast-schema-graph\">{\"@context\":\"https:\\\/\\\/schema.org\",\"@graph\":[{\"@type\":\"Article\",\"@id\":\"https:\\\/\\\/renatodias.online\\\/movimento\\\/2023\\\/05\\\/20\\\/otoni-na-frente-parlamentar-de-logistica\\\/#article\",\"isPartOf\":{\"@id\":\"https:\\\/\\\/renatodias.online\\\/movimento\\\/2023\\\/05\\\/20\\\/otoni-na-frente-parlamentar-de-logistica\\\/\"},\"author\":{\"name\":\"Renato Dias\",\"@id\":\"https:\\\/\\\/renatodias.online\\\/movimento\\\/#\\\/schema\\\/person\\\/bbab28833b1725a20f4083f49f1fb2a9\"},\"headline\":\"Otoni na Frente Parlamentar de Log\u00edstica\",\"datePublished\":\"2023-05-20T03:16:14+00:00\",\"dateModified\":\"2023-05-20T03:16:15+00:00\",\"mainEntityOfPage\":{\"@id\":\"https:\\\/\\\/renatodias.online\\\/movimento\\\/2023\\\/05\\\/20\\\/otoni-na-frente-parlamentar-de-logistica\\\/\"},\"wordCount\":371,\"commentCount\":0,\"publisher\":{\"@id\":\"https:\\\/\\\/renatodias.online\\\/movimento\\\/#\\\/schema\\\/person\\\/bbab28833b1725a20f4083f49f1fb2a9\"},\"image\":{\"@id\":\"https:\\\/\\\/renatodias.online\\\/movimento\\\/2023\\\/05\\\/20\\\/otoni-na-frente-parlamentar-de-logistica\\\/#primaryimage\"},\"thumbnailUrl\":\"https:\\\/\\\/renatodias.online\\\/movimento\\\/wp-content\\\/uploads\\\/2020\\\/04\\\/Rubens-Otoni-Gomide-deputado-federal.jpg\",\"articleSection\":[\"Cidade\"],\"inLanguage\":\"pt-BR\",\"potentialAction\":[{\"@type\":\"CommentAction\",\"name\":\"Comment\",\"target\":[\"https:\\\/\\\/renatodias.online\\\/movimento\\\/2023\\\/05\\\/20\\\/otoni-na-frente-parlamentar-de-logistica\\\/#respond\"]}]},{\"@type\":\"WebPage\",\"@id\":\"https:\\\/\\\/renatodias.online\\\/movimento\\\/2023\\\/05\\\/20\\\/otoni-na-frente-parlamentar-de-logistica\\\/\",\"url\":\"https:\\\/\\\/renatodias.online\\\/movimento\\\/2023\\\/05\\\/20\\\/otoni-na-frente-parlamentar-de-logistica\\\/\",\"name\":\"Otoni na Frente Parlamentar de Log\u00edstica -\",\"isPartOf\":{\"@id\":\"https:\\\/\\\/renatodias.online\\\/movimento\\\/#website\"},\"primaryImageOfPage\":{\"@id\":\"https:\\\/\\\/renatodias.online\\\/movimento\\\/2023\\\/05\\\/20\\\/otoni-na-frente-parlamentar-de-logistica\\\/#primaryimage\"},\"image\":{\"@id\":\"https:\\\/\\\/renatodias.online\\\/movimento\\\/2023\\\/05\\\/20\\\/otoni-na-frente-parlamentar-de-logistica\\\/#primaryimage\"},\"thumbnailUrl\":\"https:\\\/\\\/renatodias.online\\\/movimento\\\/wp-content\\\/uploads\\\/2020\\\/04\\\/Rubens-Otoni-Gomide-deputado-federal.jpg\",\"datePublished\":\"2023-05-20T03:16:14+00:00\",\"dateModified\":\"2023-05-20T03:16:15+00:00\",\"breadcrumb\":{\"@id\":\"https:\\\/\\\/renatodias.online\\\/movimento\\\/2023\\\/05\\\/20\\\/otoni-na-frente-parlamentar-de-logistica\\\/#breadcrumb\"},\"inLanguage\":\"pt-BR\",\"potentialAction\":[{\"@type\":\"ReadAction\",\"target\":[\"https:\\\/\\\/renatodias.online\\\/movimento\\\/2023\\\/05\\\/20\\\/otoni-na-frente-parlamentar-de-logistica\\\/\"]}]},{\"@type\":\"ImageObject\",\"inLanguage\":\"pt-BR\",\"@id\":\"https:\\\/\\\/renatodias.online\\\/movimento\\\/2023\\\/05\\\/20\\\/otoni-na-frente-parlamentar-de-logistica\\\/#primaryimage\",\"url\":\"https:\\\/\\\/renatodias.online\\\/movimento\\\/wp-content\\\/uploads\\\/2020\\\/04\\\/Rubens-Otoni-Gomide-deputado-federal.jpg\",\"contentUrl\":\"https:\\\/\\\/renatodias.online\\\/movimento\\\/wp-content\\\/uploads\\\/2020\\\/04\\\/Rubens-Otoni-Gomide-deputado-federal.jpg\",\"width\":750,\"height\":500,\"caption\":\"Rubens Otoni Gomide\"},{\"@type\":\"BreadcrumbList\",\"@id\":\"https:\\\/\\\/renatodias.online\\\/movimento\\\/2023\\\/05\\\/20\\\/otoni-na-frente-parlamentar-de-logistica\\\/#breadcrumb\",\"itemListElement\":[{\"@type\":\"ListItem\",\"position\":1,\"name\":\"In\u00edcio\",\"item\":\"https:\\\/\\\/renatodias.online\\\/movimento\\\/\"},{\"@type\":\"ListItem\",\"position\":2,\"name\":\"Otoni na Frente Parlamentar de Log\u00edstica\"}]},{\"@type\":\"WebSite\",\"@id\":\"https:\\\/\\\/renatodias.online\\\/movimento\\\/#website\",\"url\":\"https:\\\/\\\/renatodias.online\\\/movimento\\\/\",\"name\":\"\",\"description\":\"\",\"publisher\":{\"@id\":\"https:\\\/\\\/renatodias.online\\\/movimento\\\/#\\\/schema\\\/person\\\/bbab28833b1725a20f4083f49f1fb2a9\"},\"potentialAction\":[{\"@type\":\"SearchAction\",\"target\":{\"@type\":\"EntryPoint\",\"urlTemplate\":\"https:\\\/\\\/renatodias.online\\\/movimento\\\/?s={search_term_string}\"},\"query-input\":{\"@type\":\"PropertyValueSpecification\",\"valueRequired\":true,\"valueName\":\"search_term_string\"}}],\"inLanguage\":\"pt-BR\"},{\"@type\":[\"Person\",\"Organization\"],\"@id\":\"https:\\\/\\\/renatodias.online\\\/movimento\\\/#\\\/schema\\\/person\\\/bbab28833b1725a20f4083f49f1fb2a9\",\"name\":\"Renato Dias\",\"image\":{\"@type\":\"ImageObject\",\"inLanguage\":\"pt-BR\",\"@id\":\"https:\\\/\\\/renatodias.online\\\/movimento\\\/wp-content\\\/uploads\\\/2023\\\/03\\\/cropped-cropped-cropped-logofinal.jpeg\",\"url\":\"https:\\\/\\\/renatodias.online\\\/movimento\\\/wp-content\\\/uploads\\\/2023\\\/03\\\/cropped-cropped-cropped-logofinal.jpeg\",\"contentUrl\":\"https:\\\/\\\/renatodias.online\\\/movimento\\\/wp-content\\\/uploads\\\/2023\\\/03\\\/cropped-cropped-cropped-logofinal.jpeg\",\"width\":1280,\"height\":219,\"caption\":\"Renato Dias\"},\"logo\":{\"@id\":\"https:\\\/\\\/renatodias.online\\\/movimento\\\/wp-content\\\/uploads\\\/2023\\\/03\\\/cropped-cropped-cropped-logofinal.jpeg\"},\"description\":\"Renato Dias, 58 anos, \u00e9 graduado em Jornalismo, formado em Ci\u00eancias Sociais, com p\u00f3s-gradua\u00e7\u00e3o em Pol\u00edticas P\u00fablicas, mestre em Direito e Rela\u00e7\u00f5es Internacionais, ex-aluno extraordin\u00e1rio do Doutorado em Psicologia Social, ex-estudante do Curso de Psican\u00e1lise do Centro de Estudos Psicanal\u00edticos do Estado de Goi\u00e1s, ministrado pelo m\u00e9dico psiquiatra e psicanalista Daniel Em\u00eddio de Souza. \u00c9 autor de 30 livros-reportagem, oito document\u00e1rios, ganhou 30 pr\u00eamios e \u00e9 torcedor apaixonado do maior do Centro-Oeste, o Vila Nova Futebol Clube. Casado com Meirilane Dias, \u00e9 pai de Juliana Dias, jornalista; Daniel Dias, economista; e Maria Rosa Dias, estudante antifascista, socialista e trotskista.\u00a0Com tr\u00eas pets: Porquinho [Bull Dog Franc\u00eas], Dalila [Basset Hound] e Geleia [Basset Hound]. Al\u00e9m do eterno gato Tutuquinho, que virou estrela.\",\"sameAs\":[\"https:\\\/\\\/www.facebook.com\\\/renato.dias.37\",\"#breve\",\"https:\\\/\\\/renatodias.tumblr.com\\\/\"],\"url\":\"https:\\\/\\\/renatodias.online\\\/movimento\\\/author\\\/renatodias\\\/\"}]}<\/script>\n<!-- \/ Yoast SEO plugin. -->","yoast_head_json":{"title":"Otoni na Frente Parlamentar de Log\u00edstica -","robots":{"index":"index","follow":"follow","max-snippet":"max-snippet:-1","max-image-preview":"max-image-preview:large","max-video-preview":"max-video-preview:-1"},"canonical":"https:\/\/renatodias.online\/movimento\/2023\/05\/20\/otoni-na-frente-parlamentar-de-logistica\/","og_locale":"pt_BR","og_type":"article","og_title":"Otoni na Frente Parlamentar de Log\u00edstica -","og_description":"Mobilidade urbana em pauta A Frente Parlamentar Mista de Log\u00edstica (Frenlogi) foi instalada como o senador Wellington Fagundes (PL-MT) na presid\u00eancia. Mais: oito vice-presidentes, cada um dedicado a um tema espec\u00edfico de log\u00edstica. A novidade da nova composi\u00e7\u00e3o da Frenlogi \u00e9 a inclus\u00e3o de uma vice-presid\u00eancia espec\u00edfica para tratar de mobilidade urbana. A coordena\u00e7\u00e3o da","og_url":"https:\/\/renatodias.online\/movimento\/2023\/05\/20\/otoni-na-frente-parlamentar-de-logistica\/","article_publisher":"https:\/\/www.facebook.com\/renato.dias.37","article_author":"https:\/\/www.facebook.com\/renato.dias.37","article_published_time":"2023-05-20T03:16:14+00:00","article_modified_time":"2023-05-20T03:16:15+00:00","og_image":[{"width":750,"height":500,"url":"https:\/\/renatodias.online\/movimento\/wp-content\/uploads\/2020\/04\/Rubens-Otoni-Gomide-deputado-federal.jpg","type":"image\/jpeg"}],"author":"Renato Dias","twitter_card":"summary_large_image","twitter_creator":"@RenatoDiasBat","twitter_site":"@RenatoDiasBat","twitter_misc":{"Escrito por":"Renato Dias","Est. tempo de leitura":"3 minutos"},"schema":{"@context":"https:\/\/schema.org","@graph":[{"@type":"Article","@id":"https:\/\/renatodias.online\/movimento\/2023\/05\/20\/otoni-na-frente-parlamentar-de-logistica\/#article","isPartOf":{"@id":"https:\/\/renatodias.online\/movimento\/2023\/05\/20\/otoni-na-frente-parlamentar-de-logistica\/"},"author":{"name":"Renato Dias","@id":"https:\/\/renatodias.online\/movimento\/#\/schema\/person\/bbab28833b1725a20f4083f49f1fb2a9"},"headline":"Otoni na Frente Parlamentar de Log\u00edstica","datePublished":"2023-05-20T03:16:14+00:00","dateModified":"2023-05-20T03:16:15+00:00","mainEntityOfPage":{"@id":"https:\/\/renatodias.online\/movimento\/2023\/05\/20\/otoni-na-frente-parlamentar-de-logistica\/"},"wordCount":371,"commentCount":0,"publisher":{"@id":"https:\/\/renatodias.online\/movimento\/#\/schema\/person\/bbab28833b1725a20f4083f49f1fb2a9"},"image":{"@id":"https:\/\/renatodias.online\/movimento\/2023\/05\/20\/otoni-na-frente-parlamentar-de-logistica\/#primaryimage"},"thumbnailUrl":"https:\/\/renatodias.online\/movimento\/wp-content\/uploads\/2020\/04\/Rubens-Otoni-Gomide-deputado-federal.jpg","articleSection":["Cidade"],"inLanguage":"pt-BR","potentialAction":[{"@type":"CommentAction","name":"Comment","target":["https:\/\/renatodias.online\/movimento\/2023\/05\/20\/otoni-na-frente-parlamentar-de-logistica\/#respond"]}]},{"@type":"WebPage","@id":"https:\/\/renatodias.online\/movimento\/2023\/05\/20\/otoni-na-frente-parlamentar-de-logistica\/","url":"https:\/\/renatodias.online\/movimento\/2023\/05\/20\/otoni-na-frente-parlamentar-de-logistica\/","name":"Otoni na Frente Parlamentar de Log\u00edstica -","isPartOf":{"@id":"https:\/\/renatodias.online\/movimento\/#website"},"primaryImageOfPage":{"@id":"https:\/\/renatodias.online\/movimento\/2023\/05\/20\/otoni-na-frente-parlamentar-de-logistica\/#primaryimage"},"image":{"@id":"https:\/\/renatodias.online\/movimento\/2023\/05\/20\/otoni-na-frente-parlamentar-de-logistica\/#primaryimage"},"thumbnailUrl":"https:\/\/renatodias.online\/movimento\/wp-content\/uploads\/2020\/04\/Rubens-Otoni-Gomide-deputado-federal.jpg","datePublished":"2023-05-20T03:16:14+00:00","dateModified":"2023-05-20T03:16:15+00:00","breadcrumb":{"@id":"https:\/\/renatodias.online\/movimento\/2023\/05\/20\/otoni-na-frente-parlamentar-de-logistica\/#breadcrumb"},"inLanguage":"pt-BR","potentialAction":[{"@type":"ReadAction","target":["https:\/\/renatodias.online\/movimento\/2023\/05\/20\/otoni-na-frente-parlamentar-de-logistica\/"]}]},{"@type":"ImageObject","inLanguage":"pt-BR","@id":"https:\/\/renatodias.online\/movimento\/2023\/05\/20\/otoni-na-frente-parlamentar-de-logistica\/#primaryimage","url":"https:\/\/renatodias.online\/movimento\/wp-content\/uploads\/2020\/04\/Rubens-Otoni-Gomide-deputado-federal.jpg","contentUrl":"https:\/\/renatodias.online\/movimento\/wp-content\/uploads\/2020\/04\/Rubens-Otoni-Gomide-deputado-federal.jpg","width":750,"height":500,"caption":"Rubens Otoni Gomide"},{"@type":"BreadcrumbList","@id":"https:\/\/renatodias.online\/movimento\/2023\/05\/20\/otoni-na-frente-parlamentar-de-logistica\/#breadcrumb","itemListElement":[{"@type":"ListItem","position":1,"name":"In\u00edcio","item":"https:\/\/renatodias.online\/movimento\/"},{"@type":"ListItem","position":2,"name":"Otoni na Frente Parlamentar de Log\u00edstica"}]},{"@type":"WebSite","@id":"https:\/\/renatodias.online\/movimento\/#website","url":"https:\/\/renatodias.online\/movimento\/","name":"","description":"","publisher":{"@id":"https:\/\/renatodias.online\/movimento\/#\/schema\/person\/bbab28833b1725a20f4083f49f1fb2a9"},"potentialAction":[{"@type":"SearchAction","target":{"@type":"EntryPoint","urlTemplate":"https:\/\/renatodias.online\/movimento\/?s={search_term_string}"},"query-input":{"@type":"PropertyValueSpecification","valueRequired":true,"valueName":"search_term_string"}}],"inLanguage":"pt-BR"},{"@type":["Person","Organization"],"@id":"https:\/\/renatodias.online\/movimento\/#\/schema\/person\/bbab28833b1725a20f4083f49f1fb2a9","name":"Renato Dias","image":{"@type":"ImageObject","inLanguage":"pt-BR","@id":"https:\/\/renatodias.online\/movimento\/wp-content\/uploads\/2023\/03\/cropped-cropped-cropped-logofinal.jpeg","url":"https:\/\/renatodias.online\/movimento\/wp-content\/uploads\/2023\/03\/cropped-cropped-cropped-logofinal.jpeg","contentUrl":"https:\/\/renatodias.online\/movimento\/wp-content\/uploads\/2023\/03\/cropped-cropped-cropped-logofinal.jpeg","width":1280,"height":219,"caption":"Renato Dias"},"logo":{"@id":"https:\/\/renatodias.online\/movimento\/wp-content\/uploads\/2023\/03\/cropped-cropped-cropped-logofinal.jpeg"},"description":"Renato Dias, 58 anos, \u00e9 graduado em Jornalismo, formado em Ci\u00eancias Sociais, com p\u00f3s-gradua\u00e7\u00e3o em Pol\u00edticas P\u00fablicas, mestre em Direito e Rela\u00e7\u00f5es Internacionais, ex-aluno extraordin\u00e1rio do Doutorado em Psicologia Social, ex-estudante do Curso de Psican\u00e1lise do Centro de Estudos Psicanal\u00edticos do Estado de Goi\u00e1s, ministrado pelo m\u00e9dico psiquiatra e psicanalista Daniel Em\u00eddio de Souza. \u00c9 autor de 30 livros-reportagem, oito document\u00e1rios, ganhou 30 pr\u00eamios e \u00e9 torcedor apaixonado do maior do Centro-Oeste, o Vila Nova Futebol Clube. Casado com Meirilane Dias, \u00e9 pai de Juliana Dias, jornalista; Daniel Dias, economista; e Maria Rosa Dias, estudante antifascista, socialista e trotskista.\u00a0Com tr\u00eas pets: Porquinho [Bull Dog Franc\u00eas], Dalila [Basset Hound] e Geleia [Basset Hound]. Al\u00e9m do eterno gato Tutuquinho, que virou estrela.","sameAs":["https:\/\/www.facebook.com\/renato.dias.37","#breve","https:\/\/renatodias.tumblr.com\/"],"url":"https:\/\/renatodias.online\/movimento\/author\/renatodias\/"}]}},"_links":{"self":[{"href":"https:\/\/renatodias.online\/movimento\/wp-json\/wp\/v2\/posts\/16871","targetHints":{"allow":["GET"]}}],"collection":[{"href":"https:\/\/renatodias.online\/movimento\/wp-json\/wp\/v2\/posts"}],"about":[{"href":"https:\/\/renatodias.online\/movimento\/wp-json\/wp\/v2\/types\/post"}],"author":[{"embeddable":true,"href":"https:\/\/renatodias.online\/movimento\/wp-json\/wp\/v2\/users\/2"}],"replies":[{"embeddable":true,"href":"https:\/\/renatodias.online\/movimento\/wp-json\/wp\/v2\/comments?post=16871"}],"version-history":[{"count":1,"href":"https:\/\/renatodias.online\/movimento\/wp-json\/wp\/v2\/posts\/16871\/revisions"}],"predecessor-version":[{"id":16872,"href":"https:\/\/renatodias.online\/movimento\/wp-json\/wp\/v2\/posts\/16871\/revisions\/16872"}],"wp:featuredmedia":[{"embeddable":true,"href":"https:\/\/renatodias.online\/movimento\/wp-json\/wp\/v2\/media\/3370"}],"wp:attachment":[{"href":"https:\/\/renatodias.online\/movimento\/wp-json\/wp\/v2\/media?parent=16871"}],"wp:term":[{"taxonomy":"category","embeddable":true,"href":"https:\/\/renatodias.online\/movimento\/wp-json\/wp\/v2\/categories?post=16871"},{"taxonomy":"post_tag","embeddable":true,"href":"https:\/\/renatodias.online\/movimento\/wp-json\/wp\/v2\/tags?post=16871"}],"curies":[{"name":"wp","href":"https:\/\/api.w.org\/{rel}","templated":true}]}}