{"id":16863,"date":"2023-05-19T23:59:30","date_gmt":"2023-05-20T02:59:30","guid":{"rendered":"https:\/\/renatodias.online\/movimento\/?p=16863"},"modified":"2023-05-19T23:59:31","modified_gmt":"2023-05-20T02:59:31","slug":"a-economia-desatola","status":"publish","type":"post","link":"https:\/\/renatodias.online\/movimento\/2023\/05\/19\/a-economia-desatola\/","title":{"rendered":"<strong>A economia desatola<\/strong>"},"content":{"rendered":"\n<figure class=\"wp-block-image aligncenter size-large\"><img loading=\"lazy\" decoding=\"async\" width=\"1024\" height=\"311\" src=\"https:\/\/renatodias.online\/movimento\/wp-content\/uploads\/2020\/11\/Alto-da-p\u00e1gina-Banner-Exclusivo-1024x311.png\" alt=\"\" class=\"wp-image-4871\"\/><\/figure>\n\n\n\n<p class=\"has-text-align-center\"><strong><mark style=\"background-color:rgba(0, 0, 0, 0)\" class=\"has-inline-color has-vivid-green-cyan-color\">M\u00e1rcio Santilli<\/mark><\/strong><\/p>\n\n\n\n<p>N\u00e3o fiz PHD em nada, em nenhum lugar do mundo, mas pe\u00e7o licen\u00e7a aos analistas de mercado para falar de intui\u00e7\u00f5es sobre a situa\u00e7\u00e3o econ\u00f4mica do pa\u00eds. N\u00e3o perten\u00e7o a nenhuma escola e n\u00e3o espero por solu\u00e7\u00f5es que emanem do mercado, ou do Estado, para ajustar as nossas rela\u00e7\u00f5es com a natureza, os meios de produ\u00e7\u00e3o e as condi\u00e7\u00f5es de vida nesse territ\u00f3rio t\u00e3o generoso, mas com tantas mis\u00e9rias, chamado Brasil. O fortalecimento do Bolsa-Fam\u00edlia, associado \u00e0 depura\u00e7\u00e3o dos cadastros de benefici\u00e1rios, amenizou o sofrimento no andar de baixo. O alto n\u00edvel de entropia econ\u00f4mica decorrente da doen\u00e7a e da viol\u00eancia generalizada persiste, mas o pequeno al\u00edvio faz muita diferen\u00e7a e est\u00e1 permitindo uma reorganiza\u00e7\u00e3o econ\u00f4mica m\u00ednima entre os mais pobres.<\/p>\n\n\n\n<figure class=\"wp-block-image size-full\"><img loading=\"lazy\" decoding=\"async\" width=\"1280\" height=\"680\" src=\"https:\/\/renatodias.online\/movimento\/wp-content\/uploads\/2023\/05\/Lula-e-Dilma-na-China.jpg\" alt=\"\" class=\"wp-image-16609\" srcset=\"https:\/\/renatodias.online\/movimento\/wp-content\/uploads\/2023\/05\/Lula-e-Dilma-na-China.jpg 1280w, https:\/\/renatodias.online\/movimento\/wp-content\/uploads\/2023\/05\/Lula-e-Dilma-na-China-300x159.jpg 300w, https:\/\/renatodias.online\/movimento\/wp-content\/uploads\/2023\/05\/Lula-e-Dilma-na-China-768x408.jpg 768w, https:\/\/renatodias.online\/movimento\/wp-content\/uploads\/2023\/05\/Lula-e-Dilma-na-China-150x80.jpg 150w\" sizes=\"auto, (max-width: 1280px) 100vw, 1280px\" \/><figcaption class=\"wp-element-caption\"><strong>Luiz In\u00e1cio Lula da Silva e Dilma Rousseff,na China<\/strong><\/figcaption><\/figure>\n\n\n\n<p>A retomada do Bolsa-Fam\u00edlia passou pela PEC da Transi\u00e7\u00e3o, aprovada no apagar das luzes do mandato anterior. O pr\u00f3ximo passo \u00e9 a PEC do Arcabou\u00e7o Fiscal, palavr\u00e3o que substitui a express\u00e3o \u201cteto de gastos\u201d, tamb\u00e9m desabado no governo passado. Nesta semana, a C\u00e2mara aprovou o regime de urg\u00eancia para votar o m\u00e9rito da mat\u00e9ria na semana que vem. O ministro da Economia, Fernando Haddad, construiu essa proposta com muito afinco e paci\u00eancia, levando cacete pela direita, que n\u00e3o acredita em aumento de arrecada\u00e7\u00e3o e vislumbra aumento de impostos para suportar a nova regra fiscal, e pela esquerda, que n\u00e3o quer limites para os gastos p\u00fablicos. Os instintos indicam que Haddad deve ter raz\u00e3o.<\/p>\n\n\n\n<figure class=\"wp-block-image aligncenter size-large\"><img loading=\"lazy\" decoding=\"async\" width=\"608\" height=\"1024\" src=\"https:\/\/renatodias.online\/movimento\/wp-content\/uploads\/2023\/01\/Fernando-Haddad-Caricatura-608x1024.jpg\" alt=\"\" class=\"wp-image-15441\"\/><figcaption class=\"wp-element-caption\"><strong>Fernando Haddad<\/strong><\/figcaption><\/figure>\n\n\n\n<p>Quando a quest\u00e3o da regra fiscal estiver superada, a reforma tribut\u00e1ria \u2013 outra reforma constitucional \u2013 estar\u00e1 no centro das discuss\u00f5es. Apesar das dificuldades inerentes ao tema, h\u00e1 consensos acumulados sobre uma primeira etapa da reforma, com a fus\u00e3o de seis impostos federais e estaduais b\u00e1sicos, o que reduziria tr\u00e2mites e custos burocr\u00e1ticos para empresas e contribuintes. De quebra, essa fus\u00e3o, por envolver o ICMS, colocaria um fim na guerra fiscal entre os estados, ao fixar regras aplic\u00e1veis ao pa\u00eds todo, impedindo a concorr\u00eancia predat\u00f3ria com desonera\u00e7\u00f5es tribut\u00e1rias para atrair empresas de outros lugares. No conjunto, essa guerra promove uma grande sangria fiscal no setor p\u00fablico.<\/p>\n\n\n\n<figure class=\"wp-block-image aligncenter size-full\"><img decoding=\"async\" src=\"https:\/\/renatodias.online\/movimento\/wp-content\/uploads\/2021\/04\/Congresso-Nacional.jpg\" alt=\"Congresso Nacional\" class=\"wp-image-6053\"\/><figcaption class=\"wp-element-caption\"><strong>Congresso Nacional<\/strong><\/figcaption><\/figure>\n\n\n\n<p>Qualquer reforma tribut\u00e1ria incidiria de forma diferente sobre estados e munic\u00edpios, o que gera resist\u00eancias. A proposta em discuss\u00e3o inclui a cria\u00e7\u00e3o de um fundo de compensa\u00e7\u00f5es, que reduziria os impactos mais negativos e, tamb\u00e9m, maiores obje\u00e7\u00f5es. \u00c9 prov\u00e1vel que a implanta\u00e7\u00e3o da reforma requeira outros ajustes de transi\u00e7\u00e3o. A aprova\u00e7\u00e3o da reforma tribut\u00e1ria depender\u00e1 da supera\u00e7\u00e3o de outros obst\u00e1culos pol\u00edticos, que unem o fisiologismo parlamentar ao corporativismo, al\u00e9m da oposi\u00e7\u00e3o destrutiva da extrema direita. A exig\u00eancia de maioria qualificada (60% + 1), em dois turnos de vota\u00e7\u00e3o, tanto na C\u00e2mara quanto no Senado, d\u00e1 espa\u00e7o para boicotes, chantagens e \u201cjabutis\u201d, os famosos \u201ccontrabandos legislativos\u201d.<\/p>\n\n\n\n<figure class=\"wp-block-image aligncenter size-full\"><img loading=\"lazy\" decoding=\"async\" width=\"800\" height=\"479\" src=\"https:\/\/renatodias.online\/movimento\/wp-content\/uploads\/2023\/04\/Roberto-Campos-Neto-e1680475872376.jpg\" alt=\"\" class=\"wp-image-16296\" srcset=\"https:\/\/renatodias.online\/movimento\/wp-content\/uploads\/2023\/04\/Roberto-Campos-Neto-e1680475872376.jpg 800w, https:\/\/renatodias.online\/movimento\/wp-content\/uploads\/2023\/04\/Roberto-Campos-Neto-e1680475872376-300x180.jpg 300w, https:\/\/renatodias.online\/movimento\/wp-content\/uploads\/2023\/04\/Roberto-Campos-Neto-e1680475872376-768x460.jpg 768w, https:\/\/renatodias.online\/movimento\/wp-content\/uploads\/2023\/04\/Roberto-Campos-Neto-e1680475872376-150x90.jpg 150w\" sizes=\"auto, (max-width: 800px) 100vw, 800px\" \/><figcaption class=\"wp-element-caption\"><strong>O economista Roberto de Campos Neto<\/strong><\/figcaption><\/figure>\n\n\n\n<p>Apesar disso, espera-se a aprova\u00e7\u00e3o dessa primeira etapa at\u00e9 o final do ano, para que possa gerar efeitos a partir de 2024. O governo quer propor uma segunda etapa, que amplie a faixa de isen\u00e7\u00e3o de contribuintes com menor renda e onere os mais ricos. E j\u00e1 vem adotando medidas pontuais para tributar setores que n\u00e3o pagam impostos, al\u00e9m de rever isen\u00e7\u00f5es indevidas, anteriormente concedidas. O Brasil tem a maior taxa de juros do mundo, que cerceia radicalmente as chances de crescimento da economia. O Banco Central sustenta essa taxa para conter press\u00f5es inflacion\u00e1rias. Afirma a corre\u00e7\u00e3o t\u00e9cnica dos juros abusivos, quando foi pol\u00edtico-eleitoral o motivo principal do descontrole fiscal pelo governo anterior.<\/p>\n\n\n\n<figure class=\"wp-block-image aligncenter size-full\"><img loading=\"lazy\" decoding=\"async\" width=\"248\" height=\"193\" src=\"https:\/\/renatodias.online\/movimento\/wp-content\/uploads\/2020\/09\/Drag\u00e3o-da-infla\u00e7\u00e3o-3.png\" alt=\"\" class=\"wp-image-4420\"\/><figcaption class=\"wp-element-caption\"><strong>Drag\u00e3o da infla\u00e7\u00e3o<\/strong><\/figcaption><\/figure>\n\n\n\n<p>Roberto Campos Neto, presidente do Banco Central, sustenta que a taxa de juros abusiva ainda se justifica, embora reconhe\u00e7a os esfor\u00e7os \u201cno rumo certo\u201d do atual governo. O presidente Lula tem criticado Campos, com frequ\u00eancia e veem\u00eancia, por n\u00e3o reduzir a taxa b\u00e1sica de juros. Nessa refrega, Lula tem o apoio da popula\u00e7\u00e3o e dos empres\u00e1rios, que n\u00e3o suportam mais juros t\u00e3o abusivos. Nesta semana, o governo anunciou mudan\u00e7as na pol\u00edtica de pre\u00e7os de combust\u00edveis pela Petrobr\u00e1s, com redu\u00e7\u00f5es significativas nos pre\u00e7os do g\u00e1s natural, diesel e gasolina. Essa medida vai reduzir o lucro da empresa e dos acionistas, o que pode reduzir o valor das a\u00e7\u00f5es. Mas vai se somar a outros fatores para reduzir a infla\u00e7\u00e3o, o que tamb\u00e9m pressiona o Banco Central pela redu\u00e7\u00e3o da taxa de juros.<\/p>\n\n\n\n<figure class=\"wp-block-image aligncenter size-full\"><img decoding=\"async\" src=\"https:\/\/renatodias.online\/movimento\/wp-content\/uploads\/2023\/02\/Um-ano-de-guerra-Selo-Russia-e-Ucrania.jpg\" alt=\"\" class=\"wp-image-15571\"\/><\/figure>\n\n\n\n<p>Outras a\u00e7\u00f5es do governo contribuem para refor\u00e7ar a expectativa de crescimento da economia. O pr\u00f3prio Lula tem liderado a reabertura do pa\u00eds para o mundo, viabilizando acordos bilaterais, destravando acordos multilaterais e incentivando novos investimentos no pa\u00eds, apesar das dificuldades conjunturais, como as decorrentes da guerra entre a R\u00fassia e a Ucr\u00e2nia. Tamb\u00e9m est\u00e3o mais amenas as rela\u00e7\u00f5es entre os entes federativos, que foram profundamente esgar\u00e7adas durante o governo passado. A presen\u00e7a de administra\u00e7\u00f5es conservadoras em v\u00e1rios estados n\u00e3o tem inibido a discuss\u00e3o sobre parcerias. A coopera\u00e7\u00e3o frente aos desastres naturais \u00e9 indicativa da melhoria nas rela\u00e7\u00f5es federativas.<\/p>\n\n\n\n<figure class=\"wp-block-image aligncenter size-full\"><img decoding=\"async\" src=\"https:\/\/renatodias.online\/movimento\/wp-content\/uploads\/2021\/05\/Desemprego.jpg\" alt=\"\" class=\"wp-image-6447\"\/><figcaption class=\"wp-element-caption\"><strong>A crise: o desemprego<\/strong><\/figcaption><\/figure>\n\n\n\n<p>O governo deve anunciar, logo menos, uma nova vers\u00e3o do programa para investimentos em obras de infraestrutura. A escala do programa vai depender de investimentos privados, internos e externos, o que tamb\u00e9m vai definir o seu ritmo de execu\u00e7\u00e3o. Do front da infraestrutura espera-se respostas mais r\u00e1pidas ao desemprego e ao marasmo econ\u00f4mico, mas \u00e9 tamb\u00e9m ele que mais impacta ambientes e gentes, gerando contradi\u00e7\u00f5es com outras pol\u00edticas de governo. Nesse contexto, considerando o conjunto da obra, noves fora as dificuldades, o bom senso reconhece essas expectativas positivas. \u00c9 de se supor que, com avan\u00e7os na economia, o pa\u00eds colha retornos sociais e o governo se fortale\u00e7a, na rela\u00e7\u00e3o com o Congresso e na execu\u00e7\u00e3o das outras pol\u00edticas.<\/p>\n","protected":false},"excerpt":{"rendered":"<p>M\u00e1rcio Santilli N\u00e3o fiz PHD em nada, em nenhum lugar do mundo, mas pe\u00e7o licen\u00e7a aos analistas de mercado para falar de intui\u00e7\u00f5es sobre a situa\u00e7\u00e3o econ\u00f4mica do pa\u00eds. N\u00e3o perten\u00e7o a nenhuma escola e n\u00e3o espero por solu\u00e7\u00f5es que emanem do mercado, ou do Estado, para ajustar as nossas rela\u00e7\u00f5es com a natureza, os<\/p>\n","protected":false},"author":2,"featured_media":16350,"comment_status":"open","ping_status":"open","sticky":false,"template":"","format":"standard","meta":{"_acf_changed":false,"_monsterinsights_skip_tracking":false,"_monsterinsights_sitenote_active":false,"_monsterinsights_sitenote_note":"","_monsterinsights_sitenote_category":0,"footnotes":""},"categories":[10],"tags":[],"class_list":["post-16863","post","type-post","status-publish","format-standard","has-post-thumbnail","hentry","category-economia"],"acf":[],"yoast_head":"<!-- This site is optimized with the Yoast SEO plugin v27.4 - https:\/\/yoast.com\/product\/yoast-seo-wordpress\/ -->\n<title>A economia desatola -<\/title>\n<meta name=\"robots\" content=\"index, follow, max-snippet:-1, max-image-preview:large, max-video-preview:-1\" \/>\n<link rel=\"canonical\" href=\"https:\/\/renatodias.online\/movimento\/2023\/05\/19\/a-economia-desatola\/\" \/>\n<meta property=\"og:locale\" content=\"pt_BR\" \/>\n<meta property=\"og:type\" content=\"article\" \/>\n<meta property=\"og:title\" content=\"A economia desatola -\" \/>\n<meta property=\"og:description\" content=\"M\u00e1rcio Santilli N\u00e3o fiz PHD em nada, em nenhum lugar do mundo, mas pe\u00e7o licen\u00e7a aos analistas de mercado para falar de intui\u00e7\u00f5es sobre a situa\u00e7\u00e3o econ\u00f4mica do pa\u00eds. N\u00e3o perten\u00e7o a nenhuma escola e n\u00e3o espero por solu\u00e7\u00f5es que emanem do mercado, ou do Estado, para ajustar as nossas rela\u00e7\u00f5es com a natureza, os\" \/>\n<meta property=\"og:url\" content=\"https:\/\/renatodias.online\/movimento\/2023\/05\/19\/a-economia-desatola\/\" \/>\n<meta property=\"article:publisher\" content=\"https:\/\/www.facebook.com\/renato.dias.37\" \/>\n<meta property=\"article:author\" content=\"https:\/\/www.facebook.com\/renato.dias.37\" \/>\n<meta property=\"article:published_time\" content=\"2023-05-20T02:59:30+00:00\" \/>\n<meta property=\"article:modified_time\" content=\"2023-05-20T02:59:31+00:00\" \/>\n<meta property=\"og:image\" content=\"https:\/\/renatodias.online\/movimento\/wp-content\/uploads\/2023\/04\/Marcio-Santilli.jpg\" \/>\n\t<meta property=\"og:image:width\" content=\"800\" \/>\n\t<meta property=\"og:image:height\" content=\"532\" \/>\n\t<meta property=\"og:image:type\" content=\"image\/jpeg\" \/>\n<meta name=\"author\" content=\"Renato Dias\" \/>\n<meta name=\"twitter:card\" content=\"summary_large_image\" \/>\n<meta name=\"twitter:creator\" content=\"@RenatoDiasBat\" \/>\n<meta name=\"twitter:site\" content=\"@RenatoDiasBat\" \/>\n<meta name=\"twitter:label1\" content=\"Escrito por\" \/>\n\t<meta name=\"twitter:data1\" content=\"Renato Dias\" \/>\n\t<meta name=\"twitter:label2\" content=\"Est. tempo de leitura\" \/>\n\t<meta name=\"twitter:data2\" content=\"7 minutos\" \/>\n<script type=\"application\/ld+json\" class=\"yoast-schema-graph\">{\"@context\":\"https:\\\/\\\/schema.org\",\"@graph\":[{\"@type\":\"Article\",\"@id\":\"https:\\\/\\\/renatodias.online\\\/movimento\\\/2023\\\/05\\\/19\\\/a-economia-desatola\\\/#article\",\"isPartOf\":{\"@id\":\"https:\\\/\\\/renatodias.online\\\/movimento\\\/2023\\\/05\\\/19\\\/a-economia-desatola\\\/\"},\"author\":{\"name\":\"Renato Dias\",\"@id\":\"https:\\\/\\\/renatodias.online\\\/movimento\\\/#\\\/schema\\\/person\\\/bbab28833b1725a20f4083f49f1fb2a9\"},\"headline\":\"A economia desatola\",\"datePublished\":\"2023-05-20T02:59:30+00:00\",\"dateModified\":\"2023-05-20T02:59:31+00:00\",\"mainEntityOfPage\":{\"@id\":\"https:\\\/\\\/renatodias.online\\\/movimento\\\/2023\\\/05\\\/19\\\/a-economia-desatola\\\/\"},\"wordCount\":1076,\"commentCount\":0,\"publisher\":{\"@id\":\"https:\\\/\\\/renatodias.online\\\/movimento\\\/#\\\/schema\\\/person\\\/bbab28833b1725a20f4083f49f1fb2a9\"},\"image\":{\"@id\":\"https:\\\/\\\/renatodias.online\\\/movimento\\\/2023\\\/05\\\/19\\\/a-economia-desatola\\\/#primaryimage\"},\"thumbnailUrl\":\"https:\\\/\\\/renatodias.online\\\/movimento\\\/wp-content\\\/uploads\\\/2023\\\/04\\\/Marcio-Santilli.jpg\",\"articleSection\":[\"Economia\"],\"inLanguage\":\"pt-BR\",\"potentialAction\":[{\"@type\":\"CommentAction\",\"name\":\"Comment\",\"target\":[\"https:\\\/\\\/renatodias.online\\\/movimento\\\/2023\\\/05\\\/19\\\/a-economia-desatola\\\/#respond\"]}]},{\"@type\":\"WebPage\",\"@id\":\"https:\\\/\\\/renatodias.online\\\/movimento\\\/2023\\\/05\\\/19\\\/a-economia-desatola\\\/\",\"url\":\"https:\\\/\\\/renatodias.online\\\/movimento\\\/2023\\\/05\\\/19\\\/a-economia-desatola\\\/\",\"name\":\"A economia desatola -\",\"isPartOf\":{\"@id\":\"https:\\\/\\\/renatodias.online\\\/movimento\\\/#website\"},\"primaryImageOfPage\":{\"@id\":\"https:\\\/\\\/renatodias.online\\\/movimento\\\/2023\\\/05\\\/19\\\/a-economia-desatola\\\/#primaryimage\"},\"image\":{\"@id\":\"https:\\\/\\\/renatodias.online\\\/movimento\\\/2023\\\/05\\\/19\\\/a-economia-desatola\\\/#primaryimage\"},\"thumbnailUrl\":\"https:\\\/\\\/renatodias.online\\\/movimento\\\/wp-content\\\/uploads\\\/2023\\\/04\\\/Marcio-Santilli.jpg\",\"datePublished\":\"2023-05-20T02:59:30+00:00\",\"dateModified\":\"2023-05-20T02:59:31+00:00\",\"breadcrumb\":{\"@id\":\"https:\\\/\\\/renatodias.online\\\/movimento\\\/2023\\\/05\\\/19\\\/a-economia-desatola\\\/#breadcrumb\"},\"inLanguage\":\"pt-BR\",\"potentialAction\":[{\"@type\":\"ReadAction\",\"target\":[\"https:\\\/\\\/renatodias.online\\\/movimento\\\/2023\\\/05\\\/19\\\/a-economia-desatola\\\/\"]}]},{\"@type\":\"ImageObject\",\"inLanguage\":\"pt-BR\",\"@id\":\"https:\\\/\\\/renatodias.online\\\/movimento\\\/2023\\\/05\\\/19\\\/a-economia-desatola\\\/#primaryimage\",\"url\":\"https:\\\/\\\/renatodias.online\\\/movimento\\\/wp-content\\\/uploads\\\/2023\\\/04\\\/Marcio-Santilli.jpg\",\"contentUrl\":\"https:\\\/\\\/renatodias.online\\\/movimento\\\/wp-content\\\/uploads\\\/2023\\\/04\\\/Marcio-Santilli.jpg\",\"width\":800,\"height\":532,\"caption\":\"M\u00e1rcio Santilli\"},{\"@type\":\"BreadcrumbList\",\"@id\":\"https:\\\/\\\/renatodias.online\\\/movimento\\\/2023\\\/05\\\/19\\\/a-economia-desatola\\\/#breadcrumb\",\"itemListElement\":[{\"@type\":\"ListItem\",\"position\":1,\"name\":\"In\u00edcio\",\"item\":\"https:\\\/\\\/renatodias.online\\\/movimento\\\/\"},{\"@type\":\"ListItem\",\"position\":2,\"name\":\"A economia desatola\"}]},{\"@type\":\"WebSite\",\"@id\":\"https:\\\/\\\/renatodias.online\\\/movimento\\\/#website\",\"url\":\"https:\\\/\\\/renatodias.online\\\/movimento\\\/\",\"name\":\"\",\"description\":\"\",\"publisher\":{\"@id\":\"https:\\\/\\\/renatodias.online\\\/movimento\\\/#\\\/schema\\\/person\\\/bbab28833b1725a20f4083f49f1fb2a9\"},\"potentialAction\":[{\"@type\":\"SearchAction\",\"target\":{\"@type\":\"EntryPoint\",\"urlTemplate\":\"https:\\\/\\\/renatodias.online\\\/movimento\\\/?s={search_term_string}\"},\"query-input\":{\"@type\":\"PropertyValueSpecification\",\"valueRequired\":true,\"valueName\":\"search_term_string\"}}],\"inLanguage\":\"pt-BR\"},{\"@type\":[\"Person\",\"Organization\"],\"@id\":\"https:\\\/\\\/renatodias.online\\\/movimento\\\/#\\\/schema\\\/person\\\/bbab28833b1725a20f4083f49f1fb2a9\",\"name\":\"Renato Dias\",\"image\":{\"@type\":\"ImageObject\",\"inLanguage\":\"pt-BR\",\"@id\":\"https:\\\/\\\/renatodias.online\\\/movimento\\\/wp-content\\\/uploads\\\/2023\\\/03\\\/cropped-cropped-cropped-logofinal.jpeg\",\"url\":\"https:\\\/\\\/renatodias.online\\\/movimento\\\/wp-content\\\/uploads\\\/2023\\\/03\\\/cropped-cropped-cropped-logofinal.jpeg\",\"contentUrl\":\"https:\\\/\\\/renatodias.online\\\/movimento\\\/wp-content\\\/uploads\\\/2023\\\/03\\\/cropped-cropped-cropped-logofinal.jpeg\",\"width\":1280,\"height\":219,\"caption\":\"Renato Dias\"},\"logo\":{\"@id\":\"https:\\\/\\\/renatodias.online\\\/movimento\\\/wp-content\\\/uploads\\\/2023\\\/03\\\/cropped-cropped-cropped-logofinal.jpeg\"},\"description\":\"Renato Dias, 58 anos, \u00e9 graduado em Jornalismo, formado em Ci\u00eancias Sociais, com p\u00f3s-gradua\u00e7\u00e3o em Pol\u00edticas P\u00fablicas, mestre em Direito e Rela\u00e7\u00f5es Internacionais, ex-aluno extraordin\u00e1rio do Doutorado em Psicologia Social, ex-estudante do Curso de Psican\u00e1lise do Centro de Estudos Psicanal\u00edticos do Estado de Goi\u00e1s, ministrado pelo m\u00e9dico psiquiatra e psicanalista Daniel Em\u00eddio de Souza. \u00c9 autor de 30 livros-reportagem, oito document\u00e1rios, ganhou 30 pr\u00eamios e \u00e9 torcedor apaixonado do maior do Centro-Oeste, o Vila Nova Futebol Clube. Casado com Meirilane Dias, \u00e9 pai de Juliana Dias, jornalista; Daniel Dias, economista; e Maria Rosa Dias, estudante antifascista, socialista e trotskista.\u00a0Com tr\u00eas pets: Porquinho [Bull Dog Franc\u00eas], Dalila [Basset Hound] e Geleia [Basset Hound]. Al\u00e9m do eterno gato Tutuquinho, que virou estrela.\",\"sameAs\":[\"https:\\\/\\\/www.facebook.com\\\/renato.dias.37\",\"#breve\",\"https:\\\/\\\/renatodias.tumblr.com\\\/\"],\"url\":\"https:\\\/\\\/renatodias.online\\\/movimento\\\/author\\\/renatodias\\\/\"}]}<\/script>\n<!-- \/ Yoast SEO plugin. -->","yoast_head_json":{"title":"A economia desatola -","robots":{"index":"index","follow":"follow","max-snippet":"max-snippet:-1","max-image-preview":"max-image-preview:large","max-video-preview":"max-video-preview:-1"},"canonical":"https:\/\/renatodias.online\/movimento\/2023\/05\/19\/a-economia-desatola\/","og_locale":"pt_BR","og_type":"article","og_title":"A economia desatola -","og_description":"M\u00e1rcio Santilli N\u00e3o fiz PHD em nada, em nenhum lugar do mundo, mas pe\u00e7o licen\u00e7a aos analistas de mercado para falar de intui\u00e7\u00f5es sobre a situa\u00e7\u00e3o econ\u00f4mica do pa\u00eds. N\u00e3o perten\u00e7o a nenhuma escola e n\u00e3o espero por solu\u00e7\u00f5es que emanem do mercado, ou do Estado, para ajustar as nossas rela\u00e7\u00f5es com a natureza, os","og_url":"https:\/\/renatodias.online\/movimento\/2023\/05\/19\/a-economia-desatola\/","article_publisher":"https:\/\/www.facebook.com\/renato.dias.37","article_author":"https:\/\/www.facebook.com\/renato.dias.37","article_published_time":"2023-05-20T02:59:30+00:00","article_modified_time":"2023-05-20T02:59:31+00:00","og_image":[{"width":800,"height":532,"url":"https:\/\/renatodias.online\/movimento\/wp-content\/uploads\/2023\/04\/Marcio-Santilli.jpg","type":"image\/jpeg"}],"author":"Renato Dias","twitter_card":"summary_large_image","twitter_creator":"@RenatoDiasBat","twitter_site":"@RenatoDiasBat","twitter_misc":{"Escrito por":"Renato Dias","Est. tempo de leitura":"7 minutos"},"schema":{"@context":"https:\/\/schema.org","@graph":[{"@type":"Article","@id":"https:\/\/renatodias.online\/movimento\/2023\/05\/19\/a-economia-desatola\/#article","isPartOf":{"@id":"https:\/\/renatodias.online\/movimento\/2023\/05\/19\/a-economia-desatola\/"},"author":{"name":"Renato Dias","@id":"https:\/\/renatodias.online\/movimento\/#\/schema\/person\/bbab28833b1725a20f4083f49f1fb2a9"},"headline":"A economia desatola","datePublished":"2023-05-20T02:59:30+00:00","dateModified":"2023-05-20T02:59:31+00:00","mainEntityOfPage":{"@id":"https:\/\/renatodias.online\/movimento\/2023\/05\/19\/a-economia-desatola\/"},"wordCount":1076,"commentCount":0,"publisher":{"@id":"https:\/\/renatodias.online\/movimento\/#\/schema\/person\/bbab28833b1725a20f4083f49f1fb2a9"},"image":{"@id":"https:\/\/renatodias.online\/movimento\/2023\/05\/19\/a-economia-desatola\/#primaryimage"},"thumbnailUrl":"https:\/\/renatodias.online\/movimento\/wp-content\/uploads\/2023\/04\/Marcio-Santilli.jpg","articleSection":["Economia"],"inLanguage":"pt-BR","potentialAction":[{"@type":"CommentAction","name":"Comment","target":["https:\/\/renatodias.online\/movimento\/2023\/05\/19\/a-economia-desatola\/#respond"]}]},{"@type":"WebPage","@id":"https:\/\/renatodias.online\/movimento\/2023\/05\/19\/a-economia-desatola\/","url":"https:\/\/renatodias.online\/movimento\/2023\/05\/19\/a-economia-desatola\/","name":"A economia desatola -","isPartOf":{"@id":"https:\/\/renatodias.online\/movimento\/#website"},"primaryImageOfPage":{"@id":"https:\/\/renatodias.online\/movimento\/2023\/05\/19\/a-economia-desatola\/#primaryimage"},"image":{"@id":"https:\/\/renatodias.online\/movimento\/2023\/05\/19\/a-economia-desatola\/#primaryimage"},"thumbnailUrl":"https:\/\/renatodias.online\/movimento\/wp-content\/uploads\/2023\/04\/Marcio-Santilli.jpg","datePublished":"2023-05-20T02:59:30+00:00","dateModified":"2023-05-20T02:59:31+00:00","breadcrumb":{"@id":"https:\/\/renatodias.online\/movimento\/2023\/05\/19\/a-economia-desatola\/#breadcrumb"},"inLanguage":"pt-BR","potentialAction":[{"@type":"ReadAction","target":["https:\/\/renatodias.online\/movimento\/2023\/05\/19\/a-economia-desatola\/"]}]},{"@type":"ImageObject","inLanguage":"pt-BR","@id":"https:\/\/renatodias.online\/movimento\/2023\/05\/19\/a-economia-desatola\/#primaryimage","url":"https:\/\/renatodias.online\/movimento\/wp-content\/uploads\/2023\/04\/Marcio-Santilli.jpg","contentUrl":"https:\/\/renatodias.online\/movimento\/wp-content\/uploads\/2023\/04\/Marcio-Santilli.jpg","width":800,"height":532,"caption":"M\u00e1rcio Santilli"},{"@type":"BreadcrumbList","@id":"https:\/\/renatodias.online\/movimento\/2023\/05\/19\/a-economia-desatola\/#breadcrumb","itemListElement":[{"@type":"ListItem","position":1,"name":"In\u00edcio","item":"https:\/\/renatodias.online\/movimento\/"},{"@type":"ListItem","position":2,"name":"A economia desatola"}]},{"@type":"WebSite","@id":"https:\/\/renatodias.online\/movimento\/#website","url":"https:\/\/renatodias.online\/movimento\/","name":"","description":"","publisher":{"@id":"https:\/\/renatodias.online\/movimento\/#\/schema\/person\/bbab28833b1725a20f4083f49f1fb2a9"},"potentialAction":[{"@type":"SearchAction","target":{"@type":"EntryPoint","urlTemplate":"https:\/\/renatodias.online\/movimento\/?s={search_term_string}"},"query-input":{"@type":"PropertyValueSpecification","valueRequired":true,"valueName":"search_term_string"}}],"inLanguage":"pt-BR"},{"@type":["Person","Organization"],"@id":"https:\/\/renatodias.online\/movimento\/#\/schema\/person\/bbab28833b1725a20f4083f49f1fb2a9","name":"Renato Dias","image":{"@type":"ImageObject","inLanguage":"pt-BR","@id":"https:\/\/renatodias.online\/movimento\/wp-content\/uploads\/2023\/03\/cropped-cropped-cropped-logofinal.jpeg","url":"https:\/\/renatodias.online\/movimento\/wp-content\/uploads\/2023\/03\/cropped-cropped-cropped-logofinal.jpeg","contentUrl":"https:\/\/renatodias.online\/movimento\/wp-content\/uploads\/2023\/03\/cropped-cropped-cropped-logofinal.jpeg","width":1280,"height":219,"caption":"Renato Dias"},"logo":{"@id":"https:\/\/renatodias.online\/movimento\/wp-content\/uploads\/2023\/03\/cropped-cropped-cropped-logofinal.jpeg"},"description":"Renato Dias, 58 anos, \u00e9 graduado em Jornalismo, formado em Ci\u00eancias Sociais, com p\u00f3s-gradua\u00e7\u00e3o em Pol\u00edticas P\u00fablicas, mestre em Direito e Rela\u00e7\u00f5es Internacionais, ex-aluno extraordin\u00e1rio do Doutorado em Psicologia Social, ex-estudante do Curso de Psican\u00e1lise do Centro de Estudos Psicanal\u00edticos do Estado de Goi\u00e1s, ministrado pelo m\u00e9dico psiquiatra e psicanalista Daniel Em\u00eddio de Souza. \u00c9 autor de 30 livros-reportagem, oito document\u00e1rios, ganhou 30 pr\u00eamios e \u00e9 torcedor apaixonado do maior do Centro-Oeste, o Vila Nova Futebol Clube. Casado com Meirilane Dias, \u00e9 pai de Juliana Dias, jornalista; Daniel Dias, economista; e Maria Rosa Dias, estudante antifascista, socialista e trotskista.\u00a0Com tr\u00eas pets: Porquinho [Bull Dog Franc\u00eas], Dalila [Basset Hound] e Geleia [Basset Hound]. Al\u00e9m do eterno gato Tutuquinho, que virou estrela.","sameAs":["https:\/\/www.facebook.com\/renato.dias.37","#breve","https:\/\/renatodias.tumblr.com\/"],"url":"https:\/\/renatodias.online\/movimento\/author\/renatodias\/"}]}},"_links":{"self":[{"href":"https:\/\/renatodias.online\/movimento\/wp-json\/wp\/v2\/posts\/16863","targetHints":{"allow":["GET"]}}],"collection":[{"href":"https:\/\/renatodias.online\/movimento\/wp-json\/wp\/v2\/posts"}],"about":[{"href":"https:\/\/renatodias.online\/movimento\/wp-json\/wp\/v2\/types\/post"}],"author":[{"embeddable":true,"href":"https:\/\/renatodias.online\/movimento\/wp-json\/wp\/v2\/users\/2"}],"replies":[{"embeddable":true,"href":"https:\/\/renatodias.online\/movimento\/wp-json\/wp\/v2\/comments?post=16863"}],"version-history":[{"count":1,"href":"https:\/\/renatodias.online\/movimento\/wp-json\/wp\/v2\/posts\/16863\/revisions"}],"predecessor-version":[{"id":16864,"href":"https:\/\/renatodias.online\/movimento\/wp-json\/wp\/v2\/posts\/16863\/revisions\/16864"}],"wp:featuredmedia":[{"embeddable":true,"href":"https:\/\/renatodias.online\/movimento\/wp-json\/wp\/v2\/media\/16350"}],"wp:attachment":[{"href":"https:\/\/renatodias.online\/movimento\/wp-json\/wp\/v2\/media?parent=16863"}],"wp:term":[{"taxonomy":"category","embeddable":true,"href":"https:\/\/renatodias.online\/movimento\/wp-json\/wp\/v2\/categories?post=16863"},{"taxonomy":"post_tag","embeddable":true,"href":"https:\/\/renatodias.online\/movimento\/wp-json\/wp\/v2\/tags?post=16863"}],"curies":[{"name":"wp","href":"https:\/\/api.w.org\/{rel}","templated":true}]}}