{"id":16688,"date":"2023-05-08T21:43:53","date_gmt":"2023-05-09T00:43:53","guid":{"rendered":"https:\/\/renatodias.online\/movimento\/?p=16688"},"modified":"2023-05-08T21:43:54","modified_gmt":"2023-05-09T00:43:54","slug":"veja-a-agenda-do-opera-mundi","status":"publish","type":"post","link":"https:\/\/renatodias.online\/movimento\/2023\/05\/08\/veja-a-agenda-do-opera-mundi\/","title":{"rendered":"<strong>Veja a agenda do Opera Mundi<\/strong>"},"content":{"rendered":"\n<p class=\"has-text-align-center\"><strong><mark style=\"background-color:rgba(0, 0, 0, 0)\" class=\"has-inline-color has-vivid-red-color\">De segunda-feira \u00e0 sexta<\/mark><\/strong><\/p>\n\n\n\n<figure class=\"wp-block-image aligncenter size-full\"><img decoding=\"async\" src=\"https:\/\/renatodias.online\/movimento\/wp-content\/uploads\/2022\/03\/Revolucao-e1683159706877.png\" alt=\"\" class=\"wp-image-11529\"\/><\/figure>\n\n\n\n<p class=\"has-text-align-center\"><strong><mark style=\"background-color:rgba(0, 0, 0, 0)\" class=\"has-inline-color has-vivid-red-color\">Com o carbon\u00e1rio Breno Altman<\/mark><\/strong><\/p>\n\n\n\n<p><strong>Renato Dias<\/strong><\/p>\n\n\n\n<p>O <strong>Opera Mundi<\/strong>, coordenado pelo jornalista <strong>Breno Altman<\/strong> [SP], apresenta um pacote de entrevistas especiais de segunda feira \u00e0 sexta, com dura\u00e7\u00e3o de 20 minutos, sempre \u00e0s 11h. Mais: com temas explosivos.<\/p>\n\n\n\n<figure class=\"wp-block-image aligncenter size-full\"><img loading=\"lazy\" decoding=\"async\" width=\"321\" height=\"157\" src=\"https:\/\/renatodias.online\/movimento\/wp-content\/uploads\/2020\/03\/Breno-Altman-1.jpg\" alt=\"\" class=\"wp-image-3224\"\/><figcaption class=\"wp-element-caption\"><strong><mark style=\"background-color:rgba(0, 0, 0, 0)\" class=\"has-inline-color has-vivid-red-color\">Breno Altman<\/mark><\/strong><\/figcaption><\/figure>\n\n\n\n<p class=\"has-text-align-center\"><strong><mark style=\"background-color:rgba(0, 0, 0, 0)\" class=\"has-inline-color has-vivid-red-color\">Opera Mundi 20 minutos<\/mark>\u00a0<\/strong><\/p>\n\n\n\n<figure class=\"wp-block-image aligncenter size-large\"><img loading=\"lazy\" decoding=\"async\" width=\"1024\" height=\"1024\" src=\"https:\/\/renatodias.online\/movimento\/wp-content\/uploads\/2023\/05\/Opera-Mundi-Card-1024x1024.jpg\" alt=\"\" class=\"wp-image-16689\"\/><\/figure>\n\n\n\n<p>O primeiro entrevistado \u00e9 Fernando Horta. A conversa na ter\u00e7a-feira ser\u00e1 com Laura Carvalho. <strong>Luiz Marinho<\/strong>, dia 10, \u00e0s 11h. Na quinta-feira, <strong>Renato Rovai<\/strong>, soci\u00f3logo. Na sexta-feira, Pedro Serrano, um intelectual.<\/p>\n\n\n\n<figure class=\"wp-block-image aligncenter size-full\"><img loading=\"lazy\" decoding=\"async\" width=\"800\" height=\"531\" src=\"https:\/\/renatodias.online\/movimento\/wp-content\/uploads\/2022\/05\/Renato-Rovai-1-e1683592709330.jpg\" alt=\"\" class=\"wp-image-12442\" srcset=\"https:\/\/renatodias.online\/movimento\/wp-content\/uploads\/2022\/05\/Renato-Rovai-1-e1683592709330.jpg 800w, https:\/\/renatodias.online\/movimento\/wp-content\/uploads\/2022\/05\/Renato-Rovai-1-e1683592709330-300x199.jpg 300w, https:\/\/renatodias.online\/movimento\/wp-content\/uploads\/2022\/05\/Renato-Rovai-1-e1683592709330-768x510.jpg 768w, https:\/\/renatodias.online\/movimento\/wp-content\/uploads\/2022\/05\/Renato-Rovai-1-e1683592709330-150x100.jpg 150w\" sizes=\"auto, (max-width: 800px) 100vw, 800px\" \/><figcaption class=\"wp-element-caption\"><mark style=\"background-color:rgba(0, 0, 0, 0)\" class=\"has-inline-color has-vivid-red-color\"><strong>O jornalista Renato Rovai<\/strong><\/mark><\/figcaption><\/figure>\n","protected":false},"excerpt":{"rendered":"<p>De segunda-feira \u00e0 sexta Com o carbon\u00e1rio Breno Altman Renato Dias O Opera Mundi, coordenado pelo jornalista Breno Altman [SP], apresenta um pacote de entrevistas especiais de segunda feira \u00e0 sexta, com dura\u00e7\u00e3o de 20 minutos, sempre \u00e0s 11h. Mais: com temas explosivos. Opera Mundi 20 minutos\u00a0 O primeiro entrevistado \u00e9 Fernando Horta. A conversa<\/p>\n","protected":false},"author":2,"featured_media":16690,"comment_status":"open","ping_status":"open","sticky":false,"template":"","format":"standard","meta":{"_acf_changed":false,"_monsterinsights_skip_tracking":false,"_monsterinsights_sitenote_active":false,"_monsterinsights_sitenote_note":"","_monsterinsights_sitenote_category":0,"footnotes":""},"categories":[57],"tags":[],"class_list":["post-16688","post","type-post","status-publish","format-standard","has-post-thumbnail","hentry","category-entrevista"],"acf":[],"yoast_head":"<!-- This site is optimized with the Yoast SEO plugin v27.4 - https:\/\/yoast.com\/product\/yoast-seo-wordpress\/ -->\n<title>Veja a agenda do Opera Mundi -<\/title>\n<meta name=\"robots\" content=\"index, follow, max-snippet:-1, max-image-preview:large, max-video-preview:-1\" \/>\n<link rel=\"canonical\" href=\"https:\/\/renatodias.online\/movimento\/2023\/05\/08\/veja-a-agenda-do-opera-mundi\/\" \/>\n<meta property=\"og:locale\" content=\"pt_BR\" \/>\n<meta property=\"og:type\" content=\"article\" \/>\n<meta property=\"og:title\" content=\"Veja a agenda do Opera Mundi -\" \/>\n<meta property=\"og:description\" content=\"De segunda-feira \u00e0 sexta Com o carbon\u00e1rio Breno Altman Renato Dias O Opera Mundi, coordenado pelo jornalista Breno Altman [SP], apresenta um pacote de entrevistas especiais de segunda feira \u00e0 sexta, com dura\u00e7\u00e3o de 20 minutos, sempre \u00e0s 11h. Mais: com temas explosivos. Opera Mundi 20 minutos\u00a0 O primeiro entrevistado \u00e9 Fernando Horta. A conversa\" \/>\n<meta property=\"og:url\" content=\"https:\/\/renatodias.online\/movimento\/2023\/05\/08\/veja-a-agenda-do-opera-mundi\/\" \/>\n<meta property=\"article:publisher\" content=\"https:\/\/www.facebook.com\/renato.dias.37\" \/>\n<meta property=\"article:author\" content=\"https:\/\/www.facebook.com\/renato.dias.37\" \/>\n<meta property=\"article:published_time\" content=\"2023-05-09T00:43:53+00:00\" \/>\n<meta property=\"article:modified_time\" content=\"2023-05-09T00:43:54+00:00\" \/>\n<meta property=\"og:image\" content=\"https:\/\/renatodias.online\/movimento\/wp-content\/uploads\/2023\/05\/Breno-Altman.jpg\" \/>\n\t<meta property=\"og:image:width\" content=\"800\" \/>\n\t<meta property=\"og:image:height\" content=\"531\" \/>\n\t<meta property=\"og:image:type\" content=\"image\/jpeg\" \/>\n<meta name=\"author\" content=\"Renato Dias\" \/>\n<meta name=\"twitter:card\" content=\"summary_large_image\" \/>\n<meta name=\"twitter:creator\" content=\"@RenatoDiasBat\" \/>\n<meta name=\"twitter:site\" content=\"@RenatoDiasBat\" \/>\n<meta name=\"twitter:label1\" content=\"Escrito por\" \/>\n\t<meta name=\"twitter:data1\" content=\"Renato Dias\" \/>\n\t<meta name=\"twitter:label2\" content=\"Est. tempo de leitura\" \/>\n\t<meta name=\"twitter:data2\" content=\"2 minutos\" \/>\n<script type=\"application\/ld+json\" class=\"yoast-schema-graph\">{\"@context\":\"https:\\\/\\\/schema.org\",\"@graph\":[{\"@type\":\"Article\",\"@id\":\"https:\\\/\\\/renatodias.online\\\/movimento\\\/2023\\\/05\\\/08\\\/veja-a-agenda-do-opera-mundi\\\/#article\",\"isPartOf\":{\"@id\":\"https:\\\/\\\/renatodias.online\\\/movimento\\\/2023\\\/05\\\/08\\\/veja-a-agenda-do-opera-mundi\\\/\"},\"author\":{\"name\":\"Renato Dias\",\"@id\":\"https:\\\/\\\/renatodias.online\\\/movimento\\\/#\\\/schema\\\/person\\\/bbab28833b1725a20f4083f49f1fb2a9\"},\"headline\":\"Veja a agenda do Opera Mundi\",\"datePublished\":\"2023-05-09T00:43:53+00:00\",\"dateModified\":\"2023-05-09T00:43:54+00:00\",\"mainEntityOfPage\":{\"@id\":\"https:\\\/\\\/renatodias.online\\\/movimento\\\/2023\\\/05\\\/08\\\/veja-a-agenda-do-opera-mundi\\\/\"},\"wordCount\":88,\"commentCount\":0,\"publisher\":{\"@id\":\"https:\\\/\\\/renatodias.online\\\/movimento\\\/#\\\/schema\\\/person\\\/bbab28833b1725a20f4083f49f1fb2a9\"},\"image\":{\"@id\":\"https:\\\/\\\/renatodias.online\\\/movimento\\\/2023\\\/05\\\/08\\\/veja-a-agenda-do-opera-mundi\\\/#primaryimage\"},\"thumbnailUrl\":\"https:\\\/\\\/renatodias.online\\\/movimento\\\/wp-content\\\/uploads\\\/2023\\\/05\\\/Breno-Altman.jpg\",\"articleSection\":[\"Entrevista\"],\"inLanguage\":\"pt-BR\",\"potentialAction\":[{\"@type\":\"CommentAction\",\"name\":\"Comment\",\"target\":[\"https:\\\/\\\/renatodias.online\\\/movimento\\\/2023\\\/05\\\/08\\\/veja-a-agenda-do-opera-mundi\\\/#respond\"]}]},{\"@type\":\"WebPage\",\"@id\":\"https:\\\/\\\/renatodias.online\\\/movimento\\\/2023\\\/05\\\/08\\\/veja-a-agenda-do-opera-mundi\\\/\",\"url\":\"https:\\\/\\\/renatodias.online\\\/movimento\\\/2023\\\/05\\\/08\\\/veja-a-agenda-do-opera-mundi\\\/\",\"name\":\"Veja a agenda do Opera Mundi -\",\"isPartOf\":{\"@id\":\"https:\\\/\\\/renatodias.online\\\/movimento\\\/#website\"},\"primaryImageOfPage\":{\"@id\":\"https:\\\/\\\/renatodias.online\\\/movimento\\\/2023\\\/05\\\/08\\\/veja-a-agenda-do-opera-mundi\\\/#primaryimage\"},\"image\":{\"@id\":\"https:\\\/\\\/renatodias.online\\\/movimento\\\/2023\\\/05\\\/08\\\/veja-a-agenda-do-opera-mundi\\\/#primaryimage\"},\"thumbnailUrl\":\"https:\\\/\\\/renatodias.online\\\/movimento\\\/wp-content\\\/uploads\\\/2023\\\/05\\\/Breno-Altman.jpg\",\"datePublished\":\"2023-05-09T00:43:53+00:00\",\"dateModified\":\"2023-05-09T00:43:54+00:00\",\"breadcrumb\":{\"@id\":\"https:\\\/\\\/renatodias.online\\\/movimento\\\/2023\\\/05\\\/08\\\/veja-a-agenda-do-opera-mundi\\\/#breadcrumb\"},\"inLanguage\":\"pt-BR\",\"potentialAction\":[{\"@type\":\"ReadAction\",\"target\":[\"https:\\\/\\\/renatodias.online\\\/movimento\\\/2023\\\/05\\\/08\\\/veja-a-agenda-do-opera-mundi\\\/\"]}]},{\"@type\":\"ImageObject\",\"inLanguage\":\"pt-BR\",\"@id\":\"https:\\\/\\\/renatodias.online\\\/movimento\\\/2023\\\/05\\\/08\\\/veja-a-agenda-do-opera-mundi\\\/#primaryimage\",\"url\":\"https:\\\/\\\/renatodias.online\\\/movimento\\\/wp-content\\\/uploads\\\/2023\\\/05\\\/Breno-Altman.jpg\",\"contentUrl\":\"https:\\\/\\\/renatodias.online\\\/movimento\\\/wp-content\\\/uploads\\\/2023\\\/05\\\/Breno-Altman.jpg\",\"width\":800,\"height\":531,\"caption\":\"Breno Altman\"},{\"@type\":\"BreadcrumbList\",\"@id\":\"https:\\\/\\\/renatodias.online\\\/movimento\\\/2023\\\/05\\\/08\\\/veja-a-agenda-do-opera-mundi\\\/#breadcrumb\",\"itemListElement\":[{\"@type\":\"ListItem\",\"position\":1,\"name\":\"In\u00edcio\",\"item\":\"https:\\\/\\\/renatodias.online\\\/movimento\\\/\"},{\"@type\":\"ListItem\",\"position\":2,\"name\":\"Veja a agenda do Opera Mundi\"}]},{\"@type\":\"WebSite\",\"@id\":\"https:\\\/\\\/renatodias.online\\\/movimento\\\/#website\",\"url\":\"https:\\\/\\\/renatodias.online\\\/movimento\\\/\",\"name\":\"\",\"description\":\"\",\"publisher\":{\"@id\":\"https:\\\/\\\/renatodias.online\\\/movimento\\\/#\\\/schema\\\/person\\\/bbab28833b1725a20f4083f49f1fb2a9\"},\"potentialAction\":[{\"@type\":\"SearchAction\",\"target\":{\"@type\":\"EntryPoint\",\"urlTemplate\":\"https:\\\/\\\/renatodias.online\\\/movimento\\\/?s={search_term_string}\"},\"query-input\":{\"@type\":\"PropertyValueSpecification\",\"valueRequired\":true,\"valueName\":\"search_term_string\"}}],\"inLanguage\":\"pt-BR\"},{\"@type\":[\"Person\",\"Organization\"],\"@id\":\"https:\\\/\\\/renatodias.online\\\/movimento\\\/#\\\/schema\\\/person\\\/bbab28833b1725a20f4083f49f1fb2a9\",\"name\":\"Renato Dias\",\"image\":{\"@type\":\"ImageObject\",\"inLanguage\":\"pt-BR\",\"@id\":\"https:\\\/\\\/renatodias.online\\\/movimento\\\/wp-content\\\/uploads\\\/2023\\\/03\\\/cropped-cropped-cropped-logofinal.jpeg\",\"url\":\"https:\\\/\\\/renatodias.online\\\/movimento\\\/wp-content\\\/uploads\\\/2023\\\/03\\\/cropped-cropped-cropped-logofinal.jpeg\",\"contentUrl\":\"https:\\\/\\\/renatodias.online\\\/movimento\\\/wp-content\\\/uploads\\\/2023\\\/03\\\/cropped-cropped-cropped-logofinal.jpeg\",\"width\":1280,\"height\":219,\"caption\":\"Renato Dias\"},\"logo\":{\"@id\":\"https:\\\/\\\/renatodias.online\\\/movimento\\\/wp-content\\\/uploads\\\/2023\\\/03\\\/cropped-cropped-cropped-logofinal.jpeg\"},\"description\":\"Renato Dias, 58 anos, \u00e9 graduado em Jornalismo, formado em Ci\u00eancias Sociais, com p\u00f3s-gradua\u00e7\u00e3o em Pol\u00edticas P\u00fablicas, mestre em Direito e Rela\u00e7\u00f5es Internacionais, ex-aluno extraordin\u00e1rio do Doutorado em Psicologia Social, ex-estudante do Curso de Psican\u00e1lise do Centro de Estudos Psicanal\u00edticos do Estado de Goi\u00e1s, ministrado pelo m\u00e9dico psiquiatra e psicanalista Daniel Em\u00eddio de Souza. \u00c9 autor de 30 livros-reportagem, oito document\u00e1rios, ganhou 30 pr\u00eamios e \u00e9 torcedor apaixonado do maior do Centro-Oeste, o Vila Nova Futebol Clube. Casado com Meirilane Dias, \u00e9 pai de Juliana Dias, jornalista; Daniel Dias, economista; e Maria Rosa Dias, estudante antifascista, socialista e trotskista.\u00a0Com tr\u00eas pets: Porquinho [Bull Dog Franc\u00eas], Dalila [Basset Hound] e Geleia [Basset Hound]. Al\u00e9m do eterno gato Tutuquinho, que virou estrela.\",\"sameAs\":[\"https:\\\/\\\/www.facebook.com\\\/renato.dias.37\",\"#breve\",\"https:\\\/\\\/renatodias.tumblr.com\\\/\"],\"url\":\"https:\\\/\\\/renatodias.online\\\/movimento\\\/author\\\/renatodias\\\/\"}]}<\/script>\n<!-- \/ Yoast SEO plugin. -->","yoast_head_json":{"title":"Veja a agenda do Opera Mundi -","robots":{"index":"index","follow":"follow","max-snippet":"max-snippet:-1","max-image-preview":"max-image-preview:large","max-video-preview":"max-video-preview:-1"},"canonical":"https:\/\/renatodias.online\/movimento\/2023\/05\/08\/veja-a-agenda-do-opera-mundi\/","og_locale":"pt_BR","og_type":"article","og_title":"Veja a agenda do Opera Mundi -","og_description":"De segunda-feira \u00e0 sexta Com o carbon\u00e1rio Breno Altman Renato Dias O Opera Mundi, coordenado pelo jornalista Breno Altman [SP], apresenta um pacote de entrevistas especiais de segunda feira \u00e0 sexta, com dura\u00e7\u00e3o de 20 minutos, sempre \u00e0s 11h. Mais: com temas explosivos. Opera Mundi 20 minutos\u00a0 O primeiro entrevistado \u00e9 Fernando Horta. A conversa","og_url":"https:\/\/renatodias.online\/movimento\/2023\/05\/08\/veja-a-agenda-do-opera-mundi\/","article_publisher":"https:\/\/www.facebook.com\/renato.dias.37","article_author":"https:\/\/www.facebook.com\/renato.dias.37","article_published_time":"2023-05-09T00:43:53+00:00","article_modified_time":"2023-05-09T00:43:54+00:00","og_image":[{"width":800,"height":531,"url":"https:\/\/renatodias.online\/movimento\/wp-content\/uploads\/2023\/05\/Breno-Altman.jpg","type":"image\/jpeg"}],"author":"Renato Dias","twitter_card":"summary_large_image","twitter_creator":"@RenatoDiasBat","twitter_site":"@RenatoDiasBat","twitter_misc":{"Escrito por":"Renato Dias","Est. tempo de leitura":"2 minutos"},"schema":{"@context":"https:\/\/schema.org","@graph":[{"@type":"Article","@id":"https:\/\/renatodias.online\/movimento\/2023\/05\/08\/veja-a-agenda-do-opera-mundi\/#article","isPartOf":{"@id":"https:\/\/renatodias.online\/movimento\/2023\/05\/08\/veja-a-agenda-do-opera-mundi\/"},"author":{"name":"Renato Dias","@id":"https:\/\/renatodias.online\/movimento\/#\/schema\/person\/bbab28833b1725a20f4083f49f1fb2a9"},"headline":"Veja a agenda do Opera Mundi","datePublished":"2023-05-09T00:43:53+00:00","dateModified":"2023-05-09T00:43:54+00:00","mainEntityOfPage":{"@id":"https:\/\/renatodias.online\/movimento\/2023\/05\/08\/veja-a-agenda-do-opera-mundi\/"},"wordCount":88,"commentCount":0,"publisher":{"@id":"https:\/\/renatodias.online\/movimento\/#\/schema\/person\/bbab28833b1725a20f4083f49f1fb2a9"},"image":{"@id":"https:\/\/renatodias.online\/movimento\/2023\/05\/08\/veja-a-agenda-do-opera-mundi\/#primaryimage"},"thumbnailUrl":"https:\/\/renatodias.online\/movimento\/wp-content\/uploads\/2023\/05\/Breno-Altman.jpg","articleSection":["Entrevista"],"inLanguage":"pt-BR","potentialAction":[{"@type":"CommentAction","name":"Comment","target":["https:\/\/renatodias.online\/movimento\/2023\/05\/08\/veja-a-agenda-do-opera-mundi\/#respond"]}]},{"@type":"WebPage","@id":"https:\/\/renatodias.online\/movimento\/2023\/05\/08\/veja-a-agenda-do-opera-mundi\/","url":"https:\/\/renatodias.online\/movimento\/2023\/05\/08\/veja-a-agenda-do-opera-mundi\/","name":"Veja a agenda do Opera Mundi -","isPartOf":{"@id":"https:\/\/renatodias.online\/movimento\/#website"},"primaryImageOfPage":{"@id":"https:\/\/renatodias.online\/movimento\/2023\/05\/08\/veja-a-agenda-do-opera-mundi\/#primaryimage"},"image":{"@id":"https:\/\/renatodias.online\/movimento\/2023\/05\/08\/veja-a-agenda-do-opera-mundi\/#primaryimage"},"thumbnailUrl":"https:\/\/renatodias.online\/movimento\/wp-content\/uploads\/2023\/05\/Breno-Altman.jpg","datePublished":"2023-05-09T00:43:53+00:00","dateModified":"2023-05-09T00:43:54+00:00","breadcrumb":{"@id":"https:\/\/renatodias.online\/movimento\/2023\/05\/08\/veja-a-agenda-do-opera-mundi\/#breadcrumb"},"inLanguage":"pt-BR","potentialAction":[{"@type":"ReadAction","target":["https:\/\/renatodias.online\/movimento\/2023\/05\/08\/veja-a-agenda-do-opera-mundi\/"]}]},{"@type":"ImageObject","inLanguage":"pt-BR","@id":"https:\/\/renatodias.online\/movimento\/2023\/05\/08\/veja-a-agenda-do-opera-mundi\/#primaryimage","url":"https:\/\/renatodias.online\/movimento\/wp-content\/uploads\/2023\/05\/Breno-Altman.jpg","contentUrl":"https:\/\/renatodias.online\/movimento\/wp-content\/uploads\/2023\/05\/Breno-Altman.jpg","width":800,"height":531,"caption":"Breno Altman"},{"@type":"BreadcrumbList","@id":"https:\/\/renatodias.online\/movimento\/2023\/05\/08\/veja-a-agenda-do-opera-mundi\/#breadcrumb","itemListElement":[{"@type":"ListItem","position":1,"name":"In\u00edcio","item":"https:\/\/renatodias.online\/movimento\/"},{"@type":"ListItem","position":2,"name":"Veja a agenda do Opera Mundi"}]},{"@type":"WebSite","@id":"https:\/\/renatodias.online\/movimento\/#website","url":"https:\/\/renatodias.online\/movimento\/","name":"","description":"","publisher":{"@id":"https:\/\/renatodias.online\/movimento\/#\/schema\/person\/bbab28833b1725a20f4083f49f1fb2a9"},"potentialAction":[{"@type":"SearchAction","target":{"@type":"EntryPoint","urlTemplate":"https:\/\/renatodias.online\/movimento\/?s={search_term_string}"},"query-input":{"@type":"PropertyValueSpecification","valueRequired":true,"valueName":"search_term_string"}}],"inLanguage":"pt-BR"},{"@type":["Person","Organization"],"@id":"https:\/\/renatodias.online\/movimento\/#\/schema\/person\/bbab28833b1725a20f4083f49f1fb2a9","name":"Renato Dias","image":{"@type":"ImageObject","inLanguage":"pt-BR","@id":"https:\/\/renatodias.online\/movimento\/wp-content\/uploads\/2023\/03\/cropped-cropped-cropped-logofinal.jpeg","url":"https:\/\/renatodias.online\/movimento\/wp-content\/uploads\/2023\/03\/cropped-cropped-cropped-logofinal.jpeg","contentUrl":"https:\/\/renatodias.online\/movimento\/wp-content\/uploads\/2023\/03\/cropped-cropped-cropped-logofinal.jpeg","width":1280,"height":219,"caption":"Renato Dias"},"logo":{"@id":"https:\/\/renatodias.online\/movimento\/wp-content\/uploads\/2023\/03\/cropped-cropped-cropped-logofinal.jpeg"},"description":"Renato Dias, 58 anos, \u00e9 graduado em Jornalismo, formado em Ci\u00eancias Sociais, com p\u00f3s-gradua\u00e7\u00e3o em Pol\u00edticas P\u00fablicas, mestre em Direito e Rela\u00e7\u00f5es Internacionais, ex-aluno extraordin\u00e1rio do Doutorado em Psicologia Social, ex-estudante do Curso de Psican\u00e1lise do Centro de Estudos Psicanal\u00edticos do Estado de Goi\u00e1s, ministrado pelo m\u00e9dico psiquiatra e psicanalista Daniel Em\u00eddio de Souza. \u00c9 autor de 30 livros-reportagem, oito document\u00e1rios, ganhou 30 pr\u00eamios e \u00e9 torcedor apaixonado do maior do Centro-Oeste, o Vila Nova Futebol Clube. Casado com Meirilane Dias, \u00e9 pai de Juliana Dias, jornalista; Daniel Dias, economista; e Maria Rosa Dias, estudante antifascista, socialista e trotskista.\u00a0Com tr\u00eas pets: Porquinho [Bull Dog Franc\u00eas], Dalila [Basset Hound] e Geleia [Basset Hound]. Al\u00e9m do eterno gato Tutuquinho, que virou estrela.","sameAs":["https:\/\/www.facebook.com\/renato.dias.37","#breve","https:\/\/renatodias.tumblr.com\/"],"url":"https:\/\/renatodias.online\/movimento\/author\/renatodias\/"}]}},"_links":{"self":[{"href":"https:\/\/renatodias.online\/movimento\/wp-json\/wp\/v2\/posts\/16688","targetHints":{"allow":["GET"]}}],"collection":[{"href":"https:\/\/renatodias.online\/movimento\/wp-json\/wp\/v2\/posts"}],"about":[{"href":"https:\/\/renatodias.online\/movimento\/wp-json\/wp\/v2\/types\/post"}],"author":[{"embeddable":true,"href":"https:\/\/renatodias.online\/movimento\/wp-json\/wp\/v2\/users\/2"}],"replies":[{"embeddable":true,"href":"https:\/\/renatodias.online\/movimento\/wp-json\/wp\/v2\/comments?post=16688"}],"version-history":[{"count":1,"href":"https:\/\/renatodias.online\/movimento\/wp-json\/wp\/v2\/posts\/16688\/revisions"}],"predecessor-version":[{"id":16691,"href":"https:\/\/renatodias.online\/movimento\/wp-json\/wp\/v2\/posts\/16688\/revisions\/16691"}],"wp:featuredmedia":[{"embeddable":true,"href":"https:\/\/renatodias.online\/movimento\/wp-json\/wp\/v2\/media\/16690"}],"wp:attachment":[{"href":"https:\/\/renatodias.online\/movimento\/wp-json\/wp\/v2\/media?parent=16688"}],"wp:term":[{"taxonomy":"category","embeddable":true,"href":"https:\/\/renatodias.online\/movimento\/wp-json\/wp\/v2\/categories?post=16688"},{"taxonomy":"post_tag","embeddable":true,"href":"https:\/\/renatodias.online\/movimento\/wp-json\/wp\/v2\/tags?post=16688"}],"curies":[{"name":"wp","href":"https:\/\/api.w.org\/{rel}","templated":true}]}}