{"id":16597,"date":"2023-05-01T00:15:50","date_gmt":"2023-05-01T03:15:50","guid":{"rendered":"https:\/\/renatodias.online\/movimento\/?p=16597"},"modified":"2023-05-01T00:15:51","modified_gmt":"2023-05-01T03:15:51","slug":"euler-ivo-historia-real-do-sertao-baiano","status":"publish","type":"post","link":"https:\/\/renatodias.online\/movimento\/2023\/05\/01\/euler-ivo-historia-real-do-sertao-baiano\/","title":{"rendered":"<strong>Euler Ivo: hist\u00f3ria real do sert\u00e3o baiano<\/strong>"},"content":{"rendered":"\n<p class=\"has-text-align-center\"><strong><mark style=\"background-color:rgba(0, 0, 0, 0)\" class=\"has-inline-color has-vivid-red-color\">A aranha caranguejeira<\/mark><\/strong><\/p>\n\n\n\n<figure class=\"wp-block-image aligncenter size-full\"><img loading=\"lazy\" decoding=\"async\" width=\"506\" height=\"457\" src=\"https:\/\/renatodias.online\/movimento\/wp-content\/uploads\/2023\/05\/Aranha.jpg\" alt=\"\" class=\"wp-image-16598\" srcset=\"https:\/\/renatodias.online\/movimento\/wp-content\/uploads\/2023\/05\/Aranha.jpg 506w, https:\/\/renatodias.online\/movimento\/wp-content\/uploads\/2023\/05\/Aranha-300x271.jpg 300w, https:\/\/renatodias.online\/movimento\/wp-content\/uploads\/2023\/05\/Aranha-150x135.jpg 150w\" sizes=\"auto, (max-width: 506px) 100vw, 506px\" \/><\/figure>\n\n\n\n<p class=\"has-text-align-center\"><strong><mark style=\"background-color:rgba(0, 0, 0, 0)\" class=\"has-inline-color has-vivid-red-color\">Uma saga dos comunistas<\/mark><\/strong><\/p>\n\n\n\n<p>Numa certa noite, depois do jantar solit\u00e1rio, estava sentado na cadeira que eu mesmo havia feito. Sobre a mesa Ho Chi Ming, estavam os meus livros, onde estudava distra\u00eddo. Naquele momento usava bermuda e sand\u00e1lia havaiana. Era noite e tudo estava escuro. Como minha casa n\u00e3o tinha energia el\u00e9trica, a minha luz era de uma \u00fanica lamparina ali ao lado dos livros.\u00a0 Minha casa n\u00e3o era rebocada, nem pintada. Os tijolos eram de adobe \u00e0 vista e tinham a cor avermelhada da terra. Se fossem brancos ou claros, haveria mais luminosidade. Verdade que eu poderia ter pintado minha casa de cal branco. Mas o fato \u00e9 que isso n\u00e3o aconteceu, mas a cor vermelha das paredes tornava o ambiente mais escuro. Havia alguns buracos na parede na jun\u00e7\u00e3o dos adobes. A luz de lamparina sobre a mesa, projetava a sombra daquela mesa r\u00fastica no ch\u00e3o do quarto, fazendo-o ficar ainda mais escuro. Ent\u00e3o eu estava ali distra\u00eddo, lendo meu livro com os p\u00e9s debaixo da mesa, cal\u00e7ado de sand\u00e1lia havaiana. Foi quando senti uma coisa estranha subindo no meu p\u00e9 direito. Era uma coisa grande. Seria uma aranha caranguejeira? Se fosse, era perigoso, porque meus p\u00e9s estavam nus e conforme sabemos, a caranguejeira tem as presas venenosas voltadas para baixo. Se ela estava sobre meu p\u00e9, qualquer movimento errado poderia lev\u00e1-la a me picar.\u00a0<\/p>\n\n\n\n<figure class=\"wp-block-image aligncenter size-full\"><img loading=\"lazy\" decoding=\"async\" width=\"300\" height=\"103\" src=\"https:\/\/renatodias.online\/movimento\/wp-content\/uploads\/2022\/08\/Saiba-mais-e1680139445250.png\" alt=\"\" class=\"wp-image-13698\" srcset=\"https:\/\/renatodias.online\/movimento\/wp-content\/uploads\/2022\/08\/Saiba-mais-e1680139445250.png 300w, https:\/\/renatodias.online\/movimento\/wp-content\/uploads\/2022\/08\/Saiba-mais-e1680139445250-150x52.png 150w\" sizes=\"auto, (max-width: 300px) 100vw, 300px\" \/><\/figure>\n\n\n\n<p>Todos esses pensamentos vieram ao mesmo tempo, simultaneamente, antes mesmo de verificar do que se tratava. Ent\u00e3o, fiquei absolutamente imobilizado, evitando movimentar aquele p\u00e9 e continuando a sentir por cima dele, aquela coisa que se movimentava de vez em quando, e que eu julgava ser uma aranha caranguejeira. Mantive-o im\u00f3vel e calmamente apanhei a lamparina e fui iluminar o que estava acontecendo. Realmente era uma enorme caranguejeira, peluda e preta que, com a sombra da lamparina, ficou ainda maior. Ela era enorme. Parte de suas patas estavam sobre o meu p\u00e9. Outra parte no ch\u00e3o. Come\u00e7ou a subir nele e ficou ali quieta. Creio que o calor da pele deve t\u00ea-la\u00a0agradado. Com muito controle emocional sobre a perna, me preparei bem para retirar o p\u00e9 de um s\u00f3 golpe. Quando vi que era poss\u00edvel, retirei os p\u00e9s bruscamente para os lados para n\u00e3o levar picada. E ela correu. Correu e parou mais na frente.<\/p>\n\n\n\n<figure class=\"wp-block-image aligncenter size-full\"><img decoding=\"async\" src=\"https:\/\/renatodias.online\/movimento\/wp-content\/uploads\/2022\/08\/Raio-X-especial-e1680139645191.png\" alt=\"\" class=\"wp-image-13781\"\/><\/figure>\n\n\n\n<p>Ent\u00e3o fui l\u00e1 fora, peguei um peda\u00e7o de pau e voltei para tentar peg\u00e1-la, tentar mat\u00e1-la. Ela j\u00e1 estava subindo na parede, a dois metros do ch\u00e3o. Mesmo assim tentei mat\u00e1-la. N\u00e3o consegui. Mas arranquei-lhe uma grande pata. Ela terminou de subir pela parede, bem no canto onde ficava minha cama e sumiu. Parecia que tinha passado por cima da parede e ido l\u00e1 para a parte de fora da casa. Fui do lado de fora iluminando a parede, iluminando o ch\u00e3o e n\u00e3o mais a encontrei. Voltei para dentro e n\u00e3o a encontrei. E agora? Como dormir com aquela aranha por ali? A aranha era realmente muito grande! Com as pernas abertas tinha uns 12 cent\u00edmetros ou mais. Muito cansado, resisti o que pude, evitando adormecer. Temia que se deitasse a aranha poderia voltar e vir na minha cama. Mas por fim dormi sentado na cadeira, fora da cama. Duas noites depois, eis que a aranha caranguejeira faltando uma pata aparece de novo descendo pela parede. Como era muito grande, queria mat\u00e1-la sem esmag\u00e1-la. Pensei em fazer dela um quadro para decorar a parede de minha sala. Afinal, minha casa n\u00e3o tinha um \u00fanico quadro. Uma caranguejeira aparentando estar viva seria bom.<\/p>\n\n\n\n<figure class=\"wp-block-embed is-type-video is-provider-youtube wp-block-embed-youtube wp-embed-aspect-16-9 wp-has-aspect-ratio\"><div class=\"wp-block-embed__wrapper\">\n<iframe loading=\"lazy\" title=\"Himno La Internacional   versi\u00f3n latinoamericana y caribe\u00f1a de CLATE 720p\" width=\"960\" height=\"540\" src=\"https:\/\/www.youtube.com\/embed\/-FRmSwhjM3g?feature=oembed\" frameborder=\"0\" allow=\"accelerometer; autoplay; clipboard-write; encrypted-media; gyroscope; picture-in-picture; web-share\" referrerpolicy=\"strict-origin-when-cross-origin\" allowfullscreen><\/iframe>\n<\/div><\/figure>\n\n\n\n<p>Para esse intento, me veio uma ideia na hora. Levantei-me, deixei-a na parede, sa\u00ed de fininho, botei um litro de \u00e1gua para ferver no pequeno fogareiro a g\u00e1s. Fui l\u00e1 fora, cortei uma forquilha da goiabeira. Eu sabia que as caranguejeiras n\u00e3o correm r\u00e1pido. Ao contr\u00e1rio, avan\u00e7am na marcha e ficam im\u00f3veis. Depois avan\u00e7am novamente e voltar a ficar im\u00f3veis. Por isso sabia que ela estava l\u00e1 na parede e ainda que descesse, estaria por ali. Ent\u00e3o, com a \u00e1gua fervendo e a forquilha, a persegui, at\u00e9 consegui prender sua cabe\u00e7a com aquela forquilha, prensando-a contra o ch\u00e3o. Ent\u00e3o, devagar fui despejando lentamente a \u00e1gua fervente na cabe\u00e7a da aranha at\u00e9 mat\u00e1-la sem esmag\u00e1-la. Ent\u00e3o, no outro dia, voltei ao terreiro, cortei um grande espinho de laranjeira, e a espetei, fixando-a num bom peda\u00e7o de papel\u00e3o. Com calma e aten\u00e7\u00e3o movimentei suas patas para ficarem\u00a0abertas e bem esticadas, dava uns 15 cm de di\u00e2metro, numa posi\u00e7\u00e3o como se estivesse viva. Aquele papel\u00e3o com a aranha espetada, virou o quadro da minha sala. A aranha era desmesuradamente grande e estava perfeita. At\u00e9 a pata faltante eu a coloquei de volta, parecendo estar emendada no corpo. Ficou perfeita. Com o tempo ela secou. Uma arte m\u00f3rbida.<\/p>\n\n\n\n<figure class=\"wp-block-image aligncenter size-full\"><img decoding=\"async\" src=\"https:\/\/renatodias.online\/movimento\/wp-content\/uploads\/2022\/05\/Trechos-do-livro.jpg\" alt=\"\" class=\"wp-image-12490\"\/><\/figure>\n\n\n\n<p class=\"has-text-align-center\"><strong><mark style=\"background-color:rgba(0, 0, 0, 0)\" class=\"has-inline-color has-vivid-red-color\">Extra\u00eddo do livro A Saga Comunista de Euler Ivo e Isaura Lemos<\/mark><\/strong><\/p>\n","protected":false},"excerpt":{"rendered":"<p>A aranha caranguejeira Uma saga dos comunistas Numa certa noite, depois do jantar solit\u00e1rio, estava sentado na cadeira que eu mesmo havia feito. Sobre a mesa Ho Chi Ming, estavam os meus livros, onde estudava distra\u00eddo. Naquele momento usava bermuda e sand\u00e1lia havaiana. Era noite e tudo estava escuro. Como minha casa n\u00e3o tinha energia<\/p>\n","protected":false},"author":2,"featured_media":11709,"comment_status":"open","ping_status":"open","sticky":false,"template":"","format":"standard","meta":{"_acf_changed":false,"_monsterinsights_skip_tracking":false,"_monsterinsights_sitenote_active":false,"_monsterinsights_sitenote_note":"","_monsterinsights_sitenote_category":0,"footnotes":""},"categories":[4],"tags":[],"class_list":["post-16597","post","type-post","status-publish","format-standard","has-post-thumbnail","hentry","category-politica"],"acf":[],"yoast_head":"<!-- This site is optimized with the Yoast SEO plugin v27.4 - https:\/\/yoast.com\/product\/yoast-seo-wordpress\/ -->\n<title>Euler Ivo: hist\u00f3ria real do sert\u00e3o baiano -<\/title>\n<meta name=\"robots\" content=\"index, follow, max-snippet:-1, max-image-preview:large, max-video-preview:-1\" \/>\n<link rel=\"canonical\" href=\"https:\/\/renatodias.online\/movimento\/2023\/05\/01\/euler-ivo-historia-real-do-sertao-baiano\/\" \/>\n<meta property=\"og:locale\" content=\"pt_BR\" \/>\n<meta property=\"og:type\" content=\"article\" \/>\n<meta property=\"og:title\" content=\"Euler Ivo: hist\u00f3ria real do sert\u00e3o baiano -\" \/>\n<meta property=\"og:description\" content=\"A aranha caranguejeira Uma saga dos comunistas Numa certa noite, depois do jantar solit\u00e1rio, estava sentado na cadeira que eu mesmo havia feito. Sobre a mesa Ho Chi Ming, estavam os meus livros, onde estudava distra\u00eddo. Naquele momento usava bermuda e sand\u00e1lia havaiana. Era noite e tudo estava escuro. Como minha casa n\u00e3o tinha energia\" \/>\n<meta property=\"og:url\" content=\"https:\/\/renatodias.online\/movimento\/2023\/05\/01\/euler-ivo-historia-real-do-sertao-baiano\/\" \/>\n<meta property=\"article:publisher\" content=\"https:\/\/www.facebook.com\/renato.dias.37\" \/>\n<meta property=\"article:author\" content=\"https:\/\/www.facebook.com\/renato.dias.37\" \/>\n<meta property=\"article:published_time\" content=\"2023-05-01T03:15:50+00:00\" \/>\n<meta property=\"article:modified_time\" content=\"2023-05-01T03:15:51+00:00\" \/>\n<meta property=\"og:image\" content=\"https:\/\/renatodias.online\/movimento\/wp-content\/uploads\/2022\/04\/Sessao-Especial-Euler-Ivo-1-e1680349281558.jpg\" \/>\n\t<meta property=\"og:image:width\" content=\"798\" \/>\n\t<meta property=\"og:image:height\" content=\"533\" \/>\n\t<meta property=\"og:image:type\" content=\"image\/jpeg\" \/>\n<meta name=\"author\" content=\"Renato Dias\" \/>\n<meta name=\"twitter:card\" content=\"summary_large_image\" \/>\n<meta name=\"twitter:creator\" content=\"@RenatoDiasBat\" \/>\n<meta name=\"twitter:site\" content=\"@RenatoDiasBat\" \/>\n<meta name=\"twitter:label1\" content=\"Escrito por\" \/>\n\t<meta name=\"twitter:data1\" content=\"Renato Dias\" \/>\n\t<meta name=\"twitter:label2\" content=\"Est. tempo de leitura\" \/>\n\t<meta name=\"twitter:data2\" content=\"6 minutos\" \/>\n<script type=\"application\/ld+json\" class=\"yoast-schema-graph\">{\"@context\":\"https:\\\/\\\/schema.org\",\"@graph\":[{\"@type\":\"Article\",\"@id\":\"https:\\\/\\\/renatodias.online\\\/movimento\\\/2023\\\/05\\\/01\\\/euler-ivo-historia-real-do-sertao-baiano\\\/#article\",\"isPartOf\":{\"@id\":\"https:\\\/\\\/renatodias.online\\\/movimento\\\/2023\\\/05\\\/01\\\/euler-ivo-historia-real-do-sertao-baiano\\\/\"},\"author\":{\"name\":\"Renato Dias\",\"@id\":\"https:\\\/\\\/renatodias.online\\\/movimento\\\/#\\\/schema\\\/person\\\/bbab28833b1725a20f4083f49f1fb2a9\"},\"headline\":\"Euler Ivo: hist\u00f3ria real do sert\u00e3o baiano\",\"datePublished\":\"2023-05-01T03:15:50+00:00\",\"dateModified\":\"2023-05-01T03:15:51+00:00\",\"mainEntityOfPage\":{\"@id\":\"https:\\\/\\\/renatodias.online\\\/movimento\\\/2023\\\/05\\\/01\\\/euler-ivo-historia-real-do-sertao-baiano\\\/\"},\"wordCount\":882,\"commentCount\":0,\"publisher\":{\"@id\":\"https:\\\/\\\/renatodias.online\\\/movimento\\\/#\\\/schema\\\/person\\\/bbab28833b1725a20f4083f49f1fb2a9\"},\"image\":{\"@id\":\"https:\\\/\\\/renatodias.online\\\/movimento\\\/2023\\\/05\\\/01\\\/euler-ivo-historia-real-do-sertao-baiano\\\/#primaryimage\"},\"thumbnailUrl\":\"https:\\\/\\\/renatodias.online\\\/movimento\\\/wp-content\\\/uploads\\\/2022\\\/04\\\/Sessao-Especial-Euler-Ivo-1-e1694391336516.jpg\",\"articleSection\":[\"Pol\u00edtica\"],\"inLanguage\":\"pt-BR\",\"potentialAction\":[{\"@type\":\"CommentAction\",\"name\":\"Comment\",\"target\":[\"https:\\\/\\\/renatodias.online\\\/movimento\\\/2023\\\/05\\\/01\\\/euler-ivo-historia-real-do-sertao-baiano\\\/#respond\"]}]},{\"@type\":\"WebPage\",\"@id\":\"https:\\\/\\\/renatodias.online\\\/movimento\\\/2023\\\/05\\\/01\\\/euler-ivo-historia-real-do-sertao-baiano\\\/\",\"url\":\"https:\\\/\\\/renatodias.online\\\/movimento\\\/2023\\\/05\\\/01\\\/euler-ivo-historia-real-do-sertao-baiano\\\/\",\"name\":\"Euler Ivo: hist\u00f3ria real do sert\u00e3o baiano -\",\"isPartOf\":{\"@id\":\"https:\\\/\\\/renatodias.online\\\/movimento\\\/#website\"},\"primaryImageOfPage\":{\"@id\":\"https:\\\/\\\/renatodias.online\\\/movimento\\\/2023\\\/05\\\/01\\\/euler-ivo-historia-real-do-sertao-baiano\\\/#primaryimage\"},\"image\":{\"@id\":\"https:\\\/\\\/renatodias.online\\\/movimento\\\/2023\\\/05\\\/01\\\/euler-ivo-historia-real-do-sertao-baiano\\\/#primaryimage\"},\"thumbnailUrl\":\"https:\\\/\\\/renatodias.online\\\/movimento\\\/wp-content\\\/uploads\\\/2022\\\/04\\\/Sessao-Especial-Euler-Ivo-1-e1694391336516.jpg\",\"datePublished\":\"2023-05-01T03:15:50+00:00\",\"dateModified\":\"2023-05-01T03:15:51+00:00\",\"breadcrumb\":{\"@id\":\"https:\\\/\\\/renatodias.online\\\/movimento\\\/2023\\\/05\\\/01\\\/euler-ivo-historia-real-do-sertao-baiano\\\/#breadcrumb\"},\"inLanguage\":\"pt-BR\",\"potentialAction\":[{\"@type\":\"ReadAction\",\"target\":[\"https:\\\/\\\/renatodias.online\\\/movimento\\\/2023\\\/05\\\/01\\\/euler-ivo-historia-real-do-sertao-baiano\\\/\"]}]},{\"@type\":\"ImageObject\",\"inLanguage\":\"pt-BR\",\"@id\":\"https:\\\/\\\/renatodias.online\\\/movimento\\\/2023\\\/05\\\/01\\\/euler-ivo-historia-real-do-sertao-baiano\\\/#primaryimage\",\"url\":\"https:\\\/\\\/renatodias.online\\\/movimento\\\/wp-content\\\/uploads\\\/2022\\\/04\\\/Sessao-Especial-Euler-Ivo-1-e1694391336516.jpg\",\"contentUrl\":\"https:\\\/\\\/renatodias.online\\\/movimento\\\/wp-content\\\/uploads\\\/2022\\\/04\\\/Sessao-Especial-Euler-Ivo-1-e1694391336516.jpg\",\"width\":400,\"height\":267,\"caption\":\"Euler Ivo Vieira discursa\"},{\"@type\":\"BreadcrumbList\",\"@id\":\"https:\\\/\\\/renatodias.online\\\/movimento\\\/2023\\\/05\\\/01\\\/euler-ivo-historia-real-do-sertao-baiano\\\/#breadcrumb\",\"itemListElement\":[{\"@type\":\"ListItem\",\"position\":1,\"name\":\"In\u00edcio\",\"item\":\"https:\\\/\\\/renatodias.online\\\/movimento\\\/\"},{\"@type\":\"ListItem\",\"position\":2,\"name\":\"Euler Ivo: hist\u00f3ria real do sert\u00e3o baiano\"}]},{\"@type\":\"WebSite\",\"@id\":\"https:\\\/\\\/renatodias.online\\\/movimento\\\/#website\",\"url\":\"https:\\\/\\\/renatodias.online\\\/movimento\\\/\",\"name\":\"\",\"description\":\"\",\"publisher\":{\"@id\":\"https:\\\/\\\/renatodias.online\\\/movimento\\\/#\\\/schema\\\/person\\\/bbab28833b1725a20f4083f49f1fb2a9\"},\"potentialAction\":[{\"@type\":\"SearchAction\",\"target\":{\"@type\":\"EntryPoint\",\"urlTemplate\":\"https:\\\/\\\/renatodias.online\\\/movimento\\\/?s={search_term_string}\"},\"query-input\":{\"@type\":\"PropertyValueSpecification\",\"valueRequired\":true,\"valueName\":\"search_term_string\"}}],\"inLanguage\":\"pt-BR\"},{\"@type\":[\"Person\",\"Organization\"],\"@id\":\"https:\\\/\\\/renatodias.online\\\/movimento\\\/#\\\/schema\\\/person\\\/bbab28833b1725a20f4083f49f1fb2a9\",\"name\":\"Renato Dias\",\"image\":{\"@type\":\"ImageObject\",\"inLanguage\":\"pt-BR\",\"@id\":\"https:\\\/\\\/renatodias.online\\\/movimento\\\/wp-content\\\/uploads\\\/2023\\\/03\\\/cropped-cropped-cropped-logofinal.jpeg\",\"url\":\"https:\\\/\\\/renatodias.online\\\/movimento\\\/wp-content\\\/uploads\\\/2023\\\/03\\\/cropped-cropped-cropped-logofinal.jpeg\",\"contentUrl\":\"https:\\\/\\\/renatodias.online\\\/movimento\\\/wp-content\\\/uploads\\\/2023\\\/03\\\/cropped-cropped-cropped-logofinal.jpeg\",\"width\":1280,\"height\":219,\"caption\":\"Renato Dias\"},\"logo\":{\"@id\":\"https:\\\/\\\/renatodias.online\\\/movimento\\\/wp-content\\\/uploads\\\/2023\\\/03\\\/cropped-cropped-cropped-logofinal.jpeg\"},\"description\":\"Renato Dias, 58 anos, \u00e9 graduado em Jornalismo, formado em Ci\u00eancias Sociais, com p\u00f3s-gradua\u00e7\u00e3o em Pol\u00edticas P\u00fablicas, mestre em Direito e Rela\u00e7\u00f5es Internacionais, ex-aluno extraordin\u00e1rio do Doutorado em Psicologia Social, ex-estudante do Curso de Psican\u00e1lise do Centro de Estudos Psicanal\u00edticos do Estado de Goi\u00e1s, ministrado pelo m\u00e9dico psiquiatra e psicanalista Daniel Em\u00eddio de Souza. \u00c9 autor de 30 livros-reportagem, oito document\u00e1rios, ganhou 30 pr\u00eamios e \u00e9 torcedor apaixonado do maior do Centro-Oeste, o Vila Nova Futebol Clube. Casado com Meirilane Dias, \u00e9 pai de Juliana Dias, jornalista; Daniel Dias, economista; e Maria Rosa Dias, estudante antifascista, socialista e trotskista.\u00a0Com tr\u00eas pets: Porquinho [Bull Dog Franc\u00eas], Dalila [Basset Hound] e Geleia [Basset Hound]. Al\u00e9m do eterno gato Tutuquinho, que virou estrela.\",\"sameAs\":[\"https:\\\/\\\/www.facebook.com\\\/renato.dias.37\",\"#breve\",\"https:\\\/\\\/renatodias.tumblr.com\\\/\"],\"url\":\"https:\\\/\\\/renatodias.online\\\/movimento\\\/author\\\/renatodias\\\/\"}]}<\/script>\n<!-- \/ Yoast SEO plugin. -->","yoast_head_json":{"title":"Euler Ivo: hist\u00f3ria real do sert\u00e3o baiano -","robots":{"index":"index","follow":"follow","max-snippet":"max-snippet:-1","max-image-preview":"max-image-preview:large","max-video-preview":"max-video-preview:-1"},"canonical":"https:\/\/renatodias.online\/movimento\/2023\/05\/01\/euler-ivo-historia-real-do-sertao-baiano\/","og_locale":"pt_BR","og_type":"article","og_title":"Euler Ivo: hist\u00f3ria real do sert\u00e3o baiano -","og_description":"A aranha caranguejeira Uma saga dos comunistas Numa certa noite, depois do jantar solit\u00e1rio, estava sentado na cadeira que eu mesmo havia feito. Sobre a mesa Ho Chi Ming, estavam os meus livros, onde estudava distra\u00eddo. Naquele momento usava bermuda e sand\u00e1lia havaiana. Era noite e tudo estava escuro. Como minha casa n\u00e3o tinha energia","og_url":"https:\/\/renatodias.online\/movimento\/2023\/05\/01\/euler-ivo-historia-real-do-sertao-baiano\/","article_publisher":"https:\/\/www.facebook.com\/renato.dias.37","article_author":"https:\/\/www.facebook.com\/renato.dias.37","article_published_time":"2023-05-01T03:15:50+00:00","article_modified_time":"2023-05-01T03:15:51+00:00","og_image":[{"width":798,"height":533,"url":"https:\/\/renatodias.online\/movimento\/wp-content\/uploads\/2022\/04\/Sessao-Especial-Euler-Ivo-1-e1680349281558.jpg","type":"image\/jpeg"}],"author":"Renato Dias","twitter_card":"summary_large_image","twitter_creator":"@RenatoDiasBat","twitter_site":"@RenatoDiasBat","twitter_misc":{"Escrito por":"Renato Dias","Est. tempo de leitura":"6 minutos"},"schema":{"@context":"https:\/\/schema.org","@graph":[{"@type":"Article","@id":"https:\/\/renatodias.online\/movimento\/2023\/05\/01\/euler-ivo-historia-real-do-sertao-baiano\/#article","isPartOf":{"@id":"https:\/\/renatodias.online\/movimento\/2023\/05\/01\/euler-ivo-historia-real-do-sertao-baiano\/"},"author":{"name":"Renato Dias","@id":"https:\/\/renatodias.online\/movimento\/#\/schema\/person\/bbab28833b1725a20f4083f49f1fb2a9"},"headline":"Euler Ivo: hist\u00f3ria real do sert\u00e3o baiano","datePublished":"2023-05-01T03:15:50+00:00","dateModified":"2023-05-01T03:15:51+00:00","mainEntityOfPage":{"@id":"https:\/\/renatodias.online\/movimento\/2023\/05\/01\/euler-ivo-historia-real-do-sertao-baiano\/"},"wordCount":882,"commentCount":0,"publisher":{"@id":"https:\/\/renatodias.online\/movimento\/#\/schema\/person\/bbab28833b1725a20f4083f49f1fb2a9"},"image":{"@id":"https:\/\/renatodias.online\/movimento\/2023\/05\/01\/euler-ivo-historia-real-do-sertao-baiano\/#primaryimage"},"thumbnailUrl":"https:\/\/renatodias.online\/movimento\/wp-content\/uploads\/2022\/04\/Sessao-Especial-Euler-Ivo-1-e1694391336516.jpg","articleSection":["Pol\u00edtica"],"inLanguage":"pt-BR","potentialAction":[{"@type":"CommentAction","name":"Comment","target":["https:\/\/renatodias.online\/movimento\/2023\/05\/01\/euler-ivo-historia-real-do-sertao-baiano\/#respond"]}]},{"@type":"WebPage","@id":"https:\/\/renatodias.online\/movimento\/2023\/05\/01\/euler-ivo-historia-real-do-sertao-baiano\/","url":"https:\/\/renatodias.online\/movimento\/2023\/05\/01\/euler-ivo-historia-real-do-sertao-baiano\/","name":"Euler Ivo: hist\u00f3ria real do sert\u00e3o baiano -","isPartOf":{"@id":"https:\/\/renatodias.online\/movimento\/#website"},"primaryImageOfPage":{"@id":"https:\/\/renatodias.online\/movimento\/2023\/05\/01\/euler-ivo-historia-real-do-sertao-baiano\/#primaryimage"},"image":{"@id":"https:\/\/renatodias.online\/movimento\/2023\/05\/01\/euler-ivo-historia-real-do-sertao-baiano\/#primaryimage"},"thumbnailUrl":"https:\/\/renatodias.online\/movimento\/wp-content\/uploads\/2022\/04\/Sessao-Especial-Euler-Ivo-1-e1694391336516.jpg","datePublished":"2023-05-01T03:15:50+00:00","dateModified":"2023-05-01T03:15:51+00:00","breadcrumb":{"@id":"https:\/\/renatodias.online\/movimento\/2023\/05\/01\/euler-ivo-historia-real-do-sertao-baiano\/#breadcrumb"},"inLanguage":"pt-BR","potentialAction":[{"@type":"ReadAction","target":["https:\/\/renatodias.online\/movimento\/2023\/05\/01\/euler-ivo-historia-real-do-sertao-baiano\/"]}]},{"@type":"ImageObject","inLanguage":"pt-BR","@id":"https:\/\/renatodias.online\/movimento\/2023\/05\/01\/euler-ivo-historia-real-do-sertao-baiano\/#primaryimage","url":"https:\/\/renatodias.online\/movimento\/wp-content\/uploads\/2022\/04\/Sessao-Especial-Euler-Ivo-1-e1694391336516.jpg","contentUrl":"https:\/\/renatodias.online\/movimento\/wp-content\/uploads\/2022\/04\/Sessao-Especial-Euler-Ivo-1-e1694391336516.jpg","width":400,"height":267,"caption":"Euler Ivo Vieira discursa"},{"@type":"BreadcrumbList","@id":"https:\/\/renatodias.online\/movimento\/2023\/05\/01\/euler-ivo-historia-real-do-sertao-baiano\/#breadcrumb","itemListElement":[{"@type":"ListItem","position":1,"name":"In\u00edcio","item":"https:\/\/renatodias.online\/movimento\/"},{"@type":"ListItem","position":2,"name":"Euler Ivo: hist\u00f3ria real do sert\u00e3o baiano"}]},{"@type":"WebSite","@id":"https:\/\/renatodias.online\/movimento\/#website","url":"https:\/\/renatodias.online\/movimento\/","name":"","description":"","publisher":{"@id":"https:\/\/renatodias.online\/movimento\/#\/schema\/person\/bbab28833b1725a20f4083f49f1fb2a9"},"potentialAction":[{"@type":"SearchAction","target":{"@type":"EntryPoint","urlTemplate":"https:\/\/renatodias.online\/movimento\/?s={search_term_string}"},"query-input":{"@type":"PropertyValueSpecification","valueRequired":true,"valueName":"search_term_string"}}],"inLanguage":"pt-BR"},{"@type":["Person","Organization"],"@id":"https:\/\/renatodias.online\/movimento\/#\/schema\/person\/bbab28833b1725a20f4083f49f1fb2a9","name":"Renato Dias","image":{"@type":"ImageObject","inLanguage":"pt-BR","@id":"https:\/\/renatodias.online\/movimento\/wp-content\/uploads\/2023\/03\/cropped-cropped-cropped-logofinal.jpeg","url":"https:\/\/renatodias.online\/movimento\/wp-content\/uploads\/2023\/03\/cropped-cropped-cropped-logofinal.jpeg","contentUrl":"https:\/\/renatodias.online\/movimento\/wp-content\/uploads\/2023\/03\/cropped-cropped-cropped-logofinal.jpeg","width":1280,"height":219,"caption":"Renato Dias"},"logo":{"@id":"https:\/\/renatodias.online\/movimento\/wp-content\/uploads\/2023\/03\/cropped-cropped-cropped-logofinal.jpeg"},"description":"Renato Dias, 58 anos, \u00e9 graduado em Jornalismo, formado em Ci\u00eancias Sociais, com p\u00f3s-gradua\u00e7\u00e3o em Pol\u00edticas P\u00fablicas, mestre em Direito e Rela\u00e7\u00f5es Internacionais, ex-aluno extraordin\u00e1rio do Doutorado em Psicologia Social, ex-estudante do Curso de Psican\u00e1lise do Centro de Estudos Psicanal\u00edticos do Estado de Goi\u00e1s, ministrado pelo m\u00e9dico psiquiatra e psicanalista Daniel Em\u00eddio de Souza. \u00c9 autor de 30 livros-reportagem, oito document\u00e1rios, ganhou 30 pr\u00eamios e \u00e9 torcedor apaixonado do maior do Centro-Oeste, o Vila Nova Futebol Clube. Casado com Meirilane Dias, \u00e9 pai de Juliana Dias, jornalista; Daniel Dias, economista; e Maria Rosa Dias, estudante antifascista, socialista e trotskista.\u00a0Com tr\u00eas pets: Porquinho [Bull Dog Franc\u00eas], Dalila [Basset Hound] e Geleia [Basset Hound]. Al\u00e9m do eterno gato Tutuquinho, que virou estrela.","sameAs":["https:\/\/www.facebook.com\/renato.dias.37","#breve","https:\/\/renatodias.tumblr.com\/"],"url":"https:\/\/renatodias.online\/movimento\/author\/renatodias\/"}]}},"_links":{"self":[{"href":"https:\/\/renatodias.online\/movimento\/wp-json\/wp\/v2\/posts\/16597","targetHints":{"allow":["GET"]}}],"collection":[{"href":"https:\/\/renatodias.online\/movimento\/wp-json\/wp\/v2\/posts"}],"about":[{"href":"https:\/\/renatodias.online\/movimento\/wp-json\/wp\/v2\/types\/post"}],"author":[{"embeddable":true,"href":"https:\/\/renatodias.online\/movimento\/wp-json\/wp\/v2\/users\/2"}],"replies":[{"embeddable":true,"href":"https:\/\/renatodias.online\/movimento\/wp-json\/wp\/v2\/comments?post=16597"}],"version-history":[{"count":1,"href":"https:\/\/renatodias.online\/movimento\/wp-json\/wp\/v2\/posts\/16597\/revisions"}],"predecessor-version":[{"id":16599,"href":"https:\/\/renatodias.online\/movimento\/wp-json\/wp\/v2\/posts\/16597\/revisions\/16599"}],"wp:featuredmedia":[{"embeddable":true,"href":"https:\/\/renatodias.online\/movimento\/wp-json\/wp\/v2\/media\/11709"}],"wp:attachment":[{"href":"https:\/\/renatodias.online\/movimento\/wp-json\/wp\/v2\/media?parent=16597"}],"wp:term":[{"taxonomy":"category","embeddable":true,"href":"https:\/\/renatodias.online\/movimento\/wp-json\/wp\/v2\/categories?post=16597"},{"taxonomy":"post_tag","embeddable":true,"href":"https:\/\/renatodias.online\/movimento\/wp-json\/wp\/v2\/tags?post=16597"}],"curies":[{"name":"wp","href":"https:\/\/api.w.org\/{rel}","templated":true}]}}