{"id":16593,"date":"2023-05-01T00:08:31","date_gmt":"2023-05-01T03:08:31","guid":{"rendered":"https:\/\/renatodias.online\/movimento\/?p=16593"},"modified":"2023-05-01T00:08:32","modified_gmt":"2023-05-01T03:08:32","slug":"um-1-de-maio-de-lutas","status":"publish","type":"post","link":"https:\/\/renatodias.online\/movimento\/2023\/05\/01\/um-1-de-maio-de-lutas\/","title":{"rendered":"<strong>Um 1\u00b0 de maio de lutas<\/strong>"},"content":{"rendered":"\n<p class=\"has-text-align-center\"><strong><mark style=\"background-color:rgba(0, 0, 0, 0)\" class=\"has-inline-color has-vivid-red-color\">Unificado<\/mark><\/strong><\/p>\n\n\n\n<figure class=\"wp-block-image aligncenter size-large\"><img loading=\"lazy\" decoding=\"async\" width=\"1016\" height=\"1024\" src=\"https:\/\/renatodias.online\/movimento\/wp-content\/uploads\/2023\/05\/Card-1o-de-maio-1016x1024.png\" alt=\"\" class=\"wp-image-16595\" srcset=\"https:\/\/renatodias.online\/movimento\/wp-content\/uploads\/2023\/05\/Card-1o-de-maio-1016x1024.png 1016w, https:\/\/renatodias.online\/movimento\/wp-content\/uploads\/2023\/05\/Card-1o-de-maio-298x300.png 298w, https:\/\/renatodias.online\/movimento\/wp-content\/uploads\/2023\/05\/Card-1o-de-maio-150x151.png 150w, https:\/\/renatodias.online\/movimento\/wp-content\/uploads\/2023\/05\/Card-1o-de-maio-768x774.png 768w, https:\/\/renatodias.online\/movimento\/wp-content\/uploads\/2023\/05\/Card-1o-de-maio-96x96.png 96w, https:\/\/renatodias.online\/movimento\/wp-content\/uploads\/2023\/05\/Card-1o-de-maio.png 1080w\" sizes=\"auto, (max-width: 1016px) 100vw, 1016px\" \/><\/figure>\n\n\n\n<p class=\"has-text-align-center\"><strong><mark style=\"background-color:rgba(0, 0, 0, 0)\" class=\"has-inline-color has-vivid-red-color\">Segunda, 15h, Pra\u00e7a do Trabalhador, Goi\u00e2nia<\/mark>\u00a0<\/strong><\/p>\n\n\n\n<p><strong><mark style=\"background-color:rgba(0, 0, 0, 0)\" class=\"has-inline-color has-vivid-red-color\">Renato Dias\u00a0<\/mark><\/strong><\/p>\n\n\n\n<p>O presidente da CTB, do Sinpro e do PC do B em Goi\u00e2nia, Railton Nascimento, fil\u00f3sofo adepto de Karl Marx e Friedrich Engels, anuncia a realiza\u00e7\u00e3o, em Goi\u00e2nia, nesta segunda-feira, a partir de 15h, de um ato p\u00fablico unificado, na Pra\u00e7a do Trabalhador.<\/p>\n\n\n\n<p><strong><mark style=\"background-color:rgba(0, 0, 0, 0)\" class=\"has-inline-color has-vivid-red-color\">Extrema-esquerda, esquerda e centro-esquerda.<\/mark><\/strong><\/p>\n\n\n\n<figure class=\"wp-block-embed is-type-video is-provider-youtube wp-block-embed-youtube wp-embed-aspect-16-9 wp-has-aspect-ratio\"><div class=\"wp-block-embed__wrapper\">\n<iframe loading=\"lazy\" title=\"Tenor canta &#039;A Internacional Socialista&#039; em v\u00eddeo sobre Revolu\u00e7\u00e3o Russa\" width=\"960\" height=\"540\" src=\"https:\/\/www.youtube.com\/embed\/FYOyFMX0-m8?feature=oembed\" frameborder=\"0\" allow=\"accelerometer; autoplay; clipboard-write; encrypted-media; gyroscope; picture-in-picture; web-share\" referrerpolicy=\"strict-origin-when-cross-origin\" allowfullscreen><\/iframe>\n<\/div><\/figure>\n\n\n\n<p>A mobiliza\u00e7\u00e3o para o 1\u00b0 de maio vermelho de 2023 re\u00fane CUT, CTB, UGT, MST, MTST, UNE, UEE, UBES, Intersindical, CSP Conlutas. Assim como partidos pol\u00edticos de esquerda. Como PT, PSB, PC do B, PV, Psol, Rede, PCO. Al\u00e9m de&nbsp;PSTU, UP, PCR e PCB.<\/p>\n\n\n\n<p><strong><mark style=\"background-color:rgba(0, 0, 0, 0)\" class=\"has-inline-color has-vivid-red-color\">Nas ruas pelo direito \u00e0 cidadania plena<\/mark><\/strong>.<\/p>\n\n\n\n<figure class=\"wp-block-image aligncenter size-full\"><img loading=\"lazy\" decoding=\"async\" width=\"1200\" height=\"675\" src=\"https:\/\/renatodias.online\/movimento\/wp-content\/uploads\/2022\/10\/Trabalho-analogo-a-escravidao-no-Brasil.jpg\" alt=\"\" class=\"wp-image-14491\" srcset=\"https:\/\/renatodias.online\/movimento\/wp-content\/uploads\/2022\/10\/Trabalho-analogo-a-escravidao-no-Brasil.jpg 1200w, https:\/\/renatodias.online\/movimento\/wp-content\/uploads\/2022\/10\/Trabalho-analogo-a-escravidao-no-Brasil-300x169.jpg 300w, https:\/\/renatodias.online\/movimento\/wp-content\/uploads\/2022\/10\/Trabalho-analogo-a-escravidao-no-Brasil-768x432.jpg 768w, https:\/\/renatodias.online\/movimento\/wp-content\/uploads\/2022\/10\/Trabalho-analogo-a-escravidao-no-Brasil-750x422.jpg 750w\" sizes=\"auto, (max-width: 1200px) 100vw, 1200px\" \/><figcaption class=\"wp-element-caption\"><mark style=\"background-color:rgba(0, 0, 0, 0)\" class=\"has-inline-color has-vivid-red-color\"><strong>Trabalho an\u00e1logo \u00e0 escravid\u00e3o no Brasil<\/strong><\/mark><\/figcaption><\/figure>\n\n\n\n<p>Emprego, renda, direitos e democracia comp\u00f5em a plataforma de lutas dos trabalhadores da cidade e do campo e dos integrantes s\u00f3 mundo do desemprego. A programa\u00e7\u00e3o cultural inclui Ma\u00edra, Tain\u00e1 Jana\u00edna, Batuque Feminista e Ecio Duarte.<\/p>\n\n\n\n<p><strong><mark style=\"background-color:rgba(0, 0, 0, 0)\" class=\"has-inline-color has-vivid-red-color\">Trabalhadores de todos os pa\u00edses, uni-vos.<\/mark><\/strong><\/p>\n\n\n\n<figure class=\"wp-block-image aligncenter size-full\"><img loading=\"lazy\" decoding=\"async\" width=\"780\" height=\"400\" src=\"https:\/\/renatodias.online\/movimento\/wp-content\/uploads\/2020\/06\/Karl-Marx-2.jpg\" alt=\"\" class=\"wp-image-4013\" srcset=\"https:\/\/renatodias.online\/movimento\/wp-content\/uploads\/2020\/06\/Karl-Marx-2.jpg 780w, https:\/\/renatodias.online\/movimento\/wp-content\/uploads\/2020\/06\/Karl-Marx-2-300x154.jpg 300w, https:\/\/renatodias.online\/movimento\/wp-content\/uploads\/2020\/06\/Karl-Marx-2-768x394.jpg 768w, https:\/\/renatodias.online\/movimento\/wp-content\/uploads\/2020\/06\/Karl-Marx-2-750x385.jpg 750w\" sizes=\"auto, (max-width: 780px) 100vw, 780px\" \/><figcaption class=\"wp-element-caption\"><strong><mark style=\"background-color:rgba(0, 0, 0, 0)\" class=\"has-inline-color has-vivid-red-color\">Karl Marx <\/mark><\/strong><\/figcaption><\/figure>\n","protected":false},"excerpt":{"rendered":"<p>Unificado Segunda, 15h, Pra\u00e7a do Trabalhador, Goi\u00e2nia\u00a0 Renato Dias\u00a0 O presidente da CTB, do Sinpro e do PC do B em Goi\u00e2nia, Railton Nascimento, fil\u00f3sofo adepto de Karl Marx e Friedrich Engels, anuncia a realiza\u00e7\u00e3o, em Goi\u00e2nia, nesta segunda-feira, a partir de 15h, de um ato p\u00fablico unificado, na Pra\u00e7a do Trabalhador. Extrema-esquerda, esquerda e<\/p>\n","protected":false},"author":2,"featured_media":8949,"comment_status":"open","ping_status":"open","sticky":false,"template":"","format":"standard","meta":{"_acf_changed":false,"_monsterinsights_skip_tracking":false,"_monsterinsights_sitenote_active":false,"_monsterinsights_sitenote_note":"","_monsterinsights_sitenote_category":0,"footnotes":""},"categories":[4],"tags":[],"class_list":["post-16593","post","type-post","status-publish","format-standard","has-post-thumbnail","hentry","category-politica"],"acf":[],"yoast_head":"<!-- This site is optimized with the Yoast SEO plugin v27.4 - https:\/\/yoast.com\/product\/yoast-seo-wordpress\/ -->\n<title>Um 1\u00b0 de maio de lutas -<\/title>\n<meta name=\"robots\" content=\"index, follow, max-snippet:-1, max-image-preview:large, max-video-preview:-1\" \/>\n<link rel=\"canonical\" href=\"https:\/\/renatodias.online\/movimento\/2023\/05\/01\/um-1-de-maio-de-lutas\/\" \/>\n<meta property=\"og:locale\" content=\"pt_BR\" \/>\n<meta property=\"og:type\" content=\"article\" \/>\n<meta property=\"og:title\" content=\"Um 1\u00b0 de maio de lutas -\" \/>\n<meta property=\"og:description\" content=\"Unificado Segunda, 15h, Pra\u00e7a do Trabalhador, Goi\u00e2nia\u00a0 Renato Dias\u00a0 O presidente da CTB, do Sinpro e do PC do B em Goi\u00e2nia, Railton Nascimento, fil\u00f3sofo adepto de Karl Marx e Friedrich Engels, anuncia a realiza\u00e7\u00e3o, em Goi\u00e2nia, nesta segunda-feira, a partir de 15h, de um ato p\u00fablico unificado, na Pra\u00e7a do Trabalhador. Extrema-esquerda, esquerda e\" \/>\n<meta property=\"og:url\" content=\"https:\/\/renatodias.online\/movimento\/2023\/05\/01\/um-1-de-maio-de-lutas\/\" \/>\n<meta property=\"article:publisher\" content=\"https:\/\/www.facebook.com\/renato.dias.37\" \/>\n<meta property=\"article:author\" content=\"https:\/\/www.facebook.com\/renato.dias.37\" \/>\n<meta property=\"article:published_time\" content=\"2023-05-01T03:08:31+00:00\" \/>\n<meta property=\"article:modified_time\" content=\"2023-05-01T03:08:32+00:00\" \/>\n<meta property=\"og:image\" content=\"https:\/\/renatodias.online\/movimento\/wp-content\/uploads\/2021\/09\/A-luta-continua-1-e1682910503544.jpg\" \/>\n\t<meta property=\"og:image:width\" content=\"800\" \/>\n\t<meta property=\"og:image:height\" content=\"607\" \/>\n\t<meta property=\"og:image:type\" content=\"image\/jpeg\" \/>\n<meta name=\"author\" content=\"Renato Dias\" \/>\n<meta name=\"twitter:card\" content=\"summary_large_image\" \/>\n<meta name=\"twitter:creator\" content=\"@RenatoDiasBat\" \/>\n<meta name=\"twitter:site\" content=\"@RenatoDiasBat\" \/>\n<meta name=\"twitter:label1\" content=\"Escrito por\" \/>\n\t<meta name=\"twitter:data1\" content=\"Renato Dias\" \/>\n\t<meta name=\"twitter:label2\" content=\"Est. tempo de leitura\" \/>\n\t<meta name=\"twitter:data2\" content=\"2 minutos\" \/>\n<script type=\"application\/ld+json\" class=\"yoast-schema-graph\">{\"@context\":\"https:\\\/\\\/schema.org\",\"@graph\":[{\"@type\":\"Article\",\"@id\":\"https:\\\/\\\/renatodias.online\\\/movimento\\\/2023\\\/05\\\/01\\\/um-1-de-maio-de-lutas\\\/#article\",\"isPartOf\":{\"@id\":\"https:\\\/\\\/renatodias.online\\\/movimento\\\/2023\\\/05\\\/01\\\/um-1-de-maio-de-lutas\\\/\"},\"author\":{\"name\":\"Renato Dias\",\"@id\":\"https:\\\/\\\/renatodias.online\\\/movimento\\\/#\\\/schema\\\/person\\\/bbab28833b1725a20f4083f49f1fb2a9\"},\"headline\":\"Um 1\u00b0 de maio de lutas\",\"datePublished\":\"2023-05-01T03:08:31+00:00\",\"dateModified\":\"2023-05-01T03:08:32+00:00\",\"mainEntityOfPage\":{\"@id\":\"https:\\\/\\\/renatodias.online\\\/movimento\\\/2023\\\/05\\\/01\\\/um-1-de-maio-de-lutas\\\/\"},\"wordCount\":187,\"commentCount\":0,\"publisher\":{\"@id\":\"https:\\\/\\\/renatodias.online\\\/movimento\\\/#\\\/schema\\\/person\\\/bbab28833b1725a20f4083f49f1fb2a9\"},\"image\":{\"@id\":\"https:\\\/\\\/renatodias.online\\\/movimento\\\/2023\\\/05\\\/01\\\/um-1-de-maio-de-lutas\\\/#primaryimage\"},\"thumbnailUrl\":\"https:\\\/\\\/renatodias.online\\\/movimento\\\/wp-content\\\/uploads\\\/2021\\\/09\\\/A-luta-continua-1-e1682910503544.jpg\",\"articleSection\":[\"Pol\u00edtica\"],\"inLanguage\":\"pt-BR\",\"potentialAction\":[{\"@type\":\"CommentAction\",\"name\":\"Comment\",\"target\":[\"https:\\\/\\\/renatodias.online\\\/movimento\\\/2023\\\/05\\\/01\\\/um-1-de-maio-de-lutas\\\/#respond\"]}]},{\"@type\":\"WebPage\",\"@id\":\"https:\\\/\\\/renatodias.online\\\/movimento\\\/2023\\\/05\\\/01\\\/um-1-de-maio-de-lutas\\\/\",\"url\":\"https:\\\/\\\/renatodias.online\\\/movimento\\\/2023\\\/05\\\/01\\\/um-1-de-maio-de-lutas\\\/\",\"name\":\"Um 1\u00b0 de maio de lutas -\",\"isPartOf\":{\"@id\":\"https:\\\/\\\/renatodias.online\\\/movimento\\\/#website\"},\"primaryImageOfPage\":{\"@id\":\"https:\\\/\\\/renatodias.online\\\/movimento\\\/2023\\\/05\\\/01\\\/um-1-de-maio-de-lutas\\\/#primaryimage\"},\"image\":{\"@id\":\"https:\\\/\\\/renatodias.online\\\/movimento\\\/2023\\\/05\\\/01\\\/um-1-de-maio-de-lutas\\\/#primaryimage\"},\"thumbnailUrl\":\"https:\\\/\\\/renatodias.online\\\/movimento\\\/wp-content\\\/uploads\\\/2021\\\/09\\\/A-luta-continua-1-e1682910503544.jpg\",\"datePublished\":\"2023-05-01T03:08:31+00:00\",\"dateModified\":\"2023-05-01T03:08:32+00:00\",\"breadcrumb\":{\"@id\":\"https:\\\/\\\/renatodias.online\\\/movimento\\\/2023\\\/05\\\/01\\\/um-1-de-maio-de-lutas\\\/#breadcrumb\"},\"inLanguage\":\"pt-BR\",\"potentialAction\":[{\"@type\":\"ReadAction\",\"target\":[\"https:\\\/\\\/renatodias.online\\\/movimento\\\/2023\\\/05\\\/01\\\/um-1-de-maio-de-lutas\\\/\"]}]},{\"@type\":\"ImageObject\",\"inLanguage\":\"pt-BR\",\"@id\":\"https:\\\/\\\/renatodias.online\\\/movimento\\\/2023\\\/05\\\/01\\\/um-1-de-maio-de-lutas\\\/#primaryimage\",\"url\":\"https:\\\/\\\/renatodias.online\\\/movimento\\\/wp-content\\\/uploads\\\/2021\\\/09\\\/A-luta-continua-1-e1682910503544.jpg\",\"contentUrl\":\"https:\\\/\\\/renatodias.online\\\/movimento\\\/wp-content\\\/uploads\\\/2021\\\/09\\\/A-luta-continua-1-e1682910503544.jpg\",\"width\":800,\"height\":607,\"caption\":\"A luta continua\"},{\"@type\":\"BreadcrumbList\",\"@id\":\"https:\\\/\\\/renatodias.online\\\/movimento\\\/2023\\\/05\\\/01\\\/um-1-de-maio-de-lutas\\\/#breadcrumb\",\"itemListElement\":[{\"@type\":\"ListItem\",\"position\":1,\"name\":\"In\u00edcio\",\"item\":\"https:\\\/\\\/renatodias.online\\\/movimento\\\/\"},{\"@type\":\"ListItem\",\"position\":2,\"name\":\"Um 1\u00b0 de maio de lutas\"}]},{\"@type\":\"WebSite\",\"@id\":\"https:\\\/\\\/renatodias.online\\\/movimento\\\/#website\",\"url\":\"https:\\\/\\\/renatodias.online\\\/movimento\\\/\",\"name\":\"\",\"description\":\"\",\"publisher\":{\"@id\":\"https:\\\/\\\/renatodias.online\\\/movimento\\\/#\\\/schema\\\/person\\\/bbab28833b1725a20f4083f49f1fb2a9\"},\"potentialAction\":[{\"@type\":\"SearchAction\",\"target\":{\"@type\":\"EntryPoint\",\"urlTemplate\":\"https:\\\/\\\/renatodias.online\\\/movimento\\\/?s={search_term_string}\"},\"query-input\":{\"@type\":\"PropertyValueSpecification\",\"valueRequired\":true,\"valueName\":\"search_term_string\"}}],\"inLanguage\":\"pt-BR\"},{\"@type\":[\"Person\",\"Organization\"],\"@id\":\"https:\\\/\\\/renatodias.online\\\/movimento\\\/#\\\/schema\\\/person\\\/bbab28833b1725a20f4083f49f1fb2a9\",\"name\":\"Renato Dias\",\"image\":{\"@type\":\"ImageObject\",\"inLanguage\":\"pt-BR\",\"@id\":\"https:\\\/\\\/renatodias.online\\\/movimento\\\/wp-content\\\/uploads\\\/2023\\\/03\\\/cropped-cropped-cropped-logofinal.jpeg\",\"url\":\"https:\\\/\\\/renatodias.online\\\/movimento\\\/wp-content\\\/uploads\\\/2023\\\/03\\\/cropped-cropped-cropped-logofinal.jpeg\",\"contentUrl\":\"https:\\\/\\\/renatodias.online\\\/movimento\\\/wp-content\\\/uploads\\\/2023\\\/03\\\/cropped-cropped-cropped-logofinal.jpeg\",\"width\":1280,\"height\":219,\"caption\":\"Renato Dias\"},\"logo\":{\"@id\":\"https:\\\/\\\/renatodias.online\\\/movimento\\\/wp-content\\\/uploads\\\/2023\\\/03\\\/cropped-cropped-cropped-logofinal.jpeg\"},\"description\":\"Renato Dias, 58 anos, \u00e9 graduado em Jornalismo, formado em Ci\u00eancias Sociais, com p\u00f3s-gradua\u00e7\u00e3o em Pol\u00edticas P\u00fablicas, mestre em Direito e Rela\u00e7\u00f5es Internacionais, ex-aluno extraordin\u00e1rio do Doutorado em Psicologia Social, ex-estudante do Curso de Psican\u00e1lise do Centro de Estudos Psicanal\u00edticos do Estado de Goi\u00e1s, ministrado pelo m\u00e9dico psiquiatra e psicanalista Daniel Em\u00eddio de Souza. \u00c9 autor de 30 livros-reportagem, oito document\u00e1rios, ganhou 30 pr\u00eamios e \u00e9 torcedor apaixonado do maior do Centro-Oeste, o Vila Nova Futebol Clube. Casado com Meirilane Dias, \u00e9 pai de Juliana Dias, jornalista; Daniel Dias, economista; e Maria Rosa Dias, estudante antifascista, socialista e trotskista.\u00a0Com tr\u00eas pets: Porquinho [Bull Dog Franc\u00eas], Dalila [Basset Hound] e Geleia [Basset Hound]. Al\u00e9m do eterno gato Tutuquinho, que virou estrela.\",\"sameAs\":[\"https:\\\/\\\/www.facebook.com\\\/renato.dias.37\",\"#breve\",\"https:\\\/\\\/renatodias.tumblr.com\\\/\"],\"url\":\"https:\\\/\\\/renatodias.online\\\/movimento\\\/author\\\/renatodias\\\/\"}]}<\/script>\n<!-- \/ Yoast SEO plugin. -->","yoast_head_json":{"title":"Um 1\u00b0 de maio de lutas -","robots":{"index":"index","follow":"follow","max-snippet":"max-snippet:-1","max-image-preview":"max-image-preview:large","max-video-preview":"max-video-preview:-1"},"canonical":"https:\/\/renatodias.online\/movimento\/2023\/05\/01\/um-1-de-maio-de-lutas\/","og_locale":"pt_BR","og_type":"article","og_title":"Um 1\u00b0 de maio de lutas -","og_description":"Unificado Segunda, 15h, Pra\u00e7a do Trabalhador, Goi\u00e2nia\u00a0 Renato Dias\u00a0 O presidente da CTB, do Sinpro e do PC do B em Goi\u00e2nia, Railton Nascimento, fil\u00f3sofo adepto de Karl Marx e Friedrich Engels, anuncia a realiza\u00e7\u00e3o, em Goi\u00e2nia, nesta segunda-feira, a partir de 15h, de um ato p\u00fablico unificado, na Pra\u00e7a do Trabalhador. Extrema-esquerda, esquerda e","og_url":"https:\/\/renatodias.online\/movimento\/2023\/05\/01\/um-1-de-maio-de-lutas\/","article_publisher":"https:\/\/www.facebook.com\/renato.dias.37","article_author":"https:\/\/www.facebook.com\/renato.dias.37","article_published_time":"2023-05-01T03:08:31+00:00","article_modified_time":"2023-05-01T03:08:32+00:00","og_image":[{"width":800,"height":607,"url":"https:\/\/renatodias.online\/movimento\/wp-content\/uploads\/2021\/09\/A-luta-continua-1-e1682910503544.jpg","type":"image\/jpeg"}],"author":"Renato Dias","twitter_card":"summary_large_image","twitter_creator":"@RenatoDiasBat","twitter_site":"@RenatoDiasBat","twitter_misc":{"Escrito por":"Renato Dias","Est. tempo de leitura":"2 minutos"},"schema":{"@context":"https:\/\/schema.org","@graph":[{"@type":"Article","@id":"https:\/\/renatodias.online\/movimento\/2023\/05\/01\/um-1-de-maio-de-lutas\/#article","isPartOf":{"@id":"https:\/\/renatodias.online\/movimento\/2023\/05\/01\/um-1-de-maio-de-lutas\/"},"author":{"name":"Renato Dias","@id":"https:\/\/renatodias.online\/movimento\/#\/schema\/person\/bbab28833b1725a20f4083f49f1fb2a9"},"headline":"Um 1\u00b0 de maio de lutas","datePublished":"2023-05-01T03:08:31+00:00","dateModified":"2023-05-01T03:08:32+00:00","mainEntityOfPage":{"@id":"https:\/\/renatodias.online\/movimento\/2023\/05\/01\/um-1-de-maio-de-lutas\/"},"wordCount":187,"commentCount":0,"publisher":{"@id":"https:\/\/renatodias.online\/movimento\/#\/schema\/person\/bbab28833b1725a20f4083f49f1fb2a9"},"image":{"@id":"https:\/\/renatodias.online\/movimento\/2023\/05\/01\/um-1-de-maio-de-lutas\/#primaryimage"},"thumbnailUrl":"https:\/\/renatodias.online\/movimento\/wp-content\/uploads\/2021\/09\/A-luta-continua-1-e1682910503544.jpg","articleSection":["Pol\u00edtica"],"inLanguage":"pt-BR","potentialAction":[{"@type":"CommentAction","name":"Comment","target":["https:\/\/renatodias.online\/movimento\/2023\/05\/01\/um-1-de-maio-de-lutas\/#respond"]}]},{"@type":"WebPage","@id":"https:\/\/renatodias.online\/movimento\/2023\/05\/01\/um-1-de-maio-de-lutas\/","url":"https:\/\/renatodias.online\/movimento\/2023\/05\/01\/um-1-de-maio-de-lutas\/","name":"Um 1\u00b0 de maio de lutas -","isPartOf":{"@id":"https:\/\/renatodias.online\/movimento\/#website"},"primaryImageOfPage":{"@id":"https:\/\/renatodias.online\/movimento\/2023\/05\/01\/um-1-de-maio-de-lutas\/#primaryimage"},"image":{"@id":"https:\/\/renatodias.online\/movimento\/2023\/05\/01\/um-1-de-maio-de-lutas\/#primaryimage"},"thumbnailUrl":"https:\/\/renatodias.online\/movimento\/wp-content\/uploads\/2021\/09\/A-luta-continua-1-e1682910503544.jpg","datePublished":"2023-05-01T03:08:31+00:00","dateModified":"2023-05-01T03:08:32+00:00","breadcrumb":{"@id":"https:\/\/renatodias.online\/movimento\/2023\/05\/01\/um-1-de-maio-de-lutas\/#breadcrumb"},"inLanguage":"pt-BR","potentialAction":[{"@type":"ReadAction","target":["https:\/\/renatodias.online\/movimento\/2023\/05\/01\/um-1-de-maio-de-lutas\/"]}]},{"@type":"ImageObject","inLanguage":"pt-BR","@id":"https:\/\/renatodias.online\/movimento\/2023\/05\/01\/um-1-de-maio-de-lutas\/#primaryimage","url":"https:\/\/renatodias.online\/movimento\/wp-content\/uploads\/2021\/09\/A-luta-continua-1-e1682910503544.jpg","contentUrl":"https:\/\/renatodias.online\/movimento\/wp-content\/uploads\/2021\/09\/A-luta-continua-1-e1682910503544.jpg","width":800,"height":607,"caption":"A luta continua"},{"@type":"BreadcrumbList","@id":"https:\/\/renatodias.online\/movimento\/2023\/05\/01\/um-1-de-maio-de-lutas\/#breadcrumb","itemListElement":[{"@type":"ListItem","position":1,"name":"In\u00edcio","item":"https:\/\/renatodias.online\/movimento\/"},{"@type":"ListItem","position":2,"name":"Um 1\u00b0 de maio de lutas"}]},{"@type":"WebSite","@id":"https:\/\/renatodias.online\/movimento\/#website","url":"https:\/\/renatodias.online\/movimento\/","name":"","description":"","publisher":{"@id":"https:\/\/renatodias.online\/movimento\/#\/schema\/person\/bbab28833b1725a20f4083f49f1fb2a9"},"potentialAction":[{"@type":"SearchAction","target":{"@type":"EntryPoint","urlTemplate":"https:\/\/renatodias.online\/movimento\/?s={search_term_string}"},"query-input":{"@type":"PropertyValueSpecification","valueRequired":true,"valueName":"search_term_string"}}],"inLanguage":"pt-BR"},{"@type":["Person","Organization"],"@id":"https:\/\/renatodias.online\/movimento\/#\/schema\/person\/bbab28833b1725a20f4083f49f1fb2a9","name":"Renato Dias","image":{"@type":"ImageObject","inLanguage":"pt-BR","@id":"https:\/\/renatodias.online\/movimento\/wp-content\/uploads\/2023\/03\/cropped-cropped-cropped-logofinal.jpeg","url":"https:\/\/renatodias.online\/movimento\/wp-content\/uploads\/2023\/03\/cropped-cropped-cropped-logofinal.jpeg","contentUrl":"https:\/\/renatodias.online\/movimento\/wp-content\/uploads\/2023\/03\/cropped-cropped-cropped-logofinal.jpeg","width":1280,"height":219,"caption":"Renato Dias"},"logo":{"@id":"https:\/\/renatodias.online\/movimento\/wp-content\/uploads\/2023\/03\/cropped-cropped-cropped-logofinal.jpeg"},"description":"Renato Dias, 58 anos, \u00e9 graduado em Jornalismo, formado em Ci\u00eancias Sociais, com p\u00f3s-gradua\u00e7\u00e3o em Pol\u00edticas P\u00fablicas, mestre em Direito e Rela\u00e7\u00f5es Internacionais, ex-aluno extraordin\u00e1rio do Doutorado em Psicologia Social, ex-estudante do Curso de Psican\u00e1lise do Centro de Estudos Psicanal\u00edticos do Estado de Goi\u00e1s, ministrado pelo m\u00e9dico psiquiatra e psicanalista Daniel Em\u00eddio de Souza. \u00c9 autor de 30 livros-reportagem, oito document\u00e1rios, ganhou 30 pr\u00eamios e \u00e9 torcedor apaixonado do maior do Centro-Oeste, o Vila Nova Futebol Clube. Casado com Meirilane Dias, \u00e9 pai de Juliana Dias, jornalista; Daniel Dias, economista; e Maria Rosa Dias, estudante antifascista, socialista e trotskista.\u00a0Com tr\u00eas pets: Porquinho [Bull Dog Franc\u00eas], Dalila [Basset Hound] e Geleia [Basset Hound]. Al\u00e9m do eterno gato Tutuquinho, que virou estrela.","sameAs":["https:\/\/www.facebook.com\/renato.dias.37","#breve","https:\/\/renatodias.tumblr.com\/"],"url":"https:\/\/renatodias.online\/movimento\/author\/renatodias\/"}]}},"_links":{"self":[{"href":"https:\/\/renatodias.online\/movimento\/wp-json\/wp\/v2\/posts\/16593","targetHints":{"allow":["GET"]}}],"collection":[{"href":"https:\/\/renatodias.online\/movimento\/wp-json\/wp\/v2\/posts"}],"about":[{"href":"https:\/\/renatodias.online\/movimento\/wp-json\/wp\/v2\/types\/post"}],"author":[{"embeddable":true,"href":"https:\/\/renatodias.online\/movimento\/wp-json\/wp\/v2\/users\/2"}],"replies":[{"embeddable":true,"href":"https:\/\/renatodias.online\/movimento\/wp-json\/wp\/v2\/comments?post=16593"}],"version-history":[{"count":1,"href":"https:\/\/renatodias.online\/movimento\/wp-json\/wp\/v2\/posts\/16593\/revisions"}],"predecessor-version":[{"id":16596,"href":"https:\/\/renatodias.online\/movimento\/wp-json\/wp\/v2\/posts\/16593\/revisions\/16596"}],"wp:featuredmedia":[{"embeddable":true,"href":"https:\/\/renatodias.online\/movimento\/wp-json\/wp\/v2\/media\/8949"}],"wp:attachment":[{"href":"https:\/\/renatodias.online\/movimento\/wp-json\/wp\/v2\/media?parent=16593"}],"wp:term":[{"taxonomy":"category","embeddable":true,"href":"https:\/\/renatodias.online\/movimento\/wp-json\/wp\/v2\/categories?post=16593"},{"taxonomy":"post_tag","embeddable":true,"href":"https:\/\/renatodias.online\/movimento\/wp-json\/wp\/v2\/tags?post=16593"}],"curies":[{"name":"wp","href":"https:\/\/api.w.org\/{rel}","templated":true}]}}