{"id":16523,"date":"2023-04-20T00:26:05","date_gmt":"2023-04-20T03:26:05","guid":{"rendered":"https:\/\/renatodias.online\/movimento\/?p=16523"},"modified":"2023-04-20T00:28:01","modified_gmt":"2023-04-20T03:28:01","slug":"os-crimes-da-ditadura-civil-e-militar","status":"publish","type":"post","link":"https:\/\/renatodias.online\/movimento\/2023\/04\/20\/os-crimes-da-ditadura-civil-e-militar\/","title":{"rendered":"Os crimes da ditadura civil e militar"},"content":{"rendered":"\n<p class=\"has-text-align-center\"><mark style=\"background-color:rgba(0, 0, 0, 0)\" class=\"has-inline-color has-vivid-green-cyan-color\"><strong>Mem\u00f3ria sufocada<\/strong>: <strong>document\u00e1rio<\/strong><\/mark><\/p>\n\n\n\n<p class=\"has-text-align-center\"><strong><mark style=\"background-color:rgba(0, 0, 0, 0)\" class=\"has-inline-color has-vivid-cyan-blue-color\">Hist\u00f3ria e cinema<\/mark><\/strong><\/p>\n\n\n\n<p class=\"has-text-align-center\"><a href=\"http:\/\/www.memoriasufocada.com.br\" target=\"_blank\" rel=\"noreferrer noopener\"><strong>www.memoriasufocada.com.br<\/strong><\/a><\/p>\n\n\n\n<p><strong>_ Nunca houve mortes nas depend\u00eancias do DOI-CODI, II Ex\u00e9rcito, sediado em S\u00e3o Paulo.<\/strong><\/p>\n\n\n\n<p>\u00c9 o que afirma, em narrativa caricatural, o coronel reformado do Ex\u00e9rcito Brasileiro [EB] Carlos Alberto Brilhante Ustra. Mais: o seu depoimento \u00e0 Comiss\u00e3o Nacional da Verdade foi realizado em 10 de maio de 2013. Com registro documental em v\u00eddeo.<\/p>\n\n\n\n<figure class=\"wp-block-image aligncenter size-full\"><img loading=\"lazy\" decoding=\"async\" width=\"800\" height=\"535\" src=\"https:\/\/renatodias.online\/movimento\/wp-content\/uploads\/2021\/11\/Comissao-Nacional-da-Verdade.jpg\" alt=\"\" class=\"wp-image-9743\" srcset=\"https:\/\/renatodias.online\/movimento\/wp-content\/uploads\/2021\/11\/Comissao-Nacional-da-Verdade.jpg 800w, https:\/\/renatodias.online\/movimento\/wp-content\/uploads\/2021\/11\/Comissao-Nacional-da-Verdade-300x201.jpg 300w, https:\/\/renatodias.online\/movimento\/wp-content\/uploads\/2021\/11\/Comissao-Nacional-da-Verdade-768x514.jpg 768w, https:\/\/renatodias.online\/movimento\/wp-content\/uploads\/2021\/11\/Comissao-Nacional-da-Verdade-360x240.jpg 360w, https:\/\/renatodias.online\/movimento\/wp-content\/uploads\/2021\/11\/Comissao-Nacional-da-Verdade-750x502.jpg 750w\" sizes=\"auto, (max-width: 800px) 100vw, 800px\" \/><figcaption class=\"wp-element-caption\"><strong>Comiss\u00e3o Nacional da Verdade: os crimes da ditadura civil e militar<\/strong><\/figcaption><\/figure>\n\n\n\n<p>A CNV, criada pela ent\u00e3o presidente da Rep\u00fablica Dilma Rousseff, ex-guerrilheira presa e torturada \u00e0 \u00e9poca da ditadura civil e militar no Brasil, investigou crimes como pris\u00f5es, torturas, ex\u00edlios, al\u00e9m de demiss\u00f5es, tamb\u00e9m assassinatos e desaparecimentos.<\/p>\n\n\n\n<figure class=\"wp-block-image aligncenter size-large\"><img loading=\"lazy\" decoding=\"async\" width=\"731\" height=\"1024\" src=\"https:\/\/renatodias.online\/movimento\/wp-content\/uploads\/2022\/08\/Infografico-A-cadeia-de-comando-da-impunidade-da-ditadura-731x1024.jpg\" alt=\"\" class=\"wp-image-13771\"\/><\/figure>\n\n\n\n<p>Dados oficiais da CNV de 2014: 434 mortos e desaparecidos, 20 mil torturados, 8.350 ind\u00edgenas mortos, 4.841 pessoas perderam direitos pol\u00edticos. Veja: assim como 1.700 trabalhadores rurais foram executados e ainda 6.501 militares acabaram reformados.<\/p>\n\n\n\n<figure class=\"wp-block-image aligncenter size-large\"><img loading=\"lazy\" decoding=\"async\" width=\"399\" height=\"1024\" src=\"https:\/\/renatodias.online\/movimento\/wp-content\/uploads\/2021\/11\/Infografico-A-ditadura-civil-e-militar-no-Brasil-399x1024.jpg\" alt=\"\" class=\"wp-image-9550\"\/><\/figure>\n\n\n\n<p>Maria Am\u00e9lia Teles informa ter sido alvo de torturas por Carlos Alberto Brilhante Ustra. C\u00e9sar Teles, seu marido, idem. A sua irm\u00e3, que estava gr\u00e1vida, Crimeia Schmidt. Os seus filhos, crian\u00e7as, Edson Teles e Jana\u00edna Teles, pararam na Tutoia, Perdizes, capital.<\/p>\n\n\n\n<figure class=\"wp-block-image aligncenter size-full\"><img loading=\"lazy\" decoding=\"async\" width=\"752\" height=\"286\" src=\"https:\/\/renatodias.online\/movimento\/wp-content\/uploads\/2021\/05\/Crimeia-Alice-Link.jpg\" alt=\"\" class=\"wp-image-6473\" srcset=\"https:\/\/renatodias.online\/movimento\/wp-content\/uploads\/2021\/05\/Crimeia-Alice-Link.jpg 752w, https:\/\/renatodias.online\/movimento\/wp-content\/uploads\/2021\/05\/Crimeia-Alice-Link-300x114.jpg 300w, https:\/\/renatodias.online\/movimento\/wp-content\/uploads\/2021\/05\/Crimeia-Alice-Link-750x285.jpg 750w\" sizes=\"auto, (max-width: 752px) 100vw, 752px\" \/><figcaption class=\"wp-element-caption\"><strong>Crimeia Schmidt<\/strong><\/figcaption><\/figure>\n\n\n\n<p>Os EUA despejaram 10 milh\u00f5es de d\u00f3lares para influenciar o Congresso Nacional, eleito em 1962, e desestabilizar o presidente da Rep\u00fablica, Jo\u00e3o Belchior Marques Goulart. O pleito \u00e0 Casa Branca nos EUA custava naqueles tempos oito milh\u00f5es de d\u00f3lares.<\/p>\n\n\n\n<figure class=\"wp-block-image aligncenter size-full\"><img decoding=\"async\" src=\"https:\/\/renatodias.online\/movimento\/wp-content\/uploads\/2021\/11\/Dolares-1-e1681960574499.jpg\" alt=\"\" class=\"wp-image-9901\"\/><figcaption class=\"wp-element-caption\"><strong>D\u00f3lares<\/strong><\/figcaption><\/figure>\n\n\n\n<p>Nada comunista. Longe do projeto da foice do martelo. Jango era, no m\u00e1ximo, um pol\u00edtico socialdemocrata ao estilo da Europa Democr\u00e1tica. \u00c9 o que observa o jornalista e escritor Juremir Machado. Bi\u00f3grafo do nacional-estatista e l\u00edder trabalhista.<\/p>\n\n\n\n<figure class=\"wp-block-image aligncenter size-full\"><img loading=\"lazy\" decoding=\"async\" width=\"800\" height=\"365\" src=\"https:\/\/renatodias.online\/movimento\/wp-content\/uploads\/2021\/06\/Joao-Belchior-Marques-Goulart-_-MR-8-e1680909741533.jpg\" alt=\"\" class=\"wp-image-7109\" srcset=\"https:\/\/renatodias.online\/movimento\/wp-content\/uploads\/2021\/06\/Joao-Belchior-Marques-Goulart-_-MR-8-e1680909741533.jpg 800w, https:\/\/renatodias.online\/movimento\/wp-content\/uploads\/2021\/06\/Joao-Belchior-Marques-Goulart-_-MR-8-e1680909741533-300x137.jpg 300w, https:\/\/renatodias.online\/movimento\/wp-content\/uploads\/2021\/06\/Joao-Belchior-Marques-Goulart-_-MR-8-e1680909741533-768x350.jpg 768w, https:\/\/renatodias.online\/movimento\/wp-content\/uploads\/2021\/06\/Joao-Belchior-Marques-Goulart-_-MR-8-e1680909741533-150x68.jpg 150w\" sizes=\"auto, (max-width: 800px) 100vw, 800px\" \/><figcaption class=\"wp-element-caption\"><strong>Jo\u00e3o Belchior Marques Goulart, presidente da Rep\u00fablica<\/strong><\/figcaption><\/figure>\n\n\n\n<p>Pesquisa de opini\u00e3o p\u00fablica realizada no m\u00eas de mar\u00e7o de 1964 apontava que Jango poderia ser eleito, nas urnas de outubro do ano seguinte, em 1965, com 47% das inten\u00e7\u00f5es de votos. O seu percentual&nbsp;de rejei\u00e7\u00e3o entre os eleitores do Brasil: de 45%.<\/p>\n\n\n\n<figure class=\"wp-block-image aligncenter size-full\"><img loading=\"lazy\" decoding=\"async\" width=\"529\" height=\"783\" src=\"https:\/\/renatodias.online\/movimento\/wp-content\/uploads\/2023\/01\/Amelinha-2.png\" alt=\"\" class=\"wp-image-15424\" srcset=\"https:\/\/renatodias.online\/movimento\/wp-content\/uploads\/2023\/01\/Amelinha-2.png 529w, https:\/\/renatodias.online\/movimento\/wp-content\/uploads\/2023\/01\/Amelinha-2-203x300.png 203w\" sizes=\"auto, (max-width: 529px) 100vw, 529px\" \/><figcaption class=\"wp-element-caption\"><strong>Amelinha Teles<\/strong><\/figcaption><\/figure>\n\n\n\n<p>Amelinha Teles conta que Carlos Nicolau Danielli n\u00e3o morreu em um tiroteio e, sim, sob torturas no DOI-CODI. Veja: n\u00e3o foram executados santinhos, contra-ataca Carlos Alberto Brilhante Ustra, torturador. Eles eram terroristas, insulta a mem\u00f3ria e a verdade.<\/p>\n\n\n\n<figure class=\"wp-block-image aligncenter size-full\"><img loading=\"lazy\" decoding=\"async\" width=\"300\" height=\"103\" src=\"https:\/\/renatodias.online\/movimento\/wp-content\/uploads\/2022\/08\/Saiba-mais-e1680139445250.png\" alt=\"\" class=\"wp-image-13698\" srcset=\"https:\/\/renatodias.online\/movimento\/wp-content\/uploads\/2022\/08\/Saiba-mais-e1680139445250.png 300w, https:\/\/renatodias.online\/movimento\/wp-content\/uploads\/2022\/08\/Saiba-mais-e1680139445250-150x52.png 150w\" sizes=\"auto, (max-width: 300px) 100vw, 300px\" \/><\/figure>\n\n\n\n<p>Preso, Adriano Diogo ouviu que estaria na antessala do inferno e iria integrar a suposta Vanguarda Popular Celestial. Dr. Tibiri\u00e7\u00e1 mostra um Magnum ao ativista. Arma que mataram Alexandre Vannuchi Leme, da USP, codinome Minhoca, da ALN, em 1973.<\/p>\n\n\n\n<figure class=\"wp-block-image aligncenter size-full\"><img decoding=\"async\" src=\"https:\/\/renatodias.online\/movimento\/wp-content\/uploads\/2021\/04\/Imagem-de-sangue-e1657251646184.jpg\" alt=\"\" class=\"wp-image-6054\"\/><\/figure>\n\n\n\n<p>Lourival Gaeta \u00e9 acusado de ass\u00e9dios moral e sexual, estupro, de masturbar &#8211; se e tamb\u00e9m ejacular em mulheres, presas pol\u00edticas. Marival Dias Chaves do Canto relata que H\u00e9lcio Pereira Fortes n\u00e3o caiu em combate. Morreu sob o supl\u00edcio da tortura.<\/p>\n\n\n\n<figure class=\"wp-block-image aligncenter size-full\"><img loading=\"lazy\" decoding=\"async\" width=\"800\" height=\"480\" src=\"https:\/\/renatodias.online\/movimento\/wp-content\/uploads\/2021\/04\/Golpe-de-Estado-no-Brasil-_-4-e1681960503806.jpg\" alt=\"Golpe de Estado de 1964\" class=\"wp-image-5982\" srcset=\"https:\/\/renatodias.online\/movimento\/wp-content\/uploads\/2021\/04\/Golpe-de-Estado-no-Brasil-_-4-e1681960503806.jpg 800w, https:\/\/renatodias.online\/movimento\/wp-content\/uploads\/2021\/04\/Golpe-de-Estado-no-Brasil-_-4-e1681960503806-300x180.jpg 300w, https:\/\/renatodias.online\/movimento\/wp-content\/uploads\/2021\/04\/Golpe-de-Estado-no-Brasil-_-4-e1681960503806-768x461.jpg 768w, https:\/\/renatodias.online\/movimento\/wp-content\/uploads\/2021\/04\/Golpe-de-Estado-no-Brasil-_-4-e1681960503806-150x90.jpg 150w\" sizes=\"auto, (max-width: 800px) 100vw, 800px\" \/><figcaption class=\"wp-element-caption\"><strong>Golpe de Estado de 1964<\/strong><\/figcaption><\/figure>\n\n\n\n<p>Imagens de 1964, como a da marcha da fam\u00edlia com Deus e pela liberdade, parecem repetir &#8211; se nas jornadas de junho de 2013. Depois, capturadas pela extrema-direita. Um golpe p\u00f3s-moderno dep\u00f5e Dilma Rousseff. A presidente da Rep\u00fablica eleita nas urnas.<\/p>\n\n\n\n<figure class=\"wp-block-image aligncenter size-full\"><img loading=\"lazy\" decoding=\"async\" width=\"800\" height=\"400\" src=\"https:\/\/renatodias.online\/movimento\/wp-content\/uploads\/2021\/05\/Alvorada-_-Dilma-Rousseff-_-1-e1681960096903.jpeg\" alt=\"\" class=\"wp-image-6863\" srcset=\"https:\/\/renatodias.online\/movimento\/wp-content\/uploads\/2021\/05\/Alvorada-_-Dilma-Rousseff-_-1-e1681960096903.jpeg 800w, https:\/\/renatodias.online\/movimento\/wp-content\/uploads\/2021\/05\/Alvorada-_-Dilma-Rousseff-_-1-e1681960096903-300x150.jpeg 300w, https:\/\/renatodias.online\/movimento\/wp-content\/uploads\/2021\/05\/Alvorada-_-Dilma-Rousseff-_-1-e1681960096903-768x384.jpeg 768w, https:\/\/renatodias.online\/movimento\/wp-content\/uploads\/2021\/05\/Alvorada-_-Dilma-Rousseff-_-1-e1681960096903-150x75.jpeg 150w\" sizes=\"auto, (max-width: 800px) 100vw, 800px\" \/><figcaption class=\"wp-element-caption\"><strong>Alvorada _ Dilma Rousseff <\/strong><\/figcaption><\/figure>\n\n\n\n<p><strong>_ Pela mem\u00f3ria do coronel Carlos Alberto Brilhante Ustra, o terror de Dilma Rousseff.<\/strong><\/p>\n\n\n\n<p>Jair Bolsonaro, deputado federal do baixo clero, no exerc\u00edcio do 7\u00b0 mandato seguido, discursa antes de proferir o seu voto em 17 de abril de 2016. Sem puni\u00e7\u00e3o. A cadela do fascismo sempre no cio. Tempos sombrios de 2016 a 2022. A luta nunca acaba.<\/p>\n\n\n\n<figure class=\"wp-block-image aligncenter size-large\"><img loading=\"lazy\" decoding=\"async\" width=\"1820\" height=\"1024\" src=\"https:\/\/renatodias.online\/movimento\/wp-content\/uploads\/2023\/04\/Memoria-Sufocada-Jair-Bolsonaro-1820x1024.jpg\" alt=\"\" class=\"wp-image-16447\"\/><figcaption class=\"wp-element-caption\"><strong>Mem\u00f3ria Sufocada: Jair Bolsonaro<\/strong><\/figcaption><\/figure>\n\n\n\n<p><\/p>\n\n\n\n<figure class=\"wp-block-embed is-type-video is-provider-youtube wp-block-embed-youtube wp-embed-aspect-16-9 wp-has-aspect-ratio\"><div class=\"wp-block-embed__wrapper\">\n<iframe loading=\"lazy\" title=\"MEM\u00d3RIA SUFOCADA | trailer oficial\" width=\"960\" height=\"540\" src=\"https:\/\/www.youtube.com\/embed\/ZMvoUTPE27k?feature=oembed\" frameborder=\"0\" allow=\"accelerometer; autoplay; clipboard-write; encrypted-media; gyroscope; picture-in-picture; web-share\" referrerpolicy=\"strict-origin-when-cross-origin\" allowfullscreen><\/iframe>\n<\/div><\/figure>\n","protected":false},"excerpt":{"rendered":"<p>Mem\u00f3ria sufocada: document\u00e1rio Hist\u00f3ria e cinema www.memoriasufocada.com.br _ Nunca houve mortes nas depend\u00eancias do DOI-CODI, II Ex\u00e9rcito, sediado em S\u00e3o Paulo. \u00c9 o que afirma, em narrativa caricatural, o coronel reformado do Ex\u00e9rcito Brasileiro [EB] Carlos Alberto Brilhante Ustra. Mais: o seu depoimento \u00e0 Comiss\u00e3o Nacional da Verdade foi realizado em 10 de maio de<\/p>\n","protected":false},"author":2,"featured_media":7378,"comment_status":"open","ping_status":"open","sticky":false,"template":"","format":"standard","meta":{"_acf_changed":false,"_monsterinsights_skip_tracking":false,"_monsterinsights_sitenote_active":false,"_monsterinsights_sitenote_note":"","_monsterinsights_sitenote_category":0,"footnotes":""},"categories":[9],"tags":[],"class_list":["post-16523","post","type-post","status-publish","format-standard","has-post-thumbnail","hentry","category-cidade"],"acf":[],"yoast_head":"<!-- This site is optimized with the Yoast SEO plugin v27.4 - https:\/\/yoast.com\/product\/yoast-seo-wordpress\/ -->\n<title>Os crimes da ditadura civil e militar -<\/title>\n<meta name=\"robots\" content=\"index, follow, max-snippet:-1, max-image-preview:large, max-video-preview:-1\" \/>\n<link rel=\"canonical\" href=\"https:\/\/renatodias.online\/movimento\/2023\/04\/20\/os-crimes-da-ditadura-civil-e-militar\/\" \/>\n<meta property=\"og:locale\" content=\"pt_BR\" \/>\n<meta property=\"og:type\" content=\"article\" \/>\n<meta property=\"og:title\" content=\"Os crimes da ditadura civil e militar -\" \/>\n<meta property=\"og:description\" content=\"Mem\u00f3ria sufocada: document\u00e1rio Hist\u00f3ria e cinema www.memoriasufocada.com.br _ Nunca houve mortes nas depend\u00eancias do DOI-CODI, II Ex\u00e9rcito, sediado em S\u00e3o Paulo. \u00c9 o que afirma, em narrativa caricatural, o coronel reformado do Ex\u00e9rcito Brasileiro [EB] Carlos Alberto Brilhante Ustra. Mais: o seu depoimento \u00e0 Comiss\u00e3o Nacional da Verdade foi realizado em 10 de maio de\" \/>\n<meta property=\"og:url\" content=\"https:\/\/renatodias.online\/movimento\/2023\/04\/20\/os-crimes-da-ditadura-civil-e-militar\/\" \/>\n<meta property=\"article:publisher\" content=\"https:\/\/www.facebook.com\/renato.dias.37\" \/>\n<meta property=\"article:author\" content=\"https:\/\/www.facebook.com\/renato.dias.37\" \/>\n<meta property=\"article:published_time\" content=\"2023-04-20T03:26:05+00:00\" \/>\n<meta property=\"article:modified_time\" content=\"2023-04-20T03:28:01+00:00\" \/>\n<meta property=\"og:image\" content=\"https:\/\/renatodias.online\/movimento\/wp-content\/uploads\/2021\/06\/Carlos-Alberto-Brilhante-Ustra-_-1-e1681661667950.jpg\" \/>\n\t<meta property=\"og:image:width\" content=\"800\" \/>\n\t<meta property=\"og:image:height\" content=\"479\" \/>\n\t<meta property=\"og:image:type\" content=\"image\/jpeg\" \/>\n<meta name=\"author\" content=\"Renato Dias\" \/>\n<meta name=\"twitter:card\" content=\"summary_large_image\" \/>\n<meta name=\"twitter:creator\" content=\"@RenatoDiasBat\" \/>\n<meta name=\"twitter:site\" content=\"@RenatoDiasBat\" \/>\n<meta name=\"twitter:label1\" content=\"Escrito por\" \/>\n\t<meta name=\"twitter:data1\" content=\"Renato Dias\" \/>\n\t<meta name=\"twitter:label2\" content=\"Est. tempo de leitura\" \/>\n\t<meta name=\"twitter:data2\" content=\"6 minutos\" \/>\n<script type=\"application\/ld+json\" class=\"yoast-schema-graph\">{\"@context\":\"https:\\\/\\\/schema.org\",\"@graph\":[{\"@type\":\"Article\",\"@id\":\"https:\\\/\\\/renatodias.online\\\/movimento\\\/2023\\\/04\\\/20\\\/os-crimes-da-ditadura-civil-e-militar\\\/#article\",\"isPartOf\":{\"@id\":\"https:\\\/\\\/renatodias.online\\\/movimento\\\/2023\\\/04\\\/20\\\/os-crimes-da-ditadura-civil-e-militar\\\/\"},\"author\":{\"name\":\"Renato Dias\",\"@id\":\"https:\\\/\\\/renatodias.online\\\/movimento\\\/#\\\/schema\\\/person\\\/bbab28833b1725a20f4083f49f1fb2a9\"},\"headline\":\"Os crimes da ditadura civil e militar\",\"datePublished\":\"2023-04-20T03:26:05+00:00\",\"dateModified\":\"2023-04-20T03:28:01+00:00\",\"mainEntityOfPage\":{\"@id\":\"https:\\\/\\\/renatodias.online\\\/movimento\\\/2023\\\/04\\\/20\\\/os-crimes-da-ditadura-civil-e-militar\\\/\"},\"wordCount\":594,\"commentCount\":0,\"publisher\":{\"@id\":\"https:\\\/\\\/renatodias.online\\\/movimento\\\/#\\\/schema\\\/person\\\/bbab28833b1725a20f4083f49f1fb2a9\"},\"image\":{\"@id\":\"https:\\\/\\\/renatodias.online\\\/movimento\\\/2023\\\/04\\\/20\\\/os-crimes-da-ditadura-civil-e-militar\\\/#primaryimage\"},\"thumbnailUrl\":\"https:\\\/\\\/renatodias.online\\\/movimento\\\/wp-content\\\/uploads\\\/2021\\\/06\\\/Carlos-Alberto-Brilhante-Ustra-_-1-e1681661667950.jpg\",\"articleSection\":[\"Cidade\"],\"inLanguage\":\"pt-BR\",\"potentialAction\":[{\"@type\":\"CommentAction\",\"name\":\"Comment\",\"target\":[\"https:\\\/\\\/renatodias.online\\\/movimento\\\/2023\\\/04\\\/20\\\/os-crimes-da-ditadura-civil-e-militar\\\/#respond\"]}]},{\"@type\":\"WebPage\",\"@id\":\"https:\\\/\\\/renatodias.online\\\/movimento\\\/2023\\\/04\\\/20\\\/os-crimes-da-ditadura-civil-e-militar\\\/\",\"url\":\"https:\\\/\\\/renatodias.online\\\/movimento\\\/2023\\\/04\\\/20\\\/os-crimes-da-ditadura-civil-e-militar\\\/\",\"name\":\"Os crimes da ditadura civil e militar -\",\"isPartOf\":{\"@id\":\"https:\\\/\\\/renatodias.online\\\/movimento\\\/#website\"},\"primaryImageOfPage\":{\"@id\":\"https:\\\/\\\/renatodias.online\\\/movimento\\\/2023\\\/04\\\/20\\\/os-crimes-da-ditadura-civil-e-militar\\\/#primaryimage\"},\"image\":{\"@id\":\"https:\\\/\\\/renatodias.online\\\/movimento\\\/2023\\\/04\\\/20\\\/os-crimes-da-ditadura-civil-e-militar\\\/#primaryimage\"},\"thumbnailUrl\":\"https:\\\/\\\/renatodias.online\\\/movimento\\\/wp-content\\\/uploads\\\/2021\\\/06\\\/Carlos-Alberto-Brilhante-Ustra-_-1-e1681661667950.jpg\",\"datePublished\":\"2023-04-20T03:26:05+00:00\",\"dateModified\":\"2023-04-20T03:28:01+00:00\",\"breadcrumb\":{\"@id\":\"https:\\\/\\\/renatodias.online\\\/movimento\\\/2023\\\/04\\\/20\\\/os-crimes-da-ditadura-civil-e-militar\\\/#breadcrumb\"},\"inLanguage\":\"pt-BR\",\"potentialAction\":[{\"@type\":\"ReadAction\",\"target\":[\"https:\\\/\\\/renatodias.online\\\/movimento\\\/2023\\\/04\\\/20\\\/os-crimes-da-ditadura-civil-e-militar\\\/\"]}]},{\"@type\":\"ImageObject\",\"inLanguage\":\"pt-BR\",\"@id\":\"https:\\\/\\\/renatodias.online\\\/movimento\\\/2023\\\/04\\\/20\\\/os-crimes-da-ditadura-civil-e-militar\\\/#primaryimage\",\"url\":\"https:\\\/\\\/renatodias.online\\\/movimento\\\/wp-content\\\/uploads\\\/2021\\\/06\\\/Carlos-Alberto-Brilhante-Ustra-_-1-e1681661667950.jpg\",\"contentUrl\":\"https:\\\/\\\/renatodias.online\\\/movimento\\\/wp-content\\\/uploads\\\/2021\\\/06\\\/Carlos-Alberto-Brilhante-Ustra-_-1-e1681661667950.jpg\",\"width\":800,\"height\":479,\"caption\":\"Coronel Carlos Alberto Brilhante Ustra\"},{\"@type\":\"BreadcrumbList\",\"@id\":\"https:\\\/\\\/renatodias.online\\\/movimento\\\/2023\\\/04\\\/20\\\/os-crimes-da-ditadura-civil-e-militar\\\/#breadcrumb\",\"itemListElement\":[{\"@type\":\"ListItem\",\"position\":1,\"name\":\"In\u00edcio\",\"item\":\"https:\\\/\\\/renatodias.online\\\/movimento\\\/\"},{\"@type\":\"ListItem\",\"position\":2,\"name\":\"Os crimes da ditadura civil e militar\"}]},{\"@type\":\"WebSite\",\"@id\":\"https:\\\/\\\/renatodias.online\\\/movimento\\\/#website\",\"url\":\"https:\\\/\\\/renatodias.online\\\/movimento\\\/\",\"name\":\"\",\"description\":\"\",\"publisher\":{\"@id\":\"https:\\\/\\\/renatodias.online\\\/movimento\\\/#\\\/schema\\\/person\\\/bbab28833b1725a20f4083f49f1fb2a9\"},\"potentialAction\":[{\"@type\":\"SearchAction\",\"target\":{\"@type\":\"EntryPoint\",\"urlTemplate\":\"https:\\\/\\\/renatodias.online\\\/movimento\\\/?s={search_term_string}\"},\"query-input\":{\"@type\":\"PropertyValueSpecification\",\"valueRequired\":true,\"valueName\":\"search_term_string\"}}],\"inLanguage\":\"pt-BR\"},{\"@type\":[\"Person\",\"Organization\"],\"@id\":\"https:\\\/\\\/renatodias.online\\\/movimento\\\/#\\\/schema\\\/person\\\/bbab28833b1725a20f4083f49f1fb2a9\",\"name\":\"Renato Dias\",\"image\":{\"@type\":\"ImageObject\",\"inLanguage\":\"pt-BR\",\"@id\":\"https:\\\/\\\/renatodias.online\\\/movimento\\\/wp-content\\\/uploads\\\/2023\\\/03\\\/cropped-cropped-cropped-logofinal.jpeg\",\"url\":\"https:\\\/\\\/renatodias.online\\\/movimento\\\/wp-content\\\/uploads\\\/2023\\\/03\\\/cropped-cropped-cropped-logofinal.jpeg\",\"contentUrl\":\"https:\\\/\\\/renatodias.online\\\/movimento\\\/wp-content\\\/uploads\\\/2023\\\/03\\\/cropped-cropped-cropped-logofinal.jpeg\",\"width\":1280,\"height\":219,\"caption\":\"Renato Dias\"},\"logo\":{\"@id\":\"https:\\\/\\\/renatodias.online\\\/movimento\\\/wp-content\\\/uploads\\\/2023\\\/03\\\/cropped-cropped-cropped-logofinal.jpeg\"},\"description\":\"Renato Dias, 58 anos, \u00e9 graduado em Jornalismo, formado em Ci\u00eancias Sociais, com p\u00f3s-gradua\u00e7\u00e3o em Pol\u00edticas P\u00fablicas, mestre em Direito e Rela\u00e7\u00f5es Internacionais, ex-aluno extraordin\u00e1rio do Doutorado em Psicologia Social, ex-estudante do Curso de Psican\u00e1lise do Centro de Estudos Psicanal\u00edticos do Estado de Goi\u00e1s, ministrado pelo m\u00e9dico psiquiatra e psicanalista Daniel Em\u00eddio de Souza. \u00c9 autor de 30 livros-reportagem, oito document\u00e1rios, ganhou 30 pr\u00eamios e \u00e9 torcedor apaixonado do maior do Centro-Oeste, o Vila Nova Futebol Clube. Casado com Meirilane Dias, \u00e9 pai de Juliana Dias, jornalista; Daniel Dias, economista; e Maria Rosa Dias, estudante antifascista, socialista e trotskista.\u00a0Com tr\u00eas pets: Porquinho [Bull Dog Franc\u00eas], Dalila [Basset Hound] e Geleia [Basset Hound]. Al\u00e9m do eterno gato Tutuquinho, que virou estrela.\",\"sameAs\":[\"https:\\\/\\\/www.facebook.com\\\/renato.dias.37\",\"#breve\",\"https:\\\/\\\/renatodias.tumblr.com\\\/\"],\"url\":\"https:\\\/\\\/renatodias.online\\\/movimento\\\/author\\\/renatodias\\\/\"}]}<\/script>\n<!-- \/ Yoast SEO plugin. -->","yoast_head_json":{"title":"Os crimes da ditadura civil e militar -","robots":{"index":"index","follow":"follow","max-snippet":"max-snippet:-1","max-image-preview":"max-image-preview:large","max-video-preview":"max-video-preview:-1"},"canonical":"https:\/\/renatodias.online\/movimento\/2023\/04\/20\/os-crimes-da-ditadura-civil-e-militar\/","og_locale":"pt_BR","og_type":"article","og_title":"Os crimes da ditadura civil e militar -","og_description":"Mem\u00f3ria sufocada: document\u00e1rio Hist\u00f3ria e cinema www.memoriasufocada.com.br _ Nunca houve mortes nas depend\u00eancias do DOI-CODI, II Ex\u00e9rcito, sediado em S\u00e3o Paulo. \u00c9 o que afirma, em narrativa caricatural, o coronel reformado do Ex\u00e9rcito Brasileiro [EB] Carlos Alberto Brilhante Ustra. Mais: o seu depoimento \u00e0 Comiss\u00e3o Nacional da Verdade foi realizado em 10 de maio de","og_url":"https:\/\/renatodias.online\/movimento\/2023\/04\/20\/os-crimes-da-ditadura-civil-e-militar\/","article_publisher":"https:\/\/www.facebook.com\/renato.dias.37","article_author":"https:\/\/www.facebook.com\/renato.dias.37","article_published_time":"2023-04-20T03:26:05+00:00","article_modified_time":"2023-04-20T03:28:01+00:00","og_image":[{"width":800,"height":479,"url":"https:\/\/renatodias.online\/movimento\/wp-content\/uploads\/2021\/06\/Carlos-Alberto-Brilhante-Ustra-_-1-e1681661667950.jpg","type":"image\/jpeg"}],"author":"Renato Dias","twitter_card":"summary_large_image","twitter_creator":"@RenatoDiasBat","twitter_site":"@RenatoDiasBat","twitter_misc":{"Escrito por":"Renato Dias","Est. tempo de leitura":"6 minutos"},"schema":{"@context":"https:\/\/schema.org","@graph":[{"@type":"Article","@id":"https:\/\/renatodias.online\/movimento\/2023\/04\/20\/os-crimes-da-ditadura-civil-e-militar\/#article","isPartOf":{"@id":"https:\/\/renatodias.online\/movimento\/2023\/04\/20\/os-crimes-da-ditadura-civil-e-militar\/"},"author":{"name":"Renato Dias","@id":"https:\/\/renatodias.online\/movimento\/#\/schema\/person\/bbab28833b1725a20f4083f49f1fb2a9"},"headline":"Os crimes da ditadura civil e militar","datePublished":"2023-04-20T03:26:05+00:00","dateModified":"2023-04-20T03:28:01+00:00","mainEntityOfPage":{"@id":"https:\/\/renatodias.online\/movimento\/2023\/04\/20\/os-crimes-da-ditadura-civil-e-militar\/"},"wordCount":594,"commentCount":0,"publisher":{"@id":"https:\/\/renatodias.online\/movimento\/#\/schema\/person\/bbab28833b1725a20f4083f49f1fb2a9"},"image":{"@id":"https:\/\/renatodias.online\/movimento\/2023\/04\/20\/os-crimes-da-ditadura-civil-e-militar\/#primaryimage"},"thumbnailUrl":"https:\/\/renatodias.online\/movimento\/wp-content\/uploads\/2021\/06\/Carlos-Alberto-Brilhante-Ustra-_-1-e1681661667950.jpg","articleSection":["Cidade"],"inLanguage":"pt-BR","potentialAction":[{"@type":"CommentAction","name":"Comment","target":["https:\/\/renatodias.online\/movimento\/2023\/04\/20\/os-crimes-da-ditadura-civil-e-militar\/#respond"]}]},{"@type":"WebPage","@id":"https:\/\/renatodias.online\/movimento\/2023\/04\/20\/os-crimes-da-ditadura-civil-e-militar\/","url":"https:\/\/renatodias.online\/movimento\/2023\/04\/20\/os-crimes-da-ditadura-civil-e-militar\/","name":"Os crimes da ditadura civil e militar -","isPartOf":{"@id":"https:\/\/renatodias.online\/movimento\/#website"},"primaryImageOfPage":{"@id":"https:\/\/renatodias.online\/movimento\/2023\/04\/20\/os-crimes-da-ditadura-civil-e-militar\/#primaryimage"},"image":{"@id":"https:\/\/renatodias.online\/movimento\/2023\/04\/20\/os-crimes-da-ditadura-civil-e-militar\/#primaryimage"},"thumbnailUrl":"https:\/\/renatodias.online\/movimento\/wp-content\/uploads\/2021\/06\/Carlos-Alberto-Brilhante-Ustra-_-1-e1681661667950.jpg","datePublished":"2023-04-20T03:26:05+00:00","dateModified":"2023-04-20T03:28:01+00:00","breadcrumb":{"@id":"https:\/\/renatodias.online\/movimento\/2023\/04\/20\/os-crimes-da-ditadura-civil-e-militar\/#breadcrumb"},"inLanguage":"pt-BR","potentialAction":[{"@type":"ReadAction","target":["https:\/\/renatodias.online\/movimento\/2023\/04\/20\/os-crimes-da-ditadura-civil-e-militar\/"]}]},{"@type":"ImageObject","inLanguage":"pt-BR","@id":"https:\/\/renatodias.online\/movimento\/2023\/04\/20\/os-crimes-da-ditadura-civil-e-militar\/#primaryimage","url":"https:\/\/renatodias.online\/movimento\/wp-content\/uploads\/2021\/06\/Carlos-Alberto-Brilhante-Ustra-_-1-e1681661667950.jpg","contentUrl":"https:\/\/renatodias.online\/movimento\/wp-content\/uploads\/2021\/06\/Carlos-Alberto-Brilhante-Ustra-_-1-e1681661667950.jpg","width":800,"height":479,"caption":"Coronel Carlos Alberto Brilhante Ustra"},{"@type":"BreadcrumbList","@id":"https:\/\/renatodias.online\/movimento\/2023\/04\/20\/os-crimes-da-ditadura-civil-e-militar\/#breadcrumb","itemListElement":[{"@type":"ListItem","position":1,"name":"In\u00edcio","item":"https:\/\/renatodias.online\/movimento\/"},{"@type":"ListItem","position":2,"name":"Os crimes da ditadura civil e militar"}]},{"@type":"WebSite","@id":"https:\/\/renatodias.online\/movimento\/#website","url":"https:\/\/renatodias.online\/movimento\/","name":"","description":"","publisher":{"@id":"https:\/\/renatodias.online\/movimento\/#\/schema\/person\/bbab28833b1725a20f4083f49f1fb2a9"},"potentialAction":[{"@type":"SearchAction","target":{"@type":"EntryPoint","urlTemplate":"https:\/\/renatodias.online\/movimento\/?s={search_term_string}"},"query-input":{"@type":"PropertyValueSpecification","valueRequired":true,"valueName":"search_term_string"}}],"inLanguage":"pt-BR"},{"@type":["Person","Organization"],"@id":"https:\/\/renatodias.online\/movimento\/#\/schema\/person\/bbab28833b1725a20f4083f49f1fb2a9","name":"Renato Dias","image":{"@type":"ImageObject","inLanguage":"pt-BR","@id":"https:\/\/renatodias.online\/movimento\/wp-content\/uploads\/2023\/03\/cropped-cropped-cropped-logofinal.jpeg","url":"https:\/\/renatodias.online\/movimento\/wp-content\/uploads\/2023\/03\/cropped-cropped-cropped-logofinal.jpeg","contentUrl":"https:\/\/renatodias.online\/movimento\/wp-content\/uploads\/2023\/03\/cropped-cropped-cropped-logofinal.jpeg","width":1280,"height":219,"caption":"Renato Dias"},"logo":{"@id":"https:\/\/renatodias.online\/movimento\/wp-content\/uploads\/2023\/03\/cropped-cropped-cropped-logofinal.jpeg"},"description":"Renato Dias, 58 anos, \u00e9 graduado em Jornalismo, formado em Ci\u00eancias Sociais, com p\u00f3s-gradua\u00e7\u00e3o em Pol\u00edticas P\u00fablicas, mestre em Direito e Rela\u00e7\u00f5es Internacionais, ex-aluno extraordin\u00e1rio do Doutorado em Psicologia Social, ex-estudante do Curso de Psican\u00e1lise do Centro de Estudos Psicanal\u00edticos do Estado de Goi\u00e1s, ministrado pelo m\u00e9dico psiquiatra e psicanalista Daniel Em\u00eddio de Souza. \u00c9 autor de 30 livros-reportagem, oito document\u00e1rios, ganhou 30 pr\u00eamios e \u00e9 torcedor apaixonado do maior do Centro-Oeste, o Vila Nova Futebol Clube. Casado com Meirilane Dias, \u00e9 pai de Juliana Dias, jornalista; Daniel Dias, economista; e Maria Rosa Dias, estudante antifascista, socialista e trotskista.\u00a0Com tr\u00eas pets: Porquinho [Bull Dog Franc\u00eas], Dalila [Basset Hound] e Geleia [Basset Hound]. Al\u00e9m do eterno gato Tutuquinho, que virou estrela.","sameAs":["https:\/\/www.facebook.com\/renato.dias.37","#breve","https:\/\/renatodias.tumblr.com\/"],"url":"https:\/\/renatodias.online\/movimento\/author\/renatodias\/"}]}},"_links":{"self":[{"href":"https:\/\/renatodias.online\/movimento\/wp-json\/wp\/v2\/posts\/16523","targetHints":{"allow":["GET"]}}],"collection":[{"href":"https:\/\/renatodias.online\/movimento\/wp-json\/wp\/v2\/posts"}],"about":[{"href":"https:\/\/renatodias.online\/movimento\/wp-json\/wp\/v2\/types\/post"}],"author":[{"embeddable":true,"href":"https:\/\/renatodias.online\/movimento\/wp-json\/wp\/v2\/users\/2"}],"replies":[{"embeddable":true,"href":"https:\/\/renatodias.online\/movimento\/wp-json\/wp\/v2\/comments?post=16523"}],"version-history":[{"count":2,"href":"https:\/\/renatodias.online\/movimento\/wp-json\/wp\/v2\/posts\/16523\/revisions"}],"predecessor-version":[{"id":16526,"href":"https:\/\/renatodias.online\/movimento\/wp-json\/wp\/v2\/posts\/16523\/revisions\/16526"}],"wp:featuredmedia":[{"embeddable":true,"href":"https:\/\/renatodias.online\/movimento\/wp-json\/wp\/v2\/media\/7378"}],"wp:attachment":[{"href":"https:\/\/renatodias.online\/movimento\/wp-json\/wp\/v2\/media?parent=16523"}],"wp:term":[{"taxonomy":"category","embeddable":true,"href":"https:\/\/renatodias.online\/movimento\/wp-json\/wp\/v2\/categories?post=16523"},{"taxonomy":"post_tag","embeddable":true,"href":"https:\/\/renatodias.online\/movimento\/wp-json\/wp\/v2\/tags?post=16523"}],"curies":[{"name":"wp","href":"https:\/\/api.w.org\/{rel}","templated":true}]}}