{"id":16431,"date":"2023-04-14T23:07:59","date_gmt":"2023-04-15T02:07:59","guid":{"rendered":"https:\/\/renatodias.online\/movimento\/?p=16431"},"modified":"2023-04-14T23:08:00","modified_gmt":"2023-04-15T02:08:00","slug":"rede-democracia","status":"publish","type":"post","link":"https:\/\/renatodias.online\/movimento\/2023\/04\/14\/rede-democracia\/","title":{"rendered":"Rede Democracia"},"content":{"rendered":"\n<figure class=\"wp-block-image aligncenter size-large\"><img loading=\"lazy\" decoding=\"async\" width=\"1024\" height=\"311\" src=\"https:\/\/renatodias.online\/movimento\/wp-content\/uploads\/2020\/11\/Alto-da-p\u00e1gina-Banner-Exclusivo-1-1024x311.png\" alt=\"\" class=\"wp-image-4894\"\/><\/figure>\n\n\n\n<p>Um grupo de ativistas d\u00e1 um passo importante, no \u00faltimo 25 de fevereiro de 2023, com a cria\u00e7\u00e3o da Rede Democracia. Em termos de comunica\u00e7\u00e3o, \u00e9 uma a\u00e7\u00e3o contribuitiva e colaborativa. Reuniremos \u2013 e tamb\u00e9m produziremos \u2013 conte\u00fados informativos, anal\u00edticos, culturais, art\u00edsticos, educativos, todos com um sentido pol\u00edtico de preservar a aprofundar a democracia em nosso pa\u00eds. O que s\u00f3 \u00e9 poss\u00edvel respeitando os direitos humanos \u2013 por uma vida digna para todos \u2013 e defendendo o meio ambiente. Em termos de a\u00e7\u00e3o pol\u00edtica na sociedade, agiremos para ampliar as alian\u00e7as e parcerias, visando criar um \u2018meio de campo\u2019 para a defesa da democracia e dos direitos humanos da sociedade civil. Apoiamos o governo que ajudamos a constituir com a vit\u00f3ria de 30 de outubro, ao mesmo tempo em que mantemos nossa independ\u00eancia em rela\u00e7\u00e3o a ele. Somos uma iniciativa da sociedade civil.<\/p>\n\n\n\n<figure class=\"wp-block-image aligncenter size-full\"><img loading=\"lazy\" decoding=\"async\" width=\"348\" height=\"499\" src=\"https:\/\/renatodias.online\/movimento\/wp-content\/uploads\/2020\/06\/Capa-do-livro-Como-as-democracias-morrem.jpg\" alt=\"\" class=\"wp-image-3941\" srcset=\"https:\/\/renatodias.online\/movimento\/wp-content\/uploads\/2020\/06\/Capa-do-livro-Como-as-democracias-morrem.jpg 348w, https:\/\/renatodias.online\/movimento\/wp-content\/uploads\/2020\/06\/Capa-do-livro-Como-as-democracias-morrem-209x300.jpg 209w\" sizes=\"auto, (max-width: 348px) 100vw, 348px\" \/><\/figure>\n\n\n\n<p>Como parte das \u2018tarefas de casa\u2019 de cada organiza\u00e7\u00e3o e movimento que integra a Rede Democracia, nos propomos a criar F\u00f3runs Sociais Fome Nunca Mais \u2013 uma campanha que nasce junto com a Rede Democracia, baseada em f\u00f3runs sociais de vizinhan\u00e7a ou de comunidade, e que a pr\u00f3pria Rede dar\u00e1 o suporte na \u00e1rea de forma\u00e7\u00e3o dos ativistas e na comunica\u00e7\u00e3o. \u00a0Como outra particularidade do que somos, temos entre n\u00f3s um grupo de empresas da \u00e1rea de comunica\u00e7\u00e3o, reunidas no cons\u00f3rcio DHCom (Direitos Humanos Comunica\u00e7\u00f5es), cujos propriet\u00e1rios e s\u00f3cios, ativistas defensores das mesmas bandeiras que os participantes da Rede Democracia, desde j\u00e1 prestam o suporte operacional para nossas decis\u00f5es em comunica\u00e7\u00e3o e eventos.<\/p>\n\n\n\n<figure class=\"wp-block-image aligncenter size-full\"><img loading=\"lazy\" decoding=\"async\" width=\"360\" height=\"261\" src=\"https:\/\/renatodias.online\/movimento\/wp-content\/uploads\/2022\/03\/Direitos-Humanos-Link-e1646700445652.jpg\" alt=\"\" class=\"wp-image-11150\"\/><figcaption class=\"wp-element-caption\"><strong>Direitos Humanos no Brasil: para quem?<\/strong><\/figcaption><\/figure>\n\n\n\n<p>Assim, em nossas iniciativas iremos bem al\u00e9m de combater as campanhas de \u00f3dio das \u2018f\u00e1bricas de mentiras\u2019 (produtores de Fake News). Certamente, faremos isso, junto com os jornalistas brasileiros em geral e todos aqueles que baseiam suas a\u00e7\u00f5es na verdade factual. Nosso compromisso \u00e9 com a defesa da democracia e sabemos que boas informa\u00e7\u00f5es e uma melhor educa\u00e7\u00e3o pol\u00edtica dos brasileiros e brasileiras s\u00e3o essenciais para afastar definitivamente do poder a amea\u00e7a fascista. Mas vamos, tamb\u00e9m, participar ativamente dos processos de mobiliza\u00e7\u00e3o e articula\u00e7\u00e3o da sociedade, seja para novas manifesta\u00e7\u00f5es de rua, seja para o crescimento e a consolida\u00e7\u00e3o dos movimentos j\u00e1 existentes. No momento \u2013 e por enquanto \u2013, somos um grupo de 22 pessoas, n\u00facleo pol\u00edtico<a id=\"_ftnref1\" href=\"#_ftn1\">[1]<\/a> pr\u00f3 direitos humanos e democracia, de diferentes movimentos e organiza\u00e7\u00f5es, empenhadas na cria\u00e7\u00e3o da Rede Democracia.<\/p>\n\n\n\n<figure class=\"wp-block-image aligncenter size-full\"><img loading=\"lazy\" decoding=\"async\" width=\"800\" height=\"481\" src=\"https:\/\/renatodias.online\/movimento\/wp-content\/uploads\/2023\/01\/Terrorismo-4-e1681524225956.png\" alt=\"\" class=\"wp-image-15291\" srcset=\"https:\/\/renatodias.online\/movimento\/wp-content\/uploads\/2023\/01\/Terrorismo-4-e1681524225956.png 800w, https:\/\/renatodias.online\/movimento\/wp-content\/uploads\/2023\/01\/Terrorismo-4-e1681524225956-300x180.png 300w, https:\/\/renatodias.online\/movimento\/wp-content\/uploads\/2023\/01\/Terrorismo-4-e1681524225956-768x462.png 768w, https:\/\/renatodias.online\/movimento\/wp-content\/uploads\/2023\/01\/Terrorismo-4-e1681524225956-150x90.png 150w\" sizes=\"auto, (max-width: 800px) 100vw, 800px\" \/><figcaption class=\"wp-element-caption\"><strong>Terror, viol\u00eancia e desestabiliza\u00e7\u00e3o<\/strong><\/figcaption><\/figure>\n\n\n\n<p class=\"has-text-align-center\"><strong>Por qu\u00ea?<\/strong><\/p>\n\n\n\n<p>O governo de coaliz\u00e3o que apoiamos e que saiu vencedor nas urnas no 30 de outubro j\u00e1 est\u00e1 \u2013 e continuar\u00e1 \u2013 sob ataque dos bolsonaristas e conservadores em geral. Est\u00e1 a\u00ed a tentativa frustrada de golpe de estado de 8 de janeiro, como mostra viva do que afirmamos. Para vingar, o governo democr\u00e1tico precisa de um forte e amplo apoio popular. Em 2014, ainda durante o primeiro Governo Dilma, a FAO retirou o Brasil do Mapa da Fome. N\u00e3o se passaram mais do que quatro anos para que ela voltasse. Com os governos que se instalaram primeiro em 2016 e depois o governo de destrui\u00e7\u00e3o de 2018, mais a pandemia, a situa\u00e7\u00e3o ficou ainda pior do que antes: a fome chegou a atingir mais da metade da popula\u00e7\u00e3o brasileira, em diferentes intensidades. O governo fascistizante foi fruto, entre outros fatores, do crescimento e da organiza\u00e7\u00e3o da extrema direita, assim como da fraca articula\u00e7\u00e3o entre as for\u00e7as de esquerda e progressistas, com representa\u00e7\u00e3o minorit\u00e1ria no Congresso Nacional e um baixo n\u00edvel de mobiliza\u00e7\u00e3o nas ruas.<\/p>\n\n\n\n<figure class=\"wp-block-image aligncenter size-full\"><img loading=\"lazy\" decoding=\"async\" width=\"868\" height=\"644\" src=\"https:\/\/renatodias.online\/movimento\/wp-content\/uploads\/2021\/12\/Lula-e-Dilma.jpg\" alt=\"\" class=\"wp-image-10035\"\/><figcaption class=\"wp-element-caption\"><strong>Luiz In\u00e1cio Lula da Silva e Dilma Rousseff<\/strong><\/figcaption><\/figure>\n\n\n\n<p>A vit\u00f3ria no 30 de outubro nos d\u00e1 uma oportunidade de reverter a situa\u00e7\u00e3o. Temos melhores condi\u00e7\u00f5es para manter a luta em defesa da democracia. Mas, aten\u00e7\u00e3o: a diferen\u00e7a entre as vota\u00e7\u00f5es das duas candidaturas foi de apenas 1,8%. A extrema direita conseguiu amealhar votos em parcelas muito amplas da popula\u00e7\u00e3o, resultado de um trabalho meticuloso e persistente de domina\u00e7\u00e3o das consci\u00eancias. Trabalho que vai continuar. A utiliza\u00e7\u00e3o das redes sociais, agora com o incremento do uso da Intelig\u00eancia Artificial, permitir\u00e1 que as consci\u00eancias continuem sendo manipuladas, uma vez que para esse trabalho a extrema direita conta com forte apoio financeiro, de dentro e fora do pa\u00eds. Trata-se de uma verdadeira guerra cultural, na qual enfrentamos um inimigo poderos\u00edssimo. Essa \u00e9 \u2013 em tra\u00e7os sint\u00e9ticos \u2013 a conjuntura na qual a Rede Democracia vai atuar.<\/p>\n\n\n\n<p class=\"has-text-align-center\"><strong>Duas conclus\u00f5es<\/strong><\/p>\n\n\n\n<p>Duas conclus\u00f5es se imp\u00f5em. \u00c9 fundamental que nos mantenhamos independentes do governo, pois disso depender\u00e1 em boa parte a efic\u00e1cia da defesa que faremos de suas a\u00e7\u00f5es. Vimos como foi fundamental, em 2016 e 2018, a falta de apoio popular e de articula\u00e7\u00e3o entre as diversas for\u00e7as pol\u00edticas democr\u00e1ticas para que o fascismo se instalasse no poder. &nbsp;Por outro lado, \u00e9 important\u00edssimo n\u00e3o nos contentemos com pouco. Precisamos pensar em conquistar o meio de campo na articula\u00e7\u00e3o da comunica\u00e7\u00e3o das for\u00e7as sociais que se movem na defesa do governo, dos direitos humanos e da democracia.<\/p>\n\n\n\n<p class=\"has-text-align-center\"><strong>De onde partimos<\/strong><\/p>\n\n\n\n<p>A Rede Democracia atuar\u00e1 principalmente na Internet, com um portal, utilizando diferentes linguagens (voz, v\u00eddeo, foto e texto). Pretende se constituir paulatinamente. Inicialmente como um ponto de converg\u00eancia das produ\u00e7\u00f5es e dos fazeres desenvolvidos pelos participantes da iniciativa, na \u00e1rea de comunica\u00e7\u00e3o. \u00a0A essa produ\u00e7\u00e3o j\u00e1 existente, pretende-se agregar um boletim di\u00e1rio em texto e outro em podcast, contendo o essencial da defesa dos direitos humanos e das lutas por uma democracia inclusiva no Brasil. A Rede Democracia ser\u00e1, tamb\u00e9m, o suporte de comunica\u00e7\u00e3o para a montagem dos F\u00f3runs Sociais de comunidade ou vizinhan\u00e7a, como agentes da campanha FOME NUNCA MAIS, a ser lan\u00e7ada pelos movimentos e organiza\u00e7\u00f5es que participam da Rede Democracia.<\/p>\n\n\n\n<figure class=\"wp-block-image aligncenter size-full\"><img loading=\"lazy\" decoding=\"async\" width=\"300\" height=\"103\" src=\"https:\/\/renatodias.online\/movimento\/wp-content\/uploads\/2022\/08\/Saiba-mais-e1680139445250.png\" alt=\"\" class=\"wp-image-13698\" srcset=\"https:\/\/renatodias.online\/movimento\/wp-content\/uploads\/2022\/08\/Saiba-mais-e1680139445250.png 300w, https:\/\/renatodias.online\/movimento\/wp-content\/uploads\/2022\/08\/Saiba-mais-e1680139445250-150x52.png 150w\" sizes=\"auto, (max-width: 300px) 100vw, 300px\" \/><\/figure>\n\n\n\n<p>Simultaneamente, pretendemos contactar as for\u00e7as da sociedade brasileira e dos governos que t\u00eam na democracia inclusiva um ponto de converg\u00eancia para convid\u00e1-las a fazer parte de uma ampla rede de comunica\u00e7\u00e3o capaz de enfrentar o fascismo. Os temas abordados \u2013 direitos humanos (com destaque para o combate \u00e0 fome), sa\u00fade p\u00fablica, educa\u00e7\u00e3o, direitos trabalhistas, separa\u00e7\u00e3o entre religi\u00e3o e administra\u00e7\u00e3o p\u00fablica \u2013 buscar\u00e3o sempre o di\u00e1logo com a popula\u00e7\u00e3o. Em termos de p\u00fablicos a atingir, vamos come\u00e7ar trabalhando com os p\u00fablicos dos movimentos e organiza\u00e7\u00f5es participantes, ampliando na medida e no ritmo em que formos incluindo novos parceiros.<\/p>\n\n\n\n<figure class=\"wp-block-image aligncenter size-full\"><img loading=\"lazy\" decoding=\"async\" width=\"300\" height=\"158\" src=\"https:\/\/renatodias.online\/movimento\/wp-content\/uploads\/2022\/07\/Democracia-e1681524089411.jpg\" alt=\"\" class=\"wp-image-13369\" srcset=\"https:\/\/renatodias.online\/movimento\/wp-content\/uploads\/2022\/07\/Democracia-e1681524089411.jpg 300w, https:\/\/renatodias.online\/movimento\/wp-content\/uploads\/2022\/07\/Democracia-e1681524089411-150x79.jpg 150w\" sizes=\"auto, (max-width: 300px) 100vw, 300px\" \/><figcaption class=\"wp-element-caption\">Democracia<\/figcaption><\/figure>\n\n\n\n<p>Contudo, desde o in\u00edcio buscaremos um p\u00fablico maior entre aqueles e aquelas brasileiros(as) que se comunicam por outras linguagens que n\u00e3o os textos das not\u00edcias ou an\u00e1lises. Usam voz, imagem, m\u00fasica, humor&#8230; Nas pesquisas de consumo s\u00e3o as classes c, d e e. Na realidade, s\u00e3o a grande maioria da popula\u00e7\u00e3o brasileira, s\u00f3 lembrada na hora de vender produtos e da refor\u00e7ar preconceitos, como nos programas policiais da TV. Ou quando \u00e9 preciso enganar a pessoa para votar em um troglodita dizendo que este \u00e9 \u2018amante a Deus, \u00e0 fam\u00edlia e \u00e0s boas coisas\u2019, enquanto o restante \u00e9 amante do diabo. Para suportar as a\u00e7\u00f5es de comunica\u00e7\u00e3o da Rede contamos com a DHCom Comunica\u00e7\u00f5es, uma ag\u00eancia formada por quatro empresas<a id=\"_ftnref2\" href=\"#_ftn2\">[2]<\/a>, cujos propriet\u00e1rios e dirigentes s\u00e3o ativistas com largo hist\u00f3rico de contribui\u00e7\u00e3o \u00e0s lutas sociais em nosso pa\u00eds. A DHCom apresentar\u00e1 aqui alguns trabalhos j\u00e1 em andamento.<\/p>\n\n\n\n<figure class=\"wp-block-image aligncenter size-full\"><img decoding=\"async\" src=\"https:\/\/renatodias.online\/movimento\/wp-content\/uploads\/2023\/04\/Veja-e1680475225663.jpg\" alt=\"\" class=\"wp-image-16291\"\/><\/figure>\n\n\n\n<p class=\"has-text-align-center\"><strong>Para concluir, em tra\u00e7os muito simples, o plano de voo \u00e9 o seguinte:<\/strong><\/p>\n\n\n\n<p>1 \u2013 Come\u00e7amos articulando nossas iniciativas (ser\u00e3o expostas pelos participantes em suas falas na reuni\u00e3o de 25\/2) em um portal, no trabalho com a identifica\u00e7\u00e3o dos diferentes p\u00fablicos j\u00e1 existentes, como poderemos agregar novos p\u00fablicos, em um boletim di\u00e1rio (por texto e em podcast). Ser\u00e1 um per\u00edodo de muito aprendizado;<\/p>\n\n\n\n<p>2 \u2013 Simultaneamente, iniciamos um trabalho planejado e levado a cabo de forma sistem\u00e1tica de articula\u00e7\u00e3o com as for\u00e7as pol\u00edticas e as iniciativas de comunica\u00e7\u00e3o e de mobiliza\u00e7\u00e3o existentes no terreno popular, democr\u00e1tico, pr\u00f3-direitos humanos (especificamente, o combate \u00e0 fome) e pr\u00f3-democracia inclusiva;<\/p>\n\n\n\n<p>3 \u2013 Lan\u00e7amos, cada um de n\u00f3s em um territ\u00f3rio que seja prop\u00edcio, as primeiras iniciativas de F\u00f3runs Sociais Fome Nunca Mais (para isso, precisaremos de dois ou tr\u00eas meses de prepara\u00e7\u00e3o do material para dar os subs\u00eddios a essas iniciativas).<\/p>\n\n\n\n<p>Cada uma dessas iniciativas contar\u00e1 com uma retaguarda de comunica\u00e7\u00e3o da DHCom, base operacional da Rede Democracia.<\/p>\n\n\n\n<figure class=\"wp-block-image aligncenter size-full\"><img decoding=\"async\" src=\"https:\/\/renatodias.online\/movimento\/wp-content\/uploads\/2022\/08\/Raio-X-especial-e1680139645191.png\" alt=\"\" class=\"wp-image-13781\"\/><\/figure>\n\n\n\n<p class=\"has-text-align-center\"><strong>Movimentos e organiza\u00e7\u00f5es (que j\u00e1 participam e que est\u00e3o sendo convidadas a participar<\/strong><\/p>\n\n\n\n<p>&#8211; Ci\u00eancia na Rua;<\/p>\n\n\n\n<p>&#8211; Comiss\u00e3o Justi\u00e7a e Paz de S\u00e3o Paulo;<\/p>\n\n\n\n<p>&#8211; Confedera\u00e7\u00e3o Nacional dos Trabalhadores Universit\u00e1rios Liberais<\/p>\n\n\n\n<p>&nbsp;&nbsp; Regulamentados \u2013 CNTU;<\/p>\n\n\n\n<p>&#8211; Engenharia pela Democracia (EngD);<\/p>\n\n\n\n<p>&#8211; F\u00f3rum 21;<\/p>\n\n\n\n<p>&#8211; Frente Inter Religiosa Dom Paulo Evaristo Arns;<\/p>\n\n\n\n<p>&#8211; INTC-Combate \u00e0 Fome;<\/p>\n\n\n\n<p>&#8211; Intelectuais progressistas org\u00e2nicos;<\/p>\n\n\n\n<p>&#8211; Movimento Gera\u00e7\u00e3o 68 Sempre na luta;<\/p>\n\n\n\n<p>&#8211; Photoa\u00e7\u00e3o (Wanderley de Oliveira);<\/p>\n\n\n\n<p>&#8211; Prima Est\u00fadio (Rubens e M\u00edriam Meyer;<\/p>\n\n\n\n<p>&#8211; Pyra Art&amp;Empresa (Tadeu Di Pyetro e Roberto Marti);<\/p>\n\n\n\n<p>&#8211; Site O Candeeiro;<\/p>\n\n\n\n<p>&#8211; Via TV (Rubens Cachoeira).<\/p>\n\n\n\n<p><\/p>\n\n\n\n<hr class=\"wp-block-separator has-alpha-channel-opacity\"\/>\n\n\n\n<p><a href=\"#_ftnref1\" id=\"_ftn1\">[1]<\/a> Estamos avaliando diferentes formas de organiza\u00e7\u00e3o desse n\u00facleo. Uma das possibilidades \u00e9 que o grupo passe a ser o Conselho da Rede Democracia, respons\u00e1vel por contratar os servi\u00e7os de comunica\u00e7\u00e3o necess\u00e1rios \u00e0 DHCom. \u00c9 tema para a reuni\u00e3o deste 25 de fevereiro.<\/p>\n\n\n\n<p><a href=\"#_ftnref2\" id=\"_ftn2\">[2]<\/a> Via TV, Prima Est\u00fadio, Photoa\u00e7\u00e3o e Pyra Art&amp;Empresa.<\/p>\n","protected":false},"excerpt":{"rendered":"<p>Um grupo de ativistas d\u00e1 um passo importante, no \u00faltimo 25 de fevereiro de 2023, com a cria\u00e7\u00e3o da Rede Democracia. Em termos de comunica\u00e7\u00e3o, \u00e9 uma a\u00e7\u00e3o contribuitiva e colaborativa. Reuniremos \u2013 e tamb\u00e9m produziremos \u2013 conte\u00fados informativos, anal\u00edticos, culturais, art\u00edsticos, educativos, todos com um sentido pol\u00edtico de preservar a aprofundar a democracia em<\/p>\n","protected":false},"author":2,"featured_media":15293,"comment_status":"open","ping_status":"open","sticky":false,"template":"","format":"standard","meta":{"_acf_changed":false,"_monsterinsights_skip_tracking":false,"_monsterinsights_sitenote_active":false,"_monsterinsights_sitenote_note":"","_monsterinsights_sitenote_category":0,"footnotes":""},"categories":[4],"tags":[],"class_list":["post-16431","post","type-post","status-publish","format-standard","has-post-thumbnail","hentry","category-politica"],"acf":[],"yoast_head":"<!-- This site is optimized with the Yoast SEO plugin v27.4 - https:\/\/yoast.com\/product\/yoast-seo-wordpress\/ -->\n<title>Rede Democracia -<\/title>\n<meta name=\"robots\" content=\"index, follow, max-snippet:-1, max-image-preview:large, max-video-preview:-1\" \/>\n<link rel=\"canonical\" href=\"https:\/\/renatodias.online\/movimento\/2023\/04\/14\/rede-democracia\/\" \/>\n<meta property=\"og:locale\" content=\"pt_BR\" \/>\n<meta property=\"og:type\" content=\"article\" \/>\n<meta property=\"og:title\" content=\"Rede Democracia -\" \/>\n<meta property=\"og:description\" content=\"Um grupo de ativistas d\u00e1 um passo importante, no \u00faltimo 25 de fevereiro de 2023, com a cria\u00e7\u00e3o da Rede Democracia. Em termos de comunica\u00e7\u00e3o, \u00e9 uma a\u00e7\u00e3o contribuitiva e colaborativa. Reuniremos \u2013 e tamb\u00e9m produziremos \u2013 conte\u00fados informativos, anal\u00edticos, culturais, art\u00edsticos, educativos, todos com um sentido pol\u00edtico de preservar a aprofundar a democracia em\" \/>\n<meta property=\"og:url\" content=\"https:\/\/renatodias.online\/movimento\/2023\/04\/14\/rede-democracia\/\" \/>\n<meta property=\"article:publisher\" content=\"https:\/\/www.facebook.com\/renato.dias.37\" \/>\n<meta property=\"article:author\" content=\"https:\/\/www.facebook.com\/renato.dias.37\" \/>\n<meta property=\"article:published_time\" content=\"2023-04-15T02:07:59+00:00\" \/>\n<meta property=\"article:modified_time\" content=\"2023-04-15T02:08:00+00:00\" \/>\n<meta property=\"og:image\" content=\"https:\/\/renatodias.online\/movimento\/wp-content\/uploads\/2023\/01\/Humor-terror-1-e1681524470385.jpg\" \/>\n\t<meta property=\"og:image:width\" content=\"800\" \/>\n\t<meta property=\"og:image:height\" content=\"386\" \/>\n\t<meta property=\"og:image:type\" content=\"image\/jpeg\" \/>\n<meta name=\"author\" content=\"Renato Dias\" \/>\n<meta name=\"twitter:card\" content=\"summary_large_image\" \/>\n<meta name=\"twitter:creator\" content=\"@RenatoDiasBat\" \/>\n<meta name=\"twitter:site\" content=\"@RenatoDiasBat\" \/>\n<meta name=\"twitter:label1\" content=\"Escrito por\" \/>\n\t<meta name=\"twitter:data1\" content=\"Renato Dias\" \/>\n\t<meta name=\"twitter:label2\" content=\"Est. tempo de leitura\" \/>\n\t<meta name=\"twitter:data2\" content=\"10 minutos\" \/>\n<script type=\"application\/ld+json\" class=\"yoast-schema-graph\">{\"@context\":\"https:\\\/\\\/schema.org\",\"@graph\":[{\"@type\":\"Article\",\"@id\":\"https:\\\/\\\/renatodias.online\\\/movimento\\\/2023\\\/04\\\/14\\\/rede-democracia\\\/#article\",\"isPartOf\":{\"@id\":\"https:\\\/\\\/renatodias.online\\\/movimento\\\/2023\\\/04\\\/14\\\/rede-democracia\\\/\"},\"author\":{\"name\":\"Renato Dias\",\"@id\":\"https:\\\/\\\/renatodias.online\\\/movimento\\\/#\\\/schema\\\/person\\\/bbab28833b1725a20f4083f49f1fb2a9\"},\"headline\":\"Rede Democracia\",\"datePublished\":\"2023-04-15T02:07:59+00:00\",\"dateModified\":\"2023-04-15T02:08:00+00:00\",\"mainEntityOfPage\":{\"@id\":\"https:\\\/\\\/renatodias.online\\\/movimento\\\/2023\\\/04\\\/14\\\/rede-democracia\\\/\"},\"wordCount\":1638,\"commentCount\":0,\"publisher\":{\"@id\":\"https:\\\/\\\/renatodias.online\\\/movimento\\\/#\\\/schema\\\/person\\\/bbab28833b1725a20f4083f49f1fb2a9\"},\"image\":{\"@id\":\"https:\\\/\\\/renatodias.online\\\/movimento\\\/2023\\\/04\\\/14\\\/rede-democracia\\\/#primaryimage\"},\"thumbnailUrl\":\"https:\\\/\\\/renatodias.online\\\/movimento\\\/wp-content\\\/uploads\\\/2023\\\/01\\\/Humor-terror-1-e1681524470385.jpg\",\"articleSection\":[\"Pol\u00edtica\"],\"inLanguage\":\"pt-BR\",\"potentialAction\":[{\"@type\":\"CommentAction\",\"name\":\"Comment\",\"target\":[\"https:\\\/\\\/renatodias.online\\\/movimento\\\/2023\\\/04\\\/14\\\/rede-democracia\\\/#respond\"]}]},{\"@type\":\"WebPage\",\"@id\":\"https:\\\/\\\/renatodias.online\\\/movimento\\\/2023\\\/04\\\/14\\\/rede-democracia\\\/\",\"url\":\"https:\\\/\\\/renatodias.online\\\/movimento\\\/2023\\\/04\\\/14\\\/rede-democracia\\\/\",\"name\":\"Rede Democracia -\",\"isPartOf\":{\"@id\":\"https:\\\/\\\/renatodias.online\\\/movimento\\\/#website\"},\"primaryImageOfPage\":{\"@id\":\"https:\\\/\\\/renatodias.online\\\/movimento\\\/2023\\\/04\\\/14\\\/rede-democracia\\\/#primaryimage\"},\"image\":{\"@id\":\"https:\\\/\\\/renatodias.online\\\/movimento\\\/2023\\\/04\\\/14\\\/rede-democracia\\\/#primaryimage\"},\"thumbnailUrl\":\"https:\\\/\\\/renatodias.online\\\/movimento\\\/wp-content\\\/uploads\\\/2023\\\/01\\\/Humor-terror-1-e1681524470385.jpg\",\"datePublished\":\"2023-04-15T02:07:59+00:00\",\"dateModified\":\"2023-04-15T02:08:00+00:00\",\"breadcrumb\":{\"@id\":\"https:\\\/\\\/renatodias.online\\\/movimento\\\/2023\\\/04\\\/14\\\/rede-democracia\\\/#breadcrumb\"},\"inLanguage\":\"pt-BR\",\"potentialAction\":[{\"@type\":\"ReadAction\",\"target\":[\"https:\\\/\\\/renatodias.online\\\/movimento\\\/2023\\\/04\\\/14\\\/rede-democracia\\\/\"]}]},{\"@type\":\"ImageObject\",\"inLanguage\":\"pt-BR\",\"@id\":\"https:\\\/\\\/renatodias.online\\\/movimento\\\/2023\\\/04\\\/14\\\/rede-democracia\\\/#primaryimage\",\"url\":\"https:\\\/\\\/renatodias.online\\\/movimento\\\/wp-content\\\/uploads\\\/2023\\\/01\\\/Humor-terror-1-e1681524470385.jpg\",\"contentUrl\":\"https:\\\/\\\/renatodias.online\\\/movimento\\\/wp-content\\\/uploads\\\/2023\\\/01\\\/Humor-terror-1-e1681524470385.jpg\",\"width\":800,\"height\":386},{\"@type\":\"BreadcrumbList\",\"@id\":\"https:\\\/\\\/renatodias.online\\\/movimento\\\/2023\\\/04\\\/14\\\/rede-democracia\\\/#breadcrumb\",\"itemListElement\":[{\"@type\":\"ListItem\",\"position\":1,\"name\":\"In\u00edcio\",\"item\":\"https:\\\/\\\/renatodias.online\\\/movimento\\\/\"},{\"@type\":\"ListItem\",\"position\":2,\"name\":\"Rede Democracia\"}]},{\"@type\":\"WebSite\",\"@id\":\"https:\\\/\\\/renatodias.online\\\/movimento\\\/#website\",\"url\":\"https:\\\/\\\/renatodias.online\\\/movimento\\\/\",\"name\":\"\",\"description\":\"\",\"publisher\":{\"@id\":\"https:\\\/\\\/renatodias.online\\\/movimento\\\/#\\\/schema\\\/person\\\/bbab28833b1725a20f4083f49f1fb2a9\"},\"potentialAction\":[{\"@type\":\"SearchAction\",\"target\":{\"@type\":\"EntryPoint\",\"urlTemplate\":\"https:\\\/\\\/renatodias.online\\\/movimento\\\/?s={search_term_string}\"},\"query-input\":{\"@type\":\"PropertyValueSpecification\",\"valueRequired\":true,\"valueName\":\"search_term_string\"}}],\"inLanguage\":\"pt-BR\"},{\"@type\":[\"Person\",\"Organization\"],\"@id\":\"https:\\\/\\\/renatodias.online\\\/movimento\\\/#\\\/schema\\\/person\\\/bbab28833b1725a20f4083f49f1fb2a9\",\"name\":\"Renato Dias\",\"image\":{\"@type\":\"ImageObject\",\"inLanguage\":\"pt-BR\",\"@id\":\"https:\\\/\\\/renatodias.online\\\/movimento\\\/wp-content\\\/uploads\\\/2023\\\/03\\\/cropped-cropped-cropped-logofinal.jpeg\",\"url\":\"https:\\\/\\\/renatodias.online\\\/movimento\\\/wp-content\\\/uploads\\\/2023\\\/03\\\/cropped-cropped-cropped-logofinal.jpeg\",\"contentUrl\":\"https:\\\/\\\/renatodias.online\\\/movimento\\\/wp-content\\\/uploads\\\/2023\\\/03\\\/cropped-cropped-cropped-logofinal.jpeg\",\"width\":1280,\"height\":219,\"caption\":\"Renato Dias\"},\"logo\":{\"@id\":\"https:\\\/\\\/renatodias.online\\\/movimento\\\/wp-content\\\/uploads\\\/2023\\\/03\\\/cropped-cropped-cropped-logofinal.jpeg\"},\"description\":\"Renato Dias, 58 anos, \u00e9 graduado em Jornalismo, formado em Ci\u00eancias Sociais, com p\u00f3s-gradua\u00e7\u00e3o em Pol\u00edticas P\u00fablicas, mestre em Direito e Rela\u00e7\u00f5es Internacionais, ex-aluno extraordin\u00e1rio do Doutorado em Psicologia Social, ex-estudante do Curso de Psican\u00e1lise do Centro de Estudos Psicanal\u00edticos do Estado de Goi\u00e1s, ministrado pelo m\u00e9dico psiquiatra e psicanalista Daniel Em\u00eddio de Souza. \u00c9 autor de 30 livros-reportagem, oito document\u00e1rios, ganhou 30 pr\u00eamios e \u00e9 torcedor apaixonado do maior do Centro-Oeste, o Vila Nova Futebol Clube. Casado com Meirilane Dias, \u00e9 pai de Juliana Dias, jornalista; Daniel Dias, economista; e Maria Rosa Dias, estudante antifascista, socialista e trotskista.\u00a0Com tr\u00eas pets: Porquinho [Bull Dog Franc\u00eas], Dalila [Basset Hound] e Geleia [Basset Hound]. Al\u00e9m do eterno gato Tutuquinho, que virou estrela.\",\"sameAs\":[\"https:\\\/\\\/www.facebook.com\\\/renato.dias.37\",\"#breve\",\"https:\\\/\\\/renatodias.tumblr.com\\\/\"],\"url\":\"https:\\\/\\\/renatodias.online\\\/movimento\\\/author\\\/renatodias\\\/\"}]}<\/script>\n<!-- \/ Yoast SEO plugin. -->","yoast_head_json":{"title":"Rede Democracia -","robots":{"index":"index","follow":"follow","max-snippet":"max-snippet:-1","max-image-preview":"max-image-preview:large","max-video-preview":"max-video-preview:-1"},"canonical":"https:\/\/renatodias.online\/movimento\/2023\/04\/14\/rede-democracia\/","og_locale":"pt_BR","og_type":"article","og_title":"Rede Democracia -","og_description":"Um grupo de ativistas d\u00e1 um passo importante, no \u00faltimo 25 de fevereiro de 2023, com a cria\u00e7\u00e3o da Rede Democracia. Em termos de comunica\u00e7\u00e3o, \u00e9 uma a\u00e7\u00e3o contribuitiva e colaborativa. Reuniremos \u2013 e tamb\u00e9m produziremos \u2013 conte\u00fados informativos, anal\u00edticos, culturais, art\u00edsticos, educativos, todos com um sentido pol\u00edtico de preservar a aprofundar a democracia em","og_url":"https:\/\/renatodias.online\/movimento\/2023\/04\/14\/rede-democracia\/","article_publisher":"https:\/\/www.facebook.com\/renato.dias.37","article_author":"https:\/\/www.facebook.com\/renato.dias.37","article_published_time":"2023-04-15T02:07:59+00:00","article_modified_time":"2023-04-15T02:08:00+00:00","og_image":[{"width":800,"height":386,"url":"https:\/\/renatodias.online\/movimento\/wp-content\/uploads\/2023\/01\/Humor-terror-1-e1681524470385.jpg","type":"image\/jpeg"}],"author":"Renato Dias","twitter_card":"summary_large_image","twitter_creator":"@RenatoDiasBat","twitter_site":"@RenatoDiasBat","twitter_misc":{"Escrito por":"Renato Dias","Est. tempo de leitura":"10 minutos"},"schema":{"@context":"https:\/\/schema.org","@graph":[{"@type":"Article","@id":"https:\/\/renatodias.online\/movimento\/2023\/04\/14\/rede-democracia\/#article","isPartOf":{"@id":"https:\/\/renatodias.online\/movimento\/2023\/04\/14\/rede-democracia\/"},"author":{"name":"Renato Dias","@id":"https:\/\/renatodias.online\/movimento\/#\/schema\/person\/bbab28833b1725a20f4083f49f1fb2a9"},"headline":"Rede Democracia","datePublished":"2023-04-15T02:07:59+00:00","dateModified":"2023-04-15T02:08:00+00:00","mainEntityOfPage":{"@id":"https:\/\/renatodias.online\/movimento\/2023\/04\/14\/rede-democracia\/"},"wordCount":1638,"commentCount":0,"publisher":{"@id":"https:\/\/renatodias.online\/movimento\/#\/schema\/person\/bbab28833b1725a20f4083f49f1fb2a9"},"image":{"@id":"https:\/\/renatodias.online\/movimento\/2023\/04\/14\/rede-democracia\/#primaryimage"},"thumbnailUrl":"https:\/\/renatodias.online\/movimento\/wp-content\/uploads\/2023\/01\/Humor-terror-1-e1681524470385.jpg","articleSection":["Pol\u00edtica"],"inLanguage":"pt-BR","potentialAction":[{"@type":"CommentAction","name":"Comment","target":["https:\/\/renatodias.online\/movimento\/2023\/04\/14\/rede-democracia\/#respond"]}]},{"@type":"WebPage","@id":"https:\/\/renatodias.online\/movimento\/2023\/04\/14\/rede-democracia\/","url":"https:\/\/renatodias.online\/movimento\/2023\/04\/14\/rede-democracia\/","name":"Rede Democracia -","isPartOf":{"@id":"https:\/\/renatodias.online\/movimento\/#website"},"primaryImageOfPage":{"@id":"https:\/\/renatodias.online\/movimento\/2023\/04\/14\/rede-democracia\/#primaryimage"},"image":{"@id":"https:\/\/renatodias.online\/movimento\/2023\/04\/14\/rede-democracia\/#primaryimage"},"thumbnailUrl":"https:\/\/renatodias.online\/movimento\/wp-content\/uploads\/2023\/01\/Humor-terror-1-e1681524470385.jpg","datePublished":"2023-04-15T02:07:59+00:00","dateModified":"2023-04-15T02:08:00+00:00","breadcrumb":{"@id":"https:\/\/renatodias.online\/movimento\/2023\/04\/14\/rede-democracia\/#breadcrumb"},"inLanguage":"pt-BR","potentialAction":[{"@type":"ReadAction","target":["https:\/\/renatodias.online\/movimento\/2023\/04\/14\/rede-democracia\/"]}]},{"@type":"ImageObject","inLanguage":"pt-BR","@id":"https:\/\/renatodias.online\/movimento\/2023\/04\/14\/rede-democracia\/#primaryimage","url":"https:\/\/renatodias.online\/movimento\/wp-content\/uploads\/2023\/01\/Humor-terror-1-e1681524470385.jpg","contentUrl":"https:\/\/renatodias.online\/movimento\/wp-content\/uploads\/2023\/01\/Humor-terror-1-e1681524470385.jpg","width":800,"height":386},{"@type":"BreadcrumbList","@id":"https:\/\/renatodias.online\/movimento\/2023\/04\/14\/rede-democracia\/#breadcrumb","itemListElement":[{"@type":"ListItem","position":1,"name":"In\u00edcio","item":"https:\/\/renatodias.online\/movimento\/"},{"@type":"ListItem","position":2,"name":"Rede Democracia"}]},{"@type":"WebSite","@id":"https:\/\/renatodias.online\/movimento\/#website","url":"https:\/\/renatodias.online\/movimento\/","name":"","description":"","publisher":{"@id":"https:\/\/renatodias.online\/movimento\/#\/schema\/person\/bbab28833b1725a20f4083f49f1fb2a9"},"potentialAction":[{"@type":"SearchAction","target":{"@type":"EntryPoint","urlTemplate":"https:\/\/renatodias.online\/movimento\/?s={search_term_string}"},"query-input":{"@type":"PropertyValueSpecification","valueRequired":true,"valueName":"search_term_string"}}],"inLanguage":"pt-BR"},{"@type":["Person","Organization"],"@id":"https:\/\/renatodias.online\/movimento\/#\/schema\/person\/bbab28833b1725a20f4083f49f1fb2a9","name":"Renato Dias","image":{"@type":"ImageObject","inLanguage":"pt-BR","@id":"https:\/\/renatodias.online\/movimento\/wp-content\/uploads\/2023\/03\/cropped-cropped-cropped-logofinal.jpeg","url":"https:\/\/renatodias.online\/movimento\/wp-content\/uploads\/2023\/03\/cropped-cropped-cropped-logofinal.jpeg","contentUrl":"https:\/\/renatodias.online\/movimento\/wp-content\/uploads\/2023\/03\/cropped-cropped-cropped-logofinal.jpeg","width":1280,"height":219,"caption":"Renato Dias"},"logo":{"@id":"https:\/\/renatodias.online\/movimento\/wp-content\/uploads\/2023\/03\/cropped-cropped-cropped-logofinal.jpeg"},"description":"Renato Dias, 58 anos, \u00e9 graduado em Jornalismo, formado em Ci\u00eancias Sociais, com p\u00f3s-gradua\u00e7\u00e3o em Pol\u00edticas P\u00fablicas, mestre em Direito e Rela\u00e7\u00f5es Internacionais, ex-aluno extraordin\u00e1rio do Doutorado em Psicologia Social, ex-estudante do Curso de Psican\u00e1lise do Centro de Estudos Psicanal\u00edticos do Estado de Goi\u00e1s, ministrado pelo m\u00e9dico psiquiatra e psicanalista Daniel Em\u00eddio de Souza. \u00c9 autor de 30 livros-reportagem, oito document\u00e1rios, ganhou 30 pr\u00eamios e \u00e9 torcedor apaixonado do maior do Centro-Oeste, o Vila Nova Futebol Clube. Casado com Meirilane Dias, \u00e9 pai de Juliana Dias, jornalista; Daniel Dias, economista; e Maria Rosa Dias, estudante antifascista, socialista e trotskista.\u00a0Com tr\u00eas pets: Porquinho [Bull Dog Franc\u00eas], Dalila [Basset Hound] e Geleia [Basset Hound]. Al\u00e9m do eterno gato Tutuquinho, que virou estrela.","sameAs":["https:\/\/www.facebook.com\/renato.dias.37","#breve","https:\/\/renatodias.tumblr.com\/"],"url":"https:\/\/renatodias.online\/movimento\/author\/renatodias\/"}]}},"_links":{"self":[{"href":"https:\/\/renatodias.online\/movimento\/wp-json\/wp\/v2\/posts\/16431","targetHints":{"allow":["GET"]}}],"collection":[{"href":"https:\/\/renatodias.online\/movimento\/wp-json\/wp\/v2\/posts"}],"about":[{"href":"https:\/\/renatodias.online\/movimento\/wp-json\/wp\/v2\/types\/post"}],"author":[{"embeddable":true,"href":"https:\/\/renatodias.online\/movimento\/wp-json\/wp\/v2\/users\/2"}],"replies":[{"embeddable":true,"href":"https:\/\/renatodias.online\/movimento\/wp-json\/wp\/v2\/comments?post=16431"}],"version-history":[{"count":1,"href":"https:\/\/renatodias.online\/movimento\/wp-json\/wp\/v2\/posts\/16431\/revisions"}],"predecessor-version":[{"id":16432,"href":"https:\/\/renatodias.online\/movimento\/wp-json\/wp\/v2\/posts\/16431\/revisions\/16432"}],"wp:featuredmedia":[{"embeddable":true,"href":"https:\/\/renatodias.online\/movimento\/wp-json\/wp\/v2\/media\/15293"}],"wp:attachment":[{"href":"https:\/\/renatodias.online\/movimento\/wp-json\/wp\/v2\/media?parent=16431"}],"wp:term":[{"taxonomy":"category","embeddable":true,"href":"https:\/\/renatodias.online\/movimento\/wp-json\/wp\/v2\/categories?post=16431"},{"taxonomy":"post_tag","embeddable":true,"href":"https:\/\/renatodias.online\/movimento\/wp-json\/wp\/v2\/tags?post=16431"}],"curies":[{"name":"wp","href":"https:\/\/api.w.org\/{rel}","templated":true}]}}