{"id":16418,"date":"2023-04-14T22:25:34","date_gmt":"2023-04-15T01:25:34","guid":{"rendered":"https:\/\/renatodias.online\/movimento\/?p=16418"},"modified":"2023-04-14T22:25:35","modified_gmt":"2023-04-15T01:25:35","slug":"vila-estreia-hoje-16h-na-b","status":"publish","type":"post","link":"https:\/\/renatodias.online\/movimento\/2023\/04\/14\/vila-estreia-hoje-16h-na-b\/","title":{"rendered":"<strong>Vila estreia, hoje, 16h, na B<\/strong>"},"content":{"rendered":"\n<p class=\"has-text-align-center\"><strong><mark style=\"background-color:rgba(0, 0, 0, 0)\" class=\"has-inline-color has-vivid-red-color\">Advers\u00e1rio \u00e9 o Novorizontino<\/mark><\/strong><\/p>\n\n\n\n<p class=\"has-text-align-center\"><strong><mark style=\"background-color:rgba(0, 0, 0, 0)\" class=\"has-inline-color has-vivid-red-color\">Tigr\u00e3o contratou 12 pe\u00e7as<\/mark><\/strong><\/p>\n\n\n\n<p><strong><mark style=\"background-color:rgba(0, 0, 0, 0)\" class=\"has-inline-color has-vivid-red-color\">Renato Dias<\/mark><\/strong><\/p>\n\n\n\n<p>Com o time reformulado, novos esquemas t\u00e1ticos, jogadas ensaiadas, o Vila Nova Futebol Clube, <strong>maior do Centro-Oeste, estreia, hoje, \u00e0s 16h, em Goi\u00e2nia, no Est\u00e1dio On\u00e9sio Brasileiro Alvarenga<\/strong>, no Campeonato Brasileiro da S\u00e9rie B. A meta em 2023 \u00e9 subir, obter o acesso \u00e0 elite do futebol.<\/p>\n\n\n\n<figure class=\"wp-block-image aligncenter size-full\"><img decoding=\"async\" src=\"https:\/\/renatodias.online\/movimento\/wp-content\/uploads\/2022\/03\/Card-Vila-Nova-Torcida.png\" alt=\"\" class=\"wp-image-11231\"\/><figcaption class=\"wp-element-caption\"><strong><mark style=\"background-color:rgba(0, 0, 0, 0)\" class=\"has-inline-color has-vivid-red-color\">A torcida do Vila Nova<\/mark><\/strong><\/figcaption><\/figure>\n\n\n\n<p>O t\u00e9cnico Claudinei Oliveira tem 13 novos atletas de refor\u00e7o. L\u00e9o Duarte, Marcondes, Cristiano, Igor Henrique, <strong>Luciano Naninho<\/strong>, Matheus Jesus, <strong>Caio Dantas<\/strong>, assim como Matheus Souza, Ulisses, Daniel, \u00c9verton Brito, Ronald. Com a volta de Victor Andrade. As contrata\u00e7\u00f5es de <strong>Frontini<\/strong> obtiveram aval de <strong>Hugo Jorge Bravo<\/strong><\/p>\n\n\n\n<figure class=\"wp-block-image aligncenter size-full\"><img loading=\"lazy\" decoding=\"async\" width=\"1123\" height=\"750\" src=\"https:\/\/renatodias.online\/movimento\/wp-content\/uploads\/2021\/07\/Hugo-Jorge-Bravo-Principal.jpeg\" alt=\"\" class=\"wp-image-8110\"\/><figcaption class=\"wp-element-caption\"><strong><mark style=\"background-color:rgba(0, 0, 0, 0)\" class=\"has-inline-color has-vivid-red-color\">Hugo Jorge Bravo, presidente do Vila Nova Futebol Clube<\/mark><\/strong><\/figcaption><\/figure>\n\n\n\n<figure class=\"wp-block-embed is-type-video is-provider-youtube wp-block-embed-youtube wp-embed-aspect-16-9 wp-has-aspect-ratio\"><div class=\"wp-block-embed__wrapper\">\n<iframe loading=\"lazy\" title=\"LAN\u00c7AMENTO - HINO OFICIAL DO VILA NOVA FUTEBOL CLUBE\" width=\"960\" height=\"540\" src=\"https:\/\/www.youtube.com\/embed\/Qoi7leQ89qQ?feature=oembed\" frameborder=\"0\" allow=\"accelerometer; autoplay; clipboard-write; encrypted-media; gyroscope; picture-in-picture; web-share\" referrerpolicy=\"strict-origin-when-cross-origin\" allowfullscreen><\/iframe>\n<\/div><figcaption class=\"wp-element-caption\"><strong>Murilo Reis<\/strong><\/figcaption><\/figure>\n\n\n\n<p>O Tigr\u00e3o, com o seu hino repaginado, pode entrar em campo neste s\u00e1bado \u00e0 tarde com: <strong>Vanderlei; L\u00e9o Duarte, Rafael Donato, xerife, Eduardo Doma ou Marcondes e Rodrigo; Ralf, Louren\u00e7o, em uma nova fun\u00e7\u00e3o, e Luciano Naninho, o novo maestro; Guilherme Parede, Neto Pessoa e Caio Dantas<\/strong>.<\/p>\n\n\n\n<figure class=\"wp-block-image aligncenter size-large\"><img loading=\"lazy\" decoding=\"async\" width=\"853\" height=\"1024\" src=\"https:\/\/renatodias.online\/movimento\/wp-content\/uploads\/2023\/01\/Vanderlei-Vila-Nova-1-853x1024.png\" alt=\"\" class=\"wp-image-15260\" srcset=\"https:\/\/renatodias.online\/movimento\/wp-content\/uploads\/2023\/01\/Vanderlei-Vila-Nova-1-853x1024.png 853w, https:\/\/renatodias.online\/movimento\/wp-content\/uploads\/2023\/01\/Vanderlei-Vila-Nova-1-250x300.png 250w, https:\/\/renatodias.online\/movimento\/wp-content\/uploads\/2023\/01\/Vanderlei-Vila-Nova-1-768x922.png 768w, https:\/\/renatodias.online\/movimento\/wp-content\/uploads\/2023\/01\/Vanderlei-Vila-Nova-1-750x900.png 750w, https:\/\/renatodias.online\/movimento\/wp-content\/uploads\/2023\/01\/Vanderlei-Vila-Nova-1.png 1080w\" sizes=\"auto, (max-width: 853px) 100vw, 853px\" \/><figcaption class=\"wp-element-caption\"><strong><mark style=\"background-color:rgba(0, 0, 0, 0)\" class=\"has-inline-color has-vivid-red-color\">Vanderlei<\/mark><\/strong><\/figcaption><\/figure>\n\n\n\n<figure class=\"wp-block-audio\"><audio controls src=\"https:\/\/renatodias.online\/movimento\/wp-content\/uploads\/2021\/12\/Samba-Xexeu_Com-Locucao.mp3\"><\/audio><\/figure>\n","protected":false},"excerpt":{"rendered":"<p>Advers\u00e1rio \u00e9 o Novorizontino Tigr\u00e3o contratou 12 pe\u00e7as Renato Dias Com o time reformulado, novos esquemas t\u00e1ticos, jogadas ensaiadas, o Vila Nova Futebol Clube, maior do Centro-Oeste, estreia, hoje, \u00e0s 16h, em Goi\u00e2nia, no Est\u00e1dio On\u00e9sio Brasileiro Alvarenga, no Campeonato Brasileiro da S\u00e9rie B. A meta em 2023 \u00e9 subir, obter o acesso \u00e0 elite<\/p>\n","protected":false},"author":2,"featured_media":16329,"comment_status":"open","ping_status":"open","sticky":false,"template":"","format":"standard","meta":{"_acf_changed":false,"_monsterinsights_skip_tracking":false,"_monsterinsights_sitenote_active":false,"_monsterinsights_sitenote_note":"","_monsterinsights_sitenote_category":0,"footnotes":""},"categories":[33],"tags":[],"class_list":["post-16418","post","type-post","status-publish","format-standard","has-post-thumbnail","hentry","category-esporte"],"acf":[],"yoast_head":"<!-- This site is optimized with the Yoast SEO plugin v27.4 - https:\/\/yoast.com\/product\/yoast-seo-wordpress\/ -->\n<title>Vila estreia, hoje, 16h, na B -<\/title>\n<meta name=\"robots\" content=\"index, follow, max-snippet:-1, max-image-preview:large, max-video-preview:-1\" \/>\n<link rel=\"canonical\" href=\"https:\/\/renatodias.online\/movimento\/2023\/04\/14\/vila-estreia-hoje-16h-na-b\/\" \/>\n<meta property=\"og:locale\" content=\"pt_BR\" \/>\n<meta property=\"og:type\" content=\"article\" \/>\n<meta property=\"og:title\" content=\"Vila estreia, hoje, 16h, na B -\" \/>\n<meta property=\"og:description\" content=\"Advers\u00e1rio \u00e9 o Novorizontino Tigr\u00e3o contratou 12 pe\u00e7as Renato Dias Com o time reformulado, novos esquemas t\u00e1ticos, jogadas ensaiadas, o Vila Nova Futebol Clube, maior do Centro-Oeste, estreia, hoje, \u00e0s 16h, em Goi\u00e2nia, no Est\u00e1dio On\u00e9sio Brasileiro Alvarenga, no Campeonato Brasileiro da S\u00e9rie B. A meta em 2023 \u00e9 subir, obter o acesso \u00e0 elite\" \/>\n<meta property=\"og:url\" content=\"https:\/\/renatodias.online\/movimento\/2023\/04\/14\/vila-estreia-hoje-16h-na-b\/\" \/>\n<meta property=\"article:publisher\" content=\"https:\/\/www.facebook.com\/renato.dias.37\" \/>\n<meta property=\"article:author\" content=\"https:\/\/www.facebook.com\/renato.dias.37\" \/>\n<meta property=\"article:published_time\" content=\"2023-04-15T01:25:34+00:00\" \/>\n<meta property=\"article:modified_time\" content=\"2023-04-15T01:25:35+00:00\" \/>\n<meta property=\"og:image\" content=\"https:\/\/renatodias.online\/movimento\/wp-content\/uploads\/2023\/04\/Luciano-Naninho-Vila-Nova-2023-e1680817064293.jpg\" \/>\n\t<meta property=\"og:image:width\" content=\"800\" \/>\n\t<meta property=\"og:image:height\" content=\"450\" \/>\n\t<meta property=\"og:image:type\" content=\"image\/jpeg\" \/>\n<meta name=\"author\" content=\"Renato Dias\" \/>\n<meta name=\"twitter:card\" content=\"summary_large_image\" \/>\n<meta name=\"twitter:creator\" content=\"@RenatoDiasBat\" \/>\n<meta name=\"twitter:site\" content=\"@RenatoDiasBat\" \/>\n<meta name=\"twitter:label1\" content=\"Escrito por\" \/>\n\t<meta name=\"twitter:data1\" content=\"Renato Dias\" \/>\n\t<meta name=\"twitter:label2\" content=\"Est. tempo de leitura\" \/>\n\t<meta name=\"twitter:data2\" content=\"2 minutos\" \/>\n<script type=\"application\/ld+json\" class=\"yoast-schema-graph\">{\"@context\":\"https:\\\/\\\/schema.org\",\"@graph\":[{\"@type\":\"Article\",\"@id\":\"https:\\\/\\\/renatodias.online\\\/movimento\\\/2023\\\/04\\\/14\\\/vila-estreia-hoje-16h-na-b\\\/#article\",\"isPartOf\":{\"@id\":\"https:\\\/\\\/renatodias.online\\\/movimento\\\/2023\\\/04\\\/14\\\/vila-estreia-hoje-16h-na-b\\\/\"},\"author\":{\"name\":\"Renato Dias\",\"@id\":\"https:\\\/\\\/renatodias.online\\\/movimento\\\/#\\\/schema\\\/person\\\/bbab28833b1725a20f4083f49f1fb2a9\"},\"headline\":\"Vila estreia, hoje, 16h, na B\",\"datePublished\":\"2023-04-15T01:25:34+00:00\",\"dateModified\":\"2023-04-15T01:25:35+00:00\",\"mainEntityOfPage\":{\"@id\":\"https:\\\/\\\/renatodias.online\\\/movimento\\\/2023\\\/04\\\/14\\\/vila-estreia-hoje-16h-na-b\\\/\"},\"wordCount\":193,\"commentCount\":0,\"publisher\":{\"@id\":\"https:\\\/\\\/renatodias.online\\\/movimento\\\/#\\\/schema\\\/person\\\/bbab28833b1725a20f4083f49f1fb2a9\"},\"image\":{\"@id\":\"https:\\\/\\\/renatodias.online\\\/movimento\\\/2023\\\/04\\\/14\\\/vila-estreia-hoje-16h-na-b\\\/#primaryimage\"},\"thumbnailUrl\":\"https:\\\/\\\/renatodias.online\\\/movimento\\\/wp-content\\\/uploads\\\/2023\\\/04\\\/Luciano-Naninho-Vila-Nova-2023-e1680817064293.jpg\",\"articleSection\":[\"Esporte\"],\"inLanguage\":\"pt-BR\",\"potentialAction\":[{\"@type\":\"CommentAction\",\"name\":\"Comment\",\"target\":[\"https:\\\/\\\/renatodias.online\\\/movimento\\\/2023\\\/04\\\/14\\\/vila-estreia-hoje-16h-na-b\\\/#respond\"]}]},{\"@type\":\"WebPage\",\"@id\":\"https:\\\/\\\/renatodias.online\\\/movimento\\\/2023\\\/04\\\/14\\\/vila-estreia-hoje-16h-na-b\\\/\",\"url\":\"https:\\\/\\\/renatodias.online\\\/movimento\\\/2023\\\/04\\\/14\\\/vila-estreia-hoje-16h-na-b\\\/\",\"name\":\"Vila estreia, hoje, 16h, na B -\",\"isPartOf\":{\"@id\":\"https:\\\/\\\/renatodias.online\\\/movimento\\\/#website\"},\"primaryImageOfPage\":{\"@id\":\"https:\\\/\\\/renatodias.online\\\/movimento\\\/2023\\\/04\\\/14\\\/vila-estreia-hoje-16h-na-b\\\/#primaryimage\"},\"image\":{\"@id\":\"https:\\\/\\\/renatodias.online\\\/movimento\\\/2023\\\/04\\\/14\\\/vila-estreia-hoje-16h-na-b\\\/#primaryimage\"},\"thumbnailUrl\":\"https:\\\/\\\/renatodias.online\\\/movimento\\\/wp-content\\\/uploads\\\/2023\\\/04\\\/Luciano-Naninho-Vila-Nova-2023-e1680817064293.jpg\",\"datePublished\":\"2023-04-15T01:25:34+00:00\",\"dateModified\":\"2023-04-15T01:25:35+00:00\",\"breadcrumb\":{\"@id\":\"https:\\\/\\\/renatodias.online\\\/movimento\\\/2023\\\/04\\\/14\\\/vila-estreia-hoje-16h-na-b\\\/#breadcrumb\"},\"inLanguage\":\"pt-BR\",\"potentialAction\":[{\"@type\":\"ReadAction\",\"target\":[\"https:\\\/\\\/renatodias.online\\\/movimento\\\/2023\\\/04\\\/14\\\/vila-estreia-hoje-16h-na-b\\\/\"]}]},{\"@type\":\"ImageObject\",\"inLanguage\":\"pt-BR\",\"@id\":\"https:\\\/\\\/renatodias.online\\\/movimento\\\/2023\\\/04\\\/14\\\/vila-estreia-hoje-16h-na-b\\\/#primaryimage\",\"url\":\"https:\\\/\\\/renatodias.online\\\/movimento\\\/wp-content\\\/uploads\\\/2023\\\/04\\\/Luciano-Naninho-Vila-Nova-2023-e1680817064293.jpg\",\"contentUrl\":\"https:\\\/\\\/renatodias.online\\\/movimento\\\/wp-content\\\/uploads\\\/2023\\\/04\\\/Luciano-Naninho-Vila-Nova-2023-e1680817064293.jpg\",\"width\":800,\"height\":450,\"caption\":\"Luciano Naninho Vila Nova 2023\"},{\"@type\":\"BreadcrumbList\",\"@id\":\"https:\\\/\\\/renatodias.online\\\/movimento\\\/2023\\\/04\\\/14\\\/vila-estreia-hoje-16h-na-b\\\/#breadcrumb\",\"itemListElement\":[{\"@type\":\"ListItem\",\"position\":1,\"name\":\"In\u00edcio\",\"item\":\"https:\\\/\\\/renatodias.online\\\/movimento\\\/\"},{\"@type\":\"ListItem\",\"position\":2,\"name\":\"Vila estreia, hoje, 16h, na B\"}]},{\"@type\":\"WebSite\",\"@id\":\"https:\\\/\\\/renatodias.online\\\/movimento\\\/#website\",\"url\":\"https:\\\/\\\/renatodias.online\\\/movimento\\\/\",\"name\":\"\",\"description\":\"\",\"publisher\":{\"@id\":\"https:\\\/\\\/renatodias.online\\\/movimento\\\/#\\\/schema\\\/person\\\/bbab28833b1725a20f4083f49f1fb2a9\"},\"potentialAction\":[{\"@type\":\"SearchAction\",\"target\":{\"@type\":\"EntryPoint\",\"urlTemplate\":\"https:\\\/\\\/renatodias.online\\\/movimento\\\/?s={search_term_string}\"},\"query-input\":{\"@type\":\"PropertyValueSpecification\",\"valueRequired\":true,\"valueName\":\"search_term_string\"}}],\"inLanguage\":\"pt-BR\"},{\"@type\":[\"Person\",\"Organization\"],\"@id\":\"https:\\\/\\\/renatodias.online\\\/movimento\\\/#\\\/schema\\\/person\\\/bbab28833b1725a20f4083f49f1fb2a9\",\"name\":\"Renato Dias\",\"image\":{\"@type\":\"ImageObject\",\"inLanguage\":\"pt-BR\",\"@id\":\"https:\\\/\\\/renatodias.online\\\/movimento\\\/wp-content\\\/uploads\\\/2023\\\/03\\\/cropped-cropped-cropped-logofinal.jpeg\",\"url\":\"https:\\\/\\\/renatodias.online\\\/movimento\\\/wp-content\\\/uploads\\\/2023\\\/03\\\/cropped-cropped-cropped-logofinal.jpeg\",\"contentUrl\":\"https:\\\/\\\/renatodias.online\\\/movimento\\\/wp-content\\\/uploads\\\/2023\\\/03\\\/cropped-cropped-cropped-logofinal.jpeg\",\"width\":1280,\"height\":219,\"caption\":\"Renato Dias\"},\"logo\":{\"@id\":\"https:\\\/\\\/renatodias.online\\\/movimento\\\/wp-content\\\/uploads\\\/2023\\\/03\\\/cropped-cropped-cropped-logofinal.jpeg\"},\"description\":\"Renato Dias, 58 anos, \u00e9 graduado em Jornalismo, formado em Ci\u00eancias Sociais, com p\u00f3s-gradua\u00e7\u00e3o em Pol\u00edticas P\u00fablicas, mestre em Direito e Rela\u00e7\u00f5es Internacionais, ex-aluno extraordin\u00e1rio do Doutorado em Psicologia Social, ex-estudante do Curso de Psican\u00e1lise do Centro de Estudos Psicanal\u00edticos do Estado de Goi\u00e1s, ministrado pelo m\u00e9dico psiquiatra e psicanalista Daniel Em\u00eddio de Souza. \u00c9 autor de 30 livros-reportagem, oito document\u00e1rios, ganhou 30 pr\u00eamios e \u00e9 torcedor apaixonado do maior do Centro-Oeste, o Vila Nova Futebol Clube. Casado com Meirilane Dias, \u00e9 pai de Juliana Dias, jornalista; Daniel Dias, economista; e Maria Rosa Dias, estudante antifascista, socialista e trotskista.\u00a0Com tr\u00eas pets: Porquinho [Bull Dog Franc\u00eas], Dalila [Basset Hound] e Geleia [Basset Hound]. Al\u00e9m do eterno gato Tutuquinho, que virou estrela.\",\"sameAs\":[\"https:\\\/\\\/www.facebook.com\\\/renato.dias.37\",\"#breve\",\"https:\\\/\\\/renatodias.tumblr.com\\\/\"],\"url\":\"https:\\\/\\\/renatodias.online\\\/movimento\\\/author\\\/renatodias\\\/\"}]}<\/script>\n<!-- \/ Yoast SEO plugin. -->","yoast_head_json":{"title":"Vila estreia, hoje, 16h, na B -","robots":{"index":"index","follow":"follow","max-snippet":"max-snippet:-1","max-image-preview":"max-image-preview:large","max-video-preview":"max-video-preview:-1"},"canonical":"https:\/\/renatodias.online\/movimento\/2023\/04\/14\/vila-estreia-hoje-16h-na-b\/","og_locale":"pt_BR","og_type":"article","og_title":"Vila estreia, hoje, 16h, na B -","og_description":"Advers\u00e1rio \u00e9 o Novorizontino Tigr\u00e3o contratou 12 pe\u00e7as Renato Dias Com o time reformulado, novos esquemas t\u00e1ticos, jogadas ensaiadas, o Vila Nova Futebol Clube, maior do Centro-Oeste, estreia, hoje, \u00e0s 16h, em Goi\u00e2nia, no Est\u00e1dio On\u00e9sio Brasileiro Alvarenga, no Campeonato Brasileiro da S\u00e9rie B. A meta em 2023 \u00e9 subir, obter o acesso \u00e0 elite","og_url":"https:\/\/renatodias.online\/movimento\/2023\/04\/14\/vila-estreia-hoje-16h-na-b\/","article_publisher":"https:\/\/www.facebook.com\/renato.dias.37","article_author":"https:\/\/www.facebook.com\/renato.dias.37","article_published_time":"2023-04-15T01:25:34+00:00","article_modified_time":"2023-04-15T01:25:35+00:00","og_image":[{"width":800,"height":450,"url":"https:\/\/renatodias.online\/movimento\/wp-content\/uploads\/2023\/04\/Luciano-Naninho-Vila-Nova-2023-e1680817064293.jpg","type":"image\/jpeg"}],"author":"Renato Dias","twitter_card":"summary_large_image","twitter_creator":"@RenatoDiasBat","twitter_site":"@RenatoDiasBat","twitter_misc":{"Escrito por":"Renato Dias","Est. tempo de leitura":"2 minutos"},"schema":{"@context":"https:\/\/schema.org","@graph":[{"@type":"Article","@id":"https:\/\/renatodias.online\/movimento\/2023\/04\/14\/vila-estreia-hoje-16h-na-b\/#article","isPartOf":{"@id":"https:\/\/renatodias.online\/movimento\/2023\/04\/14\/vila-estreia-hoje-16h-na-b\/"},"author":{"name":"Renato Dias","@id":"https:\/\/renatodias.online\/movimento\/#\/schema\/person\/bbab28833b1725a20f4083f49f1fb2a9"},"headline":"Vila estreia, hoje, 16h, na B","datePublished":"2023-04-15T01:25:34+00:00","dateModified":"2023-04-15T01:25:35+00:00","mainEntityOfPage":{"@id":"https:\/\/renatodias.online\/movimento\/2023\/04\/14\/vila-estreia-hoje-16h-na-b\/"},"wordCount":193,"commentCount":0,"publisher":{"@id":"https:\/\/renatodias.online\/movimento\/#\/schema\/person\/bbab28833b1725a20f4083f49f1fb2a9"},"image":{"@id":"https:\/\/renatodias.online\/movimento\/2023\/04\/14\/vila-estreia-hoje-16h-na-b\/#primaryimage"},"thumbnailUrl":"https:\/\/renatodias.online\/movimento\/wp-content\/uploads\/2023\/04\/Luciano-Naninho-Vila-Nova-2023-e1680817064293.jpg","articleSection":["Esporte"],"inLanguage":"pt-BR","potentialAction":[{"@type":"CommentAction","name":"Comment","target":["https:\/\/renatodias.online\/movimento\/2023\/04\/14\/vila-estreia-hoje-16h-na-b\/#respond"]}]},{"@type":"WebPage","@id":"https:\/\/renatodias.online\/movimento\/2023\/04\/14\/vila-estreia-hoje-16h-na-b\/","url":"https:\/\/renatodias.online\/movimento\/2023\/04\/14\/vila-estreia-hoje-16h-na-b\/","name":"Vila estreia, hoje, 16h, na B -","isPartOf":{"@id":"https:\/\/renatodias.online\/movimento\/#website"},"primaryImageOfPage":{"@id":"https:\/\/renatodias.online\/movimento\/2023\/04\/14\/vila-estreia-hoje-16h-na-b\/#primaryimage"},"image":{"@id":"https:\/\/renatodias.online\/movimento\/2023\/04\/14\/vila-estreia-hoje-16h-na-b\/#primaryimage"},"thumbnailUrl":"https:\/\/renatodias.online\/movimento\/wp-content\/uploads\/2023\/04\/Luciano-Naninho-Vila-Nova-2023-e1680817064293.jpg","datePublished":"2023-04-15T01:25:34+00:00","dateModified":"2023-04-15T01:25:35+00:00","breadcrumb":{"@id":"https:\/\/renatodias.online\/movimento\/2023\/04\/14\/vila-estreia-hoje-16h-na-b\/#breadcrumb"},"inLanguage":"pt-BR","potentialAction":[{"@type":"ReadAction","target":["https:\/\/renatodias.online\/movimento\/2023\/04\/14\/vila-estreia-hoje-16h-na-b\/"]}]},{"@type":"ImageObject","inLanguage":"pt-BR","@id":"https:\/\/renatodias.online\/movimento\/2023\/04\/14\/vila-estreia-hoje-16h-na-b\/#primaryimage","url":"https:\/\/renatodias.online\/movimento\/wp-content\/uploads\/2023\/04\/Luciano-Naninho-Vila-Nova-2023-e1680817064293.jpg","contentUrl":"https:\/\/renatodias.online\/movimento\/wp-content\/uploads\/2023\/04\/Luciano-Naninho-Vila-Nova-2023-e1680817064293.jpg","width":800,"height":450,"caption":"Luciano Naninho Vila Nova 2023"},{"@type":"BreadcrumbList","@id":"https:\/\/renatodias.online\/movimento\/2023\/04\/14\/vila-estreia-hoje-16h-na-b\/#breadcrumb","itemListElement":[{"@type":"ListItem","position":1,"name":"In\u00edcio","item":"https:\/\/renatodias.online\/movimento\/"},{"@type":"ListItem","position":2,"name":"Vila estreia, hoje, 16h, na B"}]},{"@type":"WebSite","@id":"https:\/\/renatodias.online\/movimento\/#website","url":"https:\/\/renatodias.online\/movimento\/","name":"","description":"","publisher":{"@id":"https:\/\/renatodias.online\/movimento\/#\/schema\/person\/bbab28833b1725a20f4083f49f1fb2a9"},"potentialAction":[{"@type":"SearchAction","target":{"@type":"EntryPoint","urlTemplate":"https:\/\/renatodias.online\/movimento\/?s={search_term_string}"},"query-input":{"@type":"PropertyValueSpecification","valueRequired":true,"valueName":"search_term_string"}}],"inLanguage":"pt-BR"},{"@type":["Person","Organization"],"@id":"https:\/\/renatodias.online\/movimento\/#\/schema\/person\/bbab28833b1725a20f4083f49f1fb2a9","name":"Renato Dias","image":{"@type":"ImageObject","inLanguage":"pt-BR","@id":"https:\/\/renatodias.online\/movimento\/wp-content\/uploads\/2023\/03\/cropped-cropped-cropped-logofinal.jpeg","url":"https:\/\/renatodias.online\/movimento\/wp-content\/uploads\/2023\/03\/cropped-cropped-cropped-logofinal.jpeg","contentUrl":"https:\/\/renatodias.online\/movimento\/wp-content\/uploads\/2023\/03\/cropped-cropped-cropped-logofinal.jpeg","width":1280,"height":219,"caption":"Renato Dias"},"logo":{"@id":"https:\/\/renatodias.online\/movimento\/wp-content\/uploads\/2023\/03\/cropped-cropped-cropped-logofinal.jpeg"},"description":"Renato Dias, 58 anos, \u00e9 graduado em Jornalismo, formado em Ci\u00eancias Sociais, com p\u00f3s-gradua\u00e7\u00e3o em Pol\u00edticas P\u00fablicas, mestre em Direito e Rela\u00e7\u00f5es Internacionais, ex-aluno extraordin\u00e1rio do Doutorado em Psicologia Social, ex-estudante do Curso de Psican\u00e1lise do Centro de Estudos Psicanal\u00edticos do Estado de Goi\u00e1s, ministrado pelo m\u00e9dico psiquiatra e psicanalista Daniel Em\u00eddio de Souza. \u00c9 autor de 30 livros-reportagem, oito document\u00e1rios, ganhou 30 pr\u00eamios e \u00e9 torcedor apaixonado do maior do Centro-Oeste, o Vila Nova Futebol Clube. Casado com Meirilane Dias, \u00e9 pai de Juliana Dias, jornalista; Daniel Dias, economista; e Maria Rosa Dias, estudante antifascista, socialista e trotskista.\u00a0Com tr\u00eas pets: Porquinho [Bull Dog Franc\u00eas], Dalila [Basset Hound] e Geleia [Basset Hound]. Al\u00e9m do eterno gato Tutuquinho, que virou estrela.","sameAs":["https:\/\/www.facebook.com\/renato.dias.37","#breve","https:\/\/renatodias.tumblr.com\/"],"url":"https:\/\/renatodias.online\/movimento\/author\/renatodias\/"}]}},"_links":{"self":[{"href":"https:\/\/renatodias.online\/movimento\/wp-json\/wp\/v2\/posts\/16418","targetHints":{"allow":["GET"]}}],"collection":[{"href":"https:\/\/renatodias.online\/movimento\/wp-json\/wp\/v2\/posts"}],"about":[{"href":"https:\/\/renatodias.online\/movimento\/wp-json\/wp\/v2\/types\/post"}],"author":[{"embeddable":true,"href":"https:\/\/renatodias.online\/movimento\/wp-json\/wp\/v2\/users\/2"}],"replies":[{"embeddable":true,"href":"https:\/\/renatodias.online\/movimento\/wp-json\/wp\/v2\/comments?post=16418"}],"version-history":[{"count":1,"href":"https:\/\/renatodias.online\/movimento\/wp-json\/wp\/v2\/posts\/16418\/revisions"}],"predecessor-version":[{"id":16419,"href":"https:\/\/renatodias.online\/movimento\/wp-json\/wp\/v2\/posts\/16418\/revisions\/16419"}],"wp:featuredmedia":[{"embeddable":true,"href":"https:\/\/renatodias.online\/movimento\/wp-json\/wp\/v2\/media\/16329"}],"wp:attachment":[{"href":"https:\/\/renatodias.online\/movimento\/wp-json\/wp\/v2\/media?parent=16418"}],"wp:term":[{"taxonomy":"category","embeddable":true,"href":"https:\/\/renatodias.online\/movimento\/wp-json\/wp\/v2\/categories?post=16418"},{"taxonomy":"post_tag","embeddable":true,"href":"https:\/\/renatodias.online\/movimento\/wp-json\/wp\/v2\/tags?post=16418"}],"curies":[{"name":"wp","href":"https:\/\/api.w.org\/{rel}","templated":true}]}}