{"id":16352,"date":"2023-04-07T20:39:44","date_gmt":"2023-04-07T23:39:44","guid":{"rendered":"https:\/\/renatodias.online\/movimento\/?p=16352"},"modified":"2023-04-07T21:55:34","modified_gmt":"2023-04-08T00:55:34","slug":"100-dias-hoje","status":"publish","type":"post","link":"https:\/\/renatodias.online\/movimento\/2023\/04\/07\/100-dias-hoje\/","title":{"rendered":"100 dias, hoje"},"content":{"rendered":"\n<p class=\"has-text-align-center\"><strong><mark style=\"background-color:rgba(0, 0, 0, 0)\" class=\"has-inline-color has-vivid-red-color\">&nbsp;A terceira Era Lula<\/mark><\/strong><\/p>\n\n\n\n<figure class=\"wp-block-image aligncenter size-full\"><img loading=\"lazy\" decoding=\"async\" width=\"800\" height=\"449\" src=\"https:\/\/renatodias.online\/movimento\/wp-content\/uploads\/2023\/02\/PT-43-anos-Lula-e-Joe-Biden-e1680908945706.png\" alt=\"\" class=\"wp-image-15556\" srcset=\"https:\/\/renatodias.online\/movimento\/wp-content\/uploads\/2023\/02\/PT-43-anos-Lula-e-Joe-Biden-e1680908945706.png 800w, https:\/\/renatodias.online\/movimento\/wp-content\/uploads\/2023\/02\/PT-43-anos-Lula-e-Joe-Biden-e1680908945706-300x168.png 300w, https:\/\/renatodias.online\/movimento\/wp-content\/uploads\/2023\/02\/PT-43-anos-Lula-e-Joe-Biden-e1680908945706-768x431.png 768w, https:\/\/renatodias.online\/movimento\/wp-content\/uploads\/2023\/02\/PT-43-anos-Lula-e-Joe-Biden-e1680908945706-150x84.png 150w\" sizes=\"auto, (max-width: 800px) 100vw, 800px\" \/><figcaption class=\"wp-element-caption\">Luiz In\u00e1cio Lula da Silva e Joe Biden, na Casa Branca, no dia do 43\u00ba anivers\u00e1rio do PT &#8211; G1<\/figcaption><\/figure>\n\n\n\n<p class=\"has-text-align-center\"><strong><mark style=\"background-color:rgba(0, 0, 0, 0)\" class=\"has-inline-color has-vivid-purple-color\">Presidencialismo de coaliz\u00e3o<\/mark><\/strong><\/p>\n\n\n\n<p><strong><mark style=\"background-color:rgba(0, 0, 0, 0)\" class=\"has-inline-color has-vivid-cyan-blue-color\">Renato Dias<\/mark><\/strong><\/p>\n\n\n\n<p>O presidente da Rep\u00fablica, Luiz In\u00e1cio Lula da Silva [PT], atinge 100 dias no Pal\u00e1cio do Planalto ap\u00f3s derrotar, sob o rigor da Lei, <strong>a tentativa terrorista de um golpe de Estado civil e militar em 8 de janeiro de 2023.<\/strong><\/p>\n\n\n\n<figure class=\"wp-block-image aligncenter size-full\"><img loading=\"lazy\" decoding=\"async\" width=\"800\" height=\"536\" src=\"https:\/\/renatodias.online\/movimento\/wp-content\/uploads\/2023\/01\/Terrorismo-link-e1680909081781.png\" alt=\"\" class=\"wp-image-15292\" srcset=\"https:\/\/renatodias.online\/movimento\/wp-content\/uploads\/2023\/01\/Terrorismo-link-e1680909081781.png 800w, https:\/\/renatodias.online\/movimento\/wp-content\/uploads\/2023\/01\/Terrorismo-link-e1680909081781-300x201.png 300w, https:\/\/renatodias.online\/movimento\/wp-content\/uploads\/2023\/01\/Terrorismo-link-e1680909081781-768x515.png 768w, https:\/\/renatodias.online\/movimento\/wp-content\/uploads\/2023\/01\/Terrorismo-link-e1680909081781-150x101.png 150w\" sizes=\"auto, (max-width: 800px) 100vw, 800px\" \/><figcaption class=\"wp-element-caption\"><strong>Caos em Bras\u00edlia, 8 de janeiro de 2023<\/strong><\/figcaption><\/figure>\n\n\n\n<p>Apesar das cenas de viol\u00eancia expl\u00edcita \u00e0s sedes dos poderes Executivo, Legislativo e Judici\u00e1rio, planejadas com anteced\u00eancia, o <strong>Estado de Direito n\u00e3o foi abolido<\/strong>. Com os destaques a Luiz In\u00e1cio Lula da Silva e a Alexandre de Moraes.<\/p>\n\n\n\n<figure class=\"wp-block-image aligncenter size-full\"><img decoding=\"async\" src=\"https:\/\/renatodias.online\/movimento\/wp-content\/uploads\/2021\/08\/Alexandre-de-Moraes-STF-e1680909138472.jpg\" alt=\"\" class=\"wp-image-8701\"\/><figcaption class=\"wp-element-caption\">Ministro do STF, Alexandre de Moraes <\/figcaption><\/figure>\n\n\n\n<p><strong>Jair Messias Bolsonaro [PL] criou entraves \u00e0 transi\u00e7\u00e3o, n\u00e3o entregou a faixa, viajou aos EUA<\/strong>, levou joias, rel\u00f3gios, objetos de valor, deixou rombo fiscal bilion\u00e1rio e uma turba irada. \u00c1vida por derramar sangue.<\/p>\n\n\n\n<figure class=\"wp-block-image aligncenter size-full\"><img loading=\"lazy\" decoding=\"async\" width=\"800\" height=\"449\" src=\"https:\/\/renatodias.online\/movimento\/wp-content\/uploads\/2023\/01\/Terrorismo-7-Jair-Messias-Bolsonaro-nos-EUA-e1680909212350.png\" alt=\"\" class=\"wp-image-15395\" srcset=\"https:\/\/renatodias.online\/movimento\/wp-content\/uploads\/2023\/01\/Terrorismo-7-Jair-Messias-Bolsonaro-nos-EUA-e1680909212350.png 800w, https:\/\/renatodias.online\/movimento\/wp-content\/uploads\/2023\/01\/Terrorismo-7-Jair-Messias-Bolsonaro-nos-EUA-e1680909212350-300x168.png 300w, https:\/\/renatodias.online\/movimento\/wp-content\/uploads\/2023\/01\/Terrorismo-7-Jair-Messias-Bolsonaro-nos-EUA-e1680909212350-768x431.png 768w, https:\/\/renatodias.online\/movimento\/wp-content\/uploads\/2023\/01\/Terrorismo-7-Jair-Messias-Bolsonaro-nos-EUA-e1680909212350-150x84.png 150w\" sizes=\"auto, (max-width: 800px) 100vw, 800px\" \/><figcaption class=\"wp-element-caption\"><strong>Jair Messias Bolsonaro nos EUA<\/strong><\/figcaption><\/figure>\n\n\n\n<p>Mesmo sem previs\u00e3o or\u00e7ament\u00e1ria, o governo federal abriu o <strong>Bolsa Fam\u00edlia, Minha Casa, Minha Vida. Mais: ele suspendeu as privatiza\u00e7\u00f5es<\/strong>, como da ECT, EBC, al\u00e9m de conceder um reajuste salarial aos servidores p\u00fablicos.<\/p>\n\n\n\n<figure class=\"wp-block-image aligncenter size-full\"><img loading=\"lazy\" decoding=\"async\" width=\"800\" height=\"533\" src=\"https:\/\/renatodias.online\/movimento\/wp-content\/uploads\/2023\/02\/Lula-com-os-27-governadores-e1680909301944.jpg\" alt=\"\" class=\"wp-image-15482\" srcset=\"https:\/\/renatodias.online\/movimento\/wp-content\/uploads\/2023\/02\/Lula-com-os-27-governadores-e1680909301944.jpg 800w, https:\/\/renatodias.online\/movimento\/wp-content\/uploads\/2023\/02\/Lula-com-os-27-governadores-e1680909301944-300x200.jpg 300w, https:\/\/renatodias.online\/movimento\/wp-content\/uploads\/2023\/02\/Lula-com-os-27-governadores-e1680909301944-768x512.jpg 768w, https:\/\/renatodias.online\/movimento\/wp-content\/uploads\/2023\/02\/Lula-com-os-27-governadores-e1680909301944-150x100.jpg 150w\" sizes=\"auto, (max-width: 800px) 100vw, 800px\" \/><figcaption class=\"wp-element-caption\"><strong>Lula com o 27 governadores _ Imagem: Ricardo Stuckert <\/strong><\/figcaption><\/figure>\n\n\n\n<p><strong>Sem fronteiras, Luiz In\u00e1cio Lula da Silva reuniu-se com os presidentes dos pa\u00edses<\/strong> da Am\u00e9rica Latina e do Caribe, Alemanha, Fran\u00e7a, Estados Unidos das Am\u00e9ricas e at\u00e9 da Ucr\u00e2nia. China e R\u00fassia, em abril.<\/p>\n\n\n\n<figure class=\"wp-block-image aligncenter size-full\"><img loading=\"lazy\" decoding=\"async\" width=\"800\" height=\"384\" src=\"https:\/\/renatodias.online\/movimento\/wp-content\/uploads\/2021\/08\/Xi-Jinping-e1680909356232.jpg\" alt=\"\" class=\"wp-image-8612\" srcset=\"https:\/\/renatodias.online\/movimento\/wp-content\/uploads\/2021\/08\/Xi-Jinping-e1680909356232.jpg 800w, https:\/\/renatodias.online\/movimento\/wp-content\/uploads\/2021\/08\/Xi-Jinping-e1680909356232-300x144.jpg 300w, https:\/\/renatodias.online\/movimento\/wp-content\/uploads\/2021\/08\/Xi-Jinping-e1680909356232-768x369.jpg 768w, https:\/\/renatodias.online\/movimento\/wp-content\/uploads\/2021\/08\/Xi-Jinping-e1680909356232-150x72.jpg 150w\" sizes=\"auto, (max-width: 800px) 100vw, 800px\" \/><figcaption class=\"wp-element-caption\"><strong>Xi Jinping<\/strong><\/figcaption><\/figure>\n\n\n\n<p>Pragm\u00e1tico, referendou as reelei\u00e7\u00f5es de Arthur Lira e Rodrigo Pacheco, no Congresso Nacional. <strong>Assim como construiu no BRICs a nomea\u00e7\u00e3o de Dilma Rousseff \u00e0 presid\u00eancia do Novo Banco de Desenvolvimento [NBD],<\/strong> com sede em Xangai, China.<\/p>\n\n\n\n<figure class=\"wp-block-image aligncenter size-large\"><img loading=\"lazy\" decoding=\"async\" width=\"1536\" height=\"1024\" src=\"https:\/\/renatodias.online\/movimento\/wp-content\/uploads\/2023\/04\/Arthur-Lira-e-Rodrigo-Pacheco-Imagem-Geraldo-Magela-Agencia-Senado-1536x1024.jpg\" alt=\"\" class=\"wp-image-16303\"\/><figcaption class=\"wp-element-caption\"><strong>Arthur Lira e Rodrigo Pacheco &#8211; Imagem &#8211; Geraldo Magela -Age\u0302ncia Senado<\/strong><\/figcaption><\/figure>\n\n\n\n<p><strong>Org\u00e3os de fiscaliza\u00e7\u00e3o e controle revelaram tentativa de desviar joias<\/strong> no valor de R$ 16,5 milh\u00f5es, um segundo lote desviado que inclu\u00eda rel\u00f3gio de ouro de R$ 800 mil e um terceiro escondido por Nelson Piquet no Distrito Federal.<\/p>\n\n\n\n<figure class=\"wp-block-image aligncenter size-full\"><img loading=\"lazy\" decoding=\"async\" width=\"800\" height=\"384\" src=\"https:\/\/renatodias.online\/movimento\/wp-content\/uploads\/2023\/04\/Joias-de-Jair-Bolsonaro-e-Michele-Bolsonaro-e1680910427846.jpg\" alt=\"\" class=\"wp-image-16353\" srcset=\"https:\/\/renatodias.online\/movimento\/wp-content\/uploads\/2023\/04\/Joias-de-Jair-Bolsonaro-e-Michele-Bolsonaro-e1680910427846.jpg 800w, https:\/\/renatodias.online\/movimento\/wp-content\/uploads\/2023\/04\/Joias-de-Jair-Bolsonaro-e-Michele-Bolsonaro-e1680910427846-300x144.jpg 300w, https:\/\/renatodias.online\/movimento\/wp-content\/uploads\/2023\/04\/Joias-de-Jair-Bolsonaro-e-Michele-Bolsonaro-e1680910427846-768x369.jpg 768w, https:\/\/renatodias.online\/movimento\/wp-content\/uploads\/2023\/04\/Joias-de-Jair-Bolsonaro-e-Michele-Bolsonaro-e1680910427846-150x72.jpg 150w\" sizes=\"auto, (max-width: 800px) 100vw, 800px\" \/><figcaption class=\"wp-element-caption\"><strong>Joias raras<\/strong><\/figcaption><\/figure>\n\n\n\n<p><strong>A Uni\u00e3o interveio na crise humanit\u00e1ria dos Yanomamis<\/strong>. Reserva ind\u00edgena devastada pelo garimpo ilegal, com a polui\u00e7\u00e3o dos rios, a contamina\u00e7\u00e3o dos peixes, grilagem de terras, desmatamento e 570 mortes evit\u00e1veis de crian\u00e7as.<\/p>\n\n\n\n<figure class=\"wp-block-image aligncenter size-full\"><img loading=\"lazy\" decoding=\"async\" width=\"800\" height=\"552\" src=\"https:\/\/renatodias.online\/movimento\/wp-content\/uploads\/2023\/01\/Yanomami-8-e1680909508216.png\" alt=\"\" class=\"wp-image-15346\" srcset=\"https:\/\/renatodias.online\/movimento\/wp-content\/uploads\/2023\/01\/Yanomami-8-e1680909508216.png 800w, https:\/\/renatodias.online\/movimento\/wp-content\/uploads\/2023\/01\/Yanomami-8-e1680909508216-300x207.png 300w, https:\/\/renatodias.online\/movimento\/wp-content\/uploads\/2023\/01\/Yanomami-8-e1680909508216-768x530.png 768w, https:\/\/renatodias.online\/movimento\/wp-content\/uploads\/2023\/01\/Yanomami-8-e1680909508216-130x90.png 130w, https:\/\/renatodias.online\/movimento\/wp-content\/uploads\/2023\/01\/Yanomami-8-e1680909508216-150x104.png 150w\" sizes=\"auto, (max-width: 800px) 100vw, 800px\" \/><figcaption class=\"wp-element-caption\"><strong>Cr\u00f4nica de uma morte anunciada<\/strong><\/figcaption><\/figure>\n\n\n\n<p><strong>N\u00e3o h\u00e1 guerra contra jornalistas<\/strong>. <strong>O Minist\u00e9rio da Cultura voltou. A Funda\u00e7\u00e3o Palmares retomou a sua normalidade. <\/strong>A Lei Rouanet entrou em cena. Mais uma dose de refor\u00e7o contra a Covid 19. O arcabou\u00e7o fiscal est\u00e1 pronto.<\/p>\n\n\n\n<figure class=\"wp-block-image aligncenter size-full\"><img decoding=\"async\" src=\"https:\/\/renatodias.online\/movimento\/wp-content\/uploads\/2022\/06\/Fernando-Haddad-1-e1680909574655.jpg\" alt=\"\" class=\"wp-image-12635\"\/><figcaption class=\"wp-element-caption\"><strong>Fernando Haddad<\/strong><\/figcaption><\/figure>\n\n\n\n<p><strong>O Pal\u00e1cio Alvorada enviou o diplomata Celso Amorim<\/strong>. Primeiro, \u00e0 Venezuela. Motivo: para conversar com Nicol\u00e1s Maduro. Segundo, a Moscou. Para buscar o caminho da paz com a Ucr\u00e2nia. A guerra dura um ano e 40 dias.<\/p>\n\n\n\n<figure class=\"wp-block-image aligncenter size-full\"><img loading=\"lazy\" decoding=\"async\" width=\"800\" height=\"479\" src=\"https:\/\/renatodias.online\/movimento\/wp-content\/uploads\/2023\/02\/Ucrania-Um-ano-e1680909637612.jpg\" alt=\"\" class=\"wp-image-15726\" srcset=\"https:\/\/renatodias.online\/movimento\/wp-content\/uploads\/2023\/02\/Ucrania-Um-ano-e1680909637612.jpg 800w, https:\/\/renatodias.online\/movimento\/wp-content\/uploads\/2023\/02\/Ucrania-Um-ano-e1680909637612-300x180.jpg 300w, https:\/\/renatodias.online\/movimento\/wp-content\/uploads\/2023\/02\/Ucrania-Um-ano-e1680909637612-768x460.jpg 768w, https:\/\/renatodias.online\/movimento\/wp-content\/uploads\/2023\/02\/Ucrania-Um-ano-e1680909637612-150x90.jpg 150w\" sizes=\"auto, (max-width: 800px) 100vw, 800px\" \/><figcaption class=\"wp-element-caption\"><strong>Ucr\u00e2nia &#8211; Um ano da guerra<\/strong><\/figcaption><\/figure>\n\n\n\n<p><strong>O Brasil quer um mundo multipolar, sem guerras, com fome zero<\/strong>, com\u00e9rcio com China, EUA, Comunidade Econ\u00f4mica Europeia, Am\u00e9rica Latina e Caribe, \u00c1frica e Oriente M\u00e9dio. Sem hegemonia global. Nem unipolaridade.<\/p>\n\n\n\n<figure class=\"wp-block-image aligncenter size-full\"><img decoding=\"async\" src=\"https:\/\/renatodias.online\/movimento\/wp-content\/uploads\/2021\/06\/Forcas-Armadas.jpg\" alt=\"\" class=\"wp-image-7395\"\/><figcaption class=\"wp-element-caption\"><strong>For\u00e7as Armadas no Brasil<\/strong><\/figcaption><\/figure>\n\n\n\n<p>Registro: <strong>o inquilino do Pal\u00e1cio do Planalto enquadrou as For\u00e7as Armadas [Exerc\u00edcio, Marinha e Aeron\u00e1utica] nos limites da lei, com exonera\u00e7\u00f5es, subordinou a Abin \u00e0 Casa Civil,<\/strong> estabeleceu a harmonia com STF, STJ, TCU, Congresso Nacional e os 27 governadores.<\/p>\n\n\n\n<figure class=\"wp-block-image aligncenter size-full\"><img loading=\"lazy\" decoding=\"async\" width=\"800\" height=\"365\" src=\"https:\/\/renatodias.online\/movimento\/wp-content\/uploads\/2021\/06\/Joao-Belchior-Marques-Goulart-_-MR-8-e1680909741533.jpg\" alt=\"\" class=\"wp-image-7109\" srcset=\"https:\/\/renatodias.online\/movimento\/wp-content\/uploads\/2021\/06\/Joao-Belchior-Marques-Goulart-_-MR-8-e1680909741533.jpg 800w, https:\/\/renatodias.online\/movimento\/wp-content\/uploads\/2021\/06\/Joao-Belchior-Marques-Goulart-_-MR-8-e1680909741533-300x137.jpg 300w, https:\/\/renatodias.online\/movimento\/wp-content\/uploads\/2021\/06\/Joao-Belchior-Marques-Goulart-_-MR-8-e1680909741533-768x350.jpg 768w, https:\/\/renatodias.online\/movimento\/wp-content\/uploads\/2021\/06\/Joao-Belchior-Marques-Goulart-_-MR-8-e1680909741533-150x68.jpg 150w\" sizes=\"auto, (max-width: 800px) 100vw, 800px\" \/><figcaption class=\"wp-element-caption\"><strong>Jo\u00e3o Belchior Marques Goulart, presidente da Rep\u00fablica<\/strong><\/figcaption><\/figure>\n\n\n\n<p><strong>Luiz In\u00e1cio Lula da Silva n\u00e3o permitiu manifesta\u00e7\u00e3o oficial no dia do golpe de Estado civil e militar de 1964<\/strong>, que dep\u00f4s o presidente da Rep\u00fablica \u00e0 \u00e9poca, Jo\u00e3o Goulart. Data: em 31 de mar\u00e7o, instalou a Comiss\u00e3o de Anistia e determinou a volta do conselh\u00e3o.<\/p>\n\n\n\n<figure class=\"wp-block-image aligncenter size-full\"><img loading=\"lazy\" decoding=\"async\" width=\"800\" height=\"450\" src=\"https:\/\/renatodias.online\/movimento\/wp-content\/uploads\/2023\/04\/Blumenau-3-e1680819115113.jpg\" alt=\"\" class=\"wp-image-16346\" srcset=\"https:\/\/renatodias.online\/movimento\/wp-content\/uploads\/2023\/04\/Blumenau-3-e1680819115113.jpg 800w, https:\/\/renatodias.online\/movimento\/wp-content\/uploads\/2023\/04\/Blumenau-3-e1680819115113-300x169.jpg 300w, https:\/\/renatodias.online\/movimento\/wp-content\/uploads\/2023\/04\/Blumenau-3-e1680819115113-768x432.jpg 768w, https:\/\/renatodias.online\/movimento\/wp-content\/uploads\/2023\/04\/Blumenau-3-e1680819115113-150x84.jpg 150w\" sizes=\"auto, (max-width: 800px) 100vw, 800px\" \/><figcaption class=\"wp-element-caption\"><strong>O que \u00e9 isso?<\/strong><\/figcaption><\/figure>\n\n\n\n<p><strong>Libera\u00e7\u00e3o de R$ 150 milh\u00f5es para impulsionar as patrulhas escolares no Brasil e a cria\u00e7\u00e3o de um n\u00facleo com 50 policiais federais para monitorar amea\u00e7as e planejamento de ataques nas redes sociais. <\/strong>Medidas j\u00e1 adotadas ap\u00f3s a trag\u00e9dia de Blumenau.<\/p>\n\n\n\n<figure class=\"wp-block-image aligncenter size-full\"><img loading=\"lazy\" decoding=\"async\" width=\"750\" height=\"500\" src=\"https:\/\/renatodias.online\/movimento\/wp-content\/uploads\/2022\/02\/Inflacao.jpg\" alt=\"\" class=\"wp-image-10943\"\/><figcaption class=\"wp-element-caption\"><strong>Infla\u00e7\u00e3o<\/strong><\/figcaption><\/figure>\n\n\n\n<p><strong>A redu\u00e7\u00e3o substancial das altas taxas de juros. Para controlar a infla\u00e7\u00e3o, retomar o crescimento do PIB, reindustrializar o Brasil, gerar empregos diretos e indiretos<\/strong>. \u00c9 o que quer o novo Governo Federal em 100 dias.<\/p>\n\n\n\n<figure class=\"wp-block-image aligncenter size-full\"><img loading=\"lazy\" decoding=\"async\" width=\"800\" height=\"577\" src=\"https:\/\/renatodias.online\/movimento\/wp-content\/uploads\/2021\/05\/A-crise-na-Educacao-e1680909922443.jpg\" alt=\"\" class=\"wp-image-6483\" srcset=\"https:\/\/renatodias.online\/movimento\/wp-content\/uploads\/2021\/05\/A-crise-na-Educacao-e1680909922443.jpg 800w, https:\/\/renatodias.online\/movimento\/wp-content\/uploads\/2021\/05\/A-crise-na-Educacao-e1680909922443-300x216.jpg 300w, https:\/\/renatodias.online\/movimento\/wp-content\/uploads\/2021\/05\/A-crise-na-Educacao-e1680909922443-768x554.jpg 768w, https:\/\/renatodias.online\/movimento\/wp-content\/uploads\/2021\/05\/A-crise-na-Educacao-e1680909922443-150x108.jpg 150w\" sizes=\"auto, (max-width: 800px) 100vw, 800px\" \/><figcaption class=\"wp-element-caption\"><strong>A crise na Educa\u00e7\u00e3o<\/strong> no Ensino M\u00e9dio<\/figcaption><\/figure>\n\n\n\n<p>Uma suspens\u00e3o para promover ajustes e atender as demandas educacionais dos professores, servidores e dos estudantes. <strong>\u00c0 Reforma do Ensino M\u00e9dio, que \u00e9 anacr\u00f4nica. Mem\u00f3ria: para os tempos contempor\u00e2neos.<\/strong><\/p>\n\n\n\n<figure class=\"wp-block-image aligncenter size-full\"><img loading=\"lazy\" decoding=\"async\" width=\"800\" height=\"600\" src=\"https:\/\/renatodias.online\/movimento\/wp-content\/uploads\/2023\/02\/Lula-sobrevoa-areas-de-risco-em-Sao-Sebastiao-e1680909993575.jpeg\" alt=\"\" class=\"wp-image-15747\" srcset=\"https:\/\/renatodias.online\/movimento\/wp-content\/uploads\/2023\/02\/Lula-sobrevoa-areas-de-risco-em-Sao-Sebastiao-e1680909993575.jpeg 800w, https:\/\/renatodias.online\/movimento\/wp-content\/uploads\/2023\/02\/Lula-sobrevoa-areas-de-risco-em-Sao-Sebastiao-e1680909993575-300x225.jpeg 300w, https:\/\/renatodias.online\/movimento\/wp-content\/uploads\/2023\/02\/Lula-sobrevoa-areas-de-risco-em-Sao-Sebastiao-e1680909993575-768x576.jpeg 768w, https:\/\/renatodias.online\/movimento\/wp-content\/uploads\/2023\/02\/Lula-sobrevoa-areas-de-risco-em-Sao-Sebastiao-e1680909993575-150x113.jpeg 150w\" sizes=\"auto, (max-width: 800px) 100vw, 800px\" \/><figcaption class=\"wp-element-caption\"><strong>Lula sobrevoa \u00e1reas de risco em S\u00e3o Sebasti\u00e3o<\/strong><\/figcaption><\/figure>\n\n\n\n<p>As chuvas de ver\u00e3o mataram dezenas na Bahia, Nordeste. Jair Messias Bolsonaro passeava de Jet Ski em Santa Catarina. Regi\u00e3o Sul, do Brasil. <strong>Trag\u00e9dia de 2023 no litoral de S\u00e3o Paulo, no Sudeste. Luiz In\u00e1cio Lula da Silva sobrevoou a \u00e1rea e deu socorro.<\/strong><\/p>\n\n\n\n<figure class=\"wp-block-image aligncenter size-large\"><img loading=\"lazy\" decoding=\"async\" width=\"1024\" height=\"683\" src=\"https:\/\/renatodias.online\/movimento\/wp-content\/uploads\/2021\/02\/Marielle-Franco-1024x683.jpg\" alt=\"\" class=\"wp-image-5172\"\/><figcaption class=\"wp-element-caption\"><strong>Marielle Franco, morta em 2018<\/strong><\/figcaption><\/figure>\n\n\n\n<p><strong>Crime sem castigo, a execu\u00e7\u00e3o de Marielle Franco, em 14 de mar\u00e7o de 2018, no Rio, ser\u00e1 elucidada.<\/strong> A PF fechou o \u00e7erco \u00e0 rota do ouro. Oito mil militares&nbsp;em cargos civis exonerados. Amplia\u00e7\u00e3o dos espa\u00e7os de poder a negros, mulheres e ind\u00edgenas.<\/p>\n\n\n\n<figure class=\"wp-block-image aligncenter size-full\"><img decoding=\"async\" src=\"https:\/\/renatodias.online\/movimento\/wp-content\/uploads\/2023\/01\/Jair-Messias-Bolsonaro-caricatura-Estadao-e1679533050696.jpg\" alt=\"\" class=\"wp-image-15440\"\/><figcaption class=\"wp-element-caption\"><strong>Jair Messias Bolsonaro<\/strong><\/figcaption><\/figure>\n\n\n\n<p>O <strong>cercadinho foi parar na lata de lixo da Hist\u00f3ria do s\u00e9culo 21 no Brasil Republicano<\/strong>. Pente fino em licita\u00e7\u00f5es, contratos com ind\u00edcios de superfaturamento. Obras paralisadas s\u00e3o retomadas. Sem amarras do Teto de Gastos. Um novo tempo<\/p>\n\n\n\n<figure class=\"wp-block-image aligncenter size-full\"><img loading=\"lazy\" decoding=\"async\" width=\"290\" height=\"290\" src=\"https:\/\/renatodias.online\/movimento\/wp-content\/uploads\/2023\/01\/Mapa-do-Brasil-vermelho.jpg\" alt=\"\" class=\"wp-image-15438\" srcset=\"https:\/\/renatodias.online\/movimento\/wp-content\/uploads\/2023\/01\/Mapa-do-Brasil-vermelho.jpg 290w, https:\/\/renatodias.online\/movimento\/wp-content\/uploads\/2023\/01\/Mapa-do-Brasil-vermelho-150x150.jpg 150w\" sizes=\"auto, (max-width: 290px) 100vw, 290px\" \/><figcaption class=\"wp-element-caption\"><strong>Brasil<\/strong><\/figcaption><\/figure>\n\n\n\n<figure class=\"wp-block-table\"><table><tbody><tr><td><\/td><\/tr><\/tbody><\/table><\/figure>\n","protected":false},"excerpt":{"rendered":"<p>&nbsp;A terceira Era Lula Presidencialismo de coaliz\u00e3o Renato Dias O presidente da Rep\u00fablica, Luiz In\u00e1cio Lula da Silva [PT], atinge 100 dias no Pal\u00e1cio do Planalto ap\u00f3s derrotar, sob o rigor da Lei, a tentativa terrorista de um golpe de Estado civil e militar em 8 de janeiro de 2023. Apesar das cenas de viol\u00eancia<\/p>\n","protected":false},"author":2,"featured_media":16374,"comment_status":"open","ping_status":"open","sticky":false,"template":"","format":"standard","meta":{"_acf_changed":false,"_monsterinsights_skip_tracking":false,"_monsterinsights_sitenote_active":false,"_monsterinsights_sitenote_note":"","_monsterinsights_sitenote_category":0,"footnotes":""},"categories":[4],"tags":[],"class_list":["post-16352","post","type-post","status-publish","format-standard","has-post-thumbnail","hentry","category-politica"],"acf":[],"yoast_head":"<!-- This site is optimized with the Yoast SEO plugin v27.4 - https:\/\/yoast.com\/product\/yoast-seo-wordpress\/ -->\n<title>100 dias, hoje -<\/title>\n<meta name=\"robots\" content=\"index, follow, max-snippet:-1, max-image-preview:large, max-video-preview:-1\" \/>\n<link rel=\"canonical\" href=\"https:\/\/renatodias.online\/movimento\/2023\/04\/07\/100-dias-hoje\/\" \/>\n<meta property=\"og:locale\" content=\"pt_BR\" \/>\n<meta property=\"og:type\" content=\"article\" \/>\n<meta property=\"og:title\" content=\"100 dias, hoje -\" \/>\n<meta property=\"og:description\" content=\"&nbsp;A terceira Era Lula Presidencialismo de coaliz\u00e3o Renato Dias O presidente da Rep\u00fablica, Luiz In\u00e1cio Lula da Silva [PT], atinge 100 dias no Pal\u00e1cio do Planalto ap\u00f3s derrotar, sob o rigor da Lei, a tentativa terrorista de um golpe de Estado civil e militar em 8 de janeiro de 2023. Apesar das cenas de viol\u00eancia\" \/>\n<meta property=\"og:url\" content=\"https:\/\/renatodias.online\/movimento\/2023\/04\/07\/100-dias-hoje\/\" \/>\n<meta property=\"article:publisher\" content=\"https:\/\/www.facebook.com\/renato.dias.37\" \/>\n<meta property=\"article:author\" content=\"https:\/\/www.facebook.com\/renato.dias.37\" \/>\n<meta property=\"article:published_time\" content=\"2023-04-07T23:39:44+00:00\" \/>\n<meta property=\"article:modified_time\" content=\"2023-04-08T00:55:34+00:00\" \/>\n<meta property=\"og:image\" content=\"https:\/\/renatodias.online\/movimento\/wp-content\/uploads\/2023\/04\/Lula-e-os-100-dias-e1680915218107.jpg\" \/>\n\t<meta property=\"og:image:width\" content=\"800\" \/>\n\t<meta property=\"og:image:height\" content=\"450\" \/>\n\t<meta property=\"og:image:type\" content=\"image\/jpeg\" \/>\n<meta name=\"author\" content=\"Renato Dias\" \/>\n<meta name=\"twitter:card\" content=\"summary_large_image\" \/>\n<meta name=\"twitter:creator\" content=\"@RenatoDiasBat\" \/>\n<meta name=\"twitter:site\" content=\"@RenatoDiasBat\" \/>\n<meta name=\"twitter:label1\" content=\"Escrito por\" \/>\n\t<meta name=\"twitter:data1\" content=\"Renato Dias\" \/>\n\t<meta name=\"twitter:label2\" content=\"Est. tempo de leitura\" \/>\n\t<meta name=\"twitter:data2\" content=\"9 minutos\" \/>\n<script type=\"application\/ld+json\" class=\"yoast-schema-graph\">{\"@context\":\"https:\\\/\\\/schema.org\",\"@graph\":[{\"@type\":\"Article\",\"@id\":\"https:\\\/\\\/renatodias.online\\\/movimento\\\/2023\\\/04\\\/07\\\/100-dias-hoje\\\/#article\",\"isPartOf\":{\"@id\":\"https:\\\/\\\/renatodias.online\\\/movimento\\\/2023\\\/04\\\/07\\\/100-dias-hoje\\\/\"},\"author\":{\"name\":\"Renato Dias\",\"@id\":\"https:\\\/\\\/renatodias.online\\\/movimento\\\/#\\\/schema\\\/person\\\/bbab28833b1725a20f4083f49f1fb2a9\"},\"headline\":\"100 dias, hoje\",\"datePublished\":\"2023-04-07T23:39:44+00:00\",\"dateModified\":\"2023-04-08T00:55:34+00:00\",\"mainEntityOfPage\":{\"@id\":\"https:\\\/\\\/renatodias.online\\\/movimento\\\/2023\\\/04\\\/07\\\/100-dias-hoje\\\/\"},\"wordCount\":919,\"commentCount\":0,\"publisher\":{\"@id\":\"https:\\\/\\\/renatodias.online\\\/movimento\\\/#\\\/schema\\\/person\\\/bbab28833b1725a20f4083f49f1fb2a9\"},\"image\":{\"@id\":\"https:\\\/\\\/renatodias.online\\\/movimento\\\/2023\\\/04\\\/07\\\/100-dias-hoje\\\/#primaryimage\"},\"thumbnailUrl\":\"https:\\\/\\\/renatodias.online\\\/movimento\\\/wp-content\\\/uploads\\\/2023\\\/04\\\/Lula-e-os-100-dias-e1680915218107.jpg\",\"articleSection\":[\"Pol\u00edtica\"],\"inLanguage\":\"pt-BR\",\"potentialAction\":[{\"@type\":\"CommentAction\",\"name\":\"Comment\",\"target\":[\"https:\\\/\\\/renatodias.online\\\/movimento\\\/2023\\\/04\\\/07\\\/100-dias-hoje\\\/#respond\"]}]},{\"@type\":\"WebPage\",\"@id\":\"https:\\\/\\\/renatodias.online\\\/movimento\\\/2023\\\/04\\\/07\\\/100-dias-hoje\\\/\",\"url\":\"https:\\\/\\\/renatodias.online\\\/movimento\\\/2023\\\/04\\\/07\\\/100-dias-hoje\\\/\",\"name\":\"100 dias, hoje -\",\"isPartOf\":{\"@id\":\"https:\\\/\\\/renatodias.online\\\/movimento\\\/#website\"},\"primaryImageOfPage\":{\"@id\":\"https:\\\/\\\/renatodias.online\\\/movimento\\\/2023\\\/04\\\/07\\\/100-dias-hoje\\\/#primaryimage\"},\"image\":{\"@id\":\"https:\\\/\\\/renatodias.online\\\/movimento\\\/2023\\\/04\\\/07\\\/100-dias-hoje\\\/#primaryimage\"},\"thumbnailUrl\":\"https:\\\/\\\/renatodias.online\\\/movimento\\\/wp-content\\\/uploads\\\/2023\\\/04\\\/Lula-e-os-100-dias-e1680915218107.jpg\",\"datePublished\":\"2023-04-07T23:39:44+00:00\",\"dateModified\":\"2023-04-08T00:55:34+00:00\",\"breadcrumb\":{\"@id\":\"https:\\\/\\\/renatodias.online\\\/movimento\\\/2023\\\/04\\\/07\\\/100-dias-hoje\\\/#breadcrumb\"},\"inLanguage\":\"pt-BR\",\"potentialAction\":[{\"@type\":\"ReadAction\",\"target\":[\"https:\\\/\\\/renatodias.online\\\/movimento\\\/2023\\\/04\\\/07\\\/100-dias-hoje\\\/\"]}]},{\"@type\":\"ImageObject\",\"inLanguage\":\"pt-BR\",\"@id\":\"https:\\\/\\\/renatodias.online\\\/movimento\\\/2023\\\/04\\\/07\\\/100-dias-hoje\\\/#primaryimage\",\"url\":\"https:\\\/\\\/renatodias.online\\\/movimento\\\/wp-content\\\/uploads\\\/2023\\\/04\\\/Lula-e-os-100-dias-e1680915218107.jpg\",\"contentUrl\":\"https:\\\/\\\/renatodias.online\\\/movimento\\\/wp-content\\\/uploads\\\/2023\\\/04\\\/Lula-e-os-100-dias-e1680915218107.jpg\",\"width\":800,\"height\":450,\"caption\":\"Luiz In\u00e1cio Lula da Silva\"},{\"@type\":\"BreadcrumbList\",\"@id\":\"https:\\\/\\\/renatodias.online\\\/movimento\\\/2023\\\/04\\\/07\\\/100-dias-hoje\\\/#breadcrumb\",\"itemListElement\":[{\"@type\":\"ListItem\",\"position\":1,\"name\":\"In\u00edcio\",\"item\":\"https:\\\/\\\/renatodias.online\\\/movimento\\\/\"},{\"@type\":\"ListItem\",\"position\":2,\"name\":\"100 dias, hoje\"}]},{\"@type\":\"WebSite\",\"@id\":\"https:\\\/\\\/renatodias.online\\\/movimento\\\/#website\",\"url\":\"https:\\\/\\\/renatodias.online\\\/movimento\\\/\",\"name\":\"\",\"description\":\"\",\"publisher\":{\"@id\":\"https:\\\/\\\/renatodias.online\\\/movimento\\\/#\\\/schema\\\/person\\\/bbab28833b1725a20f4083f49f1fb2a9\"},\"potentialAction\":[{\"@type\":\"SearchAction\",\"target\":{\"@type\":\"EntryPoint\",\"urlTemplate\":\"https:\\\/\\\/renatodias.online\\\/movimento\\\/?s={search_term_string}\"},\"query-input\":{\"@type\":\"PropertyValueSpecification\",\"valueRequired\":true,\"valueName\":\"search_term_string\"}}],\"inLanguage\":\"pt-BR\"},{\"@type\":[\"Person\",\"Organization\"],\"@id\":\"https:\\\/\\\/renatodias.online\\\/movimento\\\/#\\\/schema\\\/person\\\/bbab28833b1725a20f4083f49f1fb2a9\",\"name\":\"Renato Dias\",\"image\":{\"@type\":\"ImageObject\",\"inLanguage\":\"pt-BR\",\"@id\":\"https:\\\/\\\/renatodias.online\\\/movimento\\\/wp-content\\\/uploads\\\/2023\\\/03\\\/cropped-cropped-cropped-logofinal.jpeg\",\"url\":\"https:\\\/\\\/renatodias.online\\\/movimento\\\/wp-content\\\/uploads\\\/2023\\\/03\\\/cropped-cropped-cropped-logofinal.jpeg\",\"contentUrl\":\"https:\\\/\\\/renatodias.online\\\/movimento\\\/wp-content\\\/uploads\\\/2023\\\/03\\\/cropped-cropped-cropped-logofinal.jpeg\",\"width\":1280,\"height\":219,\"caption\":\"Renato Dias\"},\"logo\":{\"@id\":\"https:\\\/\\\/renatodias.online\\\/movimento\\\/wp-content\\\/uploads\\\/2023\\\/03\\\/cropped-cropped-cropped-logofinal.jpeg\"},\"description\":\"Renato Dias, 58 anos, \u00e9 graduado em Jornalismo, formado em Ci\u00eancias Sociais, com p\u00f3s-gradua\u00e7\u00e3o em Pol\u00edticas P\u00fablicas, mestre em Direito e Rela\u00e7\u00f5es Internacionais, ex-aluno extraordin\u00e1rio do Doutorado em Psicologia Social, ex-estudante do Curso de Psican\u00e1lise do Centro de Estudos Psicanal\u00edticos do Estado de Goi\u00e1s, ministrado pelo m\u00e9dico psiquiatra e psicanalista Daniel Em\u00eddio de Souza. \u00c9 autor de 30 livros-reportagem, oito document\u00e1rios, ganhou 30 pr\u00eamios e \u00e9 torcedor apaixonado do maior do Centro-Oeste, o Vila Nova Futebol Clube. Casado com Meirilane Dias, \u00e9 pai de Juliana Dias, jornalista; Daniel Dias, economista; e Maria Rosa Dias, estudante antifascista, socialista e trotskista.\u00a0Com tr\u00eas pets: Porquinho [Bull Dog Franc\u00eas], Dalila [Basset Hound] e Geleia [Basset Hound]. Al\u00e9m do eterno gato Tutuquinho, que virou estrela.\",\"sameAs\":[\"https:\\\/\\\/www.facebook.com\\\/renato.dias.37\",\"#breve\",\"https:\\\/\\\/renatodias.tumblr.com\\\/\"],\"url\":\"https:\\\/\\\/renatodias.online\\\/movimento\\\/author\\\/renatodias\\\/\"}]}<\/script>\n<!-- \/ Yoast SEO plugin. -->","yoast_head_json":{"title":"100 dias, hoje -","robots":{"index":"index","follow":"follow","max-snippet":"max-snippet:-1","max-image-preview":"max-image-preview:large","max-video-preview":"max-video-preview:-1"},"canonical":"https:\/\/renatodias.online\/movimento\/2023\/04\/07\/100-dias-hoje\/","og_locale":"pt_BR","og_type":"article","og_title":"100 dias, hoje -","og_description":"&nbsp;A terceira Era Lula Presidencialismo de coaliz\u00e3o Renato Dias O presidente da Rep\u00fablica, Luiz In\u00e1cio Lula da Silva [PT], atinge 100 dias no Pal\u00e1cio do Planalto ap\u00f3s derrotar, sob o rigor da Lei, a tentativa terrorista de um golpe de Estado civil e militar em 8 de janeiro de 2023. Apesar das cenas de viol\u00eancia","og_url":"https:\/\/renatodias.online\/movimento\/2023\/04\/07\/100-dias-hoje\/","article_publisher":"https:\/\/www.facebook.com\/renato.dias.37","article_author":"https:\/\/www.facebook.com\/renato.dias.37","article_published_time":"2023-04-07T23:39:44+00:00","article_modified_time":"2023-04-08T00:55:34+00:00","og_image":[{"width":800,"height":450,"url":"https:\/\/renatodias.online\/movimento\/wp-content\/uploads\/2023\/04\/Lula-e-os-100-dias-e1680915218107.jpg","type":"image\/jpeg"}],"author":"Renato Dias","twitter_card":"summary_large_image","twitter_creator":"@RenatoDiasBat","twitter_site":"@RenatoDiasBat","twitter_misc":{"Escrito por":"Renato Dias","Est. tempo de leitura":"9 minutos"},"schema":{"@context":"https:\/\/schema.org","@graph":[{"@type":"Article","@id":"https:\/\/renatodias.online\/movimento\/2023\/04\/07\/100-dias-hoje\/#article","isPartOf":{"@id":"https:\/\/renatodias.online\/movimento\/2023\/04\/07\/100-dias-hoje\/"},"author":{"name":"Renato Dias","@id":"https:\/\/renatodias.online\/movimento\/#\/schema\/person\/bbab28833b1725a20f4083f49f1fb2a9"},"headline":"100 dias, hoje","datePublished":"2023-04-07T23:39:44+00:00","dateModified":"2023-04-08T00:55:34+00:00","mainEntityOfPage":{"@id":"https:\/\/renatodias.online\/movimento\/2023\/04\/07\/100-dias-hoje\/"},"wordCount":919,"commentCount":0,"publisher":{"@id":"https:\/\/renatodias.online\/movimento\/#\/schema\/person\/bbab28833b1725a20f4083f49f1fb2a9"},"image":{"@id":"https:\/\/renatodias.online\/movimento\/2023\/04\/07\/100-dias-hoje\/#primaryimage"},"thumbnailUrl":"https:\/\/renatodias.online\/movimento\/wp-content\/uploads\/2023\/04\/Lula-e-os-100-dias-e1680915218107.jpg","articleSection":["Pol\u00edtica"],"inLanguage":"pt-BR","potentialAction":[{"@type":"CommentAction","name":"Comment","target":["https:\/\/renatodias.online\/movimento\/2023\/04\/07\/100-dias-hoje\/#respond"]}]},{"@type":"WebPage","@id":"https:\/\/renatodias.online\/movimento\/2023\/04\/07\/100-dias-hoje\/","url":"https:\/\/renatodias.online\/movimento\/2023\/04\/07\/100-dias-hoje\/","name":"100 dias, hoje -","isPartOf":{"@id":"https:\/\/renatodias.online\/movimento\/#website"},"primaryImageOfPage":{"@id":"https:\/\/renatodias.online\/movimento\/2023\/04\/07\/100-dias-hoje\/#primaryimage"},"image":{"@id":"https:\/\/renatodias.online\/movimento\/2023\/04\/07\/100-dias-hoje\/#primaryimage"},"thumbnailUrl":"https:\/\/renatodias.online\/movimento\/wp-content\/uploads\/2023\/04\/Lula-e-os-100-dias-e1680915218107.jpg","datePublished":"2023-04-07T23:39:44+00:00","dateModified":"2023-04-08T00:55:34+00:00","breadcrumb":{"@id":"https:\/\/renatodias.online\/movimento\/2023\/04\/07\/100-dias-hoje\/#breadcrumb"},"inLanguage":"pt-BR","potentialAction":[{"@type":"ReadAction","target":["https:\/\/renatodias.online\/movimento\/2023\/04\/07\/100-dias-hoje\/"]}]},{"@type":"ImageObject","inLanguage":"pt-BR","@id":"https:\/\/renatodias.online\/movimento\/2023\/04\/07\/100-dias-hoje\/#primaryimage","url":"https:\/\/renatodias.online\/movimento\/wp-content\/uploads\/2023\/04\/Lula-e-os-100-dias-e1680915218107.jpg","contentUrl":"https:\/\/renatodias.online\/movimento\/wp-content\/uploads\/2023\/04\/Lula-e-os-100-dias-e1680915218107.jpg","width":800,"height":450,"caption":"Luiz In\u00e1cio Lula da Silva"},{"@type":"BreadcrumbList","@id":"https:\/\/renatodias.online\/movimento\/2023\/04\/07\/100-dias-hoje\/#breadcrumb","itemListElement":[{"@type":"ListItem","position":1,"name":"In\u00edcio","item":"https:\/\/renatodias.online\/movimento\/"},{"@type":"ListItem","position":2,"name":"100 dias, hoje"}]},{"@type":"WebSite","@id":"https:\/\/renatodias.online\/movimento\/#website","url":"https:\/\/renatodias.online\/movimento\/","name":"","description":"","publisher":{"@id":"https:\/\/renatodias.online\/movimento\/#\/schema\/person\/bbab28833b1725a20f4083f49f1fb2a9"},"potentialAction":[{"@type":"SearchAction","target":{"@type":"EntryPoint","urlTemplate":"https:\/\/renatodias.online\/movimento\/?s={search_term_string}"},"query-input":{"@type":"PropertyValueSpecification","valueRequired":true,"valueName":"search_term_string"}}],"inLanguage":"pt-BR"},{"@type":["Person","Organization"],"@id":"https:\/\/renatodias.online\/movimento\/#\/schema\/person\/bbab28833b1725a20f4083f49f1fb2a9","name":"Renato Dias","image":{"@type":"ImageObject","inLanguage":"pt-BR","@id":"https:\/\/renatodias.online\/movimento\/wp-content\/uploads\/2023\/03\/cropped-cropped-cropped-logofinal.jpeg","url":"https:\/\/renatodias.online\/movimento\/wp-content\/uploads\/2023\/03\/cropped-cropped-cropped-logofinal.jpeg","contentUrl":"https:\/\/renatodias.online\/movimento\/wp-content\/uploads\/2023\/03\/cropped-cropped-cropped-logofinal.jpeg","width":1280,"height":219,"caption":"Renato Dias"},"logo":{"@id":"https:\/\/renatodias.online\/movimento\/wp-content\/uploads\/2023\/03\/cropped-cropped-cropped-logofinal.jpeg"},"description":"Renato Dias, 58 anos, \u00e9 graduado em Jornalismo, formado em Ci\u00eancias Sociais, com p\u00f3s-gradua\u00e7\u00e3o em Pol\u00edticas P\u00fablicas, mestre em Direito e Rela\u00e7\u00f5es Internacionais, ex-aluno extraordin\u00e1rio do Doutorado em Psicologia Social, ex-estudante do Curso de Psican\u00e1lise do Centro de Estudos Psicanal\u00edticos do Estado de Goi\u00e1s, ministrado pelo m\u00e9dico psiquiatra e psicanalista Daniel Em\u00eddio de Souza. \u00c9 autor de 30 livros-reportagem, oito document\u00e1rios, ganhou 30 pr\u00eamios e \u00e9 torcedor apaixonado do maior do Centro-Oeste, o Vila Nova Futebol Clube. Casado com Meirilane Dias, \u00e9 pai de Juliana Dias, jornalista; Daniel Dias, economista; e Maria Rosa Dias, estudante antifascista, socialista e trotskista.\u00a0Com tr\u00eas pets: Porquinho [Bull Dog Franc\u00eas], Dalila [Basset Hound] e Geleia [Basset Hound]. Al\u00e9m do eterno gato Tutuquinho, que virou estrela.","sameAs":["https:\/\/www.facebook.com\/renato.dias.37","#breve","https:\/\/renatodias.tumblr.com\/"],"url":"https:\/\/renatodias.online\/movimento\/author\/renatodias\/"}]}},"_links":{"self":[{"href":"https:\/\/renatodias.online\/movimento\/wp-json\/wp\/v2\/posts\/16352","targetHints":{"allow":["GET"]}}],"collection":[{"href":"https:\/\/renatodias.online\/movimento\/wp-json\/wp\/v2\/posts"}],"about":[{"href":"https:\/\/renatodias.online\/movimento\/wp-json\/wp\/v2\/types\/post"}],"author":[{"embeddable":true,"href":"https:\/\/renatodias.online\/movimento\/wp-json\/wp\/v2\/users\/2"}],"replies":[{"embeddable":true,"href":"https:\/\/renatodias.online\/movimento\/wp-json\/wp\/v2\/comments?post=16352"}],"version-history":[{"count":3,"href":"https:\/\/renatodias.online\/movimento\/wp-json\/wp\/v2\/posts\/16352\/revisions"}],"predecessor-version":[{"id":16377,"href":"https:\/\/renatodias.online\/movimento\/wp-json\/wp\/v2\/posts\/16352\/revisions\/16377"}],"wp:featuredmedia":[{"embeddable":true,"href":"https:\/\/renatodias.online\/movimento\/wp-json\/wp\/v2\/media\/16374"}],"wp:attachment":[{"href":"https:\/\/renatodias.online\/movimento\/wp-json\/wp\/v2\/media?parent=16352"}],"wp:term":[{"taxonomy":"category","embeddable":true,"href":"https:\/\/renatodias.online\/movimento\/wp-json\/wp\/v2\/categories?post=16352"},{"taxonomy":"post_tag","embeddable":true,"href":"https:\/\/renatodias.online\/movimento\/wp-json\/wp\/v2\/tags?post=16352"}],"curies":[{"name":"wp","href":"https:\/\/api.w.org\/{rel}","templated":true}]}}