{"id":16305,"date":"2023-04-02T20:23:00","date_gmt":"2023-04-02T23:23:00","guid":{"rendered":"https:\/\/renatodias.online\/movimento\/?p=16305"},"modified":"2023-04-02T20:23:00","modified_gmt":"2023-04-02T23:23:00","slug":"casamento-e-assim","status":"publish","type":"post","link":"https:\/\/renatodias.online\/movimento\/2023\/04\/02\/casamento-e-assim\/","title":{"rendered":"Casamento \u00e9 assim"},"content":{"rendered":"\n<p class=\"has-text-align-center\"><mark style=\"background-color:rgba(0, 0, 0, 0)\" class=\"has-inline-color has-vivid-red-color\"><strong>Amanda e Fernando<\/strong><\/mark><\/p>\n\n\n\n<figure class=\"wp-block-image aligncenter size-full\"><img loading=\"lazy\" decoding=\"async\" width=\"200\" height=\"194\" src=\"https:\/\/renatodias.online\/movimento\/wp-content\/uploads\/2022\/04\/A-revolucao-dos-cravos-e1680477658151.png\" alt=\"\" class=\"wp-image-12067\" srcset=\"https:\/\/renatodias.online\/movimento\/wp-content\/uploads\/2022\/04\/A-revolucao-dos-cravos-e1680477658151.png 200w, https:\/\/renatodias.online\/movimento\/wp-content\/uploads\/2022\/04\/A-revolucao-dos-cravos-e1680477658151-150x146.png 150w\" sizes=\"auto, (max-width: 200px) 100vw, 200px\" \/><\/figure>\n\n\n\n<p class=\"has-text-align-center\"><mark style=\"background-color:rgba(0, 0, 0, 0)\" class=\"has-inline-color has-vivid-purple-color\"><strong>Casamento \u00e9 assim:<\/strong><\/mark><\/p>\n\n\n\n<p>No in\u00edcio as diferen\u00e7as do jeito de ser de cada um, s\u00e3o admiradas mutuamente, s\u00e3o fatores que atraem. Depois vem uma longa conviv\u00eancia onde cada um quer transformar o outro em sua imagem e semelhan\u00e7a. As diferen\u00e7as passam a pesar muito e ser fator de afastamento, n\u00e3o mais de atra\u00e7\u00e3o.<\/p>\n\n\n\n<p>Nesse embate vamos compreender que existem pontos em que se faz necess\u00e1rio os ajustes. As partes t\u00eam de buscar mudar. Mas tamb\u00e9m cada um tem de respeitar as diferen\u00e7as, at\u00e9 que os ajustes sejam feitos. Finalmente, as partes compreender\u00e3o que embora cada um tenha de buscar mudar, buscar a harmonia entre elas, nunca um ser\u00e1 o outro. Ajustes s\u00e3o ajustes. N\u00e3o uma completa transforma\u00e7\u00e3o.<\/p>\n\n\n\n<p>Ent\u00e3o finalmente, l\u00e1 na frente dos anos vividos, chegar\u00e1 o tempo da delicadeza. Onde saberemos conviver e at\u00e9 mesmo voltar a admirar algumas diferen\u00e7as. N\u00e3o como eram inicialmente, mas modificadas. A consci\u00eancia das diferen\u00e7as, os esfor\u00e7os para ajusta-las e a toler\u00e2ncia m\u00fatua para ser tolerado naquilo dif\u00edcil de mudar, pode dar ao casamento, sua durabilidade. A chave do sucesso \u00e9 o di\u00e1logo. Dialoguem, respeitem e se amem. E sejam felizes para sempre.<\/p>\n\n\n\n<p class=\"has-text-align-center\"><strong>Do amigo<\/strong><\/p>\n\n\n\n<p class=\"has-text-align-center\"><strong><mark style=\"background-color:rgba(0, 0, 0, 0)\" class=\"has-inline-color has-vivid-red-color\">Euler Ivo Vieira<\/mark><\/strong><\/p>\n\n\n\n<figure class=\"wp-block-image size-full\"><img loading=\"lazy\" decoding=\"async\" width=\"1066\" height=\"699\" src=\"https:\/\/renatodias.online\/movimento\/wp-content\/uploads\/2022\/08\/O-amor.jpg\" alt=\"\" class=\"wp-image-13869\" srcset=\"https:\/\/renatodias.online\/movimento\/wp-content\/uploads\/2022\/08\/O-amor.jpg 1066w, https:\/\/renatodias.online\/movimento\/wp-content\/uploads\/2022\/08\/O-amor-300x197.jpg 300w, https:\/\/renatodias.online\/movimento\/wp-content\/uploads\/2022\/08\/O-amor-768x504.jpg 768w, https:\/\/renatodias.online\/movimento\/wp-content\/uploads\/2022\/08\/O-amor-750x492.jpg 750w\" sizes=\"auto, (max-width: 1066px) 100vw, 1066px\" \/><\/figure>\n\n\n\n<p><\/p>\n","protected":false},"excerpt":{"rendered":"<p>Amanda e Fernando Casamento \u00e9 assim: No in\u00edcio as diferen\u00e7as do jeito de ser de cada um, s\u00e3o admiradas mutuamente, s\u00e3o fatores que atraem. Depois vem uma longa conviv\u00eancia onde cada um quer transformar o outro em sua imagem e semelhan\u00e7a. As diferen\u00e7as passam a pesar muito e ser fator de afastamento, n\u00e3o mais de<\/p>\n","protected":false},"author":2,"featured_media":11709,"comment_status":"open","ping_status":"open","sticky":false,"template":"","format":"standard","meta":{"_acf_changed":false,"_monsterinsights_skip_tracking":false,"_monsterinsights_sitenote_active":false,"_monsterinsights_sitenote_note":"","_monsterinsights_sitenote_category":0,"footnotes":""},"categories":[15],"tags":[],"class_list":["post-16305","post","type-post","status-publish","format-standard","has-post-thumbnail","hentry","category-estilo-de-vida"],"acf":[],"yoast_head":"<!-- This site is optimized with the Yoast SEO plugin v27.4 - https:\/\/yoast.com\/product\/yoast-seo-wordpress\/ -->\n<title>Casamento \u00e9 assim -<\/title>\n<meta name=\"robots\" content=\"index, follow, max-snippet:-1, max-image-preview:large, max-video-preview:-1\" \/>\n<link rel=\"canonical\" href=\"https:\/\/renatodias.online\/movimento\/2023\/04\/02\/casamento-e-assim\/\" \/>\n<meta property=\"og:locale\" content=\"pt_BR\" \/>\n<meta property=\"og:type\" content=\"article\" \/>\n<meta property=\"og:title\" content=\"Casamento \u00e9 assim -\" \/>\n<meta property=\"og:description\" content=\"Amanda e Fernando Casamento \u00e9 assim: No in\u00edcio as diferen\u00e7as do jeito de ser de cada um, s\u00e3o admiradas mutuamente, s\u00e3o fatores que atraem. Depois vem uma longa conviv\u00eancia onde cada um quer transformar o outro em sua imagem e semelhan\u00e7a. As diferen\u00e7as passam a pesar muito e ser fator de afastamento, n\u00e3o mais de\" \/>\n<meta property=\"og:url\" content=\"https:\/\/renatodias.online\/movimento\/2023\/04\/02\/casamento-e-assim\/\" \/>\n<meta property=\"article:publisher\" content=\"https:\/\/www.facebook.com\/renato.dias.37\" \/>\n<meta property=\"article:author\" content=\"https:\/\/www.facebook.com\/renato.dias.37\" \/>\n<meta property=\"article:published_time\" content=\"2023-04-02T23:23:00+00:00\" \/>\n<meta property=\"og:image\" content=\"https:\/\/renatodias.online\/movimento\/wp-content\/uploads\/2022\/04\/Sessao-Especial-Euler-Ivo-1-e1680349281558.jpg\" \/>\n\t<meta property=\"og:image:width\" content=\"798\" \/>\n\t<meta property=\"og:image:height\" content=\"533\" \/>\n\t<meta property=\"og:image:type\" content=\"image\/jpeg\" \/>\n<meta name=\"author\" content=\"Renato Dias\" \/>\n<meta name=\"twitter:card\" content=\"summary_large_image\" \/>\n<meta name=\"twitter:creator\" content=\"@RenatoDiasBat\" \/>\n<meta name=\"twitter:site\" content=\"@RenatoDiasBat\" \/>\n<meta name=\"twitter:label1\" content=\"Escrito por\" \/>\n\t<meta name=\"twitter:data1\" content=\"Renato Dias\" \/>\n\t<meta name=\"twitter:label2\" content=\"Est. tempo de leitura\" \/>\n\t<meta name=\"twitter:data2\" content=\"2 minutos\" \/>\n<script type=\"application\/ld+json\" class=\"yoast-schema-graph\">{\"@context\":\"https:\\\/\\\/schema.org\",\"@graph\":[{\"@type\":\"Article\",\"@id\":\"https:\\\/\\\/renatodias.online\\\/movimento\\\/2023\\\/04\\\/02\\\/casamento-e-assim\\\/#article\",\"isPartOf\":{\"@id\":\"https:\\\/\\\/renatodias.online\\\/movimento\\\/2023\\\/04\\\/02\\\/casamento-e-assim\\\/\"},\"author\":{\"name\":\"Renato Dias\",\"@id\":\"https:\\\/\\\/renatodias.online\\\/movimento\\\/#\\\/schema\\\/person\\\/bbab28833b1725a20f4083f49f1fb2a9\"},\"headline\":\"Casamento \u00e9 assim\",\"datePublished\":\"2023-04-02T23:23:00+00:00\",\"mainEntityOfPage\":{\"@id\":\"https:\\\/\\\/renatodias.online\\\/movimento\\\/2023\\\/04\\\/02\\\/casamento-e-assim\\\/\"},\"wordCount\":224,\"commentCount\":0,\"publisher\":{\"@id\":\"https:\\\/\\\/renatodias.online\\\/movimento\\\/#\\\/schema\\\/person\\\/bbab28833b1725a20f4083f49f1fb2a9\"},\"image\":{\"@id\":\"https:\\\/\\\/renatodias.online\\\/movimento\\\/2023\\\/04\\\/02\\\/casamento-e-assim\\\/#primaryimage\"},\"thumbnailUrl\":\"https:\\\/\\\/renatodias.online\\\/movimento\\\/wp-content\\\/uploads\\\/2022\\\/04\\\/Sessao-Especial-Euler-Ivo-1-e1694391336516.jpg\",\"articleSection\":[\"Estilo de Vida\"],\"inLanguage\":\"pt-BR\",\"potentialAction\":[{\"@type\":\"CommentAction\",\"name\":\"Comment\",\"target\":[\"https:\\\/\\\/renatodias.online\\\/movimento\\\/2023\\\/04\\\/02\\\/casamento-e-assim\\\/#respond\"]}]},{\"@type\":\"WebPage\",\"@id\":\"https:\\\/\\\/renatodias.online\\\/movimento\\\/2023\\\/04\\\/02\\\/casamento-e-assim\\\/\",\"url\":\"https:\\\/\\\/renatodias.online\\\/movimento\\\/2023\\\/04\\\/02\\\/casamento-e-assim\\\/\",\"name\":\"Casamento \u00e9 assim -\",\"isPartOf\":{\"@id\":\"https:\\\/\\\/renatodias.online\\\/movimento\\\/#website\"},\"primaryImageOfPage\":{\"@id\":\"https:\\\/\\\/renatodias.online\\\/movimento\\\/2023\\\/04\\\/02\\\/casamento-e-assim\\\/#primaryimage\"},\"image\":{\"@id\":\"https:\\\/\\\/renatodias.online\\\/movimento\\\/2023\\\/04\\\/02\\\/casamento-e-assim\\\/#primaryimage\"},\"thumbnailUrl\":\"https:\\\/\\\/renatodias.online\\\/movimento\\\/wp-content\\\/uploads\\\/2022\\\/04\\\/Sessao-Especial-Euler-Ivo-1-e1694391336516.jpg\",\"datePublished\":\"2023-04-02T23:23:00+00:00\",\"breadcrumb\":{\"@id\":\"https:\\\/\\\/renatodias.online\\\/movimento\\\/2023\\\/04\\\/02\\\/casamento-e-assim\\\/#breadcrumb\"},\"inLanguage\":\"pt-BR\",\"potentialAction\":[{\"@type\":\"ReadAction\",\"target\":[\"https:\\\/\\\/renatodias.online\\\/movimento\\\/2023\\\/04\\\/02\\\/casamento-e-assim\\\/\"]}]},{\"@type\":\"ImageObject\",\"inLanguage\":\"pt-BR\",\"@id\":\"https:\\\/\\\/renatodias.online\\\/movimento\\\/2023\\\/04\\\/02\\\/casamento-e-assim\\\/#primaryimage\",\"url\":\"https:\\\/\\\/renatodias.online\\\/movimento\\\/wp-content\\\/uploads\\\/2022\\\/04\\\/Sessao-Especial-Euler-Ivo-1-e1694391336516.jpg\",\"contentUrl\":\"https:\\\/\\\/renatodias.online\\\/movimento\\\/wp-content\\\/uploads\\\/2022\\\/04\\\/Sessao-Especial-Euler-Ivo-1-e1694391336516.jpg\",\"width\":400,\"height\":267,\"caption\":\"Euler Ivo Vieira discursa\"},{\"@type\":\"BreadcrumbList\",\"@id\":\"https:\\\/\\\/renatodias.online\\\/movimento\\\/2023\\\/04\\\/02\\\/casamento-e-assim\\\/#breadcrumb\",\"itemListElement\":[{\"@type\":\"ListItem\",\"position\":1,\"name\":\"In\u00edcio\",\"item\":\"https:\\\/\\\/renatodias.online\\\/movimento\\\/\"},{\"@type\":\"ListItem\",\"position\":2,\"name\":\"Casamento \u00e9 assim\"}]},{\"@type\":\"WebSite\",\"@id\":\"https:\\\/\\\/renatodias.online\\\/movimento\\\/#website\",\"url\":\"https:\\\/\\\/renatodias.online\\\/movimento\\\/\",\"name\":\"\",\"description\":\"\",\"publisher\":{\"@id\":\"https:\\\/\\\/renatodias.online\\\/movimento\\\/#\\\/schema\\\/person\\\/bbab28833b1725a20f4083f49f1fb2a9\"},\"potentialAction\":[{\"@type\":\"SearchAction\",\"target\":{\"@type\":\"EntryPoint\",\"urlTemplate\":\"https:\\\/\\\/renatodias.online\\\/movimento\\\/?s={search_term_string}\"},\"query-input\":{\"@type\":\"PropertyValueSpecification\",\"valueRequired\":true,\"valueName\":\"search_term_string\"}}],\"inLanguage\":\"pt-BR\"},{\"@type\":[\"Person\",\"Organization\"],\"@id\":\"https:\\\/\\\/renatodias.online\\\/movimento\\\/#\\\/schema\\\/person\\\/bbab28833b1725a20f4083f49f1fb2a9\",\"name\":\"Renato Dias\",\"image\":{\"@type\":\"ImageObject\",\"inLanguage\":\"pt-BR\",\"@id\":\"https:\\\/\\\/renatodias.online\\\/movimento\\\/wp-content\\\/uploads\\\/2023\\\/03\\\/cropped-cropped-cropped-logofinal.jpeg\",\"url\":\"https:\\\/\\\/renatodias.online\\\/movimento\\\/wp-content\\\/uploads\\\/2023\\\/03\\\/cropped-cropped-cropped-logofinal.jpeg\",\"contentUrl\":\"https:\\\/\\\/renatodias.online\\\/movimento\\\/wp-content\\\/uploads\\\/2023\\\/03\\\/cropped-cropped-cropped-logofinal.jpeg\",\"width\":1280,\"height\":219,\"caption\":\"Renato Dias\"},\"logo\":{\"@id\":\"https:\\\/\\\/renatodias.online\\\/movimento\\\/wp-content\\\/uploads\\\/2023\\\/03\\\/cropped-cropped-cropped-logofinal.jpeg\"},\"description\":\"Renato Dias, 58 anos, \u00e9 graduado em Jornalismo, formado em Ci\u00eancias Sociais, com p\u00f3s-gradua\u00e7\u00e3o em Pol\u00edticas P\u00fablicas, mestre em Direito e Rela\u00e7\u00f5es Internacionais, ex-aluno extraordin\u00e1rio do Doutorado em Psicologia Social, ex-estudante do Curso de Psican\u00e1lise do Centro de Estudos Psicanal\u00edticos do Estado de Goi\u00e1s, ministrado pelo m\u00e9dico psiquiatra e psicanalista Daniel Em\u00eddio de Souza. \u00c9 autor de 30 livros-reportagem, oito document\u00e1rios, ganhou 30 pr\u00eamios e \u00e9 torcedor apaixonado do maior do Centro-Oeste, o Vila Nova Futebol Clube. Casado com Meirilane Dias, \u00e9 pai de Juliana Dias, jornalista; Daniel Dias, economista; e Maria Rosa Dias, estudante antifascista, socialista e trotskista.\u00a0Com tr\u00eas pets: Porquinho [Bull Dog Franc\u00eas], Dalila [Basset Hound] e Geleia [Basset Hound]. Al\u00e9m do eterno gato Tutuquinho, que virou estrela.\",\"sameAs\":[\"https:\\\/\\\/www.facebook.com\\\/renato.dias.37\",\"#breve\",\"https:\\\/\\\/renatodias.tumblr.com\\\/\"],\"url\":\"https:\\\/\\\/renatodias.online\\\/movimento\\\/author\\\/renatodias\\\/\"}]}<\/script>\n<!-- \/ Yoast SEO plugin. -->","yoast_head_json":{"title":"Casamento \u00e9 assim -","robots":{"index":"index","follow":"follow","max-snippet":"max-snippet:-1","max-image-preview":"max-image-preview:large","max-video-preview":"max-video-preview:-1"},"canonical":"https:\/\/renatodias.online\/movimento\/2023\/04\/02\/casamento-e-assim\/","og_locale":"pt_BR","og_type":"article","og_title":"Casamento \u00e9 assim -","og_description":"Amanda e Fernando Casamento \u00e9 assim: No in\u00edcio as diferen\u00e7as do jeito de ser de cada um, s\u00e3o admiradas mutuamente, s\u00e3o fatores que atraem. Depois vem uma longa conviv\u00eancia onde cada um quer transformar o outro em sua imagem e semelhan\u00e7a. As diferen\u00e7as passam a pesar muito e ser fator de afastamento, n\u00e3o mais de","og_url":"https:\/\/renatodias.online\/movimento\/2023\/04\/02\/casamento-e-assim\/","article_publisher":"https:\/\/www.facebook.com\/renato.dias.37","article_author":"https:\/\/www.facebook.com\/renato.dias.37","article_published_time":"2023-04-02T23:23:00+00:00","og_image":[{"width":798,"height":533,"url":"https:\/\/renatodias.online\/movimento\/wp-content\/uploads\/2022\/04\/Sessao-Especial-Euler-Ivo-1-e1680349281558.jpg","type":"image\/jpeg"}],"author":"Renato Dias","twitter_card":"summary_large_image","twitter_creator":"@RenatoDiasBat","twitter_site":"@RenatoDiasBat","twitter_misc":{"Escrito por":"Renato Dias","Est. tempo de leitura":"2 minutos"},"schema":{"@context":"https:\/\/schema.org","@graph":[{"@type":"Article","@id":"https:\/\/renatodias.online\/movimento\/2023\/04\/02\/casamento-e-assim\/#article","isPartOf":{"@id":"https:\/\/renatodias.online\/movimento\/2023\/04\/02\/casamento-e-assim\/"},"author":{"name":"Renato Dias","@id":"https:\/\/renatodias.online\/movimento\/#\/schema\/person\/bbab28833b1725a20f4083f49f1fb2a9"},"headline":"Casamento \u00e9 assim","datePublished":"2023-04-02T23:23:00+00:00","mainEntityOfPage":{"@id":"https:\/\/renatodias.online\/movimento\/2023\/04\/02\/casamento-e-assim\/"},"wordCount":224,"commentCount":0,"publisher":{"@id":"https:\/\/renatodias.online\/movimento\/#\/schema\/person\/bbab28833b1725a20f4083f49f1fb2a9"},"image":{"@id":"https:\/\/renatodias.online\/movimento\/2023\/04\/02\/casamento-e-assim\/#primaryimage"},"thumbnailUrl":"https:\/\/renatodias.online\/movimento\/wp-content\/uploads\/2022\/04\/Sessao-Especial-Euler-Ivo-1-e1694391336516.jpg","articleSection":["Estilo de Vida"],"inLanguage":"pt-BR","potentialAction":[{"@type":"CommentAction","name":"Comment","target":["https:\/\/renatodias.online\/movimento\/2023\/04\/02\/casamento-e-assim\/#respond"]}]},{"@type":"WebPage","@id":"https:\/\/renatodias.online\/movimento\/2023\/04\/02\/casamento-e-assim\/","url":"https:\/\/renatodias.online\/movimento\/2023\/04\/02\/casamento-e-assim\/","name":"Casamento \u00e9 assim -","isPartOf":{"@id":"https:\/\/renatodias.online\/movimento\/#website"},"primaryImageOfPage":{"@id":"https:\/\/renatodias.online\/movimento\/2023\/04\/02\/casamento-e-assim\/#primaryimage"},"image":{"@id":"https:\/\/renatodias.online\/movimento\/2023\/04\/02\/casamento-e-assim\/#primaryimage"},"thumbnailUrl":"https:\/\/renatodias.online\/movimento\/wp-content\/uploads\/2022\/04\/Sessao-Especial-Euler-Ivo-1-e1694391336516.jpg","datePublished":"2023-04-02T23:23:00+00:00","breadcrumb":{"@id":"https:\/\/renatodias.online\/movimento\/2023\/04\/02\/casamento-e-assim\/#breadcrumb"},"inLanguage":"pt-BR","potentialAction":[{"@type":"ReadAction","target":["https:\/\/renatodias.online\/movimento\/2023\/04\/02\/casamento-e-assim\/"]}]},{"@type":"ImageObject","inLanguage":"pt-BR","@id":"https:\/\/renatodias.online\/movimento\/2023\/04\/02\/casamento-e-assim\/#primaryimage","url":"https:\/\/renatodias.online\/movimento\/wp-content\/uploads\/2022\/04\/Sessao-Especial-Euler-Ivo-1-e1694391336516.jpg","contentUrl":"https:\/\/renatodias.online\/movimento\/wp-content\/uploads\/2022\/04\/Sessao-Especial-Euler-Ivo-1-e1694391336516.jpg","width":400,"height":267,"caption":"Euler Ivo Vieira discursa"},{"@type":"BreadcrumbList","@id":"https:\/\/renatodias.online\/movimento\/2023\/04\/02\/casamento-e-assim\/#breadcrumb","itemListElement":[{"@type":"ListItem","position":1,"name":"In\u00edcio","item":"https:\/\/renatodias.online\/movimento\/"},{"@type":"ListItem","position":2,"name":"Casamento \u00e9 assim"}]},{"@type":"WebSite","@id":"https:\/\/renatodias.online\/movimento\/#website","url":"https:\/\/renatodias.online\/movimento\/","name":"","description":"","publisher":{"@id":"https:\/\/renatodias.online\/movimento\/#\/schema\/person\/bbab28833b1725a20f4083f49f1fb2a9"},"potentialAction":[{"@type":"SearchAction","target":{"@type":"EntryPoint","urlTemplate":"https:\/\/renatodias.online\/movimento\/?s={search_term_string}"},"query-input":{"@type":"PropertyValueSpecification","valueRequired":true,"valueName":"search_term_string"}}],"inLanguage":"pt-BR"},{"@type":["Person","Organization"],"@id":"https:\/\/renatodias.online\/movimento\/#\/schema\/person\/bbab28833b1725a20f4083f49f1fb2a9","name":"Renato Dias","image":{"@type":"ImageObject","inLanguage":"pt-BR","@id":"https:\/\/renatodias.online\/movimento\/wp-content\/uploads\/2023\/03\/cropped-cropped-cropped-logofinal.jpeg","url":"https:\/\/renatodias.online\/movimento\/wp-content\/uploads\/2023\/03\/cropped-cropped-cropped-logofinal.jpeg","contentUrl":"https:\/\/renatodias.online\/movimento\/wp-content\/uploads\/2023\/03\/cropped-cropped-cropped-logofinal.jpeg","width":1280,"height":219,"caption":"Renato Dias"},"logo":{"@id":"https:\/\/renatodias.online\/movimento\/wp-content\/uploads\/2023\/03\/cropped-cropped-cropped-logofinal.jpeg"},"description":"Renato Dias, 58 anos, \u00e9 graduado em Jornalismo, formado em Ci\u00eancias Sociais, com p\u00f3s-gradua\u00e7\u00e3o em Pol\u00edticas P\u00fablicas, mestre em Direito e Rela\u00e7\u00f5es Internacionais, ex-aluno extraordin\u00e1rio do Doutorado em Psicologia Social, ex-estudante do Curso de Psican\u00e1lise do Centro de Estudos Psicanal\u00edticos do Estado de Goi\u00e1s, ministrado pelo m\u00e9dico psiquiatra e psicanalista Daniel Em\u00eddio de Souza. \u00c9 autor de 30 livros-reportagem, oito document\u00e1rios, ganhou 30 pr\u00eamios e \u00e9 torcedor apaixonado do maior do Centro-Oeste, o Vila Nova Futebol Clube. Casado com Meirilane Dias, \u00e9 pai de Juliana Dias, jornalista; Daniel Dias, economista; e Maria Rosa Dias, estudante antifascista, socialista e trotskista.\u00a0Com tr\u00eas pets: Porquinho [Bull Dog Franc\u00eas], Dalila [Basset Hound] e Geleia [Basset Hound]. Al\u00e9m do eterno gato Tutuquinho, que virou estrela.","sameAs":["https:\/\/www.facebook.com\/renato.dias.37","#breve","https:\/\/renatodias.tumblr.com\/"],"url":"https:\/\/renatodias.online\/movimento\/author\/renatodias\/"}]}},"_links":{"self":[{"href":"https:\/\/renatodias.online\/movimento\/wp-json\/wp\/v2\/posts\/16305","targetHints":{"allow":["GET"]}}],"collection":[{"href":"https:\/\/renatodias.online\/movimento\/wp-json\/wp\/v2\/posts"}],"about":[{"href":"https:\/\/renatodias.online\/movimento\/wp-json\/wp\/v2\/types\/post"}],"author":[{"embeddable":true,"href":"https:\/\/renatodias.online\/movimento\/wp-json\/wp\/v2\/users\/2"}],"replies":[{"embeddable":true,"href":"https:\/\/renatodias.online\/movimento\/wp-json\/wp\/v2\/comments?post=16305"}],"version-history":[{"count":1,"href":"https:\/\/renatodias.online\/movimento\/wp-json\/wp\/v2\/posts\/16305\/revisions"}],"predecessor-version":[{"id":16306,"href":"https:\/\/renatodias.online\/movimento\/wp-json\/wp\/v2\/posts\/16305\/revisions\/16306"}],"wp:featuredmedia":[{"embeddable":true,"href":"https:\/\/renatodias.online\/movimento\/wp-json\/wp\/v2\/media\/11709"}],"wp:attachment":[{"href":"https:\/\/renatodias.online\/movimento\/wp-json\/wp\/v2\/media?parent=16305"}],"wp:term":[{"taxonomy":"category","embeddable":true,"href":"https:\/\/renatodias.online\/movimento\/wp-json\/wp\/v2\/categories?post=16305"},{"taxonomy":"post_tag","embeddable":true,"href":"https:\/\/renatodias.online\/movimento\/wp-json\/wp\/v2\/tags?post=16305"}],"curies":[{"name":"wp","href":"https:\/\/api.w.org\/{rel}","templated":true}]}}