{"id":16266,"date":"2023-03-31T10:33:17","date_gmt":"2023-03-31T13:33:17","guid":{"rendered":"https:\/\/renatodias.online\/movimento\/?p=16266"},"modified":"2023-04-01T08:17:36","modified_gmt":"2023-04-01T11:17:36","slug":"lagrimas-a-arquidones-bittes","status":"publish","type":"post","link":"https:\/\/renatodias.online\/movimento\/2023\/03\/31\/lagrimas-a-arquidones-bittes\/","title":{"rendered":"L\u00e1grimas a Arquidones Bittes"},"content":{"rendered":"\n<figure class=\"wp-block-image size-full\"><img decoding=\"async\" src=\"https:\/\/renatodias.online\/movimento\/wp-content\/uploads\/2021\/07\/Luto-_-1.jpg\" alt=\"\" class=\"wp-image-7808\"\/><figcaption class=\"wp-element-caption\"><strong>O \u00faltimo adeus. A dor da partida. O pranto<\/strong><\/figcaption><\/figure>\n\n\n\n<p class=\"has-text-align-center\"><strong>L\u00edder petista morreu de AVC<\/strong><\/p>\n\n\n\n<figure class=\"wp-block-image aligncenter size-full\"><img loading=\"lazy\" decoding=\"async\" width=\"150\" height=\"157\" src=\"https:\/\/renatodias.online\/movimento\/wp-content\/uploads\/2021\/08\/Estrela-do-PT-e1680269416161.jpg\" alt=\"\" class=\"wp-image-8352\"\/><figcaption class=\"wp-element-caption\"><strong>Estrela do PT<\/strong><\/figcaption><\/figure>\n\n\n\n<p class=\"has-text-align-center\"><strong>Os seus \u00f3rg\u00e3os ser\u00e3o doados<\/strong><\/p>\n\n\n\n<p><strong>Renato Dias<\/strong><\/p>\n\n\n\n<p>Torcedor apaixonado do Atl\u00e9tico Clube Goianiense, adepto das ideias de Karl Marx, leitor voraz dos livros do educador Paulo Freire e um dos pioneiros do PT em Goi\u00e1s e ex-vereador em Trindade, o professor <strong>Arquidones Bittes<\/strong> morreu. Causa mortis: complica\u00e7\u00f5es de um Acidente Vascular Cerebral, um AVC hemorr\u00e1gico. Triste.<\/p>\n\n\n\n<p class=\"has-text-align-center\"><strong>A \u00faltima v\u00edtima da Lei de Seguran\u00e7a Nacional, a LSN<\/strong><\/p>\n\n\n\n<figure class=\"wp-block-table\"><table><tbody><tr><td><\/td><\/tr><\/tbody><\/table><\/figure>\n\n\n\n<figure class=\"wp-block-embed is-type-video is-provider-youtube wp-block-embed-youtube wp-embed-aspect-16-9 wp-has-aspect-ratio\"><div class=\"wp-block-embed__wrapper\">\n<iframe loading=\"lazy\" title=\"Professor \u00e9 detido em Goi\u00e1s por faixa chamando Bolsonaro de \u201cgenocida\u201d\" width=\"960\" height=\"540\" src=\"https:\/\/www.youtube.com\/embed\/BNtORU5Outs?feature=oembed\" frameborder=\"0\" allow=\"accelerometer; autoplay; clipboard-write; encrypted-media; gyroscope; picture-in-picture; web-share\" referrerpolicy=\"strict-origin-when-cross-origin\" allowfullscreen><\/iframe>\n<\/div><\/figure>\n\n\n\n<p>O Hospital de Trindade informa adotar os procedimentos legais, m\u00e9dicos e cient\u00edficos para a coleta de \u00f3rg\u00e3os e tecidos. O l\u00edder socialista defendia a doa\u00e7\u00e3o de \u00f3rg\u00e3os. Para a continuidade da vida. A presidente do PT Estadual, K\u00e1tia Maria, vereadora em Goi\u00e2nia, em nota oficial, lamenta a morte do petista hist\u00f3rico da regi\u00e3o metropolitana.<\/p>\n\n\n\n<p class=\"has-text-align-center\"><strong>K\u00e1tia Maria, presidente do PT em Goi\u00e1s, lamenta a morte<\/strong><\/p>\n\n\n\n<figure class=\"wp-block-image aligncenter size-full\"><img loading=\"lazy\" decoding=\"async\" width=\"800\" height=\"513\" src=\"https:\/\/renatodias.online\/movimento\/wp-content\/uploads\/2023\/02\/Katia-Maria-e1680269490933.png\" alt=\"\" class=\"wp-image-15467\" srcset=\"https:\/\/renatodias.online\/movimento\/wp-content\/uploads\/2023\/02\/Katia-Maria-e1680269490933.png 800w, https:\/\/renatodias.online\/movimento\/wp-content\/uploads\/2023\/02\/Katia-Maria-e1680269490933-300x192.png 300w, https:\/\/renatodias.online\/movimento\/wp-content\/uploads\/2023\/02\/Katia-Maria-e1680269490933-768x492.png 768w, https:\/\/renatodias.online\/movimento\/wp-content\/uploads\/2023\/02\/Katia-Maria-e1680269490933-150x96.png 150w\" sizes=\"auto, (max-width: 800px) 100vw, 800px\" \/><figcaption class=\"wp-element-caption\"><strong>K\u00e1tia Maria<\/strong><\/figcaption><\/figure>\n","protected":false},"excerpt":{"rendered":"<p>L\u00edder petista morreu de AVC Os seus \u00f3rg\u00e3os ser\u00e3o doados Renato Dias Torcedor apaixonado do Atl\u00e9tico Clube Goianiense, adepto das ideias de Karl Marx, leitor voraz dos livros do educador Paulo Freire e um dos pioneiros do PT em Goi\u00e1s e ex-vereador em Trindade, o professor Arquidones Bittes morreu. Causa mortis: complica\u00e7\u00f5es de um Acidente<\/p>\n","protected":false},"author":2,"featured_media":16269,"comment_status":"open","ping_status":"open","sticky":false,"template":"","format":"standard","meta":{"_acf_changed":false,"_monsterinsights_skip_tracking":false,"_monsterinsights_sitenote_active":false,"_monsterinsights_sitenote_note":"","_monsterinsights_sitenote_category":0,"footnotes":""},"categories":[4],"tags":[],"class_list":["post-16266","post","type-post","status-publish","format-standard","has-post-thumbnail","hentry","category-politica"],"acf":[],"yoast_head":"<!-- This site is optimized with the Yoast SEO plugin v27.4 - https:\/\/yoast.com\/product\/yoast-seo-wordpress\/ -->\n<title>L\u00e1grimas a Arquidones Bittes -<\/title>\n<meta name=\"robots\" content=\"index, follow, max-snippet:-1, max-image-preview:large, max-video-preview:-1\" \/>\n<link rel=\"canonical\" href=\"https:\/\/renatodias.online\/movimento\/2023\/03\/31\/lagrimas-a-arquidones-bittes\/\" \/>\n<meta property=\"og:locale\" content=\"pt_BR\" \/>\n<meta property=\"og:type\" content=\"article\" \/>\n<meta property=\"og:title\" content=\"L\u00e1grimas a Arquidones Bittes -\" \/>\n<meta property=\"og:description\" content=\"L\u00edder petista morreu de AVC Os seus \u00f3rg\u00e3os ser\u00e3o doados Renato Dias Torcedor apaixonado do Atl\u00e9tico Clube Goianiense, adepto das ideias de Karl Marx, leitor voraz dos livros do educador Paulo Freire e um dos pioneiros do PT em Goi\u00e1s e ex-vereador em Trindade, o professor Arquidones Bittes morreu. Causa mortis: complica\u00e7\u00f5es de um Acidente\" \/>\n<meta property=\"og:url\" content=\"https:\/\/renatodias.online\/movimento\/2023\/03\/31\/lagrimas-a-arquidones-bittes\/\" \/>\n<meta property=\"article:publisher\" content=\"https:\/\/www.facebook.com\/renato.dias.37\" \/>\n<meta property=\"article:author\" content=\"https:\/\/www.facebook.com\/renato.dias.37\" \/>\n<meta property=\"article:published_time\" content=\"2023-03-31T13:33:17+00:00\" \/>\n<meta property=\"article:modified_time\" content=\"2023-04-01T11:17:36+00:00\" \/>\n<meta property=\"og:image\" content=\"https:\/\/renatodias.online\/movimento\/wp-content\/uploads\/2023\/03\/Arquidones-Bittes-morre-e1680347765364.jpg\" \/>\n\t<meta property=\"og:image:width\" content=\"800\" \/>\n\t<meta property=\"og:image:height\" content=\"420\" \/>\n\t<meta property=\"og:image:type\" content=\"image\/jpeg\" \/>\n<meta name=\"author\" content=\"Renato Dias\" \/>\n<meta name=\"twitter:card\" content=\"summary_large_image\" \/>\n<meta name=\"twitter:creator\" content=\"@RenatoDiasBat\" \/>\n<meta name=\"twitter:site\" content=\"@RenatoDiasBat\" \/>\n<meta name=\"twitter:label1\" content=\"Escrito por\" \/>\n\t<meta name=\"twitter:data1\" content=\"Renato Dias\" \/>\n\t<meta name=\"twitter:label2\" content=\"Est. tempo de leitura\" \/>\n\t<meta name=\"twitter:data2\" content=\"2 minutos\" \/>\n<script type=\"application\/ld+json\" class=\"yoast-schema-graph\">{\"@context\":\"https:\\\/\\\/schema.org\",\"@graph\":[{\"@type\":\"Article\",\"@id\":\"https:\\\/\\\/renatodias.online\\\/movimento\\\/2023\\\/03\\\/31\\\/lagrimas-a-arquidones-bittes\\\/#article\",\"isPartOf\":{\"@id\":\"https:\\\/\\\/renatodias.online\\\/movimento\\\/2023\\\/03\\\/31\\\/lagrimas-a-arquidones-bittes\\\/\"},\"author\":{\"name\":\"Renato Dias\",\"@id\":\"https:\\\/\\\/renatodias.online\\\/movimento\\\/#\\\/schema\\\/person\\\/bbab28833b1725a20f4083f49f1fb2a9\"},\"headline\":\"L\u00e1grimas a Arquidones Bittes\",\"datePublished\":\"2023-03-31T13:33:17+00:00\",\"dateModified\":\"2023-04-01T11:17:36+00:00\",\"mainEntityOfPage\":{\"@id\":\"https:\\\/\\\/renatodias.online\\\/movimento\\\/2023\\\/03\\\/31\\\/lagrimas-a-arquidones-bittes\\\/\"},\"wordCount\":181,\"commentCount\":0,\"publisher\":{\"@id\":\"https:\\\/\\\/renatodias.online\\\/movimento\\\/#\\\/schema\\\/person\\\/bbab28833b1725a20f4083f49f1fb2a9\"},\"image\":{\"@id\":\"https:\\\/\\\/renatodias.online\\\/movimento\\\/2023\\\/03\\\/31\\\/lagrimas-a-arquidones-bittes\\\/#primaryimage\"},\"thumbnailUrl\":\"https:\\\/\\\/renatodias.online\\\/movimento\\\/wp-content\\\/uploads\\\/2023\\\/03\\\/Arquidones-Bittes-morre-e1680347765364.jpg\",\"articleSection\":[\"Pol\u00edtica\"],\"inLanguage\":\"pt-BR\",\"potentialAction\":[{\"@type\":\"CommentAction\",\"name\":\"Comment\",\"target\":[\"https:\\\/\\\/renatodias.online\\\/movimento\\\/2023\\\/03\\\/31\\\/lagrimas-a-arquidones-bittes\\\/#respond\"]}]},{\"@type\":\"WebPage\",\"@id\":\"https:\\\/\\\/renatodias.online\\\/movimento\\\/2023\\\/03\\\/31\\\/lagrimas-a-arquidones-bittes\\\/\",\"url\":\"https:\\\/\\\/renatodias.online\\\/movimento\\\/2023\\\/03\\\/31\\\/lagrimas-a-arquidones-bittes\\\/\",\"name\":\"L\u00e1grimas a Arquidones Bittes -\",\"isPartOf\":{\"@id\":\"https:\\\/\\\/renatodias.online\\\/movimento\\\/#website\"},\"primaryImageOfPage\":{\"@id\":\"https:\\\/\\\/renatodias.online\\\/movimento\\\/2023\\\/03\\\/31\\\/lagrimas-a-arquidones-bittes\\\/#primaryimage\"},\"image\":{\"@id\":\"https:\\\/\\\/renatodias.online\\\/movimento\\\/2023\\\/03\\\/31\\\/lagrimas-a-arquidones-bittes\\\/#primaryimage\"},\"thumbnailUrl\":\"https:\\\/\\\/renatodias.online\\\/movimento\\\/wp-content\\\/uploads\\\/2023\\\/03\\\/Arquidones-Bittes-morre-e1680347765364.jpg\",\"datePublished\":\"2023-03-31T13:33:17+00:00\",\"dateModified\":\"2023-04-01T11:17:36+00:00\",\"breadcrumb\":{\"@id\":\"https:\\\/\\\/renatodias.online\\\/movimento\\\/2023\\\/03\\\/31\\\/lagrimas-a-arquidones-bittes\\\/#breadcrumb\"},\"inLanguage\":\"pt-BR\",\"potentialAction\":[{\"@type\":\"ReadAction\",\"target\":[\"https:\\\/\\\/renatodias.online\\\/movimento\\\/2023\\\/03\\\/31\\\/lagrimas-a-arquidones-bittes\\\/\"]}]},{\"@type\":\"ImageObject\",\"inLanguage\":\"pt-BR\",\"@id\":\"https:\\\/\\\/renatodias.online\\\/movimento\\\/2023\\\/03\\\/31\\\/lagrimas-a-arquidones-bittes\\\/#primaryimage\",\"url\":\"https:\\\/\\\/renatodias.online\\\/movimento\\\/wp-content\\\/uploads\\\/2023\\\/03\\\/Arquidones-Bittes-morre-e1680347765364.jpg\",\"contentUrl\":\"https:\\\/\\\/renatodias.online\\\/movimento\\\/wp-content\\\/uploads\\\/2023\\\/03\\\/Arquidones-Bittes-morre-e1680347765364.jpg\",\"width\":800,\"height\":420,\"caption\":\"Arquidones Bittes morre\"},{\"@type\":\"BreadcrumbList\",\"@id\":\"https:\\\/\\\/renatodias.online\\\/movimento\\\/2023\\\/03\\\/31\\\/lagrimas-a-arquidones-bittes\\\/#breadcrumb\",\"itemListElement\":[{\"@type\":\"ListItem\",\"position\":1,\"name\":\"In\u00edcio\",\"item\":\"https:\\\/\\\/renatodias.online\\\/movimento\\\/\"},{\"@type\":\"ListItem\",\"position\":2,\"name\":\"L\u00e1grimas a Arquidones Bittes\"}]},{\"@type\":\"WebSite\",\"@id\":\"https:\\\/\\\/renatodias.online\\\/movimento\\\/#website\",\"url\":\"https:\\\/\\\/renatodias.online\\\/movimento\\\/\",\"name\":\"\",\"description\":\"\",\"publisher\":{\"@id\":\"https:\\\/\\\/renatodias.online\\\/movimento\\\/#\\\/schema\\\/person\\\/bbab28833b1725a20f4083f49f1fb2a9\"},\"potentialAction\":[{\"@type\":\"SearchAction\",\"target\":{\"@type\":\"EntryPoint\",\"urlTemplate\":\"https:\\\/\\\/renatodias.online\\\/movimento\\\/?s={search_term_string}\"},\"query-input\":{\"@type\":\"PropertyValueSpecification\",\"valueRequired\":true,\"valueName\":\"search_term_string\"}}],\"inLanguage\":\"pt-BR\"},{\"@type\":[\"Person\",\"Organization\"],\"@id\":\"https:\\\/\\\/renatodias.online\\\/movimento\\\/#\\\/schema\\\/person\\\/bbab28833b1725a20f4083f49f1fb2a9\",\"name\":\"Renato Dias\",\"image\":{\"@type\":\"ImageObject\",\"inLanguage\":\"pt-BR\",\"@id\":\"https:\\\/\\\/renatodias.online\\\/movimento\\\/wp-content\\\/uploads\\\/2023\\\/03\\\/cropped-cropped-cropped-logofinal.jpeg\",\"url\":\"https:\\\/\\\/renatodias.online\\\/movimento\\\/wp-content\\\/uploads\\\/2023\\\/03\\\/cropped-cropped-cropped-logofinal.jpeg\",\"contentUrl\":\"https:\\\/\\\/renatodias.online\\\/movimento\\\/wp-content\\\/uploads\\\/2023\\\/03\\\/cropped-cropped-cropped-logofinal.jpeg\",\"width\":1280,\"height\":219,\"caption\":\"Renato Dias\"},\"logo\":{\"@id\":\"https:\\\/\\\/renatodias.online\\\/movimento\\\/wp-content\\\/uploads\\\/2023\\\/03\\\/cropped-cropped-cropped-logofinal.jpeg\"},\"description\":\"Renato Dias, 58 anos, \u00e9 graduado em Jornalismo, formado em Ci\u00eancias Sociais, com p\u00f3s-gradua\u00e7\u00e3o em Pol\u00edticas P\u00fablicas, mestre em Direito e Rela\u00e7\u00f5es Internacionais, ex-aluno extraordin\u00e1rio do Doutorado em Psicologia Social, ex-estudante do Curso de Psican\u00e1lise do Centro de Estudos Psicanal\u00edticos do Estado de Goi\u00e1s, ministrado pelo m\u00e9dico psiquiatra e psicanalista Daniel Em\u00eddio de Souza. \u00c9 autor de 30 livros-reportagem, oito document\u00e1rios, ganhou 30 pr\u00eamios e \u00e9 torcedor apaixonado do maior do Centro-Oeste, o Vila Nova Futebol Clube. Casado com Meirilane Dias, \u00e9 pai de Juliana Dias, jornalista; Daniel Dias, economista; e Maria Rosa Dias, estudante antifascista, socialista e trotskista.\u00a0Com tr\u00eas pets: Porquinho [Bull Dog Franc\u00eas], Dalila [Basset Hound] e Geleia [Basset Hound]. Al\u00e9m do eterno gato Tutuquinho, que virou estrela.\",\"sameAs\":[\"https:\\\/\\\/www.facebook.com\\\/renato.dias.37\",\"#breve\",\"https:\\\/\\\/renatodias.tumblr.com\\\/\"],\"url\":\"https:\\\/\\\/renatodias.online\\\/movimento\\\/author\\\/renatodias\\\/\"}]}<\/script>\n<!-- \/ Yoast SEO plugin. -->","yoast_head_json":{"title":"L\u00e1grimas a Arquidones Bittes -","robots":{"index":"index","follow":"follow","max-snippet":"max-snippet:-1","max-image-preview":"max-image-preview:large","max-video-preview":"max-video-preview:-1"},"canonical":"https:\/\/renatodias.online\/movimento\/2023\/03\/31\/lagrimas-a-arquidones-bittes\/","og_locale":"pt_BR","og_type":"article","og_title":"L\u00e1grimas a Arquidones Bittes -","og_description":"L\u00edder petista morreu de AVC Os seus \u00f3rg\u00e3os ser\u00e3o doados Renato Dias Torcedor apaixonado do Atl\u00e9tico Clube Goianiense, adepto das ideias de Karl Marx, leitor voraz dos livros do educador Paulo Freire e um dos pioneiros do PT em Goi\u00e1s e ex-vereador em Trindade, o professor Arquidones Bittes morreu. Causa mortis: complica\u00e7\u00f5es de um Acidente","og_url":"https:\/\/renatodias.online\/movimento\/2023\/03\/31\/lagrimas-a-arquidones-bittes\/","article_publisher":"https:\/\/www.facebook.com\/renato.dias.37","article_author":"https:\/\/www.facebook.com\/renato.dias.37","article_published_time":"2023-03-31T13:33:17+00:00","article_modified_time":"2023-04-01T11:17:36+00:00","og_image":[{"width":800,"height":420,"url":"https:\/\/renatodias.online\/movimento\/wp-content\/uploads\/2023\/03\/Arquidones-Bittes-morre-e1680347765364.jpg","type":"image\/jpeg"}],"author":"Renato Dias","twitter_card":"summary_large_image","twitter_creator":"@RenatoDiasBat","twitter_site":"@RenatoDiasBat","twitter_misc":{"Escrito por":"Renato Dias","Est. tempo de leitura":"2 minutos"},"schema":{"@context":"https:\/\/schema.org","@graph":[{"@type":"Article","@id":"https:\/\/renatodias.online\/movimento\/2023\/03\/31\/lagrimas-a-arquidones-bittes\/#article","isPartOf":{"@id":"https:\/\/renatodias.online\/movimento\/2023\/03\/31\/lagrimas-a-arquidones-bittes\/"},"author":{"name":"Renato Dias","@id":"https:\/\/renatodias.online\/movimento\/#\/schema\/person\/bbab28833b1725a20f4083f49f1fb2a9"},"headline":"L\u00e1grimas a Arquidones Bittes","datePublished":"2023-03-31T13:33:17+00:00","dateModified":"2023-04-01T11:17:36+00:00","mainEntityOfPage":{"@id":"https:\/\/renatodias.online\/movimento\/2023\/03\/31\/lagrimas-a-arquidones-bittes\/"},"wordCount":181,"commentCount":0,"publisher":{"@id":"https:\/\/renatodias.online\/movimento\/#\/schema\/person\/bbab28833b1725a20f4083f49f1fb2a9"},"image":{"@id":"https:\/\/renatodias.online\/movimento\/2023\/03\/31\/lagrimas-a-arquidones-bittes\/#primaryimage"},"thumbnailUrl":"https:\/\/renatodias.online\/movimento\/wp-content\/uploads\/2023\/03\/Arquidones-Bittes-morre-e1680347765364.jpg","articleSection":["Pol\u00edtica"],"inLanguage":"pt-BR","potentialAction":[{"@type":"CommentAction","name":"Comment","target":["https:\/\/renatodias.online\/movimento\/2023\/03\/31\/lagrimas-a-arquidones-bittes\/#respond"]}]},{"@type":"WebPage","@id":"https:\/\/renatodias.online\/movimento\/2023\/03\/31\/lagrimas-a-arquidones-bittes\/","url":"https:\/\/renatodias.online\/movimento\/2023\/03\/31\/lagrimas-a-arquidones-bittes\/","name":"L\u00e1grimas a Arquidones Bittes -","isPartOf":{"@id":"https:\/\/renatodias.online\/movimento\/#website"},"primaryImageOfPage":{"@id":"https:\/\/renatodias.online\/movimento\/2023\/03\/31\/lagrimas-a-arquidones-bittes\/#primaryimage"},"image":{"@id":"https:\/\/renatodias.online\/movimento\/2023\/03\/31\/lagrimas-a-arquidones-bittes\/#primaryimage"},"thumbnailUrl":"https:\/\/renatodias.online\/movimento\/wp-content\/uploads\/2023\/03\/Arquidones-Bittes-morre-e1680347765364.jpg","datePublished":"2023-03-31T13:33:17+00:00","dateModified":"2023-04-01T11:17:36+00:00","breadcrumb":{"@id":"https:\/\/renatodias.online\/movimento\/2023\/03\/31\/lagrimas-a-arquidones-bittes\/#breadcrumb"},"inLanguage":"pt-BR","potentialAction":[{"@type":"ReadAction","target":["https:\/\/renatodias.online\/movimento\/2023\/03\/31\/lagrimas-a-arquidones-bittes\/"]}]},{"@type":"ImageObject","inLanguage":"pt-BR","@id":"https:\/\/renatodias.online\/movimento\/2023\/03\/31\/lagrimas-a-arquidones-bittes\/#primaryimage","url":"https:\/\/renatodias.online\/movimento\/wp-content\/uploads\/2023\/03\/Arquidones-Bittes-morre-e1680347765364.jpg","contentUrl":"https:\/\/renatodias.online\/movimento\/wp-content\/uploads\/2023\/03\/Arquidones-Bittes-morre-e1680347765364.jpg","width":800,"height":420,"caption":"Arquidones Bittes morre"},{"@type":"BreadcrumbList","@id":"https:\/\/renatodias.online\/movimento\/2023\/03\/31\/lagrimas-a-arquidones-bittes\/#breadcrumb","itemListElement":[{"@type":"ListItem","position":1,"name":"In\u00edcio","item":"https:\/\/renatodias.online\/movimento\/"},{"@type":"ListItem","position":2,"name":"L\u00e1grimas a Arquidones Bittes"}]},{"@type":"WebSite","@id":"https:\/\/renatodias.online\/movimento\/#website","url":"https:\/\/renatodias.online\/movimento\/","name":"","description":"","publisher":{"@id":"https:\/\/renatodias.online\/movimento\/#\/schema\/person\/bbab28833b1725a20f4083f49f1fb2a9"},"potentialAction":[{"@type":"SearchAction","target":{"@type":"EntryPoint","urlTemplate":"https:\/\/renatodias.online\/movimento\/?s={search_term_string}"},"query-input":{"@type":"PropertyValueSpecification","valueRequired":true,"valueName":"search_term_string"}}],"inLanguage":"pt-BR"},{"@type":["Person","Organization"],"@id":"https:\/\/renatodias.online\/movimento\/#\/schema\/person\/bbab28833b1725a20f4083f49f1fb2a9","name":"Renato Dias","image":{"@type":"ImageObject","inLanguage":"pt-BR","@id":"https:\/\/renatodias.online\/movimento\/wp-content\/uploads\/2023\/03\/cropped-cropped-cropped-logofinal.jpeg","url":"https:\/\/renatodias.online\/movimento\/wp-content\/uploads\/2023\/03\/cropped-cropped-cropped-logofinal.jpeg","contentUrl":"https:\/\/renatodias.online\/movimento\/wp-content\/uploads\/2023\/03\/cropped-cropped-cropped-logofinal.jpeg","width":1280,"height":219,"caption":"Renato Dias"},"logo":{"@id":"https:\/\/renatodias.online\/movimento\/wp-content\/uploads\/2023\/03\/cropped-cropped-cropped-logofinal.jpeg"},"description":"Renato Dias, 58 anos, \u00e9 graduado em Jornalismo, formado em Ci\u00eancias Sociais, com p\u00f3s-gradua\u00e7\u00e3o em Pol\u00edticas P\u00fablicas, mestre em Direito e Rela\u00e7\u00f5es Internacionais, ex-aluno extraordin\u00e1rio do Doutorado em Psicologia Social, ex-estudante do Curso de Psican\u00e1lise do Centro de Estudos Psicanal\u00edticos do Estado de Goi\u00e1s, ministrado pelo m\u00e9dico psiquiatra e psicanalista Daniel Em\u00eddio de Souza. \u00c9 autor de 30 livros-reportagem, oito document\u00e1rios, ganhou 30 pr\u00eamios e \u00e9 torcedor apaixonado do maior do Centro-Oeste, o Vila Nova Futebol Clube. Casado com Meirilane Dias, \u00e9 pai de Juliana Dias, jornalista; Daniel Dias, economista; e Maria Rosa Dias, estudante antifascista, socialista e trotskista.\u00a0Com tr\u00eas pets: Porquinho [Bull Dog Franc\u00eas], Dalila [Basset Hound] e Geleia [Basset Hound]. Al\u00e9m do eterno gato Tutuquinho, que virou estrela.","sameAs":["https:\/\/www.facebook.com\/renato.dias.37","#breve","https:\/\/renatodias.tumblr.com\/"],"url":"https:\/\/renatodias.online\/movimento\/author\/renatodias\/"}]}},"_links":{"self":[{"href":"https:\/\/renatodias.online\/movimento\/wp-json\/wp\/v2\/posts\/16266","targetHints":{"allow":["GET"]}}],"collection":[{"href":"https:\/\/renatodias.online\/movimento\/wp-json\/wp\/v2\/posts"}],"about":[{"href":"https:\/\/renatodias.online\/movimento\/wp-json\/wp\/v2\/types\/post"}],"author":[{"embeddable":true,"href":"https:\/\/renatodias.online\/movimento\/wp-json\/wp\/v2\/users\/2"}],"replies":[{"embeddable":true,"href":"https:\/\/renatodias.online\/movimento\/wp-json\/wp\/v2\/comments?post=16266"}],"version-history":[{"count":2,"href":"https:\/\/renatodias.online\/movimento\/wp-json\/wp\/v2\/posts\/16266\/revisions"}],"predecessor-version":[{"id":16271,"href":"https:\/\/renatodias.online\/movimento\/wp-json\/wp\/v2\/posts\/16266\/revisions\/16271"}],"wp:featuredmedia":[{"embeddable":true,"href":"https:\/\/renatodias.online\/movimento\/wp-json\/wp\/v2\/media\/16269"}],"wp:attachment":[{"href":"https:\/\/renatodias.online\/movimento\/wp-json\/wp\/v2\/media?parent=16266"}],"wp:term":[{"taxonomy":"category","embeddable":true,"href":"https:\/\/renatodias.online\/movimento\/wp-json\/wp\/v2\/categories?post=16266"},{"taxonomy":"post_tag","embeddable":true,"href":"https:\/\/renatodias.online\/movimento\/wp-json\/wp\/v2\/tags?post=16266"}],"curies":[{"name":"wp","href":"https:\/\/api.w.org\/{rel}","templated":true}]}}