{"id":16258,"date":"2023-03-31T00:30:09","date_gmt":"2023-03-31T03:30:09","guid":{"rendered":"https:\/\/renatodias.online\/movimento\/?p=16258"},"modified":"2023-03-31T00:55:27","modified_gmt":"2023-03-31T03:55:27","slug":"sem-anistia-caralho","status":"publish","type":"post","link":"https:\/\/renatodias.online\/movimento\/2023\/03\/31\/sem-anistia-caralho\/","title":{"rendered":"Sem anistia, caralho!"},"content":{"rendered":"\n<p class=\"has-text-align-center\"><strong><mark style=\"background-color:rgba(0, 0, 0, 0)\" class=\"has-inline-color has-vivid-purple-color\">Ato s\u00e1bado, \u00e0s 10h, em Goi\u00e2nia<\/mark><\/strong><\/p>\n\n\n\n<figure class=\"wp-block-image aligncenter size-large\"><img loading=\"lazy\" decoding=\"async\" width=\"852\" height=\"1024\" src=\"https:\/\/renatodias.online\/movimento\/wp-content\/uploads\/2023\/03\/Ato-publico-852x1024.png\" alt=\"\" class=\"wp-image-16259\"\/><\/figure>\n\n\n\n<p class=\"has-text-align-center\"><strong><mark style=\"background-color:rgba(0, 0, 0, 0)\" class=\"has-inline-color has-luminous-vivid-orange-color\">Contra Jair Bolsonaro e a ditadura civil e militar<\/mark><\/strong><\/p>\n\n\n\n<figure class=\"wp-block-image aligncenter size-full\"><img decoding=\"async\" src=\"https:\/\/renatodias.online\/movimento\/wp-content\/uploads\/2022\/03\/A-boca-no-trombone-e1680233152998.jpg\" alt=\"\" class=\"wp-image-11514\"\/><\/figure>\n\n\n\n<p><strong><mark style=\"background-color:rgba(0, 0, 0, 0)\" class=\"has-inline-color has-vivid-cyan-blue-color\">Renato Dias<\/mark><\/strong><\/p>\n\n\n\n<p>Sem Anistia para o ex-presidente da Rep\u00fablica Jair Messias Bolsonaro [PL]. O respons\u00e1vel por 700 mil mortes sob a Pandemia do Coronav\u00edrus Covid 19. Assim como pelo Auschwitz Yanomami. Registro: 570 \u00f3bitos somente em 2022. Al\u00e9m das amea\u00e7as ao Estado de Direito de 2019 a 2022 e \u00e0 \u00c1sia tentativa de golpe de Estado civil e militar de 8 de janeiro de 2023. <strong><mark style=\"background-color:rgba(0, 0, 0, 0)\" class=\"has-inline-color has-vivid-red-color\">\u00c9 o que prop\u00f5e ato p\u00fablico marcado para s\u00e1bado, 1\u00b0 de abril, \u00e0s 10h, no Monumento aos Mortos e Desaparecidos sob a ditadura civil e militar no Brasil. De 1964 a 1985.<\/mark><\/strong><\/p>\n\n\n\n<figure class=\"wp-block-image aligncenter size-full\"><img loading=\"lazy\" decoding=\"async\" width=\"300\" height=\"103\" src=\"https:\/\/renatodias.online\/movimento\/wp-content\/uploads\/2022\/08\/Saiba-mais-e1680139445250.png\" alt=\"\" class=\"wp-image-13698\" srcset=\"https:\/\/renatodias.online\/movimento\/wp-content\/uploads\/2022\/08\/Saiba-mais-e1680139445250.png 300w, https:\/\/renatodias.online\/movimento\/wp-content\/uploads\/2022\/08\/Saiba-mais-e1680139445250-150x52.png 150w\" sizes=\"auto, (max-width: 300px) 100vw, 300px\" \/><\/figure>\n\n\n\n<p class=\"has-text-align-center\"><strong><mark style=\"background-color:rgba(0, 0, 0, 0)\" class=\"has-inline-color has-luminous-vivid-orange-color\">O que foi a ditadura civil e militar<\/mark><\/strong><\/p>\n\n\n\n<figure class=\"wp-block-image aligncenter size-full\"><img decoding=\"async\" src=\"https:\/\/renatodias.online\/movimento\/wp-content\/uploads\/2023\/02\/Historia.jpg\" alt=\"\" class=\"wp-image-15667\"\/><\/figure>\n\n\n\n<p>Fardados e civis derrubaram em 31 de mar\u00e7o, 1\u00ba e 2 de abril de 1964 o presidente da Rep\u00fablica, Jo\u00e3o Belchior Marques Goulart. Com tanques e metralhadoras. Com o aval do Supremo Tribunal Federal, a corte suprema. O Congresso referendou a posse de Rani\u00e9re Mazzilli e a indica\u00e7\u00e3o do primeiro general-presidente, marechal Humberto Castello Branco.<\/p>\n\n\n\n<p>Ga\u00facho de S\u00e3o Borja, ex-ministro do Trabalho, respons\u00e1vel pelo aumento real do sal\u00e1rio m\u00ednimo, Jango, como era conhecido, \u00e9 herdeiro do nacional-estatismo. Em sua vers\u00e3o trabalhista. De Get\u00falio Vargas. O rotulado de \u2018Pai dos Pobres\u2019. Get\u00falio Vargas suicidou-se \u00e0s 8h30, do dia 24 de agosto de 1954, em seus aposentos presidenciais. No Pal\u00e1cio do Catete.<\/p>\n\n\n\n<p>A capital do Brasil, \u00e0 \u00e9poca, era o Rio de Janeiro, outrora Cidade Maravilhosa. Com a queda de Jango, 21 anos de ditadura civil e militar [1964-1985]. A opera\u00e7\u00e3o teve a ostensiva participa\u00e7\u00e3o dos Estados Unidos das Am\u00e9ricas. Um saldo societal tr\u00e1gico. Com 479 mortos e desaparecidos pol\u00edticos. Assim como 1.700 trabalhadores rurais executados. Al\u00e9m de 10 mil pessoas exiladas.<\/p>\n\n\n\n<p>O projeto Brasil Nunca Mais, organizado pelo Arcebispo Dom Paulo Evaristo Arns e pelo reverendo Jaime Wright, registra que duas mil pessoas, perante o Superior Tribunal Militar, o STM, denunciaram terem sido torturadas. Na cadeira-do-drag\u00e3o, socos, pontap\u00e9s, telefones, pau-de-arara. A jornalista M\u00edrian Leit\u00e3o teve de ficar em uma cela com uma cobra ao seu lado.<\/p>\n\n\n\n<p>Relat\u00f3rio da Comiss\u00e3o Nacional da Verdade, instalada em maio de 2012 e, encerrada dia 10 de dezembro de 2014, aponta que seis mil membros do Ex\u00e9rcito, Marinha, Aeron\u00e1utica, For\u00e7a P\u00fablica foram demitidos ou reformados. Um Grupo de Trabalho da CNV diz que 12 mil ind\u00ed\u00adgenas morreram sob a ditadura civil e militar e sua pol\u00edtica indigenista e de obras fara\u00f4nicas.<\/p>\n\n\n\n<p>Pasmem: 39 mil trabalhadores e trabalhadoras foram reconhecidas pela Comiss\u00e3o de Anistia, \u00f3rg\u00e3o do Minist\u00e9rio da Justi\u00e7a, na Esplanada dos Minist\u00e9rios, em Bras\u00edlia [DF], a Capital da Rep\u00fablica, a terem direito \u00e0 repara\u00e7\u00e3o econ\u00f4mica ou pens\u00f5es. Por danos materiais, pol\u00edticos, sociais e simb\u00f3licos. Medidas que prejudicaram as suas vidas. Tanto civis quanto militares.<\/p>\n\n\n\n<p>Mais: a ditadura civil e militar, no Brasil, promoveu uma violenta censura \u00e0s artes, publica\u00e7\u00e3o de livros, \u00e0 imprensa, aos filmes, pe\u00e7as de teatro. Artistas eram perseguidos, presos, espancados e exilados. Como Caetano Veloso e Gilberto Gil, exilados na Inglaterra; Chico Buarque, na It\u00e1lia; Geraldo \u2018Caminhando\u2019 Vandr\u00e9. Jornais destru\u00eddos. \u2018Empastelados\u2019.<\/p>\n\n\n\n<p>O Ato Institucional N\u00famero 5, de 13 de dezembro de 1968, fechou o Congresso Nacional, C\u00e2\u00adma\u00adra Federal, Senado da Rep\u00fablica, as assembleias legislativas e as c\u00e2maras munici\u00adpais. &nbsp;&nbsp;Centenas de governadores, prefeitos, senadores da Rep\u00fablica, deputados federais, depu\u00adta\u00addos estaduais, vereadores foram cassados. Em 1980, Luiz In\u00e1cio Lula da Silva foi preso. Por greve oper\u00e1ria.<\/p>\n\n\n\n<p>O Congresso Nacional aprovou, em 26 de agosto de 1979, a Lei de Anistia. A medida sancionada n\u00e3o foi ampla, nem geral muito menos irrestrita. Os agentes do Estado pagos com o dinheiro do contribuinte para garantir a seguran\u00e7a p\u00fablica, respons\u00e1veis por viola\u00e7\u00f5es dos direitos humanos, assim como a sua cadeia de comando, receberam uma autoanistia da Uni\u00e3o.<\/p>\n\n\n\n<p>A direita explosiva matou, com uma bomba endere\u00e7ada \u00e0 OAB, a secret\u00e1ria da Ordem dos Advogados do Brasil, Lyda Monteiro, em 27 de agosto de 1980. Um atentado \u00e0 bomba no Riocentro, Rio de Janeiro, no show de Primeiro de maio de 1981, dia internacional dos trabalhadores, deixou os executores feridos. O crime permanece at\u00e9 hoje, 2021, impune.<\/p>\n\n\n\n<p>O jornalista Alexandre Von Baumgarten, indigesto \u00e0 ditadura civil e militar, acabou assas\u00adsinado, no ano de 1982. A campanha das diretas de 1983 e 1983, que exigia o direito elementar de votar, caiu com a derrota da Emenda Dante de Oliveira, em 25 de abril de 1984. Contra o que poderia ser uma \u2018revolu\u00e7\u00e3o democr\u00e1tica\u2019, como aponta o soci\u00f3logo marxista Florestan Fernandes.<\/p>\n\n\n\n<p>O Col\u00e9gio Eleitoral \u00e9 instalado. Tancredo Neves morre. Jos\u00e9 Sarney, ex-presidente da Arena e do PDS, legendas de sustenta\u00e7\u00e3o da ditadura civil e militar, em ironia da Hist\u00f3ria, assume. A Carta Magna sai em 5 de outubro de 1988. Com a manuten\u00e7\u00e3o da tutela das For\u00e7as Armadas como garantidora da Ordem Pol\u00edtica e Social. Em 2022, oito mil militares estavam em 23 \u00f3rg\u00e3os da Uni\u00e3o.<\/p>\n\n\n\n<figure class=\"wp-block-image aligncenter size-full\"><img decoding=\"async\" src=\"https:\/\/renatodias.online\/movimento\/wp-content\/uploads\/2023\/01\/Jair-Messias-Bolsonaro-caricatura-Estadao-e1679533050696.jpg\" alt=\"\" class=\"wp-image-15440\"\/><figcaption class=\"wp-element-caption\"><strong>Jair Messias Bolsonaro<\/strong><\/figcaption><\/figure>\n\n\n\n<p><strong>\u2013 Um passado que n\u00e3o passa.<\/strong><\/p>\n\n\n\n<figure class=\"wp-block-image size-full\"><img decoding=\"async\" src=\"https:\/\/renatodias.online\/movimento\/wp-content\/uploads\/2021\/06\/Logomarca-de-Historia-_-MR-8.jpg\" alt=\"\" class=\"wp-image-7107\"\/><figcaption class=\"wp-element-caption\"><strong>O rel\u00f3gio da Hist\u00f3ria<\/strong><\/figcaption><\/figure>\n\n\n\n<p class=\"has-text-align-center\"><strong><mark style=\"background-color:rgba(0, 0, 0, 0)\" class=\"has-inline-color has-vivid-green-cyan-color\">Hegemonia cultural<\/mark><\/strong><\/p>\n\n\n\n<p class=\"has-text-align-center\"><strong><mark style=\"background-color:rgba(0, 0, 0, 0)\" class=\"has-inline-color has-pale-pink-color\">A disputa pela mem\u00f3ria<\/mark><\/strong><\/p>\n\n\n\n<p>A disputa pela mem\u00f3ria \u00e9 permanente. Civil e militar, o golpe de Estado do ano de 1964 era para ter sido deflagrado, em 1954. Ele falhara com o suic\u00eddio de Get\u00falio Vargas. Em 24 de agosto, \u00e0s 8h30, nos aposentos presidenciais, do Pal\u00e1cio do Catete, Rio de Janeiro. A capital da Rep\u00fablica, \u00e0 \u00e9poca. Com um tiro no peito, acuado pelas For\u00e7as Armadas, deixa a vida e entra para a Hist\u00f3ria. Sem \u2018expiar a culpa\u2019 pelas viola\u00e7\u00f5es dos direitos humanos executadas sob o Estado Novo.<\/p>\n\n\n\n<p>J\u00e2nio da Silva Quadros, a et\u00edlica vassoura, alega \u2018For\u00e7as Terr\u00edveis\u2019 para assinar a ren\u00fancia, em 25 de agosto, de 1961. Nada. Tratava-se de um autogolpe. N\u00e3o deu certo. Em tempos de guerra fria [1945-1991], o fantasma do comunismo \u00e9 disseminado no Brasil. Ex-zagueiro do Internacional de Porto Alegre, nas categorias de base, Jo\u00e3o Belchior Marques Goulart, que atendia m\u00faltiplas demandas de advers\u00e1rios, registradas em cartas, \u00e9 deposto. Em 1964.<\/p>\n\n\n\n<p>A data exata n\u00e3o seria 31 de mar\u00e7o. As tropas de Ol\u00edmpio Mour\u00e3o Filho, a suposta \u2018vaca farda\u00adda\u2019, saem de Juiz de Fora, Estado de Minas Gerais, e chegam \u00e0 Cidade Maravilhosa apenas em 2 de abril. O general Amaury Kruel faz chantagem ainda com Jango. Auro Moro Andrade, pre\u00adsidente do Senado Federal e do Congresso Nacional, abre sess\u00e3o, declara vaga a presid\u00eancia da Rep\u00fablica, com o atingido ainda no Brasil, para Rani\u00e9re Mazzilli assumir o cargo&nbsp;no dia 2.<\/p>\n\n\n\n<p>Nacional-estatista, em sua vers\u00e3o trabalhista, herdeiro de Get\u00falio Vargas, \u2018O Pai dos Pobres\u2019,&nbsp;ele encontrava-se em solo. Documento, um bilhete de pr\u00f3prio punho do inquilino do Pal\u00e1cio do Planalto, com a data de 4 de abril de 1964, solicita o empenho de um aliado para que obte\u00adnha o seu asilo pol\u00edtico no Uruguai, pa\u00eds do Cone-Sul, que faz fronteira com o Brasil. Acusado de comunista, nunca foi um adepto de Karl Marx e Friedrich Engels. Muito menos um corrupto.<\/p>\n\n\n\n<p>O \u2018Reino das Empreiteiras\u2019 tem in\u00edcio, sim, sob a ditadura civil e militar. Com a constru\u00e7\u00e3o de obras fara\u00f4nicas. Como a Transamaz\u00f4nica, a Usina de Itaipu, a Ponte Rio-Niter\u00f3i. Nascido no Uruguai, o embaixador do Brasil, no Chile, desde 1969, Ant\u00f4nio da C\u00e2mara Canto, nega ter ti\u00addo torturas, no Brasil. Registro imag\u00e9tico: j\u00e1 em 1\u00ba de abril, em Recife, o velho comunista Gre\u00adg\u00f3\u00adrio Bezerra \u00e9 torturado, com a sola dos p\u00e9s em carne viva, e exposto \u00e0 execra\u00e7\u00e3o p\u00fablica.<\/p>\n\n\n\n<figure class=\"wp-block-image size-full\"><img loading=\"lazy\" decoding=\"async\" width=\"1200\" height=\"675\" src=\"https:\/\/renatodias.online\/movimento\/wp-content\/uploads\/2021\/06\/Gregorio-Bezerra-Saiba-mais.jpeg\" alt=\"\" class=\"wp-image-7127\" srcset=\"https:\/\/renatodias.online\/movimento\/wp-content\/uploads\/2021\/06\/Gregorio-Bezerra-Saiba-mais.jpeg 1200w, https:\/\/renatodias.online\/movimento\/wp-content\/uploads\/2021\/06\/Gregorio-Bezerra-Saiba-mais-300x169.jpeg 300w, https:\/\/renatodias.online\/movimento\/wp-content\/uploads\/2021\/06\/Gregorio-Bezerra-Saiba-mais-768x432.jpeg 768w, https:\/\/renatodias.online\/movimento\/wp-content\/uploads\/2021\/06\/Gregorio-Bezerra-Saiba-mais-750x422.jpeg 750w\" sizes=\"auto, (max-width: 1200px) 100vw, 1200px\" \/><figcaption class=\"wp-element-caption\"><strong>Greg\u00f3rio Bezerra<\/strong><\/figcaption><\/figure>\n","protected":false},"excerpt":{"rendered":"<p>Ato s\u00e1bado, \u00e0s 10h, em Goi\u00e2nia Contra Jair Bolsonaro e a ditadura civil e militar Renato Dias Sem Anistia para o ex-presidente da Rep\u00fablica Jair Messias Bolsonaro [PL]. O respons\u00e1vel por 700 mil mortes sob a Pandemia do Coronav\u00edrus Covid 19. Assim como pelo Auschwitz Yanomami. Registro: 570 \u00f3bitos somente em 2022. Al\u00e9m das amea\u00e7as<\/p>\n","protected":false},"author":2,"featured_media":16263,"comment_status":"open","ping_status":"open","sticky":false,"template":"","format":"standard","meta":{"_acf_changed":false,"_monsterinsights_skip_tracking":false,"_monsterinsights_sitenote_active":false,"_monsterinsights_sitenote_note":"","_monsterinsights_sitenote_category":0,"footnotes":""},"categories":[4],"tags":[],"class_list":["post-16258","post","type-post","status-publish","format-standard","has-post-thumbnail","hentry","category-politica"],"acf":[],"yoast_head":"<!-- This site is optimized with the Yoast SEO plugin v27.4 - https:\/\/yoast.com\/product\/yoast-seo-wordpress\/ -->\n<title>Sem anistia, caralho! -<\/title>\n<meta name=\"robots\" content=\"index, follow, max-snippet:-1, max-image-preview:large, max-video-preview:-1\" \/>\n<link rel=\"canonical\" href=\"https:\/\/renatodias.online\/movimento\/2023\/03\/31\/sem-anistia-caralho\/\" \/>\n<meta property=\"og:locale\" content=\"pt_BR\" \/>\n<meta property=\"og:type\" content=\"article\" \/>\n<meta property=\"og:title\" content=\"Sem anistia, caralho! -\" \/>\n<meta property=\"og:description\" content=\"Ato s\u00e1bado, \u00e0s 10h, em Goi\u00e2nia Contra Jair Bolsonaro e a ditadura civil e militar Renato Dias Sem Anistia para o ex-presidente da Rep\u00fablica Jair Messias Bolsonaro [PL]. O respons\u00e1vel por 700 mil mortes sob a Pandemia do Coronav\u00edrus Covid 19. Assim como pelo Auschwitz Yanomami. Registro: 570 \u00f3bitos somente em 2022. Al\u00e9m das amea\u00e7as\" \/>\n<meta property=\"og:url\" content=\"https:\/\/renatodias.online\/movimento\/2023\/03\/31\/sem-anistia-caralho\/\" \/>\n<meta property=\"article:publisher\" content=\"https:\/\/www.facebook.com\/renato.dias.37\" \/>\n<meta property=\"article:author\" content=\"https:\/\/www.facebook.com\/renato.dias.37\" \/>\n<meta property=\"article:published_time\" content=\"2023-03-31T03:30:09+00:00\" \/>\n<meta property=\"article:modified_time\" content=\"2023-03-31T03:55:27+00:00\" \/>\n<meta property=\"og:image\" content=\"https:\/\/renatodias.online\/movimento\/wp-content\/uploads\/2023\/03\/Anistia-nao-e1680234739360.jpg\" \/>\n\t<meta property=\"og:image:width\" content=\"800\" \/>\n\t<meta property=\"og:image:height\" content=\"830\" \/>\n\t<meta property=\"og:image:type\" content=\"image\/jpeg\" \/>\n<meta name=\"author\" content=\"Renato Dias\" \/>\n<meta name=\"twitter:card\" content=\"summary_large_image\" \/>\n<meta name=\"twitter:creator\" content=\"@RenatoDiasBat\" \/>\n<meta name=\"twitter:site\" content=\"@RenatoDiasBat\" \/>\n<meta name=\"twitter:label1\" content=\"Escrito por\" \/>\n\t<meta name=\"twitter:data1\" content=\"Renato Dias\" \/>\n\t<meta name=\"twitter:label2\" content=\"Est. tempo de leitura\" \/>\n\t<meta name=\"twitter:data2\" content=\"9 minutos\" \/>\n<script type=\"application\/ld+json\" class=\"yoast-schema-graph\">{\"@context\":\"https:\\\/\\\/schema.org\",\"@graph\":[{\"@type\":\"Article\",\"@id\":\"https:\\\/\\\/renatodias.online\\\/movimento\\\/2023\\\/03\\\/31\\\/sem-anistia-caralho\\\/#article\",\"isPartOf\":{\"@id\":\"https:\\\/\\\/renatodias.online\\\/movimento\\\/2023\\\/03\\\/31\\\/sem-anistia-caralho\\\/\"},\"author\":{\"name\":\"Renato Dias\",\"@id\":\"https:\\\/\\\/renatodias.online\\\/movimento\\\/#\\\/schema\\\/person\\\/bbab28833b1725a20f4083f49f1fb2a9\"},\"headline\":\"Sem anistia, caralho!\",\"datePublished\":\"2023-03-31T03:30:09+00:00\",\"dateModified\":\"2023-03-31T03:55:27+00:00\",\"mainEntityOfPage\":{\"@id\":\"https:\\\/\\\/renatodias.online\\\/movimento\\\/2023\\\/03\\\/31\\\/sem-anistia-caralho\\\/\"},\"wordCount\":1291,\"commentCount\":0,\"publisher\":{\"@id\":\"https:\\\/\\\/renatodias.online\\\/movimento\\\/#\\\/schema\\\/person\\\/bbab28833b1725a20f4083f49f1fb2a9\"},\"image\":{\"@id\":\"https:\\\/\\\/renatodias.online\\\/movimento\\\/2023\\\/03\\\/31\\\/sem-anistia-caralho\\\/#primaryimage\"},\"thumbnailUrl\":\"https:\\\/\\\/renatodias.online\\\/movimento\\\/wp-content\\\/uploads\\\/2023\\\/03\\\/Anistia-nao-e1680234739360.jpg\",\"articleSection\":[\"Pol\u00edtica\"],\"inLanguage\":\"pt-BR\",\"potentialAction\":[{\"@type\":\"CommentAction\",\"name\":\"Comment\",\"target\":[\"https:\\\/\\\/renatodias.online\\\/movimento\\\/2023\\\/03\\\/31\\\/sem-anistia-caralho\\\/#respond\"]}]},{\"@type\":\"WebPage\",\"@id\":\"https:\\\/\\\/renatodias.online\\\/movimento\\\/2023\\\/03\\\/31\\\/sem-anistia-caralho\\\/\",\"url\":\"https:\\\/\\\/renatodias.online\\\/movimento\\\/2023\\\/03\\\/31\\\/sem-anistia-caralho\\\/\",\"name\":\"Sem anistia, caralho! -\",\"isPartOf\":{\"@id\":\"https:\\\/\\\/renatodias.online\\\/movimento\\\/#website\"},\"primaryImageOfPage\":{\"@id\":\"https:\\\/\\\/renatodias.online\\\/movimento\\\/2023\\\/03\\\/31\\\/sem-anistia-caralho\\\/#primaryimage\"},\"image\":{\"@id\":\"https:\\\/\\\/renatodias.online\\\/movimento\\\/2023\\\/03\\\/31\\\/sem-anistia-caralho\\\/#primaryimage\"},\"thumbnailUrl\":\"https:\\\/\\\/renatodias.online\\\/movimento\\\/wp-content\\\/uploads\\\/2023\\\/03\\\/Anistia-nao-e1680234739360.jpg\",\"datePublished\":\"2023-03-31T03:30:09+00:00\",\"dateModified\":\"2023-03-31T03:55:27+00:00\",\"breadcrumb\":{\"@id\":\"https:\\\/\\\/renatodias.online\\\/movimento\\\/2023\\\/03\\\/31\\\/sem-anistia-caralho\\\/#breadcrumb\"},\"inLanguage\":\"pt-BR\",\"potentialAction\":[{\"@type\":\"ReadAction\",\"target\":[\"https:\\\/\\\/renatodias.online\\\/movimento\\\/2023\\\/03\\\/31\\\/sem-anistia-caralho\\\/\"]}]},{\"@type\":\"ImageObject\",\"inLanguage\":\"pt-BR\",\"@id\":\"https:\\\/\\\/renatodias.online\\\/movimento\\\/2023\\\/03\\\/31\\\/sem-anistia-caralho\\\/#primaryimage\",\"url\":\"https:\\\/\\\/renatodias.online\\\/movimento\\\/wp-content\\\/uploads\\\/2023\\\/03\\\/Anistia-nao-e1680234739360.jpg\",\"contentUrl\":\"https:\\\/\\\/renatodias.online\\\/movimento\\\/wp-content\\\/uploads\\\/2023\\\/03\\\/Anistia-nao-e1680234739360.jpg\",\"width\":800,\"height\":830},{\"@type\":\"BreadcrumbList\",\"@id\":\"https:\\\/\\\/renatodias.online\\\/movimento\\\/2023\\\/03\\\/31\\\/sem-anistia-caralho\\\/#breadcrumb\",\"itemListElement\":[{\"@type\":\"ListItem\",\"position\":1,\"name\":\"In\u00edcio\",\"item\":\"https:\\\/\\\/renatodias.online\\\/movimento\\\/\"},{\"@type\":\"ListItem\",\"position\":2,\"name\":\"Sem anistia, caralho!\"}]},{\"@type\":\"WebSite\",\"@id\":\"https:\\\/\\\/renatodias.online\\\/movimento\\\/#website\",\"url\":\"https:\\\/\\\/renatodias.online\\\/movimento\\\/\",\"name\":\"\",\"description\":\"\",\"publisher\":{\"@id\":\"https:\\\/\\\/renatodias.online\\\/movimento\\\/#\\\/schema\\\/person\\\/bbab28833b1725a20f4083f49f1fb2a9\"},\"potentialAction\":[{\"@type\":\"SearchAction\",\"target\":{\"@type\":\"EntryPoint\",\"urlTemplate\":\"https:\\\/\\\/renatodias.online\\\/movimento\\\/?s={search_term_string}\"},\"query-input\":{\"@type\":\"PropertyValueSpecification\",\"valueRequired\":true,\"valueName\":\"search_term_string\"}}],\"inLanguage\":\"pt-BR\"},{\"@type\":[\"Person\",\"Organization\"],\"@id\":\"https:\\\/\\\/renatodias.online\\\/movimento\\\/#\\\/schema\\\/person\\\/bbab28833b1725a20f4083f49f1fb2a9\",\"name\":\"Renato Dias\",\"image\":{\"@type\":\"ImageObject\",\"inLanguage\":\"pt-BR\",\"@id\":\"https:\\\/\\\/renatodias.online\\\/movimento\\\/wp-content\\\/uploads\\\/2023\\\/03\\\/cropped-cropped-cropped-logofinal.jpeg\",\"url\":\"https:\\\/\\\/renatodias.online\\\/movimento\\\/wp-content\\\/uploads\\\/2023\\\/03\\\/cropped-cropped-cropped-logofinal.jpeg\",\"contentUrl\":\"https:\\\/\\\/renatodias.online\\\/movimento\\\/wp-content\\\/uploads\\\/2023\\\/03\\\/cropped-cropped-cropped-logofinal.jpeg\",\"width\":1280,\"height\":219,\"caption\":\"Renato Dias\"},\"logo\":{\"@id\":\"https:\\\/\\\/renatodias.online\\\/movimento\\\/wp-content\\\/uploads\\\/2023\\\/03\\\/cropped-cropped-cropped-logofinal.jpeg\"},\"description\":\"Renato Dias, 58 anos, \u00e9 graduado em Jornalismo, formado em Ci\u00eancias Sociais, com p\u00f3s-gradua\u00e7\u00e3o em Pol\u00edticas P\u00fablicas, mestre em Direito e Rela\u00e7\u00f5es Internacionais, ex-aluno extraordin\u00e1rio do Doutorado em Psicologia Social, ex-estudante do Curso de Psican\u00e1lise do Centro de Estudos Psicanal\u00edticos do Estado de Goi\u00e1s, ministrado pelo m\u00e9dico psiquiatra e psicanalista Daniel Em\u00eddio de Souza. \u00c9 autor de 30 livros-reportagem, oito document\u00e1rios, ganhou 30 pr\u00eamios e \u00e9 torcedor apaixonado do maior do Centro-Oeste, o Vila Nova Futebol Clube. Casado com Meirilane Dias, \u00e9 pai de Juliana Dias, jornalista; Daniel Dias, economista; e Maria Rosa Dias, estudante antifascista, socialista e trotskista.\u00a0Com tr\u00eas pets: Porquinho [Bull Dog Franc\u00eas], Dalila [Basset Hound] e Geleia [Basset Hound]. Al\u00e9m do eterno gato Tutuquinho, que virou estrela.\",\"sameAs\":[\"https:\\\/\\\/www.facebook.com\\\/renato.dias.37\",\"#breve\",\"https:\\\/\\\/renatodias.tumblr.com\\\/\"],\"url\":\"https:\\\/\\\/renatodias.online\\\/movimento\\\/author\\\/renatodias\\\/\"}]}<\/script>\n<!-- \/ Yoast SEO plugin. -->","yoast_head_json":{"title":"Sem anistia, caralho! -","robots":{"index":"index","follow":"follow","max-snippet":"max-snippet:-1","max-image-preview":"max-image-preview:large","max-video-preview":"max-video-preview:-1"},"canonical":"https:\/\/renatodias.online\/movimento\/2023\/03\/31\/sem-anistia-caralho\/","og_locale":"pt_BR","og_type":"article","og_title":"Sem anistia, caralho! -","og_description":"Ato s\u00e1bado, \u00e0s 10h, em Goi\u00e2nia Contra Jair Bolsonaro e a ditadura civil e militar Renato Dias Sem Anistia para o ex-presidente da Rep\u00fablica Jair Messias Bolsonaro [PL]. O respons\u00e1vel por 700 mil mortes sob a Pandemia do Coronav\u00edrus Covid 19. Assim como pelo Auschwitz Yanomami. Registro: 570 \u00f3bitos somente em 2022. Al\u00e9m das amea\u00e7as","og_url":"https:\/\/renatodias.online\/movimento\/2023\/03\/31\/sem-anistia-caralho\/","article_publisher":"https:\/\/www.facebook.com\/renato.dias.37","article_author":"https:\/\/www.facebook.com\/renato.dias.37","article_published_time":"2023-03-31T03:30:09+00:00","article_modified_time":"2023-03-31T03:55:27+00:00","og_image":[{"width":800,"height":830,"url":"https:\/\/renatodias.online\/movimento\/wp-content\/uploads\/2023\/03\/Anistia-nao-e1680234739360.jpg","type":"image\/jpeg"}],"author":"Renato Dias","twitter_card":"summary_large_image","twitter_creator":"@RenatoDiasBat","twitter_site":"@RenatoDiasBat","twitter_misc":{"Escrito por":"Renato Dias","Est. tempo de leitura":"9 minutos"},"schema":{"@context":"https:\/\/schema.org","@graph":[{"@type":"Article","@id":"https:\/\/renatodias.online\/movimento\/2023\/03\/31\/sem-anistia-caralho\/#article","isPartOf":{"@id":"https:\/\/renatodias.online\/movimento\/2023\/03\/31\/sem-anistia-caralho\/"},"author":{"name":"Renato Dias","@id":"https:\/\/renatodias.online\/movimento\/#\/schema\/person\/bbab28833b1725a20f4083f49f1fb2a9"},"headline":"Sem anistia, caralho!","datePublished":"2023-03-31T03:30:09+00:00","dateModified":"2023-03-31T03:55:27+00:00","mainEntityOfPage":{"@id":"https:\/\/renatodias.online\/movimento\/2023\/03\/31\/sem-anistia-caralho\/"},"wordCount":1291,"commentCount":0,"publisher":{"@id":"https:\/\/renatodias.online\/movimento\/#\/schema\/person\/bbab28833b1725a20f4083f49f1fb2a9"},"image":{"@id":"https:\/\/renatodias.online\/movimento\/2023\/03\/31\/sem-anistia-caralho\/#primaryimage"},"thumbnailUrl":"https:\/\/renatodias.online\/movimento\/wp-content\/uploads\/2023\/03\/Anistia-nao-e1680234739360.jpg","articleSection":["Pol\u00edtica"],"inLanguage":"pt-BR","potentialAction":[{"@type":"CommentAction","name":"Comment","target":["https:\/\/renatodias.online\/movimento\/2023\/03\/31\/sem-anistia-caralho\/#respond"]}]},{"@type":"WebPage","@id":"https:\/\/renatodias.online\/movimento\/2023\/03\/31\/sem-anistia-caralho\/","url":"https:\/\/renatodias.online\/movimento\/2023\/03\/31\/sem-anistia-caralho\/","name":"Sem anistia, caralho! -","isPartOf":{"@id":"https:\/\/renatodias.online\/movimento\/#website"},"primaryImageOfPage":{"@id":"https:\/\/renatodias.online\/movimento\/2023\/03\/31\/sem-anistia-caralho\/#primaryimage"},"image":{"@id":"https:\/\/renatodias.online\/movimento\/2023\/03\/31\/sem-anistia-caralho\/#primaryimage"},"thumbnailUrl":"https:\/\/renatodias.online\/movimento\/wp-content\/uploads\/2023\/03\/Anistia-nao-e1680234739360.jpg","datePublished":"2023-03-31T03:30:09+00:00","dateModified":"2023-03-31T03:55:27+00:00","breadcrumb":{"@id":"https:\/\/renatodias.online\/movimento\/2023\/03\/31\/sem-anistia-caralho\/#breadcrumb"},"inLanguage":"pt-BR","potentialAction":[{"@type":"ReadAction","target":["https:\/\/renatodias.online\/movimento\/2023\/03\/31\/sem-anistia-caralho\/"]}]},{"@type":"ImageObject","inLanguage":"pt-BR","@id":"https:\/\/renatodias.online\/movimento\/2023\/03\/31\/sem-anistia-caralho\/#primaryimage","url":"https:\/\/renatodias.online\/movimento\/wp-content\/uploads\/2023\/03\/Anistia-nao-e1680234739360.jpg","contentUrl":"https:\/\/renatodias.online\/movimento\/wp-content\/uploads\/2023\/03\/Anistia-nao-e1680234739360.jpg","width":800,"height":830},{"@type":"BreadcrumbList","@id":"https:\/\/renatodias.online\/movimento\/2023\/03\/31\/sem-anistia-caralho\/#breadcrumb","itemListElement":[{"@type":"ListItem","position":1,"name":"In\u00edcio","item":"https:\/\/renatodias.online\/movimento\/"},{"@type":"ListItem","position":2,"name":"Sem anistia, caralho!"}]},{"@type":"WebSite","@id":"https:\/\/renatodias.online\/movimento\/#website","url":"https:\/\/renatodias.online\/movimento\/","name":"","description":"","publisher":{"@id":"https:\/\/renatodias.online\/movimento\/#\/schema\/person\/bbab28833b1725a20f4083f49f1fb2a9"},"potentialAction":[{"@type":"SearchAction","target":{"@type":"EntryPoint","urlTemplate":"https:\/\/renatodias.online\/movimento\/?s={search_term_string}"},"query-input":{"@type":"PropertyValueSpecification","valueRequired":true,"valueName":"search_term_string"}}],"inLanguage":"pt-BR"},{"@type":["Person","Organization"],"@id":"https:\/\/renatodias.online\/movimento\/#\/schema\/person\/bbab28833b1725a20f4083f49f1fb2a9","name":"Renato Dias","image":{"@type":"ImageObject","inLanguage":"pt-BR","@id":"https:\/\/renatodias.online\/movimento\/wp-content\/uploads\/2023\/03\/cropped-cropped-cropped-logofinal.jpeg","url":"https:\/\/renatodias.online\/movimento\/wp-content\/uploads\/2023\/03\/cropped-cropped-cropped-logofinal.jpeg","contentUrl":"https:\/\/renatodias.online\/movimento\/wp-content\/uploads\/2023\/03\/cropped-cropped-cropped-logofinal.jpeg","width":1280,"height":219,"caption":"Renato Dias"},"logo":{"@id":"https:\/\/renatodias.online\/movimento\/wp-content\/uploads\/2023\/03\/cropped-cropped-cropped-logofinal.jpeg"},"description":"Renato Dias, 58 anos, \u00e9 graduado em Jornalismo, formado em Ci\u00eancias Sociais, com p\u00f3s-gradua\u00e7\u00e3o em Pol\u00edticas P\u00fablicas, mestre em Direito e Rela\u00e7\u00f5es Internacionais, ex-aluno extraordin\u00e1rio do Doutorado em Psicologia Social, ex-estudante do Curso de Psican\u00e1lise do Centro de Estudos Psicanal\u00edticos do Estado de Goi\u00e1s, ministrado pelo m\u00e9dico psiquiatra e psicanalista Daniel Em\u00eddio de Souza. \u00c9 autor de 30 livros-reportagem, oito document\u00e1rios, ganhou 30 pr\u00eamios e \u00e9 torcedor apaixonado do maior do Centro-Oeste, o Vila Nova Futebol Clube. Casado com Meirilane Dias, \u00e9 pai de Juliana Dias, jornalista; Daniel Dias, economista; e Maria Rosa Dias, estudante antifascista, socialista e trotskista.\u00a0Com tr\u00eas pets: Porquinho [Bull Dog Franc\u00eas], Dalila [Basset Hound] e Geleia [Basset Hound]. Al\u00e9m do eterno gato Tutuquinho, que virou estrela.","sameAs":["https:\/\/www.facebook.com\/renato.dias.37","#breve","https:\/\/renatodias.tumblr.com\/"],"url":"https:\/\/renatodias.online\/movimento\/author\/renatodias\/"}]}},"_links":{"self":[{"href":"https:\/\/renatodias.online\/movimento\/wp-json\/wp\/v2\/posts\/16258","targetHints":{"allow":["GET"]}}],"collection":[{"href":"https:\/\/renatodias.online\/movimento\/wp-json\/wp\/v2\/posts"}],"about":[{"href":"https:\/\/renatodias.online\/movimento\/wp-json\/wp\/v2\/types\/post"}],"author":[{"embeddable":true,"href":"https:\/\/renatodias.online\/movimento\/wp-json\/wp\/v2\/users\/2"}],"replies":[{"embeddable":true,"href":"https:\/\/renatodias.online\/movimento\/wp-json\/wp\/v2\/comments?post=16258"}],"version-history":[{"count":3,"href":"https:\/\/renatodias.online\/movimento\/wp-json\/wp\/v2\/posts\/16258\/revisions"}],"predecessor-version":[{"id":16265,"href":"https:\/\/renatodias.online\/movimento\/wp-json\/wp\/v2\/posts\/16258\/revisions\/16265"}],"wp:featuredmedia":[{"embeddable":true,"href":"https:\/\/renatodias.online\/movimento\/wp-json\/wp\/v2\/media\/16263"}],"wp:attachment":[{"href":"https:\/\/renatodias.online\/movimento\/wp-json\/wp\/v2\/media?parent=16258"}],"wp:term":[{"taxonomy":"category","embeddable":true,"href":"https:\/\/renatodias.online\/movimento\/wp-json\/wp\/v2\/categories?post=16258"},{"taxonomy":"post_tag","embeddable":true,"href":"https:\/\/renatodias.online\/movimento\/wp-json\/wp\/v2\/tags?post=16258"}],"curies":[{"name":"wp","href":"https:\/\/api.w.org\/{rel}","templated":true}]}}