{"id":1616,"date":"2019-08-14T22:04:45","date_gmt":"2019-08-15T01:04:45","guid":{"rendered":"http:\/\/renatodias.online\/gyn\/?p=1616"},"modified":"2019-08-14T22:04:45","modified_gmt":"2019-08-15T01:04:45","slug":"de-a-a-z-xexeu-e-o-dono-do-pedaco-noys-e-noys-faz-revival-dos-classicos-do-samba","status":"publish","type":"post","link":"https:\/\/renatodias.online\/movimento\/2019\/08\/14\/de-a-a-z-xexeu-e-o-dono-do-pedaco-noys-e-noys-faz-revival-dos-classicos-do-samba\/","title":{"rendered":"De A a Z Xex\u00e9u \u00e9 o dono do peda\u00e7o N\u00f3ys \u00e9 N\u00f3ys faz revival dos cl\u00e1ssicos do samba"},"content":{"rendered":"<p>De A a Z<br \/>\nXex\u00e9u \u00e9 o dono do peda\u00e7o<\/p>\n<figure id=\"attachment_1617\" aria-describedby=\"caption-attachment-1617\" style=\"width: 750px\" class=\"wp-caption aligncenter\"><img loading=\"lazy\" decoding=\"async\" src=\"https:\/\/renatodias.online\/wp-content\/uploads\/2019\/08\/xexeu-05-1024x682.jpg\" alt=\"\" width=\"750\" height=\"500\" class=\"wp-image-1617 size-large\"><figcaption id=\"caption-attachment-1617\" class=\"wp-caption-text\">Xex\u00e9u, \u2018band leader\u2019 do N\u00f3ys \u00e9 N\u00f3ys<\/figcaption><\/figure>\n<p>N\u00f3ys \u00e9 N\u00f3ys faz revival dos cl\u00e1ssicos do samba que marcaram a boemia do s\u00e9culo 20, no Brasil, com um toque pessoal, autoral, que agrada o p\u00fablico que o segue h\u00e1 exatos 39 anos<\/p>\n<p>Renato Dias<br \/>\nSamba de A a Z. Com cl\u00e1ssicos que marcaram \u00e9poca. No s\u00e9culo 20. De compositores como Noel Rosa, Nelson Cavaquinho, Cartola, Pixinguinha, Ataulfo Alves, Lupic\u00ednio Rodrigues. \u00cdcones da hist\u00f3ria do g\u00eanero musical. \u00c9 o que promete entregar ao seu p\u00fablico que o segue h\u00e1 exatos 39 anos, neste s\u00e1bado, 17 de agosto de 2019, \u00e0s 13h, no Restaurante Aqu\u00e1rius, instalado \u00e0 Avenida Albert Einsten, Sem N\u00famero, Jardim da Luz, em Goi\u00e2nia, capital. Couvert: R$ 15,00. Simb\u00f3lico. O \u2018band leader\u2019 \u00e9 Xex\u00e9u, nome art\u00edstico Roberto C\u00e9lio. Um torcedor apaixonado do maior clube de futebol do Centro-Oeste do Brasil, o Vila Nova Futebol Clube, duas vezes campe\u00e3o brasileiro da S\u00e9rie C, 15 t\u00edtulos estaduais, duas divis\u00f5es de acesso e tr\u00eas copas Goi\u00e1s. O artista \u00e9 pe\u00e7a-chave do grupo musical N\u00f3ys \u00e9 N\u00f3ys. Uma refer\u00eancia cultural do Centro-Oeste<\/p>\n","protected":false},"excerpt":{"rendered":"<p>De A a Z Xex\u00e9u \u00e9 o dono do peda\u00e7o N\u00f3ys \u00e9 N\u00f3ys faz revival dos cl\u00e1ssicos do samba que marcaram a boemia do s\u00e9culo 20, no Brasil, com um toque pessoal, autoral, que agrada o p\u00fablico que o segue h\u00e1 exatos 39 anos Renato Dias Samba de A a Z. Com cl\u00e1ssicos que marcaram<\/p>\n","protected":false},"author":2,"featured_media":1626,"comment_status":"open","ping_status":"open","sticky":false,"template":"","format":"standard","meta":{"_acf_changed":false,"_monsterinsights_skip_tracking":false,"_monsterinsights_sitenote_active":false,"_monsterinsights_sitenote_note":"","_monsterinsights_sitenote_category":0,"footnotes":""},"categories":[2,29],"tags":[],"class_list":["post-1616","post","type-post","status-publish","format-standard","has-post-thumbnail","hentry","category-arte","category-shows"],"acf":[],"yoast_head":"<!-- This site is optimized with the Yoast SEO plugin v27.4 - https:\/\/yoast.com\/product\/yoast-seo-wordpress\/ -->\n<title>De A a Z Xex\u00e9u \u00e9 o dono do peda\u00e7o N\u00f3ys \u00e9 N\u00f3ys faz revival dos cl\u00e1ssicos do samba -<\/title>\n<meta name=\"robots\" content=\"index, follow, max-snippet:-1, max-image-preview:large, max-video-preview:-1\" \/>\n<link rel=\"canonical\" href=\"https:\/\/renatodias.online\/movimento\/2019\/08\/14\/de-a-a-z-xexeu-e-o-dono-do-pedaco-noys-e-noys-faz-revival-dos-classicos-do-samba\/\" \/>\n<meta property=\"og:locale\" content=\"pt_BR\" \/>\n<meta property=\"og:type\" content=\"article\" \/>\n<meta property=\"og:title\" content=\"De A a Z Xex\u00e9u \u00e9 o dono do peda\u00e7o N\u00f3ys \u00e9 N\u00f3ys faz revival dos cl\u00e1ssicos do samba -\" \/>\n<meta property=\"og:description\" content=\"De A a Z Xex\u00e9u \u00e9 o dono do peda\u00e7o N\u00f3ys \u00e9 N\u00f3ys faz revival dos cl\u00e1ssicos do samba que marcaram a boemia do s\u00e9culo 20, no Brasil, com um toque pessoal, autoral, que agrada o p\u00fablico que o segue h\u00e1 exatos 39 anos Renato Dias Samba de A a Z. Com cl\u00e1ssicos que marcaram\" \/>\n<meta property=\"og:url\" content=\"https:\/\/renatodias.online\/movimento\/2019\/08\/14\/de-a-a-z-xexeu-e-o-dono-do-pedaco-noys-e-noys-faz-revival-dos-classicos-do-samba\/\" \/>\n<meta property=\"article:publisher\" content=\"https:\/\/www.facebook.com\/renato.dias.37\" \/>\n<meta property=\"article:author\" content=\"https:\/\/www.facebook.com\/renato.dias.37\" \/>\n<meta property=\"article:published_time\" content=\"2019-08-15T01:04:45+00:00\" \/>\n<meta name=\"author\" content=\"Renato Dias\" \/>\n<meta name=\"twitter:card\" content=\"summary_large_image\" \/>\n<meta name=\"twitter:creator\" content=\"@RenatoDiasBat\" \/>\n<meta name=\"twitter:site\" content=\"@RenatoDiasBat\" \/>\n<meta name=\"twitter:label1\" content=\"Escrito por\" \/>\n\t<meta name=\"twitter:data1\" content=\"Renato Dias\" \/>\n\t<meta name=\"twitter:label2\" content=\"Est. tempo de leitura\" \/>\n\t<meta name=\"twitter:data2\" content=\"1 minuto\" \/>\n<script type=\"application\/ld+json\" class=\"yoast-schema-graph\">{\"@context\":\"https:\\\/\\\/schema.org\",\"@graph\":[{\"@type\":\"Article\",\"@id\":\"https:\\\/\\\/renatodias.online\\\/movimento\\\/2019\\\/08\\\/14\\\/de-a-a-z-xexeu-e-o-dono-do-pedaco-noys-e-noys-faz-revival-dos-classicos-do-samba\\\/#article\",\"isPartOf\":{\"@id\":\"https:\\\/\\\/renatodias.online\\\/movimento\\\/2019\\\/08\\\/14\\\/de-a-a-z-xexeu-e-o-dono-do-pedaco-noys-e-noys-faz-revival-dos-classicos-do-samba\\\/\"},\"author\":{\"name\":\"Renato Dias\",\"@id\":\"https:\\\/\\\/renatodias.online\\\/movimento\\\/#\\\/schema\\\/person\\\/bbab28833b1725a20f4083f49f1fb2a9\"},\"headline\":\"De A a Z Xex\u00e9u \u00e9 o dono do peda\u00e7o N\u00f3ys \u00e9 N\u00f3ys faz revival dos cl\u00e1ssicos do samba\",\"datePublished\":\"2019-08-15T01:04:45+00:00\",\"mainEntityOfPage\":{\"@id\":\"https:\\\/\\\/renatodias.online\\\/movimento\\\/2019\\\/08\\\/14\\\/de-a-a-z-xexeu-e-o-dono-do-pedaco-noys-e-noys-faz-revival-dos-classicos-do-samba\\\/\"},\"wordCount\":235,\"commentCount\":0,\"publisher\":{\"@id\":\"https:\\\/\\\/renatodias.online\\\/movimento\\\/#\\\/schema\\\/person\\\/bbab28833b1725a20f4083f49f1fb2a9\"},\"image\":{\"@id\":\"https:\\\/\\\/renatodias.online\\\/movimento\\\/2019\\\/08\\\/14\\\/de-a-a-z-xexeu-e-o-dono-do-pedaco-noys-e-noys-faz-revival-dos-classicos-do-samba\\\/#primaryimage\"},\"thumbnailUrl\":\"\",\"articleSection\":[\"Arte\",\"Shows\"],\"inLanguage\":\"pt-BR\",\"potentialAction\":[{\"@type\":\"CommentAction\",\"name\":\"Comment\",\"target\":[\"https:\\\/\\\/renatodias.online\\\/movimento\\\/2019\\\/08\\\/14\\\/de-a-a-z-xexeu-e-o-dono-do-pedaco-noys-e-noys-faz-revival-dos-classicos-do-samba\\\/#respond\"]}]},{\"@type\":\"WebPage\",\"@id\":\"https:\\\/\\\/renatodias.online\\\/movimento\\\/2019\\\/08\\\/14\\\/de-a-a-z-xexeu-e-o-dono-do-pedaco-noys-e-noys-faz-revival-dos-classicos-do-samba\\\/\",\"url\":\"https:\\\/\\\/renatodias.online\\\/movimento\\\/2019\\\/08\\\/14\\\/de-a-a-z-xexeu-e-o-dono-do-pedaco-noys-e-noys-faz-revival-dos-classicos-do-samba\\\/\",\"name\":\"De A a Z Xex\u00e9u \u00e9 o dono do peda\u00e7o N\u00f3ys \u00e9 N\u00f3ys faz revival dos cl\u00e1ssicos do samba -\",\"isPartOf\":{\"@id\":\"https:\\\/\\\/renatodias.online\\\/movimento\\\/#website\"},\"primaryImageOfPage\":{\"@id\":\"https:\\\/\\\/renatodias.online\\\/movimento\\\/2019\\\/08\\\/14\\\/de-a-a-z-xexeu-e-o-dono-do-pedaco-noys-e-noys-faz-revival-dos-classicos-do-samba\\\/#primaryimage\"},\"image\":{\"@id\":\"https:\\\/\\\/renatodias.online\\\/movimento\\\/2019\\\/08\\\/14\\\/de-a-a-z-xexeu-e-o-dono-do-pedaco-noys-e-noys-faz-revival-dos-classicos-do-samba\\\/#primaryimage\"},\"thumbnailUrl\":\"\",\"datePublished\":\"2019-08-15T01:04:45+00:00\",\"breadcrumb\":{\"@id\":\"https:\\\/\\\/renatodias.online\\\/movimento\\\/2019\\\/08\\\/14\\\/de-a-a-z-xexeu-e-o-dono-do-pedaco-noys-e-noys-faz-revival-dos-classicos-do-samba\\\/#breadcrumb\"},\"inLanguage\":\"pt-BR\",\"potentialAction\":[{\"@type\":\"ReadAction\",\"target\":[\"https:\\\/\\\/renatodias.online\\\/movimento\\\/2019\\\/08\\\/14\\\/de-a-a-z-xexeu-e-o-dono-do-pedaco-noys-e-noys-faz-revival-dos-classicos-do-samba\\\/\"]}]},{\"@type\":\"ImageObject\",\"inLanguage\":\"pt-BR\",\"@id\":\"https:\\\/\\\/renatodias.online\\\/movimento\\\/2019\\\/08\\\/14\\\/de-a-a-z-xexeu-e-o-dono-do-pedaco-noys-e-noys-faz-revival-dos-classicos-do-samba\\\/#primaryimage\",\"url\":\"\",\"contentUrl\":\"\"},{\"@type\":\"BreadcrumbList\",\"@id\":\"https:\\\/\\\/renatodias.online\\\/movimento\\\/2019\\\/08\\\/14\\\/de-a-a-z-xexeu-e-o-dono-do-pedaco-noys-e-noys-faz-revival-dos-classicos-do-samba\\\/#breadcrumb\",\"itemListElement\":[{\"@type\":\"ListItem\",\"position\":1,\"name\":\"In\u00edcio\",\"item\":\"https:\\\/\\\/renatodias.online\\\/movimento\\\/\"},{\"@type\":\"ListItem\",\"position\":2,\"name\":\"De A a Z Xex\u00e9u \u00e9 o dono do peda\u00e7o N\u00f3ys \u00e9 N\u00f3ys faz revival dos cl\u00e1ssicos do samba\"}]},{\"@type\":\"WebSite\",\"@id\":\"https:\\\/\\\/renatodias.online\\\/movimento\\\/#website\",\"url\":\"https:\\\/\\\/renatodias.online\\\/movimento\\\/\",\"name\":\"\",\"description\":\"\",\"publisher\":{\"@id\":\"https:\\\/\\\/renatodias.online\\\/movimento\\\/#\\\/schema\\\/person\\\/bbab28833b1725a20f4083f49f1fb2a9\"},\"potentialAction\":[{\"@type\":\"SearchAction\",\"target\":{\"@type\":\"EntryPoint\",\"urlTemplate\":\"https:\\\/\\\/renatodias.online\\\/movimento\\\/?s={search_term_string}\"},\"query-input\":{\"@type\":\"PropertyValueSpecification\",\"valueRequired\":true,\"valueName\":\"search_term_string\"}}],\"inLanguage\":\"pt-BR\"},{\"@type\":[\"Person\",\"Organization\"],\"@id\":\"https:\\\/\\\/renatodias.online\\\/movimento\\\/#\\\/schema\\\/person\\\/bbab28833b1725a20f4083f49f1fb2a9\",\"name\":\"Renato Dias\",\"image\":{\"@type\":\"ImageObject\",\"inLanguage\":\"pt-BR\",\"@id\":\"https:\\\/\\\/renatodias.online\\\/movimento\\\/wp-content\\\/uploads\\\/2023\\\/03\\\/cropped-cropped-cropped-logofinal.jpeg\",\"url\":\"https:\\\/\\\/renatodias.online\\\/movimento\\\/wp-content\\\/uploads\\\/2023\\\/03\\\/cropped-cropped-cropped-logofinal.jpeg\",\"contentUrl\":\"https:\\\/\\\/renatodias.online\\\/movimento\\\/wp-content\\\/uploads\\\/2023\\\/03\\\/cropped-cropped-cropped-logofinal.jpeg\",\"width\":1280,\"height\":219,\"caption\":\"Renato Dias\"},\"logo\":{\"@id\":\"https:\\\/\\\/renatodias.online\\\/movimento\\\/wp-content\\\/uploads\\\/2023\\\/03\\\/cropped-cropped-cropped-logofinal.jpeg\"},\"description\":\"Renato Dias, 58 anos, \u00e9 graduado em Jornalismo, formado em Ci\u00eancias Sociais, com p\u00f3s-gradua\u00e7\u00e3o em Pol\u00edticas P\u00fablicas, mestre em Direito e Rela\u00e7\u00f5es Internacionais, ex-aluno extraordin\u00e1rio do Doutorado em Psicologia Social, ex-estudante do Curso de Psican\u00e1lise do Centro de Estudos Psicanal\u00edticos do Estado de Goi\u00e1s, ministrado pelo m\u00e9dico psiquiatra e psicanalista Daniel Em\u00eddio de Souza. \u00c9 autor de 30 livros-reportagem, oito document\u00e1rios, ganhou 30 pr\u00eamios e \u00e9 torcedor apaixonado do maior do Centro-Oeste, o Vila Nova Futebol Clube. Casado com Meirilane Dias, \u00e9 pai de Juliana Dias, jornalista; Daniel Dias, economista; e Maria Rosa Dias, estudante antifascista, socialista e trotskista.\u00a0Com tr\u00eas pets: Porquinho [Bull Dog Franc\u00eas], Dalila [Basset Hound] e Geleia [Basset Hound]. Al\u00e9m do eterno gato Tutuquinho, que virou estrela.\",\"sameAs\":[\"https:\\\/\\\/www.facebook.com\\\/renato.dias.37\",\"#breve\",\"https:\\\/\\\/renatodias.tumblr.com\\\/\"],\"url\":\"https:\\\/\\\/renatodias.online\\\/movimento\\\/author\\\/renatodias\\\/\"}]}<\/script>\n<!-- \/ Yoast SEO plugin. -->","yoast_head_json":{"title":"De A a Z Xex\u00e9u \u00e9 o dono do peda\u00e7o N\u00f3ys \u00e9 N\u00f3ys faz revival dos cl\u00e1ssicos do samba -","robots":{"index":"index","follow":"follow","max-snippet":"max-snippet:-1","max-image-preview":"max-image-preview:large","max-video-preview":"max-video-preview:-1"},"canonical":"https:\/\/renatodias.online\/movimento\/2019\/08\/14\/de-a-a-z-xexeu-e-o-dono-do-pedaco-noys-e-noys-faz-revival-dos-classicos-do-samba\/","og_locale":"pt_BR","og_type":"article","og_title":"De A a Z Xex\u00e9u \u00e9 o dono do peda\u00e7o N\u00f3ys \u00e9 N\u00f3ys faz revival dos cl\u00e1ssicos do samba -","og_description":"De A a Z Xex\u00e9u \u00e9 o dono do peda\u00e7o N\u00f3ys \u00e9 N\u00f3ys faz revival dos cl\u00e1ssicos do samba que marcaram a boemia do s\u00e9culo 20, no Brasil, com um toque pessoal, autoral, que agrada o p\u00fablico que o segue h\u00e1 exatos 39 anos Renato Dias Samba de A a Z. Com cl\u00e1ssicos que marcaram","og_url":"https:\/\/renatodias.online\/movimento\/2019\/08\/14\/de-a-a-z-xexeu-e-o-dono-do-pedaco-noys-e-noys-faz-revival-dos-classicos-do-samba\/","article_publisher":"https:\/\/www.facebook.com\/renato.dias.37","article_author":"https:\/\/www.facebook.com\/renato.dias.37","article_published_time":"2019-08-15T01:04:45+00:00","author":"Renato Dias","twitter_card":"summary_large_image","twitter_creator":"@RenatoDiasBat","twitter_site":"@RenatoDiasBat","twitter_misc":{"Escrito por":"Renato Dias","Est. tempo de leitura":"1 minuto"},"schema":{"@context":"https:\/\/schema.org","@graph":[{"@type":"Article","@id":"https:\/\/renatodias.online\/movimento\/2019\/08\/14\/de-a-a-z-xexeu-e-o-dono-do-pedaco-noys-e-noys-faz-revival-dos-classicos-do-samba\/#article","isPartOf":{"@id":"https:\/\/renatodias.online\/movimento\/2019\/08\/14\/de-a-a-z-xexeu-e-o-dono-do-pedaco-noys-e-noys-faz-revival-dos-classicos-do-samba\/"},"author":{"name":"Renato Dias","@id":"https:\/\/renatodias.online\/movimento\/#\/schema\/person\/bbab28833b1725a20f4083f49f1fb2a9"},"headline":"De A a Z Xex\u00e9u \u00e9 o dono do peda\u00e7o N\u00f3ys \u00e9 N\u00f3ys faz revival dos cl\u00e1ssicos do samba","datePublished":"2019-08-15T01:04:45+00:00","mainEntityOfPage":{"@id":"https:\/\/renatodias.online\/movimento\/2019\/08\/14\/de-a-a-z-xexeu-e-o-dono-do-pedaco-noys-e-noys-faz-revival-dos-classicos-do-samba\/"},"wordCount":235,"commentCount":0,"publisher":{"@id":"https:\/\/renatodias.online\/movimento\/#\/schema\/person\/bbab28833b1725a20f4083f49f1fb2a9"},"image":{"@id":"https:\/\/renatodias.online\/movimento\/2019\/08\/14\/de-a-a-z-xexeu-e-o-dono-do-pedaco-noys-e-noys-faz-revival-dos-classicos-do-samba\/#primaryimage"},"thumbnailUrl":"","articleSection":["Arte","Shows"],"inLanguage":"pt-BR","potentialAction":[{"@type":"CommentAction","name":"Comment","target":["https:\/\/renatodias.online\/movimento\/2019\/08\/14\/de-a-a-z-xexeu-e-o-dono-do-pedaco-noys-e-noys-faz-revival-dos-classicos-do-samba\/#respond"]}]},{"@type":"WebPage","@id":"https:\/\/renatodias.online\/movimento\/2019\/08\/14\/de-a-a-z-xexeu-e-o-dono-do-pedaco-noys-e-noys-faz-revival-dos-classicos-do-samba\/","url":"https:\/\/renatodias.online\/movimento\/2019\/08\/14\/de-a-a-z-xexeu-e-o-dono-do-pedaco-noys-e-noys-faz-revival-dos-classicos-do-samba\/","name":"De A a Z Xex\u00e9u \u00e9 o dono do peda\u00e7o N\u00f3ys \u00e9 N\u00f3ys faz revival dos cl\u00e1ssicos do samba -","isPartOf":{"@id":"https:\/\/renatodias.online\/movimento\/#website"},"primaryImageOfPage":{"@id":"https:\/\/renatodias.online\/movimento\/2019\/08\/14\/de-a-a-z-xexeu-e-o-dono-do-pedaco-noys-e-noys-faz-revival-dos-classicos-do-samba\/#primaryimage"},"image":{"@id":"https:\/\/renatodias.online\/movimento\/2019\/08\/14\/de-a-a-z-xexeu-e-o-dono-do-pedaco-noys-e-noys-faz-revival-dos-classicos-do-samba\/#primaryimage"},"thumbnailUrl":"","datePublished":"2019-08-15T01:04:45+00:00","breadcrumb":{"@id":"https:\/\/renatodias.online\/movimento\/2019\/08\/14\/de-a-a-z-xexeu-e-o-dono-do-pedaco-noys-e-noys-faz-revival-dos-classicos-do-samba\/#breadcrumb"},"inLanguage":"pt-BR","potentialAction":[{"@type":"ReadAction","target":["https:\/\/renatodias.online\/movimento\/2019\/08\/14\/de-a-a-z-xexeu-e-o-dono-do-pedaco-noys-e-noys-faz-revival-dos-classicos-do-samba\/"]}]},{"@type":"ImageObject","inLanguage":"pt-BR","@id":"https:\/\/renatodias.online\/movimento\/2019\/08\/14\/de-a-a-z-xexeu-e-o-dono-do-pedaco-noys-e-noys-faz-revival-dos-classicos-do-samba\/#primaryimage","url":"","contentUrl":""},{"@type":"BreadcrumbList","@id":"https:\/\/renatodias.online\/movimento\/2019\/08\/14\/de-a-a-z-xexeu-e-o-dono-do-pedaco-noys-e-noys-faz-revival-dos-classicos-do-samba\/#breadcrumb","itemListElement":[{"@type":"ListItem","position":1,"name":"In\u00edcio","item":"https:\/\/renatodias.online\/movimento\/"},{"@type":"ListItem","position":2,"name":"De A a Z Xex\u00e9u \u00e9 o dono do peda\u00e7o N\u00f3ys \u00e9 N\u00f3ys faz revival dos cl\u00e1ssicos do samba"}]},{"@type":"WebSite","@id":"https:\/\/renatodias.online\/movimento\/#website","url":"https:\/\/renatodias.online\/movimento\/","name":"","description":"","publisher":{"@id":"https:\/\/renatodias.online\/movimento\/#\/schema\/person\/bbab28833b1725a20f4083f49f1fb2a9"},"potentialAction":[{"@type":"SearchAction","target":{"@type":"EntryPoint","urlTemplate":"https:\/\/renatodias.online\/movimento\/?s={search_term_string}"},"query-input":{"@type":"PropertyValueSpecification","valueRequired":true,"valueName":"search_term_string"}}],"inLanguage":"pt-BR"},{"@type":["Person","Organization"],"@id":"https:\/\/renatodias.online\/movimento\/#\/schema\/person\/bbab28833b1725a20f4083f49f1fb2a9","name":"Renato Dias","image":{"@type":"ImageObject","inLanguage":"pt-BR","@id":"https:\/\/renatodias.online\/movimento\/wp-content\/uploads\/2023\/03\/cropped-cropped-cropped-logofinal.jpeg","url":"https:\/\/renatodias.online\/movimento\/wp-content\/uploads\/2023\/03\/cropped-cropped-cropped-logofinal.jpeg","contentUrl":"https:\/\/renatodias.online\/movimento\/wp-content\/uploads\/2023\/03\/cropped-cropped-cropped-logofinal.jpeg","width":1280,"height":219,"caption":"Renato Dias"},"logo":{"@id":"https:\/\/renatodias.online\/movimento\/wp-content\/uploads\/2023\/03\/cropped-cropped-cropped-logofinal.jpeg"},"description":"Renato Dias, 58 anos, \u00e9 graduado em Jornalismo, formado em Ci\u00eancias Sociais, com p\u00f3s-gradua\u00e7\u00e3o em Pol\u00edticas P\u00fablicas, mestre em Direito e Rela\u00e7\u00f5es Internacionais, ex-aluno extraordin\u00e1rio do Doutorado em Psicologia Social, ex-estudante do Curso de Psican\u00e1lise do Centro de Estudos Psicanal\u00edticos do Estado de Goi\u00e1s, ministrado pelo m\u00e9dico psiquiatra e psicanalista Daniel Em\u00eddio de Souza. \u00c9 autor de 30 livros-reportagem, oito document\u00e1rios, ganhou 30 pr\u00eamios e \u00e9 torcedor apaixonado do maior do Centro-Oeste, o Vila Nova Futebol Clube. Casado com Meirilane Dias, \u00e9 pai de Juliana Dias, jornalista; Daniel Dias, economista; e Maria Rosa Dias, estudante antifascista, socialista e trotskista.\u00a0Com tr\u00eas pets: Porquinho [Bull Dog Franc\u00eas], Dalila [Basset Hound] e Geleia [Basset Hound]. Al\u00e9m do eterno gato Tutuquinho, que virou estrela.","sameAs":["https:\/\/www.facebook.com\/renato.dias.37","#breve","https:\/\/renatodias.tumblr.com\/"],"url":"https:\/\/renatodias.online\/movimento\/author\/renatodias\/"}]}},"_links":{"self":[{"href":"https:\/\/renatodias.online\/movimento\/wp-json\/wp\/v2\/posts\/1616","targetHints":{"allow":["GET"]}}],"collection":[{"href":"https:\/\/renatodias.online\/movimento\/wp-json\/wp\/v2\/posts"}],"about":[{"href":"https:\/\/renatodias.online\/movimento\/wp-json\/wp\/v2\/types\/post"}],"author":[{"embeddable":true,"href":"https:\/\/renatodias.online\/movimento\/wp-json\/wp\/v2\/users\/2"}],"replies":[{"embeddable":true,"href":"https:\/\/renatodias.online\/movimento\/wp-json\/wp\/v2\/comments?post=1616"}],"version-history":[{"count":0,"href":"https:\/\/renatodias.online\/movimento\/wp-json\/wp\/v2\/posts\/1616\/revisions"}],"wp:featuredmedia":[{"embeddable":true,"href":"https:\/\/renatodias.online\/movimento\/wp-json\/"}],"wp:attachment":[{"href":"https:\/\/renatodias.online\/movimento\/wp-json\/wp\/v2\/media?parent=1616"}],"wp:term":[{"taxonomy":"category","embeddable":true,"href":"https:\/\/renatodias.online\/movimento\/wp-json\/wp\/v2\/categories?post=1616"},{"taxonomy":"post_tag","embeddable":true,"href":"https:\/\/renatodias.online\/movimento\/wp-json\/wp\/v2\/tags?post=1616"}],"curies":[{"name":"wp","href":"https:\/\/api.w.org\/{rel}","templated":true}]}}