{"id":1613,"date":"2019-08-14T21:59:54","date_gmt":"2019-08-15T00:59:54","guid":{"rendered":"http:\/\/renatodias.online\/gyn\/?p=1613"},"modified":"2019-08-14T21:59:54","modified_gmt":"2019-08-15T00:59:54","slug":"rock-pop-blues-jazz-marly-prates-brilha-no-casablanca","status":"publish","type":"post","link":"https:\/\/renatodias.online\/movimento\/2019\/08\/14\/rock-pop-blues-jazz-marly-prates-brilha-no-casablanca\/","title":{"rendered":"Rock, pop, blues, jazz Marly Prates brilha no Casablanca"},"content":{"rendered":"<p>\t\t\t\tRock, pop, blues, jazz<br \/>\nMarly Prates brilha no Casablanca<\/p>\n<figure id=\"attachment_1614\" aria-describedby=\"caption-attachment-1614\" style=\"width: 750px\" class=\"wp-caption aligncenter\"><img loading=\"lazy\" decoding=\"async\" src=\"https:\/\/renatodias.online\/wp-content\/uploads\/2019\/08\/My-Se-um-dia...-1024x576.jpg\" alt=\"\" width=\"750\" height=\"422\" class=\"wp-image-1614 size-large\" \/><figcaption id=\"caption-attachment-1614\" class=\"wp-caption-text\">Marly Prates, solo<\/figcaption><\/figure>\n<p>Int\u00e9rprete inventiva, multifacetada, integrante da vanguarda est\u00e9tica de Goi\u00e2nia, \u00e9 dona de uma voz aveludada: a convidada especial do projeto cult \u2018Casablanca Sess\u00e3o Seis e Meia\u2019<\/p>\n<p>Renato Dias<\/p>\n<p>A int\u00e9rprete inventiva, multifacetada, integrante da vanguarda est\u00e9tica de Goi\u00e2nia, Marly Prates, propriet\u00e1ria de uma voz aveludada, \u00e9 a convidada especial do \u2018Projeto Casablanca Sess\u00e3o Seis e Meia\u2019, neste s\u00e1bado, 18h30, no point gastron\u00f4mico e cultural Casablanca. A produ\u00e7\u00e3o-executiva \u00e9 assinada tanto por Itamar Correia Viana Filho quanto por Marrom Fernandes.<\/p>\n<p>&#8211; O endere\u00e7o do espa\u00e7o art\u00edstico \u00e9 Rua 3, n\u00famero 1.239, Centro, Goi\u00e2nia.<\/p>\n<p>Repert\u00f3rio ecl\u00e9tico<br \/>\nO seu repert\u00f3rio \u00e9 ecl\u00e9tico. Uma janela que inclui variedades de estilos musicais. Como o rock\u00b4n roll, o pop, reggae, soul, hip-hop, blues e at\u00e9 o jazz. A cantora cultuada no circuito underground e no mercado do Centro-Oeste do Brasil \u00e9 um \u00edcone da descolada e badalada Banda Ciclone. Ela promete um espet\u00e1culo dan\u00e7ante. Do balacobaco, diz. \u201cPara encher a casa\u201d.<\/p>\n<p>&#8211; Marly Prates ser\u00e1 acompanhada pelos instrumentistas Osvaldinho Guitar Man, Gustavo Lopes, bateria e Marron Fernandes, contrabaixo. [\u00c9 o que informa Itamar Correia]\t\t<\/p>\n","protected":false},"excerpt":{"rendered":"<p>Rock, pop, blues, jazz Marly Prates brilha no Casablanca Int\u00e9rprete inventiva, multifacetada, integrante da vanguarda est\u00e9tica de Goi\u00e2nia, \u00e9 dona de uma voz aveludada: a convidada especial do projeto cult \u2018Casablanca Sess\u00e3o Seis e Meia\u2019 Renato Dias A int\u00e9rprete inventiva, multifacetada, integrante da vanguarda est\u00e9tica de Goi\u00e2nia, Marly Prates, propriet\u00e1ria de uma voz aveludada, \u00e9<\/p>\n","protected":false},"author":2,"featured_media":1614,"comment_status":"open","ping_status":"open","sticky":false,"template":"","format":"standard","meta":{"_acf_changed":false,"_monsterinsights_skip_tracking":false,"_monsterinsights_sitenote_active":false,"_monsterinsights_sitenote_note":"","_monsterinsights_sitenote_category":0,"footnotes":""},"categories":[2,26,29],"tags":[],"class_list":["post-1613","post","type-post","status-publish","format-standard","has-post-thumbnail","hentry","category-arte","category-bares","category-shows"],"acf":[],"yoast_head":"<!-- This site is optimized with the Yoast SEO plugin v27.4 - https:\/\/yoast.com\/product\/yoast-seo-wordpress\/ -->\n<title>Rock, pop, blues, jazz Marly Prates brilha no Casablanca -<\/title>\n<meta name=\"robots\" content=\"index, follow, max-snippet:-1, max-image-preview:large, max-video-preview:-1\" \/>\n<link rel=\"canonical\" href=\"https:\/\/renatodias.online\/movimento\/2019\/08\/14\/rock-pop-blues-jazz-marly-prates-brilha-no-casablanca\/\" \/>\n<meta property=\"og:locale\" content=\"pt_BR\" \/>\n<meta property=\"og:type\" content=\"article\" \/>\n<meta property=\"og:title\" content=\"Rock, pop, blues, jazz Marly Prates brilha no Casablanca -\" \/>\n<meta property=\"og:description\" content=\"Rock, pop, blues, jazz Marly Prates brilha no Casablanca Int\u00e9rprete inventiva, multifacetada, integrante da vanguarda est\u00e9tica de Goi\u00e2nia, \u00e9 dona de uma voz aveludada: a convidada especial do projeto cult \u2018Casablanca Sess\u00e3o Seis e Meia\u2019 Renato Dias A int\u00e9rprete inventiva, multifacetada, integrante da vanguarda est\u00e9tica de Goi\u00e2nia, Marly Prates, propriet\u00e1ria de uma voz aveludada, \u00e9\" \/>\n<meta property=\"og:url\" content=\"https:\/\/renatodias.online\/movimento\/2019\/08\/14\/rock-pop-blues-jazz-marly-prates-brilha-no-casablanca\/\" \/>\n<meta property=\"article:publisher\" content=\"https:\/\/www.facebook.com\/renato.dias.37\" \/>\n<meta property=\"article:author\" content=\"https:\/\/www.facebook.com\/renato.dias.37\" \/>\n<meta property=\"article:published_time\" content=\"2019-08-15T00:59:54+00:00\" \/>\n<meta name=\"author\" content=\"Renato Dias\" \/>\n<meta name=\"twitter:card\" content=\"summary_large_image\" \/>\n<meta name=\"twitter:creator\" content=\"@RenatoDiasBat\" \/>\n<meta name=\"twitter:site\" content=\"@RenatoDiasBat\" \/>\n<meta name=\"twitter:label1\" content=\"Escrito por\" \/>\n\t<meta name=\"twitter:data1\" content=\"Renato Dias\" \/>\n\t<meta name=\"twitter:label2\" content=\"Est. tempo de leitura\" \/>\n\t<meta name=\"twitter:data2\" content=\"1 minuto\" \/>\n<script type=\"application\/ld+json\" class=\"yoast-schema-graph\">{\"@context\":\"https:\\\/\\\/schema.org\",\"@graph\":[{\"@type\":\"Article\",\"@id\":\"https:\\\/\\\/renatodias.online\\\/movimento\\\/2019\\\/08\\\/14\\\/rock-pop-blues-jazz-marly-prates-brilha-no-casablanca\\\/#article\",\"isPartOf\":{\"@id\":\"https:\\\/\\\/renatodias.online\\\/movimento\\\/2019\\\/08\\\/14\\\/rock-pop-blues-jazz-marly-prates-brilha-no-casablanca\\\/\"},\"author\":{\"name\":\"Renato Dias\",\"@id\":\"https:\\\/\\\/renatodias.online\\\/movimento\\\/#\\\/schema\\\/person\\\/bbab28833b1725a20f4083f49f1fb2a9\"},\"headline\":\"Rock, pop, blues, jazz Marly Prates brilha no Casablanca\",\"datePublished\":\"2019-08-15T00:59:54+00:00\",\"mainEntityOfPage\":{\"@id\":\"https:\\\/\\\/renatodias.online\\\/movimento\\\/2019\\\/08\\\/14\\\/rock-pop-blues-jazz-marly-prates-brilha-no-casablanca\\\/\"},\"wordCount\":221,\"commentCount\":0,\"publisher\":{\"@id\":\"https:\\\/\\\/renatodias.online\\\/movimento\\\/#\\\/schema\\\/person\\\/bbab28833b1725a20f4083f49f1fb2a9\"},\"image\":{\"@id\":\"https:\\\/\\\/renatodias.online\\\/movimento\\\/2019\\\/08\\\/14\\\/rock-pop-blues-jazz-marly-prates-brilha-no-casablanca\\\/#primaryimage\"},\"thumbnailUrl\":\"\",\"articleSection\":[\"Arte\",\"Bares\",\"Shows\"],\"inLanguage\":\"pt-BR\",\"potentialAction\":[{\"@type\":\"CommentAction\",\"name\":\"Comment\",\"target\":[\"https:\\\/\\\/renatodias.online\\\/movimento\\\/2019\\\/08\\\/14\\\/rock-pop-blues-jazz-marly-prates-brilha-no-casablanca\\\/#respond\"]}]},{\"@type\":\"WebPage\",\"@id\":\"https:\\\/\\\/renatodias.online\\\/movimento\\\/2019\\\/08\\\/14\\\/rock-pop-blues-jazz-marly-prates-brilha-no-casablanca\\\/\",\"url\":\"https:\\\/\\\/renatodias.online\\\/movimento\\\/2019\\\/08\\\/14\\\/rock-pop-blues-jazz-marly-prates-brilha-no-casablanca\\\/\",\"name\":\"Rock, pop, blues, jazz Marly Prates brilha no Casablanca -\",\"isPartOf\":{\"@id\":\"https:\\\/\\\/renatodias.online\\\/movimento\\\/#website\"},\"primaryImageOfPage\":{\"@id\":\"https:\\\/\\\/renatodias.online\\\/movimento\\\/2019\\\/08\\\/14\\\/rock-pop-blues-jazz-marly-prates-brilha-no-casablanca\\\/#primaryimage\"},\"image\":{\"@id\":\"https:\\\/\\\/renatodias.online\\\/movimento\\\/2019\\\/08\\\/14\\\/rock-pop-blues-jazz-marly-prates-brilha-no-casablanca\\\/#primaryimage\"},\"thumbnailUrl\":\"\",\"datePublished\":\"2019-08-15T00:59:54+00:00\",\"breadcrumb\":{\"@id\":\"https:\\\/\\\/renatodias.online\\\/movimento\\\/2019\\\/08\\\/14\\\/rock-pop-blues-jazz-marly-prates-brilha-no-casablanca\\\/#breadcrumb\"},\"inLanguage\":\"pt-BR\",\"potentialAction\":[{\"@type\":\"ReadAction\",\"target\":[\"https:\\\/\\\/renatodias.online\\\/movimento\\\/2019\\\/08\\\/14\\\/rock-pop-blues-jazz-marly-prates-brilha-no-casablanca\\\/\"]}]},{\"@type\":\"ImageObject\",\"inLanguage\":\"pt-BR\",\"@id\":\"https:\\\/\\\/renatodias.online\\\/movimento\\\/2019\\\/08\\\/14\\\/rock-pop-blues-jazz-marly-prates-brilha-no-casablanca\\\/#primaryimage\",\"url\":\"\",\"contentUrl\":\"\"},{\"@type\":\"BreadcrumbList\",\"@id\":\"https:\\\/\\\/renatodias.online\\\/movimento\\\/2019\\\/08\\\/14\\\/rock-pop-blues-jazz-marly-prates-brilha-no-casablanca\\\/#breadcrumb\",\"itemListElement\":[{\"@type\":\"ListItem\",\"position\":1,\"name\":\"In\u00edcio\",\"item\":\"https:\\\/\\\/renatodias.online\\\/movimento\\\/\"},{\"@type\":\"ListItem\",\"position\":2,\"name\":\"Rock, pop, blues, jazz Marly Prates brilha no Casablanca\"}]},{\"@type\":\"WebSite\",\"@id\":\"https:\\\/\\\/renatodias.online\\\/movimento\\\/#website\",\"url\":\"https:\\\/\\\/renatodias.online\\\/movimento\\\/\",\"name\":\"\",\"description\":\"\",\"publisher\":{\"@id\":\"https:\\\/\\\/renatodias.online\\\/movimento\\\/#\\\/schema\\\/person\\\/bbab28833b1725a20f4083f49f1fb2a9\"},\"potentialAction\":[{\"@type\":\"SearchAction\",\"target\":{\"@type\":\"EntryPoint\",\"urlTemplate\":\"https:\\\/\\\/renatodias.online\\\/movimento\\\/?s={search_term_string}\"},\"query-input\":{\"@type\":\"PropertyValueSpecification\",\"valueRequired\":true,\"valueName\":\"search_term_string\"}}],\"inLanguage\":\"pt-BR\"},{\"@type\":[\"Person\",\"Organization\"],\"@id\":\"https:\\\/\\\/renatodias.online\\\/movimento\\\/#\\\/schema\\\/person\\\/bbab28833b1725a20f4083f49f1fb2a9\",\"name\":\"Renato Dias\",\"image\":{\"@type\":\"ImageObject\",\"inLanguage\":\"pt-BR\",\"@id\":\"https:\\\/\\\/renatodias.online\\\/movimento\\\/wp-content\\\/uploads\\\/2023\\\/03\\\/cropped-cropped-cropped-logofinal.jpeg\",\"url\":\"https:\\\/\\\/renatodias.online\\\/movimento\\\/wp-content\\\/uploads\\\/2023\\\/03\\\/cropped-cropped-cropped-logofinal.jpeg\",\"contentUrl\":\"https:\\\/\\\/renatodias.online\\\/movimento\\\/wp-content\\\/uploads\\\/2023\\\/03\\\/cropped-cropped-cropped-logofinal.jpeg\",\"width\":1280,\"height\":219,\"caption\":\"Renato Dias\"},\"logo\":{\"@id\":\"https:\\\/\\\/renatodias.online\\\/movimento\\\/wp-content\\\/uploads\\\/2023\\\/03\\\/cropped-cropped-cropped-logofinal.jpeg\"},\"description\":\"Renato Dias, 58 anos, \u00e9 graduado em Jornalismo, formado em Ci\u00eancias Sociais, com p\u00f3s-gradua\u00e7\u00e3o em Pol\u00edticas P\u00fablicas, mestre em Direito e Rela\u00e7\u00f5es Internacionais, ex-aluno extraordin\u00e1rio do Doutorado em Psicologia Social, ex-estudante do Curso de Psican\u00e1lise do Centro de Estudos Psicanal\u00edticos do Estado de Goi\u00e1s, ministrado pelo m\u00e9dico psiquiatra e psicanalista Daniel Em\u00eddio de Souza. \u00c9 autor de 30 livros-reportagem, oito document\u00e1rios, ganhou 30 pr\u00eamios e \u00e9 torcedor apaixonado do maior do Centro-Oeste, o Vila Nova Futebol Clube. Casado com Meirilane Dias, \u00e9 pai de Juliana Dias, jornalista; Daniel Dias, economista; e Maria Rosa Dias, estudante antifascista, socialista e trotskista.\u00a0Com tr\u00eas pets: Porquinho [Bull Dog Franc\u00eas], Dalila [Basset Hound] e Geleia [Basset Hound]. Al\u00e9m do eterno gato Tutuquinho, que virou estrela.\",\"sameAs\":[\"https:\\\/\\\/www.facebook.com\\\/renato.dias.37\",\"#breve\",\"https:\\\/\\\/renatodias.tumblr.com\\\/\"],\"url\":\"https:\\\/\\\/renatodias.online\\\/movimento\\\/author\\\/renatodias\\\/\"}]}<\/script>\n<!-- \/ Yoast SEO plugin. -->","yoast_head_json":{"title":"Rock, pop, blues, jazz Marly Prates brilha no Casablanca -","robots":{"index":"index","follow":"follow","max-snippet":"max-snippet:-1","max-image-preview":"max-image-preview:large","max-video-preview":"max-video-preview:-1"},"canonical":"https:\/\/renatodias.online\/movimento\/2019\/08\/14\/rock-pop-blues-jazz-marly-prates-brilha-no-casablanca\/","og_locale":"pt_BR","og_type":"article","og_title":"Rock, pop, blues, jazz Marly Prates brilha no Casablanca -","og_description":"Rock, pop, blues, jazz Marly Prates brilha no Casablanca Int\u00e9rprete inventiva, multifacetada, integrante da vanguarda est\u00e9tica de Goi\u00e2nia, \u00e9 dona de uma voz aveludada: a convidada especial do projeto cult \u2018Casablanca Sess\u00e3o Seis e Meia\u2019 Renato Dias A int\u00e9rprete inventiva, multifacetada, integrante da vanguarda est\u00e9tica de Goi\u00e2nia, Marly Prates, propriet\u00e1ria de uma voz aveludada, \u00e9","og_url":"https:\/\/renatodias.online\/movimento\/2019\/08\/14\/rock-pop-blues-jazz-marly-prates-brilha-no-casablanca\/","article_publisher":"https:\/\/www.facebook.com\/renato.dias.37","article_author":"https:\/\/www.facebook.com\/renato.dias.37","article_published_time":"2019-08-15T00:59:54+00:00","author":"Renato Dias","twitter_card":"summary_large_image","twitter_creator":"@RenatoDiasBat","twitter_site":"@RenatoDiasBat","twitter_misc":{"Escrito por":"Renato Dias","Est. tempo de leitura":"1 minuto"},"schema":{"@context":"https:\/\/schema.org","@graph":[{"@type":"Article","@id":"https:\/\/renatodias.online\/movimento\/2019\/08\/14\/rock-pop-blues-jazz-marly-prates-brilha-no-casablanca\/#article","isPartOf":{"@id":"https:\/\/renatodias.online\/movimento\/2019\/08\/14\/rock-pop-blues-jazz-marly-prates-brilha-no-casablanca\/"},"author":{"name":"Renato Dias","@id":"https:\/\/renatodias.online\/movimento\/#\/schema\/person\/bbab28833b1725a20f4083f49f1fb2a9"},"headline":"Rock, pop, blues, jazz Marly Prates brilha no Casablanca","datePublished":"2019-08-15T00:59:54+00:00","mainEntityOfPage":{"@id":"https:\/\/renatodias.online\/movimento\/2019\/08\/14\/rock-pop-blues-jazz-marly-prates-brilha-no-casablanca\/"},"wordCount":221,"commentCount":0,"publisher":{"@id":"https:\/\/renatodias.online\/movimento\/#\/schema\/person\/bbab28833b1725a20f4083f49f1fb2a9"},"image":{"@id":"https:\/\/renatodias.online\/movimento\/2019\/08\/14\/rock-pop-blues-jazz-marly-prates-brilha-no-casablanca\/#primaryimage"},"thumbnailUrl":"","articleSection":["Arte","Bares","Shows"],"inLanguage":"pt-BR","potentialAction":[{"@type":"CommentAction","name":"Comment","target":["https:\/\/renatodias.online\/movimento\/2019\/08\/14\/rock-pop-blues-jazz-marly-prates-brilha-no-casablanca\/#respond"]}]},{"@type":"WebPage","@id":"https:\/\/renatodias.online\/movimento\/2019\/08\/14\/rock-pop-blues-jazz-marly-prates-brilha-no-casablanca\/","url":"https:\/\/renatodias.online\/movimento\/2019\/08\/14\/rock-pop-blues-jazz-marly-prates-brilha-no-casablanca\/","name":"Rock, pop, blues, jazz Marly Prates brilha no Casablanca -","isPartOf":{"@id":"https:\/\/renatodias.online\/movimento\/#website"},"primaryImageOfPage":{"@id":"https:\/\/renatodias.online\/movimento\/2019\/08\/14\/rock-pop-blues-jazz-marly-prates-brilha-no-casablanca\/#primaryimage"},"image":{"@id":"https:\/\/renatodias.online\/movimento\/2019\/08\/14\/rock-pop-blues-jazz-marly-prates-brilha-no-casablanca\/#primaryimage"},"thumbnailUrl":"","datePublished":"2019-08-15T00:59:54+00:00","breadcrumb":{"@id":"https:\/\/renatodias.online\/movimento\/2019\/08\/14\/rock-pop-blues-jazz-marly-prates-brilha-no-casablanca\/#breadcrumb"},"inLanguage":"pt-BR","potentialAction":[{"@type":"ReadAction","target":["https:\/\/renatodias.online\/movimento\/2019\/08\/14\/rock-pop-blues-jazz-marly-prates-brilha-no-casablanca\/"]}]},{"@type":"ImageObject","inLanguage":"pt-BR","@id":"https:\/\/renatodias.online\/movimento\/2019\/08\/14\/rock-pop-blues-jazz-marly-prates-brilha-no-casablanca\/#primaryimage","url":"","contentUrl":""},{"@type":"BreadcrumbList","@id":"https:\/\/renatodias.online\/movimento\/2019\/08\/14\/rock-pop-blues-jazz-marly-prates-brilha-no-casablanca\/#breadcrumb","itemListElement":[{"@type":"ListItem","position":1,"name":"In\u00edcio","item":"https:\/\/renatodias.online\/movimento\/"},{"@type":"ListItem","position":2,"name":"Rock, pop, blues, jazz Marly Prates brilha no Casablanca"}]},{"@type":"WebSite","@id":"https:\/\/renatodias.online\/movimento\/#website","url":"https:\/\/renatodias.online\/movimento\/","name":"","description":"","publisher":{"@id":"https:\/\/renatodias.online\/movimento\/#\/schema\/person\/bbab28833b1725a20f4083f49f1fb2a9"},"potentialAction":[{"@type":"SearchAction","target":{"@type":"EntryPoint","urlTemplate":"https:\/\/renatodias.online\/movimento\/?s={search_term_string}"},"query-input":{"@type":"PropertyValueSpecification","valueRequired":true,"valueName":"search_term_string"}}],"inLanguage":"pt-BR"},{"@type":["Person","Organization"],"@id":"https:\/\/renatodias.online\/movimento\/#\/schema\/person\/bbab28833b1725a20f4083f49f1fb2a9","name":"Renato Dias","image":{"@type":"ImageObject","inLanguage":"pt-BR","@id":"https:\/\/renatodias.online\/movimento\/wp-content\/uploads\/2023\/03\/cropped-cropped-cropped-logofinal.jpeg","url":"https:\/\/renatodias.online\/movimento\/wp-content\/uploads\/2023\/03\/cropped-cropped-cropped-logofinal.jpeg","contentUrl":"https:\/\/renatodias.online\/movimento\/wp-content\/uploads\/2023\/03\/cropped-cropped-cropped-logofinal.jpeg","width":1280,"height":219,"caption":"Renato Dias"},"logo":{"@id":"https:\/\/renatodias.online\/movimento\/wp-content\/uploads\/2023\/03\/cropped-cropped-cropped-logofinal.jpeg"},"description":"Renato Dias, 58 anos, \u00e9 graduado em Jornalismo, formado em Ci\u00eancias Sociais, com p\u00f3s-gradua\u00e7\u00e3o em Pol\u00edticas P\u00fablicas, mestre em Direito e Rela\u00e7\u00f5es Internacionais, ex-aluno extraordin\u00e1rio do Doutorado em Psicologia Social, ex-estudante do Curso de Psican\u00e1lise do Centro de Estudos Psicanal\u00edticos do Estado de Goi\u00e1s, ministrado pelo m\u00e9dico psiquiatra e psicanalista Daniel Em\u00eddio de Souza. \u00c9 autor de 30 livros-reportagem, oito document\u00e1rios, ganhou 30 pr\u00eamios e \u00e9 torcedor apaixonado do maior do Centro-Oeste, o Vila Nova Futebol Clube. Casado com Meirilane Dias, \u00e9 pai de Juliana Dias, jornalista; Daniel Dias, economista; e Maria Rosa Dias, estudante antifascista, socialista e trotskista.\u00a0Com tr\u00eas pets: Porquinho [Bull Dog Franc\u00eas], Dalila [Basset Hound] e Geleia [Basset Hound]. Al\u00e9m do eterno gato Tutuquinho, que virou estrela.","sameAs":["https:\/\/www.facebook.com\/renato.dias.37","#breve","https:\/\/renatodias.tumblr.com\/"],"url":"https:\/\/renatodias.online\/movimento\/author\/renatodias\/"}]}},"_links":{"self":[{"href":"https:\/\/renatodias.online\/movimento\/wp-json\/wp\/v2\/posts\/1613","targetHints":{"allow":["GET"]}}],"collection":[{"href":"https:\/\/renatodias.online\/movimento\/wp-json\/wp\/v2\/posts"}],"about":[{"href":"https:\/\/renatodias.online\/movimento\/wp-json\/wp\/v2\/types\/post"}],"author":[{"embeddable":true,"href":"https:\/\/renatodias.online\/movimento\/wp-json\/wp\/v2\/users\/2"}],"replies":[{"embeddable":true,"href":"https:\/\/renatodias.online\/movimento\/wp-json\/wp\/v2\/comments?post=1613"}],"version-history":[{"count":0,"href":"https:\/\/renatodias.online\/movimento\/wp-json\/wp\/v2\/posts\/1613\/revisions"}],"wp:featuredmedia":[{"embeddable":true,"href":"https:\/\/renatodias.online\/movimento\/wp-json\/"}],"wp:attachment":[{"href":"https:\/\/renatodias.online\/movimento\/wp-json\/wp\/v2\/media?parent=1613"}],"wp:term":[{"taxonomy":"category","embeddable":true,"href":"https:\/\/renatodias.online\/movimento\/wp-json\/wp\/v2\/categories?post=1613"},{"taxonomy":"post_tag","embeddable":true,"href":"https:\/\/renatodias.online\/movimento\/wp-json\/wp\/v2\/tags?post=1613"}],"curies":[{"name":"wp","href":"https:\/\/api.w.org\/{rel}","templated":true}]}}