{"id":1600,"date":"2019-08-12T20:01:54","date_gmt":"2019-08-12T23:01:54","guid":{"rendered":"http:\/\/renatodias.online\/gyn\/?p=1600"},"modified":"2019-08-12T20:01:54","modified_gmt":"2019-08-12T23:01:54","slug":"ped-e-manifestacao-esquerda-do-pt-mobiliza-se-hoje-as-15h-para-um-ato-pela-educacao","status":"publish","type":"post","link":"https:\/\/renatodias.online\/movimento\/2019\/08\/12\/ped-e-manifestacao-esquerda-do-pt-mobiliza-se-hoje-as-15h-para-um-ato-pela-educacao\/","title":{"rendered":"PED e Manifesta\u00e7\u00e3o \u2018Esquerda do PT\u2019 mobiliza-se, hoje, \u00e0s 15h, para um ato pela Educa\u00e7\u00e3o"},"content":{"rendered":"<p><strong>PED e Manifesta\u00e7\u00e3o<\/strong><\/p>\n<p><strong>\u2018<\/strong><strong>Esquerda do PT<\/strong><strong>\u2019 <\/strong><strong>mobiliza-se, hoje,<\/strong><\/p>\n<p><strong>\u00e0s 15h, para um ato pela Educa\u00e7\u00e3o<\/strong><\/p>\n<p><strong>Di\u00e1logo e A\u00e7\u00e3o Petista monta chapas nacional, estadual, municipal e zonais com plataforma republicana, n\u00e3o patrimonialista e de defesa da liberta\u00e7\u00e3o de Luiz In\u00e1cio Lula da Silva [PT]<\/strong><\/p>\n<\/p>\n<figure id=\"attachment_1594\" aria-describedby=\"caption-attachment-1594\" style=\"width: 750px\" class=\"wp-caption aligncenter\"><img loading=\"lazy\" decoding=\"async\" src=\"https:\/\/renatodias.online\/wp-content\/uploads\/2019\/08\/WhatsApp-Image-2019-08-11-at-17.56.16-1-768x1024.jpeg\" alt=\"\" width=\"750\" height=\"1000\" class=\"wp-image-1594 size-large\" \/><figcaption id=\"caption-attachment-1594\" class=\"wp-caption-text\">Ana Carola<\/figcaption><\/figure>\n<p><strong>\u00a0<\/strong><\/p>\n<p><strong>Janelas<\/strong><\/p>\n<p><strong>\u2018Com um programa de defesa da liberta\u00e7\u00e3o imediata de Luiz In\u00e1cio Lula da Silva, preso em Curitiba, de forma ilegal, sem provas robustas, baseadas em convic\u00e7\u00f5es e em uma suposta tabelinha, como apontam os vazamentos do The Intercept<\/strong><\/p>\n<p><strong>Humberto Cl\u00edmaco<\/strong><\/p>\n<p><strong>\u00a0<\/strong><\/p>\n<p><strong>\u2018DAP, tend\u00eancia in\u00adter\u00adna do PT, re\u00fane os seus militantes nesta ter\u00e7a-feira, 13 de agosto de 2019, 15h, na Pra\u00e7a Universit\u00e1ria<\/strong><\/p>\n<p><strong>Thelma Gomes<\/strong><\/p>\n<p><strong>\u00a0<\/strong><\/p>\n<p><strong>\u2018A elei\u00e7\u00e3o de 2018, sem Luiz In\u00e1cio Lula da Silva, foi uma fraude<\/strong><\/p>\n<p><strong>Ana Carola<\/strong><\/p>\n<p><strong>\u00a0<\/strong><\/p>\n<p><strong>\u2018Contra a reforma da Previd\u00eancia<\/strong><\/p>\n<p><strong>Luiz Carvalho<\/strong><\/p>\n<p><strong>\u00a0<\/strong><\/p>\n<p><strong>Renato Dias<\/strong><\/p>\n<\/p>\n<p>Com uma plataforma socialista e democr\u00e1tica, o \u2018Di\u00e1logo e A\u00e7\u00e3o Petista [DAP]\u2019, \u00a0tend\u00eancia in\u00adter\u00adna do PT, mobiliza os seus militantes para a manifesta\u00e7\u00e3o programada para hoje, 13 de agosto de 2019, a partir de 15h. \u00c9 o \u2018Tsunami da Educa\u00e7\u00e3o\u2019. Com con\u00adcen\u00ad\u00adtra\u00e7\u00e3o estabelecida \u00a0na Pra\u00e7a Universit\u00e1ria. Em Goi\u00e2nia. Capital do Estado de Goi\u00e1s. Estudantes, professores, traba\u00adlha\u00addores, sem terras, sem teto, \u00edndios, quilombolas, homens, mulheres, brancos, negros, LGBTs participam do ato. Com previs\u00e3o de paralisa\u00e7\u00e3o em 80 cidades do Pa\u00eds. Contra o contingenciamento e a Reforma da Previd\u00eancia, hoje em tramita\u00e7\u00e3o no Senado. Os ativistas se preparam tamb\u00e9m para o PED. Processo de Elei\u00e7\u00f5es Di\u00adretas. Nas inst\u00e2ncias org\u00e2nicas do PT. A sigla foi fundada em 10 de fevereiro do ano de 1980, no Col\u00e9gio Sion, em S\u00e3o Paulo [SP].<\/p>\n<figure id=\"attachment_1596\" aria-describedby=\"caption-attachment-1596\" style=\"width: 219px\" class=\"wp-caption aligncenter\"><img loading=\"lazy\" decoding=\"async\" src=\"https:\/\/renatodias.online\/wp-content\/uploads\/2019\/08\/WhatsApp-Image-2019-08-11-at-17.56.17.jpeg\" alt=\"\" width=\"219\" height=\"230\" class=\"wp-image-1596 size-full\" \/><figcaption id=\"caption-attachment-1596\" class=\"wp-caption-text\">Humberto Cl\u00edmaco<\/figcaption><\/figure>\n<p><strong>&#8211; Por sindicalistas, egressos da luta armada e pac\u00edfica contra a ditadura, setores progressistas da Igreja Cat\u00f3lica e militantes do movimento popular, da cidade e do campo.<\/strong><\/p>\n<p><strong>Duas candidaturas<\/strong><\/p>\n<p>A estudante de Ci\u00eancias Sociais e designer gr\u00e1fico, Ana Carola, \u00e9 a candidata escolhida pela ala mais \u00e0 esquerda da sigla para disputar a presid\u00eancia do PT. Em Goi\u00e2nia. Com um programa de defesa da liberta\u00e7\u00e3o imediata de Luiz In\u00e1cio Lula da Silva. O ex-oper\u00e1rio metal\u00fargico est\u00e1 pre\u00adso em Curitiba. Condenado em primeira inst\u00e2ncia pelo ent\u00e3o magistrado S\u00e9rgio Moro. Atual ministro da Justi\u00e7a e da Seguran\u00e7a P\u00fablica. Depois, em segunda inst\u00e2ncia, pelo TRF-4. De Porto Alegre. De forma ilegal. Sem provas robustas. Baseadas em \u2018convic\u00e7\u00f5es\u2019. Da PF e do MP Fede\u00adral. Como revela a suposta tabelinha entre S\u00e9rgio Moro e Deltan D\u2019Allagnol.\u00a0 Vazada pelo The Intercept, Veja, UOL e El Pa\u00eds. Mais: contra a Reforma da Previd\u00eancia e por direitos econ\u00f4micos<\/p>\n<figure id=\"attachment_1595\" aria-describedby=\"caption-attachment-1595\" style=\"width: 225px\" class=\"wp-caption aligncenter\"><img loading=\"lazy\" decoding=\"async\" src=\"https:\/\/renatodias.online\/wp-content\/uploads\/2019\/08\/WhatsApp-Image-2019-08-11-at-17.56.16-225x300.jpeg\" alt=\"\" width=\"225\" height=\"300\" class=\"wp-image-1595 size-medium\" \/><figcaption id=\"caption-attachment-1595\" class=\"wp-caption-text\">Thelma Gomes<\/figcaption><\/figure>\n<p><strong>&#8211; Dos trabalhadores da cidade e do campo. Assim como dos aposentados. <\/strong><\/p>\n<p><strong>Elei\u00e7\u00f5es internas<\/strong><\/p>\n<p>O \u2018Di\u00e1logo e A\u00e7\u00e3o Petista\u2019 lan\u00e7ar\u00e1 para a presid\u00eancia do PT, em Goi\u00e1s, para concorrer, voto a voto, com a professora K\u00e1tia Maria, da fac\u00e7\u00e3o PT Pra Vencer, e Ant\u00f4nio Gomide, deputado estadual e ex-prefeito de An\u00e1polis, uma dissid\u00eancia da fra\u00e7\u00e3o PT Pra Vencer, o professor da Universidade Federal de Goi\u00e1s, unidade de Catal\u00e3o, Luiz Carvalho. A extrema-esquerda do PT denuncia o golpe de 2016. Um impeachment sem crime de responsabilidade. \u00a0De Dilma Vana Rousseff. Ex &#8211; guerrilheira da VAR &#8211; Palmares. Presa e torturada \u00e0 \u00e9poca da ditadura ci\u00advil e mi\u00adlitar. O que permitiu a ascens\u00e3o de Michel Temer, a aprova\u00e7\u00e3o da agenda neoliberal, a Refor\u00adma Trabalhista e o in\u00edcio do processo de privatiza\u00e7\u00e3o selvagem. Como nos tempos da \u2018Priva\u00adtaria Tucana\u2019. Al\u00e9m da elei\u00e7\u00e3o, fundada em \u2018Fake News\u2019, do capit\u00e3o Jair Messias Bolsonaro.<\/p>\n<p><strong>&#8211; A elei\u00e7\u00e3o de 2018, sem Luiz In\u00e1cio Lula da Silva, foi uma fraude. <\/strong>[\u00c9 o que diz Humberto Cl\u00edmaco]<\/p>\n<\/p><\/p>\n","protected":false},"excerpt":{"rendered":"<p>PED e Manifesta\u00e7\u00e3o \u2018Esquerda do PT\u2019 mobiliza-se, hoje, \u00e0s 15h, para um ato pela Educa\u00e7\u00e3o Di\u00e1logo e A\u00e7\u00e3o Petista monta chapas nacional, estadual, municipal e zonais com plataforma republicana, n\u00e3o patrimonialista e de defesa da liberta\u00e7\u00e3o de Luiz In\u00e1cio Lula da Silva [PT] \u00a0 Janelas \u2018Com um programa de defesa da liberta\u00e7\u00e3o imediata de Luiz<\/p>\n","protected":false},"author":2,"featured_media":1601,"comment_status":"open","ping_status":"open","sticky":false,"template":"","format":"standard","meta":{"_acf_changed":false,"_monsterinsights_skip_tracking":false,"_monsterinsights_sitenote_active":false,"_monsterinsights_sitenote_note":"","_monsterinsights_sitenote_category":0,"footnotes":""},"categories":[4],"tags":[],"class_list":["post-1600","post","type-post","status-publish","format-standard","has-post-thumbnail","hentry","category-politica"],"acf":[],"yoast_head":"<!-- This site is optimized with the Yoast SEO plugin v27.4 - https:\/\/yoast.com\/product\/yoast-seo-wordpress\/ -->\n<title>PED e Manifesta\u00e7\u00e3o \u2018Esquerda do PT\u2019 mobiliza-se, hoje, \u00e0s 15h, para um ato pela Educa\u00e7\u00e3o -<\/title>\n<meta name=\"robots\" content=\"index, follow, max-snippet:-1, max-image-preview:large, max-video-preview:-1\" \/>\n<link rel=\"canonical\" href=\"https:\/\/renatodias.online\/movimento\/2019\/08\/12\/ped-e-manifestacao-esquerda-do-pt-mobiliza-se-hoje-as-15h-para-um-ato-pela-educacao\/\" \/>\n<meta property=\"og:locale\" content=\"pt_BR\" \/>\n<meta property=\"og:type\" content=\"article\" \/>\n<meta property=\"og:title\" content=\"PED e Manifesta\u00e7\u00e3o \u2018Esquerda do PT\u2019 mobiliza-se, hoje, \u00e0s 15h, para um ato pela Educa\u00e7\u00e3o -\" \/>\n<meta property=\"og:description\" content=\"PED e Manifesta\u00e7\u00e3o \u2018Esquerda do PT\u2019 mobiliza-se, hoje, \u00e0s 15h, para um ato pela Educa\u00e7\u00e3o Di\u00e1logo e A\u00e7\u00e3o Petista monta chapas nacional, estadual, municipal e zonais com plataforma republicana, n\u00e3o patrimonialista e de defesa da liberta\u00e7\u00e3o de Luiz In\u00e1cio Lula da Silva [PT] \u00a0 Janelas \u2018Com um programa de defesa da liberta\u00e7\u00e3o imediata de Luiz\" \/>\n<meta property=\"og:url\" content=\"https:\/\/renatodias.online\/movimento\/2019\/08\/12\/ped-e-manifestacao-esquerda-do-pt-mobiliza-se-hoje-as-15h-para-um-ato-pela-educacao\/\" \/>\n<meta property=\"article:publisher\" content=\"https:\/\/www.facebook.com\/renato.dias.37\" \/>\n<meta property=\"article:author\" content=\"https:\/\/www.facebook.com\/renato.dias.37\" \/>\n<meta property=\"article:published_time\" content=\"2019-08-12T23:01:54+00:00\" \/>\n<meta name=\"author\" content=\"Renato Dias\" \/>\n<meta name=\"twitter:card\" content=\"summary_large_image\" \/>\n<meta name=\"twitter:creator\" content=\"@RenatoDiasBat\" \/>\n<meta name=\"twitter:site\" content=\"@RenatoDiasBat\" \/>\n<meta name=\"twitter:label1\" content=\"Escrito por\" \/>\n\t<meta name=\"twitter:data1\" content=\"Renato Dias\" \/>\n\t<meta name=\"twitter:label2\" content=\"Est. tempo de leitura\" \/>\n\t<meta name=\"twitter:data2\" content=\"3 minutos\" \/>\n<script type=\"application\/ld+json\" class=\"yoast-schema-graph\">{\"@context\":\"https:\\\/\\\/schema.org\",\"@graph\":[{\"@type\":\"Article\",\"@id\":\"https:\\\/\\\/renatodias.online\\\/movimento\\\/2019\\\/08\\\/12\\\/ped-e-manifestacao-esquerda-do-pt-mobiliza-se-hoje-as-15h-para-um-ato-pela-educacao\\\/#article\",\"isPartOf\":{\"@id\":\"https:\\\/\\\/renatodias.online\\\/movimento\\\/2019\\\/08\\\/12\\\/ped-e-manifestacao-esquerda-do-pt-mobiliza-se-hoje-as-15h-para-um-ato-pela-educacao\\\/\"},\"author\":{\"name\":\"Renato Dias\",\"@id\":\"https:\\\/\\\/renatodias.online\\\/movimento\\\/#\\\/schema\\\/person\\\/bbab28833b1725a20f4083f49f1fb2a9\"},\"headline\":\"PED e Manifesta\u00e7\u00e3o \u2018Esquerda do PT\u2019 mobiliza-se, hoje, \u00e0s 15h, para um ato pela Educa\u00e7\u00e3o\",\"datePublished\":\"2019-08-12T23:01:54+00:00\",\"mainEntityOfPage\":{\"@id\":\"https:\\\/\\\/renatodias.online\\\/movimento\\\/2019\\\/08\\\/12\\\/ped-e-manifestacao-esquerda-do-pt-mobiliza-se-hoje-as-15h-para-um-ato-pela-educacao\\\/\"},\"wordCount\":709,\"commentCount\":0,\"publisher\":{\"@id\":\"https:\\\/\\\/renatodias.online\\\/movimento\\\/#\\\/schema\\\/person\\\/bbab28833b1725a20f4083f49f1fb2a9\"},\"image\":{\"@id\":\"https:\\\/\\\/renatodias.online\\\/movimento\\\/2019\\\/08\\\/12\\\/ped-e-manifestacao-esquerda-do-pt-mobiliza-se-hoje-as-15h-para-um-ato-pela-educacao\\\/#primaryimage\"},\"thumbnailUrl\":\"\",\"articleSection\":[\"Pol\u00edtica\"],\"inLanguage\":\"pt-BR\",\"potentialAction\":[{\"@type\":\"CommentAction\",\"name\":\"Comment\",\"target\":[\"https:\\\/\\\/renatodias.online\\\/movimento\\\/2019\\\/08\\\/12\\\/ped-e-manifestacao-esquerda-do-pt-mobiliza-se-hoje-as-15h-para-um-ato-pela-educacao\\\/#respond\"]}]},{\"@type\":\"WebPage\",\"@id\":\"https:\\\/\\\/renatodias.online\\\/movimento\\\/2019\\\/08\\\/12\\\/ped-e-manifestacao-esquerda-do-pt-mobiliza-se-hoje-as-15h-para-um-ato-pela-educacao\\\/\",\"url\":\"https:\\\/\\\/renatodias.online\\\/movimento\\\/2019\\\/08\\\/12\\\/ped-e-manifestacao-esquerda-do-pt-mobiliza-se-hoje-as-15h-para-um-ato-pela-educacao\\\/\",\"name\":\"PED e Manifesta\u00e7\u00e3o \u2018Esquerda do PT\u2019 mobiliza-se, hoje, \u00e0s 15h, para um ato pela Educa\u00e7\u00e3o -\",\"isPartOf\":{\"@id\":\"https:\\\/\\\/renatodias.online\\\/movimento\\\/#website\"},\"primaryImageOfPage\":{\"@id\":\"https:\\\/\\\/renatodias.online\\\/movimento\\\/2019\\\/08\\\/12\\\/ped-e-manifestacao-esquerda-do-pt-mobiliza-se-hoje-as-15h-para-um-ato-pela-educacao\\\/#primaryimage\"},\"image\":{\"@id\":\"https:\\\/\\\/renatodias.online\\\/movimento\\\/2019\\\/08\\\/12\\\/ped-e-manifestacao-esquerda-do-pt-mobiliza-se-hoje-as-15h-para-um-ato-pela-educacao\\\/#primaryimage\"},\"thumbnailUrl\":\"\",\"datePublished\":\"2019-08-12T23:01:54+00:00\",\"breadcrumb\":{\"@id\":\"https:\\\/\\\/renatodias.online\\\/movimento\\\/2019\\\/08\\\/12\\\/ped-e-manifestacao-esquerda-do-pt-mobiliza-se-hoje-as-15h-para-um-ato-pela-educacao\\\/#breadcrumb\"},\"inLanguage\":\"pt-BR\",\"potentialAction\":[{\"@type\":\"ReadAction\",\"target\":[\"https:\\\/\\\/renatodias.online\\\/movimento\\\/2019\\\/08\\\/12\\\/ped-e-manifestacao-esquerda-do-pt-mobiliza-se-hoje-as-15h-para-um-ato-pela-educacao\\\/\"]}]},{\"@type\":\"ImageObject\",\"inLanguage\":\"pt-BR\",\"@id\":\"https:\\\/\\\/renatodias.online\\\/movimento\\\/2019\\\/08\\\/12\\\/ped-e-manifestacao-esquerda-do-pt-mobiliza-se-hoje-as-15h-para-um-ato-pela-educacao\\\/#primaryimage\",\"url\":\"\",\"contentUrl\":\"\"},{\"@type\":\"BreadcrumbList\",\"@id\":\"https:\\\/\\\/renatodias.online\\\/movimento\\\/2019\\\/08\\\/12\\\/ped-e-manifestacao-esquerda-do-pt-mobiliza-se-hoje-as-15h-para-um-ato-pela-educacao\\\/#breadcrumb\",\"itemListElement\":[{\"@type\":\"ListItem\",\"position\":1,\"name\":\"In\u00edcio\",\"item\":\"https:\\\/\\\/renatodias.online\\\/movimento\\\/\"},{\"@type\":\"ListItem\",\"position\":2,\"name\":\"PED e Manifesta\u00e7\u00e3o \u2018Esquerda do PT\u2019 mobiliza-se, hoje, \u00e0s 15h, para um ato pela Educa\u00e7\u00e3o\"}]},{\"@type\":\"WebSite\",\"@id\":\"https:\\\/\\\/renatodias.online\\\/movimento\\\/#website\",\"url\":\"https:\\\/\\\/renatodias.online\\\/movimento\\\/\",\"name\":\"\",\"description\":\"\",\"publisher\":{\"@id\":\"https:\\\/\\\/renatodias.online\\\/movimento\\\/#\\\/schema\\\/person\\\/bbab28833b1725a20f4083f49f1fb2a9\"},\"potentialAction\":[{\"@type\":\"SearchAction\",\"target\":{\"@type\":\"EntryPoint\",\"urlTemplate\":\"https:\\\/\\\/renatodias.online\\\/movimento\\\/?s={search_term_string}\"},\"query-input\":{\"@type\":\"PropertyValueSpecification\",\"valueRequired\":true,\"valueName\":\"search_term_string\"}}],\"inLanguage\":\"pt-BR\"},{\"@type\":[\"Person\",\"Organization\"],\"@id\":\"https:\\\/\\\/renatodias.online\\\/movimento\\\/#\\\/schema\\\/person\\\/bbab28833b1725a20f4083f49f1fb2a9\",\"name\":\"Renato Dias\",\"image\":{\"@type\":\"ImageObject\",\"inLanguage\":\"pt-BR\",\"@id\":\"https:\\\/\\\/renatodias.online\\\/movimento\\\/wp-content\\\/uploads\\\/2023\\\/03\\\/cropped-cropped-cropped-logofinal.jpeg\",\"url\":\"https:\\\/\\\/renatodias.online\\\/movimento\\\/wp-content\\\/uploads\\\/2023\\\/03\\\/cropped-cropped-cropped-logofinal.jpeg\",\"contentUrl\":\"https:\\\/\\\/renatodias.online\\\/movimento\\\/wp-content\\\/uploads\\\/2023\\\/03\\\/cropped-cropped-cropped-logofinal.jpeg\",\"width\":1280,\"height\":219,\"caption\":\"Renato Dias\"},\"logo\":{\"@id\":\"https:\\\/\\\/renatodias.online\\\/movimento\\\/wp-content\\\/uploads\\\/2023\\\/03\\\/cropped-cropped-cropped-logofinal.jpeg\"},\"description\":\"Renato Dias, 58 anos, \u00e9 graduado em Jornalismo, formado em Ci\u00eancias Sociais, com p\u00f3s-gradua\u00e7\u00e3o em Pol\u00edticas P\u00fablicas, mestre em Direito e Rela\u00e7\u00f5es Internacionais, ex-aluno extraordin\u00e1rio do Doutorado em Psicologia Social, ex-estudante do Curso de Psican\u00e1lise do Centro de Estudos Psicanal\u00edticos do Estado de Goi\u00e1s, ministrado pelo m\u00e9dico psiquiatra e psicanalista Daniel Em\u00eddio de Souza. \u00c9 autor de 30 livros-reportagem, oito document\u00e1rios, ganhou 30 pr\u00eamios e \u00e9 torcedor apaixonado do maior do Centro-Oeste, o Vila Nova Futebol Clube. Casado com Meirilane Dias, \u00e9 pai de Juliana Dias, jornalista; Daniel Dias, economista; e Maria Rosa Dias, estudante antifascista, socialista e trotskista.\u00a0Com tr\u00eas pets: Porquinho [Bull Dog Franc\u00eas], Dalila [Basset Hound] e Geleia [Basset Hound]. Al\u00e9m do eterno gato Tutuquinho, que virou estrela.\",\"sameAs\":[\"https:\\\/\\\/www.facebook.com\\\/renato.dias.37\",\"#breve\",\"https:\\\/\\\/renatodias.tumblr.com\\\/\"],\"url\":\"https:\\\/\\\/renatodias.online\\\/movimento\\\/author\\\/renatodias\\\/\"}]}<\/script>\n<!-- \/ Yoast SEO plugin. -->","yoast_head_json":{"title":"PED e Manifesta\u00e7\u00e3o \u2018Esquerda do PT\u2019 mobiliza-se, hoje, \u00e0s 15h, para um ato pela Educa\u00e7\u00e3o -","robots":{"index":"index","follow":"follow","max-snippet":"max-snippet:-1","max-image-preview":"max-image-preview:large","max-video-preview":"max-video-preview:-1"},"canonical":"https:\/\/renatodias.online\/movimento\/2019\/08\/12\/ped-e-manifestacao-esquerda-do-pt-mobiliza-se-hoje-as-15h-para-um-ato-pela-educacao\/","og_locale":"pt_BR","og_type":"article","og_title":"PED e Manifesta\u00e7\u00e3o \u2018Esquerda do PT\u2019 mobiliza-se, hoje, \u00e0s 15h, para um ato pela Educa\u00e7\u00e3o -","og_description":"PED e Manifesta\u00e7\u00e3o \u2018Esquerda do PT\u2019 mobiliza-se, hoje, \u00e0s 15h, para um ato pela Educa\u00e7\u00e3o Di\u00e1logo e A\u00e7\u00e3o Petista monta chapas nacional, estadual, municipal e zonais com plataforma republicana, n\u00e3o patrimonialista e de defesa da liberta\u00e7\u00e3o de Luiz In\u00e1cio Lula da Silva [PT] \u00a0 Janelas \u2018Com um programa de defesa da liberta\u00e7\u00e3o imediata de Luiz","og_url":"https:\/\/renatodias.online\/movimento\/2019\/08\/12\/ped-e-manifestacao-esquerda-do-pt-mobiliza-se-hoje-as-15h-para-um-ato-pela-educacao\/","article_publisher":"https:\/\/www.facebook.com\/renato.dias.37","article_author":"https:\/\/www.facebook.com\/renato.dias.37","article_published_time":"2019-08-12T23:01:54+00:00","author":"Renato Dias","twitter_card":"summary_large_image","twitter_creator":"@RenatoDiasBat","twitter_site":"@RenatoDiasBat","twitter_misc":{"Escrito por":"Renato Dias","Est. tempo de leitura":"3 minutos"},"schema":{"@context":"https:\/\/schema.org","@graph":[{"@type":"Article","@id":"https:\/\/renatodias.online\/movimento\/2019\/08\/12\/ped-e-manifestacao-esquerda-do-pt-mobiliza-se-hoje-as-15h-para-um-ato-pela-educacao\/#article","isPartOf":{"@id":"https:\/\/renatodias.online\/movimento\/2019\/08\/12\/ped-e-manifestacao-esquerda-do-pt-mobiliza-se-hoje-as-15h-para-um-ato-pela-educacao\/"},"author":{"name":"Renato Dias","@id":"https:\/\/renatodias.online\/movimento\/#\/schema\/person\/bbab28833b1725a20f4083f49f1fb2a9"},"headline":"PED e Manifesta\u00e7\u00e3o \u2018Esquerda do PT\u2019 mobiliza-se, hoje, \u00e0s 15h, para um ato pela Educa\u00e7\u00e3o","datePublished":"2019-08-12T23:01:54+00:00","mainEntityOfPage":{"@id":"https:\/\/renatodias.online\/movimento\/2019\/08\/12\/ped-e-manifestacao-esquerda-do-pt-mobiliza-se-hoje-as-15h-para-um-ato-pela-educacao\/"},"wordCount":709,"commentCount":0,"publisher":{"@id":"https:\/\/renatodias.online\/movimento\/#\/schema\/person\/bbab28833b1725a20f4083f49f1fb2a9"},"image":{"@id":"https:\/\/renatodias.online\/movimento\/2019\/08\/12\/ped-e-manifestacao-esquerda-do-pt-mobiliza-se-hoje-as-15h-para-um-ato-pela-educacao\/#primaryimage"},"thumbnailUrl":"","articleSection":["Pol\u00edtica"],"inLanguage":"pt-BR","potentialAction":[{"@type":"CommentAction","name":"Comment","target":["https:\/\/renatodias.online\/movimento\/2019\/08\/12\/ped-e-manifestacao-esquerda-do-pt-mobiliza-se-hoje-as-15h-para-um-ato-pela-educacao\/#respond"]}]},{"@type":"WebPage","@id":"https:\/\/renatodias.online\/movimento\/2019\/08\/12\/ped-e-manifestacao-esquerda-do-pt-mobiliza-se-hoje-as-15h-para-um-ato-pela-educacao\/","url":"https:\/\/renatodias.online\/movimento\/2019\/08\/12\/ped-e-manifestacao-esquerda-do-pt-mobiliza-se-hoje-as-15h-para-um-ato-pela-educacao\/","name":"PED e Manifesta\u00e7\u00e3o \u2018Esquerda do PT\u2019 mobiliza-se, hoje, \u00e0s 15h, para um ato pela Educa\u00e7\u00e3o -","isPartOf":{"@id":"https:\/\/renatodias.online\/movimento\/#website"},"primaryImageOfPage":{"@id":"https:\/\/renatodias.online\/movimento\/2019\/08\/12\/ped-e-manifestacao-esquerda-do-pt-mobiliza-se-hoje-as-15h-para-um-ato-pela-educacao\/#primaryimage"},"image":{"@id":"https:\/\/renatodias.online\/movimento\/2019\/08\/12\/ped-e-manifestacao-esquerda-do-pt-mobiliza-se-hoje-as-15h-para-um-ato-pela-educacao\/#primaryimage"},"thumbnailUrl":"","datePublished":"2019-08-12T23:01:54+00:00","breadcrumb":{"@id":"https:\/\/renatodias.online\/movimento\/2019\/08\/12\/ped-e-manifestacao-esquerda-do-pt-mobiliza-se-hoje-as-15h-para-um-ato-pela-educacao\/#breadcrumb"},"inLanguage":"pt-BR","potentialAction":[{"@type":"ReadAction","target":["https:\/\/renatodias.online\/movimento\/2019\/08\/12\/ped-e-manifestacao-esquerda-do-pt-mobiliza-se-hoje-as-15h-para-um-ato-pela-educacao\/"]}]},{"@type":"ImageObject","inLanguage":"pt-BR","@id":"https:\/\/renatodias.online\/movimento\/2019\/08\/12\/ped-e-manifestacao-esquerda-do-pt-mobiliza-se-hoje-as-15h-para-um-ato-pela-educacao\/#primaryimage","url":"","contentUrl":""},{"@type":"BreadcrumbList","@id":"https:\/\/renatodias.online\/movimento\/2019\/08\/12\/ped-e-manifestacao-esquerda-do-pt-mobiliza-se-hoje-as-15h-para-um-ato-pela-educacao\/#breadcrumb","itemListElement":[{"@type":"ListItem","position":1,"name":"In\u00edcio","item":"https:\/\/renatodias.online\/movimento\/"},{"@type":"ListItem","position":2,"name":"PED e Manifesta\u00e7\u00e3o \u2018Esquerda do PT\u2019 mobiliza-se, hoje, \u00e0s 15h, para um ato pela Educa\u00e7\u00e3o"}]},{"@type":"WebSite","@id":"https:\/\/renatodias.online\/movimento\/#website","url":"https:\/\/renatodias.online\/movimento\/","name":"","description":"","publisher":{"@id":"https:\/\/renatodias.online\/movimento\/#\/schema\/person\/bbab28833b1725a20f4083f49f1fb2a9"},"potentialAction":[{"@type":"SearchAction","target":{"@type":"EntryPoint","urlTemplate":"https:\/\/renatodias.online\/movimento\/?s={search_term_string}"},"query-input":{"@type":"PropertyValueSpecification","valueRequired":true,"valueName":"search_term_string"}}],"inLanguage":"pt-BR"},{"@type":["Person","Organization"],"@id":"https:\/\/renatodias.online\/movimento\/#\/schema\/person\/bbab28833b1725a20f4083f49f1fb2a9","name":"Renato Dias","image":{"@type":"ImageObject","inLanguage":"pt-BR","@id":"https:\/\/renatodias.online\/movimento\/wp-content\/uploads\/2023\/03\/cropped-cropped-cropped-logofinal.jpeg","url":"https:\/\/renatodias.online\/movimento\/wp-content\/uploads\/2023\/03\/cropped-cropped-cropped-logofinal.jpeg","contentUrl":"https:\/\/renatodias.online\/movimento\/wp-content\/uploads\/2023\/03\/cropped-cropped-cropped-logofinal.jpeg","width":1280,"height":219,"caption":"Renato Dias"},"logo":{"@id":"https:\/\/renatodias.online\/movimento\/wp-content\/uploads\/2023\/03\/cropped-cropped-cropped-logofinal.jpeg"},"description":"Renato Dias, 58 anos, \u00e9 graduado em Jornalismo, formado em Ci\u00eancias Sociais, com p\u00f3s-gradua\u00e7\u00e3o em Pol\u00edticas P\u00fablicas, mestre em Direito e Rela\u00e7\u00f5es Internacionais, ex-aluno extraordin\u00e1rio do Doutorado em Psicologia Social, ex-estudante do Curso de Psican\u00e1lise do Centro de Estudos Psicanal\u00edticos do Estado de Goi\u00e1s, ministrado pelo m\u00e9dico psiquiatra e psicanalista Daniel Em\u00eddio de Souza. \u00c9 autor de 30 livros-reportagem, oito document\u00e1rios, ganhou 30 pr\u00eamios e \u00e9 torcedor apaixonado do maior do Centro-Oeste, o Vila Nova Futebol Clube. Casado com Meirilane Dias, \u00e9 pai de Juliana Dias, jornalista; Daniel Dias, economista; e Maria Rosa Dias, estudante antifascista, socialista e trotskista.\u00a0Com tr\u00eas pets: Porquinho [Bull Dog Franc\u00eas], Dalila [Basset Hound] e Geleia [Basset Hound]. Al\u00e9m do eterno gato Tutuquinho, que virou estrela.","sameAs":["https:\/\/www.facebook.com\/renato.dias.37","#breve","https:\/\/renatodias.tumblr.com\/"],"url":"https:\/\/renatodias.online\/movimento\/author\/renatodias\/"}]}},"_links":{"self":[{"href":"https:\/\/renatodias.online\/movimento\/wp-json\/wp\/v2\/posts\/1600","targetHints":{"allow":["GET"]}}],"collection":[{"href":"https:\/\/renatodias.online\/movimento\/wp-json\/wp\/v2\/posts"}],"about":[{"href":"https:\/\/renatodias.online\/movimento\/wp-json\/wp\/v2\/types\/post"}],"author":[{"embeddable":true,"href":"https:\/\/renatodias.online\/movimento\/wp-json\/wp\/v2\/users\/2"}],"replies":[{"embeddable":true,"href":"https:\/\/renatodias.online\/movimento\/wp-json\/wp\/v2\/comments?post=1600"}],"version-history":[{"count":0,"href":"https:\/\/renatodias.online\/movimento\/wp-json\/wp\/v2\/posts\/1600\/revisions"}],"wp:featuredmedia":[{"embeddable":true,"href":"https:\/\/renatodias.online\/movimento\/wp-json\/"}],"wp:attachment":[{"href":"https:\/\/renatodias.online\/movimento\/wp-json\/wp\/v2\/media?parent=1600"}],"wp:term":[{"taxonomy":"category","embeddable":true,"href":"https:\/\/renatodias.online\/movimento\/wp-json\/wp\/v2\/categories?post=1600"},{"taxonomy":"post_tag","embeddable":true,"href":"https:\/\/renatodias.online\/movimento\/wp-json\/wp\/v2\/tags?post=1600"}],"curies":[{"name":"wp","href":"https:\/\/api.w.org\/{rel}","templated":true}]}}