{"id":1593,"date":"2019-08-11T18:47:54","date_gmt":"2019-08-11T21:47:54","guid":{"rendered":"http:\/\/renatodias.online\/gyn\/?p=1593"},"modified":"2019-08-11T18:47:54","modified_gmt":"2019-08-11T21:47:54","slug":"dialogo-e-acao-petista-esquerda-do-pt-reune-se-hoje18h30-para-ped-e-ato-de-amanha","status":"publish","type":"post","link":"https:\/\/renatodias.online\/movimento\/2019\/08\/11\/dialogo-e-acao-petista-esquerda-do-pt-reune-se-hoje18h30-para-ped-e-ato-de-amanha\/","title":{"rendered":"Di\u00e1logo e A\u00e7\u00e3o Petista \u2018Esquerda do PT\u2019 re\u00fane-se, hoje,18h30, para PED e ato de amanh\u00e3"},"content":{"rendered":"<p>\t\t\t\t<strong>Di\u00e1logo e A\u00e7\u00e3o Petista<\/strong><\/p>\n<p><strong>\u2018<\/strong><strong>Esquerda do PT<\/strong><strong>\u2019 <\/strong><strong>re\u00fane-se, hoje,<\/strong><\/p>\n<p><strong>18h30, para PED e ato de amanh\u00e3<\/strong><\/p>\n<p><strong>Humberto Cl\u00edmaco monta chapas nacional, estadual, municipal e zonais com uma plataforma republicana, n\u00e3o patrimonialista e de defesa da liberta\u00e7\u00e3o de Luiz In\u00e1cio Lula da Silva [PT-SP]<\/strong><\/p>\n<p><strong>\u00a0<\/strong><\/p>\n<p><strong>\u00a0<\/strong><\/p>\n<p><strong>Janelas<\/strong><\/p>\n<p><strong>\u2018Com um programa de defesa da liberta\u00e7\u00e3o imediata de Luiz In\u00e1cio Lula da Silva, preso em Curitiba, de forma ilegal, sem provas robustas, baseadas em convic\u00e7\u00f5es e em uma suposta tabelinha, como apontam os vazamentos do The Intercept<\/strong><\/p>\n<p><strong>Humberto Cl\u00edmaco<\/strong><\/p>\n<figure id=\"attachment_1596\" aria-describedby=\"caption-attachment-1596\" style=\"width: 219px\" class=\"wp-caption aligncenter\"><img loading=\"lazy\" decoding=\"async\" src=\"https:\/\/renatodias.online\/wp-content\/uploads\/2019\/08\/WhatsApp-Image-2019-08-11-at-17.56.17.jpeg\" alt=\"\" width=\"219\" height=\"230\" class=\"wp-image-1596 size-full\" \/><figcaption id=\"caption-attachment-1596\" class=\"wp-caption-text\">Humberto Cl\u00edmaco<\/figcaption><\/figure>\n<p><strong>\u2018DAP, tend\u00eancia interna do PT, tem plen\u00e1ria ampla, nesta segunda-feira, 12 de agosto de 2019, 18h30, na sede municipal<\/strong><\/p>\n<p><strong>Thelma Gomes<\/strong><\/p>\n<p><strong>\u00a0<\/strong><\/p>\n<p><strong>\u2018A elei\u00e7\u00e3o de 2018, sem Luiz In\u00e1cio Lula da Silva, foi uma fraude<\/strong><\/p>\n<p><strong>Ana Carola<\/strong><\/p>\n<p><strong>\u00a0<\/strong><\/p>\n<p><strong>\u2018Contra a reforma da Previd\u00eancia<\/strong><\/p>\n<p><strong>Luiz Carvalho<\/strong><\/p>\n<p><strong>\u00a0<\/strong><\/p>\n<p><strong>Renato Dias<\/strong><\/p>\n<p>Com uma plataforma socialista e democr\u00e1tica, o \u2018Di\u00e1logo e A\u00e7\u00e3o Petista [DAP]\u2019,\u00a0 tend\u00eancia interna do PT, tem plen\u00e1ria ampla, nesta segunda-feira, 12 de agosto de 2019, 18h30, na sede municipal, diz a professora da rede estadual de ensino, Thelma Gomes. O planejamento da manifesta\u00e7\u00e3o de ter\u00e7a-feira, amanh\u00e3, 13 de agosto, 15h, Tsunami da Educa\u00e7\u00e3o, com concentra\u00e7\u00e3o programada para a Pra\u00e7a Universit\u00e1ria, em Goi\u00e2nia, estudantes, professores, trabalhadores, sem terras, sem teto, \u00edndios, quilombolas, homens, mulheres, brancos e negros, LGBTs, faz parte da pauta. Os ativistas se preparam tamb\u00e9m para o PED. Processo de Elei\u00e7\u00f5es Diretas. Nas inst\u00e2ncias org\u00e2nicas do PT. A sigla foi fundada em 10 de fevereiro de 1980, no Sion [SP].<\/p>\n<p><img loading=\"lazy\" decoding=\"async\" src=\"https:\/\/renatodias.online\/wp-content\/uploads\/2019\/08\/WhatsApp-Image-2019-08-11-at-17.56.16.jpeg\" alt=\"\" width=\"720\" height=\"960\" class=\"aligncenter wp-image-1595 size-full\" \/><\/p>\n<p><strong>&#8211; Por sindicalistas, egressos da luta armada e pac\u00edfica contra a ditadura, setores progressistas da Igreja Cat\u00f3lica e militantes do movimento popular, da cidade e do campo.<\/strong><\/p>\n<p><strong>Socialismo &amp; revolu\u00e7\u00e3o<\/strong><\/p>\n<p>O doutor da Universidade Federal de Goi\u00e1s, membro do DAP e dirigente de \u2018O Trabalho\u2019, a se\u00e7\u00e3o brasileira da Quarta Internacional, central mundial da revolu\u00e7\u00e3o fundada por Leon Trotski ou Liev Davidovich Bronstein, nascido em 1879, em Yanovka, hoje Ucr\u00e2nia, Humberto Cl\u00edmaco, anuncia a candidatura da estudante de Ci\u00eancias Sociais, Ana Carola, mulher bela, cult &amp; radical, para a presid\u00eancia do PT, em Goi\u00e2nia. Com um programa de defesa da liberta\u00e7\u00e3o imediata de Luiz In\u00e1cio Lula da Silva, preso em Curitiba, de forma ilegal, sem provas robustas, baseadas em convic\u00e7\u00f5es e em uma suposta tabelinha, como apontam os vazamentos do The Intercept, Veja, UOL e El Pa\u00eds, contra a Reforma da Previd\u00eancia e pelos direitos econ\u00f4micos.<\/p>\n<p><img loading=\"lazy\" decoding=\"async\" src=\"https:\/\/renatodias.online\/wp-content\/uploads\/2019\/08\/WhatsApp-Image-2019-08-11-at-17.56.16-1-768x1024.jpeg\" alt=\"\" width=\"750\" height=\"1000\" class=\"aligncenter wp-image-1594 size-large\" \/><\/p>\n<p><strong>&#8211; Dos trabalhadores da cidade e do campo. Assim como dos aposentados. <\/strong><\/p>\n<p><strong>Elei\u00e7\u00f5es internas<\/strong><\/p>\n<p>O DAP lan\u00e7ar\u00e1 para a presid\u00eancia do PT, em Goi\u00e1s, para concorrer, voto a voto, com K\u00e1tia Maria, da fac\u00e7\u00e3o PT Pra Vencer, e Ant\u00f4nio Gomide, uma dissid\u00eancia do PT Pra Vencer, o professor da Universidade Federal de Goi\u00e1s, unidade de Catal\u00e3o, Luiz Carvalho. A extrema-esquerda do PT denuncia o golpe de 2016. Um impeachment, sem crime de responsabilidade.\u00a0 De Dilma Rousseff, ex-guerrilheira da VAR-Palmares, presa e torturada \u00e0 \u00e9poca da ditadura civil e militar. A ascens\u00e3o de Michel Temer, com a aprova\u00e7\u00e3o de sua agenda neoliberal e a Reforma Trabalhista e o in\u00edcio do processo de privatiza\u00e7\u00e3o selvagem. Como nos tempos da Privataria Tucana. A elei\u00e7\u00e3o, fundada em \u2018Fake News\u2019, do capit\u00e3o Jair Messias Bolsonaro, e com fraude:<\/p>\n<p><strong>&#8211; A elei\u00e7\u00e3o de 2018, sem Luiz In\u00e1cio Lula da Silva, foi uma fraude. <\/strong>[\u00c9 o que diz Ana Carola]\t\t<\/p>\n","protected":false},"excerpt":{"rendered":"<p>Di\u00e1logo e A\u00e7\u00e3o Petista \u2018Esquerda do PT\u2019 re\u00fane-se, hoje, 18h30, para PED e ato de amanh\u00e3 Humberto Cl\u00edmaco monta chapas nacional, estadual, municipal e zonais com uma plataforma republicana, n\u00e3o patrimonialista e de defesa da liberta\u00e7\u00e3o de Luiz In\u00e1cio Lula da Silva [PT-SP] \u00a0 \u00a0 Janelas \u2018Com um programa de defesa da liberta\u00e7\u00e3o imediata de<\/p>\n","protected":false},"author":2,"featured_media":1594,"comment_status":"open","ping_status":"open","sticky":false,"template":"","format":"standard","meta":{"_acf_changed":false,"_monsterinsights_skip_tracking":false,"_monsterinsights_sitenote_active":false,"_monsterinsights_sitenote_note":"","_monsterinsights_sitenote_category":0,"footnotes":""},"categories":[25,4],"tags":[],"class_list":["post-1593","post","type-post","status-publish","format-standard","has-post-thumbnail","hentry","category-agenda","category-politica"],"acf":[],"yoast_head":"<!-- This site is optimized with the Yoast SEO plugin v27.4 - https:\/\/yoast.com\/product\/yoast-seo-wordpress\/ -->\n<title>Di\u00e1logo e A\u00e7\u00e3o Petista \u2018Esquerda do PT\u2019 re\u00fane-se, hoje,18h30, para PED e ato de amanh\u00e3 -<\/title>\n<meta name=\"robots\" content=\"index, follow, max-snippet:-1, max-image-preview:large, max-video-preview:-1\" \/>\n<link rel=\"canonical\" href=\"https:\/\/renatodias.online\/movimento\/2019\/08\/11\/dialogo-e-acao-petista-esquerda-do-pt-reune-se-hoje18h30-para-ped-e-ato-de-amanha\/\" \/>\n<meta property=\"og:locale\" content=\"pt_BR\" \/>\n<meta property=\"og:type\" content=\"article\" \/>\n<meta property=\"og:title\" content=\"Di\u00e1logo e A\u00e7\u00e3o Petista \u2018Esquerda do PT\u2019 re\u00fane-se, hoje,18h30, para PED e ato de amanh\u00e3 -\" \/>\n<meta property=\"og:description\" content=\"Di\u00e1logo e A\u00e7\u00e3o Petista \u2018Esquerda do PT\u2019 re\u00fane-se, hoje, 18h30, para PED e ato de amanh\u00e3 Humberto Cl\u00edmaco monta chapas nacional, estadual, municipal e zonais com uma plataforma republicana, n\u00e3o patrimonialista e de defesa da liberta\u00e7\u00e3o de Luiz In\u00e1cio Lula da Silva [PT-SP] \u00a0 \u00a0 Janelas \u2018Com um programa de defesa da liberta\u00e7\u00e3o imediata de\" \/>\n<meta property=\"og:url\" content=\"https:\/\/renatodias.online\/movimento\/2019\/08\/11\/dialogo-e-acao-petista-esquerda-do-pt-reune-se-hoje18h30-para-ped-e-ato-de-amanha\/\" \/>\n<meta property=\"article:publisher\" content=\"https:\/\/www.facebook.com\/renato.dias.37\" \/>\n<meta property=\"article:author\" content=\"https:\/\/www.facebook.com\/renato.dias.37\" \/>\n<meta property=\"article:published_time\" content=\"2019-08-11T21:47:54+00:00\" \/>\n<meta name=\"author\" content=\"Renato Dias\" \/>\n<meta name=\"twitter:card\" content=\"summary_large_image\" \/>\n<meta name=\"twitter:creator\" content=\"@RenatoDiasBat\" \/>\n<meta name=\"twitter:site\" content=\"@RenatoDiasBat\" \/>\n<meta name=\"twitter:label1\" content=\"Escrito por\" \/>\n\t<meta name=\"twitter:data1\" content=\"Renato Dias\" \/>\n\t<meta name=\"twitter:label2\" content=\"Est. tempo de leitura\" \/>\n\t<meta name=\"twitter:data2\" content=\"3 minutos\" \/>\n<script type=\"application\/ld+json\" class=\"yoast-schema-graph\">{\"@context\":\"https:\\\/\\\/schema.org\",\"@graph\":[{\"@type\":\"Article\",\"@id\":\"https:\\\/\\\/renatodias.online\\\/movimento\\\/2019\\\/08\\\/11\\\/dialogo-e-acao-petista-esquerda-do-pt-reune-se-hoje18h30-para-ped-e-ato-de-amanha\\\/#article\",\"isPartOf\":{\"@id\":\"https:\\\/\\\/renatodias.online\\\/movimento\\\/2019\\\/08\\\/11\\\/dialogo-e-acao-petista-esquerda-do-pt-reune-se-hoje18h30-para-ped-e-ato-de-amanha\\\/\"},\"author\":{\"name\":\"Renato Dias\",\"@id\":\"https:\\\/\\\/renatodias.online\\\/movimento\\\/#\\\/schema\\\/person\\\/bbab28833b1725a20f4083f49f1fb2a9\"},\"headline\":\"Di\u00e1logo e A\u00e7\u00e3o Petista \u2018Esquerda do PT\u2019 re\u00fane-se, hoje,18h30, para PED e ato de amanh\u00e3\",\"datePublished\":\"2019-08-11T21:47:54+00:00\",\"mainEntityOfPage\":{\"@id\":\"https:\\\/\\\/renatodias.online\\\/movimento\\\/2019\\\/08\\\/11\\\/dialogo-e-acao-petista-esquerda-do-pt-reune-se-hoje18h30-para-ped-e-ato-de-amanha\\\/\"},\"wordCount\":623,\"commentCount\":0,\"publisher\":{\"@id\":\"https:\\\/\\\/renatodias.online\\\/movimento\\\/#\\\/schema\\\/person\\\/bbab28833b1725a20f4083f49f1fb2a9\"},\"image\":{\"@id\":\"https:\\\/\\\/renatodias.online\\\/movimento\\\/2019\\\/08\\\/11\\\/dialogo-e-acao-petista-esquerda-do-pt-reune-se-hoje18h30-para-ped-e-ato-de-amanha\\\/#primaryimage\"},\"thumbnailUrl\":\"\",\"articleSection\":[\"Agenda\",\"Pol\u00edtica\"],\"inLanguage\":\"pt-BR\",\"potentialAction\":[{\"@type\":\"CommentAction\",\"name\":\"Comment\",\"target\":[\"https:\\\/\\\/renatodias.online\\\/movimento\\\/2019\\\/08\\\/11\\\/dialogo-e-acao-petista-esquerda-do-pt-reune-se-hoje18h30-para-ped-e-ato-de-amanha\\\/#respond\"]}]},{\"@type\":\"WebPage\",\"@id\":\"https:\\\/\\\/renatodias.online\\\/movimento\\\/2019\\\/08\\\/11\\\/dialogo-e-acao-petista-esquerda-do-pt-reune-se-hoje18h30-para-ped-e-ato-de-amanha\\\/\",\"url\":\"https:\\\/\\\/renatodias.online\\\/movimento\\\/2019\\\/08\\\/11\\\/dialogo-e-acao-petista-esquerda-do-pt-reune-se-hoje18h30-para-ped-e-ato-de-amanha\\\/\",\"name\":\"Di\u00e1logo e A\u00e7\u00e3o Petista \u2018Esquerda do PT\u2019 re\u00fane-se, hoje,18h30, para PED e ato de amanh\u00e3 -\",\"isPartOf\":{\"@id\":\"https:\\\/\\\/renatodias.online\\\/movimento\\\/#website\"},\"primaryImageOfPage\":{\"@id\":\"https:\\\/\\\/renatodias.online\\\/movimento\\\/2019\\\/08\\\/11\\\/dialogo-e-acao-petista-esquerda-do-pt-reune-se-hoje18h30-para-ped-e-ato-de-amanha\\\/#primaryimage\"},\"image\":{\"@id\":\"https:\\\/\\\/renatodias.online\\\/movimento\\\/2019\\\/08\\\/11\\\/dialogo-e-acao-petista-esquerda-do-pt-reune-se-hoje18h30-para-ped-e-ato-de-amanha\\\/#primaryimage\"},\"thumbnailUrl\":\"\",\"datePublished\":\"2019-08-11T21:47:54+00:00\",\"breadcrumb\":{\"@id\":\"https:\\\/\\\/renatodias.online\\\/movimento\\\/2019\\\/08\\\/11\\\/dialogo-e-acao-petista-esquerda-do-pt-reune-se-hoje18h30-para-ped-e-ato-de-amanha\\\/#breadcrumb\"},\"inLanguage\":\"pt-BR\",\"potentialAction\":[{\"@type\":\"ReadAction\",\"target\":[\"https:\\\/\\\/renatodias.online\\\/movimento\\\/2019\\\/08\\\/11\\\/dialogo-e-acao-petista-esquerda-do-pt-reune-se-hoje18h30-para-ped-e-ato-de-amanha\\\/\"]}]},{\"@type\":\"ImageObject\",\"inLanguage\":\"pt-BR\",\"@id\":\"https:\\\/\\\/renatodias.online\\\/movimento\\\/2019\\\/08\\\/11\\\/dialogo-e-acao-petista-esquerda-do-pt-reune-se-hoje18h30-para-ped-e-ato-de-amanha\\\/#primaryimage\",\"url\":\"\",\"contentUrl\":\"\"},{\"@type\":\"BreadcrumbList\",\"@id\":\"https:\\\/\\\/renatodias.online\\\/movimento\\\/2019\\\/08\\\/11\\\/dialogo-e-acao-petista-esquerda-do-pt-reune-se-hoje18h30-para-ped-e-ato-de-amanha\\\/#breadcrumb\",\"itemListElement\":[{\"@type\":\"ListItem\",\"position\":1,\"name\":\"In\u00edcio\",\"item\":\"https:\\\/\\\/renatodias.online\\\/movimento\\\/\"},{\"@type\":\"ListItem\",\"position\":2,\"name\":\"Di\u00e1logo e A\u00e7\u00e3o Petista \u2018Esquerda do PT\u2019 re\u00fane-se, hoje,18h30, para PED e ato de amanh\u00e3\"}]},{\"@type\":\"WebSite\",\"@id\":\"https:\\\/\\\/renatodias.online\\\/movimento\\\/#website\",\"url\":\"https:\\\/\\\/renatodias.online\\\/movimento\\\/\",\"name\":\"\",\"description\":\"\",\"publisher\":{\"@id\":\"https:\\\/\\\/renatodias.online\\\/movimento\\\/#\\\/schema\\\/person\\\/bbab28833b1725a20f4083f49f1fb2a9\"},\"potentialAction\":[{\"@type\":\"SearchAction\",\"target\":{\"@type\":\"EntryPoint\",\"urlTemplate\":\"https:\\\/\\\/renatodias.online\\\/movimento\\\/?s={search_term_string}\"},\"query-input\":{\"@type\":\"PropertyValueSpecification\",\"valueRequired\":true,\"valueName\":\"search_term_string\"}}],\"inLanguage\":\"pt-BR\"},{\"@type\":[\"Person\",\"Organization\"],\"@id\":\"https:\\\/\\\/renatodias.online\\\/movimento\\\/#\\\/schema\\\/person\\\/bbab28833b1725a20f4083f49f1fb2a9\",\"name\":\"Renato Dias\",\"image\":{\"@type\":\"ImageObject\",\"inLanguage\":\"pt-BR\",\"@id\":\"https:\\\/\\\/renatodias.online\\\/movimento\\\/wp-content\\\/uploads\\\/2023\\\/03\\\/cropped-cropped-cropped-logofinal.jpeg\",\"url\":\"https:\\\/\\\/renatodias.online\\\/movimento\\\/wp-content\\\/uploads\\\/2023\\\/03\\\/cropped-cropped-cropped-logofinal.jpeg\",\"contentUrl\":\"https:\\\/\\\/renatodias.online\\\/movimento\\\/wp-content\\\/uploads\\\/2023\\\/03\\\/cropped-cropped-cropped-logofinal.jpeg\",\"width\":1280,\"height\":219,\"caption\":\"Renato Dias\"},\"logo\":{\"@id\":\"https:\\\/\\\/renatodias.online\\\/movimento\\\/wp-content\\\/uploads\\\/2023\\\/03\\\/cropped-cropped-cropped-logofinal.jpeg\"},\"description\":\"Renato Dias, 58 anos, \u00e9 graduado em Jornalismo, formado em Ci\u00eancias Sociais, com p\u00f3s-gradua\u00e7\u00e3o em Pol\u00edticas P\u00fablicas, mestre em Direito e Rela\u00e7\u00f5es Internacionais, ex-aluno extraordin\u00e1rio do Doutorado em Psicologia Social, ex-estudante do Curso de Psican\u00e1lise do Centro de Estudos Psicanal\u00edticos do Estado de Goi\u00e1s, ministrado pelo m\u00e9dico psiquiatra e psicanalista Daniel Em\u00eddio de Souza. \u00c9 autor de 30 livros-reportagem, oito document\u00e1rios, ganhou 30 pr\u00eamios e \u00e9 torcedor apaixonado do maior do Centro-Oeste, o Vila Nova Futebol Clube. Casado com Meirilane Dias, \u00e9 pai de Juliana Dias, jornalista; Daniel Dias, economista; e Maria Rosa Dias, estudante antifascista, socialista e trotskista.\u00a0Com tr\u00eas pets: Porquinho [Bull Dog Franc\u00eas], Dalila [Basset Hound] e Geleia [Basset Hound]. Al\u00e9m do eterno gato Tutuquinho, que virou estrela.\",\"sameAs\":[\"https:\\\/\\\/www.facebook.com\\\/renato.dias.37\",\"#breve\",\"https:\\\/\\\/renatodias.tumblr.com\\\/\"],\"url\":\"https:\\\/\\\/renatodias.online\\\/movimento\\\/author\\\/renatodias\\\/\"}]}<\/script>\n<!-- \/ Yoast SEO plugin. -->","yoast_head_json":{"title":"Di\u00e1logo e A\u00e7\u00e3o Petista \u2018Esquerda do PT\u2019 re\u00fane-se, hoje,18h30, para PED e ato de amanh\u00e3 -","robots":{"index":"index","follow":"follow","max-snippet":"max-snippet:-1","max-image-preview":"max-image-preview:large","max-video-preview":"max-video-preview:-1"},"canonical":"https:\/\/renatodias.online\/movimento\/2019\/08\/11\/dialogo-e-acao-petista-esquerda-do-pt-reune-se-hoje18h30-para-ped-e-ato-de-amanha\/","og_locale":"pt_BR","og_type":"article","og_title":"Di\u00e1logo e A\u00e7\u00e3o Petista \u2018Esquerda do PT\u2019 re\u00fane-se, hoje,18h30, para PED e ato de amanh\u00e3 -","og_description":"Di\u00e1logo e A\u00e7\u00e3o Petista \u2018Esquerda do PT\u2019 re\u00fane-se, hoje, 18h30, para PED e ato de amanh\u00e3 Humberto Cl\u00edmaco monta chapas nacional, estadual, municipal e zonais com uma plataforma republicana, n\u00e3o patrimonialista e de defesa da liberta\u00e7\u00e3o de Luiz In\u00e1cio Lula da Silva [PT-SP] \u00a0 \u00a0 Janelas \u2018Com um programa de defesa da liberta\u00e7\u00e3o imediata de","og_url":"https:\/\/renatodias.online\/movimento\/2019\/08\/11\/dialogo-e-acao-petista-esquerda-do-pt-reune-se-hoje18h30-para-ped-e-ato-de-amanha\/","article_publisher":"https:\/\/www.facebook.com\/renato.dias.37","article_author":"https:\/\/www.facebook.com\/renato.dias.37","article_published_time":"2019-08-11T21:47:54+00:00","author":"Renato Dias","twitter_card":"summary_large_image","twitter_creator":"@RenatoDiasBat","twitter_site":"@RenatoDiasBat","twitter_misc":{"Escrito por":"Renato Dias","Est. tempo de leitura":"3 minutos"},"schema":{"@context":"https:\/\/schema.org","@graph":[{"@type":"Article","@id":"https:\/\/renatodias.online\/movimento\/2019\/08\/11\/dialogo-e-acao-petista-esquerda-do-pt-reune-se-hoje18h30-para-ped-e-ato-de-amanha\/#article","isPartOf":{"@id":"https:\/\/renatodias.online\/movimento\/2019\/08\/11\/dialogo-e-acao-petista-esquerda-do-pt-reune-se-hoje18h30-para-ped-e-ato-de-amanha\/"},"author":{"name":"Renato Dias","@id":"https:\/\/renatodias.online\/movimento\/#\/schema\/person\/bbab28833b1725a20f4083f49f1fb2a9"},"headline":"Di\u00e1logo e A\u00e7\u00e3o Petista \u2018Esquerda do PT\u2019 re\u00fane-se, hoje,18h30, para PED e ato de amanh\u00e3","datePublished":"2019-08-11T21:47:54+00:00","mainEntityOfPage":{"@id":"https:\/\/renatodias.online\/movimento\/2019\/08\/11\/dialogo-e-acao-petista-esquerda-do-pt-reune-se-hoje18h30-para-ped-e-ato-de-amanha\/"},"wordCount":623,"commentCount":0,"publisher":{"@id":"https:\/\/renatodias.online\/movimento\/#\/schema\/person\/bbab28833b1725a20f4083f49f1fb2a9"},"image":{"@id":"https:\/\/renatodias.online\/movimento\/2019\/08\/11\/dialogo-e-acao-petista-esquerda-do-pt-reune-se-hoje18h30-para-ped-e-ato-de-amanha\/#primaryimage"},"thumbnailUrl":"","articleSection":["Agenda","Pol\u00edtica"],"inLanguage":"pt-BR","potentialAction":[{"@type":"CommentAction","name":"Comment","target":["https:\/\/renatodias.online\/movimento\/2019\/08\/11\/dialogo-e-acao-petista-esquerda-do-pt-reune-se-hoje18h30-para-ped-e-ato-de-amanha\/#respond"]}]},{"@type":"WebPage","@id":"https:\/\/renatodias.online\/movimento\/2019\/08\/11\/dialogo-e-acao-petista-esquerda-do-pt-reune-se-hoje18h30-para-ped-e-ato-de-amanha\/","url":"https:\/\/renatodias.online\/movimento\/2019\/08\/11\/dialogo-e-acao-petista-esquerda-do-pt-reune-se-hoje18h30-para-ped-e-ato-de-amanha\/","name":"Di\u00e1logo e A\u00e7\u00e3o Petista \u2018Esquerda do PT\u2019 re\u00fane-se, hoje,18h30, para PED e ato de amanh\u00e3 -","isPartOf":{"@id":"https:\/\/renatodias.online\/movimento\/#website"},"primaryImageOfPage":{"@id":"https:\/\/renatodias.online\/movimento\/2019\/08\/11\/dialogo-e-acao-petista-esquerda-do-pt-reune-se-hoje18h30-para-ped-e-ato-de-amanha\/#primaryimage"},"image":{"@id":"https:\/\/renatodias.online\/movimento\/2019\/08\/11\/dialogo-e-acao-petista-esquerda-do-pt-reune-se-hoje18h30-para-ped-e-ato-de-amanha\/#primaryimage"},"thumbnailUrl":"","datePublished":"2019-08-11T21:47:54+00:00","breadcrumb":{"@id":"https:\/\/renatodias.online\/movimento\/2019\/08\/11\/dialogo-e-acao-petista-esquerda-do-pt-reune-se-hoje18h30-para-ped-e-ato-de-amanha\/#breadcrumb"},"inLanguage":"pt-BR","potentialAction":[{"@type":"ReadAction","target":["https:\/\/renatodias.online\/movimento\/2019\/08\/11\/dialogo-e-acao-petista-esquerda-do-pt-reune-se-hoje18h30-para-ped-e-ato-de-amanha\/"]}]},{"@type":"ImageObject","inLanguage":"pt-BR","@id":"https:\/\/renatodias.online\/movimento\/2019\/08\/11\/dialogo-e-acao-petista-esquerda-do-pt-reune-se-hoje18h30-para-ped-e-ato-de-amanha\/#primaryimage","url":"","contentUrl":""},{"@type":"BreadcrumbList","@id":"https:\/\/renatodias.online\/movimento\/2019\/08\/11\/dialogo-e-acao-petista-esquerda-do-pt-reune-se-hoje18h30-para-ped-e-ato-de-amanha\/#breadcrumb","itemListElement":[{"@type":"ListItem","position":1,"name":"In\u00edcio","item":"https:\/\/renatodias.online\/movimento\/"},{"@type":"ListItem","position":2,"name":"Di\u00e1logo e A\u00e7\u00e3o Petista \u2018Esquerda do PT\u2019 re\u00fane-se, hoje,18h30, para PED e ato de amanh\u00e3"}]},{"@type":"WebSite","@id":"https:\/\/renatodias.online\/movimento\/#website","url":"https:\/\/renatodias.online\/movimento\/","name":"","description":"","publisher":{"@id":"https:\/\/renatodias.online\/movimento\/#\/schema\/person\/bbab28833b1725a20f4083f49f1fb2a9"},"potentialAction":[{"@type":"SearchAction","target":{"@type":"EntryPoint","urlTemplate":"https:\/\/renatodias.online\/movimento\/?s={search_term_string}"},"query-input":{"@type":"PropertyValueSpecification","valueRequired":true,"valueName":"search_term_string"}}],"inLanguage":"pt-BR"},{"@type":["Person","Organization"],"@id":"https:\/\/renatodias.online\/movimento\/#\/schema\/person\/bbab28833b1725a20f4083f49f1fb2a9","name":"Renato Dias","image":{"@type":"ImageObject","inLanguage":"pt-BR","@id":"https:\/\/renatodias.online\/movimento\/wp-content\/uploads\/2023\/03\/cropped-cropped-cropped-logofinal.jpeg","url":"https:\/\/renatodias.online\/movimento\/wp-content\/uploads\/2023\/03\/cropped-cropped-cropped-logofinal.jpeg","contentUrl":"https:\/\/renatodias.online\/movimento\/wp-content\/uploads\/2023\/03\/cropped-cropped-cropped-logofinal.jpeg","width":1280,"height":219,"caption":"Renato Dias"},"logo":{"@id":"https:\/\/renatodias.online\/movimento\/wp-content\/uploads\/2023\/03\/cropped-cropped-cropped-logofinal.jpeg"},"description":"Renato Dias, 58 anos, \u00e9 graduado em Jornalismo, formado em Ci\u00eancias Sociais, com p\u00f3s-gradua\u00e7\u00e3o em Pol\u00edticas P\u00fablicas, mestre em Direito e Rela\u00e7\u00f5es Internacionais, ex-aluno extraordin\u00e1rio do Doutorado em Psicologia Social, ex-estudante do Curso de Psican\u00e1lise do Centro de Estudos Psicanal\u00edticos do Estado de Goi\u00e1s, ministrado pelo m\u00e9dico psiquiatra e psicanalista Daniel Em\u00eddio de Souza. \u00c9 autor de 30 livros-reportagem, oito document\u00e1rios, ganhou 30 pr\u00eamios e \u00e9 torcedor apaixonado do maior do Centro-Oeste, o Vila Nova Futebol Clube. Casado com Meirilane Dias, \u00e9 pai de Juliana Dias, jornalista; Daniel Dias, economista; e Maria Rosa Dias, estudante antifascista, socialista e trotskista.\u00a0Com tr\u00eas pets: Porquinho [Bull Dog Franc\u00eas], Dalila [Basset Hound] e Geleia [Basset Hound]. Al\u00e9m do eterno gato Tutuquinho, que virou estrela.","sameAs":["https:\/\/www.facebook.com\/renato.dias.37","#breve","https:\/\/renatodias.tumblr.com\/"],"url":"https:\/\/renatodias.online\/movimento\/author\/renatodias\/"}]}},"_links":{"self":[{"href":"https:\/\/renatodias.online\/movimento\/wp-json\/wp\/v2\/posts\/1593","targetHints":{"allow":["GET"]}}],"collection":[{"href":"https:\/\/renatodias.online\/movimento\/wp-json\/wp\/v2\/posts"}],"about":[{"href":"https:\/\/renatodias.online\/movimento\/wp-json\/wp\/v2\/types\/post"}],"author":[{"embeddable":true,"href":"https:\/\/renatodias.online\/movimento\/wp-json\/wp\/v2\/users\/2"}],"replies":[{"embeddable":true,"href":"https:\/\/renatodias.online\/movimento\/wp-json\/wp\/v2\/comments?post=1593"}],"version-history":[{"count":0,"href":"https:\/\/renatodias.online\/movimento\/wp-json\/wp\/v2\/posts\/1593\/revisions"}],"wp:featuredmedia":[{"embeddable":true,"href":"https:\/\/renatodias.online\/movimento\/wp-json\/"}],"wp:attachment":[{"href":"https:\/\/renatodias.online\/movimento\/wp-json\/wp\/v2\/media?parent=1593"}],"wp:term":[{"taxonomy":"category","embeddable":true,"href":"https:\/\/renatodias.online\/movimento\/wp-json\/wp\/v2\/categories?post=1593"},{"taxonomy":"post_tag","embeddable":true,"href":"https:\/\/renatodias.online\/movimento\/wp-json\/wp\/v2\/tags?post=1593"}],"curies":[{"name":"wp","href":"https:\/\/api.w.org\/{rel}","templated":true}]}}