{"id":15888,"date":"2023-03-20T15:31:47","date_gmt":"2023-03-20T18:31:47","guid":{"rendered":"https:\/\/renatodias.online\/movimento\/?p=15888"},"modified":"2023-03-22T22:14:24","modified_gmt":"2023-03-23T01:14:24","slug":"bruno-peixoto-e-nome-a-2026","status":"publish","type":"post","link":"https:\/\/renatodias.online\/movimento\/2023\/03\/20\/bruno-peixoto-e-nome-a-2026\/","title":{"rendered":"Bruno Peixoto \u00e9 nome a 2026"},"content":{"rendered":"<p><strong><img loading=\"lazy\" decoding=\"async\" class=\"size-medium wp-image-5007 aligncenter\" src=\"https:\/\/renatodias.online\/movimento\/wp-content\/uploads\/2021\/01\/Alto-da-p\u00e1gina-Banner-Exclusivo-300x91.png\" alt=\"\" width=\"300\" height=\"91\"><\/strong><\/p>\n<h1 style=\"text-align: center;\"><span style=\"color: #008000;\"><strong>Ao Governo do Estado de Goi\u00e1s<\/strong><\/span><\/h1>\n<figure id=\"attachment_4510\" aria-describedby=\"caption-attachment-4510\" style=\"width: 1000px\" class=\"wp-caption alignnone\"><img loading=\"lazy\" decoding=\"async\" class=\"wp-image-4510 size-full\" src=\"https:\/\/renatodias.online\/movimento\/wp-content\/uploads\/2020\/09\/Pal\u00e1cio-das-Esmeeraldas-2.jpg\" alt=\"\" width=\"1000\" height=\"750\"><figcaption id=\"caption-attachment-4510\" class=\"wp-caption-text\"><strong>Pal\u00e1cio das Esmeraldas<\/strong><\/figcaption><\/figure>\n<h1 style=\"text-align: center;\"><span style=\"color: #0000ff;\"><strong>Presidente ter\u00e1 que viabilizar candidatura<\/strong><\/span><\/h1>\n<p><strong>Renato Dias<\/strong><\/p>\n<p>O presidente da Assembleia Legislativa do Estado de Goi\u00e1s, <strong>Bruno Peixoto<\/strong>&nbsp;[Uni\u00e3o Brasil], \u00e9 op\u00e7\u00e3o natural nas elei\u00e7\u00f5es ao Pal\u00e1cio das Esmeraldas. O pleito ocorrer\u00e1 em outubro do ano de 2026.<\/p>\n<blockquote>\n<h1><strong><span style=\"color: #0000ff;\">Aliado incondicional de Ronaldo Caiado<\/span>&nbsp;<\/strong><\/h1>\n<\/blockquote>\n<figure id=\"attachment_15458\" aria-describedby=\"caption-attachment-15458\" style=\"width: 1025px\" class=\"wp-caption alignnone\"><img loading=\"lazy\" decoding=\"async\" class=\"size-full wp-image-15458\" src=\"https:\/\/renatodias.online\/movimento\/wp-content\/uploads\/2023\/02\/Bruno-Peixoto.png\" alt=\"\" width=\"1025\" height=\"687\"><figcaption id=\"caption-attachment-15458\" class=\"wp-caption-text\">Bruno Peixoto e Ronaldo Caiado<\/figcaption><\/figure>\n<p>Aliado do inquilino da Casa Verde, <strong>Ronaldo Caiado<\/strong> [Uni\u00e3o Brasil], e membro do UB, sigla que ocupa tr\u00eas Pastas na Esplanada dos Minist\u00e9rios, sob Luiz In\u00e1cio Lula da Silva, ele ter\u00e1 que viabilizar o seu projeto pol\u00edtico.<\/p>\n<p><img loading=\"lazy\" decoding=\"async\" class=\"size-medium wp-image-14125 aligncenter\" src=\"https:\/\/renatodias.online\/movimento\/wp-content\/uploads\/2022\/09\/Saiba-mais-300x103.png\" alt=\"\" width=\"300\" height=\"103\" srcset=\"https:\/\/renatodias.online\/movimento\/wp-content\/uploads\/2022\/09\/Saiba-mais-300x103.png 300w, https:\/\/renatodias.online\/movimento\/wp-content\/uploads\/2022\/09\/Saiba-mais.png 572w\" sizes=\"auto, (max-width: 300px) 100vw, 300px\" \/><\/p>\n<blockquote>\n<h1><strong><span style=\"color: #0000ff;\">Emenda pode permitir a reelei\u00e7\u00e3o<\/span>&nbsp;<\/strong><\/h1>\n<\/blockquote>\n<p>Eleito \u00e0 <strong>presid\u00eancia da Casa de Leis por unanimidade<\/strong>, com 41 votos, Bruno Peixoto pode exercer mais um mandato. Desde que emenda seja aprovada no plen\u00e1rio do parlamento estadual e sancionada.<\/p>\n<blockquote>\n<h1><strong><span style=\"color: #0000ff;\">Um programa social &#8211; liberal para Goi\u00e1s<\/span>&nbsp;<\/strong><\/h1>\n<p><img loading=\"lazy\" decoding=\"async\" class=\"wp-image-12788 size-full aligncenter\" src=\"https:\/\/renatodias.online\/movimento\/wp-content\/uploads\/2022\/06\/Economia-logo-e1660315146528.png\" alt=\"\" width=\"360\" height=\"211\"><\/p><\/blockquote>\n<p>Com um programa social &#8211; liberal, moderno, <strong>republicano, n\u00e3o patrimonialista<\/strong>, ele deve ampliar a sua capilaridade pol\u00edtica e social nos 246 munic\u00edpios e construir coliga\u00e7\u00e3o ampla, ser indicado e ganhar as elei\u00e7\u00f5es.<\/p>\n<blockquote>\n<h1><span style=\"color: #0000ff;\"><strong>\u00c9 hora de definir a t\u00e1tica para 2026<\/strong><\/span><\/h1>\n<\/blockquote>\n<figure id=\"attachment_15480\" aria-describedby=\"caption-attachment-15480\" style=\"width: 1518px\" class=\"wp-caption alignnone\"><img loading=\"lazy\" decoding=\"async\" class=\"wp-image-15480 size-full\" src=\"https:\/\/renatodias.online\/movimento\/wp-content\/uploads\/2023\/02\/Bruno-Peixoto-Ronaldo-Caiado-Daniel-Vilela-e-Romario-Policarpo.jpg\" alt=\"\" width=\"1518\" height=\"1010\"><figcaption id=\"caption-attachment-15480\" class=\"wp-caption-text\"><strong>Bruno Peixoto, Ronaldo Caiado, Daniel Vilela e Rom\u00e1rio Policarpo<\/strong><\/figcaption><\/figure>\n","protected":false},"excerpt":{"rendered":"<p>Ao Governo do Estado de Goi\u00e1s Presidente ter\u00e1 que viabilizar candidatura Renato Dias O presidente da Assembleia Legislativa do Estado de Goi\u00e1s, Bruno Peixoto&nbsp;[Uni\u00e3o Brasil], \u00e9 op\u00e7\u00e3o natural nas elei\u00e7\u00f5es ao Pal\u00e1cio das Esmeraldas. O pleito ocorrer\u00e1 em outubro do ano de 2026. Aliado incondicional de Ronaldo Caiado&nbsp; Aliado do inquilino da Casa Verde, Ronaldo<\/p>\n","protected":false},"author":2,"featured_media":3039,"comment_status":"open","ping_status":"open","sticky":false,"template":"","format":"standard","meta":{"_acf_changed":false,"_monsterinsights_skip_tracking":false,"_monsterinsights_sitenote_active":false,"_monsterinsights_sitenote_note":"","_monsterinsights_sitenote_category":0,"footnotes":""},"categories":[1],"tags":[],"class_list":["post-15888","post","type-post","status-publish","format-standard","has-post-thumbnail","hentry","category-cinema"],"acf":[],"yoast_head":"<!-- This site is optimized with the Yoast SEO plugin v27.4 - https:\/\/yoast.com\/product\/yoast-seo-wordpress\/ -->\n<title>Bruno Peixoto \u00e9 nome a 2026 -<\/title>\n<meta name=\"robots\" content=\"index, follow, max-snippet:-1, max-image-preview:large, max-video-preview:-1\" \/>\n<link rel=\"canonical\" href=\"https:\/\/renatodias.online\/movimento\/2023\/03\/20\/bruno-peixoto-e-nome-a-2026\/\" \/>\n<meta property=\"og:locale\" content=\"pt_BR\" \/>\n<meta property=\"og:type\" content=\"article\" \/>\n<meta property=\"og:title\" content=\"Bruno Peixoto \u00e9 nome a 2026 -\" \/>\n<meta property=\"og:description\" content=\"Ao Governo do Estado de Goi\u00e1s Presidente ter\u00e1 que viabilizar candidatura Renato Dias O presidente da Assembleia Legislativa do Estado de Goi\u00e1s, Bruno Peixoto&nbsp;[Uni\u00e3o Brasil], \u00e9 op\u00e7\u00e3o natural nas elei\u00e7\u00f5es ao Pal\u00e1cio das Esmeraldas. O pleito ocorrer\u00e1 em outubro do ano de 2026. Aliado incondicional de Ronaldo Caiado&nbsp; Aliado do inquilino da Casa Verde, Ronaldo\" \/>\n<meta property=\"og:url\" content=\"https:\/\/renatodias.online\/movimento\/2023\/03\/20\/bruno-peixoto-e-nome-a-2026\/\" \/>\n<meta property=\"article:publisher\" content=\"https:\/\/www.facebook.com\/renato.dias.37\" \/>\n<meta property=\"article:author\" content=\"https:\/\/www.facebook.com\/renato.dias.37\" \/>\n<meta property=\"article:published_time\" content=\"2023-03-20T18:31:47+00:00\" \/>\n<meta property=\"article:modified_time\" content=\"2023-03-23T01:14:24+00:00\" \/>\n<meta property=\"og:image\" content=\"https:\/\/renatodias.online\/movimento\/wp-content\/uploads\/2019\/11\/bruno-peixoto-2020-e1679534057159.jpeg\" \/>\n\t<meta property=\"og:image:width\" content=\"668\" \/>\n\t<meta property=\"og:image:height\" content=\"445\" \/>\n\t<meta property=\"og:image:type\" content=\"image\/jpeg\" \/>\n<meta name=\"author\" content=\"Renato Dias\" \/>\n<meta name=\"twitter:card\" content=\"summary_large_image\" \/>\n<meta name=\"twitter:creator\" content=\"@RenatoDiasBat\" \/>\n<meta name=\"twitter:site\" content=\"@RenatoDiasBat\" \/>\n<meta name=\"twitter:label1\" content=\"Escrito por\" \/>\n\t<meta name=\"twitter:data1\" content=\"Renato Dias\" \/>\n\t<meta name=\"twitter:label2\" content=\"Est. tempo de leitura\" \/>\n\t<meta name=\"twitter:data2\" content=\"3 minutos\" \/>\n<script type=\"application\/ld+json\" class=\"yoast-schema-graph\">{\"@context\":\"https:\\\/\\\/schema.org\",\"@graph\":[{\"@type\":\"Article\",\"@id\":\"https:\\\/\\\/renatodias.online\\\/movimento\\\/2023\\\/03\\\/20\\\/bruno-peixoto-e-nome-a-2026\\\/#article\",\"isPartOf\":{\"@id\":\"https:\\\/\\\/renatodias.online\\\/movimento\\\/2023\\\/03\\\/20\\\/bruno-peixoto-e-nome-a-2026\\\/\"},\"author\":{\"name\":\"Renato Dias\",\"@id\":\"https:\\\/\\\/renatodias.online\\\/movimento\\\/#\\\/schema\\\/person\\\/bbab28833b1725a20f4083f49f1fb2a9\"},\"headline\":\"Bruno Peixoto \u00e9 nome a 2026\",\"datePublished\":\"2023-03-20T18:31:47+00:00\",\"dateModified\":\"2023-03-23T01:14:24+00:00\",\"mainEntityOfPage\":{\"@id\":\"https:\\\/\\\/renatodias.online\\\/movimento\\\/2023\\\/03\\\/20\\\/bruno-peixoto-e-nome-a-2026\\\/\"},\"wordCount\":231,\"commentCount\":0,\"publisher\":{\"@id\":\"https:\\\/\\\/renatodias.online\\\/movimento\\\/#\\\/schema\\\/person\\\/bbab28833b1725a20f4083f49f1fb2a9\"},\"image\":{\"@id\":\"https:\\\/\\\/renatodias.online\\\/movimento\\\/2023\\\/03\\\/20\\\/bruno-peixoto-e-nome-a-2026\\\/#primaryimage\"},\"thumbnailUrl\":\"https:\\\/\\\/renatodias.online\\\/movimento\\\/wp-content\\\/uploads\\\/2019\\\/11\\\/bruno-peixoto-2020.jpeg\",\"articleSection\":[\"Cinema\"],\"inLanguage\":\"pt-BR\",\"potentialAction\":[{\"@type\":\"CommentAction\",\"name\":\"Comment\",\"target\":[\"https:\\\/\\\/renatodias.online\\\/movimento\\\/2023\\\/03\\\/20\\\/bruno-peixoto-e-nome-a-2026\\\/#respond\"]}]},{\"@type\":\"WebPage\",\"@id\":\"https:\\\/\\\/renatodias.online\\\/movimento\\\/2023\\\/03\\\/20\\\/bruno-peixoto-e-nome-a-2026\\\/\",\"url\":\"https:\\\/\\\/renatodias.online\\\/movimento\\\/2023\\\/03\\\/20\\\/bruno-peixoto-e-nome-a-2026\\\/\",\"name\":\"Bruno Peixoto \u00e9 nome a 2026 -\",\"isPartOf\":{\"@id\":\"https:\\\/\\\/renatodias.online\\\/movimento\\\/#website\"},\"primaryImageOfPage\":{\"@id\":\"https:\\\/\\\/renatodias.online\\\/movimento\\\/2023\\\/03\\\/20\\\/bruno-peixoto-e-nome-a-2026\\\/#primaryimage\"},\"image\":{\"@id\":\"https:\\\/\\\/renatodias.online\\\/movimento\\\/2023\\\/03\\\/20\\\/bruno-peixoto-e-nome-a-2026\\\/#primaryimage\"},\"thumbnailUrl\":\"https:\\\/\\\/renatodias.online\\\/movimento\\\/wp-content\\\/uploads\\\/2019\\\/11\\\/bruno-peixoto-2020.jpeg\",\"datePublished\":\"2023-03-20T18:31:47+00:00\",\"dateModified\":\"2023-03-23T01:14:24+00:00\",\"breadcrumb\":{\"@id\":\"https:\\\/\\\/renatodias.online\\\/movimento\\\/2023\\\/03\\\/20\\\/bruno-peixoto-e-nome-a-2026\\\/#breadcrumb\"},\"inLanguage\":\"pt-BR\",\"potentialAction\":[{\"@type\":\"ReadAction\",\"target\":[\"https:\\\/\\\/renatodias.online\\\/movimento\\\/2023\\\/03\\\/20\\\/bruno-peixoto-e-nome-a-2026\\\/\"]}]},{\"@type\":\"ImageObject\",\"inLanguage\":\"pt-BR\",\"@id\":\"https:\\\/\\\/renatodias.online\\\/movimento\\\/2023\\\/03\\\/20\\\/bruno-peixoto-e-nome-a-2026\\\/#primaryimage\",\"url\":\"https:\\\/\\\/renatodias.online\\\/movimento\\\/wp-content\\\/uploads\\\/2019\\\/11\\\/bruno-peixoto-2020.jpeg\",\"contentUrl\":\"https:\\\/\\\/renatodias.online\\\/movimento\\\/wp-content\\\/uploads\\\/2019\\\/11\\\/bruno-peixoto-2020.jpeg\",\"width\":800,\"height\":534,\"caption\":\"Bruno Peixoto\"},{\"@type\":\"BreadcrumbList\",\"@id\":\"https:\\\/\\\/renatodias.online\\\/movimento\\\/2023\\\/03\\\/20\\\/bruno-peixoto-e-nome-a-2026\\\/#breadcrumb\",\"itemListElement\":[{\"@type\":\"ListItem\",\"position\":1,\"name\":\"In\u00edcio\",\"item\":\"https:\\\/\\\/renatodias.online\\\/movimento\\\/\"},{\"@type\":\"ListItem\",\"position\":2,\"name\":\"Bruno Peixoto \u00e9 nome a 2026\"}]},{\"@type\":\"WebSite\",\"@id\":\"https:\\\/\\\/renatodias.online\\\/movimento\\\/#website\",\"url\":\"https:\\\/\\\/renatodias.online\\\/movimento\\\/\",\"name\":\"\",\"description\":\"\",\"publisher\":{\"@id\":\"https:\\\/\\\/renatodias.online\\\/movimento\\\/#\\\/schema\\\/person\\\/bbab28833b1725a20f4083f49f1fb2a9\"},\"potentialAction\":[{\"@type\":\"SearchAction\",\"target\":{\"@type\":\"EntryPoint\",\"urlTemplate\":\"https:\\\/\\\/renatodias.online\\\/movimento\\\/?s={search_term_string}\"},\"query-input\":{\"@type\":\"PropertyValueSpecification\",\"valueRequired\":true,\"valueName\":\"search_term_string\"}}],\"inLanguage\":\"pt-BR\"},{\"@type\":[\"Person\",\"Organization\"],\"@id\":\"https:\\\/\\\/renatodias.online\\\/movimento\\\/#\\\/schema\\\/person\\\/bbab28833b1725a20f4083f49f1fb2a9\",\"name\":\"Renato Dias\",\"image\":{\"@type\":\"ImageObject\",\"inLanguage\":\"pt-BR\",\"@id\":\"https:\\\/\\\/renatodias.online\\\/movimento\\\/wp-content\\\/uploads\\\/2023\\\/03\\\/cropped-cropped-cropped-logofinal.jpeg\",\"url\":\"https:\\\/\\\/renatodias.online\\\/movimento\\\/wp-content\\\/uploads\\\/2023\\\/03\\\/cropped-cropped-cropped-logofinal.jpeg\",\"contentUrl\":\"https:\\\/\\\/renatodias.online\\\/movimento\\\/wp-content\\\/uploads\\\/2023\\\/03\\\/cropped-cropped-cropped-logofinal.jpeg\",\"width\":1280,\"height\":219,\"caption\":\"Renato Dias\"},\"logo\":{\"@id\":\"https:\\\/\\\/renatodias.online\\\/movimento\\\/wp-content\\\/uploads\\\/2023\\\/03\\\/cropped-cropped-cropped-logofinal.jpeg\"},\"description\":\"Renato Dias, 58 anos, \u00e9 graduado em Jornalismo, formado em Ci\u00eancias Sociais, com p\u00f3s-gradua\u00e7\u00e3o em Pol\u00edticas P\u00fablicas, mestre em Direito e Rela\u00e7\u00f5es Internacionais, ex-aluno extraordin\u00e1rio do Doutorado em Psicologia Social, ex-estudante do Curso de Psican\u00e1lise do Centro de Estudos Psicanal\u00edticos do Estado de Goi\u00e1s, ministrado pelo m\u00e9dico psiquiatra e psicanalista Daniel Em\u00eddio de Souza. \u00c9 autor de 30 livros-reportagem, oito document\u00e1rios, ganhou 30 pr\u00eamios e \u00e9 torcedor apaixonado do maior do Centro-Oeste, o Vila Nova Futebol Clube. Casado com Meirilane Dias, \u00e9 pai de Juliana Dias, jornalista; Daniel Dias, economista; e Maria Rosa Dias, estudante antifascista, socialista e trotskista.\u00a0Com tr\u00eas pets: Porquinho [Bull Dog Franc\u00eas], Dalila [Basset Hound] e Geleia [Basset Hound]. Al\u00e9m do eterno gato Tutuquinho, que virou estrela.\",\"sameAs\":[\"https:\\\/\\\/www.facebook.com\\\/renato.dias.37\",\"#breve\",\"https:\\\/\\\/renatodias.tumblr.com\\\/\"],\"url\":\"https:\\\/\\\/renatodias.online\\\/movimento\\\/author\\\/renatodias\\\/\"}]}<\/script>\n<!-- \/ Yoast SEO plugin. -->","yoast_head_json":{"title":"Bruno Peixoto \u00e9 nome a 2026 -","robots":{"index":"index","follow":"follow","max-snippet":"max-snippet:-1","max-image-preview":"max-image-preview:large","max-video-preview":"max-video-preview:-1"},"canonical":"https:\/\/renatodias.online\/movimento\/2023\/03\/20\/bruno-peixoto-e-nome-a-2026\/","og_locale":"pt_BR","og_type":"article","og_title":"Bruno Peixoto \u00e9 nome a 2026 -","og_description":"Ao Governo do Estado de Goi\u00e1s Presidente ter\u00e1 que viabilizar candidatura Renato Dias O presidente da Assembleia Legislativa do Estado de Goi\u00e1s, Bruno Peixoto&nbsp;[Uni\u00e3o Brasil], \u00e9 op\u00e7\u00e3o natural nas elei\u00e7\u00f5es ao Pal\u00e1cio das Esmeraldas. O pleito ocorrer\u00e1 em outubro do ano de 2026. Aliado incondicional de Ronaldo Caiado&nbsp; Aliado do inquilino da Casa Verde, Ronaldo","og_url":"https:\/\/renatodias.online\/movimento\/2023\/03\/20\/bruno-peixoto-e-nome-a-2026\/","article_publisher":"https:\/\/www.facebook.com\/renato.dias.37","article_author":"https:\/\/www.facebook.com\/renato.dias.37","article_published_time":"2023-03-20T18:31:47+00:00","article_modified_time":"2023-03-23T01:14:24+00:00","og_image":[{"width":668,"height":445,"url":"https:\/\/renatodias.online\/movimento\/wp-content\/uploads\/2019\/11\/bruno-peixoto-2020-e1679534057159.jpeg","type":"image\/jpeg"}],"author":"Renato Dias","twitter_card":"summary_large_image","twitter_creator":"@RenatoDiasBat","twitter_site":"@RenatoDiasBat","twitter_misc":{"Escrito por":"Renato Dias","Est. tempo de leitura":"3 minutos"},"schema":{"@context":"https:\/\/schema.org","@graph":[{"@type":"Article","@id":"https:\/\/renatodias.online\/movimento\/2023\/03\/20\/bruno-peixoto-e-nome-a-2026\/#article","isPartOf":{"@id":"https:\/\/renatodias.online\/movimento\/2023\/03\/20\/bruno-peixoto-e-nome-a-2026\/"},"author":{"name":"Renato Dias","@id":"https:\/\/renatodias.online\/movimento\/#\/schema\/person\/bbab28833b1725a20f4083f49f1fb2a9"},"headline":"Bruno Peixoto \u00e9 nome a 2026","datePublished":"2023-03-20T18:31:47+00:00","dateModified":"2023-03-23T01:14:24+00:00","mainEntityOfPage":{"@id":"https:\/\/renatodias.online\/movimento\/2023\/03\/20\/bruno-peixoto-e-nome-a-2026\/"},"wordCount":231,"commentCount":0,"publisher":{"@id":"https:\/\/renatodias.online\/movimento\/#\/schema\/person\/bbab28833b1725a20f4083f49f1fb2a9"},"image":{"@id":"https:\/\/renatodias.online\/movimento\/2023\/03\/20\/bruno-peixoto-e-nome-a-2026\/#primaryimage"},"thumbnailUrl":"https:\/\/renatodias.online\/movimento\/wp-content\/uploads\/2019\/11\/bruno-peixoto-2020.jpeg","articleSection":["Cinema"],"inLanguage":"pt-BR","potentialAction":[{"@type":"CommentAction","name":"Comment","target":["https:\/\/renatodias.online\/movimento\/2023\/03\/20\/bruno-peixoto-e-nome-a-2026\/#respond"]}]},{"@type":"WebPage","@id":"https:\/\/renatodias.online\/movimento\/2023\/03\/20\/bruno-peixoto-e-nome-a-2026\/","url":"https:\/\/renatodias.online\/movimento\/2023\/03\/20\/bruno-peixoto-e-nome-a-2026\/","name":"Bruno Peixoto \u00e9 nome a 2026 -","isPartOf":{"@id":"https:\/\/renatodias.online\/movimento\/#website"},"primaryImageOfPage":{"@id":"https:\/\/renatodias.online\/movimento\/2023\/03\/20\/bruno-peixoto-e-nome-a-2026\/#primaryimage"},"image":{"@id":"https:\/\/renatodias.online\/movimento\/2023\/03\/20\/bruno-peixoto-e-nome-a-2026\/#primaryimage"},"thumbnailUrl":"https:\/\/renatodias.online\/movimento\/wp-content\/uploads\/2019\/11\/bruno-peixoto-2020.jpeg","datePublished":"2023-03-20T18:31:47+00:00","dateModified":"2023-03-23T01:14:24+00:00","breadcrumb":{"@id":"https:\/\/renatodias.online\/movimento\/2023\/03\/20\/bruno-peixoto-e-nome-a-2026\/#breadcrumb"},"inLanguage":"pt-BR","potentialAction":[{"@type":"ReadAction","target":["https:\/\/renatodias.online\/movimento\/2023\/03\/20\/bruno-peixoto-e-nome-a-2026\/"]}]},{"@type":"ImageObject","inLanguage":"pt-BR","@id":"https:\/\/renatodias.online\/movimento\/2023\/03\/20\/bruno-peixoto-e-nome-a-2026\/#primaryimage","url":"https:\/\/renatodias.online\/movimento\/wp-content\/uploads\/2019\/11\/bruno-peixoto-2020.jpeg","contentUrl":"https:\/\/renatodias.online\/movimento\/wp-content\/uploads\/2019\/11\/bruno-peixoto-2020.jpeg","width":800,"height":534,"caption":"Bruno Peixoto"},{"@type":"BreadcrumbList","@id":"https:\/\/renatodias.online\/movimento\/2023\/03\/20\/bruno-peixoto-e-nome-a-2026\/#breadcrumb","itemListElement":[{"@type":"ListItem","position":1,"name":"In\u00edcio","item":"https:\/\/renatodias.online\/movimento\/"},{"@type":"ListItem","position":2,"name":"Bruno Peixoto \u00e9 nome a 2026"}]},{"@type":"WebSite","@id":"https:\/\/renatodias.online\/movimento\/#website","url":"https:\/\/renatodias.online\/movimento\/","name":"","description":"","publisher":{"@id":"https:\/\/renatodias.online\/movimento\/#\/schema\/person\/bbab28833b1725a20f4083f49f1fb2a9"},"potentialAction":[{"@type":"SearchAction","target":{"@type":"EntryPoint","urlTemplate":"https:\/\/renatodias.online\/movimento\/?s={search_term_string}"},"query-input":{"@type":"PropertyValueSpecification","valueRequired":true,"valueName":"search_term_string"}}],"inLanguage":"pt-BR"},{"@type":["Person","Organization"],"@id":"https:\/\/renatodias.online\/movimento\/#\/schema\/person\/bbab28833b1725a20f4083f49f1fb2a9","name":"Renato Dias","image":{"@type":"ImageObject","inLanguage":"pt-BR","@id":"https:\/\/renatodias.online\/movimento\/wp-content\/uploads\/2023\/03\/cropped-cropped-cropped-logofinal.jpeg","url":"https:\/\/renatodias.online\/movimento\/wp-content\/uploads\/2023\/03\/cropped-cropped-cropped-logofinal.jpeg","contentUrl":"https:\/\/renatodias.online\/movimento\/wp-content\/uploads\/2023\/03\/cropped-cropped-cropped-logofinal.jpeg","width":1280,"height":219,"caption":"Renato Dias"},"logo":{"@id":"https:\/\/renatodias.online\/movimento\/wp-content\/uploads\/2023\/03\/cropped-cropped-cropped-logofinal.jpeg"},"description":"Renato Dias, 58 anos, \u00e9 graduado em Jornalismo, formado em Ci\u00eancias Sociais, com p\u00f3s-gradua\u00e7\u00e3o em Pol\u00edticas P\u00fablicas, mestre em Direito e Rela\u00e7\u00f5es Internacionais, ex-aluno extraordin\u00e1rio do Doutorado em Psicologia Social, ex-estudante do Curso de Psican\u00e1lise do Centro de Estudos Psicanal\u00edticos do Estado de Goi\u00e1s, ministrado pelo m\u00e9dico psiquiatra e psicanalista Daniel Em\u00eddio de Souza. \u00c9 autor de 30 livros-reportagem, oito document\u00e1rios, ganhou 30 pr\u00eamios e \u00e9 torcedor apaixonado do maior do Centro-Oeste, o Vila Nova Futebol Clube. Casado com Meirilane Dias, \u00e9 pai de Juliana Dias, jornalista; Daniel Dias, economista; e Maria Rosa Dias, estudante antifascista, socialista e trotskista.\u00a0Com tr\u00eas pets: Porquinho [Bull Dog Franc\u00eas], Dalila [Basset Hound] e Geleia [Basset Hound]. Al\u00e9m do eterno gato Tutuquinho, que virou estrela.","sameAs":["https:\/\/www.facebook.com\/renato.dias.37","#breve","https:\/\/renatodias.tumblr.com\/"],"url":"https:\/\/renatodias.online\/movimento\/author\/renatodias\/"}]}},"_links":{"self":[{"href":"https:\/\/renatodias.online\/movimento\/wp-json\/wp\/v2\/posts\/15888","targetHints":{"allow":["GET"]}}],"collection":[{"href":"https:\/\/renatodias.online\/movimento\/wp-json\/wp\/v2\/posts"}],"about":[{"href":"https:\/\/renatodias.online\/movimento\/wp-json\/wp\/v2\/types\/post"}],"author":[{"embeddable":true,"href":"https:\/\/renatodias.online\/movimento\/wp-json\/wp\/v2\/users\/2"}],"replies":[{"embeddable":true,"href":"https:\/\/renatodias.online\/movimento\/wp-json\/wp\/v2\/comments?post=15888"}],"version-history":[{"count":2,"href":"https:\/\/renatodias.online\/movimento\/wp-json\/wp\/v2\/posts\/15888\/revisions"}],"predecessor-version":[{"id":16150,"href":"https:\/\/renatodias.online\/movimento\/wp-json\/wp\/v2\/posts\/15888\/revisions\/16150"}],"wp:featuredmedia":[{"embeddable":true,"href":"https:\/\/renatodias.online\/movimento\/wp-json\/wp\/v2\/media\/3039"}],"wp:attachment":[{"href":"https:\/\/renatodias.online\/movimento\/wp-json\/wp\/v2\/media?parent=15888"}],"wp:term":[{"taxonomy":"category","embeddable":true,"href":"https:\/\/renatodias.online\/movimento\/wp-json\/wp\/v2\/categories?post=15888"},{"taxonomy":"post_tag","embeddable":true,"href":"https:\/\/renatodias.online\/movimento\/wp-json\/wp\/v2\/tags?post=15888"}],"curies":[{"name":"wp","href":"https:\/\/api.w.org\/{rel}","templated":true}]}}